{"id":27393,"date":"2021-08-16T17:25:55","date_gmt":"2021-08-16T20:25:55","guid":{"rendered":"https:\/\/www.cidademarketing.com.br\/marketing\/?p=27393"},"modified":"2021-08-16T17:25:57","modified_gmt":"2021-08-16T20:25:57","slug":"vli-abre-nesta-segunda-feira-16-seu-programa-de-trainee-2022","status":"publish","type":"post","link":"https:\/\/www.cidademarketing.com.br\/marketing\/2021\/08\/16\/vli-abre-nesta-segunda-feira-16-seu-programa-de-trainee-2022\/","title":{"rendered":"VLI abre nesta segunda-feira (16) seu Programa de Trainee 2022"},"content":{"rendered":"\n<p>A VLI \u2013 companhia de solu\u00e7\u00f5es log\u00edsticas que opera terminais, ferrovias e portos \u2013 abre nesta segunda-feira (dia 16), as inscri\u00e7\u00f5es para seu Programa de Trainee 2022, voltado para forma\u00e7\u00e3o das futuras lideran\u00e7as da companhia. O processo seletivo ser\u00e1 totalmente digital e os interessados de todo o pa\u00eds t\u00eam at\u00e9 15 de setembro para se inscreverem no site <a href=\"https:\/\/www.vli-logistica.com.br\/carreiras\/\" target=\"_blank\" rel=\"noreferrer noopener\">https:\/\/www.vli-logistica.com.br\/carreiras<\/a>.<\/p>\n\n\n\n<p>Os selecionados ser\u00e3o contratados no regime celetista e ter\u00e3o como benef\u00edcios: cart\u00e3o-refei\u00e7\u00e3o e vale-alimenta\u00e7\u00e3o; vale-transporte e\/ou \u00f4nibus fretado (dependendo da localiza\u00e7\u00e3o em que ir\u00e1 trabalhar); assist\u00eancia m\u00e9dica e odontol\u00f3gica; Gympass (plataforma de academias, com foco em sua sa\u00fade e bem-estar); um excelente plano de desenvolvimento profissional que conta com forma\u00e7\u00e3o t\u00e9cnica e aprofundamento no neg\u00f3cio da companhia (por meio da Universidade Corporativa); cesta de Natal; modelo h\u00edbrido de trabalho (home office em alguns dias da semana), al\u00e9m de uma rede de descontos em v\u00e1rias lojas, restaurantes, sal\u00f5es e outros.<\/p>\n\n\n\n<p>A supervisora de Atra\u00e7\u00e3o e Sele\u00e7\u00e3o da VLI, Kenya Conscei\u00e7\u00e3o, ressalta que a VLI \u00e9 uma empresa din\u00e2mica, atenta \u00e0s novas tend\u00eancias do mundo digital, que valoriza seu time, acredita no potencial dos jovens, investe no desenvolvimento de compet\u00eancias essenciais para o profissional do futuro e contribui diretamente com o desenvolvimento econ\u00f4mico e social do pa\u00eds.<\/p>\n\n\n\n<p>\u201cJovens de todos os cursos de gradua\u00e7\u00e3o podem participar do processo. O \u00fanico requisito \u00e9 ter se formado h\u00e1, no m\u00e1ximo, dois anos. Valorizamos a diversidade, ent\u00e3o, todos s\u00e3o muito bem-vindos, e o convite \u00e9 para passar uma jornada de aprendizado. A cada etapa do processo seletivo os candidatos aprendem, recebem dicas e se aprimoram. Para n\u00f3s, o desenvolvimento j\u00e1 come\u00e7a na sele\u00e7\u00e3o. O grande diferencial do nosso Programa de Trainee \u00e9 o investimento na carreira do trainee selecionado, al\u00e9m de um pacote de benef\u00edcios muito interessante e competitivo\u201d, frisa a supervisora.<\/p>\n\n\n\n<p>N\u00e3o \u00e9 exigida experi\u00eancia e tamb\u00e9m pode participar quem estiver formado at\u00e9 dezembro de 2021. Kenya Conscei\u00e7\u00e3o explica que a VLI busca pessoas cada vez mais aut\u00f4nomas e inovadoras, para busca de solu\u00e7\u00f5es para o futuro da companhia e com capacidade de realiza\u00e7\u00e3o de suas atividades, mesmo n\u00e3o estando na empresa todos os dias. Isso porque entre os benef\u00edcios para os trainees est\u00e1 o modelo h\u00edbrido de trabalho.<\/p>\n\n\n\n<p><strong>Hist\u00f3ria de sucesso<\/strong><\/p>\n\n\n\n<p>A trainee da Ger\u00eancia de Inova\u00e7\u00e3o da VLI, Fernanda Chiodi Luzetti Lima, de 24 anos, foi uma das admitidas no Programa de Trainee 2021. Curiosa e engajada, ela \u00e9 m\u00e3e do Arthur, de 4, e graduada em Engenharia de Controle de Automa\u00e7\u00e3o. Engravidou na faculdade e aprendeu muito com os desafios da maternidade.<\/p>\n\n\n\n<p>\u201cAs pessoas acham que as mulheres n\u00e3o conseguem conciliar a maternidade com o trabalho. Fui desestimulada por um professor, que me chamou para conversar e disse que era melhor eu sair da Engenharia, que j\u00e1 era um campo masculino. Falou que era dif\u00edcil ter mulher na profiss\u00e3o, mais ainda sendo m\u00e3e. Que eu devia ir para Licenciatura, onde talvez eu conseguisse tal concilia\u00e7\u00e3o. Mas fui atr\u00e1s do meu objetivo profissional e a VLI est\u00e1 aberta a todos os tipos de diversidades. O ambiente \u00e9 muito inclusivo\u201d, pontua.<\/p>\n\n\n\n<p>Logo que entrou na empresa, Fernanda participou de um encontro que teve o objetivo de mostrar \u00e0s m\u00e3es o que a VLI poderia fazer para ajud\u00e1-las com as crian\u00e7as em casa, no per\u00edodo da pandemia. Na ocasi\u00e3o, as empregadas tamb\u00e9m puderam dar sugest\u00f5es de como a companhia poderia aprimorar esse aux\u00edlio. \u201cEm minha opini\u00e3o, o apoio dado para as m\u00e3es \u00e9 um dos pontos fortes da companhia\u201d.<\/p>\n\n\n\n<p>Como dica para os candidatos desta edi\u00e7\u00e3o do Programa de Trainee, ela afirma que \u00e9 importante ler com muita calma os pontos colocados no processo seletivo e tamb\u00e9m entender o momento que a VLI est\u00e1 passando, de transforma\u00e7\u00e3o e inova\u00e7\u00e3o. \u201c\u00c9 preciso se inteirar das not\u00edcias sobre ferrovias, portos e terminais, bem como regula\u00e7\u00e3o, sempre com o olhar mais voltado para a tecnologia. Todas as pessoas que tiverem vontade de contribuir com a log\u00edstica do pa\u00eds, de fato v\u00e3o conseguir tocar grandes projetos\u201d, finaliza.<\/p>\n","protected":false},"excerpt":{"rendered":"<p>A VLI \u2013 companhia de solu\u00e7\u00f5es log\u00edsticas que opera terminais, ferrovias e portos \u2013 abre nesta segunda-feira (dia 16), as inscri\u00e7\u00f5es para seu Programa de Trainee 2022, voltado para forma\u00e7\u00e3o das futuras lideran\u00e7as da companhia. O processo seletivo ser\u00e1 totalmente digital e os interessados de todo o pa\u00eds t\u00eam at\u00e9 15 de setembro para se [&hellip;]<\/p>\n","protected":false},"author":1,"featured_media":27394,"comment_status":"open","ping_status":"open","sticky":false,"template":"","format":"standard","meta":{"tdm_status":"","tdm_grid_status":"","footnotes":""},"categories":[6],"tags":[65,33,28,1444,3410],"class_list":["post-27393","post","type-post","status-publish","format-standard","has-post-thumbnail","hentry","category-noticias","tag-campanha","tag-estrategia","tag-marketing","tag-trainee","tag-vli"],"yoast_head":"<!-- This site is optimized with the Yoast SEO plugin v27.5 - https:\/\/yoast.com\/product\/yoast-seo-wordpress\/ -->\n<title>VLI abre nesta segunda-feira (16) seu Programa de Trainee 2022 - CidadeMarketing<\/title>\n<meta name=\"robots\" content=\"index, follow, max-snippet:-1, max-image-preview:large, max-video-preview:-1\" \/>\n<link rel=\"canonical\" href=\"https:\/\/www.cidademarketing.com.br\/marketing\/2021\/08\/16\/vli-abre-nesta-segunda-feira-16-seu-programa-de-trainee-2022\/\" \/>\n<meta property=\"og:locale\" content=\"pt_BR\" \/>\n<meta property=\"og:type\" content=\"article\" \/>\n<meta property=\"og:title\" content=\"VLI abre nesta segunda-feira (16) seu Programa de Trainee 2022 - CidadeMarketing\" \/>\n<meta property=\"og:description\" content=\"A VLI \u2013 companhia de solu\u00e7\u00f5es log\u00edsticas que opera terminais, ferrovias e portos \u2013 abre nesta segunda-feira (dia 16), as inscri\u00e7\u00f5es para seu Programa de Trainee 2022, voltado para forma\u00e7\u00e3o das futuras lideran\u00e7as da companhia. O processo seletivo ser\u00e1 totalmente digital e os interessados de todo o pa\u00eds t\u00eam at\u00e9 15 de setembro para se [&hellip;]\" \/>\n<meta property=\"og:url\" content=\"https:\/\/www.cidademarketing.com.br\/marketing\/2021\/08\/16\/vli-abre-nesta-segunda-feira-16-seu-programa-de-trainee-2022\/\" \/>\n<meta property=\"og:site_name\" content=\"CidadeMarketing\" \/>\n<meta property=\"article:publisher\" content=\"https:\/\/www.facebook.com\/portalcidademarketing\" \/>\n<meta property=\"article:author\" content=\"https:\/\/www.facebook.com\/thalesbrandao\" \/>\n<meta property=\"article:published_time\" content=\"2021-08-16T20:25:55+00:00\" \/>\n<meta property=\"article:modified_time\" content=\"2021-08-16T20:25:57+00:00\" \/>\n<meta property=\"og:image\" content=\"https:\/\/www.cidademarketing.com.br\/marketing\/wp-content\/uploads\/2021\/08\/Locomotiva_VLI_Divulgacao-scaled.jpg\" \/>\n\t<meta property=\"og:image:width\" content=\"2560\" \/>\n\t<meta property=\"og:image:height\" content=\"1706\" \/>\n\t<meta property=\"og:image:type\" content=\"image\/jpeg\" \/>\n<meta name=\"author\" content=\"Thales Brand\u00e3o\" \/>\n<meta name=\"twitter:card\" content=\"summary_large_image\" \/>\n<meta name=\"twitter:creator\" content=\"@http:\/\/www.twitter.com\/thalesbrandao\" \/>\n<meta name=\"twitter:site\" content=\"@CidadeMarketing\" \/>\n<meta name=\"twitter:label1\" content=\"Escrito por\" \/>\n\t<meta name=\"twitter:data1\" content=\"Thales Brand\u00e3o\" \/>\n\t<meta name=\"twitter:label2\" content=\"Est. tempo de leitura\" \/>\n\t<meta name=\"twitter:data2\" content=\"4 minutos\" \/>\n<script type=\"application\/ld+json\" class=\"yoast-schema-graph\">{\"@context\":\"https:\\\/\\\/schema.org\",\"@graph\":[{\"@type\":\"Article\",\"@id\":\"https:\\\/\\\/www.cidademarketing.com.br\\\/marketing\\\/2021\\\/08\\\/16\\\/vli-abre-nesta-segunda-feira-16-seu-programa-de-trainee-2022\\\/#article\",\"isPartOf\":{\"@id\":\"https:\\\/\\\/www.cidademarketing.com.br\\\/marketing\\\/2021\\\/08\\\/16\\\/vli-abre-nesta-segunda-feira-16-seu-programa-de-trainee-2022\\\/\"},\"author\":{\"name\":\"Thales Brand\u00e3o\",\"@id\":\"https:\\\/\\\/www.cidademarketing.com.br\\\/marketing\\\/#\\\/schema\\\/person\\\/02daff9f18bd9378c9e01eb6b2db155f\"},\"headline\":\"VLI abre nesta segunda-feira (16) seu Programa de Trainee 2022\",\"datePublished\":\"2021-08-16T20:25:55+00:00\",\"dateModified\":\"2021-08-16T20:25:57+00:00\",\"mainEntityOfPage\":{\"@id\":\"https:\\\/\\\/www.cidademarketing.com.br\\\/marketing\\\/2021\\\/08\\\/16\\\/vli-abre-nesta-segunda-feira-16-seu-programa-de-trainee-2022\\\/\"},\"wordCount\":735,\"commentCount\":0,\"publisher\":{\"@id\":\"https:\\\/\\\/www.cidademarketing.com.br\\\/marketing\\\/#organization\"},\"image\":{\"@id\":\"https:\\\/\\\/www.cidademarketing.com.br\\\/marketing\\\/2021\\\/08\\\/16\\\/vli-abre-nesta-segunda-feira-16-seu-programa-de-trainee-2022\\\/#primaryimage\"},\"thumbnailUrl\":\"https:\\\/\\\/www.cidademarketing.com.br\\\/marketing\\\/wp-content\\\/uploads\\\/2021\\\/08\\\/Locomotiva_VLI_Divulgacao-scaled.jpg\",\"keywords\":[\"campanha\",\"estrat\u00e9gia\",\"marketing\",\"Trainee\",\"VLI\"],\"articleSection\":[\"Not\u00edcias\"],\"inLanguage\":\"pt-BR\",\"potentialAction\":[{\"@type\":\"CommentAction\",\"name\":\"Comment\",\"target\":[\"https:\\\/\\\/www.cidademarketing.com.br\\\/marketing\\\/2021\\\/08\\\/16\\\/vli-abre-nesta-segunda-feira-16-seu-programa-de-trainee-2022\\\/#respond\"]}]},{\"@type\":\"WebPage\",\"@id\":\"https:\\\/\\\/www.cidademarketing.com.br\\\/marketing\\\/2021\\\/08\\\/16\\\/vli-abre-nesta-segunda-feira-16-seu-programa-de-trainee-2022\\\/\",\"url\":\"https:\\\/\\\/www.cidademarketing.com.br\\\/marketing\\\/2021\\\/08\\\/16\\\/vli-abre-nesta-segunda-feira-16-seu-programa-de-trainee-2022\\\/\",\"name\":\"VLI abre nesta segunda-feira (16) seu Programa de Trainee 2022 - CidadeMarketing\",\"isPartOf\":{\"@id\":\"https:\\\/\\\/www.cidademarketing.com.br\\\/marketing\\\/#website\"},\"primaryImageOfPage\":{\"@id\":\"https:\\\/\\\/www.cidademarketing.com.br\\\/marketing\\\/2021\\\/08\\\/16\\\/vli-abre-nesta-segunda-feira-16-seu-programa-de-trainee-2022\\\/#primaryimage\"},\"image\":{\"@id\":\"https:\\\/\\\/www.cidademarketing.com.br\\\/marketing\\\/2021\\\/08\\\/16\\\/vli-abre-nesta-segunda-feira-16-seu-programa-de-trainee-2022\\\/#primaryimage\"},\"thumbnailUrl\":\"https:\\\/\\\/www.cidademarketing.com.br\\\/marketing\\\/wp-content\\\/uploads\\\/2021\\\/08\\\/Locomotiva_VLI_Divulgacao-scaled.jpg\",\"datePublished\":\"2021-08-16T20:25:55+00:00\",\"dateModified\":\"2021-08-16T20:25:57+00:00\",\"breadcrumb\":{\"@id\":\"https:\\\/\\\/www.cidademarketing.com.br\\\/marketing\\\/2021\\\/08\\\/16\\\/vli-abre-nesta-segunda-feira-16-seu-programa-de-trainee-2022\\\/#breadcrumb\"},\"inLanguage\":\"pt-BR\",\"potentialAction\":[{\"@type\":\"ReadAction\",\"target\":[\"https:\\\/\\\/www.cidademarketing.com.br\\\/marketing\\\/2021\\\/08\\\/16\\\/vli-abre-nesta-segunda-feira-16-seu-programa-de-trainee-2022\\\/\"]}]},{\"@type\":\"ImageObject\",\"inLanguage\":\"pt-BR\",\"@id\":\"https:\\\/\\\/www.cidademarketing.com.br\\\/marketing\\\/2021\\\/08\\\/16\\\/vli-abre-nesta-segunda-feira-16-seu-programa-de-trainee-2022\\\/#primaryimage\",\"url\":\"https:\\\/\\\/www.cidademarketing.com.br\\\/marketing\\\/wp-content\\\/uploads\\\/2021\\\/08\\\/Locomotiva_VLI_Divulgacao-scaled.jpg\",\"contentUrl\":\"https:\\\/\\\/www.cidademarketing.com.br\\\/marketing\\\/wp-content\\\/uploads\\\/2021\\\/08\\\/Locomotiva_VLI_Divulgacao-scaled.jpg\",\"width\":2560,\"height\":1706,\"caption\":\"Divulga\u00e7\u00e3o\"},{\"@type\":\"BreadcrumbList\",\"@id\":\"https:\\\/\\\/www.cidademarketing.com.br\\\/marketing\\\/2021\\\/08\\\/16\\\/vli-abre-nesta-segunda-feira-16-seu-programa-de-trainee-2022\\\/#breadcrumb\",\"itemListElement\":[{\"@type\":\"ListItem\",\"position\":1,\"name\":\"In\u00edcio\",\"item\":\"https:\\\/\\\/www.cidademarketing.com.br\\\/marketing\\\/\"},{\"@type\":\"ListItem\",\"position\":2,\"name\":\"VLI abre nesta segunda-feira (16) seu Programa de Trainee 2022\"}]},{\"@type\":\"WebSite\",\"@id\":\"https:\\\/\\\/www.cidademarketing.com.br\\\/marketing\\\/#website\",\"url\":\"https:\\\/\\\/www.cidademarketing.com.br\\\/marketing\\\/\",\"name\":\"CidadeMarketing\",\"description\":\"Somos um ve\u00edculo de comunica\u00e7\u00e3o de destaque no Brasil, reconhecido por conte\u00fados nos segmentos de marketing, empreendedorismo e inova\u00e7\u00e3o.\",\"publisher\":{\"@id\":\"https:\\\/\\\/www.cidademarketing.com.br\\\/marketing\\\/#organization\"},\"alternateName\":\"CidadeMarketing\",\"potentialAction\":[{\"@type\":\"SearchAction\",\"target\":{\"@type\":\"EntryPoint\",\"urlTemplate\":\"https:\\\/\\\/www.cidademarketing.com.br\\\/marketing\\\/?s={search_term_string}\"},\"query-input\":{\"@type\":\"PropertyValueSpecification\",\"valueRequired\":true,\"valueName\":\"search_term_string\"}}],\"inLanguage\":\"pt-BR\"},{\"@type\":\"Organization\",\"@id\":\"https:\\\/\\\/www.cidademarketing.com.br\\\/marketing\\\/#organization\",\"name\":\"CidadeMarketing\",\"alternateName\":\"CidadeMarketing\",\"url\":\"https:\\\/\\\/www.cidademarketing.com.br\\\/marketing\\\/\",\"logo\":{\"@type\":\"ImageObject\",\"inLanguage\":\"pt-BR\",\"@id\":\"https:\\\/\\\/www.cidademarketing.com.br\\\/marketing\\\/#\\\/schema\\\/logo\\\/image\\\/\",\"url\":\"https:\\\/\\\/www.cidademarketing.com.br\\\/marketing\\\/wp-content\\\/uploads\\\/2020\\\/01\\\/cidademarketing_marca_mobile.png\",\"contentUrl\":\"https:\\\/\\\/www.cidademarketing.com.br\\\/marketing\\\/wp-content\\\/uploads\\\/2020\\\/01\\\/cidademarketing_marca_mobile.png\",\"width\":230,\"height\":92,\"caption\":\"CidadeMarketing\"},\"image\":{\"@id\":\"https:\\\/\\\/www.cidademarketing.com.br\\\/marketing\\\/#\\\/schema\\\/logo\\\/image\\\/\"},\"sameAs\":[\"https:\\\/\\\/www.facebook.com\\\/portalcidademarketing\",\"https:\\\/\\\/x.com\\\/CidadeMarketing\",\"https:\\\/\\\/www.instagram.com\\\/cidademarketing\\\/\"]},{\"@type\":\"Person\",\"@id\":\"https:\\\/\\\/www.cidademarketing.com.br\\\/marketing\\\/#\\\/schema\\\/person\\\/02daff9f18bd9378c9e01eb6b2db155f\",\"name\":\"Thales Brand\u00e3o\",\"image\":{\"@type\":\"ImageObject\",\"inLanguage\":\"pt-BR\",\"@id\":\"https:\\\/\\\/secure.gravatar.com\\\/avatar\\\/7ca3206950207cc3cb48feec56a8a7898741ab725c368d99d5d7a5a50aab80c6?s=96&d=mm&r=g\",\"url\":\"https:\\\/\\\/secure.gravatar.com\\\/avatar\\\/7ca3206950207cc3cb48feec56a8a7898741ab725c368d99d5d7a5a50aab80c6?s=96&d=mm&r=g\",\"contentUrl\":\"https:\\\/\\\/secure.gravatar.com\\\/avatar\\\/7ca3206950207cc3cb48feec56a8a7898741ab725c368d99d5d7a5a50aab80c6?s=96&d=mm&r=g\",\"caption\":\"Thales Brand\u00e3o\"},\"description\":\"Editor Executivo do Portal CidadeMarketing.com.br &gt; Mestre em Comunica\u00e7\u00e3o e Sociedade pela Universidade Federal de Sergipe. Possui MBA Executivo em Administra\u00e7\u00e3o com \u00eanfase em Marketing pela Funda\u00e7\u00e3o Get\u00falio Vargas - Rio de Janeiro. Consultor, Palestrante e Pesquisador sobre Empreendedorismo, Marketing, Redes Sociais e Neg\u00f3cios Digitais. Professor, Palestrante TedxTalks e Campus Party. Twitter: @ThalesBrandao\",\"sameAs\":[\"http:\\\/\\\/www.mandacaru.com.br\",\"https:\\\/\\\/www.facebook.com\\\/thalesbrandao\",\"http:\\\/\\\/www.instagram.com.br\\\/thalesbrandaoferreira\",\"https:\\\/\\\/www.linkedin.com\\\/in\\\/thales-brand\u00e3o-3948609\\\/\",\"https:\\\/\\\/x.com\\\/http:\\\/\\\/www.twitter.com\\\/thalesbrandao\"],\"url\":\"https:\\\/\\\/www.cidademarketing.com.br\\\/marketing\\\/author\\\/thalesbrandao\\\/\"}]}<\/script>\n<!-- \/ Yoast SEO plugin. -->","yoast_head_json":{"title":"VLI abre nesta segunda-feira (16) seu Programa de Trainee 2022 - CidadeMarketing","robots":{"index":"index","follow":"follow","max-snippet":"max-snippet:-1","max-image-preview":"max-image-preview:large","max-video-preview":"max-video-preview:-1"},"canonical":"https:\/\/www.cidademarketing.com.br\/marketing\/2021\/08\/16\/vli-abre-nesta-segunda-feira-16-seu-programa-de-trainee-2022\/","og_locale":"pt_BR","og_type":"article","og_title":"VLI abre nesta segunda-feira (16) seu Programa de Trainee 2022 - CidadeMarketing","og_description":"A VLI \u2013 companhia de solu\u00e7\u00f5es log\u00edsticas que opera terminais, ferrovias e portos \u2013 abre nesta segunda-feira (dia 16), as inscri\u00e7\u00f5es para seu Programa de Trainee 2022, voltado para forma\u00e7\u00e3o das futuras lideran\u00e7as da companhia. O processo seletivo ser\u00e1 totalmente digital e os interessados de todo o pa\u00eds t\u00eam at\u00e9 15 de setembro para se [&hellip;]","og_url":"https:\/\/www.cidademarketing.com.br\/marketing\/2021\/08\/16\/vli-abre-nesta-segunda-feira-16-seu-programa-de-trainee-2022\/","og_site_name":"CidadeMarketing","article_publisher":"https:\/\/www.facebook.com\/portalcidademarketing","article_author":"https:\/\/www.facebook.com\/thalesbrandao","article_published_time":"2021-08-16T20:25:55+00:00","article_modified_time":"2021-08-16T20:25:57+00:00","og_image":[{"width":2560,"height":1706,"url":"https:\/\/www.cidademarketing.com.br\/marketing\/wp-content\/uploads\/2021\/08\/Locomotiva_VLI_Divulgacao-scaled.jpg","type":"image\/jpeg"}],"author":"Thales Brand\u00e3o","twitter_card":"summary_large_image","twitter_creator":"@http:\/\/www.twitter.com\/thalesbrandao","twitter_site":"@CidadeMarketing","twitter_misc":{"Escrito por":"Thales Brand\u00e3o","Est. tempo de leitura":"4 minutos"},"schema":{"@context":"https:\/\/schema.org","@graph":[{"@type":"Article","@id":"https:\/\/www.cidademarketing.com.br\/marketing\/2021\/08\/16\/vli-abre-nesta-segunda-feira-16-seu-programa-de-trainee-2022\/#article","isPartOf":{"@id":"https:\/\/www.cidademarketing.com.br\/marketing\/2021\/08\/16\/vli-abre-nesta-segunda-feira-16-seu-programa-de-trainee-2022\/"},"author":{"name":"Thales Brand\u00e3o","@id":"https:\/\/www.cidademarketing.com.br\/marketing\/#\/schema\/person\/02daff9f18bd9378c9e01eb6b2db155f"},"headline":"VLI abre nesta segunda-feira (16) seu Programa de Trainee 2022","datePublished":"2021-08-16T20:25:55+00:00","dateModified":"2021-08-16T20:25:57+00:00","mainEntityOfPage":{"@id":"https:\/\/www.cidademarketing.com.br\/marketing\/2021\/08\/16\/vli-abre-nesta-segunda-feira-16-seu-programa-de-trainee-2022\/"},"wordCount":735,"commentCount":0,"publisher":{"@id":"https:\/\/www.cidademarketing.com.br\/marketing\/#organization"},"image":{"@id":"https:\/\/www.cidademarketing.com.br\/marketing\/2021\/08\/16\/vli-abre-nesta-segunda-feira-16-seu-programa-de-trainee-2022\/#primaryimage"},"thumbnailUrl":"https:\/\/www.cidademarketing.com.br\/marketing\/wp-content\/uploads\/2021\/08\/Locomotiva_VLI_Divulgacao-scaled.jpg","keywords":["campanha","estrat\u00e9gia","marketing","Trainee","VLI"],"articleSection":["Not\u00edcias"],"inLanguage":"pt-BR","potentialAction":[{"@type":"CommentAction","name":"Comment","target":["https:\/\/www.cidademarketing.com.br\/marketing\/2021\/08\/16\/vli-abre-nesta-segunda-feira-16-seu-programa-de-trainee-2022\/#respond"]}]},{"@type":"WebPage","@id":"https:\/\/www.cidademarketing.com.br\/marketing\/2021\/08\/16\/vli-abre-nesta-segunda-feira-16-seu-programa-de-trainee-2022\/","url":"https:\/\/www.cidademarketing.com.br\/marketing\/2021\/08\/16\/vli-abre-nesta-segunda-feira-16-seu-programa-de-trainee-2022\/","name":"VLI abre nesta segunda-feira (16) seu Programa de Trainee 2022 - CidadeMarketing","isPartOf":{"@id":"https:\/\/www.cidademarketing.com.br\/marketing\/#website"},"primaryImageOfPage":{"@id":"https:\/\/www.cidademarketing.com.br\/marketing\/2021\/08\/16\/vli-abre-nesta-segunda-feira-16-seu-programa-de-trainee-2022\/#primaryimage"},"image":{"@id":"https:\/\/www.cidademarketing.com.br\/marketing\/2021\/08\/16\/vli-abre-nesta-segunda-feira-16-seu-programa-de-trainee-2022\/#primaryimage"},"thumbnailUrl":"https:\/\/www.cidademarketing.com.br\/marketing\/wp-content\/uploads\/2021\/08\/Locomotiva_VLI_Divulgacao-scaled.jpg","datePublished":"2021-08-16T20:25:55+00:00","dateModified":"2021-08-16T20:25:57+00:00","breadcrumb":{"@id":"https:\/\/www.cidademarketing.com.br\/marketing\/2021\/08\/16\/vli-abre-nesta-segunda-feira-16-seu-programa-de-trainee-2022\/#breadcrumb"},"inLanguage":"pt-BR","potentialAction":[{"@type":"ReadAction","target":["https:\/\/www.cidademarketing.com.br\/marketing\/2021\/08\/16\/vli-abre-nesta-segunda-feira-16-seu-programa-de-trainee-2022\/"]}]},{"@type":"ImageObject","inLanguage":"pt-BR","@id":"https:\/\/www.cidademarketing.com.br\/marketing\/2021\/08\/16\/vli-abre-nesta-segunda-feira-16-seu-programa-de-trainee-2022\/#primaryimage","url":"https:\/\/www.cidademarketing.com.br\/marketing\/wp-content\/uploads\/2021\/08\/Locomotiva_VLI_Divulgacao-scaled.jpg","contentUrl":"https:\/\/www.cidademarketing.com.br\/marketing\/wp-content\/uploads\/2021\/08\/Locomotiva_VLI_Divulgacao-scaled.jpg","width":2560,"height":1706,"caption":"Divulga\u00e7\u00e3o"},{"@type":"BreadcrumbList","@id":"https:\/\/www.cidademarketing.com.br\/marketing\/2021\/08\/16\/vli-abre-nesta-segunda-feira-16-seu-programa-de-trainee-2022\/#breadcrumb","itemListElement":[{"@type":"ListItem","position":1,"name":"In\u00edcio","item":"https:\/\/www.cidademarketing.com.br\/marketing\/"},{"@type":"ListItem","position":2,"name":"VLI abre nesta segunda-feira (16) seu Programa de Trainee 2022"}]},{"@type":"WebSite","@id":"https:\/\/www.cidademarketing.com.br\/marketing\/#website","url":"https:\/\/www.cidademarketing.com.br\/marketing\/","name":"CidadeMarketing","description":"Somos um ve\u00edculo de comunica\u00e7\u00e3o de destaque no Brasil, reconhecido por conte\u00fados nos segmentos de marketing, empreendedorismo e inova\u00e7\u00e3o.","publisher":{"@id":"https:\/\/www.cidademarketing.com.br\/marketing\/#organization"},"alternateName":"CidadeMarketing","potentialAction":[{"@type":"SearchAction","target":{"@type":"EntryPoint","urlTemplate":"https:\/\/www.cidademarketing.com.br\/marketing\/?s={search_term_string}"},"query-input":{"@type":"PropertyValueSpecification","valueRequired":true,"valueName":"search_term_string"}}],"inLanguage":"pt-BR"},{"@type":"Organization","@id":"https:\/\/www.cidademarketing.com.br\/marketing\/#organization","name":"CidadeMarketing","alternateName":"CidadeMarketing","url":"https:\/\/www.cidademarketing.com.br\/marketing\/","logo":{"@type":"ImageObject","inLanguage":"pt-BR","@id":"https:\/\/www.cidademarketing.com.br\/marketing\/#\/schema\/logo\/image\/","url":"https:\/\/www.cidademarketing.com.br\/marketing\/wp-content\/uploads\/2020\/01\/cidademarketing_marca_mobile.png","contentUrl":"https:\/\/www.cidademarketing.com.br\/marketing\/wp-content\/uploads\/2020\/01\/cidademarketing_marca_mobile.png","width":230,"height":92,"caption":"CidadeMarketing"},"image":{"@id":"https:\/\/www.cidademarketing.com.br\/marketing\/#\/schema\/logo\/image\/"},"sameAs":["https:\/\/www.facebook.com\/portalcidademarketing","https:\/\/x.com\/CidadeMarketing","https:\/\/www.instagram.com\/cidademarketing\/"]},{"@type":"Person","@id":"https:\/\/www.cidademarketing.com.br\/marketing\/#\/schema\/person\/02daff9f18bd9378c9e01eb6b2db155f","name":"Thales Brand\u00e3o","image":{"@type":"ImageObject","inLanguage":"pt-BR","@id":"https:\/\/secure.gravatar.com\/avatar\/7ca3206950207cc3cb48feec56a8a7898741ab725c368d99d5d7a5a50aab80c6?s=96&d=mm&r=g","url":"https:\/\/secure.gravatar.com\/avatar\/7ca3206950207cc3cb48feec56a8a7898741ab725c368d99d5d7a5a50aab80c6?s=96&d=mm&r=g","contentUrl":"https:\/\/secure.gravatar.com\/avatar\/7ca3206950207cc3cb48feec56a8a7898741ab725c368d99d5d7a5a50aab80c6?s=96&d=mm&r=g","caption":"Thales Brand\u00e3o"},"description":"Editor Executivo do Portal CidadeMarketing.com.br &gt; Mestre em Comunica\u00e7\u00e3o e Sociedade pela Universidade Federal de Sergipe. Possui MBA Executivo em Administra\u00e7\u00e3o com \u00eanfase em Marketing pela Funda\u00e7\u00e3o Get\u00falio Vargas - Rio de Janeiro. Consultor, Palestrante e Pesquisador sobre Empreendedorismo, Marketing, Redes Sociais e Neg\u00f3cios Digitais. Professor, Palestrante TedxTalks e Campus Party. Twitter: @ThalesBrandao","sameAs":["http:\/\/www.mandacaru.com.br","https:\/\/www.facebook.com\/thalesbrandao","http:\/\/www.instagram.com.br\/thalesbrandaoferreira","https:\/\/www.linkedin.com\/in\/thales-brand\u00e3o-3948609\/","https:\/\/x.com\/http:\/\/www.twitter.com\/thalesbrandao"],"url":"https:\/\/www.cidademarketing.com.br\/marketing\/author\/thalesbrandao\/"}]}},"amp_enabled":true,"_links":{"self":[{"href":"https:\/\/www.cidademarketing.com.br\/marketing\/wp-json\/wp\/v2\/posts\/27393","targetHints":{"allow":["GET"]}}],"collection":[{"href":"https:\/\/www.cidademarketing.com.br\/marketing\/wp-json\/wp\/v2\/posts"}],"about":[{"href":"https:\/\/www.cidademarketing.com.br\/marketing\/wp-json\/wp\/v2\/types\/post"}],"author":[{"embeddable":true,"href":"https:\/\/www.cidademarketing.com.br\/marketing\/wp-json\/wp\/v2\/users\/1"}],"replies":[{"embeddable":true,"href":"https:\/\/www.cidademarketing.com.br\/marketing\/wp-json\/wp\/v2\/comments?post=27393"}],"version-history":[{"count":1,"href":"https:\/\/www.cidademarketing.com.br\/marketing\/wp-json\/wp\/v2\/posts\/27393\/revisions"}],"predecessor-version":[{"id":27395,"href":"https:\/\/www.cidademarketing.com.br\/marketing\/wp-json\/wp\/v2\/posts\/27393\/revisions\/27395"}],"wp:featuredmedia":[{"embeddable":true,"href":"https:\/\/www.cidademarketing.com.br\/marketing\/wp-json\/wp\/v2\/media\/27394"}],"wp:attachment":[{"href":"https:\/\/www.cidademarketing.com.br\/marketing\/wp-json\/wp\/v2\/media?parent=27393"}],"wp:term":[{"taxonomy":"category","embeddable":true,"href":"https:\/\/www.cidademarketing.com.br\/marketing\/wp-json\/wp\/v2\/categories?post=27393"},{"taxonomy":"post_tag","embeddable":true,"href":"https:\/\/www.cidademarketing.com.br\/marketing\/wp-json\/wp\/v2\/tags?post=27393"}],"curies":[{"name":"wp","href":"https:\/\/api.w.org\/{rel}","templated":true}]}}