{"id":27319,"date":"2021-08-14T23:47:13","date_gmt":"2021-08-15T02:47:13","guid":{"rendered":"https:\/\/www.cidademarketing.com.br\/marketing\/?p=27319"},"modified":"2021-08-14T23:47:14","modified_gmt":"2021-08-15T02:47:14","slug":"kimberly-clark-desenvolve-acoes-de-diversidade-e-inclusao-para-o-publico-maduro","status":"publish","type":"post","link":"https:\/\/www.cidademarketing.com.br\/marketing\/2021\/08\/14\/kimberly-clark-desenvolve-acoes-de-diversidade-e-inclusao-para-o-publico-maduro\/","title":{"rendered":"Kimberly-Clark desenvolve a\u00e7\u00f5es de diversidade e inclus\u00e3o para o p\u00fablico maduro"},"content":{"rendered":"\n<p>A Kimberly-Clark, multinacional norte-americana de produtos de higiene pessoal, vem acompanhando as transforma\u00e7\u00f5es sociais e, portanto, ampliando suas estrat\u00e9gias e desenvolvendo a\u00e7\u00f5es relacionadas \u00e0 diversidade e inclus\u00e3o. Uma vez que a expectativa de vida no Brasil atingiu 76,3 anos em 2019 e o n\u00famero de pessoas acima de 50 anos j\u00e1 representa 25% da popula\u00e7\u00e3o nacional, a empresa ampliou seu olhar para o p\u00fablico mais maduro.<\/p>\n\n\n\n<p>Como uma companhia que est\u00e1 na casa de mais de um quarto da popula\u00e7\u00e3o mundial, a Kimberly-Clark acredita que ter diversidade em seu quadro de colaboradores e em posi\u00e7\u00f5es de tomada de decis\u00e3o \u00e9 um dos pontos chave para que possa se aproximar cada vez mais do consumidor. Em 2018, a companhia deu in\u00edcio \u00e0 sua jornada de inclus\u00e3o, quando foram criados pilares de diversidade, entre eles o pilar de gera\u00e7\u00f5es.<\/p>\n\n\n\n<p><br>Desde ent\u00e3o, a Kimberly-Clark tem intensificado suas a\u00e7\u00f5es voltadas a estimular o di\u00e1logo intergeracional, promovendo oportunidades que contribuem para a sa\u00fade e o bem-estar do p\u00fablico maduro e incentivam seu crescimento profissional. Uma de suas iniciativas no pilar de gera\u00e7\u00f5es \u00e9 o Programa de Mentoria Reversa, que ocorre entre os colaboradores 50+ e os mais jovens, e tem como objetivo a troca de aprendizados de acordo com as diferentes etapas da carreira e vida de cada um, o que a companhia considera fundamental para quebrar o paradigma de que as oportunidades s\u00e3o restritas para os maduros no mercado de trabalho.<\/p>\n\n\n\n<p>Para refor\u00e7ar ainda mais sua jornada, em 2021 a Kimberly-Clark anunciou parceria com a startup Maturi, consultoria especializada em fomentar a presen\u00e7a de pessoas mais maduras no mercado de trabalho. Foram realizadas pesquisas para mapear e entender o momento profissional desse p\u00fablico na companhia, suas experi\u00eancias e objetivos futuros, al\u00e9m de potencializar a agenda de sensibiliza\u00e7\u00e3o e capacita\u00e7\u00e3o do time de l\u00edderes e influenciadores internos. O principal objetivo da parceria foi criar um robusto diagn\u00f3stico sobre a presen\u00e7a de profissionais maduros em seu quadro de colaboradores, para que todas as medidas tomadas sejam eficazes e duradouras para a inclus\u00e3o de profissionais 50+ na rotina de trabalho da companhia.<\/p>\n\n\n\n<p>O cuidado da Kimberly-Clark com a diversidade e inclus\u00e3o tamb\u00e9m reflete em suas marcas. Pensando no envelhecimento acelerado da popula\u00e7\u00e3o e como isso corrobora para que os cuidados pessoais do p\u00fablico maduro apresentem um grande potencial de desenvolvimento, a Plenitud, marca de produtos para incontin\u00eancia urin\u00e1ria, criou o projeto Infinitum, um movimento com o objetivo de conhecer melhor o p\u00fablico adulto no \u00e2mbito de consumo e h\u00e1bitos.<\/p>\n\n\n\n<p>A primeira edi\u00e7\u00e3o da iniciativa aconteceu em 2019, quando a marca acompanhou a vida de 27 mulheres brasileiras incontinentes, a fim de identificar melhor suas necessidades e escolhas. No ano passado, foi dada continuidade ao programa, com a participa\u00e7\u00e3o de 33 mulheres. Em 2021, buscando entender ainda mais o universo desses consumidores, o projeto tamb\u00e9m contou com a participa\u00e7\u00e3o de homens em sua terceira edi\u00e7\u00e3o.<\/p>\n\n\n\n<p>Patricia Macedo, diretora de marketing da Kimberly-Clark, destaca a import\u00e2ncia da iniciativa. \u2018\u2019Nosso papel \u00e9 entender a vida dessas pessoas al\u00e9m da incontin\u00eancia urin\u00e1ria de forma mais emp\u00e1tica e verdadeira e, assim, criar produtos que estejam mais alinhados a esse p\u00fablico. A ideia do projeto Infinitum \u00e9 apoiar essas pessoas a questionarem os estigmas e conhecerem mais seu corpo e sua etapa de vida, apoiando-as a terem uma vida mais inclusiva, para que eles n\u00e3o excluam atividades pessoais e at\u00e9 mesmo profissionais devido a condi\u00e7\u00f5es como a incontin\u00eancia.\u2019\u2019<\/p>\n\n\n\n<p><strong>Diversidade&nbsp;e Inclus\u00e3o: Nossa jornada<\/strong>&nbsp;<\/p>\n\n\n\n<p>Desenvolver um ambiente onde todos sejam inclu\u00eddos e inspirados a realizar seu melhor trabalho e onde as diferen\u00e7as sejam valorizadas \u00e9 essencial para o nosso sucesso.&nbsp;Em 2019 a Kimberly-Clark deu um novo passo para aprofundar o tema da diversidade em pauta dentro da companhia, e desde ent\u00e3o vem evoluindo e j\u00e1 \u00e9 refer\u00eancia em equilibrar o n\u00famero de mulheres em cargos de lideran\u00e7a, na promo\u00e7\u00e3o de a\u00e7\u00f5es para a troca entre gera\u00e7\u00f5es e tem liderado comit\u00eas para o planejamento e execu\u00e7\u00e3o de iniciativas para ra\u00e7as e comunidade LGBTQIA+.&nbsp;&nbsp;<\/p>\n\n\n\n<p>Visando dar voz ao protagonismo de seus colaboradores, um dos caminhos identificados pela companhia foi a cria\u00e7\u00e3o de comit\u00eas exclusivos para discutir cinco pilares: G\u00eanero, Gera\u00e7\u00f5es, PCD, Ra\u00e7as e LGBTQIA+.&nbsp;Os&nbsp;grupos&nbsp;s\u00e3o&nbsp;formados voluntariamente por colaboradores diversos da empresa&nbsp;e&nbsp;tem uma m\u00e9dia de 12h de dedica\u00e7\u00e3o por m\u00eas para desenvolver e implementar a\u00e7\u00f5es dedicadas a este tema.&nbsp;<\/p>\n\n\n\n<p>Nos \u00faltimos 10 anos, a companhia aumentou o n\u00famero de mulheres em cargos de lideran\u00e7a por meio de um esfor\u00e7o conjunto para recrutar, reter e promover nossos talentos. Hoje, as mulheres representam 41% das fun\u00e7\u00f5es de gest\u00e3o da empresa&nbsp;no&nbsp;Brasil.&nbsp;&nbsp;A companhia tamb\u00e9m anunciou a&nbsp;nova meta global&nbsp;de&nbsp;atingir 50% de mulheres em posi\u00e7\u00e3o de lideran\u00e7a nos pr\u00f3ximos 10 anos.&nbsp;&nbsp;<\/p>\n\n\n\n<p>Para fortalecer&nbsp;e desenvolver&nbsp;cada um dos pilares de diversidade e inclus\u00e3o, a&nbsp;Kimberly-Clark&nbsp;vem buscando parceiros que podem contribuir para evolu\u00e7\u00e3o e amplia\u00e7\u00e3o dos temas internamente.&nbsp;Desde&nbsp;2012&nbsp;somos parceiros da ONU Mulheres e em&nbsp;2016&nbsp;nos juntamos&nbsp;\u00e0 plataforma Movimento Mulher 360 e mais recentemente&nbsp;anunciou a&nbsp;ades\u00e3o pela&nbsp;Iniciativa Empresarial pela Igualdade Racial. Em 2021, al\u00e9m de termos firmada parceria com a Maturi, tamb\u00e9m nos tornamos signat\u00e1rios do F\u00f3rum de Empresas e Direitos LGBTI+, assumindo os 10 compromissos focados em promover um ambiente justo, seguro e de respeito para todas as pessoas.<\/p>\n","protected":false},"excerpt":{"rendered":"<p>A Kimberly-Clark, multinacional norte-americana de produtos de higiene pessoal, vem acompanhando as transforma\u00e7\u00f5es sociais e, portanto, ampliando suas estrat\u00e9gias e desenvolvendo a\u00e7\u00f5es relacionadas \u00e0 diversidade e inclus\u00e3o. Uma vez que a expectativa de vida no Brasil atingiu 76,3 anos em 2019 e o n\u00famero de pessoas acima de 50 anos j\u00e1 representa 25% da popula\u00e7\u00e3o [&hellip;]<\/p>\n","protected":false},"author":1,"featured_media":18976,"comment_status":"open","ping_status":"open","sticky":false,"template":"","format":"standard","meta":{"tdm_status":"","tdm_grid_status":"","footnotes":""},"categories":[6],"tags":[1124,33,1529,1976,177],"class_list":["post-27319","post","type-post","status-publish","format-standard","has-post-thumbnail","hentry","category-noticias","tag-diversidade","tag-estrategia","tag-inclusao","tag-kimberly-clark","tag-marketing-social"],"yoast_head":"<!-- This site is optimized with the Yoast SEO plugin v27.5 - https:\/\/yoast.com\/product\/yoast-seo-wordpress\/ -->\n<title>Kimberly-Clark desenvolve a\u00e7\u00f5es de diversidade e inclus\u00e3o para o p\u00fablico maduro - CidadeMarketing<\/title>\n<meta name=\"robots\" content=\"index, follow, max-snippet:-1, max-image-preview:large, max-video-preview:-1\" \/>\n<link rel=\"canonical\" href=\"https:\/\/www.cidademarketing.com.br\/marketing\/2021\/08\/14\/kimberly-clark-desenvolve-acoes-de-diversidade-e-inclusao-para-o-publico-maduro\/\" \/>\n<meta property=\"og:locale\" content=\"pt_BR\" \/>\n<meta property=\"og:type\" content=\"article\" \/>\n<meta property=\"og:title\" content=\"Kimberly-Clark desenvolve a\u00e7\u00f5es de diversidade e inclus\u00e3o para o p\u00fablico maduro - CidadeMarketing\" \/>\n<meta property=\"og:description\" content=\"A Kimberly-Clark, multinacional norte-americana de produtos de higiene pessoal, vem acompanhando as transforma\u00e7\u00f5es sociais e, portanto, ampliando suas estrat\u00e9gias e desenvolvendo a\u00e7\u00f5es relacionadas \u00e0 diversidade e inclus\u00e3o. Uma vez que a expectativa de vida no Brasil atingiu 76,3 anos em 2019 e o n\u00famero de pessoas acima de 50 anos j\u00e1 representa 25% da popula\u00e7\u00e3o [&hellip;]\" \/>\n<meta property=\"og:url\" content=\"https:\/\/www.cidademarketing.com.br\/marketing\/2021\/08\/14\/kimberly-clark-desenvolve-acoes-de-diversidade-e-inclusao-para-o-publico-maduro\/\" \/>\n<meta property=\"og:site_name\" content=\"CidadeMarketing\" \/>\n<meta property=\"article:publisher\" content=\"https:\/\/www.facebook.com\/portalcidademarketing\" \/>\n<meta property=\"article:author\" content=\"https:\/\/www.facebook.com\/thalesbrandao\" \/>\n<meta property=\"article:published_time\" content=\"2021-08-15T02:47:13+00:00\" \/>\n<meta property=\"article:modified_time\" content=\"2021-08-15T02:47:14+00:00\" \/>\n<meta property=\"og:image\" content=\"https:\/\/www.cidademarketing.com.br\/marketing\/wp-content\/uploads\/2020\/09\/kimberly-clark.jpg\" \/>\n\t<meta property=\"og:image:width\" content=\"1400\" \/>\n\t<meta property=\"og:image:height\" content=\"980\" \/>\n\t<meta property=\"og:image:type\" content=\"image\/jpeg\" \/>\n<meta name=\"author\" content=\"Thales Brand\u00e3o\" \/>\n<meta name=\"twitter:card\" content=\"summary_large_image\" \/>\n<meta name=\"twitter:creator\" content=\"@http:\/\/www.twitter.com\/thalesbrandao\" \/>\n<meta name=\"twitter:site\" content=\"@CidadeMarketing\" \/>\n<meta name=\"twitter:label1\" content=\"Escrito por\" \/>\n\t<meta name=\"twitter:data1\" content=\"Thales Brand\u00e3o\" \/>\n\t<meta name=\"twitter:label2\" content=\"Est. tempo de leitura\" \/>\n\t<meta name=\"twitter:data2\" content=\"5 minutos\" \/>\n<script type=\"application\/ld+json\" class=\"yoast-schema-graph\">{\"@context\":\"https:\\\/\\\/schema.org\",\"@graph\":[{\"@type\":\"Article\",\"@id\":\"https:\\\/\\\/www.cidademarketing.com.br\\\/marketing\\\/2021\\\/08\\\/14\\\/kimberly-clark-desenvolve-acoes-de-diversidade-e-inclusao-para-o-publico-maduro\\\/#article\",\"isPartOf\":{\"@id\":\"https:\\\/\\\/www.cidademarketing.com.br\\\/marketing\\\/2021\\\/08\\\/14\\\/kimberly-clark-desenvolve-acoes-de-diversidade-e-inclusao-para-o-publico-maduro\\\/\"},\"author\":{\"name\":\"Thales Brand\u00e3o\",\"@id\":\"https:\\\/\\\/www.cidademarketing.com.br\\\/marketing\\\/#\\\/schema\\\/person\\\/02daff9f18bd9378c9e01eb6b2db155f\"},\"headline\":\"Kimberly-Clark desenvolve a\u00e7\u00f5es de diversidade e inclus\u00e3o para o p\u00fablico maduro\",\"datePublished\":\"2021-08-15T02:47:13+00:00\",\"dateModified\":\"2021-08-15T02:47:14+00:00\",\"mainEntityOfPage\":{\"@id\":\"https:\\\/\\\/www.cidademarketing.com.br\\\/marketing\\\/2021\\\/08\\\/14\\\/kimberly-clark-desenvolve-acoes-de-diversidade-e-inclusao-para-o-publico-maduro\\\/\"},\"wordCount\":985,\"commentCount\":0,\"publisher\":{\"@id\":\"https:\\\/\\\/www.cidademarketing.com.br\\\/marketing\\\/#organization\"},\"image\":{\"@id\":\"https:\\\/\\\/www.cidademarketing.com.br\\\/marketing\\\/2021\\\/08\\\/14\\\/kimberly-clark-desenvolve-acoes-de-diversidade-e-inclusao-para-o-publico-maduro\\\/#primaryimage\"},\"thumbnailUrl\":\"https:\\\/\\\/www.cidademarketing.com.br\\\/marketing\\\/wp-content\\\/uploads\\\/2020\\\/09\\\/kimberly-clark.jpg\",\"keywords\":[\"diversidade\",\"estrat\u00e9gia\",\"inclus\u00e3o\",\"KIMBERLY-CLARK\",\"marketing social\"],\"articleSection\":[\"Not\u00edcias\"],\"inLanguage\":\"pt-BR\",\"potentialAction\":[{\"@type\":\"CommentAction\",\"name\":\"Comment\",\"target\":[\"https:\\\/\\\/www.cidademarketing.com.br\\\/marketing\\\/2021\\\/08\\\/14\\\/kimberly-clark-desenvolve-acoes-de-diversidade-e-inclusao-para-o-publico-maduro\\\/#respond\"]}]},{\"@type\":\"WebPage\",\"@id\":\"https:\\\/\\\/www.cidademarketing.com.br\\\/marketing\\\/2021\\\/08\\\/14\\\/kimberly-clark-desenvolve-acoes-de-diversidade-e-inclusao-para-o-publico-maduro\\\/\",\"url\":\"https:\\\/\\\/www.cidademarketing.com.br\\\/marketing\\\/2021\\\/08\\\/14\\\/kimberly-clark-desenvolve-acoes-de-diversidade-e-inclusao-para-o-publico-maduro\\\/\",\"name\":\"Kimberly-Clark desenvolve a\u00e7\u00f5es de diversidade e inclus\u00e3o para o p\u00fablico maduro - CidadeMarketing\",\"isPartOf\":{\"@id\":\"https:\\\/\\\/www.cidademarketing.com.br\\\/marketing\\\/#website\"},\"primaryImageOfPage\":{\"@id\":\"https:\\\/\\\/www.cidademarketing.com.br\\\/marketing\\\/2021\\\/08\\\/14\\\/kimberly-clark-desenvolve-acoes-de-diversidade-e-inclusao-para-o-publico-maduro\\\/#primaryimage\"},\"image\":{\"@id\":\"https:\\\/\\\/www.cidademarketing.com.br\\\/marketing\\\/2021\\\/08\\\/14\\\/kimberly-clark-desenvolve-acoes-de-diversidade-e-inclusao-para-o-publico-maduro\\\/#primaryimage\"},\"thumbnailUrl\":\"https:\\\/\\\/www.cidademarketing.com.br\\\/marketing\\\/wp-content\\\/uploads\\\/2020\\\/09\\\/kimberly-clark.jpg\",\"datePublished\":\"2021-08-15T02:47:13+00:00\",\"dateModified\":\"2021-08-15T02:47:14+00:00\",\"breadcrumb\":{\"@id\":\"https:\\\/\\\/www.cidademarketing.com.br\\\/marketing\\\/2021\\\/08\\\/14\\\/kimberly-clark-desenvolve-acoes-de-diversidade-e-inclusao-para-o-publico-maduro\\\/#breadcrumb\"},\"inLanguage\":\"pt-BR\",\"potentialAction\":[{\"@type\":\"ReadAction\",\"target\":[\"https:\\\/\\\/www.cidademarketing.com.br\\\/marketing\\\/2021\\\/08\\\/14\\\/kimberly-clark-desenvolve-acoes-de-diversidade-e-inclusao-para-o-publico-maduro\\\/\"]}]},{\"@type\":\"ImageObject\",\"inLanguage\":\"pt-BR\",\"@id\":\"https:\\\/\\\/www.cidademarketing.com.br\\\/marketing\\\/2021\\\/08\\\/14\\\/kimberly-clark-desenvolve-acoes-de-diversidade-e-inclusao-para-o-publico-maduro\\\/#primaryimage\",\"url\":\"https:\\\/\\\/www.cidademarketing.com.br\\\/marketing\\\/wp-content\\\/uploads\\\/2020\\\/09\\\/kimberly-clark.jpg\",\"contentUrl\":\"https:\\\/\\\/www.cidademarketing.com.br\\\/marketing\\\/wp-content\\\/uploads\\\/2020\\\/09\\\/kimberly-clark.jpg\",\"width\":1400,\"height\":980},{\"@type\":\"BreadcrumbList\",\"@id\":\"https:\\\/\\\/www.cidademarketing.com.br\\\/marketing\\\/2021\\\/08\\\/14\\\/kimberly-clark-desenvolve-acoes-de-diversidade-e-inclusao-para-o-publico-maduro\\\/#breadcrumb\",\"itemListElement\":[{\"@type\":\"ListItem\",\"position\":1,\"name\":\"In\u00edcio\",\"item\":\"https:\\\/\\\/www.cidademarketing.com.br\\\/marketing\\\/\"},{\"@type\":\"ListItem\",\"position\":2,\"name\":\"Kimberly-Clark desenvolve a\u00e7\u00f5es de diversidade e inclus\u00e3o para o p\u00fablico maduro\"}]},{\"@type\":\"WebSite\",\"@id\":\"https:\\\/\\\/www.cidademarketing.com.br\\\/marketing\\\/#website\",\"url\":\"https:\\\/\\\/www.cidademarketing.com.br\\\/marketing\\\/\",\"name\":\"CidadeMarketing\",\"description\":\"Somos um ve\u00edculo de comunica\u00e7\u00e3o de destaque no Brasil, reconhecido por conte\u00fados nos segmentos de marketing, empreendedorismo e inova\u00e7\u00e3o.\",\"publisher\":{\"@id\":\"https:\\\/\\\/www.cidademarketing.com.br\\\/marketing\\\/#organization\"},\"alternateName\":\"CidadeMarketing\",\"potentialAction\":[{\"@type\":\"SearchAction\",\"target\":{\"@type\":\"EntryPoint\",\"urlTemplate\":\"https:\\\/\\\/www.cidademarketing.com.br\\\/marketing\\\/?s={search_term_string}\"},\"query-input\":{\"@type\":\"PropertyValueSpecification\",\"valueRequired\":true,\"valueName\":\"search_term_string\"}}],\"inLanguage\":\"pt-BR\"},{\"@type\":\"Organization\",\"@id\":\"https:\\\/\\\/www.cidademarketing.com.br\\\/marketing\\\/#organization\",\"name\":\"CidadeMarketing\",\"alternateName\":\"CidadeMarketing\",\"url\":\"https:\\\/\\\/www.cidademarketing.com.br\\\/marketing\\\/\",\"logo\":{\"@type\":\"ImageObject\",\"inLanguage\":\"pt-BR\",\"@id\":\"https:\\\/\\\/www.cidademarketing.com.br\\\/marketing\\\/#\\\/schema\\\/logo\\\/image\\\/\",\"url\":\"https:\\\/\\\/www.cidademarketing.com.br\\\/marketing\\\/wp-content\\\/uploads\\\/2020\\\/01\\\/cidademarketing_marca_mobile.png\",\"contentUrl\":\"https:\\\/\\\/www.cidademarketing.com.br\\\/marketing\\\/wp-content\\\/uploads\\\/2020\\\/01\\\/cidademarketing_marca_mobile.png\",\"width\":230,\"height\":92,\"caption\":\"CidadeMarketing\"},\"image\":{\"@id\":\"https:\\\/\\\/www.cidademarketing.com.br\\\/marketing\\\/#\\\/schema\\\/logo\\\/image\\\/\"},\"sameAs\":[\"https:\\\/\\\/www.facebook.com\\\/portalcidademarketing\",\"https:\\\/\\\/x.com\\\/CidadeMarketing\",\"https:\\\/\\\/www.instagram.com\\\/cidademarketing\\\/\"]},{\"@type\":\"Person\",\"@id\":\"https:\\\/\\\/www.cidademarketing.com.br\\\/marketing\\\/#\\\/schema\\\/person\\\/02daff9f18bd9378c9e01eb6b2db155f\",\"name\":\"Thales Brand\u00e3o\",\"image\":{\"@type\":\"ImageObject\",\"inLanguage\":\"pt-BR\",\"@id\":\"https:\\\/\\\/secure.gravatar.com\\\/avatar\\\/7ca3206950207cc3cb48feec56a8a7898741ab725c368d99d5d7a5a50aab80c6?s=96&d=mm&r=g\",\"url\":\"https:\\\/\\\/secure.gravatar.com\\\/avatar\\\/7ca3206950207cc3cb48feec56a8a7898741ab725c368d99d5d7a5a50aab80c6?s=96&d=mm&r=g\",\"contentUrl\":\"https:\\\/\\\/secure.gravatar.com\\\/avatar\\\/7ca3206950207cc3cb48feec56a8a7898741ab725c368d99d5d7a5a50aab80c6?s=96&d=mm&r=g\",\"caption\":\"Thales Brand\u00e3o\"},\"description\":\"Editor Executivo do Portal CidadeMarketing.com.br &gt; Mestre em Comunica\u00e7\u00e3o e Sociedade pela Universidade Federal de Sergipe. Possui MBA Executivo em Administra\u00e7\u00e3o com \u00eanfase em Marketing pela Funda\u00e7\u00e3o Get\u00falio Vargas - Rio de Janeiro. Consultor, Palestrante e Pesquisador sobre Empreendedorismo, Marketing, Redes Sociais e Neg\u00f3cios Digitais. Professor, Palestrante TedxTalks e Campus Party. Twitter: @ThalesBrandao\",\"sameAs\":[\"http:\\\/\\\/www.mandacaru.com.br\",\"https:\\\/\\\/www.facebook.com\\\/thalesbrandao\",\"http:\\\/\\\/www.instagram.com.br\\\/thalesbrandaoferreira\",\"https:\\\/\\\/www.linkedin.com\\\/in\\\/thales-brand\u00e3o-3948609\\\/\",\"https:\\\/\\\/x.com\\\/http:\\\/\\\/www.twitter.com\\\/thalesbrandao\"],\"url\":\"https:\\\/\\\/www.cidademarketing.com.br\\\/marketing\\\/author\\\/thalesbrandao\\\/\"}]}<\/script>\n<!-- \/ Yoast SEO plugin. -->","yoast_head_json":{"title":"Kimberly-Clark desenvolve a\u00e7\u00f5es de diversidade e inclus\u00e3o para o p\u00fablico maduro - CidadeMarketing","robots":{"index":"index","follow":"follow","max-snippet":"max-snippet:-1","max-image-preview":"max-image-preview:large","max-video-preview":"max-video-preview:-1"},"canonical":"https:\/\/www.cidademarketing.com.br\/marketing\/2021\/08\/14\/kimberly-clark-desenvolve-acoes-de-diversidade-e-inclusao-para-o-publico-maduro\/","og_locale":"pt_BR","og_type":"article","og_title":"Kimberly-Clark desenvolve a\u00e7\u00f5es de diversidade e inclus\u00e3o para o p\u00fablico maduro - CidadeMarketing","og_description":"A Kimberly-Clark, multinacional norte-americana de produtos de higiene pessoal, vem acompanhando as transforma\u00e7\u00f5es sociais e, portanto, ampliando suas estrat\u00e9gias e desenvolvendo a\u00e7\u00f5es relacionadas \u00e0 diversidade e inclus\u00e3o. Uma vez que a expectativa de vida no Brasil atingiu 76,3 anos em 2019 e o n\u00famero de pessoas acima de 50 anos j\u00e1 representa 25% da popula\u00e7\u00e3o [&hellip;]","og_url":"https:\/\/www.cidademarketing.com.br\/marketing\/2021\/08\/14\/kimberly-clark-desenvolve-acoes-de-diversidade-e-inclusao-para-o-publico-maduro\/","og_site_name":"CidadeMarketing","article_publisher":"https:\/\/www.facebook.com\/portalcidademarketing","article_author":"https:\/\/www.facebook.com\/thalesbrandao","article_published_time":"2021-08-15T02:47:13+00:00","article_modified_time":"2021-08-15T02:47:14+00:00","og_image":[{"width":1400,"height":980,"url":"https:\/\/www.cidademarketing.com.br\/marketing\/wp-content\/uploads\/2020\/09\/kimberly-clark.jpg","type":"image\/jpeg"}],"author":"Thales Brand\u00e3o","twitter_card":"summary_large_image","twitter_creator":"@http:\/\/www.twitter.com\/thalesbrandao","twitter_site":"@CidadeMarketing","twitter_misc":{"Escrito por":"Thales Brand\u00e3o","Est. tempo de leitura":"5 minutos"},"schema":{"@context":"https:\/\/schema.org","@graph":[{"@type":"Article","@id":"https:\/\/www.cidademarketing.com.br\/marketing\/2021\/08\/14\/kimberly-clark-desenvolve-acoes-de-diversidade-e-inclusao-para-o-publico-maduro\/#article","isPartOf":{"@id":"https:\/\/www.cidademarketing.com.br\/marketing\/2021\/08\/14\/kimberly-clark-desenvolve-acoes-de-diversidade-e-inclusao-para-o-publico-maduro\/"},"author":{"name":"Thales Brand\u00e3o","@id":"https:\/\/www.cidademarketing.com.br\/marketing\/#\/schema\/person\/02daff9f18bd9378c9e01eb6b2db155f"},"headline":"Kimberly-Clark desenvolve a\u00e7\u00f5es de diversidade e inclus\u00e3o para o p\u00fablico maduro","datePublished":"2021-08-15T02:47:13+00:00","dateModified":"2021-08-15T02:47:14+00:00","mainEntityOfPage":{"@id":"https:\/\/www.cidademarketing.com.br\/marketing\/2021\/08\/14\/kimberly-clark-desenvolve-acoes-de-diversidade-e-inclusao-para-o-publico-maduro\/"},"wordCount":985,"commentCount":0,"publisher":{"@id":"https:\/\/www.cidademarketing.com.br\/marketing\/#organization"},"image":{"@id":"https:\/\/www.cidademarketing.com.br\/marketing\/2021\/08\/14\/kimberly-clark-desenvolve-acoes-de-diversidade-e-inclusao-para-o-publico-maduro\/#primaryimage"},"thumbnailUrl":"https:\/\/www.cidademarketing.com.br\/marketing\/wp-content\/uploads\/2020\/09\/kimberly-clark.jpg","keywords":["diversidade","estrat\u00e9gia","inclus\u00e3o","KIMBERLY-CLARK","marketing social"],"articleSection":["Not\u00edcias"],"inLanguage":"pt-BR","potentialAction":[{"@type":"CommentAction","name":"Comment","target":["https:\/\/www.cidademarketing.com.br\/marketing\/2021\/08\/14\/kimberly-clark-desenvolve-acoes-de-diversidade-e-inclusao-para-o-publico-maduro\/#respond"]}]},{"@type":"WebPage","@id":"https:\/\/www.cidademarketing.com.br\/marketing\/2021\/08\/14\/kimberly-clark-desenvolve-acoes-de-diversidade-e-inclusao-para-o-publico-maduro\/","url":"https:\/\/www.cidademarketing.com.br\/marketing\/2021\/08\/14\/kimberly-clark-desenvolve-acoes-de-diversidade-e-inclusao-para-o-publico-maduro\/","name":"Kimberly-Clark desenvolve a\u00e7\u00f5es de diversidade e inclus\u00e3o para o p\u00fablico maduro - CidadeMarketing","isPartOf":{"@id":"https:\/\/www.cidademarketing.com.br\/marketing\/#website"},"primaryImageOfPage":{"@id":"https:\/\/www.cidademarketing.com.br\/marketing\/2021\/08\/14\/kimberly-clark-desenvolve-acoes-de-diversidade-e-inclusao-para-o-publico-maduro\/#primaryimage"},"image":{"@id":"https:\/\/www.cidademarketing.com.br\/marketing\/2021\/08\/14\/kimberly-clark-desenvolve-acoes-de-diversidade-e-inclusao-para-o-publico-maduro\/#primaryimage"},"thumbnailUrl":"https:\/\/www.cidademarketing.com.br\/marketing\/wp-content\/uploads\/2020\/09\/kimberly-clark.jpg","datePublished":"2021-08-15T02:47:13+00:00","dateModified":"2021-08-15T02:47:14+00:00","breadcrumb":{"@id":"https:\/\/www.cidademarketing.com.br\/marketing\/2021\/08\/14\/kimberly-clark-desenvolve-acoes-de-diversidade-e-inclusao-para-o-publico-maduro\/#breadcrumb"},"inLanguage":"pt-BR","potentialAction":[{"@type":"ReadAction","target":["https:\/\/www.cidademarketing.com.br\/marketing\/2021\/08\/14\/kimberly-clark-desenvolve-acoes-de-diversidade-e-inclusao-para-o-publico-maduro\/"]}]},{"@type":"ImageObject","inLanguage":"pt-BR","@id":"https:\/\/www.cidademarketing.com.br\/marketing\/2021\/08\/14\/kimberly-clark-desenvolve-acoes-de-diversidade-e-inclusao-para-o-publico-maduro\/#primaryimage","url":"https:\/\/www.cidademarketing.com.br\/marketing\/wp-content\/uploads\/2020\/09\/kimberly-clark.jpg","contentUrl":"https:\/\/www.cidademarketing.com.br\/marketing\/wp-content\/uploads\/2020\/09\/kimberly-clark.jpg","width":1400,"height":980},{"@type":"BreadcrumbList","@id":"https:\/\/www.cidademarketing.com.br\/marketing\/2021\/08\/14\/kimberly-clark-desenvolve-acoes-de-diversidade-e-inclusao-para-o-publico-maduro\/#breadcrumb","itemListElement":[{"@type":"ListItem","position":1,"name":"In\u00edcio","item":"https:\/\/www.cidademarketing.com.br\/marketing\/"},{"@type":"ListItem","position":2,"name":"Kimberly-Clark desenvolve a\u00e7\u00f5es de diversidade e inclus\u00e3o para o p\u00fablico maduro"}]},{"@type":"WebSite","@id":"https:\/\/www.cidademarketing.com.br\/marketing\/#website","url":"https:\/\/www.cidademarketing.com.br\/marketing\/","name":"CidadeMarketing","description":"Somos um ve\u00edculo de comunica\u00e7\u00e3o de destaque no Brasil, reconhecido por conte\u00fados nos segmentos de marketing, empreendedorismo e inova\u00e7\u00e3o.","publisher":{"@id":"https:\/\/www.cidademarketing.com.br\/marketing\/#organization"},"alternateName":"CidadeMarketing","potentialAction":[{"@type":"SearchAction","target":{"@type":"EntryPoint","urlTemplate":"https:\/\/www.cidademarketing.com.br\/marketing\/?s={search_term_string}"},"query-input":{"@type":"PropertyValueSpecification","valueRequired":true,"valueName":"search_term_string"}}],"inLanguage":"pt-BR"},{"@type":"Organization","@id":"https:\/\/www.cidademarketing.com.br\/marketing\/#organization","name":"CidadeMarketing","alternateName":"CidadeMarketing","url":"https:\/\/www.cidademarketing.com.br\/marketing\/","logo":{"@type":"ImageObject","inLanguage":"pt-BR","@id":"https:\/\/www.cidademarketing.com.br\/marketing\/#\/schema\/logo\/image\/","url":"https:\/\/www.cidademarketing.com.br\/marketing\/wp-content\/uploads\/2020\/01\/cidademarketing_marca_mobile.png","contentUrl":"https:\/\/www.cidademarketing.com.br\/marketing\/wp-content\/uploads\/2020\/01\/cidademarketing_marca_mobile.png","width":230,"height":92,"caption":"CidadeMarketing"},"image":{"@id":"https:\/\/www.cidademarketing.com.br\/marketing\/#\/schema\/logo\/image\/"},"sameAs":["https:\/\/www.facebook.com\/portalcidademarketing","https:\/\/x.com\/CidadeMarketing","https:\/\/www.instagram.com\/cidademarketing\/"]},{"@type":"Person","@id":"https:\/\/www.cidademarketing.com.br\/marketing\/#\/schema\/person\/02daff9f18bd9378c9e01eb6b2db155f","name":"Thales Brand\u00e3o","image":{"@type":"ImageObject","inLanguage":"pt-BR","@id":"https:\/\/secure.gravatar.com\/avatar\/7ca3206950207cc3cb48feec56a8a7898741ab725c368d99d5d7a5a50aab80c6?s=96&d=mm&r=g","url":"https:\/\/secure.gravatar.com\/avatar\/7ca3206950207cc3cb48feec56a8a7898741ab725c368d99d5d7a5a50aab80c6?s=96&d=mm&r=g","contentUrl":"https:\/\/secure.gravatar.com\/avatar\/7ca3206950207cc3cb48feec56a8a7898741ab725c368d99d5d7a5a50aab80c6?s=96&d=mm&r=g","caption":"Thales Brand\u00e3o"},"description":"Editor Executivo do Portal CidadeMarketing.com.br &gt; Mestre em Comunica\u00e7\u00e3o e Sociedade pela Universidade Federal de Sergipe. Possui MBA Executivo em Administra\u00e7\u00e3o com \u00eanfase em Marketing pela Funda\u00e7\u00e3o Get\u00falio Vargas - Rio de Janeiro. Consultor, Palestrante e Pesquisador sobre Empreendedorismo, Marketing, Redes Sociais e Neg\u00f3cios Digitais. Professor, Palestrante TedxTalks e Campus Party. Twitter: @ThalesBrandao","sameAs":["http:\/\/www.mandacaru.com.br","https:\/\/www.facebook.com\/thalesbrandao","http:\/\/www.instagram.com.br\/thalesbrandaoferreira","https:\/\/www.linkedin.com\/in\/thales-brand\u00e3o-3948609\/","https:\/\/x.com\/http:\/\/www.twitter.com\/thalesbrandao"],"url":"https:\/\/www.cidademarketing.com.br\/marketing\/author\/thalesbrandao\/"}]}},"amp_enabled":true,"_links":{"self":[{"href":"https:\/\/www.cidademarketing.com.br\/marketing\/wp-json\/wp\/v2\/posts\/27319","targetHints":{"allow":["GET"]}}],"collection":[{"href":"https:\/\/www.cidademarketing.com.br\/marketing\/wp-json\/wp\/v2\/posts"}],"about":[{"href":"https:\/\/www.cidademarketing.com.br\/marketing\/wp-json\/wp\/v2\/types\/post"}],"author":[{"embeddable":true,"href":"https:\/\/www.cidademarketing.com.br\/marketing\/wp-json\/wp\/v2\/users\/1"}],"replies":[{"embeddable":true,"href":"https:\/\/www.cidademarketing.com.br\/marketing\/wp-json\/wp\/v2\/comments?post=27319"}],"version-history":[{"count":1,"href":"https:\/\/www.cidademarketing.com.br\/marketing\/wp-json\/wp\/v2\/posts\/27319\/revisions"}],"predecessor-version":[{"id":27320,"href":"https:\/\/www.cidademarketing.com.br\/marketing\/wp-json\/wp\/v2\/posts\/27319\/revisions\/27320"}],"wp:featuredmedia":[{"embeddable":true,"href":"https:\/\/www.cidademarketing.com.br\/marketing\/wp-json\/wp\/v2\/media\/18976"}],"wp:attachment":[{"href":"https:\/\/www.cidademarketing.com.br\/marketing\/wp-json\/wp\/v2\/media?parent=27319"}],"wp:term":[{"taxonomy":"category","embeddable":true,"href":"https:\/\/www.cidademarketing.com.br\/marketing\/wp-json\/wp\/v2\/categories?post=27319"},{"taxonomy":"post_tag","embeddable":true,"href":"https:\/\/www.cidademarketing.com.br\/marketing\/wp-json\/wp\/v2\/tags?post=27319"}],"curies":[{"name":"wp","href":"https:\/\/api.w.org\/{rel}","templated":true}]}}