{"id":2731,"date":"2018-10-23T18:15:23","date_gmt":"2018-10-23T21:15:23","guid":{"rendered":"http:\/\/www.cidademarketing.com.br\/marketing\/?p=2731"},"modified":"2018-10-23T18:15:23","modified_gmt":"2018-10-23T21:15:23","slug":"jeep-estreia-com-oito-modelos-de-seus-carros-no-sao-paulo-fashion-week","status":"publish","type":"post","link":"https:\/\/www.cidademarketing.com.br\/marketing\/2018\/10\/23\/jeep-estreia-com-oito-modelos-de-seus-carros-no-sao-paulo-fashion-week\/","title":{"rendered":"Jeep estreia com oito modelos de seus carros no S\u00e3o Paulo Fashion Week"},"content":{"rendered":"<p>Jeep\u00ae\u00a0estreia como patrocinadora da 46\u00ba\u00a0edi\u00e7\u00e3o do S\u00e3o Paulo Fashion Week, que acontece de 22 a 26 de outubro,\u00a0no espa\u00e7o Arca,\u00a0fazendo o que \u00e9 a cara e a tradi\u00e7\u00e3o da marca: contando hist\u00f3rias e promovendo experi\u00eancias. Com o conceito \u201cMake History\u201d e os quatro valores de Jeep &#8211; Autenticidade, Liberdade, Paix\u00e3o e Aventura -, a marca ir\u00e1 desbravar o mundo da moda com a\u00e7\u00f5es off-line e digitais.<\/p>\n<p>Jeep levar\u00e1 para sua estreia no SPFW oito modelos de seus carros, que ficar\u00e3o expostos em tr\u00eas ambientes internos e um externo. O p\u00fablico poder\u00e1 conhecer a hist\u00f3ria de\u00a0Jeep\u00ae\u00a0no 1941\u00a0lounge, onde um modelo do primeiro carro fabricado pela marca estar\u00e1 exposto: um Jeep Willys 1941 de propriedade de Jo\u00e3o Barone, baterista do Paralamas do Sucesso e not\u00f3rio f\u00e3 da marca. Al\u00e9m de hist\u00f3ria, a marca apresentar\u00e1 pela primeira vez ao p\u00fablico final seu mais recente lan\u00e7amento, o\u00a0Jeep\u00ae\u00a0Renegade 2019, exposto no espa\u00e7o de conviv\u00eancia Renegade Installation, que promete ser um dos lugares mais disputados da edi\u00e7\u00e3o N46 do SPFW, depois \u00e9 claro, das salas de desfiles, j\u00e1 que disponibilizar\u00e1 aos visitantes rede wi-fi gr\u00e1tis, tomadas el\u00e9tricas e lugares para sentar.<\/p>\n<p>Outra novidade trazida pela marca ser\u00e1 o e-commerce\u00a0Jeep\u00ae\u00a0Gear, plataforma de roupas e acess\u00f3rios da\u00a0Jeep\u00ae.\u00a0 Para quem quiser conhecer e comprar os produtos\u00a0Jeep\u00ae durante o SPFW, a marca estar\u00e1 na pop up store da loja Cartel 011 com roupas, acess\u00f3rios e suvenires\u00a0Jeep\u00ae.<\/p>\n<blockquote class=\"td_pull_quote td_pull_center\"><p><span style=\"color: #003366;\">\u201cA nossa parceria com o SPFW come\u00e7a nesta edi\u00e7\u00e3o N46 por ser um ano importante para o evento, que vive uma grande transforma\u00e7\u00e3o e traz como tema \u201cTransposi\u00e7\u00e3o\u201d, ir al\u00e9m. E a Jeep\u00ae \u00e9 uma marca que tem uma hist\u00f3ria de ir al\u00e9m. Nascemos em tempos turbulentos\u00a0em 1941, em plena\u00a02\u00aa Guerra Mundial, para ajudar o ex\u00e9rcito americano.\u00a0 Aqui no Brasil, constru\u00edmos uma f\u00e1brica em Goiana, Pernambuco, onde antes era uma \u00e1rea de canavial. Mais uma vez fomos al\u00e9m: criamos tecnologia, automa\u00e7\u00e3o, treinamento e compet\u00eancias onde havia um forte setor agropecu\u00e1rio. Fomos al\u00e9m tamb\u00e9m quando criamos produtos que enfrentam quaisquer terrenos, com lama, gelo ou pedras. E vamos al\u00e9m quando produzimos dois modelos brasileiros, Renegade e Compass, que s\u00e3o os SUVs mais admirados no mercado brasileiro e na Am\u00e9rica Latina. Todos trabalhamos no exerc\u00edcio de ir al\u00e9m e queremos construir a hist\u00f3ria do futuro com os nossos parceiros\u201d, afirma Antonio Filosa, Presidente do grupo FCA.<\/span><\/p><\/blockquote>\n<p>A marca segue \u201cfazendo hist\u00f3rias\u201d e criando experi\u00eancias no digital. Todo dia, um dos valores Autenticidade, Liberdade, Paix\u00e3o e Aventura ser\u00e1 explorado nos conte\u00fados digitais e em ativa\u00e7\u00f5es com influenciadores. A apresentadora Didi Wagner ser\u00e1 a \u201cmotorista da vez\u201d e dar\u00e1 carona para outros influenciadores, como Flavio Canto, Isabel Fillardis, Marcelo Rosembaum e Juliano Cazarr\u00e9, que v\u00e3o explorar o tema do dia. Toda cobertura do evento contar\u00e1 com o parceiro I Hate Flash, um coletivo de fot\u00f3grafos, videomakers e criadores de conte\u00fado, especializado em coberturas real-time de eventos de m\u00fasica, moda e comportamento. Os conte\u00fados de #JeepnoSPFW poder\u00e3o ser acompanhados diariamente nas redes sociais da marca: Facebook, Youtube e Instagram.<\/p>\n<p>As a\u00e7\u00f5es digitais foram criadas pela F.biz em parceria com\u00a0\u201cC.R.I.E\u201d, n\u00facleo de conte\u00fado e cria\u00e7\u00e3o da FCA.<\/p>\n<blockquote class=\"td_pull_quote td_pull_center\"><p><span style=\"color: #003366;\">\u201cA\u00a0Jeep\u00ae\u00a0chegou no Brasil para ajudar as pessoas a constru\u00edrem suas hist\u00f3rias e para n\u00f3s, fazer hist\u00f3ria \u00e9 celebrar o passado mirando no futuro, \u00e9 ter orgulho de quem voc\u00ea foi e de quem voc\u00ea \u00e9, mas nunca se acomodar numa zona de conforto. O que est\u00e1 totalmente alinhado com o tema da SPFW esse ano, que \u00e9 \u201cTransposi\u00e7\u00e3o\u201d. Acredito que o patroc\u00ednio ao SPFW nos ajuda a potencializar a ess\u00eancia e os valores da marca Jeep\u00ae, que tamb\u00e9m s\u00e3o caracter\u00edsticas que conversam com o universo da moda de uma maneira integrada\u201d, diz Jo\u00e3o Ciaco, Head of Brand Marketing Communication FCA Latam.<\/span><\/p><\/blockquote>\n<p>Em parceria com o fotografo Gustavo Zylbersztajn e SPFW, a\u00a0Jeep\u00ae\u00a0levar\u00e1 para o espa\u00e7o na semana de moda uma instala\u00e7\u00e3o em formato de cubo, onde as pessoas entram por um corredor at\u00e9 chegar em um set preparado para um autorretrato. Basta apertar o bot\u00e3o e aguardar 10 segundos para sua \u201cselfie\u201d, feita em um \u00fanico clique. A ideia \u00e9 trazer a espontaneidade do momento sem qualquer interfer\u00eancia. As fotos poder\u00e3o ser vistas ap\u00f3s um dia no Instagram do projeto @contra.otempo, que ir\u00e1 se transformar em um grande mosaico cheio de personalidades. As redes sociais do SPFW e da\u00a0Jeep\u00ae\u00a0v\u00e3o ajudar a divulgar o projeto. Al\u00e9m da instala\u00e7\u00e3o, a\u00a0Jeep\u00ae\u00a0apoia a exposi\u00e7\u00e3o fotogr\u00e1fica digital \u201cContra o Tempo\u201d, que ser\u00e1 apresentada em grandes tel\u00f5es no evento, e traz em torno de 80 imagens de convidados que circularam nas edi\u00e7\u00f5es N44 e N45 do SPFW. A ideia tanto da instala\u00e7\u00e3o quanto da exposi\u00e7\u00e3o digital \u00e9 fazer uma reflex\u00e3o sobre o tempo, mostrar que n\u00e3o \u00e9 poss\u00edvel conter o futuro, seja na arte, na moda ou na m\u00fasica.<\/p>\n<p>&nbsp;<\/p>\n\r\n                <style type=\"text\/css\">\r\n                    \r\n                    #tdi_1  .td-doubleSlider-2 .td-item1 {\r\n                        background: url(https:\/\/www.cidademarketing.com.br\/marketing\/wp-content\/uploads\/2018\/10\/Jeep-na-SPFW_6-80x60.jpg) 0 0 no-repeat;\r\n                    }\r\n                    #tdi_1  .td-doubleSlider-2 .td-item2 {\r\n                        background: url(https:\/\/www.cidademarketing.com.br\/marketing\/wp-content\/uploads\/2018\/10\/Jepp-na-SPFW_4-80x60.jpg) 0 0 no-repeat;\r\n                    }\r\n                    #tdi_1  .td-doubleSlider-2 .td-item3 {\r\n                        background: url(https:\/\/www.cidademarketing.com.br\/marketing\/wp-content\/uploads\/2018\/10\/Jeep-no-SPFW_5-80x60.jpg) 0 0 no-repeat;\r\n                    }\r\n                    #tdi_1  .td-doubleSlider-2 .td-item4 {\r\n                        background: url(https:\/\/www.cidademarketing.com.br\/marketing\/wp-content\/uploads\/2018\/10\/Jeep-na-SPFW_3-80x60.jpeg) 0 0 no-repeat;\r\n                    }\r\n                    #tdi_1  .td-doubleSlider-2 .td-item5 {\r\n                        background: url(https:\/\/www.cidademarketing.com.br\/marketing\/wp-content\/uploads\/2018\/10\/Jeep-na-SPFW_2-80x60.jpg) 0 0 no-repeat;\r\n                    }\r\n                    #tdi_1  .td-doubleSlider-2 .td-item6 {\r\n                        background: url(https:\/\/www.cidademarketing.com.br\/marketing\/wp-content\/uploads\/2018\/10\/Jeep-na-SPFW_1-80x60.jpeg) 0 0 no-repeat;\r\n                    }\r\n                <\/style>\r\n\r\n                <div id=\"tdi_1\" class=\"td-gallery td-slide-on-2-columns\">\r\n                    <div class=\"post_td_gallery\">\r\n                        <div class=\"td-gallery-slide-top\">\r\n                           <div class=\"td-gallery-title\">Jeep SPFW<\/div>\r\n\r\n                            <div class=\"td-gallery-controls-wrapper\">\r\n                                <div class=\"td-gallery-slide-count\"><span class=\"td-gallery-slide-item-focus\">1<\/span> de 6<\/div>\r\n                                <div class=\"td-gallery-slide-prev-next-but\">\r\n                                    <i class = \"td-icon-left doubleSliderPrevButton\"><\/i>\r\n                                    <i class = \"td-icon-right doubleSliderNextButton\"><\/i>\r\n                                <\/div>\r\n                            <\/div>\r\n                        <\/div>\r\n\r\n                        <div class = \"td-doubleSlider-1 \">\r\n                            <div class = \"td-slider\">\r\n                                \r\n                    <div class = \"td-slide-item td-item1\">\r\n                        <figure class=\"td-slide-galery-figure td-slide-popup-gallery\">\r\n                            <a class=\"slide-gallery-image-link\" href=\"https:\/\/www.cidademarketing.com.br\/marketing\/wp-content\/uploads\/2018\/10\/Jeep-na-SPFW_6.jpg\" title=\"Jeep SPFW\"  data-caption=\"Reprodu\u00e7\u00e3o\"  data-description=\"\">\r\n                                <img decoding=\"async\" src=\"https:\/\/www.cidademarketing.com.br\/marketing\/wp-content\/uploads\/2018\/10\/Jeep-na-SPFW_6-630x420.jpg\" srcset=\"https:\/\/www.cidademarketing.com.br\/marketing\/wp-content\/uploads\/2018\/10\/Jeep-na-SPFW_6-630x420.jpg 630w, https:\/\/www.cidademarketing.com.br\/marketing\/wp-content\/uploads\/2018\/10\/Jeep-na-SPFW_6-300x200.jpg 300w, https:\/\/www.cidademarketing.com.br\/marketing\/wp-content\/uploads\/2018\/10\/Jeep-na-SPFW_6-768x512.jpg 768w, https:\/\/www.cidademarketing.com.br\/marketing\/wp-content\/uploads\/2018\/10\/Jeep-na-SPFW_6-1024x683.jpg 1024w, https:\/\/www.cidademarketing.com.br\/marketing\/wp-content\/uploads\/2018\/10\/Jeep-na-SPFW_6-640x427.jpg 640w, https:\/\/www.cidademarketing.com.br\/marketing\/wp-content\/uploads\/2018\/10\/Jeep-na-SPFW_6-681x454.jpg 681w\" sizes=\"(max-width: 630px) 100vw, 630px\" alt=\"\">\r\n                            <\/a>\r\n                            <figcaption class = \"td-slide-caption td-gallery-slide-content\"><div class = \"td-gallery-slide-copywrite\">Reprodu\u00e7\u00e3o<\/div><\/figcaption>\r\n                        <\/figure>\r\n                    <\/div>\r\n                    <div class = \"td-slide-item td-item2\">\r\n                        <figure class=\"td-slide-galery-figure td-slide-popup-gallery\">\r\n                            <a class=\"slide-gallery-image-link\" href=\"https:\/\/www.cidademarketing.com.br\/marketing\/wp-content\/uploads\/2018\/10\/Jepp-na-SPFW_4.jpg\" title=\"Jeep SPFW\"  data-caption=\"\"  data-description=\"\">\r\n                                <img decoding=\"async\" src=\"https:\/\/www.cidademarketing.com.br\/marketing\/wp-content\/uploads\/2018\/10\/Jepp-na-SPFW_4-630x420.jpg\" srcset=\"https:\/\/www.cidademarketing.com.br\/marketing\/wp-content\/uploads\/2018\/10\/Jepp-na-SPFW_4-630x420.jpg 630w, https:\/\/www.cidademarketing.com.br\/marketing\/wp-content\/uploads\/2018\/10\/Jepp-na-SPFW_4-300x200.jpg 300w, https:\/\/www.cidademarketing.com.br\/marketing\/wp-content\/uploads\/2018\/10\/Jepp-na-SPFW_4-768x512.jpg 768w, https:\/\/www.cidademarketing.com.br\/marketing\/wp-content\/uploads\/2018\/10\/Jepp-na-SPFW_4-1024x683.jpg 1024w, https:\/\/www.cidademarketing.com.br\/marketing\/wp-content\/uploads\/2018\/10\/Jepp-na-SPFW_4-640x427.jpg 640w, https:\/\/www.cidademarketing.com.br\/marketing\/wp-content\/uploads\/2018\/10\/Jepp-na-SPFW_4-681x454.jpg 681w\" sizes=\"(max-width: 630px) 100vw, 630px\" alt=\"\">\r\n                            <\/a>\r\n                            \r\n                        <\/figure>\r\n                    <\/div>\r\n                    <div class = \"td-slide-item td-item3\">\r\n                        <figure class=\"td-slide-galery-figure td-slide-popup-gallery\">\r\n                            <a class=\"slide-gallery-image-link\" href=\"https:\/\/www.cidademarketing.com.br\/marketing\/wp-content\/uploads\/2018\/10\/Jeep-no-SPFW_5.jpg\" title=\"Jeep SPFW\"  data-caption=\"\"  data-description=\"\">\r\n                                <img decoding=\"async\" src=\"https:\/\/www.cidademarketing.com.br\/marketing\/wp-content\/uploads\/2018\/10\/Jeep-no-SPFW_5-630x420.jpg\" srcset=\"https:\/\/www.cidademarketing.com.br\/marketing\/wp-content\/uploads\/2018\/10\/Jeep-no-SPFW_5-630x420.jpg 630w, https:\/\/www.cidademarketing.com.br\/marketing\/wp-content\/uploads\/2018\/10\/Jeep-no-SPFW_5-300x200.jpg 300w, https:\/\/www.cidademarketing.com.br\/marketing\/wp-content\/uploads\/2018\/10\/Jeep-no-SPFW_5-768x512.jpg 768w, https:\/\/www.cidademarketing.com.br\/marketing\/wp-content\/uploads\/2018\/10\/Jeep-no-SPFW_5-1024x683.jpg 1024w, https:\/\/www.cidademarketing.com.br\/marketing\/wp-content\/uploads\/2018\/10\/Jeep-no-SPFW_5-640x427.jpg 640w, https:\/\/www.cidademarketing.com.br\/marketing\/wp-content\/uploads\/2018\/10\/Jeep-no-SPFW_5-681x454.jpg 681w\" sizes=\"(max-width: 630px) 100vw, 630px\" alt=\"\">\r\n                            <\/a>\r\n                            \r\n                        <\/figure>\r\n                    <\/div>\r\n                    <div class = \"td-slide-item td-item4\">\r\n                        <figure class=\"td-slide-galery-figure td-slide-popup-gallery\">\r\n                            <a class=\"slide-gallery-image-link\" href=\"https:\/\/www.cidademarketing.com.br\/marketing\/wp-content\/uploads\/2018\/10\/Jeep-na-SPFW_3.jpeg\" title=\"Jeep SPFW\"  data-caption=\"\"  data-description=\"\">\r\n                                <img decoding=\"async\" src=\"https:\/\/www.cidademarketing.com.br\/marketing\/wp-content\/uploads\/2018\/10\/Jeep-na-SPFW_3-560x420.jpeg\" srcset=\"https:\/\/www.cidademarketing.com.br\/marketing\/wp-content\/uploads\/2018\/10\/Jeep-na-SPFW_3-560x420.jpeg 560w, https:\/\/www.cidademarketing.com.br\/marketing\/wp-content\/uploads\/2018\/10\/Jeep-na-SPFW_3-300x225.jpeg 300w, https:\/\/www.cidademarketing.com.br\/marketing\/wp-content\/uploads\/2018\/10\/Jeep-na-SPFW_3-768x576.jpeg 768w, https:\/\/www.cidademarketing.com.br\/marketing\/wp-content\/uploads\/2018\/10\/Jeep-na-SPFW_3-1024x768.jpeg 1024w, https:\/\/www.cidademarketing.com.br\/marketing\/wp-content\/uploads\/2018\/10\/Jeep-na-SPFW_3-80x60.jpeg 80w, https:\/\/www.cidademarketing.com.br\/marketing\/wp-content\/uploads\/2018\/10\/Jeep-na-SPFW_3-100x75.jpeg 100w, https:\/\/www.cidademarketing.com.br\/marketing\/wp-content\/uploads\/2018\/10\/Jeep-na-SPFW_3-180x135.jpeg 180w, https:\/\/www.cidademarketing.com.br\/marketing\/wp-content\/uploads\/2018\/10\/Jeep-na-SPFW_3-238x178.jpeg 238w, https:\/\/www.cidademarketing.com.br\/marketing\/wp-content\/uploads\/2018\/10\/Jeep-na-SPFW_3-640x480.jpeg 640w, https:\/\/www.cidademarketing.com.br\/marketing\/wp-content\/uploads\/2018\/10\/Jeep-na-SPFW_3-681x511.jpeg 681w\" sizes=\"(max-width: 560px) 100vw, 560px\" alt=\"\">\r\n                            <\/a>\r\n                            \r\n                        <\/figure>\r\n                    <\/div>\r\n                    <div class = \"td-slide-item td-item5\">\r\n                        <figure class=\"td-slide-galery-figure td-slide-popup-gallery\">\r\n                            <a class=\"slide-gallery-image-link\" href=\"https:\/\/www.cidademarketing.com.br\/marketing\/wp-content\/uploads\/2018\/10\/Jeep-na-SPFW_2.jpg\" title=\"Jeep SPFW\"  data-caption=\"\"  data-description=\"\">\r\n                                <img decoding=\"async\" src=\"https:\/\/www.cidademarketing.com.br\/marketing\/wp-content\/uploads\/2018\/10\/Jeep-na-SPFW_2-315x420.jpg\" srcset=\"https:\/\/www.cidademarketing.com.br\/marketing\/wp-content\/uploads\/2018\/10\/Jeep-na-SPFW_2-315x420.jpg 315w, https:\/\/www.cidademarketing.com.br\/marketing\/wp-content\/uploads\/2018\/10\/Jeep-na-SPFW_2-225x300.jpg 225w, https:\/\/www.cidademarketing.com.br\/marketing\/wp-content\/uploads\/2018\/10\/Jeep-na-SPFW_2-768x1024.jpg 768w, https:\/\/www.cidademarketing.com.br\/marketing\/wp-content\/uploads\/2018\/10\/Jeep-na-SPFW_2-640x853.jpg 640w, https:\/\/www.cidademarketing.com.br\/marketing\/wp-content\/uploads\/2018\/10\/Jeep-na-SPFW_2-681x908.jpg 681w, https:\/\/www.cidademarketing.com.br\/marketing\/wp-content\/uploads\/2018\/10\/Jeep-na-SPFW_2.jpg 960w\" sizes=\"(max-width: 315px) 100vw, 315px\" alt=\"\">\r\n                            <\/a>\r\n                            \r\n                        <\/figure>\r\n                    <\/div>\r\n                    <div class = \"td-slide-item td-item6\">\r\n                        <figure class=\"td-slide-galery-figure td-slide-popup-gallery\">\r\n                            <a class=\"slide-gallery-image-link\" href=\"https:\/\/www.cidademarketing.com.br\/marketing\/wp-content\/uploads\/2018\/10\/Jeep-na-SPFW_1.jpeg\" title=\"Jeep SPFW\"  data-caption=\"\"  data-description=\"\">\r\n                                <img decoding=\"async\" src=\"https:\/\/www.cidademarketing.com.br\/marketing\/wp-content\/uploads\/2018\/10\/Jeep-na-SPFW_1-315x420.jpeg\" srcset=\"https:\/\/www.cidademarketing.com.br\/marketing\/wp-content\/uploads\/2018\/10\/Jeep-na-SPFW_1-315x420.jpeg 315w, https:\/\/www.cidademarketing.com.br\/marketing\/wp-content\/uploads\/2018\/10\/Jeep-na-SPFW_1-225x300.jpeg 225w, https:\/\/www.cidademarketing.com.br\/marketing\/wp-content\/uploads\/2018\/10\/Jeep-na-SPFW_1-768x1024.jpeg 768w, https:\/\/www.cidademarketing.com.br\/marketing\/wp-content\/uploads\/2018\/10\/Jeep-na-SPFW_1-640x853.jpeg 640w, https:\/\/www.cidademarketing.com.br\/marketing\/wp-content\/uploads\/2018\/10\/Jeep-na-SPFW_1-681x908.jpeg 681w, https:\/\/www.cidademarketing.com.br\/marketing\/wp-content\/uploads\/2018\/10\/Jeep-na-SPFW_1.jpeg 960w\" sizes=\"(max-width: 315px) 100vw, 315px\" alt=\"\">\r\n                            <\/a>\r\n                            \r\n                        <\/figure>\r\n                    <\/div>\r\n                            <\/div>\r\n                        <\/div>\r\n\r\n                        <div class = \"td-doubleSlider-2\">\r\n                            <div class = \"td-slider\">\r\n                                \r\n                    <div class = \"td-button td-item1\">\r\n                        <div class = \"td-border\"><\/div>\r\n                    <\/div>\r\n                    <div class = \"td-button td-item2\">\r\n                        <div class = \"td-border\"><\/div>\r\n                    <\/div>\r\n                    <div class = \"td-button td-item3\">\r\n                        <div class = \"td-border\"><\/div>\r\n                    <\/div>\r\n                    <div class = \"td-button td-item4\">\r\n                        <div class = \"td-border\"><\/div>\r\n                    <\/div>\r\n                    <div class = \"td-button td-item5\">\r\n                        <div class = \"td-border\"><\/div>\r\n                    <\/div>\r\n                    <div class = \"td-button td-item6\">\r\n                        <div class = \"td-border\"><\/div>\r\n                    <\/div>\r\n                            <\/div>\r\n                        <\/div>\r\n\r\n                    <\/div>\r\n\r\n                <\/div>\r\n                \n<p>&nbsp;<\/p>\n<p>A\u00a0Jeep\u00ae\u00a0tamb\u00e9m apoia a segunda edi\u00e7\u00e3o do projeto Estufa, que\u00a0\u00e9 uma plataforma para revelar e apresentar novas formas de criar, distribuir e produzir. Provocar di\u00e1logos e reflex\u00f5es, inspirar e influenciar comportamentos. Esse ano o projeto apresenta, al\u00e9m de desfiles de jovens marcas,\u00a0uma agenda extensa de atividades como masterclasses, talks,\u00a0feira de startups e labs.<\/p>\n<p><strong>Lounges e Carros<\/strong><\/p>\n<p>Oito modelos da marca &#8211; um Jeep Willys 1941, tr\u00eas Jeep Renegade, dois Jeep Compass, um Gran cherokee e um Wrangler- estar\u00e3o expostos. Na \u00e1rea externa pr\u00f3ximo \u00e0 entrada do evento, o visitante ver\u00e1 a Jeep Island, espa\u00e7o de recep\u00e7\u00e3o dos convidados e conviv\u00eancia ambientado com Renegade Compass, Wrangler e Gran Cherokee, al\u00e9m de coloridos Baob\u00e1s. Na parte interna, al\u00e9m do 1941\u00a0lounge, o Renegade Installation. No final do grande galp\u00e3o, o palco em que a Jeep oferecer\u00e1 um happening junto com o SPFW, ambientado com o Novo Renegade e o Compass.<\/p>\n","protected":false},"excerpt":{"rendered":"<p>Jeep\u00ae\u00a0estreia como patrocinadora da 46\u00ba\u00a0edi\u00e7\u00e3o do S\u00e3o Paulo Fashion Week, que acontece de 22 a 26 de outubro,\u00a0no espa\u00e7o Arca,\u00a0fazendo o que \u00e9 a cara e a tradi\u00e7\u00e3o da marca: contando hist\u00f3rias e promovendo experi\u00eancias. Com o conceito \u201cMake History\u201d e os quatro valores de Jeep &#8211; Autenticidade, Liberdade, Paix\u00e3o e Aventura -, a marca [&hellip;]<\/p>\n","protected":false},"author":1,"featured_media":2737,"comment_status":"open","ping_status":"open","sticky":false,"template":"","format":"standard","meta":{"tdm_status":"","tdm_grid_status":"","footnotes":""},"categories":[6],"tags":[33,154,28,601],"class_list":["post-2731","post","type-post","status-publish","format-standard","has-post-thumbnail","hentry","category-noticias","tag-estrategia","tag-jeep","tag-marketing","tag-spfw"],"yoast_head":"<!-- This site is optimized with the Yoast SEO plugin v27.5 - https:\/\/yoast.com\/product\/yoast-seo-wordpress\/ -->\n<title>Jeep estreia com oito modelos de seus carros no S\u00e3o Paulo Fashion Week - CidadeMarketing<\/title>\n<meta name=\"robots\" content=\"index, follow, max-snippet:-1, max-image-preview:large, max-video-preview:-1\" \/>\n<link rel=\"canonical\" href=\"https:\/\/www.cidademarketing.com.br\/marketing\/2018\/10\/23\/jeep-estreia-com-oito-modelos-de-seus-carros-no-sao-paulo-fashion-week\/\" \/>\n<meta property=\"og:locale\" content=\"pt_BR\" \/>\n<meta property=\"og:type\" content=\"article\" \/>\n<meta property=\"og:title\" content=\"Jeep estreia com oito modelos de seus carros no S\u00e3o Paulo Fashion Week - CidadeMarketing\" \/>\n<meta property=\"og:description\" content=\"Jeep\u00ae\u00a0estreia como patrocinadora da 46\u00ba\u00a0edi\u00e7\u00e3o do S\u00e3o Paulo Fashion Week, que acontece de 22 a 26 de outubro,\u00a0no espa\u00e7o Arca,\u00a0fazendo o que \u00e9 a cara e a tradi\u00e7\u00e3o da marca: contando hist\u00f3rias e promovendo experi\u00eancias. Com o conceito \u201cMake History\u201d e os quatro valores de Jeep &#8211; Autenticidade, Liberdade, Paix\u00e3o e Aventura -, a marca [&hellip;]\" \/>\n<meta property=\"og:url\" content=\"https:\/\/www.cidademarketing.com.br\/marketing\/2018\/10\/23\/jeep-estreia-com-oito-modelos-de-seus-carros-no-sao-paulo-fashion-week\/\" \/>\n<meta property=\"og:site_name\" content=\"CidadeMarketing\" \/>\n<meta property=\"article:publisher\" content=\"https:\/\/www.facebook.com\/portalcidademarketing\" \/>\n<meta property=\"article:author\" content=\"https:\/\/www.facebook.com\/thalesbrandao\" \/>\n<meta property=\"article:published_time\" content=\"2018-10-23T21:15:23+00:00\" \/>\n<meta property=\"og:image\" content=\"https:\/\/www.cidademarketing.com.br\/marketing\/wp-content\/uploads\/2018\/10\/Jeep-na-SPFW_6.jpg\" \/>\n\t<meta property=\"og:image:width\" content=\"2592\" \/>\n\t<meta property=\"og:image:height\" content=\"1728\" \/>\n\t<meta property=\"og:image:type\" content=\"image\/jpeg\" \/>\n<meta name=\"author\" content=\"Thales Brand\u00e3o\" \/>\n<meta name=\"twitter:card\" content=\"summary_large_image\" \/>\n<meta name=\"twitter:creator\" content=\"@http:\/\/www.twitter.com\/thalesbrandao\" \/>\n<meta name=\"twitter:site\" content=\"@CidadeMarketing\" \/>\n<meta name=\"twitter:label1\" content=\"Escrito por\" \/>\n\t<meta name=\"twitter:data1\" content=\"Thales Brand\u00e3o\" \/>\n\t<meta name=\"twitter:label2\" content=\"Est. tempo de leitura\" \/>\n\t<meta name=\"twitter:data2\" content=\"5 minutos\" \/>\n<script type=\"application\/ld+json\" class=\"yoast-schema-graph\">{\"@context\":\"https:\\\/\\\/schema.org\",\"@graph\":[{\"@type\":\"Article\",\"@id\":\"https:\\\/\\\/www.cidademarketing.com.br\\\/marketing\\\/2018\\\/10\\\/23\\\/jeep-estreia-com-oito-modelos-de-seus-carros-no-sao-paulo-fashion-week\\\/#article\",\"isPartOf\":{\"@id\":\"https:\\\/\\\/www.cidademarketing.com.br\\\/marketing\\\/2018\\\/10\\\/23\\\/jeep-estreia-com-oito-modelos-de-seus-carros-no-sao-paulo-fashion-week\\\/\"},\"author\":{\"name\":\"Thales Brand\u00e3o\",\"@id\":\"https:\\\/\\\/www.cidademarketing.com.br\\\/marketing\\\/#\\\/schema\\\/person\\\/02daff9f18bd9378c9e01eb6b2db155f\"},\"headline\":\"Jeep estreia com oito modelos de seus carros no S\u00e3o Paulo Fashion Week\",\"datePublished\":\"2018-10-23T21:15:23+00:00\",\"mainEntityOfPage\":{\"@id\":\"https:\\\/\\\/www.cidademarketing.com.br\\\/marketing\\\/2018\\\/10\\\/23\\\/jeep-estreia-com-oito-modelos-de-seus-carros-no-sao-paulo-fashion-week\\\/\"},\"wordCount\":1072,\"commentCount\":0,\"publisher\":{\"@id\":\"https:\\\/\\\/www.cidademarketing.com.br\\\/marketing\\\/#organization\"},\"image\":{\"@id\":\"https:\\\/\\\/www.cidademarketing.com.br\\\/marketing\\\/2018\\\/10\\\/23\\\/jeep-estreia-com-oito-modelos-de-seus-carros-no-sao-paulo-fashion-week\\\/#primaryimage\"},\"thumbnailUrl\":\"https:\\\/\\\/www.cidademarketing.com.br\\\/marketing\\\/wp-content\\\/uploads\\\/2018\\\/10\\\/Jeep-na-SPFW_6.jpg\",\"keywords\":[\"estrat\u00e9gia\",\"Jeep\",\"marketing\",\"SPFW\"],\"articleSection\":[\"Not\u00edcias\"],\"inLanguage\":\"pt-BR\",\"potentialAction\":[{\"@type\":\"CommentAction\",\"name\":\"Comment\",\"target\":[\"https:\\\/\\\/www.cidademarketing.com.br\\\/marketing\\\/2018\\\/10\\\/23\\\/jeep-estreia-com-oito-modelos-de-seus-carros-no-sao-paulo-fashion-week\\\/#respond\"]}]},{\"@type\":\"WebPage\",\"@id\":\"https:\\\/\\\/www.cidademarketing.com.br\\\/marketing\\\/2018\\\/10\\\/23\\\/jeep-estreia-com-oito-modelos-de-seus-carros-no-sao-paulo-fashion-week\\\/\",\"url\":\"https:\\\/\\\/www.cidademarketing.com.br\\\/marketing\\\/2018\\\/10\\\/23\\\/jeep-estreia-com-oito-modelos-de-seus-carros-no-sao-paulo-fashion-week\\\/\",\"name\":\"Jeep estreia com oito modelos de seus carros no S\u00e3o Paulo Fashion Week - CidadeMarketing\",\"isPartOf\":{\"@id\":\"https:\\\/\\\/www.cidademarketing.com.br\\\/marketing\\\/#website\"},\"primaryImageOfPage\":{\"@id\":\"https:\\\/\\\/www.cidademarketing.com.br\\\/marketing\\\/2018\\\/10\\\/23\\\/jeep-estreia-com-oito-modelos-de-seus-carros-no-sao-paulo-fashion-week\\\/#primaryimage\"},\"image\":{\"@id\":\"https:\\\/\\\/www.cidademarketing.com.br\\\/marketing\\\/2018\\\/10\\\/23\\\/jeep-estreia-com-oito-modelos-de-seus-carros-no-sao-paulo-fashion-week\\\/#primaryimage\"},\"thumbnailUrl\":\"https:\\\/\\\/www.cidademarketing.com.br\\\/marketing\\\/wp-content\\\/uploads\\\/2018\\\/10\\\/Jeep-na-SPFW_6.jpg\",\"datePublished\":\"2018-10-23T21:15:23+00:00\",\"breadcrumb\":{\"@id\":\"https:\\\/\\\/www.cidademarketing.com.br\\\/marketing\\\/2018\\\/10\\\/23\\\/jeep-estreia-com-oito-modelos-de-seus-carros-no-sao-paulo-fashion-week\\\/#breadcrumb\"},\"inLanguage\":\"pt-BR\",\"potentialAction\":[{\"@type\":\"ReadAction\",\"target\":[\"https:\\\/\\\/www.cidademarketing.com.br\\\/marketing\\\/2018\\\/10\\\/23\\\/jeep-estreia-com-oito-modelos-de-seus-carros-no-sao-paulo-fashion-week\\\/\"]}]},{\"@type\":\"ImageObject\",\"inLanguage\":\"pt-BR\",\"@id\":\"https:\\\/\\\/www.cidademarketing.com.br\\\/marketing\\\/2018\\\/10\\\/23\\\/jeep-estreia-com-oito-modelos-de-seus-carros-no-sao-paulo-fashion-week\\\/#primaryimage\",\"url\":\"https:\\\/\\\/www.cidademarketing.com.br\\\/marketing\\\/wp-content\\\/uploads\\\/2018\\\/10\\\/Jeep-na-SPFW_6.jpg\",\"contentUrl\":\"https:\\\/\\\/www.cidademarketing.com.br\\\/marketing\\\/wp-content\\\/uploads\\\/2018\\\/10\\\/Jeep-na-SPFW_6.jpg\",\"width\":2592,\"height\":1728,\"caption\":\"Reprodu\u00e7\u00e3o\"},{\"@type\":\"BreadcrumbList\",\"@id\":\"https:\\\/\\\/www.cidademarketing.com.br\\\/marketing\\\/2018\\\/10\\\/23\\\/jeep-estreia-com-oito-modelos-de-seus-carros-no-sao-paulo-fashion-week\\\/#breadcrumb\",\"itemListElement\":[{\"@type\":\"ListItem\",\"position\":1,\"name\":\"In\u00edcio\",\"item\":\"https:\\\/\\\/www.cidademarketing.com.br\\\/marketing\\\/\"},{\"@type\":\"ListItem\",\"position\":2,\"name\":\"Jeep estreia com oito modelos de seus carros no S\u00e3o Paulo Fashion Week\"}]},{\"@type\":\"WebSite\",\"@id\":\"https:\\\/\\\/www.cidademarketing.com.br\\\/marketing\\\/#website\",\"url\":\"https:\\\/\\\/www.cidademarketing.com.br\\\/marketing\\\/\",\"name\":\"CidadeMarketing\",\"description\":\"Somos um ve\u00edculo de comunica\u00e7\u00e3o de destaque no Brasil, reconhecido por conte\u00fados nos segmentos de marketing, empreendedorismo e inova\u00e7\u00e3o.\",\"publisher\":{\"@id\":\"https:\\\/\\\/www.cidademarketing.com.br\\\/marketing\\\/#organization\"},\"alternateName\":\"CidadeMarketing\",\"potentialAction\":[{\"@type\":\"SearchAction\",\"target\":{\"@type\":\"EntryPoint\",\"urlTemplate\":\"https:\\\/\\\/www.cidademarketing.com.br\\\/marketing\\\/?s={search_term_string}\"},\"query-input\":{\"@type\":\"PropertyValueSpecification\",\"valueRequired\":true,\"valueName\":\"search_term_string\"}}],\"inLanguage\":\"pt-BR\"},{\"@type\":\"Organization\",\"@id\":\"https:\\\/\\\/www.cidademarketing.com.br\\\/marketing\\\/#organization\",\"name\":\"CidadeMarketing\",\"alternateName\":\"CidadeMarketing\",\"url\":\"https:\\\/\\\/www.cidademarketing.com.br\\\/marketing\\\/\",\"logo\":{\"@type\":\"ImageObject\",\"inLanguage\":\"pt-BR\",\"@id\":\"https:\\\/\\\/www.cidademarketing.com.br\\\/marketing\\\/#\\\/schema\\\/logo\\\/image\\\/\",\"url\":\"https:\\\/\\\/www.cidademarketing.com.br\\\/marketing\\\/wp-content\\\/uploads\\\/2020\\\/01\\\/cidademarketing_marca_mobile.png\",\"contentUrl\":\"https:\\\/\\\/www.cidademarketing.com.br\\\/marketing\\\/wp-content\\\/uploads\\\/2020\\\/01\\\/cidademarketing_marca_mobile.png\",\"width\":230,\"height\":92,\"caption\":\"CidadeMarketing\"},\"image\":{\"@id\":\"https:\\\/\\\/www.cidademarketing.com.br\\\/marketing\\\/#\\\/schema\\\/logo\\\/image\\\/\"},\"sameAs\":[\"https:\\\/\\\/www.facebook.com\\\/portalcidademarketing\",\"https:\\\/\\\/x.com\\\/CidadeMarketing\",\"https:\\\/\\\/www.instagram.com\\\/cidademarketing\\\/\"]},{\"@type\":\"Person\",\"@id\":\"https:\\\/\\\/www.cidademarketing.com.br\\\/marketing\\\/#\\\/schema\\\/person\\\/02daff9f18bd9378c9e01eb6b2db155f\",\"name\":\"Thales Brand\u00e3o\",\"image\":{\"@type\":\"ImageObject\",\"inLanguage\":\"pt-BR\",\"@id\":\"https:\\\/\\\/secure.gravatar.com\\\/avatar\\\/7ca3206950207cc3cb48feec56a8a7898741ab725c368d99d5d7a5a50aab80c6?s=96&d=mm&r=g\",\"url\":\"https:\\\/\\\/secure.gravatar.com\\\/avatar\\\/7ca3206950207cc3cb48feec56a8a7898741ab725c368d99d5d7a5a50aab80c6?s=96&d=mm&r=g\",\"contentUrl\":\"https:\\\/\\\/secure.gravatar.com\\\/avatar\\\/7ca3206950207cc3cb48feec56a8a7898741ab725c368d99d5d7a5a50aab80c6?s=96&d=mm&r=g\",\"caption\":\"Thales Brand\u00e3o\"},\"description\":\"Editor Executivo do Portal CidadeMarketing.com.br &gt; Mestre em Comunica\u00e7\u00e3o e Sociedade pela Universidade Federal de Sergipe. Possui MBA Executivo em Administra\u00e7\u00e3o com \u00eanfase em Marketing pela Funda\u00e7\u00e3o Get\u00falio Vargas - Rio de Janeiro. Consultor, Palestrante e Pesquisador sobre Empreendedorismo, Marketing, Redes Sociais e Neg\u00f3cios Digitais. Professor, Palestrante TedxTalks e Campus Party. Twitter: @ThalesBrandao\",\"sameAs\":[\"http:\\\/\\\/www.mandacaru.com.br\",\"https:\\\/\\\/www.facebook.com\\\/thalesbrandao\",\"http:\\\/\\\/www.instagram.com.br\\\/thalesbrandaoferreira\",\"https:\\\/\\\/www.linkedin.com\\\/in\\\/thales-brand\u00e3o-3948609\\\/\",\"https:\\\/\\\/x.com\\\/http:\\\/\\\/www.twitter.com\\\/thalesbrandao\"],\"url\":\"https:\\\/\\\/www.cidademarketing.com.br\\\/marketing\\\/author\\\/thalesbrandao\\\/\"}]}<\/script>\n<!-- \/ Yoast SEO plugin. -->","yoast_head_json":{"title":"Jeep estreia com oito modelos de seus carros no S\u00e3o Paulo Fashion Week - CidadeMarketing","robots":{"index":"index","follow":"follow","max-snippet":"max-snippet:-1","max-image-preview":"max-image-preview:large","max-video-preview":"max-video-preview:-1"},"canonical":"https:\/\/www.cidademarketing.com.br\/marketing\/2018\/10\/23\/jeep-estreia-com-oito-modelos-de-seus-carros-no-sao-paulo-fashion-week\/","og_locale":"pt_BR","og_type":"article","og_title":"Jeep estreia com oito modelos de seus carros no S\u00e3o Paulo Fashion Week - CidadeMarketing","og_description":"Jeep\u00ae\u00a0estreia como patrocinadora da 46\u00ba\u00a0edi\u00e7\u00e3o do S\u00e3o Paulo Fashion Week, que acontece de 22 a 26 de outubro,\u00a0no espa\u00e7o Arca,\u00a0fazendo o que \u00e9 a cara e a tradi\u00e7\u00e3o da marca: contando hist\u00f3rias e promovendo experi\u00eancias. Com o conceito \u201cMake History\u201d e os quatro valores de Jeep &#8211; Autenticidade, Liberdade, Paix\u00e3o e Aventura -, a marca [&hellip;]","og_url":"https:\/\/www.cidademarketing.com.br\/marketing\/2018\/10\/23\/jeep-estreia-com-oito-modelos-de-seus-carros-no-sao-paulo-fashion-week\/","og_site_name":"CidadeMarketing","article_publisher":"https:\/\/www.facebook.com\/portalcidademarketing","article_author":"https:\/\/www.facebook.com\/thalesbrandao","article_published_time":"2018-10-23T21:15:23+00:00","og_image":[{"width":2592,"height":1728,"url":"https:\/\/www.cidademarketing.com.br\/marketing\/wp-content\/uploads\/2018\/10\/Jeep-na-SPFW_6.jpg","type":"image\/jpeg"}],"author":"Thales Brand\u00e3o","twitter_card":"summary_large_image","twitter_creator":"@http:\/\/www.twitter.com\/thalesbrandao","twitter_site":"@CidadeMarketing","twitter_misc":{"Escrito por":"Thales Brand\u00e3o","Est. tempo de leitura":"5 minutos"},"schema":{"@context":"https:\/\/schema.org","@graph":[{"@type":"Article","@id":"https:\/\/www.cidademarketing.com.br\/marketing\/2018\/10\/23\/jeep-estreia-com-oito-modelos-de-seus-carros-no-sao-paulo-fashion-week\/#article","isPartOf":{"@id":"https:\/\/www.cidademarketing.com.br\/marketing\/2018\/10\/23\/jeep-estreia-com-oito-modelos-de-seus-carros-no-sao-paulo-fashion-week\/"},"author":{"name":"Thales Brand\u00e3o","@id":"https:\/\/www.cidademarketing.com.br\/marketing\/#\/schema\/person\/02daff9f18bd9378c9e01eb6b2db155f"},"headline":"Jeep estreia com oito modelos de seus carros no S\u00e3o Paulo Fashion Week","datePublished":"2018-10-23T21:15:23+00:00","mainEntityOfPage":{"@id":"https:\/\/www.cidademarketing.com.br\/marketing\/2018\/10\/23\/jeep-estreia-com-oito-modelos-de-seus-carros-no-sao-paulo-fashion-week\/"},"wordCount":1072,"commentCount":0,"publisher":{"@id":"https:\/\/www.cidademarketing.com.br\/marketing\/#organization"},"image":{"@id":"https:\/\/www.cidademarketing.com.br\/marketing\/2018\/10\/23\/jeep-estreia-com-oito-modelos-de-seus-carros-no-sao-paulo-fashion-week\/#primaryimage"},"thumbnailUrl":"https:\/\/www.cidademarketing.com.br\/marketing\/wp-content\/uploads\/2018\/10\/Jeep-na-SPFW_6.jpg","keywords":["estrat\u00e9gia","Jeep","marketing","SPFW"],"articleSection":["Not\u00edcias"],"inLanguage":"pt-BR","potentialAction":[{"@type":"CommentAction","name":"Comment","target":["https:\/\/www.cidademarketing.com.br\/marketing\/2018\/10\/23\/jeep-estreia-com-oito-modelos-de-seus-carros-no-sao-paulo-fashion-week\/#respond"]}]},{"@type":"WebPage","@id":"https:\/\/www.cidademarketing.com.br\/marketing\/2018\/10\/23\/jeep-estreia-com-oito-modelos-de-seus-carros-no-sao-paulo-fashion-week\/","url":"https:\/\/www.cidademarketing.com.br\/marketing\/2018\/10\/23\/jeep-estreia-com-oito-modelos-de-seus-carros-no-sao-paulo-fashion-week\/","name":"Jeep estreia com oito modelos de seus carros no S\u00e3o Paulo Fashion Week - CidadeMarketing","isPartOf":{"@id":"https:\/\/www.cidademarketing.com.br\/marketing\/#website"},"primaryImageOfPage":{"@id":"https:\/\/www.cidademarketing.com.br\/marketing\/2018\/10\/23\/jeep-estreia-com-oito-modelos-de-seus-carros-no-sao-paulo-fashion-week\/#primaryimage"},"image":{"@id":"https:\/\/www.cidademarketing.com.br\/marketing\/2018\/10\/23\/jeep-estreia-com-oito-modelos-de-seus-carros-no-sao-paulo-fashion-week\/#primaryimage"},"thumbnailUrl":"https:\/\/www.cidademarketing.com.br\/marketing\/wp-content\/uploads\/2018\/10\/Jeep-na-SPFW_6.jpg","datePublished":"2018-10-23T21:15:23+00:00","breadcrumb":{"@id":"https:\/\/www.cidademarketing.com.br\/marketing\/2018\/10\/23\/jeep-estreia-com-oito-modelos-de-seus-carros-no-sao-paulo-fashion-week\/#breadcrumb"},"inLanguage":"pt-BR","potentialAction":[{"@type":"ReadAction","target":["https:\/\/www.cidademarketing.com.br\/marketing\/2018\/10\/23\/jeep-estreia-com-oito-modelos-de-seus-carros-no-sao-paulo-fashion-week\/"]}]},{"@type":"ImageObject","inLanguage":"pt-BR","@id":"https:\/\/www.cidademarketing.com.br\/marketing\/2018\/10\/23\/jeep-estreia-com-oito-modelos-de-seus-carros-no-sao-paulo-fashion-week\/#primaryimage","url":"https:\/\/www.cidademarketing.com.br\/marketing\/wp-content\/uploads\/2018\/10\/Jeep-na-SPFW_6.jpg","contentUrl":"https:\/\/www.cidademarketing.com.br\/marketing\/wp-content\/uploads\/2018\/10\/Jeep-na-SPFW_6.jpg","width":2592,"height":1728,"caption":"Reprodu\u00e7\u00e3o"},{"@type":"BreadcrumbList","@id":"https:\/\/www.cidademarketing.com.br\/marketing\/2018\/10\/23\/jeep-estreia-com-oito-modelos-de-seus-carros-no-sao-paulo-fashion-week\/#breadcrumb","itemListElement":[{"@type":"ListItem","position":1,"name":"In\u00edcio","item":"https:\/\/www.cidademarketing.com.br\/marketing\/"},{"@type":"ListItem","position":2,"name":"Jeep estreia com oito modelos de seus carros no S\u00e3o Paulo Fashion Week"}]},{"@type":"WebSite","@id":"https:\/\/www.cidademarketing.com.br\/marketing\/#website","url":"https:\/\/www.cidademarketing.com.br\/marketing\/","name":"CidadeMarketing","description":"Somos um ve\u00edculo de comunica\u00e7\u00e3o de destaque no Brasil, reconhecido por conte\u00fados nos segmentos de marketing, empreendedorismo e inova\u00e7\u00e3o.","publisher":{"@id":"https:\/\/www.cidademarketing.com.br\/marketing\/#organization"},"alternateName":"CidadeMarketing","potentialAction":[{"@type":"SearchAction","target":{"@type":"EntryPoint","urlTemplate":"https:\/\/www.cidademarketing.com.br\/marketing\/?s={search_term_string}"},"query-input":{"@type":"PropertyValueSpecification","valueRequired":true,"valueName":"search_term_string"}}],"inLanguage":"pt-BR"},{"@type":"Organization","@id":"https:\/\/www.cidademarketing.com.br\/marketing\/#organization","name":"CidadeMarketing","alternateName":"CidadeMarketing","url":"https:\/\/www.cidademarketing.com.br\/marketing\/","logo":{"@type":"ImageObject","inLanguage":"pt-BR","@id":"https:\/\/www.cidademarketing.com.br\/marketing\/#\/schema\/logo\/image\/","url":"https:\/\/www.cidademarketing.com.br\/marketing\/wp-content\/uploads\/2020\/01\/cidademarketing_marca_mobile.png","contentUrl":"https:\/\/www.cidademarketing.com.br\/marketing\/wp-content\/uploads\/2020\/01\/cidademarketing_marca_mobile.png","width":230,"height":92,"caption":"CidadeMarketing"},"image":{"@id":"https:\/\/www.cidademarketing.com.br\/marketing\/#\/schema\/logo\/image\/"},"sameAs":["https:\/\/www.facebook.com\/portalcidademarketing","https:\/\/x.com\/CidadeMarketing","https:\/\/www.instagram.com\/cidademarketing\/"]},{"@type":"Person","@id":"https:\/\/www.cidademarketing.com.br\/marketing\/#\/schema\/person\/02daff9f18bd9378c9e01eb6b2db155f","name":"Thales Brand\u00e3o","image":{"@type":"ImageObject","inLanguage":"pt-BR","@id":"https:\/\/secure.gravatar.com\/avatar\/7ca3206950207cc3cb48feec56a8a7898741ab725c368d99d5d7a5a50aab80c6?s=96&d=mm&r=g","url":"https:\/\/secure.gravatar.com\/avatar\/7ca3206950207cc3cb48feec56a8a7898741ab725c368d99d5d7a5a50aab80c6?s=96&d=mm&r=g","contentUrl":"https:\/\/secure.gravatar.com\/avatar\/7ca3206950207cc3cb48feec56a8a7898741ab725c368d99d5d7a5a50aab80c6?s=96&d=mm&r=g","caption":"Thales Brand\u00e3o"},"description":"Editor Executivo do Portal CidadeMarketing.com.br &gt; Mestre em Comunica\u00e7\u00e3o e Sociedade pela Universidade Federal de Sergipe. Possui MBA Executivo em Administra\u00e7\u00e3o com \u00eanfase em Marketing pela Funda\u00e7\u00e3o Get\u00falio Vargas - Rio de Janeiro. Consultor, Palestrante e Pesquisador sobre Empreendedorismo, Marketing, Redes Sociais e Neg\u00f3cios Digitais. Professor, Palestrante TedxTalks e Campus Party. Twitter: @ThalesBrandao","sameAs":["http:\/\/www.mandacaru.com.br","https:\/\/www.facebook.com\/thalesbrandao","http:\/\/www.instagram.com.br\/thalesbrandaoferreira","https:\/\/www.linkedin.com\/in\/thales-brand\u00e3o-3948609\/","https:\/\/x.com\/http:\/\/www.twitter.com\/thalesbrandao"],"url":"https:\/\/www.cidademarketing.com.br\/marketing\/author\/thalesbrandao\/"}]}},"amp_enabled":true,"_links":{"self":[{"href":"https:\/\/www.cidademarketing.com.br\/marketing\/wp-json\/wp\/v2\/posts\/2731","targetHints":{"allow":["GET"]}}],"collection":[{"href":"https:\/\/www.cidademarketing.com.br\/marketing\/wp-json\/wp\/v2\/posts"}],"about":[{"href":"https:\/\/www.cidademarketing.com.br\/marketing\/wp-json\/wp\/v2\/types\/post"}],"author":[{"embeddable":true,"href":"https:\/\/www.cidademarketing.com.br\/marketing\/wp-json\/wp\/v2\/users\/1"}],"replies":[{"embeddable":true,"href":"https:\/\/www.cidademarketing.com.br\/marketing\/wp-json\/wp\/v2\/comments?post=2731"}],"version-history":[{"count":1,"href":"https:\/\/www.cidademarketing.com.br\/marketing\/wp-json\/wp\/v2\/posts\/2731\/revisions"}],"predecessor-version":[{"id":2738,"href":"https:\/\/www.cidademarketing.com.br\/marketing\/wp-json\/wp\/v2\/posts\/2731\/revisions\/2738"}],"wp:featuredmedia":[{"embeddable":true,"href":"https:\/\/www.cidademarketing.com.br\/marketing\/wp-json\/wp\/v2\/media\/2737"}],"wp:attachment":[{"href":"https:\/\/www.cidademarketing.com.br\/marketing\/wp-json\/wp\/v2\/media?parent=2731"}],"wp:term":[{"taxonomy":"category","embeddable":true,"href":"https:\/\/www.cidademarketing.com.br\/marketing\/wp-json\/wp\/v2\/categories?post=2731"},{"taxonomy":"post_tag","embeddable":true,"href":"https:\/\/www.cidademarketing.com.br\/marketing\/wp-json\/wp\/v2\/tags?post=2731"}],"curies":[{"name":"wp","href":"https:\/\/api.w.org\/{rel}","templated":true}]}}