{"id":27207,"date":"2021-08-12T22:20:06","date_gmt":"2021-08-13T01:20:06","guid":{"rendered":"https:\/\/www.cidademarketing.com.br\/marketing\/?p=27207"},"modified":"2021-08-12T22:20:08","modified_gmt":"2021-08-13T01:20:08","slug":"tv-brasil-presta-tributo-aos-atores-tarcisio-meira-e-paulo-jose","status":"publish","type":"post","link":"https:\/\/www.cidademarketing.com.br\/marketing\/2021\/08\/12\/tv-brasil-presta-tributo-aos-atores-tarcisio-meira-e-paulo-jose\/","title":{"rendered":"TV Brasil presta tributo aos atores Tarc\u00edsio Meira e Paulo Jos\u00e9"},"content":{"rendered":"\n<p>Em homenagem \u00e0 vida e ao legado de Paulo Jos\u00e9 e Tarc\u00edsio Meira, a TV Brasil exibe dois filmes com a participa\u00e7\u00e3o desses premiados atores. Paulo Jos\u00e9 faleceu no dia 11 de agosto, aos 84 anos, em consequ\u00eancia de uma pneumonia. Tarc\u00edsio Meira morreu hoje, dia 12, aos 85 anos, v\u00edtima da Covid-19.<\/p>\n\n\n\n<p><\/p>\n\n\n\n<figure class=\"wp-block-gallery columns-3 is-cropped wp-block-gallery-1 is-layout-flex wp-block-gallery-is-layout-flex\"><ul class=\"blocks-gallery-grid\"><li class=\"blocks-gallery-item\"><figure><img fetchpriority=\"high\" decoding=\"async\" width=\"652\" height=\"408\" src=\"https:\/\/www.cidademarketing.com.br\/marketing\/wp-content\/uploads\/2021\/08\/O-Palhaco-1.jpg\" alt=\"\" data-id=\"27208\" data-full-url=\"https:\/\/www.cidademarketing.com.br\/marketing\/wp-content\/uploads\/2021\/08\/O-Palhaco-1.jpg\" data-link=\"https:\/\/www.cidademarketing.com.br\/marketing\/?attachment_id=27208\" class=\"wp-image-27208\" srcset=\"https:\/\/www.cidademarketing.com.br\/marketing\/wp-content\/uploads\/2021\/08\/O-Palhaco-1.jpg 652w, https:\/\/www.cidademarketing.com.br\/marketing\/wp-content\/uploads\/2021\/08\/O-Palhaco-1-300x188.jpg 300w, https:\/\/www.cidademarketing.com.br\/marketing\/wp-content\/uploads\/2021\/08\/O-Palhaco-1-640x400.jpg 640w\" sizes=\"(max-width: 652px) 100vw, 652px\" \/><\/figure><\/li><li class=\"blocks-gallery-item\"><figure><img decoding=\"async\" width=\"1024\" height=\"681\" src=\"https:\/\/www.cidademarketing.com.br\/marketing\/wp-content\/uploads\/2021\/08\/O-Palhaco-2-1024x681.jpg\" alt=\"\" data-id=\"27209\" data-full-url=\"https:\/\/www.cidademarketing.com.br\/marketing\/wp-content\/uploads\/2021\/08\/O-Palhaco-2.jpg\" data-link=\"https:\/\/www.cidademarketing.com.br\/marketing\/?attachment_id=27209\" class=\"wp-image-27209\" srcset=\"https:\/\/www.cidademarketing.com.br\/marketing\/wp-content\/uploads\/2021\/08\/O-Palhaco-2-1024x681.jpg 1024w, https:\/\/www.cidademarketing.com.br\/marketing\/wp-content\/uploads\/2021\/08\/O-Palhaco-2-300x199.jpg 300w, https:\/\/www.cidademarketing.com.br\/marketing\/wp-content\/uploads\/2021\/08\/O-Palhaco-2-768x511.jpg 768w, https:\/\/www.cidademarketing.com.br\/marketing\/wp-content\/uploads\/2021\/08\/O-Palhaco-2-632x420.jpg 632w, https:\/\/www.cidademarketing.com.br\/marketing\/wp-content\/uploads\/2021\/08\/O-Palhaco-2-640x426.jpg 640w, https:\/\/www.cidademarketing.com.br\/marketing\/wp-content\/uploads\/2021\/08\/O-Palhaco-2-681x453.jpg 681w, https:\/\/www.cidademarketing.com.br\/marketing\/wp-content\/uploads\/2021\/08\/O-Palhaco-2.jpg 1280w\" sizes=\"(max-width: 1024px) 100vw, 1024px\" \/><\/figure><\/li><li class=\"blocks-gallery-item\"><figure><img decoding=\"async\" width=\"1024\" height=\"576\" src=\"https:\/\/www.cidademarketing.com.br\/marketing\/wp-content\/uploads\/2021\/08\/O-Palhaco-3-1024x576.jpg\" alt=\"\" data-id=\"27210\" data-full-url=\"https:\/\/www.cidademarketing.com.br\/marketing\/wp-content\/uploads\/2021\/08\/O-Palhaco-3.jpg\" data-link=\"https:\/\/www.cidademarketing.com.br\/marketing\/?attachment_id=27210\" class=\"wp-image-27210\" srcset=\"https:\/\/www.cidademarketing.com.br\/marketing\/wp-content\/uploads\/2021\/08\/O-Palhaco-3-1024x576.jpg 1024w, https:\/\/www.cidademarketing.com.br\/marketing\/wp-content\/uploads\/2021\/08\/O-Palhaco-3-300x169.jpg 300w, https:\/\/www.cidademarketing.com.br\/marketing\/wp-content\/uploads\/2021\/08\/O-Palhaco-3-768x432.jpg 768w, https:\/\/www.cidademarketing.com.br\/marketing\/wp-content\/uploads\/2021\/08\/O-Palhaco-3-747x420.jpg 747w, https:\/\/www.cidademarketing.com.br\/marketing\/wp-content\/uploads\/2021\/08\/O-Palhaco-3-640x360.jpg 640w, https:\/\/www.cidademarketing.com.br\/marketing\/wp-content\/uploads\/2021\/08\/O-Palhaco-3-681x383.jpg 681w, https:\/\/www.cidademarketing.com.br\/marketing\/wp-content\/uploads\/2021\/08\/O-Palhaco-3.jpg 1280w\" sizes=\"(max-width: 1024px) 100vw, 1024px\" \/><\/figure><\/li><li class=\"blocks-gallery-item\"><figure><img loading=\"lazy\" decoding=\"async\" width=\"700\" height=\"500\" src=\"https:\/\/www.cidademarketing.com.br\/marketing\/wp-content\/uploads\/2021\/08\/O-Palhaco-4.jpg\" alt=\"\" data-id=\"27211\" data-full-url=\"https:\/\/www.cidademarketing.com.br\/marketing\/wp-content\/uploads\/2021\/08\/O-Palhaco-4.jpg\" data-link=\"https:\/\/www.cidademarketing.com.br\/marketing\/?attachment_id=27211\" class=\"wp-image-27211\" srcset=\"https:\/\/www.cidademarketing.com.br\/marketing\/wp-content\/uploads\/2021\/08\/O-Palhaco-4.jpg 700w, https:\/\/www.cidademarketing.com.br\/marketing\/wp-content\/uploads\/2021\/08\/O-Palhaco-4-300x214.jpg 300w, https:\/\/www.cidademarketing.com.br\/marketing\/wp-content\/uploads\/2021\/08\/O-Palhaco-4-588x420.jpg 588w, https:\/\/www.cidademarketing.com.br\/marketing\/wp-content\/uploads\/2021\/08\/O-Palhaco-4-640x457.jpg 640w, https:\/\/www.cidademarketing.com.br\/marketing\/wp-content\/uploads\/2021\/08\/O-Palhaco-4-681x486.jpg 681w\" sizes=\"(max-width: 700px) 100vw, 700px\" \/><\/figure><\/li><li class=\"blocks-gallery-item\"><figure><img loading=\"lazy\" decoding=\"async\" width=\"1024\" height=\"576\" src=\"https:\/\/www.cidademarketing.com.br\/marketing\/wp-content\/uploads\/2021\/08\/O-Palhaco-5-1024x576.jpg\" alt=\"\" data-id=\"27212\" data-full-url=\"https:\/\/www.cidademarketing.com.br\/marketing\/wp-content\/uploads\/2021\/08\/O-Palhaco-5.jpg\" data-link=\"https:\/\/www.cidademarketing.com.br\/marketing\/?attachment_id=27212\" class=\"wp-image-27212\" srcset=\"https:\/\/www.cidademarketing.com.br\/marketing\/wp-content\/uploads\/2021\/08\/O-Palhaco-5-1024x576.jpg 1024w, https:\/\/www.cidademarketing.com.br\/marketing\/wp-content\/uploads\/2021\/08\/O-Palhaco-5-300x169.jpg 300w, https:\/\/www.cidademarketing.com.br\/marketing\/wp-content\/uploads\/2021\/08\/O-Palhaco-5-768x432.jpg 768w, https:\/\/www.cidademarketing.com.br\/marketing\/wp-content\/uploads\/2021\/08\/O-Palhaco-5-1536x864.jpg 1536w, https:\/\/www.cidademarketing.com.br\/marketing\/wp-content\/uploads\/2021\/08\/O-Palhaco-5-747x420.jpg 747w, https:\/\/www.cidademarketing.com.br\/marketing\/wp-content\/uploads\/2021\/08\/O-Palhaco-5-640x360.jpg 640w, https:\/\/www.cidademarketing.com.br\/marketing\/wp-content\/uploads\/2021\/08\/O-Palhaco-5-681x383.jpg 681w, https:\/\/www.cidademarketing.com.br\/marketing\/wp-content\/uploads\/2021\/08\/O-Palhaco-5.jpg 1920w\" sizes=\"(max-width: 1024px) 100vw, 1024px\" \/><\/figure><\/li><li class=\"blocks-gallery-item\"><figure><img loading=\"lazy\" decoding=\"async\" width=\"639\" height=\"428\" src=\"https:\/\/www.cidademarketing.com.br\/marketing\/wp-content\/uploads\/2021\/08\/O-Palhaco-6.jpg\" alt=\"\" data-id=\"27213\" data-full-url=\"https:\/\/www.cidademarketing.com.br\/marketing\/wp-content\/uploads\/2021\/08\/O-Palhaco-6.jpg\" data-link=\"https:\/\/www.cidademarketing.com.br\/marketing\/?attachment_id=27213\" class=\"wp-image-27213\" srcset=\"https:\/\/www.cidademarketing.com.br\/marketing\/wp-content\/uploads\/2021\/08\/O-Palhaco-6.jpg 639w, https:\/\/www.cidademarketing.com.br\/marketing\/wp-content\/uploads\/2021\/08\/O-Palhaco-6-300x201.jpg 300w, https:\/\/www.cidademarketing.com.br\/marketing\/wp-content\/uploads\/2021\/08\/O-Palhaco-6-627x420.jpg 627w, https:\/\/www.cidademarketing.com.br\/marketing\/wp-content\/uploads\/2021\/08\/O-Palhaco-6-537x360.jpg 537w\" sizes=\"(max-width: 639px) 100vw, 639px\" \/><\/figure><\/li><li class=\"blocks-gallery-item\"><figure><img loading=\"lazy\" decoding=\"async\" width=\"624\" height=\"352\" src=\"https:\/\/www.cidademarketing.com.br\/marketing\/wp-content\/uploads\/2021\/08\/O-Palhaco-7.png\" alt=\"\" data-id=\"27214\" data-full-url=\"https:\/\/www.cidademarketing.com.br\/marketing\/wp-content\/uploads\/2021\/08\/O-Palhaco-7.png\" data-link=\"https:\/\/www.cidademarketing.com.br\/marketing\/?attachment_id=27214\" class=\"wp-image-27214\" srcset=\"https:\/\/www.cidademarketing.com.br\/marketing\/wp-content\/uploads\/2021\/08\/O-Palhaco-7.png 624w, https:\/\/www.cidademarketing.com.br\/marketing\/wp-content\/uploads\/2021\/08\/O-Palhaco-7-300x169.png 300w\" sizes=\"(max-width: 624px) 100vw, 624px\" \/><\/figure><\/li><li class=\"blocks-gallery-item\"><figure><img loading=\"lazy\" decoding=\"async\" width=\"795\" height=\"479\" src=\"https:\/\/www.cidademarketing.com.br\/marketing\/wp-content\/uploads\/2021\/08\/Quele-do-Pajeu-1.jpg\" alt=\"\" data-id=\"27215\" data-full-url=\"https:\/\/www.cidademarketing.com.br\/marketing\/wp-content\/uploads\/2021\/08\/Quele-do-Pajeu-1.jpg\" data-link=\"https:\/\/www.cidademarketing.com.br\/marketing\/?attachment_id=27215\" class=\"wp-image-27215\" srcset=\"https:\/\/www.cidademarketing.com.br\/marketing\/wp-content\/uploads\/2021\/08\/Quele-do-Pajeu-1.jpg 795w, https:\/\/www.cidademarketing.com.br\/marketing\/wp-content\/uploads\/2021\/08\/Quele-do-Pajeu-1-300x181.jpg 300w, https:\/\/www.cidademarketing.com.br\/marketing\/wp-content\/uploads\/2021\/08\/Quele-do-Pajeu-1-768x463.jpg 768w, https:\/\/www.cidademarketing.com.br\/marketing\/wp-content\/uploads\/2021\/08\/Quele-do-Pajeu-1-697x420.jpg 697w, https:\/\/www.cidademarketing.com.br\/marketing\/wp-content\/uploads\/2021\/08\/Quele-do-Pajeu-1-640x386.jpg 640w, https:\/\/www.cidademarketing.com.br\/marketing\/wp-content\/uploads\/2021\/08\/Quele-do-Pajeu-1-681x410.jpg 681w\" sizes=\"(max-width: 795px) 100vw, 795px\" \/><\/figure><\/li><li class=\"blocks-gallery-item\"><figure><img loading=\"lazy\" decoding=\"async\" width=\"1024\" height=\"619\" src=\"https:\/\/www.cidademarketing.com.br\/marketing\/wp-content\/uploads\/2021\/08\/Quele-do-Pajeu-2-1024x619.jpg\" alt=\"\" data-id=\"27216\" data-full-url=\"https:\/\/www.cidademarketing.com.br\/marketing\/wp-content\/uploads\/2021\/08\/Quele-do-Pajeu-2.jpg\" data-link=\"https:\/\/www.cidademarketing.com.br\/marketing\/?attachment_id=27216\" class=\"wp-image-27216\" srcset=\"https:\/\/www.cidademarketing.com.br\/marketing\/wp-content\/uploads\/2021\/08\/Quele-do-Pajeu-2-1024x619.jpg 1024w, https:\/\/www.cidademarketing.com.br\/marketing\/wp-content\/uploads\/2021\/08\/Quele-do-Pajeu-2-300x181.jpg 300w, https:\/\/www.cidademarketing.com.br\/marketing\/wp-content\/uploads\/2021\/08\/Quele-do-Pajeu-2-768x464.jpg 768w, https:\/\/www.cidademarketing.com.br\/marketing\/wp-content\/uploads\/2021\/08\/Quele-do-Pajeu-2-695x420.jpg 695w, https:\/\/www.cidademarketing.com.br\/marketing\/wp-content\/uploads\/2021\/08\/Quele-do-Pajeu-2-640x387.jpg 640w, https:\/\/www.cidademarketing.com.br\/marketing\/wp-content\/uploads\/2021\/08\/Quele-do-Pajeu-2-681x412.jpg 681w, https:\/\/www.cidademarketing.com.br\/marketing\/wp-content\/uploads\/2021\/08\/Quele-do-Pajeu-2.jpg 1259w\" sizes=\"(max-width: 1024px) 100vw, 1024px\" \/><\/figure><\/li><li class=\"blocks-gallery-item\"><figure><img loading=\"lazy\" decoding=\"async\" width=\"1024\" height=\"618\" src=\"https:\/\/www.cidademarketing.com.br\/marketing\/wp-content\/uploads\/2021\/08\/Quele-do-Pajeu-3-1024x618.jpg\" alt=\"\" data-id=\"27217\" data-full-url=\"https:\/\/www.cidademarketing.com.br\/marketing\/wp-content\/uploads\/2021\/08\/Quele-do-Pajeu-3.jpg\" data-link=\"https:\/\/www.cidademarketing.com.br\/marketing\/?attachment_id=27217\" class=\"wp-image-27217\" srcset=\"https:\/\/www.cidademarketing.com.br\/marketing\/wp-content\/uploads\/2021\/08\/Quele-do-Pajeu-3-1024x618.jpg 1024w, https:\/\/www.cidademarketing.com.br\/marketing\/wp-content\/uploads\/2021\/08\/Quele-do-Pajeu-3-300x181.jpg 300w, https:\/\/www.cidademarketing.com.br\/marketing\/wp-content\/uploads\/2021\/08\/Quele-do-Pajeu-3-768x463.jpg 768w, https:\/\/www.cidademarketing.com.br\/marketing\/wp-content\/uploads\/2021\/08\/Quele-do-Pajeu-3-696x420.jpg 696w, https:\/\/www.cidademarketing.com.br\/marketing\/wp-content\/uploads\/2021\/08\/Quele-do-Pajeu-3-640x386.jpg 640w, https:\/\/www.cidademarketing.com.br\/marketing\/wp-content\/uploads\/2021\/08\/Quele-do-Pajeu-3-681x411.jpg 681w, https:\/\/www.cidademarketing.com.br\/marketing\/wp-content\/uploads\/2021\/08\/Quele-do-Pajeu-3.jpg 1255w\" sizes=\"(max-width: 1024px) 100vw, 1024px\" \/><\/figure><\/li><li class=\"blocks-gallery-item\"><figure><img loading=\"lazy\" decoding=\"async\" width=\"1024\" height=\"624\" src=\"https:\/\/www.cidademarketing.com.br\/marketing\/wp-content\/uploads\/2021\/08\/Quele-do-Pajeu-4-1024x624.jpg\" alt=\"\" data-id=\"27218\" data-full-url=\"https:\/\/www.cidademarketing.com.br\/marketing\/wp-content\/uploads\/2021\/08\/Quele-do-Pajeu-4.jpg\" data-link=\"https:\/\/www.cidademarketing.com.br\/marketing\/?attachment_id=27218\" class=\"wp-image-27218\" srcset=\"https:\/\/www.cidademarketing.com.br\/marketing\/wp-content\/uploads\/2021\/08\/Quele-do-Pajeu-4-1024x624.jpg 1024w, https:\/\/www.cidademarketing.com.br\/marketing\/wp-content\/uploads\/2021\/08\/Quele-do-Pajeu-4-300x183.jpg 300w, https:\/\/www.cidademarketing.com.br\/marketing\/wp-content\/uploads\/2021\/08\/Quele-do-Pajeu-4-768x468.jpg 768w, https:\/\/www.cidademarketing.com.br\/marketing\/wp-content\/uploads\/2021\/08\/Quele-do-Pajeu-4-689x420.jpg 689w, https:\/\/www.cidademarketing.com.br\/marketing\/wp-content\/uploads\/2021\/08\/Quele-do-Pajeu-4-640x390.jpg 640w, https:\/\/www.cidademarketing.com.br\/marketing\/wp-content\/uploads\/2021\/08\/Quele-do-Pajeu-4-681x415.jpg 681w, https:\/\/www.cidademarketing.com.br\/marketing\/wp-content\/uploads\/2021\/08\/Quele-do-Pajeu-4.jpg 1249w\" sizes=\"(max-width: 1024px) 100vw, 1024px\" \/><\/figure><\/li><li class=\"blocks-gallery-item\"><figure><img loading=\"lazy\" decoding=\"async\" width=\"1024\" height=\"625\" src=\"https:\/\/www.cidademarketing.com.br\/marketing\/wp-content\/uploads\/2021\/08\/Quele-do-Pajeu-5-1024x625.jpg\" alt=\"\" data-id=\"27219\" data-full-url=\"https:\/\/www.cidademarketing.com.br\/marketing\/wp-content\/uploads\/2021\/08\/Quele-do-Pajeu-5.jpg\" data-link=\"https:\/\/www.cidademarketing.com.br\/marketing\/?attachment_id=27219\" class=\"wp-image-27219\" srcset=\"https:\/\/www.cidademarketing.com.br\/marketing\/wp-content\/uploads\/2021\/08\/Quele-do-Pajeu-5-1024x625.jpg 1024w, https:\/\/www.cidademarketing.com.br\/marketing\/wp-content\/uploads\/2021\/08\/Quele-do-Pajeu-5-300x183.jpg 300w, https:\/\/www.cidademarketing.com.br\/marketing\/wp-content\/uploads\/2021\/08\/Quele-do-Pajeu-5-768x469.jpg 768w, https:\/\/www.cidademarketing.com.br\/marketing\/wp-content\/uploads\/2021\/08\/Quele-do-Pajeu-5-688x420.jpg 688w, https:\/\/www.cidademarketing.com.br\/marketing\/wp-content\/uploads\/2021\/08\/Quele-do-Pajeu-5-640x391.jpg 640w, https:\/\/www.cidademarketing.com.br\/marketing\/wp-content\/uploads\/2021\/08\/Quele-do-Pajeu-5-681x416.jpg 681w, https:\/\/www.cidademarketing.com.br\/marketing\/wp-content\/uploads\/2021\/08\/Quele-do-Pajeu-5.jpg 1253w\" sizes=\"(max-width: 1024px) 100vw, 1024px\" \/><\/figure><\/li><li class=\"blocks-gallery-item\"><figure><img loading=\"lazy\" decoding=\"async\" width=\"1024\" height=\"616\" src=\"https:\/\/www.cidademarketing.com.br\/marketing\/wp-content\/uploads\/2021\/08\/Quele-do-Pajeu-6-1024x616.jpg\" alt=\"\" data-id=\"27220\" data-full-url=\"https:\/\/www.cidademarketing.com.br\/marketing\/wp-content\/uploads\/2021\/08\/Quele-do-Pajeu-6.jpg\" data-link=\"https:\/\/www.cidademarketing.com.br\/marketing\/?attachment_id=27220\" class=\"wp-image-27220\" srcset=\"https:\/\/www.cidademarketing.com.br\/marketing\/wp-content\/uploads\/2021\/08\/Quele-do-Pajeu-6-1024x616.jpg 1024w, https:\/\/www.cidademarketing.com.br\/marketing\/wp-content\/uploads\/2021\/08\/Quele-do-Pajeu-6-300x180.jpg 300w, https:\/\/www.cidademarketing.com.br\/marketing\/wp-content\/uploads\/2021\/08\/Quele-do-Pajeu-6-768x462.jpg 768w, https:\/\/www.cidademarketing.com.br\/marketing\/wp-content\/uploads\/2021\/08\/Quele-do-Pajeu-6-699x420.jpg 699w, https:\/\/www.cidademarketing.com.br\/marketing\/wp-content\/uploads\/2021\/08\/Quele-do-Pajeu-6-640x385.jpg 640w, https:\/\/www.cidademarketing.com.br\/marketing\/wp-content\/uploads\/2021\/08\/Quele-do-Pajeu-6-681x409.jpg 681w, https:\/\/www.cidademarketing.com.br\/marketing\/wp-content\/uploads\/2021\/08\/Quele-do-Pajeu-6.jpg 1259w\" sizes=\"(max-width: 1024px) 100vw, 1024px\" \/><\/figure><\/li><\/ul><\/figure>\n\n\n\n<p><\/p>\n\n\n\n<p>\u00c0s <strong>22h30<\/strong>, a sess\u00e3o Cine Retr\u00f4 exibe \u201c<strong>Quel\u00e9 do Paje\u00fa\u201d (1969)<\/strong>, drama de Anselmo Duarte que traz Tarc\u00edsio no papel do protagonista Clemente Celid\u00f4nio. O longa-metragem havia sido dado como perdido no come\u00e7o dos anos 1970 e foi reencontrado mais de quatro d\u00e9cadas depois.<\/p>\n\n\n\n<p>Amanh\u00e3, <strong>sexta-feira (13)<\/strong>, \u00e0s 13h, a Sess\u00e3o Fam\u00edlia apresenta \u201c<strong>O Palha\u00e7o\u201d (2011)<\/strong>, com uma memor\u00e1vel atua\u00e7\u00e3o de Paulo Jos\u00e9 ao lado de Selton Mello. Em 2015, o drama foi eleito pela Associa\u00e7\u00e3o Brasileira de Cr\u00edticos de Cinema (Abraccine) um dos 100 melhores filmes brasileiros de todos os tempos.<br><br><strong>Cine Retr\u00f4: \u201cQuel\u00e9 do Paje\u00fa\u201d<br><\/strong>Em \u201cQuel\u00e9 do Paje\u00fa\u201d, Clemente Celid\u00f4nio (Tarc\u00edsio Meira), mais conhecido como Quelemente ou Quel\u00e9, cuida de um rebanho pr\u00f3ximo ao local onde leva uma vida pacata, na pequena Paje\u00fa das Flores, em Pernambuco.<\/p>\n\n\n\n<p>Certo dia, ao chegar em casa, descobre que sua irm\u00e3, Marizolina (Eliz\u00e2ngela Vergueiro) foi estuprada por um estranho. Em busca de vingan\u00e7a, Quelemente sai a procura do homem sobre quem Marizolina descreveu apenas uma cicatriz no rosto e a falta de um dedo.<\/p>\n\n\n\n<p>Na jornada, Quelemente viver\u00e1 muitas aventuras e se apaixonar\u00e1 por Maria do Carmo (Rossana Ghessa). O protagonista acaba por descobrir que o estuprador \u00e9 Ces\u00eddio (Jece Valad\u00e3o), com quem entra em confronto. Na luta, Quelemente mata um policial e passa a ser perseguido.<\/p>\n\n\n\n<p>As desventuras de Quel\u00e9 e sua sede de vingan\u00e7a poder\u00e3o lev\u00e1-lo \u00e0 beira do abismo. Ou rumo ao canga\u00e7o&#8230;<\/p>\n\n\n\n<p>Dirigido por Anselmo Duarte (vencedor do Festival de Cannes 1962 com \u201cO Pagador de Promessas\u201d) e com roteiro assinado pelo cineasta Lima Barreto, \u201cQuel\u00e9 do Paje\u00fa\u201d tem reprise \u00e0s 3h45 (madrugada de quinta para sexta).<\/p>\n\n\n\n<p>Alguns anos depois de seu lan\u00e7amento, em 1969, \u201cQuel\u00e9 do Paje\u00fa\u201d desapareceu das cinematecas e acervos de colecionadores. Perdido por mais de 40 anos, o drama ganhou o status de \u201cobra lend\u00e1ria&#8221;. Por\u00e9m, em 2016, o escritor e diretor Paulo Wenceslau Duarte encontrou na Europa uma c\u00f3pia do filme, que traz legendas em italiano.<\/p>\n\n\n\n<p><strong>Tarc\u00edsio Meira<br><\/strong>Com 62 anos dedicados aos palcos, ao cinema e \u00e0 televis\u00e3o, Tarc\u00edsio Meira est\u00e1 entre os \u00edcones da dramaturgia brasileira.<\/p>\n\n\n\n<p>Nascido Tarc\u00edsio Magalh\u00e3es Sobrinho, em 1935, o paulista Tarc\u00edsio Meira daria os primeiros passos no teatro profissional como coadjuvante na pe\u00e7a \u201cO Soldado Tanaka\u201d (1959). Dali por diante, participaria de 31 montagens.<\/p>\n\n\n\n<p>Na televis\u00e3o, o ator se iniciou em 1961, na extinta TV Tupi. De l\u00e1 para c\u00e1, integrou o elenco de mais de 60 produ\u00e7\u00f5es, incluindo s\u00e9ries, miniss\u00e9ries, telenovelas e filmes.<\/p>\n\n\n\n<p>Sua carreira no cinema se estende por 22 longa-metragens. Tarc\u00edsio trabalhou ao lado de nomes como Anselmo Duarte, Bruno Barreto, Walter Hugo Khouri e Glauber Rocha.<\/p>\n\n\n\n<p><strong>Sess\u00e3o Fam\u00edlia: \u201cO Palha\u00e7o\u201d<\/strong><\/p>\n\n\n\n<p>Em \u201cO Palha\u00e7o\u201d, o circo itinerante de Valdemar (Paulo Jos\u00e9) viaja de vila em vila pelo interior do Brasil. No picadeiro, Valdemar atua como o palha\u00e7o Puro Sangue, ao lado do filho, Benjamin (Selton Mello), que faz o palha\u00e7o Pangar\u00e9.<\/p>\n\n\n\n<p>Sem qualquer documento al\u00e9m da certid\u00e3o de nascimento, Benjamin nunca conheceu nada fora do circo. Para ele, n\u00e3o foi uma op\u00e7\u00e3o, mas uma condi\u00e7\u00e3o inevit\u00e1vel da vida.<\/p>\n\n\n\n<p>Ao come\u00e7ar a questionar sua capacidade de fazer as pessoas rirem e incerto quanto a seu lugar no mundo, Benjamin decide se rebelar. Ele quer descobrir o que h\u00e1 al\u00e9m da tenda do circo, correr riscos, conhecer pessoas e agarrar oportunidades. Ent\u00e3o, com o pretexto de encontrar um ventilador e um amor, o jovem p\u00f5e o p\u00e9 na estrada. Na aventura, por\u00e9m, conhece v\u00e1rias pessoas que lhe mostram outras possibilidades e o lembram de um sonho antigo: um dia ter um f\u00e3.<\/p>\n\n\n\n<p>Em seu segundo longa-metragem como diretor, Selton Mello aborda em &#8220;O Palha\u00e7o&#8221; a busca por identidade e autoconhecimento. E a necessidade de se abrir m\u00e3o do velho para abra\u00e7ar o novo.<\/p>\n\n\n\n<p>Aclamado por cr\u00edtica e p\u00fablico, o filme conquistou pr\u00eamios no Festival de Cinema de Paul\u00ednia (2011), Pr\u00eamio ABC de Cinematografia (2012), Grande Pr\u00eamio Brasileiro de Cinema (2012), Tiburon International Film Festival (2012), Chicago International Festival (2012), entre outros.<br><br><strong>Paulo Jos\u00e9<br><\/strong>Nascido em Lavras do Sul (RS) em 1921, Paulo Jos\u00e9 se radicou em S\u00e3o Paulo no in\u00edcio dos anos 1960. L\u00e1, envolveu-se com o Teatro de Arena, onde deu seus primeiros passos nas artes c\u00eanicas, como contrarregra, assistente de dire\u00e7\u00e3o, produtor, diretor musical, cen\u00f3grafo, figurinista e finalmente ator.&nbsp;Seu debut nos palcos se deu em 1961, com a pe\u00e7a &#8220;Testamento de um cangaceiro&#8221;.<\/p>\n\n\n\n<p>A estreia de Paulo Jos\u00e9 no cinema aconteceu em 1965, com o filme &#8220;O padre e a mo\u00e7a&#8221;, de Joaquim Pedro de Andrade. A partir dali, o ator participaria das mais importantes produ\u00e7\u00f5es nacionais, como &#8220;Macuna\u00edma&#8221;, de Joaquim Pedro de Andrade, e &#8220;Todas as mulheres do mundo&#8221;, de Domingos Oliveira.<\/p>\n\n\n\n<p>Na televis\u00e3o, participou de mais de 20 produ\u00e7\u00f5es, especialmente telenovelas e miniss\u00e9ries. Paulo Jos\u00e9 teve um extenso curr\u00edculo como diretor tamb\u00e9m, com destaque para as miniss\u00e9ries &#8220;Agosto&#8221; (1993), adapta\u00e7\u00e3o do romance de Rubem Fonseca; &#8220;Memorial de Maria Moura&#8221; (1994), baseada na obra de Rachel de Queiroz; e &#8220;Incidente em Antares&#8221; (1994), adapta\u00e7\u00e3o do livro de Erico Ver\u00edssimo.<\/p>\n\n\n\n<p>Ao todo, Paulo Jos\u00e9 participou de 39 filmes, 21 novelas, 25 miniss\u00e9ries, 31 pe\u00e7as e 22 montagens como diretor.<\/p>\n\n\n\n<p><strong><br>Servi\u00e7o:<\/strong><\/p>\n\n\n\n<p><strong>Cine Retr\u00f4: \u201cQuel\u00e9 do Paje\u00fa\u201d<\/strong><\/p>\n\n\n\n<p><strong>107 min. Ano: 1969. Pa\u00eds: Brasil. G\u00eanero: drama. Dire\u00e7\u00e3o: Anselmo Duarte. Elenco: Tarc\u00edsio Meira, Rossana Ghessa, S\u00e9rgio Hingst, Jece Valad\u00e3o. Roteiro: Lima Barreto.<\/strong><\/p>\n\n\n\n<p><strong>Quinta-feira, 12 de agosto \u00e0s 22h30, na TV Brasil.<br>Quinta-feira, 12 de agosto \u00e0s 3h45, na TV Brasil (madrugada de quinta para sexta).<\/strong><\/p>\n\n\n\n<p><strong>Sess\u00e3o Fam\u00edlia: \u201cO Palha\u00e7o\u201d<\/strong><\/p>\n\n\n\n<p><strong>88 min. Ano: 2011. Pa\u00eds: Brasil. G\u00eanero: drama, com\u00e9dia. Dire\u00e7\u00e3o: Selton Mello. Elenco: Paulo Jos\u00e9, Selton Mello et al. Roteiro: Selton Mello e Marcelo Vindicato.<\/strong><\/p>\n\n\n\n<p><strong>Sexta-feira, 13 de agosto, \u00e0s 13h, na TV Brasil.<\/strong><\/p>\n","protected":false},"excerpt":{"rendered":"<p>Em homenagem \u00e0 vida e ao legado de Paulo Jos\u00e9 e Tarc\u00edsio Meira, a TV Brasil exibe dois filmes com a participa\u00e7\u00e3o desses premiados atores. Paulo Jos\u00e9 faleceu no dia 11 de agosto, aos 84 anos, em consequ\u00eancia de uma pneumonia. Tarc\u00edsio Meira morreu hoje, dia 12, aos 85 anos, v\u00edtima da Covid-19. \u00c0s 22h30, [&hellip;]<\/p>\n","protected":false},"author":1,"featured_media":27221,"comment_status":"open","ping_status":"open","sticky":false,"template":"","format":"standard","meta":{"tdm_status":"","tdm_grid_status":"","footnotes":""},"categories":[6],"tags":[2737,2864,33,28,4300,4299,380],"class_list":["post-27207","post","type-post","status-publish","format-standard","has-post-thumbnail","hentry","category-noticias","tag-coronavirus","tag-covid-19","tag-estrategia","tag-marketing","tag-paulo-jose","tag-tarcisio-meira","tag-tv-brasil"],"yoast_head":"<!-- This site is optimized with the Yoast SEO plugin v27.5 - https:\/\/yoast.com\/product\/yoast-seo-wordpress\/ -->\n<title>TV Brasil presta tributo aos atores Tarc\u00edsio Meira e Paulo Jos\u00e9 - CidadeMarketing<\/title>\n<meta name=\"robots\" content=\"index, follow, max-snippet:-1, max-image-preview:large, max-video-preview:-1\" \/>\n<link rel=\"canonical\" href=\"https:\/\/www.cidademarketing.com.br\/marketing\/2021\/08\/12\/tv-brasil-presta-tributo-aos-atores-tarcisio-meira-e-paulo-jose\/\" \/>\n<meta property=\"og:locale\" content=\"pt_BR\" \/>\n<meta property=\"og:type\" content=\"article\" \/>\n<meta property=\"og:title\" content=\"TV Brasil presta tributo aos atores Tarc\u00edsio Meira e Paulo Jos\u00e9 - CidadeMarketing\" \/>\n<meta property=\"og:description\" content=\"Em homenagem \u00e0 vida e ao legado de Paulo Jos\u00e9 e Tarc\u00edsio Meira, a TV Brasil exibe dois filmes com a participa\u00e7\u00e3o desses premiados atores. Paulo Jos\u00e9 faleceu no dia 11 de agosto, aos 84 anos, em consequ\u00eancia de uma pneumonia. Tarc\u00edsio Meira morreu hoje, dia 12, aos 85 anos, v\u00edtima da Covid-19. \u00c0s 22h30, [&hellip;]\" \/>\n<meta property=\"og:url\" content=\"https:\/\/www.cidademarketing.com.br\/marketing\/2021\/08\/12\/tv-brasil-presta-tributo-aos-atores-tarcisio-meira-e-paulo-jose\/\" \/>\n<meta property=\"og:site_name\" content=\"CidadeMarketing\" \/>\n<meta property=\"article:publisher\" content=\"https:\/\/www.facebook.com\/portalcidademarketing\" \/>\n<meta property=\"article:author\" content=\"https:\/\/www.facebook.com\/thalesbrandao\" \/>\n<meta property=\"article:published_time\" content=\"2021-08-13T01:20:06+00:00\" \/>\n<meta property=\"article:modified_time\" content=\"2021-08-13T01:20:08+00:00\" \/>\n<meta property=\"og:image\" content=\"https:\/\/www.cidademarketing.com.br\/marketing\/wp-content\/uploads\/2021\/08\/Quele-do-Pajeu-7.jpg\" \/>\n\t<meta property=\"og:image:width\" content=\"1257\" \/>\n\t<meta property=\"og:image:height\" content=\"759\" \/>\n\t<meta property=\"og:image:type\" content=\"image\/jpeg\" \/>\n<meta name=\"author\" content=\"Thales Brand\u00e3o\" \/>\n<meta name=\"twitter:card\" content=\"summary_large_image\" \/>\n<meta name=\"twitter:creator\" content=\"@http:\/\/www.twitter.com\/thalesbrandao\" \/>\n<meta name=\"twitter:site\" content=\"@CidadeMarketing\" \/>\n<meta name=\"twitter:label1\" content=\"Escrito por\" \/>\n\t<meta name=\"twitter:data1\" content=\"Thales Brand\u00e3o\" \/>\n\t<meta name=\"twitter:label2\" content=\"Est. tempo de leitura\" \/>\n\t<meta name=\"twitter:data2\" content=\"5 minutos\" \/>\n<script type=\"application\/ld+json\" class=\"yoast-schema-graph\">{\"@context\":\"https:\\\/\\\/schema.org\",\"@graph\":[{\"@type\":\"Article\",\"@id\":\"https:\\\/\\\/www.cidademarketing.com.br\\\/marketing\\\/2021\\\/08\\\/12\\\/tv-brasil-presta-tributo-aos-atores-tarcisio-meira-e-paulo-jose\\\/#article\",\"isPartOf\":{\"@id\":\"https:\\\/\\\/www.cidademarketing.com.br\\\/marketing\\\/2021\\\/08\\\/12\\\/tv-brasil-presta-tributo-aos-atores-tarcisio-meira-e-paulo-jose\\\/\"},\"author\":{\"name\":\"Thales Brand\u00e3o\",\"@id\":\"https:\\\/\\\/www.cidademarketing.com.br\\\/marketing\\\/#\\\/schema\\\/person\\\/02daff9f18bd9378c9e01eb6b2db155f\"},\"headline\":\"TV Brasil presta tributo aos atores Tarc\u00edsio Meira e Paulo Jos\u00e9\",\"datePublished\":\"2021-08-13T01:20:06+00:00\",\"dateModified\":\"2021-08-13T01:20:08+00:00\",\"mainEntityOfPage\":{\"@id\":\"https:\\\/\\\/www.cidademarketing.com.br\\\/marketing\\\/2021\\\/08\\\/12\\\/tv-brasil-presta-tributo-aos-atores-tarcisio-meira-e-paulo-jose\\\/\"},\"wordCount\":1058,\"commentCount\":0,\"publisher\":{\"@id\":\"https:\\\/\\\/www.cidademarketing.com.br\\\/marketing\\\/#organization\"},\"image\":{\"@id\":\"https:\\\/\\\/www.cidademarketing.com.br\\\/marketing\\\/2021\\\/08\\\/12\\\/tv-brasil-presta-tributo-aos-atores-tarcisio-meira-e-paulo-jose\\\/#primaryimage\"},\"thumbnailUrl\":\"https:\\\/\\\/www.cidademarketing.com.br\\\/marketing\\\/wp-content\\\/uploads\\\/2021\\\/08\\\/Quele-do-Pajeu-7.jpg\",\"keywords\":[\"coronav\u00edrus\",\"covid-19\",\"estrat\u00e9gia\",\"marketing\",\"Paulo Jos\u00e9\",\"Tarc\u00edsio Meira\",\"TV Brasil\"],\"articleSection\":[\"Not\u00edcias\"],\"inLanguage\":\"pt-BR\",\"potentialAction\":[{\"@type\":\"CommentAction\",\"name\":\"Comment\",\"target\":[\"https:\\\/\\\/www.cidademarketing.com.br\\\/marketing\\\/2021\\\/08\\\/12\\\/tv-brasil-presta-tributo-aos-atores-tarcisio-meira-e-paulo-jose\\\/#respond\"]}]},{\"@type\":\"WebPage\",\"@id\":\"https:\\\/\\\/www.cidademarketing.com.br\\\/marketing\\\/2021\\\/08\\\/12\\\/tv-brasil-presta-tributo-aos-atores-tarcisio-meira-e-paulo-jose\\\/\",\"url\":\"https:\\\/\\\/www.cidademarketing.com.br\\\/marketing\\\/2021\\\/08\\\/12\\\/tv-brasil-presta-tributo-aos-atores-tarcisio-meira-e-paulo-jose\\\/\",\"name\":\"TV Brasil presta tributo aos atores Tarc\u00edsio Meira e Paulo Jos\u00e9 - CidadeMarketing\",\"isPartOf\":{\"@id\":\"https:\\\/\\\/www.cidademarketing.com.br\\\/marketing\\\/#website\"},\"primaryImageOfPage\":{\"@id\":\"https:\\\/\\\/www.cidademarketing.com.br\\\/marketing\\\/2021\\\/08\\\/12\\\/tv-brasil-presta-tributo-aos-atores-tarcisio-meira-e-paulo-jose\\\/#primaryimage\"},\"image\":{\"@id\":\"https:\\\/\\\/www.cidademarketing.com.br\\\/marketing\\\/2021\\\/08\\\/12\\\/tv-brasil-presta-tributo-aos-atores-tarcisio-meira-e-paulo-jose\\\/#primaryimage\"},\"thumbnailUrl\":\"https:\\\/\\\/www.cidademarketing.com.br\\\/marketing\\\/wp-content\\\/uploads\\\/2021\\\/08\\\/Quele-do-Pajeu-7.jpg\",\"datePublished\":\"2021-08-13T01:20:06+00:00\",\"dateModified\":\"2021-08-13T01:20:08+00:00\",\"breadcrumb\":{\"@id\":\"https:\\\/\\\/www.cidademarketing.com.br\\\/marketing\\\/2021\\\/08\\\/12\\\/tv-brasil-presta-tributo-aos-atores-tarcisio-meira-e-paulo-jose\\\/#breadcrumb\"},\"inLanguage\":\"pt-BR\",\"potentialAction\":[{\"@type\":\"ReadAction\",\"target\":[\"https:\\\/\\\/www.cidademarketing.com.br\\\/marketing\\\/2021\\\/08\\\/12\\\/tv-brasil-presta-tributo-aos-atores-tarcisio-meira-e-paulo-jose\\\/\"]}]},{\"@type\":\"ImageObject\",\"inLanguage\":\"pt-BR\",\"@id\":\"https:\\\/\\\/www.cidademarketing.com.br\\\/marketing\\\/2021\\\/08\\\/12\\\/tv-brasil-presta-tributo-aos-atores-tarcisio-meira-e-paulo-jose\\\/#primaryimage\",\"url\":\"https:\\\/\\\/www.cidademarketing.com.br\\\/marketing\\\/wp-content\\\/uploads\\\/2021\\\/08\\\/Quele-do-Pajeu-7.jpg\",\"contentUrl\":\"https:\\\/\\\/www.cidademarketing.com.br\\\/marketing\\\/wp-content\\\/uploads\\\/2021\\\/08\\\/Quele-do-Pajeu-7.jpg\",\"width\":1257,\"height\":759,\"caption\":\"Divulga\u00e7\u00e3o\"},{\"@type\":\"BreadcrumbList\",\"@id\":\"https:\\\/\\\/www.cidademarketing.com.br\\\/marketing\\\/2021\\\/08\\\/12\\\/tv-brasil-presta-tributo-aos-atores-tarcisio-meira-e-paulo-jose\\\/#breadcrumb\",\"itemListElement\":[{\"@type\":\"ListItem\",\"position\":1,\"name\":\"In\u00edcio\",\"item\":\"https:\\\/\\\/www.cidademarketing.com.br\\\/marketing\\\/\"},{\"@type\":\"ListItem\",\"position\":2,\"name\":\"TV Brasil presta tributo aos atores Tarc\u00edsio Meira e Paulo Jos\u00e9\"}]},{\"@type\":\"WebSite\",\"@id\":\"https:\\\/\\\/www.cidademarketing.com.br\\\/marketing\\\/#website\",\"url\":\"https:\\\/\\\/www.cidademarketing.com.br\\\/marketing\\\/\",\"name\":\"CidadeMarketing\",\"description\":\"Somos um ve\u00edculo de comunica\u00e7\u00e3o de destaque no Brasil, reconhecido por conte\u00fados nos segmentos de marketing, empreendedorismo e inova\u00e7\u00e3o.\",\"publisher\":{\"@id\":\"https:\\\/\\\/www.cidademarketing.com.br\\\/marketing\\\/#organization\"},\"alternateName\":\"CidadeMarketing\",\"potentialAction\":[{\"@type\":\"SearchAction\",\"target\":{\"@type\":\"EntryPoint\",\"urlTemplate\":\"https:\\\/\\\/www.cidademarketing.com.br\\\/marketing\\\/?s={search_term_string}\"},\"query-input\":{\"@type\":\"PropertyValueSpecification\",\"valueRequired\":true,\"valueName\":\"search_term_string\"}}],\"inLanguage\":\"pt-BR\"},{\"@type\":\"Organization\",\"@id\":\"https:\\\/\\\/www.cidademarketing.com.br\\\/marketing\\\/#organization\",\"name\":\"CidadeMarketing\",\"alternateName\":\"CidadeMarketing\",\"url\":\"https:\\\/\\\/www.cidademarketing.com.br\\\/marketing\\\/\",\"logo\":{\"@type\":\"ImageObject\",\"inLanguage\":\"pt-BR\",\"@id\":\"https:\\\/\\\/www.cidademarketing.com.br\\\/marketing\\\/#\\\/schema\\\/logo\\\/image\\\/\",\"url\":\"https:\\\/\\\/www.cidademarketing.com.br\\\/marketing\\\/wp-content\\\/uploads\\\/2020\\\/01\\\/cidademarketing_marca_mobile.png\",\"contentUrl\":\"https:\\\/\\\/www.cidademarketing.com.br\\\/marketing\\\/wp-content\\\/uploads\\\/2020\\\/01\\\/cidademarketing_marca_mobile.png\",\"width\":230,\"height\":92,\"caption\":\"CidadeMarketing\"},\"image\":{\"@id\":\"https:\\\/\\\/www.cidademarketing.com.br\\\/marketing\\\/#\\\/schema\\\/logo\\\/image\\\/\"},\"sameAs\":[\"https:\\\/\\\/www.facebook.com\\\/portalcidademarketing\",\"https:\\\/\\\/x.com\\\/CidadeMarketing\",\"https:\\\/\\\/www.instagram.com\\\/cidademarketing\\\/\"]},{\"@type\":\"Person\",\"@id\":\"https:\\\/\\\/www.cidademarketing.com.br\\\/marketing\\\/#\\\/schema\\\/person\\\/02daff9f18bd9378c9e01eb6b2db155f\",\"name\":\"Thales Brand\u00e3o\",\"image\":{\"@type\":\"ImageObject\",\"inLanguage\":\"pt-BR\",\"@id\":\"https:\\\/\\\/secure.gravatar.com\\\/avatar\\\/7ca3206950207cc3cb48feec56a8a7898741ab725c368d99d5d7a5a50aab80c6?s=96&d=mm&r=g\",\"url\":\"https:\\\/\\\/secure.gravatar.com\\\/avatar\\\/7ca3206950207cc3cb48feec56a8a7898741ab725c368d99d5d7a5a50aab80c6?s=96&d=mm&r=g\",\"contentUrl\":\"https:\\\/\\\/secure.gravatar.com\\\/avatar\\\/7ca3206950207cc3cb48feec56a8a7898741ab725c368d99d5d7a5a50aab80c6?s=96&d=mm&r=g\",\"caption\":\"Thales Brand\u00e3o\"},\"description\":\"Editor Executivo do Portal CidadeMarketing.com.br &gt; Mestre em Comunica\u00e7\u00e3o e Sociedade pela Universidade Federal de Sergipe. Possui MBA Executivo em Administra\u00e7\u00e3o com \u00eanfase em Marketing pela Funda\u00e7\u00e3o Get\u00falio Vargas - Rio de Janeiro. Consultor, Palestrante e Pesquisador sobre Empreendedorismo, Marketing, Redes Sociais e Neg\u00f3cios Digitais. Professor, Palestrante TedxTalks e Campus Party. Twitter: @ThalesBrandao\",\"sameAs\":[\"http:\\\/\\\/www.mandacaru.com.br\",\"https:\\\/\\\/www.facebook.com\\\/thalesbrandao\",\"http:\\\/\\\/www.instagram.com.br\\\/thalesbrandaoferreira\",\"https:\\\/\\\/www.linkedin.com\\\/in\\\/thales-brand\u00e3o-3948609\\\/\",\"https:\\\/\\\/x.com\\\/http:\\\/\\\/www.twitter.com\\\/thalesbrandao\"],\"url\":\"https:\\\/\\\/www.cidademarketing.com.br\\\/marketing\\\/author\\\/thalesbrandao\\\/\"}]}<\/script>\n<!-- \/ Yoast SEO plugin. -->","yoast_head_json":{"title":"TV Brasil presta tributo aos atores Tarc\u00edsio Meira e Paulo Jos\u00e9 - CidadeMarketing","robots":{"index":"index","follow":"follow","max-snippet":"max-snippet:-1","max-image-preview":"max-image-preview:large","max-video-preview":"max-video-preview:-1"},"canonical":"https:\/\/www.cidademarketing.com.br\/marketing\/2021\/08\/12\/tv-brasil-presta-tributo-aos-atores-tarcisio-meira-e-paulo-jose\/","og_locale":"pt_BR","og_type":"article","og_title":"TV Brasil presta tributo aos atores Tarc\u00edsio Meira e Paulo Jos\u00e9 - CidadeMarketing","og_description":"Em homenagem \u00e0 vida e ao legado de Paulo Jos\u00e9 e Tarc\u00edsio Meira, a TV Brasil exibe dois filmes com a participa\u00e7\u00e3o desses premiados atores. Paulo Jos\u00e9 faleceu no dia 11 de agosto, aos 84 anos, em consequ\u00eancia de uma pneumonia. Tarc\u00edsio Meira morreu hoje, dia 12, aos 85 anos, v\u00edtima da Covid-19. \u00c0s 22h30, [&hellip;]","og_url":"https:\/\/www.cidademarketing.com.br\/marketing\/2021\/08\/12\/tv-brasil-presta-tributo-aos-atores-tarcisio-meira-e-paulo-jose\/","og_site_name":"CidadeMarketing","article_publisher":"https:\/\/www.facebook.com\/portalcidademarketing","article_author":"https:\/\/www.facebook.com\/thalesbrandao","article_published_time":"2021-08-13T01:20:06+00:00","article_modified_time":"2021-08-13T01:20:08+00:00","og_image":[{"width":1257,"height":759,"url":"https:\/\/www.cidademarketing.com.br\/marketing\/wp-content\/uploads\/2021\/08\/Quele-do-Pajeu-7.jpg","type":"image\/jpeg"}],"author":"Thales Brand\u00e3o","twitter_card":"summary_large_image","twitter_creator":"@http:\/\/www.twitter.com\/thalesbrandao","twitter_site":"@CidadeMarketing","twitter_misc":{"Escrito por":"Thales Brand\u00e3o","Est. tempo de leitura":"5 minutos"},"schema":{"@context":"https:\/\/schema.org","@graph":[{"@type":"Article","@id":"https:\/\/www.cidademarketing.com.br\/marketing\/2021\/08\/12\/tv-brasil-presta-tributo-aos-atores-tarcisio-meira-e-paulo-jose\/#article","isPartOf":{"@id":"https:\/\/www.cidademarketing.com.br\/marketing\/2021\/08\/12\/tv-brasil-presta-tributo-aos-atores-tarcisio-meira-e-paulo-jose\/"},"author":{"name":"Thales Brand\u00e3o","@id":"https:\/\/www.cidademarketing.com.br\/marketing\/#\/schema\/person\/02daff9f18bd9378c9e01eb6b2db155f"},"headline":"TV Brasil presta tributo aos atores Tarc\u00edsio Meira e Paulo Jos\u00e9","datePublished":"2021-08-13T01:20:06+00:00","dateModified":"2021-08-13T01:20:08+00:00","mainEntityOfPage":{"@id":"https:\/\/www.cidademarketing.com.br\/marketing\/2021\/08\/12\/tv-brasil-presta-tributo-aos-atores-tarcisio-meira-e-paulo-jose\/"},"wordCount":1058,"commentCount":0,"publisher":{"@id":"https:\/\/www.cidademarketing.com.br\/marketing\/#organization"},"image":{"@id":"https:\/\/www.cidademarketing.com.br\/marketing\/2021\/08\/12\/tv-brasil-presta-tributo-aos-atores-tarcisio-meira-e-paulo-jose\/#primaryimage"},"thumbnailUrl":"https:\/\/www.cidademarketing.com.br\/marketing\/wp-content\/uploads\/2021\/08\/Quele-do-Pajeu-7.jpg","keywords":["coronav\u00edrus","covid-19","estrat\u00e9gia","marketing","Paulo Jos\u00e9","Tarc\u00edsio Meira","TV Brasil"],"articleSection":["Not\u00edcias"],"inLanguage":"pt-BR","potentialAction":[{"@type":"CommentAction","name":"Comment","target":["https:\/\/www.cidademarketing.com.br\/marketing\/2021\/08\/12\/tv-brasil-presta-tributo-aos-atores-tarcisio-meira-e-paulo-jose\/#respond"]}]},{"@type":"WebPage","@id":"https:\/\/www.cidademarketing.com.br\/marketing\/2021\/08\/12\/tv-brasil-presta-tributo-aos-atores-tarcisio-meira-e-paulo-jose\/","url":"https:\/\/www.cidademarketing.com.br\/marketing\/2021\/08\/12\/tv-brasil-presta-tributo-aos-atores-tarcisio-meira-e-paulo-jose\/","name":"TV Brasil presta tributo aos atores Tarc\u00edsio Meira e Paulo Jos\u00e9 - CidadeMarketing","isPartOf":{"@id":"https:\/\/www.cidademarketing.com.br\/marketing\/#website"},"primaryImageOfPage":{"@id":"https:\/\/www.cidademarketing.com.br\/marketing\/2021\/08\/12\/tv-brasil-presta-tributo-aos-atores-tarcisio-meira-e-paulo-jose\/#primaryimage"},"image":{"@id":"https:\/\/www.cidademarketing.com.br\/marketing\/2021\/08\/12\/tv-brasil-presta-tributo-aos-atores-tarcisio-meira-e-paulo-jose\/#primaryimage"},"thumbnailUrl":"https:\/\/www.cidademarketing.com.br\/marketing\/wp-content\/uploads\/2021\/08\/Quele-do-Pajeu-7.jpg","datePublished":"2021-08-13T01:20:06+00:00","dateModified":"2021-08-13T01:20:08+00:00","breadcrumb":{"@id":"https:\/\/www.cidademarketing.com.br\/marketing\/2021\/08\/12\/tv-brasil-presta-tributo-aos-atores-tarcisio-meira-e-paulo-jose\/#breadcrumb"},"inLanguage":"pt-BR","potentialAction":[{"@type":"ReadAction","target":["https:\/\/www.cidademarketing.com.br\/marketing\/2021\/08\/12\/tv-brasil-presta-tributo-aos-atores-tarcisio-meira-e-paulo-jose\/"]}]},{"@type":"ImageObject","inLanguage":"pt-BR","@id":"https:\/\/www.cidademarketing.com.br\/marketing\/2021\/08\/12\/tv-brasil-presta-tributo-aos-atores-tarcisio-meira-e-paulo-jose\/#primaryimage","url":"https:\/\/www.cidademarketing.com.br\/marketing\/wp-content\/uploads\/2021\/08\/Quele-do-Pajeu-7.jpg","contentUrl":"https:\/\/www.cidademarketing.com.br\/marketing\/wp-content\/uploads\/2021\/08\/Quele-do-Pajeu-7.jpg","width":1257,"height":759,"caption":"Divulga\u00e7\u00e3o"},{"@type":"BreadcrumbList","@id":"https:\/\/www.cidademarketing.com.br\/marketing\/2021\/08\/12\/tv-brasil-presta-tributo-aos-atores-tarcisio-meira-e-paulo-jose\/#breadcrumb","itemListElement":[{"@type":"ListItem","position":1,"name":"In\u00edcio","item":"https:\/\/www.cidademarketing.com.br\/marketing\/"},{"@type":"ListItem","position":2,"name":"TV Brasil presta tributo aos atores Tarc\u00edsio Meira e Paulo Jos\u00e9"}]},{"@type":"WebSite","@id":"https:\/\/www.cidademarketing.com.br\/marketing\/#website","url":"https:\/\/www.cidademarketing.com.br\/marketing\/","name":"CidadeMarketing","description":"Somos um ve\u00edculo de comunica\u00e7\u00e3o de destaque no Brasil, reconhecido por conte\u00fados nos segmentos de marketing, empreendedorismo e inova\u00e7\u00e3o.","publisher":{"@id":"https:\/\/www.cidademarketing.com.br\/marketing\/#organization"},"alternateName":"CidadeMarketing","potentialAction":[{"@type":"SearchAction","target":{"@type":"EntryPoint","urlTemplate":"https:\/\/www.cidademarketing.com.br\/marketing\/?s={search_term_string}"},"query-input":{"@type":"PropertyValueSpecification","valueRequired":true,"valueName":"search_term_string"}}],"inLanguage":"pt-BR"},{"@type":"Organization","@id":"https:\/\/www.cidademarketing.com.br\/marketing\/#organization","name":"CidadeMarketing","alternateName":"CidadeMarketing","url":"https:\/\/www.cidademarketing.com.br\/marketing\/","logo":{"@type":"ImageObject","inLanguage":"pt-BR","@id":"https:\/\/www.cidademarketing.com.br\/marketing\/#\/schema\/logo\/image\/","url":"https:\/\/www.cidademarketing.com.br\/marketing\/wp-content\/uploads\/2020\/01\/cidademarketing_marca_mobile.png","contentUrl":"https:\/\/www.cidademarketing.com.br\/marketing\/wp-content\/uploads\/2020\/01\/cidademarketing_marca_mobile.png","width":230,"height":92,"caption":"CidadeMarketing"},"image":{"@id":"https:\/\/www.cidademarketing.com.br\/marketing\/#\/schema\/logo\/image\/"},"sameAs":["https:\/\/www.facebook.com\/portalcidademarketing","https:\/\/x.com\/CidadeMarketing","https:\/\/www.instagram.com\/cidademarketing\/"]},{"@type":"Person","@id":"https:\/\/www.cidademarketing.com.br\/marketing\/#\/schema\/person\/02daff9f18bd9378c9e01eb6b2db155f","name":"Thales Brand\u00e3o","image":{"@type":"ImageObject","inLanguage":"pt-BR","@id":"https:\/\/secure.gravatar.com\/avatar\/7ca3206950207cc3cb48feec56a8a7898741ab725c368d99d5d7a5a50aab80c6?s=96&d=mm&r=g","url":"https:\/\/secure.gravatar.com\/avatar\/7ca3206950207cc3cb48feec56a8a7898741ab725c368d99d5d7a5a50aab80c6?s=96&d=mm&r=g","contentUrl":"https:\/\/secure.gravatar.com\/avatar\/7ca3206950207cc3cb48feec56a8a7898741ab725c368d99d5d7a5a50aab80c6?s=96&d=mm&r=g","caption":"Thales Brand\u00e3o"},"description":"Editor Executivo do Portal CidadeMarketing.com.br &gt; Mestre em Comunica\u00e7\u00e3o e Sociedade pela Universidade Federal de Sergipe. Possui MBA Executivo em Administra\u00e7\u00e3o com \u00eanfase em Marketing pela Funda\u00e7\u00e3o Get\u00falio Vargas - Rio de Janeiro. Consultor, Palestrante e Pesquisador sobre Empreendedorismo, Marketing, Redes Sociais e Neg\u00f3cios Digitais. Professor, Palestrante TedxTalks e Campus Party. Twitter: @ThalesBrandao","sameAs":["http:\/\/www.mandacaru.com.br","https:\/\/www.facebook.com\/thalesbrandao","http:\/\/www.instagram.com.br\/thalesbrandaoferreira","https:\/\/www.linkedin.com\/in\/thales-brand\u00e3o-3948609\/","https:\/\/x.com\/http:\/\/www.twitter.com\/thalesbrandao"],"url":"https:\/\/www.cidademarketing.com.br\/marketing\/author\/thalesbrandao\/"}]}},"amp_enabled":true,"_links":{"self":[{"href":"https:\/\/www.cidademarketing.com.br\/marketing\/wp-json\/wp\/v2\/posts\/27207","targetHints":{"allow":["GET"]}}],"collection":[{"href":"https:\/\/www.cidademarketing.com.br\/marketing\/wp-json\/wp\/v2\/posts"}],"about":[{"href":"https:\/\/www.cidademarketing.com.br\/marketing\/wp-json\/wp\/v2\/types\/post"}],"author":[{"embeddable":true,"href":"https:\/\/www.cidademarketing.com.br\/marketing\/wp-json\/wp\/v2\/users\/1"}],"replies":[{"embeddable":true,"href":"https:\/\/www.cidademarketing.com.br\/marketing\/wp-json\/wp\/v2\/comments?post=27207"}],"version-history":[{"count":1,"href":"https:\/\/www.cidademarketing.com.br\/marketing\/wp-json\/wp\/v2\/posts\/27207\/revisions"}],"predecessor-version":[{"id":27222,"href":"https:\/\/www.cidademarketing.com.br\/marketing\/wp-json\/wp\/v2\/posts\/27207\/revisions\/27222"}],"wp:featuredmedia":[{"embeddable":true,"href":"https:\/\/www.cidademarketing.com.br\/marketing\/wp-json\/wp\/v2\/media\/27221"}],"wp:attachment":[{"href":"https:\/\/www.cidademarketing.com.br\/marketing\/wp-json\/wp\/v2\/media?parent=27207"}],"wp:term":[{"taxonomy":"category","embeddable":true,"href":"https:\/\/www.cidademarketing.com.br\/marketing\/wp-json\/wp\/v2\/categories?post=27207"},{"taxonomy":"post_tag","embeddable":true,"href":"https:\/\/www.cidademarketing.com.br\/marketing\/wp-json\/wp\/v2\/tags?post=27207"}],"curies":[{"name":"wp","href":"https:\/\/api.w.org\/{rel}","templated":true}]}}