{"id":27178,"date":"2021-08-11T12:38:46","date_gmt":"2021-08-11T15:38:46","guid":{"rendered":"https:\/\/www.cidademarketing.com.br\/marketing\/?p=27178"},"modified":"2021-08-11T12:38:48","modified_gmt":"2021-08-11T15:38:48","slug":"cnn-lanca-seu-primeiro-evento-para-discutir-futuro-do-pais","status":"publish","type":"post","link":"https:\/\/www.cidademarketing.com.br\/marketing\/2021\/08\/11\/cnn-lanca-seu-primeiro-evento-para-discutir-futuro-do-pais\/","title":{"rendered":"CNN lan\u00e7a seu primeiro evento para discutir futuro do pa\u00eds"},"content":{"rendered":"\n<p>A CNN Brasil lan\u00e7a, nos dias 30 e 31 deste m\u00eas, o \u201cF\u00f3rum de Economia CNN \u2013 Os desafios de um Brasil essencial\u201d, a primeira grande iniciativa da CNN Eventos, a nova unidade de neg\u00f3cios da empresa. Ser\u00e3o oito debates sobre o cen\u00e1rio e perspectivas da economia do pa\u00eds no p\u00f3s-pandemia.&nbsp;<\/p>\n\n\n\n<p>De acordo com Renata Afonso, CEO da CNN Brasil &#8211; \u201cEsta vertical integra a estrat\u00e9gia multiplataforma ampliando as solu\u00e7\u00f5es de comunica\u00e7\u00e3o para o mercado atrav\u00e9s de um conte\u00fado relevante e de qualidade\u201d.&nbsp;<\/p>\n\n\n\n<p>O evento ser\u00e1 apresentado por alguns dos principais \u00e2ncoras do canal e contar\u00e1 com a participa\u00e7\u00e3o de convidados renomados, como o economista e banqueiro indiano Muhammad Yunus, pr\u00eamio Nobel da paz em 2006 pelo seu programa de concess\u00e3o de microcr\u00e9ditos a pessoas de baixa renda.&nbsp;<\/p>\n\n\n\n<p><strong>PROGRAMA\u00c7\u00c3O DO EVENTO<\/strong><\/p>\n\n\n\n<p>Na programa\u00e7\u00e3o do F\u00f3rum de Economia CNN, al\u00e9m de Muhammad Yunus, estar\u00e3o presentes economistas, empres\u00e1rios, influenciadores, investidores e dirigentes p\u00fablicos das mais diversas linhas econ\u00f4micas e origens. No painel \u201cComo voc\u00ea \u00e9 essencial para a economia ter menos disparidades?\u201d, por exemplo, estar\u00e3o debatendo a soci\u00f3loga e acionista do Banco Ita\u00fa, Neca Set\u00fabal, e Amanda Magalh\u00e3es, CEO do Banco Mar\u00e9. Em outro painel, \u201cA tecnologia foi essencial na pandemia\u201d, est\u00e1 prevista a participa\u00e7\u00e3o da presidente da Microsoft no Brasil, Tania Constantino, e do CEO do IFood, Fabricio Bloisi, junto com o ativista e empres\u00e1rio Rene Silva, criador do jornal comunit\u00e1rio Vozes da Comunidade, do Morro do Alem\u00e3o, tamb\u00e9m no Rio.<\/p>\n\n\n\n<p>Estar\u00e3o presentes tamb\u00e9m o ex-ministro da Fazenda, Joaquim Levy, e o atual ministro da Infra Estrutura, Tarc\u00edsio Gomes Freitas, ao lado de empres\u00e1rios e dirigentes, como Walter Schalka, CEO da Suzano; Rachel Maia, ex-CEO da Lacoste, Venilton Tadini, presidente da Associa\u00e7\u00e3o Brasileira de Infra Estrutura; e Paula Bellizia, VP de marketing do Google, entre outros nomes. \u201cToda essa diversidade reflete o potencial do pa\u00eds e as oportunidades criadas na pandemia. Ainda este ano realizaremos outros dois eventos que debater\u00e3o essas novas perspectivas\u201d, segundo Renata.<\/p>\n\n\n\n<p>&nbsp;O evento do final do m\u00eas ser\u00e1 h\u00edbrido. Seguindo todos os protocolos de seguran\u00e7a \u00e0 risca, ter\u00e1 a participa\u00e7\u00e3o presencial dos palestrantes convidados e a transmiss\u00e3o simult\u00e2nea nas plataformas do grupo. As inscri\u00e7\u00f5es para a vers\u00e3o digital s\u00e3o gratuitas pelo link abaixo e todo o evento ter\u00e1 transmiss\u00e3o on-line nas plataformas da emissora.<\/p>\n\n\n\n<p><strong>Para programa\u00e7\u00e3o completa e inscri\u00e7\u00e3o:<\/strong><\/p>\n\n\n\n<p><a href=\"https:\/\/conteudos.cnnbrasil.com.br\/forum-economia-2021-cnn\/\">https:\/\/conteudos.cnnbrasil.com.br\/forum-economia-2021-cnn\/<\/a><\/p>\n\n\n\n<p><strong>Teaser sobre o \u201cF\u00f3rum de Economia CNN \u2013 Os desafios de um Brasil essencial&#8221;:<\/strong><\/p>\n\n\n\n<p><\/p>\n\n\n\n<p><\/p>\n\n\n\n<figure class=\"wp-block-video\"><video controls src=\"blob:https:\/\/www.cidademarketing.com.br\/e3a7923f-9af8-42cc-9711-8b5c66b8dbc7\"><\/video><\/figure>\n\n\n\n<p><\/p>\n\n\n\n<p><strong>Programa\u00e7\u00e3o 30\/08:<\/strong><\/p>\n\n\n\n<h3 class=\"wp-block-heading\"><strong>Abertura<\/strong><\/h3>\n\n\n\n<ul class=\"wp-block-list\"><li>15h00 \u00e0s 15h10<\/li><li><strong>Por:&nbsp;<\/strong><strong>M\u00e1rcio Gomes<\/strong><\/li><\/ul>\n\n\n\n<h3 class=\"wp-block-heading\"><strong>Painel 1: Convidado Especial<\/strong><\/h3>\n\n\n\n<ul class=\"wp-block-list\"><li>15h10 \u00e0s 15h40<\/li><li><strong>Por:&nbsp;<\/strong><strong>M\u00e1rcio Gomes<\/strong><\/li><li>Muhammad Yunus<\/li><li>Economia Mundial<\/li><\/ul>\n\n\n\n<h3 class=\"wp-block-heading\"><strong>Painel 2<\/strong><\/h3>\n\n\n\n<h3 class=\"wp-block-heading\">&nbsp;<\/h3>\n\n\n\n<h3 class=\"wp-block-heading\"><strong>Painel 3<\/strong><\/h3>\n\n\n\n<ul class=\"wp-block-list\"><li>16h10 \u00e0s 17h00<\/li><li><strong>Por:&nbsp;<\/strong><strong>William Waack<\/strong><\/li><li>Rafaela Vit\u00f3ria \u2013 Banco Inter<\/li><li>Mansueto Facundo \u2013 BTG Pactual<\/li><li>M\u00e1rio Mesquita \u2013 Ita\u00fa Unibanco<\/li><li>Fernando Honorato \u2013 Banco Bradesco<\/li><li>Ana Paula Vescovi \u2013 Banco Santander<\/li><li>O Brasil \u00e9 essencial no ponto de vista econ\u00f4mico.<\/li><\/ul>\n\n\n\n<h3 class=\"wp-block-heading\"><strong>Painel 4<\/strong><\/h3>\n\n\n\n<ul class=\"wp-block-list\"><li>17h00 \u00e0s 17h40<\/li><li><strong>Por:&nbsp;<\/strong><strong>Thais Heredia<\/strong><\/li><li>Leonardo Macedo \u2013 Nanica<\/li><li>Fl\u00e1vio Augusto \u2013 Wiser Educa\u00e7\u00e3o<\/li><li>Roberto Fucherberguer \u2013 Via Varejo<\/li><li>O que \u00e9 essencial para se reinventar em uma pandemia?<\/li><\/ul>\n\n\n\n<h3 class=\"wp-block-heading\"><strong>Painel 5<\/strong><\/h3>\n\n\n\n<ul class=\"wp-block-list\"><li>17h40 \u00e0s 18h20<\/li><li><strong>Por:&nbsp;<\/strong><strong>Nakagawa<\/strong><\/li><li>Amanda Magalh\u00e3es \u2013 Banco Mar\u00e9<\/li><li>Murilo Duarte \u2013 Favelado Investidor<\/li><li>Thiago Nigro \u2013 O Primo Rico<\/li><li>Neca Setubal \u2013 Funda\u00e7\u00e3o Tide Setubal<\/li><li>Como voc\u00ea \u00e9 essencial para a economia ter menos disparidades?<\/li><li>&nbsp;<\/li><\/ul>\n\n\n\n<h3 class=\"wp-block-heading\"><strong>Painel 6<\/strong><\/h3>\n\n\n\n<ul class=\"wp-block-list\"><li>18h20 \u00e0s 18h55<\/li><li><strong>Por:&nbsp;<\/strong><strong>M\u00e1rcio Gomes<\/strong><\/li><li>Edu Lyra \u2013 Gerando Falc\u00f5es<\/li><li>Rene Silva \u2013 Voz das Comunidades<\/li><li>Fabr\u00edcio Bloisi \u2013 Ifood<\/li><li>T\u00e2nia Cosentino \u2013 Microsoft Brasil<\/li><li>A tecnologia foi essencial na pandemia<\/li><\/ul>\n\n\n\n<h3 class=\"wp-block-heading\"><strong>Encerramento<\/strong><\/h3>\n\n\n\n<ul class=\"wp-block-list\"><li>18h55 \u00e0s 19h00<\/li><li><strong>Por:&nbsp;<\/strong><strong>M\u00e1rcio Gomes<\/strong><\/li><li>Wrap up do dia<\/li><\/ul>\n\n\n\n<p><strong>Programa\u00e7\u00e3o 31\/08:<\/strong><\/p>\n\n\n\n<h3 class=\"wp-block-heading\"><strong>Abertura<\/strong><\/h3>\n\n\n\n<ul class=\"wp-block-list\"><li>15h00 \u00e0s 15h05<\/li><li><strong>Por:&nbsp;<\/strong><strong>M\u00e1rcio Gomes<\/strong><\/li><\/ul>\n\n\n\n<h3 class=\"wp-block-heading\"><strong>Painel 7<\/strong><\/h3>\n\n\n\n<ul class=\"wp-block-list\"><li>15h05 \u00e0s 16h05<\/li><li><strong>Por:&nbsp;<\/strong><strong>Raquel Landim<\/strong><\/li><li>Joaquim Levy \u2013 Ex Ministro da Fazenda<\/li><li>Walter Schalka \u2013 Suzano<\/li><li>Rachel Maia \u2013 VALE &amp; Banco do Brasil &amp; CVC &amp; Grupo Soma &amp; Pres. UNICEF<\/li><li>Lorival Luz \u2013 BRF<\/li><li>Altair Rossato \u2013 Deloitte<\/li><li>Responsabilidade Social e Meio Ambiente. Qual papel voc\u00ea considera essencial?<\/li><\/ul>\n\n\n\n<h3 class=\"wp-block-heading\"><strong>Painel 8<\/strong><\/h3>\n\n\n\n<ul class=\"wp-block-list\"><li>16h05 \u00e0s 17h00<\/li><li><strong>Por:&nbsp;<\/strong><strong>Raquel Landim<\/strong><\/li><li>Tarc\u00edsio Gomes Freitas \u2013 Minist\u00e9rio da Infraestrutura<\/li><li>Venilton Tadini \u2013 Associa\u00e7\u00e3o Brasileira e Ind\u00fastrias de Base<\/li><li>Paulo Pedrosa \u2013 ABRACE<\/li><li>Felipe Pinto \u2013 P\u00e1tria Investimentos<\/li><li>A infraestrutura como investimento essencial.<\/li><\/ul>\n\n\n\n<h3 class=\"wp-block-heading\"><strong>Painel 9<\/strong><\/h3>\n\n\n\n<ul class=\"wp-block-list\"><li>17h00 \u00e0s 17h50<\/li><li><strong>Por:&nbsp;<\/strong><strong>William Waack<\/strong><\/li><li>Paula Bellizia \u2013 Google<\/li><li>Viviane Senna \u2013 Instituto Ayrton Senna<\/li><li>Para o Brasil crescer, qual debate \u00e9 essencial?<\/li><\/ul>\n\n\n\n<h3 class=\"wp-block-heading\"><strong>Encerramento<\/strong><\/h3>\n\n\n\n<ul class=\"wp-block-list\"><li>17h50 \u00e0s 18h00<\/li><li><strong>Por:&nbsp;<\/strong><strong>M\u00e1rcio Gomes<\/strong><\/li><\/ul>\n\n\n\n<p>Wrap up do dia<\/p>\n","protected":false},"excerpt":{"rendered":"<p>A CNN Brasil lan\u00e7a, nos dias 30 e 31 deste m\u00eas, o \u201cF\u00f3rum de Economia CNN \u2013 Os desafios de um Brasil essencial\u201d, a primeira grande iniciativa da CNN Eventos, a nova unidade de neg\u00f3cios da empresa. Ser\u00e3o oito debates sobre o cen\u00e1rio e perspectivas da economia do pa\u00eds no p\u00f3s-pandemia.&nbsp; De acordo com Renata [&hellip;]<\/p>\n","protected":false},"author":1,"featured_media":27179,"comment_status":"open","ping_status":"open","sticky":false,"template":"","format":"standard","meta":{"tdm_status":"","tdm_grid_status":"","footnotes":""},"categories":[13],"tags":[1143,33,179,28],"class_list":["post-27178","post","type-post","status-publish","format-standard","has-post-thumbnail","hentry","category-eventos","tag-cnn","tag-estrategia","tag-evento","tag-marketing"],"yoast_head":"<!-- This site is optimized with the Yoast SEO plugin v27.5 - https:\/\/yoast.com\/product\/yoast-seo-wordpress\/ -->\n<title>CNN lan\u00e7a seu primeiro evento para discutir futuro do pa\u00eds - CidadeMarketing<\/title>\n<meta name=\"robots\" content=\"index, follow, max-snippet:-1, max-image-preview:large, max-video-preview:-1\" \/>\n<link rel=\"canonical\" href=\"https:\/\/www.cidademarketing.com.br\/marketing\/2021\/08\/11\/cnn-lanca-seu-primeiro-evento-para-discutir-futuro-do-pais\/\" \/>\n<meta property=\"og:locale\" content=\"pt_BR\" \/>\n<meta property=\"og:type\" content=\"article\" \/>\n<meta property=\"og:title\" content=\"CNN lan\u00e7a seu primeiro evento para discutir futuro do pa\u00eds - CidadeMarketing\" \/>\n<meta property=\"og:description\" content=\"A CNN Brasil lan\u00e7a, nos dias 30 e 31 deste m\u00eas, o \u201cF\u00f3rum de Economia CNN \u2013 Os desafios de um Brasil essencial\u201d, a primeira grande iniciativa da CNN Eventos, a nova unidade de neg\u00f3cios da empresa. Ser\u00e3o oito debates sobre o cen\u00e1rio e perspectivas da economia do pa\u00eds no p\u00f3s-pandemia.&nbsp; De acordo com Renata [&hellip;]\" \/>\n<meta property=\"og:url\" content=\"https:\/\/www.cidademarketing.com.br\/marketing\/2021\/08\/11\/cnn-lanca-seu-primeiro-evento-para-discutir-futuro-do-pais\/\" \/>\n<meta property=\"og:site_name\" content=\"CidadeMarketing\" \/>\n<meta property=\"article:publisher\" content=\"https:\/\/www.facebook.com\/portalcidademarketing\" \/>\n<meta property=\"article:author\" content=\"https:\/\/www.facebook.com\/thalesbrandao\" \/>\n<meta property=\"article:published_time\" content=\"2021-08-11T15:38:46+00:00\" \/>\n<meta property=\"article:modified_time\" content=\"2021-08-11T15:38:48+00:00\" \/>\n<meta property=\"og:image\" content=\"https:\/\/www.cidademarketing.com.br\/marketing\/wp-content\/uploads\/2021\/08\/economia_cnn.jpg\" \/>\n\t<meta property=\"og:image:width\" content=\"1200\" \/>\n\t<meta property=\"og:image:height\" content=\"627\" \/>\n\t<meta property=\"og:image:type\" content=\"image\/jpeg\" \/>\n<meta name=\"author\" content=\"Thales Brand\u00e3o\" \/>\n<meta name=\"twitter:card\" content=\"summary_large_image\" \/>\n<meta name=\"twitter:creator\" content=\"@http:\/\/www.twitter.com\/thalesbrandao\" \/>\n<meta name=\"twitter:site\" content=\"@CidadeMarketing\" \/>\n<meta name=\"twitter:label1\" content=\"Escrito por\" \/>\n\t<meta name=\"twitter:data1\" content=\"Thales Brand\u00e3o\" \/>\n\t<meta name=\"twitter:label2\" content=\"Est. tempo de leitura\" \/>\n\t<meta name=\"twitter:data2\" content=\"4 minutos\" \/>\n<script type=\"application\/ld+json\" class=\"yoast-schema-graph\">{\"@context\":\"https:\\\/\\\/schema.org\",\"@graph\":[{\"@type\":\"Article\",\"@id\":\"https:\\\/\\\/www.cidademarketing.com.br\\\/marketing\\\/2021\\\/08\\\/11\\\/cnn-lanca-seu-primeiro-evento-para-discutir-futuro-do-pais\\\/#article\",\"isPartOf\":{\"@id\":\"https:\\\/\\\/www.cidademarketing.com.br\\\/marketing\\\/2021\\\/08\\\/11\\\/cnn-lanca-seu-primeiro-evento-para-discutir-futuro-do-pais\\\/\"},\"author\":{\"name\":\"Thales Brand\u00e3o\",\"@id\":\"https:\\\/\\\/www.cidademarketing.com.br\\\/marketing\\\/#\\\/schema\\\/person\\\/02daff9f18bd9378c9e01eb6b2db155f\"},\"headline\":\"CNN lan\u00e7a seu primeiro evento para discutir futuro do pa\u00eds\",\"datePublished\":\"2021-08-11T15:38:46+00:00\",\"dateModified\":\"2021-08-11T15:38:48+00:00\",\"mainEntityOfPage\":{\"@id\":\"https:\\\/\\\/www.cidademarketing.com.br\\\/marketing\\\/2021\\\/08\\\/11\\\/cnn-lanca-seu-primeiro-evento-para-discutir-futuro-do-pais\\\/\"},\"wordCount\":782,\"commentCount\":0,\"publisher\":{\"@id\":\"https:\\\/\\\/www.cidademarketing.com.br\\\/marketing\\\/#organization\"},\"image\":{\"@id\":\"https:\\\/\\\/www.cidademarketing.com.br\\\/marketing\\\/2021\\\/08\\\/11\\\/cnn-lanca-seu-primeiro-evento-para-discutir-futuro-do-pais\\\/#primaryimage\"},\"thumbnailUrl\":\"https:\\\/\\\/www.cidademarketing.com.br\\\/marketing\\\/wp-content\\\/uploads\\\/2021\\\/08\\\/economia_cnn.jpg\",\"keywords\":[\"CNN\",\"estrat\u00e9gia\",\"evento\",\"marketing\"],\"articleSection\":[\"Eventos\"],\"inLanguage\":\"pt-BR\",\"potentialAction\":[{\"@type\":\"CommentAction\",\"name\":\"Comment\",\"target\":[\"https:\\\/\\\/www.cidademarketing.com.br\\\/marketing\\\/2021\\\/08\\\/11\\\/cnn-lanca-seu-primeiro-evento-para-discutir-futuro-do-pais\\\/#respond\"]}]},{\"@type\":\"WebPage\",\"@id\":\"https:\\\/\\\/www.cidademarketing.com.br\\\/marketing\\\/2021\\\/08\\\/11\\\/cnn-lanca-seu-primeiro-evento-para-discutir-futuro-do-pais\\\/\",\"url\":\"https:\\\/\\\/www.cidademarketing.com.br\\\/marketing\\\/2021\\\/08\\\/11\\\/cnn-lanca-seu-primeiro-evento-para-discutir-futuro-do-pais\\\/\",\"name\":\"CNN lan\u00e7a seu primeiro evento para discutir futuro do pa\u00eds - CidadeMarketing\",\"isPartOf\":{\"@id\":\"https:\\\/\\\/www.cidademarketing.com.br\\\/marketing\\\/#website\"},\"primaryImageOfPage\":{\"@id\":\"https:\\\/\\\/www.cidademarketing.com.br\\\/marketing\\\/2021\\\/08\\\/11\\\/cnn-lanca-seu-primeiro-evento-para-discutir-futuro-do-pais\\\/#primaryimage\"},\"image\":{\"@id\":\"https:\\\/\\\/www.cidademarketing.com.br\\\/marketing\\\/2021\\\/08\\\/11\\\/cnn-lanca-seu-primeiro-evento-para-discutir-futuro-do-pais\\\/#primaryimage\"},\"thumbnailUrl\":\"https:\\\/\\\/www.cidademarketing.com.br\\\/marketing\\\/wp-content\\\/uploads\\\/2021\\\/08\\\/economia_cnn.jpg\",\"datePublished\":\"2021-08-11T15:38:46+00:00\",\"dateModified\":\"2021-08-11T15:38:48+00:00\",\"breadcrumb\":{\"@id\":\"https:\\\/\\\/www.cidademarketing.com.br\\\/marketing\\\/2021\\\/08\\\/11\\\/cnn-lanca-seu-primeiro-evento-para-discutir-futuro-do-pais\\\/#breadcrumb\"},\"inLanguage\":\"pt-BR\",\"potentialAction\":[{\"@type\":\"ReadAction\",\"target\":[\"https:\\\/\\\/www.cidademarketing.com.br\\\/marketing\\\/2021\\\/08\\\/11\\\/cnn-lanca-seu-primeiro-evento-para-discutir-futuro-do-pais\\\/\"]}]},{\"@type\":\"ImageObject\",\"inLanguage\":\"pt-BR\",\"@id\":\"https:\\\/\\\/www.cidademarketing.com.br\\\/marketing\\\/2021\\\/08\\\/11\\\/cnn-lanca-seu-primeiro-evento-para-discutir-futuro-do-pais\\\/#primaryimage\",\"url\":\"https:\\\/\\\/www.cidademarketing.com.br\\\/marketing\\\/wp-content\\\/uploads\\\/2021\\\/08\\\/economia_cnn.jpg\",\"contentUrl\":\"https:\\\/\\\/www.cidademarketing.com.br\\\/marketing\\\/wp-content\\\/uploads\\\/2021\\\/08\\\/economia_cnn.jpg\",\"width\":1200,\"height\":627},{\"@type\":\"BreadcrumbList\",\"@id\":\"https:\\\/\\\/www.cidademarketing.com.br\\\/marketing\\\/2021\\\/08\\\/11\\\/cnn-lanca-seu-primeiro-evento-para-discutir-futuro-do-pais\\\/#breadcrumb\",\"itemListElement\":[{\"@type\":\"ListItem\",\"position\":1,\"name\":\"In\u00edcio\",\"item\":\"https:\\\/\\\/www.cidademarketing.com.br\\\/marketing\\\/\"},{\"@type\":\"ListItem\",\"position\":2,\"name\":\"CNN lan\u00e7a seu primeiro evento para discutir futuro do pa\u00eds\"}]},{\"@type\":\"WebSite\",\"@id\":\"https:\\\/\\\/www.cidademarketing.com.br\\\/marketing\\\/#website\",\"url\":\"https:\\\/\\\/www.cidademarketing.com.br\\\/marketing\\\/\",\"name\":\"CidadeMarketing\",\"description\":\"Somos um ve\u00edculo de comunica\u00e7\u00e3o de destaque no Brasil, reconhecido por conte\u00fados nos segmentos de marketing, empreendedorismo e inova\u00e7\u00e3o.\",\"publisher\":{\"@id\":\"https:\\\/\\\/www.cidademarketing.com.br\\\/marketing\\\/#organization\"},\"alternateName\":\"CidadeMarketing\",\"potentialAction\":[{\"@type\":\"SearchAction\",\"target\":{\"@type\":\"EntryPoint\",\"urlTemplate\":\"https:\\\/\\\/www.cidademarketing.com.br\\\/marketing\\\/?s={search_term_string}\"},\"query-input\":{\"@type\":\"PropertyValueSpecification\",\"valueRequired\":true,\"valueName\":\"search_term_string\"}}],\"inLanguage\":\"pt-BR\"},{\"@type\":\"Organization\",\"@id\":\"https:\\\/\\\/www.cidademarketing.com.br\\\/marketing\\\/#organization\",\"name\":\"CidadeMarketing\",\"alternateName\":\"CidadeMarketing\",\"url\":\"https:\\\/\\\/www.cidademarketing.com.br\\\/marketing\\\/\",\"logo\":{\"@type\":\"ImageObject\",\"inLanguage\":\"pt-BR\",\"@id\":\"https:\\\/\\\/www.cidademarketing.com.br\\\/marketing\\\/#\\\/schema\\\/logo\\\/image\\\/\",\"url\":\"https:\\\/\\\/www.cidademarketing.com.br\\\/marketing\\\/wp-content\\\/uploads\\\/2020\\\/01\\\/cidademarketing_marca_mobile.png\",\"contentUrl\":\"https:\\\/\\\/www.cidademarketing.com.br\\\/marketing\\\/wp-content\\\/uploads\\\/2020\\\/01\\\/cidademarketing_marca_mobile.png\",\"width\":230,\"height\":92,\"caption\":\"CidadeMarketing\"},\"image\":{\"@id\":\"https:\\\/\\\/www.cidademarketing.com.br\\\/marketing\\\/#\\\/schema\\\/logo\\\/image\\\/\"},\"sameAs\":[\"https:\\\/\\\/www.facebook.com\\\/portalcidademarketing\",\"https:\\\/\\\/x.com\\\/CidadeMarketing\",\"https:\\\/\\\/www.instagram.com\\\/cidademarketing\\\/\"]},{\"@type\":\"Person\",\"@id\":\"https:\\\/\\\/www.cidademarketing.com.br\\\/marketing\\\/#\\\/schema\\\/person\\\/02daff9f18bd9378c9e01eb6b2db155f\",\"name\":\"Thales Brand\u00e3o\",\"image\":{\"@type\":\"ImageObject\",\"inLanguage\":\"pt-BR\",\"@id\":\"https:\\\/\\\/secure.gravatar.com\\\/avatar\\\/7ca3206950207cc3cb48feec56a8a7898741ab725c368d99d5d7a5a50aab80c6?s=96&d=mm&r=g\",\"url\":\"https:\\\/\\\/secure.gravatar.com\\\/avatar\\\/7ca3206950207cc3cb48feec56a8a7898741ab725c368d99d5d7a5a50aab80c6?s=96&d=mm&r=g\",\"contentUrl\":\"https:\\\/\\\/secure.gravatar.com\\\/avatar\\\/7ca3206950207cc3cb48feec56a8a7898741ab725c368d99d5d7a5a50aab80c6?s=96&d=mm&r=g\",\"caption\":\"Thales Brand\u00e3o\"},\"description\":\"Editor Executivo do Portal CidadeMarketing.com.br &gt; Mestre em Comunica\u00e7\u00e3o e Sociedade pela Universidade Federal de Sergipe. Possui MBA Executivo em Administra\u00e7\u00e3o com \u00eanfase em Marketing pela Funda\u00e7\u00e3o Get\u00falio Vargas - Rio de Janeiro. Consultor, Palestrante e Pesquisador sobre Empreendedorismo, Marketing, Redes Sociais e Neg\u00f3cios Digitais. Professor, Palestrante TedxTalks e Campus Party. Twitter: @ThalesBrandao\",\"sameAs\":[\"http:\\\/\\\/www.mandacaru.com.br\",\"https:\\\/\\\/www.facebook.com\\\/thalesbrandao\",\"http:\\\/\\\/www.instagram.com.br\\\/thalesbrandaoferreira\",\"https:\\\/\\\/www.linkedin.com\\\/in\\\/thales-brand\u00e3o-3948609\\\/\",\"https:\\\/\\\/x.com\\\/http:\\\/\\\/www.twitter.com\\\/thalesbrandao\"],\"url\":\"https:\\\/\\\/www.cidademarketing.com.br\\\/marketing\\\/author\\\/thalesbrandao\\\/\"}]}<\/script>\n<!-- \/ Yoast SEO plugin. -->","yoast_head_json":{"title":"CNN lan\u00e7a seu primeiro evento para discutir futuro do pa\u00eds - CidadeMarketing","robots":{"index":"index","follow":"follow","max-snippet":"max-snippet:-1","max-image-preview":"max-image-preview:large","max-video-preview":"max-video-preview:-1"},"canonical":"https:\/\/www.cidademarketing.com.br\/marketing\/2021\/08\/11\/cnn-lanca-seu-primeiro-evento-para-discutir-futuro-do-pais\/","og_locale":"pt_BR","og_type":"article","og_title":"CNN lan\u00e7a seu primeiro evento para discutir futuro do pa\u00eds - CidadeMarketing","og_description":"A CNN Brasil lan\u00e7a, nos dias 30 e 31 deste m\u00eas, o \u201cF\u00f3rum de Economia CNN \u2013 Os desafios de um Brasil essencial\u201d, a primeira grande iniciativa da CNN Eventos, a nova unidade de neg\u00f3cios da empresa. Ser\u00e3o oito debates sobre o cen\u00e1rio e perspectivas da economia do pa\u00eds no p\u00f3s-pandemia.&nbsp; De acordo com Renata [&hellip;]","og_url":"https:\/\/www.cidademarketing.com.br\/marketing\/2021\/08\/11\/cnn-lanca-seu-primeiro-evento-para-discutir-futuro-do-pais\/","og_site_name":"CidadeMarketing","article_publisher":"https:\/\/www.facebook.com\/portalcidademarketing","article_author":"https:\/\/www.facebook.com\/thalesbrandao","article_published_time":"2021-08-11T15:38:46+00:00","article_modified_time":"2021-08-11T15:38:48+00:00","og_image":[{"width":1200,"height":627,"url":"https:\/\/www.cidademarketing.com.br\/marketing\/wp-content\/uploads\/2021\/08\/economia_cnn.jpg","type":"image\/jpeg"}],"author":"Thales Brand\u00e3o","twitter_card":"summary_large_image","twitter_creator":"@http:\/\/www.twitter.com\/thalesbrandao","twitter_site":"@CidadeMarketing","twitter_misc":{"Escrito por":"Thales Brand\u00e3o","Est. tempo de leitura":"4 minutos"},"schema":{"@context":"https:\/\/schema.org","@graph":[{"@type":"Article","@id":"https:\/\/www.cidademarketing.com.br\/marketing\/2021\/08\/11\/cnn-lanca-seu-primeiro-evento-para-discutir-futuro-do-pais\/#article","isPartOf":{"@id":"https:\/\/www.cidademarketing.com.br\/marketing\/2021\/08\/11\/cnn-lanca-seu-primeiro-evento-para-discutir-futuro-do-pais\/"},"author":{"name":"Thales Brand\u00e3o","@id":"https:\/\/www.cidademarketing.com.br\/marketing\/#\/schema\/person\/02daff9f18bd9378c9e01eb6b2db155f"},"headline":"CNN lan\u00e7a seu primeiro evento para discutir futuro do pa\u00eds","datePublished":"2021-08-11T15:38:46+00:00","dateModified":"2021-08-11T15:38:48+00:00","mainEntityOfPage":{"@id":"https:\/\/www.cidademarketing.com.br\/marketing\/2021\/08\/11\/cnn-lanca-seu-primeiro-evento-para-discutir-futuro-do-pais\/"},"wordCount":782,"commentCount":0,"publisher":{"@id":"https:\/\/www.cidademarketing.com.br\/marketing\/#organization"},"image":{"@id":"https:\/\/www.cidademarketing.com.br\/marketing\/2021\/08\/11\/cnn-lanca-seu-primeiro-evento-para-discutir-futuro-do-pais\/#primaryimage"},"thumbnailUrl":"https:\/\/www.cidademarketing.com.br\/marketing\/wp-content\/uploads\/2021\/08\/economia_cnn.jpg","keywords":["CNN","estrat\u00e9gia","evento","marketing"],"articleSection":["Eventos"],"inLanguage":"pt-BR","potentialAction":[{"@type":"CommentAction","name":"Comment","target":["https:\/\/www.cidademarketing.com.br\/marketing\/2021\/08\/11\/cnn-lanca-seu-primeiro-evento-para-discutir-futuro-do-pais\/#respond"]}]},{"@type":"WebPage","@id":"https:\/\/www.cidademarketing.com.br\/marketing\/2021\/08\/11\/cnn-lanca-seu-primeiro-evento-para-discutir-futuro-do-pais\/","url":"https:\/\/www.cidademarketing.com.br\/marketing\/2021\/08\/11\/cnn-lanca-seu-primeiro-evento-para-discutir-futuro-do-pais\/","name":"CNN lan\u00e7a seu primeiro evento para discutir futuro do pa\u00eds - CidadeMarketing","isPartOf":{"@id":"https:\/\/www.cidademarketing.com.br\/marketing\/#website"},"primaryImageOfPage":{"@id":"https:\/\/www.cidademarketing.com.br\/marketing\/2021\/08\/11\/cnn-lanca-seu-primeiro-evento-para-discutir-futuro-do-pais\/#primaryimage"},"image":{"@id":"https:\/\/www.cidademarketing.com.br\/marketing\/2021\/08\/11\/cnn-lanca-seu-primeiro-evento-para-discutir-futuro-do-pais\/#primaryimage"},"thumbnailUrl":"https:\/\/www.cidademarketing.com.br\/marketing\/wp-content\/uploads\/2021\/08\/economia_cnn.jpg","datePublished":"2021-08-11T15:38:46+00:00","dateModified":"2021-08-11T15:38:48+00:00","breadcrumb":{"@id":"https:\/\/www.cidademarketing.com.br\/marketing\/2021\/08\/11\/cnn-lanca-seu-primeiro-evento-para-discutir-futuro-do-pais\/#breadcrumb"},"inLanguage":"pt-BR","potentialAction":[{"@type":"ReadAction","target":["https:\/\/www.cidademarketing.com.br\/marketing\/2021\/08\/11\/cnn-lanca-seu-primeiro-evento-para-discutir-futuro-do-pais\/"]}]},{"@type":"ImageObject","inLanguage":"pt-BR","@id":"https:\/\/www.cidademarketing.com.br\/marketing\/2021\/08\/11\/cnn-lanca-seu-primeiro-evento-para-discutir-futuro-do-pais\/#primaryimage","url":"https:\/\/www.cidademarketing.com.br\/marketing\/wp-content\/uploads\/2021\/08\/economia_cnn.jpg","contentUrl":"https:\/\/www.cidademarketing.com.br\/marketing\/wp-content\/uploads\/2021\/08\/economia_cnn.jpg","width":1200,"height":627},{"@type":"BreadcrumbList","@id":"https:\/\/www.cidademarketing.com.br\/marketing\/2021\/08\/11\/cnn-lanca-seu-primeiro-evento-para-discutir-futuro-do-pais\/#breadcrumb","itemListElement":[{"@type":"ListItem","position":1,"name":"In\u00edcio","item":"https:\/\/www.cidademarketing.com.br\/marketing\/"},{"@type":"ListItem","position":2,"name":"CNN lan\u00e7a seu primeiro evento para discutir futuro do pa\u00eds"}]},{"@type":"WebSite","@id":"https:\/\/www.cidademarketing.com.br\/marketing\/#website","url":"https:\/\/www.cidademarketing.com.br\/marketing\/","name":"CidadeMarketing","description":"Somos um ve\u00edculo de comunica\u00e7\u00e3o de destaque no Brasil, reconhecido por conte\u00fados nos segmentos de marketing, empreendedorismo e inova\u00e7\u00e3o.","publisher":{"@id":"https:\/\/www.cidademarketing.com.br\/marketing\/#organization"},"alternateName":"CidadeMarketing","potentialAction":[{"@type":"SearchAction","target":{"@type":"EntryPoint","urlTemplate":"https:\/\/www.cidademarketing.com.br\/marketing\/?s={search_term_string}"},"query-input":{"@type":"PropertyValueSpecification","valueRequired":true,"valueName":"search_term_string"}}],"inLanguage":"pt-BR"},{"@type":"Organization","@id":"https:\/\/www.cidademarketing.com.br\/marketing\/#organization","name":"CidadeMarketing","alternateName":"CidadeMarketing","url":"https:\/\/www.cidademarketing.com.br\/marketing\/","logo":{"@type":"ImageObject","inLanguage":"pt-BR","@id":"https:\/\/www.cidademarketing.com.br\/marketing\/#\/schema\/logo\/image\/","url":"https:\/\/www.cidademarketing.com.br\/marketing\/wp-content\/uploads\/2020\/01\/cidademarketing_marca_mobile.png","contentUrl":"https:\/\/www.cidademarketing.com.br\/marketing\/wp-content\/uploads\/2020\/01\/cidademarketing_marca_mobile.png","width":230,"height":92,"caption":"CidadeMarketing"},"image":{"@id":"https:\/\/www.cidademarketing.com.br\/marketing\/#\/schema\/logo\/image\/"},"sameAs":["https:\/\/www.facebook.com\/portalcidademarketing","https:\/\/x.com\/CidadeMarketing","https:\/\/www.instagram.com\/cidademarketing\/"]},{"@type":"Person","@id":"https:\/\/www.cidademarketing.com.br\/marketing\/#\/schema\/person\/02daff9f18bd9378c9e01eb6b2db155f","name":"Thales Brand\u00e3o","image":{"@type":"ImageObject","inLanguage":"pt-BR","@id":"https:\/\/secure.gravatar.com\/avatar\/7ca3206950207cc3cb48feec56a8a7898741ab725c368d99d5d7a5a50aab80c6?s=96&d=mm&r=g","url":"https:\/\/secure.gravatar.com\/avatar\/7ca3206950207cc3cb48feec56a8a7898741ab725c368d99d5d7a5a50aab80c6?s=96&d=mm&r=g","contentUrl":"https:\/\/secure.gravatar.com\/avatar\/7ca3206950207cc3cb48feec56a8a7898741ab725c368d99d5d7a5a50aab80c6?s=96&d=mm&r=g","caption":"Thales Brand\u00e3o"},"description":"Editor Executivo do Portal CidadeMarketing.com.br &gt; Mestre em Comunica\u00e7\u00e3o e Sociedade pela Universidade Federal de Sergipe. Possui MBA Executivo em Administra\u00e7\u00e3o com \u00eanfase em Marketing pela Funda\u00e7\u00e3o Get\u00falio Vargas - Rio de Janeiro. Consultor, Palestrante e Pesquisador sobre Empreendedorismo, Marketing, Redes Sociais e Neg\u00f3cios Digitais. Professor, Palestrante TedxTalks e Campus Party. Twitter: @ThalesBrandao","sameAs":["http:\/\/www.mandacaru.com.br","https:\/\/www.facebook.com\/thalesbrandao","http:\/\/www.instagram.com.br\/thalesbrandaoferreira","https:\/\/www.linkedin.com\/in\/thales-brand\u00e3o-3948609\/","https:\/\/x.com\/http:\/\/www.twitter.com\/thalesbrandao"],"url":"https:\/\/www.cidademarketing.com.br\/marketing\/author\/thalesbrandao\/"}]}},"amp_enabled":true,"_links":{"self":[{"href":"https:\/\/www.cidademarketing.com.br\/marketing\/wp-json\/wp\/v2\/posts\/27178","targetHints":{"allow":["GET"]}}],"collection":[{"href":"https:\/\/www.cidademarketing.com.br\/marketing\/wp-json\/wp\/v2\/posts"}],"about":[{"href":"https:\/\/www.cidademarketing.com.br\/marketing\/wp-json\/wp\/v2\/types\/post"}],"author":[{"embeddable":true,"href":"https:\/\/www.cidademarketing.com.br\/marketing\/wp-json\/wp\/v2\/users\/1"}],"replies":[{"embeddable":true,"href":"https:\/\/www.cidademarketing.com.br\/marketing\/wp-json\/wp\/v2\/comments?post=27178"}],"version-history":[{"count":1,"href":"https:\/\/www.cidademarketing.com.br\/marketing\/wp-json\/wp\/v2\/posts\/27178\/revisions"}],"predecessor-version":[{"id":27180,"href":"https:\/\/www.cidademarketing.com.br\/marketing\/wp-json\/wp\/v2\/posts\/27178\/revisions\/27180"}],"wp:featuredmedia":[{"embeddable":true,"href":"https:\/\/www.cidademarketing.com.br\/marketing\/wp-json\/wp\/v2\/media\/27179"}],"wp:attachment":[{"href":"https:\/\/www.cidademarketing.com.br\/marketing\/wp-json\/wp\/v2\/media?parent=27178"}],"wp:term":[{"taxonomy":"category","embeddable":true,"href":"https:\/\/www.cidademarketing.com.br\/marketing\/wp-json\/wp\/v2\/categories?post=27178"},{"taxonomy":"post_tag","embeddable":true,"href":"https:\/\/www.cidademarketing.com.br\/marketing\/wp-json\/wp\/v2\/tags?post=27178"}],"curies":[{"name":"wp","href":"https:\/\/api.w.org\/{rel}","templated":true}]}}