{"id":27037,"date":"2021-08-09T16:15:16","date_gmt":"2021-08-09T19:15:16","guid":{"rendered":"https:\/\/www.cidademarketing.com.br\/marketing\/?p=27037"},"modified":"2021-08-09T16:15:19","modified_gmt":"2021-08-09T19:15:19","slug":"coworking-juridico-internacional-chega-ao-brasil-com-foco-em-advogados-e-legaltechs","status":"publish","type":"post","link":"https:\/\/www.cidademarketing.com.br\/marketing\/2021\/08\/09\/coworking-juridico-internacional-chega-ao-brasil-com-foco-em-advogados-e-legaltechs\/","title":{"rendered":"Coworking jur\u00eddico internacional chega ao Brasil com foco em advogados e legaltechs"},"content":{"rendered":"\n<p>Ap\u00f3s uma bem sucedida estreia em Buenos Aires, a <strong>Law Works<\/strong> chega a S\u00e3o Paulo e se torna o primeiro coworking jur\u00eddico global com atua\u00e7\u00e3o no Brasil. O espa\u00e7o, que conta com um investimento de aproximadamente R$ 3 milh\u00f5es, possui 750m\u00b2 e est\u00e1 em um dos principais endere\u00e7os da cidade, no cora\u00e7\u00e3o do Jardim Europa e pr\u00f3ximo da Avenida Faria Lima. O local possui mais de 100 postos de trabalho e oferece como grande diferencial um ambiente sigiloso e privativo, fugindo do conceito dos tradicionais coworkings do mercado. A expectativa da marca \u00e9 faturar cerca de R$ 2,5 milh\u00f5es no primeiro ano de opera\u00e7\u00e3o no Brasil, com aumento de 100% no segundo ano. A segunda unidade dever\u00e1 ser implantada na Avenida Paulista em 2022, juntamente com mais um espa\u00e7o na regi\u00e3o da Faria Lima. J\u00e1 no plano internacional, a companhia j\u00e1 est\u00e1 em fase avan\u00e7ada para expandir suas opera\u00e7\u00f5es na Cidade do M\u00e9xico.<\/p>\n\n\n\n<p>Criada pelo advogado Benjam\u00edn Mu\u00f1oz em 2018, a Law Works representou um marco entre os argentinos por oferecer uma alternativa e solu\u00e7\u00e3o para advogados, escrit\u00f3rios e startups especializadas no setor. Em apenas um ano, o espa\u00e7o em Buenos Aires atraiu mais de 100 membros ativos e alcan\u00e7ou 100% de ocupa\u00e7\u00e3o. Motivado pelo sucesso, o empreendedor se juntou ao advogado Leo Fischer para trazer a novidade \u00e0 capital paulista. \u201cAo contr\u00e1rio dos tradicionais coworkings que t\u00eam como identidade principal um espa\u00e7o mais descontra\u00eddo, a Law Works se destaca por oferecer um espa\u00e7o compartilhado s\u00f3brio, discreto e elegante, mais adequado para os advogados trabalharem, interagirem e receberem seus clientes\u201d, explica Mu\u00f1oz.<\/p>\n\n\n\n<p>O empreendedor informa que o espa\u00e7o busca oferecer aos advogados, escrit\u00f3rios&nbsp;e demais profissionais ligados ao Direito, uma estrutura similar \u00e0quela oferecida pelas grandes bancas de advocacia, com a vantagem de propiciar um networking mais amplo, variado e especializado, al\u00e9m de custos mais modestos. \u201cNo futuro, nossos associados poder\u00e3o frequentar todos os nossos espa\u00e7os f\u00edsicos e receber seus clientes naquele que for mais pr\u00f3ximo, oferecendo tamb\u00e9m acesso \u00e0 comunidade de forma virtual\u201d, revela.<\/p>\n\n\n\n<p>Mu\u00f1oz esclarece tamb\u00e9m que a decis\u00e3o de inaugurar a primeira unidade do Brasil em S\u00e3o Paulo foi idealizada pelo seu enorme potencial de crescimento, j\u00e1 que dos&nbsp;mais de 1 milh\u00e3o de advogados do Pa\u00eds, cerca de 30% est\u00e3o no estado de S\u00e3o Paulo. \u201cEm um espa\u00e7o onde os profissionais convivem com pessoas que falam a mesma l\u00edngua, todos t\u00eam a oportunidade de se desenvolver profissionalmente e at\u00e9 firmar parcerias. Ali\u00e1s, n\u00e3o defendemos apenas os coworkings de nichos para o meio jur\u00eddico, mas tamb\u00e9m para outros setores. Cada profiss\u00e3o e mercado tem suas peculiaridades e merece um ambiente espec\u00edfico, al\u00e9m de servi\u00e7os especializados e network pr\u00f3prio\u201d, afirma.<\/p>\n\n\n\n<p><strong>Inova\u00e7\u00e3o no mercado jur\u00eddico<\/strong><\/p>\n\n\n\n<p>Leo Fischer explica que o modelo de neg\u00f3cio de coworking, que j\u00e1 vinha crescendo robustamente, deve se beneficiar da mudan\u00e7a de h\u00e1bitos e quebra de rotinas provocadas pela pandemia. Isso porque ele estimula as pessoas a experimentar novas formas de exerc\u00edcio profissional, mais produtivas, agrad\u00e1veis e econ\u00f4micas.&nbsp;<\/p>\n\n\n\n<p>\u201cO conceito Law Works \u00e9 direcionado \u00e0 cria\u00e7\u00e3o de um nicho f\u00edsico e virtual de sinergia, compartilhamento de experi\u00eancias e crescimento profissional. Enquanto a tend\u00eancia dos tradicionais coworkings \u00e9 o Open Space, com espa\u00e7os \u2018descolados\u2019 (que n\u00e3o garantem um ambiente sigiloso e confidencial), o nosso busca justamente o contr\u00e1rio. Disponibilizamos a grande maioria dos postos de trabalho em salas privativas e poucos em Open Space, o que em tempos de pandemia \u00e9 um importante benef\u00edcio adicional\u201d, afirma.<\/p>\n\n\n\n<p>Al\u00e9m disso, Fischer sustenta que no coworking o cliente n\u00e3o precisa investir em reformas, mobili\u00e1rio, equipamentos e nem se preocupar com o trabalho e custos envolvidos no gerenciamento de um escrit\u00f3rio, como aluguel, IPTU, condom\u00ednio, recepcionista, limpeza, internet, etc. \u201cA Law Works oferece tamb\u00e9m flexibilidade para aqueles que buscam uma forma h\u00edbrida de trabalho ou apenas um endere\u00e7o para a filial da banca. Tamb\u00e9m aumentamos (ou diminu\u00edmos) a quantidade de postos de trabalho do cliente de acordo com suas necessidades. Inclusive, reservamos 200m2 para nosso plano <em>Built to Suit<\/em> em que montamos escrit\u00f3rios personalizados\u201d, complementa.<\/p>\n\n\n\n<p>O s\u00f3cio da Law Works acredita ainda que o local se diferencia em tr\u00eas aspectos primordiais dos demais coworkings: espa\u00e7o, servi\u00e7os e network.<\/p>\n\n\n\n<p>\u201cTendo em vista que o exerc\u00edcio da advocacia requer um ambiente confidencial, projetamos nosso espa\u00e7o de uma maneira que a maior parte dos postos fossem situados em salas privativas. Disponibilizamos, ademais, cabines telef\u00f4nicas vedadas para audi\u00eancias virtuais, liga\u00e7\u00f5es e videoconfer\u00eancias. Vale notar tamb\u00e9m que investimos fortemente em sistemas de Firewall para garantir a seguran\u00e7a dos documentos e dados de nossos clientes\u201d, revela.<\/p>\n\n\n\n<p>Em rela\u00e7\u00e3o aos servi\u00e7os, Fischer assegura que eles s\u00e3o altamente especializados, inclusive com suporte de TI (24h) e expertise jur\u00eddico para aux\u00edlio com eventuais problemas durante a realiza\u00e7\u00e3o de protocolos digitais e demais solu\u00e7\u00f5es envolvendo contratempos de inform\u00e1tica.<\/p>\n\n\n\n<p>\u201cSomos uma <em>Legal Network<\/em>. Al\u00e9m do networking presencial, os advogados t\u00eam acesso \u00e0 nossa rede interna que possibilita a comunica\u00e7\u00e3o virtual entre todos os membros da Law Works para consultas e colabora\u00e7\u00e3o entre advogados de diferentes ramos do direito\u201d, conclui Fischer.<\/p>\n","protected":false},"excerpt":{"rendered":"<p>Ap\u00f3s uma bem sucedida estreia em Buenos Aires, a Law Works chega a S\u00e3o Paulo e se torna o primeiro coworking jur\u00eddico global com atua\u00e7\u00e3o no Brasil. O espa\u00e7o, que conta com um investimento de aproximadamente R$ 3 milh\u00f5es, possui 750m\u00b2 e est\u00e1 em um dos principais endere\u00e7os da cidade, no cora\u00e7\u00e3o do Jardim Europa [&hellip;]<\/p>\n","protected":false},"author":1,"featured_media":27038,"comment_status":"open","ping_status":"open","sticky":false,"template":"","format":"standard","meta":{"tdm_status":"","tdm_grid_status":"","footnotes":""},"categories":[6],"tags":[147,1946,33,1286,28,3694],"class_list":["post-27037","post","type-post","status-publish","format-standard","has-post-thumbnail","hentry","category-noticias","tag-brasil","tag-coworking","tag-estrategia","tag-juridico","tag-marketing","tag-ponto"],"yoast_head":"<!-- This site is optimized with the Yoast SEO plugin v27.5 - https:\/\/yoast.com\/product\/yoast-seo-wordpress\/ -->\n<title>Coworking jur\u00eddico internacional chega ao Brasil com foco em advogados e legaltechs - CidadeMarketing<\/title>\n<meta name=\"robots\" content=\"index, follow, max-snippet:-1, max-image-preview:large, max-video-preview:-1\" \/>\n<link rel=\"canonical\" href=\"https:\/\/www.cidademarketing.com.br\/marketing\/2021\/08\/09\/coworking-juridico-internacional-chega-ao-brasil-com-foco-em-advogados-e-legaltechs\/\" \/>\n<meta property=\"og:locale\" content=\"pt_BR\" \/>\n<meta property=\"og:type\" content=\"article\" \/>\n<meta property=\"og:title\" content=\"Coworking jur\u00eddico internacional chega ao Brasil com foco em advogados e legaltechs - CidadeMarketing\" \/>\n<meta property=\"og:description\" content=\"Ap\u00f3s uma bem sucedida estreia em Buenos Aires, a Law Works chega a S\u00e3o Paulo e se torna o primeiro coworking jur\u00eddico global com atua\u00e7\u00e3o no Brasil. O espa\u00e7o, que conta com um investimento de aproximadamente R$ 3 milh\u00f5es, possui 750m\u00b2 e est\u00e1 em um dos principais endere\u00e7os da cidade, no cora\u00e7\u00e3o do Jardim Europa [&hellip;]\" \/>\n<meta property=\"og:url\" content=\"https:\/\/www.cidademarketing.com.br\/marketing\/2021\/08\/09\/coworking-juridico-internacional-chega-ao-brasil-com-foco-em-advogados-e-legaltechs\/\" \/>\n<meta property=\"og:site_name\" content=\"CidadeMarketing\" \/>\n<meta property=\"article:publisher\" content=\"https:\/\/www.facebook.com\/portalcidademarketing\" \/>\n<meta property=\"article:author\" content=\"https:\/\/www.facebook.com\/thalesbrandao\" \/>\n<meta property=\"article:published_time\" content=\"2021-08-09T19:15:16+00:00\" \/>\n<meta property=\"article:modified_time\" content=\"2021-08-09T19:15:19+00:00\" \/>\n<meta property=\"og:image\" content=\"https:\/\/www.cidademarketing.com.br\/marketing\/wp-content\/uploads\/2021\/08\/coworking_juridico.jpg\" \/>\n\t<meta property=\"og:image:width\" content=\"1280\" \/>\n\t<meta property=\"og:image:height\" content=\"853\" \/>\n\t<meta property=\"og:image:type\" content=\"image\/jpeg\" \/>\n<meta name=\"author\" content=\"Thales Brand\u00e3o\" \/>\n<meta name=\"twitter:card\" content=\"summary_large_image\" \/>\n<meta name=\"twitter:creator\" content=\"@http:\/\/www.twitter.com\/thalesbrandao\" \/>\n<meta name=\"twitter:site\" content=\"@CidadeMarketing\" \/>\n<meta name=\"twitter:label1\" content=\"Escrito por\" \/>\n\t<meta name=\"twitter:data1\" content=\"Thales Brand\u00e3o\" \/>\n\t<meta name=\"twitter:label2\" content=\"Est. tempo de leitura\" \/>\n\t<meta name=\"twitter:data2\" content=\"5 minutos\" \/>\n<script type=\"application\/ld+json\" class=\"yoast-schema-graph\">{\"@context\":\"https:\\\/\\\/schema.org\",\"@graph\":[{\"@type\":\"Article\",\"@id\":\"https:\\\/\\\/www.cidademarketing.com.br\\\/marketing\\\/2021\\\/08\\\/09\\\/coworking-juridico-internacional-chega-ao-brasil-com-foco-em-advogados-e-legaltechs\\\/#article\",\"isPartOf\":{\"@id\":\"https:\\\/\\\/www.cidademarketing.com.br\\\/marketing\\\/2021\\\/08\\\/09\\\/coworking-juridico-internacional-chega-ao-brasil-com-foco-em-advogados-e-legaltechs\\\/\"},\"author\":{\"name\":\"Thales Brand\u00e3o\",\"@id\":\"https:\\\/\\\/www.cidademarketing.com.br\\\/marketing\\\/#\\\/schema\\\/person\\\/02daff9f18bd9378c9e01eb6b2db155f\"},\"headline\":\"Coworking jur\u00eddico internacional chega ao Brasil com foco em advogados e legaltechs\",\"datePublished\":\"2021-08-09T19:15:16+00:00\",\"dateModified\":\"2021-08-09T19:15:19+00:00\",\"mainEntityOfPage\":{\"@id\":\"https:\\\/\\\/www.cidademarketing.com.br\\\/marketing\\\/2021\\\/08\\\/09\\\/coworking-juridico-internacional-chega-ao-brasil-com-foco-em-advogados-e-legaltechs\\\/\"},\"wordCount\":936,\"commentCount\":0,\"publisher\":{\"@id\":\"https:\\\/\\\/www.cidademarketing.com.br\\\/marketing\\\/#organization\"},\"image\":{\"@id\":\"https:\\\/\\\/www.cidademarketing.com.br\\\/marketing\\\/2021\\\/08\\\/09\\\/coworking-juridico-internacional-chega-ao-brasil-com-foco-em-advogados-e-legaltechs\\\/#primaryimage\"},\"thumbnailUrl\":\"https:\\\/\\\/www.cidademarketing.com.br\\\/marketing\\\/wp-content\\\/uploads\\\/2021\\\/08\\\/coworking_juridico.jpg\",\"keywords\":[\"Brasil\",\"coworking\",\"estrat\u00e9gia\",\"jur\u00eddico\",\"marketing\",\"ponto\"],\"articleSection\":[\"Not\u00edcias\"],\"inLanguage\":\"pt-BR\",\"potentialAction\":[{\"@type\":\"CommentAction\",\"name\":\"Comment\",\"target\":[\"https:\\\/\\\/www.cidademarketing.com.br\\\/marketing\\\/2021\\\/08\\\/09\\\/coworking-juridico-internacional-chega-ao-brasil-com-foco-em-advogados-e-legaltechs\\\/#respond\"]}]},{\"@type\":\"WebPage\",\"@id\":\"https:\\\/\\\/www.cidademarketing.com.br\\\/marketing\\\/2021\\\/08\\\/09\\\/coworking-juridico-internacional-chega-ao-brasil-com-foco-em-advogados-e-legaltechs\\\/\",\"url\":\"https:\\\/\\\/www.cidademarketing.com.br\\\/marketing\\\/2021\\\/08\\\/09\\\/coworking-juridico-internacional-chega-ao-brasil-com-foco-em-advogados-e-legaltechs\\\/\",\"name\":\"Coworking jur\u00eddico internacional chega ao Brasil com foco em advogados e legaltechs - CidadeMarketing\",\"isPartOf\":{\"@id\":\"https:\\\/\\\/www.cidademarketing.com.br\\\/marketing\\\/#website\"},\"primaryImageOfPage\":{\"@id\":\"https:\\\/\\\/www.cidademarketing.com.br\\\/marketing\\\/2021\\\/08\\\/09\\\/coworking-juridico-internacional-chega-ao-brasil-com-foco-em-advogados-e-legaltechs\\\/#primaryimage\"},\"image\":{\"@id\":\"https:\\\/\\\/www.cidademarketing.com.br\\\/marketing\\\/2021\\\/08\\\/09\\\/coworking-juridico-internacional-chega-ao-brasil-com-foco-em-advogados-e-legaltechs\\\/#primaryimage\"},\"thumbnailUrl\":\"https:\\\/\\\/www.cidademarketing.com.br\\\/marketing\\\/wp-content\\\/uploads\\\/2021\\\/08\\\/coworking_juridico.jpg\",\"datePublished\":\"2021-08-09T19:15:16+00:00\",\"dateModified\":\"2021-08-09T19:15:19+00:00\",\"breadcrumb\":{\"@id\":\"https:\\\/\\\/www.cidademarketing.com.br\\\/marketing\\\/2021\\\/08\\\/09\\\/coworking-juridico-internacional-chega-ao-brasil-com-foco-em-advogados-e-legaltechs\\\/#breadcrumb\"},\"inLanguage\":\"pt-BR\",\"potentialAction\":[{\"@type\":\"ReadAction\",\"target\":[\"https:\\\/\\\/www.cidademarketing.com.br\\\/marketing\\\/2021\\\/08\\\/09\\\/coworking-juridico-internacional-chega-ao-brasil-com-foco-em-advogados-e-legaltechs\\\/\"]}]},{\"@type\":\"ImageObject\",\"inLanguage\":\"pt-BR\",\"@id\":\"https:\\\/\\\/www.cidademarketing.com.br\\\/marketing\\\/2021\\\/08\\\/09\\\/coworking-juridico-internacional-chega-ao-brasil-com-foco-em-advogados-e-legaltechs\\\/#primaryimage\",\"url\":\"https:\\\/\\\/www.cidademarketing.com.br\\\/marketing\\\/wp-content\\\/uploads\\\/2021\\\/08\\\/coworking_juridico.jpg\",\"contentUrl\":\"https:\\\/\\\/www.cidademarketing.com.br\\\/marketing\\\/wp-content\\\/uploads\\\/2021\\\/08\\\/coworking_juridico.jpg\",\"width\":1280,\"height\":853,\"caption\":\"Divulga\u00e7\u00e3o\"},{\"@type\":\"BreadcrumbList\",\"@id\":\"https:\\\/\\\/www.cidademarketing.com.br\\\/marketing\\\/2021\\\/08\\\/09\\\/coworking-juridico-internacional-chega-ao-brasil-com-foco-em-advogados-e-legaltechs\\\/#breadcrumb\",\"itemListElement\":[{\"@type\":\"ListItem\",\"position\":1,\"name\":\"In\u00edcio\",\"item\":\"https:\\\/\\\/www.cidademarketing.com.br\\\/marketing\\\/\"},{\"@type\":\"ListItem\",\"position\":2,\"name\":\"Coworking jur\u00eddico internacional chega ao Brasil com foco em advogados e legaltechs\"}]},{\"@type\":\"WebSite\",\"@id\":\"https:\\\/\\\/www.cidademarketing.com.br\\\/marketing\\\/#website\",\"url\":\"https:\\\/\\\/www.cidademarketing.com.br\\\/marketing\\\/\",\"name\":\"CidadeMarketing\",\"description\":\"Somos um ve\u00edculo de comunica\u00e7\u00e3o de destaque no Brasil, reconhecido por conte\u00fados nos segmentos de marketing, empreendedorismo e inova\u00e7\u00e3o.\",\"publisher\":{\"@id\":\"https:\\\/\\\/www.cidademarketing.com.br\\\/marketing\\\/#organization\"},\"alternateName\":\"CidadeMarketing\",\"potentialAction\":[{\"@type\":\"SearchAction\",\"target\":{\"@type\":\"EntryPoint\",\"urlTemplate\":\"https:\\\/\\\/www.cidademarketing.com.br\\\/marketing\\\/?s={search_term_string}\"},\"query-input\":{\"@type\":\"PropertyValueSpecification\",\"valueRequired\":true,\"valueName\":\"search_term_string\"}}],\"inLanguage\":\"pt-BR\"},{\"@type\":\"Organization\",\"@id\":\"https:\\\/\\\/www.cidademarketing.com.br\\\/marketing\\\/#organization\",\"name\":\"CidadeMarketing\",\"alternateName\":\"CidadeMarketing\",\"url\":\"https:\\\/\\\/www.cidademarketing.com.br\\\/marketing\\\/\",\"logo\":{\"@type\":\"ImageObject\",\"inLanguage\":\"pt-BR\",\"@id\":\"https:\\\/\\\/www.cidademarketing.com.br\\\/marketing\\\/#\\\/schema\\\/logo\\\/image\\\/\",\"url\":\"https:\\\/\\\/www.cidademarketing.com.br\\\/marketing\\\/wp-content\\\/uploads\\\/2020\\\/01\\\/cidademarketing_marca_mobile.png\",\"contentUrl\":\"https:\\\/\\\/www.cidademarketing.com.br\\\/marketing\\\/wp-content\\\/uploads\\\/2020\\\/01\\\/cidademarketing_marca_mobile.png\",\"width\":230,\"height\":92,\"caption\":\"CidadeMarketing\"},\"image\":{\"@id\":\"https:\\\/\\\/www.cidademarketing.com.br\\\/marketing\\\/#\\\/schema\\\/logo\\\/image\\\/\"},\"sameAs\":[\"https:\\\/\\\/www.facebook.com\\\/portalcidademarketing\",\"https:\\\/\\\/x.com\\\/CidadeMarketing\",\"https:\\\/\\\/www.instagram.com\\\/cidademarketing\\\/\"]},{\"@type\":\"Person\",\"@id\":\"https:\\\/\\\/www.cidademarketing.com.br\\\/marketing\\\/#\\\/schema\\\/person\\\/02daff9f18bd9378c9e01eb6b2db155f\",\"name\":\"Thales Brand\u00e3o\",\"image\":{\"@type\":\"ImageObject\",\"inLanguage\":\"pt-BR\",\"@id\":\"https:\\\/\\\/secure.gravatar.com\\\/avatar\\\/7ca3206950207cc3cb48feec56a8a7898741ab725c368d99d5d7a5a50aab80c6?s=96&d=mm&r=g\",\"url\":\"https:\\\/\\\/secure.gravatar.com\\\/avatar\\\/7ca3206950207cc3cb48feec56a8a7898741ab725c368d99d5d7a5a50aab80c6?s=96&d=mm&r=g\",\"contentUrl\":\"https:\\\/\\\/secure.gravatar.com\\\/avatar\\\/7ca3206950207cc3cb48feec56a8a7898741ab725c368d99d5d7a5a50aab80c6?s=96&d=mm&r=g\",\"caption\":\"Thales Brand\u00e3o\"},\"description\":\"Editor Executivo do Portal CidadeMarketing.com.br &gt; Mestre em Comunica\u00e7\u00e3o e Sociedade pela Universidade Federal de Sergipe. Possui MBA Executivo em Administra\u00e7\u00e3o com \u00eanfase em Marketing pela Funda\u00e7\u00e3o Get\u00falio Vargas - Rio de Janeiro. Consultor, Palestrante e Pesquisador sobre Empreendedorismo, Marketing, Redes Sociais e Neg\u00f3cios Digitais. Professor, Palestrante TedxTalks e Campus Party. Twitter: @ThalesBrandao\",\"sameAs\":[\"http:\\\/\\\/www.mandacaru.com.br\",\"https:\\\/\\\/www.facebook.com\\\/thalesbrandao\",\"http:\\\/\\\/www.instagram.com.br\\\/thalesbrandaoferreira\",\"https:\\\/\\\/www.linkedin.com\\\/in\\\/thales-brand\u00e3o-3948609\\\/\",\"https:\\\/\\\/x.com\\\/http:\\\/\\\/www.twitter.com\\\/thalesbrandao\"],\"url\":\"https:\\\/\\\/www.cidademarketing.com.br\\\/marketing\\\/author\\\/thalesbrandao\\\/\"}]}<\/script>\n<!-- \/ Yoast SEO plugin. -->","yoast_head_json":{"title":"Coworking jur\u00eddico internacional chega ao Brasil com foco em advogados e legaltechs - CidadeMarketing","robots":{"index":"index","follow":"follow","max-snippet":"max-snippet:-1","max-image-preview":"max-image-preview:large","max-video-preview":"max-video-preview:-1"},"canonical":"https:\/\/www.cidademarketing.com.br\/marketing\/2021\/08\/09\/coworking-juridico-internacional-chega-ao-brasil-com-foco-em-advogados-e-legaltechs\/","og_locale":"pt_BR","og_type":"article","og_title":"Coworking jur\u00eddico internacional chega ao Brasil com foco em advogados e legaltechs - CidadeMarketing","og_description":"Ap\u00f3s uma bem sucedida estreia em Buenos Aires, a Law Works chega a S\u00e3o Paulo e se torna o primeiro coworking jur\u00eddico global com atua\u00e7\u00e3o no Brasil. O espa\u00e7o, que conta com um investimento de aproximadamente R$ 3 milh\u00f5es, possui 750m\u00b2 e est\u00e1 em um dos principais endere\u00e7os da cidade, no cora\u00e7\u00e3o do Jardim Europa [&hellip;]","og_url":"https:\/\/www.cidademarketing.com.br\/marketing\/2021\/08\/09\/coworking-juridico-internacional-chega-ao-brasil-com-foco-em-advogados-e-legaltechs\/","og_site_name":"CidadeMarketing","article_publisher":"https:\/\/www.facebook.com\/portalcidademarketing","article_author":"https:\/\/www.facebook.com\/thalesbrandao","article_published_time":"2021-08-09T19:15:16+00:00","article_modified_time":"2021-08-09T19:15:19+00:00","og_image":[{"width":1280,"height":853,"url":"https:\/\/www.cidademarketing.com.br\/marketing\/wp-content\/uploads\/2021\/08\/coworking_juridico.jpg","type":"image\/jpeg"}],"author":"Thales Brand\u00e3o","twitter_card":"summary_large_image","twitter_creator":"@http:\/\/www.twitter.com\/thalesbrandao","twitter_site":"@CidadeMarketing","twitter_misc":{"Escrito por":"Thales Brand\u00e3o","Est. tempo de leitura":"5 minutos"},"schema":{"@context":"https:\/\/schema.org","@graph":[{"@type":"Article","@id":"https:\/\/www.cidademarketing.com.br\/marketing\/2021\/08\/09\/coworking-juridico-internacional-chega-ao-brasil-com-foco-em-advogados-e-legaltechs\/#article","isPartOf":{"@id":"https:\/\/www.cidademarketing.com.br\/marketing\/2021\/08\/09\/coworking-juridico-internacional-chega-ao-brasil-com-foco-em-advogados-e-legaltechs\/"},"author":{"name":"Thales Brand\u00e3o","@id":"https:\/\/www.cidademarketing.com.br\/marketing\/#\/schema\/person\/02daff9f18bd9378c9e01eb6b2db155f"},"headline":"Coworking jur\u00eddico internacional chega ao Brasil com foco em advogados e legaltechs","datePublished":"2021-08-09T19:15:16+00:00","dateModified":"2021-08-09T19:15:19+00:00","mainEntityOfPage":{"@id":"https:\/\/www.cidademarketing.com.br\/marketing\/2021\/08\/09\/coworking-juridico-internacional-chega-ao-brasil-com-foco-em-advogados-e-legaltechs\/"},"wordCount":936,"commentCount":0,"publisher":{"@id":"https:\/\/www.cidademarketing.com.br\/marketing\/#organization"},"image":{"@id":"https:\/\/www.cidademarketing.com.br\/marketing\/2021\/08\/09\/coworking-juridico-internacional-chega-ao-brasil-com-foco-em-advogados-e-legaltechs\/#primaryimage"},"thumbnailUrl":"https:\/\/www.cidademarketing.com.br\/marketing\/wp-content\/uploads\/2021\/08\/coworking_juridico.jpg","keywords":["Brasil","coworking","estrat\u00e9gia","jur\u00eddico","marketing","ponto"],"articleSection":["Not\u00edcias"],"inLanguage":"pt-BR","potentialAction":[{"@type":"CommentAction","name":"Comment","target":["https:\/\/www.cidademarketing.com.br\/marketing\/2021\/08\/09\/coworking-juridico-internacional-chega-ao-brasil-com-foco-em-advogados-e-legaltechs\/#respond"]}]},{"@type":"WebPage","@id":"https:\/\/www.cidademarketing.com.br\/marketing\/2021\/08\/09\/coworking-juridico-internacional-chega-ao-brasil-com-foco-em-advogados-e-legaltechs\/","url":"https:\/\/www.cidademarketing.com.br\/marketing\/2021\/08\/09\/coworking-juridico-internacional-chega-ao-brasil-com-foco-em-advogados-e-legaltechs\/","name":"Coworking jur\u00eddico internacional chega ao Brasil com foco em advogados e legaltechs - CidadeMarketing","isPartOf":{"@id":"https:\/\/www.cidademarketing.com.br\/marketing\/#website"},"primaryImageOfPage":{"@id":"https:\/\/www.cidademarketing.com.br\/marketing\/2021\/08\/09\/coworking-juridico-internacional-chega-ao-brasil-com-foco-em-advogados-e-legaltechs\/#primaryimage"},"image":{"@id":"https:\/\/www.cidademarketing.com.br\/marketing\/2021\/08\/09\/coworking-juridico-internacional-chega-ao-brasil-com-foco-em-advogados-e-legaltechs\/#primaryimage"},"thumbnailUrl":"https:\/\/www.cidademarketing.com.br\/marketing\/wp-content\/uploads\/2021\/08\/coworking_juridico.jpg","datePublished":"2021-08-09T19:15:16+00:00","dateModified":"2021-08-09T19:15:19+00:00","breadcrumb":{"@id":"https:\/\/www.cidademarketing.com.br\/marketing\/2021\/08\/09\/coworking-juridico-internacional-chega-ao-brasil-com-foco-em-advogados-e-legaltechs\/#breadcrumb"},"inLanguage":"pt-BR","potentialAction":[{"@type":"ReadAction","target":["https:\/\/www.cidademarketing.com.br\/marketing\/2021\/08\/09\/coworking-juridico-internacional-chega-ao-brasil-com-foco-em-advogados-e-legaltechs\/"]}]},{"@type":"ImageObject","inLanguage":"pt-BR","@id":"https:\/\/www.cidademarketing.com.br\/marketing\/2021\/08\/09\/coworking-juridico-internacional-chega-ao-brasil-com-foco-em-advogados-e-legaltechs\/#primaryimage","url":"https:\/\/www.cidademarketing.com.br\/marketing\/wp-content\/uploads\/2021\/08\/coworking_juridico.jpg","contentUrl":"https:\/\/www.cidademarketing.com.br\/marketing\/wp-content\/uploads\/2021\/08\/coworking_juridico.jpg","width":1280,"height":853,"caption":"Divulga\u00e7\u00e3o"},{"@type":"BreadcrumbList","@id":"https:\/\/www.cidademarketing.com.br\/marketing\/2021\/08\/09\/coworking-juridico-internacional-chega-ao-brasil-com-foco-em-advogados-e-legaltechs\/#breadcrumb","itemListElement":[{"@type":"ListItem","position":1,"name":"In\u00edcio","item":"https:\/\/www.cidademarketing.com.br\/marketing\/"},{"@type":"ListItem","position":2,"name":"Coworking jur\u00eddico internacional chega ao Brasil com foco em advogados e legaltechs"}]},{"@type":"WebSite","@id":"https:\/\/www.cidademarketing.com.br\/marketing\/#website","url":"https:\/\/www.cidademarketing.com.br\/marketing\/","name":"CidadeMarketing","description":"Somos um ve\u00edculo de comunica\u00e7\u00e3o de destaque no Brasil, reconhecido por conte\u00fados nos segmentos de marketing, empreendedorismo e inova\u00e7\u00e3o.","publisher":{"@id":"https:\/\/www.cidademarketing.com.br\/marketing\/#organization"},"alternateName":"CidadeMarketing","potentialAction":[{"@type":"SearchAction","target":{"@type":"EntryPoint","urlTemplate":"https:\/\/www.cidademarketing.com.br\/marketing\/?s={search_term_string}"},"query-input":{"@type":"PropertyValueSpecification","valueRequired":true,"valueName":"search_term_string"}}],"inLanguage":"pt-BR"},{"@type":"Organization","@id":"https:\/\/www.cidademarketing.com.br\/marketing\/#organization","name":"CidadeMarketing","alternateName":"CidadeMarketing","url":"https:\/\/www.cidademarketing.com.br\/marketing\/","logo":{"@type":"ImageObject","inLanguage":"pt-BR","@id":"https:\/\/www.cidademarketing.com.br\/marketing\/#\/schema\/logo\/image\/","url":"https:\/\/www.cidademarketing.com.br\/marketing\/wp-content\/uploads\/2020\/01\/cidademarketing_marca_mobile.png","contentUrl":"https:\/\/www.cidademarketing.com.br\/marketing\/wp-content\/uploads\/2020\/01\/cidademarketing_marca_mobile.png","width":230,"height":92,"caption":"CidadeMarketing"},"image":{"@id":"https:\/\/www.cidademarketing.com.br\/marketing\/#\/schema\/logo\/image\/"},"sameAs":["https:\/\/www.facebook.com\/portalcidademarketing","https:\/\/x.com\/CidadeMarketing","https:\/\/www.instagram.com\/cidademarketing\/"]},{"@type":"Person","@id":"https:\/\/www.cidademarketing.com.br\/marketing\/#\/schema\/person\/02daff9f18bd9378c9e01eb6b2db155f","name":"Thales Brand\u00e3o","image":{"@type":"ImageObject","inLanguage":"pt-BR","@id":"https:\/\/secure.gravatar.com\/avatar\/7ca3206950207cc3cb48feec56a8a7898741ab725c368d99d5d7a5a50aab80c6?s=96&d=mm&r=g","url":"https:\/\/secure.gravatar.com\/avatar\/7ca3206950207cc3cb48feec56a8a7898741ab725c368d99d5d7a5a50aab80c6?s=96&d=mm&r=g","contentUrl":"https:\/\/secure.gravatar.com\/avatar\/7ca3206950207cc3cb48feec56a8a7898741ab725c368d99d5d7a5a50aab80c6?s=96&d=mm&r=g","caption":"Thales Brand\u00e3o"},"description":"Editor Executivo do Portal CidadeMarketing.com.br &gt; Mestre em Comunica\u00e7\u00e3o e Sociedade pela Universidade Federal de Sergipe. Possui MBA Executivo em Administra\u00e7\u00e3o com \u00eanfase em Marketing pela Funda\u00e7\u00e3o Get\u00falio Vargas - Rio de Janeiro. Consultor, Palestrante e Pesquisador sobre Empreendedorismo, Marketing, Redes Sociais e Neg\u00f3cios Digitais. Professor, Palestrante TedxTalks e Campus Party. Twitter: @ThalesBrandao","sameAs":["http:\/\/www.mandacaru.com.br","https:\/\/www.facebook.com\/thalesbrandao","http:\/\/www.instagram.com.br\/thalesbrandaoferreira","https:\/\/www.linkedin.com\/in\/thales-brand\u00e3o-3948609\/","https:\/\/x.com\/http:\/\/www.twitter.com\/thalesbrandao"],"url":"https:\/\/www.cidademarketing.com.br\/marketing\/author\/thalesbrandao\/"}]}},"amp_enabled":true,"_links":{"self":[{"href":"https:\/\/www.cidademarketing.com.br\/marketing\/wp-json\/wp\/v2\/posts\/27037","targetHints":{"allow":["GET"]}}],"collection":[{"href":"https:\/\/www.cidademarketing.com.br\/marketing\/wp-json\/wp\/v2\/posts"}],"about":[{"href":"https:\/\/www.cidademarketing.com.br\/marketing\/wp-json\/wp\/v2\/types\/post"}],"author":[{"embeddable":true,"href":"https:\/\/www.cidademarketing.com.br\/marketing\/wp-json\/wp\/v2\/users\/1"}],"replies":[{"embeddable":true,"href":"https:\/\/www.cidademarketing.com.br\/marketing\/wp-json\/wp\/v2\/comments?post=27037"}],"version-history":[{"count":1,"href":"https:\/\/www.cidademarketing.com.br\/marketing\/wp-json\/wp\/v2\/posts\/27037\/revisions"}],"predecessor-version":[{"id":27039,"href":"https:\/\/www.cidademarketing.com.br\/marketing\/wp-json\/wp\/v2\/posts\/27037\/revisions\/27039"}],"wp:featuredmedia":[{"embeddable":true,"href":"https:\/\/www.cidademarketing.com.br\/marketing\/wp-json\/wp\/v2\/media\/27038"}],"wp:attachment":[{"href":"https:\/\/www.cidademarketing.com.br\/marketing\/wp-json\/wp\/v2\/media?parent=27037"}],"wp:term":[{"taxonomy":"category","embeddable":true,"href":"https:\/\/www.cidademarketing.com.br\/marketing\/wp-json\/wp\/v2\/categories?post=27037"},{"taxonomy":"post_tag","embeddable":true,"href":"https:\/\/www.cidademarketing.com.br\/marketing\/wp-json\/wp\/v2\/tags?post=27037"}],"curies":[{"name":"wp","href":"https:\/\/api.w.org\/{rel}","templated":true}]}}