{"id":26945,"date":"2021-08-07T21:26:43","date_gmt":"2021-08-08T00:26:43","guid":{"rendered":"https:\/\/www.cidademarketing.com.br\/marketing\/?p=26945"},"modified":"2021-08-07T21:26:45","modified_gmt":"2021-08-08T00:26:45","slug":"nova-musica-de-alok-e-melim-somos-ganha-clipe-inclusivo-com-mensagens-de-esperanca","status":"publish","type":"post","link":"https:\/\/www.cidademarketing.com.br\/marketing\/2021\/08\/07\/nova-musica-de-alok-e-melim-somos-ganha-clipe-inclusivo-com-mensagens-de-esperanca\/","title":{"rendered":"Nova m\u00fasica de Alok e Melim, Somos ganha clipe inclusivo com mensagens de esperan\u00e7a"},"content":{"rendered":"\n<p>A parceria entre o DJ Alok e o grupo Melim rendeu mais uma surpresa para os f\u00e3s. Os m\u00fasicos se reuniram para gravar agora o clipe da m\u00fasica \u2018Somos\u2019, lan\u00e7ada em meados de julho e que j\u00e1 acumula mais de um milh\u00e3o de execu\u00e7\u00f5es, como parte de uma a\u00e7\u00e3o especial conduzida por OMO para a edi\u00e7\u00e3o deste ano do \u2018Crian\u00e7a Esperan\u00e7a\u2019, onde cada play conta como uma doa\u00e7\u00e3o para os projetos apoiados pela iniciativa. O clipe, que vai ao ar nos pr\u00f3ximos dias e marca a primeira parceria entre Alok e Melim, ser\u00e1 lan\u00e7ado com recursos de acessibilidade, j\u00e1 que haver\u00e1 tradu\u00e7\u00e3o em Libras e closed caption, para fortalecer o esp\u00edrito de inclus\u00e3o e solidariedade da campanha \u2018Poder do SOMOS\u2019.<\/p>\n\n\n\n<p>O clipe tamb\u00e9m mostra como OMO tem mobilizado as pessoas a se unirem para criar um mundo melhor. Assim, ser\u00e3o exibidas mensagens enviadas por centenas de brasileiros durante a a\u00e7\u00e3o de \u2018#TDF, a ter\u00e7a do futuro\u2019, um movimento em prol da positividade na internet criado por OMO em contraposi\u00e7\u00e3o ao velho conhecido #tbt, inspirando os m\u00fasicos e levando mais esperan\u00e7a para os espectadores. As iniciativas de OMO com o \u2018Crian\u00e7a Esperan\u00e7a\u2019 e o \u2018Poder do SOMOS\u2019 foram idealizadas pela Mullen Lowe Brasil para a marca.<\/p>\n\n\n\n<p>J\u00e1 a grava\u00e7\u00e3o do clipe aconteceu no \u00faltimo dia 22 de julho, na Cidade das Artes, no Rio de Janeiro, seguindo todos os protocolos necess\u00e1rios de distanciamento social e medidas sanit\u00e1rias. A dire\u00e7\u00e3o \u00e9 assinada pelo duo Los Cabras, composto pelos diretores Ant\u00f4nio Adriano e Thiago Reys, da produtora Santer\u00eda e com larga presen\u00e7a no cen\u00e1rio da m\u00fasica pop no Brasil.<\/p>\n\n\n\n<p>\u201cPara n\u00f3s foi uma oportunidade incr\u00edvel poder trabalhar com m\u00fasicos t\u00e3o talentosos e influentes na vida de jovens em todo o Brasil. E tudo fica melhor ainda por estarmos ajudando, com nosso conhecimento em dire\u00e7\u00e3o audiovisual, a refor\u00e7ar essas mensagens lindas de solidariedade, uni\u00e3o e inclus\u00e3o por meio de um clipe. \u00c9 a m\u00fasica mudando vidas\u201d, destacam Los Cabras.<\/p>\n\n\n\n<p>Assim como aconteceu no lan\u00e7amento da m\u00fasica \u2018Somos\u2019, que est\u00e1 dispon\u00edvel no Spotify, no Deezer e no YouTube, cada vez que o clipe for reproduzido em todas as plataformas, uma doa\u00e7\u00e3o \u00e9 feita para os diversos projetos apoiados por OMO e pelo \u2018Crian\u00e7a Esperan\u00e7a\u2019, uma iniciativa da Globo em parceria com a Unesco. E os m\u00fasicos, que se mostram muito animados com mais uma etapa in\u00e9dita dessa parceria, ainda convidam os f\u00e3s a seguirem compartilhando a #1play1doa\u00e7\u00e3o nas redes sociais, para que cada vez mais pessoas reforcem essa corrente por um futuro melhor.<\/p>\n\n\n\n<p><em>\u201cVamos continuar espalhando as mensagens positivas e de uni\u00e3o que refor\u00e7am o Poder do SOMOS. E apresentamos mais uma maneira inovadora e acolhedora de fazer o bem. S\u00f3 de assistir ao clipe voc\u00ea pode ajudar, ent\u00e3o convidamos a todos para que se divirtam e se emocionem com mais um cap\u00edtulo dessa parceria. Esse movimento de uni\u00e3o pode fazer toda a diferen\u00e7a na vida de milhares de brasileiros, ent\u00e3o refor\u00e7amos o convite por essa corrente pela solidariedade e pela inclus\u00e3o\u201d<\/em>, conta Giovanna Gomes, diretora de marketing de OMO. &nbsp;<\/p>\n\n\n\n<p><strong>VIDEO CLIPE \u201cSOMOS\u201d<\/strong><\/p>\n\n\n\n<p><strong>ARTISTAS: ALOK &amp; MELIN<\/strong><\/p>\n\n\n\n<p><strong>Ficha t\u00e9cnica<\/strong><\/p>\n\n\n\n<p><strong>Ag\u00eancia:<\/strong> MullenLowe Brasil<\/p>\n\n\n\n<p><strong>Cliente:<\/strong> Unilever Brasil<\/p>\n\n\n\n<p><strong>Marca:<\/strong>&nbsp; OMO<\/p>\n\n\n\n<p><strong>Diretora Geral:<\/strong> Larissa Zucatelli<\/p>\n\n\n\n<p><strong>Diretor Executivo de Cria\u00e7\u00e3o:<\/strong> Eduardo Salles<\/p>\n\n\n\n<p><strong>Diretor de Cria\u00e7\u00e3o:<\/strong> Eduardo Salles e Andre Havt<\/p>\n\n\n\n<p><strong>Cria\u00e7\u00e3o:<\/strong> Caio Borges, Daniel Scheiner e Fabio Nunes<\/p>\n\n\n\n<p><strong>Atendimento:<\/strong> Robert Filshill, Camila Arima, Lucas Giglio, Gabriela Giorgis, Milena Cruz e Alexia Obi<\/p>\n\n\n\n<p><strong>Planejamento:<\/strong> Ana Luiza Santos, Andressa Pinheiro e&nbsp;Graziele Soares<\/p>\n\n\n\n<p><strong>Conte\u00fado:<\/strong> Victoria Scarsi, Bianca Bernardini e Luisa Serpelloni<\/p>\n\n\n\n<p><strong>M\u00eddia:<\/strong> Erika Cabral, Flavio Franco, Silvia Sakurai, Thiago Ribeiro e Moises Silva<\/p>\n\n\n\n<p><strong>RTV:<\/strong> Rodolpho Donato e Felipe Borges<\/p>\n\n\n\n<p><strong>Produ\u00e7\u00e3o Gr\u00e1fica:<\/strong> Maur\u00edcio Gessulli<\/p>\n\n\n\n<p><strong>Marketing do cliente \/ aprova\u00e7\u00e3o:<\/strong> Eduardo Campanella, Giovanna Gomes, Mariana Gon\u00e7alo, Larissa Rezek&nbsp;e Beatriz Machado<\/p>\n\n\n\n<p><strong>Produtora de Imagem:<\/strong>&nbsp;Santeria<\/p>\n\n\n\n<p><strong>Dire\u00e7\u00e3o:<\/strong>&nbsp;Los Cabras<\/p>\n\n\n\n<p><strong>Assistente de Dire\u00e7\u00e3o:<\/strong>&nbsp;Nanda Castro<\/p>\n\n\n\n<p><strong>Dire\u00e7\u00e3o de Fotografia:<\/strong>&nbsp;Daniel Primo<\/p>\n\n\n\n<p><strong>Dire\u00e7\u00e3o de Arte:&nbsp;<\/strong>Patricia Beatriz Nunes Pereira<\/p>\n\n\n\n<p><strong>Diretora Executiva de Neg\u00f3cios:<\/strong>&nbsp;Paty Silveira<\/p>\n\n\n\n<p><strong>Atendimento:<\/strong>&nbsp;Hellen Gazetta<\/p>\n\n\n\n<p><strong>Produ\u00e7\u00e3o Executiva:<\/strong>&nbsp;Ana Paula Domingues<\/p>\n\n\n\n<p><strong>Figurinista: <\/strong>Fernanda Gunutzman<\/p>\n\n\n\n<p><strong>Coreografa:&nbsp;<\/strong>Tarcila Barros<\/p>\n\n\n\n<p><strong>Coordena\u00e7\u00e3o de Produ\u00e7\u00e3o:<\/strong>&nbsp;Ana Paula Domingues<\/p>\n\n\n\n<p><strong>Edit: <\/strong>Gennaro Fattori \/ Alan Porciuncula<\/p>\n\n\n\n<p><strong>P\u00f3s Produ\u00e7\u00e3o: <\/strong>Line VFX<\/p>\n\n\n\n<p><strong>Finaliza\u00e7\u00e3o: <\/strong>Rud\u00e1 Cordaro<\/p>\n\n\n\n<p><strong>Coordena\u00e7\u00e3o de Finaliza\u00e7\u00e3o: <\/strong>Rafael Tschope<\/p>\n\n\n\n<p><strong>Color Grading: <\/strong>Burn Color Grading &#8220;Alan Porciuncula&#8221;<\/p>\n\n\n\n<p><strong>T\u00edtulo:<\/strong> Alok, Melim &#8211; Somos<\/p>\n\n\n\n<p><strong>Composto por:<\/strong> Alok, Gabi Melim, Diogo Melim, Rodrigo Melim<\/p>\n\n\n\n<p><strong>Produzido por:<\/strong> Alok<\/p>\n\n\n\n<p><strong>Vocais por:<\/strong> Melim<\/p>\n\n\n\n<p><strong>M\u00fasicos da grava\u00e7\u00e3o dos vocais<\/strong><\/p>\n\n\n\n<p><strong>Teclados:<\/strong> Rafael Castilhol<\/p>\n\n\n\n<p><strong>Viol\u00e3o:<\/strong> Michel Fujiwara<\/p>\n\n\n\n<p><strong>Guitarras:<\/strong> Michel Fujiwara<\/p>\n\n\n\n<p><strong>Programa\u00e7\u00e3o de Bateria:<\/strong> Rafael Castilhol<\/p>\n\n\n\n<p><strong>Programa\u00e7\u00e3o de Bateria: <\/strong>Lel\u00ea<\/p>\n\n\n\n<p><strong>Protools: <\/strong>Lel\u00ea<\/p>\n\n\n\n<p><strong>Protools:<\/strong> Arthur Luna<\/p>\n\n\n\n<p><strong>Vocais gravados na Cia dos T\u00e9cnicos (RJ)<\/strong><\/p>\n\n\n\n<p><strong>Engenheiro de grava\u00e7\u00e3o dos vocais: <\/strong>Arthur Luna<\/p>\n\n\n\n<p><strong>Arranjo dos vocais:<\/strong> Rafael Castilhol<\/p>\n\n\n\n<p><strong>Mix\/Master:<\/strong> ONE MIX MASTERING<\/p>\n","protected":false},"excerpt":{"rendered":"<p>A parceria entre o DJ Alok e o grupo Melim rendeu mais uma surpresa para os f\u00e3s. Os m\u00fasicos se reuniram para gravar agora o clipe da m\u00fasica \u2018Somos\u2019, lan\u00e7ada em meados de julho e que j\u00e1 acumula mais de um milh\u00e3o de execu\u00e7\u00f5es, como parte de uma a\u00e7\u00e3o especial conduzida por OMO para a [&hellip;]<\/p>\n","protected":false},"author":1,"featured_media":26946,"comment_status":"open","ping_status":"open","sticky":false,"template":"","format":"standard","meta":{"tdm_status":"","tdm_grid_status":"","footnotes":""},"categories":[6],"tags":[65,4264,33,28,731],"class_list":["post-26945","post","type-post","status-publish","format-standard","has-post-thumbnail","hentry","category-noticias","tag-campanha","tag-dj-alok","tag-estrategia","tag-marketing","tag-omo"],"yoast_head":"<!-- This site is optimized with the Yoast SEO plugin v27.5 - https:\/\/yoast.com\/product\/yoast-seo-wordpress\/ -->\n<title>Nova m\u00fasica de Alok e Melim, Somos ganha clipe inclusivo com mensagens de esperan\u00e7a - CidadeMarketing<\/title>\n<meta name=\"robots\" content=\"index, follow, max-snippet:-1, max-image-preview:large, max-video-preview:-1\" \/>\n<link rel=\"canonical\" href=\"https:\/\/www.cidademarketing.com.br\/marketing\/2021\/08\/07\/nova-musica-de-alok-e-melim-somos-ganha-clipe-inclusivo-com-mensagens-de-esperanca\/\" \/>\n<meta property=\"og:locale\" content=\"pt_BR\" \/>\n<meta property=\"og:type\" content=\"article\" \/>\n<meta property=\"og:title\" content=\"Nova m\u00fasica de Alok e Melim, Somos ganha clipe inclusivo com mensagens de esperan\u00e7a - CidadeMarketing\" \/>\n<meta property=\"og:description\" content=\"A parceria entre o DJ Alok e o grupo Melim rendeu mais uma surpresa para os f\u00e3s. Os m\u00fasicos se reuniram para gravar agora o clipe da m\u00fasica \u2018Somos\u2019, lan\u00e7ada em meados de julho e que j\u00e1 acumula mais de um milh\u00e3o de execu\u00e7\u00f5es, como parte de uma a\u00e7\u00e3o especial conduzida por OMO para a [&hellip;]\" \/>\n<meta property=\"og:url\" content=\"https:\/\/www.cidademarketing.com.br\/marketing\/2021\/08\/07\/nova-musica-de-alok-e-melim-somos-ganha-clipe-inclusivo-com-mensagens-de-esperanca\/\" \/>\n<meta property=\"og:site_name\" content=\"CidadeMarketing\" \/>\n<meta property=\"article:publisher\" content=\"https:\/\/www.facebook.com\/portalcidademarketing\" \/>\n<meta property=\"article:author\" content=\"https:\/\/www.facebook.com\/thalesbrandao\" \/>\n<meta property=\"article:published_time\" content=\"2021-08-08T00:26:43+00:00\" \/>\n<meta property=\"article:modified_time\" content=\"2021-08-08T00:26:45+00:00\" \/>\n<meta property=\"og:image\" content=\"https:\/\/www.cidademarketing.com.br\/marketing\/wp-content\/uploads\/2021\/08\/alok_melim_omo-scaled.jpg\" \/>\n\t<meta property=\"og:image:width\" content=\"2560\" \/>\n\t<meta property=\"og:image:height\" content=\"1709\" \/>\n\t<meta property=\"og:image:type\" content=\"image\/jpeg\" \/>\n<meta name=\"author\" content=\"Thales Brand\u00e3o\" \/>\n<meta name=\"twitter:card\" content=\"summary_large_image\" \/>\n<meta name=\"twitter:creator\" content=\"@http:\/\/www.twitter.com\/thalesbrandao\" \/>\n<meta name=\"twitter:site\" content=\"@CidadeMarketing\" \/>\n<meta name=\"twitter:label1\" content=\"Escrito por\" \/>\n\t<meta name=\"twitter:data1\" content=\"Thales Brand\u00e3o\" \/>\n\t<meta name=\"twitter:label2\" content=\"Est. tempo de leitura\" \/>\n\t<meta name=\"twitter:data2\" content=\"4 minutos\" \/>\n<script type=\"application\/ld+json\" class=\"yoast-schema-graph\">{\"@context\":\"https:\\\/\\\/schema.org\",\"@graph\":[{\"@type\":\"Article\",\"@id\":\"https:\\\/\\\/www.cidademarketing.com.br\\\/marketing\\\/2021\\\/08\\\/07\\\/nova-musica-de-alok-e-melim-somos-ganha-clipe-inclusivo-com-mensagens-de-esperanca\\\/#article\",\"isPartOf\":{\"@id\":\"https:\\\/\\\/www.cidademarketing.com.br\\\/marketing\\\/2021\\\/08\\\/07\\\/nova-musica-de-alok-e-melim-somos-ganha-clipe-inclusivo-com-mensagens-de-esperanca\\\/\"},\"author\":{\"name\":\"Thales Brand\u00e3o\",\"@id\":\"https:\\\/\\\/www.cidademarketing.com.br\\\/marketing\\\/#\\\/schema\\\/person\\\/02daff9f18bd9378c9e01eb6b2db155f\"},\"headline\":\"Nova m\u00fasica de Alok e Melim, Somos ganha clipe inclusivo com mensagens de esperan\u00e7a\",\"datePublished\":\"2021-08-08T00:26:43+00:00\",\"dateModified\":\"2021-08-08T00:26:45+00:00\",\"mainEntityOfPage\":{\"@id\":\"https:\\\/\\\/www.cidademarketing.com.br\\\/marketing\\\/2021\\\/08\\\/07\\\/nova-musica-de-alok-e-melim-somos-ganha-clipe-inclusivo-com-mensagens-de-esperanca\\\/\"},\"wordCount\":884,\"commentCount\":0,\"publisher\":{\"@id\":\"https:\\\/\\\/www.cidademarketing.com.br\\\/marketing\\\/#organization\"},\"image\":{\"@id\":\"https:\\\/\\\/www.cidademarketing.com.br\\\/marketing\\\/2021\\\/08\\\/07\\\/nova-musica-de-alok-e-melim-somos-ganha-clipe-inclusivo-com-mensagens-de-esperanca\\\/#primaryimage\"},\"thumbnailUrl\":\"https:\\\/\\\/www.cidademarketing.com.br\\\/marketing\\\/wp-content\\\/uploads\\\/2021\\\/08\\\/alok_melim_omo-scaled.jpg\",\"keywords\":[\"campanha\",\"DJ Alok\",\"estrat\u00e9gia\",\"marketing\",\"OMO\"],\"articleSection\":[\"Not\u00edcias\"],\"inLanguage\":\"pt-BR\",\"potentialAction\":[{\"@type\":\"CommentAction\",\"name\":\"Comment\",\"target\":[\"https:\\\/\\\/www.cidademarketing.com.br\\\/marketing\\\/2021\\\/08\\\/07\\\/nova-musica-de-alok-e-melim-somos-ganha-clipe-inclusivo-com-mensagens-de-esperanca\\\/#respond\"]}]},{\"@type\":\"WebPage\",\"@id\":\"https:\\\/\\\/www.cidademarketing.com.br\\\/marketing\\\/2021\\\/08\\\/07\\\/nova-musica-de-alok-e-melim-somos-ganha-clipe-inclusivo-com-mensagens-de-esperanca\\\/\",\"url\":\"https:\\\/\\\/www.cidademarketing.com.br\\\/marketing\\\/2021\\\/08\\\/07\\\/nova-musica-de-alok-e-melim-somos-ganha-clipe-inclusivo-com-mensagens-de-esperanca\\\/\",\"name\":\"Nova m\u00fasica de Alok e Melim, Somos ganha clipe inclusivo com mensagens de esperan\u00e7a - CidadeMarketing\",\"isPartOf\":{\"@id\":\"https:\\\/\\\/www.cidademarketing.com.br\\\/marketing\\\/#website\"},\"primaryImageOfPage\":{\"@id\":\"https:\\\/\\\/www.cidademarketing.com.br\\\/marketing\\\/2021\\\/08\\\/07\\\/nova-musica-de-alok-e-melim-somos-ganha-clipe-inclusivo-com-mensagens-de-esperanca\\\/#primaryimage\"},\"image\":{\"@id\":\"https:\\\/\\\/www.cidademarketing.com.br\\\/marketing\\\/2021\\\/08\\\/07\\\/nova-musica-de-alok-e-melim-somos-ganha-clipe-inclusivo-com-mensagens-de-esperanca\\\/#primaryimage\"},\"thumbnailUrl\":\"https:\\\/\\\/www.cidademarketing.com.br\\\/marketing\\\/wp-content\\\/uploads\\\/2021\\\/08\\\/alok_melim_omo-scaled.jpg\",\"datePublished\":\"2021-08-08T00:26:43+00:00\",\"dateModified\":\"2021-08-08T00:26:45+00:00\",\"breadcrumb\":{\"@id\":\"https:\\\/\\\/www.cidademarketing.com.br\\\/marketing\\\/2021\\\/08\\\/07\\\/nova-musica-de-alok-e-melim-somos-ganha-clipe-inclusivo-com-mensagens-de-esperanca\\\/#breadcrumb\"},\"inLanguage\":\"pt-BR\",\"potentialAction\":[{\"@type\":\"ReadAction\",\"target\":[\"https:\\\/\\\/www.cidademarketing.com.br\\\/marketing\\\/2021\\\/08\\\/07\\\/nova-musica-de-alok-e-melim-somos-ganha-clipe-inclusivo-com-mensagens-de-esperanca\\\/\"]}]},{\"@type\":\"ImageObject\",\"inLanguage\":\"pt-BR\",\"@id\":\"https:\\\/\\\/www.cidademarketing.com.br\\\/marketing\\\/2021\\\/08\\\/07\\\/nova-musica-de-alok-e-melim-somos-ganha-clipe-inclusivo-com-mensagens-de-esperanca\\\/#primaryimage\",\"url\":\"https:\\\/\\\/www.cidademarketing.com.br\\\/marketing\\\/wp-content\\\/uploads\\\/2021\\\/08\\\/alok_melim_omo-scaled.jpg\",\"contentUrl\":\"https:\\\/\\\/www.cidademarketing.com.br\\\/marketing\\\/wp-content\\\/uploads\\\/2021\\\/08\\\/alok_melim_omo-scaled.jpg\",\"width\":2560,\"height\":1709,\"caption\":\"Divulga\u00e7\u00e3o\"},{\"@type\":\"BreadcrumbList\",\"@id\":\"https:\\\/\\\/www.cidademarketing.com.br\\\/marketing\\\/2021\\\/08\\\/07\\\/nova-musica-de-alok-e-melim-somos-ganha-clipe-inclusivo-com-mensagens-de-esperanca\\\/#breadcrumb\",\"itemListElement\":[{\"@type\":\"ListItem\",\"position\":1,\"name\":\"In\u00edcio\",\"item\":\"https:\\\/\\\/www.cidademarketing.com.br\\\/marketing\\\/\"},{\"@type\":\"ListItem\",\"position\":2,\"name\":\"Nova m\u00fasica de Alok e Melim, Somos ganha clipe inclusivo com mensagens de esperan\u00e7a\"}]},{\"@type\":\"WebSite\",\"@id\":\"https:\\\/\\\/www.cidademarketing.com.br\\\/marketing\\\/#website\",\"url\":\"https:\\\/\\\/www.cidademarketing.com.br\\\/marketing\\\/\",\"name\":\"CidadeMarketing\",\"description\":\"Somos um ve\u00edculo de comunica\u00e7\u00e3o de destaque no Brasil, reconhecido por conte\u00fados nos segmentos de marketing, empreendedorismo e inova\u00e7\u00e3o.\",\"publisher\":{\"@id\":\"https:\\\/\\\/www.cidademarketing.com.br\\\/marketing\\\/#organization\"},\"alternateName\":\"CidadeMarketing\",\"potentialAction\":[{\"@type\":\"SearchAction\",\"target\":{\"@type\":\"EntryPoint\",\"urlTemplate\":\"https:\\\/\\\/www.cidademarketing.com.br\\\/marketing\\\/?s={search_term_string}\"},\"query-input\":{\"@type\":\"PropertyValueSpecification\",\"valueRequired\":true,\"valueName\":\"search_term_string\"}}],\"inLanguage\":\"pt-BR\"},{\"@type\":\"Organization\",\"@id\":\"https:\\\/\\\/www.cidademarketing.com.br\\\/marketing\\\/#organization\",\"name\":\"CidadeMarketing\",\"alternateName\":\"CidadeMarketing\",\"url\":\"https:\\\/\\\/www.cidademarketing.com.br\\\/marketing\\\/\",\"logo\":{\"@type\":\"ImageObject\",\"inLanguage\":\"pt-BR\",\"@id\":\"https:\\\/\\\/www.cidademarketing.com.br\\\/marketing\\\/#\\\/schema\\\/logo\\\/image\\\/\",\"url\":\"https:\\\/\\\/www.cidademarketing.com.br\\\/marketing\\\/wp-content\\\/uploads\\\/2020\\\/01\\\/cidademarketing_marca_mobile.png\",\"contentUrl\":\"https:\\\/\\\/www.cidademarketing.com.br\\\/marketing\\\/wp-content\\\/uploads\\\/2020\\\/01\\\/cidademarketing_marca_mobile.png\",\"width\":230,\"height\":92,\"caption\":\"CidadeMarketing\"},\"image\":{\"@id\":\"https:\\\/\\\/www.cidademarketing.com.br\\\/marketing\\\/#\\\/schema\\\/logo\\\/image\\\/\"},\"sameAs\":[\"https:\\\/\\\/www.facebook.com\\\/portalcidademarketing\",\"https:\\\/\\\/x.com\\\/CidadeMarketing\",\"https:\\\/\\\/www.instagram.com\\\/cidademarketing\\\/\"]},{\"@type\":\"Person\",\"@id\":\"https:\\\/\\\/www.cidademarketing.com.br\\\/marketing\\\/#\\\/schema\\\/person\\\/02daff9f18bd9378c9e01eb6b2db155f\",\"name\":\"Thales Brand\u00e3o\",\"image\":{\"@type\":\"ImageObject\",\"inLanguage\":\"pt-BR\",\"@id\":\"https:\\\/\\\/secure.gravatar.com\\\/avatar\\\/7ca3206950207cc3cb48feec56a8a7898741ab725c368d99d5d7a5a50aab80c6?s=96&d=mm&r=g\",\"url\":\"https:\\\/\\\/secure.gravatar.com\\\/avatar\\\/7ca3206950207cc3cb48feec56a8a7898741ab725c368d99d5d7a5a50aab80c6?s=96&d=mm&r=g\",\"contentUrl\":\"https:\\\/\\\/secure.gravatar.com\\\/avatar\\\/7ca3206950207cc3cb48feec56a8a7898741ab725c368d99d5d7a5a50aab80c6?s=96&d=mm&r=g\",\"caption\":\"Thales Brand\u00e3o\"},\"description\":\"Editor Executivo do Portal CidadeMarketing.com.br &gt; Mestre em Comunica\u00e7\u00e3o e Sociedade pela Universidade Federal de Sergipe. Possui MBA Executivo em Administra\u00e7\u00e3o com \u00eanfase em Marketing pela Funda\u00e7\u00e3o Get\u00falio Vargas - Rio de Janeiro. Consultor, Palestrante e Pesquisador sobre Empreendedorismo, Marketing, Redes Sociais e Neg\u00f3cios Digitais. Professor, Palestrante TedxTalks e Campus Party. Twitter: @ThalesBrandao\",\"sameAs\":[\"http:\\\/\\\/www.mandacaru.com.br\",\"https:\\\/\\\/www.facebook.com\\\/thalesbrandao\",\"http:\\\/\\\/www.instagram.com.br\\\/thalesbrandaoferreira\",\"https:\\\/\\\/www.linkedin.com\\\/in\\\/thales-brand\u00e3o-3948609\\\/\",\"https:\\\/\\\/x.com\\\/http:\\\/\\\/www.twitter.com\\\/thalesbrandao\"],\"url\":\"https:\\\/\\\/www.cidademarketing.com.br\\\/marketing\\\/author\\\/thalesbrandao\\\/\"}]}<\/script>\n<!-- \/ Yoast SEO plugin. -->","yoast_head_json":{"title":"Nova m\u00fasica de Alok e Melim, Somos ganha clipe inclusivo com mensagens de esperan\u00e7a - CidadeMarketing","robots":{"index":"index","follow":"follow","max-snippet":"max-snippet:-1","max-image-preview":"max-image-preview:large","max-video-preview":"max-video-preview:-1"},"canonical":"https:\/\/www.cidademarketing.com.br\/marketing\/2021\/08\/07\/nova-musica-de-alok-e-melim-somos-ganha-clipe-inclusivo-com-mensagens-de-esperanca\/","og_locale":"pt_BR","og_type":"article","og_title":"Nova m\u00fasica de Alok e Melim, Somos ganha clipe inclusivo com mensagens de esperan\u00e7a - CidadeMarketing","og_description":"A parceria entre o DJ Alok e o grupo Melim rendeu mais uma surpresa para os f\u00e3s. Os m\u00fasicos se reuniram para gravar agora o clipe da m\u00fasica \u2018Somos\u2019, lan\u00e7ada em meados de julho e que j\u00e1 acumula mais de um milh\u00e3o de execu\u00e7\u00f5es, como parte de uma a\u00e7\u00e3o especial conduzida por OMO para a [&hellip;]","og_url":"https:\/\/www.cidademarketing.com.br\/marketing\/2021\/08\/07\/nova-musica-de-alok-e-melim-somos-ganha-clipe-inclusivo-com-mensagens-de-esperanca\/","og_site_name":"CidadeMarketing","article_publisher":"https:\/\/www.facebook.com\/portalcidademarketing","article_author":"https:\/\/www.facebook.com\/thalesbrandao","article_published_time":"2021-08-08T00:26:43+00:00","article_modified_time":"2021-08-08T00:26:45+00:00","og_image":[{"width":2560,"height":1709,"url":"https:\/\/www.cidademarketing.com.br\/marketing\/wp-content\/uploads\/2021\/08\/alok_melim_omo-scaled.jpg","type":"image\/jpeg"}],"author":"Thales Brand\u00e3o","twitter_card":"summary_large_image","twitter_creator":"@http:\/\/www.twitter.com\/thalesbrandao","twitter_site":"@CidadeMarketing","twitter_misc":{"Escrito por":"Thales Brand\u00e3o","Est. tempo de leitura":"4 minutos"},"schema":{"@context":"https:\/\/schema.org","@graph":[{"@type":"Article","@id":"https:\/\/www.cidademarketing.com.br\/marketing\/2021\/08\/07\/nova-musica-de-alok-e-melim-somos-ganha-clipe-inclusivo-com-mensagens-de-esperanca\/#article","isPartOf":{"@id":"https:\/\/www.cidademarketing.com.br\/marketing\/2021\/08\/07\/nova-musica-de-alok-e-melim-somos-ganha-clipe-inclusivo-com-mensagens-de-esperanca\/"},"author":{"name":"Thales Brand\u00e3o","@id":"https:\/\/www.cidademarketing.com.br\/marketing\/#\/schema\/person\/02daff9f18bd9378c9e01eb6b2db155f"},"headline":"Nova m\u00fasica de Alok e Melim, Somos ganha clipe inclusivo com mensagens de esperan\u00e7a","datePublished":"2021-08-08T00:26:43+00:00","dateModified":"2021-08-08T00:26:45+00:00","mainEntityOfPage":{"@id":"https:\/\/www.cidademarketing.com.br\/marketing\/2021\/08\/07\/nova-musica-de-alok-e-melim-somos-ganha-clipe-inclusivo-com-mensagens-de-esperanca\/"},"wordCount":884,"commentCount":0,"publisher":{"@id":"https:\/\/www.cidademarketing.com.br\/marketing\/#organization"},"image":{"@id":"https:\/\/www.cidademarketing.com.br\/marketing\/2021\/08\/07\/nova-musica-de-alok-e-melim-somos-ganha-clipe-inclusivo-com-mensagens-de-esperanca\/#primaryimage"},"thumbnailUrl":"https:\/\/www.cidademarketing.com.br\/marketing\/wp-content\/uploads\/2021\/08\/alok_melim_omo-scaled.jpg","keywords":["campanha","DJ Alok","estrat\u00e9gia","marketing","OMO"],"articleSection":["Not\u00edcias"],"inLanguage":"pt-BR","potentialAction":[{"@type":"CommentAction","name":"Comment","target":["https:\/\/www.cidademarketing.com.br\/marketing\/2021\/08\/07\/nova-musica-de-alok-e-melim-somos-ganha-clipe-inclusivo-com-mensagens-de-esperanca\/#respond"]}]},{"@type":"WebPage","@id":"https:\/\/www.cidademarketing.com.br\/marketing\/2021\/08\/07\/nova-musica-de-alok-e-melim-somos-ganha-clipe-inclusivo-com-mensagens-de-esperanca\/","url":"https:\/\/www.cidademarketing.com.br\/marketing\/2021\/08\/07\/nova-musica-de-alok-e-melim-somos-ganha-clipe-inclusivo-com-mensagens-de-esperanca\/","name":"Nova m\u00fasica de Alok e Melim, Somos ganha clipe inclusivo com mensagens de esperan\u00e7a - CidadeMarketing","isPartOf":{"@id":"https:\/\/www.cidademarketing.com.br\/marketing\/#website"},"primaryImageOfPage":{"@id":"https:\/\/www.cidademarketing.com.br\/marketing\/2021\/08\/07\/nova-musica-de-alok-e-melim-somos-ganha-clipe-inclusivo-com-mensagens-de-esperanca\/#primaryimage"},"image":{"@id":"https:\/\/www.cidademarketing.com.br\/marketing\/2021\/08\/07\/nova-musica-de-alok-e-melim-somos-ganha-clipe-inclusivo-com-mensagens-de-esperanca\/#primaryimage"},"thumbnailUrl":"https:\/\/www.cidademarketing.com.br\/marketing\/wp-content\/uploads\/2021\/08\/alok_melim_omo-scaled.jpg","datePublished":"2021-08-08T00:26:43+00:00","dateModified":"2021-08-08T00:26:45+00:00","breadcrumb":{"@id":"https:\/\/www.cidademarketing.com.br\/marketing\/2021\/08\/07\/nova-musica-de-alok-e-melim-somos-ganha-clipe-inclusivo-com-mensagens-de-esperanca\/#breadcrumb"},"inLanguage":"pt-BR","potentialAction":[{"@type":"ReadAction","target":["https:\/\/www.cidademarketing.com.br\/marketing\/2021\/08\/07\/nova-musica-de-alok-e-melim-somos-ganha-clipe-inclusivo-com-mensagens-de-esperanca\/"]}]},{"@type":"ImageObject","inLanguage":"pt-BR","@id":"https:\/\/www.cidademarketing.com.br\/marketing\/2021\/08\/07\/nova-musica-de-alok-e-melim-somos-ganha-clipe-inclusivo-com-mensagens-de-esperanca\/#primaryimage","url":"https:\/\/www.cidademarketing.com.br\/marketing\/wp-content\/uploads\/2021\/08\/alok_melim_omo-scaled.jpg","contentUrl":"https:\/\/www.cidademarketing.com.br\/marketing\/wp-content\/uploads\/2021\/08\/alok_melim_omo-scaled.jpg","width":2560,"height":1709,"caption":"Divulga\u00e7\u00e3o"},{"@type":"BreadcrumbList","@id":"https:\/\/www.cidademarketing.com.br\/marketing\/2021\/08\/07\/nova-musica-de-alok-e-melim-somos-ganha-clipe-inclusivo-com-mensagens-de-esperanca\/#breadcrumb","itemListElement":[{"@type":"ListItem","position":1,"name":"In\u00edcio","item":"https:\/\/www.cidademarketing.com.br\/marketing\/"},{"@type":"ListItem","position":2,"name":"Nova m\u00fasica de Alok e Melim, Somos ganha clipe inclusivo com mensagens de esperan\u00e7a"}]},{"@type":"WebSite","@id":"https:\/\/www.cidademarketing.com.br\/marketing\/#website","url":"https:\/\/www.cidademarketing.com.br\/marketing\/","name":"CidadeMarketing","description":"Somos um ve\u00edculo de comunica\u00e7\u00e3o de destaque no Brasil, reconhecido por conte\u00fados nos segmentos de marketing, empreendedorismo e inova\u00e7\u00e3o.","publisher":{"@id":"https:\/\/www.cidademarketing.com.br\/marketing\/#organization"},"alternateName":"CidadeMarketing","potentialAction":[{"@type":"SearchAction","target":{"@type":"EntryPoint","urlTemplate":"https:\/\/www.cidademarketing.com.br\/marketing\/?s={search_term_string}"},"query-input":{"@type":"PropertyValueSpecification","valueRequired":true,"valueName":"search_term_string"}}],"inLanguage":"pt-BR"},{"@type":"Organization","@id":"https:\/\/www.cidademarketing.com.br\/marketing\/#organization","name":"CidadeMarketing","alternateName":"CidadeMarketing","url":"https:\/\/www.cidademarketing.com.br\/marketing\/","logo":{"@type":"ImageObject","inLanguage":"pt-BR","@id":"https:\/\/www.cidademarketing.com.br\/marketing\/#\/schema\/logo\/image\/","url":"https:\/\/www.cidademarketing.com.br\/marketing\/wp-content\/uploads\/2020\/01\/cidademarketing_marca_mobile.png","contentUrl":"https:\/\/www.cidademarketing.com.br\/marketing\/wp-content\/uploads\/2020\/01\/cidademarketing_marca_mobile.png","width":230,"height":92,"caption":"CidadeMarketing"},"image":{"@id":"https:\/\/www.cidademarketing.com.br\/marketing\/#\/schema\/logo\/image\/"},"sameAs":["https:\/\/www.facebook.com\/portalcidademarketing","https:\/\/x.com\/CidadeMarketing","https:\/\/www.instagram.com\/cidademarketing\/"]},{"@type":"Person","@id":"https:\/\/www.cidademarketing.com.br\/marketing\/#\/schema\/person\/02daff9f18bd9378c9e01eb6b2db155f","name":"Thales Brand\u00e3o","image":{"@type":"ImageObject","inLanguage":"pt-BR","@id":"https:\/\/secure.gravatar.com\/avatar\/7ca3206950207cc3cb48feec56a8a7898741ab725c368d99d5d7a5a50aab80c6?s=96&d=mm&r=g","url":"https:\/\/secure.gravatar.com\/avatar\/7ca3206950207cc3cb48feec56a8a7898741ab725c368d99d5d7a5a50aab80c6?s=96&d=mm&r=g","contentUrl":"https:\/\/secure.gravatar.com\/avatar\/7ca3206950207cc3cb48feec56a8a7898741ab725c368d99d5d7a5a50aab80c6?s=96&d=mm&r=g","caption":"Thales Brand\u00e3o"},"description":"Editor Executivo do Portal CidadeMarketing.com.br &gt; Mestre em Comunica\u00e7\u00e3o e Sociedade pela Universidade Federal de Sergipe. Possui MBA Executivo em Administra\u00e7\u00e3o com \u00eanfase em Marketing pela Funda\u00e7\u00e3o Get\u00falio Vargas - Rio de Janeiro. Consultor, Palestrante e Pesquisador sobre Empreendedorismo, Marketing, Redes Sociais e Neg\u00f3cios Digitais. Professor, Palestrante TedxTalks e Campus Party. Twitter: @ThalesBrandao","sameAs":["http:\/\/www.mandacaru.com.br","https:\/\/www.facebook.com\/thalesbrandao","http:\/\/www.instagram.com.br\/thalesbrandaoferreira","https:\/\/www.linkedin.com\/in\/thales-brand\u00e3o-3948609\/","https:\/\/x.com\/http:\/\/www.twitter.com\/thalesbrandao"],"url":"https:\/\/www.cidademarketing.com.br\/marketing\/author\/thalesbrandao\/"}]}},"amp_enabled":true,"_links":{"self":[{"href":"https:\/\/www.cidademarketing.com.br\/marketing\/wp-json\/wp\/v2\/posts\/26945","targetHints":{"allow":["GET"]}}],"collection":[{"href":"https:\/\/www.cidademarketing.com.br\/marketing\/wp-json\/wp\/v2\/posts"}],"about":[{"href":"https:\/\/www.cidademarketing.com.br\/marketing\/wp-json\/wp\/v2\/types\/post"}],"author":[{"embeddable":true,"href":"https:\/\/www.cidademarketing.com.br\/marketing\/wp-json\/wp\/v2\/users\/1"}],"replies":[{"embeddable":true,"href":"https:\/\/www.cidademarketing.com.br\/marketing\/wp-json\/wp\/v2\/comments?post=26945"}],"version-history":[{"count":1,"href":"https:\/\/www.cidademarketing.com.br\/marketing\/wp-json\/wp\/v2\/posts\/26945\/revisions"}],"predecessor-version":[{"id":26947,"href":"https:\/\/www.cidademarketing.com.br\/marketing\/wp-json\/wp\/v2\/posts\/26945\/revisions\/26947"}],"wp:featuredmedia":[{"embeddable":true,"href":"https:\/\/www.cidademarketing.com.br\/marketing\/wp-json\/wp\/v2\/media\/26946"}],"wp:attachment":[{"href":"https:\/\/www.cidademarketing.com.br\/marketing\/wp-json\/wp\/v2\/media?parent=26945"}],"wp:term":[{"taxonomy":"category","embeddable":true,"href":"https:\/\/www.cidademarketing.com.br\/marketing\/wp-json\/wp\/v2\/categories?post=26945"},{"taxonomy":"post_tag","embeddable":true,"href":"https:\/\/www.cidademarketing.com.br\/marketing\/wp-json\/wp\/v2\/tags?post=26945"}],"curies":[{"name":"wp","href":"https:\/\/api.w.org\/{rel}","templated":true}]}}