{"id":26908,"date":"2021-08-06T22:12:45","date_gmt":"2021-08-07T01:12:45","guid":{"rendered":"https:\/\/www.cidademarketing.com.br\/marketing\/?p=26908"},"modified":"2021-08-06T22:12:48","modified_gmt":"2021-08-07T01:12:48","slug":"rede-hortifruti-natural-da-terra-comemora-aniversario-com-produtos-da-loccitane-au-bresil","status":"publish","type":"post","link":"https:\/\/www.cidademarketing.com.br\/marketing\/2021\/08\/06\/rede-hortifruti-natural-da-terra-comemora-aniversario-com-produtos-da-loccitane-au-bresil\/","title":{"rendered":"Rede Hortifruti Natural da Terra comemora anivers\u00e1rio com produtos da L\u00b4Occitane au Br\u00e9sil"},"content":{"rendered":"\n<p>Em comemora\u00e7\u00e3o ao anivers\u00e1rio de 32 anos, a rede Hortifruti Natural da Terra preparou uma a\u00e7\u00e3o especial em parceria com a L\u2019Occitane au Br\u00e9sil, marca franco-brasileira do Grupo L\u2019OCCITANE.<\/p>\n\n\n\n<p>De 9 a 29 de agosto, nas compras acima de R$500 na rede Hortifruti Natural da Terra, os clientes ganhar\u00e3o um presente de L\u2019Occitane au Br\u00e9sil. O cliente poder\u00e1 escolher entre tr\u00eas op\u00e7\u00f5es: uma delas contendo \u00c1gua de Col\u00f4nia Capim Lim\u00e3o 100ml e Sabonete Capim Lim\u00e3o 100g; o segundo conjunto contendo Creme de M\u00e3os Mandacaru 30ml e dois Sabonetes Esfoliantes Mandacaru com 75g cada; ou um terceiro presente contendo Deo Col\u00f4nia Flor de Carambola 100ml.<\/p>\n\n\n\n<p>A promo\u00e7\u00e3o ser\u00e1 v\u00e1lida nas lojas f\u00edsicas e em todos os canais digitais da marca Hortifruti Natural da Terra. A iniciativa refor\u00e7a a miss\u00e3o da rede Hortifruti Natural da Terra de fortalecer a parceria com marcas que respeitam o meio ambiente e prezam pela sustentabilidade.<\/p>\n\n\n\n<p>\u201cComo todos os anos, preparamos uma s\u00e9rie de a\u00e7\u00f5es em comemora\u00e7\u00e3o ao m\u00eas de anivers\u00e1rio da rede. \u00c9 um per\u00edodo muito especial em que gostamos de oferecer muitas surpresas para os nossos clientes. Essa a\u00e7\u00e3o com a L\u2019Occitane au Br\u00e9sil j\u00e1 demonstra o que eles poder\u00e3o esperar para este ano\u201d, diz F\u00e1bio Ten\u00f3rio, diretor de marketing da rede Hortifruti Natural da Terra.<\/p>\n","protected":false},"excerpt":{"rendered":"<p>Em comemora\u00e7\u00e3o ao anivers\u00e1rio de 32 anos, a rede Hortifruti Natural da Terra preparou uma a\u00e7\u00e3o especial em parceria com a L\u2019Occitane au Br\u00e9sil, marca franco-brasileira do Grupo L\u2019OCCITANE. De 9 a 29 de agosto, nas compras acima de R$500 na rede Hortifruti Natural da Terra, os clientes ganhar\u00e3o um presente de L\u2019Occitane au Br\u00e9sil. [&hellip;]<\/p>\n","protected":false},"author":1,"featured_media":26909,"comment_status":"open","ping_status":"open","sticky":false,"template":"","format":"standard","meta":{"tdm_status":"","tdm_grid_status":"","footnotes":""},"categories":[6],"tags":[33,4259,28,4258],"class_list":["post-26908","post","type-post","status-publish","format-standard","has-post-thumbnail","hentry","category-noticias","tag-estrategia","tag-loccitane-au-bresil","tag-marketing","tag-rede-hortifruti"],"yoast_head":"<!-- This site is optimized with the Yoast SEO plugin v27.5 - https:\/\/yoast.com\/product\/yoast-seo-wordpress\/ -->\n<title>Rede Hortifruti Natural da Terra comemora anivers\u00e1rio com produtos da L\u00b4Occitane au Br\u00e9sil - CidadeMarketing<\/title>\n<meta name=\"robots\" content=\"index, follow, max-snippet:-1, max-image-preview:large, max-video-preview:-1\" \/>\n<link rel=\"canonical\" href=\"https:\/\/www.cidademarketing.com.br\/marketing\/2021\/08\/06\/rede-hortifruti-natural-da-terra-comemora-aniversario-com-produtos-da-loccitane-au-bresil\/\" \/>\n<meta property=\"og:locale\" content=\"pt_BR\" \/>\n<meta property=\"og:type\" content=\"article\" \/>\n<meta property=\"og:title\" content=\"Rede Hortifruti Natural da Terra comemora anivers\u00e1rio com produtos da L\u00b4Occitane au Br\u00e9sil - CidadeMarketing\" \/>\n<meta property=\"og:description\" content=\"Em comemora\u00e7\u00e3o ao anivers\u00e1rio de 32 anos, a rede Hortifruti Natural da Terra preparou uma a\u00e7\u00e3o especial em parceria com a L\u2019Occitane au Br\u00e9sil, marca franco-brasileira do Grupo L\u2019OCCITANE. De 9 a 29 de agosto, nas compras acima de R$500 na rede Hortifruti Natural da Terra, os clientes ganhar\u00e3o um presente de L\u2019Occitane au Br\u00e9sil. [&hellip;]\" \/>\n<meta property=\"og:url\" content=\"https:\/\/www.cidademarketing.com.br\/marketing\/2021\/08\/06\/rede-hortifruti-natural-da-terra-comemora-aniversario-com-produtos-da-loccitane-au-bresil\/\" \/>\n<meta property=\"og:site_name\" content=\"CidadeMarketing\" \/>\n<meta property=\"article:publisher\" content=\"https:\/\/www.facebook.com\/portalcidademarketing\" \/>\n<meta property=\"article:author\" content=\"https:\/\/www.facebook.com\/thalesbrandao\" \/>\n<meta property=\"article:published_time\" content=\"2021-08-07T01:12:45+00:00\" \/>\n<meta property=\"article:modified_time\" content=\"2021-08-07T01:12:48+00:00\" \/>\n<meta property=\"og:image\" content=\"https:\/\/www.cidademarketing.com.br\/marketing\/wp-content\/uploads\/2021\/08\/Aniversario-Hortifruti-Natural-da-Terra.jpg\" \/>\n\t<meta property=\"og:image:width\" content=\"2000\" \/>\n\t<meta property=\"og:image:height\" content=\"1919\" \/>\n\t<meta property=\"og:image:type\" content=\"image\/jpeg\" \/>\n<meta name=\"author\" content=\"Thales Brand\u00e3o\" \/>\n<meta name=\"twitter:card\" content=\"summary_large_image\" \/>\n<meta name=\"twitter:creator\" content=\"@http:\/\/www.twitter.com\/thalesbrandao\" \/>\n<meta name=\"twitter:site\" content=\"@CidadeMarketing\" \/>\n<meta name=\"twitter:label1\" content=\"Escrito por\" \/>\n\t<meta name=\"twitter:data1\" content=\"Thales Brand\u00e3o\" \/>\n\t<meta name=\"twitter:label2\" content=\"Est. tempo de leitura\" \/>\n\t<meta name=\"twitter:data2\" content=\"1 minuto\" \/>\n<script type=\"application\/ld+json\" class=\"yoast-schema-graph\">{\"@context\":\"https:\\\/\\\/schema.org\",\"@graph\":[{\"@type\":\"Article\",\"@id\":\"https:\\\/\\\/www.cidademarketing.com.br\\\/marketing\\\/2021\\\/08\\\/06\\\/rede-hortifruti-natural-da-terra-comemora-aniversario-com-produtos-da-loccitane-au-bresil\\\/#article\",\"isPartOf\":{\"@id\":\"https:\\\/\\\/www.cidademarketing.com.br\\\/marketing\\\/2021\\\/08\\\/06\\\/rede-hortifruti-natural-da-terra-comemora-aniversario-com-produtos-da-loccitane-au-bresil\\\/\"},\"author\":{\"name\":\"Thales Brand\u00e3o\",\"@id\":\"https:\\\/\\\/www.cidademarketing.com.br\\\/marketing\\\/#\\\/schema\\\/person\\\/02daff9f18bd9378c9e01eb6b2db155f\"},\"headline\":\"Rede Hortifruti Natural da Terra comemora anivers\u00e1rio com produtos da L\u00b4Occitane au Br\u00e9sil\",\"datePublished\":\"2021-08-07T01:12:45+00:00\",\"dateModified\":\"2021-08-07T01:12:48+00:00\",\"mainEntityOfPage\":{\"@id\":\"https:\\\/\\\/www.cidademarketing.com.br\\\/marketing\\\/2021\\\/08\\\/06\\\/rede-hortifruti-natural-da-terra-comemora-aniversario-com-produtos-da-loccitane-au-bresil\\\/\"},\"wordCount\":256,\"commentCount\":0,\"publisher\":{\"@id\":\"https:\\\/\\\/www.cidademarketing.com.br\\\/marketing\\\/#organization\"},\"image\":{\"@id\":\"https:\\\/\\\/www.cidademarketing.com.br\\\/marketing\\\/2021\\\/08\\\/06\\\/rede-hortifruti-natural-da-terra-comemora-aniversario-com-produtos-da-loccitane-au-bresil\\\/#primaryimage\"},\"thumbnailUrl\":\"https:\\\/\\\/www.cidademarketing.com.br\\\/marketing\\\/wp-content\\\/uploads\\\/2021\\\/08\\\/Aniversario-Hortifruti-Natural-da-Terra.jpg\",\"keywords\":[\"estrat\u00e9gia\",\"L\u00b4Occitane au Br\u00e9sil\",\"marketing\",\"Rede Hortifruti\"],\"articleSection\":[\"Not\u00edcias\"],\"inLanguage\":\"pt-BR\",\"potentialAction\":[{\"@type\":\"CommentAction\",\"name\":\"Comment\",\"target\":[\"https:\\\/\\\/www.cidademarketing.com.br\\\/marketing\\\/2021\\\/08\\\/06\\\/rede-hortifruti-natural-da-terra-comemora-aniversario-com-produtos-da-loccitane-au-bresil\\\/#respond\"]}]},{\"@type\":\"WebPage\",\"@id\":\"https:\\\/\\\/www.cidademarketing.com.br\\\/marketing\\\/2021\\\/08\\\/06\\\/rede-hortifruti-natural-da-terra-comemora-aniversario-com-produtos-da-loccitane-au-bresil\\\/\",\"url\":\"https:\\\/\\\/www.cidademarketing.com.br\\\/marketing\\\/2021\\\/08\\\/06\\\/rede-hortifruti-natural-da-terra-comemora-aniversario-com-produtos-da-loccitane-au-bresil\\\/\",\"name\":\"Rede Hortifruti Natural da Terra comemora anivers\u00e1rio com produtos da L\u00b4Occitane au Br\u00e9sil - CidadeMarketing\",\"isPartOf\":{\"@id\":\"https:\\\/\\\/www.cidademarketing.com.br\\\/marketing\\\/#website\"},\"primaryImageOfPage\":{\"@id\":\"https:\\\/\\\/www.cidademarketing.com.br\\\/marketing\\\/2021\\\/08\\\/06\\\/rede-hortifruti-natural-da-terra-comemora-aniversario-com-produtos-da-loccitane-au-bresil\\\/#primaryimage\"},\"image\":{\"@id\":\"https:\\\/\\\/www.cidademarketing.com.br\\\/marketing\\\/2021\\\/08\\\/06\\\/rede-hortifruti-natural-da-terra-comemora-aniversario-com-produtos-da-loccitane-au-bresil\\\/#primaryimage\"},\"thumbnailUrl\":\"https:\\\/\\\/www.cidademarketing.com.br\\\/marketing\\\/wp-content\\\/uploads\\\/2021\\\/08\\\/Aniversario-Hortifruti-Natural-da-Terra.jpg\",\"datePublished\":\"2021-08-07T01:12:45+00:00\",\"dateModified\":\"2021-08-07T01:12:48+00:00\",\"breadcrumb\":{\"@id\":\"https:\\\/\\\/www.cidademarketing.com.br\\\/marketing\\\/2021\\\/08\\\/06\\\/rede-hortifruti-natural-da-terra-comemora-aniversario-com-produtos-da-loccitane-au-bresil\\\/#breadcrumb\"},\"inLanguage\":\"pt-BR\",\"potentialAction\":[{\"@type\":\"ReadAction\",\"target\":[\"https:\\\/\\\/www.cidademarketing.com.br\\\/marketing\\\/2021\\\/08\\\/06\\\/rede-hortifruti-natural-da-terra-comemora-aniversario-com-produtos-da-loccitane-au-bresil\\\/\"]}]},{\"@type\":\"ImageObject\",\"inLanguage\":\"pt-BR\",\"@id\":\"https:\\\/\\\/www.cidademarketing.com.br\\\/marketing\\\/2021\\\/08\\\/06\\\/rede-hortifruti-natural-da-terra-comemora-aniversario-com-produtos-da-loccitane-au-bresil\\\/#primaryimage\",\"url\":\"https:\\\/\\\/www.cidademarketing.com.br\\\/marketing\\\/wp-content\\\/uploads\\\/2021\\\/08\\\/Aniversario-Hortifruti-Natural-da-Terra.jpg\",\"contentUrl\":\"https:\\\/\\\/www.cidademarketing.com.br\\\/marketing\\\/wp-content\\\/uploads\\\/2021\\\/08\\\/Aniversario-Hortifruti-Natural-da-Terra.jpg\",\"width\":2000,\"height\":1919,\"caption\":\"Divulga\u00e7\u00e3o\"},{\"@type\":\"BreadcrumbList\",\"@id\":\"https:\\\/\\\/www.cidademarketing.com.br\\\/marketing\\\/2021\\\/08\\\/06\\\/rede-hortifruti-natural-da-terra-comemora-aniversario-com-produtos-da-loccitane-au-bresil\\\/#breadcrumb\",\"itemListElement\":[{\"@type\":\"ListItem\",\"position\":1,\"name\":\"In\u00edcio\",\"item\":\"https:\\\/\\\/www.cidademarketing.com.br\\\/marketing\\\/\"},{\"@type\":\"ListItem\",\"position\":2,\"name\":\"Rede Hortifruti Natural da Terra comemora anivers\u00e1rio com produtos da L\u00b4Occitane au Br\u00e9sil\"}]},{\"@type\":\"WebSite\",\"@id\":\"https:\\\/\\\/www.cidademarketing.com.br\\\/marketing\\\/#website\",\"url\":\"https:\\\/\\\/www.cidademarketing.com.br\\\/marketing\\\/\",\"name\":\"CidadeMarketing\",\"description\":\"Somos um ve\u00edculo de comunica\u00e7\u00e3o de destaque no Brasil, reconhecido por conte\u00fados nos segmentos de marketing, empreendedorismo e inova\u00e7\u00e3o.\",\"publisher\":{\"@id\":\"https:\\\/\\\/www.cidademarketing.com.br\\\/marketing\\\/#organization\"},\"alternateName\":\"CidadeMarketing\",\"potentialAction\":[{\"@type\":\"SearchAction\",\"target\":{\"@type\":\"EntryPoint\",\"urlTemplate\":\"https:\\\/\\\/www.cidademarketing.com.br\\\/marketing\\\/?s={search_term_string}\"},\"query-input\":{\"@type\":\"PropertyValueSpecification\",\"valueRequired\":true,\"valueName\":\"search_term_string\"}}],\"inLanguage\":\"pt-BR\"},{\"@type\":\"Organization\",\"@id\":\"https:\\\/\\\/www.cidademarketing.com.br\\\/marketing\\\/#organization\",\"name\":\"CidadeMarketing\",\"alternateName\":\"CidadeMarketing\",\"url\":\"https:\\\/\\\/www.cidademarketing.com.br\\\/marketing\\\/\",\"logo\":{\"@type\":\"ImageObject\",\"inLanguage\":\"pt-BR\",\"@id\":\"https:\\\/\\\/www.cidademarketing.com.br\\\/marketing\\\/#\\\/schema\\\/logo\\\/image\\\/\",\"url\":\"https:\\\/\\\/www.cidademarketing.com.br\\\/marketing\\\/wp-content\\\/uploads\\\/2020\\\/01\\\/cidademarketing_marca_mobile.png\",\"contentUrl\":\"https:\\\/\\\/www.cidademarketing.com.br\\\/marketing\\\/wp-content\\\/uploads\\\/2020\\\/01\\\/cidademarketing_marca_mobile.png\",\"width\":230,\"height\":92,\"caption\":\"CidadeMarketing\"},\"image\":{\"@id\":\"https:\\\/\\\/www.cidademarketing.com.br\\\/marketing\\\/#\\\/schema\\\/logo\\\/image\\\/\"},\"sameAs\":[\"https:\\\/\\\/www.facebook.com\\\/portalcidademarketing\",\"https:\\\/\\\/x.com\\\/CidadeMarketing\",\"https:\\\/\\\/www.instagram.com\\\/cidademarketing\\\/\"]},{\"@type\":\"Person\",\"@id\":\"https:\\\/\\\/www.cidademarketing.com.br\\\/marketing\\\/#\\\/schema\\\/person\\\/02daff9f18bd9378c9e01eb6b2db155f\",\"name\":\"Thales Brand\u00e3o\",\"image\":{\"@type\":\"ImageObject\",\"inLanguage\":\"pt-BR\",\"@id\":\"https:\\\/\\\/secure.gravatar.com\\\/avatar\\\/7ca3206950207cc3cb48feec56a8a7898741ab725c368d99d5d7a5a50aab80c6?s=96&d=mm&r=g\",\"url\":\"https:\\\/\\\/secure.gravatar.com\\\/avatar\\\/7ca3206950207cc3cb48feec56a8a7898741ab725c368d99d5d7a5a50aab80c6?s=96&d=mm&r=g\",\"contentUrl\":\"https:\\\/\\\/secure.gravatar.com\\\/avatar\\\/7ca3206950207cc3cb48feec56a8a7898741ab725c368d99d5d7a5a50aab80c6?s=96&d=mm&r=g\",\"caption\":\"Thales Brand\u00e3o\"},\"description\":\"Editor Executivo do Portal CidadeMarketing.com.br &gt; Mestre em Comunica\u00e7\u00e3o e Sociedade pela Universidade Federal de Sergipe. Possui MBA Executivo em Administra\u00e7\u00e3o com \u00eanfase em Marketing pela Funda\u00e7\u00e3o Get\u00falio Vargas - Rio de Janeiro. Consultor, Palestrante e Pesquisador sobre Empreendedorismo, Marketing, Redes Sociais e Neg\u00f3cios Digitais. Professor, Palestrante TedxTalks e Campus Party. Twitter: @ThalesBrandao\",\"sameAs\":[\"http:\\\/\\\/www.mandacaru.com.br\",\"https:\\\/\\\/www.facebook.com\\\/thalesbrandao\",\"http:\\\/\\\/www.instagram.com.br\\\/thalesbrandaoferreira\",\"https:\\\/\\\/www.linkedin.com\\\/in\\\/thales-brand\u00e3o-3948609\\\/\",\"https:\\\/\\\/x.com\\\/http:\\\/\\\/www.twitter.com\\\/thalesbrandao\"],\"url\":\"https:\\\/\\\/www.cidademarketing.com.br\\\/marketing\\\/author\\\/thalesbrandao\\\/\"}]}<\/script>\n<!-- \/ Yoast SEO plugin. -->","yoast_head_json":{"title":"Rede Hortifruti Natural da Terra comemora anivers\u00e1rio com produtos da L\u00b4Occitane au Br\u00e9sil - CidadeMarketing","robots":{"index":"index","follow":"follow","max-snippet":"max-snippet:-1","max-image-preview":"max-image-preview:large","max-video-preview":"max-video-preview:-1"},"canonical":"https:\/\/www.cidademarketing.com.br\/marketing\/2021\/08\/06\/rede-hortifruti-natural-da-terra-comemora-aniversario-com-produtos-da-loccitane-au-bresil\/","og_locale":"pt_BR","og_type":"article","og_title":"Rede Hortifruti Natural da Terra comemora anivers\u00e1rio com produtos da L\u00b4Occitane au Br\u00e9sil - CidadeMarketing","og_description":"Em comemora\u00e7\u00e3o ao anivers\u00e1rio de 32 anos, a rede Hortifruti Natural da Terra preparou uma a\u00e7\u00e3o especial em parceria com a L\u2019Occitane au Br\u00e9sil, marca franco-brasileira do Grupo L\u2019OCCITANE. De 9 a 29 de agosto, nas compras acima de R$500 na rede Hortifruti Natural da Terra, os clientes ganhar\u00e3o um presente de L\u2019Occitane au Br\u00e9sil. [&hellip;]","og_url":"https:\/\/www.cidademarketing.com.br\/marketing\/2021\/08\/06\/rede-hortifruti-natural-da-terra-comemora-aniversario-com-produtos-da-loccitane-au-bresil\/","og_site_name":"CidadeMarketing","article_publisher":"https:\/\/www.facebook.com\/portalcidademarketing","article_author":"https:\/\/www.facebook.com\/thalesbrandao","article_published_time":"2021-08-07T01:12:45+00:00","article_modified_time":"2021-08-07T01:12:48+00:00","og_image":[{"width":2000,"height":1919,"url":"https:\/\/www.cidademarketing.com.br\/marketing\/wp-content\/uploads\/2021\/08\/Aniversario-Hortifruti-Natural-da-Terra.jpg","type":"image\/jpeg"}],"author":"Thales Brand\u00e3o","twitter_card":"summary_large_image","twitter_creator":"@http:\/\/www.twitter.com\/thalesbrandao","twitter_site":"@CidadeMarketing","twitter_misc":{"Escrito por":"Thales Brand\u00e3o","Est. tempo de leitura":"1 minuto"},"schema":{"@context":"https:\/\/schema.org","@graph":[{"@type":"Article","@id":"https:\/\/www.cidademarketing.com.br\/marketing\/2021\/08\/06\/rede-hortifruti-natural-da-terra-comemora-aniversario-com-produtos-da-loccitane-au-bresil\/#article","isPartOf":{"@id":"https:\/\/www.cidademarketing.com.br\/marketing\/2021\/08\/06\/rede-hortifruti-natural-da-terra-comemora-aniversario-com-produtos-da-loccitane-au-bresil\/"},"author":{"name":"Thales Brand\u00e3o","@id":"https:\/\/www.cidademarketing.com.br\/marketing\/#\/schema\/person\/02daff9f18bd9378c9e01eb6b2db155f"},"headline":"Rede Hortifruti Natural da Terra comemora anivers\u00e1rio com produtos da L\u00b4Occitane au Br\u00e9sil","datePublished":"2021-08-07T01:12:45+00:00","dateModified":"2021-08-07T01:12:48+00:00","mainEntityOfPage":{"@id":"https:\/\/www.cidademarketing.com.br\/marketing\/2021\/08\/06\/rede-hortifruti-natural-da-terra-comemora-aniversario-com-produtos-da-loccitane-au-bresil\/"},"wordCount":256,"commentCount":0,"publisher":{"@id":"https:\/\/www.cidademarketing.com.br\/marketing\/#organization"},"image":{"@id":"https:\/\/www.cidademarketing.com.br\/marketing\/2021\/08\/06\/rede-hortifruti-natural-da-terra-comemora-aniversario-com-produtos-da-loccitane-au-bresil\/#primaryimage"},"thumbnailUrl":"https:\/\/www.cidademarketing.com.br\/marketing\/wp-content\/uploads\/2021\/08\/Aniversario-Hortifruti-Natural-da-Terra.jpg","keywords":["estrat\u00e9gia","L\u00b4Occitane au Br\u00e9sil","marketing","Rede Hortifruti"],"articleSection":["Not\u00edcias"],"inLanguage":"pt-BR","potentialAction":[{"@type":"CommentAction","name":"Comment","target":["https:\/\/www.cidademarketing.com.br\/marketing\/2021\/08\/06\/rede-hortifruti-natural-da-terra-comemora-aniversario-com-produtos-da-loccitane-au-bresil\/#respond"]}]},{"@type":"WebPage","@id":"https:\/\/www.cidademarketing.com.br\/marketing\/2021\/08\/06\/rede-hortifruti-natural-da-terra-comemora-aniversario-com-produtos-da-loccitane-au-bresil\/","url":"https:\/\/www.cidademarketing.com.br\/marketing\/2021\/08\/06\/rede-hortifruti-natural-da-terra-comemora-aniversario-com-produtos-da-loccitane-au-bresil\/","name":"Rede Hortifruti Natural da Terra comemora anivers\u00e1rio com produtos da L\u00b4Occitane au Br\u00e9sil - CidadeMarketing","isPartOf":{"@id":"https:\/\/www.cidademarketing.com.br\/marketing\/#website"},"primaryImageOfPage":{"@id":"https:\/\/www.cidademarketing.com.br\/marketing\/2021\/08\/06\/rede-hortifruti-natural-da-terra-comemora-aniversario-com-produtos-da-loccitane-au-bresil\/#primaryimage"},"image":{"@id":"https:\/\/www.cidademarketing.com.br\/marketing\/2021\/08\/06\/rede-hortifruti-natural-da-terra-comemora-aniversario-com-produtos-da-loccitane-au-bresil\/#primaryimage"},"thumbnailUrl":"https:\/\/www.cidademarketing.com.br\/marketing\/wp-content\/uploads\/2021\/08\/Aniversario-Hortifruti-Natural-da-Terra.jpg","datePublished":"2021-08-07T01:12:45+00:00","dateModified":"2021-08-07T01:12:48+00:00","breadcrumb":{"@id":"https:\/\/www.cidademarketing.com.br\/marketing\/2021\/08\/06\/rede-hortifruti-natural-da-terra-comemora-aniversario-com-produtos-da-loccitane-au-bresil\/#breadcrumb"},"inLanguage":"pt-BR","potentialAction":[{"@type":"ReadAction","target":["https:\/\/www.cidademarketing.com.br\/marketing\/2021\/08\/06\/rede-hortifruti-natural-da-terra-comemora-aniversario-com-produtos-da-loccitane-au-bresil\/"]}]},{"@type":"ImageObject","inLanguage":"pt-BR","@id":"https:\/\/www.cidademarketing.com.br\/marketing\/2021\/08\/06\/rede-hortifruti-natural-da-terra-comemora-aniversario-com-produtos-da-loccitane-au-bresil\/#primaryimage","url":"https:\/\/www.cidademarketing.com.br\/marketing\/wp-content\/uploads\/2021\/08\/Aniversario-Hortifruti-Natural-da-Terra.jpg","contentUrl":"https:\/\/www.cidademarketing.com.br\/marketing\/wp-content\/uploads\/2021\/08\/Aniversario-Hortifruti-Natural-da-Terra.jpg","width":2000,"height":1919,"caption":"Divulga\u00e7\u00e3o"},{"@type":"BreadcrumbList","@id":"https:\/\/www.cidademarketing.com.br\/marketing\/2021\/08\/06\/rede-hortifruti-natural-da-terra-comemora-aniversario-com-produtos-da-loccitane-au-bresil\/#breadcrumb","itemListElement":[{"@type":"ListItem","position":1,"name":"In\u00edcio","item":"https:\/\/www.cidademarketing.com.br\/marketing\/"},{"@type":"ListItem","position":2,"name":"Rede Hortifruti Natural da Terra comemora anivers\u00e1rio com produtos da L\u00b4Occitane au Br\u00e9sil"}]},{"@type":"WebSite","@id":"https:\/\/www.cidademarketing.com.br\/marketing\/#website","url":"https:\/\/www.cidademarketing.com.br\/marketing\/","name":"CidadeMarketing","description":"Somos um ve\u00edculo de comunica\u00e7\u00e3o de destaque no Brasil, reconhecido por conte\u00fados nos segmentos de marketing, empreendedorismo e inova\u00e7\u00e3o.","publisher":{"@id":"https:\/\/www.cidademarketing.com.br\/marketing\/#organization"},"alternateName":"CidadeMarketing","potentialAction":[{"@type":"SearchAction","target":{"@type":"EntryPoint","urlTemplate":"https:\/\/www.cidademarketing.com.br\/marketing\/?s={search_term_string}"},"query-input":{"@type":"PropertyValueSpecification","valueRequired":true,"valueName":"search_term_string"}}],"inLanguage":"pt-BR"},{"@type":"Organization","@id":"https:\/\/www.cidademarketing.com.br\/marketing\/#organization","name":"CidadeMarketing","alternateName":"CidadeMarketing","url":"https:\/\/www.cidademarketing.com.br\/marketing\/","logo":{"@type":"ImageObject","inLanguage":"pt-BR","@id":"https:\/\/www.cidademarketing.com.br\/marketing\/#\/schema\/logo\/image\/","url":"https:\/\/www.cidademarketing.com.br\/marketing\/wp-content\/uploads\/2020\/01\/cidademarketing_marca_mobile.png","contentUrl":"https:\/\/www.cidademarketing.com.br\/marketing\/wp-content\/uploads\/2020\/01\/cidademarketing_marca_mobile.png","width":230,"height":92,"caption":"CidadeMarketing"},"image":{"@id":"https:\/\/www.cidademarketing.com.br\/marketing\/#\/schema\/logo\/image\/"},"sameAs":["https:\/\/www.facebook.com\/portalcidademarketing","https:\/\/x.com\/CidadeMarketing","https:\/\/www.instagram.com\/cidademarketing\/"]},{"@type":"Person","@id":"https:\/\/www.cidademarketing.com.br\/marketing\/#\/schema\/person\/02daff9f18bd9378c9e01eb6b2db155f","name":"Thales Brand\u00e3o","image":{"@type":"ImageObject","inLanguage":"pt-BR","@id":"https:\/\/secure.gravatar.com\/avatar\/7ca3206950207cc3cb48feec56a8a7898741ab725c368d99d5d7a5a50aab80c6?s=96&d=mm&r=g","url":"https:\/\/secure.gravatar.com\/avatar\/7ca3206950207cc3cb48feec56a8a7898741ab725c368d99d5d7a5a50aab80c6?s=96&d=mm&r=g","contentUrl":"https:\/\/secure.gravatar.com\/avatar\/7ca3206950207cc3cb48feec56a8a7898741ab725c368d99d5d7a5a50aab80c6?s=96&d=mm&r=g","caption":"Thales Brand\u00e3o"},"description":"Editor Executivo do Portal CidadeMarketing.com.br &gt; Mestre em Comunica\u00e7\u00e3o e Sociedade pela Universidade Federal de Sergipe. Possui MBA Executivo em Administra\u00e7\u00e3o com \u00eanfase em Marketing pela Funda\u00e7\u00e3o Get\u00falio Vargas - Rio de Janeiro. Consultor, Palestrante e Pesquisador sobre Empreendedorismo, Marketing, Redes Sociais e Neg\u00f3cios Digitais. Professor, Palestrante TedxTalks e Campus Party. Twitter: @ThalesBrandao","sameAs":["http:\/\/www.mandacaru.com.br","https:\/\/www.facebook.com\/thalesbrandao","http:\/\/www.instagram.com.br\/thalesbrandaoferreira","https:\/\/www.linkedin.com\/in\/thales-brand\u00e3o-3948609\/","https:\/\/x.com\/http:\/\/www.twitter.com\/thalesbrandao"],"url":"https:\/\/www.cidademarketing.com.br\/marketing\/author\/thalesbrandao\/"}]}},"amp_enabled":true,"_links":{"self":[{"href":"https:\/\/www.cidademarketing.com.br\/marketing\/wp-json\/wp\/v2\/posts\/26908","targetHints":{"allow":["GET"]}}],"collection":[{"href":"https:\/\/www.cidademarketing.com.br\/marketing\/wp-json\/wp\/v2\/posts"}],"about":[{"href":"https:\/\/www.cidademarketing.com.br\/marketing\/wp-json\/wp\/v2\/types\/post"}],"author":[{"embeddable":true,"href":"https:\/\/www.cidademarketing.com.br\/marketing\/wp-json\/wp\/v2\/users\/1"}],"replies":[{"embeddable":true,"href":"https:\/\/www.cidademarketing.com.br\/marketing\/wp-json\/wp\/v2\/comments?post=26908"}],"version-history":[{"count":1,"href":"https:\/\/www.cidademarketing.com.br\/marketing\/wp-json\/wp\/v2\/posts\/26908\/revisions"}],"predecessor-version":[{"id":26910,"href":"https:\/\/www.cidademarketing.com.br\/marketing\/wp-json\/wp\/v2\/posts\/26908\/revisions\/26910"}],"wp:featuredmedia":[{"embeddable":true,"href":"https:\/\/www.cidademarketing.com.br\/marketing\/wp-json\/wp\/v2\/media\/26909"}],"wp:attachment":[{"href":"https:\/\/www.cidademarketing.com.br\/marketing\/wp-json\/wp\/v2\/media?parent=26908"}],"wp:term":[{"taxonomy":"category","embeddable":true,"href":"https:\/\/www.cidademarketing.com.br\/marketing\/wp-json\/wp\/v2\/categories?post=26908"},{"taxonomy":"post_tag","embeddable":true,"href":"https:\/\/www.cidademarketing.com.br\/marketing\/wp-json\/wp\/v2\/tags?post=26908"}],"curies":[{"name":"wp","href":"https:\/\/api.w.org\/{rel}","templated":true}]}}