{"id":26543,"date":"2021-07-31T21:38:49","date_gmt":"2021-08-01T00:38:49","guid":{"rendered":"https:\/\/www.cidademarketing.com.br\/marketing\/?p=26543"},"modified":"2021-07-31T21:38:51","modified_gmt":"2021-08-01T00:38:51","slug":"gisele-bundchen-torna-se-acionista-da-ambipar","status":"publish","type":"post","link":"https:\/\/www.cidademarketing.com.br\/marketing\/2021\/07\/31\/gisele-bundchen-torna-se-acionista-da-ambipar\/","title":{"rendered":"Gisele B\u00fcndchen torna-se acionista da Ambipar"},"content":{"rendered":"\n<p>Em setembro do ano passado, dois meses ap\u00f3s fazer seu IPO na B3, a Ambipar decidiu iniciar um trabalho de branding e comunica\u00e7\u00e3o mais intenso, para que a sociedade e o mercado em geral conhecessem sua expertise em gest\u00e3o ambiental, fortalecendo a conscientiza\u00e7\u00e3o sobre o tema. Desde aquele momento, uma ideia mobilizou a companhia: convidar Gisele B\u00fcndchen para ser a embaixadora da marca, j\u00e1 que a modelo \u00e9 brasileira, com forte atua\u00e7\u00e3o internacional e longa hist\u00f3ria em prol do meio ambiente \u2013 exatamente como a companhia.<\/p>\n\n\n\n<p>Todas as conversas foram animadoras e convergentes com rela\u00e7\u00e3o aos prop\u00f3sitos socioambientais diz Cristina Andriotti, CEO da Ambipar: \u201cGisele quis conhecer melhor a empresa, nossos servi\u00e7os e produtos, e saber de cada detalhe. Ficou empolgada quando apresentamos o Ecosolo\u00ae\ufe0f, um condicionador org\u00e2nico alinhado ao conceito de agricultura regenerativa, em total sintonia com o document\u00e1rio Solo F\u00e9rtil que ela ajudou a produzir.\u201d<\/p>\n\n\n\n<p>Gisele, que vem sendo h\u00e1 anos destacada como uma refer\u00eancia na defesa do meio ambiente, tendo recebido in\u00fameros reconhecimentos internacionais, ficou animada com o trabalho da Ambipar. \u201cEu n\u00e3o conhecia a Ambipar e me impressionei com a vis\u00e3o de T\u00e9rcio Borlenghi Junior, fundador da empresa, que h\u00e1 25 anos reaproveita e valoriza os res\u00edduos que virariam lixo e acabariam em aterros, rios e oceanos, dando a eles uma nova utilidade. Um trabalho essencial para um uso mais consciente dos recursos naturais. Me identifiquei com os valores de inova\u00e7\u00e3o e sustentabilidade da companhia e me surpreendi com o potencial de gera\u00e7\u00e3o de efeitos positivos para a sociedade, criando uma economia circular e ajudando as empresas a minimizarem seus danos ao meio ambiente. Sinto que a Ambipar est\u00e1 muito \u00e0 frente e pronta para ajudar nesta transforma\u00e7\u00e3o. Acredito que as empresas que quiserem ser competitivas na pr\u00f3xima d\u00e9cada precisam rever seus processos para reduzir seu impacto negativo no planeta e encontrar formas de produzir que tamb\u00e9m priorizem o bem social e ambiental contribuindo, ainda, com uma economia de baixo carbono\u201d, afirma B\u00fcndchen, que se identificou com a miss\u00e3o da empresa: \u2018regeneration for the next generations\u2019. \u201cJ\u00e1 passamos do ponto em que bastava s\u00f3 preservar, \u00e9 preciso regenerar para que o planeta possa continuar gerando todos os recursos que s\u00e3o essenciais para a sobreviv\u00eancia das futuras gera\u00e7\u00f5es.\u201d<\/p>\n\n\n\n<p><br>Com o tempo, o que seria apenas uma campanha publicit\u00e1ria foi crescendo at\u00e9 se transformar numa parceria mais ampla. Gisele decidiu se tornar acionista da Ambipar, foi convidada a integrar o Comit\u00ea de Sustentabilidade da empresa e participar\u00e1 de campanhas publicit\u00e1rias. \u201cQuero ajudar a Ambipar a criar pontes com os mais diversos mercados, incluindo o da moda, que precisa de uma transforma\u00e7\u00e3o profunda para se tornar mais sustent\u00e1vel. No entanto, tamb\u00e9m sei que todo o processo de mudan\u00e7a \u00e9 longo, trabalhoso e tem custos elevados. Por isso, enquanto desenvolvem seus pr\u00f3prios meios para reduzir seus impactos negativos no meio ambiente, as empresas podem compensar parte de sua pegada de carbono com a Ambipar, que gera os cr\u00e9ditos de carbono genuinamente.\u201d<\/p>\n\n\n\n<p><br>Outro ponto que pesou na decis\u00e3o de Gisele foi a trajet\u00f3ria da Ambipar. Segundo Cristina Andriotti, n\u00e3o h\u00e1 no mundo uma empresa de gest\u00e3o ambiental t\u00e3o completa quanto a Ambipar. \u201cS\u00e3o muitos anos de trabalho, muitos cases de sucesso em diversos pa\u00edses. A Ambipar \u00e9 hoje exportadora de tecnologia ambiental, levamos profissionais para disseminar nosso jeito de ser e de fazer \u00e0s equipes ao redor do mundo. Gest\u00e3o ambiental com valoriza\u00e7\u00e3o de res\u00edduos n\u00e3o \u00e9 commodity, \u00e9 servi\u00e7o essencial para sustentabilidade e mitigar as mudan\u00e7as clim\u00e1ticas\u201d, analisa Cristina.<\/p>\n\n\n\n<p><br>A primeira campanha publicit\u00e1ria com a participa\u00e7\u00e3o da modelo j\u00e1 est\u00e1 em produ\u00e7\u00e3o, mas ainda n\u00e3o tem data prevista para estrear. O que j\u00e1 se pode adiantar \u00e9 que a parceria entre Gisele e Ambipar quer ir muito al\u00e9m dos resultados financeiros e pretende gerar um impacto positivo, em grande escala, para criar um mundo melhor.<\/p>\n","protected":false},"excerpt":{"rendered":"<p>Em setembro do ano passado, dois meses ap\u00f3s fazer seu IPO na B3, a Ambipar decidiu iniciar um trabalho de branding e comunica\u00e7\u00e3o mais intenso, para que a sociedade e o mercado em geral conhecessem sua expertise em gest\u00e3o ambiental, fortalecendo a conscientiza\u00e7\u00e3o sobre o tema. Desde aquele momento, uma ideia mobilizou a companhia: convidar [&hellip;]<\/p>\n","protected":false},"author":1,"featured_media":26544,"comment_status":"open","ping_status":"open","sticky":false,"template":"","format":"standard","meta":{"tdm_status":"","tdm_grid_status":"","footnotes":""},"categories":[6],"tags":[4204,3505,175,4205,28],"class_list":["post-26543","post","type-post","status-publish","format-standard","has-post-thumbnail","hentry","category-noticias","tag-ambipar","tag-b3","tag-branding","tag-gisele-bundchen","tag-marketing"],"yoast_head":"<!-- This site is optimized with the Yoast SEO plugin v27.5 - https:\/\/yoast.com\/product\/yoast-seo-wordpress\/ -->\n<title>Gisele B\u00fcndchen torna-se acionista da Ambipar - CidadeMarketing<\/title>\n<meta name=\"robots\" content=\"index, follow, max-snippet:-1, max-image-preview:large, max-video-preview:-1\" \/>\n<link rel=\"canonical\" href=\"https:\/\/www.cidademarketing.com.br\/marketing\/2021\/07\/31\/gisele-bundchen-torna-se-acionista-da-ambipar\/\" \/>\n<meta property=\"og:locale\" content=\"pt_BR\" \/>\n<meta property=\"og:type\" content=\"article\" \/>\n<meta property=\"og:title\" content=\"Gisele B\u00fcndchen torna-se acionista da Ambipar - CidadeMarketing\" \/>\n<meta property=\"og:description\" content=\"Em setembro do ano passado, dois meses ap\u00f3s fazer seu IPO na B3, a Ambipar decidiu iniciar um trabalho de branding e comunica\u00e7\u00e3o mais intenso, para que a sociedade e o mercado em geral conhecessem sua expertise em gest\u00e3o ambiental, fortalecendo a conscientiza\u00e7\u00e3o sobre o tema. Desde aquele momento, uma ideia mobilizou a companhia: convidar [&hellip;]\" \/>\n<meta property=\"og:url\" content=\"https:\/\/www.cidademarketing.com.br\/marketing\/2021\/07\/31\/gisele-bundchen-torna-se-acionista-da-ambipar\/\" \/>\n<meta property=\"og:site_name\" content=\"CidadeMarketing\" \/>\n<meta property=\"article:publisher\" content=\"https:\/\/www.facebook.com\/portalcidademarketing\" \/>\n<meta property=\"article:author\" content=\"https:\/\/www.facebook.com\/thalesbrandao\" \/>\n<meta property=\"article:published_time\" content=\"2021-08-01T00:38:49+00:00\" \/>\n<meta property=\"article:modified_time\" content=\"2021-08-01T00:38:51+00:00\" \/>\n<meta property=\"og:image\" content=\"https:\/\/www.cidademarketing.com.br\/marketing\/wp-content\/uploads\/2021\/07\/Gisele-Bundchen-scaled.jpg\" \/>\n\t<meta property=\"og:image:width\" content=\"2560\" \/>\n\t<meta property=\"og:image:height\" content=\"1600\" \/>\n\t<meta property=\"og:image:type\" content=\"image\/jpeg\" \/>\n<meta name=\"author\" content=\"Thales Brand\u00e3o\" \/>\n<meta name=\"twitter:card\" content=\"summary_large_image\" \/>\n<meta name=\"twitter:creator\" content=\"@http:\/\/www.twitter.com\/thalesbrandao\" \/>\n<meta name=\"twitter:site\" content=\"@CidadeMarketing\" \/>\n<meta name=\"twitter:label1\" content=\"Escrito por\" \/>\n\t<meta name=\"twitter:data1\" content=\"Thales Brand\u00e3o\" \/>\n\t<meta name=\"twitter:label2\" content=\"Est. tempo de leitura\" \/>\n\t<meta name=\"twitter:data2\" content=\"3 minutos\" \/>\n<script type=\"application\/ld+json\" class=\"yoast-schema-graph\">{\"@context\":\"https:\\\/\\\/schema.org\",\"@graph\":[{\"@type\":\"Article\",\"@id\":\"https:\\\/\\\/www.cidademarketing.com.br\\\/marketing\\\/2021\\\/07\\\/31\\\/gisele-bundchen-torna-se-acionista-da-ambipar\\\/#article\",\"isPartOf\":{\"@id\":\"https:\\\/\\\/www.cidademarketing.com.br\\\/marketing\\\/2021\\\/07\\\/31\\\/gisele-bundchen-torna-se-acionista-da-ambipar\\\/\"},\"author\":{\"name\":\"Thales Brand\u00e3o\",\"@id\":\"https:\\\/\\\/www.cidademarketing.com.br\\\/marketing\\\/#\\\/schema\\\/person\\\/02daff9f18bd9378c9e01eb6b2db155f\"},\"headline\":\"Gisele B\u00fcndchen torna-se acionista da Ambipar\",\"datePublished\":\"2021-08-01T00:38:49+00:00\",\"dateModified\":\"2021-08-01T00:38:51+00:00\",\"mainEntityOfPage\":{\"@id\":\"https:\\\/\\\/www.cidademarketing.com.br\\\/marketing\\\/2021\\\/07\\\/31\\\/gisele-bundchen-torna-se-acionista-da-ambipar\\\/\"},\"wordCount\":689,\"commentCount\":0,\"publisher\":{\"@id\":\"https:\\\/\\\/www.cidademarketing.com.br\\\/marketing\\\/#organization\"},\"image\":{\"@id\":\"https:\\\/\\\/www.cidademarketing.com.br\\\/marketing\\\/2021\\\/07\\\/31\\\/gisele-bundchen-torna-se-acionista-da-ambipar\\\/#primaryimage\"},\"thumbnailUrl\":\"https:\\\/\\\/www.cidademarketing.com.br\\\/marketing\\\/wp-content\\\/uploads\\\/2021\\\/07\\\/Gisele-Bundchen-scaled.jpg\",\"keywords\":[\"Ambipar\",\"B3\",\"branding\",\"Gisele B\u00fcndchen\",\"marketing\"],\"articleSection\":[\"Not\u00edcias\"],\"inLanguage\":\"pt-BR\",\"potentialAction\":[{\"@type\":\"CommentAction\",\"name\":\"Comment\",\"target\":[\"https:\\\/\\\/www.cidademarketing.com.br\\\/marketing\\\/2021\\\/07\\\/31\\\/gisele-bundchen-torna-se-acionista-da-ambipar\\\/#respond\"]}]},{\"@type\":\"WebPage\",\"@id\":\"https:\\\/\\\/www.cidademarketing.com.br\\\/marketing\\\/2021\\\/07\\\/31\\\/gisele-bundchen-torna-se-acionista-da-ambipar\\\/\",\"url\":\"https:\\\/\\\/www.cidademarketing.com.br\\\/marketing\\\/2021\\\/07\\\/31\\\/gisele-bundchen-torna-se-acionista-da-ambipar\\\/\",\"name\":\"Gisele B\u00fcndchen torna-se acionista da Ambipar - CidadeMarketing\",\"isPartOf\":{\"@id\":\"https:\\\/\\\/www.cidademarketing.com.br\\\/marketing\\\/#website\"},\"primaryImageOfPage\":{\"@id\":\"https:\\\/\\\/www.cidademarketing.com.br\\\/marketing\\\/2021\\\/07\\\/31\\\/gisele-bundchen-torna-se-acionista-da-ambipar\\\/#primaryimage\"},\"image\":{\"@id\":\"https:\\\/\\\/www.cidademarketing.com.br\\\/marketing\\\/2021\\\/07\\\/31\\\/gisele-bundchen-torna-se-acionista-da-ambipar\\\/#primaryimage\"},\"thumbnailUrl\":\"https:\\\/\\\/www.cidademarketing.com.br\\\/marketing\\\/wp-content\\\/uploads\\\/2021\\\/07\\\/Gisele-Bundchen-scaled.jpg\",\"datePublished\":\"2021-08-01T00:38:49+00:00\",\"dateModified\":\"2021-08-01T00:38:51+00:00\",\"breadcrumb\":{\"@id\":\"https:\\\/\\\/www.cidademarketing.com.br\\\/marketing\\\/2021\\\/07\\\/31\\\/gisele-bundchen-torna-se-acionista-da-ambipar\\\/#breadcrumb\"},\"inLanguage\":\"pt-BR\",\"potentialAction\":[{\"@type\":\"ReadAction\",\"target\":[\"https:\\\/\\\/www.cidademarketing.com.br\\\/marketing\\\/2021\\\/07\\\/31\\\/gisele-bundchen-torna-se-acionista-da-ambipar\\\/\"]}]},{\"@type\":\"ImageObject\",\"inLanguage\":\"pt-BR\",\"@id\":\"https:\\\/\\\/www.cidademarketing.com.br\\\/marketing\\\/2021\\\/07\\\/31\\\/gisele-bundchen-torna-se-acionista-da-ambipar\\\/#primaryimage\",\"url\":\"https:\\\/\\\/www.cidademarketing.com.br\\\/marketing\\\/wp-content\\\/uploads\\\/2021\\\/07\\\/Gisele-Bundchen-scaled.jpg\",\"contentUrl\":\"https:\\\/\\\/www.cidademarketing.com.br\\\/marketing\\\/wp-content\\\/uploads\\\/2021\\\/07\\\/Gisele-Bundchen-scaled.jpg\",\"width\":2560,\"height\":1600,\"caption\":\"Divulga\u00e7\u00e3o\"},{\"@type\":\"BreadcrumbList\",\"@id\":\"https:\\\/\\\/www.cidademarketing.com.br\\\/marketing\\\/2021\\\/07\\\/31\\\/gisele-bundchen-torna-se-acionista-da-ambipar\\\/#breadcrumb\",\"itemListElement\":[{\"@type\":\"ListItem\",\"position\":1,\"name\":\"In\u00edcio\",\"item\":\"https:\\\/\\\/www.cidademarketing.com.br\\\/marketing\\\/\"},{\"@type\":\"ListItem\",\"position\":2,\"name\":\"Gisele B\u00fcndchen torna-se acionista da Ambipar\"}]},{\"@type\":\"WebSite\",\"@id\":\"https:\\\/\\\/www.cidademarketing.com.br\\\/marketing\\\/#website\",\"url\":\"https:\\\/\\\/www.cidademarketing.com.br\\\/marketing\\\/\",\"name\":\"CidadeMarketing\",\"description\":\"Somos um ve\u00edculo de comunica\u00e7\u00e3o de destaque no Brasil, reconhecido por conte\u00fados nos segmentos de marketing, empreendedorismo e inova\u00e7\u00e3o.\",\"publisher\":{\"@id\":\"https:\\\/\\\/www.cidademarketing.com.br\\\/marketing\\\/#organization\"},\"alternateName\":\"CidadeMarketing\",\"potentialAction\":[{\"@type\":\"SearchAction\",\"target\":{\"@type\":\"EntryPoint\",\"urlTemplate\":\"https:\\\/\\\/www.cidademarketing.com.br\\\/marketing\\\/?s={search_term_string}\"},\"query-input\":{\"@type\":\"PropertyValueSpecification\",\"valueRequired\":true,\"valueName\":\"search_term_string\"}}],\"inLanguage\":\"pt-BR\"},{\"@type\":\"Organization\",\"@id\":\"https:\\\/\\\/www.cidademarketing.com.br\\\/marketing\\\/#organization\",\"name\":\"CidadeMarketing\",\"alternateName\":\"CidadeMarketing\",\"url\":\"https:\\\/\\\/www.cidademarketing.com.br\\\/marketing\\\/\",\"logo\":{\"@type\":\"ImageObject\",\"inLanguage\":\"pt-BR\",\"@id\":\"https:\\\/\\\/www.cidademarketing.com.br\\\/marketing\\\/#\\\/schema\\\/logo\\\/image\\\/\",\"url\":\"https:\\\/\\\/www.cidademarketing.com.br\\\/marketing\\\/wp-content\\\/uploads\\\/2020\\\/01\\\/cidademarketing_marca_mobile.png\",\"contentUrl\":\"https:\\\/\\\/www.cidademarketing.com.br\\\/marketing\\\/wp-content\\\/uploads\\\/2020\\\/01\\\/cidademarketing_marca_mobile.png\",\"width\":230,\"height\":92,\"caption\":\"CidadeMarketing\"},\"image\":{\"@id\":\"https:\\\/\\\/www.cidademarketing.com.br\\\/marketing\\\/#\\\/schema\\\/logo\\\/image\\\/\"},\"sameAs\":[\"https:\\\/\\\/www.facebook.com\\\/portalcidademarketing\",\"https:\\\/\\\/x.com\\\/CidadeMarketing\",\"https:\\\/\\\/www.instagram.com\\\/cidademarketing\\\/\"]},{\"@type\":\"Person\",\"@id\":\"https:\\\/\\\/www.cidademarketing.com.br\\\/marketing\\\/#\\\/schema\\\/person\\\/02daff9f18bd9378c9e01eb6b2db155f\",\"name\":\"Thales Brand\u00e3o\",\"image\":{\"@type\":\"ImageObject\",\"inLanguage\":\"pt-BR\",\"@id\":\"https:\\\/\\\/secure.gravatar.com\\\/avatar\\\/7ca3206950207cc3cb48feec56a8a7898741ab725c368d99d5d7a5a50aab80c6?s=96&d=mm&r=g\",\"url\":\"https:\\\/\\\/secure.gravatar.com\\\/avatar\\\/7ca3206950207cc3cb48feec56a8a7898741ab725c368d99d5d7a5a50aab80c6?s=96&d=mm&r=g\",\"contentUrl\":\"https:\\\/\\\/secure.gravatar.com\\\/avatar\\\/7ca3206950207cc3cb48feec56a8a7898741ab725c368d99d5d7a5a50aab80c6?s=96&d=mm&r=g\",\"caption\":\"Thales Brand\u00e3o\"},\"description\":\"Editor Executivo do Portal CidadeMarketing.com.br &gt; Mestre em Comunica\u00e7\u00e3o e Sociedade pela Universidade Federal de Sergipe. Possui MBA Executivo em Administra\u00e7\u00e3o com \u00eanfase em Marketing pela Funda\u00e7\u00e3o Get\u00falio Vargas - Rio de Janeiro. Consultor, Palestrante e Pesquisador sobre Empreendedorismo, Marketing, Redes Sociais e Neg\u00f3cios Digitais. Professor, Palestrante TedxTalks e Campus Party. Twitter: @ThalesBrandao\",\"sameAs\":[\"http:\\\/\\\/www.mandacaru.com.br\",\"https:\\\/\\\/www.facebook.com\\\/thalesbrandao\",\"http:\\\/\\\/www.instagram.com.br\\\/thalesbrandaoferreira\",\"https:\\\/\\\/www.linkedin.com\\\/in\\\/thales-brand\u00e3o-3948609\\\/\",\"https:\\\/\\\/x.com\\\/http:\\\/\\\/www.twitter.com\\\/thalesbrandao\"],\"url\":\"https:\\\/\\\/www.cidademarketing.com.br\\\/marketing\\\/author\\\/thalesbrandao\\\/\"}]}<\/script>\n<!-- \/ Yoast SEO plugin. -->","yoast_head_json":{"title":"Gisele B\u00fcndchen torna-se acionista da Ambipar - CidadeMarketing","robots":{"index":"index","follow":"follow","max-snippet":"max-snippet:-1","max-image-preview":"max-image-preview:large","max-video-preview":"max-video-preview:-1"},"canonical":"https:\/\/www.cidademarketing.com.br\/marketing\/2021\/07\/31\/gisele-bundchen-torna-se-acionista-da-ambipar\/","og_locale":"pt_BR","og_type":"article","og_title":"Gisele B\u00fcndchen torna-se acionista da Ambipar - CidadeMarketing","og_description":"Em setembro do ano passado, dois meses ap\u00f3s fazer seu IPO na B3, a Ambipar decidiu iniciar um trabalho de branding e comunica\u00e7\u00e3o mais intenso, para que a sociedade e o mercado em geral conhecessem sua expertise em gest\u00e3o ambiental, fortalecendo a conscientiza\u00e7\u00e3o sobre o tema. Desde aquele momento, uma ideia mobilizou a companhia: convidar [&hellip;]","og_url":"https:\/\/www.cidademarketing.com.br\/marketing\/2021\/07\/31\/gisele-bundchen-torna-se-acionista-da-ambipar\/","og_site_name":"CidadeMarketing","article_publisher":"https:\/\/www.facebook.com\/portalcidademarketing","article_author":"https:\/\/www.facebook.com\/thalesbrandao","article_published_time":"2021-08-01T00:38:49+00:00","article_modified_time":"2021-08-01T00:38:51+00:00","og_image":[{"width":2560,"height":1600,"url":"https:\/\/www.cidademarketing.com.br\/marketing\/wp-content\/uploads\/2021\/07\/Gisele-Bundchen-scaled.jpg","type":"image\/jpeg"}],"author":"Thales Brand\u00e3o","twitter_card":"summary_large_image","twitter_creator":"@http:\/\/www.twitter.com\/thalesbrandao","twitter_site":"@CidadeMarketing","twitter_misc":{"Escrito por":"Thales Brand\u00e3o","Est. tempo de leitura":"3 minutos"},"schema":{"@context":"https:\/\/schema.org","@graph":[{"@type":"Article","@id":"https:\/\/www.cidademarketing.com.br\/marketing\/2021\/07\/31\/gisele-bundchen-torna-se-acionista-da-ambipar\/#article","isPartOf":{"@id":"https:\/\/www.cidademarketing.com.br\/marketing\/2021\/07\/31\/gisele-bundchen-torna-se-acionista-da-ambipar\/"},"author":{"name":"Thales Brand\u00e3o","@id":"https:\/\/www.cidademarketing.com.br\/marketing\/#\/schema\/person\/02daff9f18bd9378c9e01eb6b2db155f"},"headline":"Gisele B\u00fcndchen torna-se acionista da Ambipar","datePublished":"2021-08-01T00:38:49+00:00","dateModified":"2021-08-01T00:38:51+00:00","mainEntityOfPage":{"@id":"https:\/\/www.cidademarketing.com.br\/marketing\/2021\/07\/31\/gisele-bundchen-torna-se-acionista-da-ambipar\/"},"wordCount":689,"commentCount":0,"publisher":{"@id":"https:\/\/www.cidademarketing.com.br\/marketing\/#organization"},"image":{"@id":"https:\/\/www.cidademarketing.com.br\/marketing\/2021\/07\/31\/gisele-bundchen-torna-se-acionista-da-ambipar\/#primaryimage"},"thumbnailUrl":"https:\/\/www.cidademarketing.com.br\/marketing\/wp-content\/uploads\/2021\/07\/Gisele-Bundchen-scaled.jpg","keywords":["Ambipar","B3","branding","Gisele B\u00fcndchen","marketing"],"articleSection":["Not\u00edcias"],"inLanguage":"pt-BR","potentialAction":[{"@type":"CommentAction","name":"Comment","target":["https:\/\/www.cidademarketing.com.br\/marketing\/2021\/07\/31\/gisele-bundchen-torna-se-acionista-da-ambipar\/#respond"]}]},{"@type":"WebPage","@id":"https:\/\/www.cidademarketing.com.br\/marketing\/2021\/07\/31\/gisele-bundchen-torna-se-acionista-da-ambipar\/","url":"https:\/\/www.cidademarketing.com.br\/marketing\/2021\/07\/31\/gisele-bundchen-torna-se-acionista-da-ambipar\/","name":"Gisele B\u00fcndchen torna-se acionista da Ambipar - CidadeMarketing","isPartOf":{"@id":"https:\/\/www.cidademarketing.com.br\/marketing\/#website"},"primaryImageOfPage":{"@id":"https:\/\/www.cidademarketing.com.br\/marketing\/2021\/07\/31\/gisele-bundchen-torna-se-acionista-da-ambipar\/#primaryimage"},"image":{"@id":"https:\/\/www.cidademarketing.com.br\/marketing\/2021\/07\/31\/gisele-bundchen-torna-se-acionista-da-ambipar\/#primaryimage"},"thumbnailUrl":"https:\/\/www.cidademarketing.com.br\/marketing\/wp-content\/uploads\/2021\/07\/Gisele-Bundchen-scaled.jpg","datePublished":"2021-08-01T00:38:49+00:00","dateModified":"2021-08-01T00:38:51+00:00","breadcrumb":{"@id":"https:\/\/www.cidademarketing.com.br\/marketing\/2021\/07\/31\/gisele-bundchen-torna-se-acionista-da-ambipar\/#breadcrumb"},"inLanguage":"pt-BR","potentialAction":[{"@type":"ReadAction","target":["https:\/\/www.cidademarketing.com.br\/marketing\/2021\/07\/31\/gisele-bundchen-torna-se-acionista-da-ambipar\/"]}]},{"@type":"ImageObject","inLanguage":"pt-BR","@id":"https:\/\/www.cidademarketing.com.br\/marketing\/2021\/07\/31\/gisele-bundchen-torna-se-acionista-da-ambipar\/#primaryimage","url":"https:\/\/www.cidademarketing.com.br\/marketing\/wp-content\/uploads\/2021\/07\/Gisele-Bundchen-scaled.jpg","contentUrl":"https:\/\/www.cidademarketing.com.br\/marketing\/wp-content\/uploads\/2021\/07\/Gisele-Bundchen-scaled.jpg","width":2560,"height":1600,"caption":"Divulga\u00e7\u00e3o"},{"@type":"BreadcrumbList","@id":"https:\/\/www.cidademarketing.com.br\/marketing\/2021\/07\/31\/gisele-bundchen-torna-se-acionista-da-ambipar\/#breadcrumb","itemListElement":[{"@type":"ListItem","position":1,"name":"In\u00edcio","item":"https:\/\/www.cidademarketing.com.br\/marketing\/"},{"@type":"ListItem","position":2,"name":"Gisele B\u00fcndchen torna-se acionista da Ambipar"}]},{"@type":"WebSite","@id":"https:\/\/www.cidademarketing.com.br\/marketing\/#website","url":"https:\/\/www.cidademarketing.com.br\/marketing\/","name":"CidadeMarketing","description":"Somos um ve\u00edculo de comunica\u00e7\u00e3o de destaque no Brasil, reconhecido por conte\u00fados nos segmentos de marketing, empreendedorismo e inova\u00e7\u00e3o.","publisher":{"@id":"https:\/\/www.cidademarketing.com.br\/marketing\/#organization"},"alternateName":"CidadeMarketing","potentialAction":[{"@type":"SearchAction","target":{"@type":"EntryPoint","urlTemplate":"https:\/\/www.cidademarketing.com.br\/marketing\/?s={search_term_string}"},"query-input":{"@type":"PropertyValueSpecification","valueRequired":true,"valueName":"search_term_string"}}],"inLanguage":"pt-BR"},{"@type":"Organization","@id":"https:\/\/www.cidademarketing.com.br\/marketing\/#organization","name":"CidadeMarketing","alternateName":"CidadeMarketing","url":"https:\/\/www.cidademarketing.com.br\/marketing\/","logo":{"@type":"ImageObject","inLanguage":"pt-BR","@id":"https:\/\/www.cidademarketing.com.br\/marketing\/#\/schema\/logo\/image\/","url":"https:\/\/www.cidademarketing.com.br\/marketing\/wp-content\/uploads\/2020\/01\/cidademarketing_marca_mobile.png","contentUrl":"https:\/\/www.cidademarketing.com.br\/marketing\/wp-content\/uploads\/2020\/01\/cidademarketing_marca_mobile.png","width":230,"height":92,"caption":"CidadeMarketing"},"image":{"@id":"https:\/\/www.cidademarketing.com.br\/marketing\/#\/schema\/logo\/image\/"},"sameAs":["https:\/\/www.facebook.com\/portalcidademarketing","https:\/\/x.com\/CidadeMarketing","https:\/\/www.instagram.com\/cidademarketing\/"]},{"@type":"Person","@id":"https:\/\/www.cidademarketing.com.br\/marketing\/#\/schema\/person\/02daff9f18bd9378c9e01eb6b2db155f","name":"Thales Brand\u00e3o","image":{"@type":"ImageObject","inLanguage":"pt-BR","@id":"https:\/\/secure.gravatar.com\/avatar\/7ca3206950207cc3cb48feec56a8a7898741ab725c368d99d5d7a5a50aab80c6?s=96&d=mm&r=g","url":"https:\/\/secure.gravatar.com\/avatar\/7ca3206950207cc3cb48feec56a8a7898741ab725c368d99d5d7a5a50aab80c6?s=96&d=mm&r=g","contentUrl":"https:\/\/secure.gravatar.com\/avatar\/7ca3206950207cc3cb48feec56a8a7898741ab725c368d99d5d7a5a50aab80c6?s=96&d=mm&r=g","caption":"Thales Brand\u00e3o"},"description":"Editor Executivo do Portal CidadeMarketing.com.br &gt; Mestre em Comunica\u00e7\u00e3o e Sociedade pela Universidade Federal de Sergipe. Possui MBA Executivo em Administra\u00e7\u00e3o com \u00eanfase em Marketing pela Funda\u00e7\u00e3o Get\u00falio Vargas - Rio de Janeiro. Consultor, Palestrante e Pesquisador sobre Empreendedorismo, Marketing, Redes Sociais e Neg\u00f3cios Digitais. Professor, Palestrante TedxTalks e Campus Party. Twitter: @ThalesBrandao","sameAs":["http:\/\/www.mandacaru.com.br","https:\/\/www.facebook.com\/thalesbrandao","http:\/\/www.instagram.com.br\/thalesbrandaoferreira","https:\/\/www.linkedin.com\/in\/thales-brand\u00e3o-3948609\/","https:\/\/x.com\/http:\/\/www.twitter.com\/thalesbrandao"],"url":"https:\/\/www.cidademarketing.com.br\/marketing\/author\/thalesbrandao\/"}]}},"amp_enabled":true,"_links":{"self":[{"href":"https:\/\/www.cidademarketing.com.br\/marketing\/wp-json\/wp\/v2\/posts\/26543","targetHints":{"allow":["GET"]}}],"collection":[{"href":"https:\/\/www.cidademarketing.com.br\/marketing\/wp-json\/wp\/v2\/posts"}],"about":[{"href":"https:\/\/www.cidademarketing.com.br\/marketing\/wp-json\/wp\/v2\/types\/post"}],"author":[{"embeddable":true,"href":"https:\/\/www.cidademarketing.com.br\/marketing\/wp-json\/wp\/v2\/users\/1"}],"replies":[{"embeddable":true,"href":"https:\/\/www.cidademarketing.com.br\/marketing\/wp-json\/wp\/v2\/comments?post=26543"}],"version-history":[{"count":1,"href":"https:\/\/www.cidademarketing.com.br\/marketing\/wp-json\/wp\/v2\/posts\/26543\/revisions"}],"predecessor-version":[{"id":26545,"href":"https:\/\/www.cidademarketing.com.br\/marketing\/wp-json\/wp\/v2\/posts\/26543\/revisions\/26545"}],"wp:featuredmedia":[{"embeddable":true,"href":"https:\/\/www.cidademarketing.com.br\/marketing\/wp-json\/wp\/v2\/media\/26544"}],"wp:attachment":[{"href":"https:\/\/www.cidademarketing.com.br\/marketing\/wp-json\/wp\/v2\/media?parent=26543"}],"wp:term":[{"taxonomy":"category","embeddable":true,"href":"https:\/\/www.cidademarketing.com.br\/marketing\/wp-json\/wp\/v2\/categories?post=26543"},{"taxonomy":"post_tag","embeddable":true,"href":"https:\/\/www.cidademarketing.com.br\/marketing\/wp-json\/wp\/v2\/tags?post=26543"}],"curies":[{"name":"wp","href":"https:\/\/api.w.org\/{rel}","templated":true}]}}