{"id":26430,"date":"2021-07-30T13:01:09","date_gmt":"2021-07-30T16:01:09","guid":{"rendered":"https:\/\/www.cidademarketing.com.br\/marketing\/?p=26430"},"modified":"2021-07-30T13:01:12","modified_gmt":"2021-07-30T16:01:12","slug":"resultados-financeiros-do-1o-semestre-do-renault-group","status":"publish","type":"post","link":"https:\/\/www.cidademarketing.com.br\/marketing\/2021\/07\/30\/resultados-financeiros-do-1o-semestre-do-renault-group\/","title":{"rendered":"Resultados Financeiros do 1\u00ba Semestre do Renault Group"},"content":{"rendered":"\n<p><em>\u201cEstes resultados s\u00e3o fruto do nosso plano estrat\u00e9gico Renaulution, que tem como foco a rentabilidade. Esta \u00e9 apenas a primeira etapa da nossa recupera\u00e7\u00e3o, que deve se acelerar com a chegada dos novos ve\u00edculos que estamos preparando. Fa\u00e7o quest\u00e3o de agradecer a todos os colaboradores, cujo comprometimento nos permitiu atingir estes resultados\u201d<\/em>, <strong>declarou&nbsp;Luca de Meo, CEO do Renault Group<\/strong>.<\/p>\n\n\n\n<p><em>\u201cDemos um importante passo para recuperar nossos indicadores financeiros-chave, principalmente com o retorno pr\u00f3ximo do ponto de equil\u00edbrio do nosso fluxo de caixa livre neste semestre. Nossa s\u00f3lida posi\u00e7\u00e3o de liquidez nos permite continuar nossa recupera\u00e7\u00e3o com toda a serenidade\u201d<\/em>, <strong>declarou&nbsp;Clotilde Delbos, CFO do Renault Group.<\/strong><\/p>\n\n\n\n<p>O\u00a0<strong>faturamento do Grupo<\/strong>\u00a0atingiu 23.357 milh\u00f5es de euros, em progress\u00e3o de 26,8% comparado com o primeiro semestre de 2020. Com taxa de c\u00e2mbio e per\u00edmetro constantes[1], o faturamento do Grupo teria aumentado em 31,8%.<\/p>\n\n\n\n<p>O&nbsp;<strong>faturamento da Divis\u00e3o Automotiva exceto AVTOVAZ<\/strong>&nbsp;chegou a 20.339 milh\u00f5es de euros, em alta de 29,3% comparado com o primeiro semestre de 2020. A retomada do mercado automotivo contribuiu \u00e0 altura de 23,7 pontos. A implementa\u00e7\u00e3o da nova pol\u00edtica comercial, privilegiando os volumes rent\u00e1veis, levou a um efeito de pre\u00e7os l\u00edquido positivo de 8,7 pontos e um efeito de \u201cperformance de volume\u201d negativo de -8,7 pontos.<\/p>\n\n\n\n<p>O efeito do c\u00e2mbio, negativo em -3,9 pontos, est\u00e1 essencialmente associado \u00e0 desvaloriza\u00e7\u00e3o do Peso Argentino, Rublo Russo, Lira Turca e Real Brasileiro.<\/p>\n\n\n\n<p>O efeito do mix de produtos ficou positivo em 2,9 pontos, principalmente gra\u00e7as ao lan\u00e7amento bem-sucedido do Arkana, que destaca a renova\u00e7\u00e3o da marca no segmento C, e \u00e0 performance dos ve\u00edculos comerciais leves.&nbsp;<\/p>\n\n\n\n<p>O efeito positivo \u201cOutros\u201d, de 6,8 pontos, tem como origem o aumento da contribui\u00e7\u00e3o das vendas de pe\u00e7as e acess\u00f3rios e retomada da atividade da Rede, que tinham sido fortemente impactadas pelos decretos de lockdown no primeiro semestre de 2020.&nbsp;<\/p>\n\n\n\n<p>O Grupo registrou uma&nbsp;<strong>margem operacional&nbsp;<\/strong>positiva de 654 milh\u00f5es de euros (2.8% do faturamento), contra \u22121.203 milh\u00f5es de euros no primeiro semestre de 2020.<\/p>\n\n\n\n<p>A&nbsp;<strong>margem operacional da Divis\u00e3o Automotiva (exceto AVTOVAZ)<\/strong>&nbsp;melhorou em +1.6 bilh\u00e3o de euros, contra -41 milh\u00f5es de euros.<\/p>\n\n\n\n<p>A alta dos volumes e das vendas \u00e0s empresas parceiras teve um impacto positivo de 487 milh\u00f5es de euros.<\/p>\n\n\n\n<p>O efeito do mix\/pre\u00e7os\/enriquecimento ficou positivo em 599 milh\u00f5es de euros, gra\u00e7as ao impacto da pol\u00edtica comercial na Europa e \u00e0s altas de pre\u00e7os nos pa\u00edses emergentes, especialmente para cobrir as desvaloriza\u00e7\u00f5es de c\u00e2mbio.<\/p>\n\n\n\n<p>O efeito de \u201cProdutividade\u201d (compras, garantia, P&amp;D, custos de produ\u00e7\u00e3o &amp; log\u00edstica, despesas gerais) ficou positivo em 219 milh\u00f5es de euros, principalmente devido \u00e0 performance em compras (143 milh\u00f5es de euros).<\/p>\n\n\n\n<p>As moedas e mat\u00e9rias-primas tiveram respectivamente um peso de -70 milh\u00f5es de euros e -76 milh\u00f5es de euros.<\/p>\n\n\n\n<p>Os efeitos \u201cOutros\u201d chegaram a +454 milh\u00f5es de euros, que se explicam principalmente pelo impacto da retomada da atividade da Rede e de P\u00f3s-venda.<\/p>\n\n\n\n<p>A&nbsp;<strong>margem operacional da AVTOVAZ<\/strong>&nbsp;chegou a 118 milh\u00f5es de euros, em progress\u00e3o de +120 milh\u00f5es de euros, refletindo principalmente o aumento dos volumes e pre\u00e7os em compara\u00e7\u00e3o com o primeiro semestre de 2020.<\/p>\n\n\n\n<p>A&nbsp;<strong>contribui\u00e7\u00e3o da Divis\u00e3o de Financiamento das Vendas<\/strong>&nbsp;para a margem operacional do Grupo atingiu 593 milh\u00f5es de euros, contra 469 milh\u00f5es de euros no primeiro semestre de 2020. Esta progress\u00e3o resulta principalmente da melhoria do custo do risco. O custo do risco ficou em 0,16% da m\u00e9dia dos ativos produtivos, contra 0,99% no primeiro semestre de 2020, refletindo o retorno a condi\u00e7\u00f5es de mercado normais e a atualiza\u00e7\u00e3o favor\u00e1vel do provisionamento no fechamento de junho de 2021.&nbsp;<\/p>\n\n\n\n<p>As despesas de funcionamento representaram 1,35% da m\u00e9dia dos ativos produtivos, contra 1,29% no 1\u00ba semestre de 2020. Esta varia\u00e7\u00e3o se explica pela forte queda da m\u00e9dia de ativos produtivos da rede, em linha com a estrat\u00e9gia de otimiza\u00e7\u00e3o dos estoques de ve\u00edculos.&nbsp;<\/p>\n\n\n\n<p>As&nbsp;<strong>outras receitas e despesas operacionais<\/strong>&nbsp;ficaram negativas \u00e0 altura de -83 milh\u00f5es de euros (contra \u2212804 milh\u00f5es de euros no primeiro semestre de 2020), tendo como origem principalmente provis\u00f5es para despesas de restrutura\u00e7\u00e3o.<\/p>\n\n\n\n<p>Ap\u00f3s considera\u00e7\u00e3o das outras receitas e despesas operacionais, o&nbsp;<strong>resultado operacional<\/strong>&nbsp;do Grupo ficou em 571 milh\u00f5es de euros, contra -2.007 milh\u00f5es de euros no primeiro semestre de 2020.&nbsp;<\/p>\n\n\n\n<p>O&nbsp;<strong>resultado financeiro<\/strong>&nbsp;chegou a -163 milh\u00f5es de euros, contra -214 milh\u00f5es de euros no primeiro semestre de 2020.<\/p>\n\n\n\n<p>A&nbsp;<strong>contribui\u00e7\u00e3o das empresas associadas<\/strong>&nbsp;chegou a 160 milh\u00f5es de euros, contra -4.892 milh\u00f5es de euros no primeiro semestre de 2020. Vale lembrar que a contribui\u00e7\u00e3o da Nissan no primeiro semestre de 2020 incluiu -4.290 milh\u00f5es de euros de deprecia\u00e7\u00f5es de ativos e custos de reestrutura\u00e7\u00e3o, sendo -1.934 milh\u00f5es de euros de retifica\u00e7\u00f5es segundo as Normas Internacionais de Contabilidade (IFRS).<\/p>\n\n\n\n<p>Os&nbsp;<strong>impostos correntes e diferidos<\/strong>&nbsp;representaram uma despesa de -200 milh\u00f5es de euros, contra uma despesa de -273 milh\u00f5es de euros no primeiro semestre de 2020.<\/p>\n\n\n\n<p>O&nbsp;<strong>resultado l\u00edquido<\/strong>&nbsp;chegou a 368 milh\u00f5es de euros e o&nbsp;<strong>resultado l\u00edquido de participa\u00e7\u00e3o do Grupo<\/strong> ficou em 354 milh\u00f5es de euros (1,30 euro por a\u00e7\u00e3o em compara\u00e7\u00e3o com os -26,91 euros por a\u00e7\u00e3o no primeiro semestre de 2020).<\/p>\n\n\n\n<p>O&nbsp;<strong>fluxo de caixa livre operacional da Divis\u00e3o Automotiva<\/strong>&nbsp;ficou negativo \u00e0 altura de -70 milh\u00f5es de euros, ap\u00f3s a considera\u00e7\u00e3o de pagamentos a t\u00edtulo de despesas de reestrutura\u00e7\u00e3o de -302 milh\u00f5es de euros, um fluxo de caixa livre positivo da AVTOVAZ de 294 milh\u00f5es de euros e um impacto negativo da varia\u00e7\u00e3o das necessidades de capital de giro, para -410 milh\u00f5es de euros.<\/p>\n\n\n\n<p>A capacidade de autofinanciamento da Divis\u00e3o Automotiva \u2013 exceto AVTOVAZ e exceto despesas de reestrutura\u00e7\u00e3o \u2013 atingiu 1,8 bilh\u00e3o de euros (contra 22 milh\u00f5es de euros no primeiro semestre de 2020). Os investimentos no primeiro semestre chegaram a 1,5 bilh\u00e3o de euros, contra 2,5 bilh\u00f5es de euros no primeiro semestre de 2020.<\/p>\n\n\n\n<p>Em 30 de junho de 2021, os&nbsp;<strong>estoques totais<\/strong>&nbsp;(incluindo a rede de concession\u00e1rias independente) representavam 427.000 ve\u00edculos, contra 547.000 no fechamento de junho de 2020.<\/p>\n\n\n\n<p>A Divis\u00e3o Automotiva dispunha de 16,7 bilh\u00f5es de euros de&nbsp;<strong>reservas de liquidez<\/strong>&nbsp;em 30 de junho de 2021. A&nbsp;<strong>d\u00edvida l\u00edquida da Divis\u00e3o Automotiva<\/strong>&nbsp;foi reduzida para 2,7 bilh\u00f5es de euros em 30 de junho de 2021, uma redu\u00e7\u00e3o de -800 milh\u00f5es de euros em compara\u00e7\u00e3o ao primeiro semestre de 2020.&nbsp;<\/p>\n\n\n\n<p><strong>Perspectivas para 2021<\/strong><\/p>\n\n\n\n<p>Apesar das incertezas em torno da demanda, continuidade dos efeitos negativos da crise dos componentes &#8211; que pode levar uma perda de produ\u00e7\u00e3o da ordem de 200.000 unidades no ano &#8211; e o aumento dos pre\u00e7os das mat\u00e9rias-primas, o Renault Group tem como objetivo uma taxa de margem operacional para o ano da mesma ordem que no primeiro semestre.<\/p>\n\n\n\n<p><strong>Informa\u00e7\u00f5es complementares<\/strong><\/p>\n\n\n\n<p>O resumo das contas consolidadas do Grupo em 30 de junho de 2021 foi examinado pelo Conselho de Administra\u00e7\u00e3o de 29 de julho de 2021.<\/p>\n\n\n\n<p>Os Auditores do Grupo realizaram os procedimentos de an\u00e1lise limitada destas contas, e o relat\u00f3rio relativo aos resultados financeiros do semestre est\u00e1 sendo elaborado.<\/p>\n\n\n\n<p>Este relat\u00f3rio com a an\u00e1lise completa dos resultados financeiros do primeiro semestre de 2021 est\u00e1 dispon\u00edvel em <a href=\"http:\/\/www.group.renault.com\">www.group.renault.com<\/a>, na se\u00e7\u00e3o \u201cFinance\u201d. [1] <em>A fim de analisar a varia\u00e7\u00e3o do faturamento consolidado com taxas de c\u00e2mbio constantes, o Renault Group recalcula o faturamento do exerc\u00edcio corrente aplicando as taxas de c\u00e2mbio m\u00e9dias anuais do exerc\u00edcio anterior.<\/em><\/p>\n","protected":false},"excerpt":{"rendered":"<p>\u201cEstes resultados s\u00e3o fruto do nosso plano estrat\u00e9gico Renaulution, que tem como foco a rentabilidade. Esta \u00e9 apenas a primeira etapa da nossa recupera\u00e7\u00e3o, que deve se acelerar com a chegada dos novos ve\u00edculos que estamos preparando. Fa\u00e7o quest\u00e3o de agradecer a todos os colaboradores, cujo comprometimento nos permitiu atingir estes resultados\u201d, declarou&nbsp;Luca de Meo, [&hellip;]<\/p>\n","protected":false},"author":1,"featured_media":25667,"comment_status":"open","ping_status":"open","sticky":false,"template":"","format":"standard","meta":{"tdm_status":"","tdm_grid_status":"","footnotes":""},"categories":[6],"tags":[33,526,28,4100],"class_list":["post-26430","post","type-post","status-publish","format-standard","has-post-thumbnail","hentry","category-noticias","tag-estrategia","tag-financeiro","tag-marketing","tag-renault-group"],"yoast_head":"<!-- This site is optimized with the Yoast SEO plugin v27.5 - https:\/\/yoast.com\/product\/yoast-seo-wordpress\/ -->\n<title>Resultados Financeiros do 1\u00ba Semestre do Renault Group - CidadeMarketing<\/title>\n<meta name=\"robots\" content=\"index, follow, max-snippet:-1, max-image-preview:large, max-video-preview:-1\" \/>\n<link rel=\"canonical\" href=\"https:\/\/www.cidademarketing.com.br\/marketing\/2021\/07\/30\/resultados-financeiros-do-1o-semestre-do-renault-group\/\" \/>\n<meta property=\"og:locale\" content=\"pt_BR\" \/>\n<meta property=\"og:type\" content=\"article\" \/>\n<meta property=\"og:title\" content=\"Resultados Financeiros do 1\u00ba Semestre do Renault Group - CidadeMarketing\" \/>\n<meta property=\"og:description\" content=\"\u201cEstes resultados s\u00e3o fruto do nosso plano estrat\u00e9gico Renaulution, que tem como foco a rentabilidade. Esta \u00e9 apenas a primeira etapa da nossa recupera\u00e7\u00e3o, que deve se acelerar com a chegada dos novos ve\u00edculos que estamos preparando. Fa\u00e7o quest\u00e3o de agradecer a todos os colaboradores, cujo comprometimento nos permitiu atingir estes resultados\u201d, declarou&nbsp;Luca de Meo, [&hellip;]\" \/>\n<meta property=\"og:url\" content=\"https:\/\/www.cidademarketing.com.br\/marketing\/2021\/07\/30\/resultados-financeiros-do-1o-semestre-do-renault-group\/\" \/>\n<meta property=\"og:site_name\" content=\"CidadeMarketing\" \/>\n<meta property=\"article:publisher\" content=\"https:\/\/www.facebook.com\/portalcidademarketing\" \/>\n<meta property=\"article:author\" content=\"https:\/\/www.facebook.com\/thalesbrandao\" \/>\n<meta property=\"article:published_time\" content=\"2021-07-30T16:01:09+00:00\" \/>\n<meta property=\"article:modified_time\" content=\"2021-07-30T16:01:12+00:00\" \/>\n<meta property=\"og:image\" content=\"https:\/\/www.cidademarketing.com.br\/marketing\/wp-content\/uploads\/2021\/07\/renault_group_.jpg\" \/>\n\t<meta property=\"og:image:width\" content=\"1008\" \/>\n\t<meta property=\"og:image:height\" content=\"567\" \/>\n\t<meta property=\"og:image:type\" content=\"image\/jpeg\" \/>\n<meta name=\"author\" content=\"Thales Brand\u00e3o\" \/>\n<meta name=\"twitter:card\" content=\"summary_large_image\" \/>\n<meta name=\"twitter:creator\" content=\"@http:\/\/www.twitter.com\/thalesbrandao\" \/>\n<meta name=\"twitter:site\" content=\"@CidadeMarketing\" \/>\n<meta name=\"twitter:label1\" content=\"Escrito por\" \/>\n\t<meta name=\"twitter:data1\" content=\"Thales Brand\u00e3o\" \/>\n\t<meta name=\"twitter:label2\" content=\"Est. tempo de leitura\" \/>\n\t<meta name=\"twitter:data2\" content=\"7 minutos\" \/>\n<script type=\"application\/ld+json\" class=\"yoast-schema-graph\">{\"@context\":\"https:\\\/\\\/schema.org\",\"@graph\":[{\"@type\":\"Article\",\"@id\":\"https:\\\/\\\/www.cidademarketing.com.br\\\/marketing\\\/2021\\\/07\\\/30\\\/resultados-financeiros-do-1o-semestre-do-renault-group\\\/#article\",\"isPartOf\":{\"@id\":\"https:\\\/\\\/www.cidademarketing.com.br\\\/marketing\\\/2021\\\/07\\\/30\\\/resultados-financeiros-do-1o-semestre-do-renault-group\\\/\"},\"author\":{\"name\":\"Thales Brand\u00e3o\",\"@id\":\"https:\\\/\\\/www.cidademarketing.com.br\\\/marketing\\\/#\\\/schema\\\/person\\\/02daff9f18bd9378c9e01eb6b2db155f\"},\"headline\":\"Resultados Financeiros do 1\u00ba Semestre do Renault Group\",\"datePublished\":\"2021-07-30T16:01:09+00:00\",\"dateModified\":\"2021-07-30T16:01:12+00:00\",\"mainEntityOfPage\":{\"@id\":\"https:\\\/\\\/www.cidademarketing.com.br\\\/marketing\\\/2021\\\/07\\\/30\\\/resultados-financeiros-do-1o-semestre-do-renault-group\\\/\"},\"wordCount\":1316,\"commentCount\":0,\"publisher\":{\"@id\":\"https:\\\/\\\/www.cidademarketing.com.br\\\/marketing\\\/#organization\"},\"image\":{\"@id\":\"https:\\\/\\\/www.cidademarketing.com.br\\\/marketing\\\/2021\\\/07\\\/30\\\/resultados-financeiros-do-1o-semestre-do-renault-group\\\/#primaryimage\"},\"thumbnailUrl\":\"https:\\\/\\\/www.cidademarketing.com.br\\\/marketing\\\/wp-content\\\/uploads\\\/2021\\\/07\\\/renault_group_.jpg\",\"keywords\":[\"estrat\u00e9gia\",\"financeiro\",\"marketing\",\"Renault Group\"],\"articleSection\":[\"Not\u00edcias\"],\"inLanguage\":\"pt-BR\",\"potentialAction\":[{\"@type\":\"CommentAction\",\"name\":\"Comment\",\"target\":[\"https:\\\/\\\/www.cidademarketing.com.br\\\/marketing\\\/2021\\\/07\\\/30\\\/resultados-financeiros-do-1o-semestre-do-renault-group\\\/#respond\"]}]},{\"@type\":\"WebPage\",\"@id\":\"https:\\\/\\\/www.cidademarketing.com.br\\\/marketing\\\/2021\\\/07\\\/30\\\/resultados-financeiros-do-1o-semestre-do-renault-group\\\/\",\"url\":\"https:\\\/\\\/www.cidademarketing.com.br\\\/marketing\\\/2021\\\/07\\\/30\\\/resultados-financeiros-do-1o-semestre-do-renault-group\\\/\",\"name\":\"Resultados Financeiros do 1\u00ba Semestre do Renault Group - CidadeMarketing\",\"isPartOf\":{\"@id\":\"https:\\\/\\\/www.cidademarketing.com.br\\\/marketing\\\/#website\"},\"primaryImageOfPage\":{\"@id\":\"https:\\\/\\\/www.cidademarketing.com.br\\\/marketing\\\/2021\\\/07\\\/30\\\/resultados-financeiros-do-1o-semestre-do-renault-group\\\/#primaryimage\"},\"image\":{\"@id\":\"https:\\\/\\\/www.cidademarketing.com.br\\\/marketing\\\/2021\\\/07\\\/30\\\/resultados-financeiros-do-1o-semestre-do-renault-group\\\/#primaryimage\"},\"thumbnailUrl\":\"https:\\\/\\\/www.cidademarketing.com.br\\\/marketing\\\/wp-content\\\/uploads\\\/2021\\\/07\\\/renault_group_.jpg\",\"datePublished\":\"2021-07-30T16:01:09+00:00\",\"dateModified\":\"2021-07-30T16:01:12+00:00\",\"breadcrumb\":{\"@id\":\"https:\\\/\\\/www.cidademarketing.com.br\\\/marketing\\\/2021\\\/07\\\/30\\\/resultados-financeiros-do-1o-semestre-do-renault-group\\\/#breadcrumb\"},\"inLanguage\":\"pt-BR\",\"potentialAction\":[{\"@type\":\"ReadAction\",\"target\":[\"https:\\\/\\\/www.cidademarketing.com.br\\\/marketing\\\/2021\\\/07\\\/30\\\/resultados-financeiros-do-1o-semestre-do-renault-group\\\/\"]}]},{\"@type\":\"ImageObject\",\"inLanguage\":\"pt-BR\",\"@id\":\"https:\\\/\\\/www.cidademarketing.com.br\\\/marketing\\\/2021\\\/07\\\/30\\\/resultados-financeiros-do-1o-semestre-do-renault-group\\\/#primaryimage\",\"url\":\"https:\\\/\\\/www.cidademarketing.com.br\\\/marketing\\\/wp-content\\\/uploads\\\/2021\\\/07\\\/renault_group_.jpg\",\"contentUrl\":\"https:\\\/\\\/www.cidademarketing.com.br\\\/marketing\\\/wp-content\\\/uploads\\\/2021\\\/07\\\/renault_group_.jpg\",\"width\":1008,\"height\":567},{\"@type\":\"BreadcrumbList\",\"@id\":\"https:\\\/\\\/www.cidademarketing.com.br\\\/marketing\\\/2021\\\/07\\\/30\\\/resultados-financeiros-do-1o-semestre-do-renault-group\\\/#breadcrumb\",\"itemListElement\":[{\"@type\":\"ListItem\",\"position\":1,\"name\":\"In\u00edcio\",\"item\":\"https:\\\/\\\/www.cidademarketing.com.br\\\/marketing\\\/\"},{\"@type\":\"ListItem\",\"position\":2,\"name\":\"Resultados Financeiros do 1\u00ba Semestre do Renault Group\"}]},{\"@type\":\"WebSite\",\"@id\":\"https:\\\/\\\/www.cidademarketing.com.br\\\/marketing\\\/#website\",\"url\":\"https:\\\/\\\/www.cidademarketing.com.br\\\/marketing\\\/\",\"name\":\"CidadeMarketing\",\"description\":\"Somos um ve\u00edculo de comunica\u00e7\u00e3o de destaque no Brasil, reconhecido por conte\u00fados nos segmentos de marketing, empreendedorismo e inova\u00e7\u00e3o.\",\"publisher\":{\"@id\":\"https:\\\/\\\/www.cidademarketing.com.br\\\/marketing\\\/#organization\"},\"alternateName\":\"CidadeMarketing\",\"potentialAction\":[{\"@type\":\"SearchAction\",\"target\":{\"@type\":\"EntryPoint\",\"urlTemplate\":\"https:\\\/\\\/www.cidademarketing.com.br\\\/marketing\\\/?s={search_term_string}\"},\"query-input\":{\"@type\":\"PropertyValueSpecification\",\"valueRequired\":true,\"valueName\":\"search_term_string\"}}],\"inLanguage\":\"pt-BR\"},{\"@type\":\"Organization\",\"@id\":\"https:\\\/\\\/www.cidademarketing.com.br\\\/marketing\\\/#organization\",\"name\":\"CidadeMarketing\",\"alternateName\":\"CidadeMarketing\",\"url\":\"https:\\\/\\\/www.cidademarketing.com.br\\\/marketing\\\/\",\"logo\":{\"@type\":\"ImageObject\",\"inLanguage\":\"pt-BR\",\"@id\":\"https:\\\/\\\/www.cidademarketing.com.br\\\/marketing\\\/#\\\/schema\\\/logo\\\/image\\\/\",\"url\":\"https:\\\/\\\/www.cidademarketing.com.br\\\/marketing\\\/wp-content\\\/uploads\\\/2020\\\/01\\\/cidademarketing_marca_mobile.png\",\"contentUrl\":\"https:\\\/\\\/www.cidademarketing.com.br\\\/marketing\\\/wp-content\\\/uploads\\\/2020\\\/01\\\/cidademarketing_marca_mobile.png\",\"width\":230,\"height\":92,\"caption\":\"CidadeMarketing\"},\"image\":{\"@id\":\"https:\\\/\\\/www.cidademarketing.com.br\\\/marketing\\\/#\\\/schema\\\/logo\\\/image\\\/\"},\"sameAs\":[\"https:\\\/\\\/www.facebook.com\\\/portalcidademarketing\",\"https:\\\/\\\/x.com\\\/CidadeMarketing\",\"https:\\\/\\\/www.instagram.com\\\/cidademarketing\\\/\"]},{\"@type\":\"Person\",\"@id\":\"https:\\\/\\\/www.cidademarketing.com.br\\\/marketing\\\/#\\\/schema\\\/person\\\/02daff9f18bd9378c9e01eb6b2db155f\",\"name\":\"Thales Brand\u00e3o\",\"image\":{\"@type\":\"ImageObject\",\"inLanguage\":\"pt-BR\",\"@id\":\"https:\\\/\\\/secure.gravatar.com\\\/avatar\\\/7ca3206950207cc3cb48feec56a8a7898741ab725c368d99d5d7a5a50aab80c6?s=96&d=mm&r=g\",\"url\":\"https:\\\/\\\/secure.gravatar.com\\\/avatar\\\/7ca3206950207cc3cb48feec56a8a7898741ab725c368d99d5d7a5a50aab80c6?s=96&d=mm&r=g\",\"contentUrl\":\"https:\\\/\\\/secure.gravatar.com\\\/avatar\\\/7ca3206950207cc3cb48feec56a8a7898741ab725c368d99d5d7a5a50aab80c6?s=96&d=mm&r=g\",\"caption\":\"Thales Brand\u00e3o\"},\"description\":\"Editor Executivo do Portal CidadeMarketing.com.br &gt; Mestre em Comunica\u00e7\u00e3o e Sociedade pela Universidade Federal de Sergipe. Possui MBA Executivo em Administra\u00e7\u00e3o com \u00eanfase em Marketing pela Funda\u00e7\u00e3o Get\u00falio Vargas - Rio de Janeiro. Consultor, Palestrante e Pesquisador sobre Empreendedorismo, Marketing, Redes Sociais e Neg\u00f3cios Digitais. Professor, Palestrante TedxTalks e Campus Party. Twitter: @ThalesBrandao\",\"sameAs\":[\"http:\\\/\\\/www.mandacaru.com.br\",\"https:\\\/\\\/www.facebook.com\\\/thalesbrandao\",\"http:\\\/\\\/www.instagram.com.br\\\/thalesbrandaoferreira\",\"https:\\\/\\\/www.linkedin.com\\\/in\\\/thales-brand\u00e3o-3948609\\\/\",\"https:\\\/\\\/x.com\\\/http:\\\/\\\/www.twitter.com\\\/thalesbrandao\"],\"url\":\"https:\\\/\\\/www.cidademarketing.com.br\\\/marketing\\\/author\\\/thalesbrandao\\\/\"}]}<\/script>\n<!-- \/ Yoast SEO plugin. -->","yoast_head_json":{"title":"Resultados Financeiros do 1\u00ba Semestre do Renault Group - CidadeMarketing","robots":{"index":"index","follow":"follow","max-snippet":"max-snippet:-1","max-image-preview":"max-image-preview:large","max-video-preview":"max-video-preview:-1"},"canonical":"https:\/\/www.cidademarketing.com.br\/marketing\/2021\/07\/30\/resultados-financeiros-do-1o-semestre-do-renault-group\/","og_locale":"pt_BR","og_type":"article","og_title":"Resultados Financeiros do 1\u00ba Semestre do Renault Group - CidadeMarketing","og_description":"\u201cEstes resultados s\u00e3o fruto do nosso plano estrat\u00e9gico Renaulution, que tem como foco a rentabilidade. Esta \u00e9 apenas a primeira etapa da nossa recupera\u00e7\u00e3o, que deve se acelerar com a chegada dos novos ve\u00edculos que estamos preparando. Fa\u00e7o quest\u00e3o de agradecer a todos os colaboradores, cujo comprometimento nos permitiu atingir estes resultados\u201d, declarou&nbsp;Luca de Meo, [&hellip;]","og_url":"https:\/\/www.cidademarketing.com.br\/marketing\/2021\/07\/30\/resultados-financeiros-do-1o-semestre-do-renault-group\/","og_site_name":"CidadeMarketing","article_publisher":"https:\/\/www.facebook.com\/portalcidademarketing","article_author":"https:\/\/www.facebook.com\/thalesbrandao","article_published_time":"2021-07-30T16:01:09+00:00","article_modified_time":"2021-07-30T16:01:12+00:00","og_image":[{"width":1008,"height":567,"url":"https:\/\/www.cidademarketing.com.br\/marketing\/wp-content\/uploads\/2021\/07\/renault_group_.jpg","type":"image\/jpeg"}],"author":"Thales Brand\u00e3o","twitter_card":"summary_large_image","twitter_creator":"@http:\/\/www.twitter.com\/thalesbrandao","twitter_site":"@CidadeMarketing","twitter_misc":{"Escrito por":"Thales Brand\u00e3o","Est. tempo de leitura":"7 minutos"},"schema":{"@context":"https:\/\/schema.org","@graph":[{"@type":"Article","@id":"https:\/\/www.cidademarketing.com.br\/marketing\/2021\/07\/30\/resultados-financeiros-do-1o-semestre-do-renault-group\/#article","isPartOf":{"@id":"https:\/\/www.cidademarketing.com.br\/marketing\/2021\/07\/30\/resultados-financeiros-do-1o-semestre-do-renault-group\/"},"author":{"name":"Thales Brand\u00e3o","@id":"https:\/\/www.cidademarketing.com.br\/marketing\/#\/schema\/person\/02daff9f18bd9378c9e01eb6b2db155f"},"headline":"Resultados Financeiros do 1\u00ba Semestre do Renault Group","datePublished":"2021-07-30T16:01:09+00:00","dateModified":"2021-07-30T16:01:12+00:00","mainEntityOfPage":{"@id":"https:\/\/www.cidademarketing.com.br\/marketing\/2021\/07\/30\/resultados-financeiros-do-1o-semestre-do-renault-group\/"},"wordCount":1316,"commentCount":0,"publisher":{"@id":"https:\/\/www.cidademarketing.com.br\/marketing\/#organization"},"image":{"@id":"https:\/\/www.cidademarketing.com.br\/marketing\/2021\/07\/30\/resultados-financeiros-do-1o-semestre-do-renault-group\/#primaryimage"},"thumbnailUrl":"https:\/\/www.cidademarketing.com.br\/marketing\/wp-content\/uploads\/2021\/07\/renault_group_.jpg","keywords":["estrat\u00e9gia","financeiro","marketing","Renault Group"],"articleSection":["Not\u00edcias"],"inLanguage":"pt-BR","potentialAction":[{"@type":"CommentAction","name":"Comment","target":["https:\/\/www.cidademarketing.com.br\/marketing\/2021\/07\/30\/resultados-financeiros-do-1o-semestre-do-renault-group\/#respond"]}]},{"@type":"WebPage","@id":"https:\/\/www.cidademarketing.com.br\/marketing\/2021\/07\/30\/resultados-financeiros-do-1o-semestre-do-renault-group\/","url":"https:\/\/www.cidademarketing.com.br\/marketing\/2021\/07\/30\/resultados-financeiros-do-1o-semestre-do-renault-group\/","name":"Resultados Financeiros do 1\u00ba Semestre do Renault Group - CidadeMarketing","isPartOf":{"@id":"https:\/\/www.cidademarketing.com.br\/marketing\/#website"},"primaryImageOfPage":{"@id":"https:\/\/www.cidademarketing.com.br\/marketing\/2021\/07\/30\/resultados-financeiros-do-1o-semestre-do-renault-group\/#primaryimage"},"image":{"@id":"https:\/\/www.cidademarketing.com.br\/marketing\/2021\/07\/30\/resultados-financeiros-do-1o-semestre-do-renault-group\/#primaryimage"},"thumbnailUrl":"https:\/\/www.cidademarketing.com.br\/marketing\/wp-content\/uploads\/2021\/07\/renault_group_.jpg","datePublished":"2021-07-30T16:01:09+00:00","dateModified":"2021-07-30T16:01:12+00:00","breadcrumb":{"@id":"https:\/\/www.cidademarketing.com.br\/marketing\/2021\/07\/30\/resultados-financeiros-do-1o-semestre-do-renault-group\/#breadcrumb"},"inLanguage":"pt-BR","potentialAction":[{"@type":"ReadAction","target":["https:\/\/www.cidademarketing.com.br\/marketing\/2021\/07\/30\/resultados-financeiros-do-1o-semestre-do-renault-group\/"]}]},{"@type":"ImageObject","inLanguage":"pt-BR","@id":"https:\/\/www.cidademarketing.com.br\/marketing\/2021\/07\/30\/resultados-financeiros-do-1o-semestre-do-renault-group\/#primaryimage","url":"https:\/\/www.cidademarketing.com.br\/marketing\/wp-content\/uploads\/2021\/07\/renault_group_.jpg","contentUrl":"https:\/\/www.cidademarketing.com.br\/marketing\/wp-content\/uploads\/2021\/07\/renault_group_.jpg","width":1008,"height":567},{"@type":"BreadcrumbList","@id":"https:\/\/www.cidademarketing.com.br\/marketing\/2021\/07\/30\/resultados-financeiros-do-1o-semestre-do-renault-group\/#breadcrumb","itemListElement":[{"@type":"ListItem","position":1,"name":"In\u00edcio","item":"https:\/\/www.cidademarketing.com.br\/marketing\/"},{"@type":"ListItem","position":2,"name":"Resultados Financeiros do 1\u00ba Semestre do Renault Group"}]},{"@type":"WebSite","@id":"https:\/\/www.cidademarketing.com.br\/marketing\/#website","url":"https:\/\/www.cidademarketing.com.br\/marketing\/","name":"CidadeMarketing","description":"Somos um ve\u00edculo de comunica\u00e7\u00e3o de destaque no Brasil, reconhecido por conte\u00fados nos segmentos de marketing, empreendedorismo e inova\u00e7\u00e3o.","publisher":{"@id":"https:\/\/www.cidademarketing.com.br\/marketing\/#organization"},"alternateName":"CidadeMarketing","potentialAction":[{"@type":"SearchAction","target":{"@type":"EntryPoint","urlTemplate":"https:\/\/www.cidademarketing.com.br\/marketing\/?s={search_term_string}"},"query-input":{"@type":"PropertyValueSpecification","valueRequired":true,"valueName":"search_term_string"}}],"inLanguage":"pt-BR"},{"@type":"Organization","@id":"https:\/\/www.cidademarketing.com.br\/marketing\/#organization","name":"CidadeMarketing","alternateName":"CidadeMarketing","url":"https:\/\/www.cidademarketing.com.br\/marketing\/","logo":{"@type":"ImageObject","inLanguage":"pt-BR","@id":"https:\/\/www.cidademarketing.com.br\/marketing\/#\/schema\/logo\/image\/","url":"https:\/\/www.cidademarketing.com.br\/marketing\/wp-content\/uploads\/2020\/01\/cidademarketing_marca_mobile.png","contentUrl":"https:\/\/www.cidademarketing.com.br\/marketing\/wp-content\/uploads\/2020\/01\/cidademarketing_marca_mobile.png","width":230,"height":92,"caption":"CidadeMarketing"},"image":{"@id":"https:\/\/www.cidademarketing.com.br\/marketing\/#\/schema\/logo\/image\/"},"sameAs":["https:\/\/www.facebook.com\/portalcidademarketing","https:\/\/x.com\/CidadeMarketing","https:\/\/www.instagram.com\/cidademarketing\/"]},{"@type":"Person","@id":"https:\/\/www.cidademarketing.com.br\/marketing\/#\/schema\/person\/02daff9f18bd9378c9e01eb6b2db155f","name":"Thales Brand\u00e3o","image":{"@type":"ImageObject","inLanguage":"pt-BR","@id":"https:\/\/secure.gravatar.com\/avatar\/7ca3206950207cc3cb48feec56a8a7898741ab725c368d99d5d7a5a50aab80c6?s=96&d=mm&r=g","url":"https:\/\/secure.gravatar.com\/avatar\/7ca3206950207cc3cb48feec56a8a7898741ab725c368d99d5d7a5a50aab80c6?s=96&d=mm&r=g","contentUrl":"https:\/\/secure.gravatar.com\/avatar\/7ca3206950207cc3cb48feec56a8a7898741ab725c368d99d5d7a5a50aab80c6?s=96&d=mm&r=g","caption":"Thales Brand\u00e3o"},"description":"Editor Executivo do Portal CidadeMarketing.com.br &gt; Mestre em Comunica\u00e7\u00e3o e Sociedade pela Universidade Federal de Sergipe. Possui MBA Executivo em Administra\u00e7\u00e3o com \u00eanfase em Marketing pela Funda\u00e7\u00e3o Get\u00falio Vargas - Rio de Janeiro. Consultor, Palestrante e Pesquisador sobre Empreendedorismo, Marketing, Redes Sociais e Neg\u00f3cios Digitais. Professor, Palestrante TedxTalks e Campus Party. Twitter: @ThalesBrandao","sameAs":["http:\/\/www.mandacaru.com.br","https:\/\/www.facebook.com\/thalesbrandao","http:\/\/www.instagram.com.br\/thalesbrandaoferreira","https:\/\/www.linkedin.com\/in\/thales-brand\u00e3o-3948609\/","https:\/\/x.com\/http:\/\/www.twitter.com\/thalesbrandao"],"url":"https:\/\/www.cidademarketing.com.br\/marketing\/author\/thalesbrandao\/"}]}},"amp_enabled":true,"_links":{"self":[{"href":"https:\/\/www.cidademarketing.com.br\/marketing\/wp-json\/wp\/v2\/posts\/26430","targetHints":{"allow":["GET"]}}],"collection":[{"href":"https:\/\/www.cidademarketing.com.br\/marketing\/wp-json\/wp\/v2\/posts"}],"about":[{"href":"https:\/\/www.cidademarketing.com.br\/marketing\/wp-json\/wp\/v2\/types\/post"}],"author":[{"embeddable":true,"href":"https:\/\/www.cidademarketing.com.br\/marketing\/wp-json\/wp\/v2\/users\/1"}],"replies":[{"embeddable":true,"href":"https:\/\/www.cidademarketing.com.br\/marketing\/wp-json\/wp\/v2\/comments?post=26430"}],"version-history":[{"count":1,"href":"https:\/\/www.cidademarketing.com.br\/marketing\/wp-json\/wp\/v2\/posts\/26430\/revisions"}],"predecessor-version":[{"id":26431,"href":"https:\/\/www.cidademarketing.com.br\/marketing\/wp-json\/wp\/v2\/posts\/26430\/revisions\/26431"}],"wp:featuredmedia":[{"embeddable":true,"href":"https:\/\/www.cidademarketing.com.br\/marketing\/wp-json\/wp\/v2\/media\/25667"}],"wp:attachment":[{"href":"https:\/\/www.cidademarketing.com.br\/marketing\/wp-json\/wp\/v2\/media?parent=26430"}],"wp:term":[{"taxonomy":"category","embeddable":true,"href":"https:\/\/www.cidademarketing.com.br\/marketing\/wp-json\/wp\/v2\/categories?post=26430"},{"taxonomy":"post_tag","embeddable":true,"href":"https:\/\/www.cidademarketing.com.br\/marketing\/wp-json\/wp\/v2\/tags?post=26430"}],"curies":[{"name":"wp","href":"https:\/\/api.w.org\/{rel}","templated":true}]}}