{"id":26398,"date":"2021-07-29T23:28:55","date_gmt":"2021-07-30T02:28:55","guid":{"rendered":"https:\/\/www.cidademarketing.com.br\/marketing\/?p=26398"},"modified":"2021-07-29T23:28:57","modified_gmt":"2021-07-30T02:28:57","slug":"history-channel-e-jovem-pan-fecham-parceria-com-programacao-integrada","status":"publish","type":"post","link":"https:\/\/www.cidademarketing.com.br\/marketing\/2021\/07\/29\/history-channel-e-jovem-pan-fecham-parceria-com-programacao-integrada\/","title":{"rendered":"History Channel e Jovem Pan fecham parceria com programa\u00e7\u00e3o integrada"},"content":{"rendered":"\n<p>O matinal jornal\u00edstico <strong>Jornal da Manh\u00e3<\/strong>, l\u00edder de audi\u00eancia na r\u00e1dio e com transmiss\u00e3o ao vivo, chega agora \u00e0 TV paga. A iniciativa, in\u00e9dita no segmento do audiovisual brasileiro, \u00e9 resultado de uma parceria entre o <strong>History Channel<\/strong>, do Grupo A+E Networks, e o Grupo Jovem Pan e come\u00e7a a valer no dia 3 de agosto, permitindo aos assinantes do canal pago assistir em v\u00eddeo e em tempo real, \u00e0 programa\u00e7\u00e3o da r\u00e1dio, de segunda a sexta-feira, das 7h \u00e0s 9h.<\/p>\n\n\n\n<p>Da mesma forma como \u00e9 feita a base de todos os seus conte\u00fados, o History acredita que a multiplicidade de pontos de vista na hora de contar a hist\u00f3ria \u2013 do mundo ou Pa\u00eds \u2013 ajuda a audi\u00eancia a formar opini\u00f5es pr\u00f3prias, independentes. Esta, segundo o gerente geral do Grupo A+E Networks, Raul Costa Jr, tem sido uma das raz\u00f5es de crescimento da audi\u00eancia e do aumento do p\u00fablico engajado nas plataformas do History nos \u00faltimos anos.<\/p>\n\n\n\n<p>Ao somar o notici\u00e1rio \u00e0 grade de programa\u00e7\u00e3o do canal de TV paga, pesou a oportunidade de agregar \u00e0 pauta a parte da hist\u00f3ria que est\u00e1 sendo feita hoje e a disposi\u00e7\u00e3o dos dois conglomerados de comunica\u00e7\u00e3o em unir p\u00fablicos com interesses comuns em diferentes plataformas.<\/p>\n\n\n\n<p>\u201cA hist\u00f3ria que transforma o mundo tamb\u00e9m \u00e9 a que fazemos no dia a dia. Ao nos dedicarmos a contar essas hist\u00f3rias n\u00e3o poder\u00edamos deixar de considerar o hoje, que assim como as hist\u00f3rias passadas, v\u00e3o nos ajudar a entender o futuro. Acreditamos que essa parceria representa um ganho para todos, mas principalmente para as audi\u00eancias das duas marcas, que passam a ter mais op\u00e7\u00f5es de conte\u00fado e plataforma. E o mesmo vai acontecer para o mercado publicit\u00e1rio, que passa a contar com um projeto de integra\u00e7\u00e3o de plataformas com conte\u00fado de qualidade\u201d, ressalta Costa Jr.<\/p>\n\n\n\n<p>Com forte audi\u00eancia junto aos millennials e \u00e0 gera\u00e7\u00e3o X, tanto a Jovem Pan como o History Channel se beneficiam da parceria, ampliando os meios e conte\u00fados para se conectar com o p\u00fablico e alcan\u00e7ar anunciantes que queiram se relacionar com essa audi\u00eancia. \u201cA parceria traz valor \u00e0 opera\u00e7\u00e3o dos dois grupos de comunica\u00e7\u00e3o, ao fortalecer as marcas, ampliar a audi\u00eancia e adicionar valor tanto para o p\u00fablico como para quem deseja se conectar com ele\u201d, destaca Ant\u00f4nio Augusto Amaral de Carvalho Filho (Tutinha), presidente da Jovem Pan.<\/p>\n\n\n\n<p>Com a chegada ao History Channel, o Jornal da Manh\u00e3 soma \u00e0 sua base mais de 14 milh\u00f5es de domic\u00edlios com acesso ao conte\u00fado. Nos \u00faltimos doze meses, o History cresceu 14% em audi\u00eancia e avan\u00e7ou sete posi\u00e7\u00f5es no ranking, com perfil majoritariamente masculino (homens AB 25+ e 35+), tendo acumulado mais de 1 bilh\u00e3o de v\u00eddeo views em 2020 e acima de 1,1 milh\u00e3o de espectadores\/dia em suas plataformas. A Jovem Pan, por sua vez, \u00e9 l\u00edder em transmiss\u00f5es ao vivo pela internet e, no conjunto de seus programas, fechou 2020 com 55 milh\u00f5es de espectadores \u00fanicos trimestrais, e mais de 30 milh\u00f5es de pessoas diferentes por m\u00eas, plataformas de v\u00eddeos, com um tempo de reten\u00e7\u00e3o de 44 minutos. A r\u00e1dio alcan\u00e7a dois mil munic\u00edpios em todo o pa\u00eds.<\/p>\n\n\n\n<p>A diversidade na programa\u00e7\u00e3o \u00e9 outro ponto alto para o History Channel, que soma ao entretenimento e aos document\u00e1rios uma grade de jornalismo, agregando valor com uma experi\u00eancia 360\u00b0 para seus assinantes. \u201cO jornalismo \u00e9 um dos tr\u00eas g\u00eaneros preferidos pelo p\u00fablico do History, e ter o Jornal da Manh\u00e3 em nossa grade \u00e9 um excelente valor agregado para a audi\u00eancia\u201d, diz Costa Jr. Segundo ele, ter o jornal\u00edstico na programa\u00e7\u00e3o refor\u00e7a a proposta do canal, de que hist\u00f3ria n\u00e3o \u00e9 coisa para ficar trancada em sala de aula.<\/p>\n\n\n\n<p>Para Tutinha, a parceria vem ao encontro dos interesses da converg\u00eancia digital da r\u00e1dio, presente no Youtube e que em 2020 lan\u00e7ou seu streaming, o Panflix, reunindo ouvintes, internautas e espectadores em diferentes plataformas. \u201cQueremos ampliar o alcance da programa\u00e7\u00e3o em um esfor\u00e7o cont\u00ednuo de inova\u00e7\u00f5es e parcerias,\u201d acrescenta.<\/p>\n\n\n\n<p>O novo projeto oferece tamb\u00e9m aos parceiros comerciais um ecossistema personalizado, capaz de somar as audi\u00eancias de todas as plataformas numa mesma a\u00e7\u00e3o, na mesma fra\u00e7\u00e3o de segundo, pela r\u00e1dio, no Youtube, no PanFlix e agora no History Channel.<\/p>\n\n\n\n<p>Segundo Costa Jr., os anunciantes poder\u00e3o participar do projeto exclusivo por meio de cotas de patroc\u00ednio, m\u00eddia avulsa e at\u00e9 mesmo com projetos editoriais customizados e integrados durante a transmiss\u00e3o do programa, que no caso do History poder\u00e1 tamb\u00e9m veicular as inser\u00e7\u00f5es publicit\u00e1rias ao longo de sua programa\u00e7\u00e3o, incluindo a faixa do prime time.<\/p>\n\n\n\n<p>Os testes de transmiss\u00e3o do Jornal da Manh\u00e3 no canal History tiveram in\u00edcio em meados de abril deste ano, com visual e vinhetas renovados. Um primeiro teste em transmiss\u00e3o ao vivo, em maio, com medi\u00e7\u00e3o espont\u00e2nea da audi\u00eancia resultou em AS Geral 35+ &#8211;&nbsp;<strong>top#10&nbsp;<\/strong>com crescimento acima de 33%; AS AB 25+ \/ AS AB 35+ &#8211;&nbsp;<strong>top#7<\/strong>&nbsp;com crescimento acima de 50% crescimento; Mulheres AB 25+ \/ AB 35+ &#8211;&nbsp;<strong>top#5<\/strong>&nbsp;com crescimentos acima de 400%.&nbsp;O tempo m\u00e9dio assistido em todas as faixas foi superior ao principais canais de jornalismo.<\/p>\n\n\n\n<p><strong>Sobre A+E Networks Latin America<\/strong><\/p>\n\n\n\n<p>A+E Networks Latin America \u00e9 uma joint venture entre A&amp;E Television Networks e Ole Communications. \u00c9 uma companhia de m\u00eddia composta pelas reconhecidas e prestigiadas marcas de canais A&amp;E, History, Lifetime e HISTORY2.<\/p>\n","protected":false},"excerpt":{"rendered":"<p>O matinal jornal\u00edstico Jornal da Manh\u00e3, l\u00edder de audi\u00eancia na r\u00e1dio e com transmiss\u00e3o ao vivo, chega agora \u00e0 TV paga. A iniciativa, in\u00e9dita no segmento do audiovisual brasileiro, \u00e9 resultado de uma parceria entre o History Channel, do Grupo A+E Networks, e o Grupo Jovem Pan e come\u00e7a a valer no dia 3 de [&hellip;]<\/p>\n","protected":false},"author":1,"featured_media":26399,"comment_status":"open","ping_status":"open","sticky":false,"template":"","format":"standard","meta":{"tdm_status":"","tdm_grid_status":"","footnotes":""},"categories":[6],"tags":[308,4186,28,235],"class_list":["post-26398","post","type-post","status-publish","format-standard","has-post-thumbnail","hentry","category-noticias","tag-comunicacao","tag-history-channel","tag-marketing","tag-parceria"],"yoast_head":"<!-- This site is optimized with the Yoast SEO plugin v27.5 - https:\/\/yoast.com\/product\/yoast-seo-wordpress\/ -->\n<title>History Channel e Jovem Pan fecham parceria com programa\u00e7\u00e3o integrada - CidadeMarketing<\/title>\n<meta name=\"robots\" content=\"index, follow, max-snippet:-1, max-image-preview:large, max-video-preview:-1\" \/>\n<link rel=\"canonical\" href=\"https:\/\/www.cidademarketing.com.br\/marketing\/2021\/07\/29\/history-channel-e-jovem-pan-fecham-parceria-com-programacao-integrada\/\" \/>\n<meta property=\"og:locale\" content=\"pt_BR\" \/>\n<meta property=\"og:type\" content=\"article\" \/>\n<meta property=\"og:title\" content=\"History Channel e Jovem Pan fecham parceria com programa\u00e7\u00e3o integrada - CidadeMarketing\" \/>\n<meta property=\"og:description\" content=\"O matinal jornal\u00edstico Jornal da Manh\u00e3, l\u00edder de audi\u00eancia na r\u00e1dio e com transmiss\u00e3o ao vivo, chega agora \u00e0 TV paga. A iniciativa, in\u00e9dita no segmento do audiovisual brasileiro, \u00e9 resultado de uma parceria entre o History Channel, do Grupo A+E Networks, e o Grupo Jovem Pan e come\u00e7a a valer no dia 3 de [&hellip;]\" \/>\n<meta property=\"og:url\" content=\"https:\/\/www.cidademarketing.com.br\/marketing\/2021\/07\/29\/history-channel-e-jovem-pan-fecham-parceria-com-programacao-integrada\/\" \/>\n<meta property=\"og:site_name\" content=\"CidadeMarketing\" \/>\n<meta property=\"article:publisher\" content=\"https:\/\/www.facebook.com\/portalcidademarketing\" \/>\n<meta property=\"article:author\" content=\"https:\/\/www.facebook.com\/thalesbrandao\" \/>\n<meta property=\"article:published_time\" content=\"2021-07-30T02:28:55+00:00\" \/>\n<meta property=\"article:modified_time\" content=\"2021-07-30T02:28:57+00:00\" \/>\n<meta property=\"og:image\" content=\"https:\/\/www.cidademarketing.com.br\/marketing\/wp-content\/uploads\/2021\/07\/a_e_networks.jpg\" \/>\n\t<meta property=\"og:image:width\" content=\"1200\" \/>\n\t<meta property=\"og:image:height\" content=\"627\" \/>\n\t<meta property=\"og:image:type\" content=\"image\/jpeg\" \/>\n<meta name=\"author\" content=\"Thales Brand\u00e3o\" \/>\n<meta name=\"twitter:card\" content=\"summary_large_image\" \/>\n<meta name=\"twitter:creator\" content=\"@http:\/\/www.twitter.com\/thalesbrandao\" \/>\n<meta name=\"twitter:site\" content=\"@CidadeMarketing\" \/>\n<meta name=\"twitter:label1\" content=\"Escrito por\" \/>\n\t<meta name=\"twitter:data1\" content=\"Thales Brand\u00e3o\" \/>\n\t<meta name=\"twitter:label2\" content=\"Est. tempo de leitura\" \/>\n\t<meta name=\"twitter:data2\" content=\"5 minutos\" \/>\n<script type=\"application\/ld+json\" class=\"yoast-schema-graph\">{\"@context\":\"https:\\\/\\\/schema.org\",\"@graph\":[{\"@type\":\"Article\",\"@id\":\"https:\\\/\\\/www.cidademarketing.com.br\\\/marketing\\\/2021\\\/07\\\/29\\\/history-channel-e-jovem-pan-fecham-parceria-com-programacao-integrada\\\/#article\",\"isPartOf\":{\"@id\":\"https:\\\/\\\/www.cidademarketing.com.br\\\/marketing\\\/2021\\\/07\\\/29\\\/history-channel-e-jovem-pan-fecham-parceria-com-programacao-integrada\\\/\"},\"author\":{\"name\":\"Thales Brand\u00e3o\",\"@id\":\"https:\\\/\\\/www.cidademarketing.com.br\\\/marketing\\\/#\\\/schema\\\/person\\\/02daff9f18bd9378c9e01eb6b2db155f\"},\"headline\":\"History Channel e Jovem Pan fecham parceria com programa\u00e7\u00e3o integrada\",\"datePublished\":\"2021-07-30T02:28:55+00:00\",\"dateModified\":\"2021-07-30T02:28:57+00:00\",\"mainEntityOfPage\":{\"@id\":\"https:\\\/\\\/www.cidademarketing.com.br\\\/marketing\\\/2021\\\/07\\\/29\\\/history-channel-e-jovem-pan-fecham-parceria-com-programacao-integrada\\\/\"},\"wordCount\":973,\"commentCount\":0,\"publisher\":{\"@id\":\"https:\\\/\\\/www.cidademarketing.com.br\\\/marketing\\\/#organization\"},\"image\":{\"@id\":\"https:\\\/\\\/www.cidademarketing.com.br\\\/marketing\\\/2021\\\/07\\\/29\\\/history-channel-e-jovem-pan-fecham-parceria-com-programacao-integrada\\\/#primaryimage\"},\"thumbnailUrl\":\"https:\\\/\\\/www.cidademarketing.com.br\\\/marketing\\\/wp-content\\\/uploads\\\/2021\\\/07\\\/a_e_networks.jpg\",\"keywords\":[\"comunica\u00e7\u00e3o\",\"History Channel\",\"marketing\",\"parceria\"],\"articleSection\":[\"Not\u00edcias\"],\"inLanguage\":\"pt-BR\",\"potentialAction\":[{\"@type\":\"CommentAction\",\"name\":\"Comment\",\"target\":[\"https:\\\/\\\/www.cidademarketing.com.br\\\/marketing\\\/2021\\\/07\\\/29\\\/history-channel-e-jovem-pan-fecham-parceria-com-programacao-integrada\\\/#respond\"]}]},{\"@type\":\"WebPage\",\"@id\":\"https:\\\/\\\/www.cidademarketing.com.br\\\/marketing\\\/2021\\\/07\\\/29\\\/history-channel-e-jovem-pan-fecham-parceria-com-programacao-integrada\\\/\",\"url\":\"https:\\\/\\\/www.cidademarketing.com.br\\\/marketing\\\/2021\\\/07\\\/29\\\/history-channel-e-jovem-pan-fecham-parceria-com-programacao-integrada\\\/\",\"name\":\"History Channel e Jovem Pan fecham parceria com programa\u00e7\u00e3o integrada - CidadeMarketing\",\"isPartOf\":{\"@id\":\"https:\\\/\\\/www.cidademarketing.com.br\\\/marketing\\\/#website\"},\"primaryImageOfPage\":{\"@id\":\"https:\\\/\\\/www.cidademarketing.com.br\\\/marketing\\\/2021\\\/07\\\/29\\\/history-channel-e-jovem-pan-fecham-parceria-com-programacao-integrada\\\/#primaryimage\"},\"image\":{\"@id\":\"https:\\\/\\\/www.cidademarketing.com.br\\\/marketing\\\/2021\\\/07\\\/29\\\/history-channel-e-jovem-pan-fecham-parceria-com-programacao-integrada\\\/#primaryimage\"},\"thumbnailUrl\":\"https:\\\/\\\/www.cidademarketing.com.br\\\/marketing\\\/wp-content\\\/uploads\\\/2021\\\/07\\\/a_e_networks.jpg\",\"datePublished\":\"2021-07-30T02:28:55+00:00\",\"dateModified\":\"2021-07-30T02:28:57+00:00\",\"breadcrumb\":{\"@id\":\"https:\\\/\\\/www.cidademarketing.com.br\\\/marketing\\\/2021\\\/07\\\/29\\\/history-channel-e-jovem-pan-fecham-parceria-com-programacao-integrada\\\/#breadcrumb\"},\"inLanguage\":\"pt-BR\",\"potentialAction\":[{\"@type\":\"ReadAction\",\"target\":[\"https:\\\/\\\/www.cidademarketing.com.br\\\/marketing\\\/2021\\\/07\\\/29\\\/history-channel-e-jovem-pan-fecham-parceria-com-programacao-integrada\\\/\"]}]},{\"@type\":\"ImageObject\",\"inLanguage\":\"pt-BR\",\"@id\":\"https:\\\/\\\/www.cidademarketing.com.br\\\/marketing\\\/2021\\\/07\\\/29\\\/history-channel-e-jovem-pan-fecham-parceria-com-programacao-integrada\\\/#primaryimage\",\"url\":\"https:\\\/\\\/www.cidademarketing.com.br\\\/marketing\\\/wp-content\\\/uploads\\\/2021\\\/07\\\/a_e_networks.jpg\",\"contentUrl\":\"https:\\\/\\\/www.cidademarketing.com.br\\\/marketing\\\/wp-content\\\/uploads\\\/2021\\\/07\\\/a_e_networks.jpg\",\"width\":1200,\"height\":627},{\"@type\":\"BreadcrumbList\",\"@id\":\"https:\\\/\\\/www.cidademarketing.com.br\\\/marketing\\\/2021\\\/07\\\/29\\\/history-channel-e-jovem-pan-fecham-parceria-com-programacao-integrada\\\/#breadcrumb\",\"itemListElement\":[{\"@type\":\"ListItem\",\"position\":1,\"name\":\"In\u00edcio\",\"item\":\"https:\\\/\\\/www.cidademarketing.com.br\\\/marketing\\\/\"},{\"@type\":\"ListItem\",\"position\":2,\"name\":\"History Channel e Jovem Pan fecham parceria com programa\u00e7\u00e3o integrada\"}]},{\"@type\":\"WebSite\",\"@id\":\"https:\\\/\\\/www.cidademarketing.com.br\\\/marketing\\\/#website\",\"url\":\"https:\\\/\\\/www.cidademarketing.com.br\\\/marketing\\\/\",\"name\":\"CidadeMarketing\",\"description\":\"Somos um ve\u00edculo de comunica\u00e7\u00e3o de destaque no Brasil, reconhecido por conte\u00fados nos segmentos de marketing, empreendedorismo e inova\u00e7\u00e3o.\",\"publisher\":{\"@id\":\"https:\\\/\\\/www.cidademarketing.com.br\\\/marketing\\\/#organization\"},\"alternateName\":\"CidadeMarketing\",\"potentialAction\":[{\"@type\":\"SearchAction\",\"target\":{\"@type\":\"EntryPoint\",\"urlTemplate\":\"https:\\\/\\\/www.cidademarketing.com.br\\\/marketing\\\/?s={search_term_string}\"},\"query-input\":{\"@type\":\"PropertyValueSpecification\",\"valueRequired\":true,\"valueName\":\"search_term_string\"}}],\"inLanguage\":\"pt-BR\"},{\"@type\":\"Organization\",\"@id\":\"https:\\\/\\\/www.cidademarketing.com.br\\\/marketing\\\/#organization\",\"name\":\"CidadeMarketing\",\"alternateName\":\"CidadeMarketing\",\"url\":\"https:\\\/\\\/www.cidademarketing.com.br\\\/marketing\\\/\",\"logo\":{\"@type\":\"ImageObject\",\"inLanguage\":\"pt-BR\",\"@id\":\"https:\\\/\\\/www.cidademarketing.com.br\\\/marketing\\\/#\\\/schema\\\/logo\\\/image\\\/\",\"url\":\"https:\\\/\\\/www.cidademarketing.com.br\\\/marketing\\\/wp-content\\\/uploads\\\/2020\\\/01\\\/cidademarketing_marca_mobile.png\",\"contentUrl\":\"https:\\\/\\\/www.cidademarketing.com.br\\\/marketing\\\/wp-content\\\/uploads\\\/2020\\\/01\\\/cidademarketing_marca_mobile.png\",\"width\":230,\"height\":92,\"caption\":\"CidadeMarketing\"},\"image\":{\"@id\":\"https:\\\/\\\/www.cidademarketing.com.br\\\/marketing\\\/#\\\/schema\\\/logo\\\/image\\\/\"},\"sameAs\":[\"https:\\\/\\\/www.facebook.com\\\/portalcidademarketing\",\"https:\\\/\\\/x.com\\\/CidadeMarketing\",\"https:\\\/\\\/www.instagram.com\\\/cidademarketing\\\/\"]},{\"@type\":\"Person\",\"@id\":\"https:\\\/\\\/www.cidademarketing.com.br\\\/marketing\\\/#\\\/schema\\\/person\\\/02daff9f18bd9378c9e01eb6b2db155f\",\"name\":\"Thales Brand\u00e3o\",\"image\":{\"@type\":\"ImageObject\",\"inLanguage\":\"pt-BR\",\"@id\":\"https:\\\/\\\/secure.gravatar.com\\\/avatar\\\/7ca3206950207cc3cb48feec56a8a7898741ab725c368d99d5d7a5a50aab80c6?s=96&d=mm&r=g\",\"url\":\"https:\\\/\\\/secure.gravatar.com\\\/avatar\\\/7ca3206950207cc3cb48feec56a8a7898741ab725c368d99d5d7a5a50aab80c6?s=96&d=mm&r=g\",\"contentUrl\":\"https:\\\/\\\/secure.gravatar.com\\\/avatar\\\/7ca3206950207cc3cb48feec56a8a7898741ab725c368d99d5d7a5a50aab80c6?s=96&d=mm&r=g\",\"caption\":\"Thales Brand\u00e3o\"},\"description\":\"Editor Executivo do Portal CidadeMarketing.com.br &gt; Mestre em Comunica\u00e7\u00e3o e Sociedade pela Universidade Federal de Sergipe. Possui MBA Executivo em Administra\u00e7\u00e3o com \u00eanfase em Marketing pela Funda\u00e7\u00e3o Get\u00falio Vargas - Rio de Janeiro. Consultor, Palestrante e Pesquisador sobre Empreendedorismo, Marketing, Redes Sociais e Neg\u00f3cios Digitais. Professor, Palestrante TedxTalks e Campus Party. Twitter: @ThalesBrandao\",\"sameAs\":[\"http:\\\/\\\/www.mandacaru.com.br\",\"https:\\\/\\\/www.facebook.com\\\/thalesbrandao\",\"http:\\\/\\\/www.instagram.com.br\\\/thalesbrandaoferreira\",\"https:\\\/\\\/www.linkedin.com\\\/in\\\/thales-brand\u00e3o-3948609\\\/\",\"https:\\\/\\\/x.com\\\/http:\\\/\\\/www.twitter.com\\\/thalesbrandao\"],\"url\":\"https:\\\/\\\/www.cidademarketing.com.br\\\/marketing\\\/author\\\/thalesbrandao\\\/\"}]}<\/script>\n<!-- \/ Yoast SEO plugin. -->","yoast_head_json":{"title":"History Channel e Jovem Pan fecham parceria com programa\u00e7\u00e3o integrada - CidadeMarketing","robots":{"index":"index","follow":"follow","max-snippet":"max-snippet:-1","max-image-preview":"max-image-preview:large","max-video-preview":"max-video-preview:-1"},"canonical":"https:\/\/www.cidademarketing.com.br\/marketing\/2021\/07\/29\/history-channel-e-jovem-pan-fecham-parceria-com-programacao-integrada\/","og_locale":"pt_BR","og_type":"article","og_title":"History Channel e Jovem Pan fecham parceria com programa\u00e7\u00e3o integrada - CidadeMarketing","og_description":"O matinal jornal\u00edstico Jornal da Manh\u00e3, l\u00edder de audi\u00eancia na r\u00e1dio e com transmiss\u00e3o ao vivo, chega agora \u00e0 TV paga. A iniciativa, in\u00e9dita no segmento do audiovisual brasileiro, \u00e9 resultado de uma parceria entre o History Channel, do Grupo A+E Networks, e o Grupo Jovem Pan e come\u00e7a a valer no dia 3 de [&hellip;]","og_url":"https:\/\/www.cidademarketing.com.br\/marketing\/2021\/07\/29\/history-channel-e-jovem-pan-fecham-parceria-com-programacao-integrada\/","og_site_name":"CidadeMarketing","article_publisher":"https:\/\/www.facebook.com\/portalcidademarketing","article_author":"https:\/\/www.facebook.com\/thalesbrandao","article_published_time":"2021-07-30T02:28:55+00:00","article_modified_time":"2021-07-30T02:28:57+00:00","og_image":[{"width":1200,"height":627,"url":"https:\/\/www.cidademarketing.com.br\/marketing\/wp-content\/uploads\/2021\/07\/a_e_networks.jpg","type":"image\/jpeg"}],"author":"Thales Brand\u00e3o","twitter_card":"summary_large_image","twitter_creator":"@http:\/\/www.twitter.com\/thalesbrandao","twitter_site":"@CidadeMarketing","twitter_misc":{"Escrito por":"Thales Brand\u00e3o","Est. tempo de leitura":"5 minutos"},"schema":{"@context":"https:\/\/schema.org","@graph":[{"@type":"Article","@id":"https:\/\/www.cidademarketing.com.br\/marketing\/2021\/07\/29\/history-channel-e-jovem-pan-fecham-parceria-com-programacao-integrada\/#article","isPartOf":{"@id":"https:\/\/www.cidademarketing.com.br\/marketing\/2021\/07\/29\/history-channel-e-jovem-pan-fecham-parceria-com-programacao-integrada\/"},"author":{"name":"Thales Brand\u00e3o","@id":"https:\/\/www.cidademarketing.com.br\/marketing\/#\/schema\/person\/02daff9f18bd9378c9e01eb6b2db155f"},"headline":"History Channel e Jovem Pan fecham parceria com programa\u00e7\u00e3o integrada","datePublished":"2021-07-30T02:28:55+00:00","dateModified":"2021-07-30T02:28:57+00:00","mainEntityOfPage":{"@id":"https:\/\/www.cidademarketing.com.br\/marketing\/2021\/07\/29\/history-channel-e-jovem-pan-fecham-parceria-com-programacao-integrada\/"},"wordCount":973,"commentCount":0,"publisher":{"@id":"https:\/\/www.cidademarketing.com.br\/marketing\/#organization"},"image":{"@id":"https:\/\/www.cidademarketing.com.br\/marketing\/2021\/07\/29\/history-channel-e-jovem-pan-fecham-parceria-com-programacao-integrada\/#primaryimage"},"thumbnailUrl":"https:\/\/www.cidademarketing.com.br\/marketing\/wp-content\/uploads\/2021\/07\/a_e_networks.jpg","keywords":["comunica\u00e7\u00e3o","History Channel","marketing","parceria"],"articleSection":["Not\u00edcias"],"inLanguage":"pt-BR","potentialAction":[{"@type":"CommentAction","name":"Comment","target":["https:\/\/www.cidademarketing.com.br\/marketing\/2021\/07\/29\/history-channel-e-jovem-pan-fecham-parceria-com-programacao-integrada\/#respond"]}]},{"@type":"WebPage","@id":"https:\/\/www.cidademarketing.com.br\/marketing\/2021\/07\/29\/history-channel-e-jovem-pan-fecham-parceria-com-programacao-integrada\/","url":"https:\/\/www.cidademarketing.com.br\/marketing\/2021\/07\/29\/history-channel-e-jovem-pan-fecham-parceria-com-programacao-integrada\/","name":"History Channel e Jovem Pan fecham parceria com programa\u00e7\u00e3o integrada - CidadeMarketing","isPartOf":{"@id":"https:\/\/www.cidademarketing.com.br\/marketing\/#website"},"primaryImageOfPage":{"@id":"https:\/\/www.cidademarketing.com.br\/marketing\/2021\/07\/29\/history-channel-e-jovem-pan-fecham-parceria-com-programacao-integrada\/#primaryimage"},"image":{"@id":"https:\/\/www.cidademarketing.com.br\/marketing\/2021\/07\/29\/history-channel-e-jovem-pan-fecham-parceria-com-programacao-integrada\/#primaryimage"},"thumbnailUrl":"https:\/\/www.cidademarketing.com.br\/marketing\/wp-content\/uploads\/2021\/07\/a_e_networks.jpg","datePublished":"2021-07-30T02:28:55+00:00","dateModified":"2021-07-30T02:28:57+00:00","breadcrumb":{"@id":"https:\/\/www.cidademarketing.com.br\/marketing\/2021\/07\/29\/history-channel-e-jovem-pan-fecham-parceria-com-programacao-integrada\/#breadcrumb"},"inLanguage":"pt-BR","potentialAction":[{"@type":"ReadAction","target":["https:\/\/www.cidademarketing.com.br\/marketing\/2021\/07\/29\/history-channel-e-jovem-pan-fecham-parceria-com-programacao-integrada\/"]}]},{"@type":"ImageObject","inLanguage":"pt-BR","@id":"https:\/\/www.cidademarketing.com.br\/marketing\/2021\/07\/29\/history-channel-e-jovem-pan-fecham-parceria-com-programacao-integrada\/#primaryimage","url":"https:\/\/www.cidademarketing.com.br\/marketing\/wp-content\/uploads\/2021\/07\/a_e_networks.jpg","contentUrl":"https:\/\/www.cidademarketing.com.br\/marketing\/wp-content\/uploads\/2021\/07\/a_e_networks.jpg","width":1200,"height":627},{"@type":"BreadcrumbList","@id":"https:\/\/www.cidademarketing.com.br\/marketing\/2021\/07\/29\/history-channel-e-jovem-pan-fecham-parceria-com-programacao-integrada\/#breadcrumb","itemListElement":[{"@type":"ListItem","position":1,"name":"In\u00edcio","item":"https:\/\/www.cidademarketing.com.br\/marketing\/"},{"@type":"ListItem","position":2,"name":"History Channel e Jovem Pan fecham parceria com programa\u00e7\u00e3o integrada"}]},{"@type":"WebSite","@id":"https:\/\/www.cidademarketing.com.br\/marketing\/#website","url":"https:\/\/www.cidademarketing.com.br\/marketing\/","name":"CidadeMarketing","description":"Somos um ve\u00edculo de comunica\u00e7\u00e3o de destaque no Brasil, reconhecido por conte\u00fados nos segmentos de marketing, empreendedorismo e inova\u00e7\u00e3o.","publisher":{"@id":"https:\/\/www.cidademarketing.com.br\/marketing\/#organization"},"alternateName":"CidadeMarketing","potentialAction":[{"@type":"SearchAction","target":{"@type":"EntryPoint","urlTemplate":"https:\/\/www.cidademarketing.com.br\/marketing\/?s={search_term_string}"},"query-input":{"@type":"PropertyValueSpecification","valueRequired":true,"valueName":"search_term_string"}}],"inLanguage":"pt-BR"},{"@type":"Organization","@id":"https:\/\/www.cidademarketing.com.br\/marketing\/#organization","name":"CidadeMarketing","alternateName":"CidadeMarketing","url":"https:\/\/www.cidademarketing.com.br\/marketing\/","logo":{"@type":"ImageObject","inLanguage":"pt-BR","@id":"https:\/\/www.cidademarketing.com.br\/marketing\/#\/schema\/logo\/image\/","url":"https:\/\/www.cidademarketing.com.br\/marketing\/wp-content\/uploads\/2020\/01\/cidademarketing_marca_mobile.png","contentUrl":"https:\/\/www.cidademarketing.com.br\/marketing\/wp-content\/uploads\/2020\/01\/cidademarketing_marca_mobile.png","width":230,"height":92,"caption":"CidadeMarketing"},"image":{"@id":"https:\/\/www.cidademarketing.com.br\/marketing\/#\/schema\/logo\/image\/"},"sameAs":["https:\/\/www.facebook.com\/portalcidademarketing","https:\/\/x.com\/CidadeMarketing","https:\/\/www.instagram.com\/cidademarketing\/"]},{"@type":"Person","@id":"https:\/\/www.cidademarketing.com.br\/marketing\/#\/schema\/person\/02daff9f18bd9378c9e01eb6b2db155f","name":"Thales Brand\u00e3o","image":{"@type":"ImageObject","inLanguage":"pt-BR","@id":"https:\/\/secure.gravatar.com\/avatar\/7ca3206950207cc3cb48feec56a8a7898741ab725c368d99d5d7a5a50aab80c6?s=96&d=mm&r=g","url":"https:\/\/secure.gravatar.com\/avatar\/7ca3206950207cc3cb48feec56a8a7898741ab725c368d99d5d7a5a50aab80c6?s=96&d=mm&r=g","contentUrl":"https:\/\/secure.gravatar.com\/avatar\/7ca3206950207cc3cb48feec56a8a7898741ab725c368d99d5d7a5a50aab80c6?s=96&d=mm&r=g","caption":"Thales Brand\u00e3o"},"description":"Editor Executivo do Portal CidadeMarketing.com.br &gt; Mestre em Comunica\u00e7\u00e3o e Sociedade pela Universidade Federal de Sergipe. Possui MBA Executivo em Administra\u00e7\u00e3o com \u00eanfase em Marketing pela Funda\u00e7\u00e3o Get\u00falio Vargas - Rio de Janeiro. Consultor, Palestrante e Pesquisador sobre Empreendedorismo, Marketing, Redes Sociais e Neg\u00f3cios Digitais. Professor, Palestrante TedxTalks e Campus Party. Twitter: @ThalesBrandao","sameAs":["http:\/\/www.mandacaru.com.br","https:\/\/www.facebook.com\/thalesbrandao","http:\/\/www.instagram.com.br\/thalesbrandaoferreira","https:\/\/www.linkedin.com\/in\/thales-brand\u00e3o-3948609\/","https:\/\/x.com\/http:\/\/www.twitter.com\/thalesbrandao"],"url":"https:\/\/www.cidademarketing.com.br\/marketing\/author\/thalesbrandao\/"}]}},"amp_enabled":true,"_links":{"self":[{"href":"https:\/\/www.cidademarketing.com.br\/marketing\/wp-json\/wp\/v2\/posts\/26398","targetHints":{"allow":["GET"]}}],"collection":[{"href":"https:\/\/www.cidademarketing.com.br\/marketing\/wp-json\/wp\/v2\/posts"}],"about":[{"href":"https:\/\/www.cidademarketing.com.br\/marketing\/wp-json\/wp\/v2\/types\/post"}],"author":[{"embeddable":true,"href":"https:\/\/www.cidademarketing.com.br\/marketing\/wp-json\/wp\/v2\/users\/1"}],"replies":[{"embeddable":true,"href":"https:\/\/www.cidademarketing.com.br\/marketing\/wp-json\/wp\/v2\/comments?post=26398"}],"version-history":[{"count":1,"href":"https:\/\/www.cidademarketing.com.br\/marketing\/wp-json\/wp\/v2\/posts\/26398\/revisions"}],"predecessor-version":[{"id":26400,"href":"https:\/\/www.cidademarketing.com.br\/marketing\/wp-json\/wp\/v2\/posts\/26398\/revisions\/26400"}],"wp:featuredmedia":[{"embeddable":true,"href":"https:\/\/www.cidademarketing.com.br\/marketing\/wp-json\/wp\/v2\/media\/26399"}],"wp:attachment":[{"href":"https:\/\/www.cidademarketing.com.br\/marketing\/wp-json\/wp\/v2\/media?parent=26398"}],"wp:term":[{"taxonomy":"category","embeddable":true,"href":"https:\/\/www.cidademarketing.com.br\/marketing\/wp-json\/wp\/v2\/categories?post=26398"},{"taxonomy":"post_tag","embeddable":true,"href":"https:\/\/www.cidademarketing.com.br\/marketing\/wp-json\/wp\/v2\/tags?post=26398"}],"curies":[{"name":"wp","href":"https:\/\/api.w.org\/{rel}","templated":true}]}}