{"id":26360,"date":"2021-07-29T17:46:57","date_gmt":"2021-07-29T20:46:57","guid":{"rendered":"https:\/\/www.cidademarketing.com.br\/marketing\/?p=26360"},"modified":"2021-07-29T17:47:00","modified_gmt":"2021-07-29T20:47:00","slug":"abertura-das-comemoracoes-pelos-70-anos-da-radio-itatiaia-tem-homenagem-a-emanuel-e-januario-carneiro","status":"publish","type":"post","link":"https:\/\/www.cidademarketing.com.br\/marketing\/2021\/07\/29\/abertura-das-comemoracoes-pelos-70-anos-da-radio-itatiaia-tem-homenagem-a-emanuel-e-januario-carneiro\/","title":{"rendered":"Abertura das comemora\u00e7\u00f5es pelos 70 anos da R\u00e1dio Itatiaia tem homenagem a Emanuel e Janu\u00e1rio Carneiro"},"content":{"rendered":"\n<p>A R\u00e1dio Itatiaia deu in\u00edcio nesta quinta-feira, 29 de julho, \u00e0s comemora\u00e7\u00f5es pelos seus 70 anos, celebrados em janeiro de 2022, com homenagens a dois grandes nomes da hist\u00f3ria da emissora:&nbsp; Janu\u00e1rio Carneiro, fundador da empresa, falecido em 1994, e Emanuel Carneiro, que acaba de entregar o comando da Itatiaia ao novo presidente Diogo Gon\u00e7alves, ap\u00f3s quase 30 anos. Alcan\u00e7ando cerca de 800 dos 853 munic\u00edpios de Minas, a Itatiaia est\u00e1 entre as maiores emissoras do r\u00e1dio brasileiro.<\/p>\n\n\n\n<p>A partir de agora, a sede da emissora, no bairro Bonfim, em Belo Horizonte, passa a se chamar <strong>\u201cJanu\u00e1rio Carneiro\u201d.<\/strong> Uma placa comemorativa foi inaugurada na entrada da emissora. J\u00e1 o est\u00fadio principal da r\u00e1dio, por onde s\u00e3o feitas as grandes transmiss\u00f5es do Jornalismo e do Esporte, ganhou o nome de <strong>\u201cEst\u00fadio Emanuel Soares Carneiro\u201d. <\/strong>O espa\u00e7o, refer\u00eancia no jornalismo nacional, tamb\u00e9m passa a ter uma placa em homenagem a Emanuel. Funcion\u00e1rios da empresa acompanharam a cerim\u00f4nia.<\/p>\n\n\n\n<p><\/p>\n\n\n\n<figure class=\"wp-block-gallery columns-2 is-cropped wp-block-gallery-1 is-layout-flex wp-block-gallery-is-layout-flex\"><ul class=\"blocks-gallery-grid\"><li class=\"blocks-gallery-item\"><figure><img fetchpriority=\"high\" decoding=\"async\" width=\"1024\" height=\"768\" src=\"https:\/\/www.cidademarketing.com.br\/marketing\/wp-content\/uploads\/2021\/07\/radio_itatiaia_02-1024x768.jpg\" alt=\"\" data-id=\"26361\" data-full-url=\"https:\/\/www.cidademarketing.com.br\/marketing\/wp-content\/uploads\/2021\/07\/radio_itatiaia_02.jpg\" data-link=\"https:\/\/www.cidademarketing.com.br\/marketing\/?attachment_id=26361\" class=\"wp-image-26361\" srcset=\"https:\/\/www.cidademarketing.com.br\/marketing\/wp-content\/uploads\/2021\/07\/radio_itatiaia_02-1024x768.jpg 1024w, https:\/\/www.cidademarketing.com.br\/marketing\/wp-content\/uploads\/2021\/07\/radio_itatiaia_02-300x225.jpg 300w, https:\/\/www.cidademarketing.com.br\/marketing\/wp-content\/uploads\/2021\/07\/radio_itatiaia_02-768x576.jpg 768w, https:\/\/www.cidademarketing.com.br\/marketing\/wp-content\/uploads\/2021\/07\/radio_itatiaia_02-560x420.jpg 560w, https:\/\/www.cidademarketing.com.br\/marketing\/wp-content\/uploads\/2021\/07\/radio_itatiaia_02-80x60.jpg 80w, https:\/\/www.cidademarketing.com.br\/marketing\/wp-content\/uploads\/2021\/07\/radio_itatiaia_02-100x75.jpg 100w, https:\/\/www.cidademarketing.com.br\/marketing\/wp-content\/uploads\/2021\/07\/radio_itatiaia_02-180x135.jpg 180w, https:\/\/www.cidademarketing.com.br\/marketing\/wp-content\/uploads\/2021\/07\/radio_itatiaia_02-238x178.jpg 238w, https:\/\/www.cidademarketing.com.br\/marketing\/wp-content\/uploads\/2021\/07\/radio_itatiaia_02-265x198.jpg 265w, https:\/\/www.cidademarketing.com.br\/marketing\/wp-content\/uploads\/2021\/07\/radio_itatiaia_02-640x480.jpg 640w, https:\/\/www.cidademarketing.com.br\/marketing\/wp-content\/uploads\/2021\/07\/radio_itatiaia_02-681x511.jpg 681w, https:\/\/www.cidademarketing.com.br\/marketing\/wp-content\/uploads\/2021\/07\/radio_itatiaia_02.jpg 1280w\" sizes=\"(max-width: 1024px) 100vw, 1024px\" \/><\/figure><\/li><li class=\"blocks-gallery-item\"><figure><img decoding=\"async\" width=\"1024\" height=\"768\" src=\"https:\/\/www.cidademarketing.com.br\/marketing\/wp-content\/uploads\/2021\/07\/radio_itatiaia_03-1024x768.jpg\" alt=\"\" data-id=\"26362\" data-full-url=\"https:\/\/www.cidademarketing.com.br\/marketing\/wp-content\/uploads\/2021\/07\/radio_itatiaia_03.jpg\" data-link=\"https:\/\/www.cidademarketing.com.br\/marketing\/?attachment_id=26362\" class=\"wp-image-26362\" srcset=\"https:\/\/www.cidademarketing.com.br\/marketing\/wp-content\/uploads\/2021\/07\/radio_itatiaia_03-1024x768.jpg 1024w, https:\/\/www.cidademarketing.com.br\/marketing\/wp-content\/uploads\/2021\/07\/radio_itatiaia_03-300x225.jpg 300w, https:\/\/www.cidademarketing.com.br\/marketing\/wp-content\/uploads\/2021\/07\/radio_itatiaia_03-768x576.jpg 768w, https:\/\/www.cidademarketing.com.br\/marketing\/wp-content\/uploads\/2021\/07\/radio_itatiaia_03-560x420.jpg 560w, https:\/\/www.cidademarketing.com.br\/marketing\/wp-content\/uploads\/2021\/07\/radio_itatiaia_03-80x60.jpg 80w, https:\/\/www.cidademarketing.com.br\/marketing\/wp-content\/uploads\/2021\/07\/radio_itatiaia_03-100x75.jpg 100w, https:\/\/www.cidademarketing.com.br\/marketing\/wp-content\/uploads\/2021\/07\/radio_itatiaia_03-180x135.jpg 180w, https:\/\/www.cidademarketing.com.br\/marketing\/wp-content\/uploads\/2021\/07\/radio_itatiaia_03-238x178.jpg 238w, https:\/\/www.cidademarketing.com.br\/marketing\/wp-content\/uploads\/2021\/07\/radio_itatiaia_03-265x198.jpg 265w, https:\/\/www.cidademarketing.com.br\/marketing\/wp-content\/uploads\/2021\/07\/radio_itatiaia_03-640x480.jpg 640w, https:\/\/www.cidademarketing.com.br\/marketing\/wp-content\/uploads\/2021\/07\/radio_itatiaia_03-681x511.jpg 681w, https:\/\/www.cidademarketing.com.br\/marketing\/wp-content\/uploads\/2021\/07\/radio_itatiaia_03.jpg 1280w\" sizes=\"(max-width: 1024px) 100vw, 1024px\" \/><\/figure><\/li><\/ul><\/figure>\n\n\n\n<p><\/p>\n\n\n\n<p>A abertura das comemora\u00e7\u00f5es pelos 70 anos da Itatiaia foi feita, ao vivo, no R\u00e1dio Vivo, programa comandado por Jos\u00e9 Lino Souza Barros. Durante sua participa\u00e7\u00e3o na transmiss\u00e3o, Diogo Gon\u00e7alves anunciou o lan\u00e7amento do projeto Mem\u00f3ria Itatiaia, um novo canal no site da emissora (<a href=\"http:\/\/www.itatiaia.com.br\">www.itatiaia.com.br<\/a>), onde os f\u00e3s da r\u00e1dio poder\u00e3o conhecer a biografia dos principais nomes da emissora. A comemora\u00e7\u00e3o pelos 70 anos da R\u00e1dio de Minas, como a Itatiaia \u00e9 conhecida do p\u00fablico, est\u00e1 prevista para durar at\u00e9 julho de 2022 e vai contar ainda com lan\u00e7amento de livro, document\u00e1rio e programa\u00e7\u00f5es especiais na emissora.<\/p>\n\n\n\n<p>&nbsp;\u201cVamos, ao longo de um ano, ter v\u00e1rios momentos de homenagens pelos 70 anos da r\u00e1dio. Nosso ouvinte vai viver o ano conosco porque essas sete d\u00e9cadas foram constru\u00eddas com todos que ouvem a r\u00e1dio. Estamos lan\u00e7ando um canal no nosso site que, ao longo de um ano, ser\u00e1 alimentado com as biografias das pessoas que escreveram a nossa hist\u00f3ria. Mas \u00e9 s\u00f3 o come\u00e7o. Hoje demos in\u00edcio com a inaugura\u00e7\u00e3o que vem honrar nosso fundador. De agora em diante, quem entrar e sair da r\u00e1dio vai lembrar quem come\u00e7ou isso tudo e a quem devemos gratid\u00e3o pelo feito, Janu\u00e1rio Carneiro\u201d, comentou Diogo Gon\u00e7alves, na cerim\u00f4nia.<\/p>\n\n\n\n<p>O novo presidente tamb\u00e9m destacou a admira\u00e7\u00e3o pelo antecessor. \u201cA partir de agora, a Itatiaia chega ao ouvinte pelo Est\u00fadio Emanuel Soares Carneiro, que \u00e9 o cora\u00e7\u00e3o da emissora. E o nosso cora\u00e7\u00e3o para sempre carregar\u00e1 o nome do homem que \u00e9 amado por todos aqui, que serve de inspira\u00e7\u00e3o e que nunca ser\u00e1 esquecido pelo que fez e pelo que \u00e9\u201d.<\/p>\n\n\n\n<p>Bastante emocionado, Emanuel Carneiro agradeceu pelas homenagens e dedicou o sucesso da hist\u00f3ria da Itatiaia ao longo desses 70 anos a todos os funcion\u00e1rios. \u201cA Itatiaia tem uma hist\u00f3ria muito honesta e com credibilidade. Ela fez o seu trabalho com o talento de seus funcion\u00e1rios. \u00c9 isso que estamos passando para as pr\u00f3ximas gera\u00e7\u00f5es\u201d, comentou.<\/p>\n\n\n\n<p>Ao falar da hist\u00f3ria da emissora, Diogo Gon\u00e7alves destacou o papel da Itatiaia no cotidiano dos ouvintes. \u201cAlgumas percep\u00e7\u00f5es maravilhosas eu j\u00e1 tive ao longo desses 72 dias no comando da r\u00e1dio: os mineiros se sentem donos da Itatiaia e percebo no carinho das pessoas o quanto a r\u00e1dio \u00e9 querida. A frase mais ouvida: \u2018deu na Itatiaia\u2019 prova a nossa credibilidade. O que mais me chama aten\u00e7\u00e3o \u00e9 o sentimento de pertencimento dos mineiros pela Itatiaia\u201d.<\/p>\n\n\n\n<p>O novo presidente da emissora destacou ainda o legado constru\u00eddo at\u00e9 aqui e garantiu que os pr\u00f3ximos anos ser\u00e3o de muito trabalho para levar cada vez mais inova\u00e7\u00e3o \u00e0 Itatiaia. \u201cSabemos da necessidade de estarmos sempre \u00e0 frente, pensando na r\u00e1dio do futuro. N\u00f3s seremos sempre a R\u00e1dio de Minas\u201d, afirmou.<\/p>\n","protected":false},"excerpt":{"rendered":"<p>A R\u00e1dio Itatiaia deu in\u00edcio nesta quinta-feira, 29 de julho, \u00e0s comemora\u00e7\u00f5es pelos seus 70 anos, celebrados em janeiro de 2022, com homenagens a dois grandes nomes da hist\u00f3ria da emissora:&nbsp; Janu\u00e1rio Carneiro, fundador da empresa, falecido em 1994, e Emanuel Carneiro, que acaba de entregar o comando da Itatiaia ao novo presidente Diogo Gon\u00e7alves, [&hellip;]<\/p>\n","protected":false},"author":1,"featured_media":26363,"comment_status":"open","ping_status":"open","sticky":false,"template":"","format":"standard","meta":{"tdm_status":"","tdm_grid_status":"","footnotes":""},"categories":[6],"tags":[33,28,444,3853],"class_list":["post-26360","post","type-post","status-publish","format-standard","has-post-thumbnail","hentry","category-noticias","tag-estrategia","tag-marketing","tag-radio","tag-radio-itatiaia"],"yoast_head":"<!-- This site is optimized with the Yoast SEO plugin v27.5 - https:\/\/yoast.com\/product\/yoast-seo-wordpress\/ -->\n<title>Abertura das comemora\u00e7\u00f5es pelos 70 anos da R\u00e1dio Itatiaia tem homenagem a Emanuel e Janu\u00e1rio Carneiro - CidadeMarketing<\/title>\n<meta name=\"robots\" content=\"index, follow, max-snippet:-1, max-image-preview:large, max-video-preview:-1\" \/>\n<link rel=\"canonical\" href=\"https:\/\/www.cidademarketing.com.br\/marketing\/2021\/07\/29\/abertura-das-comemoracoes-pelos-70-anos-da-radio-itatiaia-tem-homenagem-a-emanuel-e-januario-carneiro\/\" \/>\n<meta property=\"og:locale\" content=\"pt_BR\" \/>\n<meta property=\"og:type\" content=\"article\" \/>\n<meta property=\"og:title\" content=\"Abertura das comemora\u00e7\u00f5es pelos 70 anos da R\u00e1dio Itatiaia tem homenagem a Emanuel e Janu\u00e1rio Carneiro - CidadeMarketing\" \/>\n<meta property=\"og:description\" content=\"A R\u00e1dio Itatiaia deu in\u00edcio nesta quinta-feira, 29 de julho, \u00e0s comemora\u00e7\u00f5es pelos seus 70 anos, celebrados em janeiro de 2022, com homenagens a dois grandes nomes da hist\u00f3ria da emissora:&nbsp; Janu\u00e1rio Carneiro, fundador da empresa, falecido em 1994, e Emanuel Carneiro, que acaba de entregar o comando da Itatiaia ao novo presidente Diogo Gon\u00e7alves, [&hellip;]\" \/>\n<meta property=\"og:url\" content=\"https:\/\/www.cidademarketing.com.br\/marketing\/2021\/07\/29\/abertura-das-comemoracoes-pelos-70-anos-da-radio-itatiaia-tem-homenagem-a-emanuel-e-januario-carneiro\/\" \/>\n<meta property=\"og:site_name\" content=\"CidadeMarketing\" \/>\n<meta property=\"article:publisher\" content=\"https:\/\/www.facebook.com\/portalcidademarketing\" \/>\n<meta property=\"article:author\" content=\"https:\/\/www.facebook.com\/thalesbrandao\" \/>\n<meta property=\"article:published_time\" content=\"2021-07-29T20:46:57+00:00\" \/>\n<meta property=\"article:modified_time\" content=\"2021-07-29T20:47:00+00:00\" \/>\n<meta property=\"og:image\" content=\"https:\/\/www.cidademarketing.com.br\/marketing\/wp-content\/uploads\/2021\/07\/radio_itatiaia_04.jpg\" \/>\n\t<meta property=\"og:image:width\" content=\"1280\" \/>\n\t<meta property=\"og:image:height\" content=\"960\" \/>\n\t<meta property=\"og:image:type\" content=\"image\/jpeg\" \/>\n<meta name=\"author\" content=\"Thales Brand\u00e3o\" \/>\n<meta name=\"twitter:card\" content=\"summary_large_image\" \/>\n<meta name=\"twitter:creator\" content=\"@http:\/\/www.twitter.com\/thalesbrandao\" \/>\n<meta name=\"twitter:site\" content=\"@CidadeMarketing\" \/>\n<meta name=\"twitter:label1\" content=\"Escrito por\" \/>\n\t<meta name=\"twitter:data1\" content=\"Thales Brand\u00e3o\" \/>\n\t<meta name=\"twitter:label2\" content=\"Est. tempo de leitura\" \/>\n\t<meta name=\"twitter:data2\" content=\"3 minutos\" \/>\n<script type=\"application\/ld+json\" class=\"yoast-schema-graph\">{\"@context\":\"https:\\\/\\\/schema.org\",\"@graph\":[{\"@type\":\"Article\",\"@id\":\"https:\\\/\\\/www.cidademarketing.com.br\\\/marketing\\\/2021\\\/07\\\/29\\\/abertura-das-comemoracoes-pelos-70-anos-da-radio-itatiaia-tem-homenagem-a-emanuel-e-januario-carneiro\\\/#article\",\"isPartOf\":{\"@id\":\"https:\\\/\\\/www.cidademarketing.com.br\\\/marketing\\\/2021\\\/07\\\/29\\\/abertura-das-comemoracoes-pelos-70-anos-da-radio-itatiaia-tem-homenagem-a-emanuel-e-januario-carneiro\\\/\"},\"author\":{\"name\":\"Thales Brand\u00e3o\",\"@id\":\"https:\\\/\\\/www.cidademarketing.com.br\\\/marketing\\\/#\\\/schema\\\/person\\\/02daff9f18bd9378c9e01eb6b2db155f\"},\"headline\":\"Abertura das comemora\u00e7\u00f5es pelos 70 anos da R\u00e1dio Itatiaia tem homenagem a Emanuel e Janu\u00e1rio Carneiro\",\"datePublished\":\"2021-07-29T20:46:57+00:00\",\"dateModified\":\"2021-07-29T20:47:00+00:00\",\"mainEntityOfPage\":{\"@id\":\"https:\\\/\\\/www.cidademarketing.com.br\\\/marketing\\\/2021\\\/07\\\/29\\\/abertura-das-comemoracoes-pelos-70-anos-da-radio-itatiaia-tem-homenagem-a-emanuel-e-januario-carneiro\\\/\"},\"wordCount\":681,\"commentCount\":0,\"publisher\":{\"@id\":\"https:\\\/\\\/www.cidademarketing.com.br\\\/marketing\\\/#organization\"},\"image\":{\"@id\":\"https:\\\/\\\/www.cidademarketing.com.br\\\/marketing\\\/2021\\\/07\\\/29\\\/abertura-das-comemoracoes-pelos-70-anos-da-radio-itatiaia-tem-homenagem-a-emanuel-e-januario-carneiro\\\/#primaryimage\"},\"thumbnailUrl\":\"https:\\\/\\\/www.cidademarketing.com.br\\\/marketing\\\/wp-content\\\/uploads\\\/2021\\\/07\\\/radio_itatiaia_04.jpg\",\"keywords\":[\"estrat\u00e9gia\",\"marketing\",\"R\u00e1dio\",\"R\u00e1dio Itatiaia\"],\"articleSection\":[\"Not\u00edcias\"],\"inLanguage\":\"pt-BR\",\"potentialAction\":[{\"@type\":\"CommentAction\",\"name\":\"Comment\",\"target\":[\"https:\\\/\\\/www.cidademarketing.com.br\\\/marketing\\\/2021\\\/07\\\/29\\\/abertura-das-comemoracoes-pelos-70-anos-da-radio-itatiaia-tem-homenagem-a-emanuel-e-januario-carneiro\\\/#respond\"]}]},{\"@type\":\"WebPage\",\"@id\":\"https:\\\/\\\/www.cidademarketing.com.br\\\/marketing\\\/2021\\\/07\\\/29\\\/abertura-das-comemoracoes-pelos-70-anos-da-radio-itatiaia-tem-homenagem-a-emanuel-e-januario-carneiro\\\/\",\"url\":\"https:\\\/\\\/www.cidademarketing.com.br\\\/marketing\\\/2021\\\/07\\\/29\\\/abertura-das-comemoracoes-pelos-70-anos-da-radio-itatiaia-tem-homenagem-a-emanuel-e-januario-carneiro\\\/\",\"name\":\"Abertura das comemora\u00e7\u00f5es pelos 70 anos da R\u00e1dio Itatiaia tem homenagem a Emanuel e Janu\u00e1rio Carneiro - CidadeMarketing\",\"isPartOf\":{\"@id\":\"https:\\\/\\\/www.cidademarketing.com.br\\\/marketing\\\/#website\"},\"primaryImageOfPage\":{\"@id\":\"https:\\\/\\\/www.cidademarketing.com.br\\\/marketing\\\/2021\\\/07\\\/29\\\/abertura-das-comemoracoes-pelos-70-anos-da-radio-itatiaia-tem-homenagem-a-emanuel-e-januario-carneiro\\\/#primaryimage\"},\"image\":{\"@id\":\"https:\\\/\\\/www.cidademarketing.com.br\\\/marketing\\\/2021\\\/07\\\/29\\\/abertura-das-comemoracoes-pelos-70-anos-da-radio-itatiaia-tem-homenagem-a-emanuel-e-januario-carneiro\\\/#primaryimage\"},\"thumbnailUrl\":\"https:\\\/\\\/www.cidademarketing.com.br\\\/marketing\\\/wp-content\\\/uploads\\\/2021\\\/07\\\/radio_itatiaia_04.jpg\",\"datePublished\":\"2021-07-29T20:46:57+00:00\",\"dateModified\":\"2021-07-29T20:47:00+00:00\",\"breadcrumb\":{\"@id\":\"https:\\\/\\\/www.cidademarketing.com.br\\\/marketing\\\/2021\\\/07\\\/29\\\/abertura-das-comemoracoes-pelos-70-anos-da-radio-itatiaia-tem-homenagem-a-emanuel-e-januario-carneiro\\\/#breadcrumb\"},\"inLanguage\":\"pt-BR\",\"potentialAction\":[{\"@type\":\"ReadAction\",\"target\":[\"https:\\\/\\\/www.cidademarketing.com.br\\\/marketing\\\/2021\\\/07\\\/29\\\/abertura-das-comemoracoes-pelos-70-anos-da-radio-itatiaia-tem-homenagem-a-emanuel-e-januario-carneiro\\\/\"]}]},{\"@type\":\"ImageObject\",\"inLanguage\":\"pt-BR\",\"@id\":\"https:\\\/\\\/www.cidademarketing.com.br\\\/marketing\\\/2021\\\/07\\\/29\\\/abertura-das-comemoracoes-pelos-70-anos-da-radio-itatiaia-tem-homenagem-a-emanuel-e-januario-carneiro\\\/#primaryimage\",\"url\":\"https:\\\/\\\/www.cidademarketing.com.br\\\/marketing\\\/wp-content\\\/uploads\\\/2021\\\/07\\\/radio_itatiaia_04.jpg\",\"contentUrl\":\"https:\\\/\\\/www.cidademarketing.com.br\\\/marketing\\\/wp-content\\\/uploads\\\/2021\\\/07\\\/radio_itatiaia_04.jpg\",\"width\":1280,\"height\":960},{\"@type\":\"BreadcrumbList\",\"@id\":\"https:\\\/\\\/www.cidademarketing.com.br\\\/marketing\\\/2021\\\/07\\\/29\\\/abertura-das-comemoracoes-pelos-70-anos-da-radio-itatiaia-tem-homenagem-a-emanuel-e-januario-carneiro\\\/#breadcrumb\",\"itemListElement\":[{\"@type\":\"ListItem\",\"position\":1,\"name\":\"In\u00edcio\",\"item\":\"https:\\\/\\\/www.cidademarketing.com.br\\\/marketing\\\/\"},{\"@type\":\"ListItem\",\"position\":2,\"name\":\"Abertura das comemora\u00e7\u00f5es pelos 70 anos da R\u00e1dio Itatiaia tem homenagem a Emanuel e Janu\u00e1rio Carneiro\"}]},{\"@type\":\"WebSite\",\"@id\":\"https:\\\/\\\/www.cidademarketing.com.br\\\/marketing\\\/#website\",\"url\":\"https:\\\/\\\/www.cidademarketing.com.br\\\/marketing\\\/\",\"name\":\"CidadeMarketing\",\"description\":\"Somos um ve\u00edculo de comunica\u00e7\u00e3o de destaque no Brasil, reconhecido por conte\u00fados nos segmentos de marketing, empreendedorismo e inova\u00e7\u00e3o.\",\"publisher\":{\"@id\":\"https:\\\/\\\/www.cidademarketing.com.br\\\/marketing\\\/#organization\"},\"alternateName\":\"CidadeMarketing\",\"potentialAction\":[{\"@type\":\"SearchAction\",\"target\":{\"@type\":\"EntryPoint\",\"urlTemplate\":\"https:\\\/\\\/www.cidademarketing.com.br\\\/marketing\\\/?s={search_term_string}\"},\"query-input\":{\"@type\":\"PropertyValueSpecification\",\"valueRequired\":true,\"valueName\":\"search_term_string\"}}],\"inLanguage\":\"pt-BR\"},{\"@type\":\"Organization\",\"@id\":\"https:\\\/\\\/www.cidademarketing.com.br\\\/marketing\\\/#organization\",\"name\":\"CidadeMarketing\",\"alternateName\":\"CidadeMarketing\",\"url\":\"https:\\\/\\\/www.cidademarketing.com.br\\\/marketing\\\/\",\"logo\":{\"@type\":\"ImageObject\",\"inLanguage\":\"pt-BR\",\"@id\":\"https:\\\/\\\/www.cidademarketing.com.br\\\/marketing\\\/#\\\/schema\\\/logo\\\/image\\\/\",\"url\":\"https:\\\/\\\/www.cidademarketing.com.br\\\/marketing\\\/wp-content\\\/uploads\\\/2020\\\/01\\\/cidademarketing_marca_mobile.png\",\"contentUrl\":\"https:\\\/\\\/www.cidademarketing.com.br\\\/marketing\\\/wp-content\\\/uploads\\\/2020\\\/01\\\/cidademarketing_marca_mobile.png\",\"width\":230,\"height\":92,\"caption\":\"CidadeMarketing\"},\"image\":{\"@id\":\"https:\\\/\\\/www.cidademarketing.com.br\\\/marketing\\\/#\\\/schema\\\/logo\\\/image\\\/\"},\"sameAs\":[\"https:\\\/\\\/www.facebook.com\\\/portalcidademarketing\",\"https:\\\/\\\/x.com\\\/CidadeMarketing\",\"https:\\\/\\\/www.instagram.com\\\/cidademarketing\\\/\"]},{\"@type\":\"Person\",\"@id\":\"https:\\\/\\\/www.cidademarketing.com.br\\\/marketing\\\/#\\\/schema\\\/person\\\/02daff9f18bd9378c9e01eb6b2db155f\",\"name\":\"Thales Brand\u00e3o\",\"image\":{\"@type\":\"ImageObject\",\"inLanguage\":\"pt-BR\",\"@id\":\"https:\\\/\\\/secure.gravatar.com\\\/avatar\\\/7ca3206950207cc3cb48feec56a8a7898741ab725c368d99d5d7a5a50aab80c6?s=96&d=mm&r=g\",\"url\":\"https:\\\/\\\/secure.gravatar.com\\\/avatar\\\/7ca3206950207cc3cb48feec56a8a7898741ab725c368d99d5d7a5a50aab80c6?s=96&d=mm&r=g\",\"contentUrl\":\"https:\\\/\\\/secure.gravatar.com\\\/avatar\\\/7ca3206950207cc3cb48feec56a8a7898741ab725c368d99d5d7a5a50aab80c6?s=96&d=mm&r=g\",\"caption\":\"Thales Brand\u00e3o\"},\"description\":\"Editor Executivo do Portal CidadeMarketing.com.br &gt; Mestre em Comunica\u00e7\u00e3o e Sociedade pela Universidade Federal de Sergipe. Possui MBA Executivo em Administra\u00e7\u00e3o com \u00eanfase em Marketing pela Funda\u00e7\u00e3o Get\u00falio Vargas - Rio de Janeiro. Consultor, Palestrante e Pesquisador sobre Empreendedorismo, Marketing, Redes Sociais e Neg\u00f3cios Digitais. Professor, Palestrante TedxTalks e Campus Party. Twitter: @ThalesBrandao\",\"sameAs\":[\"http:\\\/\\\/www.mandacaru.com.br\",\"https:\\\/\\\/www.facebook.com\\\/thalesbrandao\",\"http:\\\/\\\/www.instagram.com.br\\\/thalesbrandaoferreira\",\"https:\\\/\\\/www.linkedin.com\\\/in\\\/thales-brand\u00e3o-3948609\\\/\",\"https:\\\/\\\/x.com\\\/http:\\\/\\\/www.twitter.com\\\/thalesbrandao\"],\"url\":\"https:\\\/\\\/www.cidademarketing.com.br\\\/marketing\\\/author\\\/thalesbrandao\\\/\"}]}<\/script>\n<!-- \/ Yoast SEO plugin. -->","yoast_head_json":{"title":"Abertura das comemora\u00e7\u00f5es pelos 70 anos da R\u00e1dio Itatiaia tem homenagem a Emanuel e Janu\u00e1rio Carneiro - CidadeMarketing","robots":{"index":"index","follow":"follow","max-snippet":"max-snippet:-1","max-image-preview":"max-image-preview:large","max-video-preview":"max-video-preview:-1"},"canonical":"https:\/\/www.cidademarketing.com.br\/marketing\/2021\/07\/29\/abertura-das-comemoracoes-pelos-70-anos-da-radio-itatiaia-tem-homenagem-a-emanuel-e-januario-carneiro\/","og_locale":"pt_BR","og_type":"article","og_title":"Abertura das comemora\u00e7\u00f5es pelos 70 anos da R\u00e1dio Itatiaia tem homenagem a Emanuel e Janu\u00e1rio Carneiro - CidadeMarketing","og_description":"A R\u00e1dio Itatiaia deu in\u00edcio nesta quinta-feira, 29 de julho, \u00e0s comemora\u00e7\u00f5es pelos seus 70 anos, celebrados em janeiro de 2022, com homenagens a dois grandes nomes da hist\u00f3ria da emissora:&nbsp; Janu\u00e1rio Carneiro, fundador da empresa, falecido em 1994, e Emanuel Carneiro, que acaba de entregar o comando da Itatiaia ao novo presidente Diogo Gon\u00e7alves, [&hellip;]","og_url":"https:\/\/www.cidademarketing.com.br\/marketing\/2021\/07\/29\/abertura-das-comemoracoes-pelos-70-anos-da-radio-itatiaia-tem-homenagem-a-emanuel-e-januario-carneiro\/","og_site_name":"CidadeMarketing","article_publisher":"https:\/\/www.facebook.com\/portalcidademarketing","article_author":"https:\/\/www.facebook.com\/thalesbrandao","article_published_time":"2021-07-29T20:46:57+00:00","article_modified_time":"2021-07-29T20:47:00+00:00","og_image":[{"width":1280,"height":960,"url":"https:\/\/www.cidademarketing.com.br\/marketing\/wp-content\/uploads\/2021\/07\/radio_itatiaia_04.jpg","type":"image\/jpeg"}],"author":"Thales Brand\u00e3o","twitter_card":"summary_large_image","twitter_creator":"@http:\/\/www.twitter.com\/thalesbrandao","twitter_site":"@CidadeMarketing","twitter_misc":{"Escrito por":"Thales Brand\u00e3o","Est. tempo de leitura":"3 minutos"},"schema":{"@context":"https:\/\/schema.org","@graph":[{"@type":"Article","@id":"https:\/\/www.cidademarketing.com.br\/marketing\/2021\/07\/29\/abertura-das-comemoracoes-pelos-70-anos-da-radio-itatiaia-tem-homenagem-a-emanuel-e-januario-carneiro\/#article","isPartOf":{"@id":"https:\/\/www.cidademarketing.com.br\/marketing\/2021\/07\/29\/abertura-das-comemoracoes-pelos-70-anos-da-radio-itatiaia-tem-homenagem-a-emanuel-e-januario-carneiro\/"},"author":{"name":"Thales Brand\u00e3o","@id":"https:\/\/www.cidademarketing.com.br\/marketing\/#\/schema\/person\/02daff9f18bd9378c9e01eb6b2db155f"},"headline":"Abertura das comemora\u00e7\u00f5es pelos 70 anos da R\u00e1dio Itatiaia tem homenagem a Emanuel e Janu\u00e1rio Carneiro","datePublished":"2021-07-29T20:46:57+00:00","dateModified":"2021-07-29T20:47:00+00:00","mainEntityOfPage":{"@id":"https:\/\/www.cidademarketing.com.br\/marketing\/2021\/07\/29\/abertura-das-comemoracoes-pelos-70-anos-da-radio-itatiaia-tem-homenagem-a-emanuel-e-januario-carneiro\/"},"wordCount":681,"commentCount":0,"publisher":{"@id":"https:\/\/www.cidademarketing.com.br\/marketing\/#organization"},"image":{"@id":"https:\/\/www.cidademarketing.com.br\/marketing\/2021\/07\/29\/abertura-das-comemoracoes-pelos-70-anos-da-radio-itatiaia-tem-homenagem-a-emanuel-e-januario-carneiro\/#primaryimage"},"thumbnailUrl":"https:\/\/www.cidademarketing.com.br\/marketing\/wp-content\/uploads\/2021\/07\/radio_itatiaia_04.jpg","keywords":["estrat\u00e9gia","marketing","R\u00e1dio","R\u00e1dio Itatiaia"],"articleSection":["Not\u00edcias"],"inLanguage":"pt-BR","potentialAction":[{"@type":"CommentAction","name":"Comment","target":["https:\/\/www.cidademarketing.com.br\/marketing\/2021\/07\/29\/abertura-das-comemoracoes-pelos-70-anos-da-radio-itatiaia-tem-homenagem-a-emanuel-e-januario-carneiro\/#respond"]}]},{"@type":"WebPage","@id":"https:\/\/www.cidademarketing.com.br\/marketing\/2021\/07\/29\/abertura-das-comemoracoes-pelos-70-anos-da-radio-itatiaia-tem-homenagem-a-emanuel-e-januario-carneiro\/","url":"https:\/\/www.cidademarketing.com.br\/marketing\/2021\/07\/29\/abertura-das-comemoracoes-pelos-70-anos-da-radio-itatiaia-tem-homenagem-a-emanuel-e-januario-carneiro\/","name":"Abertura das comemora\u00e7\u00f5es pelos 70 anos da R\u00e1dio Itatiaia tem homenagem a Emanuel e Janu\u00e1rio Carneiro - CidadeMarketing","isPartOf":{"@id":"https:\/\/www.cidademarketing.com.br\/marketing\/#website"},"primaryImageOfPage":{"@id":"https:\/\/www.cidademarketing.com.br\/marketing\/2021\/07\/29\/abertura-das-comemoracoes-pelos-70-anos-da-radio-itatiaia-tem-homenagem-a-emanuel-e-januario-carneiro\/#primaryimage"},"image":{"@id":"https:\/\/www.cidademarketing.com.br\/marketing\/2021\/07\/29\/abertura-das-comemoracoes-pelos-70-anos-da-radio-itatiaia-tem-homenagem-a-emanuel-e-januario-carneiro\/#primaryimage"},"thumbnailUrl":"https:\/\/www.cidademarketing.com.br\/marketing\/wp-content\/uploads\/2021\/07\/radio_itatiaia_04.jpg","datePublished":"2021-07-29T20:46:57+00:00","dateModified":"2021-07-29T20:47:00+00:00","breadcrumb":{"@id":"https:\/\/www.cidademarketing.com.br\/marketing\/2021\/07\/29\/abertura-das-comemoracoes-pelos-70-anos-da-radio-itatiaia-tem-homenagem-a-emanuel-e-januario-carneiro\/#breadcrumb"},"inLanguage":"pt-BR","potentialAction":[{"@type":"ReadAction","target":["https:\/\/www.cidademarketing.com.br\/marketing\/2021\/07\/29\/abertura-das-comemoracoes-pelos-70-anos-da-radio-itatiaia-tem-homenagem-a-emanuel-e-januario-carneiro\/"]}]},{"@type":"ImageObject","inLanguage":"pt-BR","@id":"https:\/\/www.cidademarketing.com.br\/marketing\/2021\/07\/29\/abertura-das-comemoracoes-pelos-70-anos-da-radio-itatiaia-tem-homenagem-a-emanuel-e-januario-carneiro\/#primaryimage","url":"https:\/\/www.cidademarketing.com.br\/marketing\/wp-content\/uploads\/2021\/07\/radio_itatiaia_04.jpg","contentUrl":"https:\/\/www.cidademarketing.com.br\/marketing\/wp-content\/uploads\/2021\/07\/radio_itatiaia_04.jpg","width":1280,"height":960},{"@type":"BreadcrumbList","@id":"https:\/\/www.cidademarketing.com.br\/marketing\/2021\/07\/29\/abertura-das-comemoracoes-pelos-70-anos-da-radio-itatiaia-tem-homenagem-a-emanuel-e-januario-carneiro\/#breadcrumb","itemListElement":[{"@type":"ListItem","position":1,"name":"In\u00edcio","item":"https:\/\/www.cidademarketing.com.br\/marketing\/"},{"@type":"ListItem","position":2,"name":"Abertura das comemora\u00e7\u00f5es pelos 70 anos da R\u00e1dio Itatiaia tem homenagem a Emanuel e Janu\u00e1rio Carneiro"}]},{"@type":"WebSite","@id":"https:\/\/www.cidademarketing.com.br\/marketing\/#website","url":"https:\/\/www.cidademarketing.com.br\/marketing\/","name":"CidadeMarketing","description":"Somos um ve\u00edculo de comunica\u00e7\u00e3o de destaque no Brasil, reconhecido por conte\u00fados nos segmentos de marketing, empreendedorismo e inova\u00e7\u00e3o.","publisher":{"@id":"https:\/\/www.cidademarketing.com.br\/marketing\/#organization"},"alternateName":"CidadeMarketing","potentialAction":[{"@type":"SearchAction","target":{"@type":"EntryPoint","urlTemplate":"https:\/\/www.cidademarketing.com.br\/marketing\/?s={search_term_string}"},"query-input":{"@type":"PropertyValueSpecification","valueRequired":true,"valueName":"search_term_string"}}],"inLanguage":"pt-BR"},{"@type":"Organization","@id":"https:\/\/www.cidademarketing.com.br\/marketing\/#organization","name":"CidadeMarketing","alternateName":"CidadeMarketing","url":"https:\/\/www.cidademarketing.com.br\/marketing\/","logo":{"@type":"ImageObject","inLanguage":"pt-BR","@id":"https:\/\/www.cidademarketing.com.br\/marketing\/#\/schema\/logo\/image\/","url":"https:\/\/www.cidademarketing.com.br\/marketing\/wp-content\/uploads\/2020\/01\/cidademarketing_marca_mobile.png","contentUrl":"https:\/\/www.cidademarketing.com.br\/marketing\/wp-content\/uploads\/2020\/01\/cidademarketing_marca_mobile.png","width":230,"height":92,"caption":"CidadeMarketing"},"image":{"@id":"https:\/\/www.cidademarketing.com.br\/marketing\/#\/schema\/logo\/image\/"},"sameAs":["https:\/\/www.facebook.com\/portalcidademarketing","https:\/\/x.com\/CidadeMarketing","https:\/\/www.instagram.com\/cidademarketing\/"]},{"@type":"Person","@id":"https:\/\/www.cidademarketing.com.br\/marketing\/#\/schema\/person\/02daff9f18bd9378c9e01eb6b2db155f","name":"Thales Brand\u00e3o","image":{"@type":"ImageObject","inLanguage":"pt-BR","@id":"https:\/\/secure.gravatar.com\/avatar\/7ca3206950207cc3cb48feec56a8a7898741ab725c368d99d5d7a5a50aab80c6?s=96&d=mm&r=g","url":"https:\/\/secure.gravatar.com\/avatar\/7ca3206950207cc3cb48feec56a8a7898741ab725c368d99d5d7a5a50aab80c6?s=96&d=mm&r=g","contentUrl":"https:\/\/secure.gravatar.com\/avatar\/7ca3206950207cc3cb48feec56a8a7898741ab725c368d99d5d7a5a50aab80c6?s=96&d=mm&r=g","caption":"Thales Brand\u00e3o"},"description":"Editor Executivo do Portal CidadeMarketing.com.br &gt; Mestre em Comunica\u00e7\u00e3o e Sociedade pela Universidade Federal de Sergipe. Possui MBA Executivo em Administra\u00e7\u00e3o com \u00eanfase em Marketing pela Funda\u00e7\u00e3o Get\u00falio Vargas - Rio de Janeiro. Consultor, Palestrante e Pesquisador sobre Empreendedorismo, Marketing, Redes Sociais e Neg\u00f3cios Digitais. Professor, Palestrante TedxTalks e Campus Party. Twitter: @ThalesBrandao","sameAs":["http:\/\/www.mandacaru.com.br","https:\/\/www.facebook.com\/thalesbrandao","http:\/\/www.instagram.com.br\/thalesbrandaoferreira","https:\/\/www.linkedin.com\/in\/thales-brand\u00e3o-3948609\/","https:\/\/x.com\/http:\/\/www.twitter.com\/thalesbrandao"],"url":"https:\/\/www.cidademarketing.com.br\/marketing\/author\/thalesbrandao\/"}]}},"amp_enabled":true,"_links":{"self":[{"href":"https:\/\/www.cidademarketing.com.br\/marketing\/wp-json\/wp\/v2\/posts\/26360","targetHints":{"allow":["GET"]}}],"collection":[{"href":"https:\/\/www.cidademarketing.com.br\/marketing\/wp-json\/wp\/v2\/posts"}],"about":[{"href":"https:\/\/www.cidademarketing.com.br\/marketing\/wp-json\/wp\/v2\/types\/post"}],"author":[{"embeddable":true,"href":"https:\/\/www.cidademarketing.com.br\/marketing\/wp-json\/wp\/v2\/users\/1"}],"replies":[{"embeddable":true,"href":"https:\/\/www.cidademarketing.com.br\/marketing\/wp-json\/wp\/v2\/comments?post=26360"}],"version-history":[{"count":1,"href":"https:\/\/www.cidademarketing.com.br\/marketing\/wp-json\/wp\/v2\/posts\/26360\/revisions"}],"predecessor-version":[{"id":26364,"href":"https:\/\/www.cidademarketing.com.br\/marketing\/wp-json\/wp\/v2\/posts\/26360\/revisions\/26364"}],"wp:featuredmedia":[{"embeddable":true,"href":"https:\/\/www.cidademarketing.com.br\/marketing\/wp-json\/wp\/v2\/media\/26363"}],"wp:attachment":[{"href":"https:\/\/www.cidademarketing.com.br\/marketing\/wp-json\/wp\/v2\/media?parent=26360"}],"wp:term":[{"taxonomy":"category","embeddable":true,"href":"https:\/\/www.cidademarketing.com.br\/marketing\/wp-json\/wp\/v2\/categories?post=26360"},{"taxonomy":"post_tag","embeddable":true,"href":"https:\/\/www.cidademarketing.com.br\/marketing\/wp-json\/wp\/v2\/tags?post=26360"}],"curies":[{"name":"wp","href":"https:\/\/api.w.org\/{rel}","templated":true}]}}