{"id":26266,"date":"2021-07-28T14:17:49","date_gmt":"2021-07-28T17:17:49","guid":{"rendered":"https:\/\/www.cidademarketing.com.br\/marketing\/?p=26266"},"modified":"2021-07-28T14:18:21","modified_gmt":"2021-07-28T17:18:21","slug":"pernambucanas-e-elo-lancam-primeiro-cartao-private-label-aceito-fora-de-redes-varejistas","status":"publish","type":"post","link":"https:\/\/www.cidademarketing.com.br\/marketing\/2021\/07\/28\/pernambucanas-e-elo-lancam-primeiro-cartao-private-label-aceito-fora-de-redes-varejistas\/","title":{"rendered":"Pernambucanas e Elo lan\u00e7am primeiro cart\u00e3o private label aceito fora de redes varejistas"},"content":{"rendered":"\n<p>A Pernambucanas, marca varejista nacional pioneira em inova\u00e7\u00f5es, se une \u00e0 Elo, empresa 100% brasileira de tecnologia de pagamentos, para a expans\u00e3o do seu portf\u00f3lio de cart\u00f5es: Pernambucanas <em>private label<\/em>, Pernambucanas Conta Digital e Pernambucanas Elo Mais, que passam a funcionar como cart\u00f5es m\u00faltiplos. Juntas, elas oferecem para os clientes da Pernambucanas a possibilidade de comprar no d\u00e9bito e no cr\u00e9dito, dentro e fora das lojas da rede. Com o lan\u00e7amento, a Pernambucanas \u00e9 a primeira varejista a possibilitar o uso de cart\u00e3o <em>private label<\/em> fora das lojas pr\u00f3prias com a seguran\u00e7a de um cart\u00e3o com chip e com captura via QR Code. Al\u00e9m disso, \u00e9 pioneira em oferecer um <em>private label<\/em> atrelado a uma Conta Digital.<\/p>\n\n\n\n<p><br>A novidade faz parte do planejamento estrat\u00e9gico da Pefisa, <em>fintech<\/em> da Pernambucanas, que vem investindo constantemente em inova\u00e7\u00e3o para garantir \u00e0 marca pioneirismo e competitividade, colaborando com iniciativas que melhorem a experi\u00eancia do cliente e atendam \u00e0s necessidades do varejo. A novidade refor\u00e7a o posicionamento da empresa, que \u00e9 democratizar os servi\u00e7os financeiros, contribuindo com a inclus\u00e3o banc\u00e1ria e digital de milh\u00f5es de brasileiros.<\/p>\n\n\n\n<p><br>O cart\u00e3o <em>private label<\/em> \u2013 tamb\u00e9m conhecido como cart\u00e3o de marca pr\u00f3pria \u2013 oferece as modalidades de pagamento d\u00e9bito e cr\u00e9dito e benef\u00edcios exclusivos nas lojas da varejista. Na modalidade cr\u00e9dito, as compras fora da rede ser\u00e3o realizadas exclusivamente via QR Code, com o app Cart\u00e3o Pernambucanas, em estabelecimentos como supermercados, restaurantes, drogarias e postos de combust\u00edveis. J\u00e1 no d\u00e9bito, \u00e9 poss\u00edvel usar o cart\u00e3o f\u00edsico ou pagar via QR Code em milh\u00f5es de maquininhas de estabelecimentos em todo o Brasil.<\/p>\n\n\n\n<p><br>Outra novidade \u00e9 que o cart\u00e3o embandeirado Pernambucanas Elo Mais passa a ser m\u00faltiplo, podendo ser utilizado no d\u00e9bito e no cr\u00e9dito em compras nacionais, internacionais, em estabelecimentos f\u00edsicos ou e-commerce, em todo o mundo, al\u00e9m de estar habilitado para pagamento via QR Code.<\/p>\n\n\n\n<p><br>\u201cO pioneirismo e a inova\u00e7\u00e3o sempre fizeram parte da hist\u00f3ria de nossa <em>fintech<\/em> Pefisa, que busca constantemente apoiar nossos clientes com um portf\u00f3lio abrangente e diferenciado de servi\u00e7os e produtos financeiros, al\u00e9m de solu\u00e7\u00f5es que facilitem a gest\u00e3o financeira. Sabemos o quanto as vantagens da nova fam\u00edlia de cart\u00f5es far\u00e3o a diferen\u00e7a \u00e0s fam\u00edlias brasileiras, intensificando ainda mais o relacionamento firmado com nossos clientes h\u00e1 113 anos\u201d, afirma Sergio Borriello, CEO da Pernambucanas.<\/p>\n\n\n\n<p>\u201cNossa parceria com a Pernambucanas entrega mais valor aos clientes, que podem consumir em todo o Brasil, e ainda aproveitar benef\u00edcios exclusivos Elo como ofertas e promo\u00e7\u00f5es\u201d, comenta Jac\u00f3 Silva, diretor de desenvolvimento de neg\u00f3cios da Elo.<\/p>\n\n\n\n<p>Alguns dos diferenciais:<\/p>\n\n\n\n<p><strong>Cart\u00e3o Conta Digital Pernambucanas:<\/strong><strong><br><\/strong>&#8211; Senha \u00fanica para as transa\u00e7\u00f5es de cr\u00e9dito, d\u00e9bito e da Conta Digital no APP<br>&#8211; D\u00e9bito autom\u00e1tico para fatura dos cart\u00f5es Pernambucanas<br>&#8211; Pagamentos de contas<br>&#8211; Transfira, pague e receba sem custos atrav\u00e9s do PIX<br>&#8211; Saques e dep\u00f3sitos gratuitos nas lojas<br>&#8211; Sacola de descontos e cupons de descontos exclusivos<\/p>\n\n\n\n<p><strong>Cart\u00e3o Pernambucanas<\/strong><em><strong> Private Label<\/strong><\/em><strong>:<\/strong><strong><br><\/strong>&nbsp;&#8211; Senha \u00fanica para as transa\u00e7\u00f5es de cr\u00e9dito, d\u00e9bito e da Conta Digital no APP<br>&#8211; Fun\u00e7\u00e3o cr\u00e9dito e d\u00e9bito<br>&#8211; Compras por QR Code em locais selecionados<br>&#8211; Diversos planos de pagamento da fatura<br>&#8211; Sacolas de descontos no app e lojas<br>&#8211; Cupons de descontos exclusivos na loja<\/p>\n\n\n\n<p><strong>Cart\u00e3o Pernambucanas Elo:<\/strong><strong><br><\/strong>&#8211; Senha \u00fanica para as transa\u00e7\u00f5es de cr\u00e9dito, d\u00e9bito e da Conta Digital no APP<br>&#8211; Fun\u00e7\u00e3o cr\u00e9dito e d\u00e9bito<br>&#8211; At\u00e9 5 cart\u00f5es adicionais isentos<br>&#8211; Cart\u00e3o Virtual para compras online com seguran\u00e7a<br>&#8211; Elo Flex \u2013 Personalize seus benef\u00edcios e assist\u00eancias<br>&#8211; Planos de parcelamentos especiais<br>&#8211; Sacolas de descontos no app e lojas<br>&#8211; Cupons de descontos exclusivos na loja<\/p>\n","protected":false},"excerpt":{"rendered":"<p>A Pernambucanas, marca varejista nacional pioneira em inova\u00e7\u00f5es, se une \u00e0 Elo, empresa 100% brasileira de tecnologia de pagamentos, para a expans\u00e3o do seu portf\u00f3lio de cart\u00f5es: Pernambucanas private label, Pernambucanas Conta Digital e Pernambucanas Elo Mais, que passam a funcionar como cart\u00f5es m\u00faltiplos. Juntas, elas oferecem para os clientes da Pernambucanas a possibilidade de [&hellip;]<\/p>\n","protected":false},"author":1,"featured_media":26267,"comment_status":"open","ping_status":"open","sticky":false,"template":"","format":"standard","meta":{"tdm_status":"","tdm_grid_status":"","footnotes":""},"categories":[6],"tags":[463,921,28,608,55],"class_list":["post-26266","post","type-post","status-publish","format-standard","has-post-thumbnail","hentry","category-noticias","tag-cartao-de-credito","tag-cielo","tag-marketing","tag-pernambucana","tag-relacionamento"],"yoast_head":"<!-- This site is optimized with the Yoast SEO plugin v27.5 - https:\/\/yoast.com\/product\/yoast-seo-wordpress\/ -->\n<title>Pernambucanas e Elo lan\u00e7am primeiro cart\u00e3o private label aceito fora de redes varejistas - CidadeMarketing<\/title>\n<meta name=\"robots\" content=\"index, follow, max-snippet:-1, max-image-preview:large, max-video-preview:-1\" \/>\n<link rel=\"canonical\" href=\"https:\/\/www.cidademarketing.com.br\/marketing\/2021\/07\/28\/pernambucanas-e-elo-lancam-primeiro-cartao-private-label-aceito-fora-de-redes-varejistas\/\" \/>\n<meta property=\"og:locale\" content=\"pt_BR\" \/>\n<meta property=\"og:type\" content=\"article\" \/>\n<meta property=\"og:title\" content=\"Pernambucanas e Elo lan\u00e7am primeiro cart\u00e3o private label aceito fora de redes varejistas - CidadeMarketing\" \/>\n<meta property=\"og:description\" content=\"A Pernambucanas, marca varejista nacional pioneira em inova\u00e7\u00f5es, se une \u00e0 Elo, empresa 100% brasileira de tecnologia de pagamentos, para a expans\u00e3o do seu portf\u00f3lio de cart\u00f5es: Pernambucanas private label, Pernambucanas Conta Digital e Pernambucanas Elo Mais, que passam a funcionar como cart\u00f5es m\u00faltiplos. Juntas, elas oferecem para os clientes da Pernambucanas a possibilidade de [&hellip;]\" \/>\n<meta property=\"og:url\" content=\"https:\/\/www.cidademarketing.com.br\/marketing\/2021\/07\/28\/pernambucanas-e-elo-lancam-primeiro-cartao-private-label-aceito-fora-de-redes-varejistas\/\" \/>\n<meta property=\"og:site_name\" content=\"CidadeMarketing\" \/>\n<meta property=\"article:publisher\" content=\"https:\/\/www.facebook.com\/portalcidademarketing\" \/>\n<meta property=\"article:author\" content=\"https:\/\/www.facebook.com\/thalesbrandao\" \/>\n<meta property=\"article:published_time\" content=\"2021-07-28T17:17:49+00:00\" \/>\n<meta property=\"article:modified_time\" content=\"2021-07-28T17:18:21+00:00\" \/>\n<meta property=\"og:image\" content=\"https:\/\/www.cidademarketing.com.br\/marketing\/wp-content\/uploads\/2021\/07\/cielo_pernambucana.jpg\" \/>\n\t<meta property=\"og:image:width\" content=\"1378\" \/>\n\t<meta property=\"og:image:height\" content=\"1151\" \/>\n\t<meta property=\"og:image:type\" content=\"image\/jpeg\" \/>\n<meta name=\"author\" content=\"Thales Brand\u00e3o\" \/>\n<meta name=\"twitter:card\" content=\"summary_large_image\" \/>\n<meta name=\"twitter:creator\" content=\"@http:\/\/www.twitter.com\/thalesbrandao\" \/>\n<meta name=\"twitter:site\" content=\"@CidadeMarketing\" \/>\n<meta name=\"twitter:label1\" content=\"Escrito por\" \/>\n\t<meta name=\"twitter:data1\" content=\"Thales Brand\u00e3o\" \/>\n\t<meta name=\"twitter:label2\" content=\"Est. tempo de leitura\" \/>\n\t<meta name=\"twitter:data2\" content=\"3 minutos\" \/>\n<script type=\"application\/ld+json\" class=\"yoast-schema-graph\">{\"@context\":\"https:\\\/\\\/schema.org\",\"@graph\":[{\"@type\":\"Article\",\"@id\":\"https:\\\/\\\/www.cidademarketing.com.br\\\/marketing\\\/2021\\\/07\\\/28\\\/pernambucanas-e-elo-lancam-primeiro-cartao-private-label-aceito-fora-de-redes-varejistas\\\/#article\",\"isPartOf\":{\"@id\":\"https:\\\/\\\/www.cidademarketing.com.br\\\/marketing\\\/2021\\\/07\\\/28\\\/pernambucanas-e-elo-lancam-primeiro-cartao-private-label-aceito-fora-de-redes-varejistas\\\/\"},\"author\":{\"name\":\"Thales Brand\u00e3o\",\"@id\":\"https:\\\/\\\/www.cidademarketing.com.br\\\/marketing\\\/#\\\/schema\\\/person\\\/02daff9f18bd9378c9e01eb6b2db155f\"},\"headline\":\"Pernambucanas e Elo lan\u00e7am primeiro cart\u00e3o private label aceito fora de redes varejistas\",\"datePublished\":\"2021-07-28T17:17:49+00:00\",\"dateModified\":\"2021-07-28T17:18:21+00:00\",\"mainEntityOfPage\":{\"@id\":\"https:\\\/\\\/www.cidademarketing.com.br\\\/marketing\\\/2021\\\/07\\\/28\\\/pernambucanas-e-elo-lancam-primeiro-cartao-private-label-aceito-fora-de-redes-varejistas\\\/\"},\"wordCount\":669,\"commentCount\":0,\"publisher\":{\"@id\":\"https:\\\/\\\/www.cidademarketing.com.br\\\/marketing\\\/#organization\"},\"image\":{\"@id\":\"https:\\\/\\\/www.cidademarketing.com.br\\\/marketing\\\/2021\\\/07\\\/28\\\/pernambucanas-e-elo-lancam-primeiro-cartao-private-label-aceito-fora-de-redes-varejistas\\\/#primaryimage\"},\"thumbnailUrl\":\"https:\\\/\\\/www.cidademarketing.com.br\\\/marketing\\\/wp-content\\\/uploads\\\/2021\\\/07\\\/cielo_pernambucana.jpg\",\"keywords\":[\"cart\u00e3o de cr\u00e9dito\",\"Cielo\",\"marketing\",\"Pernambucana\",\"relacionamento\"],\"articleSection\":[\"Not\u00edcias\"],\"inLanguage\":\"pt-BR\",\"potentialAction\":[{\"@type\":\"CommentAction\",\"name\":\"Comment\",\"target\":[\"https:\\\/\\\/www.cidademarketing.com.br\\\/marketing\\\/2021\\\/07\\\/28\\\/pernambucanas-e-elo-lancam-primeiro-cartao-private-label-aceito-fora-de-redes-varejistas\\\/#respond\"]}]},{\"@type\":\"WebPage\",\"@id\":\"https:\\\/\\\/www.cidademarketing.com.br\\\/marketing\\\/2021\\\/07\\\/28\\\/pernambucanas-e-elo-lancam-primeiro-cartao-private-label-aceito-fora-de-redes-varejistas\\\/\",\"url\":\"https:\\\/\\\/www.cidademarketing.com.br\\\/marketing\\\/2021\\\/07\\\/28\\\/pernambucanas-e-elo-lancam-primeiro-cartao-private-label-aceito-fora-de-redes-varejistas\\\/\",\"name\":\"Pernambucanas e Elo lan\u00e7am primeiro cart\u00e3o private label aceito fora de redes varejistas - CidadeMarketing\",\"isPartOf\":{\"@id\":\"https:\\\/\\\/www.cidademarketing.com.br\\\/marketing\\\/#website\"},\"primaryImageOfPage\":{\"@id\":\"https:\\\/\\\/www.cidademarketing.com.br\\\/marketing\\\/2021\\\/07\\\/28\\\/pernambucanas-e-elo-lancam-primeiro-cartao-private-label-aceito-fora-de-redes-varejistas\\\/#primaryimage\"},\"image\":{\"@id\":\"https:\\\/\\\/www.cidademarketing.com.br\\\/marketing\\\/2021\\\/07\\\/28\\\/pernambucanas-e-elo-lancam-primeiro-cartao-private-label-aceito-fora-de-redes-varejistas\\\/#primaryimage\"},\"thumbnailUrl\":\"https:\\\/\\\/www.cidademarketing.com.br\\\/marketing\\\/wp-content\\\/uploads\\\/2021\\\/07\\\/cielo_pernambucana.jpg\",\"datePublished\":\"2021-07-28T17:17:49+00:00\",\"dateModified\":\"2021-07-28T17:18:21+00:00\",\"breadcrumb\":{\"@id\":\"https:\\\/\\\/www.cidademarketing.com.br\\\/marketing\\\/2021\\\/07\\\/28\\\/pernambucanas-e-elo-lancam-primeiro-cartao-private-label-aceito-fora-de-redes-varejistas\\\/#breadcrumb\"},\"inLanguage\":\"pt-BR\",\"potentialAction\":[{\"@type\":\"ReadAction\",\"target\":[\"https:\\\/\\\/www.cidademarketing.com.br\\\/marketing\\\/2021\\\/07\\\/28\\\/pernambucanas-e-elo-lancam-primeiro-cartao-private-label-aceito-fora-de-redes-varejistas\\\/\"]}]},{\"@type\":\"ImageObject\",\"inLanguage\":\"pt-BR\",\"@id\":\"https:\\\/\\\/www.cidademarketing.com.br\\\/marketing\\\/2021\\\/07\\\/28\\\/pernambucanas-e-elo-lancam-primeiro-cartao-private-label-aceito-fora-de-redes-varejistas\\\/#primaryimage\",\"url\":\"https:\\\/\\\/www.cidademarketing.com.br\\\/marketing\\\/wp-content\\\/uploads\\\/2021\\\/07\\\/cielo_pernambucana.jpg\",\"contentUrl\":\"https:\\\/\\\/www.cidademarketing.com.br\\\/marketing\\\/wp-content\\\/uploads\\\/2021\\\/07\\\/cielo_pernambucana.jpg\",\"width\":1378,\"height\":1151},{\"@type\":\"BreadcrumbList\",\"@id\":\"https:\\\/\\\/www.cidademarketing.com.br\\\/marketing\\\/2021\\\/07\\\/28\\\/pernambucanas-e-elo-lancam-primeiro-cartao-private-label-aceito-fora-de-redes-varejistas\\\/#breadcrumb\",\"itemListElement\":[{\"@type\":\"ListItem\",\"position\":1,\"name\":\"In\u00edcio\",\"item\":\"https:\\\/\\\/www.cidademarketing.com.br\\\/marketing\\\/\"},{\"@type\":\"ListItem\",\"position\":2,\"name\":\"Pernambucanas e Elo lan\u00e7am primeiro cart\u00e3o private label aceito fora de redes varejistas\"}]},{\"@type\":\"WebSite\",\"@id\":\"https:\\\/\\\/www.cidademarketing.com.br\\\/marketing\\\/#website\",\"url\":\"https:\\\/\\\/www.cidademarketing.com.br\\\/marketing\\\/\",\"name\":\"CidadeMarketing\",\"description\":\"Somos um ve\u00edculo de comunica\u00e7\u00e3o de destaque no Brasil, reconhecido por conte\u00fados nos segmentos de marketing, empreendedorismo e inova\u00e7\u00e3o.\",\"publisher\":{\"@id\":\"https:\\\/\\\/www.cidademarketing.com.br\\\/marketing\\\/#organization\"},\"alternateName\":\"CidadeMarketing\",\"potentialAction\":[{\"@type\":\"SearchAction\",\"target\":{\"@type\":\"EntryPoint\",\"urlTemplate\":\"https:\\\/\\\/www.cidademarketing.com.br\\\/marketing\\\/?s={search_term_string}\"},\"query-input\":{\"@type\":\"PropertyValueSpecification\",\"valueRequired\":true,\"valueName\":\"search_term_string\"}}],\"inLanguage\":\"pt-BR\"},{\"@type\":\"Organization\",\"@id\":\"https:\\\/\\\/www.cidademarketing.com.br\\\/marketing\\\/#organization\",\"name\":\"CidadeMarketing\",\"alternateName\":\"CidadeMarketing\",\"url\":\"https:\\\/\\\/www.cidademarketing.com.br\\\/marketing\\\/\",\"logo\":{\"@type\":\"ImageObject\",\"inLanguage\":\"pt-BR\",\"@id\":\"https:\\\/\\\/www.cidademarketing.com.br\\\/marketing\\\/#\\\/schema\\\/logo\\\/image\\\/\",\"url\":\"https:\\\/\\\/www.cidademarketing.com.br\\\/marketing\\\/wp-content\\\/uploads\\\/2020\\\/01\\\/cidademarketing_marca_mobile.png\",\"contentUrl\":\"https:\\\/\\\/www.cidademarketing.com.br\\\/marketing\\\/wp-content\\\/uploads\\\/2020\\\/01\\\/cidademarketing_marca_mobile.png\",\"width\":230,\"height\":92,\"caption\":\"CidadeMarketing\"},\"image\":{\"@id\":\"https:\\\/\\\/www.cidademarketing.com.br\\\/marketing\\\/#\\\/schema\\\/logo\\\/image\\\/\"},\"sameAs\":[\"https:\\\/\\\/www.facebook.com\\\/portalcidademarketing\",\"https:\\\/\\\/x.com\\\/CidadeMarketing\",\"https:\\\/\\\/www.instagram.com\\\/cidademarketing\\\/\"]},{\"@type\":\"Person\",\"@id\":\"https:\\\/\\\/www.cidademarketing.com.br\\\/marketing\\\/#\\\/schema\\\/person\\\/02daff9f18bd9378c9e01eb6b2db155f\",\"name\":\"Thales Brand\u00e3o\",\"image\":{\"@type\":\"ImageObject\",\"inLanguage\":\"pt-BR\",\"@id\":\"https:\\\/\\\/secure.gravatar.com\\\/avatar\\\/7ca3206950207cc3cb48feec56a8a7898741ab725c368d99d5d7a5a50aab80c6?s=96&d=mm&r=g\",\"url\":\"https:\\\/\\\/secure.gravatar.com\\\/avatar\\\/7ca3206950207cc3cb48feec56a8a7898741ab725c368d99d5d7a5a50aab80c6?s=96&d=mm&r=g\",\"contentUrl\":\"https:\\\/\\\/secure.gravatar.com\\\/avatar\\\/7ca3206950207cc3cb48feec56a8a7898741ab725c368d99d5d7a5a50aab80c6?s=96&d=mm&r=g\",\"caption\":\"Thales Brand\u00e3o\"},\"description\":\"Editor Executivo do Portal CidadeMarketing.com.br &gt; Mestre em Comunica\u00e7\u00e3o e Sociedade pela Universidade Federal de Sergipe. Possui MBA Executivo em Administra\u00e7\u00e3o com \u00eanfase em Marketing pela Funda\u00e7\u00e3o Get\u00falio Vargas - Rio de Janeiro. Consultor, Palestrante e Pesquisador sobre Empreendedorismo, Marketing, Redes Sociais e Neg\u00f3cios Digitais. Professor, Palestrante TedxTalks e Campus Party. Twitter: @ThalesBrandao\",\"sameAs\":[\"http:\\\/\\\/www.mandacaru.com.br\",\"https:\\\/\\\/www.facebook.com\\\/thalesbrandao\",\"http:\\\/\\\/www.instagram.com.br\\\/thalesbrandaoferreira\",\"https:\\\/\\\/www.linkedin.com\\\/in\\\/thales-brand\u00e3o-3948609\\\/\",\"https:\\\/\\\/x.com\\\/http:\\\/\\\/www.twitter.com\\\/thalesbrandao\"],\"url\":\"https:\\\/\\\/www.cidademarketing.com.br\\\/marketing\\\/author\\\/thalesbrandao\\\/\"}]}<\/script>\n<!-- \/ Yoast SEO plugin. -->","yoast_head_json":{"title":"Pernambucanas e Elo lan\u00e7am primeiro cart\u00e3o private label aceito fora de redes varejistas - CidadeMarketing","robots":{"index":"index","follow":"follow","max-snippet":"max-snippet:-1","max-image-preview":"max-image-preview:large","max-video-preview":"max-video-preview:-1"},"canonical":"https:\/\/www.cidademarketing.com.br\/marketing\/2021\/07\/28\/pernambucanas-e-elo-lancam-primeiro-cartao-private-label-aceito-fora-de-redes-varejistas\/","og_locale":"pt_BR","og_type":"article","og_title":"Pernambucanas e Elo lan\u00e7am primeiro cart\u00e3o private label aceito fora de redes varejistas - CidadeMarketing","og_description":"A Pernambucanas, marca varejista nacional pioneira em inova\u00e7\u00f5es, se une \u00e0 Elo, empresa 100% brasileira de tecnologia de pagamentos, para a expans\u00e3o do seu portf\u00f3lio de cart\u00f5es: Pernambucanas private label, Pernambucanas Conta Digital e Pernambucanas Elo Mais, que passam a funcionar como cart\u00f5es m\u00faltiplos. Juntas, elas oferecem para os clientes da Pernambucanas a possibilidade de [&hellip;]","og_url":"https:\/\/www.cidademarketing.com.br\/marketing\/2021\/07\/28\/pernambucanas-e-elo-lancam-primeiro-cartao-private-label-aceito-fora-de-redes-varejistas\/","og_site_name":"CidadeMarketing","article_publisher":"https:\/\/www.facebook.com\/portalcidademarketing","article_author":"https:\/\/www.facebook.com\/thalesbrandao","article_published_time":"2021-07-28T17:17:49+00:00","article_modified_time":"2021-07-28T17:18:21+00:00","og_image":[{"width":1378,"height":1151,"url":"https:\/\/www.cidademarketing.com.br\/marketing\/wp-content\/uploads\/2021\/07\/cielo_pernambucana.jpg","type":"image\/jpeg"}],"author":"Thales Brand\u00e3o","twitter_card":"summary_large_image","twitter_creator":"@http:\/\/www.twitter.com\/thalesbrandao","twitter_site":"@CidadeMarketing","twitter_misc":{"Escrito por":"Thales Brand\u00e3o","Est. tempo de leitura":"3 minutos"},"schema":{"@context":"https:\/\/schema.org","@graph":[{"@type":"Article","@id":"https:\/\/www.cidademarketing.com.br\/marketing\/2021\/07\/28\/pernambucanas-e-elo-lancam-primeiro-cartao-private-label-aceito-fora-de-redes-varejistas\/#article","isPartOf":{"@id":"https:\/\/www.cidademarketing.com.br\/marketing\/2021\/07\/28\/pernambucanas-e-elo-lancam-primeiro-cartao-private-label-aceito-fora-de-redes-varejistas\/"},"author":{"name":"Thales Brand\u00e3o","@id":"https:\/\/www.cidademarketing.com.br\/marketing\/#\/schema\/person\/02daff9f18bd9378c9e01eb6b2db155f"},"headline":"Pernambucanas e Elo lan\u00e7am primeiro cart\u00e3o private label aceito fora de redes varejistas","datePublished":"2021-07-28T17:17:49+00:00","dateModified":"2021-07-28T17:18:21+00:00","mainEntityOfPage":{"@id":"https:\/\/www.cidademarketing.com.br\/marketing\/2021\/07\/28\/pernambucanas-e-elo-lancam-primeiro-cartao-private-label-aceito-fora-de-redes-varejistas\/"},"wordCount":669,"commentCount":0,"publisher":{"@id":"https:\/\/www.cidademarketing.com.br\/marketing\/#organization"},"image":{"@id":"https:\/\/www.cidademarketing.com.br\/marketing\/2021\/07\/28\/pernambucanas-e-elo-lancam-primeiro-cartao-private-label-aceito-fora-de-redes-varejistas\/#primaryimage"},"thumbnailUrl":"https:\/\/www.cidademarketing.com.br\/marketing\/wp-content\/uploads\/2021\/07\/cielo_pernambucana.jpg","keywords":["cart\u00e3o de cr\u00e9dito","Cielo","marketing","Pernambucana","relacionamento"],"articleSection":["Not\u00edcias"],"inLanguage":"pt-BR","potentialAction":[{"@type":"CommentAction","name":"Comment","target":["https:\/\/www.cidademarketing.com.br\/marketing\/2021\/07\/28\/pernambucanas-e-elo-lancam-primeiro-cartao-private-label-aceito-fora-de-redes-varejistas\/#respond"]}]},{"@type":"WebPage","@id":"https:\/\/www.cidademarketing.com.br\/marketing\/2021\/07\/28\/pernambucanas-e-elo-lancam-primeiro-cartao-private-label-aceito-fora-de-redes-varejistas\/","url":"https:\/\/www.cidademarketing.com.br\/marketing\/2021\/07\/28\/pernambucanas-e-elo-lancam-primeiro-cartao-private-label-aceito-fora-de-redes-varejistas\/","name":"Pernambucanas e Elo lan\u00e7am primeiro cart\u00e3o private label aceito fora de redes varejistas - CidadeMarketing","isPartOf":{"@id":"https:\/\/www.cidademarketing.com.br\/marketing\/#website"},"primaryImageOfPage":{"@id":"https:\/\/www.cidademarketing.com.br\/marketing\/2021\/07\/28\/pernambucanas-e-elo-lancam-primeiro-cartao-private-label-aceito-fora-de-redes-varejistas\/#primaryimage"},"image":{"@id":"https:\/\/www.cidademarketing.com.br\/marketing\/2021\/07\/28\/pernambucanas-e-elo-lancam-primeiro-cartao-private-label-aceito-fora-de-redes-varejistas\/#primaryimage"},"thumbnailUrl":"https:\/\/www.cidademarketing.com.br\/marketing\/wp-content\/uploads\/2021\/07\/cielo_pernambucana.jpg","datePublished":"2021-07-28T17:17:49+00:00","dateModified":"2021-07-28T17:18:21+00:00","breadcrumb":{"@id":"https:\/\/www.cidademarketing.com.br\/marketing\/2021\/07\/28\/pernambucanas-e-elo-lancam-primeiro-cartao-private-label-aceito-fora-de-redes-varejistas\/#breadcrumb"},"inLanguage":"pt-BR","potentialAction":[{"@type":"ReadAction","target":["https:\/\/www.cidademarketing.com.br\/marketing\/2021\/07\/28\/pernambucanas-e-elo-lancam-primeiro-cartao-private-label-aceito-fora-de-redes-varejistas\/"]}]},{"@type":"ImageObject","inLanguage":"pt-BR","@id":"https:\/\/www.cidademarketing.com.br\/marketing\/2021\/07\/28\/pernambucanas-e-elo-lancam-primeiro-cartao-private-label-aceito-fora-de-redes-varejistas\/#primaryimage","url":"https:\/\/www.cidademarketing.com.br\/marketing\/wp-content\/uploads\/2021\/07\/cielo_pernambucana.jpg","contentUrl":"https:\/\/www.cidademarketing.com.br\/marketing\/wp-content\/uploads\/2021\/07\/cielo_pernambucana.jpg","width":1378,"height":1151},{"@type":"BreadcrumbList","@id":"https:\/\/www.cidademarketing.com.br\/marketing\/2021\/07\/28\/pernambucanas-e-elo-lancam-primeiro-cartao-private-label-aceito-fora-de-redes-varejistas\/#breadcrumb","itemListElement":[{"@type":"ListItem","position":1,"name":"In\u00edcio","item":"https:\/\/www.cidademarketing.com.br\/marketing\/"},{"@type":"ListItem","position":2,"name":"Pernambucanas e Elo lan\u00e7am primeiro cart\u00e3o private label aceito fora de redes varejistas"}]},{"@type":"WebSite","@id":"https:\/\/www.cidademarketing.com.br\/marketing\/#website","url":"https:\/\/www.cidademarketing.com.br\/marketing\/","name":"CidadeMarketing","description":"Somos um ve\u00edculo de comunica\u00e7\u00e3o de destaque no Brasil, reconhecido por conte\u00fados nos segmentos de marketing, empreendedorismo e inova\u00e7\u00e3o.","publisher":{"@id":"https:\/\/www.cidademarketing.com.br\/marketing\/#organization"},"alternateName":"CidadeMarketing","potentialAction":[{"@type":"SearchAction","target":{"@type":"EntryPoint","urlTemplate":"https:\/\/www.cidademarketing.com.br\/marketing\/?s={search_term_string}"},"query-input":{"@type":"PropertyValueSpecification","valueRequired":true,"valueName":"search_term_string"}}],"inLanguage":"pt-BR"},{"@type":"Organization","@id":"https:\/\/www.cidademarketing.com.br\/marketing\/#organization","name":"CidadeMarketing","alternateName":"CidadeMarketing","url":"https:\/\/www.cidademarketing.com.br\/marketing\/","logo":{"@type":"ImageObject","inLanguage":"pt-BR","@id":"https:\/\/www.cidademarketing.com.br\/marketing\/#\/schema\/logo\/image\/","url":"https:\/\/www.cidademarketing.com.br\/marketing\/wp-content\/uploads\/2020\/01\/cidademarketing_marca_mobile.png","contentUrl":"https:\/\/www.cidademarketing.com.br\/marketing\/wp-content\/uploads\/2020\/01\/cidademarketing_marca_mobile.png","width":230,"height":92,"caption":"CidadeMarketing"},"image":{"@id":"https:\/\/www.cidademarketing.com.br\/marketing\/#\/schema\/logo\/image\/"},"sameAs":["https:\/\/www.facebook.com\/portalcidademarketing","https:\/\/x.com\/CidadeMarketing","https:\/\/www.instagram.com\/cidademarketing\/"]},{"@type":"Person","@id":"https:\/\/www.cidademarketing.com.br\/marketing\/#\/schema\/person\/02daff9f18bd9378c9e01eb6b2db155f","name":"Thales Brand\u00e3o","image":{"@type":"ImageObject","inLanguage":"pt-BR","@id":"https:\/\/secure.gravatar.com\/avatar\/7ca3206950207cc3cb48feec56a8a7898741ab725c368d99d5d7a5a50aab80c6?s=96&d=mm&r=g","url":"https:\/\/secure.gravatar.com\/avatar\/7ca3206950207cc3cb48feec56a8a7898741ab725c368d99d5d7a5a50aab80c6?s=96&d=mm&r=g","contentUrl":"https:\/\/secure.gravatar.com\/avatar\/7ca3206950207cc3cb48feec56a8a7898741ab725c368d99d5d7a5a50aab80c6?s=96&d=mm&r=g","caption":"Thales Brand\u00e3o"},"description":"Editor Executivo do Portal CidadeMarketing.com.br &gt; Mestre em Comunica\u00e7\u00e3o e Sociedade pela Universidade Federal de Sergipe. Possui MBA Executivo em Administra\u00e7\u00e3o com \u00eanfase em Marketing pela Funda\u00e7\u00e3o Get\u00falio Vargas - Rio de Janeiro. Consultor, Palestrante e Pesquisador sobre Empreendedorismo, Marketing, Redes Sociais e Neg\u00f3cios Digitais. Professor, Palestrante TedxTalks e Campus Party. Twitter: @ThalesBrandao","sameAs":["http:\/\/www.mandacaru.com.br","https:\/\/www.facebook.com\/thalesbrandao","http:\/\/www.instagram.com.br\/thalesbrandaoferreira","https:\/\/www.linkedin.com\/in\/thales-brand\u00e3o-3948609\/","https:\/\/x.com\/http:\/\/www.twitter.com\/thalesbrandao"],"url":"https:\/\/www.cidademarketing.com.br\/marketing\/author\/thalesbrandao\/"}]}},"amp_enabled":true,"_links":{"self":[{"href":"https:\/\/www.cidademarketing.com.br\/marketing\/wp-json\/wp\/v2\/posts\/26266","targetHints":{"allow":["GET"]}}],"collection":[{"href":"https:\/\/www.cidademarketing.com.br\/marketing\/wp-json\/wp\/v2\/posts"}],"about":[{"href":"https:\/\/www.cidademarketing.com.br\/marketing\/wp-json\/wp\/v2\/types\/post"}],"author":[{"embeddable":true,"href":"https:\/\/www.cidademarketing.com.br\/marketing\/wp-json\/wp\/v2\/users\/1"}],"replies":[{"embeddable":true,"href":"https:\/\/www.cidademarketing.com.br\/marketing\/wp-json\/wp\/v2\/comments?post=26266"}],"version-history":[{"count":1,"href":"https:\/\/www.cidademarketing.com.br\/marketing\/wp-json\/wp\/v2\/posts\/26266\/revisions"}],"predecessor-version":[{"id":26268,"href":"https:\/\/www.cidademarketing.com.br\/marketing\/wp-json\/wp\/v2\/posts\/26266\/revisions\/26268"}],"wp:featuredmedia":[{"embeddable":true,"href":"https:\/\/www.cidademarketing.com.br\/marketing\/wp-json\/wp\/v2\/media\/26267"}],"wp:attachment":[{"href":"https:\/\/www.cidademarketing.com.br\/marketing\/wp-json\/wp\/v2\/media?parent=26266"}],"wp:term":[{"taxonomy":"category","embeddable":true,"href":"https:\/\/www.cidademarketing.com.br\/marketing\/wp-json\/wp\/v2\/categories?post=26266"},{"taxonomy":"post_tag","embeddable":true,"href":"https:\/\/www.cidademarketing.com.br\/marketing\/wp-json\/wp\/v2\/tags?post=26266"}],"curies":[{"name":"wp","href":"https:\/\/api.w.org\/{rel}","templated":true}]}}