{"id":26255,"date":"2021-07-28T13:13:26","date_gmt":"2021-07-28T16:13:26","guid":{"rendered":"https:\/\/www.cidademarketing.com.br\/marketing\/?p=26255"},"modified":"2021-07-28T13:13:59","modified_gmt":"2021-07-28T16:13:59","slug":"caio-souza-finaliza-participacao-no-individual-geral-da-ginastica-artistica-dos-jogos-de-toquio","status":"publish","type":"post","link":"https:\/\/www.cidademarketing.com.br\/marketing\/2021\/07\/28\/caio-souza-finaliza-participacao-no-individual-geral-da-ginastica-artistica-dos-jogos-de-toquio\/","title":{"rendered":"Caio Souza finaliza participa\u00e7\u00e3o no individual geral da gin\u00e1stica art\u00edstica dos Jogos de T\u00f3quio"},"content":{"rendered":"\n<p>O ginasta <strong>Caio Souza<\/strong>, integrante do <strong>Time Ajinomoto<\/strong>, encerrou nesta quarta-feira (28) sua participa\u00e7\u00e3o na final do individual geral da<strong> gin\u00e1stica art\u00edstica<\/strong> dos Jogos de T\u00f3quio. Na Ariake Arena, o brasileiro terminou em 17\u00ba lugar, com a nota 81.532. Na fase de classifica\u00e7\u00e3o, ele alcan\u00e7ou 84.298.<\/p>\n\n\n\n<p>Agora, Caio volta sua aten\u00e7\u00e3o para a disputa da final do salto sobre a mesa, prevista para a pr\u00f3xima segunda-feira (2), a partir das 6h30. Na qualifica\u00e7\u00e3o do aparelho, o brasileiro teve um \u00f3timo desempenho, tendo como nota m\u00e9dia 14.600. No primeiro salto naquela prova, disputado no \u00faltimo s\u00e1bado (24), ele tirou 14.800.<\/p>\n\n\n\n<p>Nesta quarta-feira, o ginasta do Time Ajinomoto chegou a ocupar a terceira coloca\u00e7\u00e3o no in\u00edcio da prova, por\u00e9m foi superado pelos advers\u00e1rios ao longo da apresenta\u00e7\u00e3o. Ele finalizou sua participa\u00e7\u00e3o com as notas 12.133 no cavalo com al\u00e7as; 14.500 nas argolas; 14.200 no salto; 14.500 nas paralelas; 13.266 na barra fixa; e 12.933 no solo.<\/p>\n\n\n\n<p>\u201cEstou feliz com a minha apresenta\u00e7\u00e3o. \u00d3bvio que tive erros, treinamos muito para que n\u00e3o aconte\u00e7am, mas eu estou feliz porque hoje eu me tornei um finalista ol\u00edmpico. Isso \u00e9 indescrit\u00edvel. Ent\u00e3o, estou muito satisfeito com o que aconteceu, apesar de tudo\u201d, afirmou Caio Souza, que j\u00e1 pensa na prepara\u00e7\u00e3o da final de segunda-feira. &nbsp;\u201cAs finais por aparelho s\u00e3o diferentes e agora \u00e9 avaliar o que aconteceu para tentar melhorar e chegar da melhor forma poss\u00edvel\u201d, completou o ginasta.<\/p>\n\n\n\n<p><strong>Projeto Vit\u00f3ria<\/strong><\/p>\n\n\n\n<p>O Time Ajinomoto faz parte do Projeto Vit\u00f3ria, iniciativa criada pela empresa em 2003, no Jap\u00e3o, e que chegou ao Brasil em 2019 com o objetivo de contribuir para o fortalecimento do esporte nacional. Atualmente,&nbsp;32 atletas&nbsp;ol\u00edmpicos e paral\u00edmpicos comp\u00f5em o grupo e recebem suporte relativo \u00e0 nutri\u00e7\u00e3o e aos benef\u00edcios da ingest\u00e3o de amino\u00e1cidos por esportistas de alto rendimento.<\/p>\n","protected":false},"excerpt":{"rendered":"<p>O ginasta Caio Souza, integrante do Time Ajinomoto, encerrou nesta quarta-feira (28) sua participa\u00e7\u00e3o na final do individual geral da gin\u00e1stica art\u00edstica dos Jogos de T\u00f3quio. Na Ariake Arena, o brasileiro terminou em 17\u00ba lugar, com a nota 81.532. Na fase de classifica\u00e7\u00e3o, ele alcan\u00e7ou 84.298. Agora, Caio volta sua aten\u00e7\u00e3o para a disputa da [&hellip;]<\/p>\n","protected":false},"author":1,"featured_media":26256,"comment_status":"open","ping_status":"open","sticky":false,"template":"","format":"standard","meta":{"tdm_status":"","tdm_grid_status":"","footnotes":""},"categories":[6],"tags":[2168,4165,33,28],"class_list":["post-26255","post","type-post","status-publish","format-standard","has-post-thumbnail","hentry","category-noticias","tag-ajinomoto","tag-caio-souza","tag-estrategia","tag-marketing"],"yoast_head":"<!-- This site is optimized with the Yoast SEO plugin v27.5 - https:\/\/yoast.com\/product\/yoast-seo-wordpress\/ -->\n<title>Caio Souza finaliza participa\u00e7\u00e3o no individual geral da gin\u00e1stica art\u00edstica dos Jogos de T\u00f3quio - CidadeMarketing<\/title>\n<meta name=\"robots\" content=\"index, follow, max-snippet:-1, max-image-preview:large, max-video-preview:-1\" \/>\n<link rel=\"canonical\" href=\"https:\/\/www.cidademarketing.com.br\/marketing\/2021\/07\/28\/caio-souza-finaliza-participacao-no-individual-geral-da-ginastica-artistica-dos-jogos-de-toquio\/\" \/>\n<meta property=\"og:locale\" content=\"pt_BR\" \/>\n<meta property=\"og:type\" content=\"article\" \/>\n<meta property=\"og:title\" content=\"Caio Souza finaliza participa\u00e7\u00e3o no individual geral da gin\u00e1stica art\u00edstica dos Jogos de T\u00f3quio - CidadeMarketing\" \/>\n<meta property=\"og:description\" content=\"O ginasta Caio Souza, integrante do Time Ajinomoto, encerrou nesta quarta-feira (28) sua participa\u00e7\u00e3o na final do individual geral da gin\u00e1stica art\u00edstica dos Jogos de T\u00f3quio. Na Ariake Arena, o brasileiro terminou em 17\u00ba lugar, com a nota 81.532. Na fase de classifica\u00e7\u00e3o, ele alcan\u00e7ou 84.298. Agora, Caio volta sua aten\u00e7\u00e3o para a disputa da [&hellip;]\" \/>\n<meta property=\"og:url\" content=\"https:\/\/www.cidademarketing.com.br\/marketing\/2021\/07\/28\/caio-souza-finaliza-participacao-no-individual-geral-da-ginastica-artistica-dos-jogos-de-toquio\/\" \/>\n<meta property=\"og:site_name\" content=\"CidadeMarketing\" \/>\n<meta property=\"article:publisher\" content=\"https:\/\/www.facebook.com\/portalcidademarketing\" \/>\n<meta property=\"article:author\" content=\"https:\/\/www.facebook.com\/thalesbrandao\" \/>\n<meta property=\"article:published_time\" content=\"2021-07-28T16:13:26+00:00\" \/>\n<meta property=\"article:modified_time\" content=\"2021-07-28T16:13:59+00:00\" \/>\n<meta property=\"og:image\" content=\"https:\/\/www.cidademarketing.com.br\/marketing\/wp-content\/uploads\/2021\/07\/Ginastica-Caio-Souza-Julio-Cesar-Guimaraes-COB-scaled.jpg\" \/>\n\t<meta property=\"og:image:width\" content=\"2560\" \/>\n\t<meta property=\"og:image:height\" content=\"1707\" \/>\n\t<meta property=\"og:image:type\" content=\"image\/jpeg\" \/>\n<meta name=\"author\" content=\"Thales Brand\u00e3o\" \/>\n<meta name=\"twitter:card\" content=\"summary_large_image\" \/>\n<meta name=\"twitter:creator\" content=\"@http:\/\/www.twitter.com\/thalesbrandao\" \/>\n<meta name=\"twitter:site\" content=\"@CidadeMarketing\" \/>\n<meta name=\"twitter:label1\" content=\"Escrito por\" \/>\n\t<meta name=\"twitter:data1\" content=\"Thales Brand\u00e3o\" \/>\n\t<meta name=\"twitter:label2\" content=\"Est. tempo de leitura\" \/>\n\t<meta name=\"twitter:data2\" content=\"2 minutos\" \/>\n<script type=\"application\/ld+json\" class=\"yoast-schema-graph\">{\"@context\":\"https:\\\/\\\/schema.org\",\"@graph\":[{\"@type\":\"Article\",\"@id\":\"https:\\\/\\\/www.cidademarketing.com.br\\\/marketing\\\/2021\\\/07\\\/28\\\/caio-souza-finaliza-participacao-no-individual-geral-da-ginastica-artistica-dos-jogos-de-toquio\\\/#article\",\"isPartOf\":{\"@id\":\"https:\\\/\\\/www.cidademarketing.com.br\\\/marketing\\\/2021\\\/07\\\/28\\\/caio-souza-finaliza-participacao-no-individual-geral-da-ginastica-artistica-dos-jogos-de-toquio\\\/\"},\"author\":{\"name\":\"Thales Brand\u00e3o\",\"@id\":\"https:\\\/\\\/www.cidademarketing.com.br\\\/marketing\\\/#\\\/schema\\\/person\\\/02daff9f18bd9378c9e01eb6b2db155f\"},\"headline\":\"Caio Souza finaliza participa\u00e7\u00e3o no individual geral da gin\u00e1stica art\u00edstica dos Jogos de T\u00f3quio\",\"datePublished\":\"2021-07-28T16:13:26+00:00\",\"dateModified\":\"2021-07-28T16:13:59+00:00\",\"mainEntityOfPage\":{\"@id\":\"https:\\\/\\\/www.cidademarketing.com.br\\\/marketing\\\/2021\\\/07\\\/28\\\/caio-souza-finaliza-participacao-no-individual-geral-da-ginastica-artistica-dos-jogos-de-toquio\\\/\"},\"wordCount\":334,\"commentCount\":0,\"publisher\":{\"@id\":\"https:\\\/\\\/www.cidademarketing.com.br\\\/marketing\\\/#organization\"},\"image\":{\"@id\":\"https:\\\/\\\/www.cidademarketing.com.br\\\/marketing\\\/2021\\\/07\\\/28\\\/caio-souza-finaliza-participacao-no-individual-geral-da-ginastica-artistica-dos-jogos-de-toquio\\\/#primaryimage\"},\"thumbnailUrl\":\"https:\\\/\\\/www.cidademarketing.com.br\\\/marketing\\\/wp-content\\\/uploads\\\/2021\\\/07\\\/Ginastica-Caio-Souza-Julio-Cesar-Guimaraes-COB-scaled.jpg\",\"keywords\":[\"Ajinomoto\",\"Caio Souza\",\"estrat\u00e9gia\",\"marketing\"],\"articleSection\":[\"Not\u00edcias\"],\"inLanguage\":\"pt-BR\",\"potentialAction\":[{\"@type\":\"CommentAction\",\"name\":\"Comment\",\"target\":[\"https:\\\/\\\/www.cidademarketing.com.br\\\/marketing\\\/2021\\\/07\\\/28\\\/caio-souza-finaliza-participacao-no-individual-geral-da-ginastica-artistica-dos-jogos-de-toquio\\\/#respond\"]}]},{\"@type\":\"WebPage\",\"@id\":\"https:\\\/\\\/www.cidademarketing.com.br\\\/marketing\\\/2021\\\/07\\\/28\\\/caio-souza-finaliza-participacao-no-individual-geral-da-ginastica-artistica-dos-jogos-de-toquio\\\/\",\"url\":\"https:\\\/\\\/www.cidademarketing.com.br\\\/marketing\\\/2021\\\/07\\\/28\\\/caio-souza-finaliza-participacao-no-individual-geral-da-ginastica-artistica-dos-jogos-de-toquio\\\/\",\"name\":\"Caio Souza finaliza participa\u00e7\u00e3o no individual geral da gin\u00e1stica art\u00edstica dos Jogos de T\u00f3quio - CidadeMarketing\",\"isPartOf\":{\"@id\":\"https:\\\/\\\/www.cidademarketing.com.br\\\/marketing\\\/#website\"},\"primaryImageOfPage\":{\"@id\":\"https:\\\/\\\/www.cidademarketing.com.br\\\/marketing\\\/2021\\\/07\\\/28\\\/caio-souza-finaliza-participacao-no-individual-geral-da-ginastica-artistica-dos-jogos-de-toquio\\\/#primaryimage\"},\"image\":{\"@id\":\"https:\\\/\\\/www.cidademarketing.com.br\\\/marketing\\\/2021\\\/07\\\/28\\\/caio-souza-finaliza-participacao-no-individual-geral-da-ginastica-artistica-dos-jogos-de-toquio\\\/#primaryimage\"},\"thumbnailUrl\":\"https:\\\/\\\/www.cidademarketing.com.br\\\/marketing\\\/wp-content\\\/uploads\\\/2021\\\/07\\\/Ginastica-Caio-Souza-Julio-Cesar-Guimaraes-COB-scaled.jpg\",\"datePublished\":\"2021-07-28T16:13:26+00:00\",\"dateModified\":\"2021-07-28T16:13:59+00:00\",\"breadcrumb\":{\"@id\":\"https:\\\/\\\/www.cidademarketing.com.br\\\/marketing\\\/2021\\\/07\\\/28\\\/caio-souza-finaliza-participacao-no-individual-geral-da-ginastica-artistica-dos-jogos-de-toquio\\\/#breadcrumb\"},\"inLanguage\":\"pt-BR\",\"potentialAction\":[{\"@type\":\"ReadAction\",\"target\":[\"https:\\\/\\\/www.cidademarketing.com.br\\\/marketing\\\/2021\\\/07\\\/28\\\/caio-souza-finaliza-participacao-no-individual-geral-da-ginastica-artistica-dos-jogos-de-toquio\\\/\"]}]},{\"@type\":\"ImageObject\",\"inLanguage\":\"pt-BR\",\"@id\":\"https:\\\/\\\/www.cidademarketing.com.br\\\/marketing\\\/2021\\\/07\\\/28\\\/caio-souza-finaliza-participacao-no-individual-geral-da-ginastica-artistica-dos-jogos-de-toquio\\\/#primaryimage\",\"url\":\"https:\\\/\\\/www.cidademarketing.com.br\\\/marketing\\\/wp-content\\\/uploads\\\/2021\\\/07\\\/Ginastica-Caio-Souza-Julio-Cesar-Guimaraes-COB-scaled.jpg\",\"contentUrl\":\"https:\\\/\\\/www.cidademarketing.com.br\\\/marketing\\\/wp-content\\\/uploads\\\/2021\\\/07\\\/Ginastica-Caio-Souza-Julio-Cesar-Guimaraes-COB-scaled.jpg\",\"width\":2560,\"height\":1707,\"caption\":\"J\u00falio C\u00e9sar Guimar\u00e3es\\\/COB Caio Souza, ginasta do Time Ajinomoto, treina em base do COB no Jap\u00e3o\"},{\"@type\":\"BreadcrumbList\",\"@id\":\"https:\\\/\\\/www.cidademarketing.com.br\\\/marketing\\\/2021\\\/07\\\/28\\\/caio-souza-finaliza-participacao-no-individual-geral-da-ginastica-artistica-dos-jogos-de-toquio\\\/#breadcrumb\",\"itemListElement\":[{\"@type\":\"ListItem\",\"position\":1,\"name\":\"In\u00edcio\",\"item\":\"https:\\\/\\\/www.cidademarketing.com.br\\\/marketing\\\/\"},{\"@type\":\"ListItem\",\"position\":2,\"name\":\"Caio Souza finaliza participa\u00e7\u00e3o no individual geral da gin\u00e1stica art\u00edstica dos Jogos de T\u00f3quio\"}]},{\"@type\":\"WebSite\",\"@id\":\"https:\\\/\\\/www.cidademarketing.com.br\\\/marketing\\\/#website\",\"url\":\"https:\\\/\\\/www.cidademarketing.com.br\\\/marketing\\\/\",\"name\":\"CidadeMarketing\",\"description\":\"Somos um ve\u00edculo de comunica\u00e7\u00e3o de destaque no Brasil, reconhecido por conte\u00fados nos segmentos de marketing, empreendedorismo e inova\u00e7\u00e3o.\",\"publisher\":{\"@id\":\"https:\\\/\\\/www.cidademarketing.com.br\\\/marketing\\\/#organization\"},\"alternateName\":\"CidadeMarketing\",\"potentialAction\":[{\"@type\":\"SearchAction\",\"target\":{\"@type\":\"EntryPoint\",\"urlTemplate\":\"https:\\\/\\\/www.cidademarketing.com.br\\\/marketing\\\/?s={search_term_string}\"},\"query-input\":{\"@type\":\"PropertyValueSpecification\",\"valueRequired\":true,\"valueName\":\"search_term_string\"}}],\"inLanguage\":\"pt-BR\"},{\"@type\":\"Organization\",\"@id\":\"https:\\\/\\\/www.cidademarketing.com.br\\\/marketing\\\/#organization\",\"name\":\"CidadeMarketing\",\"alternateName\":\"CidadeMarketing\",\"url\":\"https:\\\/\\\/www.cidademarketing.com.br\\\/marketing\\\/\",\"logo\":{\"@type\":\"ImageObject\",\"inLanguage\":\"pt-BR\",\"@id\":\"https:\\\/\\\/www.cidademarketing.com.br\\\/marketing\\\/#\\\/schema\\\/logo\\\/image\\\/\",\"url\":\"https:\\\/\\\/www.cidademarketing.com.br\\\/marketing\\\/wp-content\\\/uploads\\\/2020\\\/01\\\/cidademarketing_marca_mobile.png\",\"contentUrl\":\"https:\\\/\\\/www.cidademarketing.com.br\\\/marketing\\\/wp-content\\\/uploads\\\/2020\\\/01\\\/cidademarketing_marca_mobile.png\",\"width\":230,\"height\":92,\"caption\":\"CidadeMarketing\"},\"image\":{\"@id\":\"https:\\\/\\\/www.cidademarketing.com.br\\\/marketing\\\/#\\\/schema\\\/logo\\\/image\\\/\"},\"sameAs\":[\"https:\\\/\\\/www.facebook.com\\\/portalcidademarketing\",\"https:\\\/\\\/x.com\\\/CidadeMarketing\",\"https:\\\/\\\/www.instagram.com\\\/cidademarketing\\\/\"]},{\"@type\":\"Person\",\"@id\":\"https:\\\/\\\/www.cidademarketing.com.br\\\/marketing\\\/#\\\/schema\\\/person\\\/02daff9f18bd9378c9e01eb6b2db155f\",\"name\":\"Thales Brand\u00e3o\",\"image\":{\"@type\":\"ImageObject\",\"inLanguage\":\"pt-BR\",\"@id\":\"https:\\\/\\\/secure.gravatar.com\\\/avatar\\\/7ca3206950207cc3cb48feec56a8a7898741ab725c368d99d5d7a5a50aab80c6?s=96&d=mm&r=g\",\"url\":\"https:\\\/\\\/secure.gravatar.com\\\/avatar\\\/7ca3206950207cc3cb48feec56a8a7898741ab725c368d99d5d7a5a50aab80c6?s=96&d=mm&r=g\",\"contentUrl\":\"https:\\\/\\\/secure.gravatar.com\\\/avatar\\\/7ca3206950207cc3cb48feec56a8a7898741ab725c368d99d5d7a5a50aab80c6?s=96&d=mm&r=g\",\"caption\":\"Thales Brand\u00e3o\"},\"description\":\"Editor Executivo do Portal CidadeMarketing.com.br &gt; Mestre em Comunica\u00e7\u00e3o e Sociedade pela Universidade Federal de Sergipe. Possui MBA Executivo em Administra\u00e7\u00e3o com \u00eanfase em Marketing pela Funda\u00e7\u00e3o Get\u00falio Vargas - Rio de Janeiro. Consultor, Palestrante e Pesquisador sobre Empreendedorismo, Marketing, Redes Sociais e Neg\u00f3cios Digitais. Professor, Palestrante TedxTalks e Campus Party. Twitter: @ThalesBrandao\",\"sameAs\":[\"http:\\\/\\\/www.mandacaru.com.br\",\"https:\\\/\\\/www.facebook.com\\\/thalesbrandao\",\"http:\\\/\\\/www.instagram.com.br\\\/thalesbrandaoferreira\",\"https:\\\/\\\/www.linkedin.com\\\/in\\\/thales-brand\u00e3o-3948609\\\/\",\"https:\\\/\\\/x.com\\\/http:\\\/\\\/www.twitter.com\\\/thalesbrandao\"],\"url\":\"https:\\\/\\\/www.cidademarketing.com.br\\\/marketing\\\/author\\\/thalesbrandao\\\/\"}]}<\/script>\n<!-- \/ Yoast SEO plugin. -->","yoast_head_json":{"title":"Caio Souza finaliza participa\u00e7\u00e3o no individual geral da gin\u00e1stica art\u00edstica dos Jogos de T\u00f3quio - CidadeMarketing","robots":{"index":"index","follow":"follow","max-snippet":"max-snippet:-1","max-image-preview":"max-image-preview:large","max-video-preview":"max-video-preview:-1"},"canonical":"https:\/\/www.cidademarketing.com.br\/marketing\/2021\/07\/28\/caio-souza-finaliza-participacao-no-individual-geral-da-ginastica-artistica-dos-jogos-de-toquio\/","og_locale":"pt_BR","og_type":"article","og_title":"Caio Souza finaliza participa\u00e7\u00e3o no individual geral da gin\u00e1stica art\u00edstica dos Jogos de T\u00f3quio - CidadeMarketing","og_description":"O ginasta Caio Souza, integrante do Time Ajinomoto, encerrou nesta quarta-feira (28) sua participa\u00e7\u00e3o na final do individual geral da gin\u00e1stica art\u00edstica dos Jogos de T\u00f3quio. Na Ariake Arena, o brasileiro terminou em 17\u00ba lugar, com a nota 81.532. Na fase de classifica\u00e7\u00e3o, ele alcan\u00e7ou 84.298. Agora, Caio volta sua aten\u00e7\u00e3o para a disputa da [&hellip;]","og_url":"https:\/\/www.cidademarketing.com.br\/marketing\/2021\/07\/28\/caio-souza-finaliza-participacao-no-individual-geral-da-ginastica-artistica-dos-jogos-de-toquio\/","og_site_name":"CidadeMarketing","article_publisher":"https:\/\/www.facebook.com\/portalcidademarketing","article_author":"https:\/\/www.facebook.com\/thalesbrandao","article_published_time":"2021-07-28T16:13:26+00:00","article_modified_time":"2021-07-28T16:13:59+00:00","og_image":[{"width":2560,"height":1707,"url":"https:\/\/www.cidademarketing.com.br\/marketing\/wp-content\/uploads\/2021\/07\/Ginastica-Caio-Souza-Julio-Cesar-Guimaraes-COB-scaled.jpg","type":"image\/jpeg"}],"author":"Thales Brand\u00e3o","twitter_card":"summary_large_image","twitter_creator":"@http:\/\/www.twitter.com\/thalesbrandao","twitter_site":"@CidadeMarketing","twitter_misc":{"Escrito por":"Thales Brand\u00e3o","Est. tempo de leitura":"2 minutos"},"schema":{"@context":"https:\/\/schema.org","@graph":[{"@type":"Article","@id":"https:\/\/www.cidademarketing.com.br\/marketing\/2021\/07\/28\/caio-souza-finaliza-participacao-no-individual-geral-da-ginastica-artistica-dos-jogos-de-toquio\/#article","isPartOf":{"@id":"https:\/\/www.cidademarketing.com.br\/marketing\/2021\/07\/28\/caio-souza-finaliza-participacao-no-individual-geral-da-ginastica-artistica-dos-jogos-de-toquio\/"},"author":{"name":"Thales Brand\u00e3o","@id":"https:\/\/www.cidademarketing.com.br\/marketing\/#\/schema\/person\/02daff9f18bd9378c9e01eb6b2db155f"},"headline":"Caio Souza finaliza participa\u00e7\u00e3o no individual geral da gin\u00e1stica art\u00edstica dos Jogos de T\u00f3quio","datePublished":"2021-07-28T16:13:26+00:00","dateModified":"2021-07-28T16:13:59+00:00","mainEntityOfPage":{"@id":"https:\/\/www.cidademarketing.com.br\/marketing\/2021\/07\/28\/caio-souza-finaliza-participacao-no-individual-geral-da-ginastica-artistica-dos-jogos-de-toquio\/"},"wordCount":334,"commentCount":0,"publisher":{"@id":"https:\/\/www.cidademarketing.com.br\/marketing\/#organization"},"image":{"@id":"https:\/\/www.cidademarketing.com.br\/marketing\/2021\/07\/28\/caio-souza-finaliza-participacao-no-individual-geral-da-ginastica-artistica-dos-jogos-de-toquio\/#primaryimage"},"thumbnailUrl":"https:\/\/www.cidademarketing.com.br\/marketing\/wp-content\/uploads\/2021\/07\/Ginastica-Caio-Souza-Julio-Cesar-Guimaraes-COB-scaled.jpg","keywords":["Ajinomoto","Caio Souza","estrat\u00e9gia","marketing"],"articleSection":["Not\u00edcias"],"inLanguage":"pt-BR","potentialAction":[{"@type":"CommentAction","name":"Comment","target":["https:\/\/www.cidademarketing.com.br\/marketing\/2021\/07\/28\/caio-souza-finaliza-participacao-no-individual-geral-da-ginastica-artistica-dos-jogos-de-toquio\/#respond"]}]},{"@type":"WebPage","@id":"https:\/\/www.cidademarketing.com.br\/marketing\/2021\/07\/28\/caio-souza-finaliza-participacao-no-individual-geral-da-ginastica-artistica-dos-jogos-de-toquio\/","url":"https:\/\/www.cidademarketing.com.br\/marketing\/2021\/07\/28\/caio-souza-finaliza-participacao-no-individual-geral-da-ginastica-artistica-dos-jogos-de-toquio\/","name":"Caio Souza finaliza participa\u00e7\u00e3o no individual geral da gin\u00e1stica art\u00edstica dos Jogos de T\u00f3quio - CidadeMarketing","isPartOf":{"@id":"https:\/\/www.cidademarketing.com.br\/marketing\/#website"},"primaryImageOfPage":{"@id":"https:\/\/www.cidademarketing.com.br\/marketing\/2021\/07\/28\/caio-souza-finaliza-participacao-no-individual-geral-da-ginastica-artistica-dos-jogos-de-toquio\/#primaryimage"},"image":{"@id":"https:\/\/www.cidademarketing.com.br\/marketing\/2021\/07\/28\/caio-souza-finaliza-participacao-no-individual-geral-da-ginastica-artistica-dos-jogos-de-toquio\/#primaryimage"},"thumbnailUrl":"https:\/\/www.cidademarketing.com.br\/marketing\/wp-content\/uploads\/2021\/07\/Ginastica-Caio-Souza-Julio-Cesar-Guimaraes-COB-scaled.jpg","datePublished":"2021-07-28T16:13:26+00:00","dateModified":"2021-07-28T16:13:59+00:00","breadcrumb":{"@id":"https:\/\/www.cidademarketing.com.br\/marketing\/2021\/07\/28\/caio-souza-finaliza-participacao-no-individual-geral-da-ginastica-artistica-dos-jogos-de-toquio\/#breadcrumb"},"inLanguage":"pt-BR","potentialAction":[{"@type":"ReadAction","target":["https:\/\/www.cidademarketing.com.br\/marketing\/2021\/07\/28\/caio-souza-finaliza-participacao-no-individual-geral-da-ginastica-artistica-dos-jogos-de-toquio\/"]}]},{"@type":"ImageObject","inLanguage":"pt-BR","@id":"https:\/\/www.cidademarketing.com.br\/marketing\/2021\/07\/28\/caio-souza-finaliza-participacao-no-individual-geral-da-ginastica-artistica-dos-jogos-de-toquio\/#primaryimage","url":"https:\/\/www.cidademarketing.com.br\/marketing\/wp-content\/uploads\/2021\/07\/Ginastica-Caio-Souza-Julio-Cesar-Guimaraes-COB-scaled.jpg","contentUrl":"https:\/\/www.cidademarketing.com.br\/marketing\/wp-content\/uploads\/2021\/07\/Ginastica-Caio-Souza-Julio-Cesar-Guimaraes-COB-scaled.jpg","width":2560,"height":1707,"caption":"J\u00falio C\u00e9sar Guimar\u00e3es\/COB Caio Souza, ginasta do Time Ajinomoto, treina em base do COB no Jap\u00e3o"},{"@type":"BreadcrumbList","@id":"https:\/\/www.cidademarketing.com.br\/marketing\/2021\/07\/28\/caio-souza-finaliza-participacao-no-individual-geral-da-ginastica-artistica-dos-jogos-de-toquio\/#breadcrumb","itemListElement":[{"@type":"ListItem","position":1,"name":"In\u00edcio","item":"https:\/\/www.cidademarketing.com.br\/marketing\/"},{"@type":"ListItem","position":2,"name":"Caio Souza finaliza participa\u00e7\u00e3o no individual geral da gin\u00e1stica art\u00edstica dos Jogos de T\u00f3quio"}]},{"@type":"WebSite","@id":"https:\/\/www.cidademarketing.com.br\/marketing\/#website","url":"https:\/\/www.cidademarketing.com.br\/marketing\/","name":"CidadeMarketing","description":"Somos um ve\u00edculo de comunica\u00e7\u00e3o de destaque no Brasil, reconhecido por conte\u00fados nos segmentos de marketing, empreendedorismo e inova\u00e7\u00e3o.","publisher":{"@id":"https:\/\/www.cidademarketing.com.br\/marketing\/#organization"},"alternateName":"CidadeMarketing","potentialAction":[{"@type":"SearchAction","target":{"@type":"EntryPoint","urlTemplate":"https:\/\/www.cidademarketing.com.br\/marketing\/?s={search_term_string}"},"query-input":{"@type":"PropertyValueSpecification","valueRequired":true,"valueName":"search_term_string"}}],"inLanguage":"pt-BR"},{"@type":"Organization","@id":"https:\/\/www.cidademarketing.com.br\/marketing\/#organization","name":"CidadeMarketing","alternateName":"CidadeMarketing","url":"https:\/\/www.cidademarketing.com.br\/marketing\/","logo":{"@type":"ImageObject","inLanguage":"pt-BR","@id":"https:\/\/www.cidademarketing.com.br\/marketing\/#\/schema\/logo\/image\/","url":"https:\/\/www.cidademarketing.com.br\/marketing\/wp-content\/uploads\/2020\/01\/cidademarketing_marca_mobile.png","contentUrl":"https:\/\/www.cidademarketing.com.br\/marketing\/wp-content\/uploads\/2020\/01\/cidademarketing_marca_mobile.png","width":230,"height":92,"caption":"CidadeMarketing"},"image":{"@id":"https:\/\/www.cidademarketing.com.br\/marketing\/#\/schema\/logo\/image\/"},"sameAs":["https:\/\/www.facebook.com\/portalcidademarketing","https:\/\/x.com\/CidadeMarketing","https:\/\/www.instagram.com\/cidademarketing\/"]},{"@type":"Person","@id":"https:\/\/www.cidademarketing.com.br\/marketing\/#\/schema\/person\/02daff9f18bd9378c9e01eb6b2db155f","name":"Thales Brand\u00e3o","image":{"@type":"ImageObject","inLanguage":"pt-BR","@id":"https:\/\/secure.gravatar.com\/avatar\/7ca3206950207cc3cb48feec56a8a7898741ab725c368d99d5d7a5a50aab80c6?s=96&d=mm&r=g","url":"https:\/\/secure.gravatar.com\/avatar\/7ca3206950207cc3cb48feec56a8a7898741ab725c368d99d5d7a5a50aab80c6?s=96&d=mm&r=g","contentUrl":"https:\/\/secure.gravatar.com\/avatar\/7ca3206950207cc3cb48feec56a8a7898741ab725c368d99d5d7a5a50aab80c6?s=96&d=mm&r=g","caption":"Thales Brand\u00e3o"},"description":"Editor Executivo do Portal CidadeMarketing.com.br &gt; Mestre em Comunica\u00e7\u00e3o e Sociedade pela Universidade Federal de Sergipe. Possui MBA Executivo em Administra\u00e7\u00e3o com \u00eanfase em Marketing pela Funda\u00e7\u00e3o Get\u00falio Vargas - Rio de Janeiro. Consultor, Palestrante e Pesquisador sobre Empreendedorismo, Marketing, Redes Sociais e Neg\u00f3cios Digitais. Professor, Palestrante TedxTalks e Campus Party. Twitter: @ThalesBrandao","sameAs":["http:\/\/www.mandacaru.com.br","https:\/\/www.facebook.com\/thalesbrandao","http:\/\/www.instagram.com.br\/thalesbrandaoferreira","https:\/\/www.linkedin.com\/in\/thales-brand\u00e3o-3948609\/","https:\/\/x.com\/http:\/\/www.twitter.com\/thalesbrandao"],"url":"https:\/\/www.cidademarketing.com.br\/marketing\/author\/thalesbrandao\/"}]}},"amp_enabled":true,"_links":{"self":[{"href":"https:\/\/www.cidademarketing.com.br\/marketing\/wp-json\/wp\/v2\/posts\/26255","targetHints":{"allow":["GET"]}}],"collection":[{"href":"https:\/\/www.cidademarketing.com.br\/marketing\/wp-json\/wp\/v2\/posts"}],"about":[{"href":"https:\/\/www.cidademarketing.com.br\/marketing\/wp-json\/wp\/v2\/types\/post"}],"author":[{"embeddable":true,"href":"https:\/\/www.cidademarketing.com.br\/marketing\/wp-json\/wp\/v2\/users\/1"}],"replies":[{"embeddable":true,"href":"https:\/\/www.cidademarketing.com.br\/marketing\/wp-json\/wp\/v2\/comments?post=26255"}],"version-history":[{"count":1,"href":"https:\/\/www.cidademarketing.com.br\/marketing\/wp-json\/wp\/v2\/posts\/26255\/revisions"}],"predecessor-version":[{"id":26257,"href":"https:\/\/www.cidademarketing.com.br\/marketing\/wp-json\/wp\/v2\/posts\/26255\/revisions\/26257"}],"wp:featuredmedia":[{"embeddable":true,"href":"https:\/\/www.cidademarketing.com.br\/marketing\/wp-json\/wp\/v2\/media\/26256"}],"wp:attachment":[{"href":"https:\/\/www.cidademarketing.com.br\/marketing\/wp-json\/wp\/v2\/media?parent=26255"}],"wp:term":[{"taxonomy":"category","embeddable":true,"href":"https:\/\/www.cidademarketing.com.br\/marketing\/wp-json\/wp\/v2\/categories?post=26255"},{"taxonomy":"post_tag","embeddable":true,"href":"https:\/\/www.cidademarketing.com.br\/marketing\/wp-json\/wp\/v2\/tags?post=26255"}],"curies":[{"name":"wp","href":"https:\/\/api.w.org\/{rel}","templated":true}]}}