{"id":26218,"date":"2021-07-28T09:59:40","date_gmt":"2021-07-28T12:59:40","guid":{"rendered":"https:\/\/www.cidademarketing.com.br\/marketing\/?p=26218"},"modified":"2021-07-28T09:59:43","modified_gmt":"2021-07-28T12:59:43","slug":"edital-seleciona-empreendedoras-para-apoiar-projetos-de-comunicacao-e-marketing","status":"publish","type":"post","link":"https:\/\/www.cidademarketing.com.br\/marketing\/2021\/07\/28\/edital-seleciona-empreendedoras-para-apoiar-projetos-de-comunicacao-e-marketing\/","title":{"rendered":"Edital seleciona empreendedoras para apoiar projetos de comunica\u00e7\u00e3o e marketing"},"content":{"rendered":"\n<p>Conhecer e apoiar hist\u00f3rias e trajet\u00f3rias de mulheres empreendedoras em todo o Brasil \u00e9 um compromisso social da Vocali, ag\u00eancia de comunica\u00e7\u00e3o corporativa e inbound marketing que est\u00e1 \u00e0 frente do Projeto Cora. O programa criado em 2018 atua com foco na divulga\u00e7\u00e3o e fortalecimento de neg\u00f3cios com lideran\u00e7as femininas e j\u00e1 apoiou mais de 30 empreendedoras. Como mais uma a\u00e7\u00e3o do projeto, a ag\u00eancia idealizou o edital <em>Antonieta de Barros de Solu\u00e7\u00f5es de Comunica\u00e7\u00e3o e Marketing para Mulheres Empreendedoras<\/em>.&nbsp;<\/p>\n\n\n\n<p>Em sua primeira edi\u00e7\u00e3o, a iniciativa vai selecionar tr\u00eas neg\u00f3cios fundados e liderados por mulheres para ganharem solu\u00e7\u00f5es em comunica\u00e7\u00e3o em marketing no formato de consultoria.<\/p>\n\n\n\n<p>Segundo o estudo do Global Media Monitoring Project (GMMP), que analisou mais de 30 mil reportagens em setembro de 2020 publicadas em mais de 100 pa\u00edses, apenas 40% das mat\u00e9rias divulgadas em ve\u00edculos de imprensa foram protagonizadas por mulheres. A pesquisa alerta para um <em>gap <\/em>de mais de 60 anos para reparar a invisibilidade feminina, caso essa tend\u00eancia se mantenha.<\/p>\n\n\n\n<p>\u201cCriamos o Cora para colaborar de alguma forma com a equidade de g\u00eanero no meio corporativo e nos ve\u00edculos de comunica\u00e7\u00e3o. Fazemos isso conhecendo e divulgando hist\u00f3rias de mulheres empreendedoras e executivas e queremos fazer mais, por isso abrimos o Edital. Vamos usar a expertise de todos esses 15 anos de ag\u00eancia para ajudar e potencializar a comunica\u00e7\u00e3o dos projetos selecionados\u201d, explica Clarissa Antunes, s\u00f3cia-fundadora da Vocali e idealizadora do Projeto Cora.<\/p>\n\n\n\n<p>O edital \u00e9 voltado para mulheres microempreendedoras individuais, empreendedoras sociais e tamb\u00e9m aut\u00f4nomas que abriram seu pr\u00f3prio neg\u00f3cio e buscam expandir seus conhecimentos e seus projetos por meio da comunica\u00e7\u00e3o e do marketing.&nbsp;<\/p>\n\n\n\n<p>As inscri\u00e7\u00f5es est\u00e3o abertas at\u00e9 o dia 20 de agosto e podem ser realizadas por meio deste <a href=\"https:\/\/conteudo.vocali.com.br\/projeto-cora-edital-antonieta\" target=\"_blank\" rel=\"noreferrer noopener\">formul\u00e1rio<\/a>.<\/p>\n\n\n\n<p>Acesse o <a href=\"https:\/\/conteudo.vocali.com.br\/projeto-cora-edital-antonieta\" target=\"_blank\" rel=\"noreferrer noopener\">Edital na \u00edntegra<\/a><\/p>\n\n\n\n<p><strong>Homenagem \u00e0 Antonieta de Barros<\/strong><\/p>\n\n\n\n<p>A data para o lan\u00e7amento do edital \u00e9 alusiva ao m\u00eas em que se comemora os 120 anos de nascimento de Antonieta de Barros. Mulher, escritora, jornalista e professora, Antonieta foi a primeira deputada estadual negra do Brasil e a primeira deputada mulher no Parlamento estadual de Santa Catarina. Fundou uma escola de curso prim\u00e1rio em Florian\u00f3polis e lecionou na rede p\u00fablica de educa\u00e7\u00e3o de Santa Catarina.<\/p>\n\n\n\n<p>Sua trajet\u00f3ria inspiradora transcende o tempo, sendo um exemplo atual de dedica\u00e7\u00e3o, coragem e pioneirismo feminino em diversos espa\u00e7os.<\/p>\n","protected":false},"excerpt":{"rendered":"<p>Conhecer e apoiar hist\u00f3rias e trajet\u00f3rias de mulheres empreendedoras em todo o Brasil \u00e9 um compromisso social da Vocali, ag\u00eancia de comunica\u00e7\u00e3o corporativa e inbound marketing que est\u00e1 \u00e0 frente do Projeto Cora. O programa criado em 2018 atua com foco na divulga\u00e7\u00e3o e fortalecimento de neg\u00f3cios com lideran\u00e7as femininas e j\u00e1 apoiou mais de [&hellip;]<\/p>\n","protected":false},"author":1,"featured_media":26219,"comment_status":"open","ping_status":"open","sticky":false,"template":"","format":"standard","meta":{"tdm_status":"","tdm_grid_status":"","footnotes":""},"categories":[6],"tags":[308,27,3266],"class_list":["post-26218","post","type-post","status-publish","format-standard","has-post-thumbnail","hentry","category-noticias","tag-comunicacao","tag-empreendedorismo","tag-empreendedorismo-feminino"],"yoast_head":"<!-- This site is optimized with the Yoast SEO plugin v27.5 - https:\/\/yoast.com\/product\/yoast-seo-wordpress\/ -->\n<title>Edital seleciona empreendedoras para apoiar projetos de comunica\u00e7\u00e3o e marketing - CidadeMarketing<\/title>\n<meta name=\"robots\" content=\"index, follow, max-snippet:-1, max-image-preview:large, max-video-preview:-1\" \/>\n<link rel=\"canonical\" href=\"https:\/\/www.cidademarketing.com.br\/marketing\/2021\/07\/28\/edital-seleciona-empreendedoras-para-apoiar-projetos-de-comunicacao-e-marketing\/\" \/>\n<meta property=\"og:locale\" content=\"pt_BR\" \/>\n<meta property=\"og:type\" content=\"article\" \/>\n<meta property=\"og:title\" content=\"Edital seleciona empreendedoras para apoiar projetos de comunica\u00e7\u00e3o e marketing - CidadeMarketing\" \/>\n<meta property=\"og:description\" content=\"Conhecer e apoiar hist\u00f3rias e trajet\u00f3rias de mulheres empreendedoras em todo o Brasil \u00e9 um compromisso social da Vocali, ag\u00eancia de comunica\u00e7\u00e3o corporativa e inbound marketing que est\u00e1 \u00e0 frente do Projeto Cora. O programa criado em 2018 atua com foco na divulga\u00e7\u00e3o e fortalecimento de neg\u00f3cios com lideran\u00e7as femininas e j\u00e1 apoiou mais de [&hellip;]\" \/>\n<meta property=\"og:url\" content=\"https:\/\/www.cidademarketing.com.br\/marketing\/2021\/07\/28\/edital-seleciona-empreendedoras-para-apoiar-projetos-de-comunicacao-e-marketing\/\" \/>\n<meta property=\"og:site_name\" content=\"CidadeMarketing\" \/>\n<meta property=\"article:publisher\" content=\"https:\/\/www.facebook.com\/portalcidademarketing\" \/>\n<meta property=\"article:author\" content=\"https:\/\/www.facebook.com\/thalesbrandao\" \/>\n<meta property=\"article:published_time\" content=\"2021-07-28T12:59:40+00:00\" \/>\n<meta property=\"article:modified_time\" content=\"2021-07-28T12:59:43+00:00\" \/>\n<meta property=\"og:image\" content=\"https:\/\/www.cidademarketing.com.br\/marketing\/wp-content\/uploads\/2021\/07\/empreendedorismo_feminino_edital.png\" \/>\n\t<meta property=\"og:image:width\" content=\"1920\" \/>\n\t<meta property=\"og:image:height\" content=\"1200\" \/>\n\t<meta property=\"og:image:type\" content=\"image\/png\" \/>\n<meta name=\"author\" content=\"Thales Brand\u00e3o\" \/>\n<meta name=\"twitter:card\" content=\"summary_large_image\" \/>\n<meta name=\"twitter:creator\" content=\"@http:\/\/www.twitter.com\/thalesbrandao\" \/>\n<meta name=\"twitter:site\" content=\"@CidadeMarketing\" \/>\n<meta name=\"twitter:label1\" content=\"Escrito por\" \/>\n\t<meta name=\"twitter:data1\" content=\"Thales Brand\u00e3o\" \/>\n\t<meta name=\"twitter:label2\" content=\"Est. tempo de leitura\" \/>\n\t<meta name=\"twitter:data2\" content=\"2 minutos\" \/>\n<script type=\"application\/ld+json\" class=\"yoast-schema-graph\">{\"@context\":\"https:\\\/\\\/schema.org\",\"@graph\":[{\"@type\":\"Article\",\"@id\":\"https:\\\/\\\/www.cidademarketing.com.br\\\/marketing\\\/2021\\\/07\\\/28\\\/edital-seleciona-empreendedoras-para-apoiar-projetos-de-comunicacao-e-marketing\\\/#article\",\"isPartOf\":{\"@id\":\"https:\\\/\\\/www.cidademarketing.com.br\\\/marketing\\\/2021\\\/07\\\/28\\\/edital-seleciona-empreendedoras-para-apoiar-projetos-de-comunicacao-e-marketing\\\/\"},\"author\":{\"name\":\"Thales Brand\u00e3o\",\"@id\":\"https:\\\/\\\/www.cidademarketing.com.br\\\/marketing\\\/#\\\/schema\\\/person\\\/02daff9f18bd9378c9e01eb6b2db155f\"},\"headline\":\"Edital seleciona empreendedoras para apoiar projetos de comunica\u00e7\u00e3o e marketing\",\"datePublished\":\"2021-07-28T12:59:40+00:00\",\"dateModified\":\"2021-07-28T12:59:43+00:00\",\"mainEntityOfPage\":{\"@id\":\"https:\\\/\\\/www.cidademarketing.com.br\\\/marketing\\\/2021\\\/07\\\/28\\\/edital-seleciona-empreendedoras-para-apoiar-projetos-de-comunicacao-e-marketing\\\/\"},\"wordCount\":427,\"commentCount\":0,\"publisher\":{\"@id\":\"https:\\\/\\\/www.cidademarketing.com.br\\\/marketing\\\/#organization\"},\"image\":{\"@id\":\"https:\\\/\\\/www.cidademarketing.com.br\\\/marketing\\\/2021\\\/07\\\/28\\\/edital-seleciona-empreendedoras-para-apoiar-projetos-de-comunicacao-e-marketing\\\/#primaryimage\"},\"thumbnailUrl\":\"https:\\\/\\\/www.cidademarketing.com.br\\\/marketing\\\/wp-content\\\/uploads\\\/2021\\\/07\\\/empreendedorismo_feminino_edital.png\",\"keywords\":[\"comunica\u00e7\u00e3o\",\"empreendedorismo\",\"empreendedorismo feminino\"],\"articleSection\":[\"Not\u00edcias\"],\"inLanguage\":\"pt-BR\",\"potentialAction\":[{\"@type\":\"CommentAction\",\"name\":\"Comment\",\"target\":[\"https:\\\/\\\/www.cidademarketing.com.br\\\/marketing\\\/2021\\\/07\\\/28\\\/edital-seleciona-empreendedoras-para-apoiar-projetos-de-comunicacao-e-marketing\\\/#respond\"]}]},{\"@type\":\"WebPage\",\"@id\":\"https:\\\/\\\/www.cidademarketing.com.br\\\/marketing\\\/2021\\\/07\\\/28\\\/edital-seleciona-empreendedoras-para-apoiar-projetos-de-comunicacao-e-marketing\\\/\",\"url\":\"https:\\\/\\\/www.cidademarketing.com.br\\\/marketing\\\/2021\\\/07\\\/28\\\/edital-seleciona-empreendedoras-para-apoiar-projetos-de-comunicacao-e-marketing\\\/\",\"name\":\"Edital seleciona empreendedoras para apoiar projetos de comunica\u00e7\u00e3o e marketing - CidadeMarketing\",\"isPartOf\":{\"@id\":\"https:\\\/\\\/www.cidademarketing.com.br\\\/marketing\\\/#website\"},\"primaryImageOfPage\":{\"@id\":\"https:\\\/\\\/www.cidademarketing.com.br\\\/marketing\\\/2021\\\/07\\\/28\\\/edital-seleciona-empreendedoras-para-apoiar-projetos-de-comunicacao-e-marketing\\\/#primaryimage\"},\"image\":{\"@id\":\"https:\\\/\\\/www.cidademarketing.com.br\\\/marketing\\\/2021\\\/07\\\/28\\\/edital-seleciona-empreendedoras-para-apoiar-projetos-de-comunicacao-e-marketing\\\/#primaryimage\"},\"thumbnailUrl\":\"https:\\\/\\\/www.cidademarketing.com.br\\\/marketing\\\/wp-content\\\/uploads\\\/2021\\\/07\\\/empreendedorismo_feminino_edital.png\",\"datePublished\":\"2021-07-28T12:59:40+00:00\",\"dateModified\":\"2021-07-28T12:59:43+00:00\",\"breadcrumb\":{\"@id\":\"https:\\\/\\\/www.cidademarketing.com.br\\\/marketing\\\/2021\\\/07\\\/28\\\/edital-seleciona-empreendedoras-para-apoiar-projetos-de-comunicacao-e-marketing\\\/#breadcrumb\"},\"inLanguage\":\"pt-BR\",\"potentialAction\":[{\"@type\":\"ReadAction\",\"target\":[\"https:\\\/\\\/www.cidademarketing.com.br\\\/marketing\\\/2021\\\/07\\\/28\\\/edital-seleciona-empreendedoras-para-apoiar-projetos-de-comunicacao-e-marketing\\\/\"]}]},{\"@type\":\"ImageObject\",\"inLanguage\":\"pt-BR\",\"@id\":\"https:\\\/\\\/www.cidademarketing.com.br\\\/marketing\\\/2021\\\/07\\\/28\\\/edital-seleciona-empreendedoras-para-apoiar-projetos-de-comunicacao-e-marketing\\\/#primaryimage\",\"url\":\"https:\\\/\\\/www.cidademarketing.com.br\\\/marketing\\\/wp-content\\\/uploads\\\/2021\\\/07\\\/empreendedorismo_feminino_edital.png\",\"contentUrl\":\"https:\\\/\\\/www.cidademarketing.com.br\\\/marketing\\\/wp-content\\\/uploads\\\/2021\\\/07\\\/empreendedorismo_feminino_edital.png\",\"width\":1920,\"height\":1200},{\"@type\":\"BreadcrumbList\",\"@id\":\"https:\\\/\\\/www.cidademarketing.com.br\\\/marketing\\\/2021\\\/07\\\/28\\\/edital-seleciona-empreendedoras-para-apoiar-projetos-de-comunicacao-e-marketing\\\/#breadcrumb\",\"itemListElement\":[{\"@type\":\"ListItem\",\"position\":1,\"name\":\"In\u00edcio\",\"item\":\"https:\\\/\\\/www.cidademarketing.com.br\\\/marketing\\\/\"},{\"@type\":\"ListItem\",\"position\":2,\"name\":\"Edital seleciona empreendedoras para apoiar projetos de comunica\u00e7\u00e3o e marketing\"}]},{\"@type\":\"WebSite\",\"@id\":\"https:\\\/\\\/www.cidademarketing.com.br\\\/marketing\\\/#website\",\"url\":\"https:\\\/\\\/www.cidademarketing.com.br\\\/marketing\\\/\",\"name\":\"CidadeMarketing\",\"description\":\"Somos um ve\u00edculo de comunica\u00e7\u00e3o de destaque no Brasil, reconhecido por conte\u00fados nos segmentos de marketing, empreendedorismo e inova\u00e7\u00e3o.\",\"publisher\":{\"@id\":\"https:\\\/\\\/www.cidademarketing.com.br\\\/marketing\\\/#organization\"},\"alternateName\":\"CidadeMarketing\",\"potentialAction\":[{\"@type\":\"SearchAction\",\"target\":{\"@type\":\"EntryPoint\",\"urlTemplate\":\"https:\\\/\\\/www.cidademarketing.com.br\\\/marketing\\\/?s={search_term_string}\"},\"query-input\":{\"@type\":\"PropertyValueSpecification\",\"valueRequired\":true,\"valueName\":\"search_term_string\"}}],\"inLanguage\":\"pt-BR\"},{\"@type\":\"Organization\",\"@id\":\"https:\\\/\\\/www.cidademarketing.com.br\\\/marketing\\\/#organization\",\"name\":\"CidadeMarketing\",\"alternateName\":\"CidadeMarketing\",\"url\":\"https:\\\/\\\/www.cidademarketing.com.br\\\/marketing\\\/\",\"logo\":{\"@type\":\"ImageObject\",\"inLanguage\":\"pt-BR\",\"@id\":\"https:\\\/\\\/www.cidademarketing.com.br\\\/marketing\\\/#\\\/schema\\\/logo\\\/image\\\/\",\"url\":\"https:\\\/\\\/www.cidademarketing.com.br\\\/marketing\\\/wp-content\\\/uploads\\\/2020\\\/01\\\/cidademarketing_marca_mobile.png\",\"contentUrl\":\"https:\\\/\\\/www.cidademarketing.com.br\\\/marketing\\\/wp-content\\\/uploads\\\/2020\\\/01\\\/cidademarketing_marca_mobile.png\",\"width\":230,\"height\":92,\"caption\":\"CidadeMarketing\"},\"image\":{\"@id\":\"https:\\\/\\\/www.cidademarketing.com.br\\\/marketing\\\/#\\\/schema\\\/logo\\\/image\\\/\"},\"sameAs\":[\"https:\\\/\\\/www.facebook.com\\\/portalcidademarketing\",\"https:\\\/\\\/x.com\\\/CidadeMarketing\",\"https:\\\/\\\/www.instagram.com\\\/cidademarketing\\\/\"]},{\"@type\":\"Person\",\"@id\":\"https:\\\/\\\/www.cidademarketing.com.br\\\/marketing\\\/#\\\/schema\\\/person\\\/02daff9f18bd9378c9e01eb6b2db155f\",\"name\":\"Thales Brand\u00e3o\",\"image\":{\"@type\":\"ImageObject\",\"inLanguage\":\"pt-BR\",\"@id\":\"https:\\\/\\\/secure.gravatar.com\\\/avatar\\\/7ca3206950207cc3cb48feec56a8a7898741ab725c368d99d5d7a5a50aab80c6?s=96&d=mm&r=g\",\"url\":\"https:\\\/\\\/secure.gravatar.com\\\/avatar\\\/7ca3206950207cc3cb48feec56a8a7898741ab725c368d99d5d7a5a50aab80c6?s=96&d=mm&r=g\",\"contentUrl\":\"https:\\\/\\\/secure.gravatar.com\\\/avatar\\\/7ca3206950207cc3cb48feec56a8a7898741ab725c368d99d5d7a5a50aab80c6?s=96&d=mm&r=g\",\"caption\":\"Thales Brand\u00e3o\"},\"description\":\"Editor Executivo do Portal CidadeMarketing.com.br &gt; Mestre em Comunica\u00e7\u00e3o e Sociedade pela Universidade Federal de Sergipe. Possui MBA Executivo em Administra\u00e7\u00e3o com \u00eanfase em Marketing pela Funda\u00e7\u00e3o Get\u00falio Vargas - Rio de Janeiro. Consultor, Palestrante e Pesquisador sobre Empreendedorismo, Marketing, Redes Sociais e Neg\u00f3cios Digitais. Professor, Palestrante TedxTalks e Campus Party. Twitter: @ThalesBrandao\",\"sameAs\":[\"http:\\\/\\\/www.mandacaru.com.br\",\"https:\\\/\\\/www.facebook.com\\\/thalesbrandao\",\"http:\\\/\\\/www.instagram.com.br\\\/thalesbrandaoferreira\",\"https:\\\/\\\/www.linkedin.com\\\/in\\\/thales-brand\u00e3o-3948609\\\/\",\"https:\\\/\\\/x.com\\\/http:\\\/\\\/www.twitter.com\\\/thalesbrandao\"],\"url\":\"https:\\\/\\\/www.cidademarketing.com.br\\\/marketing\\\/author\\\/thalesbrandao\\\/\"}]}<\/script>\n<!-- \/ Yoast SEO plugin. -->","yoast_head_json":{"title":"Edital seleciona empreendedoras para apoiar projetos de comunica\u00e7\u00e3o e marketing - CidadeMarketing","robots":{"index":"index","follow":"follow","max-snippet":"max-snippet:-1","max-image-preview":"max-image-preview:large","max-video-preview":"max-video-preview:-1"},"canonical":"https:\/\/www.cidademarketing.com.br\/marketing\/2021\/07\/28\/edital-seleciona-empreendedoras-para-apoiar-projetos-de-comunicacao-e-marketing\/","og_locale":"pt_BR","og_type":"article","og_title":"Edital seleciona empreendedoras para apoiar projetos de comunica\u00e7\u00e3o e marketing - CidadeMarketing","og_description":"Conhecer e apoiar hist\u00f3rias e trajet\u00f3rias de mulheres empreendedoras em todo o Brasil \u00e9 um compromisso social da Vocali, ag\u00eancia de comunica\u00e7\u00e3o corporativa e inbound marketing que est\u00e1 \u00e0 frente do Projeto Cora. O programa criado em 2018 atua com foco na divulga\u00e7\u00e3o e fortalecimento de neg\u00f3cios com lideran\u00e7as femininas e j\u00e1 apoiou mais de [&hellip;]","og_url":"https:\/\/www.cidademarketing.com.br\/marketing\/2021\/07\/28\/edital-seleciona-empreendedoras-para-apoiar-projetos-de-comunicacao-e-marketing\/","og_site_name":"CidadeMarketing","article_publisher":"https:\/\/www.facebook.com\/portalcidademarketing","article_author":"https:\/\/www.facebook.com\/thalesbrandao","article_published_time":"2021-07-28T12:59:40+00:00","article_modified_time":"2021-07-28T12:59:43+00:00","og_image":[{"width":1920,"height":1200,"url":"https:\/\/www.cidademarketing.com.br\/marketing\/wp-content\/uploads\/2021\/07\/empreendedorismo_feminino_edital.png","type":"image\/png"}],"author":"Thales Brand\u00e3o","twitter_card":"summary_large_image","twitter_creator":"@http:\/\/www.twitter.com\/thalesbrandao","twitter_site":"@CidadeMarketing","twitter_misc":{"Escrito por":"Thales Brand\u00e3o","Est. tempo de leitura":"2 minutos"},"schema":{"@context":"https:\/\/schema.org","@graph":[{"@type":"Article","@id":"https:\/\/www.cidademarketing.com.br\/marketing\/2021\/07\/28\/edital-seleciona-empreendedoras-para-apoiar-projetos-de-comunicacao-e-marketing\/#article","isPartOf":{"@id":"https:\/\/www.cidademarketing.com.br\/marketing\/2021\/07\/28\/edital-seleciona-empreendedoras-para-apoiar-projetos-de-comunicacao-e-marketing\/"},"author":{"name":"Thales Brand\u00e3o","@id":"https:\/\/www.cidademarketing.com.br\/marketing\/#\/schema\/person\/02daff9f18bd9378c9e01eb6b2db155f"},"headline":"Edital seleciona empreendedoras para apoiar projetos de comunica\u00e7\u00e3o e marketing","datePublished":"2021-07-28T12:59:40+00:00","dateModified":"2021-07-28T12:59:43+00:00","mainEntityOfPage":{"@id":"https:\/\/www.cidademarketing.com.br\/marketing\/2021\/07\/28\/edital-seleciona-empreendedoras-para-apoiar-projetos-de-comunicacao-e-marketing\/"},"wordCount":427,"commentCount":0,"publisher":{"@id":"https:\/\/www.cidademarketing.com.br\/marketing\/#organization"},"image":{"@id":"https:\/\/www.cidademarketing.com.br\/marketing\/2021\/07\/28\/edital-seleciona-empreendedoras-para-apoiar-projetos-de-comunicacao-e-marketing\/#primaryimage"},"thumbnailUrl":"https:\/\/www.cidademarketing.com.br\/marketing\/wp-content\/uploads\/2021\/07\/empreendedorismo_feminino_edital.png","keywords":["comunica\u00e7\u00e3o","empreendedorismo","empreendedorismo feminino"],"articleSection":["Not\u00edcias"],"inLanguage":"pt-BR","potentialAction":[{"@type":"CommentAction","name":"Comment","target":["https:\/\/www.cidademarketing.com.br\/marketing\/2021\/07\/28\/edital-seleciona-empreendedoras-para-apoiar-projetos-de-comunicacao-e-marketing\/#respond"]}]},{"@type":"WebPage","@id":"https:\/\/www.cidademarketing.com.br\/marketing\/2021\/07\/28\/edital-seleciona-empreendedoras-para-apoiar-projetos-de-comunicacao-e-marketing\/","url":"https:\/\/www.cidademarketing.com.br\/marketing\/2021\/07\/28\/edital-seleciona-empreendedoras-para-apoiar-projetos-de-comunicacao-e-marketing\/","name":"Edital seleciona empreendedoras para apoiar projetos de comunica\u00e7\u00e3o e marketing - CidadeMarketing","isPartOf":{"@id":"https:\/\/www.cidademarketing.com.br\/marketing\/#website"},"primaryImageOfPage":{"@id":"https:\/\/www.cidademarketing.com.br\/marketing\/2021\/07\/28\/edital-seleciona-empreendedoras-para-apoiar-projetos-de-comunicacao-e-marketing\/#primaryimage"},"image":{"@id":"https:\/\/www.cidademarketing.com.br\/marketing\/2021\/07\/28\/edital-seleciona-empreendedoras-para-apoiar-projetos-de-comunicacao-e-marketing\/#primaryimage"},"thumbnailUrl":"https:\/\/www.cidademarketing.com.br\/marketing\/wp-content\/uploads\/2021\/07\/empreendedorismo_feminino_edital.png","datePublished":"2021-07-28T12:59:40+00:00","dateModified":"2021-07-28T12:59:43+00:00","breadcrumb":{"@id":"https:\/\/www.cidademarketing.com.br\/marketing\/2021\/07\/28\/edital-seleciona-empreendedoras-para-apoiar-projetos-de-comunicacao-e-marketing\/#breadcrumb"},"inLanguage":"pt-BR","potentialAction":[{"@type":"ReadAction","target":["https:\/\/www.cidademarketing.com.br\/marketing\/2021\/07\/28\/edital-seleciona-empreendedoras-para-apoiar-projetos-de-comunicacao-e-marketing\/"]}]},{"@type":"ImageObject","inLanguage":"pt-BR","@id":"https:\/\/www.cidademarketing.com.br\/marketing\/2021\/07\/28\/edital-seleciona-empreendedoras-para-apoiar-projetos-de-comunicacao-e-marketing\/#primaryimage","url":"https:\/\/www.cidademarketing.com.br\/marketing\/wp-content\/uploads\/2021\/07\/empreendedorismo_feminino_edital.png","contentUrl":"https:\/\/www.cidademarketing.com.br\/marketing\/wp-content\/uploads\/2021\/07\/empreendedorismo_feminino_edital.png","width":1920,"height":1200},{"@type":"BreadcrumbList","@id":"https:\/\/www.cidademarketing.com.br\/marketing\/2021\/07\/28\/edital-seleciona-empreendedoras-para-apoiar-projetos-de-comunicacao-e-marketing\/#breadcrumb","itemListElement":[{"@type":"ListItem","position":1,"name":"In\u00edcio","item":"https:\/\/www.cidademarketing.com.br\/marketing\/"},{"@type":"ListItem","position":2,"name":"Edital seleciona empreendedoras para apoiar projetos de comunica\u00e7\u00e3o e marketing"}]},{"@type":"WebSite","@id":"https:\/\/www.cidademarketing.com.br\/marketing\/#website","url":"https:\/\/www.cidademarketing.com.br\/marketing\/","name":"CidadeMarketing","description":"Somos um ve\u00edculo de comunica\u00e7\u00e3o de destaque no Brasil, reconhecido por conte\u00fados nos segmentos de marketing, empreendedorismo e inova\u00e7\u00e3o.","publisher":{"@id":"https:\/\/www.cidademarketing.com.br\/marketing\/#organization"},"alternateName":"CidadeMarketing","potentialAction":[{"@type":"SearchAction","target":{"@type":"EntryPoint","urlTemplate":"https:\/\/www.cidademarketing.com.br\/marketing\/?s={search_term_string}"},"query-input":{"@type":"PropertyValueSpecification","valueRequired":true,"valueName":"search_term_string"}}],"inLanguage":"pt-BR"},{"@type":"Organization","@id":"https:\/\/www.cidademarketing.com.br\/marketing\/#organization","name":"CidadeMarketing","alternateName":"CidadeMarketing","url":"https:\/\/www.cidademarketing.com.br\/marketing\/","logo":{"@type":"ImageObject","inLanguage":"pt-BR","@id":"https:\/\/www.cidademarketing.com.br\/marketing\/#\/schema\/logo\/image\/","url":"https:\/\/www.cidademarketing.com.br\/marketing\/wp-content\/uploads\/2020\/01\/cidademarketing_marca_mobile.png","contentUrl":"https:\/\/www.cidademarketing.com.br\/marketing\/wp-content\/uploads\/2020\/01\/cidademarketing_marca_mobile.png","width":230,"height":92,"caption":"CidadeMarketing"},"image":{"@id":"https:\/\/www.cidademarketing.com.br\/marketing\/#\/schema\/logo\/image\/"},"sameAs":["https:\/\/www.facebook.com\/portalcidademarketing","https:\/\/x.com\/CidadeMarketing","https:\/\/www.instagram.com\/cidademarketing\/"]},{"@type":"Person","@id":"https:\/\/www.cidademarketing.com.br\/marketing\/#\/schema\/person\/02daff9f18bd9378c9e01eb6b2db155f","name":"Thales Brand\u00e3o","image":{"@type":"ImageObject","inLanguage":"pt-BR","@id":"https:\/\/secure.gravatar.com\/avatar\/7ca3206950207cc3cb48feec56a8a7898741ab725c368d99d5d7a5a50aab80c6?s=96&d=mm&r=g","url":"https:\/\/secure.gravatar.com\/avatar\/7ca3206950207cc3cb48feec56a8a7898741ab725c368d99d5d7a5a50aab80c6?s=96&d=mm&r=g","contentUrl":"https:\/\/secure.gravatar.com\/avatar\/7ca3206950207cc3cb48feec56a8a7898741ab725c368d99d5d7a5a50aab80c6?s=96&d=mm&r=g","caption":"Thales Brand\u00e3o"},"description":"Editor Executivo do Portal CidadeMarketing.com.br &gt; Mestre em Comunica\u00e7\u00e3o e Sociedade pela Universidade Federal de Sergipe. Possui MBA Executivo em Administra\u00e7\u00e3o com \u00eanfase em Marketing pela Funda\u00e7\u00e3o Get\u00falio Vargas - Rio de Janeiro. Consultor, Palestrante e Pesquisador sobre Empreendedorismo, Marketing, Redes Sociais e Neg\u00f3cios Digitais. Professor, Palestrante TedxTalks e Campus Party. Twitter: @ThalesBrandao","sameAs":["http:\/\/www.mandacaru.com.br","https:\/\/www.facebook.com\/thalesbrandao","http:\/\/www.instagram.com.br\/thalesbrandaoferreira","https:\/\/www.linkedin.com\/in\/thales-brand\u00e3o-3948609\/","https:\/\/x.com\/http:\/\/www.twitter.com\/thalesbrandao"],"url":"https:\/\/www.cidademarketing.com.br\/marketing\/author\/thalesbrandao\/"}]}},"amp_enabled":true,"_links":{"self":[{"href":"https:\/\/www.cidademarketing.com.br\/marketing\/wp-json\/wp\/v2\/posts\/26218","targetHints":{"allow":["GET"]}}],"collection":[{"href":"https:\/\/www.cidademarketing.com.br\/marketing\/wp-json\/wp\/v2\/posts"}],"about":[{"href":"https:\/\/www.cidademarketing.com.br\/marketing\/wp-json\/wp\/v2\/types\/post"}],"author":[{"embeddable":true,"href":"https:\/\/www.cidademarketing.com.br\/marketing\/wp-json\/wp\/v2\/users\/1"}],"replies":[{"embeddable":true,"href":"https:\/\/www.cidademarketing.com.br\/marketing\/wp-json\/wp\/v2\/comments?post=26218"}],"version-history":[{"count":1,"href":"https:\/\/www.cidademarketing.com.br\/marketing\/wp-json\/wp\/v2\/posts\/26218\/revisions"}],"predecessor-version":[{"id":26220,"href":"https:\/\/www.cidademarketing.com.br\/marketing\/wp-json\/wp\/v2\/posts\/26218\/revisions\/26220"}],"wp:featuredmedia":[{"embeddable":true,"href":"https:\/\/www.cidademarketing.com.br\/marketing\/wp-json\/wp\/v2\/media\/26219"}],"wp:attachment":[{"href":"https:\/\/www.cidademarketing.com.br\/marketing\/wp-json\/wp\/v2\/media?parent=26218"}],"wp:term":[{"taxonomy":"category","embeddable":true,"href":"https:\/\/www.cidademarketing.com.br\/marketing\/wp-json\/wp\/v2\/categories?post=26218"},{"taxonomy":"post_tag","embeddable":true,"href":"https:\/\/www.cidademarketing.com.br\/marketing\/wp-json\/wp\/v2\/tags?post=26218"}],"curies":[{"name":"wp","href":"https:\/\/api.w.org\/{rel}","templated":true}]}}