{"id":26074,"date":"2021-07-25T23:00:45","date_gmt":"2021-07-26T02:00:45","guid":{"rendered":"https:\/\/www.cidademarketing.com.br\/marketing\/?p=26074"},"modified":"2021-07-25T23:01:49","modified_gmt":"2021-07-26T02:01:49","slug":"kwai-anuncia-paulo-fernandes-para-desenvolver-estrategia-comercial-e-novos-negocios","status":"publish","type":"post","link":"https:\/\/www.cidademarketing.com.br\/marketing\/2021\/07\/25\/kwai-anuncia-paulo-fernandes-para-desenvolver-estrategia-comercial-e-novos-negocios\/","title":{"rendered":"Kwai anuncia Paulo Fernandes para desenvolver estrat\u00e9gia comercial e novos neg\u00f3cios"},"content":{"rendered":"\n<p>O Kwai, aplicativo de cria\u00e7\u00e3o e compartilhamento de v\u00eddeos curtos, anuncia uma nova contrata\u00e7\u00e3o como continuidade da expans\u00e3o do time em territ\u00f3rio brasileiro: Paulo Fernandes acaba de assumir como Country Sales Director da empresa.<\/p>\n\n\n\n<p>Fernandes chega ao Kwai para ser o respons\u00e1vel por toda estrat\u00e9gia comercial e de novos neg\u00f3cios no pa\u00eds, incluindo recrutamento e gest\u00e3o do time local, cria\u00e7\u00e3o das estrat\u00e9gias de regionaliza\u00e7\u00e3o de produtos, pol\u00edticas de incentivos, promo\u00e7\u00e3o de produtos de m\u00eddia e conex\u00e3o da equipe local com os times internacionais. O time de vendas do Kwai j\u00e1 conta tamb\u00e9m com o rec\u00e9m-chegado Ari Martire, Head de Sales.&nbsp;<\/p>\n\n\n\n<p>Com mais de 17 anos de experi\u00eancia internacional em gerenciamento de novos neg\u00f3cios e vendas, Fernandes tem passagem por grandes empresas de conte\u00fado, como Facebook e TikTok, por onde esteve no \u00faltimo ano, al\u00e9m da ag\u00eancia ABlab e a Riot Games,&nbsp; desenvolvedora do jogo League of Legends.<\/p>\n\n\n\n<p>&#8220;O Kwai \u00e9 um aplicativo que tem chamado aten\u00e7\u00e3o no Brasil por oferecer aos usu\u00e1rios um espa\u00e7o democr\u00e1tico e divertido, em que todos podem produzir diferentes tipos de conte\u00fado&#8221;, afirma. \u201cMeu objetivo \u00e9 criar uma conex\u00e3o de grandes marcas e parceiros com o p\u00fablico brasileiro, trazendo iniciativas inovadoras e de relev\u00e2ncia para o mercado local\u201d.<\/p>\n","protected":false},"excerpt":{"rendered":"<p>O Kwai, aplicativo de cria\u00e7\u00e3o e compartilhamento de v\u00eddeos curtos, anuncia uma nova contrata\u00e7\u00e3o como continuidade da expans\u00e3o do time em territ\u00f3rio brasileiro: Paulo Fernandes acaba de assumir como Country Sales Director da empresa. Fernandes chega ao Kwai para ser o respons\u00e1vel por toda estrat\u00e9gia comercial e de novos neg\u00f3cios no pa\u00eds, incluindo recrutamento e [&hellip;]<\/p>\n","protected":false},"author":1,"featured_media":26076,"comment_status":"open","ping_status":"open","sticky":false,"template":"","format":"standard","meta":{"tdm_status":"","tdm_grid_status":"","footnotes":""},"categories":[6],"tags":[1065,33,4147,28],"class_list":["post-26074","post","type-post","status-publish","format-standard","has-post-thumbnail","hentry","category-noticias","tag-comercial","tag-estrategia","tag-kwai","tag-marketing"],"yoast_head":"<!-- This site is optimized with the Yoast SEO plugin v27.5 - https:\/\/yoast.com\/product\/yoast-seo-wordpress\/ -->\n<title>Kwai anuncia Paulo Fernandes para desenvolver estrat\u00e9gia comercial e novos neg\u00f3cios - CidadeMarketing<\/title>\n<meta name=\"robots\" content=\"index, follow, max-snippet:-1, max-image-preview:large, max-video-preview:-1\" \/>\n<link rel=\"canonical\" href=\"https:\/\/www.cidademarketing.com.br\/marketing\/2021\/07\/25\/kwai-anuncia-paulo-fernandes-para-desenvolver-estrategia-comercial-e-novos-negocios\/\" \/>\n<meta property=\"og:locale\" content=\"pt_BR\" \/>\n<meta property=\"og:type\" content=\"article\" \/>\n<meta property=\"og:title\" content=\"Kwai anuncia Paulo Fernandes para desenvolver estrat\u00e9gia comercial e novos neg\u00f3cios - CidadeMarketing\" \/>\n<meta property=\"og:description\" content=\"O Kwai, aplicativo de cria\u00e7\u00e3o e compartilhamento de v\u00eddeos curtos, anuncia uma nova contrata\u00e7\u00e3o como continuidade da expans\u00e3o do time em territ\u00f3rio brasileiro: Paulo Fernandes acaba de assumir como Country Sales Director da empresa. Fernandes chega ao Kwai para ser o respons\u00e1vel por toda estrat\u00e9gia comercial e de novos neg\u00f3cios no pa\u00eds, incluindo recrutamento e [&hellip;]\" \/>\n<meta property=\"og:url\" content=\"https:\/\/www.cidademarketing.com.br\/marketing\/2021\/07\/25\/kwai-anuncia-paulo-fernandes-para-desenvolver-estrategia-comercial-e-novos-negocios\/\" \/>\n<meta property=\"og:site_name\" content=\"CidadeMarketing\" \/>\n<meta property=\"article:publisher\" content=\"https:\/\/www.facebook.com\/portalcidademarketing\" \/>\n<meta property=\"article:author\" content=\"https:\/\/www.facebook.com\/thalesbrandao\" \/>\n<meta property=\"article:published_time\" content=\"2021-07-26T02:00:45+00:00\" \/>\n<meta property=\"article:modified_time\" content=\"2021-07-26T02:01:49+00:00\" \/>\n<meta property=\"og:image\" content=\"https:\/\/www.cidademarketing.com.br\/marketing\/wp-content\/uploads\/2021\/07\/kwai.jpg\" \/>\n\t<meta property=\"og:image:width\" content=\"300\" \/>\n\t<meta property=\"og:image:height\" content=\"120\" \/>\n\t<meta property=\"og:image:type\" content=\"image\/jpeg\" \/>\n<meta name=\"author\" content=\"Thales Brand\u00e3o\" \/>\n<meta name=\"twitter:card\" content=\"summary_large_image\" \/>\n<meta name=\"twitter:creator\" content=\"@http:\/\/www.twitter.com\/thalesbrandao\" \/>\n<meta name=\"twitter:site\" content=\"@CidadeMarketing\" \/>\n<meta name=\"twitter:label1\" content=\"Escrito por\" \/>\n\t<meta name=\"twitter:data1\" content=\"Thales Brand\u00e3o\" \/>\n\t<meta name=\"twitter:label2\" content=\"Est. tempo de leitura\" \/>\n\t<meta name=\"twitter:data2\" content=\"1 minuto\" \/>\n<script type=\"application\/ld+json\" class=\"yoast-schema-graph\">{\"@context\":\"https:\\\/\\\/schema.org\",\"@graph\":[{\"@type\":\"Article\",\"@id\":\"https:\\\/\\\/www.cidademarketing.com.br\\\/marketing\\\/2021\\\/07\\\/25\\\/kwai-anuncia-paulo-fernandes-para-desenvolver-estrategia-comercial-e-novos-negocios\\\/#article\",\"isPartOf\":{\"@id\":\"https:\\\/\\\/www.cidademarketing.com.br\\\/marketing\\\/2021\\\/07\\\/25\\\/kwai-anuncia-paulo-fernandes-para-desenvolver-estrategia-comercial-e-novos-negocios\\\/\"},\"author\":{\"name\":\"Thales Brand\u00e3o\",\"@id\":\"https:\\\/\\\/www.cidademarketing.com.br\\\/marketing\\\/#\\\/schema\\\/person\\\/02daff9f18bd9378c9e01eb6b2db155f\"},\"headline\":\"Kwai anuncia Paulo Fernandes para desenvolver estrat\u00e9gia comercial e novos neg\u00f3cios\",\"datePublished\":\"2021-07-26T02:00:45+00:00\",\"dateModified\":\"2021-07-26T02:01:49+00:00\",\"mainEntityOfPage\":{\"@id\":\"https:\\\/\\\/www.cidademarketing.com.br\\\/marketing\\\/2021\\\/07\\\/25\\\/kwai-anuncia-paulo-fernandes-para-desenvolver-estrategia-comercial-e-novos-negocios\\\/\"},\"wordCount\":246,\"commentCount\":0,\"publisher\":{\"@id\":\"https:\\\/\\\/www.cidademarketing.com.br\\\/marketing\\\/#organization\"},\"image\":{\"@id\":\"https:\\\/\\\/www.cidademarketing.com.br\\\/marketing\\\/2021\\\/07\\\/25\\\/kwai-anuncia-paulo-fernandes-para-desenvolver-estrategia-comercial-e-novos-negocios\\\/#primaryimage\"},\"thumbnailUrl\":\"https:\\\/\\\/www.cidademarketing.com.br\\\/marketing\\\/wp-content\\\/uploads\\\/2021\\\/07\\\/kwai.jpg\",\"keywords\":[\"comercial\",\"estrat\u00e9gia\",\"Kwai\",\"marketing\"],\"articleSection\":[\"Not\u00edcias\"],\"inLanguage\":\"pt-BR\",\"potentialAction\":[{\"@type\":\"CommentAction\",\"name\":\"Comment\",\"target\":[\"https:\\\/\\\/www.cidademarketing.com.br\\\/marketing\\\/2021\\\/07\\\/25\\\/kwai-anuncia-paulo-fernandes-para-desenvolver-estrategia-comercial-e-novos-negocios\\\/#respond\"]}]},{\"@type\":\"WebPage\",\"@id\":\"https:\\\/\\\/www.cidademarketing.com.br\\\/marketing\\\/2021\\\/07\\\/25\\\/kwai-anuncia-paulo-fernandes-para-desenvolver-estrategia-comercial-e-novos-negocios\\\/\",\"url\":\"https:\\\/\\\/www.cidademarketing.com.br\\\/marketing\\\/2021\\\/07\\\/25\\\/kwai-anuncia-paulo-fernandes-para-desenvolver-estrategia-comercial-e-novos-negocios\\\/\",\"name\":\"Kwai anuncia Paulo Fernandes para desenvolver estrat\u00e9gia comercial e novos neg\u00f3cios - CidadeMarketing\",\"isPartOf\":{\"@id\":\"https:\\\/\\\/www.cidademarketing.com.br\\\/marketing\\\/#website\"},\"primaryImageOfPage\":{\"@id\":\"https:\\\/\\\/www.cidademarketing.com.br\\\/marketing\\\/2021\\\/07\\\/25\\\/kwai-anuncia-paulo-fernandes-para-desenvolver-estrategia-comercial-e-novos-negocios\\\/#primaryimage\"},\"image\":{\"@id\":\"https:\\\/\\\/www.cidademarketing.com.br\\\/marketing\\\/2021\\\/07\\\/25\\\/kwai-anuncia-paulo-fernandes-para-desenvolver-estrategia-comercial-e-novos-negocios\\\/#primaryimage\"},\"thumbnailUrl\":\"https:\\\/\\\/www.cidademarketing.com.br\\\/marketing\\\/wp-content\\\/uploads\\\/2021\\\/07\\\/kwai.jpg\",\"datePublished\":\"2021-07-26T02:00:45+00:00\",\"dateModified\":\"2021-07-26T02:01:49+00:00\",\"breadcrumb\":{\"@id\":\"https:\\\/\\\/www.cidademarketing.com.br\\\/marketing\\\/2021\\\/07\\\/25\\\/kwai-anuncia-paulo-fernandes-para-desenvolver-estrategia-comercial-e-novos-negocios\\\/#breadcrumb\"},\"inLanguage\":\"pt-BR\",\"potentialAction\":[{\"@type\":\"ReadAction\",\"target\":[\"https:\\\/\\\/www.cidademarketing.com.br\\\/marketing\\\/2021\\\/07\\\/25\\\/kwai-anuncia-paulo-fernandes-para-desenvolver-estrategia-comercial-e-novos-negocios\\\/\"]}]},{\"@type\":\"ImageObject\",\"inLanguage\":\"pt-BR\",\"@id\":\"https:\\\/\\\/www.cidademarketing.com.br\\\/marketing\\\/2021\\\/07\\\/25\\\/kwai-anuncia-paulo-fernandes-para-desenvolver-estrategia-comercial-e-novos-negocios\\\/#primaryimage\",\"url\":\"https:\\\/\\\/www.cidademarketing.com.br\\\/marketing\\\/wp-content\\\/uploads\\\/2021\\\/07\\\/kwai.jpg\",\"contentUrl\":\"https:\\\/\\\/www.cidademarketing.com.br\\\/marketing\\\/wp-content\\\/uploads\\\/2021\\\/07\\\/kwai.jpg\",\"width\":300,\"height\":120},{\"@type\":\"BreadcrumbList\",\"@id\":\"https:\\\/\\\/www.cidademarketing.com.br\\\/marketing\\\/2021\\\/07\\\/25\\\/kwai-anuncia-paulo-fernandes-para-desenvolver-estrategia-comercial-e-novos-negocios\\\/#breadcrumb\",\"itemListElement\":[{\"@type\":\"ListItem\",\"position\":1,\"name\":\"In\u00edcio\",\"item\":\"https:\\\/\\\/www.cidademarketing.com.br\\\/marketing\\\/\"},{\"@type\":\"ListItem\",\"position\":2,\"name\":\"Kwai anuncia Paulo Fernandes para desenvolver estrat\u00e9gia comercial e novos neg\u00f3cios\"}]},{\"@type\":\"WebSite\",\"@id\":\"https:\\\/\\\/www.cidademarketing.com.br\\\/marketing\\\/#website\",\"url\":\"https:\\\/\\\/www.cidademarketing.com.br\\\/marketing\\\/\",\"name\":\"CidadeMarketing\",\"description\":\"Somos um ve\u00edculo de comunica\u00e7\u00e3o de destaque no Brasil, reconhecido por conte\u00fados nos segmentos de marketing, empreendedorismo e inova\u00e7\u00e3o.\",\"publisher\":{\"@id\":\"https:\\\/\\\/www.cidademarketing.com.br\\\/marketing\\\/#organization\"},\"alternateName\":\"CidadeMarketing\",\"potentialAction\":[{\"@type\":\"SearchAction\",\"target\":{\"@type\":\"EntryPoint\",\"urlTemplate\":\"https:\\\/\\\/www.cidademarketing.com.br\\\/marketing\\\/?s={search_term_string}\"},\"query-input\":{\"@type\":\"PropertyValueSpecification\",\"valueRequired\":true,\"valueName\":\"search_term_string\"}}],\"inLanguage\":\"pt-BR\"},{\"@type\":\"Organization\",\"@id\":\"https:\\\/\\\/www.cidademarketing.com.br\\\/marketing\\\/#organization\",\"name\":\"CidadeMarketing\",\"alternateName\":\"CidadeMarketing\",\"url\":\"https:\\\/\\\/www.cidademarketing.com.br\\\/marketing\\\/\",\"logo\":{\"@type\":\"ImageObject\",\"inLanguage\":\"pt-BR\",\"@id\":\"https:\\\/\\\/www.cidademarketing.com.br\\\/marketing\\\/#\\\/schema\\\/logo\\\/image\\\/\",\"url\":\"https:\\\/\\\/www.cidademarketing.com.br\\\/marketing\\\/wp-content\\\/uploads\\\/2020\\\/01\\\/cidademarketing_marca_mobile.png\",\"contentUrl\":\"https:\\\/\\\/www.cidademarketing.com.br\\\/marketing\\\/wp-content\\\/uploads\\\/2020\\\/01\\\/cidademarketing_marca_mobile.png\",\"width\":230,\"height\":92,\"caption\":\"CidadeMarketing\"},\"image\":{\"@id\":\"https:\\\/\\\/www.cidademarketing.com.br\\\/marketing\\\/#\\\/schema\\\/logo\\\/image\\\/\"},\"sameAs\":[\"https:\\\/\\\/www.facebook.com\\\/portalcidademarketing\",\"https:\\\/\\\/x.com\\\/CidadeMarketing\",\"https:\\\/\\\/www.instagram.com\\\/cidademarketing\\\/\"]},{\"@type\":\"Person\",\"@id\":\"https:\\\/\\\/www.cidademarketing.com.br\\\/marketing\\\/#\\\/schema\\\/person\\\/02daff9f18bd9378c9e01eb6b2db155f\",\"name\":\"Thales Brand\u00e3o\",\"image\":{\"@type\":\"ImageObject\",\"inLanguage\":\"pt-BR\",\"@id\":\"https:\\\/\\\/secure.gravatar.com\\\/avatar\\\/7ca3206950207cc3cb48feec56a8a7898741ab725c368d99d5d7a5a50aab80c6?s=96&d=mm&r=g\",\"url\":\"https:\\\/\\\/secure.gravatar.com\\\/avatar\\\/7ca3206950207cc3cb48feec56a8a7898741ab725c368d99d5d7a5a50aab80c6?s=96&d=mm&r=g\",\"contentUrl\":\"https:\\\/\\\/secure.gravatar.com\\\/avatar\\\/7ca3206950207cc3cb48feec56a8a7898741ab725c368d99d5d7a5a50aab80c6?s=96&d=mm&r=g\",\"caption\":\"Thales Brand\u00e3o\"},\"description\":\"Editor Executivo do Portal CidadeMarketing.com.br &gt; Mestre em Comunica\u00e7\u00e3o e Sociedade pela Universidade Federal de Sergipe. Possui MBA Executivo em Administra\u00e7\u00e3o com \u00eanfase em Marketing pela Funda\u00e7\u00e3o Get\u00falio Vargas - Rio de Janeiro. Consultor, Palestrante e Pesquisador sobre Empreendedorismo, Marketing, Redes Sociais e Neg\u00f3cios Digitais. Professor, Palestrante TedxTalks e Campus Party. Twitter: @ThalesBrandao\",\"sameAs\":[\"http:\\\/\\\/www.mandacaru.com.br\",\"https:\\\/\\\/www.facebook.com\\\/thalesbrandao\",\"http:\\\/\\\/www.instagram.com.br\\\/thalesbrandaoferreira\",\"https:\\\/\\\/www.linkedin.com\\\/in\\\/thales-brand\u00e3o-3948609\\\/\",\"https:\\\/\\\/x.com\\\/http:\\\/\\\/www.twitter.com\\\/thalesbrandao\"],\"url\":\"https:\\\/\\\/www.cidademarketing.com.br\\\/marketing\\\/author\\\/thalesbrandao\\\/\"}]}<\/script>\n<!-- \/ Yoast SEO plugin. -->","yoast_head_json":{"title":"Kwai anuncia Paulo Fernandes para desenvolver estrat\u00e9gia comercial e novos neg\u00f3cios - CidadeMarketing","robots":{"index":"index","follow":"follow","max-snippet":"max-snippet:-1","max-image-preview":"max-image-preview:large","max-video-preview":"max-video-preview:-1"},"canonical":"https:\/\/www.cidademarketing.com.br\/marketing\/2021\/07\/25\/kwai-anuncia-paulo-fernandes-para-desenvolver-estrategia-comercial-e-novos-negocios\/","og_locale":"pt_BR","og_type":"article","og_title":"Kwai anuncia Paulo Fernandes para desenvolver estrat\u00e9gia comercial e novos neg\u00f3cios - CidadeMarketing","og_description":"O Kwai, aplicativo de cria\u00e7\u00e3o e compartilhamento de v\u00eddeos curtos, anuncia uma nova contrata\u00e7\u00e3o como continuidade da expans\u00e3o do time em territ\u00f3rio brasileiro: Paulo Fernandes acaba de assumir como Country Sales Director da empresa. Fernandes chega ao Kwai para ser o respons\u00e1vel por toda estrat\u00e9gia comercial e de novos neg\u00f3cios no pa\u00eds, incluindo recrutamento e [&hellip;]","og_url":"https:\/\/www.cidademarketing.com.br\/marketing\/2021\/07\/25\/kwai-anuncia-paulo-fernandes-para-desenvolver-estrategia-comercial-e-novos-negocios\/","og_site_name":"CidadeMarketing","article_publisher":"https:\/\/www.facebook.com\/portalcidademarketing","article_author":"https:\/\/www.facebook.com\/thalesbrandao","article_published_time":"2021-07-26T02:00:45+00:00","article_modified_time":"2021-07-26T02:01:49+00:00","og_image":[{"width":300,"height":120,"url":"https:\/\/www.cidademarketing.com.br\/marketing\/wp-content\/uploads\/2021\/07\/kwai.jpg","type":"image\/jpeg"}],"author":"Thales Brand\u00e3o","twitter_card":"summary_large_image","twitter_creator":"@http:\/\/www.twitter.com\/thalesbrandao","twitter_site":"@CidadeMarketing","twitter_misc":{"Escrito por":"Thales Brand\u00e3o","Est. tempo de leitura":"1 minuto"},"schema":{"@context":"https:\/\/schema.org","@graph":[{"@type":"Article","@id":"https:\/\/www.cidademarketing.com.br\/marketing\/2021\/07\/25\/kwai-anuncia-paulo-fernandes-para-desenvolver-estrategia-comercial-e-novos-negocios\/#article","isPartOf":{"@id":"https:\/\/www.cidademarketing.com.br\/marketing\/2021\/07\/25\/kwai-anuncia-paulo-fernandes-para-desenvolver-estrategia-comercial-e-novos-negocios\/"},"author":{"name":"Thales Brand\u00e3o","@id":"https:\/\/www.cidademarketing.com.br\/marketing\/#\/schema\/person\/02daff9f18bd9378c9e01eb6b2db155f"},"headline":"Kwai anuncia Paulo Fernandes para desenvolver estrat\u00e9gia comercial e novos neg\u00f3cios","datePublished":"2021-07-26T02:00:45+00:00","dateModified":"2021-07-26T02:01:49+00:00","mainEntityOfPage":{"@id":"https:\/\/www.cidademarketing.com.br\/marketing\/2021\/07\/25\/kwai-anuncia-paulo-fernandes-para-desenvolver-estrategia-comercial-e-novos-negocios\/"},"wordCount":246,"commentCount":0,"publisher":{"@id":"https:\/\/www.cidademarketing.com.br\/marketing\/#organization"},"image":{"@id":"https:\/\/www.cidademarketing.com.br\/marketing\/2021\/07\/25\/kwai-anuncia-paulo-fernandes-para-desenvolver-estrategia-comercial-e-novos-negocios\/#primaryimage"},"thumbnailUrl":"https:\/\/www.cidademarketing.com.br\/marketing\/wp-content\/uploads\/2021\/07\/kwai.jpg","keywords":["comercial","estrat\u00e9gia","Kwai","marketing"],"articleSection":["Not\u00edcias"],"inLanguage":"pt-BR","potentialAction":[{"@type":"CommentAction","name":"Comment","target":["https:\/\/www.cidademarketing.com.br\/marketing\/2021\/07\/25\/kwai-anuncia-paulo-fernandes-para-desenvolver-estrategia-comercial-e-novos-negocios\/#respond"]}]},{"@type":"WebPage","@id":"https:\/\/www.cidademarketing.com.br\/marketing\/2021\/07\/25\/kwai-anuncia-paulo-fernandes-para-desenvolver-estrategia-comercial-e-novos-negocios\/","url":"https:\/\/www.cidademarketing.com.br\/marketing\/2021\/07\/25\/kwai-anuncia-paulo-fernandes-para-desenvolver-estrategia-comercial-e-novos-negocios\/","name":"Kwai anuncia Paulo Fernandes para desenvolver estrat\u00e9gia comercial e novos neg\u00f3cios - CidadeMarketing","isPartOf":{"@id":"https:\/\/www.cidademarketing.com.br\/marketing\/#website"},"primaryImageOfPage":{"@id":"https:\/\/www.cidademarketing.com.br\/marketing\/2021\/07\/25\/kwai-anuncia-paulo-fernandes-para-desenvolver-estrategia-comercial-e-novos-negocios\/#primaryimage"},"image":{"@id":"https:\/\/www.cidademarketing.com.br\/marketing\/2021\/07\/25\/kwai-anuncia-paulo-fernandes-para-desenvolver-estrategia-comercial-e-novos-negocios\/#primaryimage"},"thumbnailUrl":"https:\/\/www.cidademarketing.com.br\/marketing\/wp-content\/uploads\/2021\/07\/kwai.jpg","datePublished":"2021-07-26T02:00:45+00:00","dateModified":"2021-07-26T02:01:49+00:00","breadcrumb":{"@id":"https:\/\/www.cidademarketing.com.br\/marketing\/2021\/07\/25\/kwai-anuncia-paulo-fernandes-para-desenvolver-estrategia-comercial-e-novos-negocios\/#breadcrumb"},"inLanguage":"pt-BR","potentialAction":[{"@type":"ReadAction","target":["https:\/\/www.cidademarketing.com.br\/marketing\/2021\/07\/25\/kwai-anuncia-paulo-fernandes-para-desenvolver-estrategia-comercial-e-novos-negocios\/"]}]},{"@type":"ImageObject","inLanguage":"pt-BR","@id":"https:\/\/www.cidademarketing.com.br\/marketing\/2021\/07\/25\/kwai-anuncia-paulo-fernandes-para-desenvolver-estrategia-comercial-e-novos-negocios\/#primaryimage","url":"https:\/\/www.cidademarketing.com.br\/marketing\/wp-content\/uploads\/2021\/07\/kwai.jpg","contentUrl":"https:\/\/www.cidademarketing.com.br\/marketing\/wp-content\/uploads\/2021\/07\/kwai.jpg","width":300,"height":120},{"@type":"BreadcrumbList","@id":"https:\/\/www.cidademarketing.com.br\/marketing\/2021\/07\/25\/kwai-anuncia-paulo-fernandes-para-desenvolver-estrategia-comercial-e-novos-negocios\/#breadcrumb","itemListElement":[{"@type":"ListItem","position":1,"name":"In\u00edcio","item":"https:\/\/www.cidademarketing.com.br\/marketing\/"},{"@type":"ListItem","position":2,"name":"Kwai anuncia Paulo Fernandes para desenvolver estrat\u00e9gia comercial e novos neg\u00f3cios"}]},{"@type":"WebSite","@id":"https:\/\/www.cidademarketing.com.br\/marketing\/#website","url":"https:\/\/www.cidademarketing.com.br\/marketing\/","name":"CidadeMarketing","description":"Somos um ve\u00edculo de comunica\u00e7\u00e3o de destaque no Brasil, reconhecido por conte\u00fados nos segmentos de marketing, empreendedorismo e inova\u00e7\u00e3o.","publisher":{"@id":"https:\/\/www.cidademarketing.com.br\/marketing\/#organization"},"alternateName":"CidadeMarketing","potentialAction":[{"@type":"SearchAction","target":{"@type":"EntryPoint","urlTemplate":"https:\/\/www.cidademarketing.com.br\/marketing\/?s={search_term_string}"},"query-input":{"@type":"PropertyValueSpecification","valueRequired":true,"valueName":"search_term_string"}}],"inLanguage":"pt-BR"},{"@type":"Organization","@id":"https:\/\/www.cidademarketing.com.br\/marketing\/#organization","name":"CidadeMarketing","alternateName":"CidadeMarketing","url":"https:\/\/www.cidademarketing.com.br\/marketing\/","logo":{"@type":"ImageObject","inLanguage":"pt-BR","@id":"https:\/\/www.cidademarketing.com.br\/marketing\/#\/schema\/logo\/image\/","url":"https:\/\/www.cidademarketing.com.br\/marketing\/wp-content\/uploads\/2020\/01\/cidademarketing_marca_mobile.png","contentUrl":"https:\/\/www.cidademarketing.com.br\/marketing\/wp-content\/uploads\/2020\/01\/cidademarketing_marca_mobile.png","width":230,"height":92,"caption":"CidadeMarketing"},"image":{"@id":"https:\/\/www.cidademarketing.com.br\/marketing\/#\/schema\/logo\/image\/"},"sameAs":["https:\/\/www.facebook.com\/portalcidademarketing","https:\/\/x.com\/CidadeMarketing","https:\/\/www.instagram.com\/cidademarketing\/"]},{"@type":"Person","@id":"https:\/\/www.cidademarketing.com.br\/marketing\/#\/schema\/person\/02daff9f18bd9378c9e01eb6b2db155f","name":"Thales Brand\u00e3o","image":{"@type":"ImageObject","inLanguage":"pt-BR","@id":"https:\/\/secure.gravatar.com\/avatar\/7ca3206950207cc3cb48feec56a8a7898741ab725c368d99d5d7a5a50aab80c6?s=96&d=mm&r=g","url":"https:\/\/secure.gravatar.com\/avatar\/7ca3206950207cc3cb48feec56a8a7898741ab725c368d99d5d7a5a50aab80c6?s=96&d=mm&r=g","contentUrl":"https:\/\/secure.gravatar.com\/avatar\/7ca3206950207cc3cb48feec56a8a7898741ab725c368d99d5d7a5a50aab80c6?s=96&d=mm&r=g","caption":"Thales Brand\u00e3o"},"description":"Editor Executivo do Portal CidadeMarketing.com.br &gt; Mestre em Comunica\u00e7\u00e3o e Sociedade pela Universidade Federal de Sergipe. Possui MBA Executivo em Administra\u00e7\u00e3o com \u00eanfase em Marketing pela Funda\u00e7\u00e3o Get\u00falio Vargas - Rio de Janeiro. Consultor, Palestrante e Pesquisador sobre Empreendedorismo, Marketing, Redes Sociais e Neg\u00f3cios Digitais. Professor, Palestrante TedxTalks e Campus Party. Twitter: @ThalesBrandao","sameAs":["http:\/\/www.mandacaru.com.br","https:\/\/www.facebook.com\/thalesbrandao","http:\/\/www.instagram.com.br\/thalesbrandaoferreira","https:\/\/www.linkedin.com\/in\/thales-brand\u00e3o-3948609\/","https:\/\/x.com\/http:\/\/www.twitter.com\/thalesbrandao"],"url":"https:\/\/www.cidademarketing.com.br\/marketing\/author\/thalesbrandao\/"}]}},"amp_enabled":true,"_links":{"self":[{"href":"https:\/\/www.cidademarketing.com.br\/marketing\/wp-json\/wp\/v2\/posts\/26074","targetHints":{"allow":["GET"]}}],"collection":[{"href":"https:\/\/www.cidademarketing.com.br\/marketing\/wp-json\/wp\/v2\/posts"}],"about":[{"href":"https:\/\/www.cidademarketing.com.br\/marketing\/wp-json\/wp\/v2\/types\/post"}],"author":[{"embeddable":true,"href":"https:\/\/www.cidademarketing.com.br\/marketing\/wp-json\/wp\/v2\/users\/1"}],"replies":[{"embeddable":true,"href":"https:\/\/www.cidademarketing.com.br\/marketing\/wp-json\/wp\/v2\/comments?post=26074"}],"version-history":[{"count":1,"href":"https:\/\/www.cidademarketing.com.br\/marketing\/wp-json\/wp\/v2\/posts\/26074\/revisions"}],"predecessor-version":[{"id":26075,"href":"https:\/\/www.cidademarketing.com.br\/marketing\/wp-json\/wp\/v2\/posts\/26074\/revisions\/26075"}],"wp:featuredmedia":[{"embeddable":true,"href":"https:\/\/www.cidademarketing.com.br\/marketing\/wp-json\/wp\/v2\/media\/26076"}],"wp:attachment":[{"href":"https:\/\/www.cidademarketing.com.br\/marketing\/wp-json\/wp\/v2\/media?parent=26074"}],"wp:term":[{"taxonomy":"category","embeddable":true,"href":"https:\/\/www.cidademarketing.com.br\/marketing\/wp-json\/wp\/v2\/categories?post=26074"},{"taxonomy":"post_tag","embeddable":true,"href":"https:\/\/www.cidademarketing.com.br\/marketing\/wp-json\/wp\/v2\/tags?post=26074"}],"curies":[{"name":"wp","href":"https:\/\/api.w.org\/{rel}","templated":true}]}}