{"id":25844,"date":"2021-07-20T11:46:58","date_gmt":"2021-07-20T14:46:58","guid":{"rendered":"https:\/\/www.cidademarketing.com.br\/marketing\/?p=25844"},"modified":"2021-07-20T11:47:00","modified_gmt":"2021-07-20T14:47:00","slug":"bradesco-lanca-campanha-estrelada-por-gabriel-medina-e-embalada-pelo-charlie-brown-jr","status":"publish","type":"post","link":"https:\/\/www.cidademarketing.com.br\/marketing\/2021\/07\/20\/bradesco-lanca-campanha-estrelada-por-gabriel-medina-e-embalada-pelo-charlie-brown-jr\/","title":{"rendered":"Bradesco lan\u00e7a campanha estrelada por Gabriel Medina e embalada pelo Charlie Brown Jr."},"content":{"rendered":"\n<p>O&nbsp;<strong>Bradesco<\/strong>&nbsp;lan\u00e7ou na \u00faltima segunda-feira (19) sua nova campanha publicit\u00e1ria estrelada pelo surfista&nbsp;<strong>Gabriel Medina<\/strong>, embaixador da marca desde 2019. A a\u00e7\u00e3o assinada pela&nbsp;<strong>Leo Burnett Tailor Made<\/strong>&nbsp;promove, por meio de computa\u00e7\u00e3o gr\u00e1fica, um encontro entre o bicampe\u00e3o mundial e Poseidon, deus do mar na mitologia grega, para ajud\u00e1-lo a alcan\u00e7ar as ondas perfeitas.&nbsp;\u201cEncare o Futuro\u201d assina o filme.<\/p>\n\n\n\n<p>\u201cOptamos por usar a met\u00e1fora do surfe, do mar calmo e sem ondas, para mostrar a import\u00e2ncia de cada um de n\u00f3s assumirmos o protagonismo em nossas hist\u00f3rias. Buscamos uma mensagem de otimismo que encorajasse as pessoas a perseguirem seus objetivos de forma corajosa, proativa. Tudo isso personificado na figura do Medina em uma f\u00e1bula publicit\u00e1ria impactante com Poseidon, e conectada com o compromisso da marca de apoiar seus clientes em seus desafios\u201d, afirma o diretor de Marketing do Bradesco, M\u00e1rcio Parizotto. &nbsp;<\/p>\n\n\n\n<p>Al\u00e9m da abertura de conta pelo app, a campanha refor\u00e7a os ativos que o banco oferece para ajudar seus clientes em todos os momentos, como empr\u00e9stimo com at\u00e9 3 meses de car\u00eancia para come\u00e7ar a pagar, financiamento imobili\u00e1rio com as melhores taxas e conta sem tarifa por um ano.\u00a0<\/p>\n\n\n\n<figure class=\"wp-block-embed is-type-video is-provider-youtube wp-block-embed-youtube wp-embed-aspect-16-9 wp-has-aspect-ratio\"><div class=\"wp-block-embed__wrapper\">\n<div class=\"youtube-embed\" data-video_id=\"cgRn06yKyEU\"><iframe title=\"MEDINA &amp; POSEIDON #ENCAREOFUTURO\" width=\"640\" height=\"360\" src=\"https:\/\/www.youtube.com\/embed\/cgRn06yKyEU?feature=oembed&#038;enablejsapi=1\" frameborder=\"0\" allow=\"accelerometer; autoplay; clipboard-write; encrypted-media; gyroscope; picture-in-picture; web-share\" referrerpolicy=\"strict-origin-when-cross-origin\" allowfullscreen><\/iframe><\/div>\n<\/div><\/figure>\n\n\n\n<p>Produzido pela\u00a0<strong>Stink Films<\/strong>\u00a0e dirigido pelo\u00a0<strong>Squarehead<\/strong>, o filme conta tamb\u00e9m com uma trilha sonora escolhida sob medida. \u201cN\u00e3o deixe o mar te engolir\u201d, composi\u00e7\u00e3o de 1999 da banda Charlie Brown Jr., reflete a mensagem de supera\u00e7\u00e3o e otimismo que o banco queria transmitir com a campanha.<\/p>\n\n\n\n<p><strong>FICHA T\u00c9CNICA<\/strong>&nbsp;<\/p>\n\n\n\n<p>AG\u00caNCIA: LEO BURNETT TAILOR MADE&nbsp;<br>T\u00cdTULO: POSEIDON&nbsp;<br>PRODUTO: ABERTURA DE CONTA&nbsp;<br>ANUNCIANTE: BRADESCO&nbsp;<br>CCO: MARCELO REIS&nbsp;<br>VP DE CRIA\u00c7\u00c3O: PEDRO UTZERI, VINICIUS STANZIONE E PEDRO PRADO&nbsp;<br>DIRETOR DE CRIA\u00c7\u00c3O: VINICIUS STANZIONE&nbsp;<br>REDATOR: FABIO NAGANO&nbsp;<br>DIRETOR DE ARTE: GABRIEL MARCONDES E BRENO BALBINO&nbsp;<br>ASSISTENTE DE ARTE: LEONARDO CASSOL, LU\u00cdSA PACHECO E LEO COSTA&nbsp;<br>CRIA\u00c7\u00c3O DIGITAL: FABIO NAGANO, GABRIEL MARCONDES, FELIPE MASSIS E JULIO LEITE&nbsp;<br>DIRETORA DE CONTE\u00daDO: ANDREZA AGUIAR&nbsp;<br>CONTE\u00daDO: FABIO NAGANO E TATIANA RESENDE&nbsp;<br>DIRETOR DE TECNOLOGIA E ACELERA\u00c7\u00c3O DIGITAL: DENIS GUSTAVO ALVES &nbsp;<br>PROJETOS DIGITAIS: THALLES FREITAS E PEDRO RAIS&nbsp;<br>DIRETORA DE PRODU\u00c7\u00c3O INTEGRADA: MARIA FERNANDA MOURA &nbsp;<br>RTV: &nbsp;LUCIANA KLEY&nbsp;<br>MOTION AG\u00caNCIA: CHRYSTIAN DANUCALOV&nbsp;<br>ARTBUYER: MAURO MOURA&nbsp;<br>ATENDIMENTO: FABIO BRITO, MARIANA NUNES, SABRINA SPINELLI, MARCO FARIAS&nbsp;<br>M\u00cdDIA: ANDREA HIRATA, KELLY COTTA, DOUGLAS OLIVEIRA, GUILHERME PEDROSA, BARBARA SANGIOIRGI&nbsp;<br>PLANEJAMENTO: TIAGO LARA, RAFAELA BADAR\u00d3, RAFAEL GON\u00c7ALES&nbsp;<br>ASSESSORIA DE IMPRENSA: JEF MARTINS, NATHALIE URSINI, MARIANA DUTRA.<br>APROVA\u00c7\u00c3O DO CLIENTE: M\u00c1RCIO PARIZOTTO, NATHALIA GARCIA, JOS\u00c9 MAUR\u00cdCIO LILLA E KARINA MEA BOTELHO&nbsp;<br>PRODUTORA DE FILME: STINK FILMS&nbsp;<br>DIRETOR: SQUAREHEAD&nbsp;<br>DIRETOR DE FOTOGRAFIA: MAUR\u00cdCIO PADILHA&nbsp;<br>ASSISTENTE DE DIRE\u00c7\u00c3O: JULIANA CRETELLA&nbsp;<br>OPERADOR DE C\u00c2MERA SUBAQU\u00c1TICA: LUCAS PUPO&nbsp;<br>FIGURINO: BETINHA MAGALH\u00c3ES&nbsp;<br>MAKE\/HAIR: FABIANA MIZUKAMI&nbsp;<br>PROD. ELENCO: FLAVIA COCOZZA&nbsp;<br>PROD. LOCA\u00c7\u00c3O: FABR\u00cdCIO MARINHO, SAMUEL CASTRO&nbsp;<br>DIRE\u00c7\u00c3O DE PRODU\u00c7\u00c3O: MURILLO BASKERVILLE&nbsp;<br>DIRETORA EXECUTIVA: INGRID RASZL&nbsp;<br>PRODUTOR EXECUTIVO: RENATA DUMONT, CAROLINA JUNQUEIRA, TICO CRUZ, CAMILA MARTINEZ, ANA GAZAL, MARCELA AMSTALDEN&nbsp;<br>COORDENA\u00c7\u00c3O DE PRODU\u00c7\u00c3O: PAULA MACEDO, MARIANA KERCHE, AMANDA GRELL&nbsp;<br>COORDENA\u00c7\u00c3O DE P\u00d3S: ROBERTA BRUZADIN, MARCELA ANTUNES&nbsp;<br>MONTADOR: SQUAREHEAD&nbsp;<br>FINALIZADORA: CAMILA DOIMO&nbsp;<br>P\u00d3S PRODU\u00c7\u00c3O: INVISIBLE WORKS&nbsp;<br>COLOR GRADING: OSMAR JR.&nbsp;<br>PRODUTORA DE SOM: &nbsp;&nbsp;<br>Produtor musical: CHRIS JORD\u00c3O&nbsp;<br>Sound design e Finaliza\u00e7\u00e3o: ANDR\u00c9 MELGES E MARCOS MORETTO (SOM 3)&nbsp;<br>Atendimento: XANNA D\u2019AGUIAR, KARINA VADASZ E IVIS SILVA&nbsp;<br>M\u00fasica: N\u00e3o deixe o mar te engolir \u2013 Charlie Brown Jr.&nbsp;<br>Editoras: Sony\/ATV Music Publishing&nbsp;<br>Gravadora: Universal Music Brasil&nbsp;<br>PRODUTORA DIGITAL: PRODIGIUS&nbsp;<br>DATA 1\u00aa VEICULA\u00c7\u00c3O: 19\/07&nbsp;<\/p>\n","protected":false},"excerpt":{"rendered":"<p>O&nbsp;Bradesco&nbsp;lan\u00e7ou na \u00faltima segunda-feira (19) sua nova campanha publicit\u00e1ria estrelada pelo surfista&nbsp;Gabriel Medina, embaixador da marca desde 2019. A a\u00e7\u00e3o assinada pela&nbsp;Leo Burnett Tailor Made&nbsp;promove, por meio de computa\u00e7\u00e3o gr\u00e1fica, um encontro entre o bicampe\u00e3o mundial e Poseidon, deus do mar na mitologia grega, para ajud\u00e1-lo a alcan\u00e7ar as ondas perfeitas.&nbsp;\u201cEncare o Futuro\u201d assina o [&hellip;]<\/p>\n","protected":false},"author":1,"featured_media":25845,"comment_status":"open","ping_status":"open","sticky":false,"template":"","format":"standard","meta":{"tdm_status":"","tdm_grid_status":"","footnotes":""},"categories":[6],"tags":[641,65,33,28],"class_list":["post-25844","post","type-post","status-publish","format-standard","has-post-thumbnail","hentry","category-noticias","tag-bradesco","tag-campanha","tag-estrategia","tag-marketing"],"yoast_head":"<!-- This site is optimized with the Yoast SEO plugin v27.4 - https:\/\/yoast.com\/product\/yoast-seo-wordpress\/ -->\n<title>Bradesco lan\u00e7a campanha estrelada por Gabriel Medina e embalada pelo Charlie Brown Jr. - CidadeMarketing<\/title>\n<meta name=\"robots\" content=\"index, follow, max-snippet:-1, max-image-preview:large, max-video-preview:-1\" \/>\n<link rel=\"canonical\" href=\"https:\/\/www.cidademarketing.com.br\/marketing\/2021\/07\/20\/bradesco-lanca-campanha-estrelada-por-gabriel-medina-e-embalada-pelo-charlie-brown-jr\/\" \/>\n<meta property=\"og:locale\" content=\"pt_BR\" \/>\n<meta property=\"og:type\" content=\"article\" \/>\n<meta property=\"og:title\" content=\"Bradesco lan\u00e7a campanha estrelada por Gabriel Medina e embalada pelo Charlie Brown Jr. - CidadeMarketing\" \/>\n<meta property=\"og:description\" content=\"O&nbsp;Bradesco&nbsp;lan\u00e7ou na \u00faltima segunda-feira (19) sua nova campanha publicit\u00e1ria estrelada pelo surfista&nbsp;Gabriel Medina, embaixador da marca desde 2019. A a\u00e7\u00e3o assinada pela&nbsp;Leo Burnett Tailor Made&nbsp;promove, por meio de computa\u00e7\u00e3o gr\u00e1fica, um encontro entre o bicampe\u00e3o mundial e Poseidon, deus do mar na mitologia grega, para ajud\u00e1-lo a alcan\u00e7ar as ondas perfeitas.&nbsp;\u201cEncare o Futuro\u201d assina o [&hellip;]\" \/>\n<meta property=\"og:url\" content=\"https:\/\/www.cidademarketing.com.br\/marketing\/2021\/07\/20\/bradesco-lanca-campanha-estrelada-por-gabriel-medina-e-embalada-pelo-charlie-brown-jr\/\" \/>\n<meta property=\"og:site_name\" content=\"CidadeMarketing\" \/>\n<meta property=\"article:publisher\" content=\"https:\/\/www.facebook.com\/portalcidademarketing\" \/>\n<meta property=\"article:author\" content=\"https:\/\/www.facebook.com\/thalesbrandao\" \/>\n<meta property=\"article:published_time\" content=\"2021-07-20T14:46:58+00:00\" \/>\n<meta property=\"article:modified_time\" content=\"2021-07-20T14:47:00+00:00\" \/>\n<meta property=\"og:image\" content=\"https:\/\/www.cidademarketing.com.br\/marketing\/wp-content\/uploads\/2021\/07\/bradesco_gabrielmedina.jpg\" \/>\n\t<meta property=\"og:image:width\" content=\"1190\" \/>\n\t<meta property=\"og:image:height\" content=\"605\" \/>\n\t<meta property=\"og:image:type\" content=\"image\/jpeg\" \/>\n<meta name=\"author\" content=\"Thales Brand\u00e3o\" \/>\n<meta name=\"twitter:card\" content=\"summary_large_image\" \/>\n<meta name=\"twitter:creator\" content=\"@http:\/\/www.twitter.com\/thalesbrandao\" \/>\n<meta name=\"twitter:site\" content=\"@CidadeMarketing\" \/>\n<meta name=\"twitter:label1\" content=\"Escrito por\" \/>\n\t<meta name=\"twitter:data1\" content=\"Thales Brand\u00e3o\" \/>\n\t<meta name=\"twitter:label2\" content=\"Est. tempo de leitura\" \/>\n\t<meta name=\"twitter:data2\" content=\"3 minutos\" \/>\n<script type=\"application\/ld+json\" class=\"yoast-schema-graph\">{\"@context\":\"https:\\\/\\\/schema.org\",\"@graph\":[{\"@type\":\"Article\",\"@id\":\"https:\\\/\\\/www.cidademarketing.com.br\\\/marketing\\\/2021\\\/07\\\/20\\\/bradesco-lanca-campanha-estrelada-por-gabriel-medina-e-embalada-pelo-charlie-brown-jr\\\/#article\",\"isPartOf\":{\"@id\":\"https:\\\/\\\/www.cidademarketing.com.br\\\/marketing\\\/2021\\\/07\\\/20\\\/bradesco-lanca-campanha-estrelada-por-gabriel-medina-e-embalada-pelo-charlie-brown-jr\\\/\"},\"author\":{\"name\":\"Thales Brand\u00e3o\",\"@id\":\"https:\\\/\\\/www.cidademarketing.com.br\\\/marketing\\\/#\\\/schema\\\/person\\\/02daff9f18bd9378c9e01eb6b2db155f\"},\"headline\":\"Bradesco lan\u00e7a campanha estrelada por Gabriel Medina e embalada pelo Charlie Brown Jr.\",\"datePublished\":\"2021-07-20T14:46:58+00:00\",\"dateModified\":\"2021-07-20T14:47:00+00:00\",\"mainEntityOfPage\":{\"@id\":\"https:\\\/\\\/www.cidademarketing.com.br\\\/marketing\\\/2021\\\/07\\\/20\\\/bradesco-lanca-campanha-estrelada-por-gabriel-medina-e-embalada-pelo-charlie-brown-jr\\\/\"},\"wordCount\":682,\"commentCount\":0,\"publisher\":{\"@id\":\"https:\\\/\\\/www.cidademarketing.com.br\\\/marketing\\\/#organization\"},\"image\":{\"@id\":\"https:\\\/\\\/www.cidademarketing.com.br\\\/marketing\\\/2021\\\/07\\\/20\\\/bradesco-lanca-campanha-estrelada-por-gabriel-medina-e-embalada-pelo-charlie-brown-jr\\\/#primaryimage\"},\"thumbnailUrl\":\"https:\\\/\\\/www.cidademarketing.com.br\\\/marketing\\\/wp-content\\\/uploads\\\/2021\\\/07\\\/bradesco_gabrielmedina.jpg\",\"keywords\":[\"Bradesco\",\"campanha\",\"estrat\u00e9gia\",\"marketing\"],\"articleSection\":[\"Not\u00edcias\"],\"inLanguage\":\"pt-BR\",\"potentialAction\":[{\"@type\":\"CommentAction\",\"name\":\"Comment\",\"target\":[\"https:\\\/\\\/www.cidademarketing.com.br\\\/marketing\\\/2021\\\/07\\\/20\\\/bradesco-lanca-campanha-estrelada-por-gabriel-medina-e-embalada-pelo-charlie-brown-jr\\\/#respond\"]}]},{\"@type\":\"WebPage\",\"@id\":\"https:\\\/\\\/www.cidademarketing.com.br\\\/marketing\\\/2021\\\/07\\\/20\\\/bradesco-lanca-campanha-estrelada-por-gabriel-medina-e-embalada-pelo-charlie-brown-jr\\\/\",\"url\":\"https:\\\/\\\/www.cidademarketing.com.br\\\/marketing\\\/2021\\\/07\\\/20\\\/bradesco-lanca-campanha-estrelada-por-gabriel-medina-e-embalada-pelo-charlie-brown-jr\\\/\",\"name\":\"Bradesco lan\u00e7a campanha estrelada por Gabriel Medina e embalada pelo Charlie Brown Jr. - CidadeMarketing\",\"isPartOf\":{\"@id\":\"https:\\\/\\\/www.cidademarketing.com.br\\\/marketing\\\/#website\"},\"primaryImageOfPage\":{\"@id\":\"https:\\\/\\\/www.cidademarketing.com.br\\\/marketing\\\/2021\\\/07\\\/20\\\/bradesco-lanca-campanha-estrelada-por-gabriel-medina-e-embalada-pelo-charlie-brown-jr\\\/#primaryimage\"},\"image\":{\"@id\":\"https:\\\/\\\/www.cidademarketing.com.br\\\/marketing\\\/2021\\\/07\\\/20\\\/bradesco-lanca-campanha-estrelada-por-gabriel-medina-e-embalada-pelo-charlie-brown-jr\\\/#primaryimage\"},\"thumbnailUrl\":\"https:\\\/\\\/www.cidademarketing.com.br\\\/marketing\\\/wp-content\\\/uploads\\\/2021\\\/07\\\/bradesco_gabrielmedina.jpg\",\"datePublished\":\"2021-07-20T14:46:58+00:00\",\"dateModified\":\"2021-07-20T14:47:00+00:00\",\"breadcrumb\":{\"@id\":\"https:\\\/\\\/www.cidademarketing.com.br\\\/marketing\\\/2021\\\/07\\\/20\\\/bradesco-lanca-campanha-estrelada-por-gabriel-medina-e-embalada-pelo-charlie-brown-jr\\\/#breadcrumb\"},\"inLanguage\":\"pt-BR\",\"potentialAction\":[{\"@type\":\"ReadAction\",\"target\":[\"https:\\\/\\\/www.cidademarketing.com.br\\\/marketing\\\/2021\\\/07\\\/20\\\/bradesco-lanca-campanha-estrelada-por-gabriel-medina-e-embalada-pelo-charlie-brown-jr\\\/\"]}]},{\"@type\":\"ImageObject\",\"inLanguage\":\"pt-BR\",\"@id\":\"https:\\\/\\\/www.cidademarketing.com.br\\\/marketing\\\/2021\\\/07\\\/20\\\/bradesco-lanca-campanha-estrelada-por-gabriel-medina-e-embalada-pelo-charlie-brown-jr\\\/#primaryimage\",\"url\":\"https:\\\/\\\/www.cidademarketing.com.br\\\/marketing\\\/wp-content\\\/uploads\\\/2021\\\/07\\\/bradesco_gabrielmedina.jpg\",\"contentUrl\":\"https:\\\/\\\/www.cidademarketing.com.br\\\/marketing\\\/wp-content\\\/uploads\\\/2021\\\/07\\\/bradesco_gabrielmedina.jpg\",\"width\":1190,\"height\":605,\"caption\":\"Reprodu\u00e7\u00e3o\"},{\"@type\":\"BreadcrumbList\",\"@id\":\"https:\\\/\\\/www.cidademarketing.com.br\\\/marketing\\\/2021\\\/07\\\/20\\\/bradesco-lanca-campanha-estrelada-por-gabriel-medina-e-embalada-pelo-charlie-brown-jr\\\/#breadcrumb\",\"itemListElement\":[{\"@type\":\"ListItem\",\"position\":1,\"name\":\"In\u00edcio\",\"item\":\"https:\\\/\\\/www.cidademarketing.com.br\\\/marketing\\\/\"},{\"@type\":\"ListItem\",\"position\":2,\"name\":\"Bradesco lan\u00e7a campanha estrelada por Gabriel Medina e embalada pelo Charlie Brown Jr.\"}]},{\"@type\":\"WebSite\",\"@id\":\"https:\\\/\\\/www.cidademarketing.com.br\\\/marketing\\\/#website\",\"url\":\"https:\\\/\\\/www.cidademarketing.com.br\\\/marketing\\\/\",\"name\":\"CidadeMarketing\",\"description\":\"Somos um ve\u00edculo de comunica\u00e7\u00e3o de destaque no Brasil, reconhecido por conte\u00fados nos segmentos de marketing, empreendedorismo e inova\u00e7\u00e3o.\",\"publisher\":{\"@id\":\"https:\\\/\\\/www.cidademarketing.com.br\\\/marketing\\\/#organization\"},\"alternateName\":\"CidadeMarketing\",\"potentialAction\":[{\"@type\":\"SearchAction\",\"target\":{\"@type\":\"EntryPoint\",\"urlTemplate\":\"https:\\\/\\\/www.cidademarketing.com.br\\\/marketing\\\/?s={search_term_string}\"},\"query-input\":{\"@type\":\"PropertyValueSpecification\",\"valueRequired\":true,\"valueName\":\"search_term_string\"}}],\"inLanguage\":\"pt-BR\"},{\"@type\":\"Organization\",\"@id\":\"https:\\\/\\\/www.cidademarketing.com.br\\\/marketing\\\/#organization\",\"name\":\"CidadeMarketing\",\"alternateName\":\"CidadeMarketing\",\"url\":\"https:\\\/\\\/www.cidademarketing.com.br\\\/marketing\\\/\",\"logo\":{\"@type\":\"ImageObject\",\"inLanguage\":\"pt-BR\",\"@id\":\"https:\\\/\\\/www.cidademarketing.com.br\\\/marketing\\\/#\\\/schema\\\/logo\\\/image\\\/\",\"url\":\"https:\\\/\\\/www.cidademarketing.com.br\\\/marketing\\\/wp-content\\\/uploads\\\/2020\\\/01\\\/cidademarketing_marca_mobile.png\",\"contentUrl\":\"https:\\\/\\\/www.cidademarketing.com.br\\\/marketing\\\/wp-content\\\/uploads\\\/2020\\\/01\\\/cidademarketing_marca_mobile.png\",\"width\":230,\"height\":92,\"caption\":\"CidadeMarketing\"},\"image\":{\"@id\":\"https:\\\/\\\/www.cidademarketing.com.br\\\/marketing\\\/#\\\/schema\\\/logo\\\/image\\\/\"},\"sameAs\":[\"https:\\\/\\\/www.facebook.com\\\/portalcidademarketing\",\"https:\\\/\\\/x.com\\\/CidadeMarketing\",\"https:\\\/\\\/www.instagram.com\\\/cidademarketing\\\/\"]},{\"@type\":\"Person\",\"@id\":\"https:\\\/\\\/www.cidademarketing.com.br\\\/marketing\\\/#\\\/schema\\\/person\\\/02daff9f18bd9378c9e01eb6b2db155f\",\"name\":\"Thales Brand\u00e3o\",\"image\":{\"@type\":\"ImageObject\",\"inLanguage\":\"pt-BR\",\"@id\":\"https:\\\/\\\/secure.gravatar.com\\\/avatar\\\/7ca3206950207cc3cb48feec56a8a7898741ab725c368d99d5d7a5a50aab80c6?s=96&d=mm&r=g\",\"url\":\"https:\\\/\\\/secure.gravatar.com\\\/avatar\\\/7ca3206950207cc3cb48feec56a8a7898741ab725c368d99d5d7a5a50aab80c6?s=96&d=mm&r=g\",\"contentUrl\":\"https:\\\/\\\/secure.gravatar.com\\\/avatar\\\/7ca3206950207cc3cb48feec56a8a7898741ab725c368d99d5d7a5a50aab80c6?s=96&d=mm&r=g\",\"caption\":\"Thales Brand\u00e3o\"},\"description\":\"Editor Executivo do Portal CidadeMarketing.com.br &gt; Mestre em Comunica\u00e7\u00e3o e Sociedade pela Universidade Federal de Sergipe. Possui MBA Executivo em Administra\u00e7\u00e3o com \u00eanfase em Marketing pela Funda\u00e7\u00e3o Get\u00falio Vargas - Rio de Janeiro. Consultor, Palestrante e Pesquisador sobre Empreendedorismo, Marketing, Redes Sociais e Neg\u00f3cios Digitais. Professor, Palestrante TedxTalks e Campus Party. Twitter: @ThalesBrandao\",\"sameAs\":[\"http:\\\/\\\/www.mandacaru.com.br\",\"https:\\\/\\\/www.facebook.com\\\/thalesbrandao\",\"http:\\\/\\\/www.instagram.com.br\\\/thalesbrandaoferreira\",\"https:\\\/\\\/www.linkedin.com\\\/in\\\/thales-brand\u00e3o-3948609\\\/\",\"https:\\\/\\\/x.com\\\/http:\\\/\\\/www.twitter.com\\\/thalesbrandao\"],\"url\":\"https:\\\/\\\/www.cidademarketing.com.br\\\/marketing\\\/author\\\/thalesbrandao\\\/\"}]}<\/script>\n<!-- \/ Yoast SEO plugin. -->","yoast_head_json":{"title":"Bradesco lan\u00e7a campanha estrelada por Gabriel Medina e embalada pelo Charlie Brown Jr. - CidadeMarketing","robots":{"index":"index","follow":"follow","max-snippet":"max-snippet:-1","max-image-preview":"max-image-preview:large","max-video-preview":"max-video-preview:-1"},"canonical":"https:\/\/www.cidademarketing.com.br\/marketing\/2021\/07\/20\/bradesco-lanca-campanha-estrelada-por-gabriel-medina-e-embalada-pelo-charlie-brown-jr\/","og_locale":"pt_BR","og_type":"article","og_title":"Bradesco lan\u00e7a campanha estrelada por Gabriel Medina e embalada pelo Charlie Brown Jr. - CidadeMarketing","og_description":"O&nbsp;Bradesco&nbsp;lan\u00e7ou na \u00faltima segunda-feira (19) sua nova campanha publicit\u00e1ria estrelada pelo surfista&nbsp;Gabriel Medina, embaixador da marca desde 2019. A a\u00e7\u00e3o assinada pela&nbsp;Leo Burnett Tailor Made&nbsp;promove, por meio de computa\u00e7\u00e3o gr\u00e1fica, um encontro entre o bicampe\u00e3o mundial e Poseidon, deus do mar na mitologia grega, para ajud\u00e1-lo a alcan\u00e7ar as ondas perfeitas.&nbsp;\u201cEncare o Futuro\u201d assina o [&hellip;]","og_url":"https:\/\/www.cidademarketing.com.br\/marketing\/2021\/07\/20\/bradesco-lanca-campanha-estrelada-por-gabriel-medina-e-embalada-pelo-charlie-brown-jr\/","og_site_name":"CidadeMarketing","article_publisher":"https:\/\/www.facebook.com\/portalcidademarketing","article_author":"https:\/\/www.facebook.com\/thalesbrandao","article_published_time":"2021-07-20T14:46:58+00:00","article_modified_time":"2021-07-20T14:47:00+00:00","og_image":[{"width":1190,"height":605,"url":"https:\/\/www.cidademarketing.com.br\/marketing\/wp-content\/uploads\/2021\/07\/bradesco_gabrielmedina.jpg","type":"image\/jpeg"}],"author":"Thales Brand\u00e3o","twitter_card":"summary_large_image","twitter_creator":"@http:\/\/www.twitter.com\/thalesbrandao","twitter_site":"@CidadeMarketing","twitter_misc":{"Escrito por":"Thales Brand\u00e3o","Est. tempo de leitura":"3 minutos"},"schema":{"@context":"https:\/\/schema.org","@graph":[{"@type":"Article","@id":"https:\/\/www.cidademarketing.com.br\/marketing\/2021\/07\/20\/bradesco-lanca-campanha-estrelada-por-gabriel-medina-e-embalada-pelo-charlie-brown-jr\/#article","isPartOf":{"@id":"https:\/\/www.cidademarketing.com.br\/marketing\/2021\/07\/20\/bradesco-lanca-campanha-estrelada-por-gabriel-medina-e-embalada-pelo-charlie-brown-jr\/"},"author":{"name":"Thales Brand\u00e3o","@id":"https:\/\/www.cidademarketing.com.br\/marketing\/#\/schema\/person\/02daff9f18bd9378c9e01eb6b2db155f"},"headline":"Bradesco lan\u00e7a campanha estrelada por Gabriel Medina e embalada pelo Charlie Brown Jr.","datePublished":"2021-07-20T14:46:58+00:00","dateModified":"2021-07-20T14:47:00+00:00","mainEntityOfPage":{"@id":"https:\/\/www.cidademarketing.com.br\/marketing\/2021\/07\/20\/bradesco-lanca-campanha-estrelada-por-gabriel-medina-e-embalada-pelo-charlie-brown-jr\/"},"wordCount":682,"commentCount":0,"publisher":{"@id":"https:\/\/www.cidademarketing.com.br\/marketing\/#organization"},"image":{"@id":"https:\/\/www.cidademarketing.com.br\/marketing\/2021\/07\/20\/bradesco-lanca-campanha-estrelada-por-gabriel-medina-e-embalada-pelo-charlie-brown-jr\/#primaryimage"},"thumbnailUrl":"https:\/\/www.cidademarketing.com.br\/marketing\/wp-content\/uploads\/2021\/07\/bradesco_gabrielmedina.jpg","keywords":["Bradesco","campanha","estrat\u00e9gia","marketing"],"articleSection":["Not\u00edcias"],"inLanguage":"pt-BR","potentialAction":[{"@type":"CommentAction","name":"Comment","target":["https:\/\/www.cidademarketing.com.br\/marketing\/2021\/07\/20\/bradesco-lanca-campanha-estrelada-por-gabriel-medina-e-embalada-pelo-charlie-brown-jr\/#respond"]}]},{"@type":"WebPage","@id":"https:\/\/www.cidademarketing.com.br\/marketing\/2021\/07\/20\/bradesco-lanca-campanha-estrelada-por-gabriel-medina-e-embalada-pelo-charlie-brown-jr\/","url":"https:\/\/www.cidademarketing.com.br\/marketing\/2021\/07\/20\/bradesco-lanca-campanha-estrelada-por-gabriel-medina-e-embalada-pelo-charlie-brown-jr\/","name":"Bradesco lan\u00e7a campanha estrelada por Gabriel Medina e embalada pelo Charlie Brown Jr. - CidadeMarketing","isPartOf":{"@id":"https:\/\/www.cidademarketing.com.br\/marketing\/#website"},"primaryImageOfPage":{"@id":"https:\/\/www.cidademarketing.com.br\/marketing\/2021\/07\/20\/bradesco-lanca-campanha-estrelada-por-gabriel-medina-e-embalada-pelo-charlie-brown-jr\/#primaryimage"},"image":{"@id":"https:\/\/www.cidademarketing.com.br\/marketing\/2021\/07\/20\/bradesco-lanca-campanha-estrelada-por-gabriel-medina-e-embalada-pelo-charlie-brown-jr\/#primaryimage"},"thumbnailUrl":"https:\/\/www.cidademarketing.com.br\/marketing\/wp-content\/uploads\/2021\/07\/bradesco_gabrielmedina.jpg","datePublished":"2021-07-20T14:46:58+00:00","dateModified":"2021-07-20T14:47:00+00:00","breadcrumb":{"@id":"https:\/\/www.cidademarketing.com.br\/marketing\/2021\/07\/20\/bradesco-lanca-campanha-estrelada-por-gabriel-medina-e-embalada-pelo-charlie-brown-jr\/#breadcrumb"},"inLanguage":"pt-BR","potentialAction":[{"@type":"ReadAction","target":["https:\/\/www.cidademarketing.com.br\/marketing\/2021\/07\/20\/bradesco-lanca-campanha-estrelada-por-gabriel-medina-e-embalada-pelo-charlie-brown-jr\/"]}]},{"@type":"ImageObject","inLanguage":"pt-BR","@id":"https:\/\/www.cidademarketing.com.br\/marketing\/2021\/07\/20\/bradesco-lanca-campanha-estrelada-por-gabriel-medina-e-embalada-pelo-charlie-brown-jr\/#primaryimage","url":"https:\/\/www.cidademarketing.com.br\/marketing\/wp-content\/uploads\/2021\/07\/bradesco_gabrielmedina.jpg","contentUrl":"https:\/\/www.cidademarketing.com.br\/marketing\/wp-content\/uploads\/2021\/07\/bradesco_gabrielmedina.jpg","width":1190,"height":605,"caption":"Reprodu\u00e7\u00e3o"},{"@type":"BreadcrumbList","@id":"https:\/\/www.cidademarketing.com.br\/marketing\/2021\/07\/20\/bradesco-lanca-campanha-estrelada-por-gabriel-medina-e-embalada-pelo-charlie-brown-jr\/#breadcrumb","itemListElement":[{"@type":"ListItem","position":1,"name":"In\u00edcio","item":"https:\/\/www.cidademarketing.com.br\/marketing\/"},{"@type":"ListItem","position":2,"name":"Bradesco lan\u00e7a campanha estrelada por Gabriel Medina e embalada pelo Charlie Brown Jr."}]},{"@type":"WebSite","@id":"https:\/\/www.cidademarketing.com.br\/marketing\/#website","url":"https:\/\/www.cidademarketing.com.br\/marketing\/","name":"CidadeMarketing","description":"Somos um ve\u00edculo de comunica\u00e7\u00e3o de destaque no Brasil, reconhecido por conte\u00fados nos segmentos de marketing, empreendedorismo e inova\u00e7\u00e3o.","publisher":{"@id":"https:\/\/www.cidademarketing.com.br\/marketing\/#organization"},"alternateName":"CidadeMarketing","potentialAction":[{"@type":"SearchAction","target":{"@type":"EntryPoint","urlTemplate":"https:\/\/www.cidademarketing.com.br\/marketing\/?s={search_term_string}"},"query-input":{"@type":"PropertyValueSpecification","valueRequired":true,"valueName":"search_term_string"}}],"inLanguage":"pt-BR"},{"@type":"Organization","@id":"https:\/\/www.cidademarketing.com.br\/marketing\/#organization","name":"CidadeMarketing","alternateName":"CidadeMarketing","url":"https:\/\/www.cidademarketing.com.br\/marketing\/","logo":{"@type":"ImageObject","inLanguage":"pt-BR","@id":"https:\/\/www.cidademarketing.com.br\/marketing\/#\/schema\/logo\/image\/","url":"https:\/\/www.cidademarketing.com.br\/marketing\/wp-content\/uploads\/2020\/01\/cidademarketing_marca_mobile.png","contentUrl":"https:\/\/www.cidademarketing.com.br\/marketing\/wp-content\/uploads\/2020\/01\/cidademarketing_marca_mobile.png","width":230,"height":92,"caption":"CidadeMarketing"},"image":{"@id":"https:\/\/www.cidademarketing.com.br\/marketing\/#\/schema\/logo\/image\/"},"sameAs":["https:\/\/www.facebook.com\/portalcidademarketing","https:\/\/x.com\/CidadeMarketing","https:\/\/www.instagram.com\/cidademarketing\/"]},{"@type":"Person","@id":"https:\/\/www.cidademarketing.com.br\/marketing\/#\/schema\/person\/02daff9f18bd9378c9e01eb6b2db155f","name":"Thales Brand\u00e3o","image":{"@type":"ImageObject","inLanguage":"pt-BR","@id":"https:\/\/secure.gravatar.com\/avatar\/7ca3206950207cc3cb48feec56a8a7898741ab725c368d99d5d7a5a50aab80c6?s=96&d=mm&r=g","url":"https:\/\/secure.gravatar.com\/avatar\/7ca3206950207cc3cb48feec56a8a7898741ab725c368d99d5d7a5a50aab80c6?s=96&d=mm&r=g","contentUrl":"https:\/\/secure.gravatar.com\/avatar\/7ca3206950207cc3cb48feec56a8a7898741ab725c368d99d5d7a5a50aab80c6?s=96&d=mm&r=g","caption":"Thales Brand\u00e3o"},"description":"Editor Executivo do Portal CidadeMarketing.com.br &gt; Mestre em Comunica\u00e7\u00e3o e Sociedade pela Universidade Federal de Sergipe. Possui MBA Executivo em Administra\u00e7\u00e3o com \u00eanfase em Marketing pela Funda\u00e7\u00e3o Get\u00falio Vargas - Rio de Janeiro. Consultor, Palestrante e Pesquisador sobre Empreendedorismo, Marketing, Redes Sociais e Neg\u00f3cios Digitais. Professor, Palestrante TedxTalks e Campus Party. Twitter: @ThalesBrandao","sameAs":["http:\/\/www.mandacaru.com.br","https:\/\/www.facebook.com\/thalesbrandao","http:\/\/www.instagram.com.br\/thalesbrandaoferreira","https:\/\/www.linkedin.com\/in\/thales-brand\u00e3o-3948609\/","https:\/\/x.com\/http:\/\/www.twitter.com\/thalesbrandao"],"url":"https:\/\/www.cidademarketing.com.br\/marketing\/author\/thalesbrandao\/"}]}},"amp_enabled":true,"_links":{"self":[{"href":"https:\/\/www.cidademarketing.com.br\/marketing\/wp-json\/wp\/v2\/posts\/25844","targetHints":{"allow":["GET"]}}],"collection":[{"href":"https:\/\/www.cidademarketing.com.br\/marketing\/wp-json\/wp\/v2\/posts"}],"about":[{"href":"https:\/\/www.cidademarketing.com.br\/marketing\/wp-json\/wp\/v2\/types\/post"}],"author":[{"embeddable":true,"href":"https:\/\/www.cidademarketing.com.br\/marketing\/wp-json\/wp\/v2\/users\/1"}],"replies":[{"embeddable":true,"href":"https:\/\/www.cidademarketing.com.br\/marketing\/wp-json\/wp\/v2\/comments?post=25844"}],"version-history":[{"count":1,"href":"https:\/\/www.cidademarketing.com.br\/marketing\/wp-json\/wp\/v2\/posts\/25844\/revisions"}],"predecessor-version":[{"id":25846,"href":"https:\/\/www.cidademarketing.com.br\/marketing\/wp-json\/wp\/v2\/posts\/25844\/revisions\/25846"}],"wp:featuredmedia":[{"embeddable":true,"href":"https:\/\/www.cidademarketing.com.br\/marketing\/wp-json\/wp\/v2\/media\/25845"}],"wp:attachment":[{"href":"https:\/\/www.cidademarketing.com.br\/marketing\/wp-json\/wp\/v2\/media?parent=25844"}],"wp:term":[{"taxonomy":"category","embeddable":true,"href":"https:\/\/www.cidademarketing.com.br\/marketing\/wp-json\/wp\/v2\/categories?post=25844"},{"taxonomy":"post_tag","embeddable":true,"href":"https:\/\/www.cidademarketing.com.br\/marketing\/wp-json\/wp\/v2\/tags?post=25844"}],"curies":[{"name":"wp","href":"https:\/\/api.w.org\/{rel}","templated":true}]}}