{"id":25809,"date":"2021-07-19T22:15:22","date_gmt":"2021-07-20T01:15:22","guid":{"rendered":"https:\/\/www.cidademarketing.com.br\/marketing\/?p=25809"},"modified":"2021-07-19T22:15:24","modified_gmt":"2021-07-20T01:15:24","slug":"para-comemorar-4-anos-buser-fecha-contrato-de-patrocinio-com-cruzeiro-e-atletico","status":"publish","type":"post","link":"https:\/\/www.cidademarketing.com.br\/marketing\/2021\/07\/19\/para-comemorar-4-anos-buser-fecha-contrato-de-patrocinio-com-cruzeiro-e-atletico\/","title":{"rendered":"Para comemorar 4 anos, Buser fecha contrato de patroc\u00ednio com Cruzeiro e Atl\u00e9tico"},"content":{"rendered":"\n<p>L\u00edder na intermedia\u00e7\u00e3o de viagens rodovi\u00e1rias no Brasil, a Buser completou 4 anos em julho com um an\u00fancio que fez vibrar as duas maiores torcidas de futebol de Minas Gerais. Na sexta-feira (16\/7), a startup mineira assinou contratos de patroc\u00ednio com o Atl\u00e9tico e o Cruzeiro.<\/p>\n\n\n\n<p>Pelos pr\u00f3ximos 12 meses, a logomarca da empresa estar\u00e1 estampada nas camisetas do Galo e da Raposa. \u201cNossa paix\u00e3o pelas estradas \u00e9 t\u00e3o grande quanto o amor pelo futebol. Nossa luta pela liberdade de escolha e pela democratiza\u00e7\u00e3o das viagens \u00e9 t\u00e3o forte quanto o grito das torcidas\u201d, ressalta o cruzeirense Marcelo Abritta, CEO da Buser e fundador da startup, ao lado do atleticano Marcelo Vasconcellos. \u201cNada mais justo do que unir essas paix\u00f5es, impulsionando a Raposa e do Galo para muitas conquistas e incentivando as torcidas\u201d, completa Abritta.<\/p>\n\n\n\n<p>Al\u00e9m do gola\u00e7o em Minas, a Buser segue com estilo arrojado e confiante na retomada do turismo com o controle gradual da epidemia. Com quase 4 milh\u00f5es de passageiros cadastrados em todo o Brasil, a empresa quer chegar ainda mais longe. Presente em 24 estados, a plataforma de mobilidade planeja expandir as opera\u00e7\u00f5es criando 10 mil trechos e conectando 1.000 cidades at\u00e9 o fim de 2021, sendo 400 no modelo de fretamento e 800 no modelo de marketplace. A ideia \u00e9 conectar uma em cada cinco cidades do Pa\u00eds na virada para o ano que vem.<\/p>\n\n\n\n<p>Esse crescimento est\u00e1 ancorado no aporte conclu\u00eddo em junho. Na rodada s\u00e9rie C, liderada pelo fundo de impacto social LGT Lightrock, a Buser levantou R$ 700 milh\u00f5es. No ciclo dos pr\u00f3ximos dois anos, ir\u00e1 investir R$ 1 bilh\u00e3o no Pa\u00eds, recursos usados principalmente no processo de expans\u00e3o. A expectativa, em termos de receita (ou GMV, a m\u00e9trica usada pelas startups), \u00e9 crescer 10 vezes at\u00e9 o final de 2022.<\/p>\n\n\n\n<p>\u201cApesar de todo o cuidado com a retomada do turismo, pois sabemos que tudo depende da vacina\u00e7\u00e3o em massa, estamos animados com o que vem por a\u00ed. Junho foi o quarto melhor m\u00eas da hist\u00f3ria da Buser, inclusive com um fluxo de caixa positivo. Estamos nos preparando para que a opera\u00e7\u00e3o atenda a maior parte dos desejos dos brasileiros, e as pessoas consigam viajar com seguran\u00e7a e pre\u00e7o baixo\u201d, afirma Abritta.<\/p>\n\n\n\n<p><strong>\u201cBatalha de rotas\u201d<\/strong><\/p>\n\n\n\n<p>Para escolher as cidades priorit\u00e1rias na expans\u00e3o, a Buser considera uma s\u00e9rie de fatores, como demanda reprimida por regi\u00e3o e estudos de viabilidade. Dessa vez, a startup usou tamb\u00e9m as redes sociais para ajudar neste processo. Ao criar uma a\u00e7\u00e3o batizada de \u201cBatalha de Rotas\u201d, a empresa pediu ajuda \u00e0s centenas de milhares de seguidores na internet. Entre uma lista de destinos pr\u00e9-selecionados, as pessoas podem escolher as pr\u00f3ximas rotas a serem lan\u00e7adas pela Buser, no modelo de fretamento colaborativo.<\/p>\n\n\n\n<p>Na primeira etapa foram escolhidas as algumas rotas que j\u00e1 est\u00e3o em opera\u00e7\u00e3o, como: Maca\u00e9 &#8211; Rio de Janeiro, Sorocaba &#8211; S\u00e3o Paulo, e Sete Lagoas &#8211; Belo Horizonte. As duas \u00faltimas, contavam com centenas de reservas apenas quatro dias depois de serem lan\u00e7adas. A batalha nas redes sociais da Buser continua: outras seis rotas est\u00e3o em vota\u00e7\u00e3o, das quais os internautas escolher\u00e3o mais tr\u00eas novas conex\u00f5es.<\/p>\n\n\n\n<p>A empresa tamb\u00e9m est\u00e1 estreando opera\u00e7\u00e3o no Piau\u00ed, al\u00e9m de abrir v\u00e1rias outras rotas de movimento no Sul e Sudeste do Brasil, como Atibaia &#8211; S\u00e3o Paulo; Bragan\u00e7a Paulista &#8211; S\u00e3o Paulo; Joinville &#8211; Florian\u00f3polis; Blumenau &#8211; Florian\u00f3polis; Itaja\u00ed &#8211; Florian\u00f3polis &#8211; Balne\u00e1rio Cambori\u00fa &#8211; Florian\u00f3polis; Blumenau &#8211; Joinville; Belo Horizonte &#8211; Ouro Preto; Rio das Ostras &#8211; Rio de Janeiro e Goi\u00e2nia \u2013 Bras\u00edlia.<\/p>\n\n\n\n<p><strong>Al\u00e9m das rotas<\/strong><\/p>\n\n\n\n<p>O crescimento da Buser passa pelo lan\u00e7amento de novas rotas, o que envolve v\u00e1rios outros itens, como instala\u00e7\u00e3o de pontos de embarque e desembarque, al\u00e9m de procedimentos de seguran\u00e7a e educa\u00e7\u00e3o aos futuros usu\u00e1rios. Mas tamb\u00e9m inclui alto investimento em novos neg\u00f3cios.<\/p>\n\n\n\n<p>Famosa por conectar viajantes a empresas pequenas e m\u00e9dias de transporte rodovi\u00e1rio de passageiros, no formato de fretamento colaborativo (no qual os viajantes dividem a conta final do frete), a plataforma passou a focar na amplia\u00e7\u00e3o de seu portf\u00f3lio de servi\u00e7os, entrando em novos segmentos, como marketplace de passagens em parceria com grandes companhias e tamb\u00e9m no transporte de cargas, com o servi\u00e7o Buser Encomendas.&nbsp;<\/p>\n","protected":false},"excerpt":{"rendered":"<p>L\u00edder na intermedia\u00e7\u00e3o de viagens rodovi\u00e1rias no Brasil, a Buser completou 4 anos em julho com um an\u00fancio que fez vibrar as duas maiores torcidas de futebol de Minas Gerais. Na sexta-feira (16\/7), a startup mineira assinou contratos de patroc\u00ednio com o Atl\u00e9tico e o Cruzeiro. Pelos pr\u00f3ximos 12 meses, a logomarca da empresa estar\u00e1 [&hellip;]<\/p>\n","protected":false},"author":1,"featured_media":20247,"comment_status":"open","ping_status":"open","sticky":false,"template":"","format":"standard","meta":{"tdm_status":"","tdm_grid_status":"","footnotes":""},"categories":[6],"tags":[4118,3528,588,33,447],"class_list":["post-25809","post","type-post","status-publish","format-standard","has-post-thumbnail","hentry","category-noticias","tag-atletico","tag-buser","tag-cruzeiro","tag-estrategia","tag-patrocinio"],"yoast_head":"<!-- This site is optimized with the Yoast SEO plugin v27.4 - https:\/\/yoast.com\/product\/yoast-seo-wordpress\/ -->\n<title>Para comemorar 4 anos, Buser fecha contrato de patroc\u00ednio com Cruzeiro e Atl\u00e9tico - CidadeMarketing<\/title>\n<meta name=\"robots\" content=\"index, follow, max-snippet:-1, max-image-preview:large, max-video-preview:-1\" \/>\n<link rel=\"canonical\" href=\"https:\/\/www.cidademarketing.com.br\/marketing\/2021\/07\/19\/para-comemorar-4-anos-buser-fecha-contrato-de-patrocinio-com-cruzeiro-e-atletico\/\" \/>\n<meta property=\"og:locale\" content=\"pt_BR\" \/>\n<meta property=\"og:type\" content=\"article\" \/>\n<meta property=\"og:title\" content=\"Para comemorar 4 anos, Buser fecha contrato de patroc\u00ednio com Cruzeiro e Atl\u00e9tico - CidadeMarketing\" \/>\n<meta property=\"og:description\" content=\"L\u00edder na intermedia\u00e7\u00e3o de viagens rodovi\u00e1rias no Brasil, a Buser completou 4 anos em julho com um an\u00fancio que fez vibrar as duas maiores torcidas de futebol de Minas Gerais. Na sexta-feira (16\/7), a startup mineira assinou contratos de patroc\u00ednio com o Atl\u00e9tico e o Cruzeiro. Pelos pr\u00f3ximos 12 meses, a logomarca da empresa estar\u00e1 [&hellip;]\" \/>\n<meta property=\"og:url\" content=\"https:\/\/www.cidademarketing.com.br\/marketing\/2021\/07\/19\/para-comemorar-4-anos-buser-fecha-contrato-de-patrocinio-com-cruzeiro-e-atletico\/\" \/>\n<meta property=\"og:site_name\" content=\"CidadeMarketing\" \/>\n<meta property=\"article:publisher\" content=\"https:\/\/www.facebook.com\/portalcidademarketing\" \/>\n<meta property=\"article:author\" content=\"https:\/\/www.facebook.com\/thalesbrandao\" \/>\n<meta property=\"article:published_time\" content=\"2021-07-20T01:15:22+00:00\" \/>\n<meta property=\"article:modified_time\" content=\"2021-07-20T01:15:24+00:00\" \/>\n<meta property=\"og:image\" content=\"https:\/\/www.cidademarketing.com.br\/marketing\/wp-content\/uploads\/2020\/11\/190805-BUSER-0704-1--scaled.jpg\" \/>\n\t<meta property=\"og:image:width\" content=\"2560\" \/>\n\t<meta property=\"og:image:height\" content=\"1707\" \/>\n\t<meta property=\"og:image:type\" content=\"image\/jpeg\" \/>\n<meta name=\"author\" content=\"Thales Brand\u00e3o\" \/>\n<meta name=\"twitter:card\" content=\"summary_large_image\" \/>\n<meta name=\"twitter:creator\" content=\"@http:\/\/www.twitter.com\/thalesbrandao\" \/>\n<meta name=\"twitter:site\" content=\"@CidadeMarketing\" \/>\n<meta name=\"twitter:label1\" content=\"Escrito por\" \/>\n\t<meta name=\"twitter:data1\" content=\"Thales Brand\u00e3o\" \/>\n\t<meta name=\"twitter:label2\" content=\"Est. tempo de leitura\" \/>\n\t<meta name=\"twitter:data2\" content=\"4 minutos\" \/>\n<script type=\"application\/ld+json\" class=\"yoast-schema-graph\">{\"@context\":\"https:\\\/\\\/schema.org\",\"@graph\":[{\"@type\":\"Article\",\"@id\":\"https:\\\/\\\/www.cidademarketing.com.br\\\/marketing\\\/2021\\\/07\\\/19\\\/para-comemorar-4-anos-buser-fecha-contrato-de-patrocinio-com-cruzeiro-e-atletico\\\/#article\",\"isPartOf\":{\"@id\":\"https:\\\/\\\/www.cidademarketing.com.br\\\/marketing\\\/2021\\\/07\\\/19\\\/para-comemorar-4-anos-buser-fecha-contrato-de-patrocinio-com-cruzeiro-e-atletico\\\/\"},\"author\":{\"name\":\"Thales Brand\u00e3o\",\"@id\":\"https:\\\/\\\/www.cidademarketing.com.br\\\/marketing\\\/#\\\/schema\\\/person\\\/02daff9f18bd9378c9e01eb6b2db155f\"},\"headline\":\"Para comemorar 4 anos, Buser fecha contrato de patroc\u00ednio com Cruzeiro e Atl\u00e9tico\",\"datePublished\":\"2021-07-20T01:15:22+00:00\",\"dateModified\":\"2021-07-20T01:15:24+00:00\",\"mainEntityOfPage\":{\"@id\":\"https:\\\/\\\/www.cidademarketing.com.br\\\/marketing\\\/2021\\\/07\\\/19\\\/para-comemorar-4-anos-buser-fecha-contrato-de-patrocinio-com-cruzeiro-e-atletico\\\/\"},\"wordCount\":772,\"commentCount\":0,\"publisher\":{\"@id\":\"https:\\\/\\\/www.cidademarketing.com.br\\\/marketing\\\/#organization\"},\"image\":{\"@id\":\"https:\\\/\\\/www.cidademarketing.com.br\\\/marketing\\\/2021\\\/07\\\/19\\\/para-comemorar-4-anos-buser-fecha-contrato-de-patrocinio-com-cruzeiro-e-atletico\\\/#primaryimage\"},\"thumbnailUrl\":\"https:\\\/\\\/www.cidademarketing.com.br\\\/marketing\\\/wp-content\\\/uploads\\\/2020\\\/11\\\/190805-BUSER-0704-1--scaled.jpg\",\"keywords\":[\"Atl\u00e9tico\",\"Buser\",\"Cruzeiro\",\"estrat\u00e9gia\",\"patroc\u00ednio\"],\"articleSection\":[\"Not\u00edcias\"],\"inLanguage\":\"pt-BR\",\"potentialAction\":[{\"@type\":\"CommentAction\",\"name\":\"Comment\",\"target\":[\"https:\\\/\\\/www.cidademarketing.com.br\\\/marketing\\\/2021\\\/07\\\/19\\\/para-comemorar-4-anos-buser-fecha-contrato-de-patrocinio-com-cruzeiro-e-atletico\\\/#respond\"]}]},{\"@type\":\"WebPage\",\"@id\":\"https:\\\/\\\/www.cidademarketing.com.br\\\/marketing\\\/2021\\\/07\\\/19\\\/para-comemorar-4-anos-buser-fecha-contrato-de-patrocinio-com-cruzeiro-e-atletico\\\/\",\"url\":\"https:\\\/\\\/www.cidademarketing.com.br\\\/marketing\\\/2021\\\/07\\\/19\\\/para-comemorar-4-anos-buser-fecha-contrato-de-patrocinio-com-cruzeiro-e-atletico\\\/\",\"name\":\"Para comemorar 4 anos, Buser fecha contrato de patroc\u00ednio com Cruzeiro e Atl\u00e9tico - CidadeMarketing\",\"isPartOf\":{\"@id\":\"https:\\\/\\\/www.cidademarketing.com.br\\\/marketing\\\/#website\"},\"primaryImageOfPage\":{\"@id\":\"https:\\\/\\\/www.cidademarketing.com.br\\\/marketing\\\/2021\\\/07\\\/19\\\/para-comemorar-4-anos-buser-fecha-contrato-de-patrocinio-com-cruzeiro-e-atletico\\\/#primaryimage\"},\"image\":{\"@id\":\"https:\\\/\\\/www.cidademarketing.com.br\\\/marketing\\\/2021\\\/07\\\/19\\\/para-comemorar-4-anos-buser-fecha-contrato-de-patrocinio-com-cruzeiro-e-atletico\\\/#primaryimage\"},\"thumbnailUrl\":\"https:\\\/\\\/www.cidademarketing.com.br\\\/marketing\\\/wp-content\\\/uploads\\\/2020\\\/11\\\/190805-BUSER-0704-1--scaled.jpg\",\"datePublished\":\"2021-07-20T01:15:22+00:00\",\"dateModified\":\"2021-07-20T01:15:24+00:00\",\"breadcrumb\":{\"@id\":\"https:\\\/\\\/www.cidademarketing.com.br\\\/marketing\\\/2021\\\/07\\\/19\\\/para-comemorar-4-anos-buser-fecha-contrato-de-patrocinio-com-cruzeiro-e-atletico\\\/#breadcrumb\"},\"inLanguage\":\"pt-BR\",\"potentialAction\":[{\"@type\":\"ReadAction\",\"target\":[\"https:\\\/\\\/www.cidademarketing.com.br\\\/marketing\\\/2021\\\/07\\\/19\\\/para-comemorar-4-anos-buser-fecha-contrato-de-patrocinio-com-cruzeiro-e-atletico\\\/\"]}]},{\"@type\":\"ImageObject\",\"inLanguage\":\"pt-BR\",\"@id\":\"https:\\\/\\\/www.cidademarketing.com.br\\\/marketing\\\/2021\\\/07\\\/19\\\/para-comemorar-4-anos-buser-fecha-contrato-de-patrocinio-com-cruzeiro-e-atletico\\\/#primaryimage\",\"url\":\"https:\\\/\\\/www.cidademarketing.com.br\\\/marketing\\\/wp-content\\\/uploads\\\/2020\\\/11\\\/190805-BUSER-0704-1--scaled.jpg\",\"contentUrl\":\"https:\\\/\\\/www.cidademarketing.com.br\\\/marketing\\\/wp-content\\\/uploads\\\/2020\\\/11\\\/190805-BUSER-0704-1--scaled.jpg\",\"width\":2560,\"height\":1707,\"caption\":\"Divulga\u00e7\u00e3o\"},{\"@type\":\"BreadcrumbList\",\"@id\":\"https:\\\/\\\/www.cidademarketing.com.br\\\/marketing\\\/2021\\\/07\\\/19\\\/para-comemorar-4-anos-buser-fecha-contrato-de-patrocinio-com-cruzeiro-e-atletico\\\/#breadcrumb\",\"itemListElement\":[{\"@type\":\"ListItem\",\"position\":1,\"name\":\"In\u00edcio\",\"item\":\"https:\\\/\\\/www.cidademarketing.com.br\\\/marketing\\\/\"},{\"@type\":\"ListItem\",\"position\":2,\"name\":\"Para comemorar 4 anos, Buser fecha contrato de patroc\u00ednio com Cruzeiro e Atl\u00e9tico\"}]},{\"@type\":\"WebSite\",\"@id\":\"https:\\\/\\\/www.cidademarketing.com.br\\\/marketing\\\/#website\",\"url\":\"https:\\\/\\\/www.cidademarketing.com.br\\\/marketing\\\/\",\"name\":\"CidadeMarketing\",\"description\":\"Somos um ve\u00edculo de comunica\u00e7\u00e3o de destaque no Brasil, reconhecido por conte\u00fados nos segmentos de marketing, empreendedorismo e inova\u00e7\u00e3o.\",\"publisher\":{\"@id\":\"https:\\\/\\\/www.cidademarketing.com.br\\\/marketing\\\/#organization\"},\"alternateName\":\"CidadeMarketing\",\"potentialAction\":[{\"@type\":\"SearchAction\",\"target\":{\"@type\":\"EntryPoint\",\"urlTemplate\":\"https:\\\/\\\/www.cidademarketing.com.br\\\/marketing\\\/?s={search_term_string}\"},\"query-input\":{\"@type\":\"PropertyValueSpecification\",\"valueRequired\":true,\"valueName\":\"search_term_string\"}}],\"inLanguage\":\"pt-BR\"},{\"@type\":\"Organization\",\"@id\":\"https:\\\/\\\/www.cidademarketing.com.br\\\/marketing\\\/#organization\",\"name\":\"CidadeMarketing\",\"alternateName\":\"CidadeMarketing\",\"url\":\"https:\\\/\\\/www.cidademarketing.com.br\\\/marketing\\\/\",\"logo\":{\"@type\":\"ImageObject\",\"inLanguage\":\"pt-BR\",\"@id\":\"https:\\\/\\\/www.cidademarketing.com.br\\\/marketing\\\/#\\\/schema\\\/logo\\\/image\\\/\",\"url\":\"https:\\\/\\\/www.cidademarketing.com.br\\\/marketing\\\/wp-content\\\/uploads\\\/2020\\\/01\\\/cidademarketing_marca_mobile.png\",\"contentUrl\":\"https:\\\/\\\/www.cidademarketing.com.br\\\/marketing\\\/wp-content\\\/uploads\\\/2020\\\/01\\\/cidademarketing_marca_mobile.png\",\"width\":230,\"height\":92,\"caption\":\"CidadeMarketing\"},\"image\":{\"@id\":\"https:\\\/\\\/www.cidademarketing.com.br\\\/marketing\\\/#\\\/schema\\\/logo\\\/image\\\/\"},\"sameAs\":[\"https:\\\/\\\/www.facebook.com\\\/portalcidademarketing\",\"https:\\\/\\\/x.com\\\/CidadeMarketing\",\"https:\\\/\\\/www.instagram.com\\\/cidademarketing\\\/\"]},{\"@type\":\"Person\",\"@id\":\"https:\\\/\\\/www.cidademarketing.com.br\\\/marketing\\\/#\\\/schema\\\/person\\\/02daff9f18bd9378c9e01eb6b2db155f\",\"name\":\"Thales Brand\u00e3o\",\"image\":{\"@type\":\"ImageObject\",\"inLanguage\":\"pt-BR\",\"@id\":\"https:\\\/\\\/secure.gravatar.com\\\/avatar\\\/7ca3206950207cc3cb48feec56a8a7898741ab725c368d99d5d7a5a50aab80c6?s=96&d=mm&r=g\",\"url\":\"https:\\\/\\\/secure.gravatar.com\\\/avatar\\\/7ca3206950207cc3cb48feec56a8a7898741ab725c368d99d5d7a5a50aab80c6?s=96&d=mm&r=g\",\"contentUrl\":\"https:\\\/\\\/secure.gravatar.com\\\/avatar\\\/7ca3206950207cc3cb48feec56a8a7898741ab725c368d99d5d7a5a50aab80c6?s=96&d=mm&r=g\",\"caption\":\"Thales Brand\u00e3o\"},\"description\":\"Editor Executivo do Portal CidadeMarketing.com.br &gt; Mestre em Comunica\u00e7\u00e3o e Sociedade pela Universidade Federal de Sergipe. Possui MBA Executivo em Administra\u00e7\u00e3o com \u00eanfase em Marketing pela Funda\u00e7\u00e3o Get\u00falio Vargas - Rio de Janeiro. Consultor, Palestrante e Pesquisador sobre Empreendedorismo, Marketing, Redes Sociais e Neg\u00f3cios Digitais. Professor, Palestrante TedxTalks e Campus Party. Twitter: @ThalesBrandao\",\"sameAs\":[\"http:\\\/\\\/www.mandacaru.com.br\",\"https:\\\/\\\/www.facebook.com\\\/thalesbrandao\",\"http:\\\/\\\/www.instagram.com.br\\\/thalesbrandaoferreira\",\"https:\\\/\\\/www.linkedin.com\\\/in\\\/thales-brand\u00e3o-3948609\\\/\",\"https:\\\/\\\/x.com\\\/http:\\\/\\\/www.twitter.com\\\/thalesbrandao\"],\"url\":\"https:\\\/\\\/www.cidademarketing.com.br\\\/marketing\\\/author\\\/thalesbrandao\\\/\"}]}<\/script>\n<!-- \/ Yoast SEO plugin. -->","yoast_head_json":{"title":"Para comemorar 4 anos, Buser fecha contrato de patroc\u00ednio com Cruzeiro e Atl\u00e9tico - CidadeMarketing","robots":{"index":"index","follow":"follow","max-snippet":"max-snippet:-1","max-image-preview":"max-image-preview:large","max-video-preview":"max-video-preview:-1"},"canonical":"https:\/\/www.cidademarketing.com.br\/marketing\/2021\/07\/19\/para-comemorar-4-anos-buser-fecha-contrato-de-patrocinio-com-cruzeiro-e-atletico\/","og_locale":"pt_BR","og_type":"article","og_title":"Para comemorar 4 anos, Buser fecha contrato de patroc\u00ednio com Cruzeiro e Atl\u00e9tico - CidadeMarketing","og_description":"L\u00edder na intermedia\u00e7\u00e3o de viagens rodovi\u00e1rias no Brasil, a Buser completou 4 anos em julho com um an\u00fancio que fez vibrar as duas maiores torcidas de futebol de Minas Gerais. Na sexta-feira (16\/7), a startup mineira assinou contratos de patroc\u00ednio com o Atl\u00e9tico e o Cruzeiro. Pelos pr\u00f3ximos 12 meses, a logomarca da empresa estar\u00e1 [&hellip;]","og_url":"https:\/\/www.cidademarketing.com.br\/marketing\/2021\/07\/19\/para-comemorar-4-anos-buser-fecha-contrato-de-patrocinio-com-cruzeiro-e-atletico\/","og_site_name":"CidadeMarketing","article_publisher":"https:\/\/www.facebook.com\/portalcidademarketing","article_author":"https:\/\/www.facebook.com\/thalesbrandao","article_published_time":"2021-07-20T01:15:22+00:00","article_modified_time":"2021-07-20T01:15:24+00:00","og_image":[{"width":2560,"height":1707,"url":"https:\/\/www.cidademarketing.com.br\/marketing\/wp-content\/uploads\/2020\/11\/190805-BUSER-0704-1--scaled.jpg","type":"image\/jpeg"}],"author":"Thales Brand\u00e3o","twitter_card":"summary_large_image","twitter_creator":"@http:\/\/www.twitter.com\/thalesbrandao","twitter_site":"@CidadeMarketing","twitter_misc":{"Escrito por":"Thales Brand\u00e3o","Est. tempo de leitura":"4 minutos"},"schema":{"@context":"https:\/\/schema.org","@graph":[{"@type":"Article","@id":"https:\/\/www.cidademarketing.com.br\/marketing\/2021\/07\/19\/para-comemorar-4-anos-buser-fecha-contrato-de-patrocinio-com-cruzeiro-e-atletico\/#article","isPartOf":{"@id":"https:\/\/www.cidademarketing.com.br\/marketing\/2021\/07\/19\/para-comemorar-4-anos-buser-fecha-contrato-de-patrocinio-com-cruzeiro-e-atletico\/"},"author":{"name":"Thales Brand\u00e3o","@id":"https:\/\/www.cidademarketing.com.br\/marketing\/#\/schema\/person\/02daff9f18bd9378c9e01eb6b2db155f"},"headline":"Para comemorar 4 anos, Buser fecha contrato de patroc\u00ednio com Cruzeiro e Atl\u00e9tico","datePublished":"2021-07-20T01:15:22+00:00","dateModified":"2021-07-20T01:15:24+00:00","mainEntityOfPage":{"@id":"https:\/\/www.cidademarketing.com.br\/marketing\/2021\/07\/19\/para-comemorar-4-anos-buser-fecha-contrato-de-patrocinio-com-cruzeiro-e-atletico\/"},"wordCount":772,"commentCount":0,"publisher":{"@id":"https:\/\/www.cidademarketing.com.br\/marketing\/#organization"},"image":{"@id":"https:\/\/www.cidademarketing.com.br\/marketing\/2021\/07\/19\/para-comemorar-4-anos-buser-fecha-contrato-de-patrocinio-com-cruzeiro-e-atletico\/#primaryimage"},"thumbnailUrl":"https:\/\/www.cidademarketing.com.br\/marketing\/wp-content\/uploads\/2020\/11\/190805-BUSER-0704-1--scaled.jpg","keywords":["Atl\u00e9tico","Buser","Cruzeiro","estrat\u00e9gia","patroc\u00ednio"],"articleSection":["Not\u00edcias"],"inLanguage":"pt-BR","potentialAction":[{"@type":"CommentAction","name":"Comment","target":["https:\/\/www.cidademarketing.com.br\/marketing\/2021\/07\/19\/para-comemorar-4-anos-buser-fecha-contrato-de-patrocinio-com-cruzeiro-e-atletico\/#respond"]}]},{"@type":"WebPage","@id":"https:\/\/www.cidademarketing.com.br\/marketing\/2021\/07\/19\/para-comemorar-4-anos-buser-fecha-contrato-de-patrocinio-com-cruzeiro-e-atletico\/","url":"https:\/\/www.cidademarketing.com.br\/marketing\/2021\/07\/19\/para-comemorar-4-anos-buser-fecha-contrato-de-patrocinio-com-cruzeiro-e-atletico\/","name":"Para comemorar 4 anos, Buser fecha contrato de patroc\u00ednio com Cruzeiro e Atl\u00e9tico - CidadeMarketing","isPartOf":{"@id":"https:\/\/www.cidademarketing.com.br\/marketing\/#website"},"primaryImageOfPage":{"@id":"https:\/\/www.cidademarketing.com.br\/marketing\/2021\/07\/19\/para-comemorar-4-anos-buser-fecha-contrato-de-patrocinio-com-cruzeiro-e-atletico\/#primaryimage"},"image":{"@id":"https:\/\/www.cidademarketing.com.br\/marketing\/2021\/07\/19\/para-comemorar-4-anos-buser-fecha-contrato-de-patrocinio-com-cruzeiro-e-atletico\/#primaryimage"},"thumbnailUrl":"https:\/\/www.cidademarketing.com.br\/marketing\/wp-content\/uploads\/2020\/11\/190805-BUSER-0704-1--scaled.jpg","datePublished":"2021-07-20T01:15:22+00:00","dateModified":"2021-07-20T01:15:24+00:00","breadcrumb":{"@id":"https:\/\/www.cidademarketing.com.br\/marketing\/2021\/07\/19\/para-comemorar-4-anos-buser-fecha-contrato-de-patrocinio-com-cruzeiro-e-atletico\/#breadcrumb"},"inLanguage":"pt-BR","potentialAction":[{"@type":"ReadAction","target":["https:\/\/www.cidademarketing.com.br\/marketing\/2021\/07\/19\/para-comemorar-4-anos-buser-fecha-contrato-de-patrocinio-com-cruzeiro-e-atletico\/"]}]},{"@type":"ImageObject","inLanguage":"pt-BR","@id":"https:\/\/www.cidademarketing.com.br\/marketing\/2021\/07\/19\/para-comemorar-4-anos-buser-fecha-contrato-de-patrocinio-com-cruzeiro-e-atletico\/#primaryimage","url":"https:\/\/www.cidademarketing.com.br\/marketing\/wp-content\/uploads\/2020\/11\/190805-BUSER-0704-1--scaled.jpg","contentUrl":"https:\/\/www.cidademarketing.com.br\/marketing\/wp-content\/uploads\/2020\/11\/190805-BUSER-0704-1--scaled.jpg","width":2560,"height":1707,"caption":"Divulga\u00e7\u00e3o"},{"@type":"BreadcrumbList","@id":"https:\/\/www.cidademarketing.com.br\/marketing\/2021\/07\/19\/para-comemorar-4-anos-buser-fecha-contrato-de-patrocinio-com-cruzeiro-e-atletico\/#breadcrumb","itemListElement":[{"@type":"ListItem","position":1,"name":"In\u00edcio","item":"https:\/\/www.cidademarketing.com.br\/marketing\/"},{"@type":"ListItem","position":2,"name":"Para comemorar 4 anos, Buser fecha contrato de patroc\u00ednio com Cruzeiro e Atl\u00e9tico"}]},{"@type":"WebSite","@id":"https:\/\/www.cidademarketing.com.br\/marketing\/#website","url":"https:\/\/www.cidademarketing.com.br\/marketing\/","name":"CidadeMarketing","description":"Somos um ve\u00edculo de comunica\u00e7\u00e3o de destaque no Brasil, reconhecido por conte\u00fados nos segmentos de marketing, empreendedorismo e inova\u00e7\u00e3o.","publisher":{"@id":"https:\/\/www.cidademarketing.com.br\/marketing\/#organization"},"alternateName":"CidadeMarketing","potentialAction":[{"@type":"SearchAction","target":{"@type":"EntryPoint","urlTemplate":"https:\/\/www.cidademarketing.com.br\/marketing\/?s={search_term_string}"},"query-input":{"@type":"PropertyValueSpecification","valueRequired":true,"valueName":"search_term_string"}}],"inLanguage":"pt-BR"},{"@type":"Organization","@id":"https:\/\/www.cidademarketing.com.br\/marketing\/#organization","name":"CidadeMarketing","alternateName":"CidadeMarketing","url":"https:\/\/www.cidademarketing.com.br\/marketing\/","logo":{"@type":"ImageObject","inLanguage":"pt-BR","@id":"https:\/\/www.cidademarketing.com.br\/marketing\/#\/schema\/logo\/image\/","url":"https:\/\/www.cidademarketing.com.br\/marketing\/wp-content\/uploads\/2020\/01\/cidademarketing_marca_mobile.png","contentUrl":"https:\/\/www.cidademarketing.com.br\/marketing\/wp-content\/uploads\/2020\/01\/cidademarketing_marca_mobile.png","width":230,"height":92,"caption":"CidadeMarketing"},"image":{"@id":"https:\/\/www.cidademarketing.com.br\/marketing\/#\/schema\/logo\/image\/"},"sameAs":["https:\/\/www.facebook.com\/portalcidademarketing","https:\/\/x.com\/CidadeMarketing","https:\/\/www.instagram.com\/cidademarketing\/"]},{"@type":"Person","@id":"https:\/\/www.cidademarketing.com.br\/marketing\/#\/schema\/person\/02daff9f18bd9378c9e01eb6b2db155f","name":"Thales Brand\u00e3o","image":{"@type":"ImageObject","inLanguage":"pt-BR","@id":"https:\/\/secure.gravatar.com\/avatar\/7ca3206950207cc3cb48feec56a8a7898741ab725c368d99d5d7a5a50aab80c6?s=96&d=mm&r=g","url":"https:\/\/secure.gravatar.com\/avatar\/7ca3206950207cc3cb48feec56a8a7898741ab725c368d99d5d7a5a50aab80c6?s=96&d=mm&r=g","contentUrl":"https:\/\/secure.gravatar.com\/avatar\/7ca3206950207cc3cb48feec56a8a7898741ab725c368d99d5d7a5a50aab80c6?s=96&d=mm&r=g","caption":"Thales Brand\u00e3o"},"description":"Editor Executivo do Portal CidadeMarketing.com.br &gt; Mestre em Comunica\u00e7\u00e3o e Sociedade pela Universidade Federal de Sergipe. Possui MBA Executivo em Administra\u00e7\u00e3o com \u00eanfase em Marketing pela Funda\u00e7\u00e3o Get\u00falio Vargas - Rio de Janeiro. Consultor, Palestrante e Pesquisador sobre Empreendedorismo, Marketing, Redes Sociais e Neg\u00f3cios Digitais. Professor, Palestrante TedxTalks e Campus Party. Twitter: @ThalesBrandao","sameAs":["http:\/\/www.mandacaru.com.br","https:\/\/www.facebook.com\/thalesbrandao","http:\/\/www.instagram.com.br\/thalesbrandaoferreira","https:\/\/www.linkedin.com\/in\/thales-brand\u00e3o-3948609\/","https:\/\/x.com\/http:\/\/www.twitter.com\/thalesbrandao"],"url":"https:\/\/www.cidademarketing.com.br\/marketing\/author\/thalesbrandao\/"}]}},"amp_enabled":true,"_links":{"self":[{"href":"https:\/\/www.cidademarketing.com.br\/marketing\/wp-json\/wp\/v2\/posts\/25809","targetHints":{"allow":["GET"]}}],"collection":[{"href":"https:\/\/www.cidademarketing.com.br\/marketing\/wp-json\/wp\/v2\/posts"}],"about":[{"href":"https:\/\/www.cidademarketing.com.br\/marketing\/wp-json\/wp\/v2\/types\/post"}],"author":[{"embeddable":true,"href":"https:\/\/www.cidademarketing.com.br\/marketing\/wp-json\/wp\/v2\/users\/1"}],"replies":[{"embeddable":true,"href":"https:\/\/www.cidademarketing.com.br\/marketing\/wp-json\/wp\/v2\/comments?post=25809"}],"version-history":[{"count":1,"href":"https:\/\/www.cidademarketing.com.br\/marketing\/wp-json\/wp\/v2\/posts\/25809\/revisions"}],"predecessor-version":[{"id":25810,"href":"https:\/\/www.cidademarketing.com.br\/marketing\/wp-json\/wp\/v2\/posts\/25809\/revisions\/25810"}],"wp:featuredmedia":[{"embeddable":true,"href":"https:\/\/www.cidademarketing.com.br\/marketing\/wp-json\/wp\/v2\/media\/20247"}],"wp:attachment":[{"href":"https:\/\/www.cidademarketing.com.br\/marketing\/wp-json\/wp\/v2\/media?parent=25809"}],"wp:term":[{"taxonomy":"category","embeddable":true,"href":"https:\/\/www.cidademarketing.com.br\/marketing\/wp-json\/wp\/v2\/categories?post=25809"},{"taxonomy":"post_tag","embeddable":true,"href":"https:\/\/www.cidademarketing.com.br\/marketing\/wp-json\/wp\/v2\/tags?post=25809"}],"curies":[{"name":"wp","href":"https:\/\/api.w.org\/{rel}","templated":true}]}}