{"id":25757,"date":"2021-07-19T11:13:03","date_gmt":"2021-07-19T14:13:03","guid":{"rendered":"https:\/\/www.cidademarketing.com.br\/marketing\/?p=25757"},"modified":"2021-07-19T11:13:05","modified_gmt":"2021-07-19T14:13:05","slug":"escuderia-alpine-f1-team-pontua-com-seus-dois-carros-no-gp-da-gra-bretanha","status":"publish","type":"post","link":"https:\/\/www.cidademarketing.com.br\/marketing\/2021\/07\/19\/escuderia-alpine-f1-team-pontua-com-seus-dois-carros-no-gp-da-gra-bretanha\/","title":{"rendered":"Escuderia Alpine F1 Team pontua com seus dois carros no GP da Gr\u00e3-Bretanha"},"content":{"rendered":"\n<p>A escuderia Alpine F1 Team pontuou com seus dois carros no Grande Pr\u00eamio da Gr\u00e3-Bretanha, depois da batalha de Fernando Alonso e Esteban Ocon, que terminaram respectivamente em 7\u00ba e 9\u00ba lugar, em uma corrida emocionante com as arquibancadas lotadas em Silverstone.<\/p>\n\n\n\n<p>Com este resultado, Fernando Alonso amplia sua s\u00e9rie de pontua\u00e7\u00f5es para cinco corridas, enquanto Esteban Ocon volta a pontuar pela primeira vez desde o GP de M\u00f4naco.<\/p>\n\n\n\n<p>Apesar de terem terminado a prova nas mesmas posi\u00e7\u00f5es que ocupavam na largada, a prova deste domingo estava bem longe de ser tranquila.<\/p>\n\n\n\n<p>Logo no in\u00edcio da prova, Esteban Ocon aproveitava a bela largada quando ficou preso entre Fernando Alonso e Sebastian Vettel. Ambos os pilotos conseguiram escapar sem maiores danos, tendo Fernando ficado em 7\u00ba e Esteban em 10\u00ba ao final da primeira volta.<\/p>\n\n\n\n<p>A corrida passou a ser regida pela bandeira vermelha depois de um incidente entre Max Verstappen e Lewis Hamilton na curva Copse, fazendo com que os reparos nas barreiras de seguran\u00e7a causassem um atraso de 30 minutos \u00e0 corrida.<\/p>\n\n\n\n<p>Depois da segunda largada, Fernando ganhou uma posi\u00e7\u00e3o e subiu para o sexto lugar. Esteban se mantinha na d\u00e9cima posi\u00e7\u00e3o e subiu para a nona na quinta volta, depois de ultrapassar Kimi Raikkonen, enquanto Fernando caiu uma posi\u00e7\u00e3o, ficando atr\u00e1s de Carlos Sainz.<\/p>\n\n\n\n<p>Esteban parou para colocar um novo jogo de pneus duros na volta de n\u00famero 19. A parada mais lenta de Fernando, que fez o pit stop na 24\u00aa volta para colocar pneus duros, custou a perda moment\u00e2nea de uma posi\u00e7\u00e3o para Lance Stroll, que foi logo recuperada com um mergulho na curva Brooklands.<\/p>\n\n\n\n<p>Esteban caiu para fora dos pontos quando foi ultrapassado por Pierre Gasly, na 29\u00aa volta, mas com a parada de Sergio Perez na 38\u00aa volta e Gasly na 48\u00aa por conta de um pneu furado, Esteban conseguiu avan\u00e7ar para a 9\u00aa posi\u00e7\u00e3o, que foi mantida at\u00e9 cruzar a bandeira quadriculada. Fernando conseguiu manter a vantagem em rela\u00e7\u00e3o a Stroll, terminando em s\u00e9timo.<\/p>\n\n\n\n<p>Gra\u00e7as \u00e0 pontua\u00e7\u00e3o de seus dois carros, a Alpine F1 Team recupera posi\u00e7\u00f5es no Campeonato de Construtores em compara\u00e7\u00e3o com seus rivais, seguindo para o GP da Hungria na expectativa de fazer ainda mais progressos.<\/p>\n\n\n\n<p><strong>Esteban Ocon, largada P9, chegada P9:<\/strong><\/p>\n\n\n\n<p>\u201cA corrida de hoje n\u00e3o foi f\u00e1cil e teve de tudo, desde a bandeira vermelha at\u00e9 uma relargada, mas voltamos a pontuar e isso \u00e9 muito bom. Foi legal brigar e tirar o m\u00e1ximo do carro. A gest\u00e3o dos pneus foi um desafio hoje, mas fizemos tudo certo. \u00c9 claro que voc\u00ea sempre quer mais, mas, como equipe, pontuamos com os dois carros hoje e essa \u00e9 uma excelente recompensa pelo grande trabalho que todos v\u00eam fazendo. Recuperamos o ritmo depois de tr\u00eas corridas dif\u00edceis e queremos continuar assim na Hungria. Vamos nos preparar e trabalhar muito para isso, para ter certeza de levantar este resultado. Fico feliz que o Max esteja bem depois do incidente e desejo a ele uma r\u00e1pida recupera\u00e7\u00e3o\u201d.<\/p>\n\n\n\n<p><strong>Fernando Alonso, largada P7, chegada P7:<\/strong><\/p>\n\n\n\n<p>\u201cTivemos um bom resultado hoje e estou feliz por marcar mais pontos para a equipe. Foi uma corrida longa e quente e, portanto, bastante desafiadora. Acho que gerenciamos bem as temperaturas e os pneus e tamb\u00e9m conseguimos manter uma boa vantagem em rela\u00e7\u00e3o ao Lance (Stroll). Tomamos algumas boas decis\u00f5es em rela\u00e7\u00e3o \u00e0 estrat\u00e9gia e executamos tudo corretamente. Esse fim de semana foi um pouco diferente e teremos que ver se os f\u00e3s gostaram. Agora teremos duas semanas at\u00e9 corrermos novamente\u201d.<\/p>\n\n\n\n<p><strong>Marcin Budkowski, Diretor Executivo:<\/strong><\/p>\n\n\n\n<p>\u201cFoi um fim de semana positivo para n\u00f3s, no geral; uma bela Qualifica\u00e7\u00e3o Sprint e os dois carros pontuando, al\u00e9m de ser \u00f3timo ver o Esteban recuperando a forma. A corrida n\u00e3o come\u00e7ou da melhor forma, com o Fernando tendo um problema com o difusor a caminho do grid. Fizemos todos os reparos poss\u00edveis, mas tivemos que fazer a largada com um carro um pouco danificado e um d\u00e9ficit de performance. Ambos os pilotos perderam algumas posi\u00e7\u00f5es no in\u00edcio, mas melhoraram bastante na relargada, depois da bandeira vermelha. A partir dali, foi uma corrida bem gerenciada tanto do ponto de vista da estrat\u00e9gia como do ritmo. O Fernando conseguiu gerenciar o ritmo de forma bem estrat\u00e9gica, utilizando o sistema DRS para proteger sua posi\u00e7\u00e3o. Fazia algum tempo que n\u00e3o termin\u00e1vamos com nossos dois carros nos pontos e isso nos permitiu superar nossos oponentes mais pr\u00f3ximos no Campeonato de Construtores.<\/p>\n","protected":false},"excerpt":{"rendered":"<p>A escuderia Alpine F1 Team pontuou com seus dois carros no Grande Pr\u00eamio da Gr\u00e3-Bretanha, depois da batalha de Fernando Alonso e Esteban Ocon, que terminaram respectivamente em 7\u00ba e 9\u00ba lugar, em uma corrida emocionante com as arquibancadas lotadas em Silverstone. Com este resultado, Fernando Alonso amplia sua s\u00e9rie de pontua\u00e7\u00f5es para cinco corridas, [&hellip;]<\/p>\n","protected":false},"author":1,"featured_media":25758,"comment_status":"open","ping_status":"open","sticky":false,"template":"","format":"standard","meta":{"tdm_status":"","tdm_grid_status":"","footnotes":""},"categories":[6],"tags":[33,405,134],"class_list":["post-25757","post","type-post","status-publish","format-standard","has-post-thumbnail","hentry","category-noticias","tag-estrategia","tag-f1","tag-renault"],"yoast_head":"<!-- This site is optimized with the Yoast SEO plugin v27.5 - https:\/\/yoast.com\/product\/yoast-seo-wordpress\/ -->\n<title>Escuderia Alpine F1 Team pontua com seus dois carros no GP da Gr\u00e3-Bretanha - CidadeMarketing<\/title>\n<meta name=\"robots\" content=\"index, follow, max-snippet:-1, max-image-preview:large, max-video-preview:-1\" \/>\n<link rel=\"canonical\" href=\"https:\/\/www.cidademarketing.com.br\/marketing\/2021\/07\/19\/escuderia-alpine-f1-team-pontua-com-seus-dois-carros-no-gp-da-gra-bretanha\/\" \/>\n<meta property=\"og:locale\" content=\"pt_BR\" \/>\n<meta property=\"og:type\" content=\"article\" \/>\n<meta property=\"og:title\" content=\"Escuderia Alpine F1 Team pontua com seus dois carros no GP da Gr\u00e3-Bretanha - CidadeMarketing\" \/>\n<meta property=\"og:description\" content=\"A escuderia Alpine F1 Team pontuou com seus dois carros no Grande Pr\u00eamio da Gr\u00e3-Bretanha, depois da batalha de Fernando Alonso e Esteban Ocon, que terminaram respectivamente em 7\u00ba e 9\u00ba lugar, em uma corrida emocionante com as arquibancadas lotadas em Silverstone. Com este resultado, Fernando Alonso amplia sua s\u00e9rie de pontua\u00e7\u00f5es para cinco corridas, [&hellip;]\" \/>\n<meta property=\"og:url\" content=\"https:\/\/www.cidademarketing.com.br\/marketing\/2021\/07\/19\/escuderia-alpine-f1-team-pontua-com-seus-dois-carros-no-gp-da-gra-bretanha\/\" \/>\n<meta property=\"og:site_name\" content=\"CidadeMarketing\" \/>\n<meta property=\"article:publisher\" content=\"https:\/\/www.facebook.com\/portalcidademarketing\" \/>\n<meta property=\"article:author\" content=\"https:\/\/www.facebook.com\/thalesbrandao\" \/>\n<meta property=\"article:published_time\" content=\"2021-07-19T14:13:03+00:00\" \/>\n<meta property=\"article:modified_time\" content=\"2021-07-19T14:13:05+00:00\" \/>\n<meta property=\"og:image\" content=\"https:\/\/www.cidademarketing.com.br\/marketing\/wp-content\/uploads\/2021\/07\/alpine-scaled.jpg\" \/>\n\t<meta property=\"og:image:width\" content=\"2560\" \/>\n\t<meta property=\"og:image:height\" content=\"1707\" \/>\n\t<meta property=\"og:image:type\" content=\"image\/jpeg\" \/>\n<meta name=\"author\" content=\"Thales Brand\u00e3o\" \/>\n<meta name=\"twitter:card\" content=\"summary_large_image\" \/>\n<meta name=\"twitter:creator\" content=\"@http:\/\/www.twitter.com\/thalesbrandao\" \/>\n<meta name=\"twitter:site\" content=\"@CidadeMarketing\" \/>\n<meta name=\"twitter:label1\" content=\"Escrito por\" \/>\n\t<meta name=\"twitter:data1\" content=\"Thales Brand\u00e3o\" \/>\n\t<meta name=\"twitter:label2\" content=\"Est. tempo de leitura\" \/>\n\t<meta name=\"twitter:data2\" content=\"4 minutos\" \/>\n<script type=\"application\/ld+json\" class=\"yoast-schema-graph\">{\"@context\":\"https:\\\/\\\/schema.org\",\"@graph\":[{\"@type\":\"Article\",\"@id\":\"https:\\\/\\\/www.cidademarketing.com.br\\\/marketing\\\/2021\\\/07\\\/19\\\/escuderia-alpine-f1-team-pontua-com-seus-dois-carros-no-gp-da-gra-bretanha\\\/#article\",\"isPartOf\":{\"@id\":\"https:\\\/\\\/www.cidademarketing.com.br\\\/marketing\\\/2021\\\/07\\\/19\\\/escuderia-alpine-f1-team-pontua-com-seus-dois-carros-no-gp-da-gra-bretanha\\\/\"},\"author\":{\"name\":\"Thales Brand\u00e3o\",\"@id\":\"https:\\\/\\\/www.cidademarketing.com.br\\\/marketing\\\/#\\\/schema\\\/person\\\/02daff9f18bd9378c9e01eb6b2db155f\"},\"headline\":\"Escuderia Alpine F1 Team pontua com seus dois carros no GP da Gr\u00e3-Bretanha\",\"datePublished\":\"2021-07-19T14:13:03+00:00\",\"dateModified\":\"2021-07-19T14:13:05+00:00\",\"mainEntityOfPage\":{\"@id\":\"https:\\\/\\\/www.cidademarketing.com.br\\\/marketing\\\/2021\\\/07\\\/19\\\/escuderia-alpine-f1-team-pontua-com-seus-dois-carros-no-gp-da-gra-bretanha\\\/\"},\"wordCount\":786,\"commentCount\":0,\"publisher\":{\"@id\":\"https:\\\/\\\/www.cidademarketing.com.br\\\/marketing\\\/#organization\"},\"image\":{\"@id\":\"https:\\\/\\\/www.cidademarketing.com.br\\\/marketing\\\/2021\\\/07\\\/19\\\/escuderia-alpine-f1-team-pontua-com-seus-dois-carros-no-gp-da-gra-bretanha\\\/#primaryimage\"},\"thumbnailUrl\":\"https:\\\/\\\/www.cidademarketing.com.br\\\/marketing\\\/wp-content\\\/uploads\\\/2021\\\/07\\\/alpine-scaled.jpg\",\"keywords\":[\"estrat\u00e9gia\",\"F1\",\"Renault\"],\"articleSection\":[\"Not\u00edcias\"],\"inLanguage\":\"pt-BR\",\"potentialAction\":[{\"@type\":\"CommentAction\",\"name\":\"Comment\",\"target\":[\"https:\\\/\\\/www.cidademarketing.com.br\\\/marketing\\\/2021\\\/07\\\/19\\\/escuderia-alpine-f1-team-pontua-com-seus-dois-carros-no-gp-da-gra-bretanha\\\/#respond\"]}]},{\"@type\":\"WebPage\",\"@id\":\"https:\\\/\\\/www.cidademarketing.com.br\\\/marketing\\\/2021\\\/07\\\/19\\\/escuderia-alpine-f1-team-pontua-com-seus-dois-carros-no-gp-da-gra-bretanha\\\/\",\"url\":\"https:\\\/\\\/www.cidademarketing.com.br\\\/marketing\\\/2021\\\/07\\\/19\\\/escuderia-alpine-f1-team-pontua-com-seus-dois-carros-no-gp-da-gra-bretanha\\\/\",\"name\":\"Escuderia Alpine F1 Team pontua com seus dois carros no GP da Gr\u00e3-Bretanha - CidadeMarketing\",\"isPartOf\":{\"@id\":\"https:\\\/\\\/www.cidademarketing.com.br\\\/marketing\\\/#website\"},\"primaryImageOfPage\":{\"@id\":\"https:\\\/\\\/www.cidademarketing.com.br\\\/marketing\\\/2021\\\/07\\\/19\\\/escuderia-alpine-f1-team-pontua-com-seus-dois-carros-no-gp-da-gra-bretanha\\\/#primaryimage\"},\"image\":{\"@id\":\"https:\\\/\\\/www.cidademarketing.com.br\\\/marketing\\\/2021\\\/07\\\/19\\\/escuderia-alpine-f1-team-pontua-com-seus-dois-carros-no-gp-da-gra-bretanha\\\/#primaryimage\"},\"thumbnailUrl\":\"https:\\\/\\\/www.cidademarketing.com.br\\\/marketing\\\/wp-content\\\/uploads\\\/2021\\\/07\\\/alpine-scaled.jpg\",\"datePublished\":\"2021-07-19T14:13:03+00:00\",\"dateModified\":\"2021-07-19T14:13:05+00:00\",\"breadcrumb\":{\"@id\":\"https:\\\/\\\/www.cidademarketing.com.br\\\/marketing\\\/2021\\\/07\\\/19\\\/escuderia-alpine-f1-team-pontua-com-seus-dois-carros-no-gp-da-gra-bretanha\\\/#breadcrumb\"},\"inLanguage\":\"pt-BR\",\"potentialAction\":[{\"@type\":\"ReadAction\",\"target\":[\"https:\\\/\\\/www.cidademarketing.com.br\\\/marketing\\\/2021\\\/07\\\/19\\\/escuderia-alpine-f1-team-pontua-com-seus-dois-carros-no-gp-da-gra-bretanha\\\/\"]}]},{\"@type\":\"ImageObject\",\"inLanguage\":\"pt-BR\",\"@id\":\"https:\\\/\\\/www.cidademarketing.com.br\\\/marketing\\\/2021\\\/07\\\/19\\\/escuderia-alpine-f1-team-pontua-com-seus-dois-carros-no-gp-da-gra-bretanha\\\/#primaryimage\",\"url\":\"https:\\\/\\\/www.cidademarketing.com.br\\\/marketing\\\/wp-content\\\/uploads\\\/2021\\\/07\\\/alpine-scaled.jpg\",\"contentUrl\":\"https:\\\/\\\/www.cidademarketing.com.br\\\/marketing\\\/wp-content\\\/uploads\\\/2021\\\/07\\\/alpine-scaled.jpg\",\"width\":2560,\"height\":1707,\"caption\":\"Fernando Alonso (ESP) Alpine F1 Team A521. British Grand Prix, Sunday 18th July 2021. Silverstone, England.\"},{\"@type\":\"BreadcrumbList\",\"@id\":\"https:\\\/\\\/www.cidademarketing.com.br\\\/marketing\\\/2021\\\/07\\\/19\\\/escuderia-alpine-f1-team-pontua-com-seus-dois-carros-no-gp-da-gra-bretanha\\\/#breadcrumb\",\"itemListElement\":[{\"@type\":\"ListItem\",\"position\":1,\"name\":\"In\u00edcio\",\"item\":\"https:\\\/\\\/www.cidademarketing.com.br\\\/marketing\\\/\"},{\"@type\":\"ListItem\",\"position\":2,\"name\":\"Escuderia Alpine F1 Team pontua com seus dois carros no GP da Gr\u00e3-Bretanha\"}]},{\"@type\":\"WebSite\",\"@id\":\"https:\\\/\\\/www.cidademarketing.com.br\\\/marketing\\\/#website\",\"url\":\"https:\\\/\\\/www.cidademarketing.com.br\\\/marketing\\\/\",\"name\":\"CidadeMarketing\",\"description\":\"Somos um ve\u00edculo de comunica\u00e7\u00e3o de destaque no Brasil, reconhecido por conte\u00fados nos segmentos de marketing, empreendedorismo e inova\u00e7\u00e3o.\",\"publisher\":{\"@id\":\"https:\\\/\\\/www.cidademarketing.com.br\\\/marketing\\\/#organization\"},\"alternateName\":\"CidadeMarketing\",\"potentialAction\":[{\"@type\":\"SearchAction\",\"target\":{\"@type\":\"EntryPoint\",\"urlTemplate\":\"https:\\\/\\\/www.cidademarketing.com.br\\\/marketing\\\/?s={search_term_string}\"},\"query-input\":{\"@type\":\"PropertyValueSpecification\",\"valueRequired\":true,\"valueName\":\"search_term_string\"}}],\"inLanguage\":\"pt-BR\"},{\"@type\":\"Organization\",\"@id\":\"https:\\\/\\\/www.cidademarketing.com.br\\\/marketing\\\/#organization\",\"name\":\"CidadeMarketing\",\"alternateName\":\"CidadeMarketing\",\"url\":\"https:\\\/\\\/www.cidademarketing.com.br\\\/marketing\\\/\",\"logo\":{\"@type\":\"ImageObject\",\"inLanguage\":\"pt-BR\",\"@id\":\"https:\\\/\\\/www.cidademarketing.com.br\\\/marketing\\\/#\\\/schema\\\/logo\\\/image\\\/\",\"url\":\"https:\\\/\\\/www.cidademarketing.com.br\\\/marketing\\\/wp-content\\\/uploads\\\/2020\\\/01\\\/cidademarketing_marca_mobile.png\",\"contentUrl\":\"https:\\\/\\\/www.cidademarketing.com.br\\\/marketing\\\/wp-content\\\/uploads\\\/2020\\\/01\\\/cidademarketing_marca_mobile.png\",\"width\":230,\"height\":92,\"caption\":\"CidadeMarketing\"},\"image\":{\"@id\":\"https:\\\/\\\/www.cidademarketing.com.br\\\/marketing\\\/#\\\/schema\\\/logo\\\/image\\\/\"},\"sameAs\":[\"https:\\\/\\\/www.facebook.com\\\/portalcidademarketing\",\"https:\\\/\\\/x.com\\\/CidadeMarketing\",\"https:\\\/\\\/www.instagram.com\\\/cidademarketing\\\/\"]},{\"@type\":\"Person\",\"@id\":\"https:\\\/\\\/www.cidademarketing.com.br\\\/marketing\\\/#\\\/schema\\\/person\\\/02daff9f18bd9378c9e01eb6b2db155f\",\"name\":\"Thales Brand\u00e3o\",\"image\":{\"@type\":\"ImageObject\",\"inLanguage\":\"pt-BR\",\"@id\":\"https:\\\/\\\/secure.gravatar.com\\\/avatar\\\/7ca3206950207cc3cb48feec56a8a7898741ab725c368d99d5d7a5a50aab80c6?s=96&d=mm&r=g\",\"url\":\"https:\\\/\\\/secure.gravatar.com\\\/avatar\\\/7ca3206950207cc3cb48feec56a8a7898741ab725c368d99d5d7a5a50aab80c6?s=96&d=mm&r=g\",\"contentUrl\":\"https:\\\/\\\/secure.gravatar.com\\\/avatar\\\/7ca3206950207cc3cb48feec56a8a7898741ab725c368d99d5d7a5a50aab80c6?s=96&d=mm&r=g\",\"caption\":\"Thales Brand\u00e3o\"},\"description\":\"Editor Executivo do Portal CidadeMarketing.com.br &gt; Mestre em Comunica\u00e7\u00e3o e Sociedade pela Universidade Federal de Sergipe. Possui MBA Executivo em Administra\u00e7\u00e3o com \u00eanfase em Marketing pela Funda\u00e7\u00e3o Get\u00falio Vargas - Rio de Janeiro. Consultor, Palestrante e Pesquisador sobre Empreendedorismo, Marketing, Redes Sociais e Neg\u00f3cios Digitais. Professor, Palestrante TedxTalks e Campus Party. Twitter: @ThalesBrandao\",\"sameAs\":[\"http:\\\/\\\/www.mandacaru.com.br\",\"https:\\\/\\\/www.facebook.com\\\/thalesbrandao\",\"http:\\\/\\\/www.instagram.com.br\\\/thalesbrandaoferreira\",\"https:\\\/\\\/www.linkedin.com\\\/in\\\/thales-brand\u00e3o-3948609\\\/\",\"https:\\\/\\\/x.com\\\/http:\\\/\\\/www.twitter.com\\\/thalesbrandao\"],\"url\":\"https:\\\/\\\/www.cidademarketing.com.br\\\/marketing\\\/author\\\/thalesbrandao\\\/\"}]}<\/script>\n<!-- \/ Yoast SEO plugin. -->","yoast_head_json":{"title":"Escuderia Alpine F1 Team pontua com seus dois carros no GP da Gr\u00e3-Bretanha - CidadeMarketing","robots":{"index":"index","follow":"follow","max-snippet":"max-snippet:-1","max-image-preview":"max-image-preview:large","max-video-preview":"max-video-preview:-1"},"canonical":"https:\/\/www.cidademarketing.com.br\/marketing\/2021\/07\/19\/escuderia-alpine-f1-team-pontua-com-seus-dois-carros-no-gp-da-gra-bretanha\/","og_locale":"pt_BR","og_type":"article","og_title":"Escuderia Alpine F1 Team pontua com seus dois carros no GP da Gr\u00e3-Bretanha - CidadeMarketing","og_description":"A escuderia Alpine F1 Team pontuou com seus dois carros no Grande Pr\u00eamio da Gr\u00e3-Bretanha, depois da batalha de Fernando Alonso e Esteban Ocon, que terminaram respectivamente em 7\u00ba e 9\u00ba lugar, em uma corrida emocionante com as arquibancadas lotadas em Silverstone. Com este resultado, Fernando Alonso amplia sua s\u00e9rie de pontua\u00e7\u00f5es para cinco corridas, [&hellip;]","og_url":"https:\/\/www.cidademarketing.com.br\/marketing\/2021\/07\/19\/escuderia-alpine-f1-team-pontua-com-seus-dois-carros-no-gp-da-gra-bretanha\/","og_site_name":"CidadeMarketing","article_publisher":"https:\/\/www.facebook.com\/portalcidademarketing","article_author":"https:\/\/www.facebook.com\/thalesbrandao","article_published_time":"2021-07-19T14:13:03+00:00","article_modified_time":"2021-07-19T14:13:05+00:00","og_image":[{"width":2560,"height":1707,"url":"https:\/\/www.cidademarketing.com.br\/marketing\/wp-content\/uploads\/2021\/07\/alpine-scaled.jpg","type":"image\/jpeg"}],"author":"Thales Brand\u00e3o","twitter_card":"summary_large_image","twitter_creator":"@http:\/\/www.twitter.com\/thalesbrandao","twitter_site":"@CidadeMarketing","twitter_misc":{"Escrito por":"Thales Brand\u00e3o","Est. tempo de leitura":"4 minutos"},"schema":{"@context":"https:\/\/schema.org","@graph":[{"@type":"Article","@id":"https:\/\/www.cidademarketing.com.br\/marketing\/2021\/07\/19\/escuderia-alpine-f1-team-pontua-com-seus-dois-carros-no-gp-da-gra-bretanha\/#article","isPartOf":{"@id":"https:\/\/www.cidademarketing.com.br\/marketing\/2021\/07\/19\/escuderia-alpine-f1-team-pontua-com-seus-dois-carros-no-gp-da-gra-bretanha\/"},"author":{"name":"Thales Brand\u00e3o","@id":"https:\/\/www.cidademarketing.com.br\/marketing\/#\/schema\/person\/02daff9f18bd9378c9e01eb6b2db155f"},"headline":"Escuderia Alpine F1 Team pontua com seus dois carros no GP da Gr\u00e3-Bretanha","datePublished":"2021-07-19T14:13:03+00:00","dateModified":"2021-07-19T14:13:05+00:00","mainEntityOfPage":{"@id":"https:\/\/www.cidademarketing.com.br\/marketing\/2021\/07\/19\/escuderia-alpine-f1-team-pontua-com-seus-dois-carros-no-gp-da-gra-bretanha\/"},"wordCount":786,"commentCount":0,"publisher":{"@id":"https:\/\/www.cidademarketing.com.br\/marketing\/#organization"},"image":{"@id":"https:\/\/www.cidademarketing.com.br\/marketing\/2021\/07\/19\/escuderia-alpine-f1-team-pontua-com-seus-dois-carros-no-gp-da-gra-bretanha\/#primaryimage"},"thumbnailUrl":"https:\/\/www.cidademarketing.com.br\/marketing\/wp-content\/uploads\/2021\/07\/alpine-scaled.jpg","keywords":["estrat\u00e9gia","F1","Renault"],"articleSection":["Not\u00edcias"],"inLanguage":"pt-BR","potentialAction":[{"@type":"CommentAction","name":"Comment","target":["https:\/\/www.cidademarketing.com.br\/marketing\/2021\/07\/19\/escuderia-alpine-f1-team-pontua-com-seus-dois-carros-no-gp-da-gra-bretanha\/#respond"]}]},{"@type":"WebPage","@id":"https:\/\/www.cidademarketing.com.br\/marketing\/2021\/07\/19\/escuderia-alpine-f1-team-pontua-com-seus-dois-carros-no-gp-da-gra-bretanha\/","url":"https:\/\/www.cidademarketing.com.br\/marketing\/2021\/07\/19\/escuderia-alpine-f1-team-pontua-com-seus-dois-carros-no-gp-da-gra-bretanha\/","name":"Escuderia Alpine F1 Team pontua com seus dois carros no GP da Gr\u00e3-Bretanha - CidadeMarketing","isPartOf":{"@id":"https:\/\/www.cidademarketing.com.br\/marketing\/#website"},"primaryImageOfPage":{"@id":"https:\/\/www.cidademarketing.com.br\/marketing\/2021\/07\/19\/escuderia-alpine-f1-team-pontua-com-seus-dois-carros-no-gp-da-gra-bretanha\/#primaryimage"},"image":{"@id":"https:\/\/www.cidademarketing.com.br\/marketing\/2021\/07\/19\/escuderia-alpine-f1-team-pontua-com-seus-dois-carros-no-gp-da-gra-bretanha\/#primaryimage"},"thumbnailUrl":"https:\/\/www.cidademarketing.com.br\/marketing\/wp-content\/uploads\/2021\/07\/alpine-scaled.jpg","datePublished":"2021-07-19T14:13:03+00:00","dateModified":"2021-07-19T14:13:05+00:00","breadcrumb":{"@id":"https:\/\/www.cidademarketing.com.br\/marketing\/2021\/07\/19\/escuderia-alpine-f1-team-pontua-com-seus-dois-carros-no-gp-da-gra-bretanha\/#breadcrumb"},"inLanguage":"pt-BR","potentialAction":[{"@type":"ReadAction","target":["https:\/\/www.cidademarketing.com.br\/marketing\/2021\/07\/19\/escuderia-alpine-f1-team-pontua-com-seus-dois-carros-no-gp-da-gra-bretanha\/"]}]},{"@type":"ImageObject","inLanguage":"pt-BR","@id":"https:\/\/www.cidademarketing.com.br\/marketing\/2021\/07\/19\/escuderia-alpine-f1-team-pontua-com-seus-dois-carros-no-gp-da-gra-bretanha\/#primaryimage","url":"https:\/\/www.cidademarketing.com.br\/marketing\/wp-content\/uploads\/2021\/07\/alpine-scaled.jpg","contentUrl":"https:\/\/www.cidademarketing.com.br\/marketing\/wp-content\/uploads\/2021\/07\/alpine-scaled.jpg","width":2560,"height":1707,"caption":"Fernando Alonso (ESP) Alpine F1 Team A521. British Grand Prix, Sunday 18th July 2021. Silverstone, England."},{"@type":"BreadcrumbList","@id":"https:\/\/www.cidademarketing.com.br\/marketing\/2021\/07\/19\/escuderia-alpine-f1-team-pontua-com-seus-dois-carros-no-gp-da-gra-bretanha\/#breadcrumb","itemListElement":[{"@type":"ListItem","position":1,"name":"In\u00edcio","item":"https:\/\/www.cidademarketing.com.br\/marketing\/"},{"@type":"ListItem","position":2,"name":"Escuderia Alpine F1 Team pontua com seus dois carros no GP da Gr\u00e3-Bretanha"}]},{"@type":"WebSite","@id":"https:\/\/www.cidademarketing.com.br\/marketing\/#website","url":"https:\/\/www.cidademarketing.com.br\/marketing\/","name":"CidadeMarketing","description":"Somos um ve\u00edculo de comunica\u00e7\u00e3o de destaque no Brasil, reconhecido por conte\u00fados nos segmentos de marketing, empreendedorismo e inova\u00e7\u00e3o.","publisher":{"@id":"https:\/\/www.cidademarketing.com.br\/marketing\/#organization"},"alternateName":"CidadeMarketing","potentialAction":[{"@type":"SearchAction","target":{"@type":"EntryPoint","urlTemplate":"https:\/\/www.cidademarketing.com.br\/marketing\/?s={search_term_string}"},"query-input":{"@type":"PropertyValueSpecification","valueRequired":true,"valueName":"search_term_string"}}],"inLanguage":"pt-BR"},{"@type":"Organization","@id":"https:\/\/www.cidademarketing.com.br\/marketing\/#organization","name":"CidadeMarketing","alternateName":"CidadeMarketing","url":"https:\/\/www.cidademarketing.com.br\/marketing\/","logo":{"@type":"ImageObject","inLanguage":"pt-BR","@id":"https:\/\/www.cidademarketing.com.br\/marketing\/#\/schema\/logo\/image\/","url":"https:\/\/www.cidademarketing.com.br\/marketing\/wp-content\/uploads\/2020\/01\/cidademarketing_marca_mobile.png","contentUrl":"https:\/\/www.cidademarketing.com.br\/marketing\/wp-content\/uploads\/2020\/01\/cidademarketing_marca_mobile.png","width":230,"height":92,"caption":"CidadeMarketing"},"image":{"@id":"https:\/\/www.cidademarketing.com.br\/marketing\/#\/schema\/logo\/image\/"},"sameAs":["https:\/\/www.facebook.com\/portalcidademarketing","https:\/\/x.com\/CidadeMarketing","https:\/\/www.instagram.com\/cidademarketing\/"]},{"@type":"Person","@id":"https:\/\/www.cidademarketing.com.br\/marketing\/#\/schema\/person\/02daff9f18bd9378c9e01eb6b2db155f","name":"Thales Brand\u00e3o","image":{"@type":"ImageObject","inLanguage":"pt-BR","@id":"https:\/\/secure.gravatar.com\/avatar\/7ca3206950207cc3cb48feec56a8a7898741ab725c368d99d5d7a5a50aab80c6?s=96&d=mm&r=g","url":"https:\/\/secure.gravatar.com\/avatar\/7ca3206950207cc3cb48feec56a8a7898741ab725c368d99d5d7a5a50aab80c6?s=96&d=mm&r=g","contentUrl":"https:\/\/secure.gravatar.com\/avatar\/7ca3206950207cc3cb48feec56a8a7898741ab725c368d99d5d7a5a50aab80c6?s=96&d=mm&r=g","caption":"Thales Brand\u00e3o"},"description":"Editor Executivo do Portal CidadeMarketing.com.br &gt; Mestre em Comunica\u00e7\u00e3o e Sociedade pela Universidade Federal de Sergipe. Possui MBA Executivo em Administra\u00e7\u00e3o com \u00eanfase em Marketing pela Funda\u00e7\u00e3o Get\u00falio Vargas - Rio de Janeiro. Consultor, Palestrante e Pesquisador sobre Empreendedorismo, Marketing, Redes Sociais e Neg\u00f3cios Digitais. Professor, Palestrante TedxTalks e Campus Party. Twitter: @ThalesBrandao","sameAs":["http:\/\/www.mandacaru.com.br","https:\/\/www.facebook.com\/thalesbrandao","http:\/\/www.instagram.com.br\/thalesbrandaoferreira","https:\/\/www.linkedin.com\/in\/thales-brand\u00e3o-3948609\/","https:\/\/x.com\/http:\/\/www.twitter.com\/thalesbrandao"],"url":"https:\/\/www.cidademarketing.com.br\/marketing\/author\/thalesbrandao\/"}]}},"amp_enabled":true,"_links":{"self":[{"href":"https:\/\/www.cidademarketing.com.br\/marketing\/wp-json\/wp\/v2\/posts\/25757","targetHints":{"allow":["GET"]}}],"collection":[{"href":"https:\/\/www.cidademarketing.com.br\/marketing\/wp-json\/wp\/v2\/posts"}],"about":[{"href":"https:\/\/www.cidademarketing.com.br\/marketing\/wp-json\/wp\/v2\/types\/post"}],"author":[{"embeddable":true,"href":"https:\/\/www.cidademarketing.com.br\/marketing\/wp-json\/wp\/v2\/users\/1"}],"replies":[{"embeddable":true,"href":"https:\/\/www.cidademarketing.com.br\/marketing\/wp-json\/wp\/v2\/comments?post=25757"}],"version-history":[{"count":1,"href":"https:\/\/www.cidademarketing.com.br\/marketing\/wp-json\/wp\/v2\/posts\/25757\/revisions"}],"predecessor-version":[{"id":25759,"href":"https:\/\/www.cidademarketing.com.br\/marketing\/wp-json\/wp\/v2\/posts\/25757\/revisions\/25759"}],"wp:featuredmedia":[{"embeddable":true,"href":"https:\/\/www.cidademarketing.com.br\/marketing\/wp-json\/wp\/v2\/media\/25758"}],"wp:attachment":[{"href":"https:\/\/www.cidademarketing.com.br\/marketing\/wp-json\/wp\/v2\/media?parent=25757"}],"wp:term":[{"taxonomy":"category","embeddable":true,"href":"https:\/\/www.cidademarketing.com.br\/marketing\/wp-json\/wp\/v2\/categories?post=25757"},{"taxonomy":"post_tag","embeddable":true,"href":"https:\/\/www.cidademarketing.com.br\/marketing\/wp-json\/wp\/v2\/tags?post=25757"}],"curies":[{"name":"wp","href":"https:\/\/api.w.org\/{rel}","templated":true}]}}