{"id":25751,"date":"2021-07-19T10:30:27","date_gmt":"2021-07-19T13:30:27","guid":{"rendered":"https:\/\/www.cidademarketing.com.br\/marketing\/?p=25751"},"modified":"2021-07-19T10:30:29","modified_gmt":"2021-07-19T13:30:29","slug":"anvisa-autoriza-estudo-clinico-com-terceira-dose-de-vacina-da-astrazeneca-e-outro-com-a-proxalutamida","status":"publish","type":"post","link":"https:\/\/www.cidademarketing.com.br\/marketing\/2021\/07\/19\/anvisa-autoriza-estudo-clinico-com-terceira-dose-de-vacina-da-astrazeneca-e-outro-com-a-proxalutamida\/","title":{"rendered":"Anvisa autoriza estudo cl\u00ednico com terceira dose de vacina da AstraZeneca e outro com a proxalutamida"},"content":{"rendered":"\n<p>A Anvisa autorizou nesta segunda-feira (19\/7) a realiza\u00e7\u00e3o de\u00a0um\u00a0estudo cl\u00ednico para avaliar a seguran\u00e7a, a efic\u00e1cia e a imunogenicidade de uma terceira dose da vacina da AstraZeneca (AZD1222 &#8211;\u00a0ChAdox1 nCoV-19) em participantes do estudo inicial que j\u00e1\u00a0haviam recebido\u00a0as duas doses do imunizante,\u00a0com\u00a0um\u00a0intervalo de\u00a0quatro\u00a0semanas entre as\u00a0aplica\u00e7\u00f5es.\u00a0\u00a0<\/p>\n\n\n\n<p>A terceira dose da vacina da AstraZeneca ser\u00e1 aplicada entre&nbsp;11&nbsp;e&nbsp;13 meses ap\u00f3s a segunda dose.&nbsp;<\/p>\n\n\n\n<p>Trata-se de um estudo de fase III, controlado, randomizado, simples-cego, ou seja, em que&nbsp;s\u00f3 o volunt\u00e1rio n\u00e3o saber\u00e1 o que tomou:&nbsp;se&nbsp;uma dose&nbsp;da vacina&nbsp;ou de&nbsp;placebo.&nbsp;<\/p>\n\n\n\n<p>Ser\u00e3o inclu\u00eddos volunt\u00e1rios com idade entre 18&nbsp;e&nbsp;55 anos, que estejam altamente expostos \u00e0 infec\u00e7\u00e3o com o&nbsp;novo coronav\u00edrus, como profissionais de sa\u00fade.&nbsp;N\u00e3o ser\u00e3o inclu\u00eddas&nbsp;gestantes ou&nbsp;pessoas&nbsp;com comorbidades.&nbsp;<\/p>\n\n\n\n<p>O estudo, patrocinado pela AstraZeneca,&nbsp;ser\u00e1 realizado somente no Brasil, nos estados da Bahia (1.500 volunt\u00e1rios), Rio de Janeiro (1.500 volunt\u00e1rios), Rio Grande do Sul (3.000 volunt\u00e1rios), Rio Grande do Norte (1.500 volunt\u00e1rios) e S\u00e3o Paulo (2.500 volunt\u00e1rios).&nbsp;&nbsp;<\/p>\n\n\n\n<p>Ap\u00f3s a quebra do cegamento da pesquisa (quando os volunt\u00e1rios ficam sabendo se receberam a vacina ou o placebo), todos os participantes do grupo placebo ser\u00e3o convidados a ser imunizados.&nbsp;<\/p>\n\n\n\n<p><strong>Nova vers\u00e3o da vacina da AstraZeneca \u00e9 objeto de outro estudo aprovado pela Anvisa&nbsp;<\/strong><\/p>\n\n\n\n<p>Na quarta-feira da semana passada&nbsp;(14\/7),&nbsp;a Anvisa&nbsp;tinha&nbsp;autorizado um estudo cl\u00ednico com a vacina AstraZeneca AZD2816, uma nova vers\u00e3o do produto&nbsp;atualmente dispon\u00edvel no Brasil (AZD1222), modificada para tamb\u00e9m fornecer imunidade contra a rec\u00e9m-emergente cepa da variante B.1.351 do Sars-CoV-2, identificada primeiro na \u00c1frica do Sul.&nbsp;<\/p>\n\n\n\n<p><a href=\"https:\/\/www.gov.br\/anvisa\/anvisa-aprova-mais-duas-pesquisas-clinicas-de-vacinas-contra-covid-19-1\" rel=\"noreferrer noopener\" target=\"_blank\">Anvisa aprova mais duas pesquisas cl\u00ednicas de vacinas contra Covid-19<\/a>&nbsp;<\/p>\n\n\n\n<p>O estudo aprovado anteriormente, portanto, testava&nbsp;uma nova vers\u00e3o da vacina da AstraZeneca&nbsp;em tr\u00eas diferentes esquemas terap\u00eauticos.&nbsp;&nbsp;<\/p>\n\n\n\n<p>Na pesquisa aprovada nesta segunda-feira (19\/7), diferentemente, o imunizante testado \u00e9 exatamente o mesmo que j\u00e1 estava em uso no Brasil, ou seja, a primeira vers\u00e3o do produto.&nbsp;&nbsp;<\/p>\n\n\n\n<p><strong>Proxalutamida&nbsp;<\/strong><\/p>\n\n\n\n<p>Nesta segunda-feira tamb\u00e9m foi autorizada a realiza\u00e7\u00e3o de&nbsp;um&nbsp;estudo cl\u00ednico para avaliar a seguran\u00e7a e a efic\u00e1cia do medicamento proxalutamida&nbsp;na redu\u00e7\u00e3o da infec\u00e7\u00e3o viral&nbsp;causada&nbsp;pelo&nbsp;novo&nbsp;coronav\u00edrus e no processo inflamat\u00f3rio&nbsp;provocado pela&nbsp;Covid-19.&nbsp;<\/p>\n\n\n\n<p>Trata-se de um estudo de fase&nbsp;III, randomizado, duplo-cego, controlado por placebo,&nbsp;para avaliar a efic\u00e1cia e a seguran\u00e7a da&nbsp;subst\u00e2ncia&nbsp;em participantes ambulatoriais do sexo masculino com Covid-19&nbsp;leve a moderada (Protocolo GT0918-US-3001).&nbsp;<\/p>\n\n\n\n<p>O estudo \u00e9 patrocinado pela empresa\u00a0Suzhou\u00a0Kintor\u00a0Pharmaceuticals,\u00a0sediada na China, e ser\u00e1 realizado na Alemanha, Argentina, \u00c1frica do Sul, Ucr\u00e2nia, M\u00e9xico, Estados Unidos e Brasil, onde participar\u00e3o 12 volunt\u00e1rios do estado de\u00a0Roraima e\u00a0outros\u00a038 de\u00a0S\u00e3o Paulo.\u00a0<\/p>\n\n\n\n<p>CidadeMarketing com informa\u00e7\u00f5es da Anvisa.<\/p>\n","protected":false},"excerpt":{"rendered":"<p>A Anvisa autorizou nesta segunda-feira (19\/7) a realiza\u00e7\u00e3o de\u00a0um\u00a0estudo cl\u00ednico para avaliar a seguran\u00e7a, a efic\u00e1cia e a imunogenicidade de uma terceira dose da vacina da AstraZeneca (AZD1222 &#8211;\u00a0ChAdox1 nCoV-19) em participantes do estudo inicial que j\u00e1\u00a0haviam recebido\u00a0as duas doses do imunizante,\u00a0com\u00a0um\u00a0intervalo de\u00a0quatro\u00a0semanas entre as\u00a0aplica\u00e7\u00f5es.\u00a0\u00a0 A terceira dose da vacina da AstraZeneca ser\u00e1 aplicada entre&nbsp;11&nbsp;e&nbsp;13 [&hellip;]<\/p>\n","protected":false},"author":1,"featured_media":25752,"comment_status":"open","ping_status":"open","sticky":false,"template":"","format":"standard","meta":{"tdm_status":"","tdm_grid_status":"","footnotes":""},"categories":[6],"tags":[158,3390,28,4039],"class_list":["post-25751","post","type-post","status-publish","format-standard","has-post-thumbnail","hentry","category-noticias","tag-anvisa","tag-astrazeneca","tag-marketing","tag-vacinacao"],"yoast_head":"<!-- This site is optimized with the Yoast SEO plugin v27.4 - https:\/\/yoast.com\/product\/yoast-seo-wordpress\/ -->\n<title>Anvisa autoriza estudo cl\u00ednico com terceira dose de vacina da AstraZeneca e outro com a proxalutamida - CidadeMarketing<\/title>\n<meta name=\"robots\" content=\"index, follow, max-snippet:-1, max-image-preview:large, max-video-preview:-1\" \/>\n<link rel=\"canonical\" href=\"https:\/\/www.cidademarketing.com.br\/marketing\/2021\/07\/19\/anvisa-autoriza-estudo-clinico-com-terceira-dose-de-vacina-da-astrazeneca-e-outro-com-a-proxalutamida\/\" \/>\n<meta property=\"og:locale\" content=\"pt_BR\" \/>\n<meta property=\"og:type\" content=\"article\" \/>\n<meta property=\"og:title\" content=\"Anvisa autoriza estudo cl\u00ednico com terceira dose de vacina da AstraZeneca e outro com a proxalutamida - CidadeMarketing\" \/>\n<meta property=\"og:description\" content=\"A Anvisa autorizou nesta segunda-feira (19\/7) a realiza\u00e7\u00e3o de\u00a0um\u00a0estudo cl\u00ednico para avaliar a seguran\u00e7a, a efic\u00e1cia e a imunogenicidade de uma terceira dose da vacina da AstraZeneca (AZD1222 &#8211;\u00a0ChAdox1 nCoV-19) em participantes do estudo inicial que j\u00e1\u00a0haviam recebido\u00a0as duas doses do imunizante,\u00a0com\u00a0um\u00a0intervalo de\u00a0quatro\u00a0semanas entre as\u00a0aplica\u00e7\u00f5es.\u00a0\u00a0 A terceira dose da vacina da AstraZeneca ser\u00e1 aplicada entre&nbsp;11&nbsp;e&nbsp;13 [&hellip;]\" \/>\n<meta property=\"og:url\" content=\"https:\/\/www.cidademarketing.com.br\/marketing\/2021\/07\/19\/anvisa-autoriza-estudo-clinico-com-terceira-dose-de-vacina-da-astrazeneca-e-outro-com-a-proxalutamida\/\" \/>\n<meta property=\"og:site_name\" content=\"CidadeMarketing\" \/>\n<meta property=\"article:publisher\" content=\"https:\/\/www.facebook.com\/portalcidademarketing\" \/>\n<meta property=\"article:author\" content=\"https:\/\/www.facebook.com\/thalesbrandao\" \/>\n<meta property=\"article:published_time\" content=\"2021-07-19T13:30:27+00:00\" \/>\n<meta property=\"article:modified_time\" content=\"2021-07-19T13:30:29+00:00\" \/>\n<meta property=\"og:image\" content=\"https:\/\/www.cidademarketing.com.br\/marketing\/wp-content\/uploads\/2021\/07\/astrazeneca_.jpg\" \/>\n\t<meta property=\"og:image:width\" content=\"654\" \/>\n\t<meta property=\"og:image:height\" content=\"524\" \/>\n\t<meta property=\"og:image:type\" content=\"image\/jpeg\" \/>\n<meta name=\"author\" content=\"Thales Brand\u00e3o\" \/>\n<meta name=\"twitter:card\" content=\"summary_large_image\" \/>\n<meta name=\"twitter:creator\" content=\"@http:\/\/www.twitter.com\/thalesbrandao\" \/>\n<meta name=\"twitter:site\" content=\"@CidadeMarketing\" \/>\n<meta name=\"twitter:label1\" content=\"Escrito por\" \/>\n\t<meta name=\"twitter:data1\" content=\"Thales Brand\u00e3o\" \/>\n\t<meta name=\"twitter:label2\" content=\"Est. tempo de leitura\" \/>\n\t<meta name=\"twitter:data2\" content=\"3 minutos\" \/>\n<script type=\"application\/ld+json\" class=\"yoast-schema-graph\">{\"@context\":\"https:\\\/\\\/schema.org\",\"@graph\":[{\"@type\":\"Article\",\"@id\":\"https:\\\/\\\/www.cidademarketing.com.br\\\/marketing\\\/2021\\\/07\\\/19\\\/anvisa-autoriza-estudo-clinico-com-terceira-dose-de-vacina-da-astrazeneca-e-outro-com-a-proxalutamida\\\/#article\",\"isPartOf\":{\"@id\":\"https:\\\/\\\/www.cidademarketing.com.br\\\/marketing\\\/2021\\\/07\\\/19\\\/anvisa-autoriza-estudo-clinico-com-terceira-dose-de-vacina-da-astrazeneca-e-outro-com-a-proxalutamida\\\/\"},\"author\":{\"name\":\"Thales Brand\u00e3o\",\"@id\":\"https:\\\/\\\/www.cidademarketing.com.br\\\/marketing\\\/#\\\/schema\\\/person\\\/02daff9f18bd9378c9e01eb6b2db155f\"},\"headline\":\"Anvisa autoriza estudo cl\u00ednico com terceira dose de vacina da AstraZeneca e outro com a proxalutamida\",\"datePublished\":\"2021-07-19T13:30:27+00:00\",\"dateModified\":\"2021-07-19T13:30:29+00:00\",\"mainEntityOfPage\":{\"@id\":\"https:\\\/\\\/www.cidademarketing.com.br\\\/marketing\\\/2021\\\/07\\\/19\\\/anvisa-autoriza-estudo-clinico-com-terceira-dose-de-vacina-da-astrazeneca-e-outro-com-a-proxalutamida\\\/\"},\"wordCount\":549,\"commentCount\":0,\"publisher\":{\"@id\":\"https:\\\/\\\/www.cidademarketing.com.br\\\/marketing\\\/#organization\"},\"image\":{\"@id\":\"https:\\\/\\\/www.cidademarketing.com.br\\\/marketing\\\/2021\\\/07\\\/19\\\/anvisa-autoriza-estudo-clinico-com-terceira-dose-de-vacina-da-astrazeneca-e-outro-com-a-proxalutamida\\\/#primaryimage\"},\"thumbnailUrl\":\"https:\\\/\\\/www.cidademarketing.com.br\\\/marketing\\\/wp-content\\\/uploads\\\/2021\\\/07\\\/astrazeneca_.jpg\",\"keywords\":[\"Anvisa\",\"AstraZeneca\",\"marketing\",\"vacina\u00e7\u00e3o\"],\"articleSection\":[\"Not\u00edcias\"],\"inLanguage\":\"pt-BR\",\"potentialAction\":[{\"@type\":\"CommentAction\",\"name\":\"Comment\",\"target\":[\"https:\\\/\\\/www.cidademarketing.com.br\\\/marketing\\\/2021\\\/07\\\/19\\\/anvisa-autoriza-estudo-clinico-com-terceira-dose-de-vacina-da-astrazeneca-e-outro-com-a-proxalutamida\\\/#respond\"]}]},{\"@type\":\"WebPage\",\"@id\":\"https:\\\/\\\/www.cidademarketing.com.br\\\/marketing\\\/2021\\\/07\\\/19\\\/anvisa-autoriza-estudo-clinico-com-terceira-dose-de-vacina-da-astrazeneca-e-outro-com-a-proxalutamida\\\/\",\"url\":\"https:\\\/\\\/www.cidademarketing.com.br\\\/marketing\\\/2021\\\/07\\\/19\\\/anvisa-autoriza-estudo-clinico-com-terceira-dose-de-vacina-da-astrazeneca-e-outro-com-a-proxalutamida\\\/\",\"name\":\"Anvisa autoriza estudo cl\u00ednico com terceira dose de vacina da AstraZeneca e outro com a proxalutamida - CidadeMarketing\",\"isPartOf\":{\"@id\":\"https:\\\/\\\/www.cidademarketing.com.br\\\/marketing\\\/#website\"},\"primaryImageOfPage\":{\"@id\":\"https:\\\/\\\/www.cidademarketing.com.br\\\/marketing\\\/2021\\\/07\\\/19\\\/anvisa-autoriza-estudo-clinico-com-terceira-dose-de-vacina-da-astrazeneca-e-outro-com-a-proxalutamida\\\/#primaryimage\"},\"image\":{\"@id\":\"https:\\\/\\\/www.cidademarketing.com.br\\\/marketing\\\/2021\\\/07\\\/19\\\/anvisa-autoriza-estudo-clinico-com-terceira-dose-de-vacina-da-astrazeneca-e-outro-com-a-proxalutamida\\\/#primaryimage\"},\"thumbnailUrl\":\"https:\\\/\\\/www.cidademarketing.com.br\\\/marketing\\\/wp-content\\\/uploads\\\/2021\\\/07\\\/astrazeneca_.jpg\",\"datePublished\":\"2021-07-19T13:30:27+00:00\",\"dateModified\":\"2021-07-19T13:30:29+00:00\",\"breadcrumb\":{\"@id\":\"https:\\\/\\\/www.cidademarketing.com.br\\\/marketing\\\/2021\\\/07\\\/19\\\/anvisa-autoriza-estudo-clinico-com-terceira-dose-de-vacina-da-astrazeneca-e-outro-com-a-proxalutamida\\\/#breadcrumb\"},\"inLanguage\":\"pt-BR\",\"potentialAction\":[{\"@type\":\"ReadAction\",\"target\":[\"https:\\\/\\\/www.cidademarketing.com.br\\\/marketing\\\/2021\\\/07\\\/19\\\/anvisa-autoriza-estudo-clinico-com-terceira-dose-de-vacina-da-astrazeneca-e-outro-com-a-proxalutamida\\\/\"]}]},{\"@type\":\"ImageObject\",\"inLanguage\":\"pt-BR\",\"@id\":\"https:\\\/\\\/www.cidademarketing.com.br\\\/marketing\\\/2021\\\/07\\\/19\\\/anvisa-autoriza-estudo-clinico-com-terceira-dose-de-vacina-da-astrazeneca-e-outro-com-a-proxalutamida\\\/#primaryimage\",\"url\":\"https:\\\/\\\/www.cidademarketing.com.br\\\/marketing\\\/wp-content\\\/uploads\\\/2021\\\/07\\\/astrazeneca_.jpg\",\"contentUrl\":\"https:\\\/\\\/www.cidademarketing.com.br\\\/marketing\\\/wp-content\\\/uploads\\\/2021\\\/07\\\/astrazeneca_.jpg\",\"width\":654,\"height\":524,\"caption\":\"Reprodu\u00e7\u00e3o\"},{\"@type\":\"BreadcrumbList\",\"@id\":\"https:\\\/\\\/www.cidademarketing.com.br\\\/marketing\\\/2021\\\/07\\\/19\\\/anvisa-autoriza-estudo-clinico-com-terceira-dose-de-vacina-da-astrazeneca-e-outro-com-a-proxalutamida\\\/#breadcrumb\",\"itemListElement\":[{\"@type\":\"ListItem\",\"position\":1,\"name\":\"In\u00edcio\",\"item\":\"https:\\\/\\\/www.cidademarketing.com.br\\\/marketing\\\/\"},{\"@type\":\"ListItem\",\"position\":2,\"name\":\"Anvisa autoriza estudo cl\u00ednico com terceira dose de vacina da AstraZeneca e outro com a proxalutamida\"}]},{\"@type\":\"WebSite\",\"@id\":\"https:\\\/\\\/www.cidademarketing.com.br\\\/marketing\\\/#website\",\"url\":\"https:\\\/\\\/www.cidademarketing.com.br\\\/marketing\\\/\",\"name\":\"CidadeMarketing\",\"description\":\"Somos um ve\u00edculo de comunica\u00e7\u00e3o de destaque no Brasil, reconhecido por conte\u00fados nos segmentos de marketing, empreendedorismo e inova\u00e7\u00e3o.\",\"publisher\":{\"@id\":\"https:\\\/\\\/www.cidademarketing.com.br\\\/marketing\\\/#organization\"},\"alternateName\":\"CidadeMarketing\",\"potentialAction\":[{\"@type\":\"SearchAction\",\"target\":{\"@type\":\"EntryPoint\",\"urlTemplate\":\"https:\\\/\\\/www.cidademarketing.com.br\\\/marketing\\\/?s={search_term_string}\"},\"query-input\":{\"@type\":\"PropertyValueSpecification\",\"valueRequired\":true,\"valueName\":\"search_term_string\"}}],\"inLanguage\":\"pt-BR\"},{\"@type\":\"Organization\",\"@id\":\"https:\\\/\\\/www.cidademarketing.com.br\\\/marketing\\\/#organization\",\"name\":\"CidadeMarketing\",\"alternateName\":\"CidadeMarketing\",\"url\":\"https:\\\/\\\/www.cidademarketing.com.br\\\/marketing\\\/\",\"logo\":{\"@type\":\"ImageObject\",\"inLanguage\":\"pt-BR\",\"@id\":\"https:\\\/\\\/www.cidademarketing.com.br\\\/marketing\\\/#\\\/schema\\\/logo\\\/image\\\/\",\"url\":\"https:\\\/\\\/www.cidademarketing.com.br\\\/marketing\\\/wp-content\\\/uploads\\\/2020\\\/01\\\/cidademarketing_marca_mobile.png\",\"contentUrl\":\"https:\\\/\\\/www.cidademarketing.com.br\\\/marketing\\\/wp-content\\\/uploads\\\/2020\\\/01\\\/cidademarketing_marca_mobile.png\",\"width\":230,\"height\":92,\"caption\":\"CidadeMarketing\"},\"image\":{\"@id\":\"https:\\\/\\\/www.cidademarketing.com.br\\\/marketing\\\/#\\\/schema\\\/logo\\\/image\\\/\"},\"sameAs\":[\"https:\\\/\\\/www.facebook.com\\\/portalcidademarketing\",\"https:\\\/\\\/x.com\\\/CidadeMarketing\",\"https:\\\/\\\/www.instagram.com\\\/cidademarketing\\\/\"]},{\"@type\":\"Person\",\"@id\":\"https:\\\/\\\/www.cidademarketing.com.br\\\/marketing\\\/#\\\/schema\\\/person\\\/02daff9f18bd9378c9e01eb6b2db155f\",\"name\":\"Thales Brand\u00e3o\",\"image\":{\"@type\":\"ImageObject\",\"inLanguage\":\"pt-BR\",\"@id\":\"https:\\\/\\\/secure.gravatar.com\\\/avatar\\\/7ca3206950207cc3cb48feec56a8a7898741ab725c368d99d5d7a5a50aab80c6?s=96&d=mm&r=g\",\"url\":\"https:\\\/\\\/secure.gravatar.com\\\/avatar\\\/7ca3206950207cc3cb48feec56a8a7898741ab725c368d99d5d7a5a50aab80c6?s=96&d=mm&r=g\",\"contentUrl\":\"https:\\\/\\\/secure.gravatar.com\\\/avatar\\\/7ca3206950207cc3cb48feec56a8a7898741ab725c368d99d5d7a5a50aab80c6?s=96&d=mm&r=g\",\"caption\":\"Thales Brand\u00e3o\"},\"description\":\"Editor Executivo do Portal CidadeMarketing.com.br &gt; Mestre em Comunica\u00e7\u00e3o e Sociedade pela Universidade Federal de Sergipe. Possui MBA Executivo em Administra\u00e7\u00e3o com \u00eanfase em Marketing pela Funda\u00e7\u00e3o Get\u00falio Vargas - Rio de Janeiro. Consultor, Palestrante e Pesquisador sobre Empreendedorismo, Marketing, Redes Sociais e Neg\u00f3cios Digitais. Professor, Palestrante TedxTalks e Campus Party. Twitter: @ThalesBrandao\",\"sameAs\":[\"http:\\\/\\\/www.mandacaru.com.br\",\"https:\\\/\\\/www.facebook.com\\\/thalesbrandao\",\"http:\\\/\\\/www.instagram.com.br\\\/thalesbrandaoferreira\",\"https:\\\/\\\/www.linkedin.com\\\/in\\\/thales-brand\u00e3o-3948609\\\/\",\"https:\\\/\\\/x.com\\\/http:\\\/\\\/www.twitter.com\\\/thalesbrandao\"],\"url\":\"https:\\\/\\\/www.cidademarketing.com.br\\\/marketing\\\/author\\\/thalesbrandao\\\/\"}]}<\/script>\n<!-- \/ Yoast SEO plugin. -->","yoast_head_json":{"title":"Anvisa autoriza estudo cl\u00ednico com terceira dose de vacina da AstraZeneca e outro com a proxalutamida - CidadeMarketing","robots":{"index":"index","follow":"follow","max-snippet":"max-snippet:-1","max-image-preview":"max-image-preview:large","max-video-preview":"max-video-preview:-1"},"canonical":"https:\/\/www.cidademarketing.com.br\/marketing\/2021\/07\/19\/anvisa-autoriza-estudo-clinico-com-terceira-dose-de-vacina-da-astrazeneca-e-outro-com-a-proxalutamida\/","og_locale":"pt_BR","og_type":"article","og_title":"Anvisa autoriza estudo cl\u00ednico com terceira dose de vacina da AstraZeneca e outro com a proxalutamida - CidadeMarketing","og_description":"A Anvisa autorizou nesta segunda-feira (19\/7) a realiza\u00e7\u00e3o de\u00a0um\u00a0estudo cl\u00ednico para avaliar a seguran\u00e7a, a efic\u00e1cia e a imunogenicidade de uma terceira dose da vacina da AstraZeneca (AZD1222 &#8211;\u00a0ChAdox1 nCoV-19) em participantes do estudo inicial que j\u00e1\u00a0haviam recebido\u00a0as duas doses do imunizante,\u00a0com\u00a0um\u00a0intervalo de\u00a0quatro\u00a0semanas entre as\u00a0aplica\u00e7\u00f5es.\u00a0\u00a0 A terceira dose da vacina da AstraZeneca ser\u00e1 aplicada entre&nbsp;11&nbsp;e&nbsp;13 [&hellip;]","og_url":"https:\/\/www.cidademarketing.com.br\/marketing\/2021\/07\/19\/anvisa-autoriza-estudo-clinico-com-terceira-dose-de-vacina-da-astrazeneca-e-outro-com-a-proxalutamida\/","og_site_name":"CidadeMarketing","article_publisher":"https:\/\/www.facebook.com\/portalcidademarketing","article_author":"https:\/\/www.facebook.com\/thalesbrandao","article_published_time":"2021-07-19T13:30:27+00:00","article_modified_time":"2021-07-19T13:30:29+00:00","og_image":[{"width":654,"height":524,"url":"https:\/\/www.cidademarketing.com.br\/marketing\/wp-content\/uploads\/2021\/07\/astrazeneca_.jpg","type":"image\/jpeg"}],"author":"Thales Brand\u00e3o","twitter_card":"summary_large_image","twitter_creator":"@http:\/\/www.twitter.com\/thalesbrandao","twitter_site":"@CidadeMarketing","twitter_misc":{"Escrito por":"Thales Brand\u00e3o","Est. tempo de leitura":"3 minutos"},"schema":{"@context":"https:\/\/schema.org","@graph":[{"@type":"Article","@id":"https:\/\/www.cidademarketing.com.br\/marketing\/2021\/07\/19\/anvisa-autoriza-estudo-clinico-com-terceira-dose-de-vacina-da-astrazeneca-e-outro-com-a-proxalutamida\/#article","isPartOf":{"@id":"https:\/\/www.cidademarketing.com.br\/marketing\/2021\/07\/19\/anvisa-autoriza-estudo-clinico-com-terceira-dose-de-vacina-da-astrazeneca-e-outro-com-a-proxalutamida\/"},"author":{"name":"Thales Brand\u00e3o","@id":"https:\/\/www.cidademarketing.com.br\/marketing\/#\/schema\/person\/02daff9f18bd9378c9e01eb6b2db155f"},"headline":"Anvisa autoriza estudo cl\u00ednico com terceira dose de vacina da AstraZeneca e outro com a proxalutamida","datePublished":"2021-07-19T13:30:27+00:00","dateModified":"2021-07-19T13:30:29+00:00","mainEntityOfPage":{"@id":"https:\/\/www.cidademarketing.com.br\/marketing\/2021\/07\/19\/anvisa-autoriza-estudo-clinico-com-terceira-dose-de-vacina-da-astrazeneca-e-outro-com-a-proxalutamida\/"},"wordCount":549,"commentCount":0,"publisher":{"@id":"https:\/\/www.cidademarketing.com.br\/marketing\/#organization"},"image":{"@id":"https:\/\/www.cidademarketing.com.br\/marketing\/2021\/07\/19\/anvisa-autoriza-estudo-clinico-com-terceira-dose-de-vacina-da-astrazeneca-e-outro-com-a-proxalutamida\/#primaryimage"},"thumbnailUrl":"https:\/\/www.cidademarketing.com.br\/marketing\/wp-content\/uploads\/2021\/07\/astrazeneca_.jpg","keywords":["Anvisa","AstraZeneca","marketing","vacina\u00e7\u00e3o"],"articleSection":["Not\u00edcias"],"inLanguage":"pt-BR","potentialAction":[{"@type":"CommentAction","name":"Comment","target":["https:\/\/www.cidademarketing.com.br\/marketing\/2021\/07\/19\/anvisa-autoriza-estudo-clinico-com-terceira-dose-de-vacina-da-astrazeneca-e-outro-com-a-proxalutamida\/#respond"]}]},{"@type":"WebPage","@id":"https:\/\/www.cidademarketing.com.br\/marketing\/2021\/07\/19\/anvisa-autoriza-estudo-clinico-com-terceira-dose-de-vacina-da-astrazeneca-e-outro-com-a-proxalutamida\/","url":"https:\/\/www.cidademarketing.com.br\/marketing\/2021\/07\/19\/anvisa-autoriza-estudo-clinico-com-terceira-dose-de-vacina-da-astrazeneca-e-outro-com-a-proxalutamida\/","name":"Anvisa autoriza estudo cl\u00ednico com terceira dose de vacina da AstraZeneca e outro com a proxalutamida - CidadeMarketing","isPartOf":{"@id":"https:\/\/www.cidademarketing.com.br\/marketing\/#website"},"primaryImageOfPage":{"@id":"https:\/\/www.cidademarketing.com.br\/marketing\/2021\/07\/19\/anvisa-autoriza-estudo-clinico-com-terceira-dose-de-vacina-da-astrazeneca-e-outro-com-a-proxalutamida\/#primaryimage"},"image":{"@id":"https:\/\/www.cidademarketing.com.br\/marketing\/2021\/07\/19\/anvisa-autoriza-estudo-clinico-com-terceira-dose-de-vacina-da-astrazeneca-e-outro-com-a-proxalutamida\/#primaryimage"},"thumbnailUrl":"https:\/\/www.cidademarketing.com.br\/marketing\/wp-content\/uploads\/2021\/07\/astrazeneca_.jpg","datePublished":"2021-07-19T13:30:27+00:00","dateModified":"2021-07-19T13:30:29+00:00","breadcrumb":{"@id":"https:\/\/www.cidademarketing.com.br\/marketing\/2021\/07\/19\/anvisa-autoriza-estudo-clinico-com-terceira-dose-de-vacina-da-astrazeneca-e-outro-com-a-proxalutamida\/#breadcrumb"},"inLanguage":"pt-BR","potentialAction":[{"@type":"ReadAction","target":["https:\/\/www.cidademarketing.com.br\/marketing\/2021\/07\/19\/anvisa-autoriza-estudo-clinico-com-terceira-dose-de-vacina-da-astrazeneca-e-outro-com-a-proxalutamida\/"]}]},{"@type":"ImageObject","inLanguage":"pt-BR","@id":"https:\/\/www.cidademarketing.com.br\/marketing\/2021\/07\/19\/anvisa-autoriza-estudo-clinico-com-terceira-dose-de-vacina-da-astrazeneca-e-outro-com-a-proxalutamida\/#primaryimage","url":"https:\/\/www.cidademarketing.com.br\/marketing\/wp-content\/uploads\/2021\/07\/astrazeneca_.jpg","contentUrl":"https:\/\/www.cidademarketing.com.br\/marketing\/wp-content\/uploads\/2021\/07\/astrazeneca_.jpg","width":654,"height":524,"caption":"Reprodu\u00e7\u00e3o"},{"@type":"BreadcrumbList","@id":"https:\/\/www.cidademarketing.com.br\/marketing\/2021\/07\/19\/anvisa-autoriza-estudo-clinico-com-terceira-dose-de-vacina-da-astrazeneca-e-outro-com-a-proxalutamida\/#breadcrumb","itemListElement":[{"@type":"ListItem","position":1,"name":"In\u00edcio","item":"https:\/\/www.cidademarketing.com.br\/marketing\/"},{"@type":"ListItem","position":2,"name":"Anvisa autoriza estudo cl\u00ednico com terceira dose de vacina da AstraZeneca e outro com a proxalutamida"}]},{"@type":"WebSite","@id":"https:\/\/www.cidademarketing.com.br\/marketing\/#website","url":"https:\/\/www.cidademarketing.com.br\/marketing\/","name":"CidadeMarketing","description":"Somos um ve\u00edculo de comunica\u00e7\u00e3o de destaque no Brasil, reconhecido por conte\u00fados nos segmentos de marketing, empreendedorismo e inova\u00e7\u00e3o.","publisher":{"@id":"https:\/\/www.cidademarketing.com.br\/marketing\/#organization"},"alternateName":"CidadeMarketing","potentialAction":[{"@type":"SearchAction","target":{"@type":"EntryPoint","urlTemplate":"https:\/\/www.cidademarketing.com.br\/marketing\/?s={search_term_string}"},"query-input":{"@type":"PropertyValueSpecification","valueRequired":true,"valueName":"search_term_string"}}],"inLanguage":"pt-BR"},{"@type":"Organization","@id":"https:\/\/www.cidademarketing.com.br\/marketing\/#organization","name":"CidadeMarketing","alternateName":"CidadeMarketing","url":"https:\/\/www.cidademarketing.com.br\/marketing\/","logo":{"@type":"ImageObject","inLanguage":"pt-BR","@id":"https:\/\/www.cidademarketing.com.br\/marketing\/#\/schema\/logo\/image\/","url":"https:\/\/www.cidademarketing.com.br\/marketing\/wp-content\/uploads\/2020\/01\/cidademarketing_marca_mobile.png","contentUrl":"https:\/\/www.cidademarketing.com.br\/marketing\/wp-content\/uploads\/2020\/01\/cidademarketing_marca_mobile.png","width":230,"height":92,"caption":"CidadeMarketing"},"image":{"@id":"https:\/\/www.cidademarketing.com.br\/marketing\/#\/schema\/logo\/image\/"},"sameAs":["https:\/\/www.facebook.com\/portalcidademarketing","https:\/\/x.com\/CidadeMarketing","https:\/\/www.instagram.com\/cidademarketing\/"]},{"@type":"Person","@id":"https:\/\/www.cidademarketing.com.br\/marketing\/#\/schema\/person\/02daff9f18bd9378c9e01eb6b2db155f","name":"Thales Brand\u00e3o","image":{"@type":"ImageObject","inLanguage":"pt-BR","@id":"https:\/\/secure.gravatar.com\/avatar\/7ca3206950207cc3cb48feec56a8a7898741ab725c368d99d5d7a5a50aab80c6?s=96&d=mm&r=g","url":"https:\/\/secure.gravatar.com\/avatar\/7ca3206950207cc3cb48feec56a8a7898741ab725c368d99d5d7a5a50aab80c6?s=96&d=mm&r=g","contentUrl":"https:\/\/secure.gravatar.com\/avatar\/7ca3206950207cc3cb48feec56a8a7898741ab725c368d99d5d7a5a50aab80c6?s=96&d=mm&r=g","caption":"Thales Brand\u00e3o"},"description":"Editor Executivo do Portal CidadeMarketing.com.br &gt; Mestre em Comunica\u00e7\u00e3o e Sociedade pela Universidade Federal de Sergipe. Possui MBA Executivo em Administra\u00e7\u00e3o com \u00eanfase em Marketing pela Funda\u00e7\u00e3o Get\u00falio Vargas - Rio de Janeiro. Consultor, Palestrante e Pesquisador sobre Empreendedorismo, Marketing, Redes Sociais e Neg\u00f3cios Digitais. Professor, Palestrante TedxTalks e Campus Party. Twitter: @ThalesBrandao","sameAs":["http:\/\/www.mandacaru.com.br","https:\/\/www.facebook.com\/thalesbrandao","http:\/\/www.instagram.com.br\/thalesbrandaoferreira","https:\/\/www.linkedin.com\/in\/thales-brand\u00e3o-3948609\/","https:\/\/x.com\/http:\/\/www.twitter.com\/thalesbrandao"],"url":"https:\/\/www.cidademarketing.com.br\/marketing\/author\/thalesbrandao\/"}]}},"amp_enabled":true,"_links":{"self":[{"href":"https:\/\/www.cidademarketing.com.br\/marketing\/wp-json\/wp\/v2\/posts\/25751","targetHints":{"allow":["GET"]}}],"collection":[{"href":"https:\/\/www.cidademarketing.com.br\/marketing\/wp-json\/wp\/v2\/posts"}],"about":[{"href":"https:\/\/www.cidademarketing.com.br\/marketing\/wp-json\/wp\/v2\/types\/post"}],"author":[{"embeddable":true,"href":"https:\/\/www.cidademarketing.com.br\/marketing\/wp-json\/wp\/v2\/users\/1"}],"replies":[{"embeddable":true,"href":"https:\/\/www.cidademarketing.com.br\/marketing\/wp-json\/wp\/v2\/comments?post=25751"}],"version-history":[{"count":1,"href":"https:\/\/www.cidademarketing.com.br\/marketing\/wp-json\/wp\/v2\/posts\/25751\/revisions"}],"predecessor-version":[{"id":25753,"href":"https:\/\/www.cidademarketing.com.br\/marketing\/wp-json\/wp\/v2\/posts\/25751\/revisions\/25753"}],"wp:featuredmedia":[{"embeddable":true,"href":"https:\/\/www.cidademarketing.com.br\/marketing\/wp-json\/wp\/v2\/media\/25752"}],"wp:attachment":[{"href":"https:\/\/www.cidademarketing.com.br\/marketing\/wp-json\/wp\/v2\/media?parent=25751"}],"wp:term":[{"taxonomy":"category","embeddable":true,"href":"https:\/\/www.cidademarketing.com.br\/marketing\/wp-json\/wp\/v2\/categories?post=25751"},{"taxonomy":"post_tag","embeddable":true,"href":"https:\/\/www.cidademarketing.com.br\/marketing\/wp-json\/wp\/v2\/tags?post=25751"}],"curies":[{"name":"wp","href":"https:\/\/api.w.org\/{rel}","templated":true}]}}