{"id":25666,"date":"2021-07-17T19:48:00","date_gmt":"2021-07-17T22:48:00","guid":{"rendered":"https:\/\/www.cidademarketing.com.br\/marketing\/?p=25666"},"modified":"2021-07-17T19:48:01","modified_gmt":"2021-07-17T22:48:01","slug":"as-vendas-mundiais-do-renault-group-estao-em-alta-de-187-no-primeiro-semestre-de-2021-em-comparacao-com-2020","status":"publish","type":"post","link":"https:\/\/www.cidademarketing.com.br\/marketing\/2021\/07\/17\/as-vendas-mundiais-do-renault-group-estao-em-alta-de-187-no-primeiro-semestre-de-2021-em-comparacao-com-2020\/","title":{"rendered":"As vendas mundiais do Renault Group est\u00e3o em alta de 18,7% no primeiro semestre de 2021, em compara\u00e7\u00e3o com 2020"},"content":{"rendered":"\n<p>Em um contexto ainda perturbado pela pandemia da COVID-19, o Renault Group vendeu 1.422.600 ve\u00edculos no 1\u00ba semestre de 2021, em alta de 18,7% em compara\u00e7\u00e3o com 2020, mas em retra\u00e7\u00e3o de 24,2% em compara\u00e7\u00e3o com o 1\u00ba semestre de 2019.&nbsp;<\/p>\n\n\n\n<p>O Grupo manteve uma pol\u00edtica comercial seletiva durante todo o primeiro semestre, favorecendo o crescimento com volumes rent\u00e1veis em seus diferentes mercados de atua\u00e7\u00e3o.<br><br><strong>Marca Renault&nbsp;<\/strong><br>A marca Renault vendeu 901.500 ve\u00edculos no mundo, em alta de 18,5% em compara\u00e7\u00e3o com o 1\u00ba semestre de 2020. H\u00e1 uma retomada do crescimento em todos os pa\u00edses-chave. A participa\u00e7\u00e3o das vendas na Europa ficou em 59%. Nos cinco principais pa\u00edses europeus (Fran\u00e7a, Alemanha, Espanha, It\u00e1lia e Reino Unido), a participa\u00e7\u00e3o das vendas de varejo agora representam 40%, representando um crescimento de 2 pontos percentuais em compara\u00e7\u00e3o a 2019, no per\u00edodo pr\u00e9-crise.<\/p>\n\n\n\n<p>Na Europa, a marca Renault vendeu 532.161 ve\u00edculos (+13,2%), representando uma participa\u00e7\u00e3o de mercado de 7%. Esta performance foi estimulada pelo forte crescimento das vendas de ve\u00edculos de passeio el\u00e9tricos e eletrificados E-TECH (91.869 ve\u00edculos, uma alta de +149%).&nbsp;Com quase 20.000 pedidos em tr\u00eas meses de comercializa\u00e7\u00e3o, o Arkana permite um retorno bem-sucedido ao segmento C. Em um mercado de ve\u00edculos comerciais leves que cresceu 42,3%, a Renault aumentou sua participa\u00e7\u00e3o de mercado em 0,4 ponto percentual, para 14,4%.<\/p>\n\n\n\n<p>Nos pa\u00edses-chave fora da Europa, a marca Renault est\u00e1 recuperando o crescimento gra\u00e7as aos lan\u00e7amentos bem-sucedidos do Kiger na \u00cdndia (+ 86,6%) e do Duster na R\u00fassia (+36%), bem como na Am\u00e9rica Latina, incluindo o Brasil, que teve um crescimento de 15,9%.<\/p>\n\n\n\n<p><strong>Marcas Dacia e Lada<\/strong><br>A marca Dacia vendeu 262.814 ve\u00edculos (+24,5%), impulsionada pelo sucesso do Novo Sandero, o ve\u00edculo mais vendido no varejo na Europa. O Dacia Spring, o ve\u00edculo el\u00e9trico acess\u00edvel, est\u00e1 tendo um forte lan\u00e7amento \u2013 s\u00e3o mais de 15.000 pedidos com entregas previstas no terceiro trimestre do ano. A Dacia continua renovando toda sua gama de modelos: depois dos Novos Sandero e Logan no fim de 2020, o Novo Duster foi revelado em junho de 2021 e a marca apresentar\u00e1 seu nov\u00edssimo modelo polivalente de sete lugares voltado a um uso em fam\u00edlia, no Sal\u00e3o do Autom\u00f3vel de Munique em setembro. Na R\u00fassia, a marca LADA vendeu 200.219 ve\u00edculos (+51%),&nbsp;fortalecendo seu primeiro lugar com 23% de participa\u00e7\u00e3o de mercado, o melhor resultado destes \u00faltimos dez anos. Quatro modelos LADA est\u00e3o no top 10 das vendas na R\u00fassia: o Granta ocupa o primeiro lugar (72.287 ve\u00edculos), o Vesta est\u00e1 em segundo (57.031 ve\u00edculos), o NIVA \u2013 incluindo a nova vers\u00e3o Travel \u2013 e o novo Largus, lan\u00e7ado em mar\u00e7o<\/p>\n","protected":false},"excerpt":{"rendered":"<p>Em um contexto ainda perturbado pela pandemia da COVID-19, o Renault Group vendeu 1.422.600 ve\u00edculos no 1\u00ba semestre de 2021, em alta de 18,7% em compara\u00e7\u00e3o com 2020, mas em retra\u00e7\u00e3o de 24,2% em compara\u00e7\u00e3o com o 1\u00ba semestre de 2019.&nbsp; O Grupo manteve uma pol\u00edtica comercial seletiva durante todo o primeiro semestre, favorecendo o [&hellip;]<\/p>\n","protected":false},"author":1,"featured_media":25667,"comment_status":"open","ping_status":"open","sticky":false,"template":"","format":"standard","meta":{"tdm_status":"","tdm_grid_status":"","footnotes":""},"categories":[6],"tags":[33,28,134,301],"class_list":["post-25666","post","type-post","status-publish","format-standard","has-post-thumbnail","hentry","category-noticias","tag-estrategia","tag-marketing","tag-renault","tag-vendas"],"yoast_head":"<!-- This site is optimized with the Yoast SEO plugin v27.5 - https:\/\/yoast.com\/product\/yoast-seo-wordpress\/ -->\n<title>As vendas mundiais do Renault Group est\u00e3o em alta de 18,7% no primeiro semestre de 2021, em compara\u00e7\u00e3o com 2020 - CidadeMarketing<\/title>\n<meta name=\"robots\" content=\"index, follow, max-snippet:-1, max-image-preview:large, max-video-preview:-1\" \/>\n<link rel=\"canonical\" href=\"https:\/\/www.cidademarketing.com.br\/marketing\/2021\/07\/17\/as-vendas-mundiais-do-renault-group-estao-em-alta-de-187-no-primeiro-semestre-de-2021-em-comparacao-com-2020\/\" \/>\n<meta property=\"og:locale\" content=\"pt_BR\" \/>\n<meta property=\"og:type\" content=\"article\" \/>\n<meta property=\"og:title\" content=\"As vendas mundiais do Renault Group est\u00e3o em alta de 18,7% no primeiro semestre de 2021, em compara\u00e7\u00e3o com 2020 - CidadeMarketing\" \/>\n<meta property=\"og:description\" content=\"Em um contexto ainda perturbado pela pandemia da COVID-19, o Renault Group vendeu 1.422.600 ve\u00edculos no 1\u00ba semestre de 2021, em alta de 18,7% em compara\u00e7\u00e3o com 2020, mas em retra\u00e7\u00e3o de 24,2% em compara\u00e7\u00e3o com o 1\u00ba semestre de 2019.&nbsp; O Grupo manteve uma pol\u00edtica comercial seletiva durante todo o primeiro semestre, favorecendo o [&hellip;]\" \/>\n<meta property=\"og:url\" content=\"https:\/\/www.cidademarketing.com.br\/marketing\/2021\/07\/17\/as-vendas-mundiais-do-renault-group-estao-em-alta-de-187-no-primeiro-semestre-de-2021-em-comparacao-com-2020\/\" \/>\n<meta property=\"og:site_name\" content=\"CidadeMarketing\" \/>\n<meta property=\"article:publisher\" content=\"https:\/\/www.facebook.com\/portalcidademarketing\" \/>\n<meta property=\"article:author\" content=\"https:\/\/www.facebook.com\/thalesbrandao\" \/>\n<meta property=\"article:published_time\" content=\"2021-07-17T22:48:00+00:00\" \/>\n<meta property=\"article:modified_time\" content=\"2021-07-17T22:48:01+00:00\" \/>\n<meta property=\"og:image\" content=\"https:\/\/www.cidademarketing.com.br\/marketing\/wp-content\/uploads\/2021\/07\/renault_group_.jpg\" \/>\n\t<meta property=\"og:image:width\" content=\"1008\" \/>\n\t<meta property=\"og:image:height\" content=\"567\" \/>\n\t<meta property=\"og:image:type\" content=\"image\/jpeg\" \/>\n<meta name=\"author\" content=\"Thales Brand\u00e3o\" \/>\n<meta name=\"twitter:card\" content=\"summary_large_image\" \/>\n<meta name=\"twitter:creator\" content=\"@http:\/\/www.twitter.com\/thalesbrandao\" \/>\n<meta name=\"twitter:site\" content=\"@CidadeMarketing\" \/>\n<meta name=\"twitter:label1\" content=\"Escrito por\" \/>\n\t<meta name=\"twitter:data1\" content=\"Thales Brand\u00e3o\" \/>\n\t<meta name=\"twitter:label2\" content=\"Est. tempo de leitura\" \/>\n\t<meta name=\"twitter:data2\" content=\"2 minutos\" \/>\n<script type=\"application\/ld+json\" class=\"yoast-schema-graph\">{\"@context\":\"https:\\\/\\\/schema.org\",\"@graph\":[{\"@type\":\"Article\",\"@id\":\"https:\\\/\\\/www.cidademarketing.com.br\\\/marketing\\\/2021\\\/07\\\/17\\\/as-vendas-mundiais-do-renault-group-estao-em-alta-de-187-no-primeiro-semestre-de-2021-em-comparacao-com-2020\\\/#article\",\"isPartOf\":{\"@id\":\"https:\\\/\\\/www.cidademarketing.com.br\\\/marketing\\\/2021\\\/07\\\/17\\\/as-vendas-mundiais-do-renault-group-estao-em-alta-de-187-no-primeiro-semestre-de-2021-em-comparacao-com-2020\\\/\"},\"author\":{\"name\":\"Thales Brand\u00e3o\",\"@id\":\"https:\\\/\\\/www.cidademarketing.com.br\\\/marketing\\\/#\\\/schema\\\/person\\\/02daff9f18bd9378c9e01eb6b2db155f\"},\"headline\":\"As vendas mundiais do Renault Group est\u00e3o em alta de 18,7% no primeiro semestre de 2021, em compara\u00e7\u00e3o com 2020\",\"datePublished\":\"2021-07-17T22:48:00+00:00\",\"dateModified\":\"2021-07-17T22:48:01+00:00\",\"mainEntityOfPage\":{\"@id\":\"https:\\\/\\\/www.cidademarketing.com.br\\\/marketing\\\/2021\\\/07\\\/17\\\/as-vendas-mundiais-do-renault-group-estao-em-alta-de-187-no-primeiro-semestre-de-2021-em-comparacao-com-2020\\\/\"},\"wordCount\":467,\"commentCount\":0,\"publisher\":{\"@id\":\"https:\\\/\\\/www.cidademarketing.com.br\\\/marketing\\\/#organization\"},\"image\":{\"@id\":\"https:\\\/\\\/www.cidademarketing.com.br\\\/marketing\\\/2021\\\/07\\\/17\\\/as-vendas-mundiais-do-renault-group-estao-em-alta-de-187-no-primeiro-semestre-de-2021-em-comparacao-com-2020\\\/#primaryimage\"},\"thumbnailUrl\":\"https:\\\/\\\/www.cidademarketing.com.br\\\/marketing\\\/wp-content\\\/uploads\\\/2021\\\/07\\\/renault_group_.jpg\",\"keywords\":[\"estrat\u00e9gia\",\"marketing\",\"Renault\",\"vendas\"],\"articleSection\":[\"Not\u00edcias\"],\"inLanguage\":\"pt-BR\",\"potentialAction\":[{\"@type\":\"CommentAction\",\"name\":\"Comment\",\"target\":[\"https:\\\/\\\/www.cidademarketing.com.br\\\/marketing\\\/2021\\\/07\\\/17\\\/as-vendas-mundiais-do-renault-group-estao-em-alta-de-187-no-primeiro-semestre-de-2021-em-comparacao-com-2020\\\/#respond\"]}]},{\"@type\":\"WebPage\",\"@id\":\"https:\\\/\\\/www.cidademarketing.com.br\\\/marketing\\\/2021\\\/07\\\/17\\\/as-vendas-mundiais-do-renault-group-estao-em-alta-de-187-no-primeiro-semestre-de-2021-em-comparacao-com-2020\\\/\",\"url\":\"https:\\\/\\\/www.cidademarketing.com.br\\\/marketing\\\/2021\\\/07\\\/17\\\/as-vendas-mundiais-do-renault-group-estao-em-alta-de-187-no-primeiro-semestre-de-2021-em-comparacao-com-2020\\\/\",\"name\":\"As vendas mundiais do Renault Group est\u00e3o em alta de 18,7% no primeiro semestre de 2021, em compara\u00e7\u00e3o com 2020 - CidadeMarketing\",\"isPartOf\":{\"@id\":\"https:\\\/\\\/www.cidademarketing.com.br\\\/marketing\\\/#website\"},\"primaryImageOfPage\":{\"@id\":\"https:\\\/\\\/www.cidademarketing.com.br\\\/marketing\\\/2021\\\/07\\\/17\\\/as-vendas-mundiais-do-renault-group-estao-em-alta-de-187-no-primeiro-semestre-de-2021-em-comparacao-com-2020\\\/#primaryimage\"},\"image\":{\"@id\":\"https:\\\/\\\/www.cidademarketing.com.br\\\/marketing\\\/2021\\\/07\\\/17\\\/as-vendas-mundiais-do-renault-group-estao-em-alta-de-187-no-primeiro-semestre-de-2021-em-comparacao-com-2020\\\/#primaryimage\"},\"thumbnailUrl\":\"https:\\\/\\\/www.cidademarketing.com.br\\\/marketing\\\/wp-content\\\/uploads\\\/2021\\\/07\\\/renault_group_.jpg\",\"datePublished\":\"2021-07-17T22:48:00+00:00\",\"dateModified\":\"2021-07-17T22:48:01+00:00\",\"breadcrumb\":{\"@id\":\"https:\\\/\\\/www.cidademarketing.com.br\\\/marketing\\\/2021\\\/07\\\/17\\\/as-vendas-mundiais-do-renault-group-estao-em-alta-de-187-no-primeiro-semestre-de-2021-em-comparacao-com-2020\\\/#breadcrumb\"},\"inLanguage\":\"pt-BR\",\"potentialAction\":[{\"@type\":\"ReadAction\",\"target\":[\"https:\\\/\\\/www.cidademarketing.com.br\\\/marketing\\\/2021\\\/07\\\/17\\\/as-vendas-mundiais-do-renault-group-estao-em-alta-de-187-no-primeiro-semestre-de-2021-em-comparacao-com-2020\\\/\"]}]},{\"@type\":\"ImageObject\",\"inLanguage\":\"pt-BR\",\"@id\":\"https:\\\/\\\/www.cidademarketing.com.br\\\/marketing\\\/2021\\\/07\\\/17\\\/as-vendas-mundiais-do-renault-group-estao-em-alta-de-187-no-primeiro-semestre-de-2021-em-comparacao-com-2020\\\/#primaryimage\",\"url\":\"https:\\\/\\\/www.cidademarketing.com.br\\\/marketing\\\/wp-content\\\/uploads\\\/2021\\\/07\\\/renault_group_.jpg\",\"contentUrl\":\"https:\\\/\\\/www.cidademarketing.com.br\\\/marketing\\\/wp-content\\\/uploads\\\/2021\\\/07\\\/renault_group_.jpg\",\"width\":1008,\"height\":567},{\"@type\":\"BreadcrumbList\",\"@id\":\"https:\\\/\\\/www.cidademarketing.com.br\\\/marketing\\\/2021\\\/07\\\/17\\\/as-vendas-mundiais-do-renault-group-estao-em-alta-de-187-no-primeiro-semestre-de-2021-em-comparacao-com-2020\\\/#breadcrumb\",\"itemListElement\":[{\"@type\":\"ListItem\",\"position\":1,\"name\":\"In\u00edcio\",\"item\":\"https:\\\/\\\/www.cidademarketing.com.br\\\/marketing\\\/\"},{\"@type\":\"ListItem\",\"position\":2,\"name\":\"As vendas mundiais do Renault Group est\u00e3o em alta de 18,7% no primeiro semestre de 2021, em compara\u00e7\u00e3o com 2020\"}]},{\"@type\":\"WebSite\",\"@id\":\"https:\\\/\\\/www.cidademarketing.com.br\\\/marketing\\\/#website\",\"url\":\"https:\\\/\\\/www.cidademarketing.com.br\\\/marketing\\\/\",\"name\":\"CidadeMarketing\",\"description\":\"Somos um ve\u00edculo de comunica\u00e7\u00e3o de destaque no Brasil, reconhecido por conte\u00fados nos segmentos de marketing, empreendedorismo e inova\u00e7\u00e3o.\",\"publisher\":{\"@id\":\"https:\\\/\\\/www.cidademarketing.com.br\\\/marketing\\\/#organization\"},\"alternateName\":\"CidadeMarketing\",\"potentialAction\":[{\"@type\":\"SearchAction\",\"target\":{\"@type\":\"EntryPoint\",\"urlTemplate\":\"https:\\\/\\\/www.cidademarketing.com.br\\\/marketing\\\/?s={search_term_string}\"},\"query-input\":{\"@type\":\"PropertyValueSpecification\",\"valueRequired\":true,\"valueName\":\"search_term_string\"}}],\"inLanguage\":\"pt-BR\"},{\"@type\":\"Organization\",\"@id\":\"https:\\\/\\\/www.cidademarketing.com.br\\\/marketing\\\/#organization\",\"name\":\"CidadeMarketing\",\"alternateName\":\"CidadeMarketing\",\"url\":\"https:\\\/\\\/www.cidademarketing.com.br\\\/marketing\\\/\",\"logo\":{\"@type\":\"ImageObject\",\"inLanguage\":\"pt-BR\",\"@id\":\"https:\\\/\\\/www.cidademarketing.com.br\\\/marketing\\\/#\\\/schema\\\/logo\\\/image\\\/\",\"url\":\"https:\\\/\\\/www.cidademarketing.com.br\\\/marketing\\\/wp-content\\\/uploads\\\/2020\\\/01\\\/cidademarketing_marca_mobile.png\",\"contentUrl\":\"https:\\\/\\\/www.cidademarketing.com.br\\\/marketing\\\/wp-content\\\/uploads\\\/2020\\\/01\\\/cidademarketing_marca_mobile.png\",\"width\":230,\"height\":92,\"caption\":\"CidadeMarketing\"},\"image\":{\"@id\":\"https:\\\/\\\/www.cidademarketing.com.br\\\/marketing\\\/#\\\/schema\\\/logo\\\/image\\\/\"},\"sameAs\":[\"https:\\\/\\\/www.facebook.com\\\/portalcidademarketing\",\"https:\\\/\\\/x.com\\\/CidadeMarketing\",\"https:\\\/\\\/www.instagram.com\\\/cidademarketing\\\/\"]},{\"@type\":\"Person\",\"@id\":\"https:\\\/\\\/www.cidademarketing.com.br\\\/marketing\\\/#\\\/schema\\\/person\\\/02daff9f18bd9378c9e01eb6b2db155f\",\"name\":\"Thales Brand\u00e3o\",\"image\":{\"@type\":\"ImageObject\",\"inLanguage\":\"pt-BR\",\"@id\":\"https:\\\/\\\/secure.gravatar.com\\\/avatar\\\/7ca3206950207cc3cb48feec56a8a7898741ab725c368d99d5d7a5a50aab80c6?s=96&d=mm&r=g\",\"url\":\"https:\\\/\\\/secure.gravatar.com\\\/avatar\\\/7ca3206950207cc3cb48feec56a8a7898741ab725c368d99d5d7a5a50aab80c6?s=96&d=mm&r=g\",\"contentUrl\":\"https:\\\/\\\/secure.gravatar.com\\\/avatar\\\/7ca3206950207cc3cb48feec56a8a7898741ab725c368d99d5d7a5a50aab80c6?s=96&d=mm&r=g\",\"caption\":\"Thales Brand\u00e3o\"},\"description\":\"Editor Executivo do Portal CidadeMarketing.com.br &gt; Mestre em Comunica\u00e7\u00e3o e Sociedade pela Universidade Federal de Sergipe. Possui MBA Executivo em Administra\u00e7\u00e3o com \u00eanfase em Marketing pela Funda\u00e7\u00e3o Get\u00falio Vargas - Rio de Janeiro. Consultor, Palestrante e Pesquisador sobre Empreendedorismo, Marketing, Redes Sociais e Neg\u00f3cios Digitais. Professor, Palestrante TedxTalks e Campus Party. Twitter: @ThalesBrandao\",\"sameAs\":[\"http:\\\/\\\/www.mandacaru.com.br\",\"https:\\\/\\\/www.facebook.com\\\/thalesbrandao\",\"http:\\\/\\\/www.instagram.com.br\\\/thalesbrandaoferreira\",\"https:\\\/\\\/www.linkedin.com\\\/in\\\/thales-brand\u00e3o-3948609\\\/\",\"https:\\\/\\\/x.com\\\/http:\\\/\\\/www.twitter.com\\\/thalesbrandao\"],\"url\":\"https:\\\/\\\/www.cidademarketing.com.br\\\/marketing\\\/author\\\/thalesbrandao\\\/\"}]}<\/script>\n<!-- \/ Yoast SEO plugin. -->","yoast_head_json":{"title":"As vendas mundiais do Renault Group est\u00e3o em alta de 18,7% no primeiro semestre de 2021, em compara\u00e7\u00e3o com 2020 - CidadeMarketing","robots":{"index":"index","follow":"follow","max-snippet":"max-snippet:-1","max-image-preview":"max-image-preview:large","max-video-preview":"max-video-preview:-1"},"canonical":"https:\/\/www.cidademarketing.com.br\/marketing\/2021\/07\/17\/as-vendas-mundiais-do-renault-group-estao-em-alta-de-187-no-primeiro-semestre-de-2021-em-comparacao-com-2020\/","og_locale":"pt_BR","og_type":"article","og_title":"As vendas mundiais do Renault Group est\u00e3o em alta de 18,7% no primeiro semestre de 2021, em compara\u00e7\u00e3o com 2020 - CidadeMarketing","og_description":"Em um contexto ainda perturbado pela pandemia da COVID-19, o Renault Group vendeu 1.422.600 ve\u00edculos no 1\u00ba semestre de 2021, em alta de 18,7% em compara\u00e7\u00e3o com 2020, mas em retra\u00e7\u00e3o de 24,2% em compara\u00e7\u00e3o com o 1\u00ba semestre de 2019.&nbsp; O Grupo manteve uma pol\u00edtica comercial seletiva durante todo o primeiro semestre, favorecendo o [&hellip;]","og_url":"https:\/\/www.cidademarketing.com.br\/marketing\/2021\/07\/17\/as-vendas-mundiais-do-renault-group-estao-em-alta-de-187-no-primeiro-semestre-de-2021-em-comparacao-com-2020\/","og_site_name":"CidadeMarketing","article_publisher":"https:\/\/www.facebook.com\/portalcidademarketing","article_author":"https:\/\/www.facebook.com\/thalesbrandao","article_published_time":"2021-07-17T22:48:00+00:00","article_modified_time":"2021-07-17T22:48:01+00:00","og_image":[{"width":1008,"height":567,"url":"https:\/\/www.cidademarketing.com.br\/marketing\/wp-content\/uploads\/2021\/07\/renault_group_.jpg","type":"image\/jpeg"}],"author":"Thales Brand\u00e3o","twitter_card":"summary_large_image","twitter_creator":"@http:\/\/www.twitter.com\/thalesbrandao","twitter_site":"@CidadeMarketing","twitter_misc":{"Escrito por":"Thales Brand\u00e3o","Est. tempo de leitura":"2 minutos"},"schema":{"@context":"https:\/\/schema.org","@graph":[{"@type":"Article","@id":"https:\/\/www.cidademarketing.com.br\/marketing\/2021\/07\/17\/as-vendas-mundiais-do-renault-group-estao-em-alta-de-187-no-primeiro-semestre-de-2021-em-comparacao-com-2020\/#article","isPartOf":{"@id":"https:\/\/www.cidademarketing.com.br\/marketing\/2021\/07\/17\/as-vendas-mundiais-do-renault-group-estao-em-alta-de-187-no-primeiro-semestre-de-2021-em-comparacao-com-2020\/"},"author":{"name":"Thales Brand\u00e3o","@id":"https:\/\/www.cidademarketing.com.br\/marketing\/#\/schema\/person\/02daff9f18bd9378c9e01eb6b2db155f"},"headline":"As vendas mundiais do Renault Group est\u00e3o em alta de 18,7% no primeiro semestre de 2021, em compara\u00e7\u00e3o com 2020","datePublished":"2021-07-17T22:48:00+00:00","dateModified":"2021-07-17T22:48:01+00:00","mainEntityOfPage":{"@id":"https:\/\/www.cidademarketing.com.br\/marketing\/2021\/07\/17\/as-vendas-mundiais-do-renault-group-estao-em-alta-de-187-no-primeiro-semestre-de-2021-em-comparacao-com-2020\/"},"wordCount":467,"commentCount":0,"publisher":{"@id":"https:\/\/www.cidademarketing.com.br\/marketing\/#organization"},"image":{"@id":"https:\/\/www.cidademarketing.com.br\/marketing\/2021\/07\/17\/as-vendas-mundiais-do-renault-group-estao-em-alta-de-187-no-primeiro-semestre-de-2021-em-comparacao-com-2020\/#primaryimage"},"thumbnailUrl":"https:\/\/www.cidademarketing.com.br\/marketing\/wp-content\/uploads\/2021\/07\/renault_group_.jpg","keywords":["estrat\u00e9gia","marketing","Renault","vendas"],"articleSection":["Not\u00edcias"],"inLanguage":"pt-BR","potentialAction":[{"@type":"CommentAction","name":"Comment","target":["https:\/\/www.cidademarketing.com.br\/marketing\/2021\/07\/17\/as-vendas-mundiais-do-renault-group-estao-em-alta-de-187-no-primeiro-semestre-de-2021-em-comparacao-com-2020\/#respond"]}]},{"@type":"WebPage","@id":"https:\/\/www.cidademarketing.com.br\/marketing\/2021\/07\/17\/as-vendas-mundiais-do-renault-group-estao-em-alta-de-187-no-primeiro-semestre-de-2021-em-comparacao-com-2020\/","url":"https:\/\/www.cidademarketing.com.br\/marketing\/2021\/07\/17\/as-vendas-mundiais-do-renault-group-estao-em-alta-de-187-no-primeiro-semestre-de-2021-em-comparacao-com-2020\/","name":"As vendas mundiais do Renault Group est\u00e3o em alta de 18,7% no primeiro semestre de 2021, em compara\u00e7\u00e3o com 2020 - CidadeMarketing","isPartOf":{"@id":"https:\/\/www.cidademarketing.com.br\/marketing\/#website"},"primaryImageOfPage":{"@id":"https:\/\/www.cidademarketing.com.br\/marketing\/2021\/07\/17\/as-vendas-mundiais-do-renault-group-estao-em-alta-de-187-no-primeiro-semestre-de-2021-em-comparacao-com-2020\/#primaryimage"},"image":{"@id":"https:\/\/www.cidademarketing.com.br\/marketing\/2021\/07\/17\/as-vendas-mundiais-do-renault-group-estao-em-alta-de-187-no-primeiro-semestre-de-2021-em-comparacao-com-2020\/#primaryimage"},"thumbnailUrl":"https:\/\/www.cidademarketing.com.br\/marketing\/wp-content\/uploads\/2021\/07\/renault_group_.jpg","datePublished":"2021-07-17T22:48:00+00:00","dateModified":"2021-07-17T22:48:01+00:00","breadcrumb":{"@id":"https:\/\/www.cidademarketing.com.br\/marketing\/2021\/07\/17\/as-vendas-mundiais-do-renault-group-estao-em-alta-de-187-no-primeiro-semestre-de-2021-em-comparacao-com-2020\/#breadcrumb"},"inLanguage":"pt-BR","potentialAction":[{"@type":"ReadAction","target":["https:\/\/www.cidademarketing.com.br\/marketing\/2021\/07\/17\/as-vendas-mundiais-do-renault-group-estao-em-alta-de-187-no-primeiro-semestre-de-2021-em-comparacao-com-2020\/"]}]},{"@type":"ImageObject","inLanguage":"pt-BR","@id":"https:\/\/www.cidademarketing.com.br\/marketing\/2021\/07\/17\/as-vendas-mundiais-do-renault-group-estao-em-alta-de-187-no-primeiro-semestre-de-2021-em-comparacao-com-2020\/#primaryimage","url":"https:\/\/www.cidademarketing.com.br\/marketing\/wp-content\/uploads\/2021\/07\/renault_group_.jpg","contentUrl":"https:\/\/www.cidademarketing.com.br\/marketing\/wp-content\/uploads\/2021\/07\/renault_group_.jpg","width":1008,"height":567},{"@type":"BreadcrumbList","@id":"https:\/\/www.cidademarketing.com.br\/marketing\/2021\/07\/17\/as-vendas-mundiais-do-renault-group-estao-em-alta-de-187-no-primeiro-semestre-de-2021-em-comparacao-com-2020\/#breadcrumb","itemListElement":[{"@type":"ListItem","position":1,"name":"In\u00edcio","item":"https:\/\/www.cidademarketing.com.br\/marketing\/"},{"@type":"ListItem","position":2,"name":"As vendas mundiais do Renault Group est\u00e3o em alta de 18,7% no primeiro semestre de 2021, em compara\u00e7\u00e3o com 2020"}]},{"@type":"WebSite","@id":"https:\/\/www.cidademarketing.com.br\/marketing\/#website","url":"https:\/\/www.cidademarketing.com.br\/marketing\/","name":"CidadeMarketing","description":"Somos um ve\u00edculo de comunica\u00e7\u00e3o de destaque no Brasil, reconhecido por conte\u00fados nos segmentos de marketing, empreendedorismo e inova\u00e7\u00e3o.","publisher":{"@id":"https:\/\/www.cidademarketing.com.br\/marketing\/#organization"},"alternateName":"CidadeMarketing","potentialAction":[{"@type":"SearchAction","target":{"@type":"EntryPoint","urlTemplate":"https:\/\/www.cidademarketing.com.br\/marketing\/?s={search_term_string}"},"query-input":{"@type":"PropertyValueSpecification","valueRequired":true,"valueName":"search_term_string"}}],"inLanguage":"pt-BR"},{"@type":"Organization","@id":"https:\/\/www.cidademarketing.com.br\/marketing\/#organization","name":"CidadeMarketing","alternateName":"CidadeMarketing","url":"https:\/\/www.cidademarketing.com.br\/marketing\/","logo":{"@type":"ImageObject","inLanguage":"pt-BR","@id":"https:\/\/www.cidademarketing.com.br\/marketing\/#\/schema\/logo\/image\/","url":"https:\/\/www.cidademarketing.com.br\/marketing\/wp-content\/uploads\/2020\/01\/cidademarketing_marca_mobile.png","contentUrl":"https:\/\/www.cidademarketing.com.br\/marketing\/wp-content\/uploads\/2020\/01\/cidademarketing_marca_mobile.png","width":230,"height":92,"caption":"CidadeMarketing"},"image":{"@id":"https:\/\/www.cidademarketing.com.br\/marketing\/#\/schema\/logo\/image\/"},"sameAs":["https:\/\/www.facebook.com\/portalcidademarketing","https:\/\/x.com\/CidadeMarketing","https:\/\/www.instagram.com\/cidademarketing\/"]},{"@type":"Person","@id":"https:\/\/www.cidademarketing.com.br\/marketing\/#\/schema\/person\/02daff9f18bd9378c9e01eb6b2db155f","name":"Thales Brand\u00e3o","image":{"@type":"ImageObject","inLanguage":"pt-BR","@id":"https:\/\/secure.gravatar.com\/avatar\/7ca3206950207cc3cb48feec56a8a7898741ab725c368d99d5d7a5a50aab80c6?s=96&d=mm&r=g","url":"https:\/\/secure.gravatar.com\/avatar\/7ca3206950207cc3cb48feec56a8a7898741ab725c368d99d5d7a5a50aab80c6?s=96&d=mm&r=g","contentUrl":"https:\/\/secure.gravatar.com\/avatar\/7ca3206950207cc3cb48feec56a8a7898741ab725c368d99d5d7a5a50aab80c6?s=96&d=mm&r=g","caption":"Thales Brand\u00e3o"},"description":"Editor Executivo do Portal CidadeMarketing.com.br &gt; Mestre em Comunica\u00e7\u00e3o e Sociedade pela Universidade Federal de Sergipe. Possui MBA Executivo em Administra\u00e7\u00e3o com \u00eanfase em Marketing pela Funda\u00e7\u00e3o Get\u00falio Vargas - Rio de Janeiro. Consultor, Palestrante e Pesquisador sobre Empreendedorismo, Marketing, Redes Sociais e Neg\u00f3cios Digitais. Professor, Palestrante TedxTalks e Campus Party. Twitter: @ThalesBrandao","sameAs":["http:\/\/www.mandacaru.com.br","https:\/\/www.facebook.com\/thalesbrandao","http:\/\/www.instagram.com.br\/thalesbrandaoferreira","https:\/\/www.linkedin.com\/in\/thales-brand\u00e3o-3948609\/","https:\/\/x.com\/http:\/\/www.twitter.com\/thalesbrandao"],"url":"https:\/\/www.cidademarketing.com.br\/marketing\/author\/thalesbrandao\/"}]}},"amp_enabled":true,"_links":{"self":[{"href":"https:\/\/www.cidademarketing.com.br\/marketing\/wp-json\/wp\/v2\/posts\/25666","targetHints":{"allow":["GET"]}}],"collection":[{"href":"https:\/\/www.cidademarketing.com.br\/marketing\/wp-json\/wp\/v2\/posts"}],"about":[{"href":"https:\/\/www.cidademarketing.com.br\/marketing\/wp-json\/wp\/v2\/types\/post"}],"author":[{"embeddable":true,"href":"https:\/\/www.cidademarketing.com.br\/marketing\/wp-json\/wp\/v2\/users\/1"}],"replies":[{"embeddable":true,"href":"https:\/\/www.cidademarketing.com.br\/marketing\/wp-json\/wp\/v2\/comments?post=25666"}],"version-history":[{"count":1,"href":"https:\/\/www.cidademarketing.com.br\/marketing\/wp-json\/wp\/v2\/posts\/25666\/revisions"}],"predecessor-version":[{"id":25668,"href":"https:\/\/www.cidademarketing.com.br\/marketing\/wp-json\/wp\/v2\/posts\/25666\/revisions\/25668"}],"wp:featuredmedia":[{"embeddable":true,"href":"https:\/\/www.cidademarketing.com.br\/marketing\/wp-json\/wp\/v2\/media\/25667"}],"wp:attachment":[{"href":"https:\/\/www.cidademarketing.com.br\/marketing\/wp-json\/wp\/v2\/media?parent=25666"}],"wp:term":[{"taxonomy":"category","embeddable":true,"href":"https:\/\/www.cidademarketing.com.br\/marketing\/wp-json\/wp\/v2\/categories?post=25666"},{"taxonomy":"post_tag","embeddable":true,"href":"https:\/\/www.cidademarketing.com.br\/marketing\/wp-json\/wp\/v2\/tags?post=25666"}],"curies":[{"name":"wp","href":"https:\/\/api.w.org\/{rel}","templated":true}]}}