{"id":25558,"date":"2021-07-15T22:24:22","date_gmt":"2021-07-16T01:24:22","guid":{"rendered":"https:\/\/www.cidademarketing.com.br\/marketing\/?p=25558"},"modified":"2021-07-15T22:24:25","modified_gmt":"2021-07-16T01:24:25","slug":"veja%ef%b8%8f-power-fusion-ativa-acao-que-limpa-marca-da-record-tv-em-acao-inedita","status":"publish","type":"post","link":"https:\/\/www.cidademarketing.com.br\/marketing\/2021\/07\/15\/veja%ef%b8%8f-power-fusion-ativa-acao-que-limpa-marca-da-record-tv-em-acao-inedita\/","title":{"rendered":"Veja\u00ae\ufe0f Power Fusion ativa a\u00e7\u00e3o que limpa marca da Record TV em a\u00e7\u00e3o in\u00e9dita"},"content":{"rendered":"\n<p><strong>Veja\u00ae\ufe0f<\/strong>, marca de produtos de limpeza da Reckitt Hygiene Comercial, demonstra o poder de limpeza da linha\u00a0<strong>Veja\u00ae\ufe0f\u00a0Power Fusion\u00a0<\/strong>durante a programa\u00e7\u00e3o da Record\u00a0TV. Em uma a\u00e7\u00e3o inovadora desenvolvida pela <strong>BETC Havas, <\/strong>a marca far\u00e1 uma interven\u00e7\u00e3o especial nos programas <strong>Hoje em Dia e Hora do Faro<\/strong>, deixando o logo da emissora \u2018sujo\u2019 e, em seguida, limpando-o com <strong>Veja\u00ae\ufe0f Power Fusion<\/strong> para mostrar que produto \u00e9 capaz de enfrentar qualquer sujeir\u00e3o.<\/p>\n\n\n\n<figure class=\"wp-block-gallery columns-2 is-cropped wp-block-gallery-1 is-layout-flex wp-block-gallery-is-layout-flex\"><ul class=\"blocks-gallery-grid\"><li class=\"blocks-gallery-item\"><figure><img fetchpriority=\"high\" decoding=\"async\" width=\"1024\" height=\"570\" src=\"https:\/\/www.cidademarketing.com.br\/marketing\/wp-content\/uploads\/2021\/07\/4-1024x570.jpg\" alt=\"\" data-id=\"25559\" data-full-url=\"https:\/\/www.cidademarketing.com.br\/marketing\/wp-content\/uploads\/2021\/07\/4.jpg\" data-link=\"https:\/\/www.cidademarketing.com.br\/marketing\/?attachment_id=25559\" class=\"wp-image-25559\" srcset=\"https:\/\/www.cidademarketing.com.br\/marketing\/wp-content\/uploads\/2021\/07\/4-1024x570.jpg 1024w, https:\/\/www.cidademarketing.com.br\/marketing\/wp-content\/uploads\/2021\/07\/4-300x167.jpg 300w, https:\/\/www.cidademarketing.com.br\/marketing\/wp-content\/uploads\/2021\/07\/4-768x427.jpg 768w, https:\/\/www.cidademarketing.com.br\/marketing\/wp-content\/uploads\/2021\/07\/4-1536x855.jpg 1536w, https:\/\/www.cidademarketing.com.br\/marketing\/wp-content\/uploads\/2021\/07\/4-2048x1140.jpg 2048w, https:\/\/www.cidademarketing.com.br\/marketing\/wp-content\/uploads\/2021\/07\/4-755x420.jpg 755w, https:\/\/www.cidademarketing.com.br\/marketing\/wp-content\/uploads\/2021\/07\/4-640x356.jpg 640w, https:\/\/www.cidademarketing.com.br\/marketing\/wp-content\/uploads\/2021\/07\/4-681x379.jpg 681w\" sizes=\"(max-width: 1024px) 100vw, 1024px\" \/><\/figure><\/li><li class=\"blocks-gallery-item\"><figure><img decoding=\"async\" width=\"1024\" height=\"575\" src=\"https:\/\/www.cidademarketing.com.br\/marketing\/wp-content\/uploads\/2021\/07\/1-1024x575.jpg\" alt=\"\" data-id=\"25560\" data-full-url=\"https:\/\/www.cidademarketing.com.br\/marketing\/wp-content\/uploads\/2021\/07\/1.jpg\" data-link=\"https:\/\/www.cidademarketing.com.br\/marketing\/?attachment_id=25560\" class=\"wp-image-25560\" srcset=\"https:\/\/www.cidademarketing.com.br\/marketing\/wp-content\/uploads\/2021\/07\/1-1024x575.jpg 1024w, https:\/\/www.cidademarketing.com.br\/marketing\/wp-content\/uploads\/2021\/07\/1-300x168.jpg 300w, https:\/\/www.cidademarketing.com.br\/marketing\/wp-content\/uploads\/2021\/07\/1-768x431.jpg 768w, https:\/\/www.cidademarketing.com.br\/marketing\/wp-content\/uploads\/2021\/07\/1-1536x862.jpg 1536w, https:\/\/www.cidademarketing.com.br\/marketing\/wp-content\/uploads\/2021\/07\/1-2048x1150.jpg 2048w, https:\/\/www.cidademarketing.com.br\/marketing\/wp-content\/uploads\/2021\/07\/1-748x420.jpg 748w, https:\/\/www.cidademarketing.com.br\/marketing\/wp-content\/uploads\/2021\/07\/1-640x359.jpg 640w, https:\/\/www.cidademarketing.com.br\/marketing\/wp-content\/uploads\/2021\/07\/1-681x382.jpg 681w\" sizes=\"(max-width: 1024px) 100vw, 1024px\" \/><\/figure><\/li><\/ul><\/figure>\n\n\n\n<p><\/p>\n\n\n\n<p>\u201cQueremos mostrar de um jeito in\u00e9dito para a TV brasileira como \u00e9 um produto Veja\u00ae\ufe0f em a\u00e7\u00e3o. Nosso objetivo \u00e9 despertar o interesse da audi\u00eancia, j\u00e1 acostumada a assistir aos programas da Record&nbsp;TV&nbsp;diariamente, trazendo algo inesperado para sua tela. \u00c9 nesse momento que Veja\u00ae Power Fusion vai demonstrar que, realmente, \u2018transforma sujeir\u00e3o em sujeirinha\u2019\u201d<strong>,<\/strong>&nbsp;afirma Carolina Frenkiel, Head de marketing de Veja\u00ae\ufe0f.<\/p>\n\n\n\n<p>Seguindo a estrat\u00e9gia de abordar novos formatos, a campanha incluiu uma a\u00e7\u00e3o, que foi ao ar em 8 de julho, em que um \u2018sujeir\u00e3o\u2019 invadiu a tela do programa Hoje em Dia, deixando a audi\u00eancia em apresentadores surpresos. A sujeira \u00e9, ent\u00e3o, eliminada de forma f\u00e1cil e r\u00e1pida pela apresentadora <strong>Ticiane Pinheiro<\/strong>, demonstrando o grande poder de limpeza de <strong>Veja\u00ae\ufe0f Power Fusion<\/strong>.<\/p>\n\n\n\n<p>O projeto multiplataformas tamb\u00e9m inclui uma interven\u00e7\u00e3o no portal R7 com pe\u00e7as criativas e o resgate do filme da campanha, lan\u00e7ado esse ano.<\/p>\n\n\n\n<figure class=\"wp-block-embed is-type-video is-provider-youtube wp-block-embed-youtube wp-embed-aspect-16-9 wp-has-aspect-ratio\"><div class=\"wp-block-embed__wrapper\">\n<div class=\"youtube-embed\" data-video_id=\"jeby9yVrwv0\"><iframe title=\"A sujeira te chamou pra um duelo? Transforme sujeir\u00e3o em sujeirinha com Veja Power Fusion.\" width=\"640\" height=\"360\" src=\"https:\/\/www.youtube.com\/embed\/jeby9yVrwv0?start=1&#038;feature=oembed\" frameborder=\"0\" allow=\"accelerometer; autoplay; clipboard-write; encrypted-media; gyroscope; picture-in-picture; web-share\" referrerpolicy=\"strict-origin-when-cross-origin\" allowfullscreen><\/iframe><\/div>\n<\/div><\/figure>\n\n\n\n<p>\u201cVeja \u00e9 uma marca admirada h\u00e1 50 anos por todos os brasileiros. Nosso desafio \u00e9 renovar essa rela\u00e7\u00e3o trazendo novos formatos impactantes para mostrar a superioridade dos produtos da marca, mantendo-a como a maior refer\u00eancia de limpeza para os consumidores\u201d, complementa Laura Azevedo, Diretora de Cria\u00e7\u00e3o da BETC Havas.<\/p>\n\n\n\n<p>\u201cEsta in\u00e9dita a\u00e7\u00e3o de Veja Power Fusion tangibiliza o modelo de neg\u00f3cio que verdadeiramente praticamos aqui no Grupo Record &#8211; flex\u00edvel, simples, integrado com nossas plataformas. Estaremos com uma a\u00e7\u00e3o tamb\u00e9m em nosso portal, o R7. Sempre co-criando para oferecer a melhor solu\u00e7\u00e3o para o cliente. Assim, acreditamos que a publicidade pode ser realmente efetiva e memor\u00e1vel para o consumidor\u201d, completa Walter Zagari, vice-presidente comercial, marketing e multiplataforma.<\/p>\n\n\n\n<p><strong>Veja\u00ae Power Fusion<\/strong> possui tr\u00eas vers\u00f5es que apostam na mistura de ingredientes para apresentar o melhor multiuso de todos os tempos. As vers\u00f5es Lim\u00e3o e Laranja contam com extrato das frutas, bicarbonato de s\u00f3dio e \u00e1lcool para m\u00e1xima limpeza, restaura\u00e7\u00e3o do brilho e secagem r\u00e1pida. J\u00e1 a rec\u00e9m-lan\u00e7ada vers\u00e3o de Coco combina detergente de coco, bicarbonato e desinfetante para adicionar a\u00e7\u00e3o desengordurante e desinfe\u00e7\u00e3o \u00e0 limpeza eficaz de Veja\u00ae multiuso.<\/p>\n\n\n\n<p><strong>FICHA T\u00c9CNICA<\/strong><\/p>\n\n\n\n<p>Ag\u00eancia: BETC HAVAS<\/p>\n\n\n\n<p>Cliente: RB<\/p>\n\n\n\n<p>Produto: Veja\u00ae Power Fusion<\/p>\n\n\n\n<p>CCO: Erh Ray<\/p>\n\n\n\n<p>CBO: Daniel Jotta<\/p>\n\n\n\n<p>VP de Cria\u00e7\u00e3o: Andrea Siqueira<\/p>\n\n\n\n<p>Diretor de Cria\u00e7\u00e3o: Laura Azevedo<\/p>\n\n\n\n<p>Cria\u00e7\u00e3o: Rafael Homor e S\u00e9rgio Nakano<\/p>\n\n\n\n<p>Marcas &amp; Neg\u00f3cios: Heloisa Figueiredo, Luana Greg\u00f3rio, Manuela Motta e Beatriz Geller<\/p>\n\n\n\n<p>Canais &amp; Engajamento: Carlinha Gagliardi, Ver\u00f4nica Piraj\u00e1, Haroldo Paro e Guilherme Mota<\/p>\n\n\n\n<p>Estrat\u00e9gia: Agatha Kim, Andr\u00e9 Sinkos e Nneamaka Edum<\/p>\n\n\n\n<p>Aprova\u00e7\u00e3o do Cliente: Carol Frankiel, Mariana Rocha, J\u00falio Bellatine e Karen Novaes<\/p>\n","protected":false},"excerpt":{"rendered":"<p>Veja\u00ae\ufe0f, marca de produtos de limpeza da Reckitt Hygiene Comercial, demonstra o poder de limpeza da linha\u00a0Veja\u00ae\ufe0f\u00a0Power Fusion\u00a0durante a programa\u00e7\u00e3o da Record\u00a0TV. Em uma a\u00e7\u00e3o inovadora desenvolvida pela BETC Havas, a marca far\u00e1 uma interven\u00e7\u00e3o especial nos programas Hoje em Dia e Hora do Faro, deixando o logo da emissora \u2018sujo\u2019 e, em seguida, limpando-o [&hellip;]<\/p>\n","protected":false},"author":1,"featured_media":25561,"comment_status":"open","ping_status":"open","sticky":false,"template":"","format":"standard","meta":{"tdm_status":"","tdm_grid_status":"","footnotes":""},"categories":[6],"tags":[65,33,426],"class_list":["post-25558","post","type-post","status-publish","format-standard","has-post-thumbnail","hentry","category-noticias","tag-campanha","tag-estrategia","tag-veja"],"yoast_head":"<!-- This site is optimized with the Yoast SEO plugin v27.4 - https:\/\/yoast.com\/product\/yoast-seo-wordpress\/ -->\n<title>Veja\u00ae\ufe0f Power Fusion ativa a\u00e7\u00e3o que limpa marca da Record TV em a\u00e7\u00e3o in\u00e9dita - CidadeMarketing<\/title>\n<meta name=\"robots\" content=\"index, follow, max-snippet:-1, max-image-preview:large, max-video-preview:-1\" \/>\n<link rel=\"canonical\" href=\"https:\/\/www.cidademarketing.com.br\/marketing\/2021\/07\/15\/veja\ufe0f-power-fusion-ativa-acao-que-limpa-marca-da-record-tv-em-acao-inedita\/\" \/>\n<meta property=\"og:locale\" content=\"pt_BR\" \/>\n<meta property=\"og:type\" content=\"article\" \/>\n<meta property=\"og:title\" content=\"Veja\u00ae\ufe0f Power Fusion ativa a\u00e7\u00e3o que limpa marca da Record TV em a\u00e7\u00e3o in\u00e9dita - CidadeMarketing\" \/>\n<meta property=\"og:description\" content=\"Veja\u00ae\ufe0f, marca de produtos de limpeza da Reckitt Hygiene Comercial, demonstra o poder de limpeza da linha\u00a0Veja\u00ae\ufe0f\u00a0Power Fusion\u00a0durante a programa\u00e7\u00e3o da Record\u00a0TV. Em uma a\u00e7\u00e3o inovadora desenvolvida pela BETC Havas, a marca far\u00e1 uma interven\u00e7\u00e3o especial nos programas Hoje em Dia e Hora do Faro, deixando o logo da emissora \u2018sujo\u2019 e, em seguida, limpando-o [&hellip;]\" \/>\n<meta property=\"og:url\" content=\"https:\/\/www.cidademarketing.com.br\/marketing\/2021\/07\/15\/veja\ufe0f-power-fusion-ativa-acao-que-limpa-marca-da-record-tv-em-acao-inedita\/\" \/>\n<meta property=\"og:site_name\" content=\"CidadeMarketing\" \/>\n<meta property=\"article:publisher\" content=\"https:\/\/www.facebook.com\/portalcidademarketing\" \/>\n<meta property=\"article:author\" content=\"https:\/\/www.facebook.com\/thalesbrandao\" \/>\n<meta property=\"article:published_time\" content=\"2021-07-16T01:24:22+00:00\" \/>\n<meta property=\"article:modified_time\" content=\"2021-07-16T01:24:25+00:00\" \/>\n<meta property=\"og:image\" content=\"https:\/\/www.cidademarketing.com.br\/marketing\/wp-content\/uploads\/2021\/07\/5.jpg\" \/>\n\t<meta property=\"og:image:width\" content=\"2540\" \/>\n\t<meta property=\"og:image:height\" content=\"1418\" \/>\n\t<meta property=\"og:image:type\" content=\"image\/jpeg\" \/>\n<meta name=\"author\" content=\"Thales Brand\u00e3o\" \/>\n<meta name=\"twitter:card\" content=\"summary_large_image\" \/>\n<meta name=\"twitter:creator\" content=\"@http:\/\/www.twitter.com\/thalesbrandao\" \/>\n<meta name=\"twitter:site\" content=\"@CidadeMarketing\" \/>\n<meta name=\"twitter:label1\" content=\"Escrito por\" \/>\n\t<meta name=\"twitter:data1\" content=\"Thales Brand\u00e3o\" \/>\n\t<meta name=\"twitter:label2\" content=\"Est. tempo de leitura\" \/>\n\t<meta name=\"twitter:data2\" content=\"3 minutos\" \/>\n<script type=\"application\/ld+json\" class=\"yoast-schema-graph\">{\"@context\":\"https:\\\/\\\/schema.org\",\"@graph\":[{\"@type\":\"Article\",\"@id\":\"https:\\\/\\\/www.cidademarketing.com.br\\\/marketing\\\/2021\\\/07\\\/15\\\/veja%ef%b8%8f-power-fusion-ativa-acao-que-limpa-marca-da-record-tv-em-acao-inedita\\\/#article\",\"isPartOf\":{\"@id\":\"https:\\\/\\\/www.cidademarketing.com.br\\\/marketing\\\/2021\\\/07\\\/15\\\/veja%ef%b8%8f-power-fusion-ativa-acao-que-limpa-marca-da-record-tv-em-acao-inedita\\\/\"},\"author\":{\"name\":\"Thales Brand\u00e3o\",\"@id\":\"https:\\\/\\\/www.cidademarketing.com.br\\\/marketing\\\/#\\\/schema\\\/person\\\/02daff9f18bd9378c9e01eb6b2db155f\"},\"headline\":\"Veja\u00ae\ufe0f Power Fusion ativa a\u00e7\u00e3o que limpa marca da Record TV em a\u00e7\u00e3o in\u00e9dita\",\"datePublished\":\"2021-07-16T01:24:22+00:00\",\"dateModified\":\"2021-07-16T01:24:25+00:00\",\"mainEntityOfPage\":{\"@id\":\"https:\\\/\\\/www.cidademarketing.com.br\\\/marketing\\\/2021\\\/07\\\/15\\\/veja%ef%b8%8f-power-fusion-ativa-acao-que-limpa-marca-da-record-tv-em-acao-inedita\\\/\"},\"wordCount\":562,\"commentCount\":0,\"publisher\":{\"@id\":\"https:\\\/\\\/www.cidademarketing.com.br\\\/marketing\\\/#organization\"},\"image\":{\"@id\":\"https:\\\/\\\/www.cidademarketing.com.br\\\/marketing\\\/2021\\\/07\\\/15\\\/veja%ef%b8%8f-power-fusion-ativa-acao-que-limpa-marca-da-record-tv-em-acao-inedita\\\/#primaryimage\"},\"thumbnailUrl\":\"https:\\\/\\\/www.cidademarketing.com.br\\\/marketing\\\/wp-content\\\/uploads\\\/2021\\\/07\\\/5.jpg\",\"keywords\":[\"campanha\",\"estrat\u00e9gia\",\"Veja\"],\"articleSection\":[\"Not\u00edcias\"],\"inLanguage\":\"pt-BR\",\"potentialAction\":[{\"@type\":\"CommentAction\",\"name\":\"Comment\",\"target\":[\"https:\\\/\\\/www.cidademarketing.com.br\\\/marketing\\\/2021\\\/07\\\/15\\\/veja%ef%b8%8f-power-fusion-ativa-acao-que-limpa-marca-da-record-tv-em-acao-inedita\\\/#respond\"]}]},{\"@type\":\"WebPage\",\"@id\":\"https:\\\/\\\/www.cidademarketing.com.br\\\/marketing\\\/2021\\\/07\\\/15\\\/veja%ef%b8%8f-power-fusion-ativa-acao-que-limpa-marca-da-record-tv-em-acao-inedita\\\/\",\"url\":\"https:\\\/\\\/www.cidademarketing.com.br\\\/marketing\\\/2021\\\/07\\\/15\\\/veja%ef%b8%8f-power-fusion-ativa-acao-que-limpa-marca-da-record-tv-em-acao-inedita\\\/\",\"name\":\"Veja\u00ae\ufe0f Power Fusion ativa a\u00e7\u00e3o que limpa marca da Record TV em a\u00e7\u00e3o in\u00e9dita - CidadeMarketing\",\"isPartOf\":{\"@id\":\"https:\\\/\\\/www.cidademarketing.com.br\\\/marketing\\\/#website\"},\"primaryImageOfPage\":{\"@id\":\"https:\\\/\\\/www.cidademarketing.com.br\\\/marketing\\\/2021\\\/07\\\/15\\\/veja%ef%b8%8f-power-fusion-ativa-acao-que-limpa-marca-da-record-tv-em-acao-inedita\\\/#primaryimage\"},\"image\":{\"@id\":\"https:\\\/\\\/www.cidademarketing.com.br\\\/marketing\\\/2021\\\/07\\\/15\\\/veja%ef%b8%8f-power-fusion-ativa-acao-que-limpa-marca-da-record-tv-em-acao-inedita\\\/#primaryimage\"},\"thumbnailUrl\":\"https:\\\/\\\/www.cidademarketing.com.br\\\/marketing\\\/wp-content\\\/uploads\\\/2021\\\/07\\\/5.jpg\",\"datePublished\":\"2021-07-16T01:24:22+00:00\",\"dateModified\":\"2021-07-16T01:24:25+00:00\",\"breadcrumb\":{\"@id\":\"https:\\\/\\\/www.cidademarketing.com.br\\\/marketing\\\/2021\\\/07\\\/15\\\/veja%ef%b8%8f-power-fusion-ativa-acao-que-limpa-marca-da-record-tv-em-acao-inedita\\\/#breadcrumb\"},\"inLanguage\":\"pt-BR\",\"potentialAction\":[{\"@type\":\"ReadAction\",\"target\":[\"https:\\\/\\\/www.cidademarketing.com.br\\\/marketing\\\/2021\\\/07\\\/15\\\/veja%ef%b8%8f-power-fusion-ativa-acao-que-limpa-marca-da-record-tv-em-acao-inedita\\\/\"]}]},{\"@type\":\"ImageObject\",\"inLanguage\":\"pt-BR\",\"@id\":\"https:\\\/\\\/www.cidademarketing.com.br\\\/marketing\\\/2021\\\/07\\\/15\\\/veja%ef%b8%8f-power-fusion-ativa-acao-que-limpa-marca-da-record-tv-em-acao-inedita\\\/#primaryimage\",\"url\":\"https:\\\/\\\/www.cidademarketing.com.br\\\/marketing\\\/wp-content\\\/uploads\\\/2021\\\/07\\\/5.jpg\",\"contentUrl\":\"https:\\\/\\\/www.cidademarketing.com.br\\\/marketing\\\/wp-content\\\/uploads\\\/2021\\\/07\\\/5.jpg\",\"width\":2540,\"height\":1418,\"caption\":\"Reprodu\u00e7\u00e3o\"},{\"@type\":\"BreadcrumbList\",\"@id\":\"https:\\\/\\\/www.cidademarketing.com.br\\\/marketing\\\/2021\\\/07\\\/15\\\/veja%ef%b8%8f-power-fusion-ativa-acao-que-limpa-marca-da-record-tv-em-acao-inedita\\\/#breadcrumb\",\"itemListElement\":[{\"@type\":\"ListItem\",\"position\":1,\"name\":\"In\u00edcio\",\"item\":\"https:\\\/\\\/www.cidademarketing.com.br\\\/marketing\\\/\"},{\"@type\":\"ListItem\",\"position\":2,\"name\":\"Veja\u00ae\ufe0f Power Fusion ativa a\u00e7\u00e3o que limpa marca da Record TV em a\u00e7\u00e3o in\u00e9dita\"}]},{\"@type\":\"WebSite\",\"@id\":\"https:\\\/\\\/www.cidademarketing.com.br\\\/marketing\\\/#website\",\"url\":\"https:\\\/\\\/www.cidademarketing.com.br\\\/marketing\\\/\",\"name\":\"CidadeMarketing\",\"description\":\"Somos um ve\u00edculo de comunica\u00e7\u00e3o de destaque no Brasil, reconhecido por conte\u00fados nos segmentos de marketing, empreendedorismo e inova\u00e7\u00e3o.\",\"publisher\":{\"@id\":\"https:\\\/\\\/www.cidademarketing.com.br\\\/marketing\\\/#organization\"},\"alternateName\":\"CidadeMarketing\",\"potentialAction\":[{\"@type\":\"SearchAction\",\"target\":{\"@type\":\"EntryPoint\",\"urlTemplate\":\"https:\\\/\\\/www.cidademarketing.com.br\\\/marketing\\\/?s={search_term_string}\"},\"query-input\":{\"@type\":\"PropertyValueSpecification\",\"valueRequired\":true,\"valueName\":\"search_term_string\"}}],\"inLanguage\":\"pt-BR\"},{\"@type\":\"Organization\",\"@id\":\"https:\\\/\\\/www.cidademarketing.com.br\\\/marketing\\\/#organization\",\"name\":\"CidadeMarketing\",\"alternateName\":\"CidadeMarketing\",\"url\":\"https:\\\/\\\/www.cidademarketing.com.br\\\/marketing\\\/\",\"logo\":{\"@type\":\"ImageObject\",\"inLanguage\":\"pt-BR\",\"@id\":\"https:\\\/\\\/www.cidademarketing.com.br\\\/marketing\\\/#\\\/schema\\\/logo\\\/image\\\/\",\"url\":\"https:\\\/\\\/www.cidademarketing.com.br\\\/marketing\\\/wp-content\\\/uploads\\\/2020\\\/01\\\/cidademarketing_marca_mobile.png\",\"contentUrl\":\"https:\\\/\\\/www.cidademarketing.com.br\\\/marketing\\\/wp-content\\\/uploads\\\/2020\\\/01\\\/cidademarketing_marca_mobile.png\",\"width\":230,\"height\":92,\"caption\":\"CidadeMarketing\"},\"image\":{\"@id\":\"https:\\\/\\\/www.cidademarketing.com.br\\\/marketing\\\/#\\\/schema\\\/logo\\\/image\\\/\"},\"sameAs\":[\"https:\\\/\\\/www.facebook.com\\\/portalcidademarketing\",\"https:\\\/\\\/x.com\\\/CidadeMarketing\",\"https:\\\/\\\/www.instagram.com\\\/cidademarketing\\\/\"]},{\"@type\":\"Person\",\"@id\":\"https:\\\/\\\/www.cidademarketing.com.br\\\/marketing\\\/#\\\/schema\\\/person\\\/02daff9f18bd9378c9e01eb6b2db155f\",\"name\":\"Thales Brand\u00e3o\",\"image\":{\"@type\":\"ImageObject\",\"inLanguage\":\"pt-BR\",\"@id\":\"https:\\\/\\\/secure.gravatar.com\\\/avatar\\\/7ca3206950207cc3cb48feec56a8a7898741ab725c368d99d5d7a5a50aab80c6?s=96&d=mm&r=g\",\"url\":\"https:\\\/\\\/secure.gravatar.com\\\/avatar\\\/7ca3206950207cc3cb48feec56a8a7898741ab725c368d99d5d7a5a50aab80c6?s=96&d=mm&r=g\",\"contentUrl\":\"https:\\\/\\\/secure.gravatar.com\\\/avatar\\\/7ca3206950207cc3cb48feec56a8a7898741ab725c368d99d5d7a5a50aab80c6?s=96&d=mm&r=g\",\"caption\":\"Thales Brand\u00e3o\"},\"description\":\"Editor Executivo do Portal CidadeMarketing.com.br &gt; Mestre em Comunica\u00e7\u00e3o e Sociedade pela Universidade Federal de Sergipe. Possui MBA Executivo em Administra\u00e7\u00e3o com \u00eanfase em Marketing pela Funda\u00e7\u00e3o Get\u00falio Vargas - Rio de Janeiro. Consultor, Palestrante e Pesquisador sobre Empreendedorismo, Marketing, Redes Sociais e Neg\u00f3cios Digitais. Professor, Palestrante TedxTalks e Campus Party. Twitter: @ThalesBrandao\",\"sameAs\":[\"http:\\\/\\\/www.mandacaru.com.br\",\"https:\\\/\\\/www.facebook.com\\\/thalesbrandao\",\"http:\\\/\\\/www.instagram.com.br\\\/thalesbrandaoferreira\",\"https:\\\/\\\/www.linkedin.com\\\/in\\\/thales-brand\u00e3o-3948609\\\/\",\"https:\\\/\\\/x.com\\\/http:\\\/\\\/www.twitter.com\\\/thalesbrandao\"],\"url\":\"https:\\\/\\\/www.cidademarketing.com.br\\\/marketing\\\/author\\\/thalesbrandao\\\/\"}]}<\/script>\n<!-- \/ Yoast SEO plugin. -->","yoast_head_json":{"title":"Veja\u00ae\ufe0f Power Fusion ativa a\u00e7\u00e3o que limpa marca da Record TV em a\u00e7\u00e3o in\u00e9dita - CidadeMarketing","robots":{"index":"index","follow":"follow","max-snippet":"max-snippet:-1","max-image-preview":"max-image-preview:large","max-video-preview":"max-video-preview:-1"},"canonical":"https:\/\/www.cidademarketing.com.br\/marketing\/2021\/07\/15\/veja\ufe0f-power-fusion-ativa-acao-que-limpa-marca-da-record-tv-em-acao-inedita\/","og_locale":"pt_BR","og_type":"article","og_title":"Veja\u00ae\ufe0f Power Fusion ativa a\u00e7\u00e3o que limpa marca da Record TV em a\u00e7\u00e3o in\u00e9dita - CidadeMarketing","og_description":"Veja\u00ae\ufe0f, marca de produtos de limpeza da Reckitt Hygiene Comercial, demonstra o poder de limpeza da linha\u00a0Veja\u00ae\ufe0f\u00a0Power Fusion\u00a0durante a programa\u00e7\u00e3o da Record\u00a0TV. Em uma a\u00e7\u00e3o inovadora desenvolvida pela BETC Havas, a marca far\u00e1 uma interven\u00e7\u00e3o especial nos programas Hoje em Dia e Hora do Faro, deixando o logo da emissora \u2018sujo\u2019 e, em seguida, limpando-o [&hellip;]","og_url":"https:\/\/www.cidademarketing.com.br\/marketing\/2021\/07\/15\/veja\ufe0f-power-fusion-ativa-acao-que-limpa-marca-da-record-tv-em-acao-inedita\/","og_site_name":"CidadeMarketing","article_publisher":"https:\/\/www.facebook.com\/portalcidademarketing","article_author":"https:\/\/www.facebook.com\/thalesbrandao","article_published_time":"2021-07-16T01:24:22+00:00","article_modified_time":"2021-07-16T01:24:25+00:00","og_image":[{"width":2540,"height":1418,"url":"https:\/\/www.cidademarketing.com.br\/marketing\/wp-content\/uploads\/2021\/07\/5.jpg","type":"image\/jpeg"}],"author":"Thales Brand\u00e3o","twitter_card":"summary_large_image","twitter_creator":"@http:\/\/www.twitter.com\/thalesbrandao","twitter_site":"@CidadeMarketing","twitter_misc":{"Escrito por":"Thales Brand\u00e3o","Est. tempo de leitura":"3 minutos"},"schema":{"@context":"https:\/\/schema.org","@graph":[{"@type":"Article","@id":"https:\/\/www.cidademarketing.com.br\/marketing\/2021\/07\/15\/veja%ef%b8%8f-power-fusion-ativa-acao-que-limpa-marca-da-record-tv-em-acao-inedita\/#article","isPartOf":{"@id":"https:\/\/www.cidademarketing.com.br\/marketing\/2021\/07\/15\/veja%ef%b8%8f-power-fusion-ativa-acao-que-limpa-marca-da-record-tv-em-acao-inedita\/"},"author":{"name":"Thales Brand\u00e3o","@id":"https:\/\/www.cidademarketing.com.br\/marketing\/#\/schema\/person\/02daff9f18bd9378c9e01eb6b2db155f"},"headline":"Veja\u00ae\ufe0f Power Fusion ativa a\u00e7\u00e3o que limpa marca da Record TV em a\u00e7\u00e3o in\u00e9dita","datePublished":"2021-07-16T01:24:22+00:00","dateModified":"2021-07-16T01:24:25+00:00","mainEntityOfPage":{"@id":"https:\/\/www.cidademarketing.com.br\/marketing\/2021\/07\/15\/veja%ef%b8%8f-power-fusion-ativa-acao-que-limpa-marca-da-record-tv-em-acao-inedita\/"},"wordCount":562,"commentCount":0,"publisher":{"@id":"https:\/\/www.cidademarketing.com.br\/marketing\/#organization"},"image":{"@id":"https:\/\/www.cidademarketing.com.br\/marketing\/2021\/07\/15\/veja%ef%b8%8f-power-fusion-ativa-acao-que-limpa-marca-da-record-tv-em-acao-inedita\/#primaryimage"},"thumbnailUrl":"https:\/\/www.cidademarketing.com.br\/marketing\/wp-content\/uploads\/2021\/07\/5.jpg","keywords":["campanha","estrat\u00e9gia","Veja"],"articleSection":["Not\u00edcias"],"inLanguage":"pt-BR","potentialAction":[{"@type":"CommentAction","name":"Comment","target":["https:\/\/www.cidademarketing.com.br\/marketing\/2021\/07\/15\/veja%ef%b8%8f-power-fusion-ativa-acao-que-limpa-marca-da-record-tv-em-acao-inedita\/#respond"]}]},{"@type":"WebPage","@id":"https:\/\/www.cidademarketing.com.br\/marketing\/2021\/07\/15\/veja%ef%b8%8f-power-fusion-ativa-acao-que-limpa-marca-da-record-tv-em-acao-inedita\/","url":"https:\/\/www.cidademarketing.com.br\/marketing\/2021\/07\/15\/veja%ef%b8%8f-power-fusion-ativa-acao-que-limpa-marca-da-record-tv-em-acao-inedita\/","name":"Veja\u00ae\ufe0f Power Fusion ativa a\u00e7\u00e3o que limpa marca da Record TV em a\u00e7\u00e3o in\u00e9dita - CidadeMarketing","isPartOf":{"@id":"https:\/\/www.cidademarketing.com.br\/marketing\/#website"},"primaryImageOfPage":{"@id":"https:\/\/www.cidademarketing.com.br\/marketing\/2021\/07\/15\/veja%ef%b8%8f-power-fusion-ativa-acao-que-limpa-marca-da-record-tv-em-acao-inedita\/#primaryimage"},"image":{"@id":"https:\/\/www.cidademarketing.com.br\/marketing\/2021\/07\/15\/veja%ef%b8%8f-power-fusion-ativa-acao-que-limpa-marca-da-record-tv-em-acao-inedita\/#primaryimage"},"thumbnailUrl":"https:\/\/www.cidademarketing.com.br\/marketing\/wp-content\/uploads\/2021\/07\/5.jpg","datePublished":"2021-07-16T01:24:22+00:00","dateModified":"2021-07-16T01:24:25+00:00","breadcrumb":{"@id":"https:\/\/www.cidademarketing.com.br\/marketing\/2021\/07\/15\/veja%ef%b8%8f-power-fusion-ativa-acao-que-limpa-marca-da-record-tv-em-acao-inedita\/#breadcrumb"},"inLanguage":"pt-BR","potentialAction":[{"@type":"ReadAction","target":["https:\/\/www.cidademarketing.com.br\/marketing\/2021\/07\/15\/veja%ef%b8%8f-power-fusion-ativa-acao-que-limpa-marca-da-record-tv-em-acao-inedita\/"]}]},{"@type":"ImageObject","inLanguage":"pt-BR","@id":"https:\/\/www.cidademarketing.com.br\/marketing\/2021\/07\/15\/veja%ef%b8%8f-power-fusion-ativa-acao-que-limpa-marca-da-record-tv-em-acao-inedita\/#primaryimage","url":"https:\/\/www.cidademarketing.com.br\/marketing\/wp-content\/uploads\/2021\/07\/5.jpg","contentUrl":"https:\/\/www.cidademarketing.com.br\/marketing\/wp-content\/uploads\/2021\/07\/5.jpg","width":2540,"height":1418,"caption":"Reprodu\u00e7\u00e3o"},{"@type":"BreadcrumbList","@id":"https:\/\/www.cidademarketing.com.br\/marketing\/2021\/07\/15\/veja%ef%b8%8f-power-fusion-ativa-acao-que-limpa-marca-da-record-tv-em-acao-inedita\/#breadcrumb","itemListElement":[{"@type":"ListItem","position":1,"name":"In\u00edcio","item":"https:\/\/www.cidademarketing.com.br\/marketing\/"},{"@type":"ListItem","position":2,"name":"Veja\u00ae\ufe0f Power Fusion ativa a\u00e7\u00e3o que limpa marca da Record TV em a\u00e7\u00e3o in\u00e9dita"}]},{"@type":"WebSite","@id":"https:\/\/www.cidademarketing.com.br\/marketing\/#website","url":"https:\/\/www.cidademarketing.com.br\/marketing\/","name":"CidadeMarketing","description":"Somos um ve\u00edculo de comunica\u00e7\u00e3o de destaque no Brasil, reconhecido por conte\u00fados nos segmentos de marketing, empreendedorismo e inova\u00e7\u00e3o.","publisher":{"@id":"https:\/\/www.cidademarketing.com.br\/marketing\/#organization"},"alternateName":"CidadeMarketing","potentialAction":[{"@type":"SearchAction","target":{"@type":"EntryPoint","urlTemplate":"https:\/\/www.cidademarketing.com.br\/marketing\/?s={search_term_string}"},"query-input":{"@type":"PropertyValueSpecification","valueRequired":true,"valueName":"search_term_string"}}],"inLanguage":"pt-BR"},{"@type":"Organization","@id":"https:\/\/www.cidademarketing.com.br\/marketing\/#organization","name":"CidadeMarketing","alternateName":"CidadeMarketing","url":"https:\/\/www.cidademarketing.com.br\/marketing\/","logo":{"@type":"ImageObject","inLanguage":"pt-BR","@id":"https:\/\/www.cidademarketing.com.br\/marketing\/#\/schema\/logo\/image\/","url":"https:\/\/www.cidademarketing.com.br\/marketing\/wp-content\/uploads\/2020\/01\/cidademarketing_marca_mobile.png","contentUrl":"https:\/\/www.cidademarketing.com.br\/marketing\/wp-content\/uploads\/2020\/01\/cidademarketing_marca_mobile.png","width":230,"height":92,"caption":"CidadeMarketing"},"image":{"@id":"https:\/\/www.cidademarketing.com.br\/marketing\/#\/schema\/logo\/image\/"},"sameAs":["https:\/\/www.facebook.com\/portalcidademarketing","https:\/\/x.com\/CidadeMarketing","https:\/\/www.instagram.com\/cidademarketing\/"]},{"@type":"Person","@id":"https:\/\/www.cidademarketing.com.br\/marketing\/#\/schema\/person\/02daff9f18bd9378c9e01eb6b2db155f","name":"Thales Brand\u00e3o","image":{"@type":"ImageObject","inLanguage":"pt-BR","@id":"https:\/\/secure.gravatar.com\/avatar\/7ca3206950207cc3cb48feec56a8a7898741ab725c368d99d5d7a5a50aab80c6?s=96&d=mm&r=g","url":"https:\/\/secure.gravatar.com\/avatar\/7ca3206950207cc3cb48feec56a8a7898741ab725c368d99d5d7a5a50aab80c6?s=96&d=mm&r=g","contentUrl":"https:\/\/secure.gravatar.com\/avatar\/7ca3206950207cc3cb48feec56a8a7898741ab725c368d99d5d7a5a50aab80c6?s=96&d=mm&r=g","caption":"Thales Brand\u00e3o"},"description":"Editor Executivo do Portal CidadeMarketing.com.br &gt; Mestre em Comunica\u00e7\u00e3o e Sociedade pela Universidade Federal de Sergipe. Possui MBA Executivo em Administra\u00e7\u00e3o com \u00eanfase em Marketing pela Funda\u00e7\u00e3o Get\u00falio Vargas - Rio de Janeiro. Consultor, Palestrante e Pesquisador sobre Empreendedorismo, Marketing, Redes Sociais e Neg\u00f3cios Digitais. Professor, Palestrante TedxTalks e Campus Party. Twitter: @ThalesBrandao","sameAs":["http:\/\/www.mandacaru.com.br","https:\/\/www.facebook.com\/thalesbrandao","http:\/\/www.instagram.com.br\/thalesbrandaoferreira","https:\/\/www.linkedin.com\/in\/thales-brand\u00e3o-3948609\/","https:\/\/x.com\/http:\/\/www.twitter.com\/thalesbrandao"],"url":"https:\/\/www.cidademarketing.com.br\/marketing\/author\/thalesbrandao\/"}]}},"amp_enabled":true,"_links":{"self":[{"href":"https:\/\/www.cidademarketing.com.br\/marketing\/wp-json\/wp\/v2\/posts\/25558","targetHints":{"allow":["GET"]}}],"collection":[{"href":"https:\/\/www.cidademarketing.com.br\/marketing\/wp-json\/wp\/v2\/posts"}],"about":[{"href":"https:\/\/www.cidademarketing.com.br\/marketing\/wp-json\/wp\/v2\/types\/post"}],"author":[{"embeddable":true,"href":"https:\/\/www.cidademarketing.com.br\/marketing\/wp-json\/wp\/v2\/users\/1"}],"replies":[{"embeddable":true,"href":"https:\/\/www.cidademarketing.com.br\/marketing\/wp-json\/wp\/v2\/comments?post=25558"}],"version-history":[{"count":1,"href":"https:\/\/www.cidademarketing.com.br\/marketing\/wp-json\/wp\/v2\/posts\/25558\/revisions"}],"predecessor-version":[{"id":25562,"href":"https:\/\/www.cidademarketing.com.br\/marketing\/wp-json\/wp\/v2\/posts\/25558\/revisions\/25562"}],"wp:featuredmedia":[{"embeddable":true,"href":"https:\/\/www.cidademarketing.com.br\/marketing\/wp-json\/wp\/v2\/media\/25561"}],"wp:attachment":[{"href":"https:\/\/www.cidademarketing.com.br\/marketing\/wp-json\/wp\/v2\/media?parent=25558"}],"wp:term":[{"taxonomy":"category","embeddable":true,"href":"https:\/\/www.cidademarketing.com.br\/marketing\/wp-json\/wp\/v2\/categories?post=25558"},{"taxonomy":"post_tag","embeddable":true,"href":"https:\/\/www.cidademarketing.com.br\/marketing\/wp-json\/wp\/v2\/tags?post=25558"}],"curies":[{"name":"wp","href":"https:\/\/api.w.org\/{rel}","templated":true}]}}