{"id":25465,"date":"2021-07-14T15:58:04","date_gmt":"2021-07-14T18:58:04","guid":{"rendered":"https:\/\/www.cidademarketing.com.br\/marketing\/?p=25465"},"modified":"2021-07-14T15:58:06","modified_gmt":"2021-07-14T18:58:06","slug":"cordel-de-sergipe-participa-de-campanha-de-valorizacao-do-patrimonio-cultural","status":"publish","type":"post","link":"https:\/\/www.cidademarketing.com.br\/marketing\/2021\/07\/14\/cordel-de-sergipe-participa-de-campanha-de-valorizacao-do-patrimonio-cultural\/","title":{"rendered":"Cordel de Sergipe participa de campanha de valoriza\u00e7\u00e3o do patrim\u00f4nio cultural"},"content":{"rendered":"\n<p>Cordelistas de Sergipe ganharam espa\u00e7o para divulgar seus trabalhos na campanha <strong>Conectando Patrim\u00f4nios: redes de artes e sabores<\/strong>. Lan\u00e7ada em Sergipe nesta quarta-feira, 14 de julho, a a\u00e7\u00e3o \u00e9 realizada pelo Instituto do Patrim\u00f4nio Hist\u00f3rico e Art\u00edstico Nacional (Iphan) em parceria com comunidades detentoras da Literatura de Cordel. O objetivo \u00e9 promover o Patrim\u00f4nio Cultural Imaterial, incentivando a venda de produtos associados a bens registrados em todo o pa\u00eds.<\/p>\n\n\n\n<p>Diante da situa\u00e7\u00e3o de emerg\u00eancia em sa\u00fade p\u00fablica decorrente da pandemia de Covid-19, shows, apresenta\u00e7\u00f5es e todo tipo de evento tiveram de ser adiados em todo o Brasil. Isto impactou o cotidiano de festas e rituais realizados por mestres e mestras de bens registrados como Patrim\u00f4nio Cultural do Brasil. Neste cen\u00e1rio, essas comunidades buscaram alternativas para lidar com o isolamento social. O Ciclo do Marabaixo (AP), por exemplo, foi realizado por meio de <em>lives<\/em> e bailes do Fandango Cai\u00e7ara tiveram transmiss\u00e3o on-line. Grupos de carimb\u00f3 tamb\u00e9m realizaram rodas transmitidas pelas redes sociais.<\/p>\n\n\n\n<p>Com o objetivo de criar um espa\u00e7o de visibilidade para detentores e suas respectivas manifesta\u00e7\u00f5es culturais, o <a href=\"http:\/\/portal.iphan.gov.br\/conectapatrimonios\" target=\"_blank\" rel=\"noreferrer noopener\">site da campanha<\/a> vai apresentar coletivos de detentores de v\u00e1rios estados com os seus respectivos contatos de telefone e redes sociais. Quem se interessar, poder\u00e1 entrar nas p\u00e1ginas virtuais dos coletivos e adquirir produtos desses grupos, como g\u00eaneros aliment\u00edcios e bioj\u00f3ias produzidas por ind\u00edgenas do Sistema Agr\u00edcola Tradicional do Rio Negro (AM), bem como livretos de artistas da Literatura de Cordel (CE e DF). A compra, o pagamento e a entrega dos produtos s\u00e3o realizadas diretamente entre o detentor e o comprador.<\/p>\n\n\n\n<p><strong>CORDELISTAS EM SERGIPE<\/strong><\/p>\n\n\n\n<p>Registrada como Patrim\u00f4nio Cultural Brasileiro desde 2018, a Literatura de Cordel \u00e9 uma das formas de express\u00e3o que fazem parte da identidade de Sergipe. Presente na cultura nacional desde o final do s\u00e9culo XIX, o cordel \u00e9 of\u00edcio, g\u00eanero liter\u00e1rio, ve\u00edculo de comunica\u00e7\u00e3o e uma importante forma de express\u00e3o da nossa sociedade.<\/p>\n\n\n\n<p>O cordelista Ademarcos Santana j\u00e1 lan\u00e7ou cinco folhetos de sua autoria. Residente da cidade de Nossa Senhora Aparecida\/SE, ele integra o grupo Poesia e Cultura Popular, que conta com mais de 160 poetas, a maior parte deles de Sergipe. Para Ademarcos, o Conectando Patrim\u00f4nios ser\u00e1 fundamental para dar mais visibilidade ao trabalho dos cordelistas sergipanos. \u201cO Iphan j\u00e1 tem um grande cuidado com a valoriza\u00e7\u00e3o da poesia, e essa campanha vai levar nosso trabalho para outros estados, mostrar nosso cordel para pessoas que ainda n\u00e3o conhecem\u201d, enfatiza.<\/p>\n\n\n\n<p>Visando promover a sustentabilidade de bens registrados como Patrim\u00f4nio Cultural, a campanha \u00e9 uma a\u00e7\u00e3o de salvaguarda inserida na Pol\u00edtica Nacional do Patrim\u00f4nio Imaterial que, em 2020, completou 20 anos de cria\u00e7\u00e3o.<\/p>\n\n\n\n<p>Para viabilizar a a\u00e7\u00e3o, as superintend\u00eancias do Iphan nos estados mobilizaram coletivos de mestres e mestras que participam da a\u00e7\u00e3o. Mas a chamada continua. Os grupos que tiverem interesse em participar devem entrar em contato com a superintend\u00eancia do <a href=\"http:\/\/portal.iphan.gov.br\/conectapatrimonios\/pagina\/detalhes\/2143\" target=\"_blank\" rel=\"noreferrer noopener\">Iphan em Sergipe<\/a> que dar\u00e1 os detalhes sobre como aderir \u00e0 a\u00e7\u00e3o.<\/p>\n\n\n\n<p><strong>Servi\u00e7o:<\/strong><strong><br>A\u00e7\u00e3o \u201cConectando Patrim\u00f4nios: redes de artes e sabores\u201d<br>Lan\u00e7amento:<\/strong> 14 de julho de 2021<br><strong>Endere\u00e7o:<\/strong> <a href=\"http:\/\/portal.iphan.gov.br\/conectapatrimonios\" target=\"_blank\" rel=\"noreferrer noopener\">portal.iphan.gov.br\/conectapatrimonios<\/a><\/p>\n","protected":false},"excerpt":{"rendered":"<p>Cordelistas de Sergipe ganharam espa\u00e7o para divulgar seus trabalhos na campanha Conectando Patrim\u00f4nios: redes de artes e sabores. Lan\u00e7ada em Sergipe nesta quarta-feira, 14 de julho, a a\u00e7\u00e3o \u00e9 realizada pelo Instituto do Patrim\u00f4nio Hist\u00f3rico e Art\u00edstico Nacional (Iphan) em parceria com comunidades detentoras da Literatura de Cordel. O objetivo \u00e9 promover o Patrim\u00f4nio Cultural [&hellip;]<\/p>\n","protected":false},"author":1,"featured_media":25466,"comment_status":"open","ping_status":"open","sticky":false,"template":"","format":"standard","meta":{"tdm_status":"","tdm_grid_status":"","footnotes":""},"categories":[6],"tags":[4075,680,28,340],"class_list":["post-25465","post","type-post","status-publish","format-standard","has-post-thumbnail","hentry","category-noticias","tag-cordel-sergipe","tag-iphan","tag-marketing","tag-marketing-cultural"],"yoast_head":"<!-- This site is optimized with the Yoast SEO plugin v27.5 - https:\/\/yoast.com\/product\/yoast-seo-wordpress\/ -->\n<title>Cordel de Sergipe participa de campanha de valoriza\u00e7\u00e3o do patrim\u00f4nio cultural - CidadeMarketing<\/title>\n<meta name=\"robots\" content=\"index, follow, max-snippet:-1, max-image-preview:large, max-video-preview:-1\" \/>\n<link rel=\"canonical\" href=\"https:\/\/www.cidademarketing.com.br\/marketing\/2021\/07\/14\/cordel-de-sergipe-participa-de-campanha-de-valorizacao-do-patrimonio-cultural\/\" \/>\n<meta property=\"og:locale\" content=\"pt_BR\" \/>\n<meta property=\"og:type\" content=\"article\" \/>\n<meta property=\"og:title\" content=\"Cordel de Sergipe participa de campanha de valoriza\u00e7\u00e3o do patrim\u00f4nio cultural - CidadeMarketing\" \/>\n<meta property=\"og:description\" content=\"Cordelistas de Sergipe ganharam espa\u00e7o para divulgar seus trabalhos na campanha Conectando Patrim\u00f4nios: redes de artes e sabores. Lan\u00e7ada em Sergipe nesta quarta-feira, 14 de julho, a a\u00e7\u00e3o \u00e9 realizada pelo Instituto do Patrim\u00f4nio Hist\u00f3rico e Art\u00edstico Nacional (Iphan) em parceria com comunidades detentoras da Literatura de Cordel. O objetivo \u00e9 promover o Patrim\u00f4nio Cultural [&hellip;]\" \/>\n<meta property=\"og:url\" content=\"https:\/\/www.cidademarketing.com.br\/marketing\/2021\/07\/14\/cordel-de-sergipe-participa-de-campanha-de-valorizacao-do-patrimonio-cultural\/\" \/>\n<meta property=\"og:site_name\" content=\"CidadeMarketing\" \/>\n<meta property=\"article:publisher\" content=\"https:\/\/www.facebook.com\/portalcidademarketing\" \/>\n<meta property=\"article:author\" content=\"https:\/\/www.facebook.com\/thalesbrandao\" \/>\n<meta property=\"article:published_time\" content=\"2021-07-14T18:58:04+00:00\" \/>\n<meta property=\"article:modified_time\" content=\"2021-07-14T18:58:06+00:00\" \/>\n<meta property=\"og:image\" content=\"https:\/\/www.cidademarketing.com.br\/marketing\/wp-content\/uploads\/2021\/07\/iphan_cordel_sergipe.jpg\" \/>\n\t<meta property=\"og:image:width\" content=\"880\" \/>\n\t<meta property=\"og:image:height\" content=\"587\" \/>\n\t<meta property=\"og:image:type\" content=\"image\/jpeg\" \/>\n<meta name=\"author\" content=\"Thales Brand\u00e3o\" \/>\n<meta name=\"twitter:card\" content=\"summary_large_image\" \/>\n<meta name=\"twitter:creator\" content=\"@http:\/\/www.twitter.com\/thalesbrandao\" \/>\n<meta name=\"twitter:site\" content=\"@CidadeMarketing\" \/>\n<meta name=\"twitter:label1\" content=\"Escrito por\" \/>\n\t<meta name=\"twitter:data1\" content=\"Thales Brand\u00e3o\" \/>\n\t<meta name=\"twitter:label2\" content=\"Est. tempo de leitura\" \/>\n\t<meta name=\"twitter:data2\" content=\"3 minutos\" \/>\n<script type=\"application\/ld+json\" class=\"yoast-schema-graph\">{\"@context\":\"https:\\\/\\\/schema.org\",\"@graph\":[{\"@type\":\"Article\",\"@id\":\"https:\\\/\\\/www.cidademarketing.com.br\\\/marketing\\\/2021\\\/07\\\/14\\\/cordel-de-sergipe-participa-de-campanha-de-valorizacao-do-patrimonio-cultural\\\/#article\",\"isPartOf\":{\"@id\":\"https:\\\/\\\/www.cidademarketing.com.br\\\/marketing\\\/2021\\\/07\\\/14\\\/cordel-de-sergipe-participa-de-campanha-de-valorizacao-do-patrimonio-cultural\\\/\"},\"author\":{\"name\":\"Thales Brand\u00e3o\",\"@id\":\"https:\\\/\\\/www.cidademarketing.com.br\\\/marketing\\\/#\\\/schema\\\/person\\\/02daff9f18bd9378c9e01eb6b2db155f\"},\"headline\":\"Cordel de Sergipe participa de campanha de valoriza\u00e7\u00e3o do patrim\u00f4nio cultural\",\"datePublished\":\"2021-07-14T18:58:04+00:00\",\"dateModified\":\"2021-07-14T18:58:06+00:00\",\"mainEntityOfPage\":{\"@id\":\"https:\\\/\\\/www.cidademarketing.com.br\\\/marketing\\\/2021\\\/07\\\/14\\\/cordel-de-sergipe-participa-de-campanha-de-valorizacao-do-patrimonio-cultural\\\/\"},\"wordCount\":564,\"commentCount\":0,\"publisher\":{\"@id\":\"https:\\\/\\\/www.cidademarketing.com.br\\\/marketing\\\/#organization\"},\"image\":{\"@id\":\"https:\\\/\\\/www.cidademarketing.com.br\\\/marketing\\\/2021\\\/07\\\/14\\\/cordel-de-sergipe-participa-de-campanha-de-valorizacao-do-patrimonio-cultural\\\/#primaryimage\"},\"thumbnailUrl\":\"https:\\\/\\\/www.cidademarketing.com.br\\\/marketing\\\/wp-content\\\/uploads\\\/2021\\\/07\\\/iphan_cordel_sergipe.jpg\",\"keywords\":[\"Cordel Sergipe\",\"Iphan\",\"marketing\",\"marketing cultural\"],\"articleSection\":[\"Not\u00edcias\"],\"inLanguage\":\"pt-BR\",\"potentialAction\":[{\"@type\":\"CommentAction\",\"name\":\"Comment\",\"target\":[\"https:\\\/\\\/www.cidademarketing.com.br\\\/marketing\\\/2021\\\/07\\\/14\\\/cordel-de-sergipe-participa-de-campanha-de-valorizacao-do-patrimonio-cultural\\\/#respond\"]}]},{\"@type\":\"WebPage\",\"@id\":\"https:\\\/\\\/www.cidademarketing.com.br\\\/marketing\\\/2021\\\/07\\\/14\\\/cordel-de-sergipe-participa-de-campanha-de-valorizacao-do-patrimonio-cultural\\\/\",\"url\":\"https:\\\/\\\/www.cidademarketing.com.br\\\/marketing\\\/2021\\\/07\\\/14\\\/cordel-de-sergipe-participa-de-campanha-de-valorizacao-do-patrimonio-cultural\\\/\",\"name\":\"Cordel de Sergipe participa de campanha de valoriza\u00e7\u00e3o do patrim\u00f4nio cultural - CidadeMarketing\",\"isPartOf\":{\"@id\":\"https:\\\/\\\/www.cidademarketing.com.br\\\/marketing\\\/#website\"},\"primaryImageOfPage\":{\"@id\":\"https:\\\/\\\/www.cidademarketing.com.br\\\/marketing\\\/2021\\\/07\\\/14\\\/cordel-de-sergipe-participa-de-campanha-de-valorizacao-do-patrimonio-cultural\\\/#primaryimage\"},\"image\":{\"@id\":\"https:\\\/\\\/www.cidademarketing.com.br\\\/marketing\\\/2021\\\/07\\\/14\\\/cordel-de-sergipe-participa-de-campanha-de-valorizacao-do-patrimonio-cultural\\\/#primaryimage\"},\"thumbnailUrl\":\"https:\\\/\\\/www.cidademarketing.com.br\\\/marketing\\\/wp-content\\\/uploads\\\/2021\\\/07\\\/iphan_cordel_sergipe.jpg\",\"datePublished\":\"2021-07-14T18:58:04+00:00\",\"dateModified\":\"2021-07-14T18:58:06+00:00\",\"breadcrumb\":{\"@id\":\"https:\\\/\\\/www.cidademarketing.com.br\\\/marketing\\\/2021\\\/07\\\/14\\\/cordel-de-sergipe-participa-de-campanha-de-valorizacao-do-patrimonio-cultural\\\/#breadcrumb\"},\"inLanguage\":\"pt-BR\",\"potentialAction\":[{\"@type\":\"ReadAction\",\"target\":[\"https:\\\/\\\/www.cidademarketing.com.br\\\/marketing\\\/2021\\\/07\\\/14\\\/cordel-de-sergipe-participa-de-campanha-de-valorizacao-do-patrimonio-cultural\\\/\"]}]},{\"@type\":\"ImageObject\",\"inLanguage\":\"pt-BR\",\"@id\":\"https:\\\/\\\/www.cidademarketing.com.br\\\/marketing\\\/2021\\\/07\\\/14\\\/cordel-de-sergipe-participa-de-campanha-de-valorizacao-do-patrimonio-cultural\\\/#primaryimage\",\"url\":\"https:\\\/\\\/www.cidademarketing.com.br\\\/marketing\\\/wp-content\\\/uploads\\\/2021\\\/07\\\/iphan_cordel_sergipe.jpg\",\"contentUrl\":\"https:\\\/\\\/www.cidademarketing.com.br\\\/marketing\\\/wp-content\\\/uploads\\\/2021\\\/07\\\/iphan_cordel_sergipe.jpg\",\"width\":880,\"height\":587,\"caption\":\"A a\u00e7\u00e3o Conectando Patrim\u00f4nios busca promover bens culturais como a Literatura de Cordel em Sergipe, estimulando a venda de livretos, xilogravuras e outros produtos relacionados ao bem. (Foto: Francisco Moreira da Costa)\"},{\"@type\":\"BreadcrumbList\",\"@id\":\"https:\\\/\\\/www.cidademarketing.com.br\\\/marketing\\\/2021\\\/07\\\/14\\\/cordel-de-sergipe-participa-de-campanha-de-valorizacao-do-patrimonio-cultural\\\/#breadcrumb\",\"itemListElement\":[{\"@type\":\"ListItem\",\"position\":1,\"name\":\"In\u00edcio\",\"item\":\"https:\\\/\\\/www.cidademarketing.com.br\\\/marketing\\\/\"},{\"@type\":\"ListItem\",\"position\":2,\"name\":\"Cordel de Sergipe participa de campanha de valoriza\u00e7\u00e3o do patrim\u00f4nio cultural\"}]},{\"@type\":\"WebSite\",\"@id\":\"https:\\\/\\\/www.cidademarketing.com.br\\\/marketing\\\/#website\",\"url\":\"https:\\\/\\\/www.cidademarketing.com.br\\\/marketing\\\/\",\"name\":\"CidadeMarketing\",\"description\":\"Somos um ve\u00edculo de comunica\u00e7\u00e3o de destaque no Brasil, reconhecido por conte\u00fados nos segmentos de marketing, empreendedorismo e inova\u00e7\u00e3o.\",\"publisher\":{\"@id\":\"https:\\\/\\\/www.cidademarketing.com.br\\\/marketing\\\/#organization\"},\"alternateName\":\"CidadeMarketing\",\"potentialAction\":[{\"@type\":\"SearchAction\",\"target\":{\"@type\":\"EntryPoint\",\"urlTemplate\":\"https:\\\/\\\/www.cidademarketing.com.br\\\/marketing\\\/?s={search_term_string}\"},\"query-input\":{\"@type\":\"PropertyValueSpecification\",\"valueRequired\":true,\"valueName\":\"search_term_string\"}}],\"inLanguage\":\"pt-BR\"},{\"@type\":\"Organization\",\"@id\":\"https:\\\/\\\/www.cidademarketing.com.br\\\/marketing\\\/#organization\",\"name\":\"CidadeMarketing\",\"alternateName\":\"CidadeMarketing\",\"url\":\"https:\\\/\\\/www.cidademarketing.com.br\\\/marketing\\\/\",\"logo\":{\"@type\":\"ImageObject\",\"inLanguage\":\"pt-BR\",\"@id\":\"https:\\\/\\\/www.cidademarketing.com.br\\\/marketing\\\/#\\\/schema\\\/logo\\\/image\\\/\",\"url\":\"https:\\\/\\\/www.cidademarketing.com.br\\\/marketing\\\/wp-content\\\/uploads\\\/2020\\\/01\\\/cidademarketing_marca_mobile.png\",\"contentUrl\":\"https:\\\/\\\/www.cidademarketing.com.br\\\/marketing\\\/wp-content\\\/uploads\\\/2020\\\/01\\\/cidademarketing_marca_mobile.png\",\"width\":230,\"height\":92,\"caption\":\"CidadeMarketing\"},\"image\":{\"@id\":\"https:\\\/\\\/www.cidademarketing.com.br\\\/marketing\\\/#\\\/schema\\\/logo\\\/image\\\/\"},\"sameAs\":[\"https:\\\/\\\/www.facebook.com\\\/portalcidademarketing\",\"https:\\\/\\\/x.com\\\/CidadeMarketing\",\"https:\\\/\\\/www.instagram.com\\\/cidademarketing\\\/\"]},{\"@type\":\"Person\",\"@id\":\"https:\\\/\\\/www.cidademarketing.com.br\\\/marketing\\\/#\\\/schema\\\/person\\\/02daff9f18bd9378c9e01eb6b2db155f\",\"name\":\"Thales Brand\u00e3o\",\"image\":{\"@type\":\"ImageObject\",\"inLanguage\":\"pt-BR\",\"@id\":\"https:\\\/\\\/secure.gravatar.com\\\/avatar\\\/7ca3206950207cc3cb48feec56a8a7898741ab725c368d99d5d7a5a50aab80c6?s=96&d=mm&r=g\",\"url\":\"https:\\\/\\\/secure.gravatar.com\\\/avatar\\\/7ca3206950207cc3cb48feec56a8a7898741ab725c368d99d5d7a5a50aab80c6?s=96&d=mm&r=g\",\"contentUrl\":\"https:\\\/\\\/secure.gravatar.com\\\/avatar\\\/7ca3206950207cc3cb48feec56a8a7898741ab725c368d99d5d7a5a50aab80c6?s=96&d=mm&r=g\",\"caption\":\"Thales Brand\u00e3o\"},\"description\":\"Editor Executivo do Portal CidadeMarketing.com.br &gt; Mestre em Comunica\u00e7\u00e3o e Sociedade pela Universidade Federal de Sergipe. Possui MBA Executivo em Administra\u00e7\u00e3o com \u00eanfase em Marketing pela Funda\u00e7\u00e3o Get\u00falio Vargas - Rio de Janeiro. Consultor, Palestrante e Pesquisador sobre Empreendedorismo, Marketing, Redes Sociais e Neg\u00f3cios Digitais. Professor, Palestrante TedxTalks e Campus Party. Twitter: @ThalesBrandao\",\"sameAs\":[\"http:\\\/\\\/www.mandacaru.com.br\",\"https:\\\/\\\/www.facebook.com\\\/thalesbrandao\",\"http:\\\/\\\/www.instagram.com.br\\\/thalesbrandaoferreira\",\"https:\\\/\\\/www.linkedin.com\\\/in\\\/thales-brand\u00e3o-3948609\\\/\",\"https:\\\/\\\/x.com\\\/http:\\\/\\\/www.twitter.com\\\/thalesbrandao\"],\"url\":\"https:\\\/\\\/www.cidademarketing.com.br\\\/marketing\\\/author\\\/thalesbrandao\\\/\"}]}<\/script>\n<!-- \/ Yoast SEO plugin. -->","yoast_head_json":{"title":"Cordel de Sergipe participa de campanha de valoriza\u00e7\u00e3o do patrim\u00f4nio cultural - CidadeMarketing","robots":{"index":"index","follow":"follow","max-snippet":"max-snippet:-1","max-image-preview":"max-image-preview:large","max-video-preview":"max-video-preview:-1"},"canonical":"https:\/\/www.cidademarketing.com.br\/marketing\/2021\/07\/14\/cordel-de-sergipe-participa-de-campanha-de-valorizacao-do-patrimonio-cultural\/","og_locale":"pt_BR","og_type":"article","og_title":"Cordel de Sergipe participa de campanha de valoriza\u00e7\u00e3o do patrim\u00f4nio cultural - CidadeMarketing","og_description":"Cordelistas de Sergipe ganharam espa\u00e7o para divulgar seus trabalhos na campanha Conectando Patrim\u00f4nios: redes de artes e sabores. Lan\u00e7ada em Sergipe nesta quarta-feira, 14 de julho, a a\u00e7\u00e3o \u00e9 realizada pelo Instituto do Patrim\u00f4nio Hist\u00f3rico e Art\u00edstico Nacional (Iphan) em parceria com comunidades detentoras da Literatura de Cordel. O objetivo \u00e9 promover o Patrim\u00f4nio Cultural [&hellip;]","og_url":"https:\/\/www.cidademarketing.com.br\/marketing\/2021\/07\/14\/cordel-de-sergipe-participa-de-campanha-de-valorizacao-do-patrimonio-cultural\/","og_site_name":"CidadeMarketing","article_publisher":"https:\/\/www.facebook.com\/portalcidademarketing","article_author":"https:\/\/www.facebook.com\/thalesbrandao","article_published_time":"2021-07-14T18:58:04+00:00","article_modified_time":"2021-07-14T18:58:06+00:00","og_image":[{"width":880,"height":587,"url":"https:\/\/www.cidademarketing.com.br\/marketing\/wp-content\/uploads\/2021\/07\/iphan_cordel_sergipe.jpg","type":"image\/jpeg"}],"author":"Thales Brand\u00e3o","twitter_card":"summary_large_image","twitter_creator":"@http:\/\/www.twitter.com\/thalesbrandao","twitter_site":"@CidadeMarketing","twitter_misc":{"Escrito por":"Thales Brand\u00e3o","Est. tempo de leitura":"3 minutos"},"schema":{"@context":"https:\/\/schema.org","@graph":[{"@type":"Article","@id":"https:\/\/www.cidademarketing.com.br\/marketing\/2021\/07\/14\/cordel-de-sergipe-participa-de-campanha-de-valorizacao-do-patrimonio-cultural\/#article","isPartOf":{"@id":"https:\/\/www.cidademarketing.com.br\/marketing\/2021\/07\/14\/cordel-de-sergipe-participa-de-campanha-de-valorizacao-do-patrimonio-cultural\/"},"author":{"name":"Thales Brand\u00e3o","@id":"https:\/\/www.cidademarketing.com.br\/marketing\/#\/schema\/person\/02daff9f18bd9378c9e01eb6b2db155f"},"headline":"Cordel de Sergipe participa de campanha de valoriza\u00e7\u00e3o do patrim\u00f4nio cultural","datePublished":"2021-07-14T18:58:04+00:00","dateModified":"2021-07-14T18:58:06+00:00","mainEntityOfPage":{"@id":"https:\/\/www.cidademarketing.com.br\/marketing\/2021\/07\/14\/cordel-de-sergipe-participa-de-campanha-de-valorizacao-do-patrimonio-cultural\/"},"wordCount":564,"commentCount":0,"publisher":{"@id":"https:\/\/www.cidademarketing.com.br\/marketing\/#organization"},"image":{"@id":"https:\/\/www.cidademarketing.com.br\/marketing\/2021\/07\/14\/cordel-de-sergipe-participa-de-campanha-de-valorizacao-do-patrimonio-cultural\/#primaryimage"},"thumbnailUrl":"https:\/\/www.cidademarketing.com.br\/marketing\/wp-content\/uploads\/2021\/07\/iphan_cordel_sergipe.jpg","keywords":["Cordel Sergipe","Iphan","marketing","marketing cultural"],"articleSection":["Not\u00edcias"],"inLanguage":"pt-BR","potentialAction":[{"@type":"CommentAction","name":"Comment","target":["https:\/\/www.cidademarketing.com.br\/marketing\/2021\/07\/14\/cordel-de-sergipe-participa-de-campanha-de-valorizacao-do-patrimonio-cultural\/#respond"]}]},{"@type":"WebPage","@id":"https:\/\/www.cidademarketing.com.br\/marketing\/2021\/07\/14\/cordel-de-sergipe-participa-de-campanha-de-valorizacao-do-patrimonio-cultural\/","url":"https:\/\/www.cidademarketing.com.br\/marketing\/2021\/07\/14\/cordel-de-sergipe-participa-de-campanha-de-valorizacao-do-patrimonio-cultural\/","name":"Cordel de Sergipe participa de campanha de valoriza\u00e7\u00e3o do patrim\u00f4nio cultural - CidadeMarketing","isPartOf":{"@id":"https:\/\/www.cidademarketing.com.br\/marketing\/#website"},"primaryImageOfPage":{"@id":"https:\/\/www.cidademarketing.com.br\/marketing\/2021\/07\/14\/cordel-de-sergipe-participa-de-campanha-de-valorizacao-do-patrimonio-cultural\/#primaryimage"},"image":{"@id":"https:\/\/www.cidademarketing.com.br\/marketing\/2021\/07\/14\/cordel-de-sergipe-participa-de-campanha-de-valorizacao-do-patrimonio-cultural\/#primaryimage"},"thumbnailUrl":"https:\/\/www.cidademarketing.com.br\/marketing\/wp-content\/uploads\/2021\/07\/iphan_cordel_sergipe.jpg","datePublished":"2021-07-14T18:58:04+00:00","dateModified":"2021-07-14T18:58:06+00:00","breadcrumb":{"@id":"https:\/\/www.cidademarketing.com.br\/marketing\/2021\/07\/14\/cordel-de-sergipe-participa-de-campanha-de-valorizacao-do-patrimonio-cultural\/#breadcrumb"},"inLanguage":"pt-BR","potentialAction":[{"@type":"ReadAction","target":["https:\/\/www.cidademarketing.com.br\/marketing\/2021\/07\/14\/cordel-de-sergipe-participa-de-campanha-de-valorizacao-do-patrimonio-cultural\/"]}]},{"@type":"ImageObject","inLanguage":"pt-BR","@id":"https:\/\/www.cidademarketing.com.br\/marketing\/2021\/07\/14\/cordel-de-sergipe-participa-de-campanha-de-valorizacao-do-patrimonio-cultural\/#primaryimage","url":"https:\/\/www.cidademarketing.com.br\/marketing\/wp-content\/uploads\/2021\/07\/iphan_cordel_sergipe.jpg","contentUrl":"https:\/\/www.cidademarketing.com.br\/marketing\/wp-content\/uploads\/2021\/07\/iphan_cordel_sergipe.jpg","width":880,"height":587,"caption":"A a\u00e7\u00e3o Conectando Patrim\u00f4nios busca promover bens culturais como a Literatura de Cordel em Sergipe, estimulando a venda de livretos, xilogravuras e outros produtos relacionados ao bem. (Foto: Francisco Moreira da Costa)"},{"@type":"BreadcrumbList","@id":"https:\/\/www.cidademarketing.com.br\/marketing\/2021\/07\/14\/cordel-de-sergipe-participa-de-campanha-de-valorizacao-do-patrimonio-cultural\/#breadcrumb","itemListElement":[{"@type":"ListItem","position":1,"name":"In\u00edcio","item":"https:\/\/www.cidademarketing.com.br\/marketing\/"},{"@type":"ListItem","position":2,"name":"Cordel de Sergipe participa de campanha de valoriza\u00e7\u00e3o do patrim\u00f4nio cultural"}]},{"@type":"WebSite","@id":"https:\/\/www.cidademarketing.com.br\/marketing\/#website","url":"https:\/\/www.cidademarketing.com.br\/marketing\/","name":"CidadeMarketing","description":"Somos um ve\u00edculo de comunica\u00e7\u00e3o de destaque no Brasil, reconhecido por conte\u00fados nos segmentos de marketing, empreendedorismo e inova\u00e7\u00e3o.","publisher":{"@id":"https:\/\/www.cidademarketing.com.br\/marketing\/#organization"},"alternateName":"CidadeMarketing","potentialAction":[{"@type":"SearchAction","target":{"@type":"EntryPoint","urlTemplate":"https:\/\/www.cidademarketing.com.br\/marketing\/?s={search_term_string}"},"query-input":{"@type":"PropertyValueSpecification","valueRequired":true,"valueName":"search_term_string"}}],"inLanguage":"pt-BR"},{"@type":"Organization","@id":"https:\/\/www.cidademarketing.com.br\/marketing\/#organization","name":"CidadeMarketing","alternateName":"CidadeMarketing","url":"https:\/\/www.cidademarketing.com.br\/marketing\/","logo":{"@type":"ImageObject","inLanguage":"pt-BR","@id":"https:\/\/www.cidademarketing.com.br\/marketing\/#\/schema\/logo\/image\/","url":"https:\/\/www.cidademarketing.com.br\/marketing\/wp-content\/uploads\/2020\/01\/cidademarketing_marca_mobile.png","contentUrl":"https:\/\/www.cidademarketing.com.br\/marketing\/wp-content\/uploads\/2020\/01\/cidademarketing_marca_mobile.png","width":230,"height":92,"caption":"CidadeMarketing"},"image":{"@id":"https:\/\/www.cidademarketing.com.br\/marketing\/#\/schema\/logo\/image\/"},"sameAs":["https:\/\/www.facebook.com\/portalcidademarketing","https:\/\/x.com\/CidadeMarketing","https:\/\/www.instagram.com\/cidademarketing\/"]},{"@type":"Person","@id":"https:\/\/www.cidademarketing.com.br\/marketing\/#\/schema\/person\/02daff9f18bd9378c9e01eb6b2db155f","name":"Thales Brand\u00e3o","image":{"@type":"ImageObject","inLanguage":"pt-BR","@id":"https:\/\/secure.gravatar.com\/avatar\/7ca3206950207cc3cb48feec56a8a7898741ab725c368d99d5d7a5a50aab80c6?s=96&d=mm&r=g","url":"https:\/\/secure.gravatar.com\/avatar\/7ca3206950207cc3cb48feec56a8a7898741ab725c368d99d5d7a5a50aab80c6?s=96&d=mm&r=g","contentUrl":"https:\/\/secure.gravatar.com\/avatar\/7ca3206950207cc3cb48feec56a8a7898741ab725c368d99d5d7a5a50aab80c6?s=96&d=mm&r=g","caption":"Thales Brand\u00e3o"},"description":"Editor Executivo do Portal CidadeMarketing.com.br &gt; Mestre em Comunica\u00e7\u00e3o e Sociedade pela Universidade Federal de Sergipe. Possui MBA Executivo em Administra\u00e7\u00e3o com \u00eanfase em Marketing pela Funda\u00e7\u00e3o Get\u00falio Vargas - Rio de Janeiro. Consultor, Palestrante e Pesquisador sobre Empreendedorismo, Marketing, Redes Sociais e Neg\u00f3cios Digitais. Professor, Palestrante TedxTalks e Campus Party. Twitter: @ThalesBrandao","sameAs":["http:\/\/www.mandacaru.com.br","https:\/\/www.facebook.com\/thalesbrandao","http:\/\/www.instagram.com.br\/thalesbrandaoferreira","https:\/\/www.linkedin.com\/in\/thales-brand\u00e3o-3948609\/","https:\/\/x.com\/http:\/\/www.twitter.com\/thalesbrandao"],"url":"https:\/\/www.cidademarketing.com.br\/marketing\/author\/thalesbrandao\/"}]}},"amp_enabled":true,"_links":{"self":[{"href":"https:\/\/www.cidademarketing.com.br\/marketing\/wp-json\/wp\/v2\/posts\/25465","targetHints":{"allow":["GET"]}}],"collection":[{"href":"https:\/\/www.cidademarketing.com.br\/marketing\/wp-json\/wp\/v2\/posts"}],"about":[{"href":"https:\/\/www.cidademarketing.com.br\/marketing\/wp-json\/wp\/v2\/types\/post"}],"author":[{"embeddable":true,"href":"https:\/\/www.cidademarketing.com.br\/marketing\/wp-json\/wp\/v2\/users\/1"}],"replies":[{"embeddable":true,"href":"https:\/\/www.cidademarketing.com.br\/marketing\/wp-json\/wp\/v2\/comments?post=25465"}],"version-history":[{"count":1,"href":"https:\/\/www.cidademarketing.com.br\/marketing\/wp-json\/wp\/v2\/posts\/25465\/revisions"}],"predecessor-version":[{"id":25467,"href":"https:\/\/www.cidademarketing.com.br\/marketing\/wp-json\/wp\/v2\/posts\/25465\/revisions\/25467"}],"wp:featuredmedia":[{"embeddable":true,"href":"https:\/\/www.cidademarketing.com.br\/marketing\/wp-json\/wp\/v2\/media\/25466"}],"wp:attachment":[{"href":"https:\/\/www.cidademarketing.com.br\/marketing\/wp-json\/wp\/v2\/media?parent=25465"}],"wp:term":[{"taxonomy":"category","embeddable":true,"href":"https:\/\/www.cidademarketing.com.br\/marketing\/wp-json\/wp\/v2\/categories?post=25465"},{"taxonomy":"post_tag","embeddable":true,"href":"https:\/\/www.cidademarketing.com.br\/marketing\/wp-json\/wp\/v2\/tags?post=25465"}],"curies":[{"name":"wp","href":"https:\/\/api.w.org\/{rel}","templated":true}]}}