{"id":25424,"date":"2021-07-13T19:32:55","date_gmt":"2021-07-13T22:32:55","guid":{"rendered":"https:\/\/www.cidademarketing.com.br\/marketing\/?p=25424"},"modified":"2021-07-13T19:32:58","modified_gmt":"2021-07-13T22:32:58","slug":"grupo-rbs-celebra-dia-dos-avos-com-mensagem-de-esperanca","status":"publish","type":"post","link":"https:\/\/www.cidademarketing.com.br\/marketing\/2021\/07\/13\/grupo-rbs-celebra-dia-dos-avos-com-mensagem-de-esperanca\/","title":{"rendered":"Grupo RBS celebra Dia dos Av\u00f3s com mensagem de esperan\u00e7a"},"content":{"rendered":"\n<p>Amor\u00a0em dobro.\u00a0Amor que \u00e9 cheio de leveza e do\u00e7ura. Que renova e nos d\u00e1 energia.\u00a0Que cultiva\u00a0tradi\u00e7\u00e3o, mas que tamb\u00e9m nos faz ser crian\u00e7a de novo.\u00a0Esse \u00e9 o amor\u00a0de v\u00f4 e v\u00f3,\u00a0um\u00a0sentimento que, com a pandemia, se ressignificou\u00a0e foi incentivo\u00a0para termos\u00a0esperan\u00e7a e nunca esquecermos\u00a0de acreditar.\u00a0\u00c9 essa rela\u00e7\u00e3o que\u00a0protagoniza a nova campanha do <strong>Grupo RBS<\/strong>,\u00a0lan\u00e7ada nesta\u00a0ter\u00e7a-feira (13). A\u00a0a\u00e7\u00e3o\u00a0marca\u00a0o Dia dos Av\u00f3s, comemorado no dia 26 de julho,\u00a0celebrando\u00a0a esperan\u00e7a\u00a0pelo reencontro, poss\u00edvel gra\u00e7as ao processo de vacina\u00e7\u00e3o contra a covid-19.\u00a0\u00a0\u00a0\u00a0\u00a0<\/p>\n\n\n\n<p>Com o conceito &#8220;o amor nos d\u00e1 esperan\u00e7a para acreditar&#8221;, a campanha&nbsp;exalta o afeto daquele que foi um&nbsp;dos grupos mais impactados pelo distanciamento&nbsp;social&nbsp;provocado pela pandemia e que, agora, com o avan\u00e7o da vacina\u00e7\u00e3o e as boas perspectivas para o futuro,&nbsp;comemora&nbsp;os&nbsp;encontros que d\u00e3o fim \u00e0 saudade do \u00faltimo ano.&nbsp;A a\u00e7\u00e3o&nbsp;convida os ga\u00fachos a&nbsp;encontrarem&nbsp;a melhor forma de estar junto&nbsp;a seus av\u00f3s&nbsp;e&nbsp;retribu\u00edrem&nbsp;esse amor.&nbsp;&nbsp;&nbsp;&nbsp;&nbsp;<\/p>\n\n\n\n<p>A campanha d\u00e1\u00a0sequ\u00eancia \u00e0\u00a0proposta\u00a0de\u00a0celebrar\u00a0o amor familiar\u00a0com\u00a0as\u00a0a\u00e7\u00f5es de comunica\u00e7\u00e3o\u00a0de Dia das M\u00e3es, Dia dos Av\u00f3s e Dia dos Pais\u00a0conectadas a partir de\u00a0uma mesma narrativa, mas sob diferentes perspectivas. Agora,\u00a0o filme de Dia dos Av\u00f3s traz o ponto de vista da hist\u00f3ria pela\u00a0<a rel=\"noreferrer noopener\" href=\"https:\/\/www.youtube.com\/watch?v=mzW34gu-qCE\" target=\"_blank\">m\u00e3e da bombeira do filme de Dia das M\u00e3es<\/a>.\u00a0Lan\u00e7ado nesta ter\u00e7a-feira durante a programa\u00e7\u00e3o da <strong>RBS TV<\/strong>, o\u00a0filme\u00a0conta\u00a0a hist\u00f3ria\u00a0da av\u00f3, que\u00a0permaneceu fisicamente distanciada da\u00a0sua neta desde o in\u00edcio da pandemia, ressignificando o &#8220;viver junto&#8221; apenas pelo contato virtual.\u00a0Ap\u00f3s\u00a0a av\u00f3\u00a0receber as duas doses da vacina contra a covid-19, o filme mostra\u00a0a emo\u00e7\u00e3o do reencontro\u00a0entre as duas.\u00a0\u00a0\u00a0\u00a0\u00a0\u00a0<\/p>\n\n\n\n<p>Em sequ\u00eancia&nbsp;\u00e0 campanha de Dia dos Av\u00f3s, o p\u00fablico poder\u00e1 conferir a a\u00e7\u00e3o final com a campanha de Dia dos Pais,&nbsp;que ser\u00e1 lan\u00e7ada nos pr\u00f3ximos dias.&nbsp;&nbsp;&nbsp;&nbsp;<\/p>\n\n\n\n<p>Conte\u00fados editoriais ser\u00e3o preparados em homenagem \u00e0 data.\u00a0Na <strong><a href=\"https:\/\/gauchazh.clicrbs.com.br\/donna\/ultimas-noticias\/\">Revista Donna<\/a><\/strong>, por exemplo, haver\u00e1 uma mat\u00e9ria de capa, com tema &#8220;o que aprendi com maternidade e fiz diferente com meus netos&#8221;.\u00a0Al\u00e9m do filme publicit\u00e1rio, a campanha\u00a0de Dia dos Av\u00f3s\u00a0ser\u00e1\u00a0desdobrada\u00a0nas redes sociais do Grupo RBS, com valoriza\u00e7\u00e3o dos conte\u00fados editoriais e intera\u00e7\u00e3o com o p\u00fablico. A a\u00e7\u00e3o tem a\u00a0#AmorQueAcolhe\u00a0e conta com desdobramentos em r\u00e1dio, no digital e no impresso.\u00a0\u00a0\u00a0\u00a0<\/p>\n\n\n\n<p><\/p>\n\n\n\n<figure class=\"wp-block-embed is-type-video is-provider-youtube wp-block-embed-youtube wp-embed-aspect-16-9 wp-has-aspect-ratio\"><div class=\"wp-block-embed__wrapper\">\n<div class=\"youtube-embed\" data-video_id=\"eawBhVtxHbM\"><iframe title=\"Filme Dia dos Av\u00f3s 2021 | Grupo RBS\" width=\"640\" height=\"360\" src=\"https:\/\/www.youtube.com\/embed\/eawBhVtxHbM?feature=oembed&#038;enablejsapi=1\" frameborder=\"0\" allow=\"accelerometer; autoplay; clipboard-write; encrypted-media; gyroscope; picture-in-picture; web-share\" referrerpolicy=\"strict-origin-when-cross-origin\" allowfullscreen><\/iframe><\/div>\n<\/div><\/figure>\n\n\n\n<p><strong>Ficha t\u00e9cnica da campanha: &nbsp;<\/strong>&nbsp;<\/p>\n\n\n\n<p>Anunciante: Grupo RBS &nbsp;&nbsp;&nbsp;<\/p>\n\n\n\n<p>Produtora de v\u00eddeo: Mythago&nbsp;&nbsp;<\/p>\n\n\n\n<p>Diretor: Mocita Fagundes&nbsp;&nbsp;<\/p>\n\n\n\n<p>Assistente de dire\u00e7\u00e3o: Leticia Azevedo&nbsp;&nbsp;<\/p>\n\n\n\n<p>Diretor de Fotografia: Marx Franzen&nbsp;&nbsp;<\/p>\n\n\n\n<p>Diretora de Produ\u00e7\u00e3o: M\u00e1rcia Belloc e N\u00e1dia Mendes&nbsp;&nbsp;<\/p>\n\n\n\n<p>Diretor de Arte: Bernardo Zortea&nbsp;&nbsp;<\/p>\n\n\n\n<p>Atendimento: Mirela Cunha&nbsp;&nbsp;<\/p>\n\n\n\n<p>Produ\u00e7\u00e3o de Elenco: Fabianne Freitas&nbsp;&nbsp;<\/p>\n\n\n\n<p>Make: Val\u00e9ria Oliveira&nbsp;&nbsp;<\/p>\n\n\n\n<p>Montagem: Yuri Veiga&nbsp;&nbsp;<\/p>\n\n\n\n<p>Finaliza\u00e7\u00e3o: Guilherme Muxfeldt&nbsp;&nbsp;<\/p>\n\n\n\n<p>Coordena\u00e7\u00e3o de P\u00f3s: Luiz Todeschini&nbsp;&nbsp;<\/p>\n\n\n\n<p>Produtora de \u00c1udio: Radioativa&nbsp;&nbsp;<\/p>\n\n\n\n<p>Dire\u00e7\u00e3o de Cria\u00e7\u00e3o: Fernanda Alencastro&nbsp;&nbsp;<\/p>\n\n\n\n<p>Dire\u00e7\u00e3o de Arte: Paula Hartz &nbsp;&nbsp;&nbsp;<\/p>\n\n\n\n<p>Roteiro: Tiago Russel e Rafael Bohrer&nbsp;&nbsp;<\/p>\n\n\n\n<p>Aprova\u00e7\u00e3o: Caroline Torma, B\u00e1rbara Fabres, Fernanda Alencastro e Gabriela Luz Rocha&nbsp;&nbsp;<\/p>\n","protected":false},"excerpt":{"rendered":"<p>Amor\u00a0em dobro.\u00a0Amor que \u00e9 cheio de leveza e do\u00e7ura. Que renova e nos d\u00e1 energia.\u00a0Que cultiva\u00a0tradi\u00e7\u00e3o, mas que tamb\u00e9m nos faz ser crian\u00e7a de novo.\u00a0Esse \u00e9 o amor\u00a0de v\u00f4 e v\u00f3,\u00a0um\u00a0sentimento que, com a pandemia, se ressignificou\u00a0e foi incentivo\u00a0para termos\u00a0esperan\u00e7a e nunca esquecermos\u00a0de acreditar.\u00a0\u00c9 essa rela\u00e7\u00e3o que\u00a0protagoniza a nova campanha do Grupo RBS,\u00a0lan\u00e7ada nesta\u00a0ter\u00e7a-feira (13). [&hellip;]<\/p>\n","protected":false},"author":1,"featured_media":25425,"comment_status":"open","ping_status":"open","sticky":false,"template":"","format":"standard","meta":{"tdm_status":"","tdm_grid_status":"","footnotes":""},"categories":[6],"tags":[65,33,3557],"class_list":["post-25424","post","type-post","status-publish","format-standard","has-post-thumbnail","hentry","category-noticias","tag-campanha","tag-estrategia","tag-rbs"],"yoast_head":"<!-- This site is optimized with the Yoast SEO plugin v27.5 - https:\/\/yoast.com\/product\/yoast-seo-wordpress\/ -->\n<title>Grupo RBS celebra Dia dos Av\u00f3s com mensagem de esperan\u00e7a - CidadeMarketing<\/title>\n<meta name=\"robots\" content=\"index, follow, max-snippet:-1, max-image-preview:large, max-video-preview:-1\" \/>\n<link rel=\"canonical\" href=\"https:\/\/www.cidademarketing.com.br\/marketing\/2021\/07\/13\/grupo-rbs-celebra-dia-dos-avos-com-mensagem-de-esperanca\/\" \/>\n<meta property=\"og:locale\" content=\"pt_BR\" \/>\n<meta property=\"og:type\" content=\"article\" \/>\n<meta property=\"og:title\" content=\"Grupo RBS celebra Dia dos Av\u00f3s com mensagem de esperan\u00e7a - CidadeMarketing\" \/>\n<meta property=\"og:description\" content=\"Amor\u00a0em dobro.\u00a0Amor que \u00e9 cheio de leveza e do\u00e7ura. Que renova e nos d\u00e1 energia.\u00a0Que cultiva\u00a0tradi\u00e7\u00e3o, mas que tamb\u00e9m nos faz ser crian\u00e7a de novo.\u00a0Esse \u00e9 o amor\u00a0de v\u00f4 e v\u00f3,\u00a0um\u00a0sentimento que, com a pandemia, se ressignificou\u00a0e foi incentivo\u00a0para termos\u00a0esperan\u00e7a e nunca esquecermos\u00a0de acreditar.\u00a0\u00c9 essa rela\u00e7\u00e3o que\u00a0protagoniza a nova campanha do Grupo RBS,\u00a0lan\u00e7ada nesta\u00a0ter\u00e7a-feira (13). [&hellip;]\" \/>\n<meta property=\"og:url\" content=\"https:\/\/www.cidademarketing.com.br\/marketing\/2021\/07\/13\/grupo-rbs-celebra-dia-dos-avos-com-mensagem-de-esperanca\/\" \/>\n<meta property=\"og:site_name\" content=\"CidadeMarketing\" \/>\n<meta property=\"article:publisher\" content=\"https:\/\/www.facebook.com\/portalcidademarketing\" \/>\n<meta property=\"article:author\" content=\"https:\/\/www.facebook.com\/thalesbrandao\" \/>\n<meta property=\"article:published_time\" content=\"2021-07-13T22:32:55+00:00\" \/>\n<meta property=\"article:modified_time\" content=\"2021-07-13T22:32:58+00:00\" \/>\n<meta property=\"og:image\" content=\"https:\/\/www.cidademarketing.com.br\/marketing\/wp-content\/uploads\/2021\/07\/Filme-Dia-dos-Avo\u0301s_-Cre\u0301dito_Divulgac\u0327a\u0303o.png\" \/>\n\t<meta property=\"og:image:width\" content=\"1886\" \/>\n\t<meta property=\"og:image:height\" content=\"1035\" \/>\n\t<meta property=\"og:image:type\" content=\"image\/png\" \/>\n<meta name=\"author\" content=\"Thales Brand\u00e3o\" \/>\n<meta name=\"twitter:card\" content=\"summary_large_image\" \/>\n<meta name=\"twitter:creator\" content=\"@http:\/\/www.twitter.com\/thalesbrandao\" \/>\n<meta name=\"twitter:site\" content=\"@CidadeMarketing\" \/>\n<meta name=\"twitter:label1\" content=\"Escrito por\" \/>\n\t<meta name=\"twitter:data1\" content=\"Thales Brand\u00e3o\" \/>\n\t<meta name=\"twitter:label2\" content=\"Est. tempo de leitura\" \/>\n\t<meta name=\"twitter:data2\" content=\"3 minutos\" \/>\n<script type=\"application\/ld+json\" class=\"yoast-schema-graph\">{\"@context\":\"https:\\\/\\\/schema.org\",\"@graph\":[{\"@type\":\"Article\",\"@id\":\"https:\\\/\\\/www.cidademarketing.com.br\\\/marketing\\\/2021\\\/07\\\/13\\\/grupo-rbs-celebra-dia-dos-avos-com-mensagem-de-esperanca\\\/#article\",\"isPartOf\":{\"@id\":\"https:\\\/\\\/www.cidademarketing.com.br\\\/marketing\\\/2021\\\/07\\\/13\\\/grupo-rbs-celebra-dia-dos-avos-com-mensagem-de-esperanca\\\/\"},\"author\":{\"name\":\"Thales Brand\u00e3o\",\"@id\":\"https:\\\/\\\/www.cidademarketing.com.br\\\/marketing\\\/#\\\/schema\\\/person\\\/02daff9f18bd9378c9e01eb6b2db155f\"},\"headline\":\"Grupo RBS celebra Dia dos Av\u00f3s com mensagem de esperan\u00e7a\",\"datePublished\":\"2021-07-13T22:32:55+00:00\",\"dateModified\":\"2021-07-13T22:32:58+00:00\",\"mainEntityOfPage\":{\"@id\":\"https:\\\/\\\/www.cidademarketing.com.br\\\/marketing\\\/2021\\\/07\\\/13\\\/grupo-rbs-celebra-dia-dos-avos-com-mensagem-de-esperanca\\\/\"},\"wordCount\":634,\"commentCount\":0,\"publisher\":{\"@id\":\"https:\\\/\\\/www.cidademarketing.com.br\\\/marketing\\\/#organization\"},\"image\":{\"@id\":\"https:\\\/\\\/www.cidademarketing.com.br\\\/marketing\\\/2021\\\/07\\\/13\\\/grupo-rbs-celebra-dia-dos-avos-com-mensagem-de-esperanca\\\/#primaryimage\"},\"thumbnailUrl\":\"https:\\\/\\\/www.cidademarketing.com.br\\\/marketing\\\/wp-content\\\/uploads\\\/2021\\\/07\\\/Filme-Dia-dos-Avo\u0301s_-Cre\u0301dito_Divulgac\u0327a\u0303o.png\",\"keywords\":[\"campanha\",\"estrat\u00e9gia\",\"RBS\"],\"articleSection\":[\"Not\u00edcias\"],\"inLanguage\":\"pt-BR\",\"potentialAction\":[{\"@type\":\"CommentAction\",\"name\":\"Comment\",\"target\":[\"https:\\\/\\\/www.cidademarketing.com.br\\\/marketing\\\/2021\\\/07\\\/13\\\/grupo-rbs-celebra-dia-dos-avos-com-mensagem-de-esperanca\\\/#respond\"]}]},{\"@type\":\"WebPage\",\"@id\":\"https:\\\/\\\/www.cidademarketing.com.br\\\/marketing\\\/2021\\\/07\\\/13\\\/grupo-rbs-celebra-dia-dos-avos-com-mensagem-de-esperanca\\\/\",\"url\":\"https:\\\/\\\/www.cidademarketing.com.br\\\/marketing\\\/2021\\\/07\\\/13\\\/grupo-rbs-celebra-dia-dos-avos-com-mensagem-de-esperanca\\\/\",\"name\":\"Grupo RBS celebra Dia dos Av\u00f3s com mensagem de esperan\u00e7a - CidadeMarketing\",\"isPartOf\":{\"@id\":\"https:\\\/\\\/www.cidademarketing.com.br\\\/marketing\\\/#website\"},\"primaryImageOfPage\":{\"@id\":\"https:\\\/\\\/www.cidademarketing.com.br\\\/marketing\\\/2021\\\/07\\\/13\\\/grupo-rbs-celebra-dia-dos-avos-com-mensagem-de-esperanca\\\/#primaryimage\"},\"image\":{\"@id\":\"https:\\\/\\\/www.cidademarketing.com.br\\\/marketing\\\/2021\\\/07\\\/13\\\/grupo-rbs-celebra-dia-dos-avos-com-mensagem-de-esperanca\\\/#primaryimage\"},\"thumbnailUrl\":\"https:\\\/\\\/www.cidademarketing.com.br\\\/marketing\\\/wp-content\\\/uploads\\\/2021\\\/07\\\/Filme-Dia-dos-Avo\u0301s_-Cre\u0301dito_Divulgac\u0327a\u0303o.png\",\"datePublished\":\"2021-07-13T22:32:55+00:00\",\"dateModified\":\"2021-07-13T22:32:58+00:00\",\"breadcrumb\":{\"@id\":\"https:\\\/\\\/www.cidademarketing.com.br\\\/marketing\\\/2021\\\/07\\\/13\\\/grupo-rbs-celebra-dia-dos-avos-com-mensagem-de-esperanca\\\/#breadcrumb\"},\"inLanguage\":\"pt-BR\",\"potentialAction\":[{\"@type\":\"ReadAction\",\"target\":[\"https:\\\/\\\/www.cidademarketing.com.br\\\/marketing\\\/2021\\\/07\\\/13\\\/grupo-rbs-celebra-dia-dos-avos-com-mensagem-de-esperanca\\\/\"]}]},{\"@type\":\"ImageObject\",\"inLanguage\":\"pt-BR\",\"@id\":\"https:\\\/\\\/www.cidademarketing.com.br\\\/marketing\\\/2021\\\/07\\\/13\\\/grupo-rbs-celebra-dia-dos-avos-com-mensagem-de-esperanca\\\/#primaryimage\",\"url\":\"https:\\\/\\\/www.cidademarketing.com.br\\\/marketing\\\/wp-content\\\/uploads\\\/2021\\\/07\\\/Filme-Dia-dos-Avo\u0301s_-Cre\u0301dito_Divulgac\u0327a\u0303o.png\",\"contentUrl\":\"https:\\\/\\\/www.cidademarketing.com.br\\\/marketing\\\/wp-content\\\/uploads\\\/2021\\\/07\\\/Filme-Dia-dos-Avo\u0301s_-Cre\u0301dito_Divulgac\u0327a\u0303o.png\",\"width\":1886,\"height\":1035,\"caption\":\"Divulga\u00e7\u00e3o\"},{\"@type\":\"BreadcrumbList\",\"@id\":\"https:\\\/\\\/www.cidademarketing.com.br\\\/marketing\\\/2021\\\/07\\\/13\\\/grupo-rbs-celebra-dia-dos-avos-com-mensagem-de-esperanca\\\/#breadcrumb\",\"itemListElement\":[{\"@type\":\"ListItem\",\"position\":1,\"name\":\"In\u00edcio\",\"item\":\"https:\\\/\\\/www.cidademarketing.com.br\\\/marketing\\\/\"},{\"@type\":\"ListItem\",\"position\":2,\"name\":\"Grupo RBS celebra Dia dos Av\u00f3s com mensagem de esperan\u00e7a\"}]},{\"@type\":\"WebSite\",\"@id\":\"https:\\\/\\\/www.cidademarketing.com.br\\\/marketing\\\/#website\",\"url\":\"https:\\\/\\\/www.cidademarketing.com.br\\\/marketing\\\/\",\"name\":\"CidadeMarketing\",\"description\":\"Somos um ve\u00edculo de comunica\u00e7\u00e3o de destaque no Brasil, reconhecido por conte\u00fados nos segmentos de marketing, empreendedorismo e inova\u00e7\u00e3o.\",\"publisher\":{\"@id\":\"https:\\\/\\\/www.cidademarketing.com.br\\\/marketing\\\/#organization\"},\"alternateName\":\"CidadeMarketing\",\"potentialAction\":[{\"@type\":\"SearchAction\",\"target\":{\"@type\":\"EntryPoint\",\"urlTemplate\":\"https:\\\/\\\/www.cidademarketing.com.br\\\/marketing\\\/?s={search_term_string}\"},\"query-input\":{\"@type\":\"PropertyValueSpecification\",\"valueRequired\":true,\"valueName\":\"search_term_string\"}}],\"inLanguage\":\"pt-BR\"},{\"@type\":\"Organization\",\"@id\":\"https:\\\/\\\/www.cidademarketing.com.br\\\/marketing\\\/#organization\",\"name\":\"CidadeMarketing\",\"alternateName\":\"CidadeMarketing\",\"url\":\"https:\\\/\\\/www.cidademarketing.com.br\\\/marketing\\\/\",\"logo\":{\"@type\":\"ImageObject\",\"inLanguage\":\"pt-BR\",\"@id\":\"https:\\\/\\\/www.cidademarketing.com.br\\\/marketing\\\/#\\\/schema\\\/logo\\\/image\\\/\",\"url\":\"https:\\\/\\\/www.cidademarketing.com.br\\\/marketing\\\/wp-content\\\/uploads\\\/2020\\\/01\\\/cidademarketing_marca_mobile.png\",\"contentUrl\":\"https:\\\/\\\/www.cidademarketing.com.br\\\/marketing\\\/wp-content\\\/uploads\\\/2020\\\/01\\\/cidademarketing_marca_mobile.png\",\"width\":230,\"height\":92,\"caption\":\"CidadeMarketing\"},\"image\":{\"@id\":\"https:\\\/\\\/www.cidademarketing.com.br\\\/marketing\\\/#\\\/schema\\\/logo\\\/image\\\/\"},\"sameAs\":[\"https:\\\/\\\/www.facebook.com\\\/portalcidademarketing\",\"https:\\\/\\\/x.com\\\/CidadeMarketing\",\"https:\\\/\\\/www.instagram.com\\\/cidademarketing\\\/\"]},{\"@type\":\"Person\",\"@id\":\"https:\\\/\\\/www.cidademarketing.com.br\\\/marketing\\\/#\\\/schema\\\/person\\\/02daff9f18bd9378c9e01eb6b2db155f\",\"name\":\"Thales Brand\u00e3o\",\"image\":{\"@type\":\"ImageObject\",\"inLanguage\":\"pt-BR\",\"@id\":\"https:\\\/\\\/secure.gravatar.com\\\/avatar\\\/7ca3206950207cc3cb48feec56a8a7898741ab725c368d99d5d7a5a50aab80c6?s=96&d=mm&r=g\",\"url\":\"https:\\\/\\\/secure.gravatar.com\\\/avatar\\\/7ca3206950207cc3cb48feec56a8a7898741ab725c368d99d5d7a5a50aab80c6?s=96&d=mm&r=g\",\"contentUrl\":\"https:\\\/\\\/secure.gravatar.com\\\/avatar\\\/7ca3206950207cc3cb48feec56a8a7898741ab725c368d99d5d7a5a50aab80c6?s=96&d=mm&r=g\",\"caption\":\"Thales Brand\u00e3o\"},\"description\":\"Editor Executivo do Portal CidadeMarketing.com.br &gt; Mestre em Comunica\u00e7\u00e3o e Sociedade pela Universidade Federal de Sergipe. Possui MBA Executivo em Administra\u00e7\u00e3o com \u00eanfase em Marketing pela Funda\u00e7\u00e3o Get\u00falio Vargas - Rio de Janeiro. Consultor, Palestrante e Pesquisador sobre Empreendedorismo, Marketing, Redes Sociais e Neg\u00f3cios Digitais. Professor, Palestrante TedxTalks e Campus Party. Twitter: @ThalesBrandao\",\"sameAs\":[\"http:\\\/\\\/www.mandacaru.com.br\",\"https:\\\/\\\/www.facebook.com\\\/thalesbrandao\",\"http:\\\/\\\/www.instagram.com.br\\\/thalesbrandaoferreira\",\"https:\\\/\\\/www.linkedin.com\\\/in\\\/thales-brand\u00e3o-3948609\\\/\",\"https:\\\/\\\/x.com\\\/http:\\\/\\\/www.twitter.com\\\/thalesbrandao\"],\"url\":\"https:\\\/\\\/www.cidademarketing.com.br\\\/marketing\\\/author\\\/thalesbrandao\\\/\"}]}<\/script>\n<!-- \/ Yoast SEO plugin. -->","yoast_head_json":{"title":"Grupo RBS celebra Dia dos Av\u00f3s com mensagem de esperan\u00e7a - CidadeMarketing","robots":{"index":"index","follow":"follow","max-snippet":"max-snippet:-1","max-image-preview":"max-image-preview:large","max-video-preview":"max-video-preview:-1"},"canonical":"https:\/\/www.cidademarketing.com.br\/marketing\/2021\/07\/13\/grupo-rbs-celebra-dia-dos-avos-com-mensagem-de-esperanca\/","og_locale":"pt_BR","og_type":"article","og_title":"Grupo RBS celebra Dia dos Av\u00f3s com mensagem de esperan\u00e7a - CidadeMarketing","og_description":"Amor\u00a0em dobro.\u00a0Amor que \u00e9 cheio de leveza e do\u00e7ura. Que renova e nos d\u00e1 energia.\u00a0Que cultiva\u00a0tradi\u00e7\u00e3o, mas que tamb\u00e9m nos faz ser crian\u00e7a de novo.\u00a0Esse \u00e9 o amor\u00a0de v\u00f4 e v\u00f3,\u00a0um\u00a0sentimento que, com a pandemia, se ressignificou\u00a0e foi incentivo\u00a0para termos\u00a0esperan\u00e7a e nunca esquecermos\u00a0de acreditar.\u00a0\u00c9 essa rela\u00e7\u00e3o que\u00a0protagoniza a nova campanha do Grupo RBS,\u00a0lan\u00e7ada nesta\u00a0ter\u00e7a-feira (13). [&hellip;]","og_url":"https:\/\/www.cidademarketing.com.br\/marketing\/2021\/07\/13\/grupo-rbs-celebra-dia-dos-avos-com-mensagem-de-esperanca\/","og_site_name":"CidadeMarketing","article_publisher":"https:\/\/www.facebook.com\/portalcidademarketing","article_author":"https:\/\/www.facebook.com\/thalesbrandao","article_published_time":"2021-07-13T22:32:55+00:00","article_modified_time":"2021-07-13T22:32:58+00:00","og_image":[{"width":1886,"height":1035,"url":"https:\/\/www.cidademarketing.com.br\/marketing\/wp-content\/uploads\/2021\/07\/Filme-Dia-dos-Avo\u0301s_-Cre\u0301dito_Divulgac\u0327a\u0303o.png","type":"image\/png"}],"author":"Thales Brand\u00e3o","twitter_card":"summary_large_image","twitter_creator":"@http:\/\/www.twitter.com\/thalesbrandao","twitter_site":"@CidadeMarketing","twitter_misc":{"Escrito por":"Thales Brand\u00e3o","Est. tempo de leitura":"3 minutos"},"schema":{"@context":"https:\/\/schema.org","@graph":[{"@type":"Article","@id":"https:\/\/www.cidademarketing.com.br\/marketing\/2021\/07\/13\/grupo-rbs-celebra-dia-dos-avos-com-mensagem-de-esperanca\/#article","isPartOf":{"@id":"https:\/\/www.cidademarketing.com.br\/marketing\/2021\/07\/13\/grupo-rbs-celebra-dia-dos-avos-com-mensagem-de-esperanca\/"},"author":{"name":"Thales Brand\u00e3o","@id":"https:\/\/www.cidademarketing.com.br\/marketing\/#\/schema\/person\/02daff9f18bd9378c9e01eb6b2db155f"},"headline":"Grupo RBS celebra Dia dos Av\u00f3s com mensagem de esperan\u00e7a","datePublished":"2021-07-13T22:32:55+00:00","dateModified":"2021-07-13T22:32:58+00:00","mainEntityOfPage":{"@id":"https:\/\/www.cidademarketing.com.br\/marketing\/2021\/07\/13\/grupo-rbs-celebra-dia-dos-avos-com-mensagem-de-esperanca\/"},"wordCount":634,"commentCount":0,"publisher":{"@id":"https:\/\/www.cidademarketing.com.br\/marketing\/#organization"},"image":{"@id":"https:\/\/www.cidademarketing.com.br\/marketing\/2021\/07\/13\/grupo-rbs-celebra-dia-dos-avos-com-mensagem-de-esperanca\/#primaryimage"},"thumbnailUrl":"https:\/\/www.cidademarketing.com.br\/marketing\/wp-content\/uploads\/2021\/07\/Filme-Dia-dos-Avo\u0301s_-Cre\u0301dito_Divulgac\u0327a\u0303o.png","keywords":["campanha","estrat\u00e9gia","RBS"],"articleSection":["Not\u00edcias"],"inLanguage":"pt-BR","potentialAction":[{"@type":"CommentAction","name":"Comment","target":["https:\/\/www.cidademarketing.com.br\/marketing\/2021\/07\/13\/grupo-rbs-celebra-dia-dos-avos-com-mensagem-de-esperanca\/#respond"]}]},{"@type":"WebPage","@id":"https:\/\/www.cidademarketing.com.br\/marketing\/2021\/07\/13\/grupo-rbs-celebra-dia-dos-avos-com-mensagem-de-esperanca\/","url":"https:\/\/www.cidademarketing.com.br\/marketing\/2021\/07\/13\/grupo-rbs-celebra-dia-dos-avos-com-mensagem-de-esperanca\/","name":"Grupo RBS celebra Dia dos Av\u00f3s com mensagem de esperan\u00e7a - CidadeMarketing","isPartOf":{"@id":"https:\/\/www.cidademarketing.com.br\/marketing\/#website"},"primaryImageOfPage":{"@id":"https:\/\/www.cidademarketing.com.br\/marketing\/2021\/07\/13\/grupo-rbs-celebra-dia-dos-avos-com-mensagem-de-esperanca\/#primaryimage"},"image":{"@id":"https:\/\/www.cidademarketing.com.br\/marketing\/2021\/07\/13\/grupo-rbs-celebra-dia-dos-avos-com-mensagem-de-esperanca\/#primaryimage"},"thumbnailUrl":"https:\/\/www.cidademarketing.com.br\/marketing\/wp-content\/uploads\/2021\/07\/Filme-Dia-dos-Avo\u0301s_-Cre\u0301dito_Divulgac\u0327a\u0303o.png","datePublished":"2021-07-13T22:32:55+00:00","dateModified":"2021-07-13T22:32:58+00:00","breadcrumb":{"@id":"https:\/\/www.cidademarketing.com.br\/marketing\/2021\/07\/13\/grupo-rbs-celebra-dia-dos-avos-com-mensagem-de-esperanca\/#breadcrumb"},"inLanguage":"pt-BR","potentialAction":[{"@type":"ReadAction","target":["https:\/\/www.cidademarketing.com.br\/marketing\/2021\/07\/13\/grupo-rbs-celebra-dia-dos-avos-com-mensagem-de-esperanca\/"]}]},{"@type":"ImageObject","inLanguage":"pt-BR","@id":"https:\/\/www.cidademarketing.com.br\/marketing\/2021\/07\/13\/grupo-rbs-celebra-dia-dos-avos-com-mensagem-de-esperanca\/#primaryimage","url":"https:\/\/www.cidademarketing.com.br\/marketing\/wp-content\/uploads\/2021\/07\/Filme-Dia-dos-Avo\u0301s_-Cre\u0301dito_Divulgac\u0327a\u0303o.png","contentUrl":"https:\/\/www.cidademarketing.com.br\/marketing\/wp-content\/uploads\/2021\/07\/Filme-Dia-dos-Avo\u0301s_-Cre\u0301dito_Divulgac\u0327a\u0303o.png","width":1886,"height":1035,"caption":"Divulga\u00e7\u00e3o"},{"@type":"BreadcrumbList","@id":"https:\/\/www.cidademarketing.com.br\/marketing\/2021\/07\/13\/grupo-rbs-celebra-dia-dos-avos-com-mensagem-de-esperanca\/#breadcrumb","itemListElement":[{"@type":"ListItem","position":1,"name":"In\u00edcio","item":"https:\/\/www.cidademarketing.com.br\/marketing\/"},{"@type":"ListItem","position":2,"name":"Grupo RBS celebra Dia dos Av\u00f3s com mensagem de esperan\u00e7a"}]},{"@type":"WebSite","@id":"https:\/\/www.cidademarketing.com.br\/marketing\/#website","url":"https:\/\/www.cidademarketing.com.br\/marketing\/","name":"CidadeMarketing","description":"Somos um ve\u00edculo de comunica\u00e7\u00e3o de destaque no Brasil, reconhecido por conte\u00fados nos segmentos de marketing, empreendedorismo e inova\u00e7\u00e3o.","publisher":{"@id":"https:\/\/www.cidademarketing.com.br\/marketing\/#organization"},"alternateName":"CidadeMarketing","potentialAction":[{"@type":"SearchAction","target":{"@type":"EntryPoint","urlTemplate":"https:\/\/www.cidademarketing.com.br\/marketing\/?s={search_term_string}"},"query-input":{"@type":"PropertyValueSpecification","valueRequired":true,"valueName":"search_term_string"}}],"inLanguage":"pt-BR"},{"@type":"Organization","@id":"https:\/\/www.cidademarketing.com.br\/marketing\/#organization","name":"CidadeMarketing","alternateName":"CidadeMarketing","url":"https:\/\/www.cidademarketing.com.br\/marketing\/","logo":{"@type":"ImageObject","inLanguage":"pt-BR","@id":"https:\/\/www.cidademarketing.com.br\/marketing\/#\/schema\/logo\/image\/","url":"https:\/\/www.cidademarketing.com.br\/marketing\/wp-content\/uploads\/2020\/01\/cidademarketing_marca_mobile.png","contentUrl":"https:\/\/www.cidademarketing.com.br\/marketing\/wp-content\/uploads\/2020\/01\/cidademarketing_marca_mobile.png","width":230,"height":92,"caption":"CidadeMarketing"},"image":{"@id":"https:\/\/www.cidademarketing.com.br\/marketing\/#\/schema\/logo\/image\/"},"sameAs":["https:\/\/www.facebook.com\/portalcidademarketing","https:\/\/x.com\/CidadeMarketing","https:\/\/www.instagram.com\/cidademarketing\/"]},{"@type":"Person","@id":"https:\/\/www.cidademarketing.com.br\/marketing\/#\/schema\/person\/02daff9f18bd9378c9e01eb6b2db155f","name":"Thales Brand\u00e3o","image":{"@type":"ImageObject","inLanguage":"pt-BR","@id":"https:\/\/secure.gravatar.com\/avatar\/7ca3206950207cc3cb48feec56a8a7898741ab725c368d99d5d7a5a50aab80c6?s=96&d=mm&r=g","url":"https:\/\/secure.gravatar.com\/avatar\/7ca3206950207cc3cb48feec56a8a7898741ab725c368d99d5d7a5a50aab80c6?s=96&d=mm&r=g","contentUrl":"https:\/\/secure.gravatar.com\/avatar\/7ca3206950207cc3cb48feec56a8a7898741ab725c368d99d5d7a5a50aab80c6?s=96&d=mm&r=g","caption":"Thales Brand\u00e3o"},"description":"Editor Executivo do Portal CidadeMarketing.com.br &gt; Mestre em Comunica\u00e7\u00e3o e Sociedade pela Universidade Federal de Sergipe. Possui MBA Executivo em Administra\u00e7\u00e3o com \u00eanfase em Marketing pela Funda\u00e7\u00e3o Get\u00falio Vargas - Rio de Janeiro. Consultor, Palestrante e Pesquisador sobre Empreendedorismo, Marketing, Redes Sociais e Neg\u00f3cios Digitais. Professor, Palestrante TedxTalks e Campus Party. Twitter: @ThalesBrandao","sameAs":["http:\/\/www.mandacaru.com.br","https:\/\/www.facebook.com\/thalesbrandao","http:\/\/www.instagram.com.br\/thalesbrandaoferreira","https:\/\/www.linkedin.com\/in\/thales-brand\u00e3o-3948609\/","https:\/\/x.com\/http:\/\/www.twitter.com\/thalesbrandao"],"url":"https:\/\/www.cidademarketing.com.br\/marketing\/author\/thalesbrandao\/"}]}},"amp_enabled":true,"_links":{"self":[{"href":"https:\/\/www.cidademarketing.com.br\/marketing\/wp-json\/wp\/v2\/posts\/25424","targetHints":{"allow":["GET"]}}],"collection":[{"href":"https:\/\/www.cidademarketing.com.br\/marketing\/wp-json\/wp\/v2\/posts"}],"about":[{"href":"https:\/\/www.cidademarketing.com.br\/marketing\/wp-json\/wp\/v2\/types\/post"}],"author":[{"embeddable":true,"href":"https:\/\/www.cidademarketing.com.br\/marketing\/wp-json\/wp\/v2\/users\/1"}],"replies":[{"embeddable":true,"href":"https:\/\/www.cidademarketing.com.br\/marketing\/wp-json\/wp\/v2\/comments?post=25424"}],"version-history":[{"count":1,"href":"https:\/\/www.cidademarketing.com.br\/marketing\/wp-json\/wp\/v2\/posts\/25424\/revisions"}],"predecessor-version":[{"id":25426,"href":"https:\/\/www.cidademarketing.com.br\/marketing\/wp-json\/wp\/v2\/posts\/25424\/revisions\/25426"}],"wp:featuredmedia":[{"embeddable":true,"href":"https:\/\/www.cidademarketing.com.br\/marketing\/wp-json\/wp\/v2\/media\/25425"}],"wp:attachment":[{"href":"https:\/\/www.cidademarketing.com.br\/marketing\/wp-json\/wp\/v2\/media?parent=25424"}],"wp:term":[{"taxonomy":"category","embeddable":true,"href":"https:\/\/www.cidademarketing.com.br\/marketing\/wp-json\/wp\/v2\/categories?post=25424"},{"taxonomy":"post_tag","embeddable":true,"href":"https:\/\/www.cidademarketing.com.br\/marketing\/wp-json\/wp\/v2\/tags?post=25424"}],"curies":[{"name":"wp","href":"https:\/\/api.w.org\/{rel}","templated":true}]}}