{"id":25418,"date":"2021-07-13T18:05:22","date_gmt":"2021-07-13T21:05:22","guid":{"rendered":"https:\/\/www.cidademarketing.com.br\/marketing\/?p=25418"},"modified":"2021-07-13T18:05:24","modified_gmt":"2021-07-13T21:05:24","slug":"vivo-lanca-promocao-para-o-dia-do-rock","status":"publish","type":"post","link":"https:\/\/www.cidademarketing.com.br\/marketing\/2021\/07\/13\/vivo-lanca-promocao-para-o-dia-do-rock\/","title":{"rendered":"Vivo lan\u00e7a promo\u00e7\u00e3o para o Dia do Rock"},"content":{"rendered":"\n<p>Som de qualidade e tecnologia marcam as comemora\u00e7\u00f5es na Vivo em homenagem ao Dia do Rock com uma sele\u00e7\u00e3o especial em produtos de \u00c1udio e Casa Conectada com ofertas imperd\u00edveis com parcelamento em at\u00e9 21 vezes sem juros em todos os canais de venda da Vivo e frete gr\u00e1tis para compras realizadas na Loja Online (<a href=\"https:\/\/lojaonline.vivo.com.br\" target=\"_blank\" rel=\"noreferrer noopener\">https:\/\/lojaonline.vivo.com.br<\/a>)\u00a0 para os amantes do rock e quem n\u00e3o dispensa uma m\u00fasica boa. Al\u00e9m disso, para as compras realizadas com o cart\u00e3o co-branded Vivo Itaucard, garante cashback de at\u00e9 10% em cr\u00e9ditos na pr\u00f3xima fatura. As ofertas est\u00e3o dispon\u00edveis at\u00e9 o dia 22 de julho.<\/p>\n\n\n\n<p>Com as restri\u00e7\u00f5es de circula\u00e7\u00e3o impostas pela pandemia da Covid-19, o escrit\u00f3rio, sala de aula, consult\u00f3rio e atividades de lazer foram para dentro das casas de milhares de pessoas em todo o mundo, transformando em novos h\u00e1bitos. Um deles foi a forma de acompanhar os \u00eddolos e conhecer novos artistas musicais por meio de <em>lives<\/em>, redes sociais e lan\u00e7amentos de single ou \u00e1lbuns em plataformas de streaming de \u00e1udio. E a Vivo n\u00e3o poderia deixar passar uma data t\u00e3o emblem\u00e1tica como o Dia do Rock, celebrada no dia 13 de julho h\u00e1 36 anos no mundo e h\u00e1 31 no Brasil.<\/p>\n\n\n\n<p>Entre as ofertas imperd\u00edveis para curtir o rock preferido, temos a caixa de som <a href=\"https:\/\/lojaonline.vivo.com.br\/vivostorefront\/p\/22019745\" target=\"_blank\" rel=\"noreferrer noopener\">Speaker Mega TWS hands-free 30W, da Multilaser<\/a>, por 21x de R$ 15 (ou R$ 299 \u00e0 vista). A caixa permite sincronizar diretamente com o smartphone ou tablet via bluetooth e pode ser emparelhada com outra caixa Speaker Mega para um som ainda mais potente em qualidade est\u00e9reo para at\u00e9 8 horas de uso.<\/p>\n\n\n\n<p>Som at\u00e9 debaixo d\u2019\u00e1gua? Tem na Vivo. A caixa de som bluetooth <a href=\"https:\/\/lojaonline.vivo.com.br\/vivostorefront\/p\/22018902\" target=\"_blank\" rel=\"noreferrer noopener\">JBL Flip 5 tem 20W<\/a> de pot\u00eancia \u00e9 \u00e0 prova d\u2019\u00e1gua (IPX7) e garante que a m\u00fasica n\u00e3o pare mesmo em caso de chuva ou imers\u00e3o em \u00e1gua. Por 21x de R$ 28 (ou R$ 579 \u00e0 vista), a JBL Flip 5 \u00e9 port\u00e1til, tem a fun\u00e7\u00e3o PartyBoost, que permite o emparelhamento com mais caixas compat\u00edveis com esta tecnologia e bateria para at\u00e9 12 horas de reprodu\u00e7\u00e3o. E por apenas R$ 189 \u00e0 vista, a Vivo traz em oferta a <a href=\"https:\/\/lojaonline.vivo.com.br\/vivostorefront\/p\/22018632\" target=\"_blank\" rel=\"noreferrer noopener\">Caixa de som Anker SoundCore Mini 2<\/a> que garante que sua playlist montada para comemorar o\u00a0 Dia do Rock n\u00e3o pare pela metade. Em formato compacto, a SoundCore Mini 2 tamb\u00e9m conta com classifica\u00e7\u00e3o IPX7 que protege contra respingos e submers\u00e3o total na \u00e1gua at\u00e9 1 metro de profundidade por 30 minutos.<\/p>\n\n\n\n<p>Pedir apenas por comando de voz, para a caixa de som tocar o rock preferido j\u00e1 \u00e9 realidade. O mais recente lan\u00e7amento entre as assistentes inteligentes \u00e9 o Google Nest Audio, j\u00e1 chegou na Vivo e est\u00e1 com pre\u00e7o promocional para o Dia do Rock, por 21 parcelas de R$36 (ou R$ 749 \u00e0 vista). Essa caixa de som inteligente conta com conectividade bluetooth de 5\u00aa gera\u00e7\u00e3o e wi-fi nas frequ\u00eancias de 2,4GHz e 5GHz e, al\u00e9m da qualidade de \u00e1udio e bons graves, o gadget permite se integrar e gerenciar outros dispositivos inteligentes presentes no ambiente, auxiliando com a marca\u00e7\u00e3o de lembretes, defini\u00e7\u00e3o de rotinas \u2013 como ligar e desligar ventilador, central de ar, cafeteiras ou qualquer equipamento <em>smart<\/em> integrado \u00e0 rede wi-fi local \u2013 e tamb\u00e9m ser acionada para iniciar a playlist da banda ou cantor de <em>rock and roll<\/em>.<\/p>\n\n\n\n<p>E para acompanhar o artista favorito enquanto est\u00e1 em movimento ou praticando atividades esportivas, a Vivo conta com fones de ouvido que s\u00e3o objeto de desejo dos consumidores, como o <a href=\"https:\/\/lojaonline.vivo.com.br\/vivostorefront\/Vivo\/Acess%C3%B3rios\/SAMSUNG-BUDS-PRO-R190-PT\/p\/22019927\" target=\"_blank\" rel=\"noreferrer noopener\">Samsung Galaxy Buds Pro<\/a>, por apenas 21x de R$ 48 (ou R$ 999 \u00e0 vista), embarcado com a tecnologia de cancelamento de ru\u00eddo ativo, alto-falante duplo que entregam graves e agudos fi\u00e9is e seis microfones embutidos, permitindo captura n\u00edtida do som da voz ou ambiente \u2013 o cliente pode selecionar o melhor modo \u2013 e tranquilidade durante as chamadas com a captura de \u00e1udio. O fone \u00e9 resistente \u00e0 \u00e1gua com prote\u00e7\u00e3o IPX7, possui autonomia para at\u00e9 5 horas de uso mais 13 horas do estojo que \u00e9 powerbank.<\/p>\n\n\n\n<p>J\u00e1 o fone intra-articular <a href=\"https:\/\/lojaonline.vivo.com.br\/vivostorefront\/p\/22019555\" target=\"_blank\" rel=\"noreferrer noopener\">Airbuds TWS, da Multilaser<\/a>, que custa R$ 169 \u00e0 vista, traz um design minimalista que promove o encaixe perfeito e recurso de pareamento r\u00e1pido gra\u00e7as ao bluetooth 5.0, bateria para at\u00e9 4 horas de reprodu\u00e7\u00e3o ininterrupta, tem alcance de at\u00e9 10 metros e \u00e9 compat\u00edvel com dispositivos que funcionam com os sistemas operacionais Android e iOS.<\/p>\n\n\n\n<p>Para conferir essas e outras ofertas para o Dia do Rock na Vivo que v\u00e3o de 13 a 22 de julho, basta clicar <a href=\"https:\/\/lojaonline.vivo.com.br\/vivostorefront\/Vivo\/Acess%C3%B3rios\/c\/diadorock\" target=\"_blank\" rel=\"noreferrer noopener\">aqui<\/a>, ou se dirigir a qualquer loja da Vivo. Neste <a href=\"https:\/\/www.vivo.com.br\/para-voce\/ajuda\/mais-ajuda\/encontre-uma-loja\" target=\"_blank\" rel=\"noreferrer noopener\">link<\/a> \u00e9 poss\u00edvel consultar a mais pr\u00f3xima.<\/p>\n\n\n\n<p><strong>Servi\u00e7os digitais e vouchers de desconto para clientes Vivo \u2013<\/strong> Al\u00e9m de aproveitar as melhores ofertas de aparelhos e acess\u00f3rios, os f\u00e3s de Rock que t\u00eam celular da Vivo podem assinar servi\u00e7os de streaming de m\u00fasica e pagar direto na conta, sem precisar de cart\u00e3o de cr\u00e9dito, gra\u00e7as a parcerias com Spotify e Tidal.<\/p>\n\n\n\n<p>No caso do Spotify, os clientes da Vivo t\u00eam tr\u00eas meses de gratuidade ao contratar o Spotify Premium Individual, que custa R$ 19,90\/m\u00eas &#8211; ou seja, ao escolher este plano ganham um trimestre de m\u00fasica sem intervalo comercial. Outra alternativa \u00e9 o plano Spotify Premium Fam\u00edlia, que custa R$ 34,90\/m\u00eas e pode ser compartilhado por at\u00e9 seis pessoas que vivem no mesmo endere\u00e7o, al\u00e9m de dar acesso ao&nbsp;Spotify Kids, que \u00e9&nbsp;um aplicativo separado&nbsp;feito especialmente para crian\u00e7as. O servi\u00e7o pode ser contratado neste <a href=\"https:\/\/vivo.com.br\/spotify-premium\" target=\"_blank\" rel=\"noreferrer noopener\">link<\/a> por clientes de planos p\u00f3s-pago e controle, que poder\u00e3o curtir mais de 70 milh\u00f5es de m\u00fasicas e mais de 2,6 milh\u00f5es de t\u00edtulos de podcast dispon\u00edveis no Spotify, que podem ser ouvidos online e offline, sem an\u00fancios e com alta qualidade de som.<\/p>\n\n\n\n<p>&nbsp;J\u00e1 o Tidal est\u00e1 dispon\u00edvel para clientes de planos p\u00f3s-pago, pr\u00e9-pago e controle da Vivo, que ganham 3 meses gr\u00e1tis do servi\u00e7o, ao escolher um dos planos dispon\u00edveis nas op\u00e7\u00f5es de qualidade de \u00e1udio normal ou Hi-Fi (alta defini\u00e7\u00e3o). Entre as alternativas, que podem ser contratadas no <a href=\"https:\/\/appstore.vivo.com.br\/sc\/br\/vivostore\/detalle\/tidal\/62028\/1987?id_origem_vivo=hub-servicos-digitais_tidal_cat-musica&amp;_ga=2.168262433.1652681942.1625498837-1871256778.1607548630\" target=\"_blank\" rel=\"noreferrer noopener\">site da Vivo<\/a>, est\u00e3o os planos Mensal, para uso individual com at\u00e9 tr\u00eas dispositivos (Normal, por R$ 15,99\/m\u00eas e Hi-Fi, por R$ 31,99\/m\u00eas), e Fam\u00edlia, com at\u00e9 cinco acessos simult\u00e2neos (Normal, por R$ 25,99\/m\u00eas e Hi-Fi, por R$ 51,99\/m\u00eas). Vale ressaltar que clientes eleg\u00edveis ao Vivo Valoriza, programa de relacionamento da Vivo, t\u00eam outros benef\u00edcios ao contratar o plano Individual do Tidal: al\u00e9m de 3 meses gr\u00e1tis, eles t\u00eam um desconto na mensalidade do servi\u00e7o v\u00e1lido pelos tr\u00eas meses subsequentes (Normal, por R$ 9,90 e Hi-Fi, por R$ 19,90) \u2013 a partir do 7\u00ba m\u00eas, o valor passa a ser o regular da oferta. Para usufruir o benef\u00edcio, basta resgatar o voucher da oferta direto no aplicativo Meu Vivo. O Tidal oferece mais de 70 milh\u00f5es de m\u00fasicas e 250 mil v\u00eddeos, incluindo shows ao vivo e conte\u00fados exclusivos, que podem ser ouvidos online e offline.<\/p>\n","protected":false},"excerpt":{"rendered":"<p>Som de qualidade e tecnologia marcam as comemora\u00e7\u00f5es na Vivo em homenagem ao Dia do Rock com uma sele\u00e7\u00e3o especial em produtos de \u00c1udio e Casa Conectada com ofertas imperd\u00edveis com parcelamento em at\u00e9 21 vezes sem juros em todos os canais de venda da Vivo e frete gr\u00e1tis para compras realizadas na Loja Online [&hellip;]<\/p>\n","protected":false},"author":1,"featured_media":25419,"comment_status":"open","ping_status":"open","sticky":false,"template":"","format":"standard","meta":{"tdm_status":"","tdm_grid_status":"","footnotes":""},"categories":[6],"tags":[4065,28,164,119],"class_list":["post-25418","post","type-post","status-publish","format-standard","has-post-thumbnail","hentry","category-noticias","tag-dia-do-rock","tag-marketing","tag-promocao","tag-vivo"],"yoast_head":"<!-- This site is optimized with the Yoast SEO plugin v27.5 - https:\/\/yoast.com\/product\/yoast-seo-wordpress\/ -->\n<title>Vivo lan\u00e7a promo\u00e7\u00e3o para o Dia do Rock - CidadeMarketing<\/title>\n<meta name=\"robots\" content=\"index, follow, max-snippet:-1, max-image-preview:large, max-video-preview:-1\" \/>\n<link rel=\"canonical\" href=\"https:\/\/www.cidademarketing.com.br\/marketing\/2021\/07\/13\/vivo-lanca-promocao-para-o-dia-do-rock\/\" \/>\n<meta property=\"og:locale\" content=\"pt_BR\" \/>\n<meta property=\"og:type\" content=\"article\" \/>\n<meta property=\"og:title\" content=\"Vivo lan\u00e7a promo\u00e7\u00e3o para o Dia do Rock - CidadeMarketing\" \/>\n<meta property=\"og:description\" content=\"Som de qualidade e tecnologia marcam as comemora\u00e7\u00f5es na Vivo em homenagem ao Dia do Rock com uma sele\u00e7\u00e3o especial em produtos de \u00c1udio e Casa Conectada com ofertas imperd\u00edveis com parcelamento em at\u00e9 21 vezes sem juros em todos os canais de venda da Vivo e frete gr\u00e1tis para compras realizadas na Loja Online [&hellip;]\" \/>\n<meta property=\"og:url\" content=\"https:\/\/www.cidademarketing.com.br\/marketing\/2021\/07\/13\/vivo-lanca-promocao-para-o-dia-do-rock\/\" \/>\n<meta property=\"og:site_name\" content=\"CidadeMarketing\" \/>\n<meta property=\"article:publisher\" content=\"https:\/\/www.facebook.com\/portalcidademarketing\" \/>\n<meta property=\"article:author\" content=\"https:\/\/www.facebook.com\/thalesbrandao\" \/>\n<meta property=\"article:published_time\" content=\"2021-07-13T21:05:22+00:00\" \/>\n<meta property=\"article:modified_time\" content=\"2021-07-13T21:05:24+00:00\" \/>\n<meta property=\"og:image\" content=\"https:\/\/www.cidademarketing.com.br\/marketing\/wp-content\/uploads\/2021\/07\/vivo_diadorock.jpg\" \/>\n\t<meta property=\"og:image:width\" content=\"567\" \/>\n\t<meta property=\"og:image:height\" content=\"538\" \/>\n\t<meta property=\"og:image:type\" content=\"image\/jpeg\" \/>\n<meta name=\"author\" content=\"Thales Brand\u00e3o\" \/>\n<meta name=\"twitter:card\" content=\"summary_large_image\" \/>\n<meta name=\"twitter:creator\" content=\"@http:\/\/www.twitter.com\/thalesbrandao\" \/>\n<meta name=\"twitter:site\" content=\"@CidadeMarketing\" \/>\n<meta name=\"twitter:label1\" content=\"Escrito por\" \/>\n\t<meta name=\"twitter:data1\" content=\"Thales Brand\u00e3o\" \/>\n\t<meta name=\"twitter:label2\" content=\"Est. tempo de leitura\" \/>\n\t<meta name=\"twitter:data2\" content=\"6 minutos\" \/>\n<script type=\"application\/ld+json\" class=\"yoast-schema-graph\">{\"@context\":\"https:\\\/\\\/schema.org\",\"@graph\":[{\"@type\":\"Article\",\"@id\":\"https:\\\/\\\/www.cidademarketing.com.br\\\/marketing\\\/2021\\\/07\\\/13\\\/vivo-lanca-promocao-para-o-dia-do-rock\\\/#article\",\"isPartOf\":{\"@id\":\"https:\\\/\\\/www.cidademarketing.com.br\\\/marketing\\\/2021\\\/07\\\/13\\\/vivo-lanca-promocao-para-o-dia-do-rock\\\/\"},\"author\":{\"name\":\"Thales Brand\u00e3o\",\"@id\":\"https:\\\/\\\/www.cidademarketing.com.br\\\/marketing\\\/#\\\/schema\\\/person\\\/02daff9f18bd9378c9e01eb6b2db155f\"},\"headline\":\"Vivo lan\u00e7a promo\u00e7\u00e3o para o Dia do Rock\",\"datePublished\":\"2021-07-13T21:05:22+00:00\",\"dateModified\":\"2021-07-13T21:05:24+00:00\",\"mainEntityOfPage\":{\"@id\":\"https:\\\/\\\/www.cidademarketing.com.br\\\/marketing\\\/2021\\\/07\\\/13\\\/vivo-lanca-promocao-para-o-dia-do-rock\\\/\"},\"wordCount\":1217,\"commentCount\":0,\"publisher\":{\"@id\":\"https:\\\/\\\/www.cidademarketing.com.br\\\/marketing\\\/#organization\"},\"image\":{\"@id\":\"https:\\\/\\\/www.cidademarketing.com.br\\\/marketing\\\/2021\\\/07\\\/13\\\/vivo-lanca-promocao-para-o-dia-do-rock\\\/#primaryimage\"},\"thumbnailUrl\":\"https:\\\/\\\/www.cidademarketing.com.br\\\/marketing\\\/wp-content\\\/uploads\\\/2021\\\/07\\\/vivo_diadorock.jpg\",\"keywords\":[\"Dia do Rock\",\"marketing\",\"promo\u00e7\u00e3o\",\"Vivo\"],\"articleSection\":[\"Not\u00edcias\"],\"inLanguage\":\"pt-BR\",\"potentialAction\":[{\"@type\":\"CommentAction\",\"name\":\"Comment\",\"target\":[\"https:\\\/\\\/www.cidademarketing.com.br\\\/marketing\\\/2021\\\/07\\\/13\\\/vivo-lanca-promocao-para-o-dia-do-rock\\\/#respond\"]}]},{\"@type\":\"WebPage\",\"@id\":\"https:\\\/\\\/www.cidademarketing.com.br\\\/marketing\\\/2021\\\/07\\\/13\\\/vivo-lanca-promocao-para-o-dia-do-rock\\\/\",\"url\":\"https:\\\/\\\/www.cidademarketing.com.br\\\/marketing\\\/2021\\\/07\\\/13\\\/vivo-lanca-promocao-para-o-dia-do-rock\\\/\",\"name\":\"Vivo lan\u00e7a promo\u00e7\u00e3o para o Dia do Rock - CidadeMarketing\",\"isPartOf\":{\"@id\":\"https:\\\/\\\/www.cidademarketing.com.br\\\/marketing\\\/#website\"},\"primaryImageOfPage\":{\"@id\":\"https:\\\/\\\/www.cidademarketing.com.br\\\/marketing\\\/2021\\\/07\\\/13\\\/vivo-lanca-promocao-para-o-dia-do-rock\\\/#primaryimage\"},\"image\":{\"@id\":\"https:\\\/\\\/www.cidademarketing.com.br\\\/marketing\\\/2021\\\/07\\\/13\\\/vivo-lanca-promocao-para-o-dia-do-rock\\\/#primaryimage\"},\"thumbnailUrl\":\"https:\\\/\\\/www.cidademarketing.com.br\\\/marketing\\\/wp-content\\\/uploads\\\/2021\\\/07\\\/vivo_diadorock.jpg\",\"datePublished\":\"2021-07-13T21:05:22+00:00\",\"dateModified\":\"2021-07-13T21:05:24+00:00\",\"breadcrumb\":{\"@id\":\"https:\\\/\\\/www.cidademarketing.com.br\\\/marketing\\\/2021\\\/07\\\/13\\\/vivo-lanca-promocao-para-o-dia-do-rock\\\/#breadcrumb\"},\"inLanguage\":\"pt-BR\",\"potentialAction\":[{\"@type\":\"ReadAction\",\"target\":[\"https:\\\/\\\/www.cidademarketing.com.br\\\/marketing\\\/2021\\\/07\\\/13\\\/vivo-lanca-promocao-para-o-dia-do-rock\\\/\"]}]},{\"@type\":\"ImageObject\",\"inLanguage\":\"pt-BR\",\"@id\":\"https:\\\/\\\/www.cidademarketing.com.br\\\/marketing\\\/2021\\\/07\\\/13\\\/vivo-lanca-promocao-para-o-dia-do-rock\\\/#primaryimage\",\"url\":\"https:\\\/\\\/www.cidademarketing.com.br\\\/marketing\\\/wp-content\\\/uploads\\\/2021\\\/07\\\/vivo_diadorock.jpg\",\"contentUrl\":\"https:\\\/\\\/www.cidademarketing.com.br\\\/marketing\\\/wp-content\\\/uploads\\\/2021\\\/07\\\/vivo_diadorock.jpg\",\"width\":567,\"height\":538,\"caption\":\"Divulga\u00e7\u00e3o\"},{\"@type\":\"BreadcrumbList\",\"@id\":\"https:\\\/\\\/www.cidademarketing.com.br\\\/marketing\\\/2021\\\/07\\\/13\\\/vivo-lanca-promocao-para-o-dia-do-rock\\\/#breadcrumb\",\"itemListElement\":[{\"@type\":\"ListItem\",\"position\":1,\"name\":\"In\u00edcio\",\"item\":\"https:\\\/\\\/www.cidademarketing.com.br\\\/marketing\\\/\"},{\"@type\":\"ListItem\",\"position\":2,\"name\":\"Vivo lan\u00e7a promo\u00e7\u00e3o para o Dia do Rock\"}]},{\"@type\":\"WebSite\",\"@id\":\"https:\\\/\\\/www.cidademarketing.com.br\\\/marketing\\\/#website\",\"url\":\"https:\\\/\\\/www.cidademarketing.com.br\\\/marketing\\\/\",\"name\":\"CidadeMarketing\",\"description\":\"Somos um ve\u00edculo de comunica\u00e7\u00e3o de destaque no Brasil, reconhecido por conte\u00fados nos segmentos de marketing, empreendedorismo e inova\u00e7\u00e3o.\",\"publisher\":{\"@id\":\"https:\\\/\\\/www.cidademarketing.com.br\\\/marketing\\\/#organization\"},\"alternateName\":\"CidadeMarketing\",\"potentialAction\":[{\"@type\":\"SearchAction\",\"target\":{\"@type\":\"EntryPoint\",\"urlTemplate\":\"https:\\\/\\\/www.cidademarketing.com.br\\\/marketing\\\/?s={search_term_string}\"},\"query-input\":{\"@type\":\"PropertyValueSpecification\",\"valueRequired\":true,\"valueName\":\"search_term_string\"}}],\"inLanguage\":\"pt-BR\"},{\"@type\":\"Organization\",\"@id\":\"https:\\\/\\\/www.cidademarketing.com.br\\\/marketing\\\/#organization\",\"name\":\"CidadeMarketing\",\"alternateName\":\"CidadeMarketing\",\"url\":\"https:\\\/\\\/www.cidademarketing.com.br\\\/marketing\\\/\",\"logo\":{\"@type\":\"ImageObject\",\"inLanguage\":\"pt-BR\",\"@id\":\"https:\\\/\\\/www.cidademarketing.com.br\\\/marketing\\\/#\\\/schema\\\/logo\\\/image\\\/\",\"url\":\"https:\\\/\\\/www.cidademarketing.com.br\\\/marketing\\\/wp-content\\\/uploads\\\/2020\\\/01\\\/cidademarketing_marca_mobile.png\",\"contentUrl\":\"https:\\\/\\\/www.cidademarketing.com.br\\\/marketing\\\/wp-content\\\/uploads\\\/2020\\\/01\\\/cidademarketing_marca_mobile.png\",\"width\":230,\"height\":92,\"caption\":\"CidadeMarketing\"},\"image\":{\"@id\":\"https:\\\/\\\/www.cidademarketing.com.br\\\/marketing\\\/#\\\/schema\\\/logo\\\/image\\\/\"},\"sameAs\":[\"https:\\\/\\\/www.facebook.com\\\/portalcidademarketing\",\"https:\\\/\\\/x.com\\\/CidadeMarketing\",\"https:\\\/\\\/www.instagram.com\\\/cidademarketing\\\/\"]},{\"@type\":\"Person\",\"@id\":\"https:\\\/\\\/www.cidademarketing.com.br\\\/marketing\\\/#\\\/schema\\\/person\\\/02daff9f18bd9378c9e01eb6b2db155f\",\"name\":\"Thales Brand\u00e3o\",\"image\":{\"@type\":\"ImageObject\",\"inLanguage\":\"pt-BR\",\"@id\":\"https:\\\/\\\/secure.gravatar.com\\\/avatar\\\/7ca3206950207cc3cb48feec56a8a7898741ab725c368d99d5d7a5a50aab80c6?s=96&d=mm&r=g\",\"url\":\"https:\\\/\\\/secure.gravatar.com\\\/avatar\\\/7ca3206950207cc3cb48feec56a8a7898741ab725c368d99d5d7a5a50aab80c6?s=96&d=mm&r=g\",\"contentUrl\":\"https:\\\/\\\/secure.gravatar.com\\\/avatar\\\/7ca3206950207cc3cb48feec56a8a7898741ab725c368d99d5d7a5a50aab80c6?s=96&d=mm&r=g\",\"caption\":\"Thales Brand\u00e3o\"},\"description\":\"Editor Executivo do Portal CidadeMarketing.com.br &gt; Mestre em Comunica\u00e7\u00e3o e Sociedade pela Universidade Federal de Sergipe. Possui MBA Executivo em Administra\u00e7\u00e3o com \u00eanfase em Marketing pela Funda\u00e7\u00e3o Get\u00falio Vargas - Rio de Janeiro. Consultor, Palestrante e Pesquisador sobre Empreendedorismo, Marketing, Redes Sociais e Neg\u00f3cios Digitais. Professor, Palestrante TedxTalks e Campus Party. Twitter: @ThalesBrandao\",\"sameAs\":[\"http:\\\/\\\/www.mandacaru.com.br\",\"https:\\\/\\\/www.facebook.com\\\/thalesbrandao\",\"http:\\\/\\\/www.instagram.com.br\\\/thalesbrandaoferreira\",\"https:\\\/\\\/www.linkedin.com\\\/in\\\/thales-brand\u00e3o-3948609\\\/\",\"https:\\\/\\\/x.com\\\/http:\\\/\\\/www.twitter.com\\\/thalesbrandao\"],\"url\":\"https:\\\/\\\/www.cidademarketing.com.br\\\/marketing\\\/author\\\/thalesbrandao\\\/\"}]}<\/script>\n<!-- \/ Yoast SEO plugin. -->","yoast_head_json":{"title":"Vivo lan\u00e7a promo\u00e7\u00e3o para o Dia do Rock - CidadeMarketing","robots":{"index":"index","follow":"follow","max-snippet":"max-snippet:-1","max-image-preview":"max-image-preview:large","max-video-preview":"max-video-preview:-1"},"canonical":"https:\/\/www.cidademarketing.com.br\/marketing\/2021\/07\/13\/vivo-lanca-promocao-para-o-dia-do-rock\/","og_locale":"pt_BR","og_type":"article","og_title":"Vivo lan\u00e7a promo\u00e7\u00e3o para o Dia do Rock - CidadeMarketing","og_description":"Som de qualidade e tecnologia marcam as comemora\u00e7\u00f5es na Vivo em homenagem ao Dia do Rock com uma sele\u00e7\u00e3o especial em produtos de \u00c1udio e Casa Conectada com ofertas imperd\u00edveis com parcelamento em at\u00e9 21 vezes sem juros em todos os canais de venda da Vivo e frete gr\u00e1tis para compras realizadas na Loja Online [&hellip;]","og_url":"https:\/\/www.cidademarketing.com.br\/marketing\/2021\/07\/13\/vivo-lanca-promocao-para-o-dia-do-rock\/","og_site_name":"CidadeMarketing","article_publisher":"https:\/\/www.facebook.com\/portalcidademarketing","article_author":"https:\/\/www.facebook.com\/thalesbrandao","article_published_time":"2021-07-13T21:05:22+00:00","article_modified_time":"2021-07-13T21:05:24+00:00","og_image":[{"width":567,"height":538,"url":"https:\/\/www.cidademarketing.com.br\/marketing\/wp-content\/uploads\/2021\/07\/vivo_diadorock.jpg","type":"image\/jpeg"}],"author":"Thales Brand\u00e3o","twitter_card":"summary_large_image","twitter_creator":"@http:\/\/www.twitter.com\/thalesbrandao","twitter_site":"@CidadeMarketing","twitter_misc":{"Escrito por":"Thales Brand\u00e3o","Est. tempo de leitura":"6 minutos"},"schema":{"@context":"https:\/\/schema.org","@graph":[{"@type":"Article","@id":"https:\/\/www.cidademarketing.com.br\/marketing\/2021\/07\/13\/vivo-lanca-promocao-para-o-dia-do-rock\/#article","isPartOf":{"@id":"https:\/\/www.cidademarketing.com.br\/marketing\/2021\/07\/13\/vivo-lanca-promocao-para-o-dia-do-rock\/"},"author":{"name":"Thales Brand\u00e3o","@id":"https:\/\/www.cidademarketing.com.br\/marketing\/#\/schema\/person\/02daff9f18bd9378c9e01eb6b2db155f"},"headline":"Vivo lan\u00e7a promo\u00e7\u00e3o para o Dia do Rock","datePublished":"2021-07-13T21:05:22+00:00","dateModified":"2021-07-13T21:05:24+00:00","mainEntityOfPage":{"@id":"https:\/\/www.cidademarketing.com.br\/marketing\/2021\/07\/13\/vivo-lanca-promocao-para-o-dia-do-rock\/"},"wordCount":1217,"commentCount":0,"publisher":{"@id":"https:\/\/www.cidademarketing.com.br\/marketing\/#organization"},"image":{"@id":"https:\/\/www.cidademarketing.com.br\/marketing\/2021\/07\/13\/vivo-lanca-promocao-para-o-dia-do-rock\/#primaryimage"},"thumbnailUrl":"https:\/\/www.cidademarketing.com.br\/marketing\/wp-content\/uploads\/2021\/07\/vivo_diadorock.jpg","keywords":["Dia do Rock","marketing","promo\u00e7\u00e3o","Vivo"],"articleSection":["Not\u00edcias"],"inLanguage":"pt-BR","potentialAction":[{"@type":"CommentAction","name":"Comment","target":["https:\/\/www.cidademarketing.com.br\/marketing\/2021\/07\/13\/vivo-lanca-promocao-para-o-dia-do-rock\/#respond"]}]},{"@type":"WebPage","@id":"https:\/\/www.cidademarketing.com.br\/marketing\/2021\/07\/13\/vivo-lanca-promocao-para-o-dia-do-rock\/","url":"https:\/\/www.cidademarketing.com.br\/marketing\/2021\/07\/13\/vivo-lanca-promocao-para-o-dia-do-rock\/","name":"Vivo lan\u00e7a promo\u00e7\u00e3o para o Dia do Rock - CidadeMarketing","isPartOf":{"@id":"https:\/\/www.cidademarketing.com.br\/marketing\/#website"},"primaryImageOfPage":{"@id":"https:\/\/www.cidademarketing.com.br\/marketing\/2021\/07\/13\/vivo-lanca-promocao-para-o-dia-do-rock\/#primaryimage"},"image":{"@id":"https:\/\/www.cidademarketing.com.br\/marketing\/2021\/07\/13\/vivo-lanca-promocao-para-o-dia-do-rock\/#primaryimage"},"thumbnailUrl":"https:\/\/www.cidademarketing.com.br\/marketing\/wp-content\/uploads\/2021\/07\/vivo_diadorock.jpg","datePublished":"2021-07-13T21:05:22+00:00","dateModified":"2021-07-13T21:05:24+00:00","breadcrumb":{"@id":"https:\/\/www.cidademarketing.com.br\/marketing\/2021\/07\/13\/vivo-lanca-promocao-para-o-dia-do-rock\/#breadcrumb"},"inLanguage":"pt-BR","potentialAction":[{"@type":"ReadAction","target":["https:\/\/www.cidademarketing.com.br\/marketing\/2021\/07\/13\/vivo-lanca-promocao-para-o-dia-do-rock\/"]}]},{"@type":"ImageObject","inLanguage":"pt-BR","@id":"https:\/\/www.cidademarketing.com.br\/marketing\/2021\/07\/13\/vivo-lanca-promocao-para-o-dia-do-rock\/#primaryimage","url":"https:\/\/www.cidademarketing.com.br\/marketing\/wp-content\/uploads\/2021\/07\/vivo_diadorock.jpg","contentUrl":"https:\/\/www.cidademarketing.com.br\/marketing\/wp-content\/uploads\/2021\/07\/vivo_diadorock.jpg","width":567,"height":538,"caption":"Divulga\u00e7\u00e3o"},{"@type":"BreadcrumbList","@id":"https:\/\/www.cidademarketing.com.br\/marketing\/2021\/07\/13\/vivo-lanca-promocao-para-o-dia-do-rock\/#breadcrumb","itemListElement":[{"@type":"ListItem","position":1,"name":"In\u00edcio","item":"https:\/\/www.cidademarketing.com.br\/marketing\/"},{"@type":"ListItem","position":2,"name":"Vivo lan\u00e7a promo\u00e7\u00e3o para o Dia do Rock"}]},{"@type":"WebSite","@id":"https:\/\/www.cidademarketing.com.br\/marketing\/#website","url":"https:\/\/www.cidademarketing.com.br\/marketing\/","name":"CidadeMarketing","description":"Somos um ve\u00edculo de comunica\u00e7\u00e3o de destaque no Brasil, reconhecido por conte\u00fados nos segmentos de marketing, empreendedorismo e inova\u00e7\u00e3o.","publisher":{"@id":"https:\/\/www.cidademarketing.com.br\/marketing\/#organization"},"alternateName":"CidadeMarketing","potentialAction":[{"@type":"SearchAction","target":{"@type":"EntryPoint","urlTemplate":"https:\/\/www.cidademarketing.com.br\/marketing\/?s={search_term_string}"},"query-input":{"@type":"PropertyValueSpecification","valueRequired":true,"valueName":"search_term_string"}}],"inLanguage":"pt-BR"},{"@type":"Organization","@id":"https:\/\/www.cidademarketing.com.br\/marketing\/#organization","name":"CidadeMarketing","alternateName":"CidadeMarketing","url":"https:\/\/www.cidademarketing.com.br\/marketing\/","logo":{"@type":"ImageObject","inLanguage":"pt-BR","@id":"https:\/\/www.cidademarketing.com.br\/marketing\/#\/schema\/logo\/image\/","url":"https:\/\/www.cidademarketing.com.br\/marketing\/wp-content\/uploads\/2020\/01\/cidademarketing_marca_mobile.png","contentUrl":"https:\/\/www.cidademarketing.com.br\/marketing\/wp-content\/uploads\/2020\/01\/cidademarketing_marca_mobile.png","width":230,"height":92,"caption":"CidadeMarketing"},"image":{"@id":"https:\/\/www.cidademarketing.com.br\/marketing\/#\/schema\/logo\/image\/"},"sameAs":["https:\/\/www.facebook.com\/portalcidademarketing","https:\/\/x.com\/CidadeMarketing","https:\/\/www.instagram.com\/cidademarketing\/"]},{"@type":"Person","@id":"https:\/\/www.cidademarketing.com.br\/marketing\/#\/schema\/person\/02daff9f18bd9378c9e01eb6b2db155f","name":"Thales Brand\u00e3o","image":{"@type":"ImageObject","inLanguage":"pt-BR","@id":"https:\/\/secure.gravatar.com\/avatar\/7ca3206950207cc3cb48feec56a8a7898741ab725c368d99d5d7a5a50aab80c6?s=96&d=mm&r=g","url":"https:\/\/secure.gravatar.com\/avatar\/7ca3206950207cc3cb48feec56a8a7898741ab725c368d99d5d7a5a50aab80c6?s=96&d=mm&r=g","contentUrl":"https:\/\/secure.gravatar.com\/avatar\/7ca3206950207cc3cb48feec56a8a7898741ab725c368d99d5d7a5a50aab80c6?s=96&d=mm&r=g","caption":"Thales Brand\u00e3o"},"description":"Editor Executivo do Portal CidadeMarketing.com.br &gt; Mestre em Comunica\u00e7\u00e3o e Sociedade pela Universidade Federal de Sergipe. Possui MBA Executivo em Administra\u00e7\u00e3o com \u00eanfase em Marketing pela Funda\u00e7\u00e3o Get\u00falio Vargas - Rio de Janeiro. Consultor, Palestrante e Pesquisador sobre Empreendedorismo, Marketing, Redes Sociais e Neg\u00f3cios Digitais. Professor, Palestrante TedxTalks e Campus Party. Twitter: @ThalesBrandao","sameAs":["http:\/\/www.mandacaru.com.br","https:\/\/www.facebook.com\/thalesbrandao","http:\/\/www.instagram.com.br\/thalesbrandaoferreira","https:\/\/www.linkedin.com\/in\/thales-brand\u00e3o-3948609\/","https:\/\/x.com\/http:\/\/www.twitter.com\/thalesbrandao"],"url":"https:\/\/www.cidademarketing.com.br\/marketing\/author\/thalesbrandao\/"}]}},"amp_enabled":true,"_links":{"self":[{"href":"https:\/\/www.cidademarketing.com.br\/marketing\/wp-json\/wp\/v2\/posts\/25418","targetHints":{"allow":["GET"]}}],"collection":[{"href":"https:\/\/www.cidademarketing.com.br\/marketing\/wp-json\/wp\/v2\/posts"}],"about":[{"href":"https:\/\/www.cidademarketing.com.br\/marketing\/wp-json\/wp\/v2\/types\/post"}],"author":[{"embeddable":true,"href":"https:\/\/www.cidademarketing.com.br\/marketing\/wp-json\/wp\/v2\/users\/1"}],"replies":[{"embeddable":true,"href":"https:\/\/www.cidademarketing.com.br\/marketing\/wp-json\/wp\/v2\/comments?post=25418"}],"version-history":[{"count":1,"href":"https:\/\/www.cidademarketing.com.br\/marketing\/wp-json\/wp\/v2\/posts\/25418\/revisions"}],"predecessor-version":[{"id":25420,"href":"https:\/\/www.cidademarketing.com.br\/marketing\/wp-json\/wp\/v2\/posts\/25418\/revisions\/25420"}],"wp:featuredmedia":[{"embeddable":true,"href":"https:\/\/www.cidademarketing.com.br\/marketing\/wp-json\/wp\/v2\/media\/25419"}],"wp:attachment":[{"href":"https:\/\/www.cidademarketing.com.br\/marketing\/wp-json\/wp\/v2\/media?parent=25418"}],"wp:term":[{"taxonomy":"category","embeddable":true,"href":"https:\/\/www.cidademarketing.com.br\/marketing\/wp-json\/wp\/v2\/categories?post=25418"},{"taxonomy":"post_tag","embeddable":true,"href":"https:\/\/www.cidademarketing.com.br\/marketing\/wp-json\/wp\/v2\/tags?post=25418"}],"curies":[{"name":"wp","href":"https:\/\/api.w.org\/{rel}","templated":true}]}}