{"id":25368,"date":"2021-07-13T10:16:14","date_gmt":"2021-07-13T13:16:14","guid":{"rendered":"https:\/\/www.cidademarketing.com.br\/marketing\/?p=25368"},"modified":"2021-07-13T10:16:16","modified_gmt":"2021-07-13T13:16:16","slug":"bndes-e-empresas-parceiras-lancam-iniciativa-coordenada-de-preservacao-do-patrimonio-historico-brasileiro","status":"publish","type":"post","link":"https:\/\/www.cidademarketing.com.br\/marketing\/2021\/07\/13\/bndes-e-empresas-parceiras-lancam-iniciativa-coordenada-de-preservacao-do-patrimonio-historico-brasileiro\/","title":{"rendered":"BNDES e empresas parceiras lan\u00e7am iniciativa coordenada de preserva\u00e7\u00e3o do patrim\u00f4nio hist\u00f3rico brasileiro"},"content":{"rendered":"\n<p>O Banco Nacional de Desenvolvimento Econ\u00f4mico e Social (BNDES) e um conjunto de cinco parceiros fundadores lan\u00e7am a iniciativa Resgatando a Hist\u00f3ria, que tem o objetivo de restaurar e revitalizar patrim\u00f4nio material, imaterial e de acervos memoriais de todo o pa\u00eds. Ser\u00e1 realizada uma chamada p\u00fablica para sele\u00e7\u00e3o de projetos de preserva\u00e7\u00e3o do patrim\u00f4nio hist\u00f3rico brasileiro no total de R$ 200 milh\u00f5es. Destes, R$ 50 milh\u00f5es ser\u00e3o investidos pelas empresas parceiras e R$ 150 milh\u00f5es pelo BNDES Fundo Cultural, que conta com recursos advindos da Lei Federal de Incentivo \u00e0 Cultura.<\/p>\n\n\n\n<p>As organiza\u00e7\u00f5es que j\u00e1 aderiram \u00e0 iniciativa s\u00e3o: Ambev Brasil, EDP, Instituto Cultural Vale, Instituto Neoenergia e MRS Log\u00edstica. Todas j\u00e1 possuem hist\u00f3rico de a\u00e7\u00f5es de preserva\u00e7\u00e3o de patrim\u00f4nio hist\u00f3rico, inclusive com incentivos fiscais.<\/p>\n\n\n\n<p>\u201cO Resgatando a Hist\u00f3ria ser\u00e1 o maior programa de preserva\u00e7\u00e3o de patrim\u00f4nio hist\u00f3rico j\u00e1 realizado no Brasil congregando esfor\u00e7os das iniciativas p\u00fablico e privada\u201d, celebra Bruno Aranha, Diretor de Cr\u00e9dito Produtivo e Socioambiental do BNDES. \u201cCuidar da nossa hist\u00f3ria \u00e9 fundamental para o entendimento da nossa identidade e base para a constru\u00e7\u00e3o do futuro com desenvolvimento sustent\u00e1vel. \u00c9 um privil\u00e9gio servir a esse prop\u00f3sito e tenho certeza que ficaremos muito orgulhosos dos resultados que vamos entregar para os brasileiros\u201d, completa.<\/p>\n\n\n\n<p>Para Eduardo Lacerda, Presidente Ambev Brasil, \u201cpreservar o patrim\u00f4nio hist\u00f3rico e acervo memorial do pa\u00eds \u00e9 manter viva a brasilidade que a Ambev, como uma empresa brasileira, e nossas marcas tanto acreditam, cultivam e apoiam ao longo desses nossos 100 anos de hist\u00f3ria\u201d.<\/p>\n\n\n\n<p>\u201cA valoriza\u00e7\u00e3o do patrim\u00f4nio hist\u00f3rico-cultural luso-brasileiro est\u00e1 no DNA da EDP, maior investidora portuguesa no Brasil. Nos \u00faltimos anos, assumimos importantes compromissos, como o patroc\u00ednio-m\u00e1ster \u00e0 recupera\u00e7\u00e3o do Museu da L\u00edngua Portuguesa e do Museu do Ipiranga. A ades\u00e3o ao Resgatando a Hist\u00f3ria representa mais um passo nessa trajet\u00f3ria de apoio \u00e0 preserva\u00e7\u00e3o da mem\u00f3ria e do patrim\u00f4nio do Brasil\u201d, afirma Jo\u00e3o Marques da Cruz, CEO da EDP no Brasil.<\/p>\n\n\n\n<p>A sele\u00e7\u00e3o do BNDES escolher\u00e1 propostas de restaura\u00e7\u00e3o, conserva\u00e7\u00e3o ou valoriza\u00e7\u00e3o de patrim\u00f4nios hist\u00f3ricos materiais e imateriais que tenham sido reconhecidos pelo Instituto do Patrim\u00f4nio Hist\u00f3rico e Art\u00edstico Nacional (IPHAN). No caso de materiais, podem se candidatar projetos que sejam apenas reconhecidos por \u00f3rg\u00e3os estaduais ou distritais de prote\u00e7\u00e3o ao patrim\u00f4nio hist\u00f3rico. Tamb\u00e9m ser\u00e3o contemplados acervos memoriais que tenham sido tombados pelo IPHAN, registrados em n\u00edvel nacional ou mundial pela Organiza\u00e7\u00e3o das Na\u00e7\u00f5es Unidas para a Educa\u00e7\u00e3o, a Ci\u00eancia e a Cultura (UNESCO) ou que fa\u00e7am parte de acervos bibliogr\u00e1ficos raros no \u201cCat\u00e1logo do Patrim\u00f4nio Bibliogr\u00e1fico Nacional \u2013 CPBN\u201d.<\/p>\n\n\n\n<p>Para receberem apoio financeiro, os projetos dever\u00e3o ter valor m\u00ednimo de R$ 5 milh\u00f5es e m\u00e1ximo de R$ 50 milh\u00f5es e ter prazo de execu\u00e7\u00e3o de at\u00e9 36 meses. O financiamento ser\u00e1 no modelo n\u00e3o reembols\u00e1vel, ou seja, n\u00e3o precisa ser pago, desde que sejam cumpridas as finalidades do projeto e as regras estabelecidas no contrato.<\/p>\n\n\n\n<p>Os patrim\u00f4nios hist\u00f3ricos e os acervos memoriais poder\u00e3o ser de propriedade p\u00fablica, em qualquer esfera, ou de propriedade de associa\u00e7\u00e3o ou funda\u00e7\u00e3o privada, desde que sem fins lucrativos. Os recursos dever\u00e3o destinar-se a atividades que permitam amplo acesso p\u00fablico, de forma gratuita ou n\u00e3o. As propostas poder\u00e3o ser encaminhadas a partir de 15 de julho de 2021.<\/p>\n\n\n\n<figure class=\"wp-block-embed is-type-video is-provider-youtube wp-block-embed-youtube wp-embed-aspect-16-9 wp-has-aspect-ratio\"><div class=\"wp-block-embed__wrapper\">\n<div class=\"youtube-embed\" data-video_id=\"YcOKTLZgtwQ\"><iframe title=\"Lan\u00e7amento da iniciativa Resgatando a Hist\u00f3ria\" width=\"640\" height=\"360\" src=\"https:\/\/www.youtube.com\/embed\/YcOKTLZgtwQ?feature=oembed&#038;enablejsapi=1\" frameborder=\"0\" allow=\"accelerometer; autoplay; clipboard-write; encrypted-media; gyroscope; picture-in-picture; web-share\" referrerpolicy=\"strict-origin-when-cross-origin\" allowfullscreen><\/iframe><\/div>\n<\/div><\/figure>\n\n\n\n<p><\/p>\n\n\n\n<p>Dentre os crit\u00e9rios utilizados para a escolha dos projetos durante a sele\u00e7\u00e3o est\u00e3o a relev\u00e2ncia do projeto para a preserva\u00e7\u00e3o do patrim\u00f4nio hist\u00f3rico, o potencial de gera\u00e7\u00e3o de emprego e renda nas economias das culturas locais, a promo\u00e7\u00e3o de a\u00e7\u00f5es de engajamento da popula\u00e7\u00e3o local e de educa\u00e7\u00e3o patrimonial, melhorias da gest\u00e3o e da governan\u00e7a das institui\u00e7\u00f5es mantenedoras do patrim\u00f4nio e a elabora\u00e7\u00e3o de um plano de sustentabilidade financeira de longo prazo das institui\u00e7\u00f5es respons\u00e1veis pelo patrim\u00f4nio.<\/p>\n\n\n\n<p>\u201cA MRS tem atuado fortemente na recupera\u00e7\u00e3o do patrim\u00f4nio hist\u00f3rico. O apoio da empresa ao Resgatando a Hist\u00f3ria \u00e9 a confirma\u00e7\u00e3o do nosso compromisso. Estamos presentes em estados que s\u00e3o marcados pela cultura ferrovi\u00e1ria. A iniciativa \u00e9 uma oportunidade para estar ainda mais presente na recupera\u00e7\u00e3o desse valioso patrim\u00f4nio\u201d, afirma o Diretor de Rela\u00e7\u00f5es Institucionais da MRS, Gustavo Bambini.<\/p>\n\n\n\n<p>O BNDES far\u00e1 a complementa\u00e7\u00e3o das fontes de recursos para as iniciativas escolhidas. Projetos executados nas regi\u00f5es Norte, Nordeste e Centro-Oeste poder\u00e3o contar com a participa\u00e7\u00e3o de recursos do BNDES para at\u00e9 75% do investimento total. Para os da regi\u00e3o Sul, s\u00e3o 65%. J\u00e1 no Sudeste, a participa\u00e7\u00e3o m\u00e1xima do Banco ser\u00e1 limitada a 50%. &nbsp;A diferen\u00e7a tem o objetivo de estimular projetos em regi\u00f5es que tradicionalmente t\u00eam maiores dificuldades de capta\u00e7\u00e3o.<\/p>\n\n\n\n<p>\u201cEstamos presentes em 18 estados e no Distrito Federal, regi\u00f5es com grande patrim\u00f4nio art\u00edstico, cultural e arquitet\u00f4nico. Por meio do Instituto Neoenergia, investimos na preserva\u00e7\u00e3o desse patrim\u00f4nio e estamos felizes em participar da funda\u00e7\u00e3o do projeto Resgatando a Hist\u00f3ria, que refor\u00e7a nosso compromisso com a hist\u00f3ria e a sociedade brasileira\u201d, comentar Mario Ruiz-Tagle, CEO da Neoenergia e presidente do Conselho de Administra\u00e7\u00e3o do Instituto Neoenergia.<\/p>\n\n\n\n<p>Outras empresas interessadas tamb\u00e9m podem aderir \u00e0 iniciativa. Para isto precisam ter ader\u00eancia pr\u00e9via ao tema do patrim\u00f4nio hist\u00f3rico; hist\u00f3rico de apoio por meio da Lei Federal de Incentivo \u00e0 Cultura; e porte econ\u00f4mico.<\/p>\n\n\n\n<p>\u201cPara o Instituto Cultural Vale, \u00e9 uma honra se unir ao BNDES e empresas parceiras, que compartilham o cuidado com a preserva\u00e7\u00e3o do patrim\u00f4nio hist\u00f3rico brasileiro. Apoiamos e desenvolvemos projetos de prote\u00e7\u00e3o e fomento de bens culturais e suas mem\u00f3rias; e agora, como parte do Resgatando a Hist\u00f3ria, reafirmamos este compromisso de restaurar e revitalizar patrim\u00f4nios e acervos, valorizando a nossa hist\u00f3ria e ra\u00edzes, para compreender melhor o presente e lan\u00e7ar um olhar em perspectiva para o futuro\u201d, afirma Luiz Eduardo Osorio, Vice-Presidente Executivo de Rela\u00e7\u00f5es Institucionais e Comunica\u00e7\u00e3o da Vale e Presidente do Conselho do Instituto Cultural Vale.<\/p>\n\n\n\n<p><strong>O BNDES e o apoio ao patrim\u00f4nio hist\u00f3rico brasileiro<\/strong><\/p>\n\n\n\n<p>O BNDES \u00e9 um dos maiores e mais consistentes apoiadores do patrim\u00f4nio hist\u00f3rico brasileiro: ao longo dos \u00faltimos 24 anos foram investidos mais de R$ 600 milh\u00f5es para projetos de restauro, preserva\u00e7\u00e3o e revitaliza\u00e7\u00e3o de cerca de 200 monumentos localizados em todas as regi\u00f5es do pa\u00eds. A preserva\u00e7\u00e3o e reintegra\u00e7\u00e3o do patrim\u00f4nio hist\u00f3rico \u00e0 vida cotidiana t\u00eam o potencial de induzir um processo de revitaliza\u00e7\u00e3o perene, intensificando o turismo cultural, a dinamiza\u00e7\u00e3o das cadeias produtivas e atividades econ\u00f4micas correlatas, geradoras de emprego e renda locais.<\/p>\n\n\n\n<p>\u201cPara uma \u00e1rvore crescer ela depende de suas ra\u00edzes. Da mesma forma, \u00e9 imposs\u00edvel buscarmos desenvolvimento sustent\u00e1vel se n\u00e3o cuidarmos no nosso passado. Reconhecer o legado que nos foi deixado \u00e9 fundamental para todos os que buscam deixar tamb\u00e9m um legado para as pr\u00f3ximas gera\u00e7\u00f5es\u201d, pondera Petr\u00f4nio Can\u00e7ado, Diretor de Cr\u00e9dito e Garantia do BNDES.<\/p>\n\n\n\n<p>Cada vez mais, o setor privado tem mostrado interesse em investir em projetos capazes de promover mudan\u00e7as duradouras nas comunidades em que atuam, inclusive projetos ligados \u00e0 preserva\u00e7\u00e3o do patrim\u00f4nio e das cidades hist\u00f3ricas.<\/p>\n\n\n\n<p>Diante deste cen\u00e1rio que o BNDES viu a oportunidade de fomentar e fortalecer parcerias que unem investimentos p\u00fablicos e privados para uma atua\u00e7\u00e3o mais ampla, coordenada e estrat\u00e9gica para o apoio ao patrim\u00f4nio hist\u00f3rico brasileiro, com benef\u00edcios para a atividade tur\u00edstica e a economia local.<\/p>\n\n\n\n<p>Saiba mais sobre o apoio do BNDES a projetos de preserva\u00e7\u00e3o e revitaliza\u00e7\u00e3o do patrim\u00f4nio cultural brasileiro em <a href=\"http:\/\/www.bndes.gov.br\/patrimoniocultural\" target=\"_blank\" rel=\"noreferrer noopener\">www.bndes.gov.br\/patrimoniocultural<\/a><\/p>\n","protected":false},"excerpt":{"rendered":"<p>O Banco Nacional de Desenvolvimento Econ\u00f4mico e Social (BNDES) e um conjunto de cinco parceiros fundadores lan\u00e7am a iniciativa Resgatando a Hist\u00f3ria, que tem o objetivo de restaurar e revitalizar patrim\u00f4nio material, imaterial e de acervos memoriais de todo o pa\u00eds. Ser\u00e1 realizada uma chamada p\u00fablica para sele\u00e7\u00e3o de projetos de preserva\u00e7\u00e3o do patrim\u00f4nio hist\u00f3rico [&hellip;]<\/p>\n","protected":false},"author":1,"featured_media":25369,"comment_status":"open","ping_status":"open","sticky":false,"template":"","format":"standard","meta":{"tdm_status":"","tdm_grid_status":"","footnotes":""},"categories":[6],"tags":[152,33,28,235],"class_list":["post-25368","post","type-post","status-publish","format-standard","has-post-thumbnail","hentry","category-noticias","tag-bndes","tag-estrategia","tag-marketing","tag-parceria"],"yoast_head":"<!-- This site is optimized with the Yoast SEO plugin v27.5 - https:\/\/yoast.com\/product\/yoast-seo-wordpress\/ -->\n<title>BNDES e empresas parceiras lan\u00e7am iniciativa coordenada de preserva\u00e7\u00e3o do patrim\u00f4nio hist\u00f3rico brasileiro - CidadeMarketing<\/title>\n<meta name=\"robots\" content=\"index, follow, max-snippet:-1, max-image-preview:large, max-video-preview:-1\" \/>\n<link rel=\"canonical\" href=\"https:\/\/www.cidademarketing.com.br\/marketing\/2021\/07\/13\/bndes-e-empresas-parceiras-lancam-iniciativa-coordenada-de-preservacao-do-patrimonio-historico-brasileiro\/\" \/>\n<meta property=\"og:locale\" content=\"pt_BR\" \/>\n<meta property=\"og:type\" content=\"article\" \/>\n<meta property=\"og:title\" content=\"BNDES e empresas parceiras lan\u00e7am iniciativa coordenada de preserva\u00e7\u00e3o do patrim\u00f4nio hist\u00f3rico brasileiro - CidadeMarketing\" \/>\n<meta property=\"og:description\" content=\"O Banco Nacional de Desenvolvimento Econ\u00f4mico e Social (BNDES) e um conjunto de cinco parceiros fundadores lan\u00e7am a iniciativa Resgatando a Hist\u00f3ria, que tem o objetivo de restaurar e revitalizar patrim\u00f4nio material, imaterial e de acervos memoriais de todo o pa\u00eds. Ser\u00e1 realizada uma chamada p\u00fablica para sele\u00e7\u00e3o de projetos de preserva\u00e7\u00e3o do patrim\u00f4nio hist\u00f3rico [&hellip;]\" \/>\n<meta property=\"og:url\" content=\"https:\/\/www.cidademarketing.com.br\/marketing\/2021\/07\/13\/bndes-e-empresas-parceiras-lancam-iniciativa-coordenada-de-preservacao-do-patrimonio-historico-brasileiro\/\" \/>\n<meta property=\"og:site_name\" content=\"CidadeMarketing\" \/>\n<meta property=\"article:publisher\" content=\"https:\/\/www.facebook.com\/portalcidademarketing\" \/>\n<meta property=\"article:author\" content=\"https:\/\/www.facebook.com\/thalesbrandao\" \/>\n<meta property=\"article:published_time\" content=\"2021-07-13T13:16:14+00:00\" \/>\n<meta property=\"article:modified_time\" content=\"2021-07-13T13:16:16+00:00\" \/>\n<meta property=\"og:image\" content=\"https:\/\/www.cidademarketing.com.br\/marketing\/wp-content\/uploads\/2021\/07\/bndes.jpg\" \/>\n\t<meta property=\"og:image:width\" content=\"1181\" \/>\n\t<meta property=\"og:image:height\" content=\"604\" \/>\n\t<meta property=\"og:image:type\" content=\"image\/jpeg\" \/>\n<meta name=\"author\" content=\"Thales Brand\u00e3o\" \/>\n<meta name=\"twitter:card\" content=\"summary_large_image\" \/>\n<meta name=\"twitter:creator\" content=\"@http:\/\/www.twitter.com\/thalesbrandao\" \/>\n<meta name=\"twitter:site\" content=\"@CidadeMarketing\" \/>\n<meta name=\"twitter:label1\" content=\"Escrito por\" \/>\n\t<meta name=\"twitter:data1\" content=\"Thales Brand\u00e3o\" \/>\n\t<meta name=\"twitter:label2\" content=\"Est. tempo de leitura\" \/>\n\t<meta name=\"twitter:data2\" content=\"7 minutos\" \/>\n<script type=\"application\/ld+json\" class=\"yoast-schema-graph\">{\"@context\":\"https:\\\/\\\/schema.org\",\"@graph\":[{\"@type\":\"Article\",\"@id\":\"https:\\\/\\\/www.cidademarketing.com.br\\\/marketing\\\/2021\\\/07\\\/13\\\/bndes-e-empresas-parceiras-lancam-iniciativa-coordenada-de-preservacao-do-patrimonio-historico-brasileiro\\\/#article\",\"isPartOf\":{\"@id\":\"https:\\\/\\\/www.cidademarketing.com.br\\\/marketing\\\/2021\\\/07\\\/13\\\/bndes-e-empresas-parceiras-lancam-iniciativa-coordenada-de-preservacao-do-patrimonio-historico-brasileiro\\\/\"},\"author\":{\"name\":\"Thales Brand\u00e3o\",\"@id\":\"https:\\\/\\\/www.cidademarketing.com.br\\\/marketing\\\/#\\\/schema\\\/person\\\/02daff9f18bd9378c9e01eb6b2db155f\"},\"headline\":\"BNDES e empresas parceiras lan\u00e7am iniciativa coordenada de preserva\u00e7\u00e3o do patrim\u00f4nio hist\u00f3rico brasileiro\",\"datePublished\":\"2021-07-13T13:16:14+00:00\",\"dateModified\":\"2021-07-13T13:16:16+00:00\",\"mainEntityOfPage\":{\"@id\":\"https:\\\/\\\/www.cidademarketing.com.br\\\/marketing\\\/2021\\\/07\\\/13\\\/bndes-e-empresas-parceiras-lancam-iniciativa-coordenada-de-preservacao-do-patrimonio-historico-brasileiro\\\/\"},\"wordCount\":1388,\"commentCount\":0,\"publisher\":{\"@id\":\"https:\\\/\\\/www.cidademarketing.com.br\\\/marketing\\\/#organization\"},\"image\":{\"@id\":\"https:\\\/\\\/www.cidademarketing.com.br\\\/marketing\\\/2021\\\/07\\\/13\\\/bndes-e-empresas-parceiras-lancam-iniciativa-coordenada-de-preservacao-do-patrimonio-historico-brasileiro\\\/#primaryimage\"},\"thumbnailUrl\":\"https:\\\/\\\/www.cidademarketing.com.br\\\/marketing\\\/wp-content\\\/uploads\\\/2021\\\/07\\\/bndes.jpg\",\"keywords\":[\"BNDES\",\"estrat\u00e9gia\",\"marketing\",\"parceria\"],\"articleSection\":[\"Not\u00edcias\"],\"inLanguage\":\"pt-BR\",\"potentialAction\":[{\"@type\":\"CommentAction\",\"name\":\"Comment\",\"target\":[\"https:\\\/\\\/www.cidademarketing.com.br\\\/marketing\\\/2021\\\/07\\\/13\\\/bndes-e-empresas-parceiras-lancam-iniciativa-coordenada-de-preservacao-do-patrimonio-historico-brasileiro\\\/#respond\"]}]},{\"@type\":\"WebPage\",\"@id\":\"https:\\\/\\\/www.cidademarketing.com.br\\\/marketing\\\/2021\\\/07\\\/13\\\/bndes-e-empresas-parceiras-lancam-iniciativa-coordenada-de-preservacao-do-patrimonio-historico-brasileiro\\\/\",\"url\":\"https:\\\/\\\/www.cidademarketing.com.br\\\/marketing\\\/2021\\\/07\\\/13\\\/bndes-e-empresas-parceiras-lancam-iniciativa-coordenada-de-preservacao-do-patrimonio-historico-brasileiro\\\/\",\"name\":\"BNDES e empresas parceiras lan\u00e7am iniciativa coordenada de preserva\u00e7\u00e3o do patrim\u00f4nio hist\u00f3rico brasileiro - CidadeMarketing\",\"isPartOf\":{\"@id\":\"https:\\\/\\\/www.cidademarketing.com.br\\\/marketing\\\/#website\"},\"primaryImageOfPage\":{\"@id\":\"https:\\\/\\\/www.cidademarketing.com.br\\\/marketing\\\/2021\\\/07\\\/13\\\/bndes-e-empresas-parceiras-lancam-iniciativa-coordenada-de-preservacao-do-patrimonio-historico-brasileiro\\\/#primaryimage\"},\"image\":{\"@id\":\"https:\\\/\\\/www.cidademarketing.com.br\\\/marketing\\\/2021\\\/07\\\/13\\\/bndes-e-empresas-parceiras-lancam-iniciativa-coordenada-de-preservacao-do-patrimonio-historico-brasileiro\\\/#primaryimage\"},\"thumbnailUrl\":\"https:\\\/\\\/www.cidademarketing.com.br\\\/marketing\\\/wp-content\\\/uploads\\\/2021\\\/07\\\/bndes.jpg\",\"datePublished\":\"2021-07-13T13:16:14+00:00\",\"dateModified\":\"2021-07-13T13:16:16+00:00\",\"breadcrumb\":{\"@id\":\"https:\\\/\\\/www.cidademarketing.com.br\\\/marketing\\\/2021\\\/07\\\/13\\\/bndes-e-empresas-parceiras-lancam-iniciativa-coordenada-de-preservacao-do-patrimonio-historico-brasileiro\\\/#breadcrumb\"},\"inLanguage\":\"pt-BR\",\"potentialAction\":[{\"@type\":\"ReadAction\",\"target\":[\"https:\\\/\\\/www.cidademarketing.com.br\\\/marketing\\\/2021\\\/07\\\/13\\\/bndes-e-empresas-parceiras-lancam-iniciativa-coordenada-de-preservacao-do-patrimonio-historico-brasileiro\\\/\"]}]},{\"@type\":\"ImageObject\",\"inLanguage\":\"pt-BR\",\"@id\":\"https:\\\/\\\/www.cidademarketing.com.br\\\/marketing\\\/2021\\\/07\\\/13\\\/bndes-e-empresas-parceiras-lancam-iniciativa-coordenada-de-preservacao-do-patrimonio-historico-brasileiro\\\/#primaryimage\",\"url\":\"https:\\\/\\\/www.cidademarketing.com.br\\\/marketing\\\/wp-content\\\/uploads\\\/2021\\\/07\\\/bndes.jpg\",\"contentUrl\":\"https:\\\/\\\/www.cidademarketing.com.br\\\/marketing\\\/wp-content\\\/uploads\\\/2021\\\/07\\\/bndes.jpg\",\"width\":1181,\"height\":604,\"caption\":\"Reprodu\u00e7\u00e3o\"},{\"@type\":\"BreadcrumbList\",\"@id\":\"https:\\\/\\\/www.cidademarketing.com.br\\\/marketing\\\/2021\\\/07\\\/13\\\/bndes-e-empresas-parceiras-lancam-iniciativa-coordenada-de-preservacao-do-patrimonio-historico-brasileiro\\\/#breadcrumb\",\"itemListElement\":[{\"@type\":\"ListItem\",\"position\":1,\"name\":\"In\u00edcio\",\"item\":\"https:\\\/\\\/www.cidademarketing.com.br\\\/marketing\\\/\"},{\"@type\":\"ListItem\",\"position\":2,\"name\":\"BNDES e empresas parceiras lan\u00e7am iniciativa coordenada de preserva\u00e7\u00e3o do patrim\u00f4nio hist\u00f3rico brasileiro\"}]},{\"@type\":\"WebSite\",\"@id\":\"https:\\\/\\\/www.cidademarketing.com.br\\\/marketing\\\/#website\",\"url\":\"https:\\\/\\\/www.cidademarketing.com.br\\\/marketing\\\/\",\"name\":\"CidadeMarketing\",\"description\":\"Somos um ve\u00edculo de comunica\u00e7\u00e3o de destaque no Brasil, reconhecido por conte\u00fados nos segmentos de marketing, empreendedorismo e inova\u00e7\u00e3o.\",\"publisher\":{\"@id\":\"https:\\\/\\\/www.cidademarketing.com.br\\\/marketing\\\/#organization\"},\"alternateName\":\"CidadeMarketing\",\"potentialAction\":[{\"@type\":\"SearchAction\",\"target\":{\"@type\":\"EntryPoint\",\"urlTemplate\":\"https:\\\/\\\/www.cidademarketing.com.br\\\/marketing\\\/?s={search_term_string}\"},\"query-input\":{\"@type\":\"PropertyValueSpecification\",\"valueRequired\":true,\"valueName\":\"search_term_string\"}}],\"inLanguage\":\"pt-BR\"},{\"@type\":\"Organization\",\"@id\":\"https:\\\/\\\/www.cidademarketing.com.br\\\/marketing\\\/#organization\",\"name\":\"CidadeMarketing\",\"alternateName\":\"CidadeMarketing\",\"url\":\"https:\\\/\\\/www.cidademarketing.com.br\\\/marketing\\\/\",\"logo\":{\"@type\":\"ImageObject\",\"inLanguage\":\"pt-BR\",\"@id\":\"https:\\\/\\\/www.cidademarketing.com.br\\\/marketing\\\/#\\\/schema\\\/logo\\\/image\\\/\",\"url\":\"https:\\\/\\\/www.cidademarketing.com.br\\\/marketing\\\/wp-content\\\/uploads\\\/2020\\\/01\\\/cidademarketing_marca_mobile.png\",\"contentUrl\":\"https:\\\/\\\/www.cidademarketing.com.br\\\/marketing\\\/wp-content\\\/uploads\\\/2020\\\/01\\\/cidademarketing_marca_mobile.png\",\"width\":230,\"height\":92,\"caption\":\"CidadeMarketing\"},\"image\":{\"@id\":\"https:\\\/\\\/www.cidademarketing.com.br\\\/marketing\\\/#\\\/schema\\\/logo\\\/image\\\/\"},\"sameAs\":[\"https:\\\/\\\/www.facebook.com\\\/portalcidademarketing\",\"https:\\\/\\\/x.com\\\/CidadeMarketing\",\"https:\\\/\\\/www.instagram.com\\\/cidademarketing\\\/\"]},{\"@type\":\"Person\",\"@id\":\"https:\\\/\\\/www.cidademarketing.com.br\\\/marketing\\\/#\\\/schema\\\/person\\\/02daff9f18bd9378c9e01eb6b2db155f\",\"name\":\"Thales Brand\u00e3o\",\"image\":{\"@type\":\"ImageObject\",\"inLanguage\":\"pt-BR\",\"@id\":\"https:\\\/\\\/secure.gravatar.com\\\/avatar\\\/7ca3206950207cc3cb48feec56a8a7898741ab725c368d99d5d7a5a50aab80c6?s=96&d=mm&r=g\",\"url\":\"https:\\\/\\\/secure.gravatar.com\\\/avatar\\\/7ca3206950207cc3cb48feec56a8a7898741ab725c368d99d5d7a5a50aab80c6?s=96&d=mm&r=g\",\"contentUrl\":\"https:\\\/\\\/secure.gravatar.com\\\/avatar\\\/7ca3206950207cc3cb48feec56a8a7898741ab725c368d99d5d7a5a50aab80c6?s=96&d=mm&r=g\",\"caption\":\"Thales Brand\u00e3o\"},\"description\":\"Editor Executivo do Portal CidadeMarketing.com.br &gt; Mestre em Comunica\u00e7\u00e3o e Sociedade pela Universidade Federal de Sergipe. Possui MBA Executivo em Administra\u00e7\u00e3o com \u00eanfase em Marketing pela Funda\u00e7\u00e3o Get\u00falio Vargas - Rio de Janeiro. Consultor, Palestrante e Pesquisador sobre Empreendedorismo, Marketing, Redes Sociais e Neg\u00f3cios Digitais. Professor, Palestrante TedxTalks e Campus Party. Twitter: @ThalesBrandao\",\"sameAs\":[\"http:\\\/\\\/www.mandacaru.com.br\",\"https:\\\/\\\/www.facebook.com\\\/thalesbrandao\",\"http:\\\/\\\/www.instagram.com.br\\\/thalesbrandaoferreira\",\"https:\\\/\\\/www.linkedin.com\\\/in\\\/thales-brand\u00e3o-3948609\\\/\",\"https:\\\/\\\/x.com\\\/http:\\\/\\\/www.twitter.com\\\/thalesbrandao\"],\"url\":\"https:\\\/\\\/www.cidademarketing.com.br\\\/marketing\\\/author\\\/thalesbrandao\\\/\"}]}<\/script>\n<!-- \/ Yoast SEO plugin. -->","yoast_head_json":{"title":"BNDES e empresas parceiras lan\u00e7am iniciativa coordenada de preserva\u00e7\u00e3o do patrim\u00f4nio hist\u00f3rico brasileiro - CidadeMarketing","robots":{"index":"index","follow":"follow","max-snippet":"max-snippet:-1","max-image-preview":"max-image-preview:large","max-video-preview":"max-video-preview:-1"},"canonical":"https:\/\/www.cidademarketing.com.br\/marketing\/2021\/07\/13\/bndes-e-empresas-parceiras-lancam-iniciativa-coordenada-de-preservacao-do-patrimonio-historico-brasileiro\/","og_locale":"pt_BR","og_type":"article","og_title":"BNDES e empresas parceiras lan\u00e7am iniciativa coordenada de preserva\u00e7\u00e3o do patrim\u00f4nio hist\u00f3rico brasileiro - CidadeMarketing","og_description":"O Banco Nacional de Desenvolvimento Econ\u00f4mico e Social (BNDES) e um conjunto de cinco parceiros fundadores lan\u00e7am a iniciativa Resgatando a Hist\u00f3ria, que tem o objetivo de restaurar e revitalizar patrim\u00f4nio material, imaterial e de acervos memoriais de todo o pa\u00eds. Ser\u00e1 realizada uma chamada p\u00fablica para sele\u00e7\u00e3o de projetos de preserva\u00e7\u00e3o do patrim\u00f4nio hist\u00f3rico [&hellip;]","og_url":"https:\/\/www.cidademarketing.com.br\/marketing\/2021\/07\/13\/bndes-e-empresas-parceiras-lancam-iniciativa-coordenada-de-preservacao-do-patrimonio-historico-brasileiro\/","og_site_name":"CidadeMarketing","article_publisher":"https:\/\/www.facebook.com\/portalcidademarketing","article_author":"https:\/\/www.facebook.com\/thalesbrandao","article_published_time":"2021-07-13T13:16:14+00:00","article_modified_time":"2021-07-13T13:16:16+00:00","og_image":[{"width":1181,"height":604,"url":"https:\/\/www.cidademarketing.com.br\/marketing\/wp-content\/uploads\/2021\/07\/bndes.jpg","type":"image\/jpeg"}],"author":"Thales Brand\u00e3o","twitter_card":"summary_large_image","twitter_creator":"@http:\/\/www.twitter.com\/thalesbrandao","twitter_site":"@CidadeMarketing","twitter_misc":{"Escrito por":"Thales Brand\u00e3o","Est. tempo de leitura":"7 minutos"},"schema":{"@context":"https:\/\/schema.org","@graph":[{"@type":"Article","@id":"https:\/\/www.cidademarketing.com.br\/marketing\/2021\/07\/13\/bndes-e-empresas-parceiras-lancam-iniciativa-coordenada-de-preservacao-do-patrimonio-historico-brasileiro\/#article","isPartOf":{"@id":"https:\/\/www.cidademarketing.com.br\/marketing\/2021\/07\/13\/bndes-e-empresas-parceiras-lancam-iniciativa-coordenada-de-preservacao-do-patrimonio-historico-brasileiro\/"},"author":{"name":"Thales Brand\u00e3o","@id":"https:\/\/www.cidademarketing.com.br\/marketing\/#\/schema\/person\/02daff9f18bd9378c9e01eb6b2db155f"},"headline":"BNDES e empresas parceiras lan\u00e7am iniciativa coordenada de preserva\u00e7\u00e3o do patrim\u00f4nio hist\u00f3rico brasileiro","datePublished":"2021-07-13T13:16:14+00:00","dateModified":"2021-07-13T13:16:16+00:00","mainEntityOfPage":{"@id":"https:\/\/www.cidademarketing.com.br\/marketing\/2021\/07\/13\/bndes-e-empresas-parceiras-lancam-iniciativa-coordenada-de-preservacao-do-patrimonio-historico-brasileiro\/"},"wordCount":1388,"commentCount":0,"publisher":{"@id":"https:\/\/www.cidademarketing.com.br\/marketing\/#organization"},"image":{"@id":"https:\/\/www.cidademarketing.com.br\/marketing\/2021\/07\/13\/bndes-e-empresas-parceiras-lancam-iniciativa-coordenada-de-preservacao-do-patrimonio-historico-brasileiro\/#primaryimage"},"thumbnailUrl":"https:\/\/www.cidademarketing.com.br\/marketing\/wp-content\/uploads\/2021\/07\/bndes.jpg","keywords":["BNDES","estrat\u00e9gia","marketing","parceria"],"articleSection":["Not\u00edcias"],"inLanguage":"pt-BR","potentialAction":[{"@type":"CommentAction","name":"Comment","target":["https:\/\/www.cidademarketing.com.br\/marketing\/2021\/07\/13\/bndes-e-empresas-parceiras-lancam-iniciativa-coordenada-de-preservacao-do-patrimonio-historico-brasileiro\/#respond"]}]},{"@type":"WebPage","@id":"https:\/\/www.cidademarketing.com.br\/marketing\/2021\/07\/13\/bndes-e-empresas-parceiras-lancam-iniciativa-coordenada-de-preservacao-do-patrimonio-historico-brasileiro\/","url":"https:\/\/www.cidademarketing.com.br\/marketing\/2021\/07\/13\/bndes-e-empresas-parceiras-lancam-iniciativa-coordenada-de-preservacao-do-patrimonio-historico-brasileiro\/","name":"BNDES e empresas parceiras lan\u00e7am iniciativa coordenada de preserva\u00e7\u00e3o do patrim\u00f4nio hist\u00f3rico brasileiro - CidadeMarketing","isPartOf":{"@id":"https:\/\/www.cidademarketing.com.br\/marketing\/#website"},"primaryImageOfPage":{"@id":"https:\/\/www.cidademarketing.com.br\/marketing\/2021\/07\/13\/bndes-e-empresas-parceiras-lancam-iniciativa-coordenada-de-preservacao-do-patrimonio-historico-brasileiro\/#primaryimage"},"image":{"@id":"https:\/\/www.cidademarketing.com.br\/marketing\/2021\/07\/13\/bndes-e-empresas-parceiras-lancam-iniciativa-coordenada-de-preservacao-do-patrimonio-historico-brasileiro\/#primaryimage"},"thumbnailUrl":"https:\/\/www.cidademarketing.com.br\/marketing\/wp-content\/uploads\/2021\/07\/bndes.jpg","datePublished":"2021-07-13T13:16:14+00:00","dateModified":"2021-07-13T13:16:16+00:00","breadcrumb":{"@id":"https:\/\/www.cidademarketing.com.br\/marketing\/2021\/07\/13\/bndes-e-empresas-parceiras-lancam-iniciativa-coordenada-de-preservacao-do-patrimonio-historico-brasileiro\/#breadcrumb"},"inLanguage":"pt-BR","potentialAction":[{"@type":"ReadAction","target":["https:\/\/www.cidademarketing.com.br\/marketing\/2021\/07\/13\/bndes-e-empresas-parceiras-lancam-iniciativa-coordenada-de-preservacao-do-patrimonio-historico-brasileiro\/"]}]},{"@type":"ImageObject","inLanguage":"pt-BR","@id":"https:\/\/www.cidademarketing.com.br\/marketing\/2021\/07\/13\/bndes-e-empresas-parceiras-lancam-iniciativa-coordenada-de-preservacao-do-patrimonio-historico-brasileiro\/#primaryimage","url":"https:\/\/www.cidademarketing.com.br\/marketing\/wp-content\/uploads\/2021\/07\/bndes.jpg","contentUrl":"https:\/\/www.cidademarketing.com.br\/marketing\/wp-content\/uploads\/2021\/07\/bndes.jpg","width":1181,"height":604,"caption":"Reprodu\u00e7\u00e3o"},{"@type":"BreadcrumbList","@id":"https:\/\/www.cidademarketing.com.br\/marketing\/2021\/07\/13\/bndes-e-empresas-parceiras-lancam-iniciativa-coordenada-de-preservacao-do-patrimonio-historico-brasileiro\/#breadcrumb","itemListElement":[{"@type":"ListItem","position":1,"name":"In\u00edcio","item":"https:\/\/www.cidademarketing.com.br\/marketing\/"},{"@type":"ListItem","position":2,"name":"BNDES e empresas parceiras lan\u00e7am iniciativa coordenada de preserva\u00e7\u00e3o do patrim\u00f4nio hist\u00f3rico brasileiro"}]},{"@type":"WebSite","@id":"https:\/\/www.cidademarketing.com.br\/marketing\/#website","url":"https:\/\/www.cidademarketing.com.br\/marketing\/","name":"CidadeMarketing","description":"Somos um ve\u00edculo de comunica\u00e7\u00e3o de destaque no Brasil, reconhecido por conte\u00fados nos segmentos de marketing, empreendedorismo e inova\u00e7\u00e3o.","publisher":{"@id":"https:\/\/www.cidademarketing.com.br\/marketing\/#organization"},"alternateName":"CidadeMarketing","potentialAction":[{"@type":"SearchAction","target":{"@type":"EntryPoint","urlTemplate":"https:\/\/www.cidademarketing.com.br\/marketing\/?s={search_term_string}"},"query-input":{"@type":"PropertyValueSpecification","valueRequired":true,"valueName":"search_term_string"}}],"inLanguage":"pt-BR"},{"@type":"Organization","@id":"https:\/\/www.cidademarketing.com.br\/marketing\/#organization","name":"CidadeMarketing","alternateName":"CidadeMarketing","url":"https:\/\/www.cidademarketing.com.br\/marketing\/","logo":{"@type":"ImageObject","inLanguage":"pt-BR","@id":"https:\/\/www.cidademarketing.com.br\/marketing\/#\/schema\/logo\/image\/","url":"https:\/\/www.cidademarketing.com.br\/marketing\/wp-content\/uploads\/2020\/01\/cidademarketing_marca_mobile.png","contentUrl":"https:\/\/www.cidademarketing.com.br\/marketing\/wp-content\/uploads\/2020\/01\/cidademarketing_marca_mobile.png","width":230,"height":92,"caption":"CidadeMarketing"},"image":{"@id":"https:\/\/www.cidademarketing.com.br\/marketing\/#\/schema\/logo\/image\/"},"sameAs":["https:\/\/www.facebook.com\/portalcidademarketing","https:\/\/x.com\/CidadeMarketing","https:\/\/www.instagram.com\/cidademarketing\/"]},{"@type":"Person","@id":"https:\/\/www.cidademarketing.com.br\/marketing\/#\/schema\/person\/02daff9f18bd9378c9e01eb6b2db155f","name":"Thales Brand\u00e3o","image":{"@type":"ImageObject","inLanguage":"pt-BR","@id":"https:\/\/secure.gravatar.com\/avatar\/7ca3206950207cc3cb48feec56a8a7898741ab725c368d99d5d7a5a50aab80c6?s=96&d=mm&r=g","url":"https:\/\/secure.gravatar.com\/avatar\/7ca3206950207cc3cb48feec56a8a7898741ab725c368d99d5d7a5a50aab80c6?s=96&d=mm&r=g","contentUrl":"https:\/\/secure.gravatar.com\/avatar\/7ca3206950207cc3cb48feec56a8a7898741ab725c368d99d5d7a5a50aab80c6?s=96&d=mm&r=g","caption":"Thales Brand\u00e3o"},"description":"Editor Executivo do Portal CidadeMarketing.com.br &gt; Mestre em Comunica\u00e7\u00e3o e Sociedade pela Universidade Federal de Sergipe. Possui MBA Executivo em Administra\u00e7\u00e3o com \u00eanfase em Marketing pela Funda\u00e7\u00e3o Get\u00falio Vargas - Rio de Janeiro. Consultor, Palestrante e Pesquisador sobre Empreendedorismo, Marketing, Redes Sociais e Neg\u00f3cios Digitais. Professor, Palestrante TedxTalks e Campus Party. Twitter: @ThalesBrandao","sameAs":["http:\/\/www.mandacaru.com.br","https:\/\/www.facebook.com\/thalesbrandao","http:\/\/www.instagram.com.br\/thalesbrandaoferreira","https:\/\/www.linkedin.com\/in\/thales-brand\u00e3o-3948609\/","https:\/\/x.com\/http:\/\/www.twitter.com\/thalesbrandao"],"url":"https:\/\/www.cidademarketing.com.br\/marketing\/author\/thalesbrandao\/"}]}},"amp_enabled":true,"_links":{"self":[{"href":"https:\/\/www.cidademarketing.com.br\/marketing\/wp-json\/wp\/v2\/posts\/25368","targetHints":{"allow":["GET"]}}],"collection":[{"href":"https:\/\/www.cidademarketing.com.br\/marketing\/wp-json\/wp\/v2\/posts"}],"about":[{"href":"https:\/\/www.cidademarketing.com.br\/marketing\/wp-json\/wp\/v2\/types\/post"}],"author":[{"embeddable":true,"href":"https:\/\/www.cidademarketing.com.br\/marketing\/wp-json\/wp\/v2\/users\/1"}],"replies":[{"embeddable":true,"href":"https:\/\/www.cidademarketing.com.br\/marketing\/wp-json\/wp\/v2\/comments?post=25368"}],"version-history":[{"count":1,"href":"https:\/\/www.cidademarketing.com.br\/marketing\/wp-json\/wp\/v2\/posts\/25368\/revisions"}],"predecessor-version":[{"id":25370,"href":"https:\/\/www.cidademarketing.com.br\/marketing\/wp-json\/wp\/v2\/posts\/25368\/revisions\/25370"}],"wp:featuredmedia":[{"embeddable":true,"href":"https:\/\/www.cidademarketing.com.br\/marketing\/wp-json\/wp\/v2\/media\/25369"}],"wp:attachment":[{"href":"https:\/\/www.cidademarketing.com.br\/marketing\/wp-json\/wp\/v2\/media?parent=25368"}],"wp:term":[{"taxonomy":"category","embeddable":true,"href":"https:\/\/www.cidademarketing.com.br\/marketing\/wp-json\/wp\/v2\/categories?post=25368"},{"taxonomy":"post_tag","embeddable":true,"href":"https:\/\/www.cidademarketing.com.br\/marketing\/wp-json\/wp\/v2\/tags?post=25368"}],"curies":[{"name":"wp","href":"https:\/\/api.w.org\/{rel}","templated":true}]}}