{"id":25359,"date":"2021-07-12T23:33:33","date_gmt":"2021-07-13T02:33:33","guid":{"rendered":"https:\/\/www.cidademarketing.com.br\/marketing\/?p=25359"},"modified":"2021-07-12T23:33:35","modified_gmt":"2021-07-13T02:33:35","slug":"o-curtaon-comemora-o-dia-mundial-do-rock-com-producoes-nacionais-e-internacionais","status":"publish","type":"post","link":"https:\/\/www.cidademarketing.com.br\/marketing\/2021\/07\/12\/o-curtaon-comemora-o-dia-mundial-do-rock-com-producoes-nacionais-e-internacionais\/","title":{"rendered":"O Curta!On comemora o Dia Mundial do Rock com produ\u00e7\u00f5es nacionais e internacionais"},"content":{"rendered":"\n<p>No m\u00eas em que se comemora no Brasil o Dia Mundial do Rock, o Curta!On re\u00fane quatro atra\u00e7\u00f5es \u2014 duas s\u00e9ries e dois document\u00e1rios musicais \u2014 que resgatam shows marcantes e hist\u00f3rias de bastidores de nomes consagrados do rock \u2018n\u2019 roll nacional e internacional. Todas as produ\u00e7\u00f5es j\u00e1 podem ser vistas no <strong>Curta!On<\/strong>, a plataforma de streaming do Curta!, no NOW da NET\/Claro ou em curtaon.com.br.<\/p>\n\n\n\n<p>A s\u00e9rie \u201cCl\u00e1ssicos do Rock\u201d resgata, em quatro epis\u00f3dios, shows memor\u00e1veis de Chuck Berry, U2, Joan Baez e Genesis. J\u00e1 \u201c\u00c1lbuns Cl\u00e1ssicos\u201d, tamb\u00e9m com quatro epis\u00f3dios, apresenta obras de Lou Reed, Queen, The Doors e The Who, reunindo depoimentos e m\u00fasica. O rock nacional marca presen\u00e7a com dois document\u00e1rios: \u201cBar\u00e3o Vermelho, Por Que a Gente \u00e9 Assim?\u201d conta a trajet\u00f3ria dessa banda precursora do movimento BRock; e \u201cBlitz, o Filme\u201d segue os passos da primeira banda de pop-rock a estourar no pa\u00eds, desde os seus tempos de Circo Voador at\u00e9 a carreira internacional e os dias atuais.<\/p>\n\n\n\n<p>O <strong>M\u00eas do Dia do Rock no Curta!On<\/strong> comemora o&nbsp;<strong>Dia Mundial do Rock<\/strong>&nbsp;celebrado em 13 de julho no Brasil.&nbsp;A data foi escolhida para relembrar o Live Aid, evento de&nbsp;rock beneficente organizado na mesma data em 1985, com objetivo de arrecadar fundos para combater a fome na Eti\u00f3pia. Confira as sinopses:<\/p>\n\n\n\n<p><strong>\u00c1lbuns Cl\u00e1ssicos:&nbsp;(S\u00e9rie)&nbsp;&nbsp;<\/strong>&nbsp;&nbsp;&nbsp;&nbsp;&nbsp;&nbsp;&nbsp;&nbsp;&nbsp;&nbsp;&nbsp;&nbsp;&nbsp;&nbsp;&nbsp;&nbsp;&nbsp;&nbsp;&nbsp;&nbsp;&nbsp;&nbsp;&nbsp;&nbsp;&nbsp;&nbsp;&nbsp;&nbsp;&nbsp;&nbsp;&nbsp;&nbsp;&nbsp;&nbsp;&nbsp;&nbsp;&nbsp;&nbsp;&nbsp;&nbsp;&nbsp;&nbsp;&nbsp;&nbsp;&nbsp;&nbsp;&nbsp;&nbsp;&nbsp;&nbsp;&nbsp;&nbsp;&nbsp;&nbsp;&nbsp;&nbsp;&nbsp;&nbsp;&nbsp;&nbsp;&nbsp;&nbsp;&nbsp;&nbsp;&nbsp;&nbsp;&nbsp;&nbsp;&nbsp;&nbsp;&nbsp;&nbsp;&nbsp;&nbsp;&nbsp;&nbsp;&nbsp;&nbsp;&nbsp;&nbsp;&nbsp;&nbsp;&nbsp;&nbsp;<\/p>\n\n\n\n<p>A s\u00e9rie apresenta grandes discos da hist\u00f3ria da m\u00fasica, mostra hist\u00f3rias por tr\u00e1s das grava\u00e7\u00f5es e a repercuss\u00e3o que causaram. O epis\u00f3dio dedicado a <strong>Lou Reed<\/strong> aborda a produ\u00e7\u00e3o de &#8220;Transformer&#8221;, que levou o m\u00fasico, ent\u00e3o conhecido pelo grupo The Velvet Underground, ao estrelato solo. O epis\u00f3dio da banda <strong>Queen<\/strong> enfoca \u201cA night at the opera\u201d, lan\u00e7ado no final de 1975, trazendo uma mistura de hard rock, pop e \u00f3pera, juntando guitarras amplificadas a floreios de piano, harpa e ukulele. A banda <strong>The Doors<\/strong> tem epis\u00f3dio centrado no seu primeiro \u00e1lbum, autointitulado, que deu um novo sopro ao rock feito na segunda metade dos anos 1960. Por fim, o disco \u201cWho\u2019s Next\u201d, lan\u00e7ado em 1971 pelo quarteto brit\u00e2nico <strong>The Who<\/strong>, \u00e9 tema de mais um dos epis\u00f3dios. <strong>Dire\u00e7\u00e3o<\/strong>: Matthew Longfellow e Bob Smeaton. <strong>Dura\u00e7\u00e3o:\u00a0<\/strong>4 epis\u00f3dios de 50min.\u00a0<strong>Classifica\u00e7\u00e3o:<\/strong>\u00a012 anos.<\/p>\n\n\n\n<figure class=\"wp-block-embed is-type-video is-provider-youtube wp-block-embed-youtube wp-embed-aspect-16-9 wp-has-aspect-ratio\"><div class=\"wp-block-embed__wrapper\">\n<div class=\"youtube-embed\" data-video_id=\"gdvmLlofw7A\"><iframe title=\"M\u00eas do Rock no Curta!On\" width=\"640\" height=\"360\" src=\"https:\/\/www.youtube.com\/embed\/gdvmLlofw7A?feature=oembed&#038;enablejsapi=1\" frameborder=\"0\" allow=\"accelerometer; autoplay; clipboard-write; encrypted-media; gyroscope; picture-in-picture; web-share\" referrerpolicy=\"strict-origin-when-cross-origin\" allowfullscreen><\/iframe><\/div>\n<\/div><\/figure>\n\n\n\n<p><strong>Cl\u00e1ssicos do Rock: (S\u00e9rie)<\/strong><\/p>\n\n\n\n<p>A s\u00e9rie traz shows de nomes consagrados do rock: Genesis, Joan Baez, Chuck Berry e U2. <strong>Dire\u00e7\u00e3o<\/strong>: John Dauriac, Michel Perin e Nicolas Dor. <strong>Dura\u00e7\u00e3o:\u00a0<\/strong>4 epis\u00f3dios de 30min.\u00a0<strong>Classifica\u00e7\u00e3o:<\/strong>\u00a0Livre.<\/p>\n\n\n\n<p><strong>Bar\u00e3o Vermelho, Por Que a Gente \u00e9 Assim? (Document\u00e1rio, 2016):<\/strong><\/p>\n\n\n\n<p>A hist\u00f3ria de uma das bandas mais ic\u00f4nicas do rock nacional, precursora do movimento que mais tarde veio a se chamar BRock. O document\u00e1rio re\u00fane depoimentos dos m\u00fasicos Frejat, Guto, D\u00e9 Palmeira, Maur\u00edcio, Sergio Serra, Peninha, Fernando Magalh\u00e3es, Rodrigo Santos e Dadi Carvalho, nas diferentes forma\u00e7\u00f5es da banda. Entre as cenas raras que embalam o filme, est\u00e3o os primeiros ensaios filmados em super-8; o show no Teatro Ipanema, em 1983; os ensaios e shows no Circo Voador; e participa\u00e7\u00f5es em programas de TV, como o dos apresentadores Chacrinha e Raul Gil. <strong>Dire\u00e7\u00e3o: <\/strong>Mini Kerti. <strong>Dura\u00e7\u00e3o<\/strong>: 108 min. <strong>Classifica\u00e7\u00e3o: <\/strong>Livre<\/p>\n\n\n\n<figure class=\"wp-block-embed is-type-video is-provider-youtube wp-block-embed-youtube wp-embed-aspect-16-9 wp-has-aspect-ratio\"><div class=\"wp-block-embed__wrapper\">\n<div class=\"youtube-embed\" data-video_id=\"HhMJIP7UEtE\"><iframe title=\"Curta!On   Bara\u0303o Vermelho   Porque a gente e\u0301 assim?   Promo Rock 2\" width=\"640\" height=\"360\" src=\"https:\/\/www.youtube.com\/embed\/HhMJIP7UEtE?feature=oembed&#038;enablejsapi=1\" frameborder=\"0\" allow=\"accelerometer; autoplay; clipboard-write; encrypted-media; gyroscope; picture-in-picture; web-share\" referrerpolicy=\"strict-origin-when-cross-origin\" allowfullscreen><\/iframe><\/div>\n<\/div><\/figure>\n\n\n\n<p><strong>Blitz, o Filme&nbsp;(Document\u00e1rio, 2019)<\/strong><\/p>\n\n\n\n<p>O document\u00e1rio apresenta a hist\u00f3ria e a trajet\u00f3ria da primeira banda consagrada do pop-rock brasileiro, a Blitz. O longa-metragem explora seu surgimento, nos anos 1980, sob a lona do Circo Voador, na \u00e9poca situada entre Ipanema e Copacabana, at\u00e9 \u00e0s turn\u00eas internacionais e o enorme sucesso do grupo ainda nos dias atuais.<\/p>\n\n\n\n<p><strong>Dire\u00e7\u00e3o<\/strong>: Paulo Fontenelle. <strong>Dura\u00e7\u00e3o<\/strong>: 104 min. <strong>Classifica\u00e7\u00e3o<\/strong>: Livre<\/p>\n\n\n\n<figure class=\"wp-block-embed is-type-video is-provider-youtube wp-block-embed-youtube wp-embed-aspect-16-9 wp-has-aspect-ratio\"><div class=\"wp-block-embed__wrapper\">\n<div class=\"youtube-embed\" data-video_id=\"QXrwMS0Nmgw\"><iframe title=\"Curta!On - Blitz - Promo Evandro\" width=\"640\" height=\"360\" src=\"https:\/\/www.youtube.com\/embed\/QXrwMS0Nmgw?feature=oembed&#038;enablejsapi=1\" frameborder=\"0\" allow=\"accelerometer; autoplay; clipboard-write; encrypted-media; gyroscope; picture-in-picture; web-share\" referrerpolicy=\"strict-origin-when-cross-origin\" allowfullscreen><\/iframe><\/div>\n<\/div><\/figure>\n","protected":false},"excerpt":{"rendered":"<p>No m\u00eas em que se comemora no Brasil o Dia Mundial do Rock, o Curta!On re\u00fane quatro atra\u00e7\u00f5es \u2014 duas s\u00e9ries e dois document\u00e1rios musicais \u2014 que resgatam shows marcantes e hist\u00f3rias de bastidores de nomes consagrados do rock \u2018n\u2019 roll nacional e internacional. Todas as produ\u00e7\u00f5es j\u00e1 podem ser vistas no Curta!On, a plataforma [&hellip;]<\/p>\n","protected":false},"author":1,"featured_media":25360,"comment_status":"open","ping_status":"open","sticky":false,"template":"","format":"standard","meta":{"tdm_status":"","tdm_grid_status":"","footnotes":""},"categories":[6],"tags":[3320,3953,4066,33,28],"class_list":["post-25359","post","type-post","status-publish","format-standard","has-post-thumbnail","hentry","category-noticias","tag-curta-2","tag-curtaon","tag-dia-mundial-do-rock","tag-estrategia","tag-marketing"],"yoast_head":"<!-- This site is optimized with the Yoast SEO plugin v27.5 - https:\/\/yoast.com\/product\/yoast-seo-wordpress\/ -->\n<title>O Curta!On comemora o Dia Mundial do Rock com produ\u00e7\u00f5es nacionais e internacionais - CidadeMarketing<\/title>\n<meta name=\"robots\" content=\"index, follow, max-snippet:-1, max-image-preview:large, max-video-preview:-1\" \/>\n<link rel=\"canonical\" href=\"https:\/\/www.cidademarketing.com.br\/marketing\/2021\/07\/12\/o-curtaon-comemora-o-dia-mundial-do-rock-com-producoes-nacionais-e-internacionais\/\" \/>\n<meta property=\"og:locale\" content=\"pt_BR\" \/>\n<meta property=\"og:type\" content=\"article\" \/>\n<meta property=\"og:title\" content=\"O Curta!On comemora o Dia Mundial do Rock com produ\u00e7\u00f5es nacionais e internacionais - CidadeMarketing\" \/>\n<meta property=\"og:description\" content=\"No m\u00eas em que se comemora no Brasil o Dia Mundial do Rock, o Curta!On re\u00fane quatro atra\u00e7\u00f5es \u2014 duas s\u00e9ries e dois document\u00e1rios musicais \u2014 que resgatam shows marcantes e hist\u00f3rias de bastidores de nomes consagrados do rock \u2018n\u2019 roll nacional e internacional. Todas as produ\u00e7\u00f5es j\u00e1 podem ser vistas no Curta!On, a plataforma [&hellip;]\" \/>\n<meta property=\"og:url\" content=\"https:\/\/www.cidademarketing.com.br\/marketing\/2021\/07\/12\/o-curtaon-comemora-o-dia-mundial-do-rock-com-producoes-nacionais-e-internacionais\/\" \/>\n<meta property=\"og:site_name\" content=\"CidadeMarketing\" \/>\n<meta property=\"article:publisher\" content=\"https:\/\/www.facebook.com\/portalcidademarketing\" \/>\n<meta property=\"article:author\" content=\"https:\/\/www.facebook.com\/thalesbrandao\" \/>\n<meta property=\"article:published_time\" content=\"2021-07-13T02:33:33+00:00\" \/>\n<meta property=\"article:modified_time\" content=\"2021-07-13T02:33:35+00:00\" \/>\n<meta property=\"og:image\" content=\"https:\/\/www.cidademarketing.com.br\/marketing\/wp-content\/uploads\/2021\/07\/diadorock.jpg\" \/>\n\t<meta property=\"og:image:width\" content=\"720\" \/>\n\t<meta property=\"og:image:height\" content=\"576\" \/>\n\t<meta property=\"og:image:type\" content=\"image\/jpeg\" \/>\n<meta name=\"author\" content=\"Thales Brand\u00e3o\" \/>\n<meta name=\"twitter:card\" content=\"summary_large_image\" \/>\n<meta name=\"twitter:creator\" content=\"@http:\/\/www.twitter.com\/thalesbrandao\" \/>\n<meta name=\"twitter:site\" content=\"@CidadeMarketing\" \/>\n<meta name=\"twitter:label1\" content=\"Escrito por\" \/>\n\t<meta name=\"twitter:data1\" content=\"Thales Brand\u00e3o\" \/>\n\t<meta name=\"twitter:label2\" content=\"Est. tempo de leitura\" \/>\n\t<meta name=\"twitter:data2\" content=\"4 minutos\" \/>\n<script type=\"application\/ld+json\" class=\"yoast-schema-graph\">{\"@context\":\"https:\\\/\\\/schema.org\",\"@graph\":[{\"@type\":\"Article\",\"@id\":\"https:\\\/\\\/www.cidademarketing.com.br\\\/marketing\\\/2021\\\/07\\\/12\\\/o-curtaon-comemora-o-dia-mundial-do-rock-com-producoes-nacionais-e-internacionais\\\/#article\",\"isPartOf\":{\"@id\":\"https:\\\/\\\/www.cidademarketing.com.br\\\/marketing\\\/2021\\\/07\\\/12\\\/o-curtaon-comemora-o-dia-mundial-do-rock-com-producoes-nacionais-e-internacionais\\\/\"},\"author\":{\"name\":\"Thales Brand\u00e3o\",\"@id\":\"https:\\\/\\\/www.cidademarketing.com.br\\\/marketing\\\/#\\\/schema\\\/person\\\/02daff9f18bd9378c9e01eb6b2db155f\"},\"headline\":\"O Curta!On comemora o Dia Mundial do Rock com produ\u00e7\u00f5es nacionais e internacionais\",\"datePublished\":\"2021-07-13T02:33:33+00:00\",\"dateModified\":\"2021-07-13T02:33:35+00:00\",\"mainEntityOfPage\":{\"@id\":\"https:\\\/\\\/www.cidademarketing.com.br\\\/marketing\\\/2021\\\/07\\\/12\\\/o-curtaon-comemora-o-dia-mundial-do-rock-com-producoes-nacionais-e-internacionais\\\/\"},\"wordCount\":764,\"commentCount\":0,\"publisher\":{\"@id\":\"https:\\\/\\\/www.cidademarketing.com.br\\\/marketing\\\/#organization\"},\"image\":{\"@id\":\"https:\\\/\\\/www.cidademarketing.com.br\\\/marketing\\\/2021\\\/07\\\/12\\\/o-curtaon-comemora-o-dia-mundial-do-rock-com-producoes-nacionais-e-internacionais\\\/#primaryimage\"},\"thumbnailUrl\":\"https:\\\/\\\/www.cidademarketing.com.br\\\/marketing\\\/wp-content\\\/uploads\\\/2021\\\/07\\\/diadorock.jpg\",\"keywords\":[\"Curta!\",\"Curta!On\",\"Dia Mundial do Rock\",\"estrat\u00e9gia\",\"marketing\"],\"articleSection\":[\"Not\u00edcias\"],\"inLanguage\":\"pt-BR\",\"potentialAction\":[{\"@type\":\"CommentAction\",\"name\":\"Comment\",\"target\":[\"https:\\\/\\\/www.cidademarketing.com.br\\\/marketing\\\/2021\\\/07\\\/12\\\/o-curtaon-comemora-o-dia-mundial-do-rock-com-producoes-nacionais-e-internacionais\\\/#respond\"]}]},{\"@type\":\"WebPage\",\"@id\":\"https:\\\/\\\/www.cidademarketing.com.br\\\/marketing\\\/2021\\\/07\\\/12\\\/o-curtaon-comemora-o-dia-mundial-do-rock-com-producoes-nacionais-e-internacionais\\\/\",\"url\":\"https:\\\/\\\/www.cidademarketing.com.br\\\/marketing\\\/2021\\\/07\\\/12\\\/o-curtaon-comemora-o-dia-mundial-do-rock-com-producoes-nacionais-e-internacionais\\\/\",\"name\":\"O Curta!On comemora o Dia Mundial do Rock com produ\u00e7\u00f5es nacionais e internacionais - CidadeMarketing\",\"isPartOf\":{\"@id\":\"https:\\\/\\\/www.cidademarketing.com.br\\\/marketing\\\/#website\"},\"primaryImageOfPage\":{\"@id\":\"https:\\\/\\\/www.cidademarketing.com.br\\\/marketing\\\/2021\\\/07\\\/12\\\/o-curtaon-comemora-o-dia-mundial-do-rock-com-producoes-nacionais-e-internacionais\\\/#primaryimage\"},\"image\":{\"@id\":\"https:\\\/\\\/www.cidademarketing.com.br\\\/marketing\\\/2021\\\/07\\\/12\\\/o-curtaon-comemora-o-dia-mundial-do-rock-com-producoes-nacionais-e-internacionais\\\/#primaryimage\"},\"thumbnailUrl\":\"https:\\\/\\\/www.cidademarketing.com.br\\\/marketing\\\/wp-content\\\/uploads\\\/2021\\\/07\\\/diadorock.jpg\",\"datePublished\":\"2021-07-13T02:33:33+00:00\",\"dateModified\":\"2021-07-13T02:33:35+00:00\",\"breadcrumb\":{\"@id\":\"https:\\\/\\\/www.cidademarketing.com.br\\\/marketing\\\/2021\\\/07\\\/12\\\/o-curtaon-comemora-o-dia-mundial-do-rock-com-producoes-nacionais-e-internacionais\\\/#breadcrumb\"},\"inLanguage\":\"pt-BR\",\"potentialAction\":[{\"@type\":\"ReadAction\",\"target\":[\"https:\\\/\\\/www.cidademarketing.com.br\\\/marketing\\\/2021\\\/07\\\/12\\\/o-curtaon-comemora-o-dia-mundial-do-rock-com-producoes-nacionais-e-internacionais\\\/\"]}]},{\"@type\":\"ImageObject\",\"inLanguage\":\"pt-BR\",\"@id\":\"https:\\\/\\\/www.cidademarketing.com.br\\\/marketing\\\/2021\\\/07\\\/12\\\/o-curtaon-comemora-o-dia-mundial-do-rock-com-producoes-nacionais-e-internacionais\\\/#primaryimage\",\"url\":\"https:\\\/\\\/www.cidademarketing.com.br\\\/marketing\\\/wp-content\\\/uploads\\\/2021\\\/07\\\/diadorock.jpg\",\"contentUrl\":\"https:\\\/\\\/www.cidademarketing.com.br\\\/marketing\\\/wp-content\\\/uploads\\\/2021\\\/07\\\/diadorock.jpg\",\"width\":720,\"height\":576,\"caption\":\"Chuck Berry em um dos epis\u00f3dios da s\u00e9rie \u2018Cl\u00e1ssicos do Rock\u2019 (Foto: Divulga\u00e7\u00e3o\\\/Curta!On)\"},{\"@type\":\"BreadcrumbList\",\"@id\":\"https:\\\/\\\/www.cidademarketing.com.br\\\/marketing\\\/2021\\\/07\\\/12\\\/o-curtaon-comemora-o-dia-mundial-do-rock-com-producoes-nacionais-e-internacionais\\\/#breadcrumb\",\"itemListElement\":[{\"@type\":\"ListItem\",\"position\":1,\"name\":\"In\u00edcio\",\"item\":\"https:\\\/\\\/www.cidademarketing.com.br\\\/marketing\\\/\"},{\"@type\":\"ListItem\",\"position\":2,\"name\":\"O Curta!On comemora o Dia Mundial do Rock com produ\u00e7\u00f5es nacionais e internacionais\"}]},{\"@type\":\"WebSite\",\"@id\":\"https:\\\/\\\/www.cidademarketing.com.br\\\/marketing\\\/#website\",\"url\":\"https:\\\/\\\/www.cidademarketing.com.br\\\/marketing\\\/\",\"name\":\"CidadeMarketing\",\"description\":\"Somos um ve\u00edculo de comunica\u00e7\u00e3o de destaque no Brasil, reconhecido por conte\u00fados nos segmentos de marketing, empreendedorismo e inova\u00e7\u00e3o.\",\"publisher\":{\"@id\":\"https:\\\/\\\/www.cidademarketing.com.br\\\/marketing\\\/#organization\"},\"alternateName\":\"CidadeMarketing\",\"potentialAction\":[{\"@type\":\"SearchAction\",\"target\":{\"@type\":\"EntryPoint\",\"urlTemplate\":\"https:\\\/\\\/www.cidademarketing.com.br\\\/marketing\\\/?s={search_term_string}\"},\"query-input\":{\"@type\":\"PropertyValueSpecification\",\"valueRequired\":true,\"valueName\":\"search_term_string\"}}],\"inLanguage\":\"pt-BR\"},{\"@type\":\"Organization\",\"@id\":\"https:\\\/\\\/www.cidademarketing.com.br\\\/marketing\\\/#organization\",\"name\":\"CidadeMarketing\",\"alternateName\":\"CidadeMarketing\",\"url\":\"https:\\\/\\\/www.cidademarketing.com.br\\\/marketing\\\/\",\"logo\":{\"@type\":\"ImageObject\",\"inLanguage\":\"pt-BR\",\"@id\":\"https:\\\/\\\/www.cidademarketing.com.br\\\/marketing\\\/#\\\/schema\\\/logo\\\/image\\\/\",\"url\":\"https:\\\/\\\/www.cidademarketing.com.br\\\/marketing\\\/wp-content\\\/uploads\\\/2020\\\/01\\\/cidademarketing_marca_mobile.png\",\"contentUrl\":\"https:\\\/\\\/www.cidademarketing.com.br\\\/marketing\\\/wp-content\\\/uploads\\\/2020\\\/01\\\/cidademarketing_marca_mobile.png\",\"width\":230,\"height\":92,\"caption\":\"CidadeMarketing\"},\"image\":{\"@id\":\"https:\\\/\\\/www.cidademarketing.com.br\\\/marketing\\\/#\\\/schema\\\/logo\\\/image\\\/\"},\"sameAs\":[\"https:\\\/\\\/www.facebook.com\\\/portalcidademarketing\",\"https:\\\/\\\/x.com\\\/CidadeMarketing\",\"https:\\\/\\\/www.instagram.com\\\/cidademarketing\\\/\"]},{\"@type\":\"Person\",\"@id\":\"https:\\\/\\\/www.cidademarketing.com.br\\\/marketing\\\/#\\\/schema\\\/person\\\/02daff9f18bd9378c9e01eb6b2db155f\",\"name\":\"Thales Brand\u00e3o\",\"image\":{\"@type\":\"ImageObject\",\"inLanguage\":\"pt-BR\",\"@id\":\"https:\\\/\\\/secure.gravatar.com\\\/avatar\\\/7ca3206950207cc3cb48feec56a8a7898741ab725c368d99d5d7a5a50aab80c6?s=96&d=mm&r=g\",\"url\":\"https:\\\/\\\/secure.gravatar.com\\\/avatar\\\/7ca3206950207cc3cb48feec56a8a7898741ab725c368d99d5d7a5a50aab80c6?s=96&d=mm&r=g\",\"contentUrl\":\"https:\\\/\\\/secure.gravatar.com\\\/avatar\\\/7ca3206950207cc3cb48feec56a8a7898741ab725c368d99d5d7a5a50aab80c6?s=96&d=mm&r=g\",\"caption\":\"Thales Brand\u00e3o\"},\"description\":\"Editor Executivo do Portal CidadeMarketing.com.br &gt; Mestre em Comunica\u00e7\u00e3o e Sociedade pela Universidade Federal de Sergipe. Possui MBA Executivo em Administra\u00e7\u00e3o com \u00eanfase em Marketing pela Funda\u00e7\u00e3o Get\u00falio Vargas - Rio de Janeiro. Consultor, Palestrante e Pesquisador sobre Empreendedorismo, Marketing, Redes Sociais e Neg\u00f3cios Digitais. Professor, Palestrante TedxTalks e Campus Party. Twitter: @ThalesBrandao\",\"sameAs\":[\"http:\\\/\\\/www.mandacaru.com.br\",\"https:\\\/\\\/www.facebook.com\\\/thalesbrandao\",\"http:\\\/\\\/www.instagram.com.br\\\/thalesbrandaoferreira\",\"https:\\\/\\\/www.linkedin.com\\\/in\\\/thales-brand\u00e3o-3948609\\\/\",\"https:\\\/\\\/x.com\\\/http:\\\/\\\/www.twitter.com\\\/thalesbrandao\"],\"url\":\"https:\\\/\\\/www.cidademarketing.com.br\\\/marketing\\\/author\\\/thalesbrandao\\\/\"}]}<\/script>\n<!-- \/ Yoast SEO plugin. -->","yoast_head_json":{"title":"O Curta!On comemora o Dia Mundial do Rock com produ\u00e7\u00f5es nacionais e internacionais - CidadeMarketing","robots":{"index":"index","follow":"follow","max-snippet":"max-snippet:-1","max-image-preview":"max-image-preview:large","max-video-preview":"max-video-preview:-1"},"canonical":"https:\/\/www.cidademarketing.com.br\/marketing\/2021\/07\/12\/o-curtaon-comemora-o-dia-mundial-do-rock-com-producoes-nacionais-e-internacionais\/","og_locale":"pt_BR","og_type":"article","og_title":"O Curta!On comemora o Dia Mundial do Rock com produ\u00e7\u00f5es nacionais e internacionais - CidadeMarketing","og_description":"No m\u00eas em que se comemora no Brasil o Dia Mundial do Rock, o Curta!On re\u00fane quatro atra\u00e7\u00f5es \u2014 duas s\u00e9ries e dois document\u00e1rios musicais \u2014 que resgatam shows marcantes e hist\u00f3rias de bastidores de nomes consagrados do rock \u2018n\u2019 roll nacional e internacional. Todas as produ\u00e7\u00f5es j\u00e1 podem ser vistas no Curta!On, a plataforma [&hellip;]","og_url":"https:\/\/www.cidademarketing.com.br\/marketing\/2021\/07\/12\/o-curtaon-comemora-o-dia-mundial-do-rock-com-producoes-nacionais-e-internacionais\/","og_site_name":"CidadeMarketing","article_publisher":"https:\/\/www.facebook.com\/portalcidademarketing","article_author":"https:\/\/www.facebook.com\/thalesbrandao","article_published_time":"2021-07-13T02:33:33+00:00","article_modified_time":"2021-07-13T02:33:35+00:00","og_image":[{"width":720,"height":576,"url":"https:\/\/www.cidademarketing.com.br\/marketing\/wp-content\/uploads\/2021\/07\/diadorock.jpg","type":"image\/jpeg"}],"author":"Thales Brand\u00e3o","twitter_card":"summary_large_image","twitter_creator":"@http:\/\/www.twitter.com\/thalesbrandao","twitter_site":"@CidadeMarketing","twitter_misc":{"Escrito por":"Thales Brand\u00e3o","Est. tempo de leitura":"4 minutos"},"schema":{"@context":"https:\/\/schema.org","@graph":[{"@type":"Article","@id":"https:\/\/www.cidademarketing.com.br\/marketing\/2021\/07\/12\/o-curtaon-comemora-o-dia-mundial-do-rock-com-producoes-nacionais-e-internacionais\/#article","isPartOf":{"@id":"https:\/\/www.cidademarketing.com.br\/marketing\/2021\/07\/12\/o-curtaon-comemora-o-dia-mundial-do-rock-com-producoes-nacionais-e-internacionais\/"},"author":{"name":"Thales Brand\u00e3o","@id":"https:\/\/www.cidademarketing.com.br\/marketing\/#\/schema\/person\/02daff9f18bd9378c9e01eb6b2db155f"},"headline":"O Curta!On comemora o Dia Mundial do Rock com produ\u00e7\u00f5es nacionais e internacionais","datePublished":"2021-07-13T02:33:33+00:00","dateModified":"2021-07-13T02:33:35+00:00","mainEntityOfPage":{"@id":"https:\/\/www.cidademarketing.com.br\/marketing\/2021\/07\/12\/o-curtaon-comemora-o-dia-mundial-do-rock-com-producoes-nacionais-e-internacionais\/"},"wordCount":764,"commentCount":0,"publisher":{"@id":"https:\/\/www.cidademarketing.com.br\/marketing\/#organization"},"image":{"@id":"https:\/\/www.cidademarketing.com.br\/marketing\/2021\/07\/12\/o-curtaon-comemora-o-dia-mundial-do-rock-com-producoes-nacionais-e-internacionais\/#primaryimage"},"thumbnailUrl":"https:\/\/www.cidademarketing.com.br\/marketing\/wp-content\/uploads\/2021\/07\/diadorock.jpg","keywords":["Curta!","Curta!On","Dia Mundial do Rock","estrat\u00e9gia","marketing"],"articleSection":["Not\u00edcias"],"inLanguage":"pt-BR","potentialAction":[{"@type":"CommentAction","name":"Comment","target":["https:\/\/www.cidademarketing.com.br\/marketing\/2021\/07\/12\/o-curtaon-comemora-o-dia-mundial-do-rock-com-producoes-nacionais-e-internacionais\/#respond"]}]},{"@type":"WebPage","@id":"https:\/\/www.cidademarketing.com.br\/marketing\/2021\/07\/12\/o-curtaon-comemora-o-dia-mundial-do-rock-com-producoes-nacionais-e-internacionais\/","url":"https:\/\/www.cidademarketing.com.br\/marketing\/2021\/07\/12\/o-curtaon-comemora-o-dia-mundial-do-rock-com-producoes-nacionais-e-internacionais\/","name":"O Curta!On comemora o Dia Mundial do Rock com produ\u00e7\u00f5es nacionais e internacionais - CidadeMarketing","isPartOf":{"@id":"https:\/\/www.cidademarketing.com.br\/marketing\/#website"},"primaryImageOfPage":{"@id":"https:\/\/www.cidademarketing.com.br\/marketing\/2021\/07\/12\/o-curtaon-comemora-o-dia-mundial-do-rock-com-producoes-nacionais-e-internacionais\/#primaryimage"},"image":{"@id":"https:\/\/www.cidademarketing.com.br\/marketing\/2021\/07\/12\/o-curtaon-comemora-o-dia-mundial-do-rock-com-producoes-nacionais-e-internacionais\/#primaryimage"},"thumbnailUrl":"https:\/\/www.cidademarketing.com.br\/marketing\/wp-content\/uploads\/2021\/07\/diadorock.jpg","datePublished":"2021-07-13T02:33:33+00:00","dateModified":"2021-07-13T02:33:35+00:00","breadcrumb":{"@id":"https:\/\/www.cidademarketing.com.br\/marketing\/2021\/07\/12\/o-curtaon-comemora-o-dia-mundial-do-rock-com-producoes-nacionais-e-internacionais\/#breadcrumb"},"inLanguage":"pt-BR","potentialAction":[{"@type":"ReadAction","target":["https:\/\/www.cidademarketing.com.br\/marketing\/2021\/07\/12\/o-curtaon-comemora-o-dia-mundial-do-rock-com-producoes-nacionais-e-internacionais\/"]}]},{"@type":"ImageObject","inLanguage":"pt-BR","@id":"https:\/\/www.cidademarketing.com.br\/marketing\/2021\/07\/12\/o-curtaon-comemora-o-dia-mundial-do-rock-com-producoes-nacionais-e-internacionais\/#primaryimage","url":"https:\/\/www.cidademarketing.com.br\/marketing\/wp-content\/uploads\/2021\/07\/diadorock.jpg","contentUrl":"https:\/\/www.cidademarketing.com.br\/marketing\/wp-content\/uploads\/2021\/07\/diadorock.jpg","width":720,"height":576,"caption":"Chuck Berry em um dos epis\u00f3dios da s\u00e9rie \u2018Cl\u00e1ssicos do Rock\u2019 (Foto: Divulga\u00e7\u00e3o\/Curta!On)"},{"@type":"BreadcrumbList","@id":"https:\/\/www.cidademarketing.com.br\/marketing\/2021\/07\/12\/o-curtaon-comemora-o-dia-mundial-do-rock-com-producoes-nacionais-e-internacionais\/#breadcrumb","itemListElement":[{"@type":"ListItem","position":1,"name":"In\u00edcio","item":"https:\/\/www.cidademarketing.com.br\/marketing\/"},{"@type":"ListItem","position":2,"name":"O Curta!On comemora o Dia Mundial do Rock com produ\u00e7\u00f5es nacionais e internacionais"}]},{"@type":"WebSite","@id":"https:\/\/www.cidademarketing.com.br\/marketing\/#website","url":"https:\/\/www.cidademarketing.com.br\/marketing\/","name":"CidadeMarketing","description":"Somos um ve\u00edculo de comunica\u00e7\u00e3o de destaque no Brasil, reconhecido por conte\u00fados nos segmentos de marketing, empreendedorismo e inova\u00e7\u00e3o.","publisher":{"@id":"https:\/\/www.cidademarketing.com.br\/marketing\/#organization"},"alternateName":"CidadeMarketing","potentialAction":[{"@type":"SearchAction","target":{"@type":"EntryPoint","urlTemplate":"https:\/\/www.cidademarketing.com.br\/marketing\/?s={search_term_string}"},"query-input":{"@type":"PropertyValueSpecification","valueRequired":true,"valueName":"search_term_string"}}],"inLanguage":"pt-BR"},{"@type":"Organization","@id":"https:\/\/www.cidademarketing.com.br\/marketing\/#organization","name":"CidadeMarketing","alternateName":"CidadeMarketing","url":"https:\/\/www.cidademarketing.com.br\/marketing\/","logo":{"@type":"ImageObject","inLanguage":"pt-BR","@id":"https:\/\/www.cidademarketing.com.br\/marketing\/#\/schema\/logo\/image\/","url":"https:\/\/www.cidademarketing.com.br\/marketing\/wp-content\/uploads\/2020\/01\/cidademarketing_marca_mobile.png","contentUrl":"https:\/\/www.cidademarketing.com.br\/marketing\/wp-content\/uploads\/2020\/01\/cidademarketing_marca_mobile.png","width":230,"height":92,"caption":"CidadeMarketing"},"image":{"@id":"https:\/\/www.cidademarketing.com.br\/marketing\/#\/schema\/logo\/image\/"},"sameAs":["https:\/\/www.facebook.com\/portalcidademarketing","https:\/\/x.com\/CidadeMarketing","https:\/\/www.instagram.com\/cidademarketing\/"]},{"@type":"Person","@id":"https:\/\/www.cidademarketing.com.br\/marketing\/#\/schema\/person\/02daff9f18bd9378c9e01eb6b2db155f","name":"Thales Brand\u00e3o","image":{"@type":"ImageObject","inLanguage":"pt-BR","@id":"https:\/\/secure.gravatar.com\/avatar\/7ca3206950207cc3cb48feec56a8a7898741ab725c368d99d5d7a5a50aab80c6?s=96&d=mm&r=g","url":"https:\/\/secure.gravatar.com\/avatar\/7ca3206950207cc3cb48feec56a8a7898741ab725c368d99d5d7a5a50aab80c6?s=96&d=mm&r=g","contentUrl":"https:\/\/secure.gravatar.com\/avatar\/7ca3206950207cc3cb48feec56a8a7898741ab725c368d99d5d7a5a50aab80c6?s=96&d=mm&r=g","caption":"Thales Brand\u00e3o"},"description":"Editor Executivo do Portal CidadeMarketing.com.br &gt; Mestre em Comunica\u00e7\u00e3o e Sociedade pela Universidade Federal de Sergipe. Possui MBA Executivo em Administra\u00e7\u00e3o com \u00eanfase em Marketing pela Funda\u00e7\u00e3o Get\u00falio Vargas - Rio de Janeiro. Consultor, Palestrante e Pesquisador sobre Empreendedorismo, Marketing, Redes Sociais e Neg\u00f3cios Digitais. Professor, Palestrante TedxTalks e Campus Party. Twitter: @ThalesBrandao","sameAs":["http:\/\/www.mandacaru.com.br","https:\/\/www.facebook.com\/thalesbrandao","http:\/\/www.instagram.com.br\/thalesbrandaoferreira","https:\/\/www.linkedin.com\/in\/thales-brand\u00e3o-3948609\/","https:\/\/x.com\/http:\/\/www.twitter.com\/thalesbrandao"],"url":"https:\/\/www.cidademarketing.com.br\/marketing\/author\/thalesbrandao\/"}]}},"amp_enabled":true,"_links":{"self":[{"href":"https:\/\/www.cidademarketing.com.br\/marketing\/wp-json\/wp\/v2\/posts\/25359","targetHints":{"allow":["GET"]}}],"collection":[{"href":"https:\/\/www.cidademarketing.com.br\/marketing\/wp-json\/wp\/v2\/posts"}],"about":[{"href":"https:\/\/www.cidademarketing.com.br\/marketing\/wp-json\/wp\/v2\/types\/post"}],"author":[{"embeddable":true,"href":"https:\/\/www.cidademarketing.com.br\/marketing\/wp-json\/wp\/v2\/users\/1"}],"replies":[{"embeddable":true,"href":"https:\/\/www.cidademarketing.com.br\/marketing\/wp-json\/wp\/v2\/comments?post=25359"}],"version-history":[{"count":1,"href":"https:\/\/www.cidademarketing.com.br\/marketing\/wp-json\/wp\/v2\/posts\/25359\/revisions"}],"predecessor-version":[{"id":25361,"href":"https:\/\/www.cidademarketing.com.br\/marketing\/wp-json\/wp\/v2\/posts\/25359\/revisions\/25361"}],"wp:featuredmedia":[{"embeddable":true,"href":"https:\/\/www.cidademarketing.com.br\/marketing\/wp-json\/wp\/v2\/media\/25360"}],"wp:attachment":[{"href":"https:\/\/www.cidademarketing.com.br\/marketing\/wp-json\/wp\/v2\/media?parent=25359"}],"wp:term":[{"taxonomy":"category","embeddable":true,"href":"https:\/\/www.cidademarketing.com.br\/marketing\/wp-json\/wp\/v2\/categories?post=25359"},{"taxonomy":"post_tag","embeddable":true,"href":"https:\/\/www.cidademarketing.com.br\/marketing\/wp-json\/wp\/v2\/tags?post=25359"}],"curies":[{"name":"wp","href":"https:\/\/api.w.org\/{rel}","templated":true}]}}