{"id":25269,"date":"2021-07-10T17:28:31","date_gmt":"2021-07-10T20:28:31","guid":{"rendered":"https:\/\/www.cidademarketing.com.br\/marketing\/?p=25269"},"modified":"2021-07-10T17:28:34","modified_gmt":"2021-07-10T20:28:34","slug":"ipca-fica-em-053-em-junho-grupo-habitacao-os-precos-subiram-110","status":"publish","type":"post","link":"https:\/\/www.cidademarketing.com.br\/marketing\/2021\/07\/10\/ipca-fica-em-053-em-junho-grupo-habitacao-os-precos-subiram-110\/","title":{"rendered":"IPCA fica em 0,53% em junho; Grupo Habita\u00e7\u00e3o, os pre\u00e7os subiram 1,10%"},"content":{"rendered":"\n<p>O\u00a0<strong>\u00cdndice Nacional de Pre\u00e7os ao Consumidor Amplo (IPCA)<\/strong>\u00a0de junho foi de 0,53%, ficando 0,30 ponto percentual abaixo da taxa de maio (0,83%). No ano, o \u00edndice acumula alta de 3,77% e, nos \u00faltimos 12 meses, de 8,35%, acima dos 8,06% observados nos 12 meses imediatamente anteriores. Em junho de 2020, a varia\u00e7\u00e3o mensal havia sido de 0,26%.  <\/p>\n\n\n\n<figure class=\"wp-block-table\"><table><tbody><tr><th>Periodo<\/th><th>Taxa<\/th><\/tr><tr><td>Junho 2021<\/td><td>0,53%<\/td><\/tr><tr><td>Maio 2021<\/td><td>0,83%<\/td><\/tr><tr><td>Junho 2020<\/td><td>0,26%<\/td><\/tr><tr><td>Acumulado no ano<\/td><td>3,77%<\/td><\/tr><tr><td>Acumulado em 12 meses<\/td><td>8,35%<\/td><\/tr><\/tbody><\/table><\/figure>\n\n\n\n<p>Dos nove grupos de produtos e servi\u00e7os pesquisados, oito tiveram alta de pre\u00e7os em junho. O maior impacto (0,17 p.p.) veio do grupo\u00a0<strong>Habita\u00e7\u00e3o<\/strong>, cujos pre\u00e7os subiram 1,10%. Na sequ\u00eancia, vieram\u00a0<strong>Alimenta\u00e7\u00e3o e bebidas<\/strong>\u00a0(0,43%) e\u00a0<strong>Transportes<\/strong>\u00a0(0,41%), cujos impactos foram de 0,09 p.p. A maior varia\u00e7\u00e3o no m\u00eas (1,21%) foi do grupo\u00a0<strong>Vestu\u00e1rio<\/strong>, que acelerou em rela\u00e7\u00e3o ao m\u00eas de maio (0,92%) e contribuiu com 0,05 p.p. Os demais grupos ficaram entre a queda (-0,12%) de\u00a0<strong>Comunica\u00e7\u00e3o<\/strong>\u00a0e a alta de\u00a0<strong>Artigos de resid\u00eancia\u00a0<\/strong>(1,09%).<\/p>\n\n\n\n<figure class=\"wp-block-table\"><table><tbody><tr><th>Grupo<\/th><th>Varia\u00e7\u00e3o (%)<\/th><th>Impacto (p.p.)<\/th><\/tr><tr><th>Maio<\/th><th>Junho<\/th><th>Maio<\/th><th>Junho<\/th><\/tr><tr><td>\u00cdndice Geral<\/td><td>0,83<\/td><td>0,53<\/td><td>0,83<\/td><td>0,53<\/td><\/tr><tr><td>Alimenta\u00e7\u00e3o e Bebidas<\/td><td>0,44<\/td><td>0,43<\/td><td>0,09<\/td><td>0,09<\/td><\/tr><tr><td>Habita\u00e7\u00e3o<\/td><td>1,78<\/td><td>1,10<\/td><td>0,28<\/td><td>0,17<\/td><\/tr><tr><td>Artigos de Resid\u00eancia<\/td><td>1,25<\/td><td>1,09<\/td><td>0,05<\/td><td>0,04<\/td><\/tr><tr><td>Vestu\u00e1rio<\/td><td>0,92<\/td><td>1,21<\/td><td>0,04<\/td><td>0,05<\/td><\/tr><tr><td>Transportes<\/td><td>1,15<\/td><td>0,41<\/td><td>0,24<\/td><td>0,09<\/td><\/tr><tr><td>Sa\u00fade e Cuidados Pessoais<\/td><td>0,76<\/td><td>0,51<\/td><td>0,10<\/td><td>0,07<\/td><\/tr><tr><td>Despesas Pessoais<\/td><td>0,21<\/td><td>0,29<\/td><td>0,02<\/td><td>0,03<\/td><\/tr><tr><td>Educa\u00e7\u00e3o<\/td><td>0,06<\/td><td>0,05<\/td><td>0,00<\/td><td>0,00<\/td><\/tr><tr><td>Comunica\u00e7\u00e3o<\/td><td>0,21<\/td><td>-0,12<\/td><td>0,01<\/td><td>-0,01<\/td><\/tr><tr><td><small>Fonte: IBGE, Diretoria de Pesquisas, Coordena\u00e7\u00e3o de \u00cdndices de Pre\u00e7os&nbsp;<\/small><\/td><\/tr><\/tbody><\/table><\/figure>\n\n\n\n<p>O grupo&nbsp;<strong>Habita\u00e7\u00e3o<\/strong>&nbsp;(1,10%) subiu menos do que em maio (1,78%), principalmente devido \u00e0 desacelera\u00e7\u00e3o da&nbsp;<strong>energia el\u00e9trica<\/strong>&nbsp;(1,95%) em rela\u00e7\u00e3o ao m\u00eas anterior (5,37%). Ainda assim, este item exerceu o maior impacto individual no \u00edndice do m\u00eas (0,09 p.p.). Em&nbsp;<strong>Curitiba<\/strong>&nbsp;(4,11%), houve reajuste m\u00e9dio de 8,97% nas tarifas a partir de 24 de junho. Al\u00e9m disso, em junho, passou a vigorar a bandeira tarif\u00e1ria vermelha patamar 2, acrescentando R$ 6,243 na conta de luz a cada 100 quilowatts-hora consumidos. Vale lembrar que em maio foi aplicada a bandeira vermelha patamar 1, cujo acr\u00e9scimo \u00e9 menor (R$ 4,169).<\/p>\n\n\n\n<p>Ainda em&nbsp;<strong>Habita\u00e7\u00e3o<\/strong>, destaca-se a alta da&nbsp;<strong>taxa de \u00e1gua e esgoto<\/strong>&nbsp;(1,04%), consequ\u00eancia dos reajustes de 7,10% em&nbsp;<strong>S\u00e3o Paulo<\/strong>&nbsp;(2,42%), vigente desde 10 de maio, e de 5,78% em&nbsp;<strong>Curitiba<\/strong>&nbsp;(3,43%), a partir de 17 de maio. Em&nbsp;<strong>Bras\u00edlia<\/strong>&nbsp;(-2,40%), houve redu\u00e7\u00e3o m\u00e9dia de 2,74% nas tarifas a partir de 1\u00ba de junho. Os pre\u00e7os do&nbsp;<strong>g\u00e1s de botij\u00e3o<\/strong>&nbsp;(1,58%) e do&nbsp;<strong>g\u00e1s encanado<\/strong>&nbsp;(5,01%) tamb\u00e9m subiram. No subitem&nbsp;<strong>g\u00e1s encanado<\/strong>, a alta decorre do reajuste de 9,63% em&nbsp;<strong>S\u00e3o Paulo<\/strong>&nbsp;(8,73%) a partir de 31 de maio. Al\u00e9m disso, houve a contribui\u00e7\u00e3o residual dos reajustes de 13% no&nbsp;<strong>Rio de Janeiro<\/strong>&nbsp;(0,42%) e de 7,04% em&nbsp;<strong>Curitiba<\/strong>&nbsp;(0,23%), ambos em vigor desde 1\u00ba de maio.<\/p>\n\n\n\n<p>No grupo&nbsp;<strong>Alimenta\u00e7\u00e3o e bebidas<\/strong>, a alta de 0,43% ficou pr\u00f3xima \u00e0 do m\u00eas anterior (0,44%). A&nbsp;<strong>alimenta\u00e7\u00e3o no domic\u00edlio<\/strong>&nbsp;passou de 0,23% em maio para 0,33% em junho, principalmente por conta das&nbsp;<strong>carnes<\/strong>&nbsp;(1,32%), que subiram pelo quinto m\u00eas consecutivo e acumulam alta de 38,17% em 12 meses. No lado das quedas, destacam-se a&nbsp;<strong>batata-inglesa<\/strong>&nbsp;(-15,38%), a&nbsp;<strong>cebola<\/strong>&nbsp;(-13,70%), o&nbsp;<strong>tomate<\/strong>&nbsp;(-9,35%) e as&nbsp;<strong>frutas<\/strong>&nbsp;(-2,69%).<\/p>\n\n\n\n<p>A&nbsp;<strong>alimenta\u00e7\u00e3o fora do domic\u00edlio<\/strong>&nbsp;(0,66%) desacelerou em rela\u00e7\u00e3o a maio (0,98%), principalmente por conta do&nbsp;<strong>lanche<\/strong>&nbsp;(0,24%), cujos pre\u00e7os haviam subido 2,10% no m\u00eas anterior. J\u00e1 a&nbsp;<strong>refei\u00e7\u00e3o<\/strong>&nbsp;subiu 0,85%, enquanto havia apresentado alta de 0,63% em maio.<\/p>\n\n\n\n<p>No grupo dos&nbsp;<strong>Transportes<\/strong>&nbsp;(0,41%), os&nbsp;<strong>combust\u00edveis<\/strong>&nbsp;subiram 0,87% e acumulam alta de 43,92% nos \u00faltimos 12 meses. Mais uma vez, o maior impacto (0,04 p.p.) veio da&nbsp;<strong>gasolina<\/strong>&nbsp;(0,69%), cujos pre\u00e7os haviam subido 2,87% em maio. Os pre\u00e7os do&nbsp;<strong>etanol<\/strong>&nbsp;(2,14%) e do&nbsp;<strong>\u00f3leo diesel<\/strong>&nbsp;(1,10%) e do&nbsp;<strong>g\u00e1s veicular<\/strong>&nbsp;(0,16%) tamb\u00e9m registraram alta em junho.<\/p>\n\n\n\n<p>Ainda em&nbsp;<strong>Transportes<\/strong>, as&nbsp;<strong>motocicletas<\/strong>&nbsp;(0,90%), os&nbsp;<strong>autom\u00f3veis novos<\/strong>&nbsp;(0,51%) e os&nbsp;<strong>autom\u00f3veis<\/strong>&nbsp;<strong>usados<\/strong>&nbsp;(0,58%) permanecem em alta. Alguns produtos e servi\u00e7os relacionados a estes subitens, casos do&nbsp;<strong>pneu<\/strong>&nbsp;(2,10%) e do&nbsp;<strong>conserto de autom\u00f3vel<\/strong>&nbsp;(0,43%), tiveram comportamento semelhante. Nos&nbsp;<strong>transportes p\u00fablicos<\/strong>&nbsp;(-0,61%), houve reajustes nas passagens de&nbsp;<strong>metr\u00f4<\/strong>&nbsp;(1,76%) no&nbsp;<strong>Rio de Janeiro<\/strong>&nbsp;(5,65%) \u2013 aumento de 16%, v\u00e1lido desde 11 de maio \u2013 e dos&nbsp;<strong>\u00f4nibus intermunicipais<\/strong>&nbsp;(0,34%) em&nbsp;<strong>Salvador<\/strong>&nbsp;(4,88%), onde o aumento de 6,80% foi aplicado a partir de 1\u00ba de junho. No lado das quedas, registrou-se recuo de 5,57% nos pre\u00e7os das&nbsp;<strong>passagens a\u00e9reas<\/strong>, com impacto de -0,02 p.p. no resultado do m\u00eas.<\/p>\n\n\n\n<p>O resultado do grupo&nbsp;<strong>Sa\u00fade e cuidados pessoais<\/strong>&nbsp;(0,51% e 0,07 p.p.) foi influenciado, principalmente, pelo&nbsp;<strong>plano de sa\u00fade<\/strong>&nbsp;(0,67%) e pelos itens de&nbsp;<strong>higiene pessoal&nbsp;<\/strong>(0,68%), ambos com 0,03 p.p. de impacto.<\/p>\n\n\n\n<p><strong>Vestu\u00e1rio<\/strong>&nbsp;(1,21%) foi o grupo com a maior varia\u00e7\u00e3o e contribuiu com 0,05 p.p. no IPCA de junho. Destacam-se as acelera\u00e7\u00f5es dos&nbsp;<strong>cal\u00e7ados e acess\u00f3rios<\/strong>&nbsp;(1,53%), das&nbsp;<strong>roupas masculinas<\/strong>&nbsp;(1,52%) e das&nbsp;<strong>roupas femininas<\/strong>&nbsp;(1,10%), que em maio haviam subido 0,79%, 1,21% e 1,02%, respectivamente.<\/p>\n\n\n\n<p>Todas as \u00e1reas pesquisadas apresentaram varia\u00e7\u00e3o positiva em junho. O maior \u00edndice foi o da regi\u00e3o metropolitana de&nbsp;<strong>Recife<\/strong>&nbsp;(0,92%), influenciado pelas altas nos pre\u00e7os da&nbsp;<strong>gasolina<\/strong>&nbsp;(4,92%) e da&nbsp;<strong>energia el\u00e9trica<\/strong>&nbsp;(2,78%). O menor resultado ocorreu em&nbsp;<strong>Bras\u00edlia<\/strong>&nbsp;(0,17%), por conta da queda nos pre\u00e7os das&nbsp;<strong>frutas<\/strong>&nbsp;(-7,53%) e da&nbsp;<strong>taxa de \u00e1gua e esgoto<\/strong>&nbsp;(-2,40%).<\/p>\n\n\n\n<p><\/p>\n\n\n\n<figure class=\"wp-block-table\"><table><tbody><tr><th>Regi\u00e3o<\/th><th>Peso Regional&nbsp;&nbsp; (%)<\/th><th>Varia\u00e7\u00e3o (%)<\/th><th>Varia\u00e7\u00e3o Acumulada (%)<\/th><\/tr><tr><th>Maio<\/th><th>Junho<\/th><th>Ano<\/th><th>12 meses<\/th><\/tr><tr><td>Recife<\/td><td>3,92<\/td><td>0,76<\/td><td>0,92<\/td><td>4,13<\/td><td>8,81<\/td><\/tr><tr><td>Salvador<\/td><td>5,99<\/td><td>1,12<\/td><td>0,86<\/td><td>4,13<\/td><td>7,84<\/td><\/tr><tr><td>Porto Alegre<\/td><td>8,61<\/td><td>1,04<\/td><td>0,79<\/td><td>4,14<\/td><td>9,07<\/td><\/tr><tr><td>Rio Branco<\/td><td>0,51<\/td><td>0,93<\/td><td>0,78<\/td><td>5,23<\/td><td>12,06<\/td><\/tr><tr><td>Campo Grande<\/td><td>1,57<\/td><td>0,93<\/td><td>0,66<\/td><td>4,58<\/td><td>11,38<\/td><\/tr><tr><td>Curitiba<\/td><td>8,09<\/td><td>0,97<\/td><td>0,61<\/td><td>4,77<\/td><td>9,64<\/td><\/tr><tr><td>Fortaleza<\/td><td>3,23<\/td><td>0,62<\/td><td>0,59<\/td><td>5,11<\/td><td>10,07<\/td><\/tr><tr><td>Vit\u00f3ria<\/td><td>1,86<\/td><td>0,74<\/td><td>0,59<\/td><td>4,31<\/td><td>8,88<\/td><\/tr><tr><td>Goi\u00e2nia<\/td><td>4,17<\/td><td>0,79<\/td><td>0,54<\/td><td>3,63<\/td><td>9,37<\/td><\/tr><tr><td>S\u00e3o Paulo<\/td><td>32,28<\/td><td>0,78<\/td><td>0,53<\/td><td>3,31<\/td><td>7,53<\/td><\/tr><tr><td>Aracaju<\/td><td>1,03<\/td><td>1,10<\/td><td>0,46<\/td><td>4,43<\/td><td>7,53<\/td><\/tr><tr><td>Belo Horizonte<\/td><td>9,69<\/td><td>0,79<\/td><td>0,42<\/td><td>3,87<\/td><td>9,08<\/td><\/tr><tr><td>S\u00e3o Lu\u00eds<\/td><td>1,62<\/td><td>1,10<\/td><td>0,30<\/td><td>3,72<\/td><td>10,36<\/td><\/tr><tr><td>Bel\u00e9m<\/td><td>3,94<\/td><td>0,48<\/td><td>0,24<\/td><td>3,63<\/td><td>8,71<\/td><\/tr><tr><td>Rio de Janeiro<\/td><td>9,43<\/td><td>0,87<\/td><td>0,24<\/td><td>3,05<\/td><td>6,84<\/td><\/tr><tr><td>Bras\u00edlia<\/td><td>4,06<\/td><td>0,27<\/td><td>0,17<\/td><td>3,19<\/td><td>7,13<\/td><\/tr><tr><td><strong>Brasil<\/strong><\/td><td><strong>100,00<\/strong><\/td><td><strong>0,83<\/strong><\/td><td><strong>0,53<\/strong><\/td><td><strong>3,77<\/strong><\/td><td><strong>8,35<\/strong><\/td><\/tr><tr><td><small>Fonte: IBGE, Diretoria de Pesquisas, Coordena\u00e7\u00e3o de \u00cdndices de Pre\u00e7os<\/small>&nbsp;<\/td><\/tr><\/tbody><\/table><\/figure>\n\n\n\n<p><strong>INPC tem alta de 0,60% em junho<\/strong><\/p>\n\n\n\n<p>O&nbsp;<strong>\u00cdndice Nacional de Pre\u00e7os ao Consumidor &#8211; INPC<\/strong>&nbsp;foi de 0,60% em junho, 0,36 p.p. abaixo do resultado de maio (0,96%). No ano, o indicador acumula alta de 3,95% e, em 12 meses, de 9,22%, acima dos 8,90% observados nos 12 meses imediatamente anteriores. Em junho de 2020, a taxa foi de 0,30%.<\/p>\n\n\n\n<p>Os&nbsp;<strong>produtos aliment\u00edcios&nbsp;<\/strong>subiram 0,47% em junho, ficando abaixo do resultado de maio (0,53%). J\u00e1 os&nbsp;<strong>n\u00e3o aliment\u00edcios&nbsp;<\/strong>tiveram alta de 0,64%, ante 1,10% em maio.<\/p>\n\n\n\n<p>Houve varia\u00e7\u00f5es positivas todas as \u00e1reas investigadas. O menor \u00edndice foi o de&nbsp;<strong>Bras\u00edlia<\/strong>&nbsp;(0,14%), onde pesaram as quedas nos pre\u00e7os das&nbsp;<strong>frutas<\/strong>&nbsp;(-6,83%) e da&nbsp;<strong>taxa de \u00e1gua e esgoto<\/strong>&nbsp;(-1,71%). As regi\u00f5es metropolitanas de&nbsp;<strong>Recife<\/strong>&nbsp;e de&nbsp;<strong>Salvador<\/strong>&nbsp;registraram a maior varia\u00e7\u00e3o (0,90%). Estas altas foram influenciadas pela&nbsp;<strong>energia el\u00e9trica<\/strong>&nbsp;(2,85% em&nbsp;<strong>Recife<\/strong>&nbsp;e 2,53% em&nbsp;<strong>Salvador<\/strong>) e pela&nbsp;<strong>gasolina<\/strong>&nbsp;(4,92% em&nbsp;<strong>Recife<\/strong>&nbsp;e 2,22% em&nbsp;<strong>Salvador<\/strong>).<\/p>\n\n\n\n<p>Para o c\u00e1lculo do \u00edndice do m\u00eas, foram comparados os pre\u00e7os coletados entre 28 de maio e 28 de junho de 2021 (refer\u00eancia) com os pre\u00e7os vigentes entre 30 de abril e 27 de maio de 2021 (base). O\u00a0<strong>INPC<\/strong>\u00a0\u00e9 calculado pelo IBGE desde 1979, se refere \u00e0s fam\u00edlias com rendimento de um a cinco sal\u00e1rios-m\u00ednimos, sendo o chefe assalariado, e abrange dez regi\u00f5es metropolitanas do pa\u00eds, al\u00e9m dos munic\u00edpios de Goi\u00e2nia, Campo Grande, Rio Branco, S\u00e3o Lu\u00eds, Aracaju e de Bras\u00edlia.<\/p>\n","protected":false},"excerpt":{"rendered":"<p>O\u00a0\u00cdndice Nacional de Pre\u00e7os ao Consumidor Amplo (IPCA)\u00a0de junho foi de 0,53%, ficando 0,30 ponto percentual abaixo da taxa de maio (0,83%). No ano, o \u00edndice acumula alta de 3,77% e, nos \u00faltimos 12 meses, de 8,35%, acima dos 8,06% observados nos 12 meses imediatamente anteriores. Em junho de 2020, a varia\u00e7\u00e3o mensal havia sido [&hellip;]<\/p>\n","protected":false},"author":1,"featured_media":25270,"comment_status":"open","ping_status":"open","sticky":false,"template":"","format":"standard","meta":{"tdm_status":"","tdm_grid_status":"","footnotes":""},"categories":[6,1],"tags":[33,1991,28,701],"class_list":["post-25269","post","type-post","status-publish","format-standard","has-post-thumbnail","hentry","category-noticias","category-pesquisademercado","tag-estrategia","tag-ipca","tag-marketing","tag-pesquisa-de-marketing"],"yoast_head":"<!-- This site is optimized with the Yoast SEO plugin v27.5 - https:\/\/yoast.com\/product\/yoast-seo-wordpress\/ -->\n<title>IPCA fica em 0,53% em junho; Grupo Habita\u00e7\u00e3o, os pre\u00e7os subiram 1,10% - CidadeMarketing<\/title>\n<meta name=\"robots\" content=\"index, follow, max-snippet:-1, max-image-preview:large, max-video-preview:-1\" \/>\n<link rel=\"canonical\" href=\"https:\/\/www.cidademarketing.com.br\/marketing\/2021\/07\/10\/ipca-fica-em-053-em-junho-grupo-habitacao-os-precos-subiram-110\/\" \/>\n<meta property=\"og:locale\" content=\"pt_BR\" \/>\n<meta property=\"og:type\" content=\"article\" \/>\n<meta property=\"og:title\" content=\"IPCA fica em 0,53% em junho; Grupo Habita\u00e7\u00e3o, os pre\u00e7os subiram 1,10% - CidadeMarketing\" \/>\n<meta property=\"og:description\" content=\"O\u00a0\u00cdndice Nacional de Pre\u00e7os ao Consumidor Amplo (IPCA)\u00a0de junho foi de 0,53%, ficando 0,30 ponto percentual abaixo da taxa de maio (0,83%). No ano, o \u00edndice acumula alta de 3,77% e, nos \u00faltimos 12 meses, de 8,35%, acima dos 8,06% observados nos 12 meses imediatamente anteriores. Em junho de 2020, a varia\u00e7\u00e3o mensal havia sido [&hellip;]\" \/>\n<meta property=\"og:url\" content=\"https:\/\/www.cidademarketing.com.br\/marketing\/2021\/07\/10\/ipca-fica-em-053-em-junho-grupo-habitacao-os-precos-subiram-110\/\" \/>\n<meta property=\"og:site_name\" content=\"CidadeMarketing\" \/>\n<meta property=\"article:publisher\" content=\"https:\/\/www.facebook.com\/portalcidademarketing\" \/>\n<meta property=\"article:author\" content=\"https:\/\/www.facebook.com\/thalesbrandao\" \/>\n<meta property=\"article:published_time\" content=\"2021-07-10T20:28:31+00:00\" \/>\n<meta property=\"article:modified_time\" content=\"2021-07-10T20:28:34+00:00\" \/>\n<meta property=\"og:image\" content=\"https:\/\/www.cidademarketing.com.br\/marketing\/wp-content\/uploads\/2021\/07\/habitacao_cidademarketing.jpg\" \/>\n\t<meta property=\"og:image:width\" content=\"1149\" \/>\n\t<meta property=\"og:image:height\" content=\"585\" \/>\n\t<meta property=\"og:image:type\" content=\"image\/jpeg\" \/>\n<meta name=\"author\" content=\"Thales Brand\u00e3o\" \/>\n<meta name=\"twitter:card\" content=\"summary_large_image\" \/>\n<meta name=\"twitter:creator\" content=\"@http:\/\/www.twitter.com\/thalesbrandao\" \/>\n<meta name=\"twitter:site\" content=\"@CidadeMarketing\" \/>\n<meta name=\"twitter:label1\" content=\"Escrito por\" \/>\n\t<meta name=\"twitter:data1\" content=\"Thales Brand\u00e3o\" \/>\n\t<meta name=\"twitter:label2\" content=\"Est. tempo de leitura\" \/>\n\t<meta name=\"twitter:data2\" content=\"6 minutos\" \/>\n<script type=\"application\/ld+json\" class=\"yoast-schema-graph\">{\"@context\":\"https:\\\/\\\/schema.org\",\"@graph\":[{\"@type\":\"Article\",\"@id\":\"https:\\\/\\\/www.cidademarketing.com.br\\\/marketing\\\/2021\\\/07\\\/10\\\/ipca-fica-em-053-em-junho-grupo-habitacao-os-precos-subiram-110\\\/#article\",\"isPartOf\":{\"@id\":\"https:\\\/\\\/www.cidademarketing.com.br\\\/marketing\\\/2021\\\/07\\\/10\\\/ipca-fica-em-053-em-junho-grupo-habitacao-os-precos-subiram-110\\\/\"},\"author\":{\"name\":\"Thales Brand\u00e3o\",\"@id\":\"https:\\\/\\\/www.cidademarketing.com.br\\\/marketing\\\/#\\\/schema\\\/person\\\/02daff9f18bd9378c9e01eb6b2db155f\"},\"headline\":\"IPCA fica em 0,53% em junho; Grupo Habita\u00e7\u00e3o, os pre\u00e7os subiram 1,10%\",\"datePublished\":\"2021-07-10T20:28:31+00:00\",\"dateModified\":\"2021-07-10T20:28:34+00:00\",\"mainEntityOfPage\":{\"@id\":\"https:\\\/\\\/www.cidademarketing.com.br\\\/marketing\\\/2021\\\/07\\\/10\\\/ipca-fica-em-053-em-junho-grupo-habitacao-os-precos-subiram-110\\\/\"},\"wordCount\":1248,\"commentCount\":0,\"publisher\":{\"@id\":\"https:\\\/\\\/www.cidademarketing.com.br\\\/marketing\\\/#organization\"},\"image\":{\"@id\":\"https:\\\/\\\/www.cidademarketing.com.br\\\/marketing\\\/2021\\\/07\\\/10\\\/ipca-fica-em-053-em-junho-grupo-habitacao-os-precos-subiram-110\\\/#primaryimage\"},\"thumbnailUrl\":\"https:\\\/\\\/www.cidademarketing.com.br\\\/marketing\\\/wp-content\\\/uploads\\\/2021\\\/07\\\/habitacao_cidademarketing.jpg\",\"keywords\":[\"estrat\u00e9gia\",\"IPCA\",\"marketing\",\"pesquisa de marketing\"],\"articleSection\":[\"Not\u00edcias\",\"Pesquisa de Mercado\"],\"inLanguage\":\"pt-BR\",\"potentialAction\":[{\"@type\":\"CommentAction\",\"name\":\"Comment\",\"target\":[\"https:\\\/\\\/www.cidademarketing.com.br\\\/marketing\\\/2021\\\/07\\\/10\\\/ipca-fica-em-053-em-junho-grupo-habitacao-os-precos-subiram-110\\\/#respond\"]}]},{\"@type\":\"WebPage\",\"@id\":\"https:\\\/\\\/www.cidademarketing.com.br\\\/marketing\\\/2021\\\/07\\\/10\\\/ipca-fica-em-053-em-junho-grupo-habitacao-os-precos-subiram-110\\\/\",\"url\":\"https:\\\/\\\/www.cidademarketing.com.br\\\/marketing\\\/2021\\\/07\\\/10\\\/ipca-fica-em-053-em-junho-grupo-habitacao-os-precos-subiram-110\\\/\",\"name\":\"IPCA fica em 0,53% em junho; Grupo Habita\u00e7\u00e3o, os pre\u00e7os subiram 1,10% - CidadeMarketing\",\"isPartOf\":{\"@id\":\"https:\\\/\\\/www.cidademarketing.com.br\\\/marketing\\\/#website\"},\"primaryImageOfPage\":{\"@id\":\"https:\\\/\\\/www.cidademarketing.com.br\\\/marketing\\\/2021\\\/07\\\/10\\\/ipca-fica-em-053-em-junho-grupo-habitacao-os-precos-subiram-110\\\/#primaryimage\"},\"image\":{\"@id\":\"https:\\\/\\\/www.cidademarketing.com.br\\\/marketing\\\/2021\\\/07\\\/10\\\/ipca-fica-em-053-em-junho-grupo-habitacao-os-precos-subiram-110\\\/#primaryimage\"},\"thumbnailUrl\":\"https:\\\/\\\/www.cidademarketing.com.br\\\/marketing\\\/wp-content\\\/uploads\\\/2021\\\/07\\\/habitacao_cidademarketing.jpg\",\"datePublished\":\"2021-07-10T20:28:31+00:00\",\"dateModified\":\"2021-07-10T20:28:34+00:00\",\"breadcrumb\":{\"@id\":\"https:\\\/\\\/www.cidademarketing.com.br\\\/marketing\\\/2021\\\/07\\\/10\\\/ipca-fica-em-053-em-junho-grupo-habitacao-os-precos-subiram-110\\\/#breadcrumb\"},\"inLanguage\":\"pt-BR\",\"potentialAction\":[{\"@type\":\"ReadAction\",\"target\":[\"https:\\\/\\\/www.cidademarketing.com.br\\\/marketing\\\/2021\\\/07\\\/10\\\/ipca-fica-em-053-em-junho-grupo-habitacao-os-precos-subiram-110\\\/\"]}]},{\"@type\":\"ImageObject\",\"inLanguage\":\"pt-BR\",\"@id\":\"https:\\\/\\\/www.cidademarketing.com.br\\\/marketing\\\/2021\\\/07\\\/10\\\/ipca-fica-em-053-em-junho-grupo-habitacao-os-precos-subiram-110\\\/#primaryimage\",\"url\":\"https:\\\/\\\/www.cidademarketing.com.br\\\/marketing\\\/wp-content\\\/uploads\\\/2021\\\/07\\\/habitacao_cidademarketing.jpg\",\"contentUrl\":\"https:\\\/\\\/www.cidademarketing.com.br\\\/marketing\\\/wp-content\\\/uploads\\\/2021\\\/07\\\/habitacao_cidademarketing.jpg\",\"width\":1149,\"height\":585,\"caption\":\"Reprodu\u00e7\u00e3o\"},{\"@type\":\"BreadcrumbList\",\"@id\":\"https:\\\/\\\/www.cidademarketing.com.br\\\/marketing\\\/2021\\\/07\\\/10\\\/ipca-fica-em-053-em-junho-grupo-habitacao-os-precos-subiram-110\\\/#breadcrumb\",\"itemListElement\":[{\"@type\":\"ListItem\",\"position\":1,\"name\":\"In\u00edcio\",\"item\":\"https:\\\/\\\/www.cidademarketing.com.br\\\/marketing\\\/\"},{\"@type\":\"ListItem\",\"position\":2,\"name\":\"IPCA fica em 0,53% em junho; Grupo Habita\u00e7\u00e3o, os pre\u00e7os subiram 1,10%\"}]},{\"@type\":\"WebSite\",\"@id\":\"https:\\\/\\\/www.cidademarketing.com.br\\\/marketing\\\/#website\",\"url\":\"https:\\\/\\\/www.cidademarketing.com.br\\\/marketing\\\/\",\"name\":\"CidadeMarketing\",\"description\":\"Somos um ve\u00edculo de comunica\u00e7\u00e3o de destaque no Brasil, reconhecido por conte\u00fados nos segmentos de marketing, empreendedorismo e inova\u00e7\u00e3o.\",\"publisher\":{\"@id\":\"https:\\\/\\\/www.cidademarketing.com.br\\\/marketing\\\/#organization\"},\"alternateName\":\"CidadeMarketing\",\"potentialAction\":[{\"@type\":\"SearchAction\",\"target\":{\"@type\":\"EntryPoint\",\"urlTemplate\":\"https:\\\/\\\/www.cidademarketing.com.br\\\/marketing\\\/?s={search_term_string}\"},\"query-input\":{\"@type\":\"PropertyValueSpecification\",\"valueRequired\":true,\"valueName\":\"search_term_string\"}}],\"inLanguage\":\"pt-BR\"},{\"@type\":\"Organization\",\"@id\":\"https:\\\/\\\/www.cidademarketing.com.br\\\/marketing\\\/#organization\",\"name\":\"CidadeMarketing\",\"alternateName\":\"CidadeMarketing\",\"url\":\"https:\\\/\\\/www.cidademarketing.com.br\\\/marketing\\\/\",\"logo\":{\"@type\":\"ImageObject\",\"inLanguage\":\"pt-BR\",\"@id\":\"https:\\\/\\\/www.cidademarketing.com.br\\\/marketing\\\/#\\\/schema\\\/logo\\\/image\\\/\",\"url\":\"https:\\\/\\\/www.cidademarketing.com.br\\\/marketing\\\/wp-content\\\/uploads\\\/2020\\\/01\\\/cidademarketing_marca_mobile.png\",\"contentUrl\":\"https:\\\/\\\/www.cidademarketing.com.br\\\/marketing\\\/wp-content\\\/uploads\\\/2020\\\/01\\\/cidademarketing_marca_mobile.png\",\"width\":230,\"height\":92,\"caption\":\"CidadeMarketing\"},\"image\":{\"@id\":\"https:\\\/\\\/www.cidademarketing.com.br\\\/marketing\\\/#\\\/schema\\\/logo\\\/image\\\/\"},\"sameAs\":[\"https:\\\/\\\/www.facebook.com\\\/portalcidademarketing\",\"https:\\\/\\\/x.com\\\/CidadeMarketing\",\"https:\\\/\\\/www.instagram.com\\\/cidademarketing\\\/\"]},{\"@type\":\"Person\",\"@id\":\"https:\\\/\\\/www.cidademarketing.com.br\\\/marketing\\\/#\\\/schema\\\/person\\\/02daff9f18bd9378c9e01eb6b2db155f\",\"name\":\"Thales Brand\u00e3o\",\"image\":{\"@type\":\"ImageObject\",\"inLanguage\":\"pt-BR\",\"@id\":\"https:\\\/\\\/secure.gravatar.com\\\/avatar\\\/7ca3206950207cc3cb48feec56a8a7898741ab725c368d99d5d7a5a50aab80c6?s=96&d=mm&r=g\",\"url\":\"https:\\\/\\\/secure.gravatar.com\\\/avatar\\\/7ca3206950207cc3cb48feec56a8a7898741ab725c368d99d5d7a5a50aab80c6?s=96&d=mm&r=g\",\"contentUrl\":\"https:\\\/\\\/secure.gravatar.com\\\/avatar\\\/7ca3206950207cc3cb48feec56a8a7898741ab725c368d99d5d7a5a50aab80c6?s=96&d=mm&r=g\",\"caption\":\"Thales Brand\u00e3o\"},\"description\":\"Editor Executivo do Portal CidadeMarketing.com.br &gt; Mestre em Comunica\u00e7\u00e3o e Sociedade pela Universidade Federal de Sergipe. Possui MBA Executivo em Administra\u00e7\u00e3o com \u00eanfase em Marketing pela Funda\u00e7\u00e3o Get\u00falio Vargas - Rio de Janeiro. Consultor, Palestrante e Pesquisador sobre Empreendedorismo, Marketing, Redes Sociais e Neg\u00f3cios Digitais. Professor, Palestrante TedxTalks e Campus Party. Twitter: @ThalesBrandao\",\"sameAs\":[\"http:\\\/\\\/www.mandacaru.com.br\",\"https:\\\/\\\/www.facebook.com\\\/thalesbrandao\",\"http:\\\/\\\/www.instagram.com.br\\\/thalesbrandaoferreira\",\"https:\\\/\\\/www.linkedin.com\\\/in\\\/thales-brand\u00e3o-3948609\\\/\",\"https:\\\/\\\/x.com\\\/http:\\\/\\\/www.twitter.com\\\/thalesbrandao\"],\"url\":\"https:\\\/\\\/www.cidademarketing.com.br\\\/marketing\\\/author\\\/thalesbrandao\\\/\"}]}<\/script>\n<!-- \/ Yoast SEO plugin. -->","yoast_head_json":{"title":"IPCA fica em 0,53% em junho; Grupo Habita\u00e7\u00e3o, os pre\u00e7os subiram 1,10% - CidadeMarketing","robots":{"index":"index","follow":"follow","max-snippet":"max-snippet:-1","max-image-preview":"max-image-preview:large","max-video-preview":"max-video-preview:-1"},"canonical":"https:\/\/www.cidademarketing.com.br\/marketing\/2021\/07\/10\/ipca-fica-em-053-em-junho-grupo-habitacao-os-precos-subiram-110\/","og_locale":"pt_BR","og_type":"article","og_title":"IPCA fica em 0,53% em junho; Grupo Habita\u00e7\u00e3o, os pre\u00e7os subiram 1,10% - CidadeMarketing","og_description":"O\u00a0\u00cdndice Nacional de Pre\u00e7os ao Consumidor Amplo (IPCA)\u00a0de junho foi de 0,53%, ficando 0,30 ponto percentual abaixo da taxa de maio (0,83%). No ano, o \u00edndice acumula alta de 3,77% e, nos \u00faltimos 12 meses, de 8,35%, acima dos 8,06% observados nos 12 meses imediatamente anteriores. Em junho de 2020, a varia\u00e7\u00e3o mensal havia sido [&hellip;]","og_url":"https:\/\/www.cidademarketing.com.br\/marketing\/2021\/07\/10\/ipca-fica-em-053-em-junho-grupo-habitacao-os-precos-subiram-110\/","og_site_name":"CidadeMarketing","article_publisher":"https:\/\/www.facebook.com\/portalcidademarketing","article_author":"https:\/\/www.facebook.com\/thalesbrandao","article_published_time":"2021-07-10T20:28:31+00:00","article_modified_time":"2021-07-10T20:28:34+00:00","og_image":[{"width":1149,"height":585,"url":"https:\/\/www.cidademarketing.com.br\/marketing\/wp-content\/uploads\/2021\/07\/habitacao_cidademarketing.jpg","type":"image\/jpeg"}],"author":"Thales Brand\u00e3o","twitter_card":"summary_large_image","twitter_creator":"@http:\/\/www.twitter.com\/thalesbrandao","twitter_site":"@CidadeMarketing","twitter_misc":{"Escrito por":"Thales Brand\u00e3o","Est. tempo de leitura":"6 minutos"},"schema":{"@context":"https:\/\/schema.org","@graph":[{"@type":"Article","@id":"https:\/\/www.cidademarketing.com.br\/marketing\/2021\/07\/10\/ipca-fica-em-053-em-junho-grupo-habitacao-os-precos-subiram-110\/#article","isPartOf":{"@id":"https:\/\/www.cidademarketing.com.br\/marketing\/2021\/07\/10\/ipca-fica-em-053-em-junho-grupo-habitacao-os-precos-subiram-110\/"},"author":{"name":"Thales Brand\u00e3o","@id":"https:\/\/www.cidademarketing.com.br\/marketing\/#\/schema\/person\/02daff9f18bd9378c9e01eb6b2db155f"},"headline":"IPCA fica em 0,53% em junho; Grupo Habita\u00e7\u00e3o, os pre\u00e7os subiram 1,10%","datePublished":"2021-07-10T20:28:31+00:00","dateModified":"2021-07-10T20:28:34+00:00","mainEntityOfPage":{"@id":"https:\/\/www.cidademarketing.com.br\/marketing\/2021\/07\/10\/ipca-fica-em-053-em-junho-grupo-habitacao-os-precos-subiram-110\/"},"wordCount":1248,"commentCount":0,"publisher":{"@id":"https:\/\/www.cidademarketing.com.br\/marketing\/#organization"},"image":{"@id":"https:\/\/www.cidademarketing.com.br\/marketing\/2021\/07\/10\/ipca-fica-em-053-em-junho-grupo-habitacao-os-precos-subiram-110\/#primaryimage"},"thumbnailUrl":"https:\/\/www.cidademarketing.com.br\/marketing\/wp-content\/uploads\/2021\/07\/habitacao_cidademarketing.jpg","keywords":["estrat\u00e9gia","IPCA","marketing","pesquisa de marketing"],"articleSection":["Not\u00edcias","Pesquisa de Mercado"],"inLanguage":"pt-BR","potentialAction":[{"@type":"CommentAction","name":"Comment","target":["https:\/\/www.cidademarketing.com.br\/marketing\/2021\/07\/10\/ipca-fica-em-053-em-junho-grupo-habitacao-os-precos-subiram-110\/#respond"]}]},{"@type":"WebPage","@id":"https:\/\/www.cidademarketing.com.br\/marketing\/2021\/07\/10\/ipca-fica-em-053-em-junho-grupo-habitacao-os-precos-subiram-110\/","url":"https:\/\/www.cidademarketing.com.br\/marketing\/2021\/07\/10\/ipca-fica-em-053-em-junho-grupo-habitacao-os-precos-subiram-110\/","name":"IPCA fica em 0,53% em junho; Grupo Habita\u00e7\u00e3o, os pre\u00e7os subiram 1,10% - CidadeMarketing","isPartOf":{"@id":"https:\/\/www.cidademarketing.com.br\/marketing\/#website"},"primaryImageOfPage":{"@id":"https:\/\/www.cidademarketing.com.br\/marketing\/2021\/07\/10\/ipca-fica-em-053-em-junho-grupo-habitacao-os-precos-subiram-110\/#primaryimage"},"image":{"@id":"https:\/\/www.cidademarketing.com.br\/marketing\/2021\/07\/10\/ipca-fica-em-053-em-junho-grupo-habitacao-os-precos-subiram-110\/#primaryimage"},"thumbnailUrl":"https:\/\/www.cidademarketing.com.br\/marketing\/wp-content\/uploads\/2021\/07\/habitacao_cidademarketing.jpg","datePublished":"2021-07-10T20:28:31+00:00","dateModified":"2021-07-10T20:28:34+00:00","breadcrumb":{"@id":"https:\/\/www.cidademarketing.com.br\/marketing\/2021\/07\/10\/ipca-fica-em-053-em-junho-grupo-habitacao-os-precos-subiram-110\/#breadcrumb"},"inLanguage":"pt-BR","potentialAction":[{"@type":"ReadAction","target":["https:\/\/www.cidademarketing.com.br\/marketing\/2021\/07\/10\/ipca-fica-em-053-em-junho-grupo-habitacao-os-precos-subiram-110\/"]}]},{"@type":"ImageObject","inLanguage":"pt-BR","@id":"https:\/\/www.cidademarketing.com.br\/marketing\/2021\/07\/10\/ipca-fica-em-053-em-junho-grupo-habitacao-os-precos-subiram-110\/#primaryimage","url":"https:\/\/www.cidademarketing.com.br\/marketing\/wp-content\/uploads\/2021\/07\/habitacao_cidademarketing.jpg","contentUrl":"https:\/\/www.cidademarketing.com.br\/marketing\/wp-content\/uploads\/2021\/07\/habitacao_cidademarketing.jpg","width":1149,"height":585,"caption":"Reprodu\u00e7\u00e3o"},{"@type":"BreadcrumbList","@id":"https:\/\/www.cidademarketing.com.br\/marketing\/2021\/07\/10\/ipca-fica-em-053-em-junho-grupo-habitacao-os-precos-subiram-110\/#breadcrumb","itemListElement":[{"@type":"ListItem","position":1,"name":"In\u00edcio","item":"https:\/\/www.cidademarketing.com.br\/marketing\/"},{"@type":"ListItem","position":2,"name":"IPCA fica em 0,53% em junho; Grupo Habita\u00e7\u00e3o, os pre\u00e7os subiram 1,10%"}]},{"@type":"WebSite","@id":"https:\/\/www.cidademarketing.com.br\/marketing\/#website","url":"https:\/\/www.cidademarketing.com.br\/marketing\/","name":"CidadeMarketing","description":"Somos um ve\u00edculo de comunica\u00e7\u00e3o de destaque no Brasil, reconhecido por conte\u00fados nos segmentos de marketing, empreendedorismo e inova\u00e7\u00e3o.","publisher":{"@id":"https:\/\/www.cidademarketing.com.br\/marketing\/#organization"},"alternateName":"CidadeMarketing","potentialAction":[{"@type":"SearchAction","target":{"@type":"EntryPoint","urlTemplate":"https:\/\/www.cidademarketing.com.br\/marketing\/?s={search_term_string}"},"query-input":{"@type":"PropertyValueSpecification","valueRequired":true,"valueName":"search_term_string"}}],"inLanguage":"pt-BR"},{"@type":"Organization","@id":"https:\/\/www.cidademarketing.com.br\/marketing\/#organization","name":"CidadeMarketing","alternateName":"CidadeMarketing","url":"https:\/\/www.cidademarketing.com.br\/marketing\/","logo":{"@type":"ImageObject","inLanguage":"pt-BR","@id":"https:\/\/www.cidademarketing.com.br\/marketing\/#\/schema\/logo\/image\/","url":"https:\/\/www.cidademarketing.com.br\/marketing\/wp-content\/uploads\/2020\/01\/cidademarketing_marca_mobile.png","contentUrl":"https:\/\/www.cidademarketing.com.br\/marketing\/wp-content\/uploads\/2020\/01\/cidademarketing_marca_mobile.png","width":230,"height":92,"caption":"CidadeMarketing"},"image":{"@id":"https:\/\/www.cidademarketing.com.br\/marketing\/#\/schema\/logo\/image\/"},"sameAs":["https:\/\/www.facebook.com\/portalcidademarketing","https:\/\/x.com\/CidadeMarketing","https:\/\/www.instagram.com\/cidademarketing\/"]},{"@type":"Person","@id":"https:\/\/www.cidademarketing.com.br\/marketing\/#\/schema\/person\/02daff9f18bd9378c9e01eb6b2db155f","name":"Thales Brand\u00e3o","image":{"@type":"ImageObject","inLanguage":"pt-BR","@id":"https:\/\/secure.gravatar.com\/avatar\/7ca3206950207cc3cb48feec56a8a7898741ab725c368d99d5d7a5a50aab80c6?s=96&d=mm&r=g","url":"https:\/\/secure.gravatar.com\/avatar\/7ca3206950207cc3cb48feec56a8a7898741ab725c368d99d5d7a5a50aab80c6?s=96&d=mm&r=g","contentUrl":"https:\/\/secure.gravatar.com\/avatar\/7ca3206950207cc3cb48feec56a8a7898741ab725c368d99d5d7a5a50aab80c6?s=96&d=mm&r=g","caption":"Thales Brand\u00e3o"},"description":"Editor Executivo do Portal CidadeMarketing.com.br &gt; Mestre em Comunica\u00e7\u00e3o e Sociedade pela Universidade Federal de Sergipe. Possui MBA Executivo em Administra\u00e7\u00e3o com \u00eanfase em Marketing pela Funda\u00e7\u00e3o Get\u00falio Vargas - Rio de Janeiro. Consultor, Palestrante e Pesquisador sobre Empreendedorismo, Marketing, Redes Sociais e Neg\u00f3cios Digitais. Professor, Palestrante TedxTalks e Campus Party. Twitter: @ThalesBrandao","sameAs":["http:\/\/www.mandacaru.com.br","https:\/\/www.facebook.com\/thalesbrandao","http:\/\/www.instagram.com.br\/thalesbrandaoferreira","https:\/\/www.linkedin.com\/in\/thales-brand\u00e3o-3948609\/","https:\/\/x.com\/http:\/\/www.twitter.com\/thalesbrandao"],"url":"https:\/\/www.cidademarketing.com.br\/marketing\/author\/thalesbrandao\/"}]}},"amp_enabled":true,"_links":{"self":[{"href":"https:\/\/www.cidademarketing.com.br\/marketing\/wp-json\/wp\/v2\/posts\/25269","targetHints":{"allow":["GET"]}}],"collection":[{"href":"https:\/\/www.cidademarketing.com.br\/marketing\/wp-json\/wp\/v2\/posts"}],"about":[{"href":"https:\/\/www.cidademarketing.com.br\/marketing\/wp-json\/wp\/v2\/types\/post"}],"author":[{"embeddable":true,"href":"https:\/\/www.cidademarketing.com.br\/marketing\/wp-json\/wp\/v2\/users\/1"}],"replies":[{"embeddable":true,"href":"https:\/\/www.cidademarketing.com.br\/marketing\/wp-json\/wp\/v2\/comments?post=25269"}],"version-history":[{"count":1,"href":"https:\/\/www.cidademarketing.com.br\/marketing\/wp-json\/wp\/v2\/posts\/25269\/revisions"}],"predecessor-version":[{"id":25271,"href":"https:\/\/www.cidademarketing.com.br\/marketing\/wp-json\/wp\/v2\/posts\/25269\/revisions\/25271"}],"wp:featuredmedia":[{"embeddable":true,"href":"https:\/\/www.cidademarketing.com.br\/marketing\/wp-json\/wp\/v2\/media\/25270"}],"wp:attachment":[{"href":"https:\/\/www.cidademarketing.com.br\/marketing\/wp-json\/wp\/v2\/media?parent=25269"}],"wp:term":[{"taxonomy":"category","embeddable":true,"href":"https:\/\/www.cidademarketing.com.br\/marketing\/wp-json\/wp\/v2\/categories?post=25269"},{"taxonomy":"post_tag","embeddable":true,"href":"https:\/\/www.cidademarketing.com.br\/marketing\/wp-json\/wp\/v2\/tags?post=25269"}],"curies":[{"name":"wp","href":"https:\/\/api.w.org\/{rel}","templated":true}]}}