{"id":25253,"date":"2021-07-10T14:29:30","date_gmt":"2021-07-10T17:29:30","guid":{"rendered":"https:\/\/www.cidademarketing.com.br\/marketing\/?p=25253"},"modified":"2021-07-10T14:29:33","modified_gmt":"2021-07-10T17:29:33","slug":"procon-sp-lanca-central-do-superendividamento","status":"publish","type":"post","link":"https:\/\/www.cidademarketing.com.br\/marketing\/2021\/07\/10\/procon-sp-lanca-central-do-superendividamento\/","title":{"rendered":"Procon-SP lan\u00e7a Central do Superendividamento"},"content":{"rendered":"\n<p>O Procon-SP disponibilizar\u00e1 uma central de negocia\u00e7\u00f5es para agilizar e facilitar a vida do consumidor em situa\u00e7\u00e3o de superendividamento. A iniciativa acontece ap\u00f3s a entrada em vigor da Lei Federal 14.181\/21, que estabelece regras para a prevenir e tratar o superendividamento.<\/p>\n\n\n\n<p>A lei, que passou a valer esse m\u00eas e altera o C\u00f3digo de Defesa do Consumidor e o Estatuto do Idoso, traz mais responsabilidade para o fornecedor, prev\u00ea educa\u00e7\u00e3o financeira para o consumidor e determina regras para renegocia\u00e7\u00e3o.<\/p>\n\n\n\n<p>A central funcionar\u00e1 a partir de agosto e ser\u00e1 disponibilizada no site do Procon-SP. Por meio de um formul\u00e1rio, o consumidor dever\u00e1 assumir-se na condi\u00e7\u00e3o de superendividado \u2013 ou seja, impossibilitado de pagar as d\u00edvidas sem colocar em risco sua subsist\u00eancia \u2013 indicar os seus credores, o valor total de sua d\u00edvida e apontar uma sugest\u00e3o para pagamento desse valor no prazo de cinco anos.<\/p>\n\n\n\n<p>Os credores ser\u00e3o convocados e ser\u00e1 aprovado um plano de renegocia\u00e7\u00e3o para pagamento dos valores. Caso os credores n\u00e3o concordem, a documenta\u00e7\u00e3o ser\u00e1 encaminhada para a Defensoria P\u00fablica, institui\u00e7\u00e3o com a qual o Procon-SP mant\u00e9m conv\u00eanio, que poder\u00e1 ingressar judicialmente pedindo a aceita\u00e7\u00e3o do plano de renegocia\u00e7\u00e3o, conforme previs\u00e3o da lei.<\/p>\n\n\n\n<p>\u201c<em>Sem d\u00favida essa central facilitar\u00e1 muito e dar\u00e1 acesso imediato aos superendividados para usufruir os direitos garantidos pela nova lei. O consumidor ganhar\u00e1 em agilidade e desburocratiza\u00e7\u00e3o e n\u00e3o ter\u00e1 necessidade de contratar um advogado para renegociar aquela d\u00edvida que j\u00e1 n\u00e3o podia pagar sem correr riscos com rela\u00e7\u00e3o a sua pr\u00f3pria subsist\u00eancia\u201d<\/em>, afirma o diretor executivo do Procon-SP, Fernando Capez.<\/p>\n\n\n\n<p><strong>Lei Federal 14.181\/21<\/strong><\/p>\n\n\n\n<p>A partir de agora as empresas ter\u00e3o que ter mais responsabilidade na concess\u00e3o do cr\u00e9dito: consultar a situa\u00e7\u00e3o financeira do consumidor que quer tomar o empr\u00e9stimo, n\u00e3o deixar de consultar os servi\u00e7os de restri\u00e7\u00e3o ao cr\u00e9dito, informar de forma completa todas as despesas envolvidas no empr\u00e9stimo (juros, encargos no caso do n\u00e3o pagamento, despesas burocr\u00e1ticas etc.). Para Capez&nbsp;<em>\u201cA legisla\u00e7\u00e3o traz medidas de prote\u00e7\u00e3o eficazes ao consumidor\u201d<\/em>.<\/p>\n\n\n\n<p><strong>Repactua\u00e7\u00e3o compuls\u00f3ria de d\u00edvidas<\/strong><\/p>\n\n\n\n<p>A lei cria a repactua\u00e7\u00e3o compuls\u00f3ria de d\u00edvidas \u2013 o juiz poder\u00e1 a pedido do consumidor pessoa f\u00edsica e superendividada convocar todos os credores para uma audi\u00eancia de concilia\u00e7\u00e3o e nomear um especialista para elaborar um plano de repactua\u00e7\u00e3o da d\u00edvida. E, se os credores n\u00e3o comparecerem ou recusarem sem justificativa esse plano, o juiz poder\u00e1 obrig\u00e1-los a aceitar a repactua\u00e7\u00e3o dos valores, que dever\u00e1 ser pago no prazo de cinco anos e com atualiza\u00e7\u00e3o monet\u00e1ria. Juros e demais acr\u00e9scimos de despesas poder\u00e3o ser anulados.<\/p>\n\n\n\n<p><strong>Cr\u00e9dito consignado<\/strong><\/p>\n\n\n\n<p>Com rela\u00e7\u00e3o ao cr\u00e9dito consignado, que \u00e9 um dos principais motivos de reclama\u00e7\u00e3o no Procon-SP, a partir de agora o fornecedor tem a obriga\u00e7\u00e3o de consultar a fonte pagadora do consumidor (a empresa para a qual ele trabalha e da qual recebe o seu sal\u00e1rio). A consulta dever\u00e1 ser feita para saber se ele est\u00e1 comprometendo mais de 35% do seu sal\u00e1rio. Antes era obriga\u00e7\u00e3o do consumidor informar, a lei traz esse ponto positivo ao dar essa responsabilidade \u00e0 empresa que conceder\u00e1 o empr\u00e9stimo.<\/p>\n\n\n\n<p>Um aspecto negativo para o Procon-SP foi o veto ao direito de arrependimento do empr\u00e9stimo consignado no prazo de at\u00e9 sete dias.&nbsp;<em>\u201cO veto \u00e9 lament\u00e1vel, algo negativo e prejudicial \u00e0 defesa do consumidor; esse direito reduziria o n\u00famero de queixas de pessoas que, assediadas por vendedores, acabam contratando o cr\u00e9dito sem saberem ao certo do que se trata\u201d<\/em>, opina Capez.<\/p>\n\n\n\n<p><strong>Produtos e servi\u00e7os<\/strong><\/p>\n\n\n\n<p>Caso a empresa que oferece produtos ou servi\u00e7os auxilie o consumidor na tomada de financiamento para compra do item, ou quando o financiamento for concedido dentro do estabelecimento, qualquer problema relacionado \u00e0quele produto ou servi\u00e7o se estende ao contrato de financiamento. Assim, se for anulada a contrata\u00e7\u00e3o ou compra do item, anula-se tamb\u00e9m o financiamento.<\/p>\n\n\n\n<p>Essa previs\u00e3o inclui as situa\u00e7\u00f5es em que o consumidor exerce o direito de arrependimento, previsto para as compras feitas online, e desiste da compra do produto ou servi\u00e7o dentro do prazo de sete dias. O empr\u00e9stimo feito para a compra daquele item tamb\u00e9m dever\u00e1 ser cancelado. Vale tamb\u00e9m o pagamento feito por meio de cheques pr\u00e9-datados, para esses casos, o Procon-SP orienta que o consumidor sempre coloque no verso do cheque \u00e0 que pagamento ele se destina.<\/p>\n\n\n\n<p><strong>Programa de Apoio ao Superendividado (PAS)<\/strong><\/p>\n\n\n\n<p>Antes da entrada em vigor da nova lei, o Procon-SP j\u00e1 oferecia um trabalho ao consumidor superendividado. O Programa de Apoio ao Superendividado (PAS), iniciativa conjunta do N\u00facleo de Tratamento do Superendividamento do Procon-SP e do Centro Judici\u00e1rio de Solu\u00e7\u00e3o de Conflitos e Cidadania (CEJUSC) do Tribunal de Justi\u00e7a do Estado de S\u00e3o Paulo, auxilia a renegocia\u00e7\u00e3o de d\u00edvidas vencidas ou a vencer que sejam decorrentes de empr\u00e9stimos, financiamentos e contratos de cr\u00e9dito ao consumo, independentemente do valor total.<\/p>\n\n\n\n<p>Desde 2012, a equipe do PAS fez mais de 31 mil atendimentos, sendo que no ano passado foram prestados mais de 6 mil atendimentos e, neste ano, 1.690.<\/p>\n","protected":false},"excerpt":{"rendered":"<p>O Procon-SP disponibilizar\u00e1 uma central de negocia\u00e7\u00f5es para agilizar e facilitar a vida do consumidor em situa\u00e7\u00e3o de superendividamento. A iniciativa acontece ap\u00f3s a entrada em vigor da Lei Federal 14.181\/21, que estabelece regras para a prevenir e tratar o superendividamento. A lei, que passou a valer esse m\u00eas e altera o C\u00f3digo de Defesa [&hellip;]<\/p>\n","protected":false},"author":1,"featured_media":12872,"comment_status":"open","ping_status":"open","sticky":false,"template":"","format":"standard","meta":{"tdm_status":"","tdm_grid_status":"","footnotes":""},"categories":[6],"tags":[4053,33,28,1692],"class_list":["post-25253","post","type-post","status-publish","format-standard","has-post-thumbnail","hentry","category-noticias","tag-endividamento","tag-estrategia","tag-marketing","tag-procon-sp-2"],"yoast_head":"<!-- This site is optimized with the Yoast SEO plugin v27.5 - https:\/\/yoast.com\/product\/yoast-seo-wordpress\/ -->\n<title>Procon-SP lan\u00e7a Central do Superendividamento - CidadeMarketing<\/title>\n<meta name=\"robots\" content=\"index, follow, max-snippet:-1, max-image-preview:large, max-video-preview:-1\" \/>\n<link rel=\"canonical\" href=\"https:\/\/www.cidademarketing.com.br\/marketing\/2021\/07\/10\/procon-sp-lanca-central-do-superendividamento\/\" \/>\n<meta property=\"og:locale\" content=\"pt_BR\" \/>\n<meta property=\"og:type\" content=\"article\" \/>\n<meta property=\"og:title\" content=\"Procon-SP lan\u00e7a Central do Superendividamento - CidadeMarketing\" \/>\n<meta property=\"og:description\" content=\"O Procon-SP disponibilizar\u00e1 uma central de negocia\u00e7\u00f5es para agilizar e facilitar a vida do consumidor em situa\u00e7\u00e3o de superendividamento. A iniciativa acontece ap\u00f3s a entrada em vigor da Lei Federal 14.181\/21, que estabelece regras para a prevenir e tratar o superendividamento. A lei, que passou a valer esse m\u00eas e altera o C\u00f3digo de Defesa [&hellip;]\" \/>\n<meta property=\"og:url\" content=\"https:\/\/www.cidademarketing.com.br\/marketing\/2021\/07\/10\/procon-sp-lanca-central-do-superendividamento\/\" \/>\n<meta property=\"og:site_name\" content=\"CidadeMarketing\" \/>\n<meta property=\"article:publisher\" content=\"https:\/\/www.facebook.com\/portalcidademarketing\" \/>\n<meta property=\"article:author\" content=\"https:\/\/www.facebook.com\/thalesbrandao\" \/>\n<meta property=\"article:published_time\" content=\"2021-07-10T17:29:30+00:00\" \/>\n<meta property=\"article:modified_time\" content=\"2021-07-10T17:29:33+00:00\" \/>\n<meta property=\"og:image\" content=\"https:\/\/www.cidademarketing.com.br\/marketing\/wp-content\/uploads\/2019\/11\/procon_sp_marca.jpg\" \/>\n\t<meta property=\"og:image:width\" content=\"319\" \/>\n\t<meta property=\"og:image:height\" content=\"137\" \/>\n\t<meta property=\"og:image:type\" content=\"image\/jpeg\" \/>\n<meta name=\"author\" content=\"Thales Brand\u00e3o\" \/>\n<meta name=\"twitter:card\" content=\"summary_large_image\" \/>\n<meta name=\"twitter:creator\" content=\"@http:\/\/www.twitter.com\/thalesbrandao\" \/>\n<meta name=\"twitter:site\" content=\"@CidadeMarketing\" \/>\n<meta name=\"twitter:label1\" content=\"Escrito por\" \/>\n\t<meta name=\"twitter:data1\" content=\"Thales Brand\u00e3o\" \/>\n\t<meta name=\"twitter:label2\" content=\"Est. tempo de leitura\" \/>\n\t<meta name=\"twitter:data2\" content=\"4 minutos\" \/>\n<script type=\"application\/ld+json\" class=\"yoast-schema-graph\">{\"@context\":\"https:\\\/\\\/schema.org\",\"@graph\":[{\"@type\":\"Article\",\"@id\":\"https:\\\/\\\/www.cidademarketing.com.br\\\/marketing\\\/2021\\\/07\\\/10\\\/procon-sp-lanca-central-do-superendividamento\\\/#article\",\"isPartOf\":{\"@id\":\"https:\\\/\\\/www.cidademarketing.com.br\\\/marketing\\\/2021\\\/07\\\/10\\\/procon-sp-lanca-central-do-superendividamento\\\/\"},\"author\":{\"name\":\"Thales Brand\u00e3o\",\"@id\":\"https:\\\/\\\/www.cidademarketing.com.br\\\/marketing\\\/#\\\/schema\\\/person\\\/02daff9f18bd9378c9e01eb6b2db155f\"},\"headline\":\"Procon-SP lan\u00e7a Central do Superendividamento\",\"datePublished\":\"2021-07-10T17:29:30+00:00\",\"dateModified\":\"2021-07-10T17:29:33+00:00\",\"mainEntityOfPage\":{\"@id\":\"https:\\\/\\\/www.cidademarketing.com.br\\\/marketing\\\/2021\\\/07\\\/10\\\/procon-sp-lanca-central-do-superendividamento\\\/\"},\"wordCount\":901,\"commentCount\":0,\"publisher\":{\"@id\":\"https:\\\/\\\/www.cidademarketing.com.br\\\/marketing\\\/#organization\"},\"image\":{\"@id\":\"https:\\\/\\\/www.cidademarketing.com.br\\\/marketing\\\/2021\\\/07\\\/10\\\/procon-sp-lanca-central-do-superendividamento\\\/#primaryimage\"},\"thumbnailUrl\":\"https:\\\/\\\/www.cidademarketing.com.br\\\/marketing\\\/wp-content\\\/uploads\\\/2019\\\/11\\\/procon_sp_marca.jpg\",\"keywords\":[\"endividamento\",\"estrat\u00e9gia\",\"marketing\",\"Procon-SP\"],\"articleSection\":[\"Not\u00edcias\"],\"inLanguage\":\"pt-BR\",\"potentialAction\":[{\"@type\":\"CommentAction\",\"name\":\"Comment\",\"target\":[\"https:\\\/\\\/www.cidademarketing.com.br\\\/marketing\\\/2021\\\/07\\\/10\\\/procon-sp-lanca-central-do-superendividamento\\\/#respond\"]}]},{\"@type\":\"WebPage\",\"@id\":\"https:\\\/\\\/www.cidademarketing.com.br\\\/marketing\\\/2021\\\/07\\\/10\\\/procon-sp-lanca-central-do-superendividamento\\\/\",\"url\":\"https:\\\/\\\/www.cidademarketing.com.br\\\/marketing\\\/2021\\\/07\\\/10\\\/procon-sp-lanca-central-do-superendividamento\\\/\",\"name\":\"Procon-SP lan\u00e7a Central do Superendividamento - CidadeMarketing\",\"isPartOf\":{\"@id\":\"https:\\\/\\\/www.cidademarketing.com.br\\\/marketing\\\/#website\"},\"primaryImageOfPage\":{\"@id\":\"https:\\\/\\\/www.cidademarketing.com.br\\\/marketing\\\/2021\\\/07\\\/10\\\/procon-sp-lanca-central-do-superendividamento\\\/#primaryimage\"},\"image\":{\"@id\":\"https:\\\/\\\/www.cidademarketing.com.br\\\/marketing\\\/2021\\\/07\\\/10\\\/procon-sp-lanca-central-do-superendividamento\\\/#primaryimage\"},\"thumbnailUrl\":\"https:\\\/\\\/www.cidademarketing.com.br\\\/marketing\\\/wp-content\\\/uploads\\\/2019\\\/11\\\/procon_sp_marca.jpg\",\"datePublished\":\"2021-07-10T17:29:30+00:00\",\"dateModified\":\"2021-07-10T17:29:33+00:00\",\"breadcrumb\":{\"@id\":\"https:\\\/\\\/www.cidademarketing.com.br\\\/marketing\\\/2021\\\/07\\\/10\\\/procon-sp-lanca-central-do-superendividamento\\\/#breadcrumb\"},\"inLanguage\":\"pt-BR\",\"potentialAction\":[{\"@type\":\"ReadAction\",\"target\":[\"https:\\\/\\\/www.cidademarketing.com.br\\\/marketing\\\/2021\\\/07\\\/10\\\/procon-sp-lanca-central-do-superendividamento\\\/\"]}]},{\"@type\":\"ImageObject\",\"inLanguage\":\"pt-BR\",\"@id\":\"https:\\\/\\\/www.cidademarketing.com.br\\\/marketing\\\/2021\\\/07\\\/10\\\/procon-sp-lanca-central-do-superendividamento\\\/#primaryimage\",\"url\":\"https:\\\/\\\/www.cidademarketing.com.br\\\/marketing\\\/wp-content\\\/uploads\\\/2019\\\/11\\\/procon_sp_marca.jpg\",\"contentUrl\":\"https:\\\/\\\/www.cidademarketing.com.br\\\/marketing\\\/wp-content\\\/uploads\\\/2019\\\/11\\\/procon_sp_marca.jpg\",\"width\":319,\"height\":137},{\"@type\":\"BreadcrumbList\",\"@id\":\"https:\\\/\\\/www.cidademarketing.com.br\\\/marketing\\\/2021\\\/07\\\/10\\\/procon-sp-lanca-central-do-superendividamento\\\/#breadcrumb\",\"itemListElement\":[{\"@type\":\"ListItem\",\"position\":1,\"name\":\"In\u00edcio\",\"item\":\"https:\\\/\\\/www.cidademarketing.com.br\\\/marketing\\\/\"},{\"@type\":\"ListItem\",\"position\":2,\"name\":\"Procon-SP lan\u00e7a Central do Superendividamento\"}]},{\"@type\":\"WebSite\",\"@id\":\"https:\\\/\\\/www.cidademarketing.com.br\\\/marketing\\\/#website\",\"url\":\"https:\\\/\\\/www.cidademarketing.com.br\\\/marketing\\\/\",\"name\":\"CidadeMarketing\",\"description\":\"Somos um ve\u00edculo de comunica\u00e7\u00e3o de destaque no Brasil, reconhecido por conte\u00fados nos segmentos de marketing, empreendedorismo e inova\u00e7\u00e3o.\",\"publisher\":{\"@id\":\"https:\\\/\\\/www.cidademarketing.com.br\\\/marketing\\\/#organization\"},\"alternateName\":\"CidadeMarketing\",\"potentialAction\":[{\"@type\":\"SearchAction\",\"target\":{\"@type\":\"EntryPoint\",\"urlTemplate\":\"https:\\\/\\\/www.cidademarketing.com.br\\\/marketing\\\/?s={search_term_string}\"},\"query-input\":{\"@type\":\"PropertyValueSpecification\",\"valueRequired\":true,\"valueName\":\"search_term_string\"}}],\"inLanguage\":\"pt-BR\"},{\"@type\":\"Organization\",\"@id\":\"https:\\\/\\\/www.cidademarketing.com.br\\\/marketing\\\/#organization\",\"name\":\"CidadeMarketing\",\"alternateName\":\"CidadeMarketing\",\"url\":\"https:\\\/\\\/www.cidademarketing.com.br\\\/marketing\\\/\",\"logo\":{\"@type\":\"ImageObject\",\"inLanguage\":\"pt-BR\",\"@id\":\"https:\\\/\\\/www.cidademarketing.com.br\\\/marketing\\\/#\\\/schema\\\/logo\\\/image\\\/\",\"url\":\"https:\\\/\\\/www.cidademarketing.com.br\\\/marketing\\\/wp-content\\\/uploads\\\/2020\\\/01\\\/cidademarketing_marca_mobile.png\",\"contentUrl\":\"https:\\\/\\\/www.cidademarketing.com.br\\\/marketing\\\/wp-content\\\/uploads\\\/2020\\\/01\\\/cidademarketing_marca_mobile.png\",\"width\":230,\"height\":92,\"caption\":\"CidadeMarketing\"},\"image\":{\"@id\":\"https:\\\/\\\/www.cidademarketing.com.br\\\/marketing\\\/#\\\/schema\\\/logo\\\/image\\\/\"},\"sameAs\":[\"https:\\\/\\\/www.facebook.com\\\/portalcidademarketing\",\"https:\\\/\\\/x.com\\\/CidadeMarketing\",\"https:\\\/\\\/www.instagram.com\\\/cidademarketing\\\/\"]},{\"@type\":\"Person\",\"@id\":\"https:\\\/\\\/www.cidademarketing.com.br\\\/marketing\\\/#\\\/schema\\\/person\\\/02daff9f18bd9378c9e01eb6b2db155f\",\"name\":\"Thales Brand\u00e3o\",\"image\":{\"@type\":\"ImageObject\",\"inLanguage\":\"pt-BR\",\"@id\":\"https:\\\/\\\/secure.gravatar.com\\\/avatar\\\/7ca3206950207cc3cb48feec56a8a7898741ab725c368d99d5d7a5a50aab80c6?s=96&d=mm&r=g\",\"url\":\"https:\\\/\\\/secure.gravatar.com\\\/avatar\\\/7ca3206950207cc3cb48feec56a8a7898741ab725c368d99d5d7a5a50aab80c6?s=96&d=mm&r=g\",\"contentUrl\":\"https:\\\/\\\/secure.gravatar.com\\\/avatar\\\/7ca3206950207cc3cb48feec56a8a7898741ab725c368d99d5d7a5a50aab80c6?s=96&d=mm&r=g\",\"caption\":\"Thales Brand\u00e3o\"},\"description\":\"Editor Executivo do Portal CidadeMarketing.com.br &gt; Mestre em Comunica\u00e7\u00e3o e Sociedade pela Universidade Federal de Sergipe. Possui MBA Executivo em Administra\u00e7\u00e3o com \u00eanfase em Marketing pela Funda\u00e7\u00e3o Get\u00falio Vargas - Rio de Janeiro. Consultor, Palestrante e Pesquisador sobre Empreendedorismo, Marketing, Redes Sociais e Neg\u00f3cios Digitais. Professor, Palestrante TedxTalks e Campus Party. Twitter: @ThalesBrandao\",\"sameAs\":[\"http:\\\/\\\/www.mandacaru.com.br\",\"https:\\\/\\\/www.facebook.com\\\/thalesbrandao\",\"http:\\\/\\\/www.instagram.com.br\\\/thalesbrandaoferreira\",\"https:\\\/\\\/www.linkedin.com\\\/in\\\/thales-brand\u00e3o-3948609\\\/\",\"https:\\\/\\\/x.com\\\/http:\\\/\\\/www.twitter.com\\\/thalesbrandao\"],\"url\":\"https:\\\/\\\/www.cidademarketing.com.br\\\/marketing\\\/author\\\/thalesbrandao\\\/\"}]}<\/script>\n<!-- \/ Yoast SEO plugin. -->","yoast_head_json":{"title":"Procon-SP lan\u00e7a Central do Superendividamento - CidadeMarketing","robots":{"index":"index","follow":"follow","max-snippet":"max-snippet:-1","max-image-preview":"max-image-preview:large","max-video-preview":"max-video-preview:-1"},"canonical":"https:\/\/www.cidademarketing.com.br\/marketing\/2021\/07\/10\/procon-sp-lanca-central-do-superendividamento\/","og_locale":"pt_BR","og_type":"article","og_title":"Procon-SP lan\u00e7a Central do Superendividamento - CidadeMarketing","og_description":"O Procon-SP disponibilizar\u00e1 uma central de negocia\u00e7\u00f5es para agilizar e facilitar a vida do consumidor em situa\u00e7\u00e3o de superendividamento. A iniciativa acontece ap\u00f3s a entrada em vigor da Lei Federal 14.181\/21, que estabelece regras para a prevenir e tratar o superendividamento. A lei, que passou a valer esse m\u00eas e altera o C\u00f3digo de Defesa [&hellip;]","og_url":"https:\/\/www.cidademarketing.com.br\/marketing\/2021\/07\/10\/procon-sp-lanca-central-do-superendividamento\/","og_site_name":"CidadeMarketing","article_publisher":"https:\/\/www.facebook.com\/portalcidademarketing","article_author":"https:\/\/www.facebook.com\/thalesbrandao","article_published_time":"2021-07-10T17:29:30+00:00","article_modified_time":"2021-07-10T17:29:33+00:00","og_image":[{"width":319,"height":137,"url":"https:\/\/www.cidademarketing.com.br\/marketing\/wp-content\/uploads\/2019\/11\/procon_sp_marca.jpg","type":"image\/jpeg"}],"author":"Thales Brand\u00e3o","twitter_card":"summary_large_image","twitter_creator":"@http:\/\/www.twitter.com\/thalesbrandao","twitter_site":"@CidadeMarketing","twitter_misc":{"Escrito por":"Thales Brand\u00e3o","Est. tempo de leitura":"4 minutos"},"schema":{"@context":"https:\/\/schema.org","@graph":[{"@type":"Article","@id":"https:\/\/www.cidademarketing.com.br\/marketing\/2021\/07\/10\/procon-sp-lanca-central-do-superendividamento\/#article","isPartOf":{"@id":"https:\/\/www.cidademarketing.com.br\/marketing\/2021\/07\/10\/procon-sp-lanca-central-do-superendividamento\/"},"author":{"name":"Thales Brand\u00e3o","@id":"https:\/\/www.cidademarketing.com.br\/marketing\/#\/schema\/person\/02daff9f18bd9378c9e01eb6b2db155f"},"headline":"Procon-SP lan\u00e7a Central do Superendividamento","datePublished":"2021-07-10T17:29:30+00:00","dateModified":"2021-07-10T17:29:33+00:00","mainEntityOfPage":{"@id":"https:\/\/www.cidademarketing.com.br\/marketing\/2021\/07\/10\/procon-sp-lanca-central-do-superendividamento\/"},"wordCount":901,"commentCount":0,"publisher":{"@id":"https:\/\/www.cidademarketing.com.br\/marketing\/#organization"},"image":{"@id":"https:\/\/www.cidademarketing.com.br\/marketing\/2021\/07\/10\/procon-sp-lanca-central-do-superendividamento\/#primaryimage"},"thumbnailUrl":"https:\/\/www.cidademarketing.com.br\/marketing\/wp-content\/uploads\/2019\/11\/procon_sp_marca.jpg","keywords":["endividamento","estrat\u00e9gia","marketing","Procon-SP"],"articleSection":["Not\u00edcias"],"inLanguage":"pt-BR","potentialAction":[{"@type":"CommentAction","name":"Comment","target":["https:\/\/www.cidademarketing.com.br\/marketing\/2021\/07\/10\/procon-sp-lanca-central-do-superendividamento\/#respond"]}]},{"@type":"WebPage","@id":"https:\/\/www.cidademarketing.com.br\/marketing\/2021\/07\/10\/procon-sp-lanca-central-do-superendividamento\/","url":"https:\/\/www.cidademarketing.com.br\/marketing\/2021\/07\/10\/procon-sp-lanca-central-do-superendividamento\/","name":"Procon-SP lan\u00e7a Central do Superendividamento - CidadeMarketing","isPartOf":{"@id":"https:\/\/www.cidademarketing.com.br\/marketing\/#website"},"primaryImageOfPage":{"@id":"https:\/\/www.cidademarketing.com.br\/marketing\/2021\/07\/10\/procon-sp-lanca-central-do-superendividamento\/#primaryimage"},"image":{"@id":"https:\/\/www.cidademarketing.com.br\/marketing\/2021\/07\/10\/procon-sp-lanca-central-do-superendividamento\/#primaryimage"},"thumbnailUrl":"https:\/\/www.cidademarketing.com.br\/marketing\/wp-content\/uploads\/2019\/11\/procon_sp_marca.jpg","datePublished":"2021-07-10T17:29:30+00:00","dateModified":"2021-07-10T17:29:33+00:00","breadcrumb":{"@id":"https:\/\/www.cidademarketing.com.br\/marketing\/2021\/07\/10\/procon-sp-lanca-central-do-superendividamento\/#breadcrumb"},"inLanguage":"pt-BR","potentialAction":[{"@type":"ReadAction","target":["https:\/\/www.cidademarketing.com.br\/marketing\/2021\/07\/10\/procon-sp-lanca-central-do-superendividamento\/"]}]},{"@type":"ImageObject","inLanguage":"pt-BR","@id":"https:\/\/www.cidademarketing.com.br\/marketing\/2021\/07\/10\/procon-sp-lanca-central-do-superendividamento\/#primaryimage","url":"https:\/\/www.cidademarketing.com.br\/marketing\/wp-content\/uploads\/2019\/11\/procon_sp_marca.jpg","contentUrl":"https:\/\/www.cidademarketing.com.br\/marketing\/wp-content\/uploads\/2019\/11\/procon_sp_marca.jpg","width":319,"height":137},{"@type":"BreadcrumbList","@id":"https:\/\/www.cidademarketing.com.br\/marketing\/2021\/07\/10\/procon-sp-lanca-central-do-superendividamento\/#breadcrumb","itemListElement":[{"@type":"ListItem","position":1,"name":"In\u00edcio","item":"https:\/\/www.cidademarketing.com.br\/marketing\/"},{"@type":"ListItem","position":2,"name":"Procon-SP lan\u00e7a Central do Superendividamento"}]},{"@type":"WebSite","@id":"https:\/\/www.cidademarketing.com.br\/marketing\/#website","url":"https:\/\/www.cidademarketing.com.br\/marketing\/","name":"CidadeMarketing","description":"Somos um ve\u00edculo de comunica\u00e7\u00e3o de destaque no Brasil, reconhecido por conte\u00fados nos segmentos de marketing, empreendedorismo e inova\u00e7\u00e3o.","publisher":{"@id":"https:\/\/www.cidademarketing.com.br\/marketing\/#organization"},"alternateName":"CidadeMarketing","potentialAction":[{"@type":"SearchAction","target":{"@type":"EntryPoint","urlTemplate":"https:\/\/www.cidademarketing.com.br\/marketing\/?s={search_term_string}"},"query-input":{"@type":"PropertyValueSpecification","valueRequired":true,"valueName":"search_term_string"}}],"inLanguage":"pt-BR"},{"@type":"Organization","@id":"https:\/\/www.cidademarketing.com.br\/marketing\/#organization","name":"CidadeMarketing","alternateName":"CidadeMarketing","url":"https:\/\/www.cidademarketing.com.br\/marketing\/","logo":{"@type":"ImageObject","inLanguage":"pt-BR","@id":"https:\/\/www.cidademarketing.com.br\/marketing\/#\/schema\/logo\/image\/","url":"https:\/\/www.cidademarketing.com.br\/marketing\/wp-content\/uploads\/2020\/01\/cidademarketing_marca_mobile.png","contentUrl":"https:\/\/www.cidademarketing.com.br\/marketing\/wp-content\/uploads\/2020\/01\/cidademarketing_marca_mobile.png","width":230,"height":92,"caption":"CidadeMarketing"},"image":{"@id":"https:\/\/www.cidademarketing.com.br\/marketing\/#\/schema\/logo\/image\/"},"sameAs":["https:\/\/www.facebook.com\/portalcidademarketing","https:\/\/x.com\/CidadeMarketing","https:\/\/www.instagram.com\/cidademarketing\/"]},{"@type":"Person","@id":"https:\/\/www.cidademarketing.com.br\/marketing\/#\/schema\/person\/02daff9f18bd9378c9e01eb6b2db155f","name":"Thales Brand\u00e3o","image":{"@type":"ImageObject","inLanguage":"pt-BR","@id":"https:\/\/secure.gravatar.com\/avatar\/7ca3206950207cc3cb48feec56a8a7898741ab725c368d99d5d7a5a50aab80c6?s=96&d=mm&r=g","url":"https:\/\/secure.gravatar.com\/avatar\/7ca3206950207cc3cb48feec56a8a7898741ab725c368d99d5d7a5a50aab80c6?s=96&d=mm&r=g","contentUrl":"https:\/\/secure.gravatar.com\/avatar\/7ca3206950207cc3cb48feec56a8a7898741ab725c368d99d5d7a5a50aab80c6?s=96&d=mm&r=g","caption":"Thales Brand\u00e3o"},"description":"Editor Executivo do Portal CidadeMarketing.com.br &gt; Mestre em Comunica\u00e7\u00e3o e Sociedade pela Universidade Federal de Sergipe. Possui MBA Executivo em Administra\u00e7\u00e3o com \u00eanfase em Marketing pela Funda\u00e7\u00e3o Get\u00falio Vargas - Rio de Janeiro. Consultor, Palestrante e Pesquisador sobre Empreendedorismo, Marketing, Redes Sociais e Neg\u00f3cios Digitais. Professor, Palestrante TedxTalks e Campus Party. Twitter: @ThalesBrandao","sameAs":["http:\/\/www.mandacaru.com.br","https:\/\/www.facebook.com\/thalesbrandao","http:\/\/www.instagram.com.br\/thalesbrandaoferreira","https:\/\/www.linkedin.com\/in\/thales-brand\u00e3o-3948609\/","https:\/\/x.com\/http:\/\/www.twitter.com\/thalesbrandao"],"url":"https:\/\/www.cidademarketing.com.br\/marketing\/author\/thalesbrandao\/"}]}},"amp_enabled":true,"_links":{"self":[{"href":"https:\/\/www.cidademarketing.com.br\/marketing\/wp-json\/wp\/v2\/posts\/25253","targetHints":{"allow":["GET"]}}],"collection":[{"href":"https:\/\/www.cidademarketing.com.br\/marketing\/wp-json\/wp\/v2\/posts"}],"about":[{"href":"https:\/\/www.cidademarketing.com.br\/marketing\/wp-json\/wp\/v2\/types\/post"}],"author":[{"embeddable":true,"href":"https:\/\/www.cidademarketing.com.br\/marketing\/wp-json\/wp\/v2\/users\/1"}],"replies":[{"embeddable":true,"href":"https:\/\/www.cidademarketing.com.br\/marketing\/wp-json\/wp\/v2\/comments?post=25253"}],"version-history":[{"count":1,"href":"https:\/\/www.cidademarketing.com.br\/marketing\/wp-json\/wp\/v2\/posts\/25253\/revisions"}],"predecessor-version":[{"id":25254,"href":"https:\/\/www.cidademarketing.com.br\/marketing\/wp-json\/wp\/v2\/posts\/25253\/revisions\/25254"}],"wp:featuredmedia":[{"embeddable":true,"href":"https:\/\/www.cidademarketing.com.br\/marketing\/wp-json\/wp\/v2\/media\/12872"}],"wp:attachment":[{"href":"https:\/\/www.cidademarketing.com.br\/marketing\/wp-json\/wp\/v2\/media?parent=25253"}],"wp:term":[{"taxonomy":"category","embeddable":true,"href":"https:\/\/www.cidademarketing.com.br\/marketing\/wp-json\/wp\/v2\/categories?post=25253"},{"taxonomy":"post_tag","embeddable":true,"href":"https:\/\/www.cidademarketing.com.br\/marketing\/wp-json\/wp\/v2\/tags?post=25253"}],"curies":[{"name":"wp","href":"https:\/\/api.w.org\/{rel}","templated":true}]}}