{"id":25107,"date":"2021-07-07T20:07:23","date_gmt":"2021-07-07T23:07:23","guid":{"rendered":"https:\/\/www.cidademarketing.com.br\/marketing\/?p=25107"},"modified":"2021-07-08T13:21:13","modified_gmt":"2021-07-08T16:21:13","slug":"nestle-comemora-o-dia-mundial-do-chocolate-com-filme-especial","status":"publish","type":"post","link":"https:\/\/www.cidademarketing.com.br\/marketing\/2021\/07\/07\/nestle-comemora-o-dia-mundial-do-chocolate-com-filme-especial\/","title":{"rendered":"Nestl\u00e9 comemora o Dia Mundial do Chocolate com filme especial"},"content":{"rendered":"\n<p>O <strong>Dia Mundial do Chocolate<\/strong>, 07 de julho, chegou e, dessa vez, a <strong>Nestl\u00e9<\/strong> decidiu comemorar a data de uma maneira um pouco diferente. No mais novo epis\u00f3dio da s\u00e9rie <strong>Nestl\u00e9 Stories<\/strong>, criada para celebrar seu centen\u00e1rio no Brasil, a empresa quer anunciar ao p\u00fablico o que ela est\u00e1 fazendo para minimizar os impactos ambientais gerados com a fabrica\u00e7\u00e3o dos chocolates KitKat, Alpino, Chokito, Prest\u00edgio, Suflair, entre outros.<\/p>\n\n\n\n<figure class=\"wp-block-gallery columns-2 is-cropped wp-block-gallery-1 is-layout-flex wp-block-gallery-is-layout-flex\"><ul class=\"blocks-gallery-grid\"><li class=\"blocks-gallery-item\"><figure><img fetchpriority=\"high\" decoding=\"async\" width=\"1024\" height=\"576\" src=\"https:\/\/www.cidademarketing.com.br\/marketing\/wp-content\/uploads\/2021\/07\/Chocolates-2-1024x576.jpg\" alt=\"\" data-id=\"25108\" data-full-url=\"https:\/\/www.cidademarketing.com.br\/marketing\/wp-content\/uploads\/2021\/07\/Chocolates-2.jpg\" data-link=\"https:\/\/www.cidademarketing.com.br\/marketing\/?attachment_id=25108\" class=\"wp-image-25108\" srcset=\"https:\/\/www.cidademarketing.com.br\/marketing\/wp-content\/uploads\/2021\/07\/Chocolates-2-1024x576.jpg 1024w, https:\/\/www.cidademarketing.com.br\/marketing\/wp-content\/uploads\/2021\/07\/Chocolates-2-300x169.jpg 300w, https:\/\/www.cidademarketing.com.br\/marketing\/wp-content\/uploads\/2021\/07\/Chocolates-2-768x432.jpg 768w, https:\/\/www.cidademarketing.com.br\/marketing\/wp-content\/uploads\/2021\/07\/Chocolates-2-1536x864.jpg 1536w, https:\/\/www.cidademarketing.com.br\/marketing\/wp-content\/uploads\/2021\/07\/Chocolates-2-747x420.jpg 747w, https:\/\/www.cidademarketing.com.br\/marketing\/wp-content\/uploads\/2021\/07\/Chocolates-2-640x360.jpg 640w, https:\/\/www.cidademarketing.com.br\/marketing\/wp-content\/uploads\/2021\/07\/Chocolates-2-681x383.jpg 681w, https:\/\/www.cidademarketing.com.br\/marketing\/wp-content\/uploads\/2021\/07\/Chocolates-2.jpg 1920w\" sizes=\"(max-width: 1024px) 100vw, 1024px\" \/><\/figure><\/li><li class=\"blocks-gallery-item\"><figure><img decoding=\"async\" width=\"1024\" height=\"576\" src=\"https:\/\/www.cidademarketing.com.br\/marketing\/wp-content\/uploads\/2021\/07\/Chocolates-3-1024x576.jpg\" alt=\"\" data-id=\"25109\" data-full-url=\"https:\/\/www.cidademarketing.com.br\/marketing\/wp-content\/uploads\/2021\/07\/Chocolates-3.jpg\" data-link=\"https:\/\/www.cidademarketing.com.br\/marketing\/?attachment_id=25109\" class=\"wp-image-25109\" srcset=\"https:\/\/www.cidademarketing.com.br\/marketing\/wp-content\/uploads\/2021\/07\/Chocolates-3-1024x576.jpg 1024w, https:\/\/www.cidademarketing.com.br\/marketing\/wp-content\/uploads\/2021\/07\/Chocolates-3-300x169.jpg 300w, https:\/\/www.cidademarketing.com.br\/marketing\/wp-content\/uploads\/2021\/07\/Chocolates-3-768x432.jpg 768w, https:\/\/www.cidademarketing.com.br\/marketing\/wp-content\/uploads\/2021\/07\/Chocolates-3-1536x864.jpg 1536w, https:\/\/www.cidademarketing.com.br\/marketing\/wp-content\/uploads\/2021\/07\/Chocolates-3-747x420.jpg 747w, https:\/\/www.cidademarketing.com.br\/marketing\/wp-content\/uploads\/2021\/07\/Chocolates-3-640x360.jpg 640w, https:\/\/www.cidademarketing.com.br\/marketing\/wp-content\/uploads\/2021\/07\/Chocolates-3-681x383.jpg 681w, https:\/\/www.cidademarketing.com.br\/marketing\/wp-content\/uploads\/2021\/07\/Chocolates-3.jpg 1920w\" sizes=\"(max-width: 1024px) 100vw, 1024px\" \/><\/figure><\/li><li class=\"blocks-gallery-item\"><figure><img decoding=\"async\" width=\"1024\" height=\"576\" src=\"https:\/\/www.cidademarketing.com.br\/marketing\/wp-content\/uploads\/2021\/07\/Chocolates-4-1024x576.jpg\" alt=\"\" data-id=\"25110\" data-full-url=\"https:\/\/www.cidademarketing.com.br\/marketing\/wp-content\/uploads\/2021\/07\/Chocolates-4.jpg\" data-link=\"https:\/\/www.cidademarketing.com.br\/marketing\/?attachment_id=25110\" class=\"wp-image-25110\" srcset=\"https:\/\/www.cidademarketing.com.br\/marketing\/wp-content\/uploads\/2021\/07\/Chocolates-4-1024x576.jpg 1024w, https:\/\/www.cidademarketing.com.br\/marketing\/wp-content\/uploads\/2021\/07\/Chocolates-4-300x169.jpg 300w, https:\/\/www.cidademarketing.com.br\/marketing\/wp-content\/uploads\/2021\/07\/Chocolates-4-768x432.jpg 768w, https:\/\/www.cidademarketing.com.br\/marketing\/wp-content\/uploads\/2021\/07\/Chocolates-4-1536x864.jpg 1536w, https:\/\/www.cidademarketing.com.br\/marketing\/wp-content\/uploads\/2021\/07\/Chocolates-4-747x420.jpg 747w, https:\/\/www.cidademarketing.com.br\/marketing\/wp-content\/uploads\/2021\/07\/Chocolates-4-640x360.jpg 640w, https:\/\/www.cidademarketing.com.br\/marketing\/wp-content\/uploads\/2021\/07\/Chocolates-4-681x383.jpg 681w, https:\/\/www.cidademarketing.com.br\/marketing\/wp-content\/uploads\/2021\/07\/Chocolates-4.jpg 1920w\" sizes=\"(max-width: 1024px) 100vw, 1024px\" \/><\/figure><\/li><\/ul><\/figure>\n\n\n\n<p>Desenvolvido pela ag\u00eancia DPZ&amp;T, o filme \u201c<strong>A Sustent\u00e1vel F\u00e1brica de Chocolates<\/strong>\u201d \u00e9 parte da campanha que comemora os 100 anos da companhia no pa\u00eds e consiste em uma verdadeira visita guiada. Podemos conhecer de perto a produ\u00e7\u00e3o de cada chocolate e, tamb\u00e9m, as iniciativas adotadas na f\u00e1brica da Nestl\u00e9 para reduzir o consumo de pl\u00e1stico, \u00e1gua e energia. <\/p>\n\n\n\n<figure class=\"wp-block-embed is-type-video is-provider-youtube wp-block-embed-youtube wp-embed-aspect-16-9 wp-has-aspect-ratio\"><div class=\"wp-block-embed__wrapper\">\n<div class=\"youtube-embed\" data-video_id=\"HPs3ku6mG5o\"><iframe title=\"Chocolates \u2013 Nestl\u00e9 Stories | #Nestl\u00e9100Anos\" width=\"640\" height=\"360\" src=\"https:\/\/www.youtube.com\/embed\/HPs3ku6mG5o?feature=oembed&#038;enablejsapi=1\" frameborder=\"0\" allow=\"accelerometer; autoplay; clipboard-write; encrypted-media; gyroscope; picture-in-picture; web-share\" referrerpolicy=\"strict-origin-when-cross-origin\" allowfullscreen><\/iframe><\/div>\n<\/div><\/figure>\n\n\n\n<p>Para se ter uma ideia, 70% da energia el\u00e9trica consumida na f\u00e1brica \u00e9 proveniente de fontes renov\u00e1veis. No caso da ilumina\u00e7\u00e3o da linha de KitKat, o n\u00famero chega em 100%. A empresa retirou o pl\u00e1stico que envolvia a Caixa Nestl\u00e9 Especialidades, resultando na elimina\u00e7\u00e3o de 450 toneladas de pl\u00e1stico &nbsp;e 200 de papel por ano. E at\u00e9 2025, 100% de suas embalagens, ser\u00e3o recicl\u00e1veis ou reutiliz\u00e1veis.<\/p>\n\n\n\n<p>\u201cA Sustent\u00e1vel F\u00e1brica de Chocolates\u201d \u00e9 mais uma das a\u00e7\u00f5es de comunica\u00e7\u00e3o que celebram os 100 anos da maior empresa de alimentos e bebidas no pa\u00eds atrav\u00e9s de suas principais marcas. Para saber ainda mais sobre o que a Nestl\u00e9 vem fazendo para alimentar um futuro melhor, acesse o canal do YouTube e confira todos os epis\u00f3dios da s\u00e9rie Nestl\u00e9 Stories j\u00e1 dispon\u00edveis: <\/p>\n\n\n\n<figure class=\"wp-block-embed is-type-video is-provider-youtube wp-block-embed-youtube wp-embed-aspect-16-9 wp-has-aspect-ratio\"><div class=\"wp-block-embed__wrapper\">\n<div class=\"youtube-embed\" data-video_id=\"AoSTvJgYNuM\"><iframe title=\"Nutren \u2013 Nestl\u00e9 Stories #Nestl\u00e9100Anos\" width=\"640\" height=\"360\" src=\"https:\/\/www.youtube.com\/embed\/AoSTvJgYNuM?feature=oembed&#038;enablejsapi=1\" frameborder=\"0\" allow=\"accelerometer; autoplay; clipboard-write; encrypted-media; gyroscope; picture-in-picture; web-share\" referrerpolicy=\"strict-origin-when-cross-origin\" allowfullscreen><\/iframe><\/div>\n<\/div><\/figure>\n\n\n\n<p><strong><u>Ficha T\u00e9cnica<\/u><\/strong><\/p>\n\n\n\n<p><strong>Cliente: <\/strong>Nestl\u00e9<\/p>\n\n\n\n<p><strong>Data de produ\u00e7\u00e3o:<\/strong> JUNHO 2021<\/p>\n\n\n\n<p><strong>Produto:<\/strong> Chocolate<\/p>\n\n\n\n<p><strong>T\u00edtulo:<\/strong> A Sustent\u00e1vel F\u00e1brica de Chocolates por Nestl\u00e9<\/p>\n\n\n\n<p><strong>Ag\u00eancia:<\/strong> DPZ&amp;T Comunica\u00e7\u00f5es LTDA\u00ad\u00ad<\/p>\n\n\n\n<p><strong>Dire\u00e7\u00e3o Geral de Cria\u00e7\u00e3o: <\/strong>Rafael Urenha<strong><\/strong><\/p>\n\n\n\n<p><strong>Dire\u00e7\u00e3o de Cria\u00e7\u00e3o Executiva: <\/strong>Carlos Schleder<strong><\/strong><\/p>\n\n\n\n<p><strong>Dire\u00e7\u00e3o de Cria\u00e7\u00e3o: <\/strong>Fabio Mozeli<strong><\/strong><\/p>\n\n\n\n<p><strong>Cria\u00e7\u00e3o: <\/strong>J\u00fanior Carvalho, Henrique N\u00f3brega, Gabriel Pedro<\/p>\n\n\n\n<p><strong>RTV:<\/strong> Ducha Lopes, Paula Alimonda, Adriana Marino, Fabio Truci, Matheus Gomes e Fernanda Assato<\/p>\n\n\n\n<p><strong>ATENDIMENTO:<\/strong> Ana Coutinho, Manuela Codas , Rafaela Neves, Lucas Augusto<\/p>\n\n\n\n<p><strong>Aprova\u00e7\u00e3o Cliente: <\/strong>Mariana Marcussi, Barbara Sapunar, Andrea Teske, Carine Mahler, Caio Queiroz<\/p>\n\n\n\n<p><strong>Produtora de Imagem:<\/strong> Dogs Can Fly<\/p>\n\n\n\n<p><br><strong>Dire\u00e7\u00e3o de Cena:<\/strong> Rodrigo Rebou\u00e7as<\/p>\n\n\n\n<p><br><strong>Assistente de Dire\u00e7\u00e3o:<\/strong> Camila Gentile<\/p>\n\n\n\n<p><br><strong>Produtor Executivo:<\/strong> Thiago Balma, Ricardo Whately&nbsp;<\/p>\n\n\n\n<p><br><strong>Diretor de Fotografia:<\/strong> Thiago Beck<\/p>\n\n\n\n<p><br><strong>Gerente de Projetos:<\/strong>&nbsp;Rebecca Kelch, Rafael Azevedo, Vivi Sader&nbsp;<\/p>\n\n\n\n<p><br><strong>Assistente&nbsp;Gerente de Projetos:<\/strong> Alexsandra Laura &nbsp;&nbsp;<\/p>\n\n\n\n<p><br><strong>Coordenador de Produ\u00e7\u00e3o:<\/strong> Karla Fernandes, Gabriel Nogueira<\/p>\n\n\n\n<p><br><strong>Assistente Coordenador de Produ\u00e7\u00e3o:<\/strong> Cinthia De Vette<\/p>\n\n\n\n<p><br><strong>Pesquisa Criativa:<\/strong> Tunico Rodrix<\/p>\n\n\n\n<p><strong>P\u00f3s Produ\u00e7\u00e3o:<\/strong> Dogs Can Fly e Olho de Coruja<\/p>\n\n\n\n<p><br><strong>Coordenador P\u00f3s Produ\u00e7\u00e3o:<\/strong> Valquiria Pacheco<\/p>\n\n\n\n<p><br><strong>Diretor VFX:<\/strong> Bidu Madio&nbsp;<\/p>\n\n\n\n<p><br><strong>Montador:<\/strong>&nbsp; Cristian Chinen<\/p>\n\n\n\n<p><br><strong>Finalizador:<\/strong> Igor Angelo<\/p>\n\n\n\n<p><strong>Produtora de som: <\/strong>Cabaret<\/p>\n\n\n\n<p><strong>Produ\u00e7\u00e3o Musical: <\/strong>Guile Oliveira e Let\u00edcia Medeiros<\/p>\n\n\n\n<p><strong>Compositor Musical: <\/strong>Andr\u00e9 Henrique<\/p>\n\n\n\n<p><strong>Mixagem e Finaliza\u00e7\u00e3o: <\/strong>Gab Scatolin<\/p>\n\n\n\n<p><strong>Atendimento:<\/strong> Ingrid Lopes e Fl\u00e1via Caparelli<\/p>\n\n\n\n<p><strong>Coordena\u00e7\u00e3o: <\/strong>Verusca Garcia, Junior Freitas e Carol Oliveira<\/p>\n\n\n\n<p><strong>Locu\u00e7\u00e3o:<\/strong> Valentina Namur<\/p>\n","protected":false},"excerpt":{"rendered":"<p>O Dia Mundial do Chocolate, 07 de julho, chegou e, dessa vez, a Nestl\u00e9 decidiu comemorar a data de uma maneira um pouco diferente. No mais novo epis\u00f3dio da s\u00e9rie Nestl\u00e9 Stories, criada para celebrar seu centen\u00e1rio no Brasil, a empresa quer anunciar ao p\u00fablico o que ela est\u00e1 fazendo para minimizar os impactos ambientais [&hellip;]<\/p>\n","protected":false},"author":1,"featured_media":25111,"comment_status":"open","ping_status":"open","sticky":false,"template":"","format":"standard","meta":{"tdm_status":"","tdm_grid_status":"","footnotes":""},"categories":[6],"tags":[33,28,131],"class_list":["post-25107","post","type-post","status-publish","format-standard","has-post-thumbnail","hentry","category-noticias","tag-estrategia","tag-marketing","tag-nestle"],"yoast_head":"<!-- This site is optimized with the Yoast SEO plugin v27.5 - https:\/\/yoast.com\/product\/yoast-seo-wordpress\/ -->\n<title>Nestl\u00e9 comemora o Dia Mundial do Chocolate com filme especial - CidadeMarketing<\/title>\n<meta name=\"robots\" content=\"index, follow, max-snippet:-1, max-image-preview:large, max-video-preview:-1\" \/>\n<link rel=\"canonical\" href=\"https:\/\/www.cidademarketing.com.br\/marketing\/2021\/07\/07\/nestle-comemora-o-dia-mundial-do-chocolate-com-filme-especial\/\" \/>\n<meta property=\"og:locale\" content=\"pt_BR\" \/>\n<meta property=\"og:type\" content=\"article\" \/>\n<meta property=\"og:title\" content=\"Nestl\u00e9 comemora o Dia Mundial do Chocolate com filme especial - CidadeMarketing\" \/>\n<meta property=\"og:description\" content=\"O Dia Mundial do Chocolate, 07 de julho, chegou e, dessa vez, a Nestl\u00e9 decidiu comemorar a data de uma maneira um pouco diferente. No mais novo epis\u00f3dio da s\u00e9rie Nestl\u00e9 Stories, criada para celebrar seu centen\u00e1rio no Brasil, a empresa quer anunciar ao p\u00fablico o que ela est\u00e1 fazendo para minimizar os impactos ambientais [&hellip;]\" \/>\n<meta property=\"og:url\" content=\"https:\/\/www.cidademarketing.com.br\/marketing\/2021\/07\/07\/nestle-comemora-o-dia-mundial-do-chocolate-com-filme-especial\/\" \/>\n<meta property=\"og:site_name\" content=\"CidadeMarketing\" \/>\n<meta property=\"article:publisher\" content=\"https:\/\/www.facebook.com\/portalcidademarketing\" \/>\n<meta property=\"article:author\" content=\"https:\/\/www.facebook.com\/thalesbrandao\" \/>\n<meta property=\"article:published_time\" content=\"2021-07-07T23:07:23+00:00\" \/>\n<meta property=\"article:modified_time\" content=\"2021-07-08T16:21:13+00:00\" \/>\n<meta property=\"og:image\" content=\"https:\/\/www.cidademarketing.com.br\/marketing\/wp-content\/uploads\/2021\/07\/Chocolates-1.jpg\" \/>\n\t<meta property=\"og:image:width\" content=\"1920\" \/>\n\t<meta property=\"og:image:height\" content=\"1080\" \/>\n\t<meta property=\"og:image:type\" content=\"image\/jpeg\" \/>\n<meta name=\"author\" content=\"Thales Brand\u00e3o\" \/>\n<meta name=\"twitter:card\" content=\"summary_large_image\" \/>\n<meta name=\"twitter:creator\" content=\"@http:\/\/www.twitter.com\/thalesbrandao\" \/>\n<meta name=\"twitter:site\" content=\"@CidadeMarketing\" \/>\n<meta name=\"twitter:label1\" content=\"Escrito por\" \/>\n\t<meta name=\"twitter:data1\" content=\"Thales Brand\u00e3o\" \/>\n\t<meta name=\"twitter:label2\" content=\"Est. tempo de leitura\" \/>\n\t<meta name=\"twitter:data2\" content=\"3 minutos\" \/>\n<script type=\"application\/ld+json\" class=\"yoast-schema-graph\">{\"@context\":\"https:\\\/\\\/schema.org\",\"@graph\":[{\"@type\":\"Article\",\"@id\":\"https:\\\/\\\/www.cidademarketing.com.br\\\/marketing\\\/2021\\\/07\\\/07\\\/nestle-comemora-o-dia-mundial-do-chocolate-com-filme-especial\\\/#article\",\"isPartOf\":{\"@id\":\"https:\\\/\\\/www.cidademarketing.com.br\\\/marketing\\\/2021\\\/07\\\/07\\\/nestle-comemora-o-dia-mundial-do-chocolate-com-filme-especial\\\/\"},\"author\":{\"name\":\"Thales Brand\u00e3o\",\"@id\":\"https:\\\/\\\/www.cidademarketing.com.br\\\/marketing\\\/#\\\/schema\\\/person\\\/02daff9f18bd9378c9e01eb6b2db155f\"},\"headline\":\"Nestl\u00e9 comemora o Dia Mundial do Chocolate com filme especial\",\"datePublished\":\"2021-07-07T23:07:23+00:00\",\"dateModified\":\"2021-07-08T16:21:13+00:00\",\"mainEntityOfPage\":{\"@id\":\"https:\\\/\\\/www.cidademarketing.com.br\\\/marketing\\\/2021\\\/07\\\/07\\\/nestle-comemora-o-dia-mundial-do-chocolate-com-filme-especial\\\/\"},\"wordCount\":551,\"commentCount\":0,\"publisher\":{\"@id\":\"https:\\\/\\\/www.cidademarketing.com.br\\\/marketing\\\/#organization\"},\"image\":{\"@id\":\"https:\\\/\\\/www.cidademarketing.com.br\\\/marketing\\\/2021\\\/07\\\/07\\\/nestle-comemora-o-dia-mundial-do-chocolate-com-filme-especial\\\/#primaryimage\"},\"thumbnailUrl\":\"https:\\\/\\\/www.cidademarketing.com.br\\\/marketing\\\/wp-content\\\/uploads\\\/2021\\\/07\\\/Chocolates-1.jpg\",\"keywords\":[\"estrat\u00e9gia\",\"marketing\",\"Nestl\u00e9\"],\"articleSection\":[\"Not\u00edcias\"],\"inLanguage\":\"pt-BR\",\"potentialAction\":[{\"@type\":\"CommentAction\",\"name\":\"Comment\",\"target\":[\"https:\\\/\\\/www.cidademarketing.com.br\\\/marketing\\\/2021\\\/07\\\/07\\\/nestle-comemora-o-dia-mundial-do-chocolate-com-filme-especial\\\/#respond\"]}]},{\"@type\":\"WebPage\",\"@id\":\"https:\\\/\\\/www.cidademarketing.com.br\\\/marketing\\\/2021\\\/07\\\/07\\\/nestle-comemora-o-dia-mundial-do-chocolate-com-filme-especial\\\/\",\"url\":\"https:\\\/\\\/www.cidademarketing.com.br\\\/marketing\\\/2021\\\/07\\\/07\\\/nestle-comemora-o-dia-mundial-do-chocolate-com-filme-especial\\\/\",\"name\":\"Nestl\u00e9 comemora o Dia Mundial do Chocolate com filme especial - CidadeMarketing\",\"isPartOf\":{\"@id\":\"https:\\\/\\\/www.cidademarketing.com.br\\\/marketing\\\/#website\"},\"primaryImageOfPage\":{\"@id\":\"https:\\\/\\\/www.cidademarketing.com.br\\\/marketing\\\/2021\\\/07\\\/07\\\/nestle-comemora-o-dia-mundial-do-chocolate-com-filme-especial\\\/#primaryimage\"},\"image\":{\"@id\":\"https:\\\/\\\/www.cidademarketing.com.br\\\/marketing\\\/2021\\\/07\\\/07\\\/nestle-comemora-o-dia-mundial-do-chocolate-com-filme-especial\\\/#primaryimage\"},\"thumbnailUrl\":\"https:\\\/\\\/www.cidademarketing.com.br\\\/marketing\\\/wp-content\\\/uploads\\\/2021\\\/07\\\/Chocolates-1.jpg\",\"datePublished\":\"2021-07-07T23:07:23+00:00\",\"dateModified\":\"2021-07-08T16:21:13+00:00\",\"breadcrumb\":{\"@id\":\"https:\\\/\\\/www.cidademarketing.com.br\\\/marketing\\\/2021\\\/07\\\/07\\\/nestle-comemora-o-dia-mundial-do-chocolate-com-filme-especial\\\/#breadcrumb\"},\"inLanguage\":\"pt-BR\",\"potentialAction\":[{\"@type\":\"ReadAction\",\"target\":[\"https:\\\/\\\/www.cidademarketing.com.br\\\/marketing\\\/2021\\\/07\\\/07\\\/nestle-comemora-o-dia-mundial-do-chocolate-com-filme-especial\\\/\"]}]},{\"@type\":\"ImageObject\",\"inLanguage\":\"pt-BR\",\"@id\":\"https:\\\/\\\/www.cidademarketing.com.br\\\/marketing\\\/2021\\\/07\\\/07\\\/nestle-comemora-o-dia-mundial-do-chocolate-com-filme-especial\\\/#primaryimage\",\"url\":\"https:\\\/\\\/www.cidademarketing.com.br\\\/marketing\\\/wp-content\\\/uploads\\\/2021\\\/07\\\/Chocolates-1.jpg\",\"contentUrl\":\"https:\\\/\\\/www.cidademarketing.com.br\\\/marketing\\\/wp-content\\\/uploads\\\/2021\\\/07\\\/Chocolates-1.jpg\",\"width\":1920,\"height\":1080,\"caption\":\"Reprodu\u00e7\u00e3o\"},{\"@type\":\"BreadcrumbList\",\"@id\":\"https:\\\/\\\/www.cidademarketing.com.br\\\/marketing\\\/2021\\\/07\\\/07\\\/nestle-comemora-o-dia-mundial-do-chocolate-com-filme-especial\\\/#breadcrumb\",\"itemListElement\":[{\"@type\":\"ListItem\",\"position\":1,\"name\":\"In\u00edcio\",\"item\":\"https:\\\/\\\/www.cidademarketing.com.br\\\/marketing\\\/\"},{\"@type\":\"ListItem\",\"position\":2,\"name\":\"Nestl\u00e9 comemora o Dia Mundial do Chocolate com filme especial\"}]},{\"@type\":\"WebSite\",\"@id\":\"https:\\\/\\\/www.cidademarketing.com.br\\\/marketing\\\/#website\",\"url\":\"https:\\\/\\\/www.cidademarketing.com.br\\\/marketing\\\/\",\"name\":\"CidadeMarketing\",\"description\":\"Somos um ve\u00edculo de comunica\u00e7\u00e3o de destaque no Brasil, reconhecido por conte\u00fados nos segmentos de marketing, empreendedorismo e inova\u00e7\u00e3o.\",\"publisher\":{\"@id\":\"https:\\\/\\\/www.cidademarketing.com.br\\\/marketing\\\/#organization\"},\"alternateName\":\"CidadeMarketing\",\"potentialAction\":[{\"@type\":\"SearchAction\",\"target\":{\"@type\":\"EntryPoint\",\"urlTemplate\":\"https:\\\/\\\/www.cidademarketing.com.br\\\/marketing\\\/?s={search_term_string}\"},\"query-input\":{\"@type\":\"PropertyValueSpecification\",\"valueRequired\":true,\"valueName\":\"search_term_string\"}}],\"inLanguage\":\"pt-BR\"},{\"@type\":\"Organization\",\"@id\":\"https:\\\/\\\/www.cidademarketing.com.br\\\/marketing\\\/#organization\",\"name\":\"CidadeMarketing\",\"alternateName\":\"CidadeMarketing\",\"url\":\"https:\\\/\\\/www.cidademarketing.com.br\\\/marketing\\\/\",\"logo\":{\"@type\":\"ImageObject\",\"inLanguage\":\"pt-BR\",\"@id\":\"https:\\\/\\\/www.cidademarketing.com.br\\\/marketing\\\/#\\\/schema\\\/logo\\\/image\\\/\",\"url\":\"https:\\\/\\\/www.cidademarketing.com.br\\\/marketing\\\/wp-content\\\/uploads\\\/2020\\\/01\\\/cidademarketing_marca_mobile.png\",\"contentUrl\":\"https:\\\/\\\/www.cidademarketing.com.br\\\/marketing\\\/wp-content\\\/uploads\\\/2020\\\/01\\\/cidademarketing_marca_mobile.png\",\"width\":230,\"height\":92,\"caption\":\"CidadeMarketing\"},\"image\":{\"@id\":\"https:\\\/\\\/www.cidademarketing.com.br\\\/marketing\\\/#\\\/schema\\\/logo\\\/image\\\/\"},\"sameAs\":[\"https:\\\/\\\/www.facebook.com\\\/portalcidademarketing\",\"https:\\\/\\\/x.com\\\/CidadeMarketing\",\"https:\\\/\\\/www.instagram.com\\\/cidademarketing\\\/\"]},{\"@type\":\"Person\",\"@id\":\"https:\\\/\\\/www.cidademarketing.com.br\\\/marketing\\\/#\\\/schema\\\/person\\\/02daff9f18bd9378c9e01eb6b2db155f\",\"name\":\"Thales Brand\u00e3o\",\"image\":{\"@type\":\"ImageObject\",\"inLanguage\":\"pt-BR\",\"@id\":\"https:\\\/\\\/secure.gravatar.com\\\/avatar\\\/7ca3206950207cc3cb48feec56a8a7898741ab725c368d99d5d7a5a50aab80c6?s=96&d=mm&r=g\",\"url\":\"https:\\\/\\\/secure.gravatar.com\\\/avatar\\\/7ca3206950207cc3cb48feec56a8a7898741ab725c368d99d5d7a5a50aab80c6?s=96&d=mm&r=g\",\"contentUrl\":\"https:\\\/\\\/secure.gravatar.com\\\/avatar\\\/7ca3206950207cc3cb48feec56a8a7898741ab725c368d99d5d7a5a50aab80c6?s=96&d=mm&r=g\",\"caption\":\"Thales Brand\u00e3o\"},\"description\":\"Editor Executivo do Portal CidadeMarketing.com.br &gt; Mestre em Comunica\u00e7\u00e3o e Sociedade pela Universidade Federal de Sergipe. Possui MBA Executivo em Administra\u00e7\u00e3o com \u00eanfase em Marketing pela Funda\u00e7\u00e3o Get\u00falio Vargas - Rio de Janeiro. Consultor, Palestrante e Pesquisador sobre Empreendedorismo, Marketing, Redes Sociais e Neg\u00f3cios Digitais. Professor, Palestrante TedxTalks e Campus Party. Twitter: @ThalesBrandao\",\"sameAs\":[\"http:\\\/\\\/www.mandacaru.com.br\",\"https:\\\/\\\/www.facebook.com\\\/thalesbrandao\",\"http:\\\/\\\/www.instagram.com.br\\\/thalesbrandaoferreira\",\"https:\\\/\\\/www.linkedin.com\\\/in\\\/thales-brand\u00e3o-3948609\\\/\",\"https:\\\/\\\/x.com\\\/http:\\\/\\\/www.twitter.com\\\/thalesbrandao\"],\"url\":\"https:\\\/\\\/www.cidademarketing.com.br\\\/marketing\\\/author\\\/thalesbrandao\\\/\"}]}<\/script>\n<!-- \/ Yoast SEO plugin. -->","yoast_head_json":{"title":"Nestl\u00e9 comemora o Dia Mundial do Chocolate com filme especial - CidadeMarketing","robots":{"index":"index","follow":"follow","max-snippet":"max-snippet:-1","max-image-preview":"max-image-preview:large","max-video-preview":"max-video-preview:-1"},"canonical":"https:\/\/www.cidademarketing.com.br\/marketing\/2021\/07\/07\/nestle-comemora-o-dia-mundial-do-chocolate-com-filme-especial\/","og_locale":"pt_BR","og_type":"article","og_title":"Nestl\u00e9 comemora o Dia Mundial do Chocolate com filme especial - CidadeMarketing","og_description":"O Dia Mundial do Chocolate, 07 de julho, chegou e, dessa vez, a Nestl\u00e9 decidiu comemorar a data de uma maneira um pouco diferente. No mais novo epis\u00f3dio da s\u00e9rie Nestl\u00e9 Stories, criada para celebrar seu centen\u00e1rio no Brasil, a empresa quer anunciar ao p\u00fablico o que ela est\u00e1 fazendo para minimizar os impactos ambientais [&hellip;]","og_url":"https:\/\/www.cidademarketing.com.br\/marketing\/2021\/07\/07\/nestle-comemora-o-dia-mundial-do-chocolate-com-filme-especial\/","og_site_name":"CidadeMarketing","article_publisher":"https:\/\/www.facebook.com\/portalcidademarketing","article_author":"https:\/\/www.facebook.com\/thalesbrandao","article_published_time":"2021-07-07T23:07:23+00:00","article_modified_time":"2021-07-08T16:21:13+00:00","og_image":[{"width":1920,"height":1080,"url":"https:\/\/www.cidademarketing.com.br\/marketing\/wp-content\/uploads\/2021\/07\/Chocolates-1.jpg","type":"image\/jpeg"}],"author":"Thales Brand\u00e3o","twitter_card":"summary_large_image","twitter_creator":"@http:\/\/www.twitter.com\/thalesbrandao","twitter_site":"@CidadeMarketing","twitter_misc":{"Escrito por":"Thales Brand\u00e3o","Est. tempo de leitura":"3 minutos"},"schema":{"@context":"https:\/\/schema.org","@graph":[{"@type":"Article","@id":"https:\/\/www.cidademarketing.com.br\/marketing\/2021\/07\/07\/nestle-comemora-o-dia-mundial-do-chocolate-com-filme-especial\/#article","isPartOf":{"@id":"https:\/\/www.cidademarketing.com.br\/marketing\/2021\/07\/07\/nestle-comemora-o-dia-mundial-do-chocolate-com-filme-especial\/"},"author":{"name":"Thales Brand\u00e3o","@id":"https:\/\/www.cidademarketing.com.br\/marketing\/#\/schema\/person\/02daff9f18bd9378c9e01eb6b2db155f"},"headline":"Nestl\u00e9 comemora o Dia Mundial do Chocolate com filme especial","datePublished":"2021-07-07T23:07:23+00:00","dateModified":"2021-07-08T16:21:13+00:00","mainEntityOfPage":{"@id":"https:\/\/www.cidademarketing.com.br\/marketing\/2021\/07\/07\/nestle-comemora-o-dia-mundial-do-chocolate-com-filme-especial\/"},"wordCount":551,"commentCount":0,"publisher":{"@id":"https:\/\/www.cidademarketing.com.br\/marketing\/#organization"},"image":{"@id":"https:\/\/www.cidademarketing.com.br\/marketing\/2021\/07\/07\/nestle-comemora-o-dia-mundial-do-chocolate-com-filme-especial\/#primaryimage"},"thumbnailUrl":"https:\/\/www.cidademarketing.com.br\/marketing\/wp-content\/uploads\/2021\/07\/Chocolates-1.jpg","keywords":["estrat\u00e9gia","marketing","Nestl\u00e9"],"articleSection":["Not\u00edcias"],"inLanguage":"pt-BR","potentialAction":[{"@type":"CommentAction","name":"Comment","target":["https:\/\/www.cidademarketing.com.br\/marketing\/2021\/07\/07\/nestle-comemora-o-dia-mundial-do-chocolate-com-filme-especial\/#respond"]}]},{"@type":"WebPage","@id":"https:\/\/www.cidademarketing.com.br\/marketing\/2021\/07\/07\/nestle-comemora-o-dia-mundial-do-chocolate-com-filme-especial\/","url":"https:\/\/www.cidademarketing.com.br\/marketing\/2021\/07\/07\/nestle-comemora-o-dia-mundial-do-chocolate-com-filme-especial\/","name":"Nestl\u00e9 comemora o Dia Mundial do Chocolate com filme especial - CidadeMarketing","isPartOf":{"@id":"https:\/\/www.cidademarketing.com.br\/marketing\/#website"},"primaryImageOfPage":{"@id":"https:\/\/www.cidademarketing.com.br\/marketing\/2021\/07\/07\/nestle-comemora-o-dia-mundial-do-chocolate-com-filme-especial\/#primaryimage"},"image":{"@id":"https:\/\/www.cidademarketing.com.br\/marketing\/2021\/07\/07\/nestle-comemora-o-dia-mundial-do-chocolate-com-filme-especial\/#primaryimage"},"thumbnailUrl":"https:\/\/www.cidademarketing.com.br\/marketing\/wp-content\/uploads\/2021\/07\/Chocolates-1.jpg","datePublished":"2021-07-07T23:07:23+00:00","dateModified":"2021-07-08T16:21:13+00:00","breadcrumb":{"@id":"https:\/\/www.cidademarketing.com.br\/marketing\/2021\/07\/07\/nestle-comemora-o-dia-mundial-do-chocolate-com-filme-especial\/#breadcrumb"},"inLanguage":"pt-BR","potentialAction":[{"@type":"ReadAction","target":["https:\/\/www.cidademarketing.com.br\/marketing\/2021\/07\/07\/nestle-comemora-o-dia-mundial-do-chocolate-com-filme-especial\/"]}]},{"@type":"ImageObject","inLanguage":"pt-BR","@id":"https:\/\/www.cidademarketing.com.br\/marketing\/2021\/07\/07\/nestle-comemora-o-dia-mundial-do-chocolate-com-filme-especial\/#primaryimage","url":"https:\/\/www.cidademarketing.com.br\/marketing\/wp-content\/uploads\/2021\/07\/Chocolates-1.jpg","contentUrl":"https:\/\/www.cidademarketing.com.br\/marketing\/wp-content\/uploads\/2021\/07\/Chocolates-1.jpg","width":1920,"height":1080,"caption":"Reprodu\u00e7\u00e3o"},{"@type":"BreadcrumbList","@id":"https:\/\/www.cidademarketing.com.br\/marketing\/2021\/07\/07\/nestle-comemora-o-dia-mundial-do-chocolate-com-filme-especial\/#breadcrumb","itemListElement":[{"@type":"ListItem","position":1,"name":"In\u00edcio","item":"https:\/\/www.cidademarketing.com.br\/marketing\/"},{"@type":"ListItem","position":2,"name":"Nestl\u00e9 comemora o Dia Mundial do Chocolate com filme especial"}]},{"@type":"WebSite","@id":"https:\/\/www.cidademarketing.com.br\/marketing\/#website","url":"https:\/\/www.cidademarketing.com.br\/marketing\/","name":"CidadeMarketing","description":"Somos um ve\u00edculo de comunica\u00e7\u00e3o de destaque no Brasil, reconhecido por conte\u00fados nos segmentos de marketing, empreendedorismo e inova\u00e7\u00e3o.","publisher":{"@id":"https:\/\/www.cidademarketing.com.br\/marketing\/#organization"},"alternateName":"CidadeMarketing","potentialAction":[{"@type":"SearchAction","target":{"@type":"EntryPoint","urlTemplate":"https:\/\/www.cidademarketing.com.br\/marketing\/?s={search_term_string}"},"query-input":{"@type":"PropertyValueSpecification","valueRequired":true,"valueName":"search_term_string"}}],"inLanguage":"pt-BR"},{"@type":"Organization","@id":"https:\/\/www.cidademarketing.com.br\/marketing\/#organization","name":"CidadeMarketing","alternateName":"CidadeMarketing","url":"https:\/\/www.cidademarketing.com.br\/marketing\/","logo":{"@type":"ImageObject","inLanguage":"pt-BR","@id":"https:\/\/www.cidademarketing.com.br\/marketing\/#\/schema\/logo\/image\/","url":"https:\/\/www.cidademarketing.com.br\/marketing\/wp-content\/uploads\/2020\/01\/cidademarketing_marca_mobile.png","contentUrl":"https:\/\/www.cidademarketing.com.br\/marketing\/wp-content\/uploads\/2020\/01\/cidademarketing_marca_mobile.png","width":230,"height":92,"caption":"CidadeMarketing"},"image":{"@id":"https:\/\/www.cidademarketing.com.br\/marketing\/#\/schema\/logo\/image\/"},"sameAs":["https:\/\/www.facebook.com\/portalcidademarketing","https:\/\/x.com\/CidadeMarketing","https:\/\/www.instagram.com\/cidademarketing\/"]},{"@type":"Person","@id":"https:\/\/www.cidademarketing.com.br\/marketing\/#\/schema\/person\/02daff9f18bd9378c9e01eb6b2db155f","name":"Thales Brand\u00e3o","image":{"@type":"ImageObject","inLanguage":"pt-BR","@id":"https:\/\/secure.gravatar.com\/avatar\/7ca3206950207cc3cb48feec56a8a7898741ab725c368d99d5d7a5a50aab80c6?s=96&d=mm&r=g","url":"https:\/\/secure.gravatar.com\/avatar\/7ca3206950207cc3cb48feec56a8a7898741ab725c368d99d5d7a5a50aab80c6?s=96&d=mm&r=g","contentUrl":"https:\/\/secure.gravatar.com\/avatar\/7ca3206950207cc3cb48feec56a8a7898741ab725c368d99d5d7a5a50aab80c6?s=96&d=mm&r=g","caption":"Thales Brand\u00e3o"},"description":"Editor Executivo do Portal CidadeMarketing.com.br &gt; Mestre em Comunica\u00e7\u00e3o e Sociedade pela Universidade Federal de Sergipe. Possui MBA Executivo em Administra\u00e7\u00e3o com \u00eanfase em Marketing pela Funda\u00e7\u00e3o Get\u00falio Vargas - Rio de Janeiro. Consultor, Palestrante e Pesquisador sobre Empreendedorismo, Marketing, Redes Sociais e Neg\u00f3cios Digitais. Professor, Palestrante TedxTalks e Campus Party. Twitter: @ThalesBrandao","sameAs":["http:\/\/www.mandacaru.com.br","https:\/\/www.facebook.com\/thalesbrandao","http:\/\/www.instagram.com.br\/thalesbrandaoferreira","https:\/\/www.linkedin.com\/in\/thales-brand\u00e3o-3948609\/","https:\/\/x.com\/http:\/\/www.twitter.com\/thalesbrandao"],"url":"https:\/\/www.cidademarketing.com.br\/marketing\/author\/thalesbrandao\/"}]}},"amp_enabled":true,"_links":{"self":[{"href":"https:\/\/www.cidademarketing.com.br\/marketing\/wp-json\/wp\/v2\/posts\/25107","targetHints":{"allow":["GET"]}}],"collection":[{"href":"https:\/\/www.cidademarketing.com.br\/marketing\/wp-json\/wp\/v2\/posts"}],"about":[{"href":"https:\/\/www.cidademarketing.com.br\/marketing\/wp-json\/wp\/v2\/types\/post"}],"author":[{"embeddable":true,"href":"https:\/\/www.cidademarketing.com.br\/marketing\/wp-json\/wp\/v2\/users\/1"}],"replies":[{"embeddable":true,"href":"https:\/\/www.cidademarketing.com.br\/marketing\/wp-json\/wp\/v2\/comments?post=25107"}],"version-history":[{"count":3,"href":"https:\/\/www.cidademarketing.com.br\/marketing\/wp-json\/wp\/v2\/posts\/25107\/revisions"}],"predecessor-version":[{"id":25174,"href":"https:\/\/www.cidademarketing.com.br\/marketing\/wp-json\/wp\/v2\/posts\/25107\/revisions\/25174"}],"wp:featuredmedia":[{"embeddable":true,"href":"https:\/\/www.cidademarketing.com.br\/marketing\/wp-json\/wp\/v2\/media\/25111"}],"wp:attachment":[{"href":"https:\/\/www.cidademarketing.com.br\/marketing\/wp-json\/wp\/v2\/media?parent=25107"}],"wp:term":[{"taxonomy":"category","embeddable":true,"href":"https:\/\/www.cidademarketing.com.br\/marketing\/wp-json\/wp\/v2\/categories?post=25107"},{"taxonomy":"post_tag","embeddable":true,"href":"https:\/\/www.cidademarketing.com.br\/marketing\/wp-json\/wp\/v2\/tags?post=25107"}],"curies":[{"name":"wp","href":"https:\/\/api.w.org\/{rel}","templated":true}]}}