{"id":2508,"date":"2018-10-04T11:48:40","date_gmt":"2018-10-04T14:48:40","guid":{"rendered":"http:\/\/www.cidademarketing.com.br\/marketing\/?p=2508"},"modified":"2018-10-04T11:48:40","modified_gmt":"2018-10-04T14:48:40","slug":"veja-lanca-campanha-embalada-pela-musica-do-grupo-molejo-coloque-as-duas-maozinhas-pra-frente-vai-vai-vai-vai","status":"publish","type":"post","link":"https:\/\/www.cidademarketing.com.br\/marketing\/2018\/10\/04\/veja-lanca-campanha-embalada-pela-musica-do-grupo-molejo-coloque-as-duas-maozinhas-pra-frente-vai-vai-vai-vai\/","title":{"rendered":"Veja lan\u00e7a campanha embalada pela m\u00fasica do grupo Molejo &#8220;Coloque as duas m\u00e3ozinhas. Pr\u00e1 frente, vai, vai, vai, vai&#8221;"},"content":{"rendered":"<p>Campanha entra no ar dia 01 de outubro e visa ampliar a intera\u00e7\u00e3o do p\u00fablico com a marca e mostrar as vantagens do uso de produtos especialistas, que garantem uma limpeza sem esfrega-esfrega; O carism\u00e1tico Anderson, vocalista do grupo Molejo, promete identifica\u00e7\u00e3o com o p\u00fablico, al\u00e9m de garantir irrever\u00eancia e humor nas duas pe\u00e7as. Ag\u00eancia BETC\/Havas assina a cria\u00e7\u00e3o.<br \/>\nA Reckitt Benckiser (RB) \u2013 multinacional anglo-holandesa l\u00edder mundial em sa\u00fade, higiene e bens de consumo \u2013 inicia uma a\u00e7\u00e3o publicit\u00e1ria nas m\u00eddias digitais da sua linha Veja Cozinha Desengordurante e Veja Banheiro X-14 com cloro. Essa \u00e9 a segunda fase da campanha, que teve in\u00edcio em rede nacional pela TV em agosto, e agora traz Anderson, do grupo Molejo, como protagonista para engajar o p\u00fablico nas redes sociais. Assista o primeiro v\u00eddeo aqui.<br \/>\nAssim como os filmes para a TV, o foco do an\u00fancio est\u00e1 na compara\u00e7\u00e3o direta da efici\u00eancia e da especificidade dos produtos da linha Veja (banheiro e cozinha), mostrando como eles oferecem uma limpeza melhor e com mais durabilidade, sem a necessidade do tradicional esfrega-esfrega que ocorre com os produtos convencionais. Os filmes apresentam toda a facilidade e praticidade de remover gordura e limo nas resid\u00eancias, diferentemente de produtos como detergente comum ou \u00e1gua sanit\u00e1ria.<br \/>\nA campanha visa ampliar a intera\u00e7\u00e3o do p\u00fablico com a linha da RB pelas redes sociais, tendo como foco um p\u00fablico antenado, que tem o costume de interagir no mundo virtual e que n\u00e3o quer se preocupar com tarefas b\u00e1sicas do dia a dia, como a limpeza. \u201cSabemos da import\u00e2ncia das redes sociais para garantir a fidelidade dos produtos Veja; o engajamento das pessoas \u00e9 essencial para essa conquista. Vale lembrar tamb\u00e9m que, hoje, as pessoas exigem muito mais efici\u00eancia com os produtos que adquirem para suas resid\u00eancias. Por isso a ideia de mostrar que a linha Veja Especialistas tem melhor desempenho e garante uma limpeza r\u00e1pida, de qualidade e sem esfrega-esfrega foi o que desenvolvemos para a campanha publicit\u00e1ria nas redes digitais\u201d, explica Ana Giulia Chiochetti Pinheiro, gerente de produto da RB.<\/p>\n<p>Desenvolvido pela ag\u00eancia BETC\/Havas, o primeiro an\u00fancio digital entra no ar no dia 01 de outubro e, entre as cenas, Anderson surpreende ao sair de dentro de um cesto de roupa suja, mostrando como Veja Banheiro \u00e9 mais eficaz do que \u00e1gua sanit\u00e1ria, embalado por uma das mais famosas can\u00e7\u00f5es do Molejo: \u201cSamba Diferente\u201d. J\u00e1 no segundo filme, que estreia em 15 de outubro, o cantor tem a tarefa de limpar a metade do seu fog\u00e3o com produtos tradicionais e a outra parte com o Veja Gold Cozinha. O filme mostra Anderson espont\u00e2neo e irreverente, como na cena em que ele sai de dentro do forno e dan\u00e7a com os outros atores, acentuando essas caracter\u00edsticas pessoais que o tornaram conhecido no meio art\u00edstico. Todo o enredo dos dois filmes tem rela\u00e7\u00e3o com o mote da campanha de obter uma limpeza melhor e sem esfrega-esfrega, desafiando os produtos convencionais.<br \/>\nTradicionais produtos destinados \u00e0 limpeza da cozinha, como detergente, e do banheiro, como \u00e1gua sanit\u00e1ria, muitas vezes n\u00e3o chegam ao resultado esperado ou requerem muito esfor\u00e7o para tal e podem at\u00e9 danificar algum utens\u00edlio residencial, devido \u00e0 for\u00e7a aplicada para conseguir a limpeza. Por esse motivo, a linha Veja Especialistas, Veja Cozinha e Veja Banheiro X-14, foi criada com f\u00f3rmulas superiores para garantir melhores resultados de limpeza com menor esfor\u00e7o.<\/p>\n<p>&nbsp;<\/p>\n<div class=\"youtube-embed\" data-video_id=\"tVG8CQyX3FQ\"><iframe title=\"Veja banheiro X-14 \u00e9 bom demais\" width=\"640\" height=\"360\" src=\"https:\/\/www.youtube.com\/embed\/tVG8CQyX3FQ?feature=oembed&#038;enablejsapi=1\" frameborder=\"0\" allow=\"accelerometer; autoplay; clipboard-write; encrypted-media; gyroscope; picture-in-picture; web-share\" referrerpolicy=\"strict-origin-when-cross-origin\" allowfullscreen><\/iframe><\/div>\n<p>&nbsp;<\/p>\n<p><strong>Sobre Reckitt Benckiser<\/strong><br \/>\nA RB (Reckitt Benckiser) \u00e9 a empresa global l\u00edder em bens de consumo para sa\u00fade e higiene**. Guiada pelo prop\u00f3sito de oferecer solu\u00e7\u00f5es inovadoras para vidas mais saud\u00e1veis e lares mais felizes, a RB tem opera\u00e7\u00f5es em mais de 60 pa\u00edses. Da base do bem-estar e nutri\u00e7\u00e3o infantil \u00e0 higiene b\u00e1sica da casa, nossas marcas ajudam pessoas a viverem mais saud\u00e1veis e a terem vidas mais felizes. Impulsionada pelo foco em inova\u00e7\u00e3o, a RB \u00e9 l\u00edder global da maioria de suas categorias e tem produtos l\u00edderes entre suas powerbrands, entre eles, Veja, Vanish, SBP e marcas como Sustagen, Enfagrow, Strepsils, Naldecon, Olla, Jontex, Luftal, LuftGastroPro, Veet, Amop\u00e9, Dettol, Harpic, Destac, Poliflor, Finish e Air Wick Bom Ar. A cultura \u00fanica da RB \u00e9 a raz\u00e3o de seu sucesso. Motivada por conquistar, apaixonada por superar resultados, comprometida com a qualidade e a excel\u00eancia cient\u00edfica, a cultura RB \u00e9 manifestada no trabalho de 40.000 funcion\u00e1rios pelo mundo todo. Mais informa\u00e7\u00f5es: www.rb.com\/br.<br \/>\n**Nielsen Global Database, (2) Euromonitor, Nich Hall, ACNielsen. (3) Financial Reports, 2012<br \/>\nFicha T\u00e9cnica \u2013 Molejo na Cozinha<br \/>\nAg\u00eancia: BETC\/Havas<br \/>\nAnunciante: Reckitt Benckiser<br \/>\nProduto: Veja Gold Cozinha Desengordurante<br \/>\nT\u00edtulo: Molejo na Cozinha<br \/>\nCCO: Erh Ray<br \/>\nDiretores executivos de cria\u00e7\u00e3o: Andrea Siqueira e Rodolfo Barreto<br \/>\nDiretor de cria\u00e7\u00e3o: Alexandre Ravagnani<br \/>\nCria\u00e7\u00e3o &amp; Conte\u00fado: Guilherme Possobon, Victor Castelo e Guilherme Filippoff<br \/>\nMarcas &amp; Neg\u00f3cios: Daniela Keller, Luana Gregorio, Lucas Nabuco e Bianca Chagas<br \/>\nComunica\u00e7\u00e3o &amp; PR: Camila Nakagawa<br \/>\nEstrat\u00e9gia &amp; Gest\u00e3o de Dados: Renata Bokel, Utymo Oliveira, Paula Lins, Stefanny Santiago e Camila Baltar<br \/>\nCanais &amp; Engajamento: Carlinha Gagliardi, Felippe Sobrinho, Thiago Costa, Ruy Dias, Kauane Alves e Gabriela Mansano<br \/>\nProdu\u00e7\u00e3o: Mariane Goebel e Paula Sousa<br \/>\nProdutora: Trator Filmes<br \/>\nDiretor: Los Cabras<br \/>\nProdutora\/Som: Comando S<br \/>\nAprova\u00e7\u00e3o cliente: Eduardo Magalh\u00e3es, Amanda Lobato e Ana Giulia Pinheiro<br \/>\nFicha T\u00e9cnica \u2013 Molejo no Banheiro<br \/>\nAg\u00eancia: BETC\/Havas<br \/>\nAnunciante: Reckitt Benckiser<br \/>\nProduto: Veja Banheiro Tira Limo X-14<br \/>\nT\u00edtulo: Molejo no Banheiro<br \/>\nCCO: Erh Ray<br \/>\nDiretores executivos de cria\u00e7\u00e3o: Andrea Siqueira e Rodolfo Barreto<br \/>\nDiretor de cria\u00e7\u00e3o: Alexandre Ravagnani<br \/>\nCria\u00e7\u00e3o &amp; Conte\u00fado: Guilherme Possobon, Victor Castelo e Guilherme Filippoff<br \/>\nMarcas &amp; Neg\u00f3cios: Daniela Keller, Luana Gregorio, Lucas Nabuco e Bianca Chagas<br \/>\nComunica\u00e7\u00e3o &amp; PR: Camila Nakagawa<br \/>\nEstrat\u00e9gia &amp; Gest\u00e3o de Dados: Renata Bokel, Utymo Oliveira, Paula Lins, Stefanny Santiago e Camila Baltar<br \/>\nCanais &amp; Engajamento: Carlinha Gagliardi, Felippe Sobrinho, Thiago Costa, Ruy Dias, Kauane Alves e Gabriela Mansano<br \/>\nProdu\u00e7\u00e3o: Mariane Goebel e Paula Sousa<br \/>\nProdutora: Trator Filmes<br \/>\nDiretor: Los Cabras<br \/>\nProdutora\/Som: Comando S<br \/>\nAprova\u00e7\u00e3o cliente: Eduardo Magalh\u00e3es, Amanda Lobato e Ana Giulia Pinheiro<\/p>\n","protected":false},"excerpt":{"rendered":"<p>Campanha entra no ar dia 01 de outubro e visa ampliar a intera\u00e7\u00e3o do p\u00fablico com a marca e mostrar as vantagens do uso de produtos especialistas, que garantem uma limpeza sem esfrega-esfrega; O carism\u00e1tico Anderson, vocalista do grupo Molejo, promete identifica\u00e7\u00e3o com o p\u00fablico, al\u00e9m de garantir irrever\u00eancia e humor nas duas pe\u00e7as. Ag\u00eancia [&hellip;]<\/p>\n","protected":false},"author":1,"featured_media":2509,"comment_status":"open","ping_status":"open","sticky":false,"template":"","format":"video","meta":{"tdm_status":"","tdm_grid_status":"","footnotes":""},"categories":[14],"tags":[65,552,426],"class_list":["post-2508","post","type-post","status-publish","format-video","has-post-thumbnail","hentry","category-videos","tag-campanha","tag-molejo","tag-veja","post_format-post-format-video"],"yoast_head":"<!-- This site is optimized with the Yoast SEO plugin v27.5 - https:\/\/yoast.com\/product\/yoast-seo-wordpress\/ -->\n<title>Veja lan\u00e7a campanha embalada pela m\u00fasica do grupo Molejo &quot;Coloque as duas m\u00e3ozinhas. Pr\u00e1 frente, vai, vai, vai, vai&quot; - CidadeMarketing<\/title>\n<meta name=\"robots\" content=\"index, follow, max-snippet:-1, max-image-preview:large, max-video-preview:-1\" \/>\n<link rel=\"canonical\" href=\"https:\/\/www.cidademarketing.com.br\/marketing\/2018\/10\/04\/veja-lanca-campanha-embalada-pela-musica-do-grupo-molejo-coloque-as-duas-maozinhas-pra-frente-vai-vai-vai-vai\/\" \/>\n<meta property=\"og:locale\" content=\"pt_BR\" \/>\n<meta property=\"og:type\" content=\"article\" \/>\n<meta property=\"og:title\" content=\"Veja lan\u00e7a campanha embalada pela m\u00fasica do grupo Molejo &quot;Coloque as duas m\u00e3ozinhas. Pr\u00e1 frente, vai, vai, vai, vai&quot; - CidadeMarketing\" \/>\n<meta property=\"og:description\" content=\"Campanha entra no ar dia 01 de outubro e visa ampliar a intera\u00e7\u00e3o do p\u00fablico com a marca e mostrar as vantagens do uso de produtos especialistas, que garantem uma limpeza sem esfrega-esfrega; O carism\u00e1tico Anderson, vocalista do grupo Molejo, promete identifica\u00e7\u00e3o com o p\u00fablico, al\u00e9m de garantir irrever\u00eancia e humor nas duas pe\u00e7as. Ag\u00eancia [&hellip;]\" \/>\n<meta property=\"og:url\" content=\"https:\/\/www.cidademarketing.com.br\/marketing\/2018\/10\/04\/veja-lanca-campanha-embalada-pela-musica-do-grupo-molejo-coloque-as-duas-maozinhas-pra-frente-vai-vai-vai-vai\/\" \/>\n<meta property=\"og:site_name\" content=\"CidadeMarketing\" \/>\n<meta property=\"article:publisher\" content=\"https:\/\/www.facebook.com\/portalcidademarketing\" \/>\n<meta property=\"article:author\" content=\"https:\/\/www.facebook.com\/thalesbrandao\" \/>\n<meta property=\"article:published_time\" content=\"2018-10-04T14:48:40+00:00\" \/>\n<meta property=\"og:image\" content=\"https:\/\/www.cidademarketing.com.br\/marketing\/wp-content\/uploads\/2018\/10\/molejo_veja.jpg\" \/>\n\t<meta property=\"og:image:width\" content=\"1160\" \/>\n\t<meta property=\"og:image:height\" content=\"602\" \/>\n\t<meta property=\"og:image:type\" content=\"image\/jpeg\" \/>\n<meta name=\"author\" content=\"Thales Brand\u00e3o\" \/>\n<meta name=\"twitter:card\" content=\"summary_large_image\" \/>\n<meta name=\"twitter:creator\" content=\"@http:\/\/www.twitter.com\/thalesbrandao\" \/>\n<meta name=\"twitter:site\" content=\"@CidadeMarketing\" \/>\n<meta name=\"twitter:label1\" content=\"Escrito por\" \/>\n\t<meta name=\"twitter:data1\" content=\"Thales Brand\u00e3o\" \/>\n\t<meta name=\"twitter:label2\" content=\"Est. tempo de leitura\" \/>\n\t<meta name=\"twitter:data2\" content=\"5 minutos\" \/>\n<script type=\"application\/ld+json\" class=\"yoast-schema-graph\">{\"@context\":\"https:\\\/\\\/schema.org\",\"@graph\":[{\"@type\":\"Article\",\"@id\":\"https:\\\/\\\/www.cidademarketing.com.br\\\/marketing\\\/2018\\\/10\\\/04\\\/veja-lanca-campanha-embalada-pela-musica-do-grupo-molejo-coloque-as-duas-maozinhas-pra-frente-vai-vai-vai-vai\\\/#article\",\"isPartOf\":{\"@id\":\"https:\\\/\\\/www.cidademarketing.com.br\\\/marketing\\\/2018\\\/10\\\/04\\\/veja-lanca-campanha-embalada-pela-musica-do-grupo-molejo-coloque-as-duas-maozinhas-pra-frente-vai-vai-vai-vai\\\/\"},\"author\":{\"name\":\"Thales Brand\u00e3o\",\"@id\":\"https:\\\/\\\/www.cidademarketing.com.br\\\/marketing\\\/#\\\/schema\\\/person\\\/02daff9f18bd9378c9e01eb6b2db155f\"},\"headline\":\"Veja lan\u00e7a campanha embalada pela m\u00fasica do grupo Molejo &#8220;Coloque as duas m\u00e3ozinhas. Pr\u00e1 frente, vai, vai, vai, vai&#8221;\",\"datePublished\":\"2018-10-04T14:48:40+00:00\",\"mainEntityOfPage\":{\"@id\":\"https:\\\/\\\/www.cidademarketing.com.br\\\/marketing\\\/2018\\\/10\\\/04\\\/veja-lanca-campanha-embalada-pela-musica-do-grupo-molejo-coloque-as-duas-maozinhas-pra-frente-vai-vai-vai-vai\\\/\"},\"wordCount\":1095,\"commentCount\":0,\"publisher\":{\"@id\":\"https:\\\/\\\/www.cidademarketing.com.br\\\/marketing\\\/#organization\"},\"image\":{\"@id\":\"https:\\\/\\\/www.cidademarketing.com.br\\\/marketing\\\/2018\\\/10\\\/04\\\/veja-lanca-campanha-embalada-pela-musica-do-grupo-molejo-coloque-as-duas-maozinhas-pra-frente-vai-vai-vai-vai\\\/#primaryimage\"},\"thumbnailUrl\":\"https:\\\/\\\/www.cidademarketing.com.br\\\/marketing\\\/wp-content\\\/uploads\\\/2018\\\/10\\\/molejo_veja.jpg\",\"keywords\":[\"campanha\",\"Molejo\",\"Veja\"],\"articleSection\":[\"Videos\"],\"inLanguage\":\"pt-BR\",\"potentialAction\":[{\"@type\":\"CommentAction\",\"name\":\"Comment\",\"target\":[\"https:\\\/\\\/www.cidademarketing.com.br\\\/marketing\\\/2018\\\/10\\\/04\\\/veja-lanca-campanha-embalada-pela-musica-do-grupo-molejo-coloque-as-duas-maozinhas-pra-frente-vai-vai-vai-vai\\\/#respond\"]}]},{\"@type\":\"WebPage\",\"@id\":\"https:\\\/\\\/www.cidademarketing.com.br\\\/marketing\\\/2018\\\/10\\\/04\\\/veja-lanca-campanha-embalada-pela-musica-do-grupo-molejo-coloque-as-duas-maozinhas-pra-frente-vai-vai-vai-vai\\\/\",\"url\":\"https:\\\/\\\/www.cidademarketing.com.br\\\/marketing\\\/2018\\\/10\\\/04\\\/veja-lanca-campanha-embalada-pela-musica-do-grupo-molejo-coloque-as-duas-maozinhas-pra-frente-vai-vai-vai-vai\\\/\",\"name\":\"Veja lan\u00e7a campanha embalada pela m\u00fasica do grupo Molejo \\\"Coloque as duas m\u00e3ozinhas. Pr\u00e1 frente, vai, vai, vai, vai\\\" - CidadeMarketing\",\"isPartOf\":{\"@id\":\"https:\\\/\\\/www.cidademarketing.com.br\\\/marketing\\\/#website\"},\"primaryImageOfPage\":{\"@id\":\"https:\\\/\\\/www.cidademarketing.com.br\\\/marketing\\\/2018\\\/10\\\/04\\\/veja-lanca-campanha-embalada-pela-musica-do-grupo-molejo-coloque-as-duas-maozinhas-pra-frente-vai-vai-vai-vai\\\/#primaryimage\"},\"image\":{\"@id\":\"https:\\\/\\\/www.cidademarketing.com.br\\\/marketing\\\/2018\\\/10\\\/04\\\/veja-lanca-campanha-embalada-pela-musica-do-grupo-molejo-coloque-as-duas-maozinhas-pra-frente-vai-vai-vai-vai\\\/#primaryimage\"},\"thumbnailUrl\":\"https:\\\/\\\/www.cidademarketing.com.br\\\/marketing\\\/wp-content\\\/uploads\\\/2018\\\/10\\\/molejo_veja.jpg\",\"datePublished\":\"2018-10-04T14:48:40+00:00\",\"breadcrumb\":{\"@id\":\"https:\\\/\\\/www.cidademarketing.com.br\\\/marketing\\\/2018\\\/10\\\/04\\\/veja-lanca-campanha-embalada-pela-musica-do-grupo-molejo-coloque-as-duas-maozinhas-pra-frente-vai-vai-vai-vai\\\/#breadcrumb\"},\"inLanguage\":\"pt-BR\",\"potentialAction\":[{\"@type\":\"ReadAction\",\"target\":[\"https:\\\/\\\/www.cidademarketing.com.br\\\/marketing\\\/2018\\\/10\\\/04\\\/veja-lanca-campanha-embalada-pela-musica-do-grupo-molejo-coloque-as-duas-maozinhas-pra-frente-vai-vai-vai-vai\\\/\"]}]},{\"@type\":\"ImageObject\",\"inLanguage\":\"pt-BR\",\"@id\":\"https:\\\/\\\/www.cidademarketing.com.br\\\/marketing\\\/2018\\\/10\\\/04\\\/veja-lanca-campanha-embalada-pela-musica-do-grupo-molejo-coloque-as-duas-maozinhas-pra-frente-vai-vai-vai-vai\\\/#primaryimage\",\"url\":\"https:\\\/\\\/www.cidademarketing.com.br\\\/marketing\\\/wp-content\\\/uploads\\\/2018\\\/10\\\/molejo_veja.jpg\",\"contentUrl\":\"https:\\\/\\\/www.cidademarketing.com.br\\\/marketing\\\/wp-content\\\/uploads\\\/2018\\\/10\\\/molejo_veja.jpg\",\"width\":1160,\"height\":602,\"caption\":\"Reprodu\u00e7\u00e3o\"},{\"@type\":\"BreadcrumbList\",\"@id\":\"https:\\\/\\\/www.cidademarketing.com.br\\\/marketing\\\/2018\\\/10\\\/04\\\/veja-lanca-campanha-embalada-pela-musica-do-grupo-molejo-coloque-as-duas-maozinhas-pra-frente-vai-vai-vai-vai\\\/#breadcrumb\",\"itemListElement\":[{\"@type\":\"ListItem\",\"position\":1,\"name\":\"In\u00edcio\",\"item\":\"https:\\\/\\\/www.cidademarketing.com.br\\\/marketing\\\/\"},{\"@type\":\"ListItem\",\"position\":2,\"name\":\"Veja lan\u00e7a campanha embalada pela m\u00fasica do grupo Molejo &#8220;Coloque as duas m\u00e3ozinhas. Pr\u00e1 frente, vai, vai, vai, vai&#8221;\"}]},{\"@type\":\"WebSite\",\"@id\":\"https:\\\/\\\/www.cidademarketing.com.br\\\/marketing\\\/#website\",\"url\":\"https:\\\/\\\/www.cidademarketing.com.br\\\/marketing\\\/\",\"name\":\"CidadeMarketing\",\"description\":\"Somos um ve\u00edculo de comunica\u00e7\u00e3o de destaque no Brasil, reconhecido por conte\u00fados nos segmentos de marketing, empreendedorismo e inova\u00e7\u00e3o.\",\"publisher\":{\"@id\":\"https:\\\/\\\/www.cidademarketing.com.br\\\/marketing\\\/#organization\"},\"alternateName\":\"CidadeMarketing\",\"potentialAction\":[{\"@type\":\"SearchAction\",\"target\":{\"@type\":\"EntryPoint\",\"urlTemplate\":\"https:\\\/\\\/www.cidademarketing.com.br\\\/marketing\\\/?s={search_term_string}\"},\"query-input\":{\"@type\":\"PropertyValueSpecification\",\"valueRequired\":true,\"valueName\":\"search_term_string\"}}],\"inLanguage\":\"pt-BR\"},{\"@type\":\"Organization\",\"@id\":\"https:\\\/\\\/www.cidademarketing.com.br\\\/marketing\\\/#organization\",\"name\":\"CidadeMarketing\",\"alternateName\":\"CidadeMarketing\",\"url\":\"https:\\\/\\\/www.cidademarketing.com.br\\\/marketing\\\/\",\"logo\":{\"@type\":\"ImageObject\",\"inLanguage\":\"pt-BR\",\"@id\":\"https:\\\/\\\/www.cidademarketing.com.br\\\/marketing\\\/#\\\/schema\\\/logo\\\/image\\\/\",\"url\":\"https:\\\/\\\/www.cidademarketing.com.br\\\/marketing\\\/wp-content\\\/uploads\\\/2020\\\/01\\\/cidademarketing_marca_mobile.png\",\"contentUrl\":\"https:\\\/\\\/www.cidademarketing.com.br\\\/marketing\\\/wp-content\\\/uploads\\\/2020\\\/01\\\/cidademarketing_marca_mobile.png\",\"width\":230,\"height\":92,\"caption\":\"CidadeMarketing\"},\"image\":{\"@id\":\"https:\\\/\\\/www.cidademarketing.com.br\\\/marketing\\\/#\\\/schema\\\/logo\\\/image\\\/\"},\"sameAs\":[\"https:\\\/\\\/www.facebook.com\\\/portalcidademarketing\",\"https:\\\/\\\/x.com\\\/CidadeMarketing\",\"https:\\\/\\\/www.instagram.com\\\/cidademarketing\\\/\"]},{\"@type\":\"Person\",\"@id\":\"https:\\\/\\\/www.cidademarketing.com.br\\\/marketing\\\/#\\\/schema\\\/person\\\/02daff9f18bd9378c9e01eb6b2db155f\",\"name\":\"Thales Brand\u00e3o\",\"image\":{\"@type\":\"ImageObject\",\"inLanguage\":\"pt-BR\",\"@id\":\"https:\\\/\\\/secure.gravatar.com\\\/avatar\\\/7ca3206950207cc3cb48feec56a8a7898741ab725c368d99d5d7a5a50aab80c6?s=96&d=mm&r=g\",\"url\":\"https:\\\/\\\/secure.gravatar.com\\\/avatar\\\/7ca3206950207cc3cb48feec56a8a7898741ab725c368d99d5d7a5a50aab80c6?s=96&d=mm&r=g\",\"contentUrl\":\"https:\\\/\\\/secure.gravatar.com\\\/avatar\\\/7ca3206950207cc3cb48feec56a8a7898741ab725c368d99d5d7a5a50aab80c6?s=96&d=mm&r=g\",\"caption\":\"Thales Brand\u00e3o\"},\"description\":\"Editor Executivo do Portal CidadeMarketing.com.br &gt; Mestre em Comunica\u00e7\u00e3o e Sociedade pela Universidade Federal de Sergipe. Possui MBA Executivo em Administra\u00e7\u00e3o com \u00eanfase em Marketing pela Funda\u00e7\u00e3o Get\u00falio Vargas - Rio de Janeiro. Consultor, Palestrante e Pesquisador sobre Empreendedorismo, Marketing, Redes Sociais e Neg\u00f3cios Digitais. Professor, Palestrante TedxTalks e Campus Party. Twitter: @ThalesBrandao\",\"sameAs\":[\"http:\\\/\\\/www.mandacaru.com.br\",\"https:\\\/\\\/www.facebook.com\\\/thalesbrandao\",\"http:\\\/\\\/www.instagram.com.br\\\/thalesbrandaoferreira\",\"https:\\\/\\\/www.linkedin.com\\\/in\\\/thales-brand\u00e3o-3948609\\\/\",\"https:\\\/\\\/x.com\\\/http:\\\/\\\/www.twitter.com\\\/thalesbrandao\"],\"url\":\"https:\\\/\\\/www.cidademarketing.com.br\\\/marketing\\\/author\\\/thalesbrandao\\\/\"}]}<\/script>\n<!-- \/ Yoast SEO plugin. -->","yoast_head_json":{"title":"Veja lan\u00e7a campanha embalada pela m\u00fasica do grupo Molejo \"Coloque as duas m\u00e3ozinhas. Pr\u00e1 frente, vai, vai, vai, vai\" - CidadeMarketing","robots":{"index":"index","follow":"follow","max-snippet":"max-snippet:-1","max-image-preview":"max-image-preview:large","max-video-preview":"max-video-preview:-1"},"canonical":"https:\/\/www.cidademarketing.com.br\/marketing\/2018\/10\/04\/veja-lanca-campanha-embalada-pela-musica-do-grupo-molejo-coloque-as-duas-maozinhas-pra-frente-vai-vai-vai-vai\/","og_locale":"pt_BR","og_type":"article","og_title":"Veja lan\u00e7a campanha embalada pela m\u00fasica do grupo Molejo \"Coloque as duas m\u00e3ozinhas. Pr\u00e1 frente, vai, vai, vai, vai\" - CidadeMarketing","og_description":"Campanha entra no ar dia 01 de outubro e visa ampliar a intera\u00e7\u00e3o do p\u00fablico com a marca e mostrar as vantagens do uso de produtos especialistas, que garantem uma limpeza sem esfrega-esfrega; O carism\u00e1tico Anderson, vocalista do grupo Molejo, promete identifica\u00e7\u00e3o com o p\u00fablico, al\u00e9m de garantir irrever\u00eancia e humor nas duas pe\u00e7as. Ag\u00eancia [&hellip;]","og_url":"https:\/\/www.cidademarketing.com.br\/marketing\/2018\/10\/04\/veja-lanca-campanha-embalada-pela-musica-do-grupo-molejo-coloque-as-duas-maozinhas-pra-frente-vai-vai-vai-vai\/","og_site_name":"CidadeMarketing","article_publisher":"https:\/\/www.facebook.com\/portalcidademarketing","article_author":"https:\/\/www.facebook.com\/thalesbrandao","article_published_time":"2018-10-04T14:48:40+00:00","og_image":[{"width":1160,"height":602,"url":"https:\/\/www.cidademarketing.com.br\/marketing\/wp-content\/uploads\/2018\/10\/molejo_veja.jpg","type":"image\/jpeg"}],"author":"Thales Brand\u00e3o","twitter_card":"summary_large_image","twitter_creator":"@http:\/\/www.twitter.com\/thalesbrandao","twitter_site":"@CidadeMarketing","twitter_misc":{"Escrito por":"Thales Brand\u00e3o","Est. tempo de leitura":"5 minutos"},"schema":{"@context":"https:\/\/schema.org","@graph":[{"@type":"Article","@id":"https:\/\/www.cidademarketing.com.br\/marketing\/2018\/10\/04\/veja-lanca-campanha-embalada-pela-musica-do-grupo-molejo-coloque-as-duas-maozinhas-pra-frente-vai-vai-vai-vai\/#article","isPartOf":{"@id":"https:\/\/www.cidademarketing.com.br\/marketing\/2018\/10\/04\/veja-lanca-campanha-embalada-pela-musica-do-grupo-molejo-coloque-as-duas-maozinhas-pra-frente-vai-vai-vai-vai\/"},"author":{"name":"Thales Brand\u00e3o","@id":"https:\/\/www.cidademarketing.com.br\/marketing\/#\/schema\/person\/02daff9f18bd9378c9e01eb6b2db155f"},"headline":"Veja lan\u00e7a campanha embalada pela m\u00fasica do grupo Molejo &#8220;Coloque as duas m\u00e3ozinhas. Pr\u00e1 frente, vai, vai, vai, vai&#8221;","datePublished":"2018-10-04T14:48:40+00:00","mainEntityOfPage":{"@id":"https:\/\/www.cidademarketing.com.br\/marketing\/2018\/10\/04\/veja-lanca-campanha-embalada-pela-musica-do-grupo-molejo-coloque-as-duas-maozinhas-pra-frente-vai-vai-vai-vai\/"},"wordCount":1095,"commentCount":0,"publisher":{"@id":"https:\/\/www.cidademarketing.com.br\/marketing\/#organization"},"image":{"@id":"https:\/\/www.cidademarketing.com.br\/marketing\/2018\/10\/04\/veja-lanca-campanha-embalada-pela-musica-do-grupo-molejo-coloque-as-duas-maozinhas-pra-frente-vai-vai-vai-vai\/#primaryimage"},"thumbnailUrl":"https:\/\/www.cidademarketing.com.br\/marketing\/wp-content\/uploads\/2018\/10\/molejo_veja.jpg","keywords":["campanha","Molejo","Veja"],"articleSection":["Videos"],"inLanguage":"pt-BR","potentialAction":[{"@type":"CommentAction","name":"Comment","target":["https:\/\/www.cidademarketing.com.br\/marketing\/2018\/10\/04\/veja-lanca-campanha-embalada-pela-musica-do-grupo-molejo-coloque-as-duas-maozinhas-pra-frente-vai-vai-vai-vai\/#respond"]}]},{"@type":"WebPage","@id":"https:\/\/www.cidademarketing.com.br\/marketing\/2018\/10\/04\/veja-lanca-campanha-embalada-pela-musica-do-grupo-molejo-coloque-as-duas-maozinhas-pra-frente-vai-vai-vai-vai\/","url":"https:\/\/www.cidademarketing.com.br\/marketing\/2018\/10\/04\/veja-lanca-campanha-embalada-pela-musica-do-grupo-molejo-coloque-as-duas-maozinhas-pra-frente-vai-vai-vai-vai\/","name":"Veja lan\u00e7a campanha embalada pela m\u00fasica do grupo Molejo \"Coloque as duas m\u00e3ozinhas. Pr\u00e1 frente, vai, vai, vai, vai\" - CidadeMarketing","isPartOf":{"@id":"https:\/\/www.cidademarketing.com.br\/marketing\/#website"},"primaryImageOfPage":{"@id":"https:\/\/www.cidademarketing.com.br\/marketing\/2018\/10\/04\/veja-lanca-campanha-embalada-pela-musica-do-grupo-molejo-coloque-as-duas-maozinhas-pra-frente-vai-vai-vai-vai\/#primaryimage"},"image":{"@id":"https:\/\/www.cidademarketing.com.br\/marketing\/2018\/10\/04\/veja-lanca-campanha-embalada-pela-musica-do-grupo-molejo-coloque-as-duas-maozinhas-pra-frente-vai-vai-vai-vai\/#primaryimage"},"thumbnailUrl":"https:\/\/www.cidademarketing.com.br\/marketing\/wp-content\/uploads\/2018\/10\/molejo_veja.jpg","datePublished":"2018-10-04T14:48:40+00:00","breadcrumb":{"@id":"https:\/\/www.cidademarketing.com.br\/marketing\/2018\/10\/04\/veja-lanca-campanha-embalada-pela-musica-do-grupo-molejo-coloque-as-duas-maozinhas-pra-frente-vai-vai-vai-vai\/#breadcrumb"},"inLanguage":"pt-BR","potentialAction":[{"@type":"ReadAction","target":["https:\/\/www.cidademarketing.com.br\/marketing\/2018\/10\/04\/veja-lanca-campanha-embalada-pela-musica-do-grupo-molejo-coloque-as-duas-maozinhas-pra-frente-vai-vai-vai-vai\/"]}]},{"@type":"ImageObject","inLanguage":"pt-BR","@id":"https:\/\/www.cidademarketing.com.br\/marketing\/2018\/10\/04\/veja-lanca-campanha-embalada-pela-musica-do-grupo-molejo-coloque-as-duas-maozinhas-pra-frente-vai-vai-vai-vai\/#primaryimage","url":"https:\/\/www.cidademarketing.com.br\/marketing\/wp-content\/uploads\/2018\/10\/molejo_veja.jpg","contentUrl":"https:\/\/www.cidademarketing.com.br\/marketing\/wp-content\/uploads\/2018\/10\/molejo_veja.jpg","width":1160,"height":602,"caption":"Reprodu\u00e7\u00e3o"},{"@type":"BreadcrumbList","@id":"https:\/\/www.cidademarketing.com.br\/marketing\/2018\/10\/04\/veja-lanca-campanha-embalada-pela-musica-do-grupo-molejo-coloque-as-duas-maozinhas-pra-frente-vai-vai-vai-vai\/#breadcrumb","itemListElement":[{"@type":"ListItem","position":1,"name":"In\u00edcio","item":"https:\/\/www.cidademarketing.com.br\/marketing\/"},{"@type":"ListItem","position":2,"name":"Veja lan\u00e7a campanha embalada pela m\u00fasica do grupo Molejo &#8220;Coloque as duas m\u00e3ozinhas. Pr\u00e1 frente, vai, vai, vai, vai&#8221;"}]},{"@type":"WebSite","@id":"https:\/\/www.cidademarketing.com.br\/marketing\/#website","url":"https:\/\/www.cidademarketing.com.br\/marketing\/","name":"CidadeMarketing","description":"Somos um ve\u00edculo de comunica\u00e7\u00e3o de destaque no Brasil, reconhecido por conte\u00fados nos segmentos de marketing, empreendedorismo e inova\u00e7\u00e3o.","publisher":{"@id":"https:\/\/www.cidademarketing.com.br\/marketing\/#organization"},"alternateName":"CidadeMarketing","potentialAction":[{"@type":"SearchAction","target":{"@type":"EntryPoint","urlTemplate":"https:\/\/www.cidademarketing.com.br\/marketing\/?s={search_term_string}"},"query-input":{"@type":"PropertyValueSpecification","valueRequired":true,"valueName":"search_term_string"}}],"inLanguage":"pt-BR"},{"@type":"Organization","@id":"https:\/\/www.cidademarketing.com.br\/marketing\/#organization","name":"CidadeMarketing","alternateName":"CidadeMarketing","url":"https:\/\/www.cidademarketing.com.br\/marketing\/","logo":{"@type":"ImageObject","inLanguage":"pt-BR","@id":"https:\/\/www.cidademarketing.com.br\/marketing\/#\/schema\/logo\/image\/","url":"https:\/\/www.cidademarketing.com.br\/marketing\/wp-content\/uploads\/2020\/01\/cidademarketing_marca_mobile.png","contentUrl":"https:\/\/www.cidademarketing.com.br\/marketing\/wp-content\/uploads\/2020\/01\/cidademarketing_marca_mobile.png","width":230,"height":92,"caption":"CidadeMarketing"},"image":{"@id":"https:\/\/www.cidademarketing.com.br\/marketing\/#\/schema\/logo\/image\/"},"sameAs":["https:\/\/www.facebook.com\/portalcidademarketing","https:\/\/x.com\/CidadeMarketing","https:\/\/www.instagram.com\/cidademarketing\/"]},{"@type":"Person","@id":"https:\/\/www.cidademarketing.com.br\/marketing\/#\/schema\/person\/02daff9f18bd9378c9e01eb6b2db155f","name":"Thales Brand\u00e3o","image":{"@type":"ImageObject","inLanguage":"pt-BR","@id":"https:\/\/secure.gravatar.com\/avatar\/7ca3206950207cc3cb48feec56a8a7898741ab725c368d99d5d7a5a50aab80c6?s=96&d=mm&r=g","url":"https:\/\/secure.gravatar.com\/avatar\/7ca3206950207cc3cb48feec56a8a7898741ab725c368d99d5d7a5a50aab80c6?s=96&d=mm&r=g","contentUrl":"https:\/\/secure.gravatar.com\/avatar\/7ca3206950207cc3cb48feec56a8a7898741ab725c368d99d5d7a5a50aab80c6?s=96&d=mm&r=g","caption":"Thales Brand\u00e3o"},"description":"Editor Executivo do Portal CidadeMarketing.com.br &gt; Mestre em Comunica\u00e7\u00e3o e Sociedade pela Universidade Federal de Sergipe. Possui MBA Executivo em Administra\u00e7\u00e3o com \u00eanfase em Marketing pela Funda\u00e7\u00e3o Get\u00falio Vargas - Rio de Janeiro. Consultor, Palestrante e Pesquisador sobre Empreendedorismo, Marketing, Redes Sociais e Neg\u00f3cios Digitais. Professor, Palestrante TedxTalks e Campus Party. Twitter: @ThalesBrandao","sameAs":["http:\/\/www.mandacaru.com.br","https:\/\/www.facebook.com\/thalesbrandao","http:\/\/www.instagram.com.br\/thalesbrandaoferreira","https:\/\/www.linkedin.com\/in\/thales-brand\u00e3o-3948609\/","https:\/\/x.com\/http:\/\/www.twitter.com\/thalesbrandao"],"url":"https:\/\/www.cidademarketing.com.br\/marketing\/author\/thalesbrandao\/"}]}},"amp_enabled":true,"_links":{"self":[{"href":"https:\/\/www.cidademarketing.com.br\/marketing\/wp-json\/wp\/v2\/posts\/2508","targetHints":{"allow":["GET"]}}],"collection":[{"href":"https:\/\/www.cidademarketing.com.br\/marketing\/wp-json\/wp\/v2\/posts"}],"about":[{"href":"https:\/\/www.cidademarketing.com.br\/marketing\/wp-json\/wp\/v2\/types\/post"}],"author":[{"embeddable":true,"href":"https:\/\/www.cidademarketing.com.br\/marketing\/wp-json\/wp\/v2\/users\/1"}],"replies":[{"embeddable":true,"href":"https:\/\/www.cidademarketing.com.br\/marketing\/wp-json\/wp\/v2\/comments?post=2508"}],"version-history":[{"count":1,"href":"https:\/\/www.cidademarketing.com.br\/marketing\/wp-json\/wp\/v2\/posts\/2508\/revisions"}],"predecessor-version":[{"id":2510,"href":"https:\/\/www.cidademarketing.com.br\/marketing\/wp-json\/wp\/v2\/posts\/2508\/revisions\/2510"}],"wp:featuredmedia":[{"embeddable":true,"href":"https:\/\/www.cidademarketing.com.br\/marketing\/wp-json\/wp\/v2\/media\/2509"}],"wp:attachment":[{"href":"https:\/\/www.cidademarketing.com.br\/marketing\/wp-json\/wp\/v2\/media?parent=2508"}],"wp:term":[{"taxonomy":"category","embeddable":true,"href":"https:\/\/www.cidademarketing.com.br\/marketing\/wp-json\/wp\/v2\/categories?post=2508"},{"taxonomy":"post_tag","embeddable":true,"href":"https:\/\/www.cidademarketing.com.br\/marketing\/wp-json\/wp\/v2\/tags?post=2508"}],"curies":[{"name":"wp","href":"https:\/\/api.w.org\/{rel}","templated":true}]}}