{"id":2504,"date":"2018-10-04T10:41:29","date_gmt":"2018-10-04T13:41:29","guid":{"rendered":"http:\/\/www.cidademarketing.com.br\/marketing\/?p=2504"},"modified":"2018-10-04T10:42:09","modified_gmt":"2018-10-04T13:42:09","slug":"justica-do-trabalho-determina-que-havan-divulgue-video-garantindo-direito-de-empregado-escolher-livremente-seu-candidato","status":"publish","type":"post","link":"https:\/\/www.cidademarketing.com.br\/marketing\/2018\/10\/04\/justica-do-trabalho-determina-que-havan-divulgue-video-garantindo-direito-de-empregado-escolher-livremente-seu-candidato\/","title":{"rendered":"Justi\u00e7a do Trabalho determina que Havan divulgue v\u00eddeo garantindo direito de empregado escolher livremente seu candidato"},"content":{"rendered":"<p>O juiz Carlos Alberto Pereira de Castro, da 7\u00aa Vara do Trabalho de Florian\u00f3polis, determinou nesta quarta (3) que a rede de lojas Havan divulgue em suas redes sociais, at\u00e9 sexta-feira, um v\u00eddeo a fim de garantir que seus empregados tenham o livre direito de escolha de candidatos nas elei\u00e7\u00f5es deste domingo. A decis\u00e3o, uma tutela de urg\u00eancia da qual cabe recurso, atendeu a um pedido em a\u00e7\u00e3o movida pelo Minist\u00e9rio P\u00fablico do Trabalho (MPT).<\/p>\n<p>A decis\u00e3o, que acolheu quase todos os pedidos do MPT, estabeleceu tamb\u00e9m que a Havan e seu propriet\u00e1rio, Luciano Hang, se abstenham, a partir de agora, de fazer propaganda pol\u00edtica entre os seus empregados, deixando de adotar condutas que os intimidem a votar no candidato favorito do empres\u00e1rio.<\/p>\n<p>Al\u00e9m do v\u00eddeo, que deve conter o inteiro teor das nove p\u00e1ginas da decis\u00e3o judicial, a Havan dever\u00e1 publicar a c\u00f3pia da mesma, na \u00edntegra, em mural de avisos de todas as suas unidades at\u00e9 sexta-feira (5), devendo comprovar a ado\u00e7\u00e3o da medida por meio de fotos, que dever\u00e3o ser juntadas ao processo. A empresa tamb\u00e9m n\u00e3o poder\u00e1 mais realizar pesquisas de inten\u00e7\u00e3o de voto entre seus colaboradores.<\/p>\n<p>A a\u00e7\u00e3o foi proposta ap\u00f3s o MPT receber 47 den\u00fancias que acusavam o empres\u00e1rio de coagir seus empregados a votar num dos candidatos a Presidente da Rep\u00fablica, durante uma manifesta\u00e7\u00e3o organizada pela empresa \u2013 o v\u00eddeo foi gravado e publicado nos perfis das redes sociais do grupo e do empres\u00e1rio.<\/p>\n<p><strong>A decis\u00e3o<\/strong><\/p>\n<p>De acordo com o magistrado, um empregador pode tranquilamente declarar em quem vai votar a seus empregados. \u201cDeriva do processo democr\u00e1tico que cada um possa exercer plenamente seus direitos pol\u00edticos, seja um empres\u00e1rio, seja um empregado. Por\u00e9m, h\u00e1 uma dist\u00e2ncia consider\u00e1vel entre apenas declarar seu apoio pol\u00edtico a qualquer candidato ou agremia\u00e7\u00e3o pol\u00edtico-partid\u00e1ria que seja e a forma como se deu a abordagem no caso presente\u201d, ponderou Pereira de Castro.<\/p>\n<p>Ele lembrou que a empresa, al\u00e9m de promover uma enquete entre os seus colaboradores sobre o pleito, realizou um ato pol\u00edtico com todos os trabalhadores da rede. Na ocasi\u00e3o, o empres\u00e1rio colocou em xeque a continuidade dos contratos de trabalho caso houvesse resultado desfavor\u00e1vel \u00e0 sua \u00f3tica.<\/p>\n<p>\u201cA mera formula\u00e7\u00e3o de pesquisas de cunho eleitoral j\u00e1 invade a intimidade e a privacidade dos empregados, pois o voto \u00e9 secreto e deve-se garantir que a pessoa n\u00e3o queira se manifestar a respeito. A situa\u00e7\u00e3o se agrava quando, posteriormente a este fato, coloca-se em xeque o emprego de todos os 15 mil empregados\u201d, assinalou o magistrado.<\/p>\n<p><strong>Consci\u00eancia pol\u00edtica<\/strong><\/p>\n<p>O MPT ingressou com a\u00e7\u00e3o para assegurar a liberdade pol\u00edtica e o direito \u00e0 intimidade dos empregados da Havan, bem como garantir o exerc\u00edcio da cidadania plena. Isso porque, segundo as 47 den\u00fancias recebidas pela Procuradoria, caso os trabalhadores n\u00e3o votassem no candidato \u00e0 Presid\u00eancia escolhido pelo dono da rede, eles poderiam ser dispensados do emprego.<\/p>\n<p>Para os procuradores do trabalho, tal atitude compromete a liberdade de escolha pol\u00edtica dos trabalhadores que, por receio de perderem o emprego, estariam sendo for\u00e7ados a votar em candidato contr\u00e1rio a pr\u00f3pria predile\u00e7\u00e3o. Ao acolher os fundamentos do MPT, o juiz Carlos Alberto refor\u00e7ou que n\u00e3o se trata de censurar a opini\u00e3o do r\u00e9u, mas sim garantir o direito a todo empregado \u201cde n\u00e3o ser induzido a votar em quem quer que seja, em raz\u00e3o de amea\u00e7as de perda do emprego, por afrontada a liberdade de consci\u00eancia pol\u00edtica\u201d, declarou.<\/p>\n<p>Caso a empresa continue adotando condutas vedadas pela decis\u00e3o, dever\u00e1 pagar multa de R$ 500 mil &#8211; no caso da publica\u00e7\u00e3o da decis\u00e3o no mural de avisos das lojas, a multa ser\u00e1 aplicada por unidade que descumprir a ordem.<\/p>\n<p><a href=\"http:\/\/bit.ly\/2QssJfp\" target=\"_blank\" rel=\"noopener\">Acesse a \u00edntegra da decis\u00e3o<\/a><\/p>\n<p><strong>Dono da Havan, Luciano Hang, gravou um v\u00eddeo no momento em que foi intimado pela Justi\u00e7a Federal :<\/strong><\/p>\n<p><a href=\"https:\/\/www.facebook.com\/tielogmrs\/videos\/2417404578400573\/\">https:\/\/www.facebook.com\/tielogmrs\/videos\/2417404578400573\/<\/a><\/p>\n<p>&nbsp;<\/p>\n<p><strong>O Minist\u00e9rio P\u00fablico do Trabalho emitiu uma nota alertando sobre coa\u00e7\u00e3o da empresa no voto do trabalhador, confira:<\/strong><\/p>\n<p><em>O Minist\u00e9rio P\u00fablico do Trabalho (MPT) divulgou, nesta segunda-feira (1\u00b0), nota p\u00fablica para alertar as empresas e a sociedade de que \u00e9 proibida a imposi\u00e7\u00e3o, coa\u00e7\u00e3o ou direcionamento nas escolhas pol\u00edticas dos empregados. O objetivo \u00e9 garantir o respeito e a prote\u00e7\u00e3o \u00e0 intimidade e \u00e0 liberdade do cidad\u00e3o-trabalhador no processo eleitoral, no ambiente de trabalho.<\/em><br \/>\n<em>\u00a0<\/em><br \/>\n<em>De acordo com a nota, tal pr\u00e1tica pode caracterizar discrimina\u00e7\u00e3o em raz\u00e3o de orienta\u00e7\u00e3o pol\u00edtica,\u00a0 irregularidade trabalhista que pode ser alvo de investiga\u00e7\u00e3o e a\u00e7\u00e3o civil p\u00fablica por parte do MPT. Para o procurador-geral do trabalho, Ronaldo Curado Fleury, a interfer\u00eancia por parte do empregador sobre o voto de seus empregados pode, ainda, configurar ass\u00e9dio moral.<\/em><br \/>\n<em>\u00a0<\/em><br \/>\n<em>Eventuais viola\u00e7\u00f5es ao direito fundamental dos trabalhadores \u00e0 livre orienta\u00e7\u00e3o pol\u00edtica no campo das rela\u00e7\u00f5es de trabalho podem ser denunciadas ao MPT no seguinte endere\u00e7o: www.mpt.mp.br.<\/em><br \/>\n<em>\u00a0<\/em><br \/>\n<em>\u201cSe ficar comprovado que empresas est\u00e3o, de alguma forma e ainda que n\u00e3o diretamente, sugestionando os trabalhadores a votar em determinado candidato ou mesmo condicionando a manuten\u00e7\u00e3o dos empregos ao voto em determinado candidato, essa empresa vai estar sujeita a uma a\u00e7\u00e3o civil p\u00fablica, inclusive<\/em> com repercuss\u00f5es no sentido de indeniza\u00e7\u00e3o pelo dano moral causado \u00e0quela coletividade\u201d, explica Fleury.<\/p>\n<p>A nota \u00e9 resultado da necess\u00e1ria prote\u00e7\u00e3o, pelo Minist\u00e9rio P\u00fablico do Trabalho, do regime democr\u00e1tico no contexto das rela\u00e7\u00f5es de trabalho, e tem como destinat\u00e1rios todos os empres\u00e1rios que, visando a beneficiar quaisquer candidatos ou partidos, pratiquem a conduta ilegal.<\/p>\n<p>O MPT atuar\u00e1 nos limites de suas atribui\u00e7\u00f5es para apurar a quest\u00e3o na esfera trabalhista. Acesse aqui o inteiro teor da nota p\u00fablica.<\/p>\n<p>&nbsp;<\/p>\n<p>&nbsp;<\/p>\n","protected":false},"excerpt":{"rendered":"<p>O juiz Carlos Alberto Pereira de Castro, da 7\u00aa Vara do Trabalho de Florian\u00f3polis, determinou nesta quarta (3) que a rede de lojas Havan divulgue em suas redes sociais, at\u00e9 sexta-feira, um v\u00eddeo a fim de garantir que seus empregados tenham o livre direito de escolha de candidatos nas elei\u00e7\u00f5es deste domingo. A decis\u00e3o, uma [&hellip;]<\/p>\n","protected":false},"author":1,"featured_media":2505,"comment_status":"open","ping_status":"open","sticky":false,"template":"","format":"standard","meta":{"tdm_status":"","tdm_grid_status":"","footnotes":""},"categories":[6],"tags":[147,551,550],"class_list":["post-2504","post","type-post","status-publish","format-standard","has-post-thumbnail","hentry","category-noticias","tag-brasil","tag-havan","tag-ministerio-do-trabalho"],"yoast_head":"<!-- This site is optimized with the Yoast SEO plugin v27.5 - https:\/\/yoast.com\/product\/yoast-seo-wordpress\/ -->\n<title>Justi\u00e7a do Trabalho determina que Havan divulgue v\u00eddeo garantindo direito de empregado escolher livremente seu candidato - CidadeMarketing<\/title>\n<meta name=\"robots\" content=\"index, follow, max-snippet:-1, max-image-preview:large, max-video-preview:-1\" \/>\n<link rel=\"canonical\" href=\"https:\/\/www.cidademarketing.com.br\/marketing\/2018\/10\/04\/justica-do-trabalho-determina-que-havan-divulgue-video-garantindo-direito-de-empregado-escolher-livremente-seu-candidato\/\" \/>\n<meta property=\"og:locale\" content=\"pt_BR\" \/>\n<meta property=\"og:type\" content=\"article\" \/>\n<meta property=\"og:title\" content=\"Justi\u00e7a do Trabalho determina que Havan divulgue v\u00eddeo garantindo direito de empregado escolher livremente seu candidato - CidadeMarketing\" \/>\n<meta property=\"og:description\" content=\"O juiz Carlos Alberto Pereira de Castro, da 7\u00aa Vara do Trabalho de Florian\u00f3polis, determinou nesta quarta (3) que a rede de lojas Havan divulgue em suas redes sociais, at\u00e9 sexta-feira, um v\u00eddeo a fim de garantir que seus empregados tenham o livre direito de escolha de candidatos nas elei\u00e7\u00f5es deste domingo. A decis\u00e3o, uma [&hellip;]\" \/>\n<meta property=\"og:url\" content=\"https:\/\/www.cidademarketing.com.br\/marketing\/2018\/10\/04\/justica-do-trabalho-determina-que-havan-divulgue-video-garantindo-direito-de-empregado-escolher-livremente-seu-candidato\/\" \/>\n<meta property=\"og:site_name\" content=\"CidadeMarketing\" \/>\n<meta property=\"article:publisher\" content=\"https:\/\/www.facebook.com\/portalcidademarketing\" \/>\n<meta property=\"article:author\" content=\"https:\/\/www.facebook.com\/thalesbrandao\" \/>\n<meta property=\"article:published_time\" content=\"2018-10-04T13:41:29+00:00\" \/>\n<meta property=\"article:modified_time\" content=\"2018-10-04T13:42:09+00:00\" \/>\n<meta property=\"og:image\" content=\"https:\/\/www.cidademarketing.com.br\/marketing\/wp-content\/uploads\/2018\/10\/havan_marca_ministeriodotrabalho.jpg\" \/>\n\t<meta property=\"og:image:width\" content=\"1960\" \/>\n\t<meta property=\"og:image:height\" content=\"1241\" \/>\n\t<meta property=\"og:image:type\" content=\"image\/jpeg\" \/>\n<meta name=\"author\" content=\"Thales Brand\u00e3o\" \/>\n<meta name=\"twitter:card\" content=\"summary_large_image\" \/>\n<meta name=\"twitter:creator\" content=\"@http:\/\/www.twitter.com\/thalesbrandao\" \/>\n<meta name=\"twitter:site\" content=\"@CidadeMarketing\" \/>\n<meta name=\"twitter:label1\" content=\"Escrito por\" \/>\n\t<meta name=\"twitter:data1\" content=\"Thales Brand\u00e3o\" \/>\n\t<meta name=\"twitter:label2\" content=\"Est. tempo de leitura\" \/>\n\t<meta name=\"twitter:data2\" content=\"5 minutos\" \/>\n<script type=\"application\/ld+json\" class=\"yoast-schema-graph\">{\"@context\":\"https:\\\/\\\/schema.org\",\"@graph\":[{\"@type\":\"Article\",\"@id\":\"https:\\\/\\\/www.cidademarketing.com.br\\\/marketing\\\/2018\\\/10\\\/04\\\/justica-do-trabalho-determina-que-havan-divulgue-video-garantindo-direito-de-empregado-escolher-livremente-seu-candidato\\\/#article\",\"isPartOf\":{\"@id\":\"https:\\\/\\\/www.cidademarketing.com.br\\\/marketing\\\/2018\\\/10\\\/04\\\/justica-do-trabalho-determina-que-havan-divulgue-video-garantindo-direito-de-empregado-escolher-livremente-seu-candidato\\\/\"},\"author\":{\"name\":\"Thales Brand\u00e3o\",\"@id\":\"https:\\\/\\\/www.cidademarketing.com.br\\\/marketing\\\/#\\\/schema\\\/person\\\/02daff9f18bd9378c9e01eb6b2db155f\"},\"headline\":\"Justi\u00e7a do Trabalho determina que Havan divulgue v\u00eddeo garantindo direito de empregado escolher livremente seu candidato\",\"datePublished\":\"2018-10-04T13:41:29+00:00\",\"dateModified\":\"2018-10-04T13:42:09+00:00\",\"mainEntityOfPage\":{\"@id\":\"https:\\\/\\\/www.cidademarketing.com.br\\\/marketing\\\/2018\\\/10\\\/04\\\/justica-do-trabalho-determina-que-havan-divulgue-video-garantindo-direito-de-empregado-escolher-livremente-seu-candidato\\\/\"},\"wordCount\":1038,\"commentCount\":0,\"publisher\":{\"@id\":\"https:\\\/\\\/www.cidademarketing.com.br\\\/marketing\\\/#organization\"},\"image\":{\"@id\":\"https:\\\/\\\/www.cidademarketing.com.br\\\/marketing\\\/2018\\\/10\\\/04\\\/justica-do-trabalho-determina-que-havan-divulgue-video-garantindo-direito-de-empregado-escolher-livremente-seu-candidato\\\/#primaryimage\"},\"thumbnailUrl\":\"https:\\\/\\\/www.cidademarketing.com.br\\\/marketing\\\/wp-content\\\/uploads\\\/2018\\\/10\\\/havan_marca_ministeriodotrabalho.jpg\",\"keywords\":[\"Brasil\",\"Havan\",\"Minist\u00e9rio do Trabalho\"],\"articleSection\":[\"Not\u00edcias\"],\"inLanguage\":\"pt-BR\",\"potentialAction\":[{\"@type\":\"CommentAction\",\"name\":\"Comment\",\"target\":[\"https:\\\/\\\/www.cidademarketing.com.br\\\/marketing\\\/2018\\\/10\\\/04\\\/justica-do-trabalho-determina-que-havan-divulgue-video-garantindo-direito-de-empregado-escolher-livremente-seu-candidato\\\/#respond\"]}]},{\"@type\":\"WebPage\",\"@id\":\"https:\\\/\\\/www.cidademarketing.com.br\\\/marketing\\\/2018\\\/10\\\/04\\\/justica-do-trabalho-determina-que-havan-divulgue-video-garantindo-direito-de-empregado-escolher-livremente-seu-candidato\\\/\",\"url\":\"https:\\\/\\\/www.cidademarketing.com.br\\\/marketing\\\/2018\\\/10\\\/04\\\/justica-do-trabalho-determina-que-havan-divulgue-video-garantindo-direito-de-empregado-escolher-livremente-seu-candidato\\\/\",\"name\":\"Justi\u00e7a do Trabalho determina que Havan divulgue v\u00eddeo garantindo direito de empregado escolher livremente seu candidato - CidadeMarketing\",\"isPartOf\":{\"@id\":\"https:\\\/\\\/www.cidademarketing.com.br\\\/marketing\\\/#website\"},\"primaryImageOfPage\":{\"@id\":\"https:\\\/\\\/www.cidademarketing.com.br\\\/marketing\\\/2018\\\/10\\\/04\\\/justica-do-trabalho-determina-que-havan-divulgue-video-garantindo-direito-de-empregado-escolher-livremente-seu-candidato\\\/#primaryimage\"},\"image\":{\"@id\":\"https:\\\/\\\/www.cidademarketing.com.br\\\/marketing\\\/2018\\\/10\\\/04\\\/justica-do-trabalho-determina-que-havan-divulgue-video-garantindo-direito-de-empregado-escolher-livremente-seu-candidato\\\/#primaryimage\"},\"thumbnailUrl\":\"https:\\\/\\\/www.cidademarketing.com.br\\\/marketing\\\/wp-content\\\/uploads\\\/2018\\\/10\\\/havan_marca_ministeriodotrabalho.jpg\",\"datePublished\":\"2018-10-04T13:41:29+00:00\",\"dateModified\":\"2018-10-04T13:42:09+00:00\",\"breadcrumb\":{\"@id\":\"https:\\\/\\\/www.cidademarketing.com.br\\\/marketing\\\/2018\\\/10\\\/04\\\/justica-do-trabalho-determina-que-havan-divulgue-video-garantindo-direito-de-empregado-escolher-livremente-seu-candidato\\\/#breadcrumb\"},\"inLanguage\":\"pt-BR\",\"potentialAction\":[{\"@type\":\"ReadAction\",\"target\":[\"https:\\\/\\\/www.cidademarketing.com.br\\\/marketing\\\/2018\\\/10\\\/04\\\/justica-do-trabalho-determina-que-havan-divulgue-video-garantindo-direito-de-empregado-escolher-livremente-seu-candidato\\\/\"]}]},{\"@type\":\"ImageObject\",\"inLanguage\":\"pt-BR\",\"@id\":\"https:\\\/\\\/www.cidademarketing.com.br\\\/marketing\\\/2018\\\/10\\\/04\\\/justica-do-trabalho-determina-que-havan-divulgue-video-garantindo-direito-de-empregado-escolher-livremente-seu-candidato\\\/#primaryimage\",\"url\":\"https:\\\/\\\/www.cidademarketing.com.br\\\/marketing\\\/wp-content\\\/uploads\\\/2018\\\/10\\\/havan_marca_ministeriodotrabalho.jpg\",\"contentUrl\":\"https:\\\/\\\/www.cidademarketing.com.br\\\/marketing\\\/wp-content\\\/uploads\\\/2018\\\/10\\\/havan_marca_ministeriodotrabalho.jpg\",\"width\":1960,\"height\":1241,\"caption\":\"Divulga\u00e7\u00e3o\"},{\"@type\":\"BreadcrumbList\",\"@id\":\"https:\\\/\\\/www.cidademarketing.com.br\\\/marketing\\\/2018\\\/10\\\/04\\\/justica-do-trabalho-determina-que-havan-divulgue-video-garantindo-direito-de-empregado-escolher-livremente-seu-candidato\\\/#breadcrumb\",\"itemListElement\":[{\"@type\":\"ListItem\",\"position\":1,\"name\":\"In\u00edcio\",\"item\":\"https:\\\/\\\/www.cidademarketing.com.br\\\/marketing\\\/\"},{\"@type\":\"ListItem\",\"position\":2,\"name\":\"Justi\u00e7a do Trabalho determina que Havan divulgue v\u00eddeo garantindo direito de empregado escolher livremente seu candidato\"}]},{\"@type\":\"WebSite\",\"@id\":\"https:\\\/\\\/www.cidademarketing.com.br\\\/marketing\\\/#website\",\"url\":\"https:\\\/\\\/www.cidademarketing.com.br\\\/marketing\\\/\",\"name\":\"CidadeMarketing\",\"description\":\"Somos um ve\u00edculo de comunica\u00e7\u00e3o de destaque no Brasil, reconhecido por conte\u00fados nos segmentos de marketing, empreendedorismo e inova\u00e7\u00e3o.\",\"publisher\":{\"@id\":\"https:\\\/\\\/www.cidademarketing.com.br\\\/marketing\\\/#organization\"},\"alternateName\":\"CidadeMarketing\",\"potentialAction\":[{\"@type\":\"SearchAction\",\"target\":{\"@type\":\"EntryPoint\",\"urlTemplate\":\"https:\\\/\\\/www.cidademarketing.com.br\\\/marketing\\\/?s={search_term_string}\"},\"query-input\":{\"@type\":\"PropertyValueSpecification\",\"valueRequired\":true,\"valueName\":\"search_term_string\"}}],\"inLanguage\":\"pt-BR\"},{\"@type\":\"Organization\",\"@id\":\"https:\\\/\\\/www.cidademarketing.com.br\\\/marketing\\\/#organization\",\"name\":\"CidadeMarketing\",\"alternateName\":\"CidadeMarketing\",\"url\":\"https:\\\/\\\/www.cidademarketing.com.br\\\/marketing\\\/\",\"logo\":{\"@type\":\"ImageObject\",\"inLanguage\":\"pt-BR\",\"@id\":\"https:\\\/\\\/www.cidademarketing.com.br\\\/marketing\\\/#\\\/schema\\\/logo\\\/image\\\/\",\"url\":\"https:\\\/\\\/www.cidademarketing.com.br\\\/marketing\\\/wp-content\\\/uploads\\\/2020\\\/01\\\/cidademarketing_marca_mobile.png\",\"contentUrl\":\"https:\\\/\\\/www.cidademarketing.com.br\\\/marketing\\\/wp-content\\\/uploads\\\/2020\\\/01\\\/cidademarketing_marca_mobile.png\",\"width\":230,\"height\":92,\"caption\":\"CidadeMarketing\"},\"image\":{\"@id\":\"https:\\\/\\\/www.cidademarketing.com.br\\\/marketing\\\/#\\\/schema\\\/logo\\\/image\\\/\"},\"sameAs\":[\"https:\\\/\\\/www.facebook.com\\\/portalcidademarketing\",\"https:\\\/\\\/x.com\\\/CidadeMarketing\",\"https:\\\/\\\/www.instagram.com\\\/cidademarketing\\\/\"]},{\"@type\":\"Person\",\"@id\":\"https:\\\/\\\/www.cidademarketing.com.br\\\/marketing\\\/#\\\/schema\\\/person\\\/02daff9f18bd9378c9e01eb6b2db155f\",\"name\":\"Thales Brand\u00e3o\",\"image\":{\"@type\":\"ImageObject\",\"inLanguage\":\"pt-BR\",\"@id\":\"https:\\\/\\\/secure.gravatar.com\\\/avatar\\\/7ca3206950207cc3cb48feec56a8a7898741ab725c368d99d5d7a5a50aab80c6?s=96&d=mm&r=g\",\"url\":\"https:\\\/\\\/secure.gravatar.com\\\/avatar\\\/7ca3206950207cc3cb48feec56a8a7898741ab725c368d99d5d7a5a50aab80c6?s=96&d=mm&r=g\",\"contentUrl\":\"https:\\\/\\\/secure.gravatar.com\\\/avatar\\\/7ca3206950207cc3cb48feec56a8a7898741ab725c368d99d5d7a5a50aab80c6?s=96&d=mm&r=g\",\"caption\":\"Thales Brand\u00e3o\"},\"description\":\"Editor Executivo do Portal CidadeMarketing.com.br &gt; Mestre em Comunica\u00e7\u00e3o e Sociedade pela Universidade Federal de Sergipe. Possui MBA Executivo em Administra\u00e7\u00e3o com \u00eanfase em Marketing pela Funda\u00e7\u00e3o Get\u00falio Vargas - Rio de Janeiro. Consultor, Palestrante e Pesquisador sobre Empreendedorismo, Marketing, Redes Sociais e Neg\u00f3cios Digitais. Professor, Palestrante TedxTalks e Campus Party. Twitter: @ThalesBrandao\",\"sameAs\":[\"http:\\\/\\\/www.mandacaru.com.br\",\"https:\\\/\\\/www.facebook.com\\\/thalesbrandao\",\"http:\\\/\\\/www.instagram.com.br\\\/thalesbrandaoferreira\",\"https:\\\/\\\/www.linkedin.com\\\/in\\\/thales-brand\u00e3o-3948609\\\/\",\"https:\\\/\\\/x.com\\\/http:\\\/\\\/www.twitter.com\\\/thalesbrandao\"],\"url\":\"https:\\\/\\\/www.cidademarketing.com.br\\\/marketing\\\/author\\\/thalesbrandao\\\/\"}]}<\/script>\n<!-- \/ Yoast SEO plugin. -->","yoast_head_json":{"title":"Justi\u00e7a do Trabalho determina que Havan divulgue v\u00eddeo garantindo direito de empregado escolher livremente seu candidato - CidadeMarketing","robots":{"index":"index","follow":"follow","max-snippet":"max-snippet:-1","max-image-preview":"max-image-preview:large","max-video-preview":"max-video-preview:-1"},"canonical":"https:\/\/www.cidademarketing.com.br\/marketing\/2018\/10\/04\/justica-do-trabalho-determina-que-havan-divulgue-video-garantindo-direito-de-empregado-escolher-livremente-seu-candidato\/","og_locale":"pt_BR","og_type":"article","og_title":"Justi\u00e7a do Trabalho determina que Havan divulgue v\u00eddeo garantindo direito de empregado escolher livremente seu candidato - CidadeMarketing","og_description":"O juiz Carlos Alberto Pereira de Castro, da 7\u00aa Vara do Trabalho de Florian\u00f3polis, determinou nesta quarta (3) que a rede de lojas Havan divulgue em suas redes sociais, at\u00e9 sexta-feira, um v\u00eddeo a fim de garantir que seus empregados tenham o livre direito de escolha de candidatos nas elei\u00e7\u00f5es deste domingo. A decis\u00e3o, uma [&hellip;]","og_url":"https:\/\/www.cidademarketing.com.br\/marketing\/2018\/10\/04\/justica-do-trabalho-determina-que-havan-divulgue-video-garantindo-direito-de-empregado-escolher-livremente-seu-candidato\/","og_site_name":"CidadeMarketing","article_publisher":"https:\/\/www.facebook.com\/portalcidademarketing","article_author":"https:\/\/www.facebook.com\/thalesbrandao","article_published_time":"2018-10-04T13:41:29+00:00","article_modified_time":"2018-10-04T13:42:09+00:00","og_image":[{"width":1960,"height":1241,"url":"https:\/\/www.cidademarketing.com.br\/marketing\/wp-content\/uploads\/2018\/10\/havan_marca_ministeriodotrabalho.jpg","type":"image\/jpeg"}],"author":"Thales Brand\u00e3o","twitter_card":"summary_large_image","twitter_creator":"@http:\/\/www.twitter.com\/thalesbrandao","twitter_site":"@CidadeMarketing","twitter_misc":{"Escrito por":"Thales Brand\u00e3o","Est. tempo de leitura":"5 minutos"},"schema":{"@context":"https:\/\/schema.org","@graph":[{"@type":"Article","@id":"https:\/\/www.cidademarketing.com.br\/marketing\/2018\/10\/04\/justica-do-trabalho-determina-que-havan-divulgue-video-garantindo-direito-de-empregado-escolher-livremente-seu-candidato\/#article","isPartOf":{"@id":"https:\/\/www.cidademarketing.com.br\/marketing\/2018\/10\/04\/justica-do-trabalho-determina-que-havan-divulgue-video-garantindo-direito-de-empregado-escolher-livremente-seu-candidato\/"},"author":{"name":"Thales Brand\u00e3o","@id":"https:\/\/www.cidademarketing.com.br\/marketing\/#\/schema\/person\/02daff9f18bd9378c9e01eb6b2db155f"},"headline":"Justi\u00e7a do Trabalho determina que Havan divulgue v\u00eddeo garantindo direito de empregado escolher livremente seu candidato","datePublished":"2018-10-04T13:41:29+00:00","dateModified":"2018-10-04T13:42:09+00:00","mainEntityOfPage":{"@id":"https:\/\/www.cidademarketing.com.br\/marketing\/2018\/10\/04\/justica-do-trabalho-determina-que-havan-divulgue-video-garantindo-direito-de-empregado-escolher-livremente-seu-candidato\/"},"wordCount":1038,"commentCount":0,"publisher":{"@id":"https:\/\/www.cidademarketing.com.br\/marketing\/#organization"},"image":{"@id":"https:\/\/www.cidademarketing.com.br\/marketing\/2018\/10\/04\/justica-do-trabalho-determina-que-havan-divulgue-video-garantindo-direito-de-empregado-escolher-livremente-seu-candidato\/#primaryimage"},"thumbnailUrl":"https:\/\/www.cidademarketing.com.br\/marketing\/wp-content\/uploads\/2018\/10\/havan_marca_ministeriodotrabalho.jpg","keywords":["Brasil","Havan","Minist\u00e9rio do Trabalho"],"articleSection":["Not\u00edcias"],"inLanguage":"pt-BR","potentialAction":[{"@type":"CommentAction","name":"Comment","target":["https:\/\/www.cidademarketing.com.br\/marketing\/2018\/10\/04\/justica-do-trabalho-determina-que-havan-divulgue-video-garantindo-direito-de-empregado-escolher-livremente-seu-candidato\/#respond"]}]},{"@type":"WebPage","@id":"https:\/\/www.cidademarketing.com.br\/marketing\/2018\/10\/04\/justica-do-trabalho-determina-que-havan-divulgue-video-garantindo-direito-de-empregado-escolher-livremente-seu-candidato\/","url":"https:\/\/www.cidademarketing.com.br\/marketing\/2018\/10\/04\/justica-do-trabalho-determina-que-havan-divulgue-video-garantindo-direito-de-empregado-escolher-livremente-seu-candidato\/","name":"Justi\u00e7a do Trabalho determina que Havan divulgue v\u00eddeo garantindo direito de empregado escolher livremente seu candidato - CidadeMarketing","isPartOf":{"@id":"https:\/\/www.cidademarketing.com.br\/marketing\/#website"},"primaryImageOfPage":{"@id":"https:\/\/www.cidademarketing.com.br\/marketing\/2018\/10\/04\/justica-do-trabalho-determina-que-havan-divulgue-video-garantindo-direito-de-empregado-escolher-livremente-seu-candidato\/#primaryimage"},"image":{"@id":"https:\/\/www.cidademarketing.com.br\/marketing\/2018\/10\/04\/justica-do-trabalho-determina-que-havan-divulgue-video-garantindo-direito-de-empregado-escolher-livremente-seu-candidato\/#primaryimage"},"thumbnailUrl":"https:\/\/www.cidademarketing.com.br\/marketing\/wp-content\/uploads\/2018\/10\/havan_marca_ministeriodotrabalho.jpg","datePublished":"2018-10-04T13:41:29+00:00","dateModified":"2018-10-04T13:42:09+00:00","breadcrumb":{"@id":"https:\/\/www.cidademarketing.com.br\/marketing\/2018\/10\/04\/justica-do-trabalho-determina-que-havan-divulgue-video-garantindo-direito-de-empregado-escolher-livremente-seu-candidato\/#breadcrumb"},"inLanguage":"pt-BR","potentialAction":[{"@type":"ReadAction","target":["https:\/\/www.cidademarketing.com.br\/marketing\/2018\/10\/04\/justica-do-trabalho-determina-que-havan-divulgue-video-garantindo-direito-de-empregado-escolher-livremente-seu-candidato\/"]}]},{"@type":"ImageObject","inLanguage":"pt-BR","@id":"https:\/\/www.cidademarketing.com.br\/marketing\/2018\/10\/04\/justica-do-trabalho-determina-que-havan-divulgue-video-garantindo-direito-de-empregado-escolher-livremente-seu-candidato\/#primaryimage","url":"https:\/\/www.cidademarketing.com.br\/marketing\/wp-content\/uploads\/2018\/10\/havan_marca_ministeriodotrabalho.jpg","contentUrl":"https:\/\/www.cidademarketing.com.br\/marketing\/wp-content\/uploads\/2018\/10\/havan_marca_ministeriodotrabalho.jpg","width":1960,"height":1241,"caption":"Divulga\u00e7\u00e3o"},{"@type":"BreadcrumbList","@id":"https:\/\/www.cidademarketing.com.br\/marketing\/2018\/10\/04\/justica-do-trabalho-determina-que-havan-divulgue-video-garantindo-direito-de-empregado-escolher-livremente-seu-candidato\/#breadcrumb","itemListElement":[{"@type":"ListItem","position":1,"name":"In\u00edcio","item":"https:\/\/www.cidademarketing.com.br\/marketing\/"},{"@type":"ListItem","position":2,"name":"Justi\u00e7a do Trabalho determina que Havan divulgue v\u00eddeo garantindo direito de empregado escolher livremente seu candidato"}]},{"@type":"WebSite","@id":"https:\/\/www.cidademarketing.com.br\/marketing\/#website","url":"https:\/\/www.cidademarketing.com.br\/marketing\/","name":"CidadeMarketing","description":"Somos um ve\u00edculo de comunica\u00e7\u00e3o de destaque no Brasil, reconhecido por conte\u00fados nos segmentos de marketing, empreendedorismo e inova\u00e7\u00e3o.","publisher":{"@id":"https:\/\/www.cidademarketing.com.br\/marketing\/#organization"},"alternateName":"CidadeMarketing","potentialAction":[{"@type":"SearchAction","target":{"@type":"EntryPoint","urlTemplate":"https:\/\/www.cidademarketing.com.br\/marketing\/?s={search_term_string}"},"query-input":{"@type":"PropertyValueSpecification","valueRequired":true,"valueName":"search_term_string"}}],"inLanguage":"pt-BR"},{"@type":"Organization","@id":"https:\/\/www.cidademarketing.com.br\/marketing\/#organization","name":"CidadeMarketing","alternateName":"CidadeMarketing","url":"https:\/\/www.cidademarketing.com.br\/marketing\/","logo":{"@type":"ImageObject","inLanguage":"pt-BR","@id":"https:\/\/www.cidademarketing.com.br\/marketing\/#\/schema\/logo\/image\/","url":"https:\/\/www.cidademarketing.com.br\/marketing\/wp-content\/uploads\/2020\/01\/cidademarketing_marca_mobile.png","contentUrl":"https:\/\/www.cidademarketing.com.br\/marketing\/wp-content\/uploads\/2020\/01\/cidademarketing_marca_mobile.png","width":230,"height":92,"caption":"CidadeMarketing"},"image":{"@id":"https:\/\/www.cidademarketing.com.br\/marketing\/#\/schema\/logo\/image\/"},"sameAs":["https:\/\/www.facebook.com\/portalcidademarketing","https:\/\/x.com\/CidadeMarketing","https:\/\/www.instagram.com\/cidademarketing\/"]},{"@type":"Person","@id":"https:\/\/www.cidademarketing.com.br\/marketing\/#\/schema\/person\/02daff9f18bd9378c9e01eb6b2db155f","name":"Thales Brand\u00e3o","image":{"@type":"ImageObject","inLanguage":"pt-BR","@id":"https:\/\/secure.gravatar.com\/avatar\/7ca3206950207cc3cb48feec56a8a7898741ab725c368d99d5d7a5a50aab80c6?s=96&d=mm&r=g","url":"https:\/\/secure.gravatar.com\/avatar\/7ca3206950207cc3cb48feec56a8a7898741ab725c368d99d5d7a5a50aab80c6?s=96&d=mm&r=g","contentUrl":"https:\/\/secure.gravatar.com\/avatar\/7ca3206950207cc3cb48feec56a8a7898741ab725c368d99d5d7a5a50aab80c6?s=96&d=mm&r=g","caption":"Thales Brand\u00e3o"},"description":"Editor Executivo do Portal CidadeMarketing.com.br &gt; Mestre em Comunica\u00e7\u00e3o e Sociedade pela Universidade Federal de Sergipe. Possui MBA Executivo em Administra\u00e7\u00e3o com \u00eanfase em Marketing pela Funda\u00e7\u00e3o Get\u00falio Vargas - Rio de Janeiro. Consultor, Palestrante e Pesquisador sobre Empreendedorismo, Marketing, Redes Sociais e Neg\u00f3cios Digitais. Professor, Palestrante TedxTalks e Campus Party. Twitter: @ThalesBrandao","sameAs":["http:\/\/www.mandacaru.com.br","https:\/\/www.facebook.com\/thalesbrandao","http:\/\/www.instagram.com.br\/thalesbrandaoferreira","https:\/\/www.linkedin.com\/in\/thales-brand\u00e3o-3948609\/","https:\/\/x.com\/http:\/\/www.twitter.com\/thalesbrandao"],"url":"https:\/\/www.cidademarketing.com.br\/marketing\/author\/thalesbrandao\/"}]}},"amp_enabled":true,"_links":{"self":[{"href":"https:\/\/www.cidademarketing.com.br\/marketing\/wp-json\/wp\/v2\/posts\/2504","targetHints":{"allow":["GET"]}}],"collection":[{"href":"https:\/\/www.cidademarketing.com.br\/marketing\/wp-json\/wp\/v2\/posts"}],"about":[{"href":"https:\/\/www.cidademarketing.com.br\/marketing\/wp-json\/wp\/v2\/types\/post"}],"author":[{"embeddable":true,"href":"https:\/\/www.cidademarketing.com.br\/marketing\/wp-json\/wp\/v2\/users\/1"}],"replies":[{"embeddable":true,"href":"https:\/\/www.cidademarketing.com.br\/marketing\/wp-json\/wp\/v2\/comments?post=2504"}],"version-history":[{"count":2,"href":"https:\/\/www.cidademarketing.com.br\/marketing\/wp-json\/wp\/v2\/posts\/2504\/revisions"}],"predecessor-version":[{"id":2507,"href":"https:\/\/www.cidademarketing.com.br\/marketing\/wp-json\/wp\/v2\/posts\/2504\/revisions\/2507"}],"wp:featuredmedia":[{"embeddable":true,"href":"https:\/\/www.cidademarketing.com.br\/marketing\/wp-json\/wp\/v2\/media\/2505"}],"wp:attachment":[{"href":"https:\/\/www.cidademarketing.com.br\/marketing\/wp-json\/wp\/v2\/media?parent=2504"}],"wp:term":[{"taxonomy":"category","embeddable":true,"href":"https:\/\/www.cidademarketing.com.br\/marketing\/wp-json\/wp\/v2\/categories?post=2504"},{"taxonomy":"post_tag","embeddable":true,"href":"https:\/\/www.cidademarketing.com.br\/marketing\/wp-json\/wp\/v2\/tags?post=2504"}],"curies":[{"name":"wp","href":"https:\/\/api.w.org\/{rel}","templated":true}]}}