{"id":24984,"date":"2021-07-06T11:57:50","date_gmt":"2021-07-06T14:57:50","guid":{"rendered":"https:\/\/www.cidademarketing.com.br\/marketing\/?p=24984"},"modified":"2021-07-06T11:57:52","modified_gmt":"2021-07-06T14:57:52","slug":"retomada-do-premio-sebrae-de-jornalismo-chega-com-nova-edicao-repaginada","status":"publish","type":"post","link":"https:\/\/www.cidademarketing.com.br\/marketing\/2021\/07\/06\/retomada-do-premio-sebrae-de-jornalismo-chega-com-nova-edicao-repaginada\/","title":{"rendered":"Retomada do Pr\u00eamio Sebrae de Jornalismo chega com nova edi\u00e7\u00e3o repaginada"},"content":{"rendered":"\n<p>Promovido pelo Sebrae para reconhecer os melhores trabalhos de profissionais da imprensa, o Pr\u00eamio Sebrae de Jornalismo (PSJ) est\u00e1 de volta para prestigiar a cobertura dos temas relacionados ao universo dos micro e pequenos neg\u00f3cios do pa\u00eds, por meio das diversas m\u00eddias. A \u00faltima edi\u00e7\u00e3o do pr\u00eamio aconteceu em 2015 e, neste ano, a institui\u00e7\u00e3o decidiu retomar o evento, t\u00e3o tradicional e prestigiado entre os jornalistas, contando com a ag\u00eancia Moringa na lideran\u00e7a da cria\u00e7\u00e3o e desenvolvimento do projeto.&nbsp;<\/p>\n\n\n\n<p>A jornalista e analista da Unidade de Gest\u00e3o de Marketing do Sebrae, Larissa Meira, destaca que o pr\u00eamio foi repaginado para abra\u00e7ar os novos desafios e a pluralidade da comunica\u00e7\u00e3o. \u201cQuando o Sebrae lan\u00e7ou esse pr\u00eamio em 2008, o objetivo era inserir os micro e pequenos neg\u00f3cios nas pautas e nas reda\u00e7\u00f5es brasileiras. Conseguimos atingir esta miss\u00e3o. Hoje j\u00e1 existem editorias e cadernos especializados em empreendedorismo\u201d, comenta Larissa.&nbsp; &#8220;Atualmente, a comunica\u00e7\u00e3o vive uma nova fase e, com ela a evolu\u00e7\u00e3o do jornalismo, que enfrenta grandes desafios com as fake news. Assim, a nova edi\u00e7\u00e3o do Pr\u00eamio Sebrae de Jornalismo visa tamb\u00e9m valorizar o jornalismo de qualidade, com informa\u00e7\u00f5es checadas, conte\u00fados multim\u00eddias, com uso de todos os recursos tecnol\u00f3gicos que os profissionais disp\u00f5em\u201d, acrescenta a analista de comunica\u00e7\u00e3o.&nbsp;<\/p>\n\n\n\n<p>A Moringa fez parte do processo de resgate e reativa\u00e7\u00e3o da iniciativa desde o in\u00edcio, colaborando com todas as din\u00e2micas para defini\u00e7\u00e3o do novo escopo da premia\u00e7\u00e3o. &#8220;A partir do briefing que recebemos do cliente, foi necess\u00e1rio fazer todo um processo de entendimento da evolu\u00e7\u00e3o do jornalismo com o passar dos anos para definirmos qual seria o formato ideal para a nova edi\u00e7\u00e3o\u201d explica Rianni Bertoldo, diretora geral da Moringa. A ag\u00eancia foi respons\u00e1vel pelo desenvolvimento do projeto por completo, que envolveu desde o desenho da plataforma e estrutura do site que det\u00e9m todo o gerenciamento da premia\u00e7\u00e3o, at\u00e9 as avalia\u00e7\u00f5es sobre quais formatos e tipos de conte\u00fados seriam abordados, estudo sobre as categorias que deveriam ser consideradas e planejamento estrat\u00e9gico da comunica\u00e7\u00e3o. O trabalho da ag\u00eancia englobou, ainda, a cria\u00e7\u00e3o da nova identidade visual da marca e do novo conceito, que foi baseado na for\u00e7a do jornalismo a favor da cultura empreendedora e traz o tema: \u201cA import\u00e2ncia da micro e pequena empresa para o enfrentamento da pandemia\u201d<\/p>\n\n\n\n<p>Agora \u00e9 oficial: o Pr\u00eamio Sebrae de Jornalismo est\u00e1 de volta. As inscri\u00e7\u00f5es estar\u00e3o abertas a partir do dia 1\u00ba de julho e os profissionais poder\u00e3o concorrer com trabalhos executados em diversos formatos e publicados em ve\u00edculos da imprensa brasileira. A premia\u00e7\u00e3o ser\u00e1 dividida em etapas estaduais, regionais e nacional, com previs\u00e3o do resultado final ser divulgado em janeiro de 2022. O pr\u00eamio para o grande finalista \u00e9 um notebook e um smartphone de \u00faltima gera\u00e7\u00e3o, com configura\u00e7\u00f5es de alto desempenho e capacidade de edi\u00e7\u00e3o de v\u00eddeos e fotos, al\u00e9m do prest\u00edgio de vencer um dos principais pr\u00eamios da categoria no Brasil.&nbsp;<\/p>\n\n\n\n<p><strong>Novos talentos<\/strong><\/p>\n\n\n\n<p>Outra novidade desta edi\u00e7\u00e3o \u00e9 o reconhecimento \u00e0 nova gera\u00e7\u00e3o do jornalismo. Estudantes da \u00e1rea ou rec\u00e9m-formados com at\u00e9 25 anos poder\u00e3o inscrever suas reportagens na categoria Jornalista Revela\u00e7\u00e3o. A \u00fanica condi\u00e7\u00e3o \u00e9 que o profissional tenha seu trabalho publicado em algum ve\u00edculo de imprensa nacional. A premia\u00e7\u00e3o para essa categoria \u00e9 um notebook de \u00faltima gera\u00e7\u00e3o, com configura\u00e7\u00f5es de alta performance, para contribuir com a carreira do profissional vencedor.&nbsp;<\/p>\n\n\n\n<p>Para saber mais sobre o <strong>Pr\u00eamio Sebrae de Jornalismo<\/strong> acesse <a href=\"http:\/\/www.premiosebraejornalismo.com.br\/\" target=\"_blank\" rel=\"noreferrer noopener\">www.premiosebraejornalismo.com.br<\/a>.<\/p>\n\n\n\n<p><strong><u>Ficha T\u00e9cnica<\/u><\/strong><\/p>\n\n\n\n<p>T\u00edtulo: Pr\u00eamio Sebrae de Jornalismo<\/p>\n\n\n\n<p>CEO: Bruno Ladeira<\/p>\n\n\n\n<p>Diretora Geral: Rianni Bertoldo<\/p>\n\n\n\n<p>Dire\u00e7\u00e3o de Cria\u00e7\u00e3o: Daniel Macedo e Marcelo G\u00f3es<\/p>\n\n\n\n<p>Diretora de Atendimento: Rosa Cordeiro<\/p>\n\n\n\n<p>Atendimento: Manoela Nodari<\/p>\n\n\n\n<p>Dire\u00e7\u00e3o de Projetos e PMO: Diogo Moreira<\/p>\n\n\n\n<p>Dire\u00e7\u00e3o de Arte: Vitor Or\u00e9m, Emanuel Oliveira e L\u00eddia Pessoa<\/p>\n\n\n\n<p>Reda\u00e7\u00e3o: Marcelo G\u00f3es e Andr\u00e9 Luiz Silva<\/p>\n\n\n\n<p>Designers: St\u00e9phanie Maia, Reinaldo Dimon e Pedro Gomes<\/p>\n\n\n\n<p>UX Designers: M\u00e1rio Aoki e Larissa Rocha<\/p>\n\n\n\n<p>Projetos: Ludmila Mascarenhas, Karine Luchtemberg, Samantha Brand\u00e3o&nbsp;<\/p>\n\n\n\n<p>Tecnologia: Isa\u00edas Coelho<\/p>\n\n\n\n<p>BI: Ariadna Neves e Fabio Silva<\/p>\n\n\n\n<p>Planejamento &amp; Estrat\u00e9gia: Ana Reis, Caio Ribeiro e Pedro Moreth<\/p>\n\n\n\n<p>Conte\u00fado: Francisco Rezende, Sabrina Bacelar e Gabriel Guimar\u00e3es<\/p>\n\n\n\n<p>Revis\u00e3o: Mariana Moura e J\u00falia Castello<\/p>\n\n\n\n<p>Aprova\u00e7\u00e3o do cliente: Fernando Bandeira, Eduardo Duarte e Larissa Meira<\/p>\n","protected":false},"excerpt":{"rendered":"<p>Promovido pelo Sebrae para reconhecer os melhores trabalhos de profissionais da imprensa, o Pr\u00eamio Sebrae de Jornalismo (PSJ) est\u00e1 de volta para prestigiar a cobertura dos temas relacionados ao universo dos micro e pequenos neg\u00f3cios do pa\u00eds, por meio das diversas m\u00eddias. A \u00faltima edi\u00e7\u00e3o do pr\u00eamio aconteceu em 2015 e, neste ano, a institui\u00e7\u00e3o [&hellip;]<\/p>\n","protected":false},"author":1,"featured_media":24985,"comment_status":"open","ping_status":"open","sticky":false,"template":"","format":"standard","meta":{"tdm_status":"","tdm_grid_status":"","footnotes":""},"categories":[6],"tags":[33,645,260],"class_list":["post-24984","post","type-post","status-publish","format-standard","has-post-thumbnail","hentry","category-noticias","tag-estrategia","tag-jornalismo","tag-sebrae"],"yoast_head":"<!-- This site is optimized with the Yoast SEO plugin v27.5 - https:\/\/yoast.com\/product\/yoast-seo-wordpress\/ -->\n<title>Retomada do Pr\u00eamio Sebrae de Jornalismo chega com nova edi\u00e7\u00e3o repaginada - CidadeMarketing<\/title>\n<meta name=\"robots\" content=\"index, follow, max-snippet:-1, max-image-preview:large, max-video-preview:-1\" \/>\n<link rel=\"canonical\" href=\"https:\/\/www.cidademarketing.com.br\/marketing\/2021\/07\/06\/retomada-do-premio-sebrae-de-jornalismo-chega-com-nova-edicao-repaginada\/\" \/>\n<meta property=\"og:locale\" content=\"pt_BR\" \/>\n<meta property=\"og:type\" content=\"article\" \/>\n<meta property=\"og:title\" content=\"Retomada do Pr\u00eamio Sebrae de Jornalismo chega com nova edi\u00e7\u00e3o repaginada - CidadeMarketing\" \/>\n<meta property=\"og:description\" content=\"Promovido pelo Sebrae para reconhecer os melhores trabalhos de profissionais da imprensa, o Pr\u00eamio Sebrae de Jornalismo (PSJ) est\u00e1 de volta para prestigiar a cobertura dos temas relacionados ao universo dos micro e pequenos neg\u00f3cios do pa\u00eds, por meio das diversas m\u00eddias. A \u00faltima edi\u00e7\u00e3o do pr\u00eamio aconteceu em 2015 e, neste ano, a institui\u00e7\u00e3o [&hellip;]\" \/>\n<meta property=\"og:url\" content=\"https:\/\/www.cidademarketing.com.br\/marketing\/2021\/07\/06\/retomada-do-premio-sebrae-de-jornalismo-chega-com-nova-edicao-repaginada\/\" \/>\n<meta property=\"og:site_name\" content=\"CidadeMarketing\" \/>\n<meta property=\"article:publisher\" content=\"https:\/\/www.facebook.com\/portalcidademarketing\" \/>\n<meta property=\"article:author\" content=\"https:\/\/www.facebook.com\/thalesbrandao\" \/>\n<meta property=\"article:published_time\" content=\"2021-07-06T14:57:50+00:00\" \/>\n<meta property=\"article:modified_time\" content=\"2021-07-06T14:57:52+00:00\" \/>\n<meta property=\"og:image\" content=\"https:\/\/www.cidademarketing.com.br\/marketing\/wp-content\/uploads\/2021\/07\/sebrae_jornalismo.png\" \/>\n\t<meta property=\"og:image:width\" content=\"1911\" \/>\n\t<meta property=\"og:image:height\" content=\"891\" \/>\n\t<meta property=\"og:image:type\" content=\"image\/png\" \/>\n<meta name=\"author\" content=\"Thales Brand\u00e3o\" \/>\n<meta name=\"twitter:card\" content=\"summary_large_image\" \/>\n<meta name=\"twitter:creator\" content=\"@http:\/\/www.twitter.com\/thalesbrandao\" \/>\n<meta name=\"twitter:site\" content=\"@CidadeMarketing\" \/>\n<meta name=\"twitter:label1\" content=\"Escrito por\" \/>\n\t<meta name=\"twitter:data1\" content=\"Thales Brand\u00e3o\" \/>\n\t<meta name=\"twitter:label2\" content=\"Est. tempo de leitura\" \/>\n\t<meta name=\"twitter:data2\" content=\"4 minutos\" \/>\n<script type=\"application\/ld+json\" class=\"yoast-schema-graph\">{\"@context\":\"https:\\\/\\\/schema.org\",\"@graph\":[{\"@type\":\"Article\",\"@id\":\"https:\\\/\\\/www.cidademarketing.com.br\\\/marketing\\\/2021\\\/07\\\/06\\\/retomada-do-premio-sebrae-de-jornalismo-chega-com-nova-edicao-repaginada\\\/#article\",\"isPartOf\":{\"@id\":\"https:\\\/\\\/www.cidademarketing.com.br\\\/marketing\\\/2021\\\/07\\\/06\\\/retomada-do-premio-sebrae-de-jornalismo-chega-com-nova-edicao-repaginada\\\/\"},\"author\":{\"name\":\"Thales Brand\u00e3o\",\"@id\":\"https:\\\/\\\/www.cidademarketing.com.br\\\/marketing\\\/#\\\/schema\\\/person\\\/02daff9f18bd9378c9e01eb6b2db155f\"},\"headline\":\"Retomada do Pr\u00eamio Sebrae de Jornalismo chega com nova edi\u00e7\u00e3o repaginada\",\"datePublished\":\"2021-07-06T14:57:50+00:00\",\"dateModified\":\"2021-07-06T14:57:52+00:00\",\"mainEntityOfPage\":{\"@id\":\"https:\\\/\\\/www.cidademarketing.com.br\\\/marketing\\\/2021\\\/07\\\/06\\\/retomada-do-premio-sebrae-de-jornalismo-chega-com-nova-edicao-repaginada\\\/\"},\"wordCount\":789,\"commentCount\":0,\"publisher\":{\"@id\":\"https:\\\/\\\/www.cidademarketing.com.br\\\/marketing\\\/#organization\"},\"image\":{\"@id\":\"https:\\\/\\\/www.cidademarketing.com.br\\\/marketing\\\/2021\\\/07\\\/06\\\/retomada-do-premio-sebrae-de-jornalismo-chega-com-nova-edicao-repaginada\\\/#primaryimage\"},\"thumbnailUrl\":\"https:\\\/\\\/www.cidademarketing.com.br\\\/marketing\\\/wp-content\\\/uploads\\\/2021\\\/07\\\/sebrae_jornalismo.png\",\"keywords\":[\"estrat\u00e9gia\",\"jornalismo\",\"SEBRAE\"],\"articleSection\":[\"Not\u00edcias\"],\"inLanguage\":\"pt-BR\",\"potentialAction\":[{\"@type\":\"CommentAction\",\"name\":\"Comment\",\"target\":[\"https:\\\/\\\/www.cidademarketing.com.br\\\/marketing\\\/2021\\\/07\\\/06\\\/retomada-do-premio-sebrae-de-jornalismo-chega-com-nova-edicao-repaginada\\\/#respond\"]}]},{\"@type\":\"WebPage\",\"@id\":\"https:\\\/\\\/www.cidademarketing.com.br\\\/marketing\\\/2021\\\/07\\\/06\\\/retomada-do-premio-sebrae-de-jornalismo-chega-com-nova-edicao-repaginada\\\/\",\"url\":\"https:\\\/\\\/www.cidademarketing.com.br\\\/marketing\\\/2021\\\/07\\\/06\\\/retomada-do-premio-sebrae-de-jornalismo-chega-com-nova-edicao-repaginada\\\/\",\"name\":\"Retomada do Pr\u00eamio Sebrae de Jornalismo chega com nova edi\u00e7\u00e3o repaginada - CidadeMarketing\",\"isPartOf\":{\"@id\":\"https:\\\/\\\/www.cidademarketing.com.br\\\/marketing\\\/#website\"},\"primaryImageOfPage\":{\"@id\":\"https:\\\/\\\/www.cidademarketing.com.br\\\/marketing\\\/2021\\\/07\\\/06\\\/retomada-do-premio-sebrae-de-jornalismo-chega-com-nova-edicao-repaginada\\\/#primaryimage\"},\"image\":{\"@id\":\"https:\\\/\\\/www.cidademarketing.com.br\\\/marketing\\\/2021\\\/07\\\/06\\\/retomada-do-premio-sebrae-de-jornalismo-chega-com-nova-edicao-repaginada\\\/#primaryimage\"},\"thumbnailUrl\":\"https:\\\/\\\/www.cidademarketing.com.br\\\/marketing\\\/wp-content\\\/uploads\\\/2021\\\/07\\\/sebrae_jornalismo.png\",\"datePublished\":\"2021-07-06T14:57:50+00:00\",\"dateModified\":\"2021-07-06T14:57:52+00:00\",\"breadcrumb\":{\"@id\":\"https:\\\/\\\/www.cidademarketing.com.br\\\/marketing\\\/2021\\\/07\\\/06\\\/retomada-do-premio-sebrae-de-jornalismo-chega-com-nova-edicao-repaginada\\\/#breadcrumb\"},\"inLanguage\":\"pt-BR\",\"potentialAction\":[{\"@type\":\"ReadAction\",\"target\":[\"https:\\\/\\\/www.cidademarketing.com.br\\\/marketing\\\/2021\\\/07\\\/06\\\/retomada-do-premio-sebrae-de-jornalismo-chega-com-nova-edicao-repaginada\\\/\"]}]},{\"@type\":\"ImageObject\",\"inLanguage\":\"pt-BR\",\"@id\":\"https:\\\/\\\/www.cidademarketing.com.br\\\/marketing\\\/2021\\\/07\\\/06\\\/retomada-do-premio-sebrae-de-jornalismo-chega-com-nova-edicao-repaginada\\\/#primaryimage\",\"url\":\"https:\\\/\\\/www.cidademarketing.com.br\\\/marketing\\\/wp-content\\\/uploads\\\/2021\\\/07\\\/sebrae_jornalismo.png\",\"contentUrl\":\"https:\\\/\\\/www.cidademarketing.com.br\\\/marketing\\\/wp-content\\\/uploads\\\/2021\\\/07\\\/sebrae_jornalismo.png\",\"width\":1911,\"height\":891},{\"@type\":\"BreadcrumbList\",\"@id\":\"https:\\\/\\\/www.cidademarketing.com.br\\\/marketing\\\/2021\\\/07\\\/06\\\/retomada-do-premio-sebrae-de-jornalismo-chega-com-nova-edicao-repaginada\\\/#breadcrumb\",\"itemListElement\":[{\"@type\":\"ListItem\",\"position\":1,\"name\":\"In\u00edcio\",\"item\":\"https:\\\/\\\/www.cidademarketing.com.br\\\/marketing\\\/\"},{\"@type\":\"ListItem\",\"position\":2,\"name\":\"Retomada do Pr\u00eamio Sebrae de Jornalismo chega com nova edi\u00e7\u00e3o repaginada\"}]},{\"@type\":\"WebSite\",\"@id\":\"https:\\\/\\\/www.cidademarketing.com.br\\\/marketing\\\/#website\",\"url\":\"https:\\\/\\\/www.cidademarketing.com.br\\\/marketing\\\/\",\"name\":\"CidadeMarketing\",\"description\":\"Somos um ve\u00edculo de comunica\u00e7\u00e3o de destaque no Brasil, reconhecido por conte\u00fados nos segmentos de marketing, empreendedorismo e inova\u00e7\u00e3o.\",\"publisher\":{\"@id\":\"https:\\\/\\\/www.cidademarketing.com.br\\\/marketing\\\/#organization\"},\"alternateName\":\"CidadeMarketing\",\"potentialAction\":[{\"@type\":\"SearchAction\",\"target\":{\"@type\":\"EntryPoint\",\"urlTemplate\":\"https:\\\/\\\/www.cidademarketing.com.br\\\/marketing\\\/?s={search_term_string}\"},\"query-input\":{\"@type\":\"PropertyValueSpecification\",\"valueRequired\":true,\"valueName\":\"search_term_string\"}}],\"inLanguage\":\"pt-BR\"},{\"@type\":\"Organization\",\"@id\":\"https:\\\/\\\/www.cidademarketing.com.br\\\/marketing\\\/#organization\",\"name\":\"CidadeMarketing\",\"alternateName\":\"CidadeMarketing\",\"url\":\"https:\\\/\\\/www.cidademarketing.com.br\\\/marketing\\\/\",\"logo\":{\"@type\":\"ImageObject\",\"inLanguage\":\"pt-BR\",\"@id\":\"https:\\\/\\\/www.cidademarketing.com.br\\\/marketing\\\/#\\\/schema\\\/logo\\\/image\\\/\",\"url\":\"https:\\\/\\\/www.cidademarketing.com.br\\\/marketing\\\/wp-content\\\/uploads\\\/2020\\\/01\\\/cidademarketing_marca_mobile.png\",\"contentUrl\":\"https:\\\/\\\/www.cidademarketing.com.br\\\/marketing\\\/wp-content\\\/uploads\\\/2020\\\/01\\\/cidademarketing_marca_mobile.png\",\"width\":230,\"height\":92,\"caption\":\"CidadeMarketing\"},\"image\":{\"@id\":\"https:\\\/\\\/www.cidademarketing.com.br\\\/marketing\\\/#\\\/schema\\\/logo\\\/image\\\/\"},\"sameAs\":[\"https:\\\/\\\/www.facebook.com\\\/portalcidademarketing\",\"https:\\\/\\\/x.com\\\/CidadeMarketing\",\"https:\\\/\\\/www.instagram.com\\\/cidademarketing\\\/\"]},{\"@type\":\"Person\",\"@id\":\"https:\\\/\\\/www.cidademarketing.com.br\\\/marketing\\\/#\\\/schema\\\/person\\\/02daff9f18bd9378c9e01eb6b2db155f\",\"name\":\"Thales Brand\u00e3o\",\"image\":{\"@type\":\"ImageObject\",\"inLanguage\":\"pt-BR\",\"@id\":\"https:\\\/\\\/secure.gravatar.com\\\/avatar\\\/7ca3206950207cc3cb48feec56a8a7898741ab725c368d99d5d7a5a50aab80c6?s=96&d=mm&r=g\",\"url\":\"https:\\\/\\\/secure.gravatar.com\\\/avatar\\\/7ca3206950207cc3cb48feec56a8a7898741ab725c368d99d5d7a5a50aab80c6?s=96&d=mm&r=g\",\"contentUrl\":\"https:\\\/\\\/secure.gravatar.com\\\/avatar\\\/7ca3206950207cc3cb48feec56a8a7898741ab725c368d99d5d7a5a50aab80c6?s=96&d=mm&r=g\",\"caption\":\"Thales Brand\u00e3o\"},\"description\":\"Editor Executivo do Portal CidadeMarketing.com.br &gt; Mestre em Comunica\u00e7\u00e3o e Sociedade pela Universidade Federal de Sergipe. Possui MBA Executivo em Administra\u00e7\u00e3o com \u00eanfase em Marketing pela Funda\u00e7\u00e3o Get\u00falio Vargas - Rio de Janeiro. Consultor, Palestrante e Pesquisador sobre Empreendedorismo, Marketing, Redes Sociais e Neg\u00f3cios Digitais. Professor, Palestrante TedxTalks e Campus Party. Twitter: @ThalesBrandao\",\"sameAs\":[\"http:\\\/\\\/www.mandacaru.com.br\",\"https:\\\/\\\/www.facebook.com\\\/thalesbrandao\",\"http:\\\/\\\/www.instagram.com.br\\\/thalesbrandaoferreira\",\"https:\\\/\\\/www.linkedin.com\\\/in\\\/thales-brand\u00e3o-3948609\\\/\",\"https:\\\/\\\/x.com\\\/http:\\\/\\\/www.twitter.com\\\/thalesbrandao\"],\"url\":\"https:\\\/\\\/www.cidademarketing.com.br\\\/marketing\\\/author\\\/thalesbrandao\\\/\"}]}<\/script>\n<!-- \/ Yoast SEO plugin. -->","yoast_head_json":{"title":"Retomada do Pr\u00eamio Sebrae de Jornalismo chega com nova edi\u00e7\u00e3o repaginada - CidadeMarketing","robots":{"index":"index","follow":"follow","max-snippet":"max-snippet:-1","max-image-preview":"max-image-preview:large","max-video-preview":"max-video-preview:-1"},"canonical":"https:\/\/www.cidademarketing.com.br\/marketing\/2021\/07\/06\/retomada-do-premio-sebrae-de-jornalismo-chega-com-nova-edicao-repaginada\/","og_locale":"pt_BR","og_type":"article","og_title":"Retomada do Pr\u00eamio Sebrae de Jornalismo chega com nova edi\u00e7\u00e3o repaginada - CidadeMarketing","og_description":"Promovido pelo Sebrae para reconhecer os melhores trabalhos de profissionais da imprensa, o Pr\u00eamio Sebrae de Jornalismo (PSJ) est\u00e1 de volta para prestigiar a cobertura dos temas relacionados ao universo dos micro e pequenos neg\u00f3cios do pa\u00eds, por meio das diversas m\u00eddias. A \u00faltima edi\u00e7\u00e3o do pr\u00eamio aconteceu em 2015 e, neste ano, a institui\u00e7\u00e3o [&hellip;]","og_url":"https:\/\/www.cidademarketing.com.br\/marketing\/2021\/07\/06\/retomada-do-premio-sebrae-de-jornalismo-chega-com-nova-edicao-repaginada\/","og_site_name":"CidadeMarketing","article_publisher":"https:\/\/www.facebook.com\/portalcidademarketing","article_author":"https:\/\/www.facebook.com\/thalesbrandao","article_published_time":"2021-07-06T14:57:50+00:00","article_modified_time":"2021-07-06T14:57:52+00:00","og_image":[{"width":1911,"height":891,"url":"https:\/\/www.cidademarketing.com.br\/marketing\/wp-content\/uploads\/2021\/07\/sebrae_jornalismo.png","type":"image\/png"}],"author":"Thales Brand\u00e3o","twitter_card":"summary_large_image","twitter_creator":"@http:\/\/www.twitter.com\/thalesbrandao","twitter_site":"@CidadeMarketing","twitter_misc":{"Escrito por":"Thales Brand\u00e3o","Est. tempo de leitura":"4 minutos"},"schema":{"@context":"https:\/\/schema.org","@graph":[{"@type":"Article","@id":"https:\/\/www.cidademarketing.com.br\/marketing\/2021\/07\/06\/retomada-do-premio-sebrae-de-jornalismo-chega-com-nova-edicao-repaginada\/#article","isPartOf":{"@id":"https:\/\/www.cidademarketing.com.br\/marketing\/2021\/07\/06\/retomada-do-premio-sebrae-de-jornalismo-chega-com-nova-edicao-repaginada\/"},"author":{"name":"Thales Brand\u00e3o","@id":"https:\/\/www.cidademarketing.com.br\/marketing\/#\/schema\/person\/02daff9f18bd9378c9e01eb6b2db155f"},"headline":"Retomada do Pr\u00eamio Sebrae de Jornalismo chega com nova edi\u00e7\u00e3o repaginada","datePublished":"2021-07-06T14:57:50+00:00","dateModified":"2021-07-06T14:57:52+00:00","mainEntityOfPage":{"@id":"https:\/\/www.cidademarketing.com.br\/marketing\/2021\/07\/06\/retomada-do-premio-sebrae-de-jornalismo-chega-com-nova-edicao-repaginada\/"},"wordCount":789,"commentCount":0,"publisher":{"@id":"https:\/\/www.cidademarketing.com.br\/marketing\/#organization"},"image":{"@id":"https:\/\/www.cidademarketing.com.br\/marketing\/2021\/07\/06\/retomada-do-premio-sebrae-de-jornalismo-chega-com-nova-edicao-repaginada\/#primaryimage"},"thumbnailUrl":"https:\/\/www.cidademarketing.com.br\/marketing\/wp-content\/uploads\/2021\/07\/sebrae_jornalismo.png","keywords":["estrat\u00e9gia","jornalismo","SEBRAE"],"articleSection":["Not\u00edcias"],"inLanguage":"pt-BR","potentialAction":[{"@type":"CommentAction","name":"Comment","target":["https:\/\/www.cidademarketing.com.br\/marketing\/2021\/07\/06\/retomada-do-premio-sebrae-de-jornalismo-chega-com-nova-edicao-repaginada\/#respond"]}]},{"@type":"WebPage","@id":"https:\/\/www.cidademarketing.com.br\/marketing\/2021\/07\/06\/retomada-do-premio-sebrae-de-jornalismo-chega-com-nova-edicao-repaginada\/","url":"https:\/\/www.cidademarketing.com.br\/marketing\/2021\/07\/06\/retomada-do-premio-sebrae-de-jornalismo-chega-com-nova-edicao-repaginada\/","name":"Retomada do Pr\u00eamio Sebrae de Jornalismo chega com nova edi\u00e7\u00e3o repaginada - CidadeMarketing","isPartOf":{"@id":"https:\/\/www.cidademarketing.com.br\/marketing\/#website"},"primaryImageOfPage":{"@id":"https:\/\/www.cidademarketing.com.br\/marketing\/2021\/07\/06\/retomada-do-premio-sebrae-de-jornalismo-chega-com-nova-edicao-repaginada\/#primaryimage"},"image":{"@id":"https:\/\/www.cidademarketing.com.br\/marketing\/2021\/07\/06\/retomada-do-premio-sebrae-de-jornalismo-chega-com-nova-edicao-repaginada\/#primaryimage"},"thumbnailUrl":"https:\/\/www.cidademarketing.com.br\/marketing\/wp-content\/uploads\/2021\/07\/sebrae_jornalismo.png","datePublished":"2021-07-06T14:57:50+00:00","dateModified":"2021-07-06T14:57:52+00:00","breadcrumb":{"@id":"https:\/\/www.cidademarketing.com.br\/marketing\/2021\/07\/06\/retomada-do-premio-sebrae-de-jornalismo-chega-com-nova-edicao-repaginada\/#breadcrumb"},"inLanguage":"pt-BR","potentialAction":[{"@type":"ReadAction","target":["https:\/\/www.cidademarketing.com.br\/marketing\/2021\/07\/06\/retomada-do-premio-sebrae-de-jornalismo-chega-com-nova-edicao-repaginada\/"]}]},{"@type":"ImageObject","inLanguage":"pt-BR","@id":"https:\/\/www.cidademarketing.com.br\/marketing\/2021\/07\/06\/retomada-do-premio-sebrae-de-jornalismo-chega-com-nova-edicao-repaginada\/#primaryimage","url":"https:\/\/www.cidademarketing.com.br\/marketing\/wp-content\/uploads\/2021\/07\/sebrae_jornalismo.png","contentUrl":"https:\/\/www.cidademarketing.com.br\/marketing\/wp-content\/uploads\/2021\/07\/sebrae_jornalismo.png","width":1911,"height":891},{"@type":"BreadcrumbList","@id":"https:\/\/www.cidademarketing.com.br\/marketing\/2021\/07\/06\/retomada-do-premio-sebrae-de-jornalismo-chega-com-nova-edicao-repaginada\/#breadcrumb","itemListElement":[{"@type":"ListItem","position":1,"name":"In\u00edcio","item":"https:\/\/www.cidademarketing.com.br\/marketing\/"},{"@type":"ListItem","position":2,"name":"Retomada do Pr\u00eamio Sebrae de Jornalismo chega com nova edi\u00e7\u00e3o repaginada"}]},{"@type":"WebSite","@id":"https:\/\/www.cidademarketing.com.br\/marketing\/#website","url":"https:\/\/www.cidademarketing.com.br\/marketing\/","name":"CidadeMarketing","description":"Somos um ve\u00edculo de comunica\u00e7\u00e3o de destaque no Brasil, reconhecido por conte\u00fados nos segmentos de marketing, empreendedorismo e inova\u00e7\u00e3o.","publisher":{"@id":"https:\/\/www.cidademarketing.com.br\/marketing\/#organization"},"alternateName":"CidadeMarketing","potentialAction":[{"@type":"SearchAction","target":{"@type":"EntryPoint","urlTemplate":"https:\/\/www.cidademarketing.com.br\/marketing\/?s={search_term_string}"},"query-input":{"@type":"PropertyValueSpecification","valueRequired":true,"valueName":"search_term_string"}}],"inLanguage":"pt-BR"},{"@type":"Organization","@id":"https:\/\/www.cidademarketing.com.br\/marketing\/#organization","name":"CidadeMarketing","alternateName":"CidadeMarketing","url":"https:\/\/www.cidademarketing.com.br\/marketing\/","logo":{"@type":"ImageObject","inLanguage":"pt-BR","@id":"https:\/\/www.cidademarketing.com.br\/marketing\/#\/schema\/logo\/image\/","url":"https:\/\/www.cidademarketing.com.br\/marketing\/wp-content\/uploads\/2020\/01\/cidademarketing_marca_mobile.png","contentUrl":"https:\/\/www.cidademarketing.com.br\/marketing\/wp-content\/uploads\/2020\/01\/cidademarketing_marca_mobile.png","width":230,"height":92,"caption":"CidadeMarketing"},"image":{"@id":"https:\/\/www.cidademarketing.com.br\/marketing\/#\/schema\/logo\/image\/"},"sameAs":["https:\/\/www.facebook.com\/portalcidademarketing","https:\/\/x.com\/CidadeMarketing","https:\/\/www.instagram.com\/cidademarketing\/"]},{"@type":"Person","@id":"https:\/\/www.cidademarketing.com.br\/marketing\/#\/schema\/person\/02daff9f18bd9378c9e01eb6b2db155f","name":"Thales Brand\u00e3o","image":{"@type":"ImageObject","inLanguage":"pt-BR","@id":"https:\/\/secure.gravatar.com\/avatar\/7ca3206950207cc3cb48feec56a8a7898741ab725c368d99d5d7a5a50aab80c6?s=96&d=mm&r=g","url":"https:\/\/secure.gravatar.com\/avatar\/7ca3206950207cc3cb48feec56a8a7898741ab725c368d99d5d7a5a50aab80c6?s=96&d=mm&r=g","contentUrl":"https:\/\/secure.gravatar.com\/avatar\/7ca3206950207cc3cb48feec56a8a7898741ab725c368d99d5d7a5a50aab80c6?s=96&d=mm&r=g","caption":"Thales Brand\u00e3o"},"description":"Editor Executivo do Portal CidadeMarketing.com.br &gt; Mestre em Comunica\u00e7\u00e3o e Sociedade pela Universidade Federal de Sergipe. Possui MBA Executivo em Administra\u00e7\u00e3o com \u00eanfase em Marketing pela Funda\u00e7\u00e3o Get\u00falio Vargas - Rio de Janeiro. Consultor, Palestrante e Pesquisador sobre Empreendedorismo, Marketing, Redes Sociais e Neg\u00f3cios Digitais. Professor, Palestrante TedxTalks e Campus Party. Twitter: @ThalesBrandao","sameAs":["http:\/\/www.mandacaru.com.br","https:\/\/www.facebook.com\/thalesbrandao","http:\/\/www.instagram.com.br\/thalesbrandaoferreira","https:\/\/www.linkedin.com\/in\/thales-brand\u00e3o-3948609\/","https:\/\/x.com\/http:\/\/www.twitter.com\/thalesbrandao"],"url":"https:\/\/www.cidademarketing.com.br\/marketing\/author\/thalesbrandao\/"}]}},"amp_enabled":true,"_links":{"self":[{"href":"https:\/\/www.cidademarketing.com.br\/marketing\/wp-json\/wp\/v2\/posts\/24984","targetHints":{"allow":["GET"]}}],"collection":[{"href":"https:\/\/www.cidademarketing.com.br\/marketing\/wp-json\/wp\/v2\/posts"}],"about":[{"href":"https:\/\/www.cidademarketing.com.br\/marketing\/wp-json\/wp\/v2\/types\/post"}],"author":[{"embeddable":true,"href":"https:\/\/www.cidademarketing.com.br\/marketing\/wp-json\/wp\/v2\/users\/1"}],"replies":[{"embeddable":true,"href":"https:\/\/www.cidademarketing.com.br\/marketing\/wp-json\/wp\/v2\/comments?post=24984"}],"version-history":[{"count":1,"href":"https:\/\/www.cidademarketing.com.br\/marketing\/wp-json\/wp\/v2\/posts\/24984\/revisions"}],"predecessor-version":[{"id":24986,"href":"https:\/\/www.cidademarketing.com.br\/marketing\/wp-json\/wp\/v2\/posts\/24984\/revisions\/24986"}],"wp:featuredmedia":[{"embeddable":true,"href":"https:\/\/www.cidademarketing.com.br\/marketing\/wp-json\/wp\/v2\/media\/24985"}],"wp:attachment":[{"href":"https:\/\/www.cidademarketing.com.br\/marketing\/wp-json\/wp\/v2\/media?parent=24984"}],"wp:term":[{"taxonomy":"category","embeddable":true,"href":"https:\/\/www.cidademarketing.com.br\/marketing\/wp-json\/wp\/v2\/categories?post=24984"},{"taxonomy":"post_tag","embeddable":true,"href":"https:\/\/www.cidademarketing.com.br\/marketing\/wp-json\/wp\/v2\/tags?post=24984"}],"curies":[{"name":"wp","href":"https:\/\/api.w.org\/{rel}","templated":true}]}}