{"id":24793,"date":"2021-06-30T22:27:58","date_gmt":"2021-07-01T01:27:58","guid":{"rendered":"https:\/\/www.cidademarketing.com.br\/marketing\/?p=24793"},"modified":"2021-06-30T22:27:59","modified_gmt":"2021-07-01T01:27:59","slug":"audi-do-brasil-cria-categoria-de-acoes-sociais-em-sua-premiacao-anual-para-concessionarias","status":"publish","type":"post","link":"https:\/\/www.cidademarketing.com.br\/marketing\/2021\/06\/30\/audi-do-brasil-cria-categoria-de-acoes-sociais-em-sua-premiacao-anual-para-concessionarias\/","title":{"rendered":"Audi do Brasil cria categoria de a\u00e7\u00f5es sociais em sua premia\u00e7\u00e3o anual para concession\u00e1rias"},"content":{"rendered":"\n<p>No in\u00edcio de cada ano a Audi do Brasil promove a premia\u00e7\u00e3o\u00a0<em>Dealers Awards<\/em>, que reconhece as concession\u00e1rias que tiveram melhor desempenho no ano anterior, principalmente do ponto de vista de vendas e servi\u00e7os. Com o intuito de refor\u00e7ar o compromisso de ser uma empresa socialmente respons\u00e1vel, a Audi do Brasil agora incluiu uma nova categoria chamada\u00a0<em>Social Dealer<\/em>, cujo objetivo \u00e9 engajar as concession\u00e1rias da marca em projetos focados em a\u00e7\u00f5es sociais.<\/p>\n\n\n\n<p>Para Vitor Franchini, da \u00e1rea de desenvolvimento de rede de concession\u00e1rias e respons\u00e1vel pelo projeto, \u201co Social Dealer surge como uma forma de estimular a colabora\u00e7\u00e3o social das concession\u00e1rias em suas comunidades, sempre com o objetivo de causar impacto positivo nas regi\u00f5es onde atuam. Enxergamos neste projeto um potencial de fortalecer a atua\u00e7\u00e3o socialmente respons\u00e1vel da marca Audi em conjunto com nossas 42 concession\u00e1rias espalhadas em todo o Brasil\u201d.<\/p>\n\n\n\n<p>Para participar as lojas Audi Center devem desenvolver, contribuir ou atuar, direta ou indiretamente, em iniciativas sociais de qualquer tamanho, tempo e alcance. Todas as a\u00e7\u00f5es desenvolvidas ao longo de 2021 ser\u00e3o consideradas, analisadas e divididas em quatro pilares: impacto na comunidade, alcance, dura\u00e7\u00e3o e engajamento dos colaboradores da concession\u00e1ria.<\/p>\n\n\n\n<p>As avalia\u00e7\u00f5es ser\u00e3o realizadas por uma banca composta por colaboradores de diferentes departamentos da Audi do Brasil. Dentro de cada um dos pilares, os crit\u00e9rios de an\u00e1lise s\u00e3o atendimento aos requisitos, aplicabilidade, conte\u00fado, inova\u00e7\u00e3o e iniciativa. As premia\u00e7\u00f5es ser\u00e3o entregues no in\u00edcio de 2022 divididas entre Melhores A\u00e7\u00f5es Sociais, Men\u00e7\u00e3o Honrosa, Destaque do Ano e outros reconhecimentos individuais.<\/p>\n\n\n\n<p><strong>As a\u00e7\u00f5es sociais<\/strong><\/p>\n\n\n\n<p>Desde a apresenta\u00e7\u00e3o da iniciativa \u00e0s concession\u00e1rias, a Audi do Brasil j\u00e1 recebeu diversas inscri\u00e7\u00f5es de a\u00e7\u00f5es sociais de toda a rede, que envolvem iniciativas de doa\u00e7\u00f5es de alimentos, produtos de higiene, materiais de limpeza, al\u00e9m de parceria com hospitais e escolas das regi\u00f5es. Algumas iniciativas j\u00e1 se destacaram.<\/p>\n\n\n\n<p>A Audi Center Campo Grande j\u00e1 promoveu duas a\u00e7\u00f5es, uma de combate \u00e0 fome e outra de fomento \u00e0 higiene. Ambas ocorrem mensalmente at\u00e9 janeiro de 2022 e a concession\u00e1ria tem a meta de impactar at\u00e9 2.000 pessoas com as atividades \u2013 at\u00e9 maio, a a\u00e7\u00e3o de combate \u00e0 fome beneficiou mais de 200 pessoas e a iniciativa de apoio \u00e0 higiene beneficiou ajudou 194 fam\u00edlias.<\/p>\n\n\n\n<p>O Hospital da Baleia de Belo Horizonte recebeu o patroc\u00ednio da Audi Center BH ao projeto Toque de M\u00e3e. A a\u00e7\u00e3o, com intuito de reunir recursos financeiros ao hospital atrav\u00e9s da venda de kits de almo\u00e7o no Dia das M\u00e3es, arrecadou o valor de R$150.000,00. Al\u00e9m disso, a Audi Center BH organizou a Campanha DoA\u00e7\u00e3o, a fim de arrecadar alimentos e produtos de higiene para fam\u00edlias necessitadas. Ao todo, foram mais de 240 cestas b\u00e1sicas, 100 itens de higiene e 260 quilos de alimentos doados.<\/p>\n\n\n\n<p>A Audi Center Recife apoiou a Campanha Parvi Solid\u00e1ria, que consistiu na distribui\u00e7\u00e3o de 7.228 cestas b\u00e1sicas para comunidades carentes, contemplando mais de 50 institui\u00e7\u00f5es. Outra campanha inscrita no projeto foi a Solidariedade Capixaba, realizada com o apoio da Audi Center Vit\u00f3ria, em que foram arrecadadas mais de 4,5 toneladas de alimentos, materiais de limpeza e higiene pessoal, beneficiando cerca de 120 fam\u00edlias.<\/p>\n","protected":false},"excerpt":{"rendered":"<p>No in\u00edcio de cada ano a Audi do Brasil promove a premia\u00e7\u00e3o\u00a0Dealers Awards, que reconhece as concession\u00e1rias que tiveram melhor desempenho no ano anterior, principalmente do ponto de vista de vendas e servi\u00e7os. Com o intuito de refor\u00e7ar o compromisso de ser uma empresa socialmente respons\u00e1vel, a Audi do Brasil agora incluiu uma nova categoria [&hellip;]<\/p>\n","protected":false},"author":1,"featured_media":24794,"comment_status":"open","ping_status":"open","sticky":false,"template":"","format":"standard","meta":{"tdm_status":"","tdm_grid_status":"","footnotes":""},"categories":[6],"tags":[943,33,177],"class_list":["post-24793","post","type-post","status-publish","format-standard","has-post-thumbnail","hentry","category-noticias","tag-audi","tag-estrategia","tag-marketing-social"],"yoast_head":"<!-- This site is optimized with the Yoast SEO plugin v27.5 - https:\/\/yoast.com\/product\/yoast-seo-wordpress\/ -->\n<title>Audi do Brasil cria categoria de a\u00e7\u00f5es sociais em sua premia\u00e7\u00e3o anual para concession\u00e1rias - CidadeMarketing<\/title>\n<meta name=\"robots\" content=\"index, follow, max-snippet:-1, max-image-preview:large, max-video-preview:-1\" \/>\n<link rel=\"canonical\" href=\"https:\/\/www.cidademarketing.com.br\/marketing\/2021\/06\/30\/audi-do-brasil-cria-categoria-de-acoes-sociais-em-sua-premiacao-anual-para-concessionarias\/\" \/>\n<meta property=\"og:locale\" content=\"pt_BR\" \/>\n<meta property=\"og:type\" content=\"article\" \/>\n<meta property=\"og:title\" content=\"Audi do Brasil cria categoria de a\u00e7\u00f5es sociais em sua premia\u00e7\u00e3o anual para concession\u00e1rias - CidadeMarketing\" \/>\n<meta property=\"og:description\" content=\"No in\u00edcio de cada ano a Audi do Brasil promove a premia\u00e7\u00e3o\u00a0Dealers Awards, que reconhece as concession\u00e1rias que tiveram melhor desempenho no ano anterior, principalmente do ponto de vista de vendas e servi\u00e7os. Com o intuito de refor\u00e7ar o compromisso de ser uma empresa socialmente respons\u00e1vel, a Audi do Brasil agora incluiu uma nova categoria [&hellip;]\" \/>\n<meta property=\"og:url\" content=\"https:\/\/www.cidademarketing.com.br\/marketing\/2021\/06\/30\/audi-do-brasil-cria-categoria-de-acoes-sociais-em-sua-premiacao-anual-para-concessionarias\/\" \/>\n<meta property=\"og:site_name\" content=\"CidadeMarketing\" \/>\n<meta property=\"article:publisher\" content=\"https:\/\/www.facebook.com\/portalcidademarketing\" \/>\n<meta property=\"article:author\" content=\"https:\/\/www.facebook.com\/thalesbrandao\" \/>\n<meta property=\"article:published_time\" content=\"2021-07-01T01:27:58+00:00\" \/>\n<meta property=\"article:modified_time\" content=\"2021-07-01T01:27:59+00:00\" \/>\n<meta property=\"og:image\" content=\"https:\/\/www.cidademarketing.com.br\/marketing\/wp-content\/uploads\/2021\/06\/audi_marketingsocial.jpg\" \/>\n\t<meta property=\"og:image:width\" content=\"611\" \/>\n\t<meta property=\"og:image:height\" content=\"611\" \/>\n\t<meta property=\"og:image:type\" content=\"image\/jpeg\" \/>\n<meta name=\"author\" content=\"Thales Brand\u00e3o\" \/>\n<meta name=\"twitter:card\" content=\"summary_large_image\" \/>\n<meta name=\"twitter:creator\" content=\"@http:\/\/www.twitter.com\/thalesbrandao\" \/>\n<meta name=\"twitter:site\" content=\"@CidadeMarketing\" \/>\n<meta name=\"twitter:label1\" content=\"Escrito por\" \/>\n\t<meta name=\"twitter:data1\" content=\"Thales Brand\u00e3o\" \/>\n\t<meta name=\"twitter:label2\" content=\"Est. tempo de leitura\" \/>\n\t<meta name=\"twitter:data2\" content=\"3 minutos\" \/>\n<script type=\"application\/ld+json\" class=\"yoast-schema-graph\">{\"@context\":\"https:\\\/\\\/schema.org\",\"@graph\":[{\"@type\":\"Article\",\"@id\":\"https:\\\/\\\/www.cidademarketing.com.br\\\/marketing\\\/2021\\\/06\\\/30\\\/audi-do-brasil-cria-categoria-de-acoes-sociais-em-sua-premiacao-anual-para-concessionarias\\\/#article\",\"isPartOf\":{\"@id\":\"https:\\\/\\\/www.cidademarketing.com.br\\\/marketing\\\/2021\\\/06\\\/30\\\/audi-do-brasil-cria-categoria-de-acoes-sociais-em-sua-premiacao-anual-para-concessionarias\\\/\"},\"author\":{\"name\":\"Thales Brand\u00e3o\",\"@id\":\"https:\\\/\\\/www.cidademarketing.com.br\\\/marketing\\\/#\\\/schema\\\/person\\\/02daff9f18bd9378c9e01eb6b2db155f\"},\"headline\":\"Audi do Brasil cria categoria de a\u00e7\u00f5es sociais em sua premia\u00e7\u00e3o anual para concession\u00e1rias\",\"datePublished\":\"2021-07-01T01:27:58+00:00\",\"dateModified\":\"2021-07-01T01:27:59+00:00\",\"mainEntityOfPage\":{\"@id\":\"https:\\\/\\\/www.cidademarketing.com.br\\\/marketing\\\/2021\\\/06\\\/30\\\/audi-do-brasil-cria-categoria-de-acoes-sociais-em-sua-premiacao-anual-para-concessionarias\\\/\"},\"wordCount\":573,\"commentCount\":0,\"publisher\":{\"@id\":\"https:\\\/\\\/www.cidademarketing.com.br\\\/marketing\\\/#organization\"},\"image\":{\"@id\":\"https:\\\/\\\/www.cidademarketing.com.br\\\/marketing\\\/2021\\\/06\\\/30\\\/audi-do-brasil-cria-categoria-de-acoes-sociais-em-sua-premiacao-anual-para-concessionarias\\\/#primaryimage\"},\"thumbnailUrl\":\"https:\\\/\\\/www.cidademarketing.com.br\\\/marketing\\\/wp-content\\\/uploads\\\/2021\\\/06\\\/audi_marketingsocial.jpg\",\"keywords\":[\"Audi\",\"estrat\u00e9gia\",\"marketing social\"],\"articleSection\":[\"Not\u00edcias\"],\"inLanguage\":\"pt-BR\",\"potentialAction\":[{\"@type\":\"CommentAction\",\"name\":\"Comment\",\"target\":[\"https:\\\/\\\/www.cidademarketing.com.br\\\/marketing\\\/2021\\\/06\\\/30\\\/audi-do-brasil-cria-categoria-de-acoes-sociais-em-sua-premiacao-anual-para-concessionarias\\\/#respond\"]}]},{\"@type\":\"WebPage\",\"@id\":\"https:\\\/\\\/www.cidademarketing.com.br\\\/marketing\\\/2021\\\/06\\\/30\\\/audi-do-brasil-cria-categoria-de-acoes-sociais-em-sua-premiacao-anual-para-concessionarias\\\/\",\"url\":\"https:\\\/\\\/www.cidademarketing.com.br\\\/marketing\\\/2021\\\/06\\\/30\\\/audi-do-brasil-cria-categoria-de-acoes-sociais-em-sua-premiacao-anual-para-concessionarias\\\/\",\"name\":\"Audi do Brasil cria categoria de a\u00e7\u00f5es sociais em sua premia\u00e7\u00e3o anual para concession\u00e1rias - CidadeMarketing\",\"isPartOf\":{\"@id\":\"https:\\\/\\\/www.cidademarketing.com.br\\\/marketing\\\/#website\"},\"primaryImageOfPage\":{\"@id\":\"https:\\\/\\\/www.cidademarketing.com.br\\\/marketing\\\/2021\\\/06\\\/30\\\/audi-do-brasil-cria-categoria-de-acoes-sociais-em-sua-premiacao-anual-para-concessionarias\\\/#primaryimage\"},\"image\":{\"@id\":\"https:\\\/\\\/www.cidademarketing.com.br\\\/marketing\\\/2021\\\/06\\\/30\\\/audi-do-brasil-cria-categoria-de-acoes-sociais-em-sua-premiacao-anual-para-concessionarias\\\/#primaryimage\"},\"thumbnailUrl\":\"https:\\\/\\\/www.cidademarketing.com.br\\\/marketing\\\/wp-content\\\/uploads\\\/2021\\\/06\\\/audi_marketingsocial.jpg\",\"datePublished\":\"2021-07-01T01:27:58+00:00\",\"dateModified\":\"2021-07-01T01:27:59+00:00\",\"breadcrumb\":{\"@id\":\"https:\\\/\\\/www.cidademarketing.com.br\\\/marketing\\\/2021\\\/06\\\/30\\\/audi-do-brasil-cria-categoria-de-acoes-sociais-em-sua-premiacao-anual-para-concessionarias\\\/#breadcrumb\"},\"inLanguage\":\"pt-BR\",\"potentialAction\":[{\"@type\":\"ReadAction\",\"target\":[\"https:\\\/\\\/www.cidademarketing.com.br\\\/marketing\\\/2021\\\/06\\\/30\\\/audi-do-brasil-cria-categoria-de-acoes-sociais-em-sua-premiacao-anual-para-concessionarias\\\/\"]}]},{\"@type\":\"ImageObject\",\"inLanguage\":\"pt-BR\",\"@id\":\"https:\\\/\\\/www.cidademarketing.com.br\\\/marketing\\\/2021\\\/06\\\/30\\\/audi-do-brasil-cria-categoria-de-acoes-sociais-em-sua-premiacao-anual-para-concessionarias\\\/#primaryimage\",\"url\":\"https:\\\/\\\/www.cidademarketing.com.br\\\/marketing\\\/wp-content\\\/uploads\\\/2021\\\/06\\\/audi_marketingsocial.jpg\",\"contentUrl\":\"https:\\\/\\\/www.cidademarketing.com.br\\\/marketing\\\/wp-content\\\/uploads\\\/2021\\\/06\\\/audi_marketingsocial.jpg\",\"width\":611,\"height\":611,\"caption\":\"Divulga\u00e7\u00e3o\"},{\"@type\":\"BreadcrumbList\",\"@id\":\"https:\\\/\\\/www.cidademarketing.com.br\\\/marketing\\\/2021\\\/06\\\/30\\\/audi-do-brasil-cria-categoria-de-acoes-sociais-em-sua-premiacao-anual-para-concessionarias\\\/#breadcrumb\",\"itemListElement\":[{\"@type\":\"ListItem\",\"position\":1,\"name\":\"In\u00edcio\",\"item\":\"https:\\\/\\\/www.cidademarketing.com.br\\\/marketing\\\/\"},{\"@type\":\"ListItem\",\"position\":2,\"name\":\"Audi do Brasil cria categoria de a\u00e7\u00f5es sociais em sua premia\u00e7\u00e3o anual para concession\u00e1rias\"}]},{\"@type\":\"WebSite\",\"@id\":\"https:\\\/\\\/www.cidademarketing.com.br\\\/marketing\\\/#website\",\"url\":\"https:\\\/\\\/www.cidademarketing.com.br\\\/marketing\\\/\",\"name\":\"CidadeMarketing\",\"description\":\"Somos um ve\u00edculo de comunica\u00e7\u00e3o de destaque no Brasil, reconhecido por conte\u00fados nos segmentos de marketing, empreendedorismo e inova\u00e7\u00e3o.\",\"publisher\":{\"@id\":\"https:\\\/\\\/www.cidademarketing.com.br\\\/marketing\\\/#organization\"},\"alternateName\":\"CidadeMarketing\",\"potentialAction\":[{\"@type\":\"SearchAction\",\"target\":{\"@type\":\"EntryPoint\",\"urlTemplate\":\"https:\\\/\\\/www.cidademarketing.com.br\\\/marketing\\\/?s={search_term_string}\"},\"query-input\":{\"@type\":\"PropertyValueSpecification\",\"valueRequired\":true,\"valueName\":\"search_term_string\"}}],\"inLanguage\":\"pt-BR\"},{\"@type\":\"Organization\",\"@id\":\"https:\\\/\\\/www.cidademarketing.com.br\\\/marketing\\\/#organization\",\"name\":\"CidadeMarketing\",\"alternateName\":\"CidadeMarketing\",\"url\":\"https:\\\/\\\/www.cidademarketing.com.br\\\/marketing\\\/\",\"logo\":{\"@type\":\"ImageObject\",\"inLanguage\":\"pt-BR\",\"@id\":\"https:\\\/\\\/www.cidademarketing.com.br\\\/marketing\\\/#\\\/schema\\\/logo\\\/image\\\/\",\"url\":\"https:\\\/\\\/www.cidademarketing.com.br\\\/marketing\\\/wp-content\\\/uploads\\\/2020\\\/01\\\/cidademarketing_marca_mobile.png\",\"contentUrl\":\"https:\\\/\\\/www.cidademarketing.com.br\\\/marketing\\\/wp-content\\\/uploads\\\/2020\\\/01\\\/cidademarketing_marca_mobile.png\",\"width\":230,\"height\":92,\"caption\":\"CidadeMarketing\"},\"image\":{\"@id\":\"https:\\\/\\\/www.cidademarketing.com.br\\\/marketing\\\/#\\\/schema\\\/logo\\\/image\\\/\"},\"sameAs\":[\"https:\\\/\\\/www.facebook.com\\\/portalcidademarketing\",\"https:\\\/\\\/x.com\\\/CidadeMarketing\",\"https:\\\/\\\/www.instagram.com\\\/cidademarketing\\\/\"]},{\"@type\":\"Person\",\"@id\":\"https:\\\/\\\/www.cidademarketing.com.br\\\/marketing\\\/#\\\/schema\\\/person\\\/02daff9f18bd9378c9e01eb6b2db155f\",\"name\":\"Thales Brand\u00e3o\",\"image\":{\"@type\":\"ImageObject\",\"inLanguage\":\"pt-BR\",\"@id\":\"https:\\\/\\\/secure.gravatar.com\\\/avatar\\\/7ca3206950207cc3cb48feec56a8a7898741ab725c368d99d5d7a5a50aab80c6?s=96&d=mm&r=g\",\"url\":\"https:\\\/\\\/secure.gravatar.com\\\/avatar\\\/7ca3206950207cc3cb48feec56a8a7898741ab725c368d99d5d7a5a50aab80c6?s=96&d=mm&r=g\",\"contentUrl\":\"https:\\\/\\\/secure.gravatar.com\\\/avatar\\\/7ca3206950207cc3cb48feec56a8a7898741ab725c368d99d5d7a5a50aab80c6?s=96&d=mm&r=g\",\"caption\":\"Thales Brand\u00e3o\"},\"description\":\"Editor Executivo do Portal CidadeMarketing.com.br &gt; Mestre em Comunica\u00e7\u00e3o e Sociedade pela Universidade Federal de Sergipe. Possui MBA Executivo em Administra\u00e7\u00e3o com \u00eanfase em Marketing pela Funda\u00e7\u00e3o Get\u00falio Vargas - Rio de Janeiro. Consultor, Palestrante e Pesquisador sobre Empreendedorismo, Marketing, Redes Sociais e Neg\u00f3cios Digitais. Professor, Palestrante TedxTalks e Campus Party. Twitter: @ThalesBrandao\",\"sameAs\":[\"http:\\\/\\\/www.mandacaru.com.br\",\"https:\\\/\\\/www.facebook.com\\\/thalesbrandao\",\"http:\\\/\\\/www.instagram.com.br\\\/thalesbrandaoferreira\",\"https:\\\/\\\/www.linkedin.com\\\/in\\\/thales-brand\u00e3o-3948609\\\/\",\"https:\\\/\\\/x.com\\\/http:\\\/\\\/www.twitter.com\\\/thalesbrandao\"],\"url\":\"https:\\\/\\\/www.cidademarketing.com.br\\\/marketing\\\/author\\\/thalesbrandao\\\/\"}]}<\/script>\n<!-- \/ Yoast SEO plugin. -->","yoast_head_json":{"title":"Audi do Brasil cria categoria de a\u00e7\u00f5es sociais em sua premia\u00e7\u00e3o anual para concession\u00e1rias - CidadeMarketing","robots":{"index":"index","follow":"follow","max-snippet":"max-snippet:-1","max-image-preview":"max-image-preview:large","max-video-preview":"max-video-preview:-1"},"canonical":"https:\/\/www.cidademarketing.com.br\/marketing\/2021\/06\/30\/audi-do-brasil-cria-categoria-de-acoes-sociais-em-sua-premiacao-anual-para-concessionarias\/","og_locale":"pt_BR","og_type":"article","og_title":"Audi do Brasil cria categoria de a\u00e7\u00f5es sociais em sua premia\u00e7\u00e3o anual para concession\u00e1rias - CidadeMarketing","og_description":"No in\u00edcio de cada ano a Audi do Brasil promove a premia\u00e7\u00e3o\u00a0Dealers Awards, que reconhece as concession\u00e1rias que tiveram melhor desempenho no ano anterior, principalmente do ponto de vista de vendas e servi\u00e7os. Com o intuito de refor\u00e7ar o compromisso de ser uma empresa socialmente respons\u00e1vel, a Audi do Brasil agora incluiu uma nova categoria [&hellip;]","og_url":"https:\/\/www.cidademarketing.com.br\/marketing\/2021\/06\/30\/audi-do-brasil-cria-categoria-de-acoes-sociais-em-sua-premiacao-anual-para-concessionarias\/","og_site_name":"CidadeMarketing","article_publisher":"https:\/\/www.facebook.com\/portalcidademarketing","article_author":"https:\/\/www.facebook.com\/thalesbrandao","article_published_time":"2021-07-01T01:27:58+00:00","article_modified_time":"2021-07-01T01:27:59+00:00","og_image":[{"width":611,"height":611,"url":"https:\/\/www.cidademarketing.com.br\/marketing\/wp-content\/uploads\/2021\/06\/audi_marketingsocial.jpg","type":"image\/jpeg"}],"author":"Thales Brand\u00e3o","twitter_card":"summary_large_image","twitter_creator":"@http:\/\/www.twitter.com\/thalesbrandao","twitter_site":"@CidadeMarketing","twitter_misc":{"Escrito por":"Thales Brand\u00e3o","Est. tempo de leitura":"3 minutos"},"schema":{"@context":"https:\/\/schema.org","@graph":[{"@type":"Article","@id":"https:\/\/www.cidademarketing.com.br\/marketing\/2021\/06\/30\/audi-do-brasil-cria-categoria-de-acoes-sociais-em-sua-premiacao-anual-para-concessionarias\/#article","isPartOf":{"@id":"https:\/\/www.cidademarketing.com.br\/marketing\/2021\/06\/30\/audi-do-brasil-cria-categoria-de-acoes-sociais-em-sua-premiacao-anual-para-concessionarias\/"},"author":{"name":"Thales Brand\u00e3o","@id":"https:\/\/www.cidademarketing.com.br\/marketing\/#\/schema\/person\/02daff9f18bd9378c9e01eb6b2db155f"},"headline":"Audi do Brasil cria categoria de a\u00e7\u00f5es sociais em sua premia\u00e7\u00e3o anual para concession\u00e1rias","datePublished":"2021-07-01T01:27:58+00:00","dateModified":"2021-07-01T01:27:59+00:00","mainEntityOfPage":{"@id":"https:\/\/www.cidademarketing.com.br\/marketing\/2021\/06\/30\/audi-do-brasil-cria-categoria-de-acoes-sociais-em-sua-premiacao-anual-para-concessionarias\/"},"wordCount":573,"commentCount":0,"publisher":{"@id":"https:\/\/www.cidademarketing.com.br\/marketing\/#organization"},"image":{"@id":"https:\/\/www.cidademarketing.com.br\/marketing\/2021\/06\/30\/audi-do-brasil-cria-categoria-de-acoes-sociais-em-sua-premiacao-anual-para-concessionarias\/#primaryimage"},"thumbnailUrl":"https:\/\/www.cidademarketing.com.br\/marketing\/wp-content\/uploads\/2021\/06\/audi_marketingsocial.jpg","keywords":["Audi","estrat\u00e9gia","marketing social"],"articleSection":["Not\u00edcias"],"inLanguage":"pt-BR","potentialAction":[{"@type":"CommentAction","name":"Comment","target":["https:\/\/www.cidademarketing.com.br\/marketing\/2021\/06\/30\/audi-do-brasil-cria-categoria-de-acoes-sociais-em-sua-premiacao-anual-para-concessionarias\/#respond"]}]},{"@type":"WebPage","@id":"https:\/\/www.cidademarketing.com.br\/marketing\/2021\/06\/30\/audi-do-brasil-cria-categoria-de-acoes-sociais-em-sua-premiacao-anual-para-concessionarias\/","url":"https:\/\/www.cidademarketing.com.br\/marketing\/2021\/06\/30\/audi-do-brasil-cria-categoria-de-acoes-sociais-em-sua-premiacao-anual-para-concessionarias\/","name":"Audi do Brasil cria categoria de a\u00e7\u00f5es sociais em sua premia\u00e7\u00e3o anual para concession\u00e1rias - CidadeMarketing","isPartOf":{"@id":"https:\/\/www.cidademarketing.com.br\/marketing\/#website"},"primaryImageOfPage":{"@id":"https:\/\/www.cidademarketing.com.br\/marketing\/2021\/06\/30\/audi-do-brasil-cria-categoria-de-acoes-sociais-em-sua-premiacao-anual-para-concessionarias\/#primaryimage"},"image":{"@id":"https:\/\/www.cidademarketing.com.br\/marketing\/2021\/06\/30\/audi-do-brasil-cria-categoria-de-acoes-sociais-em-sua-premiacao-anual-para-concessionarias\/#primaryimage"},"thumbnailUrl":"https:\/\/www.cidademarketing.com.br\/marketing\/wp-content\/uploads\/2021\/06\/audi_marketingsocial.jpg","datePublished":"2021-07-01T01:27:58+00:00","dateModified":"2021-07-01T01:27:59+00:00","breadcrumb":{"@id":"https:\/\/www.cidademarketing.com.br\/marketing\/2021\/06\/30\/audi-do-brasil-cria-categoria-de-acoes-sociais-em-sua-premiacao-anual-para-concessionarias\/#breadcrumb"},"inLanguage":"pt-BR","potentialAction":[{"@type":"ReadAction","target":["https:\/\/www.cidademarketing.com.br\/marketing\/2021\/06\/30\/audi-do-brasil-cria-categoria-de-acoes-sociais-em-sua-premiacao-anual-para-concessionarias\/"]}]},{"@type":"ImageObject","inLanguage":"pt-BR","@id":"https:\/\/www.cidademarketing.com.br\/marketing\/2021\/06\/30\/audi-do-brasil-cria-categoria-de-acoes-sociais-em-sua-premiacao-anual-para-concessionarias\/#primaryimage","url":"https:\/\/www.cidademarketing.com.br\/marketing\/wp-content\/uploads\/2021\/06\/audi_marketingsocial.jpg","contentUrl":"https:\/\/www.cidademarketing.com.br\/marketing\/wp-content\/uploads\/2021\/06\/audi_marketingsocial.jpg","width":611,"height":611,"caption":"Divulga\u00e7\u00e3o"},{"@type":"BreadcrumbList","@id":"https:\/\/www.cidademarketing.com.br\/marketing\/2021\/06\/30\/audi-do-brasil-cria-categoria-de-acoes-sociais-em-sua-premiacao-anual-para-concessionarias\/#breadcrumb","itemListElement":[{"@type":"ListItem","position":1,"name":"In\u00edcio","item":"https:\/\/www.cidademarketing.com.br\/marketing\/"},{"@type":"ListItem","position":2,"name":"Audi do Brasil cria categoria de a\u00e7\u00f5es sociais em sua premia\u00e7\u00e3o anual para concession\u00e1rias"}]},{"@type":"WebSite","@id":"https:\/\/www.cidademarketing.com.br\/marketing\/#website","url":"https:\/\/www.cidademarketing.com.br\/marketing\/","name":"CidadeMarketing","description":"Somos um ve\u00edculo de comunica\u00e7\u00e3o de destaque no Brasil, reconhecido por conte\u00fados nos segmentos de marketing, empreendedorismo e inova\u00e7\u00e3o.","publisher":{"@id":"https:\/\/www.cidademarketing.com.br\/marketing\/#organization"},"alternateName":"CidadeMarketing","potentialAction":[{"@type":"SearchAction","target":{"@type":"EntryPoint","urlTemplate":"https:\/\/www.cidademarketing.com.br\/marketing\/?s={search_term_string}"},"query-input":{"@type":"PropertyValueSpecification","valueRequired":true,"valueName":"search_term_string"}}],"inLanguage":"pt-BR"},{"@type":"Organization","@id":"https:\/\/www.cidademarketing.com.br\/marketing\/#organization","name":"CidadeMarketing","alternateName":"CidadeMarketing","url":"https:\/\/www.cidademarketing.com.br\/marketing\/","logo":{"@type":"ImageObject","inLanguage":"pt-BR","@id":"https:\/\/www.cidademarketing.com.br\/marketing\/#\/schema\/logo\/image\/","url":"https:\/\/www.cidademarketing.com.br\/marketing\/wp-content\/uploads\/2020\/01\/cidademarketing_marca_mobile.png","contentUrl":"https:\/\/www.cidademarketing.com.br\/marketing\/wp-content\/uploads\/2020\/01\/cidademarketing_marca_mobile.png","width":230,"height":92,"caption":"CidadeMarketing"},"image":{"@id":"https:\/\/www.cidademarketing.com.br\/marketing\/#\/schema\/logo\/image\/"},"sameAs":["https:\/\/www.facebook.com\/portalcidademarketing","https:\/\/x.com\/CidadeMarketing","https:\/\/www.instagram.com\/cidademarketing\/"]},{"@type":"Person","@id":"https:\/\/www.cidademarketing.com.br\/marketing\/#\/schema\/person\/02daff9f18bd9378c9e01eb6b2db155f","name":"Thales Brand\u00e3o","image":{"@type":"ImageObject","inLanguage":"pt-BR","@id":"https:\/\/secure.gravatar.com\/avatar\/7ca3206950207cc3cb48feec56a8a7898741ab725c368d99d5d7a5a50aab80c6?s=96&d=mm&r=g","url":"https:\/\/secure.gravatar.com\/avatar\/7ca3206950207cc3cb48feec56a8a7898741ab725c368d99d5d7a5a50aab80c6?s=96&d=mm&r=g","contentUrl":"https:\/\/secure.gravatar.com\/avatar\/7ca3206950207cc3cb48feec56a8a7898741ab725c368d99d5d7a5a50aab80c6?s=96&d=mm&r=g","caption":"Thales Brand\u00e3o"},"description":"Editor Executivo do Portal CidadeMarketing.com.br &gt; Mestre em Comunica\u00e7\u00e3o e Sociedade pela Universidade Federal de Sergipe. Possui MBA Executivo em Administra\u00e7\u00e3o com \u00eanfase em Marketing pela Funda\u00e7\u00e3o Get\u00falio Vargas - Rio de Janeiro. Consultor, Palestrante e Pesquisador sobre Empreendedorismo, Marketing, Redes Sociais e Neg\u00f3cios Digitais. Professor, Palestrante TedxTalks e Campus Party. Twitter: @ThalesBrandao","sameAs":["http:\/\/www.mandacaru.com.br","https:\/\/www.facebook.com\/thalesbrandao","http:\/\/www.instagram.com.br\/thalesbrandaoferreira","https:\/\/www.linkedin.com\/in\/thales-brand\u00e3o-3948609\/","https:\/\/x.com\/http:\/\/www.twitter.com\/thalesbrandao"],"url":"https:\/\/www.cidademarketing.com.br\/marketing\/author\/thalesbrandao\/"}]}},"amp_enabled":true,"_links":{"self":[{"href":"https:\/\/www.cidademarketing.com.br\/marketing\/wp-json\/wp\/v2\/posts\/24793","targetHints":{"allow":["GET"]}}],"collection":[{"href":"https:\/\/www.cidademarketing.com.br\/marketing\/wp-json\/wp\/v2\/posts"}],"about":[{"href":"https:\/\/www.cidademarketing.com.br\/marketing\/wp-json\/wp\/v2\/types\/post"}],"author":[{"embeddable":true,"href":"https:\/\/www.cidademarketing.com.br\/marketing\/wp-json\/wp\/v2\/users\/1"}],"replies":[{"embeddable":true,"href":"https:\/\/www.cidademarketing.com.br\/marketing\/wp-json\/wp\/v2\/comments?post=24793"}],"version-history":[{"count":1,"href":"https:\/\/www.cidademarketing.com.br\/marketing\/wp-json\/wp\/v2\/posts\/24793\/revisions"}],"predecessor-version":[{"id":24795,"href":"https:\/\/www.cidademarketing.com.br\/marketing\/wp-json\/wp\/v2\/posts\/24793\/revisions\/24795"}],"wp:featuredmedia":[{"embeddable":true,"href":"https:\/\/www.cidademarketing.com.br\/marketing\/wp-json\/wp\/v2\/media\/24794"}],"wp:attachment":[{"href":"https:\/\/www.cidademarketing.com.br\/marketing\/wp-json\/wp\/v2\/media?parent=24793"}],"wp:term":[{"taxonomy":"category","embeddable":true,"href":"https:\/\/www.cidademarketing.com.br\/marketing\/wp-json\/wp\/v2\/categories?post=24793"},{"taxonomy":"post_tag","embeddable":true,"href":"https:\/\/www.cidademarketing.com.br\/marketing\/wp-json\/wp\/v2\/tags?post=24793"}],"curies":[{"name":"wp","href":"https:\/\/api.w.org\/{rel}","templated":true}]}}