{"id":24789,"date":"2021-06-30T20:08:45","date_gmt":"2021-06-30T23:08:45","guid":{"rendered":"https:\/\/www.cidademarketing.com.br\/marketing\/?p=24789"},"modified":"2021-06-30T20:08:48","modified_gmt":"2021-06-30T23:08:48","slug":"cbf-tera-de-responder-por-que-nao-utiliza-o-numero-24-no-uniforme-da-selecao-na-copa-america","status":"publish","type":"post","link":"https:\/\/www.cidademarketing.com.br\/marketing\/2021\/06\/30\/cbf-tera-de-responder-por-que-nao-utiliza-o-numero-24-no-uniforme-da-selecao-na-copa-america\/","title":{"rendered":"CBF ter\u00e1 de responder por que n\u00e3o utiliza o n\u00famero 24 no uniforme da Sele\u00e7\u00e3o na Copa Am\u00e9rica"},"content":{"rendered":"\n<p>A Confedera\u00e7\u00e3o Brasileira de Futebol (CBF) ter\u00e1 48 horas para responder \u00e0 Justi\u00e7a o porqu\u00ea de n\u00e3o usar o n\u00famero 24 nas camisas dos jogadores na Copa Am\u00e9rica. A decis\u00e3o liminar o juiz Ricardo Cyfer, da 10\u00aa Vara C\u00edvel do Tribunal de Justi\u00e7a do Estado do Rio de Janeiro (TJRJ), atende a\u00e7\u00e3o apresentada pelo&nbsp;Grupo Arco \u00cdris de Cidadania LGBT.&nbsp;O Brasil \u00e9 a \u00fanica sele\u00e7\u00e3o da competi\u00e7\u00e3o que n\u00e3o usa o 24 nos uniformes, pulando do 23 para o 25. &nbsp;<\/p>\n\n\n\n<p>A CBF tamb\u00e9m ter\u00e1 de responder outras quatro perguntas formuladas pelo Grupo Arco-\u00cdris: se a n\u00e3o inclus\u00e3o do n\u00famero 24 nos uniformes \u00e9 uma pol\u00edtica deliberada; qual departamento da institui\u00e7\u00e3o \u00e9 respons\u00e1vel pela delibera\u00e7\u00e3o dos n\u00fameros; quais as pessoas e funcion\u00e1rios s\u00e3o respons\u00e1veis pela defini\u00e7\u00e3o da numera\u00e7\u00e3o; e se existe alguma orienta\u00e7\u00e3o da FIFA ou da Conmebol sobre o registro de atletas com a camisa 24.&nbsp;&nbsp;<\/p>\n\n\n\n<p>O grupo reclama que &#8220;o fato da numera\u00e7\u00e3o da sele\u00e7\u00e3o brasileira pular o n\u00famero 24, considerando a conota\u00e7\u00e3o hist\u00f3rico cultural que envolta esse n\u00famero de associa\u00e7\u00e3o aos gays, deve ser entendido como uma clara ofensa a comunidade LGBTI+ e como uma atitude homof\u00f3bica.\u201d&nbsp;<\/p>\n\n\n\n<p>&#8220;Al\u00e9m disso, o contexto f\u00e1tico em que se inseriu a quest\u00e3o na fundamenta\u00e7\u00e3o da presente a\u00e7\u00e3o, qual seja, o intercurso da Copa Am\u00e9rica &#8211; competi\u00e7\u00e3o de \u00e2mbito internacional com ampla veicula\u00e7\u00e3o e audi\u00eancia no Brasil -, aliado ao fato de que esta competi\u00e7\u00e3o se encerra, segundo previsto, no pr\u00f3ximo dia 10 de julho, demonstra a urg\u00eancia da medida pleiteada.&#8221;, avaliou o magistrado na decis\u00e3o.&nbsp;&nbsp;<\/p>\n\n\n\n<p>O juiz Ricardo Cyfer afirmou que medidas afirmativas e de respeito \u00e0 comunidade LGBTQIA+ t\u00eam sido cada vez mais importantes na luta contra a discrimina\u00e7\u00e3o e a viol\u00eancia \u00e0s minorias, especialmente num esporte tradicionalmente ligado ao universo masculino.&nbsp;<\/p>\n\n\n\n<p>&#8220;A luta da comunidade LGBTQIA+ pelo fim da discrimina\u00e7\u00e3o contra seus membros, com o reconhecimento do seu direito a uma conviv\u00eancia plena na sociedade, \u00e9 amplamente conhecida, tendo suas causas e seu desenvolvimento sido sobejamente detalhados na narrativa dos fatos na inicial desta a\u00e7\u00e3o&#8221;, ressaltou.&nbsp;<\/p>\n\n\n\n<p>Processo n\u00ba:\u00a00144078-50.2021.8.19.0001\u00a0<\/p>\n\n\n\n<p>CidadeMarketing com informa\u00e7\u00f5es do TJRJ.<\/p>\n","protected":false},"excerpt":{"rendered":"<p>A Confedera\u00e7\u00e3o Brasileira de Futebol (CBF) ter\u00e1 48 horas para responder \u00e0 Justi\u00e7a o porqu\u00ea de n\u00e3o usar o n\u00famero 24 nas camisas dos jogadores na Copa Am\u00e9rica. A decis\u00e3o liminar o juiz Ricardo Cyfer, da 10\u00aa Vara C\u00edvel do Tribunal de Justi\u00e7a do Estado do Rio de Janeiro (TJRJ), atende a\u00e7\u00e3o apresentada pelo&nbsp;Grupo Arco [&hellip;]<\/p>\n","protected":false},"author":1,"featured_media":7522,"comment_status":"open","ping_status":"open","sticky":false,"template":"","format":"standard","meta":{"tdm_status":"","tdm_grid_status":"","footnotes":""},"categories":[6],"tags":[949,2035,33,28],"class_list":["post-24789","post","type-post","status-publish","format-standard","has-post-thumbnail","hentry","category-noticias","tag-cbf","tag-copa-america","tag-estrategia","tag-marketing"],"yoast_head":"<!-- This site is optimized with the Yoast SEO plugin v27.5 - https:\/\/yoast.com\/product\/yoast-seo-wordpress\/ -->\n<title>CBF ter\u00e1 de responder por que n\u00e3o utiliza o n\u00famero 24 no uniforme da Sele\u00e7\u00e3o na Copa Am\u00e9rica - CidadeMarketing<\/title>\n<meta name=\"robots\" content=\"index, follow, max-snippet:-1, max-image-preview:large, max-video-preview:-1\" \/>\n<link rel=\"canonical\" href=\"https:\/\/www.cidademarketing.com.br\/marketing\/2021\/06\/30\/cbf-tera-de-responder-por-que-nao-utiliza-o-numero-24-no-uniforme-da-selecao-na-copa-america\/\" \/>\n<meta property=\"og:locale\" content=\"pt_BR\" \/>\n<meta property=\"og:type\" content=\"article\" \/>\n<meta property=\"og:title\" content=\"CBF ter\u00e1 de responder por que n\u00e3o utiliza o n\u00famero 24 no uniforme da Sele\u00e7\u00e3o na Copa Am\u00e9rica - CidadeMarketing\" \/>\n<meta property=\"og:description\" content=\"A Confedera\u00e7\u00e3o Brasileira de Futebol (CBF) ter\u00e1 48 horas para responder \u00e0 Justi\u00e7a o porqu\u00ea de n\u00e3o usar o n\u00famero 24 nas camisas dos jogadores na Copa Am\u00e9rica. A decis\u00e3o liminar o juiz Ricardo Cyfer, da 10\u00aa Vara C\u00edvel do Tribunal de Justi\u00e7a do Estado do Rio de Janeiro (TJRJ), atende a\u00e7\u00e3o apresentada pelo&nbsp;Grupo Arco [&hellip;]\" \/>\n<meta property=\"og:url\" content=\"https:\/\/www.cidademarketing.com.br\/marketing\/2021\/06\/30\/cbf-tera-de-responder-por-que-nao-utiliza-o-numero-24-no-uniforme-da-selecao-na-copa-america\/\" \/>\n<meta property=\"og:site_name\" content=\"CidadeMarketing\" \/>\n<meta property=\"article:publisher\" content=\"https:\/\/www.facebook.com\/portalcidademarketing\" \/>\n<meta property=\"article:author\" content=\"https:\/\/www.facebook.com\/thalesbrandao\" \/>\n<meta property=\"article:published_time\" content=\"2021-06-30T23:08:45+00:00\" \/>\n<meta property=\"article:modified_time\" content=\"2021-06-30T23:08:48+00:00\" \/>\n<meta property=\"og:image\" content=\"https:\/\/www.cidademarketing.com.br\/marketing\/wp-content\/uploads\/2019\/04\/cbf_novamarca.png\" \/>\n\t<meta property=\"og:image:width\" content=\"910\" \/>\n\t<meta property=\"og:image:height\" content=\"512\" \/>\n\t<meta property=\"og:image:type\" content=\"image\/png\" \/>\n<meta name=\"author\" content=\"Thales Brand\u00e3o\" \/>\n<meta name=\"twitter:card\" content=\"summary_large_image\" \/>\n<meta name=\"twitter:creator\" content=\"@http:\/\/www.twitter.com\/thalesbrandao\" \/>\n<meta name=\"twitter:site\" content=\"@CidadeMarketing\" \/>\n<meta name=\"twitter:label1\" content=\"Escrito por\" \/>\n\t<meta name=\"twitter:data1\" content=\"Thales Brand\u00e3o\" \/>\n\t<meta name=\"twitter:label2\" content=\"Est. tempo de leitura\" \/>\n\t<meta name=\"twitter:data2\" content=\"2 minutos\" \/>\n<script type=\"application\/ld+json\" class=\"yoast-schema-graph\">{\"@context\":\"https:\\\/\\\/schema.org\",\"@graph\":[{\"@type\":\"Article\",\"@id\":\"https:\\\/\\\/www.cidademarketing.com.br\\\/marketing\\\/2021\\\/06\\\/30\\\/cbf-tera-de-responder-por-que-nao-utiliza-o-numero-24-no-uniforme-da-selecao-na-copa-america\\\/#article\",\"isPartOf\":{\"@id\":\"https:\\\/\\\/www.cidademarketing.com.br\\\/marketing\\\/2021\\\/06\\\/30\\\/cbf-tera-de-responder-por-que-nao-utiliza-o-numero-24-no-uniforme-da-selecao-na-copa-america\\\/\"},\"author\":{\"name\":\"Thales Brand\u00e3o\",\"@id\":\"https:\\\/\\\/www.cidademarketing.com.br\\\/marketing\\\/#\\\/schema\\\/person\\\/02daff9f18bd9378c9e01eb6b2db155f\"},\"headline\":\"CBF ter\u00e1 de responder por que n\u00e3o utiliza o n\u00famero 24 no uniforme da Sele\u00e7\u00e3o na Copa Am\u00e9rica\",\"datePublished\":\"2021-06-30T23:08:45+00:00\",\"dateModified\":\"2021-06-30T23:08:48+00:00\",\"mainEntityOfPage\":{\"@id\":\"https:\\\/\\\/www.cidademarketing.com.br\\\/marketing\\\/2021\\\/06\\\/30\\\/cbf-tera-de-responder-por-que-nao-utiliza-o-numero-24-no-uniforme-da-selecao-na-copa-america\\\/\"},\"wordCount\":416,\"commentCount\":0,\"publisher\":{\"@id\":\"https:\\\/\\\/www.cidademarketing.com.br\\\/marketing\\\/#organization\"},\"image\":{\"@id\":\"https:\\\/\\\/www.cidademarketing.com.br\\\/marketing\\\/2021\\\/06\\\/30\\\/cbf-tera-de-responder-por-que-nao-utiliza-o-numero-24-no-uniforme-da-selecao-na-copa-america\\\/#primaryimage\"},\"thumbnailUrl\":\"https:\\\/\\\/www.cidademarketing.com.br\\\/marketing\\\/wp-content\\\/uploads\\\/2019\\\/04\\\/cbf_novamarca.png\",\"keywords\":[\"CBF\",\"Copa Am\u00e9rica\",\"estrat\u00e9gia\",\"marketing\"],\"articleSection\":[\"Not\u00edcias\"],\"inLanguage\":\"pt-BR\",\"potentialAction\":[{\"@type\":\"CommentAction\",\"name\":\"Comment\",\"target\":[\"https:\\\/\\\/www.cidademarketing.com.br\\\/marketing\\\/2021\\\/06\\\/30\\\/cbf-tera-de-responder-por-que-nao-utiliza-o-numero-24-no-uniforme-da-selecao-na-copa-america\\\/#respond\"]}]},{\"@type\":\"WebPage\",\"@id\":\"https:\\\/\\\/www.cidademarketing.com.br\\\/marketing\\\/2021\\\/06\\\/30\\\/cbf-tera-de-responder-por-que-nao-utiliza-o-numero-24-no-uniforme-da-selecao-na-copa-america\\\/\",\"url\":\"https:\\\/\\\/www.cidademarketing.com.br\\\/marketing\\\/2021\\\/06\\\/30\\\/cbf-tera-de-responder-por-que-nao-utiliza-o-numero-24-no-uniforme-da-selecao-na-copa-america\\\/\",\"name\":\"CBF ter\u00e1 de responder por que n\u00e3o utiliza o n\u00famero 24 no uniforme da Sele\u00e7\u00e3o na Copa Am\u00e9rica - CidadeMarketing\",\"isPartOf\":{\"@id\":\"https:\\\/\\\/www.cidademarketing.com.br\\\/marketing\\\/#website\"},\"primaryImageOfPage\":{\"@id\":\"https:\\\/\\\/www.cidademarketing.com.br\\\/marketing\\\/2021\\\/06\\\/30\\\/cbf-tera-de-responder-por-que-nao-utiliza-o-numero-24-no-uniforme-da-selecao-na-copa-america\\\/#primaryimage\"},\"image\":{\"@id\":\"https:\\\/\\\/www.cidademarketing.com.br\\\/marketing\\\/2021\\\/06\\\/30\\\/cbf-tera-de-responder-por-que-nao-utiliza-o-numero-24-no-uniforme-da-selecao-na-copa-america\\\/#primaryimage\"},\"thumbnailUrl\":\"https:\\\/\\\/www.cidademarketing.com.br\\\/marketing\\\/wp-content\\\/uploads\\\/2019\\\/04\\\/cbf_novamarca.png\",\"datePublished\":\"2021-06-30T23:08:45+00:00\",\"dateModified\":\"2021-06-30T23:08:48+00:00\",\"breadcrumb\":{\"@id\":\"https:\\\/\\\/www.cidademarketing.com.br\\\/marketing\\\/2021\\\/06\\\/30\\\/cbf-tera-de-responder-por-que-nao-utiliza-o-numero-24-no-uniforme-da-selecao-na-copa-america\\\/#breadcrumb\"},\"inLanguage\":\"pt-BR\",\"potentialAction\":[{\"@type\":\"ReadAction\",\"target\":[\"https:\\\/\\\/www.cidademarketing.com.br\\\/marketing\\\/2021\\\/06\\\/30\\\/cbf-tera-de-responder-por-que-nao-utiliza-o-numero-24-no-uniforme-da-selecao-na-copa-america\\\/\"]}]},{\"@type\":\"ImageObject\",\"inLanguage\":\"pt-BR\",\"@id\":\"https:\\\/\\\/www.cidademarketing.com.br\\\/marketing\\\/2021\\\/06\\\/30\\\/cbf-tera-de-responder-por-que-nao-utiliza-o-numero-24-no-uniforme-da-selecao-na-copa-america\\\/#primaryimage\",\"url\":\"https:\\\/\\\/www.cidademarketing.com.br\\\/marketing\\\/wp-content\\\/uploads\\\/2019\\\/04\\\/cbf_novamarca.png\",\"contentUrl\":\"https:\\\/\\\/www.cidademarketing.com.br\\\/marketing\\\/wp-content\\\/uploads\\\/2019\\\/04\\\/cbf_novamarca.png\",\"width\":910,\"height\":512},{\"@type\":\"BreadcrumbList\",\"@id\":\"https:\\\/\\\/www.cidademarketing.com.br\\\/marketing\\\/2021\\\/06\\\/30\\\/cbf-tera-de-responder-por-que-nao-utiliza-o-numero-24-no-uniforme-da-selecao-na-copa-america\\\/#breadcrumb\",\"itemListElement\":[{\"@type\":\"ListItem\",\"position\":1,\"name\":\"In\u00edcio\",\"item\":\"https:\\\/\\\/www.cidademarketing.com.br\\\/marketing\\\/\"},{\"@type\":\"ListItem\",\"position\":2,\"name\":\"CBF ter\u00e1 de responder por que n\u00e3o utiliza o n\u00famero 24 no uniforme da Sele\u00e7\u00e3o na Copa Am\u00e9rica\"}]},{\"@type\":\"WebSite\",\"@id\":\"https:\\\/\\\/www.cidademarketing.com.br\\\/marketing\\\/#website\",\"url\":\"https:\\\/\\\/www.cidademarketing.com.br\\\/marketing\\\/\",\"name\":\"CidadeMarketing\",\"description\":\"Somos um ve\u00edculo de comunica\u00e7\u00e3o de destaque no Brasil, reconhecido por conte\u00fados nos segmentos de marketing, empreendedorismo e inova\u00e7\u00e3o.\",\"publisher\":{\"@id\":\"https:\\\/\\\/www.cidademarketing.com.br\\\/marketing\\\/#organization\"},\"alternateName\":\"CidadeMarketing\",\"potentialAction\":[{\"@type\":\"SearchAction\",\"target\":{\"@type\":\"EntryPoint\",\"urlTemplate\":\"https:\\\/\\\/www.cidademarketing.com.br\\\/marketing\\\/?s={search_term_string}\"},\"query-input\":{\"@type\":\"PropertyValueSpecification\",\"valueRequired\":true,\"valueName\":\"search_term_string\"}}],\"inLanguage\":\"pt-BR\"},{\"@type\":\"Organization\",\"@id\":\"https:\\\/\\\/www.cidademarketing.com.br\\\/marketing\\\/#organization\",\"name\":\"CidadeMarketing\",\"alternateName\":\"CidadeMarketing\",\"url\":\"https:\\\/\\\/www.cidademarketing.com.br\\\/marketing\\\/\",\"logo\":{\"@type\":\"ImageObject\",\"inLanguage\":\"pt-BR\",\"@id\":\"https:\\\/\\\/www.cidademarketing.com.br\\\/marketing\\\/#\\\/schema\\\/logo\\\/image\\\/\",\"url\":\"https:\\\/\\\/www.cidademarketing.com.br\\\/marketing\\\/wp-content\\\/uploads\\\/2020\\\/01\\\/cidademarketing_marca_mobile.png\",\"contentUrl\":\"https:\\\/\\\/www.cidademarketing.com.br\\\/marketing\\\/wp-content\\\/uploads\\\/2020\\\/01\\\/cidademarketing_marca_mobile.png\",\"width\":230,\"height\":92,\"caption\":\"CidadeMarketing\"},\"image\":{\"@id\":\"https:\\\/\\\/www.cidademarketing.com.br\\\/marketing\\\/#\\\/schema\\\/logo\\\/image\\\/\"},\"sameAs\":[\"https:\\\/\\\/www.facebook.com\\\/portalcidademarketing\",\"https:\\\/\\\/x.com\\\/CidadeMarketing\",\"https:\\\/\\\/www.instagram.com\\\/cidademarketing\\\/\"]},{\"@type\":\"Person\",\"@id\":\"https:\\\/\\\/www.cidademarketing.com.br\\\/marketing\\\/#\\\/schema\\\/person\\\/02daff9f18bd9378c9e01eb6b2db155f\",\"name\":\"Thales Brand\u00e3o\",\"image\":{\"@type\":\"ImageObject\",\"inLanguage\":\"pt-BR\",\"@id\":\"https:\\\/\\\/secure.gravatar.com\\\/avatar\\\/7ca3206950207cc3cb48feec56a8a7898741ab725c368d99d5d7a5a50aab80c6?s=96&d=mm&r=g\",\"url\":\"https:\\\/\\\/secure.gravatar.com\\\/avatar\\\/7ca3206950207cc3cb48feec56a8a7898741ab725c368d99d5d7a5a50aab80c6?s=96&d=mm&r=g\",\"contentUrl\":\"https:\\\/\\\/secure.gravatar.com\\\/avatar\\\/7ca3206950207cc3cb48feec56a8a7898741ab725c368d99d5d7a5a50aab80c6?s=96&d=mm&r=g\",\"caption\":\"Thales Brand\u00e3o\"},\"description\":\"Editor Executivo do Portal CidadeMarketing.com.br &gt; Mestre em Comunica\u00e7\u00e3o e Sociedade pela Universidade Federal de Sergipe. Possui MBA Executivo em Administra\u00e7\u00e3o com \u00eanfase em Marketing pela Funda\u00e7\u00e3o Get\u00falio Vargas - Rio de Janeiro. Consultor, Palestrante e Pesquisador sobre Empreendedorismo, Marketing, Redes Sociais e Neg\u00f3cios Digitais. Professor, Palestrante TedxTalks e Campus Party. Twitter: @ThalesBrandao\",\"sameAs\":[\"http:\\\/\\\/www.mandacaru.com.br\",\"https:\\\/\\\/www.facebook.com\\\/thalesbrandao\",\"http:\\\/\\\/www.instagram.com.br\\\/thalesbrandaoferreira\",\"https:\\\/\\\/www.linkedin.com\\\/in\\\/thales-brand\u00e3o-3948609\\\/\",\"https:\\\/\\\/x.com\\\/http:\\\/\\\/www.twitter.com\\\/thalesbrandao\"],\"url\":\"https:\\\/\\\/www.cidademarketing.com.br\\\/marketing\\\/author\\\/thalesbrandao\\\/\"}]}<\/script>\n<!-- \/ Yoast SEO plugin. -->","yoast_head_json":{"title":"CBF ter\u00e1 de responder por que n\u00e3o utiliza o n\u00famero 24 no uniforme da Sele\u00e7\u00e3o na Copa Am\u00e9rica - CidadeMarketing","robots":{"index":"index","follow":"follow","max-snippet":"max-snippet:-1","max-image-preview":"max-image-preview:large","max-video-preview":"max-video-preview:-1"},"canonical":"https:\/\/www.cidademarketing.com.br\/marketing\/2021\/06\/30\/cbf-tera-de-responder-por-que-nao-utiliza-o-numero-24-no-uniforme-da-selecao-na-copa-america\/","og_locale":"pt_BR","og_type":"article","og_title":"CBF ter\u00e1 de responder por que n\u00e3o utiliza o n\u00famero 24 no uniforme da Sele\u00e7\u00e3o na Copa Am\u00e9rica - CidadeMarketing","og_description":"A Confedera\u00e7\u00e3o Brasileira de Futebol (CBF) ter\u00e1 48 horas para responder \u00e0 Justi\u00e7a o porqu\u00ea de n\u00e3o usar o n\u00famero 24 nas camisas dos jogadores na Copa Am\u00e9rica. A decis\u00e3o liminar o juiz Ricardo Cyfer, da 10\u00aa Vara C\u00edvel do Tribunal de Justi\u00e7a do Estado do Rio de Janeiro (TJRJ), atende a\u00e7\u00e3o apresentada pelo&nbsp;Grupo Arco [&hellip;]","og_url":"https:\/\/www.cidademarketing.com.br\/marketing\/2021\/06\/30\/cbf-tera-de-responder-por-que-nao-utiliza-o-numero-24-no-uniforme-da-selecao-na-copa-america\/","og_site_name":"CidadeMarketing","article_publisher":"https:\/\/www.facebook.com\/portalcidademarketing","article_author":"https:\/\/www.facebook.com\/thalesbrandao","article_published_time":"2021-06-30T23:08:45+00:00","article_modified_time":"2021-06-30T23:08:48+00:00","og_image":[{"width":910,"height":512,"url":"https:\/\/www.cidademarketing.com.br\/marketing\/wp-content\/uploads\/2019\/04\/cbf_novamarca.png","type":"image\/png"}],"author":"Thales Brand\u00e3o","twitter_card":"summary_large_image","twitter_creator":"@http:\/\/www.twitter.com\/thalesbrandao","twitter_site":"@CidadeMarketing","twitter_misc":{"Escrito por":"Thales Brand\u00e3o","Est. tempo de leitura":"2 minutos"},"schema":{"@context":"https:\/\/schema.org","@graph":[{"@type":"Article","@id":"https:\/\/www.cidademarketing.com.br\/marketing\/2021\/06\/30\/cbf-tera-de-responder-por-que-nao-utiliza-o-numero-24-no-uniforme-da-selecao-na-copa-america\/#article","isPartOf":{"@id":"https:\/\/www.cidademarketing.com.br\/marketing\/2021\/06\/30\/cbf-tera-de-responder-por-que-nao-utiliza-o-numero-24-no-uniforme-da-selecao-na-copa-america\/"},"author":{"name":"Thales Brand\u00e3o","@id":"https:\/\/www.cidademarketing.com.br\/marketing\/#\/schema\/person\/02daff9f18bd9378c9e01eb6b2db155f"},"headline":"CBF ter\u00e1 de responder por que n\u00e3o utiliza o n\u00famero 24 no uniforme da Sele\u00e7\u00e3o na Copa Am\u00e9rica","datePublished":"2021-06-30T23:08:45+00:00","dateModified":"2021-06-30T23:08:48+00:00","mainEntityOfPage":{"@id":"https:\/\/www.cidademarketing.com.br\/marketing\/2021\/06\/30\/cbf-tera-de-responder-por-que-nao-utiliza-o-numero-24-no-uniforme-da-selecao-na-copa-america\/"},"wordCount":416,"commentCount":0,"publisher":{"@id":"https:\/\/www.cidademarketing.com.br\/marketing\/#organization"},"image":{"@id":"https:\/\/www.cidademarketing.com.br\/marketing\/2021\/06\/30\/cbf-tera-de-responder-por-que-nao-utiliza-o-numero-24-no-uniforme-da-selecao-na-copa-america\/#primaryimage"},"thumbnailUrl":"https:\/\/www.cidademarketing.com.br\/marketing\/wp-content\/uploads\/2019\/04\/cbf_novamarca.png","keywords":["CBF","Copa Am\u00e9rica","estrat\u00e9gia","marketing"],"articleSection":["Not\u00edcias"],"inLanguage":"pt-BR","potentialAction":[{"@type":"CommentAction","name":"Comment","target":["https:\/\/www.cidademarketing.com.br\/marketing\/2021\/06\/30\/cbf-tera-de-responder-por-que-nao-utiliza-o-numero-24-no-uniforme-da-selecao-na-copa-america\/#respond"]}]},{"@type":"WebPage","@id":"https:\/\/www.cidademarketing.com.br\/marketing\/2021\/06\/30\/cbf-tera-de-responder-por-que-nao-utiliza-o-numero-24-no-uniforme-da-selecao-na-copa-america\/","url":"https:\/\/www.cidademarketing.com.br\/marketing\/2021\/06\/30\/cbf-tera-de-responder-por-que-nao-utiliza-o-numero-24-no-uniforme-da-selecao-na-copa-america\/","name":"CBF ter\u00e1 de responder por que n\u00e3o utiliza o n\u00famero 24 no uniforme da Sele\u00e7\u00e3o na Copa Am\u00e9rica - CidadeMarketing","isPartOf":{"@id":"https:\/\/www.cidademarketing.com.br\/marketing\/#website"},"primaryImageOfPage":{"@id":"https:\/\/www.cidademarketing.com.br\/marketing\/2021\/06\/30\/cbf-tera-de-responder-por-que-nao-utiliza-o-numero-24-no-uniforme-da-selecao-na-copa-america\/#primaryimage"},"image":{"@id":"https:\/\/www.cidademarketing.com.br\/marketing\/2021\/06\/30\/cbf-tera-de-responder-por-que-nao-utiliza-o-numero-24-no-uniforme-da-selecao-na-copa-america\/#primaryimage"},"thumbnailUrl":"https:\/\/www.cidademarketing.com.br\/marketing\/wp-content\/uploads\/2019\/04\/cbf_novamarca.png","datePublished":"2021-06-30T23:08:45+00:00","dateModified":"2021-06-30T23:08:48+00:00","breadcrumb":{"@id":"https:\/\/www.cidademarketing.com.br\/marketing\/2021\/06\/30\/cbf-tera-de-responder-por-que-nao-utiliza-o-numero-24-no-uniforme-da-selecao-na-copa-america\/#breadcrumb"},"inLanguage":"pt-BR","potentialAction":[{"@type":"ReadAction","target":["https:\/\/www.cidademarketing.com.br\/marketing\/2021\/06\/30\/cbf-tera-de-responder-por-que-nao-utiliza-o-numero-24-no-uniforme-da-selecao-na-copa-america\/"]}]},{"@type":"ImageObject","inLanguage":"pt-BR","@id":"https:\/\/www.cidademarketing.com.br\/marketing\/2021\/06\/30\/cbf-tera-de-responder-por-que-nao-utiliza-o-numero-24-no-uniforme-da-selecao-na-copa-america\/#primaryimage","url":"https:\/\/www.cidademarketing.com.br\/marketing\/wp-content\/uploads\/2019\/04\/cbf_novamarca.png","contentUrl":"https:\/\/www.cidademarketing.com.br\/marketing\/wp-content\/uploads\/2019\/04\/cbf_novamarca.png","width":910,"height":512},{"@type":"BreadcrumbList","@id":"https:\/\/www.cidademarketing.com.br\/marketing\/2021\/06\/30\/cbf-tera-de-responder-por-que-nao-utiliza-o-numero-24-no-uniforme-da-selecao-na-copa-america\/#breadcrumb","itemListElement":[{"@type":"ListItem","position":1,"name":"In\u00edcio","item":"https:\/\/www.cidademarketing.com.br\/marketing\/"},{"@type":"ListItem","position":2,"name":"CBF ter\u00e1 de responder por que n\u00e3o utiliza o n\u00famero 24 no uniforme da Sele\u00e7\u00e3o na Copa Am\u00e9rica"}]},{"@type":"WebSite","@id":"https:\/\/www.cidademarketing.com.br\/marketing\/#website","url":"https:\/\/www.cidademarketing.com.br\/marketing\/","name":"CidadeMarketing","description":"Somos um ve\u00edculo de comunica\u00e7\u00e3o de destaque no Brasil, reconhecido por conte\u00fados nos segmentos de marketing, empreendedorismo e inova\u00e7\u00e3o.","publisher":{"@id":"https:\/\/www.cidademarketing.com.br\/marketing\/#organization"},"alternateName":"CidadeMarketing","potentialAction":[{"@type":"SearchAction","target":{"@type":"EntryPoint","urlTemplate":"https:\/\/www.cidademarketing.com.br\/marketing\/?s={search_term_string}"},"query-input":{"@type":"PropertyValueSpecification","valueRequired":true,"valueName":"search_term_string"}}],"inLanguage":"pt-BR"},{"@type":"Organization","@id":"https:\/\/www.cidademarketing.com.br\/marketing\/#organization","name":"CidadeMarketing","alternateName":"CidadeMarketing","url":"https:\/\/www.cidademarketing.com.br\/marketing\/","logo":{"@type":"ImageObject","inLanguage":"pt-BR","@id":"https:\/\/www.cidademarketing.com.br\/marketing\/#\/schema\/logo\/image\/","url":"https:\/\/www.cidademarketing.com.br\/marketing\/wp-content\/uploads\/2020\/01\/cidademarketing_marca_mobile.png","contentUrl":"https:\/\/www.cidademarketing.com.br\/marketing\/wp-content\/uploads\/2020\/01\/cidademarketing_marca_mobile.png","width":230,"height":92,"caption":"CidadeMarketing"},"image":{"@id":"https:\/\/www.cidademarketing.com.br\/marketing\/#\/schema\/logo\/image\/"},"sameAs":["https:\/\/www.facebook.com\/portalcidademarketing","https:\/\/x.com\/CidadeMarketing","https:\/\/www.instagram.com\/cidademarketing\/"]},{"@type":"Person","@id":"https:\/\/www.cidademarketing.com.br\/marketing\/#\/schema\/person\/02daff9f18bd9378c9e01eb6b2db155f","name":"Thales Brand\u00e3o","image":{"@type":"ImageObject","inLanguage":"pt-BR","@id":"https:\/\/secure.gravatar.com\/avatar\/7ca3206950207cc3cb48feec56a8a7898741ab725c368d99d5d7a5a50aab80c6?s=96&d=mm&r=g","url":"https:\/\/secure.gravatar.com\/avatar\/7ca3206950207cc3cb48feec56a8a7898741ab725c368d99d5d7a5a50aab80c6?s=96&d=mm&r=g","contentUrl":"https:\/\/secure.gravatar.com\/avatar\/7ca3206950207cc3cb48feec56a8a7898741ab725c368d99d5d7a5a50aab80c6?s=96&d=mm&r=g","caption":"Thales Brand\u00e3o"},"description":"Editor Executivo do Portal CidadeMarketing.com.br &gt; Mestre em Comunica\u00e7\u00e3o e Sociedade pela Universidade Federal de Sergipe. Possui MBA Executivo em Administra\u00e7\u00e3o com \u00eanfase em Marketing pela Funda\u00e7\u00e3o Get\u00falio Vargas - Rio de Janeiro. Consultor, Palestrante e Pesquisador sobre Empreendedorismo, Marketing, Redes Sociais e Neg\u00f3cios Digitais. Professor, Palestrante TedxTalks e Campus Party. Twitter: @ThalesBrandao","sameAs":["http:\/\/www.mandacaru.com.br","https:\/\/www.facebook.com\/thalesbrandao","http:\/\/www.instagram.com.br\/thalesbrandaoferreira","https:\/\/www.linkedin.com\/in\/thales-brand\u00e3o-3948609\/","https:\/\/x.com\/http:\/\/www.twitter.com\/thalesbrandao"],"url":"https:\/\/www.cidademarketing.com.br\/marketing\/author\/thalesbrandao\/"}]}},"amp_enabled":true,"_links":{"self":[{"href":"https:\/\/www.cidademarketing.com.br\/marketing\/wp-json\/wp\/v2\/posts\/24789","targetHints":{"allow":["GET"]}}],"collection":[{"href":"https:\/\/www.cidademarketing.com.br\/marketing\/wp-json\/wp\/v2\/posts"}],"about":[{"href":"https:\/\/www.cidademarketing.com.br\/marketing\/wp-json\/wp\/v2\/types\/post"}],"author":[{"embeddable":true,"href":"https:\/\/www.cidademarketing.com.br\/marketing\/wp-json\/wp\/v2\/users\/1"}],"replies":[{"embeddable":true,"href":"https:\/\/www.cidademarketing.com.br\/marketing\/wp-json\/wp\/v2\/comments?post=24789"}],"version-history":[{"count":1,"href":"https:\/\/www.cidademarketing.com.br\/marketing\/wp-json\/wp\/v2\/posts\/24789\/revisions"}],"predecessor-version":[{"id":24790,"href":"https:\/\/www.cidademarketing.com.br\/marketing\/wp-json\/wp\/v2\/posts\/24789\/revisions\/24790"}],"wp:featuredmedia":[{"embeddable":true,"href":"https:\/\/www.cidademarketing.com.br\/marketing\/wp-json\/wp\/v2\/media\/7522"}],"wp:attachment":[{"href":"https:\/\/www.cidademarketing.com.br\/marketing\/wp-json\/wp\/v2\/media?parent=24789"}],"wp:term":[{"taxonomy":"category","embeddable":true,"href":"https:\/\/www.cidademarketing.com.br\/marketing\/wp-json\/wp\/v2\/categories?post=24789"},{"taxonomy":"post_tag","embeddable":true,"href":"https:\/\/www.cidademarketing.com.br\/marketing\/wp-json\/wp\/v2\/tags?post=24789"}],"curies":[{"name":"wp","href":"https:\/\/api.w.org\/{rel}","templated":true}]}}