{"id":24765,"date":"2021-06-30T12:50:43","date_gmt":"2021-06-30T15:50:43","guid":{"rendered":"https:\/\/www.cidademarketing.com.br\/marketing\/?p=24765"},"modified":"2021-06-30T12:50:45","modified_gmt":"2021-06-30T15:50:45","slug":"renault-a-voz-dos-veiculos-eletricos","status":"publish","type":"post","link":"https:\/\/www.cidademarketing.com.br\/marketing\/2021\/06\/30\/renault-a-voz-dos-veiculos-eletricos\/","title":{"rendered":"Renault: A voz dos ve\u00edculos el\u00e9tricos"},"content":{"rendered":"\n<p>Pode parecer um paradoxo agregar um som a um ve\u00edculo el\u00e9trico que \u00e9 silencioso por natureza e, portanto, virtuoso do ponto de vista do ambiente sonoro. Entretanto, isso \u00e9 necess\u00e1rio por raz\u00f5es de seguran\u00e7a. Sem um som de alerta externo, os pedestres n\u00e3o ouviriam um ve\u00edculo el\u00e9trico se aproximando em baixa velocidade. Os condutores tamb\u00e9m sentem a necessidade de serem ouvidos em qualquer circunst\u00e2ncia, principalmente na cidade. Batizado de VSP (Vehicle Sound for Pedestriansou sons de ve\u00edculo para pedestres), este alerta \u00e9 obrigat\u00f3rio nos ve\u00edculos el\u00e9tricos, fazendo parte dos &nbsp;par\u00e2metros de desenvolvimento. Se \u201calertar tranquilizando\u201d \u00e9 a prioridade, os desafios do&nbsp;design sonoro abrem muitas outras oportunidades e caminhos fascinantes.<\/p>\n\n\n\n<p>\u201cO que mais chama a aten\u00e7\u00e3o quando voc\u00ea est\u00e1 dentro de um carro el\u00e9trico&nbsp;\u00e9 o sil\u00eancio. Por isso, precisamos dar uma voz para este sil\u00eancio\u201d, conta Laurent Worms, respons\u00e1vel pela Experi\u00eancia Sonora do Cliente, Renault Group<\/p>\n\n\n\n<p><strong>O som do sil\u00eancio<\/strong><\/p>\n\n\n\n<p>Desde os primeiros carros-conceito el\u00e9tricos, a Renault assumiu um protagonismo como pioneira do desenvolvimento de um VSP espec\u00edfico. A concretiza\u00e7\u00e3o aconteceu em 2012, com a vers\u00e3o de produ\u00e7\u00e3o em s\u00e9rie do ZOE, cujo som de alerta deveria significar \u201csou el\u00e9trico, sou vanguardista, sou um Renault\u201d. Por\u00e9m, era preciso um som que tamb\u00e9m fosse associado \u00e0 Renault e aos seus valores, com foco no ser humano; um som caracter\u00edstico, para ser posteriormente utilizado em outros modelos el\u00e9tricos Renault. \u201cA ideia \u00e9, sim, alertar os pedestres, mas sem provocar medo! E ainda por cima associando positivamente este alerta ao carro el\u00e9trico e \u00e0 marca Renault\u201d, explica Laurent Worms.<\/p>\n\n\n\n<p>Hoje a Renault est\u00e1 preparando uma nova gera\u00e7\u00e3o de modelos el\u00e9tricos, que ser\u00e3o principalmente derivados dos show cars Megane eVision e R5 Prototype, dando continuidade a uma hist\u00f3ria e inventando para eles o som externo do amanh\u00e3. Um som desenvolvido, assim como foram os primeiros, nos est\u00fadios e os laborat\u00f3rios desprovidos de ru\u00eddos da equipe de pesquisa de Percep\u00e7\u00e3o e Design Sonoro (PDS) do IRCAM em Paris.&nbsp;<\/p>\n\n\n\n<p><strong>Partitura bem transcrita, instrumentos bem afinados<\/strong><\/p>\n\n\n\n<p>Isso porque o design sonoro \u00e9 um trabalho de equipe. Ele exige vis\u00e3o e tecnicidade, paci\u00eancia e aten\u00e7\u00e3o aos detalhes, associando v\u00e1rias \u00e1reas do Renault Group como Produto, Design e Engenharia. Ele tamb\u00e9m mobiliza parceiros e especialistas externos na cria\u00e7\u00e3o de um VSP. A parceria entre o Renault Group e a IRCAM come\u00e7ou em 1994, bem antes de a Renault escolher a motoriza\u00e7\u00e3o el\u00e9trica para o futuro do autom\u00f3vel. Parece que esta rela\u00e7\u00e3o hist\u00f3rica at\u00e9 j\u00e1 deu origem a voca\u00e7\u00f5es: Laurent Worms e outros colaboradores deram seus primeiros passos no IRCAM, antes de ingressar na Renault para trabalhar com ac\u00fastica aplicada.<\/p>\n\n\n\n<p>\u201cTenho a fun\u00e7\u00e3o de dar um norte. Eu me baseio em um grande acervo de feedbacks dos nossos clientes e nas tend\u00eancias atuais para elaborar as especifica\u00e7\u00f5es do projeto de sons, com uma descri\u00e7\u00e3o dos ambientes e evoca\u00e7\u00f5es esperadas, em linha com o DNA da marca\u201d, conta&nbsp;Laurent Worms.<\/p>\n\n\n\n<p>Para os sons dos futuros modelos el\u00e9tricos da Renault, era preciso evoluir mantendo uma rela\u00e7\u00e3o com as produ\u00e7\u00f5es anteriores. O IRCAM tem um know-how em pesquisa b\u00e1sica, ac\u00fastica, m\u00fasica e som bastante valorizado para este tipo de aplica\u00e7\u00e3o industrial e sua s\u00e9rie de limita\u00e7\u00f5es. Sob a batuta de Nicolas Misdariis, diretor de Pesquisa e respons\u00e1vel pelas equipes de PDS, e Andrea Cera,&nbsp;compositor e designer de sons que j\u00e1 trabalha com as equipes de PDS h\u00e1 v\u00e1rios anos inclusive em rela\u00e7\u00e3o \u00e0s quest\u00f5es associadas ao design sonoro veicular, o trabalho podia come\u00e7ar.<\/p>\n\n\n\n<p>A primeira etapa de um projeto dessa amplitude consiste em compreender as necessidades industriais do ponto de vista t\u00e9cnico e ergon\u00f4mico, mas tamb\u00e9m funcional ou de identidade da marca. Em outras palavras, responder \u00e0 pergunta: qual \u00e9 a personalidade necess\u00e1ria e desejada para o som exterior?<\/p>\n\n\n\n<p>O trabalho de transmiss\u00e3o desses dados iniciais \u00e9 feito em sess\u00f5es de briefing das diferentes dimens\u00f5es, baseado em palavras, imagens e at\u00e9 mesmo refer\u00eancias sonoras ou ru\u00eddos, que servem de mat\u00e9ria-prima para expressar, cada um \u00e0 sua maneira, as evoca\u00e7\u00f5es e emo\u00e7\u00f5es que s\u00e3o o foco no trabalho de concep\u00e7\u00e3o sonora que ser\u00e1 feito.<\/p>\n\n\n\n<p>\u201cEste trabalho faz parte de uma longa hist\u00f3ria de parceria e se beneficia de retornos sobre a experi\u00eancia e de usos de mais de dez anos, que permite definir e consolidar conceitos fortes como a intrus\u00e3o. O objetivo \u00e9 responder a uma necessidade essencial em termos de ambiente sonoro: tornar o som o menos intrusivo poss\u00edvel dentro do ve\u00edculo, para maior discri\u00e7\u00e3o e conforto\u201d, explica Nicolas Misdariis.<\/p>\n\n\n\n<p>Depois, \u00e9 preciso converter as inten\u00e7\u00f5es expressadas em materiais sonoros por meio de instrumentos e sons reais (gravados) ou sons sintetizados por computador, com a aplica\u00e7\u00e3o de regras fundamentais de harmonia. Por exemplo, sabemos que um acorde maior ou consonante criar\u00e1 \u2013 melhor do que qualquer outro \u2013 uma sensa\u00e7\u00e3o de tranquilidade ou alegria\u2026 Inversamente, mesmo que seja leve, uma disson\u00e2ncia nesse tipo de acorde vai imediatamente provocar uma tens\u00e3o\u2026 Colocar em estado alerta!<strong>&nbsp;<\/strong>Uma dualidade bastante interessante para um som como um&nbsp;VSP.<\/p>\n\n\n\n<p>O designer sonoro trabalha com estes materiais sonoros combinando-os harmoniosamente. J\u00e1 os ritmos e modula\u00e7\u00f5es oferecem um dos componentes fundamentais do VSP que \u00e9 a interatividade sonora, adaptando-se aos movimentos do carro e contribuindo para criar um som caracter\u00edstico, vivo, \u00fanico e din\u00e2mico.<\/p>\n\n\n\n<p><strong>Uma orquestra bem regida<\/strong><\/p>\n\n\n\n<p>Ap\u00f3s as etapas de pesquisa, v\u00e1rias dire\u00e7\u00f5es ou proposi\u00e7\u00f5es s\u00e3o delineadas. Neste est\u00e1gio, aparecem perguntas e at\u00e9 mesmo d\u00favidas. Todos correm o risco de construir sua aprecia\u00e7\u00e3o com base em seus pr\u00f3prios gostos. Este \u00e9 o primeiro perigo. Outra armadilha \u00e9 querer conciliar todas as opini\u00f5es\u2026 inevitavelmente inconcili\u00e1veis. O papel do gestor respons\u00e1vel pela experi\u00eancia sonora do cliente tamb\u00e9m \u00e9 assegurar a coer\u00eancia definida no in\u00edcio do projeto e em equipe, para defend\u00ea-la durante todo o projeto. E na hora de decidir, \u00e9 fundamental que assumir o car\u00e1ter forte e at\u00e9 mesmo divisivo do som escolhido para expressar a identidade. Este \u00e9 um pr\u00e9-requisito para um som diferenciador, capaz de perdurar no tempo. \u00c9 esta a abordagem adotada pela Renault.<\/p>\n\n\n\n<p>A palavra final fica a cargo de Laurent Worms: \u201cMeu sonho \u00e9 que a assinatura sonora dos futuros carros el\u00e9tricos da Renault remeta a uma emo\u00e7\u00e3o semelhante \u00e0 marca deixada por um perfume sedutor, contribuindo para um melhor ambiente sonoro para nossas cidades do amanh\u00e3.\u201d<\/p>\n\n\n\n<p>Desejamos tudo de melhor \u00e0s equipes respons\u00e1veis pelo desenvolvimento deste novo som, que conheceremos em breve no novo Megane E-TECH&nbsp;Electric!<\/p>\n\n\n\n<p><strong>BOX #1<\/strong><\/p>\n\n\n\n<p><strong>Laurent WORMS: especialista em \u00e1udio e m\u00fasico bem-sucedido<\/strong><\/p>\n\n\n\n<p>Laurent \u00e9 apaixonado pelo design sonoro e novas tecnologias de \u00e1udio. Por tr\u00e1s do engenheiro e especialista com diploma de estudos avan\u00e7ados (DEA) em ac\u00fastica aplicada \u00e0 m\u00fasica pelo IRCAM, se esconde um m\u00fasico que toca v\u00e1rios instrumentos. Quando surge uma oportunidade, Laurent canta e toca guitarra com uma banda cover de pop\/rock, que se apresenta em shows. Laurent tamb\u00e9m comp\u00f5e m\u00fasica computadorizada, combinando tecnologias anal\u00f3gicas e digitais. Isso \u00e9 o que se pode chamar de harmonizar o som tanto em nome da paix\u00e3o como da profiss\u00e3o.&nbsp;<\/p>\n\n\n\n<p><strong>BOX #2<\/strong><\/p>\n\n\n\n<p><strong>Renault Group e a IRCAM: mais de um quarto de s\u00e9culo de parceria<\/strong><\/p>\n\n\n\n<p>Fundado por Pierre Boulez, o IRCAM (Instituto de Pesquisa e Coordena\u00e7\u00e3o de Ac\u00fastica e M\u00fasica) \u00e9 associado ao\u00a0Centre Pompidou\u00a0sob a tutela do Minist\u00e9rio da Cultura da Fran\u00e7a. Desde sua cria\u00e7\u00e3o, em 1977, o IRCAM tem a miss\u00e3o fundamental de fomentar a intera\u00e7\u00e3o entre pesquisa cient\u00edfica, desenvolvimento tecnol\u00f3gico e cria\u00e7\u00e3o musical contempor\u00e2nea. Esta articula\u00e7\u00e3o constitui o principal eixo estruturante de todas suas atividades, materializada em seu laborat\u00f3rio STMS que, por meio de sete equipes de pesquisa, desenvolve diferentes componentes de ci\u00eancia e tecnologia da m\u00fasica e do som.\u00a0<\/p>\n\n\n\n<p>Para o Renault Group, o IRCAM tem trabalhado desde 1994 em temas que variam desde a qualidade sonora de motores e alertas sonoros at\u00e9 a sonoriza\u00e7\u00e3o da cabine e assinatura externa dos ve\u00edculos.&nbsp; Mais recentemente, o IRCAM e principalmente&nbsp;Andrea Cera e Nicolas Misdariis atuaram sucessivamente nos projetos de pesquisa sonora associados ao Renault ZOE e aos carros-conceito DeZir, Frendzy, Twin Z, TreZor e SYMBIOZ.<\/p>\n","protected":false},"excerpt":{"rendered":"<p>Pode parecer um paradoxo agregar um som a um ve\u00edculo el\u00e9trico que \u00e9 silencioso por natureza e, portanto, virtuoso do ponto de vista do ambiente sonoro. Entretanto, isso \u00e9 necess\u00e1rio por raz\u00f5es de seguran\u00e7a. Sem um som de alerta externo, os pedestres n\u00e3o ouviriam um ve\u00edculo el\u00e9trico se aproximando em baixa velocidade. Os condutores tamb\u00e9m [&hellip;]<\/p>\n","protected":false},"author":1,"featured_media":24766,"comment_status":"open","ping_status":"open","sticky":false,"template":"","format":"standard","meta":{"tdm_status":"","tdm_grid_status":"","footnotes":""},"categories":[6],"tags":[33,28,134],"class_list":["post-24765","post","type-post","status-publish","format-standard","has-post-thumbnail","hentry","category-noticias","tag-estrategia","tag-marketing","tag-renault"],"yoast_head":"<!-- This site is optimized with the Yoast SEO plugin v27.5 - https:\/\/yoast.com\/product\/yoast-seo-wordpress\/ -->\n<title>Renault: A voz dos ve\u00edculos el\u00e9tricos - CidadeMarketing<\/title>\n<meta name=\"robots\" content=\"index, follow, max-snippet:-1, max-image-preview:large, max-video-preview:-1\" \/>\n<link rel=\"canonical\" href=\"https:\/\/www.cidademarketing.com.br\/marketing\/2021\/06\/30\/renault-a-voz-dos-veiculos-eletricos\/\" \/>\n<meta property=\"og:locale\" content=\"pt_BR\" \/>\n<meta property=\"og:type\" content=\"article\" \/>\n<meta property=\"og:title\" content=\"Renault: A voz dos ve\u00edculos el\u00e9tricos - CidadeMarketing\" \/>\n<meta property=\"og:description\" content=\"Pode parecer um paradoxo agregar um som a um ve\u00edculo el\u00e9trico que \u00e9 silencioso por natureza e, portanto, virtuoso do ponto de vista do ambiente sonoro. Entretanto, isso \u00e9 necess\u00e1rio por raz\u00f5es de seguran\u00e7a. Sem um som de alerta externo, os pedestres n\u00e3o ouviriam um ve\u00edculo el\u00e9trico se aproximando em baixa velocidade. Os condutores tamb\u00e9m [&hellip;]\" \/>\n<meta property=\"og:url\" content=\"https:\/\/www.cidademarketing.com.br\/marketing\/2021\/06\/30\/renault-a-voz-dos-veiculos-eletricos\/\" \/>\n<meta property=\"og:site_name\" content=\"CidadeMarketing\" \/>\n<meta property=\"article:publisher\" content=\"https:\/\/www.facebook.com\/portalcidademarketing\" \/>\n<meta property=\"article:author\" content=\"https:\/\/www.facebook.com\/thalesbrandao\" \/>\n<meta property=\"article:published_time\" content=\"2021-06-30T15:50:43+00:00\" \/>\n<meta property=\"article:modified_time\" content=\"2021-06-30T15:50:45+00:00\" \/>\n<meta property=\"og:image\" content=\"https:\/\/www.cidademarketing.com.br\/marketing\/wp-content\/uploads\/2021\/06\/renault_carroseletricos.jpg\" \/>\n\t<meta property=\"og:image:width\" content=\"1060\" \/>\n\t<meta property=\"og:image:height\" content=\"596\" \/>\n\t<meta property=\"og:image:type\" content=\"image\/jpeg\" \/>\n<meta name=\"author\" content=\"Thales Brand\u00e3o\" \/>\n<meta name=\"twitter:card\" content=\"summary_large_image\" \/>\n<meta name=\"twitter:creator\" content=\"@http:\/\/www.twitter.com\/thalesbrandao\" \/>\n<meta name=\"twitter:site\" content=\"@CidadeMarketing\" \/>\n<meta name=\"twitter:label1\" content=\"Escrito por\" \/>\n\t<meta name=\"twitter:data1\" content=\"Thales Brand\u00e3o\" \/>\n\t<meta name=\"twitter:label2\" content=\"Est. tempo de leitura\" \/>\n\t<meta name=\"twitter:data2\" content=\"7 minutos\" \/>\n<script type=\"application\/ld+json\" class=\"yoast-schema-graph\">{\"@context\":\"https:\\\/\\\/schema.org\",\"@graph\":[{\"@type\":\"Article\",\"@id\":\"https:\\\/\\\/www.cidademarketing.com.br\\\/marketing\\\/2021\\\/06\\\/30\\\/renault-a-voz-dos-veiculos-eletricos\\\/#article\",\"isPartOf\":{\"@id\":\"https:\\\/\\\/www.cidademarketing.com.br\\\/marketing\\\/2021\\\/06\\\/30\\\/renault-a-voz-dos-veiculos-eletricos\\\/\"},\"author\":{\"name\":\"Thales Brand\u00e3o\",\"@id\":\"https:\\\/\\\/www.cidademarketing.com.br\\\/marketing\\\/#\\\/schema\\\/person\\\/02daff9f18bd9378c9e01eb6b2db155f\"},\"headline\":\"Renault: A voz dos ve\u00edculos el\u00e9tricos\",\"datePublished\":\"2021-06-30T15:50:43+00:00\",\"dateModified\":\"2021-06-30T15:50:45+00:00\",\"mainEntityOfPage\":{\"@id\":\"https:\\\/\\\/www.cidademarketing.com.br\\\/marketing\\\/2021\\\/06\\\/30\\\/renault-a-voz-dos-veiculos-eletricos\\\/\"},\"wordCount\":1464,\"commentCount\":0,\"publisher\":{\"@id\":\"https:\\\/\\\/www.cidademarketing.com.br\\\/marketing\\\/#organization\"},\"image\":{\"@id\":\"https:\\\/\\\/www.cidademarketing.com.br\\\/marketing\\\/2021\\\/06\\\/30\\\/renault-a-voz-dos-veiculos-eletricos\\\/#primaryimage\"},\"thumbnailUrl\":\"https:\\\/\\\/www.cidademarketing.com.br\\\/marketing\\\/wp-content\\\/uploads\\\/2021\\\/06\\\/renault_carroseletricos.jpg\",\"keywords\":[\"estrat\u00e9gia\",\"marketing\",\"Renault\"],\"articleSection\":[\"Not\u00edcias\"],\"inLanguage\":\"pt-BR\",\"potentialAction\":[{\"@type\":\"CommentAction\",\"name\":\"Comment\",\"target\":[\"https:\\\/\\\/www.cidademarketing.com.br\\\/marketing\\\/2021\\\/06\\\/30\\\/renault-a-voz-dos-veiculos-eletricos\\\/#respond\"]}]},{\"@type\":\"WebPage\",\"@id\":\"https:\\\/\\\/www.cidademarketing.com.br\\\/marketing\\\/2021\\\/06\\\/30\\\/renault-a-voz-dos-veiculos-eletricos\\\/\",\"url\":\"https:\\\/\\\/www.cidademarketing.com.br\\\/marketing\\\/2021\\\/06\\\/30\\\/renault-a-voz-dos-veiculos-eletricos\\\/\",\"name\":\"Renault: A voz dos ve\u00edculos el\u00e9tricos - CidadeMarketing\",\"isPartOf\":{\"@id\":\"https:\\\/\\\/www.cidademarketing.com.br\\\/marketing\\\/#website\"},\"primaryImageOfPage\":{\"@id\":\"https:\\\/\\\/www.cidademarketing.com.br\\\/marketing\\\/2021\\\/06\\\/30\\\/renault-a-voz-dos-veiculos-eletricos\\\/#primaryimage\"},\"image\":{\"@id\":\"https:\\\/\\\/www.cidademarketing.com.br\\\/marketing\\\/2021\\\/06\\\/30\\\/renault-a-voz-dos-veiculos-eletricos\\\/#primaryimage\"},\"thumbnailUrl\":\"https:\\\/\\\/www.cidademarketing.com.br\\\/marketing\\\/wp-content\\\/uploads\\\/2021\\\/06\\\/renault_carroseletricos.jpg\",\"datePublished\":\"2021-06-30T15:50:43+00:00\",\"dateModified\":\"2021-06-30T15:50:45+00:00\",\"breadcrumb\":{\"@id\":\"https:\\\/\\\/www.cidademarketing.com.br\\\/marketing\\\/2021\\\/06\\\/30\\\/renault-a-voz-dos-veiculos-eletricos\\\/#breadcrumb\"},\"inLanguage\":\"pt-BR\",\"potentialAction\":[{\"@type\":\"ReadAction\",\"target\":[\"https:\\\/\\\/www.cidademarketing.com.br\\\/marketing\\\/2021\\\/06\\\/30\\\/renault-a-voz-dos-veiculos-eletricos\\\/\"]}]},{\"@type\":\"ImageObject\",\"inLanguage\":\"pt-BR\",\"@id\":\"https:\\\/\\\/www.cidademarketing.com.br\\\/marketing\\\/2021\\\/06\\\/30\\\/renault-a-voz-dos-veiculos-eletricos\\\/#primaryimage\",\"url\":\"https:\\\/\\\/www.cidademarketing.com.br\\\/marketing\\\/wp-content\\\/uploads\\\/2021\\\/06\\\/renault_carroseletricos.jpg\",\"contentUrl\":\"https:\\\/\\\/www.cidademarketing.com.br\\\/marketing\\\/wp-content\\\/uploads\\\/2021\\\/06\\\/renault_carroseletricos.jpg\",\"width\":1060,\"height\":596,\"caption\":\"Divulga\u00e7\u00e3o\"},{\"@type\":\"BreadcrumbList\",\"@id\":\"https:\\\/\\\/www.cidademarketing.com.br\\\/marketing\\\/2021\\\/06\\\/30\\\/renault-a-voz-dos-veiculos-eletricos\\\/#breadcrumb\",\"itemListElement\":[{\"@type\":\"ListItem\",\"position\":1,\"name\":\"In\u00edcio\",\"item\":\"https:\\\/\\\/www.cidademarketing.com.br\\\/marketing\\\/\"},{\"@type\":\"ListItem\",\"position\":2,\"name\":\"Renault: A voz dos ve\u00edculos el\u00e9tricos\"}]},{\"@type\":\"WebSite\",\"@id\":\"https:\\\/\\\/www.cidademarketing.com.br\\\/marketing\\\/#website\",\"url\":\"https:\\\/\\\/www.cidademarketing.com.br\\\/marketing\\\/\",\"name\":\"CidadeMarketing\",\"description\":\"Somos um ve\u00edculo de comunica\u00e7\u00e3o de destaque no Brasil, reconhecido por conte\u00fados nos segmentos de marketing, empreendedorismo e inova\u00e7\u00e3o.\",\"publisher\":{\"@id\":\"https:\\\/\\\/www.cidademarketing.com.br\\\/marketing\\\/#organization\"},\"alternateName\":\"CidadeMarketing\",\"potentialAction\":[{\"@type\":\"SearchAction\",\"target\":{\"@type\":\"EntryPoint\",\"urlTemplate\":\"https:\\\/\\\/www.cidademarketing.com.br\\\/marketing\\\/?s={search_term_string}\"},\"query-input\":{\"@type\":\"PropertyValueSpecification\",\"valueRequired\":true,\"valueName\":\"search_term_string\"}}],\"inLanguage\":\"pt-BR\"},{\"@type\":\"Organization\",\"@id\":\"https:\\\/\\\/www.cidademarketing.com.br\\\/marketing\\\/#organization\",\"name\":\"CidadeMarketing\",\"alternateName\":\"CidadeMarketing\",\"url\":\"https:\\\/\\\/www.cidademarketing.com.br\\\/marketing\\\/\",\"logo\":{\"@type\":\"ImageObject\",\"inLanguage\":\"pt-BR\",\"@id\":\"https:\\\/\\\/www.cidademarketing.com.br\\\/marketing\\\/#\\\/schema\\\/logo\\\/image\\\/\",\"url\":\"https:\\\/\\\/www.cidademarketing.com.br\\\/marketing\\\/wp-content\\\/uploads\\\/2020\\\/01\\\/cidademarketing_marca_mobile.png\",\"contentUrl\":\"https:\\\/\\\/www.cidademarketing.com.br\\\/marketing\\\/wp-content\\\/uploads\\\/2020\\\/01\\\/cidademarketing_marca_mobile.png\",\"width\":230,\"height\":92,\"caption\":\"CidadeMarketing\"},\"image\":{\"@id\":\"https:\\\/\\\/www.cidademarketing.com.br\\\/marketing\\\/#\\\/schema\\\/logo\\\/image\\\/\"},\"sameAs\":[\"https:\\\/\\\/www.facebook.com\\\/portalcidademarketing\",\"https:\\\/\\\/x.com\\\/CidadeMarketing\",\"https:\\\/\\\/www.instagram.com\\\/cidademarketing\\\/\"]},{\"@type\":\"Person\",\"@id\":\"https:\\\/\\\/www.cidademarketing.com.br\\\/marketing\\\/#\\\/schema\\\/person\\\/02daff9f18bd9378c9e01eb6b2db155f\",\"name\":\"Thales Brand\u00e3o\",\"image\":{\"@type\":\"ImageObject\",\"inLanguage\":\"pt-BR\",\"@id\":\"https:\\\/\\\/secure.gravatar.com\\\/avatar\\\/7ca3206950207cc3cb48feec56a8a7898741ab725c368d99d5d7a5a50aab80c6?s=96&d=mm&r=g\",\"url\":\"https:\\\/\\\/secure.gravatar.com\\\/avatar\\\/7ca3206950207cc3cb48feec56a8a7898741ab725c368d99d5d7a5a50aab80c6?s=96&d=mm&r=g\",\"contentUrl\":\"https:\\\/\\\/secure.gravatar.com\\\/avatar\\\/7ca3206950207cc3cb48feec56a8a7898741ab725c368d99d5d7a5a50aab80c6?s=96&d=mm&r=g\",\"caption\":\"Thales Brand\u00e3o\"},\"description\":\"Editor Executivo do Portal CidadeMarketing.com.br &gt; Mestre em Comunica\u00e7\u00e3o e Sociedade pela Universidade Federal de Sergipe. Possui MBA Executivo em Administra\u00e7\u00e3o com \u00eanfase em Marketing pela Funda\u00e7\u00e3o Get\u00falio Vargas - Rio de Janeiro. Consultor, Palestrante e Pesquisador sobre Empreendedorismo, Marketing, Redes Sociais e Neg\u00f3cios Digitais. Professor, Palestrante TedxTalks e Campus Party. Twitter: @ThalesBrandao\",\"sameAs\":[\"http:\\\/\\\/www.mandacaru.com.br\",\"https:\\\/\\\/www.facebook.com\\\/thalesbrandao\",\"http:\\\/\\\/www.instagram.com.br\\\/thalesbrandaoferreira\",\"https:\\\/\\\/www.linkedin.com\\\/in\\\/thales-brand\u00e3o-3948609\\\/\",\"https:\\\/\\\/x.com\\\/http:\\\/\\\/www.twitter.com\\\/thalesbrandao\"],\"url\":\"https:\\\/\\\/www.cidademarketing.com.br\\\/marketing\\\/author\\\/thalesbrandao\\\/\"}]}<\/script>\n<!-- \/ Yoast SEO plugin. -->","yoast_head_json":{"title":"Renault: A voz dos ve\u00edculos el\u00e9tricos - CidadeMarketing","robots":{"index":"index","follow":"follow","max-snippet":"max-snippet:-1","max-image-preview":"max-image-preview:large","max-video-preview":"max-video-preview:-1"},"canonical":"https:\/\/www.cidademarketing.com.br\/marketing\/2021\/06\/30\/renault-a-voz-dos-veiculos-eletricos\/","og_locale":"pt_BR","og_type":"article","og_title":"Renault: A voz dos ve\u00edculos el\u00e9tricos - CidadeMarketing","og_description":"Pode parecer um paradoxo agregar um som a um ve\u00edculo el\u00e9trico que \u00e9 silencioso por natureza e, portanto, virtuoso do ponto de vista do ambiente sonoro. Entretanto, isso \u00e9 necess\u00e1rio por raz\u00f5es de seguran\u00e7a. Sem um som de alerta externo, os pedestres n\u00e3o ouviriam um ve\u00edculo el\u00e9trico se aproximando em baixa velocidade. Os condutores tamb\u00e9m [&hellip;]","og_url":"https:\/\/www.cidademarketing.com.br\/marketing\/2021\/06\/30\/renault-a-voz-dos-veiculos-eletricos\/","og_site_name":"CidadeMarketing","article_publisher":"https:\/\/www.facebook.com\/portalcidademarketing","article_author":"https:\/\/www.facebook.com\/thalesbrandao","article_published_time":"2021-06-30T15:50:43+00:00","article_modified_time":"2021-06-30T15:50:45+00:00","og_image":[{"width":1060,"height":596,"url":"https:\/\/www.cidademarketing.com.br\/marketing\/wp-content\/uploads\/2021\/06\/renault_carroseletricos.jpg","type":"image\/jpeg"}],"author":"Thales Brand\u00e3o","twitter_card":"summary_large_image","twitter_creator":"@http:\/\/www.twitter.com\/thalesbrandao","twitter_site":"@CidadeMarketing","twitter_misc":{"Escrito por":"Thales Brand\u00e3o","Est. tempo de leitura":"7 minutos"},"schema":{"@context":"https:\/\/schema.org","@graph":[{"@type":"Article","@id":"https:\/\/www.cidademarketing.com.br\/marketing\/2021\/06\/30\/renault-a-voz-dos-veiculos-eletricos\/#article","isPartOf":{"@id":"https:\/\/www.cidademarketing.com.br\/marketing\/2021\/06\/30\/renault-a-voz-dos-veiculos-eletricos\/"},"author":{"name":"Thales Brand\u00e3o","@id":"https:\/\/www.cidademarketing.com.br\/marketing\/#\/schema\/person\/02daff9f18bd9378c9e01eb6b2db155f"},"headline":"Renault: A voz dos ve\u00edculos el\u00e9tricos","datePublished":"2021-06-30T15:50:43+00:00","dateModified":"2021-06-30T15:50:45+00:00","mainEntityOfPage":{"@id":"https:\/\/www.cidademarketing.com.br\/marketing\/2021\/06\/30\/renault-a-voz-dos-veiculos-eletricos\/"},"wordCount":1464,"commentCount":0,"publisher":{"@id":"https:\/\/www.cidademarketing.com.br\/marketing\/#organization"},"image":{"@id":"https:\/\/www.cidademarketing.com.br\/marketing\/2021\/06\/30\/renault-a-voz-dos-veiculos-eletricos\/#primaryimage"},"thumbnailUrl":"https:\/\/www.cidademarketing.com.br\/marketing\/wp-content\/uploads\/2021\/06\/renault_carroseletricos.jpg","keywords":["estrat\u00e9gia","marketing","Renault"],"articleSection":["Not\u00edcias"],"inLanguage":"pt-BR","potentialAction":[{"@type":"CommentAction","name":"Comment","target":["https:\/\/www.cidademarketing.com.br\/marketing\/2021\/06\/30\/renault-a-voz-dos-veiculos-eletricos\/#respond"]}]},{"@type":"WebPage","@id":"https:\/\/www.cidademarketing.com.br\/marketing\/2021\/06\/30\/renault-a-voz-dos-veiculos-eletricos\/","url":"https:\/\/www.cidademarketing.com.br\/marketing\/2021\/06\/30\/renault-a-voz-dos-veiculos-eletricos\/","name":"Renault: A voz dos ve\u00edculos el\u00e9tricos - CidadeMarketing","isPartOf":{"@id":"https:\/\/www.cidademarketing.com.br\/marketing\/#website"},"primaryImageOfPage":{"@id":"https:\/\/www.cidademarketing.com.br\/marketing\/2021\/06\/30\/renault-a-voz-dos-veiculos-eletricos\/#primaryimage"},"image":{"@id":"https:\/\/www.cidademarketing.com.br\/marketing\/2021\/06\/30\/renault-a-voz-dos-veiculos-eletricos\/#primaryimage"},"thumbnailUrl":"https:\/\/www.cidademarketing.com.br\/marketing\/wp-content\/uploads\/2021\/06\/renault_carroseletricos.jpg","datePublished":"2021-06-30T15:50:43+00:00","dateModified":"2021-06-30T15:50:45+00:00","breadcrumb":{"@id":"https:\/\/www.cidademarketing.com.br\/marketing\/2021\/06\/30\/renault-a-voz-dos-veiculos-eletricos\/#breadcrumb"},"inLanguage":"pt-BR","potentialAction":[{"@type":"ReadAction","target":["https:\/\/www.cidademarketing.com.br\/marketing\/2021\/06\/30\/renault-a-voz-dos-veiculos-eletricos\/"]}]},{"@type":"ImageObject","inLanguage":"pt-BR","@id":"https:\/\/www.cidademarketing.com.br\/marketing\/2021\/06\/30\/renault-a-voz-dos-veiculos-eletricos\/#primaryimage","url":"https:\/\/www.cidademarketing.com.br\/marketing\/wp-content\/uploads\/2021\/06\/renault_carroseletricos.jpg","contentUrl":"https:\/\/www.cidademarketing.com.br\/marketing\/wp-content\/uploads\/2021\/06\/renault_carroseletricos.jpg","width":1060,"height":596,"caption":"Divulga\u00e7\u00e3o"},{"@type":"BreadcrumbList","@id":"https:\/\/www.cidademarketing.com.br\/marketing\/2021\/06\/30\/renault-a-voz-dos-veiculos-eletricos\/#breadcrumb","itemListElement":[{"@type":"ListItem","position":1,"name":"In\u00edcio","item":"https:\/\/www.cidademarketing.com.br\/marketing\/"},{"@type":"ListItem","position":2,"name":"Renault: A voz dos ve\u00edculos el\u00e9tricos"}]},{"@type":"WebSite","@id":"https:\/\/www.cidademarketing.com.br\/marketing\/#website","url":"https:\/\/www.cidademarketing.com.br\/marketing\/","name":"CidadeMarketing","description":"Somos um ve\u00edculo de comunica\u00e7\u00e3o de destaque no Brasil, reconhecido por conte\u00fados nos segmentos de marketing, empreendedorismo e inova\u00e7\u00e3o.","publisher":{"@id":"https:\/\/www.cidademarketing.com.br\/marketing\/#organization"},"alternateName":"CidadeMarketing","potentialAction":[{"@type":"SearchAction","target":{"@type":"EntryPoint","urlTemplate":"https:\/\/www.cidademarketing.com.br\/marketing\/?s={search_term_string}"},"query-input":{"@type":"PropertyValueSpecification","valueRequired":true,"valueName":"search_term_string"}}],"inLanguage":"pt-BR"},{"@type":"Organization","@id":"https:\/\/www.cidademarketing.com.br\/marketing\/#organization","name":"CidadeMarketing","alternateName":"CidadeMarketing","url":"https:\/\/www.cidademarketing.com.br\/marketing\/","logo":{"@type":"ImageObject","inLanguage":"pt-BR","@id":"https:\/\/www.cidademarketing.com.br\/marketing\/#\/schema\/logo\/image\/","url":"https:\/\/www.cidademarketing.com.br\/marketing\/wp-content\/uploads\/2020\/01\/cidademarketing_marca_mobile.png","contentUrl":"https:\/\/www.cidademarketing.com.br\/marketing\/wp-content\/uploads\/2020\/01\/cidademarketing_marca_mobile.png","width":230,"height":92,"caption":"CidadeMarketing"},"image":{"@id":"https:\/\/www.cidademarketing.com.br\/marketing\/#\/schema\/logo\/image\/"},"sameAs":["https:\/\/www.facebook.com\/portalcidademarketing","https:\/\/x.com\/CidadeMarketing","https:\/\/www.instagram.com\/cidademarketing\/"]},{"@type":"Person","@id":"https:\/\/www.cidademarketing.com.br\/marketing\/#\/schema\/person\/02daff9f18bd9378c9e01eb6b2db155f","name":"Thales Brand\u00e3o","image":{"@type":"ImageObject","inLanguage":"pt-BR","@id":"https:\/\/secure.gravatar.com\/avatar\/7ca3206950207cc3cb48feec56a8a7898741ab725c368d99d5d7a5a50aab80c6?s=96&d=mm&r=g","url":"https:\/\/secure.gravatar.com\/avatar\/7ca3206950207cc3cb48feec56a8a7898741ab725c368d99d5d7a5a50aab80c6?s=96&d=mm&r=g","contentUrl":"https:\/\/secure.gravatar.com\/avatar\/7ca3206950207cc3cb48feec56a8a7898741ab725c368d99d5d7a5a50aab80c6?s=96&d=mm&r=g","caption":"Thales Brand\u00e3o"},"description":"Editor Executivo do Portal CidadeMarketing.com.br &gt; Mestre em Comunica\u00e7\u00e3o e Sociedade pela Universidade Federal de Sergipe. Possui MBA Executivo em Administra\u00e7\u00e3o com \u00eanfase em Marketing pela Funda\u00e7\u00e3o Get\u00falio Vargas - Rio de Janeiro. Consultor, Palestrante e Pesquisador sobre Empreendedorismo, Marketing, Redes Sociais e Neg\u00f3cios Digitais. Professor, Palestrante TedxTalks e Campus Party. Twitter: @ThalesBrandao","sameAs":["http:\/\/www.mandacaru.com.br","https:\/\/www.facebook.com\/thalesbrandao","http:\/\/www.instagram.com.br\/thalesbrandaoferreira","https:\/\/www.linkedin.com\/in\/thales-brand\u00e3o-3948609\/","https:\/\/x.com\/http:\/\/www.twitter.com\/thalesbrandao"],"url":"https:\/\/www.cidademarketing.com.br\/marketing\/author\/thalesbrandao\/"}]}},"amp_enabled":true,"_links":{"self":[{"href":"https:\/\/www.cidademarketing.com.br\/marketing\/wp-json\/wp\/v2\/posts\/24765","targetHints":{"allow":["GET"]}}],"collection":[{"href":"https:\/\/www.cidademarketing.com.br\/marketing\/wp-json\/wp\/v2\/posts"}],"about":[{"href":"https:\/\/www.cidademarketing.com.br\/marketing\/wp-json\/wp\/v2\/types\/post"}],"author":[{"embeddable":true,"href":"https:\/\/www.cidademarketing.com.br\/marketing\/wp-json\/wp\/v2\/users\/1"}],"replies":[{"embeddable":true,"href":"https:\/\/www.cidademarketing.com.br\/marketing\/wp-json\/wp\/v2\/comments?post=24765"}],"version-history":[{"count":1,"href":"https:\/\/www.cidademarketing.com.br\/marketing\/wp-json\/wp\/v2\/posts\/24765\/revisions"}],"predecessor-version":[{"id":24767,"href":"https:\/\/www.cidademarketing.com.br\/marketing\/wp-json\/wp\/v2\/posts\/24765\/revisions\/24767"}],"wp:featuredmedia":[{"embeddable":true,"href":"https:\/\/www.cidademarketing.com.br\/marketing\/wp-json\/wp\/v2\/media\/24766"}],"wp:attachment":[{"href":"https:\/\/www.cidademarketing.com.br\/marketing\/wp-json\/wp\/v2\/media?parent=24765"}],"wp:term":[{"taxonomy":"category","embeddable":true,"href":"https:\/\/www.cidademarketing.com.br\/marketing\/wp-json\/wp\/v2\/categories?post=24765"},{"taxonomy":"post_tag","embeddable":true,"href":"https:\/\/www.cidademarketing.com.br\/marketing\/wp-json\/wp\/v2\/tags?post=24765"}],"curies":[{"name":"wp","href":"https:\/\/api.w.org\/{rel}","templated":true}]}}