{"id":24678,"date":"2021-06-28T21:05:22","date_gmt":"2021-06-29T00:05:22","guid":{"rendered":"https:\/\/www.cidademarketing.com.br\/marketing\/?p=24678"},"modified":"2021-06-28T21:05:25","modified_gmt":"2021-06-29T00:05:25","slug":"o-globo-publica-edicao-especial-pelo-dia-internacional-do-orgulho-lgbtqiap","status":"publish","type":"post","link":"https:\/\/www.cidademarketing.com.br\/marketing\/2021\/06\/28\/o-globo-publica-edicao-especial-pelo-dia-internacional-do-orgulho-lgbtqiap\/","title":{"rendered":"O GLOBO publica edi\u00e7\u00e3o especial pelo Dia Internacional do Orgulho LGBTQIAP+"},"content":{"rendered":"\n<p>Como forma de promover a igualdade e diversidade de g\u00eaneros, e ampliar ainda mais as vozes ao abordar pautas fundamentais da sociedade, <strong>O GLOBO publica<\/strong> nesta <strong>segunda-feira<\/strong>, <strong>dia 28 de junho<\/strong>, uma edi\u00e7\u00e3o especial pelo <strong>Dia Internacional do Orgulho LGBTQIAP+<\/strong>. Com campanha criada pela BETC HAVAS, o jornal faz uma mudan\u00e7a tem\u00e1tica em sua logomarca, pela primeira vez em 95 anos de hist\u00f3ria, em alus\u00e3o ao movimento pol\u00edtico e social em uma publica\u00e7\u00e3o que conta com sobrecapa, caderno exclusivo e superp\u00f4ster.<\/p>\n\n\n\n<p>A iniciativa in\u00e9dita traz uma publica\u00e7\u00e3o especial para a data, que conta com a participa\u00e7\u00e3o de diversos colunistas e influenciadores LGBTQIAP+. Com o economista e ex-BBB 21 Gil do Vigor como destaque do caderno especial, a edi\u00e7\u00e3o tem pautas relacionadas \u00e0 comunidade em diferentes setores, al\u00e9m de um manifesto no verso da sobrecapa dedicada ao tema. A edi\u00e7\u00e3o especial do jornal traz ainda um superp\u00f4ster com a bandeira do orgulho estampada em um formato composto por oito p\u00e1ginas, com conte\u00fado no verso sobre a hist\u00f3ria do movimento LGBTQIAP+ em formato de almanaque.<\/p>\n\n\n\n<p>Com o conceito \u201cSe o orgulho LGBTQIAP+ n\u00e3o foi ouvido na Avenida mais famosa do Brasil esse ano, agora ele pode ser lido por todo o pa\u00eds\u201d, a campanha conta ainda com a\u00e7\u00f5es nos canais digitais da marca O GLOBO, incluindo um filme que divulga a edi\u00e7\u00e3o especial, tamb\u00e9m desenvolvido pela ag\u00eancia, e posts nos canais sociais da marca que trazem a mesma identidade e tem\u00e1tica visual do jornal impresso e online, sob a #OGLBTQIAP+.<\/p>\n\n\n\n<p>Com patroc\u00ednio da SulAm\u00e9rica, o jornal tamb\u00e9m realizar\u00e1 a\u00e7\u00f5es em diversas plataformas da marca, tal como tr\u00eas lives marcadas para os dias 28, 29 e 30 de junho no YouTube e no Facebook do GLOBO para debater temas e quest\u00f5es da popula\u00e7\u00e3o LGBTQIAP+ com especialistas no assunto.<\/p>\n\n\n\n<p>A primeira live, nesta segunda, dia 28, \u00e0s 10h, aborda o mercado de trabalho e o papel das empresas para garantir diversidade em suas equipes e o respeito por funcion\u00e1rios LGBTQIAP+. Na mesa, participam Ricardo Sales, consultor de Diversidade, pesquisador e s\u00f3cio da Mais Diversidade; Ana Carolina Sampaio, l\u00edder de Diversidade &amp; Inclus\u00e3o da L\u2019Or\u00e9al Brasil; Luiz Henrique Oliveira, coordenador da Rede LGBT da Shell Brasil e fundador da TRUEColors; Fl\u00e1via Ramos, diretora de Inclus\u00e3o e Diversidade da Bayer Brasil. A media\u00e7\u00e3o fica por conta do jornalista do GLOBO Alexandre Rodrigues.<\/p>\n\n\n\n<p>Na ter\u00e7a-feira, dia 29 de junho, \u00e0s 10h, a transmiss\u00e3o ao vivo falar\u00e1 sobre sa\u00fade mental. O acolhimento \u00e0s agress\u00f5es di\u00e1rias sofridas pela popula\u00e7\u00e3o LGBTQIAP+ ser\u00e3o discutidas pela roteirista e diretora de teatro e TV Luh Maza; pelo psicanalista e doutor em Psicologia Cl\u00ednica pela USP, Lucas Charafeddine Bulamah; pela atriz Debora Lamm; pelo cantor e compositor Rico Dalasam; e pelo ator Luiz Miranda. O papo ter\u00e1 media\u00e7\u00e3o do jornalista do Extra Ramiro Costa.<\/p>\n\n\n\n<p>A \u00faltima live, na quarta-feira, dia 30, \u00e0s 10h, vai contar com a presen\u00e7a do senador pela Rede-ES Fabiano Contarato; da professora e vereadora de Belo Horizonte (MG), Duda Salabert; do coordenador-executivo da Diversidade Sexual da Prefeitura do Rio, Carlos Tufvesson; e da ativista, vereadora e presidente da Comiss\u00e3o de Direitos Humanos da C\u00e2mara Municipal de SP, Erika Hilton. O jornalista do GLOBO Jo\u00e3o Paulo Saconi estar\u00e1 respons\u00e1vel por mediar o encontro virtual.<\/p>\n\n\n\n<p>Para completar, o podcast Ao Ponto, que de segunda a sexta aborda os principais temas do Brasil e do mundo, debate neste dia 28 assuntos da tem\u00e1tica com a participa\u00e7\u00e3o de representantes LGBTQIAP+. &nbsp;<\/p>\n\n\n\n<p>Diariamente, atrav\u00e9s de suas editorias, no impresso e no on-line, o GLOBO j\u00e1 vem aprofundando quest\u00f5es da popula\u00e7\u00e3o LGBTQIAP+ em mat\u00e9rias e artigos. O respeito ao outro e a valoriza\u00e7\u00e3o da diversidade, em suas m\u00faltiplas manifesta\u00e7\u00f5es, \u00e9 tamb\u00e9m um dos princ\u00edpios do Grupo Globo, por isso a Editora Globo busca esse olhar em todas as suas a\u00e7\u00f5es internas, como processos seletivos e a\u00e7\u00f5es de desenvolvimento de pessoas.<\/p>\n\n\n\n<p><\/p>\n\n\n\n<figure class=\"wp-block-gallery columns-3 is-cropped wp-block-gallery-1 is-layout-flex wp-block-gallery-is-layout-flex\"><ul class=\"blocks-gallery-grid\"><li class=\"blocks-gallery-item\"><figure><img fetchpriority=\"high\" decoding=\"async\" width=\"1024\" height=\"511\" src=\"https:\/\/www.cidademarketing.com.br\/marketing\/wp-content\/uploads\/2021\/06\/120A9664-1-1024x511.jpg\" alt=\"\" data-id=\"24679\" data-full-url=\"https:\/\/www.cidademarketing.com.br\/marketing\/wp-content\/uploads\/2021\/06\/120A9664-1-scaled.jpg\" data-link=\"https:\/\/www.cidademarketing.com.br\/marketing\/?attachment_id=24679\" class=\"wp-image-24679\" srcset=\"https:\/\/www.cidademarketing.com.br\/marketing\/wp-content\/uploads\/2021\/06\/120A9664-1-1024x511.jpg 1024w, https:\/\/www.cidademarketing.com.br\/marketing\/wp-content\/uploads\/2021\/06\/120A9664-1-300x150.jpg 300w, https:\/\/www.cidademarketing.com.br\/marketing\/wp-content\/uploads\/2021\/06\/120A9664-1-768x383.jpg 768w, https:\/\/www.cidademarketing.com.br\/marketing\/wp-content\/uploads\/2021\/06\/120A9664-1-1536x766.jpg 1536w, https:\/\/www.cidademarketing.com.br\/marketing\/wp-content\/uploads\/2021\/06\/120A9664-1-2048x1022.jpg 2048w, https:\/\/www.cidademarketing.com.br\/marketing\/wp-content\/uploads\/2021\/06\/120A9664-1-842x420.jpg 842w, https:\/\/www.cidademarketing.com.br\/marketing\/wp-content\/uploads\/2021\/06\/120A9664-1-640x319.jpg 640w, https:\/\/www.cidademarketing.com.br\/marketing\/wp-content\/uploads\/2021\/06\/120A9664-1-681x340.jpg 681w\" sizes=\"(max-width: 1024px) 100vw, 1024px\" \/><\/figure><\/li><li class=\"blocks-gallery-item\"><figure><img decoding=\"async\" width=\"1024\" height=\"683\" src=\"https:\/\/www.cidademarketing.com.br\/marketing\/wp-content\/uploads\/2021\/06\/120A9884-1024x683.jpg\" alt=\"\" data-id=\"24680\" data-full-url=\"https:\/\/www.cidademarketing.com.br\/marketing\/wp-content\/uploads\/2021\/06\/120A9884-scaled.jpg\" data-link=\"https:\/\/www.cidademarketing.com.br\/marketing\/?attachment_id=24680\" class=\"wp-image-24680\" srcset=\"https:\/\/www.cidademarketing.com.br\/marketing\/wp-content\/uploads\/2021\/06\/120A9884-1024x683.jpg 1024w, https:\/\/www.cidademarketing.com.br\/marketing\/wp-content\/uploads\/2021\/06\/120A9884-300x200.jpg 300w, https:\/\/www.cidademarketing.com.br\/marketing\/wp-content\/uploads\/2021\/06\/120A9884-768x512.jpg 768w, https:\/\/www.cidademarketing.com.br\/marketing\/wp-content\/uploads\/2021\/06\/120A9884-1536x1024.jpg 1536w, https:\/\/www.cidademarketing.com.br\/marketing\/wp-content\/uploads\/2021\/06\/120A9884-2048x1365.jpg 2048w, https:\/\/www.cidademarketing.com.br\/marketing\/wp-content\/uploads\/2021\/06\/120A9884-630x420.jpg 630w, https:\/\/www.cidademarketing.com.br\/marketing\/wp-content\/uploads\/2021\/06\/120A9884-640x427.jpg 640w, https:\/\/www.cidademarketing.com.br\/marketing\/wp-content\/uploads\/2021\/06\/120A9884-681x454.jpg 681w\" sizes=\"(max-width: 1024px) 100vw, 1024px\" \/><\/figure><\/li><li class=\"blocks-gallery-item\"><figure><img decoding=\"async\" width=\"560\" height=\"1024\" src=\"https:\/\/www.cidademarketing.com.br\/marketing\/wp-content\/uploads\/2021\/06\/WhatsApp-Image-2021-06-28-at-10.36.58-1--560x1024.jpg\" alt=\"\" data-id=\"24682\" data-full-url=\"https:\/\/www.cidademarketing.com.br\/marketing\/wp-content\/uploads\/2021\/06\/WhatsApp-Image-2021-06-28-at-10.36.58-1-.jpg\" data-link=\"https:\/\/www.cidademarketing.com.br\/marketing\/?attachment_id=24682\" class=\"wp-image-24682\" srcset=\"https:\/\/www.cidademarketing.com.br\/marketing\/wp-content\/uploads\/2021\/06\/WhatsApp-Image-2021-06-28-at-10.36.58-1--560x1024.jpg 560w, https:\/\/www.cidademarketing.com.br\/marketing\/wp-content\/uploads\/2021\/06\/WhatsApp-Image-2021-06-28-at-10.36.58-1--164x300.jpg 164w, https:\/\/www.cidademarketing.com.br\/marketing\/wp-content\/uploads\/2021\/06\/WhatsApp-Image-2021-06-28-at-10.36.58-1--230x420.jpg 230w, https:\/\/www.cidademarketing.com.br\/marketing\/wp-content\/uploads\/2021\/06\/WhatsApp-Image-2021-06-28-at-10.36.58-1--640x1170.jpg 640w, https:\/\/www.cidademarketing.com.br\/marketing\/wp-content\/uploads\/2021\/06\/WhatsApp-Image-2021-06-28-at-10.36.58-1--681x1245.jpg 681w, https:\/\/www.cidademarketing.com.br\/marketing\/wp-content\/uploads\/2021\/06\/WhatsApp-Image-2021-06-28-at-10.36.58-1-.jpg 700w\" sizes=\"(max-width: 560px) 100vw, 560px\" \/><\/figure><\/li><li class=\"blocks-gallery-item\"><figure><img loading=\"lazy\" decoding=\"async\" width=\"768\" height=\"1024\" src=\"https:\/\/www.cidademarketing.com.br\/marketing\/wp-content\/uploads\/2021\/06\/bandeira-jornal-768x1024.jpg\" alt=\"\" data-id=\"24683\" data-full-url=\"https:\/\/www.cidademarketing.com.br\/marketing\/wp-content\/uploads\/2021\/06\/bandeira-jornal.jpg\" data-link=\"https:\/\/www.cidademarketing.com.br\/marketing\/?attachment_id=24683\" class=\"wp-image-24683\" srcset=\"https:\/\/www.cidademarketing.com.br\/marketing\/wp-content\/uploads\/2021\/06\/bandeira-jornal-768x1024.jpg 768w, https:\/\/www.cidademarketing.com.br\/marketing\/wp-content\/uploads\/2021\/06\/bandeira-jornal-225x300.jpg 225w, https:\/\/www.cidademarketing.com.br\/marketing\/wp-content\/uploads\/2021\/06\/bandeira-jornal-315x420.jpg 315w, https:\/\/www.cidademarketing.com.br\/marketing\/wp-content\/uploads\/2021\/06\/bandeira-jornal-640x853.jpg 640w, https:\/\/www.cidademarketing.com.br\/marketing\/wp-content\/uploads\/2021\/06\/bandeira-jornal-681x908.jpg 681w, https:\/\/www.cidademarketing.com.br\/marketing\/wp-content\/uploads\/2021\/06\/bandeira-jornal.jpg 960w\" sizes=\"(max-width: 768px) 100vw, 768px\" \/><\/figure><\/li><\/ul><\/figure>\n\n\n\n<p><\/p>\n\n\n\n<p><strong><u>Ficha T\u00e9cnica<\/u><\/strong><\/p>\n\n\n\n<p>Ag\u00eancia: BETC HAVAS<\/p>\n\n\n\n<p>Anunciante: O GLOBO<\/p>\n\n\n\n<p>Produto: O GLOBO<\/p>\n\n\n\n<p>CCO: Erh Ray<\/p>\n\n\n\n<p>VP de Cria\u00e7\u00e3o: Andrea Siqueira<\/p>\n\n\n\n<p>T\u00edtulo: Sil\u00eancio<\/p>\n\n\n\n<p>Dura\u00e7\u00e3o: 30\u2019\u2019<\/p>\n\n\n\n<p>M\u00eddias\/Territ\u00f3rio: Internet<\/p>\n\n\n\n<p>Dire\u00e7\u00e3o de Cria\u00e7\u00e3o: Andr\u00e9 Batista, Marcelo Ribeiro e Victor Castelo<\/p>\n\n\n\n<p>Cria\u00e7\u00e3o: Andr\u00e9 Yank, Andr\u00e9 Batista, Cl\u00e1udio Oliveira, Fernanda Peka, Lucas Madu, Matheus T\u00e1vora, Mayara Sales e Victor Castelo<\/p>\n\n\n\n<p>Marcas &amp; Neg\u00f3cios: Carolina Delalibera e Henrique Pecego<\/p>\n\n\n\n<p>Canais &amp; Engajamento: Marco Rivera<\/p>\n\n\n\n<p>Diretora de Produ\u00e7\u00e3o: Anna Luisa Ferraz<\/p>\n\n\n\n<p>Produ\u00e7\u00e3o: Andrea Carmassi e Dayane Dantas<\/p>\n\n\n\n<p>Diretor: Luigi Dias<\/p>\n\n\n\n<p>Assist\u00eancia de C\u00e2mera: Renato Marcondes<\/p>\n\n\n\n<p>Produtora de \u00c1udio: S de Samba<\/p>\n\n\n\n<p>Locutora: Ivana<\/p>\n\n\n\n<p>Aprova\u00e7\u00e3o do cliente: Frederic Kachar, Alan Gripp e Tiago Afonso<\/p>\n","protected":false},"excerpt":{"rendered":"<p>Como forma de promover a igualdade e diversidade de g\u00eaneros, e ampliar ainda mais as vozes ao abordar pautas fundamentais da sociedade, O GLOBO publica nesta segunda-feira, dia 28 de junho, uma edi\u00e7\u00e3o especial pelo Dia Internacional do Orgulho LGBTQIAP+. Com campanha criada pela BETC HAVAS, o jornal faz uma mudan\u00e7a tem\u00e1tica em sua logomarca, [&hellip;]<\/p>\n","protected":false},"author":1,"featured_media":24681,"comment_status":"open","ping_status":"open","sticky":false,"template":"","format":"standard","meta":{"tdm_status":"","tdm_grid_status":"","footnotes":""},"categories":[6],"tags":[33,28,2756],"class_list":["post-24678","post","type-post","status-publish","format-standard","has-post-thumbnail","hentry","category-noticias","tag-estrategia","tag-marketing","tag-o-globo"],"yoast_head":"<!-- This site is optimized with the Yoast SEO plugin v27.4 - https:\/\/yoast.com\/product\/yoast-seo-wordpress\/ -->\n<title>O GLOBO publica edi\u00e7\u00e3o especial pelo Dia Internacional do Orgulho LGBTQIAP+ - CidadeMarketing<\/title>\n<meta name=\"robots\" content=\"index, follow, max-snippet:-1, max-image-preview:large, max-video-preview:-1\" \/>\n<link rel=\"canonical\" href=\"https:\/\/www.cidademarketing.com.br\/marketing\/2021\/06\/28\/o-globo-publica-edicao-especial-pelo-dia-internacional-do-orgulho-lgbtqiap\/\" \/>\n<meta property=\"og:locale\" content=\"pt_BR\" \/>\n<meta property=\"og:type\" content=\"article\" \/>\n<meta property=\"og:title\" content=\"O GLOBO publica edi\u00e7\u00e3o especial pelo Dia Internacional do Orgulho LGBTQIAP+ - CidadeMarketing\" \/>\n<meta property=\"og:description\" content=\"Como forma de promover a igualdade e diversidade de g\u00eaneros, e ampliar ainda mais as vozes ao abordar pautas fundamentais da sociedade, O GLOBO publica nesta segunda-feira, dia 28 de junho, uma edi\u00e7\u00e3o especial pelo Dia Internacional do Orgulho LGBTQIAP+. Com campanha criada pela BETC HAVAS, o jornal faz uma mudan\u00e7a tem\u00e1tica em sua logomarca, [&hellip;]\" \/>\n<meta property=\"og:url\" content=\"https:\/\/www.cidademarketing.com.br\/marketing\/2021\/06\/28\/o-globo-publica-edicao-especial-pelo-dia-internacional-do-orgulho-lgbtqiap\/\" \/>\n<meta property=\"og:site_name\" content=\"CidadeMarketing\" \/>\n<meta property=\"article:publisher\" content=\"https:\/\/www.facebook.com\/portalcidademarketing\" \/>\n<meta property=\"article:author\" content=\"https:\/\/www.facebook.com\/thalesbrandao\" \/>\n<meta property=\"article:published_time\" content=\"2021-06-29T00:05:22+00:00\" \/>\n<meta property=\"article:modified_time\" content=\"2021-06-29T00:05:25+00:00\" \/>\n<meta property=\"og:image\" content=\"https:\/\/www.cidademarketing.com.br\/marketing\/wp-content\/uploads\/2021\/06\/120A9868-scaled.jpg\" \/>\n\t<meta property=\"og:image:width\" content=\"2560\" \/>\n\t<meta property=\"og:image:height\" content=\"1707\" \/>\n\t<meta property=\"og:image:type\" content=\"image\/jpeg\" \/>\n<meta name=\"author\" content=\"Thales Brand\u00e3o\" \/>\n<meta name=\"twitter:card\" content=\"summary_large_image\" \/>\n<meta name=\"twitter:creator\" content=\"@http:\/\/www.twitter.com\/thalesbrandao\" \/>\n<meta name=\"twitter:site\" content=\"@CidadeMarketing\" \/>\n<meta name=\"twitter:label1\" content=\"Escrito por\" \/>\n\t<meta name=\"twitter:data1\" content=\"Thales Brand\u00e3o\" \/>\n\t<meta name=\"twitter:label2\" content=\"Est. tempo de leitura\" \/>\n\t<meta name=\"twitter:data2\" content=\"4 minutos\" \/>\n<script type=\"application\/ld+json\" class=\"yoast-schema-graph\">{\"@context\":\"https:\\\/\\\/schema.org\",\"@graph\":[{\"@type\":\"Article\",\"@id\":\"https:\\\/\\\/www.cidademarketing.com.br\\\/marketing\\\/2021\\\/06\\\/28\\\/o-globo-publica-edicao-especial-pelo-dia-internacional-do-orgulho-lgbtqiap\\\/#article\",\"isPartOf\":{\"@id\":\"https:\\\/\\\/www.cidademarketing.com.br\\\/marketing\\\/2021\\\/06\\\/28\\\/o-globo-publica-edicao-especial-pelo-dia-internacional-do-orgulho-lgbtqiap\\\/\"},\"author\":{\"name\":\"Thales Brand\u00e3o\",\"@id\":\"https:\\\/\\\/www.cidademarketing.com.br\\\/marketing\\\/#\\\/schema\\\/person\\\/02daff9f18bd9378c9e01eb6b2db155f\"},\"headline\":\"O GLOBO publica edi\u00e7\u00e3o especial pelo Dia Internacional do Orgulho LGBTQIAP+\",\"datePublished\":\"2021-06-29T00:05:22+00:00\",\"dateModified\":\"2021-06-29T00:05:25+00:00\",\"mainEntityOfPage\":{\"@id\":\"https:\\\/\\\/www.cidademarketing.com.br\\\/marketing\\\/2021\\\/06\\\/28\\\/o-globo-publica-edicao-especial-pelo-dia-internacional-do-orgulho-lgbtqiap\\\/\"},\"wordCount\":826,\"commentCount\":0,\"publisher\":{\"@id\":\"https:\\\/\\\/www.cidademarketing.com.br\\\/marketing\\\/#organization\"},\"image\":{\"@id\":\"https:\\\/\\\/www.cidademarketing.com.br\\\/marketing\\\/2021\\\/06\\\/28\\\/o-globo-publica-edicao-especial-pelo-dia-internacional-do-orgulho-lgbtqiap\\\/#primaryimage\"},\"thumbnailUrl\":\"https:\\\/\\\/www.cidademarketing.com.br\\\/marketing\\\/wp-content\\\/uploads\\\/2021\\\/06\\\/120A9868-scaled.jpg\",\"keywords\":[\"estrat\u00e9gia\",\"marketing\",\"O Globo\"],\"articleSection\":[\"Not\u00edcias\"],\"inLanguage\":\"pt-BR\",\"potentialAction\":[{\"@type\":\"CommentAction\",\"name\":\"Comment\",\"target\":[\"https:\\\/\\\/www.cidademarketing.com.br\\\/marketing\\\/2021\\\/06\\\/28\\\/o-globo-publica-edicao-especial-pelo-dia-internacional-do-orgulho-lgbtqiap\\\/#respond\"]}]},{\"@type\":\"WebPage\",\"@id\":\"https:\\\/\\\/www.cidademarketing.com.br\\\/marketing\\\/2021\\\/06\\\/28\\\/o-globo-publica-edicao-especial-pelo-dia-internacional-do-orgulho-lgbtqiap\\\/\",\"url\":\"https:\\\/\\\/www.cidademarketing.com.br\\\/marketing\\\/2021\\\/06\\\/28\\\/o-globo-publica-edicao-especial-pelo-dia-internacional-do-orgulho-lgbtqiap\\\/\",\"name\":\"O GLOBO publica edi\u00e7\u00e3o especial pelo Dia Internacional do Orgulho LGBTQIAP+ - CidadeMarketing\",\"isPartOf\":{\"@id\":\"https:\\\/\\\/www.cidademarketing.com.br\\\/marketing\\\/#website\"},\"primaryImageOfPage\":{\"@id\":\"https:\\\/\\\/www.cidademarketing.com.br\\\/marketing\\\/2021\\\/06\\\/28\\\/o-globo-publica-edicao-especial-pelo-dia-internacional-do-orgulho-lgbtqiap\\\/#primaryimage\"},\"image\":{\"@id\":\"https:\\\/\\\/www.cidademarketing.com.br\\\/marketing\\\/2021\\\/06\\\/28\\\/o-globo-publica-edicao-especial-pelo-dia-internacional-do-orgulho-lgbtqiap\\\/#primaryimage\"},\"thumbnailUrl\":\"https:\\\/\\\/www.cidademarketing.com.br\\\/marketing\\\/wp-content\\\/uploads\\\/2021\\\/06\\\/120A9868-scaled.jpg\",\"datePublished\":\"2021-06-29T00:05:22+00:00\",\"dateModified\":\"2021-06-29T00:05:25+00:00\",\"breadcrumb\":{\"@id\":\"https:\\\/\\\/www.cidademarketing.com.br\\\/marketing\\\/2021\\\/06\\\/28\\\/o-globo-publica-edicao-especial-pelo-dia-internacional-do-orgulho-lgbtqiap\\\/#breadcrumb\"},\"inLanguage\":\"pt-BR\",\"potentialAction\":[{\"@type\":\"ReadAction\",\"target\":[\"https:\\\/\\\/www.cidademarketing.com.br\\\/marketing\\\/2021\\\/06\\\/28\\\/o-globo-publica-edicao-especial-pelo-dia-internacional-do-orgulho-lgbtqiap\\\/\"]}]},{\"@type\":\"ImageObject\",\"inLanguage\":\"pt-BR\",\"@id\":\"https:\\\/\\\/www.cidademarketing.com.br\\\/marketing\\\/2021\\\/06\\\/28\\\/o-globo-publica-edicao-especial-pelo-dia-internacional-do-orgulho-lgbtqiap\\\/#primaryimage\",\"url\":\"https:\\\/\\\/www.cidademarketing.com.br\\\/marketing\\\/wp-content\\\/uploads\\\/2021\\\/06\\\/120A9868-scaled.jpg\",\"contentUrl\":\"https:\\\/\\\/www.cidademarketing.com.br\\\/marketing\\\/wp-content\\\/uploads\\\/2021\\\/06\\\/120A9868-scaled.jpg\",\"width\":2560,\"height\":1707},{\"@type\":\"BreadcrumbList\",\"@id\":\"https:\\\/\\\/www.cidademarketing.com.br\\\/marketing\\\/2021\\\/06\\\/28\\\/o-globo-publica-edicao-especial-pelo-dia-internacional-do-orgulho-lgbtqiap\\\/#breadcrumb\",\"itemListElement\":[{\"@type\":\"ListItem\",\"position\":1,\"name\":\"In\u00edcio\",\"item\":\"https:\\\/\\\/www.cidademarketing.com.br\\\/marketing\\\/\"},{\"@type\":\"ListItem\",\"position\":2,\"name\":\"O GLOBO publica edi\u00e7\u00e3o especial pelo Dia Internacional do Orgulho LGBTQIAP+\"}]},{\"@type\":\"WebSite\",\"@id\":\"https:\\\/\\\/www.cidademarketing.com.br\\\/marketing\\\/#website\",\"url\":\"https:\\\/\\\/www.cidademarketing.com.br\\\/marketing\\\/\",\"name\":\"CidadeMarketing\",\"description\":\"Somos um ve\u00edculo de comunica\u00e7\u00e3o de destaque no Brasil, reconhecido por conte\u00fados nos segmentos de marketing, empreendedorismo e inova\u00e7\u00e3o.\",\"publisher\":{\"@id\":\"https:\\\/\\\/www.cidademarketing.com.br\\\/marketing\\\/#organization\"},\"alternateName\":\"CidadeMarketing\",\"potentialAction\":[{\"@type\":\"SearchAction\",\"target\":{\"@type\":\"EntryPoint\",\"urlTemplate\":\"https:\\\/\\\/www.cidademarketing.com.br\\\/marketing\\\/?s={search_term_string}\"},\"query-input\":{\"@type\":\"PropertyValueSpecification\",\"valueRequired\":true,\"valueName\":\"search_term_string\"}}],\"inLanguage\":\"pt-BR\"},{\"@type\":\"Organization\",\"@id\":\"https:\\\/\\\/www.cidademarketing.com.br\\\/marketing\\\/#organization\",\"name\":\"CidadeMarketing\",\"alternateName\":\"CidadeMarketing\",\"url\":\"https:\\\/\\\/www.cidademarketing.com.br\\\/marketing\\\/\",\"logo\":{\"@type\":\"ImageObject\",\"inLanguage\":\"pt-BR\",\"@id\":\"https:\\\/\\\/www.cidademarketing.com.br\\\/marketing\\\/#\\\/schema\\\/logo\\\/image\\\/\",\"url\":\"https:\\\/\\\/www.cidademarketing.com.br\\\/marketing\\\/wp-content\\\/uploads\\\/2020\\\/01\\\/cidademarketing_marca_mobile.png\",\"contentUrl\":\"https:\\\/\\\/www.cidademarketing.com.br\\\/marketing\\\/wp-content\\\/uploads\\\/2020\\\/01\\\/cidademarketing_marca_mobile.png\",\"width\":230,\"height\":92,\"caption\":\"CidadeMarketing\"},\"image\":{\"@id\":\"https:\\\/\\\/www.cidademarketing.com.br\\\/marketing\\\/#\\\/schema\\\/logo\\\/image\\\/\"},\"sameAs\":[\"https:\\\/\\\/www.facebook.com\\\/portalcidademarketing\",\"https:\\\/\\\/x.com\\\/CidadeMarketing\",\"https:\\\/\\\/www.instagram.com\\\/cidademarketing\\\/\"]},{\"@type\":\"Person\",\"@id\":\"https:\\\/\\\/www.cidademarketing.com.br\\\/marketing\\\/#\\\/schema\\\/person\\\/02daff9f18bd9378c9e01eb6b2db155f\",\"name\":\"Thales Brand\u00e3o\",\"image\":{\"@type\":\"ImageObject\",\"inLanguage\":\"pt-BR\",\"@id\":\"https:\\\/\\\/secure.gravatar.com\\\/avatar\\\/7ca3206950207cc3cb48feec56a8a7898741ab725c368d99d5d7a5a50aab80c6?s=96&d=mm&r=g\",\"url\":\"https:\\\/\\\/secure.gravatar.com\\\/avatar\\\/7ca3206950207cc3cb48feec56a8a7898741ab725c368d99d5d7a5a50aab80c6?s=96&d=mm&r=g\",\"contentUrl\":\"https:\\\/\\\/secure.gravatar.com\\\/avatar\\\/7ca3206950207cc3cb48feec56a8a7898741ab725c368d99d5d7a5a50aab80c6?s=96&d=mm&r=g\",\"caption\":\"Thales Brand\u00e3o\"},\"description\":\"Editor Executivo do Portal CidadeMarketing.com.br &gt; Mestre em Comunica\u00e7\u00e3o e Sociedade pela Universidade Federal de Sergipe. Possui MBA Executivo em Administra\u00e7\u00e3o com \u00eanfase em Marketing pela Funda\u00e7\u00e3o Get\u00falio Vargas - Rio de Janeiro. Consultor, Palestrante e Pesquisador sobre Empreendedorismo, Marketing, Redes Sociais e Neg\u00f3cios Digitais. Professor, Palestrante TedxTalks e Campus Party. Twitter: @ThalesBrandao\",\"sameAs\":[\"http:\\\/\\\/www.mandacaru.com.br\",\"https:\\\/\\\/www.facebook.com\\\/thalesbrandao\",\"http:\\\/\\\/www.instagram.com.br\\\/thalesbrandaoferreira\",\"https:\\\/\\\/www.linkedin.com\\\/in\\\/thales-brand\u00e3o-3948609\\\/\",\"https:\\\/\\\/x.com\\\/http:\\\/\\\/www.twitter.com\\\/thalesbrandao\"],\"url\":\"https:\\\/\\\/www.cidademarketing.com.br\\\/marketing\\\/author\\\/thalesbrandao\\\/\"}]}<\/script>\n<!-- \/ Yoast SEO plugin. -->","yoast_head_json":{"title":"O GLOBO publica edi\u00e7\u00e3o especial pelo Dia Internacional do Orgulho LGBTQIAP+ - CidadeMarketing","robots":{"index":"index","follow":"follow","max-snippet":"max-snippet:-1","max-image-preview":"max-image-preview:large","max-video-preview":"max-video-preview:-1"},"canonical":"https:\/\/www.cidademarketing.com.br\/marketing\/2021\/06\/28\/o-globo-publica-edicao-especial-pelo-dia-internacional-do-orgulho-lgbtqiap\/","og_locale":"pt_BR","og_type":"article","og_title":"O GLOBO publica edi\u00e7\u00e3o especial pelo Dia Internacional do Orgulho LGBTQIAP+ - CidadeMarketing","og_description":"Como forma de promover a igualdade e diversidade de g\u00eaneros, e ampliar ainda mais as vozes ao abordar pautas fundamentais da sociedade, O GLOBO publica nesta segunda-feira, dia 28 de junho, uma edi\u00e7\u00e3o especial pelo Dia Internacional do Orgulho LGBTQIAP+. Com campanha criada pela BETC HAVAS, o jornal faz uma mudan\u00e7a tem\u00e1tica em sua logomarca, [&hellip;]","og_url":"https:\/\/www.cidademarketing.com.br\/marketing\/2021\/06\/28\/o-globo-publica-edicao-especial-pelo-dia-internacional-do-orgulho-lgbtqiap\/","og_site_name":"CidadeMarketing","article_publisher":"https:\/\/www.facebook.com\/portalcidademarketing","article_author":"https:\/\/www.facebook.com\/thalesbrandao","article_published_time":"2021-06-29T00:05:22+00:00","article_modified_time":"2021-06-29T00:05:25+00:00","og_image":[{"width":2560,"height":1707,"url":"https:\/\/www.cidademarketing.com.br\/marketing\/wp-content\/uploads\/2021\/06\/120A9868-scaled.jpg","type":"image\/jpeg"}],"author":"Thales Brand\u00e3o","twitter_card":"summary_large_image","twitter_creator":"@http:\/\/www.twitter.com\/thalesbrandao","twitter_site":"@CidadeMarketing","twitter_misc":{"Escrito por":"Thales Brand\u00e3o","Est. tempo de leitura":"4 minutos"},"schema":{"@context":"https:\/\/schema.org","@graph":[{"@type":"Article","@id":"https:\/\/www.cidademarketing.com.br\/marketing\/2021\/06\/28\/o-globo-publica-edicao-especial-pelo-dia-internacional-do-orgulho-lgbtqiap\/#article","isPartOf":{"@id":"https:\/\/www.cidademarketing.com.br\/marketing\/2021\/06\/28\/o-globo-publica-edicao-especial-pelo-dia-internacional-do-orgulho-lgbtqiap\/"},"author":{"name":"Thales Brand\u00e3o","@id":"https:\/\/www.cidademarketing.com.br\/marketing\/#\/schema\/person\/02daff9f18bd9378c9e01eb6b2db155f"},"headline":"O GLOBO publica edi\u00e7\u00e3o especial pelo Dia Internacional do Orgulho LGBTQIAP+","datePublished":"2021-06-29T00:05:22+00:00","dateModified":"2021-06-29T00:05:25+00:00","mainEntityOfPage":{"@id":"https:\/\/www.cidademarketing.com.br\/marketing\/2021\/06\/28\/o-globo-publica-edicao-especial-pelo-dia-internacional-do-orgulho-lgbtqiap\/"},"wordCount":826,"commentCount":0,"publisher":{"@id":"https:\/\/www.cidademarketing.com.br\/marketing\/#organization"},"image":{"@id":"https:\/\/www.cidademarketing.com.br\/marketing\/2021\/06\/28\/o-globo-publica-edicao-especial-pelo-dia-internacional-do-orgulho-lgbtqiap\/#primaryimage"},"thumbnailUrl":"https:\/\/www.cidademarketing.com.br\/marketing\/wp-content\/uploads\/2021\/06\/120A9868-scaled.jpg","keywords":["estrat\u00e9gia","marketing","O Globo"],"articleSection":["Not\u00edcias"],"inLanguage":"pt-BR","potentialAction":[{"@type":"CommentAction","name":"Comment","target":["https:\/\/www.cidademarketing.com.br\/marketing\/2021\/06\/28\/o-globo-publica-edicao-especial-pelo-dia-internacional-do-orgulho-lgbtqiap\/#respond"]}]},{"@type":"WebPage","@id":"https:\/\/www.cidademarketing.com.br\/marketing\/2021\/06\/28\/o-globo-publica-edicao-especial-pelo-dia-internacional-do-orgulho-lgbtqiap\/","url":"https:\/\/www.cidademarketing.com.br\/marketing\/2021\/06\/28\/o-globo-publica-edicao-especial-pelo-dia-internacional-do-orgulho-lgbtqiap\/","name":"O GLOBO publica edi\u00e7\u00e3o especial pelo Dia Internacional do Orgulho LGBTQIAP+ - CidadeMarketing","isPartOf":{"@id":"https:\/\/www.cidademarketing.com.br\/marketing\/#website"},"primaryImageOfPage":{"@id":"https:\/\/www.cidademarketing.com.br\/marketing\/2021\/06\/28\/o-globo-publica-edicao-especial-pelo-dia-internacional-do-orgulho-lgbtqiap\/#primaryimage"},"image":{"@id":"https:\/\/www.cidademarketing.com.br\/marketing\/2021\/06\/28\/o-globo-publica-edicao-especial-pelo-dia-internacional-do-orgulho-lgbtqiap\/#primaryimage"},"thumbnailUrl":"https:\/\/www.cidademarketing.com.br\/marketing\/wp-content\/uploads\/2021\/06\/120A9868-scaled.jpg","datePublished":"2021-06-29T00:05:22+00:00","dateModified":"2021-06-29T00:05:25+00:00","breadcrumb":{"@id":"https:\/\/www.cidademarketing.com.br\/marketing\/2021\/06\/28\/o-globo-publica-edicao-especial-pelo-dia-internacional-do-orgulho-lgbtqiap\/#breadcrumb"},"inLanguage":"pt-BR","potentialAction":[{"@type":"ReadAction","target":["https:\/\/www.cidademarketing.com.br\/marketing\/2021\/06\/28\/o-globo-publica-edicao-especial-pelo-dia-internacional-do-orgulho-lgbtqiap\/"]}]},{"@type":"ImageObject","inLanguage":"pt-BR","@id":"https:\/\/www.cidademarketing.com.br\/marketing\/2021\/06\/28\/o-globo-publica-edicao-especial-pelo-dia-internacional-do-orgulho-lgbtqiap\/#primaryimage","url":"https:\/\/www.cidademarketing.com.br\/marketing\/wp-content\/uploads\/2021\/06\/120A9868-scaled.jpg","contentUrl":"https:\/\/www.cidademarketing.com.br\/marketing\/wp-content\/uploads\/2021\/06\/120A9868-scaled.jpg","width":2560,"height":1707},{"@type":"BreadcrumbList","@id":"https:\/\/www.cidademarketing.com.br\/marketing\/2021\/06\/28\/o-globo-publica-edicao-especial-pelo-dia-internacional-do-orgulho-lgbtqiap\/#breadcrumb","itemListElement":[{"@type":"ListItem","position":1,"name":"In\u00edcio","item":"https:\/\/www.cidademarketing.com.br\/marketing\/"},{"@type":"ListItem","position":2,"name":"O GLOBO publica edi\u00e7\u00e3o especial pelo Dia Internacional do Orgulho LGBTQIAP+"}]},{"@type":"WebSite","@id":"https:\/\/www.cidademarketing.com.br\/marketing\/#website","url":"https:\/\/www.cidademarketing.com.br\/marketing\/","name":"CidadeMarketing","description":"Somos um ve\u00edculo de comunica\u00e7\u00e3o de destaque no Brasil, reconhecido por conte\u00fados nos segmentos de marketing, empreendedorismo e inova\u00e7\u00e3o.","publisher":{"@id":"https:\/\/www.cidademarketing.com.br\/marketing\/#organization"},"alternateName":"CidadeMarketing","potentialAction":[{"@type":"SearchAction","target":{"@type":"EntryPoint","urlTemplate":"https:\/\/www.cidademarketing.com.br\/marketing\/?s={search_term_string}"},"query-input":{"@type":"PropertyValueSpecification","valueRequired":true,"valueName":"search_term_string"}}],"inLanguage":"pt-BR"},{"@type":"Organization","@id":"https:\/\/www.cidademarketing.com.br\/marketing\/#organization","name":"CidadeMarketing","alternateName":"CidadeMarketing","url":"https:\/\/www.cidademarketing.com.br\/marketing\/","logo":{"@type":"ImageObject","inLanguage":"pt-BR","@id":"https:\/\/www.cidademarketing.com.br\/marketing\/#\/schema\/logo\/image\/","url":"https:\/\/www.cidademarketing.com.br\/marketing\/wp-content\/uploads\/2020\/01\/cidademarketing_marca_mobile.png","contentUrl":"https:\/\/www.cidademarketing.com.br\/marketing\/wp-content\/uploads\/2020\/01\/cidademarketing_marca_mobile.png","width":230,"height":92,"caption":"CidadeMarketing"},"image":{"@id":"https:\/\/www.cidademarketing.com.br\/marketing\/#\/schema\/logo\/image\/"},"sameAs":["https:\/\/www.facebook.com\/portalcidademarketing","https:\/\/x.com\/CidadeMarketing","https:\/\/www.instagram.com\/cidademarketing\/"]},{"@type":"Person","@id":"https:\/\/www.cidademarketing.com.br\/marketing\/#\/schema\/person\/02daff9f18bd9378c9e01eb6b2db155f","name":"Thales Brand\u00e3o","image":{"@type":"ImageObject","inLanguage":"pt-BR","@id":"https:\/\/secure.gravatar.com\/avatar\/7ca3206950207cc3cb48feec56a8a7898741ab725c368d99d5d7a5a50aab80c6?s=96&d=mm&r=g","url":"https:\/\/secure.gravatar.com\/avatar\/7ca3206950207cc3cb48feec56a8a7898741ab725c368d99d5d7a5a50aab80c6?s=96&d=mm&r=g","contentUrl":"https:\/\/secure.gravatar.com\/avatar\/7ca3206950207cc3cb48feec56a8a7898741ab725c368d99d5d7a5a50aab80c6?s=96&d=mm&r=g","caption":"Thales Brand\u00e3o"},"description":"Editor Executivo do Portal CidadeMarketing.com.br &gt; Mestre em Comunica\u00e7\u00e3o e Sociedade pela Universidade Federal de Sergipe. Possui MBA Executivo em Administra\u00e7\u00e3o com \u00eanfase em Marketing pela Funda\u00e7\u00e3o Get\u00falio Vargas - Rio de Janeiro. Consultor, Palestrante e Pesquisador sobre Empreendedorismo, Marketing, Redes Sociais e Neg\u00f3cios Digitais. Professor, Palestrante TedxTalks e Campus Party. Twitter: @ThalesBrandao","sameAs":["http:\/\/www.mandacaru.com.br","https:\/\/www.facebook.com\/thalesbrandao","http:\/\/www.instagram.com.br\/thalesbrandaoferreira","https:\/\/www.linkedin.com\/in\/thales-brand\u00e3o-3948609\/","https:\/\/x.com\/http:\/\/www.twitter.com\/thalesbrandao"],"url":"https:\/\/www.cidademarketing.com.br\/marketing\/author\/thalesbrandao\/"}]}},"amp_enabled":true,"_links":{"self":[{"href":"https:\/\/www.cidademarketing.com.br\/marketing\/wp-json\/wp\/v2\/posts\/24678","targetHints":{"allow":["GET"]}}],"collection":[{"href":"https:\/\/www.cidademarketing.com.br\/marketing\/wp-json\/wp\/v2\/posts"}],"about":[{"href":"https:\/\/www.cidademarketing.com.br\/marketing\/wp-json\/wp\/v2\/types\/post"}],"author":[{"embeddable":true,"href":"https:\/\/www.cidademarketing.com.br\/marketing\/wp-json\/wp\/v2\/users\/1"}],"replies":[{"embeddable":true,"href":"https:\/\/www.cidademarketing.com.br\/marketing\/wp-json\/wp\/v2\/comments?post=24678"}],"version-history":[{"count":1,"href":"https:\/\/www.cidademarketing.com.br\/marketing\/wp-json\/wp\/v2\/posts\/24678\/revisions"}],"predecessor-version":[{"id":24684,"href":"https:\/\/www.cidademarketing.com.br\/marketing\/wp-json\/wp\/v2\/posts\/24678\/revisions\/24684"}],"wp:featuredmedia":[{"embeddable":true,"href":"https:\/\/www.cidademarketing.com.br\/marketing\/wp-json\/wp\/v2\/media\/24681"}],"wp:attachment":[{"href":"https:\/\/www.cidademarketing.com.br\/marketing\/wp-json\/wp\/v2\/media?parent=24678"}],"wp:term":[{"taxonomy":"category","embeddable":true,"href":"https:\/\/www.cidademarketing.com.br\/marketing\/wp-json\/wp\/v2\/categories?post=24678"},{"taxonomy":"post_tag","embeddable":true,"href":"https:\/\/www.cidademarketing.com.br\/marketing\/wp-json\/wp\/v2\/tags?post=24678"}],"curies":[{"name":"wp","href":"https:\/\/api.w.org\/{rel}","templated":true}]}}