{"id":24659,"date":"2021-06-28T19:44:32","date_gmt":"2021-06-28T22:44:32","guid":{"rendered":"https:\/\/www.cidademarketing.com.br\/marketing\/?p=24659"},"modified":"2021-06-28T19:44:35","modified_gmt":"2021-06-28T22:44:35","slug":"ambev-homenageia-a-historia-da-luta-lgbtqia-com-o-movimento-orgulhoresiste-e-convoca-pessoas-a-compartilharem-suas-historias","status":"publish","type":"post","link":"https:\/\/www.cidademarketing.com.br\/marketing\/2021\/06\/28\/ambev-homenageia-a-historia-da-luta-lgbtqia-com-o-movimento-orgulhoresiste-e-convoca-pessoas-a-compartilharem-suas-historias\/","title":{"rendered":"Ambev homenageia a hist\u00f3ria da luta LGBTQIA+ com o movimento #OrgulhoResiste e convoca pessoas a compartilharem suas hist\u00f3rias"},"content":{"rendered":"\n<p> O movimento #OrgulhoResiste, lan\u00e7ado pela Ambev no m\u00eas do orgulho LGBTQIA+, projeta a resist\u00eancia da comunidade ao longo das d\u00e9cadas e incentiva pessoas a compartilharem suas hist\u00f3rias de resist\u00eancia para apoiar projetos destinados \u00e0 popula\u00e7\u00e3o LGBTQIA+ em situa\u00e7\u00e3o de vulnerabilidade.<\/p>\n\n\n\n<p>Como representa\u00e7\u00e3o f\u00edsica do movimento em um per\u00edodo em que as pessoas ainda precisam ficar em casa, a Ambev recriou a bandeira do orgulho a partir de tr\u00eas mil latas do portf\u00f3lio da marca que possuem as cores do arco-\u00edris. Essa bandeira virou um mural de cerca de 30 metros exposto em lugares que marcaram a luta LGBTQIA+ em S\u00e3o Paulo.<\/p>\n\n\n\n<p>O mural passou pela Pra\u00e7a do Ciclista, regi\u00e3o da Avenida Paulista onde tradicionalmente \u00e9 realizada a Parada do Orgulho LGBTQIA+ e que traz uma bagagem hist\u00f3rica de luta da comunidade. Tamb\u00e9m esteve na Pra\u00e7a Roosevelt e na Pra\u00e7a Ramos Azevedo, na regi\u00e3o central da capital paulista, respectivamente.<\/p>\n\n\n\n<p><\/p>\n\n\n\n<figure class=\"wp-block-embed is-type-video is-provider-youtube wp-block-embed-youtube wp-embed-aspect-16-9 wp-has-aspect-ratio\"><div class=\"wp-block-embed__wrapper\">\n<div class=\"youtube-embed\" data-video_id=\"B-m4K60d9SA\"><iframe title=\"AMBEV - #OrgulhoResiste\" width=\"640\" height=\"360\" src=\"https:\/\/www.youtube.com\/embed\/B-m4K60d9SA?feature=oembed&#038;enablejsapi=1\" frameborder=\"0\" allow=\"accelerometer; autoplay; clipboard-write; encrypted-media; gyroscope; picture-in-picture; web-share\" referrerpolicy=\"strict-origin-when-cross-origin\" allowfullscreen><\/iframe><\/div>\n<\/div><\/figure>\n\n\n\n<p>\u201cH\u00e1 anos n\u00f3s apoiamos a causa LGBTQIA+ mudando estruturalmente pol\u00edticas internas dentro da Ambev e tamb\u00e9m apoiando ONGs que fazem esse trabalho sociedade. O movimento #OrgulhoResiste quer dar voz e apoio a essa resist\u00eancia de anos da comunidade LGBTQIA+. Precisamos e vamos continuar nos posicionando a favor de causas como essa que levantam a bandeira do respeito, da uni\u00e3o, da empatia, e da igualdade de direitos. Se depender da Ambev, o orgulho continuar\u00e1 resistindo\u201d, afirma Alexandre Costa, Diretor de Marketing Institucional da Ambev.<\/p>\n\n\n\n<p>Nas redes sociais, a marca expandiu a narrativa do movimento com a ajuda de embaixadores da comunidade LGBTQIA+ que seguem convidando o p\u00fablico a tamb\u00e9m compartilhar suas hist\u00f3rias de resist\u00eancia. A cada men\u00e7\u00e3o de orgulho e resist\u00eancia compartilhado usando a #OrgulhoResiste, R$1 ser\u00e1 doado para ONGs que trabalham com projetos de retifica\u00e7\u00e3o de nome, educa\u00e7\u00e3o, empregabilidade, acolhimento e combate \u00e0 viol\u00eancia de pessoas LGBTQIA+, como Casa 1, Poupatrans, Casa Neon Cunha, Todxs, Acolhe LGBT+ e All Out.<\/p>\n\n\n\n<p>O movimento \u00e9 mais uma a\u00e7\u00e3o da Ambev em prol da comunidade. Desde 2016 a companhia aderiu ao F\u00f3rum de Empresas e Direitos LGBTQIA+ e criou o grupo de funcion\u00e1rios LAGER \u2013 Lesbian &amp; Gay &amp; Everyone Respected \u2013 destinado a propor e debater pol\u00edticas internas de respeito e inclus\u00e3o.<\/p>\n\n\n\n<p><strong>Filme #Orgulho Resiste<\/strong><\/p>\n\n\n\n<p>A campanha do movimento #OrgulhoResiste tem cria\u00e7\u00e3o da SunsetDDB. Al\u00e9m do mural, a ag\u00eancia criou um filme lan\u00e7ado neste \u00faltimo domingo (27). Atrav\u00e9s de uma linha do tempo que narra os principais protestos e movimentos de luta pelos direitos LGBTQIA+ no mundo e no Brasil, ele retrata o hist\u00f3rico de resist\u00eancia que teve seu in\u00edcio marcado pela Revolta de Stonewall, ocorrida em Nova York, em 28 de junho, e narra os principais acontecimentos LGBTQIA+ no Brasil, destacando fatos como o protesto realizado no Ferro\u2019s Bar, em S\u00e3o Paulo, em 1983; a luta contra a epidemia da Aids, em 1992, e a realiza\u00e7\u00e3o da primeira Parada do Orgulho Gay, em S\u00e3o Paulo, em 1997.<\/p>\n\n\n\n<p>Em contraste com as conquistas, o filme chega a 2021 fazendo um alerta sobre projetos de lei que pretendem restringir a participa\u00e7\u00e3o de pessoas LGBTQIA+ na publicidade, o aumento de casos de LGBTfobia, e o lament\u00e1vel dado de que a cada 19 horas, 1 LGBTQIA+ \u00e9 morto no Brasil. Ao final, um lettering informa que a comunidade LGBTQIA+ ainda luta por igualdade e respeito, e que a Ambev est\u00e1 apoiando essa resist\u00eancia com a\u00e7\u00f5es inclusivas que protegem o direito de pessoas LGTBQIA+ dentro e fora da empresa.<\/p>\n\n\n\n<p>Um filtro que ambienta um microfone 3D nos Stories do Instagram tamb\u00e9m foi desenvolvido para incentivar as pessoas a criarem falas de resist\u00eancia que fortale\u00e7am o movimento em 2021.<\/p>\n\n\n\n<p>Para Sergio Mugnaini, CCO (Chief Creative Officer) da SunsetDDB, a campanha #OrgulhoResiste \u00e9 uma homenagem \u00e0 hist\u00f3ria de lutas pelos direitos da diversidade. \u201cA resist\u00eancia LGBTQIA+ deve ser sempre apoiada. Ainda mais quando, at\u00e9 hoje, ainda vemos decretos, movimentos e pessoas que tentam revogar todos os direitos que a comunidade conquistou desde o in\u00edcio do movimento. Essa campanha \u00e9 uma valoriza\u00e7\u00e3o dessa luta para que ela possa cada vez mais fortalecer o papel do indiv\u00edduo e da coletividade nas transforma\u00e7\u00f5es sociais\u201d, diz Mugnaini.<\/p>\n\n\n\n<p>**<\/p>\n\n\n\n<p><strong>Link para o filme<\/strong>: <a href=\"https:\/\/youtu.be\/B-m4K60d9SA\">https:\/\/youtu.be\/B-m4K60d9SA<\/a><\/p>\n\n\n\n<p>**<\/p>\n\n\n\n<p><strong>FICHA T\u00c9CNICA:<\/strong><\/p>\n\n\n\n<p><strong>Ag\u00eancia:<\/strong> SunsetDDB<\/p>\n\n\n\n<p><strong>T\u00edtulo da campanha<\/strong>: #OrgulhoResiste<\/p>\n\n\n\n<p><strong>Anunciante:<\/strong> Ambev<\/p>\n\n\n\n<p><strong>CEO:<\/strong> Pipo Calazans<\/p>\n\n\n\n<p><strong>CCO:<\/strong> Sergio Mugnaini<\/p>\n\n\n\n<p><strong>Redator:<\/strong> Filipe Rosado e Pedro Carreira<\/p>\n\n\n\n<p><strong>Diretores de Arte:<\/strong> Felipe Revite e Arthur Borges<\/p>\n\n\n\n<p><strong>Social Media Strategy:<\/strong> Gabriela Campagnucci e Thiago Pomarico<\/p>\n\n\n\n<p><strong>M\u00eddia<\/strong>: Marcelo Aquilino<\/p>\n\n\n\n<p><strong>Atendimento:<\/strong> Anita Souza, Carol Cabral e Bianca Bizello<\/p>\n\n\n\n<p><strong>Produ\u00e7\u00e3o:<\/strong> F\u00e1tima Latorre e Ta\u00eds Caetano<\/p>\n\n\n\n<p><strong>Aprova\u00e7\u00e3o Cliente:<\/strong> Alexandre Costa, Isabela Gra\u00e7a, Luiza Bovino e Lucas Junqueira<\/p>\n\n\n\n<p><strong>Produtora:<\/strong> Bando Studio<\/p>\n\n\n\n<p><strong>Dire\u00e7\u00e3o:<\/strong> Leandro HBL e Ohana Ribeiro<\/p>\n\n\n\n<p><strong>Produ\u00e7\u00e3o Executiva e Atendimento<\/strong>: D\u00e9lio Santiago<\/p>\n\n\n\n<p><strong>Assist\u00eancia de Dire\u00e7\u00e3o:<\/strong> Celina Barbi<\/p>\n\n\n\n<p><strong>Coordena\u00e7\u00e3o de Produ\u00e7\u00e3o:<\/strong> Fabiolla Wolf<\/p>\n\n\n\n<p><strong>Gerente Financeira:<\/strong> Amanda Pereira<\/p>\n\n\n\n<p><strong>Coordena\u00e7\u00e3o pesquisa imagens<\/strong>: Dane Ben Pessach<\/p>\n\n\n\n<p><strong>Curadoria de conhecimento:<\/strong> Isis Naomi<\/p>\n\n\n\n<p><strong>Licenciamento Imagens:<\/strong> Patricia Iglecio<\/p>\n\n\n\n<p><strong>Finaliza\u00e7\u00e3o:<\/strong> Equipe Bando<\/p>\n\n\n\n<p><strong>Coordena\u00e7\u00e3o de P\u00f3s Produ\u00e7\u00e3o:<\/strong> Rafa Hernandes<\/p>\n\n\n\n<p><strong>Montagem:<\/strong> Daniel Fiori<\/p>\n\n\n\n<p><strong>Diretor de Arte\/Motion design:<\/strong> Diego Brito<\/p>\n\n\n\n<p><strong>Color Grading:<\/strong> Bleach &#8211; Sergio Pasqualino Jr.<\/p>\n\n\n\n<p><strong>Assessoria Jur\u00eddica:<\/strong> Eduardo Senna<\/p>\n\n\n\n<p><strong>Produtora de Som:<\/strong> Satelite Audio<\/p>\n\n\n\n<p><strong>Dire\u00e7\u00e3o Musical:<\/strong> Roberto Coelho, Kito Siqueira, Hurso Ambrifi e Thiago Colli<\/p>\n\n\n\n<p><strong>Atendimento:<\/strong> Fernanda Costa, Carol Ara\u00fajo e Renata Schincariol<\/p>\n\n\n\n<p><strong>Produ\u00e7\u00e3o Musical:<\/strong> Kito Siqueira, Roberto Coelho, Hurso Ambrifi, Mike<\/p>\n\n\n\n<p>Vlcek, Thiago Colli, Charly Coombes, Koitty e Helton Oliveira.<\/p>\n\n\n\n<p>Finaliza\u00e7\u00e3o: Carla Cornea, Pedro Macedo, Ian Sierra e Renan Marques.<\/p>\n\n\n\n<p><strong>Coordena\u00e7\u00e3o de produ\u00e7\u00e3o:<\/strong> Ana Cordeiro, Larissa Costa e Giuliana Mendon\u00e7a<\/p>\n\n\n\n<p><strong>Dublagens<\/strong>: Hurso Ambrifi, Higor Becker , Vitor Mello, Vanessa Krongold, Luan Ferreira,&nbsp; Juno Haddad, Za Medeiros, Paulo Vasilescu e Dafne Michellepis<\/p>\n","protected":false},"excerpt":{"rendered":"<p>O movimento #OrgulhoResiste, lan\u00e7ado pela Ambev no m\u00eas do orgulho LGBTQIA+, projeta a resist\u00eancia da comunidade ao longo das d\u00e9cadas e incentiva pessoas a compartilharem suas hist\u00f3rias de resist\u00eancia para apoiar projetos destinados \u00e0 popula\u00e7\u00e3o LGBTQIA+ em situa\u00e7\u00e3o de vulnerabilidade. Como representa\u00e7\u00e3o f\u00edsica do movimento em um per\u00edodo em que as pessoas ainda precisam ficar [&hellip;]<\/p>\n","protected":false},"author":1,"featured_media":24660,"comment_status":"open","ping_status":"open","sticky":false,"template":"","format":"standard","meta":{"tdm_status":"","tdm_grid_status":"","footnotes":""},"categories":[6],"tags":[34,33,2014,28],"class_list":["post-24659","post","type-post","status-publish","format-standard","has-post-thumbnail","hentry","category-noticias","tag-ambev","tag-estrategia","tag-lgbtqia","tag-marketing"],"yoast_head":"<!-- This site is optimized with the Yoast SEO plugin v27.5 - https:\/\/yoast.com\/product\/yoast-seo-wordpress\/ -->\n<title>Ambev homenageia a hist\u00f3ria da luta LGBTQIA+ com o movimento #OrgulhoResiste e convoca pessoas a compartilharem suas hist\u00f3rias - CidadeMarketing<\/title>\n<meta name=\"robots\" content=\"index, follow, max-snippet:-1, max-image-preview:large, max-video-preview:-1\" \/>\n<link rel=\"canonical\" href=\"https:\/\/www.cidademarketing.com.br\/marketing\/2021\/06\/28\/ambev-homenageia-a-historia-da-luta-lgbtqia-com-o-movimento-orgulhoresiste-e-convoca-pessoas-a-compartilharem-suas-historias\/\" \/>\n<meta property=\"og:locale\" content=\"pt_BR\" \/>\n<meta property=\"og:type\" content=\"article\" \/>\n<meta property=\"og:title\" content=\"Ambev homenageia a hist\u00f3ria da luta LGBTQIA+ com o movimento #OrgulhoResiste e convoca pessoas a compartilharem suas hist\u00f3rias - CidadeMarketing\" \/>\n<meta property=\"og:description\" content=\"O movimento #OrgulhoResiste, lan\u00e7ado pela Ambev no m\u00eas do orgulho LGBTQIA+, projeta a resist\u00eancia da comunidade ao longo das d\u00e9cadas e incentiva pessoas a compartilharem suas hist\u00f3rias de resist\u00eancia para apoiar projetos destinados \u00e0 popula\u00e7\u00e3o LGBTQIA+ em situa\u00e7\u00e3o de vulnerabilidade. Como representa\u00e7\u00e3o f\u00edsica do movimento em um per\u00edodo em que as pessoas ainda precisam ficar [&hellip;]\" \/>\n<meta property=\"og:url\" content=\"https:\/\/www.cidademarketing.com.br\/marketing\/2021\/06\/28\/ambev-homenageia-a-historia-da-luta-lgbtqia-com-o-movimento-orgulhoresiste-e-convoca-pessoas-a-compartilharem-suas-historias\/\" \/>\n<meta property=\"og:site_name\" content=\"CidadeMarketing\" \/>\n<meta property=\"article:publisher\" content=\"https:\/\/www.facebook.com\/portalcidademarketing\" \/>\n<meta property=\"article:author\" content=\"https:\/\/www.facebook.com\/thalesbrandao\" \/>\n<meta property=\"article:published_time\" content=\"2021-06-28T22:44:32+00:00\" \/>\n<meta property=\"article:modified_time\" content=\"2021-06-28T22:44:35+00:00\" \/>\n<meta property=\"og:image\" content=\"https:\/\/www.cidademarketing.com.br\/marketing\/wp-content\/uploads\/2021\/06\/Frame-OrgulhoResiste4.jpg\" \/>\n\t<meta property=\"og:image:width\" content=\"1280\" \/>\n\t<meta property=\"og:image:height\" content=\"720\" \/>\n\t<meta property=\"og:image:type\" content=\"image\/jpeg\" \/>\n<meta name=\"author\" content=\"Thales Brand\u00e3o\" \/>\n<meta name=\"twitter:card\" content=\"summary_large_image\" \/>\n<meta name=\"twitter:creator\" content=\"@http:\/\/www.twitter.com\/thalesbrandao\" \/>\n<meta name=\"twitter:site\" content=\"@CidadeMarketing\" \/>\n<meta name=\"twitter:label1\" content=\"Escrito por\" \/>\n\t<meta name=\"twitter:data1\" content=\"Thales Brand\u00e3o\" \/>\n\t<meta name=\"twitter:label2\" content=\"Est. tempo de leitura\" \/>\n\t<meta name=\"twitter:data2\" content=\"5 minutos\" \/>\n<script type=\"application\/ld+json\" class=\"yoast-schema-graph\">{\"@context\":\"https:\\\/\\\/schema.org\",\"@graph\":[{\"@type\":\"Article\",\"@id\":\"https:\\\/\\\/www.cidademarketing.com.br\\\/marketing\\\/2021\\\/06\\\/28\\\/ambev-homenageia-a-historia-da-luta-lgbtqia-com-o-movimento-orgulhoresiste-e-convoca-pessoas-a-compartilharem-suas-historias\\\/#article\",\"isPartOf\":{\"@id\":\"https:\\\/\\\/www.cidademarketing.com.br\\\/marketing\\\/2021\\\/06\\\/28\\\/ambev-homenageia-a-historia-da-luta-lgbtqia-com-o-movimento-orgulhoresiste-e-convoca-pessoas-a-compartilharem-suas-historias\\\/\"},\"author\":{\"name\":\"Thales Brand\u00e3o\",\"@id\":\"https:\\\/\\\/www.cidademarketing.com.br\\\/marketing\\\/#\\\/schema\\\/person\\\/02daff9f18bd9378c9e01eb6b2db155f\"},\"headline\":\"Ambev homenageia a hist\u00f3ria da luta LGBTQIA+ com o movimento #OrgulhoResiste e convoca pessoas a compartilharem suas hist\u00f3rias\",\"datePublished\":\"2021-06-28T22:44:32+00:00\",\"dateModified\":\"2021-06-28T22:44:35+00:00\",\"mainEntityOfPage\":{\"@id\":\"https:\\\/\\\/www.cidademarketing.com.br\\\/marketing\\\/2021\\\/06\\\/28\\\/ambev-homenageia-a-historia-da-luta-lgbtqia-com-o-movimento-orgulhoresiste-e-convoca-pessoas-a-compartilharem-suas-historias\\\/\"},\"wordCount\":1014,\"commentCount\":0,\"publisher\":{\"@id\":\"https:\\\/\\\/www.cidademarketing.com.br\\\/marketing\\\/#organization\"},\"image\":{\"@id\":\"https:\\\/\\\/www.cidademarketing.com.br\\\/marketing\\\/2021\\\/06\\\/28\\\/ambev-homenageia-a-historia-da-luta-lgbtqia-com-o-movimento-orgulhoresiste-e-convoca-pessoas-a-compartilharem-suas-historias\\\/#primaryimage\"},\"thumbnailUrl\":\"https:\\\/\\\/www.cidademarketing.com.br\\\/marketing\\\/wp-content\\\/uploads\\\/2021\\\/06\\\/Frame-OrgulhoResiste4.jpg\",\"keywords\":[\"Ambev\",\"estrat\u00e9gia\",\"LGBTQIA+\",\"marketing\"],\"articleSection\":[\"Not\u00edcias\"],\"inLanguage\":\"pt-BR\",\"potentialAction\":[{\"@type\":\"CommentAction\",\"name\":\"Comment\",\"target\":[\"https:\\\/\\\/www.cidademarketing.com.br\\\/marketing\\\/2021\\\/06\\\/28\\\/ambev-homenageia-a-historia-da-luta-lgbtqia-com-o-movimento-orgulhoresiste-e-convoca-pessoas-a-compartilharem-suas-historias\\\/#respond\"]}]},{\"@type\":\"WebPage\",\"@id\":\"https:\\\/\\\/www.cidademarketing.com.br\\\/marketing\\\/2021\\\/06\\\/28\\\/ambev-homenageia-a-historia-da-luta-lgbtqia-com-o-movimento-orgulhoresiste-e-convoca-pessoas-a-compartilharem-suas-historias\\\/\",\"url\":\"https:\\\/\\\/www.cidademarketing.com.br\\\/marketing\\\/2021\\\/06\\\/28\\\/ambev-homenageia-a-historia-da-luta-lgbtqia-com-o-movimento-orgulhoresiste-e-convoca-pessoas-a-compartilharem-suas-historias\\\/\",\"name\":\"Ambev homenageia a hist\u00f3ria da luta LGBTQIA+ com o movimento #OrgulhoResiste e convoca pessoas a compartilharem suas hist\u00f3rias - CidadeMarketing\",\"isPartOf\":{\"@id\":\"https:\\\/\\\/www.cidademarketing.com.br\\\/marketing\\\/#website\"},\"primaryImageOfPage\":{\"@id\":\"https:\\\/\\\/www.cidademarketing.com.br\\\/marketing\\\/2021\\\/06\\\/28\\\/ambev-homenageia-a-historia-da-luta-lgbtqia-com-o-movimento-orgulhoresiste-e-convoca-pessoas-a-compartilharem-suas-historias\\\/#primaryimage\"},\"image\":{\"@id\":\"https:\\\/\\\/www.cidademarketing.com.br\\\/marketing\\\/2021\\\/06\\\/28\\\/ambev-homenageia-a-historia-da-luta-lgbtqia-com-o-movimento-orgulhoresiste-e-convoca-pessoas-a-compartilharem-suas-historias\\\/#primaryimage\"},\"thumbnailUrl\":\"https:\\\/\\\/www.cidademarketing.com.br\\\/marketing\\\/wp-content\\\/uploads\\\/2021\\\/06\\\/Frame-OrgulhoResiste4.jpg\",\"datePublished\":\"2021-06-28T22:44:32+00:00\",\"dateModified\":\"2021-06-28T22:44:35+00:00\",\"breadcrumb\":{\"@id\":\"https:\\\/\\\/www.cidademarketing.com.br\\\/marketing\\\/2021\\\/06\\\/28\\\/ambev-homenageia-a-historia-da-luta-lgbtqia-com-o-movimento-orgulhoresiste-e-convoca-pessoas-a-compartilharem-suas-historias\\\/#breadcrumb\"},\"inLanguage\":\"pt-BR\",\"potentialAction\":[{\"@type\":\"ReadAction\",\"target\":[\"https:\\\/\\\/www.cidademarketing.com.br\\\/marketing\\\/2021\\\/06\\\/28\\\/ambev-homenageia-a-historia-da-luta-lgbtqia-com-o-movimento-orgulhoresiste-e-convoca-pessoas-a-compartilharem-suas-historias\\\/\"]}]},{\"@type\":\"ImageObject\",\"inLanguage\":\"pt-BR\",\"@id\":\"https:\\\/\\\/www.cidademarketing.com.br\\\/marketing\\\/2021\\\/06\\\/28\\\/ambev-homenageia-a-historia-da-luta-lgbtqia-com-o-movimento-orgulhoresiste-e-convoca-pessoas-a-compartilharem-suas-historias\\\/#primaryimage\",\"url\":\"https:\\\/\\\/www.cidademarketing.com.br\\\/marketing\\\/wp-content\\\/uploads\\\/2021\\\/06\\\/Frame-OrgulhoResiste4.jpg\",\"contentUrl\":\"https:\\\/\\\/www.cidademarketing.com.br\\\/marketing\\\/wp-content\\\/uploads\\\/2021\\\/06\\\/Frame-OrgulhoResiste4.jpg\",\"width\":1280,\"height\":720,\"caption\":\"Reprodu\u00e7\u00e3o\"},{\"@type\":\"BreadcrumbList\",\"@id\":\"https:\\\/\\\/www.cidademarketing.com.br\\\/marketing\\\/2021\\\/06\\\/28\\\/ambev-homenageia-a-historia-da-luta-lgbtqia-com-o-movimento-orgulhoresiste-e-convoca-pessoas-a-compartilharem-suas-historias\\\/#breadcrumb\",\"itemListElement\":[{\"@type\":\"ListItem\",\"position\":1,\"name\":\"In\u00edcio\",\"item\":\"https:\\\/\\\/www.cidademarketing.com.br\\\/marketing\\\/\"},{\"@type\":\"ListItem\",\"position\":2,\"name\":\"Ambev homenageia a hist\u00f3ria da luta LGBTQIA+ com o movimento #OrgulhoResiste e convoca pessoas a compartilharem suas hist\u00f3rias\"}]},{\"@type\":\"WebSite\",\"@id\":\"https:\\\/\\\/www.cidademarketing.com.br\\\/marketing\\\/#website\",\"url\":\"https:\\\/\\\/www.cidademarketing.com.br\\\/marketing\\\/\",\"name\":\"CidadeMarketing\",\"description\":\"Somos um ve\u00edculo de comunica\u00e7\u00e3o de destaque no Brasil, reconhecido por conte\u00fados nos segmentos de marketing, empreendedorismo e inova\u00e7\u00e3o.\",\"publisher\":{\"@id\":\"https:\\\/\\\/www.cidademarketing.com.br\\\/marketing\\\/#organization\"},\"alternateName\":\"CidadeMarketing\",\"potentialAction\":[{\"@type\":\"SearchAction\",\"target\":{\"@type\":\"EntryPoint\",\"urlTemplate\":\"https:\\\/\\\/www.cidademarketing.com.br\\\/marketing\\\/?s={search_term_string}\"},\"query-input\":{\"@type\":\"PropertyValueSpecification\",\"valueRequired\":true,\"valueName\":\"search_term_string\"}}],\"inLanguage\":\"pt-BR\"},{\"@type\":\"Organization\",\"@id\":\"https:\\\/\\\/www.cidademarketing.com.br\\\/marketing\\\/#organization\",\"name\":\"CidadeMarketing\",\"alternateName\":\"CidadeMarketing\",\"url\":\"https:\\\/\\\/www.cidademarketing.com.br\\\/marketing\\\/\",\"logo\":{\"@type\":\"ImageObject\",\"inLanguage\":\"pt-BR\",\"@id\":\"https:\\\/\\\/www.cidademarketing.com.br\\\/marketing\\\/#\\\/schema\\\/logo\\\/image\\\/\",\"url\":\"https:\\\/\\\/www.cidademarketing.com.br\\\/marketing\\\/wp-content\\\/uploads\\\/2020\\\/01\\\/cidademarketing_marca_mobile.png\",\"contentUrl\":\"https:\\\/\\\/www.cidademarketing.com.br\\\/marketing\\\/wp-content\\\/uploads\\\/2020\\\/01\\\/cidademarketing_marca_mobile.png\",\"width\":230,\"height\":92,\"caption\":\"CidadeMarketing\"},\"image\":{\"@id\":\"https:\\\/\\\/www.cidademarketing.com.br\\\/marketing\\\/#\\\/schema\\\/logo\\\/image\\\/\"},\"sameAs\":[\"https:\\\/\\\/www.facebook.com\\\/portalcidademarketing\",\"https:\\\/\\\/x.com\\\/CidadeMarketing\",\"https:\\\/\\\/www.instagram.com\\\/cidademarketing\\\/\"]},{\"@type\":\"Person\",\"@id\":\"https:\\\/\\\/www.cidademarketing.com.br\\\/marketing\\\/#\\\/schema\\\/person\\\/02daff9f18bd9378c9e01eb6b2db155f\",\"name\":\"Thales Brand\u00e3o\",\"image\":{\"@type\":\"ImageObject\",\"inLanguage\":\"pt-BR\",\"@id\":\"https:\\\/\\\/secure.gravatar.com\\\/avatar\\\/7ca3206950207cc3cb48feec56a8a7898741ab725c368d99d5d7a5a50aab80c6?s=96&d=mm&r=g\",\"url\":\"https:\\\/\\\/secure.gravatar.com\\\/avatar\\\/7ca3206950207cc3cb48feec56a8a7898741ab725c368d99d5d7a5a50aab80c6?s=96&d=mm&r=g\",\"contentUrl\":\"https:\\\/\\\/secure.gravatar.com\\\/avatar\\\/7ca3206950207cc3cb48feec56a8a7898741ab725c368d99d5d7a5a50aab80c6?s=96&d=mm&r=g\",\"caption\":\"Thales Brand\u00e3o\"},\"description\":\"Editor Executivo do Portal CidadeMarketing.com.br &gt; Mestre em Comunica\u00e7\u00e3o e Sociedade pela Universidade Federal de Sergipe. Possui MBA Executivo em Administra\u00e7\u00e3o com \u00eanfase em Marketing pela Funda\u00e7\u00e3o Get\u00falio Vargas - Rio de Janeiro. Consultor, Palestrante e Pesquisador sobre Empreendedorismo, Marketing, Redes Sociais e Neg\u00f3cios Digitais. Professor, Palestrante TedxTalks e Campus Party. Twitter: @ThalesBrandao\",\"sameAs\":[\"http:\\\/\\\/www.mandacaru.com.br\",\"https:\\\/\\\/www.facebook.com\\\/thalesbrandao\",\"http:\\\/\\\/www.instagram.com.br\\\/thalesbrandaoferreira\",\"https:\\\/\\\/www.linkedin.com\\\/in\\\/thales-brand\u00e3o-3948609\\\/\",\"https:\\\/\\\/x.com\\\/http:\\\/\\\/www.twitter.com\\\/thalesbrandao\"],\"url\":\"https:\\\/\\\/www.cidademarketing.com.br\\\/marketing\\\/author\\\/thalesbrandao\\\/\"}]}<\/script>\n<!-- \/ Yoast SEO plugin. -->","yoast_head_json":{"title":"Ambev homenageia a hist\u00f3ria da luta LGBTQIA+ com o movimento #OrgulhoResiste e convoca pessoas a compartilharem suas hist\u00f3rias - CidadeMarketing","robots":{"index":"index","follow":"follow","max-snippet":"max-snippet:-1","max-image-preview":"max-image-preview:large","max-video-preview":"max-video-preview:-1"},"canonical":"https:\/\/www.cidademarketing.com.br\/marketing\/2021\/06\/28\/ambev-homenageia-a-historia-da-luta-lgbtqia-com-o-movimento-orgulhoresiste-e-convoca-pessoas-a-compartilharem-suas-historias\/","og_locale":"pt_BR","og_type":"article","og_title":"Ambev homenageia a hist\u00f3ria da luta LGBTQIA+ com o movimento #OrgulhoResiste e convoca pessoas a compartilharem suas hist\u00f3rias - CidadeMarketing","og_description":"O movimento #OrgulhoResiste, lan\u00e7ado pela Ambev no m\u00eas do orgulho LGBTQIA+, projeta a resist\u00eancia da comunidade ao longo das d\u00e9cadas e incentiva pessoas a compartilharem suas hist\u00f3rias de resist\u00eancia para apoiar projetos destinados \u00e0 popula\u00e7\u00e3o LGBTQIA+ em situa\u00e7\u00e3o de vulnerabilidade. Como representa\u00e7\u00e3o f\u00edsica do movimento em um per\u00edodo em que as pessoas ainda precisam ficar [&hellip;]","og_url":"https:\/\/www.cidademarketing.com.br\/marketing\/2021\/06\/28\/ambev-homenageia-a-historia-da-luta-lgbtqia-com-o-movimento-orgulhoresiste-e-convoca-pessoas-a-compartilharem-suas-historias\/","og_site_name":"CidadeMarketing","article_publisher":"https:\/\/www.facebook.com\/portalcidademarketing","article_author":"https:\/\/www.facebook.com\/thalesbrandao","article_published_time":"2021-06-28T22:44:32+00:00","article_modified_time":"2021-06-28T22:44:35+00:00","og_image":[{"width":1280,"height":720,"url":"https:\/\/www.cidademarketing.com.br\/marketing\/wp-content\/uploads\/2021\/06\/Frame-OrgulhoResiste4.jpg","type":"image\/jpeg"}],"author":"Thales Brand\u00e3o","twitter_card":"summary_large_image","twitter_creator":"@http:\/\/www.twitter.com\/thalesbrandao","twitter_site":"@CidadeMarketing","twitter_misc":{"Escrito por":"Thales Brand\u00e3o","Est. tempo de leitura":"5 minutos"},"schema":{"@context":"https:\/\/schema.org","@graph":[{"@type":"Article","@id":"https:\/\/www.cidademarketing.com.br\/marketing\/2021\/06\/28\/ambev-homenageia-a-historia-da-luta-lgbtqia-com-o-movimento-orgulhoresiste-e-convoca-pessoas-a-compartilharem-suas-historias\/#article","isPartOf":{"@id":"https:\/\/www.cidademarketing.com.br\/marketing\/2021\/06\/28\/ambev-homenageia-a-historia-da-luta-lgbtqia-com-o-movimento-orgulhoresiste-e-convoca-pessoas-a-compartilharem-suas-historias\/"},"author":{"name":"Thales Brand\u00e3o","@id":"https:\/\/www.cidademarketing.com.br\/marketing\/#\/schema\/person\/02daff9f18bd9378c9e01eb6b2db155f"},"headline":"Ambev homenageia a hist\u00f3ria da luta LGBTQIA+ com o movimento #OrgulhoResiste e convoca pessoas a compartilharem suas hist\u00f3rias","datePublished":"2021-06-28T22:44:32+00:00","dateModified":"2021-06-28T22:44:35+00:00","mainEntityOfPage":{"@id":"https:\/\/www.cidademarketing.com.br\/marketing\/2021\/06\/28\/ambev-homenageia-a-historia-da-luta-lgbtqia-com-o-movimento-orgulhoresiste-e-convoca-pessoas-a-compartilharem-suas-historias\/"},"wordCount":1014,"commentCount":0,"publisher":{"@id":"https:\/\/www.cidademarketing.com.br\/marketing\/#organization"},"image":{"@id":"https:\/\/www.cidademarketing.com.br\/marketing\/2021\/06\/28\/ambev-homenageia-a-historia-da-luta-lgbtqia-com-o-movimento-orgulhoresiste-e-convoca-pessoas-a-compartilharem-suas-historias\/#primaryimage"},"thumbnailUrl":"https:\/\/www.cidademarketing.com.br\/marketing\/wp-content\/uploads\/2021\/06\/Frame-OrgulhoResiste4.jpg","keywords":["Ambev","estrat\u00e9gia","LGBTQIA+","marketing"],"articleSection":["Not\u00edcias"],"inLanguage":"pt-BR","potentialAction":[{"@type":"CommentAction","name":"Comment","target":["https:\/\/www.cidademarketing.com.br\/marketing\/2021\/06\/28\/ambev-homenageia-a-historia-da-luta-lgbtqia-com-o-movimento-orgulhoresiste-e-convoca-pessoas-a-compartilharem-suas-historias\/#respond"]}]},{"@type":"WebPage","@id":"https:\/\/www.cidademarketing.com.br\/marketing\/2021\/06\/28\/ambev-homenageia-a-historia-da-luta-lgbtqia-com-o-movimento-orgulhoresiste-e-convoca-pessoas-a-compartilharem-suas-historias\/","url":"https:\/\/www.cidademarketing.com.br\/marketing\/2021\/06\/28\/ambev-homenageia-a-historia-da-luta-lgbtqia-com-o-movimento-orgulhoresiste-e-convoca-pessoas-a-compartilharem-suas-historias\/","name":"Ambev homenageia a hist\u00f3ria da luta LGBTQIA+ com o movimento #OrgulhoResiste e convoca pessoas a compartilharem suas hist\u00f3rias - CidadeMarketing","isPartOf":{"@id":"https:\/\/www.cidademarketing.com.br\/marketing\/#website"},"primaryImageOfPage":{"@id":"https:\/\/www.cidademarketing.com.br\/marketing\/2021\/06\/28\/ambev-homenageia-a-historia-da-luta-lgbtqia-com-o-movimento-orgulhoresiste-e-convoca-pessoas-a-compartilharem-suas-historias\/#primaryimage"},"image":{"@id":"https:\/\/www.cidademarketing.com.br\/marketing\/2021\/06\/28\/ambev-homenageia-a-historia-da-luta-lgbtqia-com-o-movimento-orgulhoresiste-e-convoca-pessoas-a-compartilharem-suas-historias\/#primaryimage"},"thumbnailUrl":"https:\/\/www.cidademarketing.com.br\/marketing\/wp-content\/uploads\/2021\/06\/Frame-OrgulhoResiste4.jpg","datePublished":"2021-06-28T22:44:32+00:00","dateModified":"2021-06-28T22:44:35+00:00","breadcrumb":{"@id":"https:\/\/www.cidademarketing.com.br\/marketing\/2021\/06\/28\/ambev-homenageia-a-historia-da-luta-lgbtqia-com-o-movimento-orgulhoresiste-e-convoca-pessoas-a-compartilharem-suas-historias\/#breadcrumb"},"inLanguage":"pt-BR","potentialAction":[{"@type":"ReadAction","target":["https:\/\/www.cidademarketing.com.br\/marketing\/2021\/06\/28\/ambev-homenageia-a-historia-da-luta-lgbtqia-com-o-movimento-orgulhoresiste-e-convoca-pessoas-a-compartilharem-suas-historias\/"]}]},{"@type":"ImageObject","inLanguage":"pt-BR","@id":"https:\/\/www.cidademarketing.com.br\/marketing\/2021\/06\/28\/ambev-homenageia-a-historia-da-luta-lgbtqia-com-o-movimento-orgulhoresiste-e-convoca-pessoas-a-compartilharem-suas-historias\/#primaryimage","url":"https:\/\/www.cidademarketing.com.br\/marketing\/wp-content\/uploads\/2021\/06\/Frame-OrgulhoResiste4.jpg","contentUrl":"https:\/\/www.cidademarketing.com.br\/marketing\/wp-content\/uploads\/2021\/06\/Frame-OrgulhoResiste4.jpg","width":1280,"height":720,"caption":"Reprodu\u00e7\u00e3o"},{"@type":"BreadcrumbList","@id":"https:\/\/www.cidademarketing.com.br\/marketing\/2021\/06\/28\/ambev-homenageia-a-historia-da-luta-lgbtqia-com-o-movimento-orgulhoresiste-e-convoca-pessoas-a-compartilharem-suas-historias\/#breadcrumb","itemListElement":[{"@type":"ListItem","position":1,"name":"In\u00edcio","item":"https:\/\/www.cidademarketing.com.br\/marketing\/"},{"@type":"ListItem","position":2,"name":"Ambev homenageia a hist\u00f3ria da luta LGBTQIA+ com o movimento #OrgulhoResiste e convoca pessoas a compartilharem suas hist\u00f3rias"}]},{"@type":"WebSite","@id":"https:\/\/www.cidademarketing.com.br\/marketing\/#website","url":"https:\/\/www.cidademarketing.com.br\/marketing\/","name":"CidadeMarketing","description":"Somos um ve\u00edculo de comunica\u00e7\u00e3o de destaque no Brasil, reconhecido por conte\u00fados nos segmentos de marketing, empreendedorismo e inova\u00e7\u00e3o.","publisher":{"@id":"https:\/\/www.cidademarketing.com.br\/marketing\/#organization"},"alternateName":"CidadeMarketing","potentialAction":[{"@type":"SearchAction","target":{"@type":"EntryPoint","urlTemplate":"https:\/\/www.cidademarketing.com.br\/marketing\/?s={search_term_string}"},"query-input":{"@type":"PropertyValueSpecification","valueRequired":true,"valueName":"search_term_string"}}],"inLanguage":"pt-BR"},{"@type":"Organization","@id":"https:\/\/www.cidademarketing.com.br\/marketing\/#organization","name":"CidadeMarketing","alternateName":"CidadeMarketing","url":"https:\/\/www.cidademarketing.com.br\/marketing\/","logo":{"@type":"ImageObject","inLanguage":"pt-BR","@id":"https:\/\/www.cidademarketing.com.br\/marketing\/#\/schema\/logo\/image\/","url":"https:\/\/www.cidademarketing.com.br\/marketing\/wp-content\/uploads\/2020\/01\/cidademarketing_marca_mobile.png","contentUrl":"https:\/\/www.cidademarketing.com.br\/marketing\/wp-content\/uploads\/2020\/01\/cidademarketing_marca_mobile.png","width":230,"height":92,"caption":"CidadeMarketing"},"image":{"@id":"https:\/\/www.cidademarketing.com.br\/marketing\/#\/schema\/logo\/image\/"},"sameAs":["https:\/\/www.facebook.com\/portalcidademarketing","https:\/\/x.com\/CidadeMarketing","https:\/\/www.instagram.com\/cidademarketing\/"]},{"@type":"Person","@id":"https:\/\/www.cidademarketing.com.br\/marketing\/#\/schema\/person\/02daff9f18bd9378c9e01eb6b2db155f","name":"Thales Brand\u00e3o","image":{"@type":"ImageObject","inLanguage":"pt-BR","@id":"https:\/\/secure.gravatar.com\/avatar\/7ca3206950207cc3cb48feec56a8a7898741ab725c368d99d5d7a5a50aab80c6?s=96&d=mm&r=g","url":"https:\/\/secure.gravatar.com\/avatar\/7ca3206950207cc3cb48feec56a8a7898741ab725c368d99d5d7a5a50aab80c6?s=96&d=mm&r=g","contentUrl":"https:\/\/secure.gravatar.com\/avatar\/7ca3206950207cc3cb48feec56a8a7898741ab725c368d99d5d7a5a50aab80c6?s=96&d=mm&r=g","caption":"Thales Brand\u00e3o"},"description":"Editor Executivo do Portal CidadeMarketing.com.br &gt; Mestre em Comunica\u00e7\u00e3o e Sociedade pela Universidade Federal de Sergipe. Possui MBA Executivo em Administra\u00e7\u00e3o com \u00eanfase em Marketing pela Funda\u00e7\u00e3o Get\u00falio Vargas - Rio de Janeiro. Consultor, Palestrante e Pesquisador sobre Empreendedorismo, Marketing, Redes Sociais e Neg\u00f3cios Digitais. Professor, Palestrante TedxTalks e Campus Party. Twitter: @ThalesBrandao","sameAs":["http:\/\/www.mandacaru.com.br","https:\/\/www.facebook.com\/thalesbrandao","http:\/\/www.instagram.com.br\/thalesbrandaoferreira","https:\/\/www.linkedin.com\/in\/thales-brand\u00e3o-3948609\/","https:\/\/x.com\/http:\/\/www.twitter.com\/thalesbrandao"],"url":"https:\/\/www.cidademarketing.com.br\/marketing\/author\/thalesbrandao\/"}]}},"amp_enabled":true,"_links":{"self":[{"href":"https:\/\/www.cidademarketing.com.br\/marketing\/wp-json\/wp\/v2\/posts\/24659","targetHints":{"allow":["GET"]}}],"collection":[{"href":"https:\/\/www.cidademarketing.com.br\/marketing\/wp-json\/wp\/v2\/posts"}],"about":[{"href":"https:\/\/www.cidademarketing.com.br\/marketing\/wp-json\/wp\/v2\/types\/post"}],"author":[{"embeddable":true,"href":"https:\/\/www.cidademarketing.com.br\/marketing\/wp-json\/wp\/v2\/users\/1"}],"replies":[{"embeddable":true,"href":"https:\/\/www.cidademarketing.com.br\/marketing\/wp-json\/wp\/v2\/comments?post=24659"}],"version-history":[{"count":1,"href":"https:\/\/www.cidademarketing.com.br\/marketing\/wp-json\/wp\/v2\/posts\/24659\/revisions"}],"predecessor-version":[{"id":24661,"href":"https:\/\/www.cidademarketing.com.br\/marketing\/wp-json\/wp\/v2\/posts\/24659\/revisions\/24661"}],"wp:featuredmedia":[{"embeddable":true,"href":"https:\/\/www.cidademarketing.com.br\/marketing\/wp-json\/wp\/v2\/media\/24660"}],"wp:attachment":[{"href":"https:\/\/www.cidademarketing.com.br\/marketing\/wp-json\/wp\/v2\/media?parent=24659"}],"wp:term":[{"taxonomy":"category","embeddable":true,"href":"https:\/\/www.cidademarketing.com.br\/marketing\/wp-json\/wp\/v2\/categories?post=24659"},{"taxonomy":"post_tag","embeddable":true,"href":"https:\/\/www.cidademarketing.com.br\/marketing\/wp-json\/wp\/v2\/tags?post=24659"}],"curies":[{"name":"wp","href":"https:\/\/api.w.org\/{rel}","templated":true}]}}