{"id":24633,"date":"2021-06-28T10:32:32","date_gmt":"2021-06-28T13:32:32","guid":{"rendered":"https:\/\/www.cidademarketing.com.br\/marketing\/?p=24633"},"modified":"2021-06-28T10:32:34","modified_gmt":"2021-06-28T13:32:34","slug":"pernambucanas-desembarca-no-nordeste-do-pais-e-inaugura-sua-primeira-loja-na-bahia","status":"publish","type":"post","link":"https:\/\/www.cidademarketing.com.br\/marketing\/2021\/06\/28\/pernambucanas-desembarca-no-nordeste-do-pais-e-inaugura-sua-primeira-loja-na-bahia\/","title":{"rendered":"Pernambucanas desembarca no Nordeste do pa\u00eds e inaugura sua primeira loja na Bahia"},"content":{"rendered":"\n<p>Seguindo um s\u00f3lido plano de expans\u00e3o pelo pa\u00eds, a Pernambucanas, marca varejista nacional pioneira em inova\u00e7\u00f5es, anuncia a chegada na regi\u00e3o Nordeste do pa\u00eds. A inaugura\u00e7\u00e3o da sua primeira loja no estado da Bahia ser\u00e1 no dia 26 de junho, em Salvador, no Shopping Bela Vista. Agora, a marca est\u00e1 presente em todas as regi\u00f5es do Brasil totalizando 426 unidades, intensificando a capilaridade de produtos e servi\u00e7os da Pernambucanas por todo o pa\u00eds.<\/p>\n\n\n\n<p>A unidade do Shopping Bela Vista, em Salvador, possui 1.022m\u00b2 e\u00a0gerou cerca de 22\u00a0empregos diretos. O espa\u00e7o conta com o portf\u00f3lio completo de produtos que v\u00e3o desde vestu\u00e1rio feminino, masculino e infantil, itens de lar como cama, mesa e banho, al\u00e9m de eletroport\u00e1teis, telefonia e inform\u00e1tica. A loja tamb\u00e9m conta com as novas categorias de produto da marca com itens de lar e vestu\u00e1rio para beb\u00eas, linha pet, bijuterias e brinquedos. Os clientes tamb\u00e9m podem conferir as novidades do Espa\u00e7o Beleza, \u00e1rea dedicada a produtos das marcas Jequiti e Multi B (Vult, Eudora e Australian Gold).<\/p>\n\n\n\n<figure class=\"wp-block-gallery columns-3 is-cropped wp-block-gallery-1 is-layout-flex wp-block-gallery-is-layout-flex\"><ul class=\"blocks-gallery-grid\"><li class=\"blocks-gallery-item\"><figure><img fetchpriority=\"high\" decoding=\"async\" width=\"1024\" height=\"461\" src=\"https:\/\/www.cidademarketing.com.br\/marketing\/wp-content\/uploads\/2021\/06\/pernambucana_01-1024x461.jpg\" alt=\"\" data-id=\"24634\" data-full-url=\"https:\/\/www.cidademarketing.com.br\/marketing\/wp-content\/uploads\/2021\/06\/pernambucana_01-scaled.jpg\" data-link=\"https:\/\/www.cidademarketing.com.br\/marketing\/?attachment_id=24634\" class=\"wp-image-24634\" srcset=\"https:\/\/www.cidademarketing.com.br\/marketing\/wp-content\/uploads\/2021\/06\/pernambucana_01-1024x461.jpg 1024w, https:\/\/www.cidademarketing.com.br\/marketing\/wp-content\/uploads\/2021\/06\/pernambucana_01-300x135.jpg 300w, https:\/\/www.cidademarketing.com.br\/marketing\/wp-content\/uploads\/2021\/06\/pernambucana_01-768x346.jpg 768w, https:\/\/www.cidademarketing.com.br\/marketing\/wp-content\/uploads\/2021\/06\/pernambucana_01-1536x691.jpg 1536w, https:\/\/www.cidademarketing.com.br\/marketing\/wp-content\/uploads\/2021\/06\/pernambucana_01-2048x922.jpg 2048w, https:\/\/www.cidademarketing.com.br\/marketing\/wp-content\/uploads\/2021\/06\/pernambucana_01-933x420.jpg 933w, https:\/\/www.cidademarketing.com.br\/marketing\/wp-content\/uploads\/2021\/06\/pernambucana_01-640x288.jpg 640w, https:\/\/www.cidademarketing.com.br\/marketing\/wp-content\/uploads\/2021\/06\/pernambucana_01-681x306.jpg 681w\" sizes=\"(max-width: 1024px) 100vw, 1024px\" \/><\/figure><\/li><li class=\"blocks-gallery-item\"><figure><img decoding=\"async\" width=\"1024\" height=\"461\" src=\"https:\/\/www.cidademarketing.com.br\/marketing\/wp-content\/uploads\/2021\/06\/pernambucana_02-1024x461.jpg\" alt=\"\" data-id=\"24635\" data-full-url=\"https:\/\/www.cidademarketing.com.br\/marketing\/wp-content\/uploads\/2021\/06\/pernambucana_02-scaled.jpg\" data-link=\"https:\/\/www.cidademarketing.com.br\/marketing\/?attachment_id=24635\" class=\"wp-image-24635\" srcset=\"https:\/\/www.cidademarketing.com.br\/marketing\/wp-content\/uploads\/2021\/06\/pernambucana_02-1024x461.jpg 1024w, https:\/\/www.cidademarketing.com.br\/marketing\/wp-content\/uploads\/2021\/06\/pernambucana_02-300x135.jpg 300w, https:\/\/www.cidademarketing.com.br\/marketing\/wp-content\/uploads\/2021\/06\/pernambucana_02-768x346.jpg 768w, https:\/\/www.cidademarketing.com.br\/marketing\/wp-content\/uploads\/2021\/06\/pernambucana_02-1536x691.jpg 1536w, https:\/\/www.cidademarketing.com.br\/marketing\/wp-content\/uploads\/2021\/06\/pernambucana_02-2048x922.jpg 2048w, https:\/\/www.cidademarketing.com.br\/marketing\/wp-content\/uploads\/2021\/06\/pernambucana_02-933x420.jpg 933w, https:\/\/www.cidademarketing.com.br\/marketing\/wp-content\/uploads\/2021\/06\/pernambucana_02-640x288.jpg 640w, https:\/\/www.cidademarketing.com.br\/marketing\/wp-content\/uploads\/2021\/06\/pernambucana_02-681x306.jpg 681w\" sizes=\"(max-width: 1024px) 100vw, 1024px\" \/><\/figure><\/li><li class=\"blocks-gallery-item\"><figure><img decoding=\"async\" width=\"1024\" height=\"461\" src=\"https:\/\/www.cidademarketing.com.br\/marketing\/wp-content\/uploads\/2021\/06\/pernambucana_03-1024x461.jpg\" alt=\"\" data-id=\"24636\" data-full-url=\"https:\/\/www.cidademarketing.com.br\/marketing\/wp-content\/uploads\/2021\/06\/pernambucana_03-scaled.jpg\" data-link=\"https:\/\/www.cidademarketing.com.br\/marketing\/?attachment_id=24636\" class=\"wp-image-24636\" srcset=\"https:\/\/www.cidademarketing.com.br\/marketing\/wp-content\/uploads\/2021\/06\/pernambucana_03-1024x461.jpg 1024w, https:\/\/www.cidademarketing.com.br\/marketing\/wp-content\/uploads\/2021\/06\/pernambucana_03-300x135.jpg 300w, https:\/\/www.cidademarketing.com.br\/marketing\/wp-content\/uploads\/2021\/06\/pernambucana_03-768x346.jpg 768w, https:\/\/www.cidademarketing.com.br\/marketing\/wp-content\/uploads\/2021\/06\/pernambucana_03-1536x691.jpg 1536w, https:\/\/www.cidademarketing.com.br\/marketing\/wp-content\/uploads\/2021\/06\/pernambucana_03-2048x922.jpg 2048w, https:\/\/www.cidademarketing.com.br\/marketing\/wp-content\/uploads\/2021\/06\/pernambucana_03-933x420.jpg 933w, https:\/\/www.cidademarketing.com.br\/marketing\/wp-content\/uploads\/2021\/06\/pernambucana_03-640x288.jpg 640w, https:\/\/www.cidademarketing.com.br\/marketing\/wp-content\/uploads\/2021\/06\/pernambucana_03-681x306.jpg 681w\" sizes=\"(max-width: 1024px) 100vw, 1024px\" \/><\/figure><\/li><li class=\"blocks-gallery-item\"><figure><img loading=\"lazy\" decoding=\"async\" width=\"1024\" height=\"461\" src=\"https:\/\/www.cidademarketing.com.br\/marketing\/wp-content\/uploads\/2021\/06\/pernambucana_04-1024x461.jpg\" alt=\"\" data-id=\"24637\" data-full-url=\"https:\/\/www.cidademarketing.com.br\/marketing\/wp-content\/uploads\/2021\/06\/pernambucana_04-scaled.jpg\" data-link=\"https:\/\/www.cidademarketing.com.br\/marketing\/?attachment_id=24637\" class=\"wp-image-24637\" srcset=\"https:\/\/www.cidademarketing.com.br\/marketing\/wp-content\/uploads\/2021\/06\/pernambucana_04-1024x461.jpg 1024w, https:\/\/www.cidademarketing.com.br\/marketing\/wp-content\/uploads\/2021\/06\/pernambucana_04-300x135.jpg 300w, https:\/\/www.cidademarketing.com.br\/marketing\/wp-content\/uploads\/2021\/06\/pernambucana_04-768x346.jpg 768w, https:\/\/www.cidademarketing.com.br\/marketing\/wp-content\/uploads\/2021\/06\/pernambucana_04-1536x691.jpg 1536w, https:\/\/www.cidademarketing.com.br\/marketing\/wp-content\/uploads\/2021\/06\/pernambucana_04-2048x922.jpg 2048w, https:\/\/www.cidademarketing.com.br\/marketing\/wp-content\/uploads\/2021\/06\/pernambucana_04-933x420.jpg 933w, https:\/\/www.cidademarketing.com.br\/marketing\/wp-content\/uploads\/2021\/06\/pernambucana_04-640x288.jpg 640w, https:\/\/www.cidademarketing.com.br\/marketing\/wp-content\/uploads\/2021\/06\/pernambucana_04-681x306.jpg 681w\" sizes=\"(max-width: 1024px) 100vw, 1024px\" \/><\/figure><\/li><li class=\"blocks-gallery-item\"><figure><img loading=\"lazy\" decoding=\"async\" width=\"1024\" height=\"765\" src=\"https:\/\/www.cidademarketing.com.br\/marketing\/wp-content\/uploads\/2021\/06\/pernambucana_06.jpg\" alt=\"\" data-id=\"24638\" data-full-url=\"https:\/\/www.cidademarketing.com.br\/marketing\/wp-content\/uploads\/2021\/06\/pernambucana_06.jpg\" data-link=\"https:\/\/www.cidademarketing.com.br\/marketing\/?attachment_id=24638\" class=\"wp-image-24638\" srcset=\"https:\/\/www.cidademarketing.com.br\/marketing\/wp-content\/uploads\/2021\/06\/pernambucana_06.jpg 1024w, https:\/\/www.cidademarketing.com.br\/marketing\/wp-content\/uploads\/2021\/06\/pernambucana_06-300x224.jpg 300w, https:\/\/www.cidademarketing.com.br\/marketing\/wp-content\/uploads\/2021\/06\/pernambucana_06-768x574.jpg 768w, https:\/\/www.cidademarketing.com.br\/marketing\/wp-content\/uploads\/2021\/06\/pernambucana_06-562x420.jpg 562w, https:\/\/www.cidademarketing.com.br\/marketing\/wp-content\/uploads\/2021\/06\/pernambucana_06-80x60.jpg 80w, https:\/\/www.cidademarketing.com.br\/marketing\/wp-content\/uploads\/2021\/06\/pernambucana_06-100x75.jpg 100w, https:\/\/www.cidademarketing.com.br\/marketing\/wp-content\/uploads\/2021\/06\/pernambucana_06-180x135.jpg 180w, https:\/\/www.cidademarketing.com.br\/marketing\/wp-content\/uploads\/2021\/06\/pernambucana_06-238x178.jpg 238w, https:\/\/www.cidademarketing.com.br\/marketing\/wp-content\/uploads\/2021\/06\/pernambucana_06-265x198.jpg 265w, https:\/\/www.cidademarketing.com.br\/marketing\/wp-content\/uploads\/2021\/06\/pernambucana_06-640x478.jpg 640w, https:\/\/www.cidademarketing.com.br\/marketing\/wp-content\/uploads\/2021\/06\/pernambucana_06-681x509.jpg 681w\" sizes=\"(max-width: 1024px) 100vw, 1024px\" \/><\/figure><\/li><\/ul><\/figure>\n\n\n\n<p><\/p>\n\n\n\n<p>\u201c\u00c9 uma alegria para n\u00f3s chegarmos \u00e0 regi\u00e3o Nordeste, especialmente no estado da Bahia, entrando pela capital Salvador. Esse era um pedido frequente que receb\u00edamos e estamos bastante realizados em poder estar pr\u00f3ximo dos baianos. Ainda este ano iremos inaugurar mais unidades, intensificando nossa presen\u00e7a no estado\u201d, afirma Sergio Borriello, CEO da Pernambucanas.<\/p>\n\n\n\n<p>Sempre pensando no bem-estar e sa\u00fade de seus clientes e colaboradores, a nova loja no Shopping Bela Vista, em Salvador, assim como as demais, segue todas as recomenda\u00e7\u00f5es dos \u00f3rg\u00e3os oficiais com um rigoroso protocolo de seguran\u00e7a.<\/p>\n\n\n\n<p><strong><u>Servi\u00e7o:<\/u><\/strong><\/p>\n\n\n\n<p><strong>Unidade Pernambucanas Shopping Bela Vista (BA)<\/strong><\/p>\n\n\n\n<p>Endere\u00e7o: Alameda Euvaldo Luz, 92 \u2013 Horto Bela Vista \u2013 Salvador (BA)<\/p>\n","protected":false},"excerpt":{"rendered":"<p>Seguindo um s\u00f3lido plano de expans\u00e3o pelo pa\u00eds, a Pernambucanas, marca varejista nacional pioneira em inova\u00e7\u00f5es, anuncia a chegada na regi\u00e3o Nordeste do pa\u00eds. A inaugura\u00e7\u00e3o da sua primeira loja no estado da Bahia ser\u00e1 no dia 26 de junho, em Salvador, no Shopping Bela Vista. Agora, a marca est\u00e1 presente em todas as regi\u00f5es [&hellip;]<\/p>\n","protected":false},"author":1,"featured_media":24639,"comment_status":"open","ping_status":"open","sticky":false,"template":"","format":"standard","meta":{"tdm_status":"","tdm_grid_status":"","footnotes":""},"categories":[6],"tags":[33,28,30,608],"class_list":["post-24633","post","type-post","status-publish","format-standard","has-post-thumbnail","hentry","category-noticias","tag-estrategia","tag-marketing","tag-nordeste","tag-pernambucana"],"yoast_head":"<!-- This site is optimized with the Yoast SEO plugin v27.5 - https:\/\/yoast.com\/product\/yoast-seo-wordpress\/ -->\n<title>Pernambucanas desembarca no Nordeste do pa\u00eds e inaugura sua primeira loja na Bahia - CidadeMarketing<\/title>\n<meta name=\"robots\" content=\"index, follow, max-snippet:-1, max-image-preview:large, max-video-preview:-1\" \/>\n<link rel=\"canonical\" href=\"https:\/\/www.cidademarketing.com.br\/marketing\/2021\/06\/28\/pernambucanas-desembarca-no-nordeste-do-pais-e-inaugura-sua-primeira-loja-na-bahia\/\" \/>\n<meta property=\"og:locale\" content=\"pt_BR\" \/>\n<meta property=\"og:type\" content=\"article\" \/>\n<meta property=\"og:title\" content=\"Pernambucanas desembarca no Nordeste do pa\u00eds e inaugura sua primeira loja na Bahia - CidadeMarketing\" \/>\n<meta property=\"og:description\" content=\"Seguindo um s\u00f3lido plano de expans\u00e3o pelo pa\u00eds, a Pernambucanas, marca varejista nacional pioneira em inova\u00e7\u00f5es, anuncia a chegada na regi\u00e3o Nordeste do pa\u00eds. A inaugura\u00e7\u00e3o da sua primeira loja no estado da Bahia ser\u00e1 no dia 26 de junho, em Salvador, no Shopping Bela Vista. Agora, a marca est\u00e1 presente em todas as regi\u00f5es [&hellip;]\" \/>\n<meta property=\"og:url\" content=\"https:\/\/www.cidademarketing.com.br\/marketing\/2021\/06\/28\/pernambucanas-desembarca-no-nordeste-do-pais-e-inaugura-sua-primeira-loja-na-bahia\/\" \/>\n<meta property=\"og:site_name\" content=\"CidadeMarketing\" \/>\n<meta property=\"article:publisher\" content=\"https:\/\/www.facebook.com\/portalcidademarketing\" \/>\n<meta property=\"article:author\" content=\"https:\/\/www.facebook.com\/thalesbrandao\" \/>\n<meta property=\"article:published_time\" content=\"2021-06-28T13:32:32+00:00\" \/>\n<meta property=\"article:modified_time\" content=\"2021-06-28T13:32:34+00:00\" \/>\n<meta property=\"og:image\" content=\"https:\/\/www.cidademarketing.com.br\/marketing\/wp-content\/uploads\/2021\/06\/pernambucana_05-scaled.jpg\" \/>\n\t<meta property=\"og:image:width\" content=\"2560\" \/>\n\t<meta property=\"og:image:height\" content=\"1707\" \/>\n\t<meta property=\"og:image:type\" content=\"image\/jpeg\" \/>\n<meta name=\"author\" content=\"Thales Brand\u00e3o\" \/>\n<meta name=\"twitter:card\" content=\"summary_large_image\" \/>\n<meta name=\"twitter:creator\" content=\"@http:\/\/www.twitter.com\/thalesbrandao\" \/>\n<meta name=\"twitter:site\" content=\"@CidadeMarketing\" \/>\n<meta name=\"twitter:label1\" content=\"Escrito por\" \/>\n\t<meta name=\"twitter:data1\" content=\"Thales Brand\u00e3o\" \/>\n\t<meta name=\"twitter:label2\" content=\"Est. tempo de leitura\" \/>\n\t<meta name=\"twitter:data2\" content=\"2 minutos\" \/>\n<script type=\"application\/ld+json\" class=\"yoast-schema-graph\">{\"@context\":\"https:\\\/\\\/schema.org\",\"@graph\":[{\"@type\":\"Article\",\"@id\":\"https:\\\/\\\/www.cidademarketing.com.br\\\/marketing\\\/2021\\\/06\\\/28\\\/pernambucanas-desembarca-no-nordeste-do-pais-e-inaugura-sua-primeira-loja-na-bahia\\\/#article\",\"isPartOf\":{\"@id\":\"https:\\\/\\\/www.cidademarketing.com.br\\\/marketing\\\/2021\\\/06\\\/28\\\/pernambucanas-desembarca-no-nordeste-do-pais-e-inaugura-sua-primeira-loja-na-bahia\\\/\"},\"author\":{\"name\":\"Thales Brand\u00e3o\",\"@id\":\"https:\\\/\\\/www.cidademarketing.com.br\\\/marketing\\\/#\\\/schema\\\/person\\\/02daff9f18bd9378c9e01eb6b2db155f\"},\"headline\":\"Pernambucanas desembarca no Nordeste do pa\u00eds e inaugura sua primeira loja na Bahia\",\"datePublished\":\"2021-06-28T13:32:32+00:00\",\"dateModified\":\"2021-06-28T13:32:34+00:00\",\"mainEntityOfPage\":{\"@id\":\"https:\\\/\\\/www.cidademarketing.com.br\\\/marketing\\\/2021\\\/06\\\/28\\\/pernambucanas-desembarca-no-nordeste-do-pais-e-inaugura-sua-primeira-loja-na-bahia\\\/\"},\"wordCount\":319,\"commentCount\":0,\"publisher\":{\"@id\":\"https:\\\/\\\/www.cidademarketing.com.br\\\/marketing\\\/#organization\"},\"image\":{\"@id\":\"https:\\\/\\\/www.cidademarketing.com.br\\\/marketing\\\/2021\\\/06\\\/28\\\/pernambucanas-desembarca-no-nordeste-do-pais-e-inaugura-sua-primeira-loja-na-bahia\\\/#primaryimage\"},\"thumbnailUrl\":\"https:\\\/\\\/www.cidademarketing.com.br\\\/marketing\\\/wp-content\\\/uploads\\\/2021\\\/06\\\/pernambucana_05-scaled.jpg\",\"keywords\":[\"estrat\u00e9gia\",\"marketing\",\"Nordeste\",\"Pernambucana\"],\"articleSection\":[\"Not\u00edcias\"],\"inLanguage\":\"pt-BR\",\"potentialAction\":[{\"@type\":\"CommentAction\",\"name\":\"Comment\",\"target\":[\"https:\\\/\\\/www.cidademarketing.com.br\\\/marketing\\\/2021\\\/06\\\/28\\\/pernambucanas-desembarca-no-nordeste-do-pais-e-inaugura-sua-primeira-loja-na-bahia\\\/#respond\"]}]},{\"@type\":\"WebPage\",\"@id\":\"https:\\\/\\\/www.cidademarketing.com.br\\\/marketing\\\/2021\\\/06\\\/28\\\/pernambucanas-desembarca-no-nordeste-do-pais-e-inaugura-sua-primeira-loja-na-bahia\\\/\",\"url\":\"https:\\\/\\\/www.cidademarketing.com.br\\\/marketing\\\/2021\\\/06\\\/28\\\/pernambucanas-desembarca-no-nordeste-do-pais-e-inaugura-sua-primeira-loja-na-bahia\\\/\",\"name\":\"Pernambucanas desembarca no Nordeste do pa\u00eds e inaugura sua primeira loja na Bahia - CidadeMarketing\",\"isPartOf\":{\"@id\":\"https:\\\/\\\/www.cidademarketing.com.br\\\/marketing\\\/#website\"},\"primaryImageOfPage\":{\"@id\":\"https:\\\/\\\/www.cidademarketing.com.br\\\/marketing\\\/2021\\\/06\\\/28\\\/pernambucanas-desembarca-no-nordeste-do-pais-e-inaugura-sua-primeira-loja-na-bahia\\\/#primaryimage\"},\"image\":{\"@id\":\"https:\\\/\\\/www.cidademarketing.com.br\\\/marketing\\\/2021\\\/06\\\/28\\\/pernambucanas-desembarca-no-nordeste-do-pais-e-inaugura-sua-primeira-loja-na-bahia\\\/#primaryimage\"},\"thumbnailUrl\":\"https:\\\/\\\/www.cidademarketing.com.br\\\/marketing\\\/wp-content\\\/uploads\\\/2021\\\/06\\\/pernambucana_05-scaled.jpg\",\"datePublished\":\"2021-06-28T13:32:32+00:00\",\"dateModified\":\"2021-06-28T13:32:34+00:00\",\"breadcrumb\":{\"@id\":\"https:\\\/\\\/www.cidademarketing.com.br\\\/marketing\\\/2021\\\/06\\\/28\\\/pernambucanas-desembarca-no-nordeste-do-pais-e-inaugura-sua-primeira-loja-na-bahia\\\/#breadcrumb\"},\"inLanguage\":\"pt-BR\",\"potentialAction\":[{\"@type\":\"ReadAction\",\"target\":[\"https:\\\/\\\/www.cidademarketing.com.br\\\/marketing\\\/2021\\\/06\\\/28\\\/pernambucanas-desembarca-no-nordeste-do-pais-e-inaugura-sua-primeira-loja-na-bahia\\\/\"]}]},{\"@type\":\"ImageObject\",\"inLanguage\":\"pt-BR\",\"@id\":\"https:\\\/\\\/www.cidademarketing.com.br\\\/marketing\\\/2021\\\/06\\\/28\\\/pernambucanas-desembarca-no-nordeste-do-pais-e-inaugura-sua-primeira-loja-na-bahia\\\/#primaryimage\",\"url\":\"https:\\\/\\\/www.cidademarketing.com.br\\\/marketing\\\/wp-content\\\/uploads\\\/2021\\\/06\\\/pernambucana_05-scaled.jpg\",\"contentUrl\":\"https:\\\/\\\/www.cidademarketing.com.br\\\/marketing\\\/wp-content\\\/uploads\\\/2021\\\/06\\\/pernambucana_05-scaled.jpg\",\"width\":2560,\"height\":1707,\"caption\":\"Divulga\u00e7\u00e3o\"},{\"@type\":\"BreadcrumbList\",\"@id\":\"https:\\\/\\\/www.cidademarketing.com.br\\\/marketing\\\/2021\\\/06\\\/28\\\/pernambucanas-desembarca-no-nordeste-do-pais-e-inaugura-sua-primeira-loja-na-bahia\\\/#breadcrumb\",\"itemListElement\":[{\"@type\":\"ListItem\",\"position\":1,\"name\":\"In\u00edcio\",\"item\":\"https:\\\/\\\/www.cidademarketing.com.br\\\/marketing\\\/\"},{\"@type\":\"ListItem\",\"position\":2,\"name\":\"Pernambucanas desembarca no Nordeste do pa\u00eds e inaugura sua primeira loja na Bahia\"}]},{\"@type\":\"WebSite\",\"@id\":\"https:\\\/\\\/www.cidademarketing.com.br\\\/marketing\\\/#website\",\"url\":\"https:\\\/\\\/www.cidademarketing.com.br\\\/marketing\\\/\",\"name\":\"CidadeMarketing\",\"description\":\"Somos um ve\u00edculo de comunica\u00e7\u00e3o de destaque no Brasil, reconhecido por conte\u00fados nos segmentos de marketing, empreendedorismo e inova\u00e7\u00e3o.\",\"publisher\":{\"@id\":\"https:\\\/\\\/www.cidademarketing.com.br\\\/marketing\\\/#organization\"},\"alternateName\":\"CidadeMarketing\",\"potentialAction\":[{\"@type\":\"SearchAction\",\"target\":{\"@type\":\"EntryPoint\",\"urlTemplate\":\"https:\\\/\\\/www.cidademarketing.com.br\\\/marketing\\\/?s={search_term_string}\"},\"query-input\":{\"@type\":\"PropertyValueSpecification\",\"valueRequired\":true,\"valueName\":\"search_term_string\"}}],\"inLanguage\":\"pt-BR\"},{\"@type\":\"Organization\",\"@id\":\"https:\\\/\\\/www.cidademarketing.com.br\\\/marketing\\\/#organization\",\"name\":\"CidadeMarketing\",\"alternateName\":\"CidadeMarketing\",\"url\":\"https:\\\/\\\/www.cidademarketing.com.br\\\/marketing\\\/\",\"logo\":{\"@type\":\"ImageObject\",\"inLanguage\":\"pt-BR\",\"@id\":\"https:\\\/\\\/www.cidademarketing.com.br\\\/marketing\\\/#\\\/schema\\\/logo\\\/image\\\/\",\"url\":\"https:\\\/\\\/www.cidademarketing.com.br\\\/marketing\\\/wp-content\\\/uploads\\\/2020\\\/01\\\/cidademarketing_marca_mobile.png\",\"contentUrl\":\"https:\\\/\\\/www.cidademarketing.com.br\\\/marketing\\\/wp-content\\\/uploads\\\/2020\\\/01\\\/cidademarketing_marca_mobile.png\",\"width\":230,\"height\":92,\"caption\":\"CidadeMarketing\"},\"image\":{\"@id\":\"https:\\\/\\\/www.cidademarketing.com.br\\\/marketing\\\/#\\\/schema\\\/logo\\\/image\\\/\"},\"sameAs\":[\"https:\\\/\\\/www.facebook.com\\\/portalcidademarketing\",\"https:\\\/\\\/x.com\\\/CidadeMarketing\",\"https:\\\/\\\/www.instagram.com\\\/cidademarketing\\\/\"]},{\"@type\":\"Person\",\"@id\":\"https:\\\/\\\/www.cidademarketing.com.br\\\/marketing\\\/#\\\/schema\\\/person\\\/02daff9f18bd9378c9e01eb6b2db155f\",\"name\":\"Thales Brand\u00e3o\",\"image\":{\"@type\":\"ImageObject\",\"inLanguage\":\"pt-BR\",\"@id\":\"https:\\\/\\\/secure.gravatar.com\\\/avatar\\\/7ca3206950207cc3cb48feec56a8a7898741ab725c368d99d5d7a5a50aab80c6?s=96&d=mm&r=g\",\"url\":\"https:\\\/\\\/secure.gravatar.com\\\/avatar\\\/7ca3206950207cc3cb48feec56a8a7898741ab725c368d99d5d7a5a50aab80c6?s=96&d=mm&r=g\",\"contentUrl\":\"https:\\\/\\\/secure.gravatar.com\\\/avatar\\\/7ca3206950207cc3cb48feec56a8a7898741ab725c368d99d5d7a5a50aab80c6?s=96&d=mm&r=g\",\"caption\":\"Thales Brand\u00e3o\"},\"description\":\"Editor Executivo do Portal CidadeMarketing.com.br &gt; Mestre em Comunica\u00e7\u00e3o e Sociedade pela Universidade Federal de Sergipe. Possui MBA Executivo em Administra\u00e7\u00e3o com \u00eanfase em Marketing pela Funda\u00e7\u00e3o Get\u00falio Vargas - Rio de Janeiro. Consultor, Palestrante e Pesquisador sobre Empreendedorismo, Marketing, Redes Sociais e Neg\u00f3cios Digitais. Professor, Palestrante TedxTalks e Campus Party. Twitter: @ThalesBrandao\",\"sameAs\":[\"http:\\\/\\\/www.mandacaru.com.br\",\"https:\\\/\\\/www.facebook.com\\\/thalesbrandao\",\"http:\\\/\\\/www.instagram.com.br\\\/thalesbrandaoferreira\",\"https:\\\/\\\/www.linkedin.com\\\/in\\\/thales-brand\u00e3o-3948609\\\/\",\"https:\\\/\\\/x.com\\\/http:\\\/\\\/www.twitter.com\\\/thalesbrandao\"],\"url\":\"https:\\\/\\\/www.cidademarketing.com.br\\\/marketing\\\/author\\\/thalesbrandao\\\/\"}]}<\/script>\n<!-- \/ Yoast SEO plugin. -->","yoast_head_json":{"title":"Pernambucanas desembarca no Nordeste do pa\u00eds e inaugura sua primeira loja na Bahia - CidadeMarketing","robots":{"index":"index","follow":"follow","max-snippet":"max-snippet:-1","max-image-preview":"max-image-preview:large","max-video-preview":"max-video-preview:-1"},"canonical":"https:\/\/www.cidademarketing.com.br\/marketing\/2021\/06\/28\/pernambucanas-desembarca-no-nordeste-do-pais-e-inaugura-sua-primeira-loja-na-bahia\/","og_locale":"pt_BR","og_type":"article","og_title":"Pernambucanas desembarca no Nordeste do pa\u00eds e inaugura sua primeira loja na Bahia - CidadeMarketing","og_description":"Seguindo um s\u00f3lido plano de expans\u00e3o pelo pa\u00eds, a Pernambucanas, marca varejista nacional pioneira em inova\u00e7\u00f5es, anuncia a chegada na regi\u00e3o Nordeste do pa\u00eds. A inaugura\u00e7\u00e3o da sua primeira loja no estado da Bahia ser\u00e1 no dia 26 de junho, em Salvador, no Shopping Bela Vista. Agora, a marca est\u00e1 presente em todas as regi\u00f5es [&hellip;]","og_url":"https:\/\/www.cidademarketing.com.br\/marketing\/2021\/06\/28\/pernambucanas-desembarca-no-nordeste-do-pais-e-inaugura-sua-primeira-loja-na-bahia\/","og_site_name":"CidadeMarketing","article_publisher":"https:\/\/www.facebook.com\/portalcidademarketing","article_author":"https:\/\/www.facebook.com\/thalesbrandao","article_published_time":"2021-06-28T13:32:32+00:00","article_modified_time":"2021-06-28T13:32:34+00:00","og_image":[{"width":2560,"height":1707,"url":"https:\/\/www.cidademarketing.com.br\/marketing\/wp-content\/uploads\/2021\/06\/pernambucana_05-scaled.jpg","type":"image\/jpeg"}],"author":"Thales Brand\u00e3o","twitter_card":"summary_large_image","twitter_creator":"@http:\/\/www.twitter.com\/thalesbrandao","twitter_site":"@CidadeMarketing","twitter_misc":{"Escrito por":"Thales Brand\u00e3o","Est. tempo de leitura":"2 minutos"},"schema":{"@context":"https:\/\/schema.org","@graph":[{"@type":"Article","@id":"https:\/\/www.cidademarketing.com.br\/marketing\/2021\/06\/28\/pernambucanas-desembarca-no-nordeste-do-pais-e-inaugura-sua-primeira-loja-na-bahia\/#article","isPartOf":{"@id":"https:\/\/www.cidademarketing.com.br\/marketing\/2021\/06\/28\/pernambucanas-desembarca-no-nordeste-do-pais-e-inaugura-sua-primeira-loja-na-bahia\/"},"author":{"name":"Thales Brand\u00e3o","@id":"https:\/\/www.cidademarketing.com.br\/marketing\/#\/schema\/person\/02daff9f18bd9378c9e01eb6b2db155f"},"headline":"Pernambucanas desembarca no Nordeste do pa\u00eds e inaugura sua primeira loja na Bahia","datePublished":"2021-06-28T13:32:32+00:00","dateModified":"2021-06-28T13:32:34+00:00","mainEntityOfPage":{"@id":"https:\/\/www.cidademarketing.com.br\/marketing\/2021\/06\/28\/pernambucanas-desembarca-no-nordeste-do-pais-e-inaugura-sua-primeira-loja-na-bahia\/"},"wordCount":319,"commentCount":0,"publisher":{"@id":"https:\/\/www.cidademarketing.com.br\/marketing\/#organization"},"image":{"@id":"https:\/\/www.cidademarketing.com.br\/marketing\/2021\/06\/28\/pernambucanas-desembarca-no-nordeste-do-pais-e-inaugura-sua-primeira-loja-na-bahia\/#primaryimage"},"thumbnailUrl":"https:\/\/www.cidademarketing.com.br\/marketing\/wp-content\/uploads\/2021\/06\/pernambucana_05-scaled.jpg","keywords":["estrat\u00e9gia","marketing","Nordeste","Pernambucana"],"articleSection":["Not\u00edcias"],"inLanguage":"pt-BR","potentialAction":[{"@type":"CommentAction","name":"Comment","target":["https:\/\/www.cidademarketing.com.br\/marketing\/2021\/06\/28\/pernambucanas-desembarca-no-nordeste-do-pais-e-inaugura-sua-primeira-loja-na-bahia\/#respond"]}]},{"@type":"WebPage","@id":"https:\/\/www.cidademarketing.com.br\/marketing\/2021\/06\/28\/pernambucanas-desembarca-no-nordeste-do-pais-e-inaugura-sua-primeira-loja-na-bahia\/","url":"https:\/\/www.cidademarketing.com.br\/marketing\/2021\/06\/28\/pernambucanas-desembarca-no-nordeste-do-pais-e-inaugura-sua-primeira-loja-na-bahia\/","name":"Pernambucanas desembarca no Nordeste do pa\u00eds e inaugura sua primeira loja na Bahia - CidadeMarketing","isPartOf":{"@id":"https:\/\/www.cidademarketing.com.br\/marketing\/#website"},"primaryImageOfPage":{"@id":"https:\/\/www.cidademarketing.com.br\/marketing\/2021\/06\/28\/pernambucanas-desembarca-no-nordeste-do-pais-e-inaugura-sua-primeira-loja-na-bahia\/#primaryimage"},"image":{"@id":"https:\/\/www.cidademarketing.com.br\/marketing\/2021\/06\/28\/pernambucanas-desembarca-no-nordeste-do-pais-e-inaugura-sua-primeira-loja-na-bahia\/#primaryimage"},"thumbnailUrl":"https:\/\/www.cidademarketing.com.br\/marketing\/wp-content\/uploads\/2021\/06\/pernambucana_05-scaled.jpg","datePublished":"2021-06-28T13:32:32+00:00","dateModified":"2021-06-28T13:32:34+00:00","breadcrumb":{"@id":"https:\/\/www.cidademarketing.com.br\/marketing\/2021\/06\/28\/pernambucanas-desembarca-no-nordeste-do-pais-e-inaugura-sua-primeira-loja-na-bahia\/#breadcrumb"},"inLanguage":"pt-BR","potentialAction":[{"@type":"ReadAction","target":["https:\/\/www.cidademarketing.com.br\/marketing\/2021\/06\/28\/pernambucanas-desembarca-no-nordeste-do-pais-e-inaugura-sua-primeira-loja-na-bahia\/"]}]},{"@type":"ImageObject","inLanguage":"pt-BR","@id":"https:\/\/www.cidademarketing.com.br\/marketing\/2021\/06\/28\/pernambucanas-desembarca-no-nordeste-do-pais-e-inaugura-sua-primeira-loja-na-bahia\/#primaryimage","url":"https:\/\/www.cidademarketing.com.br\/marketing\/wp-content\/uploads\/2021\/06\/pernambucana_05-scaled.jpg","contentUrl":"https:\/\/www.cidademarketing.com.br\/marketing\/wp-content\/uploads\/2021\/06\/pernambucana_05-scaled.jpg","width":2560,"height":1707,"caption":"Divulga\u00e7\u00e3o"},{"@type":"BreadcrumbList","@id":"https:\/\/www.cidademarketing.com.br\/marketing\/2021\/06\/28\/pernambucanas-desembarca-no-nordeste-do-pais-e-inaugura-sua-primeira-loja-na-bahia\/#breadcrumb","itemListElement":[{"@type":"ListItem","position":1,"name":"In\u00edcio","item":"https:\/\/www.cidademarketing.com.br\/marketing\/"},{"@type":"ListItem","position":2,"name":"Pernambucanas desembarca no Nordeste do pa\u00eds e inaugura sua primeira loja na Bahia"}]},{"@type":"WebSite","@id":"https:\/\/www.cidademarketing.com.br\/marketing\/#website","url":"https:\/\/www.cidademarketing.com.br\/marketing\/","name":"CidadeMarketing","description":"Somos um ve\u00edculo de comunica\u00e7\u00e3o de destaque no Brasil, reconhecido por conte\u00fados nos segmentos de marketing, empreendedorismo e inova\u00e7\u00e3o.","publisher":{"@id":"https:\/\/www.cidademarketing.com.br\/marketing\/#organization"},"alternateName":"CidadeMarketing","potentialAction":[{"@type":"SearchAction","target":{"@type":"EntryPoint","urlTemplate":"https:\/\/www.cidademarketing.com.br\/marketing\/?s={search_term_string}"},"query-input":{"@type":"PropertyValueSpecification","valueRequired":true,"valueName":"search_term_string"}}],"inLanguage":"pt-BR"},{"@type":"Organization","@id":"https:\/\/www.cidademarketing.com.br\/marketing\/#organization","name":"CidadeMarketing","alternateName":"CidadeMarketing","url":"https:\/\/www.cidademarketing.com.br\/marketing\/","logo":{"@type":"ImageObject","inLanguage":"pt-BR","@id":"https:\/\/www.cidademarketing.com.br\/marketing\/#\/schema\/logo\/image\/","url":"https:\/\/www.cidademarketing.com.br\/marketing\/wp-content\/uploads\/2020\/01\/cidademarketing_marca_mobile.png","contentUrl":"https:\/\/www.cidademarketing.com.br\/marketing\/wp-content\/uploads\/2020\/01\/cidademarketing_marca_mobile.png","width":230,"height":92,"caption":"CidadeMarketing"},"image":{"@id":"https:\/\/www.cidademarketing.com.br\/marketing\/#\/schema\/logo\/image\/"},"sameAs":["https:\/\/www.facebook.com\/portalcidademarketing","https:\/\/x.com\/CidadeMarketing","https:\/\/www.instagram.com\/cidademarketing\/"]},{"@type":"Person","@id":"https:\/\/www.cidademarketing.com.br\/marketing\/#\/schema\/person\/02daff9f18bd9378c9e01eb6b2db155f","name":"Thales Brand\u00e3o","image":{"@type":"ImageObject","inLanguage":"pt-BR","@id":"https:\/\/secure.gravatar.com\/avatar\/7ca3206950207cc3cb48feec56a8a7898741ab725c368d99d5d7a5a50aab80c6?s=96&d=mm&r=g","url":"https:\/\/secure.gravatar.com\/avatar\/7ca3206950207cc3cb48feec56a8a7898741ab725c368d99d5d7a5a50aab80c6?s=96&d=mm&r=g","contentUrl":"https:\/\/secure.gravatar.com\/avatar\/7ca3206950207cc3cb48feec56a8a7898741ab725c368d99d5d7a5a50aab80c6?s=96&d=mm&r=g","caption":"Thales Brand\u00e3o"},"description":"Editor Executivo do Portal CidadeMarketing.com.br &gt; Mestre em Comunica\u00e7\u00e3o e Sociedade pela Universidade Federal de Sergipe. Possui MBA Executivo em Administra\u00e7\u00e3o com \u00eanfase em Marketing pela Funda\u00e7\u00e3o Get\u00falio Vargas - Rio de Janeiro. Consultor, Palestrante e Pesquisador sobre Empreendedorismo, Marketing, Redes Sociais e Neg\u00f3cios Digitais. Professor, Palestrante TedxTalks e Campus Party. Twitter: @ThalesBrandao","sameAs":["http:\/\/www.mandacaru.com.br","https:\/\/www.facebook.com\/thalesbrandao","http:\/\/www.instagram.com.br\/thalesbrandaoferreira","https:\/\/www.linkedin.com\/in\/thales-brand\u00e3o-3948609\/","https:\/\/x.com\/http:\/\/www.twitter.com\/thalesbrandao"],"url":"https:\/\/www.cidademarketing.com.br\/marketing\/author\/thalesbrandao\/"}]}},"amp_enabled":true,"_links":{"self":[{"href":"https:\/\/www.cidademarketing.com.br\/marketing\/wp-json\/wp\/v2\/posts\/24633","targetHints":{"allow":["GET"]}}],"collection":[{"href":"https:\/\/www.cidademarketing.com.br\/marketing\/wp-json\/wp\/v2\/posts"}],"about":[{"href":"https:\/\/www.cidademarketing.com.br\/marketing\/wp-json\/wp\/v2\/types\/post"}],"author":[{"embeddable":true,"href":"https:\/\/www.cidademarketing.com.br\/marketing\/wp-json\/wp\/v2\/users\/1"}],"replies":[{"embeddable":true,"href":"https:\/\/www.cidademarketing.com.br\/marketing\/wp-json\/wp\/v2\/comments?post=24633"}],"version-history":[{"count":1,"href":"https:\/\/www.cidademarketing.com.br\/marketing\/wp-json\/wp\/v2\/posts\/24633\/revisions"}],"predecessor-version":[{"id":24640,"href":"https:\/\/www.cidademarketing.com.br\/marketing\/wp-json\/wp\/v2\/posts\/24633\/revisions\/24640"}],"wp:featuredmedia":[{"embeddable":true,"href":"https:\/\/www.cidademarketing.com.br\/marketing\/wp-json\/wp\/v2\/media\/24639"}],"wp:attachment":[{"href":"https:\/\/www.cidademarketing.com.br\/marketing\/wp-json\/wp\/v2\/media?parent=24633"}],"wp:term":[{"taxonomy":"category","embeddable":true,"href":"https:\/\/www.cidademarketing.com.br\/marketing\/wp-json\/wp\/v2\/categories?post=24633"},{"taxonomy":"post_tag","embeddable":true,"href":"https:\/\/www.cidademarketing.com.br\/marketing\/wp-json\/wp\/v2\/tags?post=24633"}],"curies":[{"name":"wp","href":"https:\/\/api.w.org\/{rel}","templated":true}]}}