{"id":24615,"date":"2021-06-26T08:57:25","date_gmt":"2021-06-26T11:57:25","guid":{"rendered":"https:\/\/www.cidademarketing.com.br\/marketing\/?p=24615"},"modified":"2021-06-26T18:18:04","modified_gmt":"2021-06-26T21:18:04","slug":"vitarella-apresenta-o-novo-posicionamento-tem-diferenca-tem-sabor","status":"publish","type":"post","link":"https:\/\/www.cidademarketing.com.br\/marketing\/2021\/06\/26\/vitarella-apresenta-o-novo-posicionamento-tem-diferenca-tem-sabor\/","title":{"rendered":"Vitarella apresenta o novo posicionamento \u201cTem diferen\u00e7a. Tem Sabor\u201d"},"content":{"rendered":"\n<p>N\u00e3o \u00e9 por acaso que&nbsp;<strong>Vitarella<\/strong>&nbsp;\u00e9 l\u00edder em massas e biscoitos no Brasil. A marca \u00e9 democr\u00e1tica e acolhe diferentes lares e fam\u00edlias a partir de um portf\u00f3lio diverso, cheio de sabor e qualidade . E agora apresenta novo posicionamento, que convida o p\u00fablico&nbsp;&nbsp;a acolher as diferen\u00e7as.&nbsp;<strong>\u201cTem diferen\u00e7a. Tem sabor\u201d<\/strong>&nbsp;refor\u00e7a a diferencia\u00e7\u00e3o e sabor do portf\u00f3lio da marca enquanto celebra a diversidade, inspirando o p\u00fablico a estar aberto ao novo e ao diferente, compartilhar afeto e dividir experi\u00eancias nos mais diversos momentos do dia. O filme \u201cPortas\u201d materializa o novo prop\u00f3sito da marca com veicula\u00e7\u00e3o em TV, R\u00e1dio, OOH e no Digital.&nbsp;<\/p>\n\n\n\n<p>\u201cVitarella \u00e9 a marca de biscoitos n\u00famero 1 do Brasil, que se consolidou por oferecer um portf\u00f3lio amplo e de qualidade, que acolhe os diferentes gostos. Queremos estar sempre presentes na vida dos nossos consumidores, compartilhando momentos especiais com qualidade e sabor. Por isso, somos pr\u00f3ximos e olhamos o mundo pelas lentes da inclus\u00e3o, pois acreditamos que quando abra\u00e7amos as diferen\u00e7as a vida ganha mais sabor\u201d,\u00a0explica Bruna Bert\u00e3o, gerente de marketing de Vitarella.\u00a0<\/p>\n\n\n\n<figure class=\"wp-block-gallery columns-3 is-cropped wp-block-gallery-1 is-layout-flex wp-block-gallery-is-layout-flex\"><ul class=\"blocks-gallery-grid\"><li class=\"blocks-gallery-item\"><figure><img fetchpriority=\"high\" decoding=\"async\" width=\"1024\" height=\"575\" src=\"https:\/\/www.cidademarketing.com.br\/marketing\/wp-content\/uploads\/2021\/06\/Vitarella_Novo-Posicionamento_01-1024x575.png\" alt=\"\" data-id=\"24618\" data-full-url=\"https:\/\/www.cidademarketing.com.br\/marketing\/wp-content\/uploads\/2021\/06\/Vitarella_Novo-Posicionamento_01.png\" data-link=\"https:\/\/www.cidademarketing.com.br\/marketing\/?attachment_id=24618\" class=\"wp-image-24618\" srcset=\"https:\/\/www.cidademarketing.com.br\/marketing\/wp-content\/uploads\/2021\/06\/Vitarella_Novo-Posicionamento_01-1024x575.png 1024w, https:\/\/www.cidademarketing.com.br\/marketing\/wp-content\/uploads\/2021\/06\/Vitarella_Novo-Posicionamento_01-300x168.png 300w, https:\/\/www.cidademarketing.com.br\/marketing\/wp-content\/uploads\/2021\/06\/Vitarella_Novo-Posicionamento_01-768x431.png 768w, https:\/\/www.cidademarketing.com.br\/marketing\/wp-content\/uploads\/2021\/06\/Vitarella_Novo-Posicionamento_01-1536x862.png 1536w, https:\/\/www.cidademarketing.com.br\/marketing\/wp-content\/uploads\/2021\/06\/Vitarella_Novo-Posicionamento_01-2048x1150.png 2048w, https:\/\/www.cidademarketing.com.br\/marketing\/wp-content\/uploads\/2021\/06\/Vitarella_Novo-Posicionamento_01-748x420.png 748w, https:\/\/www.cidademarketing.com.br\/marketing\/wp-content\/uploads\/2021\/06\/Vitarella_Novo-Posicionamento_01-640x359.png 640w, https:\/\/www.cidademarketing.com.br\/marketing\/wp-content\/uploads\/2021\/06\/Vitarella_Novo-Posicionamento_01-681x382.png 681w\" sizes=\"(max-width: 1024px) 100vw, 1024px\" \/><\/figure><\/li><li class=\"blocks-gallery-item\"><figure><img decoding=\"async\" width=\"1024\" height=\"575\" src=\"https:\/\/www.cidademarketing.com.br\/marketing\/wp-content\/uploads\/2021\/06\/Vitarella_Novo-Posicionamento_02-1-1024x575.png\" alt=\"\" data-id=\"24619\" data-full-url=\"https:\/\/www.cidademarketing.com.br\/marketing\/wp-content\/uploads\/2021\/06\/Vitarella_Novo-Posicionamento_02-1.png\" data-link=\"https:\/\/www.cidademarketing.com.br\/marketing\/?attachment_id=24619\" class=\"wp-image-24619\" srcset=\"https:\/\/www.cidademarketing.com.br\/marketing\/wp-content\/uploads\/2021\/06\/Vitarella_Novo-Posicionamento_02-1-1024x575.png 1024w, https:\/\/www.cidademarketing.com.br\/marketing\/wp-content\/uploads\/2021\/06\/Vitarella_Novo-Posicionamento_02-1-300x169.png 300w, https:\/\/www.cidademarketing.com.br\/marketing\/wp-content\/uploads\/2021\/06\/Vitarella_Novo-Posicionamento_02-1-768x432.png 768w, https:\/\/www.cidademarketing.com.br\/marketing\/wp-content\/uploads\/2021\/06\/Vitarella_Novo-Posicionamento_02-1-1536x863.png 1536w, https:\/\/www.cidademarketing.com.br\/marketing\/wp-content\/uploads\/2021\/06\/Vitarella_Novo-Posicionamento_02-1-2048x1151.png 2048w, https:\/\/www.cidademarketing.com.br\/marketing\/wp-content\/uploads\/2021\/06\/Vitarella_Novo-Posicionamento_02-1-747x420.png 747w, https:\/\/www.cidademarketing.com.br\/marketing\/wp-content\/uploads\/2021\/06\/Vitarella_Novo-Posicionamento_02-1-640x360.png 640w, https:\/\/www.cidademarketing.com.br\/marketing\/wp-content\/uploads\/2021\/06\/Vitarella_Novo-Posicionamento_02-1-681x383.png 681w\" sizes=\"(max-width: 1024px) 100vw, 1024px\" \/><\/figure><\/li><li class=\"blocks-gallery-item\"><figure><img decoding=\"async\" width=\"1024\" height=\"575\" src=\"https:\/\/www.cidademarketing.com.br\/marketing\/wp-content\/uploads\/2021\/06\/Vitarella_Novo-Posicionamento_04-1024x575.png\" alt=\"\" data-id=\"24620\" data-full-url=\"https:\/\/www.cidademarketing.com.br\/marketing\/wp-content\/uploads\/2021\/06\/Vitarella_Novo-Posicionamento_04.png\" data-link=\"https:\/\/www.cidademarketing.com.br\/marketing\/?attachment_id=24620\" class=\"wp-image-24620\" srcset=\"https:\/\/www.cidademarketing.com.br\/marketing\/wp-content\/uploads\/2021\/06\/Vitarella_Novo-Posicionamento_04-1024x575.png 1024w, https:\/\/www.cidademarketing.com.br\/marketing\/wp-content\/uploads\/2021\/06\/Vitarella_Novo-Posicionamento_04-300x168.png 300w, https:\/\/www.cidademarketing.com.br\/marketing\/wp-content\/uploads\/2021\/06\/Vitarella_Novo-Posicionamento_04-768x431.png 768w, https:\/\/www.cidademarketing.com.br\/marketing\/wp-content\/uploads\/2021\/06\/Vitarella_Novo-Posicionamento_04-1536x862.png 1536w, https:\/\/www.cidademarketing.com.br\/marketing\/wp-content\/uploads\/2021\/06\/Vitarella_Novo-Posicionamento_04-2048x1149.png 2048w, https:\/\/www.cidademarketing.com.br\/marketing\/wp-content\/uploads\/2021\/06\/Vitarella_Novo-Posicionamento_04-749x420.png 749w, https:\/\/www.cidademarketing.com.br\/marketing\/wp-content\/uploads\/2021\/06\/Vitarella_Novo-Posicionamento_04-640x359.png 640w, https:\/\/www.cidademarketing.com.br\/marketing\/wp-content\/uploads\/2021\/06\/Vitarella_Novo-Posicionamento_04-681x382.png 681w\" sizes=\"(max-width: 1024px) 100vw, 1024px\" \/><\/figure><\/li><li class=\"blocks-gallery-item\"><figure><img loading=\"lazy\" decoding=\"async\" width=\"1024\" height=\"573\" src=\"https:\/\/www.cidademarketing.com.br\/marketing\/wp-content\/uploads\/2021\/06\/Vitarella_Novo-Posicionamento_06-1024x573.png\" alt=\"\" data-id=\"24621\" data-full-url=\"https:\/\/www.cidademarketing.com.br\/marketing\/wp-content\/uploads\/2021\/06\/Vitarella_Novo-Posicionamento_06.png\" data-link=\"https:\/\/www.cidademarketing.com.br\/marketing\/?attachment_id=24621\" class=\"wp-image-24621\" srcset=\"https:\/\/www.cidademarketing.com.br\/marketing\/wp-content\/uploads\/2021\/06\/Vitarella_Novo-Posicionamento_06-1024x573.png 1024w, https:\/\/www.cidademarketing.com.br\/marketing\/wp-content\/uploads\/2021\/06\/Vitarella_Novo-Posicionamento_06-300x168.png 300w, https:\/\/www.cidademarketing.com.br\/marketing\/wp-content\/uploads\/2021\/06\/Vitarella_Novo-Posicionamento_06-768x430.png 768w, https:\/\/www.cidademarketing.com.br\/marketing\/wp-content\/uploads\/2021\/06\/Vitarella_Novo-Posicionamento_06-1536x860.png 1536w, https:\/\/www.cidademarketing.com.br\/marketing\/wp-content\/uploads\/2021\/06\/Vitarella_Novo-Posicionamento_06-2048x1147.png 2048w, https:\/\/www.cidademarketing.com.br\/marketing\/wp-content\/uploads\/2021\/06\/Vitarella_Novo-Posicionamento_06-750x420.png 750w, https:\/\/www.cidademarketing.com.br\/marketing\/wp-content\/uploads\/2021\/06\/Vitarella_Novo-Posicionamento_06-640x358.png 640w, https:\/\/www.cidademarketing.com.br\/marketing\/wp-content\/uploads\/2021\/06\/Vitarella_Novo-Posicionamento_06-681x381.png 681w\" sizes=\"(max-width: 1024px) 100vw, 1024px\" \/><\/figure><\/li><li class=\"blocks-gallery-item\"><figure><img loading=\"lazy\" decoding=\"async\" width=\"1024\" height=\"571\" src=\"https:\/\/www.cidademarketing.com.br\/marketing\/wp-content\/uploads\/2021\/06\/Vitarella_Novo-Posicionamento_08-1024x571.png\" alt=\"\" data-id=\"24623\" data-full-url=\"https:\/\/www.cidademarketing.com.br\/marketing\/wp-content\/uploads\/2021\/06\/Vitarella_Novo-Posicionamento_08.png\" data-link=\"https:\/\/www.cidademarketing.com.br\/marketing\/2021\/06\/26\/vitarella-apresenta-o-novo-posicionamento-tem-diferenca-tem-sabor\/vitarella_novo-posicionamento_08\/\" class=\"wp-image-24623\" srcset=\"https:\/\/www.cidademarketing.com.br\/marketing\/wp-content\/uploads\/2021\/06\/Vitarella_Novo-Posicionamento_08-1024x571.png 1024w, https:\/\/www.cidademarketing.com.br\/marketing\/wp-content\/uploads\/2021\/06\/Vitarella_Novo-Posicionamento_08-300x167.png 300w, https:\/\/www.cidademarketing.com.br\/marketing\/wp-content\/uploads\/2021\/06\/Vitarella_Novo-Posicionamento_08-768x428.png 768w, https:\/\/www.cidademarketing.com.br\/marketing\/wp-content\/uploads\/2021\/06\/Vitarella_Novo-Posicionamento_08-1536x856.png 1536w, https:\/\/www.cidademarketing.com.br\/marketing\/wp-content\/uploads\/2021\/06\/Vitarella_Novo-Posicionamento_08-2048x1142.png 2048w, https:\/\/www.cidademarketing.com.br\/marketing\/wp-content\/uploads\/2021\/06\/Vitarella_Novo-Posicionamento_08-753x420.png 753w, https:\/\/www.cidademarketing.com.br\/marketing\/wp-content\/uploads\/2021\/06\/Vitarella_Novo-Posicionamento_08-640x357.png 640w, https:\/\/www.cidademarketing.com.br\/marketing\/wp-content\/uploads\/2021\/06\/Vitarella_Novo-Posicionamento_08-681x380.png 681w\" sizes=\"(max-width: 1024px) 100vw, 1024px\" \/><\/figure><\/li><\/ul><\/figure>\n\n\n\n<p><\/p>\n\n\n\n<p>A campanha lan\u00e7ada nesta semana&nbsp;contou com a parceria da Lew\u2019Lara\\TBWA para a estrat\u00e9gia, cria\u00e7\u00e3o e conte\u00fado e ter\u00e1 veicula\u00e7\u00e3o&nbsp;at\u00e9&nbsp;31\/08&nbsp;nos&nbsp;estados de&nbsp;Pernambuco, Bahia, Sergipe, Alagoas, Para\u00edba e Rio Grande do Norte com plano de comunica\u00e7\u00e3o robusto com diferentes m\u00eddias. Na&nbsp;TV, o filme&nbsp;<strong>Portas<\/strong>&nbsp;abre a campanha e vem nas vers\u00f5es&nbsp;de 30 e 15 segundos, sendo veiculado na programa\u00e7\u00e3o da Rede Globo, Record e SBT. No PDV, os consumidores ser\u00e3o surpreendidos com roupagem espec\u00edfica e caracter\u00edstica da campanha. A marca estimula as pessoas a experi\u00eancias inclusivas, dividindo a mesa com novas pessoas,&nbsp;opini\u00f5es, gera\u00e7\u00f5es, percep\u00e7\u00f5es e culturas, saboreando as diferen\u00e7as.&nbsp;&nbsp;<\/p>\n\n\n\n<p>No Digital, o conte\u00fado ser\u00e1 focado nas redes sociais da marca, como Facebook, Instagram e Youtube, al\u00e9m dos portais Globo e ativa\u00e7\u00e3o com influenciadores digitais.\u00a0\u00a0<\/p>\n\n\n\n<figure class=\"wp-block-embed is-type-video is-provider-youtube wp-block-embed-youtube wp-embed-aspect-16-9 wp-has-aspect-ratio\"><div class=\"wp-block-embed__wrapper\">\n<div class=\"youtube-embed\" data-video_id=\"3Nw-3Fqt934\"><iframe title=\"Tem diferen\u00e7a. Tem sabor. Vitarella!\" width=\"640\" height=\"360\" src=\"https:\/\/www.youtube.com\/embed\/3Nw-3Fqt934?feature=oembed&#038;enablejsapi=1\" frameborder=\"0\" allow=\"accelerometer; autoplay; clipboard-write; encrypted-media; gyroscope; picture-in-picture; web-share\" referrerpolicy=\"strict-origin-when-cross-origin\" allowfullscreen><\/iframe><\/div>\n<\/div><\/figure>\n\n\n\n<p>Haver\u00e1 ainda veicula\u00e7\u00e3o em r\u00e1dio e outdoor social, iniciativa de divulga\u00e7\u00e3o que causa impactos positivos nas comunidades de todo o pa\u00eds. O outdoor social divulga campanha sociais ou publicit\u00e1rias nas casas de moradores de comunidades, gerando renda para a popula\u00e7\u00e3o. Assim, a marca se aproximam das pessoas, ao mesmo tempo em que desenvolve a economia local.&nbsp;&nbsp;&nbsp;<\/p>\n\n\n\n<p>Valorizando a cultura da regi\u00e3o, a marca estar\u00e1 presente no S\u00e3o Jo\u00e3o refor\u00e7ando o sabor de viver as diferen\u00e7as. No dia 26\/06, a Vitarella estar\u00e1 no programa especial de&nbsp;S\u00e3o Jo\u00e3o da Globo Nordeste, com a\u00e7\u00e3o de merchandising. E Na mesma data a marca participar\u00e1 da live do \u201cCarvalheira e Xand Avi\u00e3o na Fogueira\u201d, considerada uma das maiores festas online do S\u00e3o Jo\u00e3o Nordestino, com&nbsp;espa\u00e7o junino e exposi\u00e7\u00e3o de produtos. A a\u00e7\u00e3o visa levar entretenimento e o evento cultural mais rico da tradi\u00e7\u00e3o Nordestina para os lares das pessoas de maneira democr\u00e1tica.&nbsp;<\/p>\n\n\n\n<p><strong>FICHA T\u00c9CNICA&nbsp;<\/strong><\/p>\n\n\n\n<p><strong>Ag\u00eancia:<\/strong>&nbsp;LEW\u2019LARA\\TBWA&nbsp;<\/p>\n\n\n\n<p><strong>Cliente:<\/strong>&nbsp;M.Dias Branco &nbsp;<\/p>\n\n\n\n<p><strong>Produto:<\/strong>&nbsp;Vitarella \u2013 novo Posicionamento&nbsp;<\/p>\n\n\n\n<p><strong>Chairman Grupo TBWA:<\/strong>&nbsp;Luiz Lara&nbsp;<\/p>\n\n\n\n<p><strong>CEO:<\/strong>&nbsp;Marcia Esteves&nbsp;<\/p>\n\n\n\n<p><strong>Diretor Executivo de Cria\u00e7\u00e3o:<\/strong>&nbsp;Sleyman Khodor&nbsp;<\/p>\n\n\n\n<p><strong>Dire\u00e7\u00e3o de Cria\u00e7\u00e3o:<\/strong>&nbsp;Rodrigo da Matta&nbsp;<\/p>\n\n\n\n<p><strong>Dire\u00e7\u00e3o de Arte:<\/strong>&nbsp;Marcelo Franco&nbsp;<\/p>\n\n\n\n<p><strong>Reda\u00e7\u00e3o:<\/strong>&nbsp;Ricardo Wouters&nbsp;<\/p>\n\n\n\n<p><strong>Neg\u00f3cios:<\/strong>&nbsp;Ricardo Munhoz, Fernanda Albuquerque, Carla Mariano e K\u00e9zia Silva&nbsp;<\/p>\n\n\n\n<p><strong>Estrat\u00e9gia:<\/strong>&nbsp;Raquel Messias, Fabr\u00edcio Natoli,Luciana Moraes, Michel Dias, Ive Deon\u00edsio e Tais Schiavi&nbsp;<\/p>\n\n\n\n<p><strong>Opera\u00e7\u00f5es:<\/strong>&nbsp;Elise Passamani&nbsp;<\/p>\n\n\n\n<p><strong>M\u00eddia:<\/strong>&nbsp;Vicente Varela, Barbara Lopes, Juliana Roque, Marina Signori, Carla Cruz&nbsp;<\/p>\n\n\n\n<p><strong>BI:<\/strong>&nbsp;Vicente Varela e Caio Chaim.&nbsp;<\/p>\n\n\n\n<p><strong>Projetos:<\/strong>&nbsp;Henrique Salvadori, Diego Silva e Guilherme Ramos&nbsp;<\/p>\n\n\n\n<p><strong>Conte\u00fado:<\/strong>&nbsp;Marcela Calura, Victoria Freitas, Denise Mustafa, Fernanda Bettega e Gabriel Mota&nbsp;<\/p>\n\n\n\n<p><strong>Produ\u00e7\u00e3o de RTV:<\/strong>&nbsp;Izabel Soares, Ana Borges&nbsp;<\/p>\n\n\n\n<p><strong>Produtora de Filme<\/strong>: \u00c7a Va Art&nbsp;<\/p>\n\n\n\n<p><strong>Produ\u00e7\u00e3o Executiva<\/strong>: Alessandro Zanetti&nbsp;<\/p>\n\n\n\n<p><strong>Atendimento<\/strong>: Krika Buto&nbsp;<\/p>\n\n\n\n<p><strong>Dire\u00e7\u00e3o de Cena<\/strong>: OLHOS (Bento Abreu e Rodolfo Sily)&nbsp;<\/p>\n\n\n\n<p><strong>Assistente de Dire\u00e7\u00e3o<\/strong>: Roberto Veiga&nbsp;<\/p>\n\n\n\n<p><strong>Dire\u00e7\u00e3o de Fotografia<\/strong>: Rhebling Junior&nbsp;<\/p>\n\n\n\n<p><strong>Dire\u00e7\u00e3o de Produ\u00e7\u00e3o<\/strong>: Suyan Mariotti&nbsp;<\/p>\n\n\n\n<p><strong>Produ\u00e7\u00e3o<\/strong>: Rafael Braga e Sergio Somenek&nbsp;<\/p>\n\n\n\n<p><strong>Dire\u00e7\u00e3o de Arte<\/strong>: Manoela Gonzaga Clemente&nbsp;<\/p>\n\n\n\n<p><strong>Produ\u00e7\u00e3o de Objetos<\/strong>: Patricia Di Giorgio Lima&nbsp;<\/p>\n\n\n\n<p><strong>Produ\u00e7\u00e3o de Figurino<\/strong>: Silvana Moura&nbsp;<\/p>\n\n\n\n<p><strong>Produ\u00e7\u00e3o de Loca\u00e7\u00e3o<\/strong>: Edu Lima Dread&nbsp;<\/p>\n\n\n\n<p><strong>Produ\u00e7\u00e3o de Elenco<\/strong>: Mei Yi Ho&nbsp;<\/p>\n\n\n\n<p><strong>Edi\u00e7\u00e3o e Montagem<\/strong>: OLHOS (Bento Abreu e Rodolfo Sily)&nbsp;<\/p>\n\n\n\n<p><strong>Finaliza\u00e7\u00e3o<\/strong>: Larissa Lima&nbsp;<\/p>\n\n\n\n<p><strong>Color Grading<\/strong>: Psycho n\u2019 look&nbsp;<\/p>\n\n\n\n<p><strong>P\u00f3s-Produ\u00e7\u00e3o<\/strong>: Picma Post&nbsp;<\/p>\n\n\n\n<p><strong>Dire\u00e7\u00e3o de P\u00f3s e 3D<\/strong>: Rodrigo Elias&nbsp;<\/p>\n\n\n\n<p><strong>Atendimento<\/strong>: Aline Elias&nbsp;<\/p>\n\n\n\n<p><strong>Motion<\/strong>: Erik Cardoso&nbsp;<\/p>\n\n\n\n<p><strong>Composi\u00e7\u00e3o<\/strong>: Bruno Elias e Erik Cardoso&nbsp;<\/p>\n\n\n\n<p><strong>Produtora de Som<\/strong>: Sonido&nbsp;<\/p>\n\n\n\n<p><strong>Produ\u00e7\u00e3o executiva \/ atendimento<\/strong>: Alessandra Ferreira &nbsp;<\/p>\n\n\n\n<p><strong>Composi\u00e7\u00e3o de trilha sonora, produ\u00e7\u00e3o e mixagem<\/strong>: Jo\u00e3o Miguel&nbsp;<\/p>\n\n\n\n<p><strong>Dire\u00e7\u00e3o Musical:&nbsp;<\/strong>Lucas Duque&nbsp;<\/p>\n\n\n\n<p><strong>Locu\u00e7\u00e3o<\/strong>: Gabriela Lubambo&nbsp;<\/p>\n\n\n\n<p><strong>Aprova\u00e7\u00e3o Cliente<\/strong>: F\u00e1bio Melo, Bruna Bert\u00e3o, Lu\u00edza Medeiros, Mariana Chiappetta e Nat\u00e1lia Reis.&nbsp;<\/p>\n","protected":false},"excerpt":{"rendered":"<p>N\u00e3o \u00e9 por acaso que&nbsp;Vitarella&nbsp;\u00e9 l\u00edder em massas e biscoitos no Brasil. A marca \u00e9 democr\u00e1tica e acolhe diferentes lares e fam\u00edlias a partir de um portf\u00f3lio diverso, cheio de sabor e qualidade . E agora apresenta novo posicionamento, que convida o p\u00fablico&nbsp;&nbsp;a acolher as diferen\u00e7as.&nbsp;\u201cTem diferen\u00e7a. Tem sabor\u201d&nbsp;refor\u00e7a a diferencia\u00e7\u00e3o e sabor do portf\u00f3lio [&hellip;]<\/p>\n","protected":false},"author":1,"featured_media":24617,"comment_status":"open","ping_status":"open","sticky":false,"template":"","format":"standard","meta":{"tdm_status":"","tdm_grid_status":"","footnotes":""},"categories":[6],"tags":[756],"class_list":["post-24615","post","type-post","status-publish","format-standard","has-post-thumbnail","hentry","category-noticias","tag-vitarella"],"yoast_head":"<!-- This site is optimized with the Yoast SEO plugin v27.5 - https:\/\/yoast.com\/product\/yoast-seo-wordpress\/ -->\n<title>Vitarella apresenta o novo posicionamento \u201cTem diferen\u00e7a. Tem Sabor\u201d - CidadeMarketing<\/title>\n<meta name=\"robots\" content=\"index, follow, max-snippet:-1, max-image-preview:large, max-video-preview:-1\" \/>\n<link rel=\"canonical\" href=\"https:\/\/www.cidademarketing.com.br\/marketing\/2021\/06\/26\/vitarella-apresenta-o-novo-posicionamento-tem-diferenca-tem-sabor\/\" \/>\n<meta property=\"og:locale\" content=\"pt_BR\" \/>\n<meta property=\"og:type\" content=\"article\" \/>\n<meta property=\"og:title\" content=\"Vitarella apresenta o novo posicionamento \u201cTem diferen\u00e7a. Tem Sabor\u201d - CidadeMarketing\" \/>\n<meta property=\"og:description\" content=\"N\u00e3o \u00e9 por acaso que&nbsp;Vitarella&nbsp;\u00e9 l\u00edder em massas e biscoitos no Brasil. A marca \u00e9 democr\u00e1tica e acolhe diferentes lares e fam\u00edlias a partir de um portf\u00f3lio diverso, cheio de sabor e qualidade . E agora apresenta novo posicionamento, que convida o p\u00fablico&nbsp;&nbsp;a acolher as diferen\u00e7as.&nbsp;\u201cTem diferen\u00e7a. Tem sabor\u201d&nbsp;refor\u00e7a a diferencia\u00e7\u00e3o e sabor do portf\u00f3lio [&hellip;]\" \/>\n<meta property=\"og:url\" content=\"https:\/\/www.cidademarketing.com.br\/marketing\/2021\/06\/26\/vitarella-apresenta-o-novo-posicionamento-tem-diferenca-tem-sabor\/\" \/>\n<meta property=\"og:site_name\" content=\"CidadeMarketing\" \/>\n<meta property=\"article:publisher\" content=\"https:\/\/www.facebook.com\/portalcidademarketing\" \/>\n<meta property=\"article:author\" content=\"https:\/\/www.facebook.com\/thalesbrandao\" \/>\n<meta property=\"article:published_time\" content=\"2021-06-26T11:57:25+00:00\" \/>\n<meta property=\"article:modified_time\" content=\"2021-06-26T21:18:04+00:00\" \/>\n<meta property=\"og:image\" content=\"https:\/\/www.cidademarketing.com.br\/marketing\/wp-content\/uploads\/2021\/06\/Vitarella_Novo-Posicionamento_02-1024x575.png\" \/>\n\t<meta property=\"og:image:width\" content=\"1024\" \/>\n\t<meta property=\"og:image:height\" content=\"575\" \/>\n\t<meta property=\"og:image:type\" content=\"image\/png\" \/>\n<meta name=\"author\" content=\"Thales Brand\u00e3o\" \/>\n<meta name=\"twitter:card\" content=\"summary_large_image\" \/>\n<meta name=\"twitter:creator\" content=\"@http:\/\/www.twitter.com\/thalesbrandao\" \/>\n<meta name=\"twitter:site\" content=\"@CidadeMarketing\" \/>\n<meta name=\"twitter:label1\" content=\"Escrito por\" \/>\n\t<meta name=\"twitter:data1\" content=\"Thales Brand\u00e3o\" \/>\n\t<meta name=\"twitter:label2\" content=\"Est. tempo de leitura\" \/>\n\t<meta name=\"twitter:data2\" content=\"5 minutos\" \/>\n<script type=\"application\/ld+json\" class=\"yoast-schema-graph\">{\"@context\":\"https:\\\/\\\/schema.org\",\"@graph\":[{\"@type\":\"Article\",\"@id\":\"https:\\\/\\\/www.cidademarketing.com.br\\\/marketing\\\/2021\\\/06\\\/26\\\/vitarella-apresenta-o-novo-posicionamento-tem-diferenca-tem-sabor\\\/#article\",\"isPartOf\":{\"@id\":\"https:\\\/\\\/www.cidademarketing.com.br\\\/marketing\\\/2021\\\/06\\\/26\\\/vitarella-apresenta-o-novo-posicionamento-tem-diferenca-tem-sabor\\\/\"},\"author\":{\"name\":\"Thales Brand\u00e3o\",\"@id\":\"https:\\\/\\\/www.cidademarketing.com.br\\\/marketing\\\/#\\\/schema\\\/person\\\/02daff9f18bd9378c9e01eb6b2db155f\"},\"headline\":\"Vitarella apresenta o novo posicionamento \u201cTem diferen\u00e7a. Tem Sabor\u201d\",\"datePublished\":\"2021-06-26T11:57:25+00:00\",\"dateModified\":\"2021-06-26T21:18:04+00:00\",\"mainEntityOfPage\":{\"@id\":\"https:\\\/\\\/www.cidademarketing.com.br\\\/marketing\\\/2021\\\/06\\\/26\\\/vitarella-apresenta-o-novo-posicionamento-tem-diferenca-tem-sabor\\\/\"},\"wordCount\":938,\"commentCount\":0,\"publisher\":{\"@id\":\"https:\\\/\\\/www.cidademarketing.com.br\\\/marketing\\\/#organization\"},\"image\":{\"@id\":\"https:\\\/\\\/www.cidademarketing.com.br\\\/marketing\\\/2021\\\/06\\\/26\\\/vitarella-apresenta-o-novo-posicionamento-tem-diferenca-tem-sabor\\\/#primaryimage\"},\"thumbnailUrl\":\"https:\\\/\\\/www.cidademarketing.com.br\\\/marketing\\\/wp-content\\\/uploads\\\/2021\\\/06\\\/Vitarella_Novo-Posicionamento_02.png\",\"keywords\":[\"Vitarella\"],\"articleSection\":[\"Not\u00edcias\"],\"inLanguage\":\"pt-BR\",\"potentialAction\":[{\"@type\":\"CommentAction\",\"name\":\"Comment\",\"target\":[\"https:\\\/\\\/www.cidademarketing.com.br\\\/marketing\\\/2021\\\/06\\\/26\\\/vitarella-apresenta-o-novo-posicionamento-tem-diferenca-tem-sabor\\\/#respond\"]}]},{\"@type\":\"WebPage\",\"@id\":\"https:\\\/\\\/www.cidademarketing.com.br\\\/marketing\\\/2021\\\/06\\\/26\\\/vitarella-apresenta-o-novo-posicionamento-tem-diferenca-tem-sabor\\\/\",\"url\":\"https:\\\/\\\/www.cidademarketing.com.br\\\/marketing\\\/2021\\\/06\\\/26\\\/vitarella-apresenta-o-novo-posicionamento-tem-diferenca-tem-sabor\\\/\",\"name\":\"Vitarella apresenta o novo posicionamento \u201cTem diferen\u00e7a. Tem Sabor\u201d - CidadeMarketing\",\"isPartOf\":{\"@id\":\"https:\\\/\\\/www.cidademarketing.com.br\\\/marketing\\\/#website\"},\"primaryImageOfPage\":{\"@id\":\"https:\\\/\\\/www.cidademarketing.com.br\\\/marketing\\\/2021\\\/06\\\/26\\\/vitarella-apresenta-o-novo-posicionamento-tem-diferenca-tem-sabor\\\/#primaryimage\"},\"image\":{\"@id\":\"https:\\\/\\\/www.cidademarketing.com.br\\\/marketing\\\/2021\\\/06\\\/26\\\/vitarella-apresenta-o-novo-posicionamento-tem-diferenca-tem-sabor\\\/#primaryimage\"},\"thumbnailUrl\":\"https:\\\/\\\/www.cidademarketing.com.br\\\/marketing\\\/wp-content\\\/uploads\\\/2021\\\/06\\\/Vitarella_Novo-Posicionamento_02.png\",\"datePublished\":\"2021-06-26T11:57:25+00:00\",\"dateModified\":\"2021-06-26T21:18:04+00:00\",\"breadcrumb\":{\"@id\":\"https:\\\/\\\/www.cidademarketing.com.br\\\/marketing\\\/2021\\\/06\\\/26\\\/vitarella-apresenta-o-novo-posicionamento-tem-diferenca-tem-sabor\\\/#breadcrumb\"},\"inLanguage\":\"pt-BR\",\"potentialAction\":[{\"@type\":\"ReadAction\",\"target\":[\"https:\\\/\\\/www.cidademarketing.com.br\\\/marketing\\\/2021\\\/06\\\/26\\\/vitarella-apresenta-o-novo-posicionamento-tem-diferenca-tem-sabor\\\/\"]}]},{\"@type\":\"ImageObject\",\"inLanguage\":\"pt-BR\",\"@id\":\"https:\\\/\\\/www.cidademarketing.com.br\\\/marketing\\\/2021\\\/06\\\/26\\\/vitarella-apresenta-o-novo-posicionamento-tem-diferenca-tem-sabor\\\/#primaryimage\",\"url\":\"https:\\\/\\\/www.cidademarketing.com.br\\\/marketing\\\/wp-content\\\/uploads\\\/2021\\\/06\\\/Vitarella_Novo-Posicionamento_02.png\",\"contentUrl\":\"https:\\\/\\\/www.cidademarketing.com.br\\\/marketing\\\/wp-content\\\/uploads\\\/2021\\\/06\\\/Vitarella_Novo-Posicionamento_02.png\",\"width\":2290,\"height\":1287,\"caption\":\"Reprodu\u00e7\u00e3o\"},{\"@type\":\"BreadcrumbList\",\"@id\":\"https:\\\/\\\/www.cidademarketing.com.br\\\/marketing\\\/2021\\\/06\\\/26\\\/vitarella-apresenta-o-novo-posicionamento-tem-diferenca-tem-sabor\\\/#breadcrumb\",\"itemListElement\":[{\"@type\":\"ListItem\",\"position\":1,\"name\":\"In\u00edcio\",\"item\":\"https:\\\/\\\/www.cidademarketing.com.br\\\/marketing\\\/\"},{\"@type\":\"ListItem\",\"position\":2,\"name\":\"Vitarella apresenta o novo posicionamento \u201cTem diferen\u00e7a. Tem Sabor\u201d\"}]},{\"@type\":\"WebSite\",\"@id\":\"https:\\\/\\\/www.cidademarketing.com.br\\\/marketing\\\/#website\",\"url\":\"https:\\\/\\\/www.cidademarketing.com.br\\\/marketing\\\/\",\"name\":\"CidadeMarketing\",\"description\":\"Somos um ve\u00edculo de comunica\u00e7\u00e3o de destaque no Brasil, reconhecido por conte\u00fados nos segmentos de marketing, empreendedorismo e inova\u00e7\u00e3o.\",\"publisher\":{\"@id\":\"https:\\\/\\\/www.cidademarketing.com.br\\\/marketing\\\/#organization\"},\"alternateName\":\"CidadeMarketing\",\"potentialAction\":[{\"@type\":\"SearchAction\",\"target\":{\"@type\":\"EntryPoint\",\"urlTemplate\":\"https:\\\/\\\/www.cidademarketing.com.br\\\/marketing\\\/?s={search_term_string}\"},\"query-input\":{\"@type\":\"PropertyValueSpecification\",\"valueRequired\":true,\"valueName\":\"search_term_string\"}}],\"inLanguage\":\"pt-BR\"},{\"@type\":\"Organization\",\"@id\":\"https:\\\/\\\/www.cidademarketing.com.br\\\/marketing\\\/#organization\",\"name\":\"CidadeMarketing\",\"alternateName\":\"CidadeMarketing\",\"url\":\"https:\\\/\\\/www.cidademarketing.com.br\\\/marketing\\\/\",\"logo\":{\"@type\":\"ImageObject\",\"inLanguage\":\"pt-BR\",\"@id\":\"https:\\\/\\\/www.cidademarketing.com.br\\\/marketing\\\/#\\\/schema\\\/logo\\\/image\\\/\",\"url\":\"https:\\\/\\\/www.cidademarketing.com.br\\\/marketing\\\/wp-content\\\/uploads\\\/2020\\\/01\\\/cidademarketing_marca_mobile.png\",\"contentUrl\":\"https:\\\/\\\/www.cidademarketing.com.br\\\/marketing\\\/wp-content\\\/uploads\\\/2020\\\/01\\\/cidademarketing_marca_mobile.png\",\"width\":230,\"height\":92,\"caption\":\"CidadeMarketing\"},\"image\":{\"@id\":\"https:\\\/\\\/www.cidademarketing.com.br\\\/marketing\\\/#\\\/schema\\\/logo\\\/image\\\/\"},\"sameAs\":[\"https:\\\/\\\/www.facebook.com\\\/portalcidademarketing\",\"https:\\\/\\\/x.com\\\/CidadeMarketing\",\"https:\\\/\\\/www.instagram.com\\\/cidademarketing\\\/\"]},{\"@type\":\"Person\",\"@id\":\"https:\\\/\\\/www.cidademarketing.com.br\\\/marketing\\\/#\\\/schema\\\/person\\\/02daff9f18bd9378c9e01eb6b2db155f\",\"name\":\"Thales Brand\u00e3o\",\"image\":{\"@type\":\"ImageObject\",\"inLanguage\":\"pt-BR\",\"@id\":\"https:\\\/\\\/secure.gravatar.com\\\/avatar\\\/7ca3206950207cc3cb48feec56a8a7898741ab725c368d99d5d7a5a50aab80c6?s=96&d=mm&r=g\",\"url\":\"https:\\\/\\\/secure.gravatar.com\\\/avatar\\\/7ca3206950207cc3cb48feec56a8a7898741ab725c368d99d5d7a5a50aab80c6?s=96&d=mm&r=g\",\"contentUrl\":\"https:\\\/\\\/secure.gravatar.com\\\/avatar\\\/7ca3206950207cc3cb48feec56a8a7898741ab725c368d99d5d7a5a50aab80c6?s=96&d=mm&r=g\",\"caption\":\"Thales Brand\u00e3o\"},\"description\":\"Editor Executivo do Portal CidadeMarketing.com.br &gt; Mestre em Comunica\u00e7\u00e3o e Sociedade pela Universidade Federal de Sergipe. Possui MBA Executivo em Administra\u00e7\u00e3o com \u00eanfase em Marketing pela Funda\u00e7\u00e3o Get\u00falio Vargas - Rio de Janeiro. Consultor, Palestrante e Pesquisador sobre Empreendedorismo, Marketing, Redes Sociais e Neg\u00f3cios Digitais. Professor, Palestrante TedxTalks e Campus Party. Twitter: @ThalesBrandao\",\"sameAs\":[\"http:\\\/\\\/www.mandacaru.com.br\",\"https:\\\/\\\/www.facebook.com\\\/thalesbrandao\",\"http:\\\/\\\/www.instagram.com.br\\\/thalesbrandaoferreira\",\"https:\\\/\\\/www.linkedin.com\\\/in\\\/thales-brand\u00e3o-3948609\\\/\",\"https:\\\/\\\/x.com\\\/http:\\\/\\\/www.twitter.com\\\/thalesbrandao\"],\"url\":\"https:\\\/\\\/www.cidademarketing.com.br\\\/marketing\\\/author\\\/thalesbrandao\\\/\"}]}<\/script>\n<!-- \/ Yoast SEO plugin. -->","yoast_head_json":{"title":"Vitarella apresenta o novo posicionamento \u201cTem diferen\u00e7a. Tem Sabor\u201d - CidadeMarketing","robots":{"index":"index","follow":"follow","max-snippet":"max-snippet:-1","max-image-preview":"max-image-preview:large","max-video-preview":"max-video-preview:-1"},"canonical":"https:\/\/www.cidademarketing.com.br\/marketing\/2021\/06\/26\/vitarella-apresenta-o-novo-posicionamento-tem-diferenca-tem-sabor\/","og_locale":"pt_BR","og_type":"article","og_title":"Vitarella apresenta o novo posicionamento \u201cTem diferen\u00e7a. Tem Sabor\u201d - CidadeMarketing","og_description":"N\u00e3o \u00e9 por acaso que&nbsp;Vitarella&nbsp;\u00e9 l\u00edder em massas e biscoitos no Brasil. A marca \u00e9 democr\u00e1tica e acolhe diferentes lares e fam\u00edlias a partir de um portf\u00f3lio diverso, cheio de sabor e qualidade . E agora apresenta novo posicionamento, que convida o p\u00fablico&nbsp;&nbsp;a acolher as diferen\u00e7as.&nbsp;\u201cTem diferen\u00e7a. Tem sabor\u201d&nbsp;refor\u00e7a a diferencia\u00e7\u00e3o e sabor do portf\u00f3lio [&hellip;]","og_url":"https:\/\/www.cidademarketing.com.br\/marketing\/2021\/06\/26\/vitarella-apresenta-o-novo-posicionamento-tem-diferenca-tem-sabor\/","og_site_name":"CidadeMarketing","article_publisher":"https:\/\/www.facebook.com\/portalcidademarketing","article_author":"https:\/\/www.facebook.com\/thalesbrandao","article_published_time":"2021-06-26T11:57:25+00:00","article_modified_time":"2021-06-26T21:18:04+00:00","og_image":[{"width":1024,"height":575,"url":"https:\/\/www.cidademarketing.com.br\/marketing\/wp-content\/uploads\/2021\/06\/Vitarella_Novo-Posicionamento_02-1024x575.png","type":"image\/png"}],"author":"Thales Brand\u00e3o","twitter_card":"summary_large_image","twitter_creator":"@http:\/\/www.twitter.com\/thalesbrandao","twitter_site":"@CidadeMarketing","twitter_misc":{"Escrito por":"Thales Brand\u00e3o","Est. tempo de leitura":"5 minutos"},"schema":{"@context":"https:\/\/schema.org","@graph":[{"@type":"Article","@id":"https:\/\/www.cidademarketing.com.br\/marketing\/2021\/06\/26\/vitarella-apresenta-o-novo-posicionamento-tem-diferenca-tem-sabor\/#article","isPartOf":{"@id":"https:\/\/www.cidademarketing.com.br\/marketing\/2021\/06\/26\/vitarella-apresenta-o-novo-posicionamento-tem-diferenca-tem-sabor\/"},"author":{"name":"Thales Brand\u00e3o","@id":"https:\/\/www.cidademarketing.com.br\/marketing\/#\/schema\/person\/02daff9f18bd9378c9e01eb6b2db155f"},"headline":"Vitarella apresenta o novo posicionamento \u201cTem diferen\u00e7a. Tem Sabor\u201d","datePublished":"2021-06-26T11:57:25+00:00","dateModified":"2021-06-26T21:18:04+00:00","mainEntityOfPage":{"@id":"https:\/\/www.cidademarketing.com.br\/marketing\/2021\/06\/26\/vitarella-apresenta-o-novo-posicionamento-tem-diferenca-tem-sabor\/"},"wordCount":938,"commentCount":0,"publisher":{"@id":"https:\/\/www.cidademarketing.com.br\/marketing\/#organization"},"image":{"@id":"https:\/\/www.cidademarketing.com.br\/marketing\/2021\/06\/26\/vitarella-apresenta-o-novo-posicionamento-tem-diferenca-tem-sabor\/#primaryimage"},"thumbnailUrl":"https:\/\/www.cidademarketing.com.br\/marketing\/wp-content\/uploads\/2021\/06\/Vitarella_Novo-Posicionamento_02.png","keywords":["Vitarella"],"articleSection":["Not\u00edcias"],"inLanguage":"pt-BR","potentialAction":[{"@type":"CommentAction","name":"Comment","target":["https:\/\/www.cidademarketing.com.br\/marketing\/2021\/06\/26\/vitarella-apresenta-o-novo-posicionamento-tem-diferenca-tem-sabor\/#respond"]}]},{"@type":"WebPage","@id":"https:\/\/www.cidademarketing.com.br\/marketing\/2021\/06\/26\/vitarella-apresenta-o-novo-posicionamento-tem-diferenca-tem-sabor\/","url":"https:\/\/www.cidademarketing.com.br\/marketing\/2021\/06\/26\/vitarella-apresenta-o-novo-posicionamento-tem-diferenca-tem-sabor\/","name":"Vitarella apresenta o novo posicionamento \u201cTem diferen\u00e7a. Tem Sabor\u201d - CidadeMarketing","isPartOf":{"@id":"https:\/\/www.cidademarketing.com.br\/marketing\/#website"},"primaryImageOfPage":{"@id":"https:\/\/www.cidademarketing.com.br\/marketing\/2021\/06\/26\/vitarella-apresenta-o-novo-posicionamento-tem-diferenca-tem-sabor\/#primaryimage"},"image":{"@id":"https:\/\/www.cidademarketing.com.br\/marketing\/2021\/06\/26\/vitarella-apresenta-o-novo-posicionamento-tem-diferenca-tem-sabor\/#primaryimage"},"thumbnailUrl":"https:\/\/www.cidademarketing.com.br\/marketing\/wp-content\/uploads\/2021\/06\/Vitarella_Novo-Posicionamento_02.png","datePublished":"2021-06-26T11:57:25+00:00","dateModified":"2021-06-26T21:18:04+00:00","breadcrumb":{"@id":"https:\/\/www.cidademarketing.com.br\/marketing\/2021\/06\/26\/vitarella-apresenta-o-novo-posicionamento-tem-diferenca-tem-sabor\/#breadcrumb"},"inLanguage":"pt-BR","potentialAction":[{"@type":"ReadAction","target":["https:\/\/www.cidademarketing.com.br\/marketing\/2021\/06\/26\/vitarella-apresenta-o-novo-posicionamento-tem-diferenca-tem-sabor\/"]}]},{"@type":"ImageObject","inLanguage":"pt-BR","@id":"https:\/\/www.cidademarketing.com.br\/marketing\/2021\/06\/26\/vitarella-apresenta-o-novo-posicionamento-tem-diferenca-tem-sabor\/#primaryimage","url":"https:\/\/www.cidademarketing.com.br\/marketing\/wp-content\/uploads\/2021\/06\/Vitarella_Novo-Posicionamento_02.png","contentUrl":"https:\/\/www.cidademarketing.com.br\/marketing\/wp-content\/uploads\/2021\/06\/Vitarella_Novo-Posicionamento_02.png","width":2290,"height":1287,"caption":"Reprodu\u00e7\u00e3o"},{"@type":"BreadcrumbList","@id":"https:\/\/www.cidademarketing.com.br\/marketing\/2021\/06\/26\/vitarella-apresenta-o-novo-posicionamento-tem-diferenca-tem-sabor\/#breadcrumb","itemListElement":[{"@type":"ListItem","position":1,"name":"In\u00edcio","item":"https:\/\/www.cidademarketing.com.br\/marketing\/"},{"@type":"ListItem","position":2,"name":"Vitarella apresenta o novo posicionamento \u201cTem diferen\u00e7a. Tem Sabor\u201d"}]},{"@type":"WebSite","@id":"https:\/\/www.cidademarketing.com.br\/marketing\/#website","url":"https:\/\/www.cidademarketing.com.br\/marketing\/","name":"CidadeMarketing","description":"Somos um ve\u00edculo de comunica\u00e7\u00e3o de destaque no Brasil, reconhecido por conte\u00fados nos segmentos de marketing, empreendedorismo e inova\u00e7\u00e3o.","publisher":{"@id":"https:\/\/www.cidademarketing.com.br\/marketing\/#organization"},"alternateName":"CidadeMarketing","potentialAction":[{"@type":"SearchAction","target":{"@type":"EntryPoint","urlTemplate":"https:\/\/www.cidademarketing.com.br\/marketing\/?s={search_term_string}"},"query-input":{"@type":"PropertyValueSpecification","valueRequired":true,"valueName":"search_term_string"}}],"inLanguage":"pt-BR"},{"@type":"Organization","@id":"https:\/\/www.cidademarketing.com.br\/marketing\/#organization","name":"CidadeMarketing","alternateName":"CidadeMarketing","url":"https:\/\/www.cidademarketing.com.br\/marketing\/","logo":{"@type":"ImageObject","inLanguage":"pt-BR","@id":"https:\/\/www.cidademarketing.com.br\/marketing\/#\/schema\/logo\/image\/","url":"https:\/\/www.cidademarketing.com.br\/marketing\/wp-content\/uploads\/2020\/01\/cidademarketing_marca_mobile.png","contentUrl":"https:\/\/www.cidademarketing.com.br\/marketing\/wp-content\/uploads\/2020\/01\/cidademarketing_marca_mobile.png","width":230,"height":92,"caption":"CidadeMarketing"},"image":{"@id":"https:\/\/www.cidademarketing.com.br\/marketing\/#\/schema\/logo\/image\/"},"sameAs":["https:\/\/www.facebook.com\/portalcidademarketing","https:\/\/x.com\/CidadeMarketing","https:\/\/www.instagram.com\/cidademarketing\/"]},{"@type":"Person","@id":"https:\/\/www.cidademarketing.com.br\/marketing\/#\/schema\/person\/02daff9f18bd9378c9e01eb6b2db155f","name":"Thales Brand\u00e3o","image":{"@type":"ImageObject","inLanguage":"pt-BR","@id":"https:\/\/secure.gravatar.com\/avatar\/7ca3206950207cc3cb48feec56a8a7898741ab725c368d99d5d7a5a50aab80c6?s=96&d=mm&r=g","url":"https:\/\/secure.gravatar.com\/avatar\/7ca3206950207cc3cb48feec56a8a7898741ab725c368d99d5d7a5a50aab80c6?s=96&d=mm&r=g","contentUrl":"https:\/\/secure.gravatar.com\/avatar\/7ca3206950207cc3cb48feec56a8a7898741ab725c368d99d5d7a5a50aab80c6?s=96&d=mm&r=g","caption":"Thales Brand\u00e3o"},"description":"Editor Executivo do Portal CidadeMarketing.com.br &gt; Mestre em Comunica\u00e7\u00e3o e Sociedade pela Universidade Federal de Sergipe. Possui MBA Executivo em Administra\u00e7\u00e3o com \u00eanfase em Marketing pela Funda\u00e7\u00e3o Get\u00falio Vargas - Rio de Janeiro. Consultor, Palestrante e Pesquisador sobre Empreendedorismo, Marketing, Redes Sociais e Neg\u00f3cios Digitais. Professor, Palestrante TedxTalks e Campus Party. Twitter: @ThalesBrandao","sameAs":["http:\/\/www.mandacaru.com.br","https:\/\/www.facebook.com\/thalesbrandao","http:\/\/www.instagram.com.br\/thalesbrandaoferreira","https:\/\/www.linkedin.com\/in\/thales-brand\u00e3o-3948609\/","https:\/\/x.com\/http:\/\/www.twitter.com\/thalesbrandao"],"url":"https:\/\/www.cidademarketing.com.br\/marketing\/author\/thalesbrandao\/"}]}},"amp_enabled":true,"_links":{"self":[{"href":"https:\/\/www.cidademarketing.com.br\/marketing\/wp-json\/wp\/v2\/posts\/24615","targetHints":{"allow":["GET"]}}],"collection":[{"href":"https:\/\/www.cidademarketing.com.br\/marketing\/wp-json\/wp\/v2\/posts"}],"about":[{"href":"https:\/\/www.cidademarketing.com.br\/marketing\/wp-json\/wp\/v2\/types\/post"}],"author":[{"embeddable":true,"href":"https:\/\/www.cidademarketing.com.br\/marketing\/wp-json\/wp\/v2\/users\/1"}],"replies":[{"embeddable":true,"href":"https:\/\/www.cidademarketing.com.br\/marketing\/wp-json\/wp\/v2\/comments?post=24615"}],"version-history":[{"count":3,"href":"https:\/\/www.cidademarketing.com.br\/marketing\/wp-json\/wp\/v2\/posts\/24615\/revisions"}],"predecessor-version":[{"id":24625,"href":"https:\/\/www.cidademarketing.com.br\/marketing\/wp-json\/wp\/v2\/posts\/24615\/revisions\/24625"}],"wp:featuredmedia":[{"embeddable":true,"href":"https:\/\/www.cidademarketing.com.br\/marketing\/wp-json\/wp\/v2\/media\/24617"}],"wp:attachment":[{"href":"https:\/\/www.cidademarketing.com.br\/marketing\/wp-json\/wp\/v2\/media?parent=24615"}],"wp:term":[{"taxonomy":"category","embeddable":true,"href":"https:\/\/www.cidademarketing.com.br\/marketing\/wp-json\/wp\/v2\/categories?post=24615"},{"taxonomy":"post_tag","embeddable":true,"href":"https:\/\/www.cidademarketing.com.br\/marketing\/wp-json\/wp\/v2\/tags?post=24615"}],"curies":[{"name":"wp","href":"https:\/\/api.w.org\/{rel}","templated":true}]}}