{"id":24601,"date":"2021-06-25T21:04:41","date_gmt":"2021-06-26T00:04:41","guid":{"rendered":"https:\/\/www.cidademarketing.com.br\/marketing\/?p=24601"},"modified":"2021-06-25T21:04:44","modified_gmt":"2021-06-26T00:04:44","slug":"grupo-curta-celebra-aniversario-de-gilberto-gil-com-filmes-e-um-show-do-artista","status":"publish","type":"post","link":"https:\/\/www.cidademarketing.com.br\/marketing\/2021\/06\/25\/grupo-curta-celebra-aniversario-de-gilberto-gil-com-filmes-e-um-show-do-artista\/","title":{"rendered":"Grupo Curta! celebra anivers\u00e1rio de Gilberto Gil com filmes e um show do artista"},"content":{"rendered":"\n<p>O cantor e compositor baiano Gilberto Gil comemora mais um anivers\u00e1rio no s\u00e1bado, 26. Para homenage\u00e1-lo, o Grupo Curta! apresenta um show e dois document\u00e1rios que abordam trechos da vida e da obra do artista, que completa 79 anos.<\/p>\n\n\n\n<p>O canal Curta! exibe o document\u00e1rio \u201c<strong>Viva S\u00e3o Jo\u00e3o<\/strong>\u201d \u2013 dirigido por Andrucha Waddington \u2013 na noite de anivers\u00e1rio de Gil; enquanto o streaming Curta!On apresenta o show ao vivo do disco \u201c<strong>Kaya N\u2019Gan Daya<\/strong>\u201d, dirigido por Lula Buarque de Hollanda, e o document\u00e1rio \u201c<strong>Tempo Rei<\/strong>\u201d, dos dois diretores, que acaba de chegar na plataforma.<\/p>\n\n\n\n<p>O Curta! pode ser assistido nos canais 556 da NET \/ Claro TV, 75 da Oi TV, 664 da Vivo Fibra e em operadoras associadas \u00e0 NeoTV. O Curta!On \u00e9 o clube de document\u00e1rios do Curta! no NOW, da NET \/ Claro, que tamb\u00e9m pode ser acessado atrav\u00e9s do site: CurtaOn.com.br.&nbsp;<\/p>\n\n\n\n<p>Confira as sinopses:<\/p>\n\n\n\n<p><strong>Viva S\u00e3o Jo\u00e3o &#8211; <\/strong>O compositor Gilberto Gil acompanha o cineasta Andrucha Waddington at\u00e9 o Nordeste do Brasil. Entre as comunidades rurais da regi\u00e3o, Gil e Waddington participam da comemora\u00e7\u00e3o cat\u00f3lica do dia de\u00a0S\u00e3o\u00a0Jo\u00e3o\u00a0com m\u00fasica e dan\u00e7a. Waddington tamb\u00e9m analisa o sofrimento da popula\u00e7\u00e3o que tenta sobreviver por meio da agricultura em um terreno dif\u00edcil.\u00a0<strong>Dura\u00e7\u00e3o:\u00a0<\/strong>85 min.\u00a0<strong>Classifica\u00e7\u00e3o:<\/strong>\u00a0Livre.\u00a0<strong>Onde assistir? No Curta!, 26 de junho, \u00e0s 22h30.<\/strong><\/p>\n\n\n\n<figure class=\"wp-block-embed is-type-video is-provider-youtube wp-block-embed-youtube wp-embed-aspect-16-9 wp-has-aspect-ratio\"><div class=\"wp-block-embed__wrapper\">\n<div class=\"youtube-embed\" data-video_id=\"auYlVlPM92A\"><iframe title=\"Viva Sa\u0303o Joa\u0303o (promo)\" width=\"640\" height=\"360\" src=\"https:\/\/www.youtube.com\/embed\/auYlVlPM92A?feature=oembed&#038;enablejsapi=1\" frameborder=\"0\" allow=\"accelerometer; autoplay; clipboard-write; encrypted-media; gyroscope; picture-in-picture; web-share\" referrerpolicy=\"strict-origin-when-cross-origin\" allowfullscreen><\/iframe><\/div>\n<\/div><\/figure>\n\n\n\n<p><\/p>\n\n\n\n<p><strong>Tempo Rei &#8211; <\/strong>Gravado na comemora\u00e7\u00e3o dos 30 anos de carreira de Gilberto Gil,&nbsp;em visita a&nbsp;Itau\u00e7u (BA), cidade \u00e0 qual n\u00e3o voltava desde 1951, o filme&nbsp;mergulha na biografia do m\u00fasico,&nbsp;acompanhado de amigos e familiares. Conta com participa\u00e7\u00f5es de Stevie Wonder, Caetano Veloso e Carlinhos Brown, entre outros.&nbsp;<strong>Dire\u00e7\u00e3o:<\/strong>&nbsp;Andrucha Waddington, Lula Buarque de Holanda.<strong>&nbsp;Dura\u00e7\u00e3o<\/strong>: 105 min.&nbsp;<strong>Classifica\u00e7\u00e3o<\/strong>:&nbsp;12 anos.&nbsp;<strong>Onde assistir?<\/strong> Curta!On, no NOW ou em CurtaOn.com.br.<\/p>\n\n\n\n<p><\/p>\n\n\n\n<p><strong>Kaya&nbsp;N\u2019Gan Daya&nbsp;<\/strong>\u2013 Show ao vivo do disco \u201cKaya&nbsp;N\u2019Gan Daya\u201d, do cantor e compositor Gilberto Gil, filmado na cidade de S\u00e3o Paulo, em dezembro de 2001. O \u00e1lbum foi uma homenagem do m\u00fasico brasileiro ao famoso compositor jamaicano Bob Marley. Dirigido por Lula Buarque de Hollanda, o especial registrou o espet\u00e1culo que colocou no palco releituras de v\u00e1rios cl\u00e1ssicos do reggae.&nbsp;<strong>Dire\u00e7\u00e3o: <\/strong>Lula Buarque de Holanda.<strong>&nbsp;Dura\u00e7\u00e3o<\/strong>: 63 min.&nbsp;<strong>Classifica\u00e7\u00e3o<\/strong>:&nbsp;12 anos.&nbsp;<strong>Onde assistir?<\/strong> Curta!On, no NOW ou em CurtaOn.com.br.<\/p>\n\n\n\n<p><\/p>\n","protected":false},"excerpt":{"rendered":"<p>O cantor e compositor baiano Gilberto Gil comemora mais um anivers\u00e1rio no s\u00e1bado, 26. Para homenage\u00e1-lo, o Grupo Curta! apresenta um show e dois document\u00e1rios que abordam trechos da vida e da obra do artista, que completa 79 anos. O canal Curta! exibe o document\u00e1rio \u201cViva S\u00e3o Jo\u00e3o\u201d \u2013 dirigido por Andrucha Waddington \u2013 na [&hellip;]<\/p>\n","protected":false},"author":1,"featured_media":24602,"comment_status":"open","ping_status":"open","sticky":false,"template":"","format":"standard","meta":{"tdm_status":"","tdm_grid_status":"","footnotes":""},"categories":[6],"tags":[3320,33,3941,28],"class_list":["post-24601","post","type-post","status-publish","format-standard","has-post-thumbnail","hentry","category-noticias","tag-curta-2","tag-estrategia","tag-gilberto-gil","tag-marketing"],"yoast_head":"<!-- This site is optimized with the Yoast SEO plugin v27.5 - https:\/\/yoast.com\/product\/yoast-seo-wordpress\/ -->\n<title>Grupo Curta! celebra anivers\u00e1rio de Gilberto Gil com filmes e um show do artista - CidadeMarketing<\/title>\n<meta name=\"robots\" content=\"index, follow, max-snippet:-1, max-image-preview:large, max-video-preview:-1\" \/>\n<link rel=\"canonical\" href=\"https:\/\/www.cidademarketing.com.br\/marketing\/2021\/06\/25\/grupo-curta-celebra-aniversario-de-gilberto-gil-com-filmes-e-um-show-do-artista\/\" \/>\n<meta property=\"og:locale\" content=\"pt_BR\" \/>\n<meta property=\"og:type\" content=\"article\" \/>\n<meta property=\"og:title\" content=\"Grupo Curta! celebra anivers\u00e1rio de Gilberto Gil com filmes e um show do artista - CidadeMarketing\" \/>\n<meta property=\"og:description\" content=\"O cantor e compositor baiano Gilberto Gil comemora mais um anivers\u00e1rio no s\u00e1bado, 26. Para homenage\u00e1-lo, o Grupo Curta! apresenta um show e dois document\u00e1rios que abordam trechos da vida e da obra do artista, que completa 79 anos. O canal Curta! exibe o document\u00e1rio \u201cViva S\u00e3o Jo\u00e3o\u201d \u2013 dirigido por Andrucha Waddington \u2013 na [&hellip;]\" \/>\n<meta property=\"og:url\" content=\"https:\/\/www.cidademarketing.com.br\/marketing\/2021\/06\/25\/grupo-curta-celebra-aniversario-de-gilberto-gil-com-filmes-e-um-show-do-artista\/\" \/>\n<meta property=\"og:site_name\" content=\"CidadeMarketing\" \/>\n<meta property=\"article:publisher\" content=\"https:\/\/www.facebook.com\/portalcidademarketing\" \/>\n<meta property=\"article:author\" content=\"https:\/\/www.facebook.com\/thalesbrandao\" \/>\n<meta property=\"article:published_time\" content=\"2021-06-26T00:04:41+00:00\" \/>\n<meta property=\"article:modified_time\" content=\"2021-06-26T00:04:44+00:00\" \/>\n<meta property=\"og:image\" content=\"https:\/\/www.cidademarketing.com.br\/marketing\/wp-content\/uploads\/2021\/06\/Gil-Dominguinhos-e-Marin_s.jpg\" \/>\n\t<meta property=\"og:image:width\" content=\"2000\" \/>\n\t<meta property=\"og:image:height\" content=\"1500\" \/>\n\t<meta property=\"og:image:type\" content=\"image\/jpeg\" \/>\n<meta name=\"author\" content=\"Thales Brand\u00e3o\" \/>\n<meta name=\"twitter:card\" content=\"summary_large_image\" \/>\n<meta name=\"twitter:creator\" content=\"@http:\/\/www.twitter.com\/thalesbrandao\" \/>\n<meta name=\"twitter:site\" content=\"@CidadeMarketing\" \/>\n<meta name=\"twitter:label1\" content=\"Escrito por\" \/>\n\t<meta name=\"twitter:data1\" content=\"Thales Brand\u00e3o\" \/>\n\t<meta name=\"twitter:label2\" content=\"Est. tempo de leitura\" \/>\n\t<meta name=\"twitter:data2\" content=\"2 minutos\" \/>\n<script type=\"application\/ld+json\" class=\"yoast-schema-graph\">{\"@context\":\"https:\\\/\\\/schema.org\",\"@graph\":[{\"@type\":\"Article\",\"@id\":\"https:\\\/\\\/www.cidademarketing.com.br\\\/marketing\\\/2021\\\/06\\\/25\\\/grupo-curta-celebra-aniversario-de-gilberto-gil-com-filmes-e-um-show-do-artista\\\/#article\",\"isPartOf\":{\"@id\":\"https:\\\/\\\/www.cidademarketing.com.br\\\/marketing\\\/2021\\\/06\\\/25\\\/grupo-curta-celebra-aniversario-de-gilberto-gil-com-filmes-e-um-show-do-artista\\\/\"},\"author\":{\"name\":\"Thales Brand\u00e3o\",\"@id\":\"https:\\\/\\\/www.cidademarketing.com.br\\\/marketing\\\/#\\\/schema\\\/person\\\/02daff9f18bd9378c9e01eb6b2db155f\"},\"headline\":\"Grupo Curta! celebra anivers\u00e1rio de Gilberto Gil com filmes e um show do artista\",\"datePublished\":\"2021-06-26T00:04:41+00:00\",\"dateModified\":\"2021-06-26T00:04:44+00:00\",\"mainEntityOfPage\":{\"@id\":\"https:\\\/\\\/www.cidademarketing.com.br\\\/marketing\\\/2021\\\/06\\\/25\\\/grupo-curta-celebra-aniversario-de-gilberto-gil-com-filmes-e-um-show-do-artista\\\/\"},\"wordCount\":449,\"commentCount\":0,\"publisher\":{\"@id\":\"https:\\\/\\\/www.cidademarketing.com.br\\\/marketing\\\/#organization\"},\"image\":{\"@id\":\"https:\\\/\\\/www.cidademarketing.com.br\\\/marketing\\\/2021\\\/06\\\/25\\\/grupo-curta-celebra-aniversario-de-gilberto-gil-com-filmes-e-um-show-do-artista\\\/#primaryimage\"},\"thumbnailUrl\":\"https:\\\/\\\/www.cidademarketing.com.br\\\/marketing\\\/wp-content\\\/uploads\\\/2021\\\/06\\\/Gil-Dominguinhos-e-Marin_s.jpg\",\"keywords\":[\"Curta!\",\"estrat\u00e9gia\",\"Gilberto Gil\",\"marketing\"],\"articleSection\":[\"Not\u00edcias\"],\"inLanguage\":\"pt-BR\",\"potentialAction\":[{\"@type\":\"CommentAction\",\"name\":\"Comment\",\"target\":[\"https:\\\/\\\/www.cidademarketing.com.br\\\/marketing\\\/2021\\\/06\\\/25\\\/grupo-curta-celebra-aniversario-de-gilberto-gil-com-filmes-e-um-show-do-artista\\\/#respond\"]}]},{\"@type\":\"WebPage\",\"@id\":\"https:\\\/\\\/www.cidademarketing.com.br\\\/marketing\\\/2021\\\/06\\\/25\\\/grupo-curta-celebra-aniversario-de-gilberto-gil-com-filmes-e-um-show-do-artista\\\/\",\"url\":\"https:\\\/\\\/www.cidademarketing.com.br\\\/marketing\\\/2021\\\/06\\\/25\\\/grupo-curta-celebra-aniversario-de-gilberto-gil-com-filmes-e-um-show-do-artista\\\/\",\"name\":\"Grupo Curta! celebra anivers\u00e1rio de Gilberto Gil com filmes e um show do artista - CidadeMarketing\",\"isPartOf\":{\"@id\":\"https:\\\/\\\/www.cidademarketing.com.br\\\/marketing\\\/#website\"},\"primaryImageOfPage\":{\"@id\":\"https:\\\/\\\/www.cidademarketing.com.br\\\/marketing\\\/2021\\\/06\\\/25\\\/grupo-curta-celebra-aniversario-de-gilberto-gil-com-filmes-e-um-show-do-artista\\\/#primaryimage\"},\"image\":{\"@id\":\"https:\\\/\\\/www.cidademarketing.com.br\\\/marketing\\\/2021\\\/06\\\/25\\\/grupo-curta-celebra-aniversario-de-gilberto-gil-com-filmes-e-um-show-do-artista\\\/#primaryimage\"},\"thumbnailUrl\":\"https:\\\/\\\/www.cidademarketing.com.br\\\/marketing\\\/wp-content\\\/uploads\\\/2021\\\/06\\\/Gil-Dominguinhos-e-Marin_s.jpg\",\"datePublished\":\"2021-06-26T00:04:41+00:00\",\"dateModified\":\"2021-06-26T00:04:44+00:00\",\"breadcrumb\":{\"@id\":\"https:\\\/\\\/www.cidademarketing.com.br\\\/marketing\\\/2021\\\/06\\\/25\\\/grupo-curta-celebra-aniversario-de-gilberto-gil-com-filmes-e-um-show-do-artista\\\/#breadcrumb\"},\"inLanguage\":\"pt-BR\",\"potentialAction\":[{\"@type\":\"ReadAction\",\"target\":[\"https:\\\/\\\/www.cidademarketing.com.br\\\/marketing\\\/2021\\\/06\\\/25\\\/grupo-curta-celebra-aniversario-de-gilberto-gil-com-filmes-e-um-show-do-artista\\\/\"]}]},{\"@type\":\"ImageObject\",\"inLanguage\":\"pt-BR\",\"@id\":\"https:\\\/\\\/www.cidademarketing.com.br\\\/marketing\\\/2021\\\/06\\\/25\\\/grupo-curta-celebra-aniversario-de-gilberto-gil-com-filmes-e-um-show-do-artista\\\/#primaryimage\",\"url\":\"https:\\\/\\\/www.cidademarketing.com.br\\\/marketing\\\/wp-content\\\/uploads\\\/2021\\\/06\\\/Gil-Dominguinhos-e-Marin_s.jpg\",\"contentUrl\":\"https:\\\/\\\/www.cidademarketing.com.br\\\/marketing\\\/wp-content\\\/uploads\\\/2021\\\/06\\\/Gil-Dominguinhos-e-Marin_s.jpg\",\"width\":2000,\"height\":1500,\"caption\":\"Divulga\u00e7\u00e3o\"},{\"@type\":\"BreadcrumbList\",\"@id\":\"https:\\\/\\\/www.cidademarketing.com.br\\\/marketing\\\/2021\\\/06\\\/25\\\/grupo-curta-celebra-aniversario-de-gilberto-gil-com-filmes-e-um-show-do-artista\\\/#breadcrumb\",\"itemListElement\":[{\"@type\":\"ListItem\",\"position\":1,\"name\":\"In\u00edcio\",\"item\":\"https:\\\/\\\/www.cidademarketing.com.br\\\/marketing\\\/\"},{\"@type\":\"ListItem\",\"position\":2,\"name\":\"Grupo Curta! celebra anivers\u00e1rio de Gilberto Gil com filmes e um show do artista\"}]},{\"@type\":\"WebSite\",\"@id\":\"https:\\\/\\\/www.cidademarketing.com.br\\\/marketing\\\/#website\",\"url\":\"https:\\\/\\\/www.cidademarketing.com.br\\\/marketing\\\/\",\"name\":\"CidadeMarketing\",\"description\":\"Somos um ve\u00edculo de comunica\u00e7\u00e3o de destaque no Brasil, reconhecido por conte\u00fados nos segmentos de marketing, empreendedorismo e inova\u00e7\u00e3o.\",\"publisher\":{\"@id\":\"https:\\\/\\\/www.cidademarketing.com.br\\\/marketing\\\/#organization\"},\"alternateName\":\"CidadeMarketing\",\"potentialAction\":[{\"@type\":\"SearchAction\",\"target\":{\"@type\":\"EntryPoint\",\"urlTemplate\":\"https:\\\/\\\/www.cidademarketing.com.br\\\/marketing\\\/?s={search_term_string}\"},\"query-input\":{\"@type\":\"PropertyValueSpecification\",\"valueRequired\":true,\"valueName\":\"search_term_string\"}}],\"inLanguage\":\"pt-BR\"},{\"@type\":\"Organization\",\"@id\":\"https:\\\/\\\/www.cidademarketing.com.br\\\/marketing\\\/#organization\",\"name\":\"CidadeMarketing\",\"alternateName\":\"CidadeMarketing\",\"url\":\"https:\\\/\\\/www.cidademarketing.com.br\\\/marketing\\\/\",\"logo\":{\"@type\":\"ImageObject\",\"inLanguage\":\"pt-BR\",\"@id\":\"https:\\\/\\\/www.cidademarketing.com.br\\\/marketing\\\/#\\\/schema\\\/logo\\\/image\\\/\",\"url\":\"https:\\\/\\\/www.cidademarketing.com.br\\\/marketing\\\/wp-content\\\/uploads\\\/2020\\\/01\\\/cidademarketing_marca_mobile.png\",\"contentUrl\":\"https:\\\/\\\/www.cidademarketing.com.br\\\/marketing\\\/wp-content\\\/uploads\\\/2020\\\/01\\\/cidademarketing_marca_mobile.png\",\"width\":230,\"height\":92,\"caption\":\"CidadeMarketing\"},\"image\":{\"@id\":\"https:\\\/\\\/www.cidademarketing.com.br\\\/marketing\\\/#\\\/schema\\\/logo\\\/image\\\/\"},\"sameAs\":[\"https:\\\/\\\/www.facebook.com\\\/portalcidademarketing\",\"https:\\\/\\\/x.com\\\/CidadeMarketing\",\"https:\\\/\\\/www.instagram.com\\\/cidademarketing\\\/\"]},{\"@type\":\"Person\",\"@id\":\"https:\\\/\\\/www.cidademarketing.com.br\\\/marketing\\\/#\\\/schema\\\/person\\\/02daff9f18bd9378c9e01eb6b2db155f\",\"name\":\"Thales Brand\u00e3o\",\"image\":{\"@type\":\"ImageObject\",\"inLanguage\":\"pt-BR\",\"@id\":\"https:\\\/\\\/secure.gravatar.com\\\/avatar\\\/7ca3206950207cc3cb48feec56a8a7898741ab725c368d99d5d7a5a50aab80c6?s=96&d=mm&r=g\",\"url\":\"https:\\\/\\\/secure.gravatar.com\\\/avatar\\\/7ca3206950207cc3cb48feec56a8a7898741ab725c368d99d5d7a5a50aab80c6?s=96&d=mm&r=g\",\"contentUrl\":\"https:\\\/\\\/secure.gravatar.com\\\/avatar\\\/7ca3206950207cc3cb48feec56a8a7898741ab725c368d99d5d7a5a50aab80c6?s=96&d=mm&r=g\",\"caption\":\"Thales Brand\u00e3o\"},\"description\":\"Editor Executivo do Portal CidadeMarketing.com.br &gt; Mestre em Comunica\u00e7\u00e3o e Sociedade pela Universidade Federal de Sergipe. Possui MBA Executivo em Administra\u00e7\u00e3o com \u00eanfase em Marketing pela Funda\u00e7\u00e3o Get\u00falio Vargas - Rio de Janeiro. Consultor, Palestrante e Pesquisador sobre Empreendedorismo, Marketing, Redes Sociais e Neg\u00f3cios Digitais. Professor, Palestrante TedxTalks e Campus Party. Twitter: @ThalesBrandao\",\"sameAs\":[\"http:\\\/\\\/www.mandacaru.com.br\",\"https:\\\/\\\/www.facebook.com\\\/thalesbrandao\",\"http:\\\/\\\/www.instagram.com.br\\\/thalesbrandaoferreira\",\"https:\\\/\\\/www.linkedin.com\\\/in\\\/thales-brand\u00e3o-3948609\\\/\",\"https:\\\/\\\/x.com\\\/http:\\\/\\\/www.twitter.com\\\/thalesbrandao\"],\"url\":\"https:\\\/\\\/www.cidademarketing.com.br\\\/marketing\\\/author\\\/thalesbrandao\\\/\"}]}<\/script>\n<!-- \/ Yoast SEO plugin. -->","yoast_head_json":{"title":"Grupo Curta! celebra anivers\u00e1rio de Gilberto Gil com filmes e um show do artista - CidadeMarketing","robots":{"index":"index","follow":"follow","max-snippet":"max-snippet:-1","max-image-preview":"max-image-preview:large","max-video-preview":"max-video-preview:-1"},"canonical":"https:\/\/www.cidademarketing.com.br\/marketing\/2021\/06\/25\/grupo-curta-celebra-aniversario-de-gilberto-gil-com-filmes-e-um-show-do-artista\/","og_locale":"pt_BR","og_type":"article","og_title":"Grupo Curta! celebra anivers\u00e1rio de Gilberto Gil com filmes e um show do artista - CidadeMarketing","og_description":"O cantor e compositor baiano Gilberto Gil comemora mais um anivers\u00e1rio no s\u00e1bado, 26. Para homenage\u00e1-lo, o Grupo Curta! apresenta um show e dois document\u00e1rios que abordam trechos da vida e da obra do artista, que completa 79 anos. O canal Curta! exibe o document\u00e1rio \u201cViva S\u00e3o Jo\u00e3o\u201d \u2013 dirigido por Andrucha Waddington \u2013 na [&hellip;]","og_url":"https:\/\/www.cidademarketing.com.br\/marketing\/2021\/06\/25\/grupo-curta-celebra-aniversario-de-gilberto-gil-com-filmes-e-um-show-do-artista\/","og_site_name":"CidadeMarketing","article_publisher":"https:\/\/www.facebook.com\/portalcidademarketing","article_author":"https:\/\/www.facebook.com\/thalesbrandao","article_published_time":"2021-06-26T00:04:41+00:00","article_modified_time":"2021-06-26T00:04:44+00:00","og_image":[{"width":2000,"height":1500,"url":"https:\/\/www.cidademarketing.com.br\/marketing\/wp-content\/uploads\/2021\/06\/Gil-Dominguinhos-e-Marin_s.jpg","type":"image\/jpeg"}],"author":"Thales Brand\u00e3o","twitter_card":"summary_large_image","twitter_creator":"@http:\/\/www.twitter.com\/thalesbrandao","twitter_site":"@CidadeMarketing","twitter_misc":{"Escrito por":"Thales Brand\u00e3o","Est. tempo de leitura":"2 minutos"},"schema":{"@context":"https:\/\/schema.org","@graph":[{"@type":"Article","@id":"https:\/\/www.cidademarketing.com.br\/marketing\/2021\/06\/25\/grupo-curta-celebra-aniversario-de-gilberto-gil-com-filmes-e-um-show-do-artista\/#article","isPartOf":{"@id":"https:\/\/www.cidademarketing.com.br\/marketing\/2021\/06\/25\/grupo-curta-celebra-aniversario-de-gilberto-gil-com-filmes-e-um-show-do-artista\/"},"author":{"name":"Thales Brand\u00e3o","@id":"https:\/\/www.cidademarketing.com.br\/marketing\/#\/schema\/person\/02daff9f18bd9378c9e01eb6b2db155f"},"headline":"Grupo Curta! celebra anivers\u00e1rio de Gilberto Gil com filmes e um show do artista","datePublished":"2021-06-26T00:04:41+00:00","dateModified":"2021-06-26T00:04:44+00:00","mainEntityOfPage":{"@id":"https:\/\/www.cidademarketing.com.br\/marketing\/2021\/06\/25\/grupo-curta-celebra-aniversario-de-gilberto-gil-com-filmes-e-um-show-do-artista\/"},"wordCount":449,"commentCount":0,"publisher":{"@id":"https:\/\/www.cidademarketing.com.br\/marketing\/#organization"},"image":{"@id":"https:\/\/www.cidademarketing.com.br\/marketing\/2021\/06\/25\/grupo-curta-celebra-aniversario-de-gilberto-gil-com-filmes-e-um-show-do-artista\/#primaryimage"},"thumbnailUrl":"https:\/\/www.cidademarketing.com.br\/marketing\/wp-content\/uploads\/2021\/06\/Gil-Dominguinhos-e-Marin_s.jpg","keywords":["Curta!","estrat\u00e9gia","Gilberto Gil","marketing"],"articleSection":["Not\u00edcias"],"inLanguage":"pt-BR","potentialAction":[{"@type":"CommentAction","name":"Comment","target":["https:\/\/www.cidademarketing.com.br\/marketing\/2021\/06\/25\/grupo-curta-celebra-aniversario-de-gilberto-gil-com-filmes-e-um-show-do-artista\/#respond"]}]},{"@type":"WebPage","@id":"https:\/\/www.cidademarketing.com.br\/marketing\/2021\/06\/25\/grupo-curta-celebra-aniversario-de-gilberto-gil-com-filmes-e-um-show-do-artista\/","url":"https:\/\/www.cidademarketing.com.br\/marketing\/2021\/06\/25\/grupo-curta-celebra-aniversario-de-gilberto-gil-com-filmes-e-um-show-do-artista\/","name":"Grupo Curta! celebra anivers\u00e1rio de Gilberto Gil com filmes e um show do artista - CidadeMarketing","isPartOf":{"@id":"https:\/\/www.cidademarketing.com.br\/marketing\/#website"},"primaryImageOfPage":{"@id":"https:\/\/www.cidademarketing.com.br\/marketing\/2021\/06\/25\/grupo-curta-celebra-aniversario-de-gilberto-gil-com-filmes-e-um-show-do-artista\/#primaryimage"},"image":{"@id":"https:\/\/www.cidademarketing.com.br\/marketing\/2021\/06\/25\/grupo-curta-celebra-aniversario-de-gilberto-gil-com-filmes-e-um-show-do-artista\/#primaryimage"},"thumbnailUrl":"https:\/\/www.cidademarketing.com.br\/marketing\/wp-content\/uploads\/2021\/06\/Gil-Dominguinhos-e-Marin_s.jpg","datePublished":"2021-06-26T00:04:41+00:00","dateModified":"2021-06-26T00:04:44+00:00","breadcrumb":{"@id":"https:\/\/www.cidademarketing.com.br\/marketing\/2021\/06\/25\/grupo-curta-celebra-aniversario-de-gilberto-gil-com-filmes-e-um-show-do-artista\/#breadcrumb"},"inLanguage":"pt-BR","potentialAction":[{"@type":"ReadAction","target":["https:\/\/www.cidademarketing.com.br\/marketing\/2021\/06\/25\/grupo-curta-celebra-aniversario-de-gilberto-gil-com-filmes-e-um-show-do-artista\/"]}]},{"@type":"ImageObject","inLanguage":"pt-BR","@id":"https:\/\/www.cidademarketing.com.br\/marketing\/2021\/06\/25\/grupo-curta-celebra-aniversario-de-gilberto-gil-com-filmes-e-um-show-do-artista\/#primaryimage","url":"https:\/\/www.cidademarketing.com.br\/marketing\/wp-content\/uploads\/2021\/06\/Gil-Dominguinhos-e-Marin_s.jpg","contentUrl":"https:\/\/www.cidademarketing.com.br\/marketing\/wp-content\/uploads\/2021\/06\/Gil-Dominguinhos-e-Marin_s.jpg","width":2000,"height":1500,"caption":"Divulga\u00e7\u00e3o"},{"@type":"BreadcrumbList","@id":"https:\/\/www.cidademarketing.com.br\/marketing\/2021\/06\/25\/grupo-curta-celebra-aniversario-de-gilberto-gil-com-filmes-e-um-show-do-artista\/#breadcrumb","itemListElement":[{"@type":"ListItem","position":1,"name":"In\u00edcio","item":"https:\/\/www.cidademarketing.com.br\/marketing\/"},{"@type":"ListItem","position":2,"name":"Grupo Curta! celebra anivers\u00e1rio de Gilberto Gil com filmes e um show do artista"}]},{"@type":"WebSite","@id":"https:\/\/www.cidademarketing.com.br\/marketing\/#website","url":"https:\/\/www.cidademarketing.com.br\/marketing\/","name":"CidadeMarketing","description":"Somos um ve\u00edculo de comunica\u00e7\u00e3o de destaque no Brasil, reconhecido por conte\u00fados nos segmentos de marketing, empreendedorismo e inova\u00e7\u00e3o.","publisher":{"@id":"https:\/\/www.cidademarketing.com.br\/marketing\/#organization"},"alternateName":"CidadeMarketing","potentialAction":[{"@type":"SearchAction","target":{"@type":"EntryPoint","urlTemplate":"https:\/\/www.cidademarketing.com.br\/marketing\/?s={search_term_string}"},"query-input":{"@type":"PropertyValueSpecification","valueRequired":true,"valueName":"search_term_string"}}],"inLanguage":"pt-BR"},{"@type":"Organization","@id":"https:\/\/www.cidademarketing.com.br\/marketing\/#organization","name":"CidadeMarketing","alternateName":"CidadeMarketing","url":"https:\/\/www.cidademarketing.com.br\/marketing\/","logo":{"@type":"ImageObject","inLanguage":"pt-BR","@id":"https:\/\/www.cidademarketing.com.br\/marketing\/#\/schema\/logo\/image\/","url":"https:\/\/www.cidademarketing.com.br\/marketing\/wp-content\/uploads\/2020\/01\/cidademarketing_marca_mobile.png","contentUrl":"https:\/\/www.cidademarketing.com.br\/marketing\/wp-content\/uploads\/2020\/01\/cidademarketing_marca_mobile.png","width":230,"height":92,"caption":"CidadeMarketing"},"image":{"@id":"https:\/\/www.cidademarketing.com.br\/marketing\/#\/schema\/logo\/image\/"},"sameAs":["https:\/\/www.facebook.com\/portalcidademarketing","https:\/\/x.com\/CidadeMarketing","https:\/\/www.instagram.com\/cidademarketing\/"]},{"@type":"Person","@id":"https:\/\/www.cidademarketing.com.br\/marketing\/#\/schema\/person\/02daff9f18bd9378c9e01eb6b2db155f","name":"Thales Brand\u00e3o","image":{"@type":"ImageObject","inLanguage":"pt-BR","@id":"https:\/\/secure.gravatar.com\/avatar\/7ca3206950207cc3cb48feec56a8a7898741ab725c368d99d5d7a5a50aab80c6?s=96&d=mm&r=g","url":"https:\/\/secure.gravatar.com\/avatar\/7ca3206950207cc3cb48feec56a8a7898741ab725c368d99d5d7a5a50aab80c6?s=96&d=mm&r=g","contentUrl":"https:\/\/secure.gravatar.com\/avatar\/7ca3206950207cc3cb48feec56a8a7898741ab725c368d99d5d7a5a50aab80c6?s=96&d=mm&r=g","caption":"Thales Brand\u00e3o"},"description":"Editor Executivo do Portal CidadeMarketing.com.br &gt; Mestre em Comunica\u00e7\u00e3o e Sociedade pela Universidade Federal de Sergipe. Possui MBA Executivo em Administra\u00e7\u00e3o com \u00eanfase em Marketing pela Funda\u00e7\u00e3o Get\u00falio Vargas - Rio de Janeiro. Consultor, Palestrante e Pesquisador sobre Empreendedorismo, Marketing, Redes Sociais e Neg\u00f3cios Digitais. Professor, Palestrante TedxTalks e Campus Party. Twitter: @ThalesBrandao","sameAs":["http:\/\/www.mandacaru.com.br","https:\/\/www.facebook.com\/thalesbrandao","http:\/\/www.instagram.com.br\/thalesbrandaoferreira","https:\/\/www.linkedin.com\/in\/thales-brand\u00e3o-3948609\/","https:\/\/x.com\/http:\/\/www.twitter.com\/thalesbrandao"],"url":"https:\/\/www.cidademarketing.com.br\/marketing\/author\/thalesbrandao\/"}]}},"amp_enabled":true,"_links":{"self":[{"href":"https:\/\/www.cidademarketing.com.br\/marketing\/wp-json\/wp\/v2\/posts\/24601","targetHints":{"allow":["GET"]}}],"collection":[{"href":"https:\/\/www.cidademarketing.com.br\/marketing\/wp-json\/wp\/v2\/posts"}],"about":[{"href":"https:\/\/www.cidademarketing.com.br\/marketing\/wp-json\/wp\/v2\/types\/post"}],"author":[{"embeddable":true,"href":"https:\/\/www.cidademarketing.com.br\/marketing\/wp-json\/wp\/v2\/users\/1"}],"replies":[{"embeddable":true,"href":"https:\/\/www.cidademarketing.com.br\/marketing\/wp-json\/wp\/v2\/comments?post=24601"}],"version-history":[{"count":1,"href":"https:\/\/www.cidademarketing.com.br\/marketing\/wp-json\/wp\/v2\/posts\/24601\/revisions"}],"predecessor-version":[{"id":24603,"href":"https:\/\/www.cidademarketing.com.br\/marketing\/wp-json\/wp\/v2\/posts\/24601\/revisions\/24603"}],"wp:featuredmedia":[{"embeddable":true,"href":"https:\/\/www.cidademarketing.com.br\/marketing\/wp-json\/wp\/v2\/media\/24602"}],"wp:attachment":[{"href":"https:\/\/www.cidademarketing.com.br\/marketing\/wp-json\/wp\/v2\/media?parent=24601"}],"wp:term":[{"taxonomy":"category","embeddable":true,"href":"https:\/\/www.cidademarketing.com.br\/marketing\/wp-json\/wp\/v2\/categories?post=24601"},{"taxonomy":"post_tag","embeddable":true,"href":"https:\/\/www.cidademarketing.com.br\/marketing\/wp-json\/wp\/v2\/tags?post=24601"}],"curies":[{"name":"wp","href":"https:\/\/api.w.org\/{rel}","templated":true}]}}