{"id":24592,"date":"2021-06-25T20:15:39","date_gmt":"2021-06-25T23:15:39","guid":{"rendered":"https:\/\/www.cidademarketing.com.br\/marketing\/?p=24592"},"modified":"2021-06-25T20:15:41","modified_gmt":"2021-06-25T23:15:41","slug":"dupla-carol-vitoria-lanca-pela-som-livre-o-belo-single-sopro-de-deus","status":"publish","type":"post","link":"https:\/\/www.cidademarketing.com.br\/marketing\/2021\/06\/25\/dupla-carol-vitoria-lanca-pela-som-livre-o-belo-single-sopro-de-deus\/","title":{"rendered":"Dupla Carol &#038; Vitoria lan\u00e7a, pela Som Livre, o belo single \u201cSopro de Deus\u201d"},"content":{"rendered":"\n<p>A dupla Carol &amp; Vitoria lan\u00e7a, pela Som Livre, o belo <em>single<\/em> \u201c<em>Sopro de Deus\u201d,<\/em> em uma parceria muito especial com os amigos da banda Casa Worship (Julliany Souza e L\u00e9o Brand\u00e3o). A banda \u00e9 considerada uma das maiores do cen\u00e1rio musical crist\u00e3o na atualidade, colecionando milh\u00f5es de visualiza\u00e7\u00f5es no <em>YouTube<\/em>.<\/p>\n\n\n\n<p>A dupla Carol &amp; Vitoria j\u00e1 conhecia a Casa Worship e amava as suas m\u00fasicas: \u201c<em>Eu, particularmente, andava em um replay eterno com \u2018A casa \u00e9 sua\u2019. O match foi perfeito quando trouxemos a ideia de gravar juntos, acreditamos muito no cross de p\u00fablico por tr\u00e1s da mensagem estampada em \u2018Sopro de Deus\u2019<\/em>, conta Carol.<\/p>\n\n\n\n<p>Ao finalizarem a primeira vers\u00e3o da m\u00fasica em est\u00fadio, Carol &amp; Vitoria sentiram a necessidade de levar a mensagem da m\u00fasica para o m\u00e1ximo de pessoas poss\u00edvel. Elas contam que a ideia de seguir com a parceria foi muito natural: \u201c<em>Ju e Leo (Julliany Souza Leo Brand\u00e3o) aceitaram de cara. Acreditamos que \u00e9 uma oportunidade para nosso p\u00fablico aumentar o grau de intimidade com os meninos da Casa Worship, do mesmo modo que eles levar\u00e3o nosso som para o p\u00fablico do grupo<\/em>.\u201d<\/p>\n\n\n\n<p>Essa \u00e9 uma das poucas m\u00fasicas da carreira da dupla que elas n\u00e3o assinam a composi\u00e7\u00e3o. \u201c<em>Sopro de Deus<\/em>\u201d foi composta por Andr\u00e9 Vieira, Pedro Breder, T\u00e1llia e Wallace Vianna, da Hitmaker. Eles assinam as produ\u00e7\u00f5es musicais dos \u00faltimos lan\u00e7amentos da dupla. \u201c<em>Assim que nos conhecemos, h\u00e1 pouco mais de dois anos, eles escreveram a can\u00e7\u00e3o inspirada em uma das tatuagens da Vitoria. A gente nunca sabe quando ser\u00e1 a \u00faltima vez! (Risos). Foi amor \u00e0 primeira \u2018ouvida\u2019<\/em>, revela Carol.<\/p>\n\n\n\n<p>Carol &amp; Vitoria acreditam que a mensagem desta can\u00e7\u00e3o vai mexer tanto com o p\u00fablico jovem quanto com as pessoas mais maduras. \u201c<em>A vida \u00e9 um sopro. N\u00e3o tem idade, n\u00e3o tem hora marcada, a \u00fanica certeza que temos \u00e9 que todos partiremos um dia. \u00c9 preciso viver com intensidade, amor de Deus, o respeito, valorizando a fam\u00edlia, os amigos e n\u00f3s mesmos&#8230; antes que esse \u2018Dia D\u2019 chegue<\/em>\u201d, compartilham.<\/p>\n\n\n\n<p>A carreira das duas irm\u00e3s aconteceu de forma org\u00e2nica na internet. Elas ganharam notoriedade ao valorizarem as mulheres criando letras covers de funk mis\u00f3ginos. As jovens, que t\u00eam apenas 20 e 21 anos, j\u00e1 t\u00eam no curr\u00edculo serem vencedoras do pr\u00eamio Influency.me na categoria Estrela Digital. Al\u00e9m disso, em parceria com o Instituto Avon&nbsp;na luta pela causa da viol\u00eancia contra a mulher, s\u00e3o embaixadoras globais da&nbsp;ONU Mulheres. Carol &amp; Vitoria t\u00eam certeza do que pretendem: \u201c<em>Nosso objetivo \u00e9 cantar e levar alegria para as pessoas com m\u00fasicas de qualidade, que tenham mensagens que as fa\u00e7am refletir. E fazer tudo o que estiver ao nosso alcance para que todas as mulheres sejam respeitadas com suas peculiaridades e seus valores<\/em>\u201d, ressaltam.<\/p>\n\n\n\n<p>O <em>single<\/em> e o clipe foram gravados em S\u00e3o Paulo, no Play.co, onde a dupla j\u00e1 participou de acampamentos criativos (encontros de composi\u00e7\u00e3o realizados com foco em um projeto espec\u00edfico). \u201c<em>\u00c9 um est\u00fadio de pessoas muito especiais, o que faz com que nos sintamos em casa<\/em>\u201d, refor\u00e7a Vitoria. A produ\u00e7\u00e3o musical \u00e9 do renomado Abee, que assina grandes projetos de nomes da m\u00fasica religiosa\/gospel. Dire\u00e7\u00e3o de v\u00eddeo: Stefano Loscalzo.<\/p>\n\n\n\n<p>\u201c<em>Que \u2018Sopro de Deus\u2019 toque o cora\u00e7\u00e3o de todos como tocou o nosso, que possamos amar hoje, viver e ser nossa melhor vers\u00e3o hoje, agora. Que esta m\u00fasica abra espa\u00e7o para reflex\u00f5es. Que fam\u00edlias, amizades e amores se conectem ainda mais a partir da mensagem que \u2018Sopro de Deus\u2019 traz<\/em>.\u201d (Carol &amp; Vitoria)<strong><\/strong><\/p>\n\n\n\n<p><strong>Assista ao videoclipe \u201c<em>Sopro de Deus<\/em>\u201d \u2013 Carol &amp; Vitoria e Casa Worship no <em>YouTube<\/em>: <\/strong><a href=\"https:\/\/www.youtube.com\/watch?v=VB7g_57EV5o\">https:\/\/www.youtube.com\/watch?v=VB7g_57EV5o<\/a><\/p>\n\n\n\n<figure class=\"wp-block-embed is-type-video is-provider-youtube wp-block-embed-youtube wp-embed-aspect-16-9 wp-has-aspect-ratio\"><div class=\"wp-block-embed__wrapper\">\n<div class=\"youtube-embed\" data-video_id=\"VB7g_57EV5o\"><iframe title=\"Sopro de Deus - Carol &amp; Vit\u00f3ria, Casa Worship, Julliany Souza (feat. L\u00e9o Brand\u00e3o)\" width=\"640\" height=\"360\" src=\"https:\/\/www.youtube.com\/embed\/VB7g_57EV5o?feature=oembed&#038;enablejsapi=1\" frameborder=\"0\" allow=\"accelerometer; autoplay; clipboard-write; encrypted-media; gyroscope; picture-in-picture; web-share\" referrerpolicy=\"strict-origin-when-cross-origin\" allowfullscreen><\/iframe><\/div>\n<\/div><\/figure>\n\n\n\n<p><strong>Ou\u00e7a a can\u00e7\u00e3o \u201c<em>Sopro de Deus<\/em>\u201d \u2013 Carol &amp; Vitoria e Casa Worship nas plataformas digitais: <\/strong><\/p>\n\n\n\n<figure class=\"wp-block-embed is-type-rich is-provider-spotify wp-block-embed-spotify wp-embed-aspect-21-9 wp-has-aspect-ratio\"><div class=\"wp-block-embed__wrapper\">\n<iframe title=\"Spotify Embed: Sopro de Deus\" style=\"border-radius: 12px\" width=\"100%\" height=\"352\" frameborder=\"0\" allowfullscreen allow=\"autoplay; clipboard-write; encrypted-media; fullscreen; picture-in-picture\" loading=\"lazy\" src=\"https:\/\/open.spotify.com\/embed\/album\/7bKnZnhZYll8ysyoeofg1c?utm_source=oembed\"><\/iframe>\n<\/div><\/figure>\n","protected":false},"excerpt":{"rendered":"<p>A dupla Carol &amp; Vitoria lan\u00e7a, pela Som Livre, o belo single \u201cSopro de Deus\u201d, em uma parceria muito especial com os amigos da banda Casa Worship (Julliany Souza e L\u00e9o Brand\u00e3o). A banda \u00e9 considerada uma das maiores do cen\u00e1rio musical crist\u00e3o na atualidade, colecionando milh\u00f5es de visualiza\u00e7\u00f5es no YouTube. A dupla Carol &amp; [&hellip;]<\/p>\n","protected":false},"author":1,"featured_media":24593,"comment_status":"open","ping_status":"open","sticky":false,"template":"","format":"standard","meta":{"tdm_status":"","tdm_grid_status":"","footnotes":""},"categories":[6],"tags":[33,28,3129],"class_list":["post-24592","post","type-post","status-publish","format-standard","has-post-thumbnail","hentry","category-noticias","tag-estrategia","tag-marketing","tag-som-livre"],"yoast_head":"<!-- This site is optimized with the Yoast SEO plugin v27.5 - https:\/\/yoast.com\/product\/yoast-seo-wordpress\/ -->\n<title>Dupla Carol &amp; Vitoria lan\u00e7a, pela Som Livre, o belo single \u201cSopro de Deus\u201d - CidadeMarketing<\/title>\n<meta name=\"robots\" content=\"index, follow, max-snippet:-1, max-image-preview:large, max-video-preview:-1\" \/>\n<link rel=\"canonical\" href=\"https:\/\/www.cidademarketing.com.br\/marketing\/2021\/06\/25\/dupla-carol-vitoria-lanca-pela-som-livre-o-belo-single-sopro-de-deus\/\" \/>\n<meta property=\"og:locale\" content=\"pt_BR\" \/>\n<meta property=\"og:type\" content=\"article\" \/>\n<meta property=\"og:title\" content=\"Dupla Carol &amp; Vitoria lan\u00e7a, pela Som Livre, o belo single \u201cSopro de Deus\u201d - CidadeMarketing\" \/>\n<meta property=\"og:description\" content=\"A dupla Carol &amp; Vitoria lan\u00e7a, pela Som Livre, o belo single \u201cSopro de Deus\u201d, em uma parceria muito especial com os amigos da banda Casa Worship (Julliany Souza e L\u00e9o Brand\u00e3o). A banda \u00e9 considerada uma das maiores do cen\u00e1rio musical crist\u00e3o na atualidade, colecionando milh\u00f5es de visualiza\u00e7\u00f5es no YouTube. A dupla Carol &amp; [&hellip;]\" \/>\n<meta property=\"og:url\" content=\"https:\/\/www.cidademarketing.com.br\/marketing\/2021\/06\/25\/dupla-carol-vitoria-lanca-pela-som-livre-o-belo-single-sopro-de-deus\/\" \/>\n<meta property=\"og:site_name\" content=\"CidadeMarketing\" \/>\n<meta property=\"article:publisher\" content=\"https:\/\/www.facebook.com\/portalcidademarketing\" \/>\n<meta property=\"article:author\" content=\"https:\/\/www.facebook.com\/thalesbrandao\" \/>\n<meta property=\"article:published_time\" content=\"2021-06-25T23:15:39+00:00\" \/>\n<meta property=\"article:modified_time\" content=\"2021-06-25T23:15:41+00:00\" \/>\n<meta property=\"og:image\" content=\"https:\/\/www.cidademarketing.com.br\/marketing\/wp-content\/uploads\/2021\/06\/Capa_Sopro_de_Deus-scaled.jpg\" \/>\n\t<meta property=\"og:image:width\" content=\"2560\" \/>\n\t<meta property=\"og:image:height\" content=\"2560\" \/>\n\t<meta property=\"og:image:type\" content=\"image\/jpeg\" \/>\n<meta name=\"author\" content=\"Thales Brand\u00e3o\" \/>\n<meta name=\"twitter:card\" content=\"summary_large_image\" \/>\n<meta name=\"twitter:creator\" content=\"@http:\/\/www.twitter.com\/thalesbrandao\" \/>\n<meta name=\"twitter:site\" content=\"@CidadeMarketing\" \/>\n<meta name=\"twitter:label1\" content=\"Escrito por\" \/>\n\t<meta name=\"twitter:data1\" content=\"Thales Brand\u00e3o\" \/>\n\t<meta name=\"twitter:label2\" content=\"Est. tempo de leitura\" \/>\n\t<meta name=\"twitter:data2\" content=\"3 minutos\" \/>\n<script type=\"application\/ld+json\" class=\"yoast-schema-graph\">{\"@context\":\"https:\\\/\\\/schema.org\",\"@graph\":[{\"@type\":\"Article\",\"@id\":\"https:\\\/\\\/www.cidademarketing.com.br\\\/marketing\\\/2021\\\/06\\\/25\\\/dupla-carol-vitoria-lanca-pela-som-livre-o-belo-single-sopro-de-deus\\\/#article\",\"isPartOf\":{\"@id\":\"https:\\\/\\\/www.cidademarketing.com.br\\\/marketing\\\/2021\\\/06\\\/25\\\/dupla-carol-vitoria-lanca-pela-som-livre-o-belo-single-sopro-de-deus\\\/\"},\"author\":{\"name\":\"Thales Brand\u00e3o\",\"@id\":\"https:\\\/\\\/www.cidademarketing.com.br\\\/marketing\\\/#\\\/schema\\\/person\\\/02daff9f18bd9378c9e01eb6b2db155f\"},\"headline\":\"Dupla Carol &#038; Vitoria lan\u00e7a, pela Som Livre, o belo single \u201cSopro de Deus\u201d\",\"datePublished\":\"2021-06-25T23:15:39+00:00\",\"dateModified\":\"2021-06-25T23:15:41+00:00\",\"mainEntityOfPage\":{\"@id\":\"https:\\\/\\\/www.cidademarketing.com.br\\\/marketing\\\/2021\\\/06\\\/25\\\/dupla-carol-vitoria-lanca-pela-som-livre-o-belo-single-sopro-de-deus\\\/\"},\"wordCount\":707,\"commentCount\":0,\"publisher\":{\"@id\":\"https:\\\/\\\/www.cidademarketing.com.br\\\/marketing\\\/#organization\"},\"image\":{\"@id\":\"https:\\\/\\\/www.cidademarketing.com.br\\\/marketing\\\/2021\\\/06\\\/25\\\/dupla-carol-vitoria-lanca-pela-som-livre-o-belo-single-sopro-de-deus\\\/#primaryimage\"},\"thumbnailUrl\":\"https:\\\/\\\/www.cidademarketing.com.br\\\/marketing\\\/wp-content\\\/uploads\\\/2021\\\/06\\\/Capa_Sopro_de_Deus-scaled.jpg\",\"keywords\":[\"estrat\u00e9gia\",\"marketing\",\"Som Livre\"],\"articleSection\":[\"Not\u00edcias\"],\"inLanguage\":\"pt-BR\",\"potentialAction\":[{\"@type\":\"CommentAction\",\"name\":\"Comment\",\"target\":[\"https:\\\/\\\/www.cidademarketing.com.br\\\/marketing\\\/2021\\\/06\\\/25\\\/dupla-carol-vitoria-lanca-pela-som-livre-o-belo-single-sopro-de-deus\\\/#respond\"]}]},{\"@type\":\"WebPage\",\"@id\":\"https:\\\/\\\/www.cidademarketing.com.br\\\/marketing\\\/2021\\\/06\\\/25\\\/dupla-carol-vitoria-lanca-pela-som-livre-o-belo-single-sopro-de-deus\\\/\",\"url\":\"https:\\\/\\\/www.cidademarketing.com.br\\\/marketing\\\/2021\\\/06\\\/25\\\/dupla-carol-vitoria-lanca-pela-som-livre-o-belo-single-sopro-de-deus\\\/\",\"name\":\"Dupla Carol & Vitoria lan\u00e7a, pela Som Livre, o belo single \u201cSopro de Deus\u201d - CidadeMarketing\",\"isPartOf\":{\"@id\":\"https:\\\/\\\/www.cidademarketing.com.br\\\/marketing\\\/#website\"},\"primaryImageOfPage\":{\"@id\":\"https:\\\/\\\/www.cidademarketing.com.br\\\/marketing\\\/2021\\\/06\\\/25\\\/dupla-carol-vitoria-lanca-pela-som-livre-o-belo-single-sopro-de-deus\\\/#primaryimage\"},\"image\":{\"@id\":\"https:\\\/\\\/www.cidademarketing.com.br\\\/marketing\\\/2021\\\/06\\\/25\\\/dupla-carol-vitoria-lanca-pela-som-livre-o-belo-single-sopro-de-deus\\\/#primaryimage\"},\"thumbnailUrl\":\"https:\\\/\\\/www.cidademarketing.com.br\\\/marketing\\\/wp-content\\\/uploads\\\/2021\\\/06\\\/Capa_Sopro_de_Deus-scaled.jpg\",\"datePublished\":\"2021-06-25T23:15:39+00:00\",\"dateModified\":\"2021-06-25T23:15:41+00:00\",\"breadcrumb\":{\"@id\":\"https:\\\/\\\/www.cidademarketing.com.br\\\/marketing\\\/2021\\\/06\\\/25\\\/dupla-carol-vitoria-lanca-pela-som-livre-o-belo-single-sopro-de-deus\\\/#breadcrumb\"},\"inLanguage\":\"pt-BR\",\"potentialAction\":[{\"@type\":\"ReadAction\",\"target\":[\"https:\\\/\\\/www.cidademarketing.com.br\\\/marketing\\\/2021\\\/06\\\/25\\\/dupla-carol-vitoria-lanca-pela-som-livre-o-belo-single-sopro-de-deus\\\/\"]}]},{\"@type\":\"ImageObject\",\"inLanguage\":\"pt-BR\",\"@id\":\"https:\\\/\\\/www.cidademarketing.com.br\\\/marketing\\\/2021\\\/06\\\/25\\\/dupla-carol-vitoria-lanca-pela-som-livre-o-belo-single-sopro-de-deus\\\/#primaryimage\",\"url\":\"https:\\\/\\\/www.cidademarketing.com.br\\\/marketing\\\/wp-content\\\/uploads\\\/2021\\\/06\\\/Capa_Sopro_de_Deus-scaled.jpg\",\"contentUrl\":\"https:\\\/\\\/www.cidademarketing.com.br\\\/marketing\\\/wp-content\\\/uploads\\\/2021\\\/06\\\/Capa_Sopro_de_Deus-scaled.jpg\",\"width\":2560,\"height\":2560},{\"@type\":\"BreadcrumbList\",\"@id\":\"https:\\\/\\\/www.cidademarketing.com.br\\\/marketing\\\/2021\\\/06\\\/25\\\/dupla-carol-vitoria-lanca-pela-som-livre-o-belo-single-sopro-de-deus\\\/#breadcrumb\",\"itemListElement\":[{\"@type\":\"ListItem\",\"position\":1,\"name\":\"In\u00edcio\",\"item\":\"https:\\\/\\\/www.cidademarketing.com.br\\\/marketing\\\/\"},{\"@type\":\"ListItem\",\"position\":2,\"name\":\"Dupla Carol &#038; Vitoria lan\u00e7a, pela Som Livre, o belo single \u201cSopro de Deus\u201d\"}]},{\"@type\":\"WebSite\",\"@id\":\"https:\\\/\\\/www.cidademarketing.com.br\\\/marketing\\\/#website\",\"url\":\"https:\\\/\\\/www.cidademarketing.com.br\\\/marketing\\\/\",\"name\":\"CidadeMarketing\",\"description\":\"Somos um ve\u00edculo de comunica\u00e7\u00e3o de destaque no Brasil, reconhecido por conte\u00fados nos segmentos de marketing, empreendedorismo e inova\u00e7\u00e3o.\",\"publisher\":{\"@id\":\"https:\\\/\\\/www.cidademarketing.com.br\\\/marketing\\\/#organization\"},\"alternateName\":\"CidadeMarketing\",\"potentialAction\":[{\"@type\":\"SearchAction\",\"target\":{\"@type\":\"EntryPoint\",\"urlTemplate\":\"https:\\\/\\\/www.cidademarketing.com.br\\\/marketing\\\/?s={search_term_string}\"},\"query-input\":{\"@type\":\"PropertyValueSpecification\",\"valueRequired\":true,\"valueName\":\"search_term_string\"}}],\"inLanguage\":\"pt-BR\"},{\"@type\":\"Organization\",\"@id\":\"https:\\\/\\\/www.cidademarketing.com.br\\\/marketing\\\/#organization\",\"name\":\"CidadeMarketing\",\"alternateName\":\"CidadeMarketing\",\"url\":\"https:\\\/\\\/www.cidademarketing.com.br\\\/marketing\\\/\",\"logo\":{\"@type\":\"ImageObject\",\"inLanguage\":\"pt-BR\",\"@id\":\"https:\\\/\\\/www.cidademarketing.com.br\\\/marketing\\\/#\\\/schema\\\/logo\\\/image\\\/\",\"url\":\"https:\\\/\\\/www.cidademarketing.com.br\\\/marketing\\\/wp-content\\\/uploads\\\/2020\\\/01\\\/cidademarketing_marca_mobile.png\",\"contentUrl\":\"https:\\\/\\\/www.cidademarketing.com.br\\\/marketing\\\/wp-content\\\/uploads\\\/2020\\\/01\\\/cidademarketing_marca_mobile.png\",\"width\":230,\"height\":92,\"caption\":\"CidadeMarketing\"},\"image\":{\"@id\":\"https:\\\/\\\/www.cidademarketing.com.br\\\/marketing\\\/#\\\/schema\\\/logo\\\/image\\\/\"},\"sameAs\":[\"https:\\\/\\\/www.facebook.com\\\/portalcidademarketing\",\"https:\\\/\\\/x.com\\\/CidadeMarketing\",\"https:\\\/\\\/www.instagram.com\\\/cidademarketing\\\/\"]},{\"@type\":\"Person\",\"@id\":\"https:\\\/\\\/www.cidademarketing.com.br\\\/marketing\\\/#\\\/schema\\\/person\\\/02daff9f18bd9378c9e01eb6b2db155f\",\"name\":\"Thales Brand\u00e3o\",\"image\":{\"@type\":\"ImageObject\",\"inLanguage\":\"pt-BR\",\"@id\":\"https:\\\/\\\/secure.gravatar.com\\\/avatar\\\/7ca3206950207cc3cb48feec56a8a7898741ab725c368d99d5d7a5a50aab80c6?s=96&d=mm&r=g\",\"url\":\"https:\\\/\\\/secure.gravatar.com\\\/avatar\\\/7ca3206950207cc3cb48feec56a8a7898741ab725c368d99d5d7a5a50aab80c6?s=96&d=mm&r=g\",\"contentUrl\":\"https:\\\/\\\/secure.gravatar.com\\\/avatar\\\/7ca3206950207cc3cb48feec56a8a7898741ab725c368d99d5d7a5a50aab80c6?s=96&d=mm&r=g\",\"caption\":\"Thales Brand\u00e3o\"},\"description\":\"Editor Executivo do Portal CidadeMarketing.com.br &gt; Mestre em Comunica\u00e7\u00e3o e Sociedade pela Universidade Federal de Sergipe. Possui MBA Executivo em Administra\u00e7\u00e3o com \u00eanfase em Marketing pela Funda\u00e7\u00e3o Get\u00falio Vargas - Rio de Janeiro. Consultor, Palestrante e Pesquisador sobre Empreendedorismo, Marketing, Redes Sociais e Neg\u00f3cios Digitais. Professor, Palestrante TedxTalks e Campus Party. Twitter: @ThalesBrandao\",\"sameAs\":[\"http:\\\/\\\/www.mandacaru.com.br\",\"https:\\\/\\\/www.facebook.com\\\/thalesbrandao\",\"http:\\\/\\\/www.instagram.com.br\\\/thalesbrandaoferreira\",\"https:\\\/\\\/www.linkedin.com\\\/in\\\/thales-brand\u00e3o-3948609\\\/\",\"https:\\\/\\\/x.com\\\/http:\\\/\\\/www.twitter.com\\\/thalesbrandao\"],\"url\":\"https:\\\/\\\/www.cidademarketing.com.br\\\/marketing\\\/author\\\/thalesbrandao\\\/\"}]}<\/script>\n<!-- \/ Yoast SEO plugin. -->","yoast_head_json":{"title":"Dupla Carol & Vitoria lan\u00e7a, pela Som Livre, o belo single \u201cSopro de Deus\u201d - CidadeMarketing","robots":{"index":"index","follow":"follow","max-snippet":"max-snippet:-1","max-image-preview":"max-image-preview:large","max-video-preview":"max-video-preview:-1"},"canonical":"https:\/\/www.cidademarketing.com.br\/marketing\/2021\/06\/25\/dupla-carol-vitoria-lanca-pela-som-livre-o-belo-single-sopro-de-deus\/","og_locale":"pt_BR","og_type":"article","og_title":"Dupla Carol & Vitoria lan\u00e7a, pela Som Livre, o belo single \u201cSopro de Deus\u201d - CidadeMarketing","og_description":"A dupla Carol &amp; Vitoria lan\u00e7a, pela Som Livre, o belo single \u201cSopro de Deus\u201d, em uma parceria muito especial com os amigos da banda Casa Worship (Julliany Souza e L\u00e9o Brand\u00e3o). A banda \u00e9 considerada uma das maiores do cen\u00e1rio musical crist\u00e3o na atualidade, colecionando milh\u00f5es de visualiza\u00e7\u00f5es no YouTube. A dupla Carol &amp; [&hellip;]","og_url":"https:\/\/www.cidademarketing.com.br\/marketing\/2021\/06\/25\/dupla-carol-vitoria-lanca-pela-som-livre-o-belo-single-sopro-de-deus\/","og_site_name":"CidadeMarketing","article_publisher":"https:\/\/www.facebook.com\/portalcidademarketing","article_author":"https:\/\/www.facebook.com\/thalesbrandao","article_published_time":"2021-06-25T23:15:39+00:00","article_modified_time":"2021-06-25T23:15:41+00:00","og_image":[{"width":2560,"height":2560,"url":"https:\/\/www.cidademarketing.com.br\/marketing\/wp-content\/uploads\/2021\/06\/Capa_Sopro_de_Deus-scaled.jpg","type":"image\/jpeg"}],"author":"Thales Brand\u00e3o","twitter_card":"summary_large_image","twitter_creator":"@http:\/\/www.twitter.com\/thalesbrandao","twitter_site":"@CidadeMarketing","twitter_misc":{"Escrito por":"Thales Brand\u00e3o","Est. tempo de leitura":"3 minutos"},"schema":{"@context":"https:\/\/schema.org","@graph":[{"@type":"Article","@id":"https:\/\/www.cidademarketing.com.br\/marketing\/2021\/06\/25\/dupla-carol-vitoria-lanca-pela-som-livre-o-belo-single-sopro-de-deus\/#article","isPartOf":{"@id":"https:\/\/www.cidademarketing.com.br\/marketing\/2021\/06\/25\/dupla-carol-vitoria-lanca-pela-som-livre-o-belo-single-sopro-de-deus\/"},"author":{"name":"Thales Brand\u00e3o","@id":"https:\/\/www.cidademarketing.com.br\/marketing\/#\/schema\/person\/02daff9f18bd9378c9e01eb6b2db155f"},"headline":"Dupla Carol &#038; Vitoria lan\u00e7a, pela Som Livre, o belo single \u201cSopro de Deus\u201d","datePublished":"2021-06-25T23:15:39+00:00","dateModified":"2021-06-25T23:15:41+00:00","mainEntityOfPage":{"@id":"https:\/\/www.cidademarketing.com.br\/marketing\/2021\/06\/25\/dupla-carol-vitoria-lanca-pela-som-livre-o-belo-single-sopro-de-deus\/"},"wordCount":707,"commentCount":0,"publisher":{"@id":"https:\/\/www.cidademarketing.com.br\/marketing\/#organization"},"image":{"@id":"https:\/\/www.cidademarketing.com.br\/marketing\/2021\/06\/25\/dupla-carol-vitoria-lanca-pela-som-livre-o-belo-single-sopro-de-deus\/#primaryimage"},"thumbnailUrl":"https:\/\/www.cidademarketing.com.br\/marketing\/wp-content\/uploads\/2021\/06\/Capa_Sopro_de_Deus-scaled.jpg","keywords":["estrat\u00e9gia","marketing","Som Livre"],"articleSection":["Not\u00edcias"],"inLanguage":"pt-BR","potentialAction":[{"@type":"CommentAction","name":"Comment","target":["https:\/\/www.cidademarketing.com.br\/marketing\/2021\/06\/25\/dupla-carol-vitoria-lanca-pela-som-livre-o-belo-single-sopro-de-deus\/#respond"]}]},{"@type":"WebPage","@id":"https:\/\/www.cidademarketing.com.br\/marketing\/2021\/06\/25\/dupla-carol-vitoria-lanca-pela-som-livre-o-belo-single-sopro-de-deus\/","url":"https:\/\/www.cidademarketing.com.br\/marketing\/2021\/06\/25\/dupla-carol-vitoria-lanca-pela-som-livre-o-belo-single-sopro-de-deus\/","name":"Dupla Carol & Vitoria lan\u00e7a, pela Som Livre, o belo single \u201cSopro de Deus\u201d - CidadeMarketing","isPartOf":{"@id":"https:\/\/www.cidademarketing.com.br\/marketing\/#website"},"primaryImageOfPage":{"@id":"https:\/\/www.cidademarketing.com.br\/marketing\/2021\/06\/25\/dupla-carol-vitoria-lanca-pela-som-livre-o-belo-single-sopro-de-deus\/#primaryimage"},"image":{"@id":"https:\/\/www.cidademarketing.com.br\/marketing\/2021\/06\/25\/dupla-carol-vitoria-lanca-pela-som-livre-o-belo-single-sopro-de-deus\/#primaryimage"},"thumbnailUrl":"https:\/\/www.cidademarketing.com.br\/marketing\/wp-content\/uploads\/2021\/06\/Capa_Sopro_de_Deus-scaled.jpg","datePublished":"2021-06-25T23:15:39+00:00","dateModified":"2021-06-25T23:15:41+00:00","breadcrumb":{"@id":"https:\/\/www.cidademarketing.com.br\/marketing\/2021\/06\/25\/dupla-carol-vitoria-lanca-pela-som-livre-o-belo-single-sopro-de-deus\/#breadcrumb"},"inLanguage":"pt-BR","potentialAction":[{"@type":"ReadAction","target":["https:\/\/www.cidademarketing.com.br\/marketing\/2021\/06\/25\/dupla-carol-vitoria-lanca-pela-som-livre-o-belo-single-sopro-de-deus\/"]}]},{"@type":"ImageObject","inLanguage":"pt-BR","@id":"https:\/\/www.cidademarketing.com.br\/marketing\/2021\/06\/25\/dupla-carol-vitoria-lanca-pela-som-livre-o-belo-single-sopro-de-deus\/#primaryimage","url":"https:\/\/www.cidademarketing.com.br\/marketing\/wp-content\/uploads\/2021\/06\/Capa_Sopro_de_Deus-scaled.jpg","contentUrl":"https:\/\/www.cidademarketing.com.br\/marketing\/wp-content\/uploads\/2021\/06\/Capa_Sopro_de_Deus-scaled.jpg","width":2560,"height":2560},{"@type":"BreadcrumbList","@id":"https:\/\/www.cidademarketing.com.br\/marketing\/2021\/06\/25\/dupla-carol-vitoria-lanca-pela-som-livre-o-belo-single-sopro-de-deus\/#breadcrumb","itemListElement":[{"@type":"ListItem","position":1,"name":"In\u00edcio","item":"https:\/\/www.cidademarketing.com.br\/marketing\/"},{"@type":"ListItem","position":2,"name":"Dupla Carol &#038; Vitoria lan\u00e7a, pela Som Livre, o belo single \u201cSopro de Deus\u201d"}]},{"@type":"WebSite","@id":"https:\/\/www.cidademarketing.com.br\/marketing\/#website","url":"https:\/\/www.cidademarketing.com.br\/marketing\/","name":"CidadeMarketing","description":"Somos um ve\u00edculo de comunica\u00e7\u00e3o de destaque no Brasil, reconhecido por conte\u00fados nos segmentos de marketing, empreendedorismo e inova\u00e7\u00e3o.","publisher":{"@id":"https:\/\/www.cidademarketing.com.br\/marketing\/#organization"},"alternateName":"CidadeMarketing","potentialAction":[{"@type":"SearchAction","target":{"@type":"EntryPoint","urlTemplate":"https:\/\/www.cidademarketing.com.br\/marketing\/?s={search_term_string}"},"query-input":{"@type":"PropertyValueSpecification","valueRequired":true,"valueName":"search_term_string"}}],"inLanguage":"pt-BR"},{"@type":"Organization","@id":"https:\/\/www.cidademarketing.com.br\/marketing\/#organization","name":"CidadeMarketing","alternateName":"CidadeMarketing","url":"https:\/\/www.cidademarketing.com.br\/marketing\/","logo":{"@type":"ImageObject","inLanguage":"pt-BR","@id":"https:\/\/www.cidademarketing.com.br\/marketing\/#\/schema\/logo\/image\/","url":"https:\/\/www.cidademarketing.com.br\/marketing\/wp-content\/uploads\/2020\/01\/cidademarketing_marca_mobile.png","contentUrl":"https:\/\/www.cidademarketing.com.br\/marketing\/wp-content\/uploads\/2020\/01\/cidademarketing_marca_mobile.png","width":230,"height":92,"caption":"CidadeMarketing"},"image":{"@id":"https:\/\/www.cidademarketing.com.br\/marketing\/#\/schema\/logo\/image\/"},"sameAs":["https:\/\/www.facebook.com\/portalcidademarketing","https:\/\/x.com\/CidadeMarketing","https:\/\/www.instagram.com\/cidademarketing\/"]},{"@type":"Person","@id":"https:\/\/www.cidademarketing.com.br\/marketing\/#\/schema\/person\/02daff9f18bd9378c9e01eb6b2db155f","name":"Thales Brand\u00e3o","image":{"@type":"ImageObject","inLanguage":"pt-BR","@id":"https:\/\/secure.gravatar.com\/avatar\/7ca3206950207cc3cb48feec56a8a7898741ab725c368d99d5d7a5a50aab80c6?s=96&d=mm&r=g","url":"https:\/\/secure.gravatar.com\/avatar\/7ca3206950207cc3cb48feec56a8a7898741ab725c368d99d5d7a5a50aab80c6?s=96&d=mm&r=g","contentUrl":"https:\/\/secure.gravatar.com\/avatar\/7ca3206950207cc3cb48feec56a8a7898741ab725c368d99d5d7a5a50aab80c6?s=96&d=mm&r=g","caption":"Thales Brand\u00e3o"},"description":"Editor Executivo do Portal CidadeMarketing.com.br &gt; Mestre em Comunica\u00e7\u00e3o e Sociedade pela Universidade Federal de Sergipe. Possui MBA Executivo em Administra\u00e7\u00e3o com \u00eanfase em Marketing pela Funda\u00e7\u00e3o Get\u00falio Vargas - Rio de Janeiro. Consultor, Palestrante e Pesquisador sobre Empreendedorismo, Marketing, Redes Sociais e Neg\u00f3cios Digitais. Professor, Palestrante TedxTalks e Campus Party. Twitter: @ThalesBrandao","sameAs":["http:\/\/www.mandacaru.com.br","https:\/\/www.facebook.com\/thalesbrandao","http:\/\/www.instagram.com.br\/thalesbrandaoferreira","https:\/\/www.linkedin.com\/in\/thales-brand\u00e3o-3948609\/","https:\/\/x.com\/http:\/\/www.twitter.com\/thalesbrandao"],"url":"https:\/\/www.cidademarketing.com.br\/marketing\/author\/thalesbrandao\/"}]}},"amp_enabled":true,"_links":{"self":[{"href":"https:\/\/www.cidademarketing.com.br\/marketing\/wp-json\/wp\/v2\/posts\/24592","targetHints":{"allow":["GET"]}}],"collection":[{"href":"https:\/\/www.cidademarketing.com.br\/marketing\/wp-json\/wp\/v2\/posts"}],"about":[{"href":"https:\/\/www.cidademarketing.com.br\/marketing\/wp-json\/wp\/v2\/types\/post"}],"author":[{"embeddable":true,"href":"https:\/\/www.cidademarketing.com.br\/marketing\/wp-json\/wp\/v2\/users\/1"}],"replies":[{"embeddable":true,"href":"https:\/\/www.cidademarketing.com.br\/marketing\/wp-json\/wp\/v2\/comments?post=24592"}],"version-history":[{"count":1,"href":"https:\/\/www.cidademarketing.com.br\/marketing\/wp-json\/wp\/v2\/posts\/24592\/revisions"}],"predecessor-version":[{"id":24594,"href":"https:\/\/www.cidademarketing.com.br\/marketing\/wp-json\/wp\/v2\/posts\/24592\/revisions\/24594"}],"wp:featuredmedia":[{"embeddable":true,"href":"https:\/\/www.cidademarketing.com.br\/marketing\/wp-json\/wp\/v2\/media\/24593"}],"wp:attachment":[{"href":"https:\/\/www.cidademarketing.com.br\/marketing\/wp-json\/wp\/v2\/media?parent=24592"}],"wp:term":[{"taxonomy":"category","embeddable":true,"href":"https:\/\/www.cidademarketing.com.br\/marketing\/wp-json\/wp\/v2\/categories?post=24592"},{"taxonomy":"post_tag","embeddable":true,"href":"https:\/\/www.cidademarketing.com.br\/marketing\/wp-json\/wp\/v2\/tags?post=24592"}],"curies":[{"name":"wp","href":"https:\/\/api.w.org\/{rel}","templated":true}]}}