{"id":2458,"date":"2018-10-02T12:13:12","date_gmt":"2018-10-02T15:13:12","guid":{"rendered":"http:\/\/www.cidademarketing.com.br\/marketing\/?p=2458"},"modified":"2018-10-02T12:13:12","modified_gmt":"2018-10-02T15:13:12","slug":"rio-de-janeiro-recebe-circuito-de-corridas-pao-de-acucar","status":"publish","type":"post","link":"https:\/\/www.cidademarketing.com.br\/marketing\/2018\/10\/02\/rio-de-janeiro-recebe-circuito-de-corridas-pao-de-acucar\/","title":{"rendered":"Rio de Janeiro recebe circuito de corridas P\u00e3o de A\u00e7\u00facar"},"content":{"rendered":"<p>O P\u00e3o de A\u00e7\u00facar realiza, em outubro, mais uma edi\u00e7\u00e3o do Circuito de Corridas P\u00e3o de A\u00e7\u00facar no Rio de Janeiro, que inclui a tradicional Maratona de Revezamento, que chega a sua 10\u00aa edi\u00e7\u00e3o na cidade, e a Corrida Kids. Para esta etapa, a edi\u00e7\u00e3o destinada exclusivamente \u00e0s crian\u00e7as e adolescentes est\u00e1 com as inscri\u00e7\u00f5es esgotadas.<\/p>\n<p>A largada para a 10\u00aa Maratona de Revezamento P\u00e3o de A\u00e7\u00facar acontece no domingo (21\/10), \u00e0s 7h, no Monumento aos Pracinhas, localizado no Aterro do Flamengo. Atletas e f\u00e3s de corrida de rua que escolherem correr em dupla ir\u00e3o percorrer o total de 21 km, j\u00e1 os que optarem pela equipe de quatro participantes, 10 km, e de oito corredores, 5 km. No total s\u00e3o 42 km percorridos em um dos cen\u00e1rios mais bonitos da Cidade Maravilhosa.<\/p>\n<p>J\u00e1 a largada para Corrida Kids est\u00e1 marcada para s\u00e1bado (20\/10), \u00e0s 8h, no Clube da Aeron\u00e1utica (Sede Barra da Tijuca), localizado na Avenida Rachel de Queiroz, S\/n. Participam crian\u00e7as e adolescentes de 1 a 14 anos de idade. A corrida tem percursos que variam de 50 a 400 metros e \u00e9 dividida de acordo com a faixa-et\u00e1ria. Ainda como parte da programa\u00e7\u00e3o, os atletinhas poder\u00e3o participar de jogos, brincadeiras l\u00fadicas e esportes, com acompanhamento de monitores.\u00a0 Os pequenos receber\u00e3o kit contendo mochila exclusiva, camiseta, chip e n\u00famero de peito. Al\u00e9m disso, todas as crian\u00e7as ser\u00e3o premiadas com medalhas.<\/p>\n<p>As inscri\u00e7\u00f5es para 10\u00aa Maratona de Revezamento P\u00e3o de A\u00e7\u00facar est\u00e3o abertas no site <a href=\"http:\/\/www.corridapaodeacucar.com.br\" target=\"_blank\" rel=\"noopener\">www.corridapaodeacucar.com.br<\/a> &#8211; que tamb\u00e9m re\u00fane todas as informa\u00e7\u00f5es sobre o circuito. \u00a0J\u00e1 para Corrida Kids, as inscri\u00e7\u00f5es est\u00e3o esgotadas. Clientes do programa de fidelidade gratuito P\u00e3o de A\u00e7\u00facar Mais t\u00eam desconto no valor da inscri\u00e7\u00e3o e acesso a um espa\u00e7o exclusivo com servi\u00e7os como massagem, impress\u00e3o de fotos, wi-fi, carregador de celular e brindes especiais. Vale lembrar que, as inscri\u00e7\u00f5es para Maratona de Revezamento P\u00e3o de A\u00e7\u00facar s\u00e3o limitadas. Por isso, a recomenda\u00e7\u00e3o \u00e9 que sejam feitas o quanto antes.<\/p>\n<p>O P\u00e3o de A\u00e7\u00facar incentiva o esporte e realiza h\u00e1 mais de 25 anos corridas de rua. J\u00e1 passaram pelas corridas da marca mais de 630 mil adultos e 93 mil crian\u00e7as. Al\u00e9m do Rio de Janeiro, o Circuito de Corridas P\u00e3o de A\u00e7\u00facar \u00e9 realizado anualmente em Fortaleza, Bras\u00edlia e S\u00e3o Paulo.<\/p>\n<p>Servi\u00e7o:<\/p>\n<p>Circuito de Corridas P\u00e3o de A\u00e7\u00facar \u2013 Rio de Janeiro<\/p>\n<p>&nbsp;<\/p>\n<p>Agenda Rio de Janeiro<\/p>\n<p>Corrida P\u00e3o de A\u00e7\u00facar Kids<\/p>\n<p><em>Data: 20\/10\/2018<\/em><\/p>\n<p><em>Local: Clube da Aeron\u00e1utica (Sede Barra da Tijuca), Av. Rachel de Queiroz, S\/n<\/em><\/p>\n<p><em>Hor\u00e1rio: 8h<\/em><\/p>\n<p><em>10\u00aa Maratona de Revezamento P\u00e3o de A\u00e7\u00facar<\/em><\/p>\n<p><em>Data: 21\/10\/2018<\/em><\/p>\n<p><em>Local: Monumentos aos Pracinhas, Aterro do Flamengo<\/em><\/p>\n<p><em>Hor\u00e1rio: 7h<\/em><\/p>\n","protected":false},"excerpt":{"rendered":"<p>O P\u00e3o de A\u00e7\u00facar realiza, em outubro, mais uma edi\u00e7\u00e3o do Circuito de Corridas P\u00e3o de A\u00e7\u00facar no Rio de Janeiro, que inclui a tradicional Maratona de Revezamento, que chega a sua 10\u00aa edi\u00e7\u00e3o na cidade, e a Corrida Kids. Para esta etapa, a edi\u00e7\u00e3o destinada exclusivamente \u00e0s crian\u00e7as e adolescentes est\u00e1 com as inscri\u00e7\u00f5es [&hellip;]<\/p>\n","protected":false},"author":1,"featured_media":2459,"comment_status":"open","ping_status":"open","sticky":false,"template":"","format":"standard","meta":{"tdm_status":"","tdm_grid_status":"","footnotes":""},"categories":[6],"tags":[194,177,172],"class_list":["post-2458","post","type-post","status-publish","format-standard","has-post-thumbnail","hentry","category-noticias","tag-marketing-esportivo","tag-marketing-social","tag-pao-de-acucar"],"yoast_head":"<!-- This site is optimized with the Yoast SEO plugin v27.5 - https:\/\/yoast.com\/product\/yoast-seo-wordpress\/ -->\n<title>Rio de Janeiro recebe circuito de corridas P\u00e3o de A\u00e7\u00facar - CidadeMarketing<\/title>\n<meta name=\"robots\" content=\"index, follow, max-snippet:-1, max-image-preview:large, max-video-preview:-1\" \/>\n<link rel=\"canonical\" href=\"https:\/\/www.cidademarketing.com.br\/marketing\/2018\/10\/02\/rio-de-janeiro-recebe-circuito-de-corridas-pao-de-acucar\/\" \/>\n<meta property=\"og:locale\" content=\"pt_BR\" \/>\n<meta property=\"og:type\" content=\"article\" \/>\n<meta property=\"og:title\" content=\"Rio de Janeiro recebe circuito de corridas P\u00e3o de A\u00e7\u00facar - CidadeMarketing\" \/>\n<meta property=\"og:description\" content=\"O P\u00e3o de A\u00e7\u00facar realiza, em outubro, mais uma edi\u00e7\u00e3o do Circuito de Corridas P\u00e3o de A\u00e7\u00facar no Rio de Janeiro, que inclui a tradicional Maratona de Revezamento, que chega a sua 10\u00aa edi\u00e7\u00e3o na cidade, e a Corrida Kids. Para esta etapa, a edi\u00e7\u00e3o destinada exclusivamente \u00e0s crian\u00e7as e adolescentes est\u00e1 com as inscri\u00e7\u00f5es [&hellip;]\" \/>\n<meta property=\"og:url\" content=\"https:\/\/www.cidademarketing.com.br\/marketing\/2018\/10\/02\/rio-de-janeiro-recebe-circuito-de-corridas-pao-de-acucar\/\" \/>\n<meta property=\"og:site_name\" content=\"CidadeMarketing\" \/>\n<meta property=\"article:publisher\" content=\"https:\/\/www.facebook.com\/portalcidademarketing\" \/>\n<meta property=\"article:author\" content=\"https:\/\/www.facebook.com\/thalesbrandao\" \/>\n<meta property=\"article:published_time\" content=\"2018-10-02T15:13:12+00:00\" \/>\n<meta property=\"og:image\" content=\"https:\/\/www.cidademarketing.com.br\/marketing\/wp-content\/uploads\/2018\/10\/circuitocorridaspa2018.jpg\" \/>\n\t<meta property=\"og:image:width\" content=\"500\" \/>\n\t<meta property=\"og:image:height\" content=\"430\" \/>\n\t<meta property=\"og:image:type\" content=\"image\/jpeg\" \/>\n<meta name=\"author\" content=\"Thales Brand\u00e3o\" \/>\n<meta name=\"twitter:card\" content=\"summary_large_image\" \/>\n<meta name=\"twitter:creator\" content=\"@http:\/\/www.twitter.com\/thalesbrandao\" \/>\n<meta name=\"twitter:site\" content=\"@CidadeMarketing\" \/>\n<meta name=\"twitter:label1\" content=\"Escrito por\" \/>\n\t<meta name=\"twitter:data1\" content=\"Thales Brand\u00e3o\" \/>\n\t<meta name=\"twitter:label2\" content=\"Est. tempo de leitura\" \/>\n\t<meta name=\"twitter:data2\" content=\"2 minutos\" \/>\n<script type=\"application\/ld+json\" class=\"yoast-schema-graph\">{\"@context\":\"https:\\\/\\\/schema.org\",\"@graph\":[{\"@type\":\"Article\",\"@id\":\"https:\\\/\\\/www.cidademarketing.com.br\\\/marketing\\\/2018\\\/10\\\/02\\\/rio-de-janeiro-recebe-circuito-de-corridas-pao-de-acucar\\\/#article\",\"isPartOf\":{\"@id\":\"https:\\\/\\\/www.cidademarketing.com.br\\\/marketing\\\/2018\\\/10\\\/02\\\/rio-de-janeiro-recebe-circuito-de-corridas-pao-de-acucar\\\/\"},\"author\":{\"name\":\"Thales Brand\u00e3o\",\"@id\":\"https:\\\/\\\/www.cidademarketing.com.br\\\/marketing\\\/#\\\/schema\\\/person\\\/02daff9f18bd9378c9e01eb6b2db155f\"},\"headline\":\"Rio de Janeiro recebe circuito de corridas P\u00e3o de A\u00e7\u00facar\",\"datePublished\":\"2018-10-02T15:13:12+00:00\",\"mainEntityOfPage\":{\"@id\":\"https:\\\/\\\/www.cidademarketing.com.br\\\/marketing\\\/2018\\\/10\\\/02\\\/rio-de-janeiro-recebe-circuito-de-corridas-pao-de-acucar\\\/\"},\"wordCount\":495,\"commentCount\":0,\"publisher\":{\"@id\":\"https:\\\/\\\/www.cidademarketing.com.br\\\/marketing\\\/#organization\"},\"image\":{\"@id\":\"https:\\\/\\\/www.cidademarketing.com.br\\\/marketing\\\/2018\\\/10\\\/02\\\/rio-de-janeiro-recebe-circuito-de-corridas-pao-de-acucar\\\/#primaryimage\"},\"thumbnailUrl\":\"https:\\\/\\\/www.cidademarketing.com.br\\\/marketing\\\/wp-content\\\/uploads\\\/2018\\\/10\\\/circuitocorridaspa2018.jpg\",\"keywords\":[\"marketing esportivo\",\"marketing social\",\"p\u00e3o de a\u00e7\u00facar\"],\"articleSection\":[\"Not\u00edcias\"],\"inLanguage\":\"pt-BR\",\"potentialAction\":[{\"@type\":\"CommentAction\",\"name\":\"Comment\",\"target\":[\"https:\\\/\\\/www.cidademarketing.com.br\\\/marketing\\\/2018\\\/10\\\/02\\\/rio-de-janeiro-recebe-circuito-de-corridas-pao-de-acucar\\\/#respond\"]}]},{\"@type\":\"WebPage\",\"@id\":\"https:\\\/\\\/www.cidademarketing.com.br\\\/marketing\\\/2018\\\/10\\\/02\\\/rio-de-janeiro-recebe-circuito-de-corridas-pao-de-acucar\\\/\",\"url\":\"https:\\\/\\\/www.cidademarketing.com.br\\\/marketing\\\/2018\\\/10\\\/02\\\/rio-de-janeiro-recebe-circuito-de-corridas-pao-de-acucar\\\/\",\"name\":\"Rio de Janeiro recebe circuito de corridas P\u00e3o de A\u00e7\u00facar - CidadeMarketing\",\"isPartOf\":{\"@id\":\"https:\\\/\\\/www.cidademarketing.com.br\\\/marketing\\\/#website\"},\"primaryImageOfPage\":{\"@id\":\"https:\\\/\\\/www.cidademarketing.com.br\\\/marketing\\\/2018\\\/10\\\/02\\\/rio-de-janeiro-recebe-circuito-de-corridas-pao-de-acucar\\\/#primaryimage\"},\"image\":{\"@id\":\"https:\\\/\\\/www.cidademarketing.com.br\\\/marketing\\\/2018\\\/10\\\/02\\\/rio-de-janeiro-recebe-circuito-de-corridas-pao-de-acucar\\\/#primaryimage\"},\"thumbnailUrl\":\"https:\\\/\\\/www.cidademarketing.com.br\\\/marketing\\\/wp-content\\\/uploads\\\/2018\\\/10\\\/circuitocorridaspa2018.jpg\",\"datePublished\":\"2018-10-02T15:13:12+00:00\",\"breadcrumb\":{\"@id\":\"https:\\\/\\\/www.cidademarketing.com.br\\\/marketing\\\/2018\\\/10\\\/02\\\/rio-de-janeiro-recebe-circuito-de-corridas-pao-de-acucar\\\/#breadcrumb\"},\"inLanguage\":\"pt-BR\",\"potentialAction\":[{\"@type\":\"ReadAction\",\"target\":[\"https:\\\/\\\/www.cidademarketing.com.br\\\/marketing\\\/2018\\\/10\\\/02\\\/rio-de-janeiro-recebe-circuito-de-corridas-pao-de-acucar\\\/\"]}]},{\"@type\":\"ImageObject\",\"inLanguage\":\"pt-BR\",\"@id\":\"https:\\\/\\\/www.cidademarketing.com.br\\\/marketing\\\/2018\\\/10\\\/02\\\/rio-de-janeiro-recebe-circuito-de-corridas-pao-de-acucar\\\/#primaryimage\",\"url\":\"https:\\\/\\\/www.cidademarketing.com.br\\\/marketing\\\/wp-content\\\/uploads\\\/2018\\\/10\\\/circuitocorridaspa2018.jpg\",\"contentUrl\":\"https:\\\/\\\/www.cidademarketing.com.br\\\/marketing\\\/wp-content\\\/uploads\\\/2018\\\/10\\\/circuitocorridaspa2018.jpg\",\"width\":500,\"height\":430},{\"@type\":\"BreadcrumbList\",\"@id\":\"https:\\\/\\\/www.cidademarketing.com.br\\\/marketing\\\/2018\\\/10\\\/02\\\/rio-de-janeiro-recebe-circuito-de-corridas-pao-de-acucar\\\/#breadcrumb\",\"itemListElement\":[{\"@type\":\"ListItem\",\"position\":1,\"name\":\"In\u00edcio\",\"item\":\"https:\\\/\\\/www.cidademarketing.com.br\\\/marketing\\\/\"},{\"@type\":\"ListItem\",\"position\":2,\"name\":\"Rio de Janeiro recebe circuito de corridas P\u00e3o de A\u00e7\u00facar\"}]},{\"@type\":\"WebSite\",\"@id\":\"https:\\\/\\\/www.cidademarketing.com.br\\\/marketing\\\/#website\",\"url\":\"https:\\\/\\\/www.cidademarketing.com.br\\\/marketing\\\/\",\"name\":\"CidadeMarketing\",\"description\":\"Somos um ve\u00edculo de comunica\u00e7\u00e3o de destaque no Brasil, reconhecido por conte\u00fados nos segmentos de marketing, empreendedorismo e inova\u00e7\u00e3o.\",\"publisher\":{\"@id\":\"https:\\\/\\\/www.cidademarketing.com.br\\\/marketing\\\/#organization\"},\"alternateName\":\"CidadeMarketing\",\"potentialAction\":[{\"@type\":\"SearchAction\",\"target\":{\"@type\":\"EntryPoint\",\"urlTemplate\":\"https:\\\/\\\/www.cidademarketing.com.br\\\/marketing\\\/?s={search_term_string}\"},\"query-input\":{\"@type\":\"PropertyValueSpecification\",\"valueRequired\":true,\"valueName\":\"search_term_string\"}}],\"inLanguage\":\"pt-BR\"},{\"@type\":\"Organization\",\"@id\":\"https:\\\/\\\/www.cidademarketing.com.br\\\/marketing\\\/#organization\",\"name\":\"CidadeMarketing\",\"alternateName\":\"CidadeMarketing\",\"url\":\"https:\\\/\\\/www.cidademarketing.com.br\\\/marketing\\\/\",\"logo\":{\"@type\":\"ImageObject\",\"inLanguage\":\"pt-BR\",\"@id\":\"https:\\\/\\\/www.cidademarketing.com.br\\\/marketing\\\/#\\\/schema\\\/logo\\\/image\\\/\",\"url\":\"https:\\\/\\\/www.cidademarketing.com.br\\\/marketing\\\/wp-content\\\/uploads\\\/2020\\\/01\\\/cidademarketing_marca_mobile.png\",\"contentUrl\":\"https:\\\/\\\/www.cidademarketing.com.br\\\/marketing\\\/wp-content\\\/uploads\\\/2020\\\/01\\\/cidademarketing_marca_mobile.png\",\"width\":230,\"height\":92,\"caption\":\"CidadeMarketing\"},\"image\":{\"@id\":\"https:\\\/\\\/www.cidademarketing.com.br\\\/marketing\\\/#\\\/schema\\\/logo\\\/image\\\/\"},\"sameAs\":[\"https:\\\/\\\/www.facebook.com\\\/portalcidademarketing\",\"https:\\\/\\\/x.com\\\/CidadeMarketing\",\"https:\\\/\\\/www.instagram.com\\\/cidademarketing\\\/\"]},{\"@type\":\"Person\",\"@id\":\"https:\\\/\\\/www.cidademarketing.com.br\\\/marketing\\\/#\\\/schema\\\/person\\\/02daff9f18bd9378c9e01eb6b2db155f\",\"name\":\"Thales Brand\u00e3o\",\"image\":{\"@type\":\"ImageObject\",\"inLanguage\":\"pt-BR\",\"@id\":\"https:\\\/\\\/secure.gravatar.com\\\/avatar\\\/7ca3206950207cc3cb48feec56a8a7898741ab725c368d99d5d7a5a50aab80c6?s=96&d=mm&r=g\",\"url\":\"https:\\\/\\\/secure.gravatar.com\\\/avatar\\\/7ca3206950207cc3cb48feec56a8a7898741ab725c368d99d5d7a5a50aab80c6?s=96&d=mm&r=g\",\"contentUrl\":\"https:\\\/\\\/secure.gravatar.com\\\/avatar\\\/7ca3206950207cc3cb48feec56a8a7898741ab725c368d99d5d7a5a50aab80c6?s=96&d=mm&r=g\",\"caption\":\"Thales Brand\u00e3o\"},\"description\":\"Editor Executivo do Portal CidadeMarketing.com.br &gt; Mestre em Comunica\u00e7\u00e3o e Sociedade pela Universidade Federal de Sergipe. Possui MBA Executivo em Administra\u00e7\u00e3o com \u00eanfase em Marketing pela Funda\u00e7\u00e3o Get\u00falio Vargas - Rio de Janeiro. Consultor, Palestrante e Pesquisador sobre Empreendedorismo, Marketing, Redes Sociais e Neg\u00f3cios Digitais. Professor, Palestrante TedxTalks e Campus Party. Twitter: @ThalesBrandao\",\"sameAs\":[\"http:\\\/\\\/www.mandacaru.com.br\",\"https:\\\/\\\/www.facebook.com\\\/thalesbrandao\",\"http:\\\/\\\/www.instagram.com.br\\\/thalesbrandaoferreira\",\"https:\\\/\\\/www.linkedin.com\\\/in\\\/thales-brand\u00e3o-3948609\\\/\",\"https:\\\/\\\/x.com\\\/http:\\\/\\\/www.twitter.com\\\/thalesbrandao\"],\"url\":\"https:\\\/\\\/www.cidademarketing.com.br\\\/marketing\\\/author\\\/thalesbrandao\\\/\"}]}<\/script>\n<!-- \/ Yoast SEO plugin. -->","yoast_head_json":{"title":"Rio de Janeiro recebe circuito de corridas P\u00e3o de A\u00e7\u00facar - CidadeMarketing","robots":{"index":"index","follow":"follow","max-snippet":"max-snippet:-1","max-image-preview":"max-image-preview:large","max-video-preview":"max-video-preview:-1"},"canonical":"https:\/\/www.cidademarketing.com.br\/marketing\/2018\/10\/02\/rio-de-janeiro-recebe-circuito-de-corridas-pao-de-acucar\/","og_locale":"pt_BR","og_type":"article","og_title":"Rio de Janeiro recebe circuito de corridas P\u00e3o de A\u00e7\u00facar - CidadeMarketing","og_description":"O P\u00e3o de A\u00e7\u00facar realiza, em outubro, mais uma edi\u00e7\u00e3o do Circuito de Corridas P\u00e3o de A\u00e7\u00facar no Rio de Janeiro, que inclui a tradicional Maratona de Revezamento, que chega a sua 10\u00aa edi\u00e7\u00e3o na cidade, e a Corrida Kids. Para esta etapa, a edi\u00e7\u00e3o destinada exclusivamente \u00e0s crian\u00e7as e adolescentes est\u00e1 com as inscri\u00e7\u00f5es [&hellip;]","og_url":"https:\/\/www.cidademarketing.com.br\/marketing\/2018\/10\/02\/rio-de-janeiro-recebe-circuito-de-corridas-pao-de-acucar\/","og_site_name":"CidadeMarketing","article_publisher":"https:\/\/www.facebook.com\/portalcidademarketing","article_author":"https:\/\/www.facebook.com\/thalesbrandao","article_published_time":"2018-10-02T15:13:12+00:00","og_image":[{"width":500,"height":430,"url":"https:\/\/www.cidademarketing.com.br\/marketing\/wp-content\/uploads\/2018\/10\/circuitocorridaspa2018.jpg","type":"image\/jpeg"}],"author":"Thales Brand\u00e3o","twitter_card":"summary_large_image","twitter_creator":"@http:\/\/www.twitter.com\/thalesbrandao","twitter_site":"@CidadeMarketing","twitter_misc":{"Escrito por":"Thales Brand\u00e3o","Est. tempo de leitura":"2 minutos"},"schema":{"@context":"https:\/\/schema.org","@graph":[{"@type":"Article","@id":"https:\/\/www.cidademarketing.com.br\/marketing\/2018\/10\/02\/rio-de-janeiro-recebe-circuito-de-corridas-pao-de-acucar\/#article","isPartOf":{"@id":"https:\/\/www.cidademarketing.com.br\/marketing\/2018\/10\/02\/rio-de-janeiro-recebe-circuito-de-corridas-pao-de-acucar\/"},"author":{"name":"Thales Brand\u00e3o","@id":"https:\/\/www.cidademarketing.com.br\/marketing\/#\/schema\/person\/02daff9f18bd9378c9e01eb6b2db155f"},"headline":"Rio de Janeiro recebe circuito de corridas P\u00e3o de A\u00e7\u00facar","datePublished":"2018-10-02T15:13:12+00:00","mainEntityOfPage":{"@id":"https:\/\/www.cidademarketing.com.br\/marketing\/2018\/10\/02\/rio-de-janeiro-recebe-circuito-de-corridas-pao-de-acucar\/"},"wordCount":495,"commentCount":0,"publisher":{"@id":"https:\/\/www.cidademarketing.com.br\/marketing\/#organization"},"image":{"@id":"https:\/\/www.cidademarketing.com.br\/marketing\/2018\/10\/02\/rio-de-janeiro-recebe-circuito-de-corridas-pao-de-acucar\/#primaryimage"},"thumbnailUrl":"https:\/\/www.cidademarketing.com.br\/marketing\/wp-content\/uploads\/2018\/10\/circuitocorridaspa2018.jpg","keywords":["marketing esportivo","marketing social","p\u00e3o de a\u00e7\u00facar"],"articleSection":["Not\u00edcias"],"inLanguage":"pt-BR","potentialAction":[{"@type":"CommentAction","name":"Comment","target":["https:\/\/www.cidademarketing.com.br\/marketing\/2018\/10\/02\/rio-de-janeiro-recebe-circuito-de-corridas-pao-de-acucar\/#respond"]}]},{"@type":"WebPage","@id":"https:\/\/www.cidademarketing.com.br\/marketing\/2018\/10\/02\/rio-de-janeiro-recebe-circuito-de-corridas-pao-de-acucar\/","url":"https:\/\/www.cidademarketing.com.br\/marketing\/2018\/10\/02\/rio-de-janeiro-recebe-circuito-de-corridas-pao-de-acucar\/","name":"Rio de Janeiro recebe circuito de corridas P\u00e3o de A\u00e7\u00facar - CidadeMarketing","isPartOf":{"@id":"https:\/\/www.cidademarketing.com.br\/marketing\/#website"},"primaryImageOfPage":{"@id":"https:\/\/www.cidademarketing.com.br\/marketing\/2018\/10\/02\/rio-de-janeiro-recebe-circuito-de-corridas-pao-de-acucar\/#primaryimage"},"image":{"@id":"https:\/\/www.cidademarketing.com.br\/marketing\/2018\/10\/02\/rio-de-janeiro-recebe-circuito-de-corridas-pao-de-acucar\/#primaryimage"},"thumbnailUrl":"https:\/\/www.cidademarketing.com.br\/marketing\/wp-content\/uploads\/2018\/10\/circuitocorridaspa2018.jpg","datePublished":"2018-10-02T15:13:12+00:00","breadcrumb":{"@id":"https:\/\/www.cidademarketing.com.br\/marketing\/2018\/10\/02\/rio-de-janeiro-recebe-circuito-de-corridas-pao-de-acucar\/#breadcrumb"},"inLanguage":"pt-BR","potentialAction":[{"@type":"ReadAction","target":["https:\/\/www.cidademarketing.com.br\/marketing\/2018\/10\/02\/rio-de-janeiro-recebe-circuito-de-corridas-pao-de-acucar\/"]}]},{"@type":"ImageObject","inLanguage":"pt-BR","@id":"https:\/\/www.cidademarketing.com.br\/marketing\/2018\/10\/02\/rio-de-janeiro-recebe-circuito-de-corridas-pao-de-acucar\/#primaryimage","url":"https:\/\/www.cidademarketing.com.br\/marketing\/wp-content\/uploads\/2018\/10\/circuitocorridaspa2018.jpg","contentUrl":"https:\/\/www.cidademarketing.com.br\/marketing\/wp-content\/uploads\/2018\/10\/circuitocorridaspa2018.jpg","width":500,"height":430},{"@type":"BreadcrumbList","@id":"https:\/\/www.cidademarketing.com.br\/marketing\/2018\/10\/02\/rio-de-janeiro-recebe-circuito-de-corridas-pao-de-acucar\/#breadcrumb","itemListElement":[{"@type":"ListItem","position":1,"name":"In\u00edcio","item":"https:\/\/www.cidademarketing.com.br\/marketing\/"},{"@type":"ListItem","position":2,"name":"Rio de Janeiro recebe circuito de corridas P\u00e3o de A\u00e7\u00facar"}]},{"@type":"WebSite","@id":"https:\/\/www.cidademarketing.com.br\/marketing\/#website","url":"https:\/\/www.cidademarketing.com.br\/marketing\/","name":"CidadeMarketing","description":"Somos um ve\u00edculo de comunica\u00e7\u00e3o de destaque no Brasil, reconhecido por conte\u00fados nos segmentos de marketing, empreendedorismo e inova\u00e7\u00e3o.","publisher":{"@id":"https:\/\/www.cidademarketing.com.br\/marketing\/#organization"},"alternateName":"CidadeMarketing","potentialAction":[{"@type":"SearchAction","target":{"@type":"EntryPoint","urlTemplate":"https:\/\/www.cidademarketing.com.br\/marketing\/?s={search_term_string}"},"query-input":{"@type":"PropertyValueSpecification","valueRequired":true,"valueName":"search_term_string"}}],"inLanguage":"pt-BR"},{"@type":"Organization","@id":"https:\/\/www.cidademarketing.com.br\/marketing\/#organization","name":"CidadeMarketing","alternateName":"CidadeMarketing","url":"https:\/\/www.cidademarketing.com.br\/marketing\/","logo":{"@type":"ImageObject","inLanguage":"pt-BR","@id":"https:\/\/www.cidademarketing.com.br\/marketing\/#\/schema\/logo\/image\/","url":"https:\/\/www.cidademarketing.com.br\/marketing\/wp-content\/uploads\/2020\/01\/cidademarketing_marca_mobile.png","contentUrl":"https:\/\/www.cidademarketing.com.br\/marketing\/wp-content\/uploads\/2020\/01\/cidademarketing_marca_mobile.png","width":230,"height":92,"caption":"CidadeMarketing"},"image":{"@id":"https:\/\/www.cidademarketing.com.br\/marketing\/#\/schema\/logo\/image\/"},"sameAs":["https:\/\/www.facebook.com\/portalcidademarketing","https:\/\/x.com\/CidadeMarketing","https:\/\/www.instagram.com\/cidademarketing\/"]},{"@type":"Person","@id":"https:\/\/www.cidademarketing.com.br\/marketing\/#\/schema\/person\/02daff9f18bd9378c9e01eb6b2db155f","name":"Thales Brand\u00e3o","image":{"@type":"ImageObject","inLanguage":"pt-BR","@id":"https:\/\/secure.gravatar.com\/avatar\/7ca3206950207cc3cb48feec56a8a7898741ab725c368d99d5d7a5a50aab80c6?s=96&d=mm&r=g","url":"https:\/\/secure.gravatar.com\/avatar\/7ca3206950207cc3cb48feec56a8a7898741ab725c368d99d5d7a5a50aab80c6?s=96&d=mm&r=g","contentUrl":"https:\/\/secure.gravatar.com\/avatar\/7ca3206950207cc3cb48feec56a8a7898741ab725c368d99d5d7a5a50aab80c6?s=96&d=mm&r=g","caption":"Thales Brand\u00e3o"},"description":"Editor Executivo do Portal CidadeMarketing.com.br &gt; Mestre em Comunica\u00e7\u00e3o e Sociedade pela Universidade Federal de Sergipe. Possui MBA Executivo em Administra\u00e7\u00e3o com \u00eanfase em Marketing pela Funda\u00e7\u00e3o Get\u00falio Vargas - Rio de Janeiro. Consultor, Palestrante e Pesquisador sobre Empreendedorismo, Marketing, Redes Sociais e Neg\u00f3cios Digitais. Professor, Palestrante TedxTalks e Campus Party. Twitter: @ThalesBrandao","sameAs":["http:\/\/www.mandacaru.com.br","https:\/\/www.facebook.com\/thalesbrandao","http:\/\/www.instagram.com.br\/thalesbrandaoferreira","https:\/\/www.linkedin.com\/in\/thales-brand\u00e3o-3948609\/","https:\/\/x.com\/http:\/\/www.twitter.com\/thalesbrandao"],"url":"https:\/\/www.cidademarketing.com.br\/marketing\/author\/thalesbrandao\/"}]}},"amp_enabled":true,"_links":{"self":[{"href":"https:\/\/www.cidademarketing.com.br\/marketing\/wp-json\/wp\/v2\/posts\/2458","targetHints":{"allow":["GET"]}}],"collection":[{"href":"https:\/\/www.cidademarketing.com.br\/marketing\/wp-json\/wp\/v2\/posts"}],"about":[{"href":"https:\/\/www.cidademarketing.com.br\/marketing\/wp-json\/wp\/v2\/types\/post"}],"author":[{"embeddable":true,"href":"https:\/\/www.cidademarketing.com.br\/marketing\/wp-json\/wp\/v2\/users\/1"}],"replies":[{"embeddable":true,"href":"https:\/\/www.cidademarketing.com.br\/marketing\/wp-json\/wp\/v2\/comments?post=2458"}],"version-history":[{"count":1,"href":"https:\/\/www.cidademarketing.com.br\/marketing\/wp-json\/wp\/v2\/posts\/2458\/revisions"}],"predecessor-version":[{"id":2460,"href":"https:\/\/www.cidademarketing.com.br\/marketing\/wp-json\/wp\/v2\/posts\/2458\/revisions\/2460"}],"wp:featuredmedia":[{"embeddable":true,"href":"https:\/\/www.cidademarketing.com.br\/marketing\/wp-json\/wp\/v2\/media\/2459"}],"wp:attachment":[{"href":"https:\/\/www.cidademarketing.com.br\/marketing\/wp-json\/wp\/v2\/media?parent=2458"}],"wp:term":[{"taxonomy":"category","embeddable":true,"href":"https:\/\/www.cidademarketing.com.br\/marketing\/wp-json\/wp\/v2\/categories?post=2458"},{"taxonomy":"post_tag","embeddable":true,"href":"https:\/\/www.cidademarketing.com.br\/marketing\/wp-json\/wp\/v2\/tags?post=2458"}],"curies":[{"name":"wp","href":"https:\/\/api.w.org\/{rel}","templated":true}]}}