{"id":24387,"date":"2021-06-18T17:07:03","date_gmt":"2021-06-18T20:07:03","guid":{"rendered":"https:\/\/www.cidademarketing.com.br\/marketing\/?p=24387"},"modified":"2021-06-18T17:07:05","modified_gmt":"2021-06-18T20:07:05","slug":"bohemia-anuncia-juliette-como-sua-porta-voz-de-cultura-e-tradicoes","status":"publish","type":"post","link":"https:\/\/www.cidademarketing.com.br\/marketing\/2021\/06\/18\/bohemia-anuncia-juliette-como-sua-porta-voz-de-cultura-e-tradicoes\/","title":{"rendered":"Bohemia anuncia Juliette como sua porta-voz de Cultura e Tradi\u00e7\u00f5es"},"content":{"rendered":"\n<p>J\u00e1 pode avisar os f\u00e3s de todo o Brasil: a Bohemia agora tem um novo ingrediente! A receita segue a mesma, o que muda \u00e9 que a primeira cervejaria do Brasil agora tem uma porta-voz de Cultura e Tradi\u00e7\u00f5es: Juliette Freire. Uma parceria que tem tudo para mover tradi\u00e7\u00f5es e milh\u00f5es de seguidores pelo pa\u00eds.<\/p>\n\n\n\n<p>Buscando sempre olhar para o futuro, levando em conta o que \u00e9 importante na nossa hist\u00f3ria, Bohemia escolhe se juntar \u00e0 Juliette que se apresentou para o Brasil enaltecendo sua identidade, suas ra\u00edzes e cultura. Agora, marca e sua porta-voz est\u00e3o juntas para contar novas hist\u00f3rias e tamb\u00e9m para colocar luz em tradi\u00e7\u00f5es t\u00e3o importantes.<\/p>\n\n\n\n<p>\u201c<em>Juliette \u00e9 uma pessoa \u00fanica e conquistou os brasileiros com sua autenticidade, sempre mostrando sua ess\u00eancia e as hist\u00f3rias e tradi\u00e7\u00f5es que moveram sua vida. E olhar para algumas tradi\u00e7\u00f5es como parte importante da nossa identidade \u00e9 justamente o que temos feito em Bohemia, valorizando o que temos de bom e usando para inspirar novas hist\u00f3rias. Junto com ela, vamos enaltecer mais a cultura de todas as regi\u00f5es do pa\u00eds, mostrando como na nossa hist\u00f3ria est\u00e3o os aprendizados e a base para trilharmos novos caminhos<\/em>\u201d, afirma Tet\u00ea Chaves, gerente de marketing de Bohemia.<\/p>\n\n\n\n<p>\u201c<em>Para mim \u00e9 um enorme prazer e privil\u00e9gio poder ser porta-voz de culturas e tradi\u00e7\u00f5es da Bohemia. A hist\u00f3ria dela me inspira por ser a primeira cervejaria do Brasil. Imagina quanta tradi\u00e7\u00e3o eu n\u00e3o vou aprender e poder contar para todo mundo! Al\u00e9m do mais, esse t\u00edtulo de porta-voz de cultura e tradi\u00e7\u00f5es inclui tamb\u00e9m uma vontade minha e da Bohemia de contar um pouco sobre cada regi\u00e3o do nosso pa\u00eds. Eu n\u00e3o vejo a hora de aprender e dividir. Estou muito feliz, de verdade<\/em>\u201d, comenta Juliette.&nbsp;<\/p>\n\n\n\n<p>O primeiro passo dessa uni\u00e3o come\u00e7a a ser dado justamente na celebra\u00e7\u00e3o de uma das festas mais amadas do pa\u00eds: o S\u00e3o Jo\u00e3o. Para a edi\u00e7\u00e3o deste ano, Bohemia convida todos a n\u00e3o deixarem de viver a alegria da festa mais esperada do Nordeste, em casa, respeitando as medidas de distanciamento e sa\u00fade necess\u00e1rias para o momento e promovendo a\u00e7\u00f5es que prometem n\u00e3o deixar as tradi\u00e7\u00f5es e a fogueira se apagarem.<\/p>\n\n\n\n<p>Juliette, inclusive, j\u00e1 gravou um comercial que \u00e9 um convite para que todos entrem no esp\u00edrito do S\u00e3o Jo\u00e3o e que ser\u00e1 lan\u00e7ado na pr\u00f3xima semana. E assim, juntos, Bohemia e Juliette come\u00e7am a movimentar tradi\u00e7\u00f5es e preparar novas surpresas para o p\u00fablico.<\/p>\n","protected":false},"excerpt":{"rendered":"<p>J\u00e1 pode avisar os f\u00e3s de todo o Brasil: a Bohemia agora tem um novo ingrediente! A receita segue a mesma, o que muda \u00e9 que a primeira cervejaria do Brasil agora tem uma porta-voz de Cultura e Tradi\u00e7\u00f5es: Juliette Freire. Uma parceria que tem tudo para mover tradi\u00e7\u00f5es e milh\u00f5es de seguidores pelo pa\u00eds. [&hellip;]<\/p>\n","protected":false},"author":1,"featured_media":24388,"comment_status":"open","ping_status":"open","sticky":false,"template":"","format":"standard","meta":{"tdm_status":"","tdm_grid_status":"","footnotes":""},"categories":[6],"tags":[789,33,3920,28],"class_list":["post-24387","post","type-post","status-publish","format-standard","has-post-thumbnail","hentry","category-noticias","tag-bohemia","tag-estrategia","tag-juliette","tag-marketing"],"yoast_head":"<!-- This site is optimized with the Yoast SEO plugin v27.5 - https:\/\/yoast.com\/product\/yoast-seo-wordpress\/ -->\n<title>Bohemia anuncia Juliette como sua porta-voz de Cultura e Tradi\u00e7\u00f5es - CidadeMarketing<\/title>\n<meta name=\"robots\" content=\"index, follow, max-snippet:-1, max-image-preview:large, max-video-preview:-1\" \/>\n<link rel=\"canonical\" href=\"https:\/\/www.cidademarketing.com.br\/marketing\/2021\/06\/18\/bohemia-anuncia-juliette-como-sua-porta-voz-de-cultura-e-tradicoes\/\" \/>\n<meta property=\"og:locale\" content=\"pt_BR\" \/>\n<meta property=\"og:type\" content=\"article\" \/>\n<meta property=\"og:title\" content=\"Bohemia anuncia Juliette como sua porta-voz de Cultura e Tradi\u00e7\u00f5es - CidadeMarketing\" \/>\n<meta property=\"og:description\" content=\"J\u00e1 pode avisar os f\u00e3s de todo o Brasil: a Bohemia agora tem um novo ingrediente! A receita segue a mesma, o que muda \u00e9 que a primeira cervejaria do Brasil agora tem uma porta-voz de Cultura e Tradi\u00e7\u00f5es: Juliette Freire. Uma parceria que tem tudo para mover tradi\u00e7\u00f5es e milh\u00f5es de seguidores pelo pa\u00eds. [&hellip;]\" \/>\n<meta property=\"og:url\" content=\"https:\/\/www.cidademarketing.com.br\/marketing\/2021\/06\/18\/bohemia-anuncia-juliette-como-sua-porta-voz-de-cultura-e-tradicoes\/\" \/>\n<meta property=\"og:site_name\" content=\"CidadeMarketing\" \/>\n<meta property=\"article:publisher\" content=\"https:\/\/www.facebook.com\/portalcidademarketing\" \/>\n<meta property=\"article:author\" content=\"https:\/\/www.facebook.com\/thalesbrandao\" \/>\n<meta property=\"article:published_time\" content=\"2021-06-18T20:07:03+00:00\" \/>\n<meta property=\"article:modified_time\" content=\"2021-06-18T20:07:05+00:00\" \/>\n<meta property=\"og:image\" content=\"https:\/\/www.cidademarketing.com.br\/marketing\/wp-content\/uploads\/2021\/06\/bohemia_juliette.png\" \/>\n\t<meta property=\"og:image:width\" content=\"476\" \/>\n\t<meta property=\"og:image:height\" content=\"488\" \/>\n\t<meta property=\"og:image:type\" content=\"image\/png\" \/>\n<meta name=\"author\" content=\"Thales Brand\u00e3o\" \/>\n<meta name=\"twitter:card\" content=\"summary_large_image\" \/>\n<meta name=\"twitter:creator\" content=\"@http:\/\/www.twitter.com\/thalesbrandao\" \/>\n<meta name=\"twitter:site\" content=\"@CidadeMarketing\" \/>\n<meta name=\"twitter:label1\" content=\"Escrito por\" \/>\n\t<meta name=\"twitter:data1\" content=\"Thales Brand\u00e3o\" \/>\n\t<meta name=\"twitter:label2\" content=\"Est. tempo de leitura\" \/>\n\t<meta name=\"twitter:data2\" content=\"2 minutos\" \/>\n<script type=\"application\/ld+json\" class=\"yoast-schema-graph\">{\"@context\":\"https:\\\/\\\/schema.org\",\"@graph\":[{\"@type\":\"Article\",\"@id\":\"https:\\\/\\\/www.cidademarketing.com.br\\\/marketing\\\/2021\\\/06\\\/18\\\/bohemia-anuncia-juliette-como-sua-porta-voz-de-cultura-e-tradicoes\\\/#article\",\"isPartOf\":{\"@id\":\"https:\\\/\\\/www.cidademarketing.com.br\\\/marketing\\\/2021\\\/06\\\/18\\\/bohemia-anuncia-juliette-como-sua-porta-voz-de-cultura-e-tradicoes\\\/\"},\"author\":{\"name\":\"Thales Brand\u00e3o\",\"@id\":\"https:\\\/\\\/www.cidademarketing.com.br\\\/marketing\\\/#\\\/schema\\\/person\\\/02daff9f18bd9378c9e01eb6b2db155f\"},\"headline\":\"Bohemia anuncia Juliette como sua porta-voz de Cultura e Tradi\u00e7\u00f5es\",\"datePublished\":\"2021-06-18T20:07:03+00:00\",\"dateModified\":\"2021-06-18T20:07:05+00:00\",\"mainEntityOfPage\":{\"@id\":\"https:\\\/\\\/www.cidademarketing.com.br\\\/marketing\\\/2021\\\/06\\\/18\\\/bohemia-anuncia-juliette-como-sua-porta-voz-de-cultura-e-tradicoes\\\/\"},\"wordCount\":463,\"commentCount\":0,\"publisher\":{\"@id\":\"https:\\\/\\\/www.cidademarketing.com.br\\\/marketing\\\/#organization\"},\"image\":{\"@id\":\"https:\\\/\\\/www.cidademarketing.com.br\\\/marketing\\\/2021\\\/06\\\/18\\\/bohemia-anuncia-juliette-como-sua-porta-voz-de-cultura-e-tradicoes\\\/#primaryimage\"},\"thumbnailUrl\":\"https:\\\/\\\/www.cidademarketing.com.br\\\/marketing\\\/wp-content\\\/uploads\\\/2021\\\/06\\\/bohemia_juliette.png\",\"keywords\":[\"bohemia\",\"estrat\u00e9gia\",\"Juliette\",\"marketing\"],\"articleSection\":[\"Not\u00edcias\"],\"inLanguage\":\"pt-BR\",\"potentialAction\":[{\"@type\":\"CommentAction\",\"name\":\"Comment\",\"target\":[\"https:\\\/\\\/www.cidademarketing.com.br\\\/marketing\\\/2021\\\/06\\\/18\\\/bohemia-anuncia-juliette-como-sua-porta-voz-de-cultura-e-tradicoes\\\/#respond\"]}]},{\"@type\":\"WebPage\",\"@id\":\"https:\\\/\\\/www.cidademarketing.com.br\\\/marketing\\\/2021\\\/06\\\/18\\\/bohemia-anuncia-juliette-como-sua-porta-voz-de-cultura-e-tradicoes\\\/\",\"url\":\"https:\\\/\\\/www.cidademarketing.com.br\\\/marketing\\\/2021\\\/06\\\/18\\\/bohemia-anuncia-juliette-como-sua-porta-voz-de-cultura-e-tradicoes\\\/\",\"name\":\"Bohemia anuncia Juliette como sua porta-voz de Cultura e Tradi\u00e7\u00f5es - CidadeMarketing\",\"isPartOf\":{\"@id\":\"https:\\\/\\\/www.cidademarketing.com.br\\\/marketing\\\/#website\"},\"primaryImageOfPage\":{\"@id\":\"https:\\\/\\\/www.cidademarketing.com.br\\\/marketing\\\/2021\\\/06\\\/18\\\/bohemia-anuncia-juliette-como-sua-porta-voz-de-cultura-e-tradicoes\\\/#primaryimage\"},\"image\":{\"@id\":\"https:\\\/\\\/www.cidademarketing.com.br\\\/marketing\\\/2021\\\/06\\\/18\\\/bohemia-anuncia-juliette-como-sua-porta-voz-de-cultura-e-tradicoes\\\/#primaryimage\"},\"thumbnailUrl\":\"https:\\\/\\\/www.cidademarketing.com.br\\\/marketing\\\/wp-content\\\/uploads\\\/2021\\\/06\\\/bohemia_juliette.png\",\"datePublished\":\"2021-06-18T20:07:03+00:00\",\"dateModified\":\"2021-06-18T20:07:05+00:00\",\"breadcrumb\":{\"@id\":\"https:\\\/\\\/www.cidademarketing.com.br\\\/marketing\\\/2021\\\/06\\\/18\\\/bohemia-anuncia-juliette-como-sua-porta-voz-de-cultura-e-tradicoes\\\/#breadcrumb\"},\"inLanguage\":\"pt-BR\",\"potentialAction\":[{\"@type\":\"ReadAction\",\"target\":[\"https:\\\/\\\/www.cidademarketing.com.br\\\/marketing\\\/2021\\\/06\\\/18\\\/bohemia-anuncia-juliette-como-sua-porta-voz-de-cultura-e-tradicoes\\\/\"]}]},{\"@type\":\"ImageObject\",\"inLanguage\":\"pt-BR\",\"@id\":\"https:\\\/\\\/www.cidademarketing.com.br\\\/marketing\\\/2021\\\/06\\\/18\\\/bohemia-anuncia-juliette-como-sua-porta-voz-de-cultura-e-tradicoes\\\/#primaryimage\",\"url\":\"https:\\\/\\\/www.cidademarketing.com.br\\\/marketing\\\/wp-content\\\/uploads\\\/2021\\\/06\\\/bohemia_juliette.png\",\"contentUrl\":\"https:\\\/\\\/www.cidademarketing.com.br\\\/marketing\\\/wp-content\\\/uploads\\\/2021\\\/06\\\/bohemia_juliette.png\",\"width\":476,\"height\":488,\"caption\":\"Divulga\u00e7\u00e3o\"},{\"@type\":\"BreadcrumbList\",\"@id\":\"https:\\\/\\\/www.cidademarketing.com.br\\\/marketing\\\/2021\\\/06\\\/18\\\/bohemia-anuncia-juliette-como-sua-porta-voz-de-cultura-e-tradicoes\\\/#breadcrumb\",\"itemListElement\":[{\"@type\":\"ListItem\",\"position\":1,\"name\":\"In\u00edcio\",\"item\":\"https:\\\/\\\/www.cidademarketing.com.br\\\/marketing\\\/\"},{\"@type\":\"ListItem\",\"position\":2,\"name\":\"Bohemia anuncia Juliette como sua porta-voz de Cultura e Tradi\u00e7\u00f5es\"}]},{\"@type\":\"WebSite\",\"@id\":\"https:\\\/\\\/www.cidademarketing.com.br\\\/marketing\\\/#website\",\"url\":\"https:\\\/\\\/www.cidademarketing.com.br\\\/marketing\\\/\",\"name\":\"CidadeMarketing\",\"description\":\"Somos um ve\u00edculo de comunica\u00e7\u00e3o de destaque no Brasil, reconhecido por conte\u00fados nos segmentos de marketing, empreendedorismo e inova\u00e7\u00e3o.\",\"publisher\":{\"@id\":\"https:\\\/\\\/www.cidademarketing.com.br\\\/marketing\\\/#organization\"},\"alternateName\":\"CidadeMarketing\",\"potentialAction\":[{\"@type\":\"SearchAction\",\"target\":{\"@type\":\"EntryPoint\",\"urlTemplate\":\"https:\\\/\\\/www.cidademarketing.com.br\\\/marketing\\\/?s={search_term_string}\"},\"query-input\":{\"@type\":\"PropertyValueSpecification\",\"valueRequired\":true,\"valueName\":\"search_term_string\"}}],\"inLanguage\":\"pt-BR\"},{\"@type\":\"Organization\",\"@id\":\"https:\\\/\\\/www.cidademarketing.com.br\\\/marketing\\\/#organization\",\"name\":\"CidadeMarketing\",\"alternateName\":\"CidadeMarketing\",\"url\":\"https:\\\/\\\/www.cidademarketing.com.br\\\/marketing\\\/\",\"logo\":{\"@type\":\"ImageObject\",\"inLanguage\":\"pt-BR\",\"@id\":\"https:\\\/\\\/www.cidademarketing.com.br\\\/marketing\\\/#\\\/schema\\\/logo\\\/image\\\/\",\"url\":\"https:\\\/\\\/www.cidademarketing.com.br\\\/marketing\\\/wp-content\\\/uploads\\\/2020\\\/01\\\/cidademarketing_marca_mobile.png\",\"contentUrl\":\"https:\\\/\\\/www.cidademarketing.com.br\\\/marketing\\\/wp-content\\\/uploads\\\/2020\\\/01\\\/cidademarketing_marca_mobile.png\",\"width\":230,\"height\":92,\"caption\":\"CidadeMarketing\"},\"image\":{\"@id\":\"https:\\\/\\\/www.cidademarketing.com.br\\\/marketing\\\/#\\\/schema\\\/logo\\\/image\\\/\"},\"sameAs\":[\"https:\\\/\\\/www.facebook.com\\\/portalcidademarketing\",\"https:\\\/\\\/x.com\\\/CidadeMarketing\",\"https:\\\/\\\/www.instagram.com\\\/cidademarketing\\\/\"]},{\"@type\":\"Person\",\"@id\":\"https:\\\/\\\/www.cidademarketing.com.br\\\/marketing\\\/#\\\/schema\\\/person\\\/02daff9f18bd9378c9e01eb6b2db155f\",\"name\":\"Thales Brand\u00e3o\",\"image\":{\"@type\":\"ImageObject\",\"inLanguage\":\"pt-BR\",\"@id\":\"https:\\\/\\\/secure.gravatar.com\\\/avatar\\\/7ca3206950207cc3cb48feec56a8a7898741ab725c368d99d5d7a5a50aab80c6?s=96&d=mm&r=g\",\"url\":\"https:\\\/\\\/secure.gravatar.com\\\/avatar\\\/7ca3206950207cc3cb48feec56a8a7898741ab725c368d99d5d7a5a50aab80c6?s=96&d=mm&r=g\",\"contentUrl\":\"https:\\\/\\\/secure.gravatar.com\\\/avatar\\\/7ca3206950207cc3cb48feec56a8a7898741ab725c368d99d5d7a5a50aab80c6?s=96&d=mm&r=g\",\"caption\":\"Thales Brand\u00e3o\"},\"description\":\"Editor Executivo do Portal CidadeMarketing.com.br &gt; Mestre em Comunica\u00e7\u00e3o e Sociedade pela Universidade Federal de Sergipe. Possui MBA Executivo em Administra\u00e7\u00e3o com \u00eanfase em Marketing pela Funda\u00e7\u00e3o Get\u00falio Vargas - Rio de Janeiro. Consultor, Palestrante e Pesquisador sobre Empreendedorismo, Marketing, Redes Sociais e Neg\u00f3cios Digitais. Professor, Palestrante TedxTalks e Campus Party. Twitter: @ThalesBrandao\",\"sameAs\":[\"http:\\\/\\\/www.mandacaru.com.br\",\"https:\\\/\\\/www.facebook.com\\\/thalesbrandao\",\"http:\\\/\\\/www.instagram.com.br\\\/thalesbrandaoferreira\",\"https:\\\/\\\/www.linkedin.com\\\/in\\\/thales-brand\u00e3o-3948609\\\/\",\"https:\\\/\\\/x.com\\\/http:\\\/\\\/www.twitter.com\\\/thalesbrandao\"],\"url\":\"https:\\\/\\\/www.cidademarketing.com.br\\\/marketing\\\/author\\\/thalesbrandao\\\/\"}]}<\/script>\n<!-- \/ Yoast SEO plugin. -->","yoast_head_json":{"title":"Bohemia anuncia Juliette como sua porta-voz de Cultura e Tradi\u00e7\u00f5es - CidadeMarketing","robots":{"index":"index","follow":"follow","max-snippet":"max-snippet:-1","max-image-preview":"max-image-preview:large","max-video-preview":"max-video-preview:-1"},"canonical":"https:\/\/www.cidademarketing.com.br\/marketing\/2021\/06\/18\/bohemia-anuncia-juliette-como-sua-porta-voz-de-cultura-e-tradicoes\/","og_locale":"pt_BR","og_type":"article","og_title":"Bohemia anuncia Juliette como sua porta-voz de Cultura e Tradi\u00e7\u00f5es - CidadeMarketing","og_description":"J\u00e1 pode avisar os f\u00e3s de todo o Brasil: a Bohemia agora tem um novo ingrediente! A receita segue a mesma, o que muda \u00e9 que a primeira cervejaria do Brasil agora tem uma porta-voz de Cultura e Tradi\u00e7\u00f5es: Juliette Freire. Uma parceria que tem tudo para mover tradi\u00e7\u00f5es e milh\u00f5es de seguidores pelo pa\u00eds. [&hellip;]","og_url":"https:\/\/www.cidademarketing.com.br\/marketing\/2021\/06\/18\/bohemia-anuncia-juliette-como-sua-porta-voz-de-cultura-e-tradicoes\/","og_site_name":"CidadeMarketing","article_publisher":"https:\/\/www.facebook.com\/portalcidademarketing","article_author":"https:\/\/www.facebook.com\/thalesbrandao","article_published_time":"2021-06-18T20:07:03+00:00","article_modified_time":"2021-06-18T20:07:05+00:00","og_image":[{"width":476,"height":488,"url":"https:\/\/www.cidademarketing.com.br\/marketing\/wp-content\/uploads\/2021\/06\/bohemia_juliette.png","type":"image\/png"}],"author":"Thales Brand\u00e3o","twitter_card":"summary_large_image","twitter_creator":"@http:\/\/www.twitter.com\/thalesbrandao","twitter_site":"@CidadeMarketing","twitter_misc":{"Escrito por":"Thales Brand\u00e3o","Est. tempo de leitura":"2 minutos"},"schema":{"@context":"https:\/\/schema.org","@graph":[{"@type":"Article","@id":"https:\/\/www.cidademarketing.com.br\/marketing\/2021\/06\/18\/bohemia-anuncia-juliette-como-sua-porta-voz-de-cultura-e-tradicoes\/#article","isPartOf":{"@id":"https:\/\/www.cidademarketing.com.br\/marketing\/2021\/06\/18\/bohemia-anuncia-juliette-como-sua-porta-voz-de-cultura-e-tradicoes\/"},"author":{"name":"Thales Brand\u00e3o","@id":"https:\/\/www.cidademarketing.com.br\/marketing\/#\/schema\/person\/02daff9f18bd9378c9e01eb6b2db155f"},"headline":"Bohemia anuncia Juliette como sua porta-voz de Cultura e Tradi\u00e7\u00f5es","datePublished":"2021-06-18T20:07:03+00:00","dateModified":"2021-06-18T20:07:05+00:00","mainEntityOfPage":{"@id":"https:\/\/www.cidademarketing.com.br\/marketing\/2021\/06\/18\/bohemia-anuncia-juliette-como-sua-porta-voz-de-cultura-e-tradicoes\/"},"wordCount":463,"commentCount":0,"publisher":{"@id":"https:\/\/www.cidademarketing.com.br\/marketing\/#organization"},"image":{"@id":"https:\/\/www.cidademarketing.com.br\/marketing\/2021\/06\/18\/bohemia-anuncia-juliette-como-sua-porta-voz-de-cultura-e-tradicoes\/#primaryimage"},"thumbnailUrl":"https:\/\/www.cidademarketing.com.br\/marketing\/wp-content\/uploads\/2021\/06\/bohemia_juliette.png","keywords":["bohemia","estrat\u00e9gia","Juliette","marketing"],"articleSection":["Not\u00edcias"],"inLanguage":"pt-BR","potentialAction":[{"@type":"CommentAction","name":"Comment","target":["https:\/\/www.cidademarketing.com.br\/marketing\/2021\/06\/18\/bohemia-anuncia-juliette-como-sua-porta-voz-de-cultura-e-tradicoes\/#respond"]}]},{"@type":"WebPage","@id":"https:\/\/www.cidademarketing.com.br\/marketing\/2021\/06\/18\/bohemia-anuncia-juliette-como-sua-porta-voz-de-cultura-e-tradicoes\/","url":"https:\/\/www.cidademarketing.com.br\/marketing\/2021\/06\/18\/bohemia-anuncia-juliette-como-sua-porta-voz-de-cultura-e-tradicoes\/","name":"Bohemia anuncia Juliette como sua porta-voz de Cultura e Tradi\u00e7\u00f5es - CidadeMarketing","isPartOf":{"@id":"https:\/\/www.cidademarketing.com.br\/marketing\/#website"},"primaryImageOfPage":{"@id":"https:\/\/www.cidademarketing.com.br\/marketing\/2021\/06\/18\/bohemia-anuncia-juliette-como-sua-porta-voz-de-cultura-e-tradicoes\/#primaryimage"},"image":{"@id":"https:\/\/www.cidademarketing.com.br\/marketing\/2021\/06\/18\/bohemia-anuncia-juliette-como-sua-porta-voz-de-cultura-e-tradicoes\/#primaryimage"},"thumbnailUrl":"https:\/\/www.cidademarketing.com.br\/marketing\/wp-content\/uploads\/2021\/06\/bohemia_juliette.png","datePublished":"2021-06-18T20:07:03+00:00","dateModified":"2021-06-18T20:07:05+00:00","breadcrumb":{"@id":"https:\/\/www.cidademarketing.com.br\/marketing\/2021\/06\/18\/bohemia-anuncia-juliette-como-sua-porta-voz-de-cultura-e-tradicoes\/#breadcrumb"},"inLanguage":"pt-BR","potentialAction":[{"@type":"ReadAction","target":["https:\/\/www.cidademarketing.com.br\/marketing\/2021\/06\/18\/bohemia-anuncia-juliette-como-sua-porta-voz-de-cultura-e-tradicoes\/"]}]},{"@type":"ImageObject","inLanguage":"pt-BR","@id":"https:\/\/www.cidademarketing.com.br\/marketing\/2021\/06\/18\/bohemia-anuncia-juliette-como-sua-porta-voz-de-cultura-e-tradicoes\/#primaryimage","url":"https:\/\/www.cidademarketing.com.br\/marketing\/wp-content\/uploads\/2021\/06\/bohemia_juliette.png","contentUrl":"https:\/\/www.cidademarketing.com.br\/marketing\/wp-content\/uploads\/2021\/06\/bohemia_juliette.png","width":476,"height":488,"caption":"Divulga\u00e7\u00e3o"},{"@type":"BreadcrumbList","@id":"https:\/\/www.cidademarketing.com.br\/marketing\/2021\/06\/18\/bohemia-anuncia-juliette-como-sua-porta-voz-de-cultura-e-tradicoes\/#breadcrumb","itemListElement":[{"@type":"ListItem","position":1,"name":"In\u00edcio","item":"https:\/\/www.cidademarketing.com.br\/marketing\/"},{"@type":"ListItem","position":2,"name":"Bohemia anuncia Juliette como sua porta-voz de Cultura e Tradi\u00e7\u00f5es"}]},{"@type":"WebSite","@id":"https:\/\/www.cidademarketing.com.br\/marketing\/#website","url":"https:\/\/www.cidademarketing.com.br\/marketing\/","name":"CidadeMarketing","description":"Somos um ve\u00edculo de comunica\u00e7\u00e3o de destaque no Brasil, reconhecido por conte\u00fados nos segmentos de marketing, empreendedorismo e inova\u00e7\u00e3o.","publisher":{"@id":"https:\/\/www.cidademarketing.com.br\/marketing\/#organization"},"alternateName":"CidadeMarketing","potentialAction":[{"@type":"SearchAction","target":{"@type":"EntryPoint","urlTemplate":"https:\/\/www.cidademarketing.com.br\/marketing\/?s={search_term_string}"},"query-input":{"@type":"PropertyValueSpecification","valueRequired":true,"valueName":"search_term_string"}}],"inLanguage":"pt-BR"},{"@type":"Organization","@id":"https:\/\/www.cidademarketing.com.br\/marketing\/#organization","name":"CidadeMarketing","alternateName":"CidadeMarketing","url":"https:\/\/www.cidademarketing.com.br\/marketing\/","logo":{"@type":"ImageObject","inLanguage":"pt-BR","@id":"https:\/\/www.cidademarketing.com.br\/marketing\/#\/schema\/logo\/image\/","url":"https:\/\/www.cidademarketing.com.br\/marketing\/wp-content\/uploads\/2020\/01\/cidademarketing_marca_mobile.png","contentUrl":"https:\/\/www.cidademarketing.com.br\/marketing\/wp-content\/uploads\/2020\/01\/cidademarketing_marca_mobile.png","width":230,"height":92,"caption":"CidadeMarketing"},"image":{"@id":"https:\/\/www.cidademarketing.com.br\/marketing\/#\/schema\/logo\/image\/"},"sameAs":["https:\/\/www.facebook.com\/portalcidademarketing","https:\/\/x.com\/CidadeMarketing","https:\/\/www.instagram.com\/cidademarketing\/"]},{"@type":"Person","@id":"https:\/\/www.cidademarketing.com.br\/marketing\/#\/schema\/person\/02daff9f18bd9378c9e01eb6b2db155f","name":"Thales Brand\u00e3o","image":{"@type":"ImageObject","inLanguage":"pt-BR","@id":"https:\/\/secure.gravatar.com\/avatar\/7ca3206950207cc3cb48feec56a8a7898741ab725c368d99d5d7a5a50aab80c6?s=96&d=mm&r=g","url":"https:\/\/secure.gravatar.com\/avatar\/7ca3206950207cc3cb48feec56a8a7898741ab725c368d99d5d7a5a50aab80c6?s=96&d=mm&r=g","contentUrl":"https:\/\/secure.gravatar.com\/avatar\/7ca3206950207cc3cb48feec56a8a7898741ab725c368d99d5d7a5a50aab80c6?s=96&d=mm&r=g","caption":"Thales Brand\u00e3o"},"description":"Editor Executivo do Portal CidadeMarketing.com.br &gt; Mestre em Comunica\u00e7\u00e3o e Sociedade pela Universidade Federal de Sergipe. Possui MBA Executivo em Administra\u00e7\u00e3o com \u00eanfase em Marketing pela Funda\u00e7\u00e3o Get\u00falio Vargas - Rio de Janeiro. Consultor, Palestrante e Pesquisador sobre Empreendedorismo, Marketing, Redes Sociais e Neg\u00f3cios Digitais. Professor, Palestrante TedxTalks e Campus Party. Twitter: @ThalesBrandao","sameAs":["http:\/\/www.mandacaru.com.br","https:\/\/www.facebook.com\/thalesbrandao","http:\/\/www.instagram.com.br\/thalesbrandaoferreira","https:\/\/www.linkedin.com\/in\/thales-brand\u00e3o-3948609\/","https:\/\/x.com\/http:\/\/www.twitter.com\/thalesbrandao"],"url":"https:\/\/www.cidademarketing.com.br\/marketing\/author\/thalesbrandao\/"}]}},"amp_enabled":true,"_links":{"self":[{"href":"https:\/\/www.cidademarketing.com.br\/marketing\/wp-json\/wp\/v2\/posts\/24387","targetHints":{"allow":["GET"]}}],"collection":[{"href":"https:\/\/www.cidademarketing.com.br\/marketing\/wp-json\/wp\/v2\/posts"}],"about":[{"href":"https:\/\/www.cidademarketing.com.br\/marketing\/wp-json\/wp\/v2\/types\/post"}],"author":[{"embeddable":true,"href":"https:\/\/www.cidademarketing.com.br\/marketing\/wp-json\/wp\/v2\/users\/1"}],"replies":[{"embeddable":true,"href":"https:\/\/www.cidademarketing.com.br\/marketing\/wp-json\/wp\/v2\/comments?post=24387"}],"version-history":[{"count":1,"href":"https:\/\/www.cidademarketing.com.br\/marketing\/wp-json\/wp\/v2\/posts\/24387\/revisions"}],"predecessor-version":[{"id":24389,"href":"https:\/\/www.cidademarketing.com.br\/marketing\/wp-json\/wp\/v2\/posts\/24387\/revisions\/24389"}],"wp:featuredmedia":[{"embeddable":true,"href":"https:\/\/www.cidademarketing.com.br\/marketing\/wp-json\/wp\/v2\/media\/24388"}],"wp:attachment":[{"href":"https:\/\/www.cidademarketing.com.br\/marketing\/wp-json\/wp\/v2\/media?parent=24387"}],"wp:term":[{"taxonomy":"category","embeddable":true,"href":"https:\/\/www.cidademarketing.com.br\/marketing\/wp-json\/wp\/v2\/categories?post=24387"},{"taxonomy":"post_tag","embeddable":true,"href":"https:\/\/www.cidademarketing.com.br\/marketing\/wp-json\/wp\/v2\/tags?post=24387"}],"curies":[{"name":"wp","href":"https:\/\/api.w.org\/{rel}","templated":true}]}}