{"id":2421,"date":"2018-09-26T17:41:53","date_gmt":"2018-09-26T20:41:53","guid":{"rendered":"http:\/\/www.cidademarketing.com.br\/marketing\/?p=2421"},"modified":"2018-09-26T17:41:53","modified_gmt":"2018-09-26T20:41:53","slug":"nikon-fecha-as-portas-no-brasil-e-proteste-auxilia-consumidores-sobre-o-encerramento-das-atividades-da-marca","status":"publish","type":"post","link":"https:\/\/www.cidademarketing.com.br\/marketing\/2018\/09\/26\/nikon-fecha-as-portas-no-brasil-e-proteste-auxilia-consumidores-sobre-o-encerramento-das-atividades-da-marca\/","title":{"rendered":"Nikon fecha as portas no Brasil e Proteste auxilia consumidores sobre o encerramento das atividades da marca"},"content":{"rendered":"<p>Ap\u00f3s o an\u00fancio do encerramento das atividades no Brasil, a Nikon, uma das maiores fabricantes de c\u00e2meras e lentes do mundo, deixou milhares de consumidores preocupados com a assist\u00eancia t\u00e9cnica e garantia de produtos comprados no pa\u00eds.<br \/>\nPor isso, a fim de orientar aqueles que ainda possuem equipamentos como c\u00e2meras, lentes e acess\u00f3rios Nikon, a PROTESTE, associa\u00e7\u00e3o de consumidores, explica como proceder nestes casos.<br \/>\nPara quem possui produtos fotogr\u00e1ficos ainda no prazo da garantia, a empresa afirmou em nota que estes ter\u00e3o seus reparos \u201chonrados pelo Grupo Nikon\u201d. As solicita\u00e7\u00f5es dever\u00e3o ser feitas atrav\u00e9s de um formul\u00e1rio online, oferecido no site Nikon do Brasil cujo dom\u00ednio continuar\u00e1 ativo. No entanto, quem possui algum item, seja c\u00e2mera, lentes, etc, fora da garantia ter\u00e3o servi\u00e7os de assist\u00eancia t\u00e9cnica assumidos diretamente pela marca nos Estados Unidos.<\/p>\n<p>A PROTESTE lembra que em caso de envio de produtos para reparo nos locais disponibilizados pela rede, nem mesmo o envio ou frete pode ser cobrado do consumidor, se o produto estiver no prazo de garantia. Outro ponto importante, \u00e9 que uma vez que a empresa decidiu deixar o pa\u00eds por uma decis\u00e3o estrat\u00e9gica, n\u00e3o deixa de se submeter \u00e0s regras brasileiras quanto a garantia prevista em lei, cumprindo o prazo de 30 dias para o conserto, independentemente de ter que enviar o produto a outro pa\u00eds onde h\u00e1 assist\u00eancia t\u00e9cnica.<br \/>\nCaso o consumidor tenha dificuldades com o cumprimento da garantia pela marca Nikon, pode procurar um \u00f3rg\u00e3o de defesa do consumidor.<\/p>\n","protected":false},"excerpt":{"rendered":"<p>Ap\u00f3s o an\u00fancio do encerramento das atividades no Brasil, a Nikon, uma das maiores fabricantes de c\u00e2meras e lentes do mundo, deixou milhares de consumidores preocupados com a assist\u00eancia t\u00e9cnica e garantia de produtos comprados no pa\u00eds. Por isso, a fim de orientar aqueles que ainda possuem equipamentos como c\u00e2meras, lentes e acess\u00f3rios Nikon, a [&hellip;]<\/p>\n","protected":false},"author":1,"featured_media":2422,"comment_status":"open","ping_status":"open","sticky":false,"template":"","format":"standard","meta":{"tdm_status":"","tdm_grid_status":"","footnotes":""},"categories":[6],"tags":[535,534,70],"class_list":["post-2421","post","type-post","status-publish","format-standard","has-post-thumbnail","hentry","category-noticias","tag-marketing-consumidores","tag-nikon","tag-proteste"],"yoast_head":"<!-- This site is optimized with the Yoast SEO plugin v27.5 - https:\/\/yoast.com\/product\/yoast-seo-wordpress\/ -->\n<title>Nikon fecha as portas no Brasil e Proteste auxilia consumidores sobre o encerramento das atividades da marca - CidadeMarketing<\/title>\n<meta name=\"robots\" content=\"index, follow, max-snippet:-1, max-image-preview:large, max-video-preview:-1\" \/>\n<link rel=\"canonical\" href=\"https:\/\/www.cidademarketing.com.br\/marketing\/2018\/09\/26\/nikon-fecha-as-portas-no-brasil-e-proteste-auxilia-consumidores-sobre-o-encerramento-das-atividades-da-marca\/\" \/>\n<meta property=\"og:locale\" content=\"pt_BR\" \/>\n<meta property=\"og:type\" content=\"article\" \/>\n<meta property=\"og:title\" content=\"Nikon fecha as portas no Brasil e Proteste auxilia consumidores sobre o encerramento das atividades da marca - CidadeMarketing\" \/>\n<meta property=\"og:description\" content=\"Ap\u00f3s o an\u00fancio do encerramento das atividades no Brasil, a Nikon, uma das maiores fabricantes de c\u00e2meras e lentes do mundo, deixou milhares de consumidores preocupados com a assist\u00eancia t\u00e9cnica e garantia de produtos comprados no pa\u00eds. Por isso, a fim de orientar aqueles que ainda possuem equipamentos como c\u00e2meras, lentes e acess\u00f3rios Nikon, a [&hellip;]\" \/>\n<meta property=\"og:url\" content=\"https:\/\/www.cidademarketing.com.br\/marketing\/2018\/09\/26\/nikon-fecha-as-portas-no-brasil-e-proteste-auxilia-consumidores-sobre-o-encerramento-das-atividades-da-marca\/\" \/>\n<meta property=\"og:site_name\" content=\"CidadeMarketing\" \/>\n<meta property=\"article:publisher\" content=\"https:\/\/www.facebook.com\/portalcidademarketing\" \/>\n<meta property=\"article:author\" content=\"https:\/\/www.facebook.com\/thalesbrandao\" \/>\n<meta property=\"article:published_time\" content=\"2018-09-26T20:41:53+00:00\" \/>\n<meta property=\"og:image\" content=\"https:\/\/www.cidademarketing.com.br\/marketing\/wp-content\/uploads\/2018\/09\/nikon.png\" \/>\n\t<meta property=\"og:image:width\" content=\"301\" \/>\n\t<meta property=\"og:image:height\" content=\"300\" \/>\n\t<meta property=\"og:image:type\" content=\"image\/png\" \/>\n<meta name=\"author\" content=\"Thales Brand\u00e3o\" \/>\n<meta name=\"twitter:card\" content=\"summary_large_image\" \/>\n<meta name=\"twitter:creator\" content=\"@http:\/\/www.twitter.com\/thalesbrandao\" \/>\n<meta name=\"twitter:site\" content=\"@CidadeMarketing\" \/>\n<meta name=\"twitter:label1\" content=\"Escrito por\" \/>\n\t<meta name=\"twitter:data1\" content=\"Thales Brand\u00e3o\" \/>\n\t<meta name=\"twitter:label2\" content=\"Est. tempo de leitura\" \/>\n\t<meta name=\"twitter:data2\" content=\"1 minuto\" \/>\n<script type=\"application\/ld+json\" class=\"yoast-schema-graph\">{\"@context\":\"https:\\\/\\\/schema.org\",\"@graph\":[{\"@type\":\"Article\",\"@id\":\"https:\\\/\\\/www.cidademarketing.com.br\\\/marketing\\\/2018\\\/09\\\/26\\\/nikon-fecha-as-portas-no-brasil-e-proteste-auxilia-consumidores-sobre-o-encerramento-das-atividades-da-marca\\\/#article\",\"isPartOf\":{\"@id\":\"https:\\\/\\\/www.cidademarketing.com.br\\\/marketing\\\/2018\\\/09\\\/26\\\/nikon-fecha-as-portas-no-brasil-e-proteste-auxilia-consumidores-sobre-o-encerramento-das-atividades-da-marca\\\/\"},\"author\":{\"name\":\"Thales Brand\u00e3o\",\"@id\":\"https:\\\/\\\/www.cidademarketing.com.br\\\/marketing\\\/#\\\/schema\\\/person\\\/02daff9f18bd9378c9e01eb6b2db155f\"},\"headline\":\"Nikon fecha as portas no Brasil e Proteste auxilia consumidores sobre o encerramento das atividades da marca\",\"datePublished\":\"2018-09-26T20:41:53+00:00\",\"mainEntityOfPage\":{\"@id\":\"https:\\\/\\\/www.cidademarketing.com.br\\\/marketing\\\/2018\\\/09\\\/26\\\/nikon-fecha-as-portas-no-brasil-e-proteste-auxilia-consumidores-sobre-o-encerramento-das-atividades-da-marca\\\/\"},\"wordCount\":289,\"commentCount\":0,\"publisher\":{\"@id\":\"https:\\\/\\\/www.cidademarketing.com.br\\\/marketing\\\/#organization\"},\"image\":{\"@id\":\"https:\\\/\\\/www.cidademarketing.com.br\\\/marketing\\\/2018\\\/09\\\/26\\\/nikon-fecha-as-portas-no-brasil-e-proteste-auxilia-consumidores-sobre-o-encerramento-das-atividades-da-marca\\\/#primaryimage\"},\"thumbnailUrl\":\"https:\\\/\\\/www.cidademarketing.com.br\\\/marketing\\\/wp-content\\\/uploads\\\/2018\\\/09\\\/nikon.png\",\"keywords\":[\"marketing. consumidores\",\"Nikon\",\"Proteste\"],\"articleSection\":[\"Not\u00edcias\"],\"inLanguage\":\"pt-BR\",\"potentialAction\":[{\"@type\":\"CommentAction\",\"name\":\"Comment\",\"target\":[\"https:\\\/\\\/www.cidademarketing.com.br\\\/marketing\\\/2018\\\/09\\\/26\\\/nikon-fecha-as-portas-no-brasil-e-proteste-auxilia-consumidores-sobre-o-encerramento-das-atividades-da-marca\\\/#respond\"]}]},{\"@type\":\"WebPage\",\"@id\":\"https:\\\/\\\/www.cidademarketing.com.br\\\/marketing\\\/2018\\\/09\\\/26\\\/nikon-fecha-as-portas-no-brasil-e-proteste-auxilia-consumidores-sobre-o-encerramento-das-atividades-da-marca\\\/\",\"url\":\"https:\\\/\\\/www.cidademarketing.com.br\\\/marketing\\\/2018\\\/09\\\/26\\\/nikon-fecha-as-portas-no-brasil-e-proteste-auxilia-consumidores-sobre-o-encerramento-das-atividades-da-marca\\\/\",\"name\":\"Nikon fecha as portas no Brasil e Proteste auxilia consumidores sobre o encerramento das atividades da marca - CidadeMarketing\",\"isPartOf\":{\"@id\":\"https:\\\/\\\/www.cidademarketing.com.br\\\/marketing\\\/#website\"},\"primaryImageOfPage\":{\"@id\":\"https:\\\/\\\/www.cidademarketing.com.br\\\/marketing\\\/2018\\\/09\\\/26\\\/nikon-fecha-as-portas-no-brasil-e-proteste-auxilia-consumidores-sobre-o-encerramento-das-atividades-da-marca\\\/#primaryimage\"},\"image\":{\"@id\":\"https:\\\/\\\/www.cidademarketing.com.br\\\/marketing\\\/2018\\\/09\\\/26\\\/nikon-fecha-as-portas-no-brasil-e-proteste-auxilia-consumidores-sobre-o-encerramento-das-atividades-da-marca\\\/#primaryimage\"},\"thumbnailUrl\":\"https:\\\/\\\/www.cidademarketing.com.br\\\/marketing\\\/wp-content\\\/uploads\\\/2018\\\/09\\\/nikon.png\",\"datePublished\":\"2018-09-26T20:41:53+00:00\",\"breadcrumb\":{\"@id\":\"https:\\\/\\\/www.cidademarketing.com.br\\\/marketing\\\/2018\\\/09\\\/26\\\/nikon-fecha-as-portas-no-brasil-e-proteste-auxilia-consumidores-sobre-o-encerramento-das-atividades-da-marca\\\/#breadcrumb\"},\"inLanguage\":\"pt-BR\",\"potentialAction\":[{\"@type\":\"ReadAction\",\"target\":[\"https:\\\/\\\/www.cidademarketing.com.br\\\/marketing\\\/2018\\\/09\\\/26\\\/nikon-fecha-as-portas-no-brasil-e-proteste-auxilia-consumidores-sobre-o-encerramento-das-atividades-da-marca\\\/\"]}]},{\"@type\":\"ImageObject\",\"inLanguage\":\"pt-BR\",\"@id\":\"https:\\\/\\\/www.cidademarketing.com.br\\\/marketing\\\/2018\\\/09\\\/26\\\/nikon-fecha-as-portas-no-brasil-e-proteste-auxilia-consumidores-sobre-o-encerramento-das-atividades-da-marca\\\/#primaryimage\",\"url\":\"https:\\\/\\\/www.cidademarketing.com.br\\\/marketing\\\/wp-content\\\/uploads\\\/2018\\\/09\\\/nikon.png\",\"contentUrl\":\"https:\\\/\\\/www.cidademarketing.com.br\\\/marketing\\\/wp-content\\\/uploads\\\/2018\\\/09\\\/nikon.png\",\"width\":301,\"height\":300},{\"@type\":\"BreadcrumbList\",\"@id\":\"https:\\\/\\\/www.cidademarketing.com.br\\\/marketing\\\/2018\\\/09\\\/26\\\/nikon-fecha-as-portas-no-brasil-e-proteste-auxilia-consumidores-sobre-o-encerramento-das-atividades-da-marca\\\/#breadcrumb\",\"itemListElement\":[{\"@type\":\"ListItem\",\"position\":1,\"name\":\"In\u00edcio\",\"item\":\"https:\\\/\\\/www.cidademarketing.com.br\\\/marketing\\\/\"},{\"@type\":\"ListItem\",\"position\":2,\"name\":\"Nikon fecha as portas no Brasil e Proteste auxilia consumidores sobre o encerramento das atividades da marca\"}]},{\"@type\":\"WebSite\",\"@id\":\"https:\\\/\\\/www.cidademarketing.com.br\\\/marketing\\\/#website\",\"url\":\"https:\\\/\\\/www.cidademarketing.com.br\\\/marketing\\\/\",\"name\":\"CidadeMarketing\",\"description\":\"Somos um ve\u00edculo de comunica\u00e7\u00e3o de destaque no Brasil, reconhecido por conte\u00fados nos segmentos de marketing, empreendedorismo e inova\u00e7\u00e3o.\",\"publisher\":{\"@id\":\"https:\\\/\\\/www.cidademarketing.com.br\\\/marketing\\\/#organization\"},\"alternateName\":\"CidadeMarketing\",\"potentialAction\":[{\"@type\":\"SearchAction\",\"target\":{\"@type\":\"EntryPoint\",\"urlTemplate\":\"https:\\\/\\\/www.cidademarketing.com.br\\\/marketing\\\/?s={search_term_string}\"},\"query-input\":{\"@type\":\"PropertyValueSpecification\",\"valueRequired\":true,\"valueName\":\"search_term_string\"}}],\"inLanguage\":\"pt-BR\"},{\"@type\":\"Organization\",\"@id\":\"https:\\\/\\\/www.cidademarketing.com.br\\\/marketing\\\/#organization\",\"name\":\"CidadeMarketing\",\"alternateName\":\"CidadeMarketing\",\"url\":\"https:\\\/\\\/www.cidademarketing.com.br\\\/marketing\\\/\",\"logo\":{\"@type\":\"ImageObject\",\"inLanguage\":\"pt-BR\",\"@id\":\"https:\\\/\\\/www.cidademarketing.com.br\\\/marketing\\\/#\\\/schema\\\/logo\\\/image\\\/\",\"url\":\"https:\\\/\\\/www.cidademarketing.com.br\\\/marketing\\\/wp-content\\\/uploads\\\/2020\\\/01\\\/cidademarketing_marca_mobile.png\",\"contentUrl\":\"https:\\\/\\\/www.cidademarketing.com.br\\\/marketing\\\/wp-content\\\/uploads\\\/2020\\\/01\\\/cidademarketing_marca_mobile.png\",\"width\":230,\"height\":92,\"caption\":\"CidadeMarketing\"},\"image\":{\"@id\":\"https:\\\/\\\/www.cidademarketing.com.br\\\/marketing\\\/#\\\/schema\\\/logo\\\/image\\\/\"},\"sameAs\":[\"https:\\\/\\\/www.facebook.com\\\/portalcidademarketing\",\"https:\\\/\\\/x.com\\\/CidadeMarketing\",\"https:\\\/\\\/www.instagram.com\\\/cidademarketing\\\/\"]},{\"@type\":\"Person\",\"@id\":\"https:\\\/\\\/www.cidademarketing.com.br\\\/marketing\\\/#\\\/schema\\\/person\\\/02daff9f18bd9378c9e01eb6b2db155f\",\"name\":\"Thales Brand\u00e3o\",\"image\":{\"@type\":\"ImageObject\",\"inLanguage\":\"pt-BR\",\"@id\":\"https:\\\/\\\/secure.gravatar.com\\\/avatar\\\/7ca3206950207cc3cb48feec56a8a7898741ab725c368d99d5d7a5a50aab80c6?s=96&d=mm&r=g\",\"url\":\"https:\\\/\\\/secure.gravatar.com\\\/avatar\\\/7ca3206950207cc3cb48feec56a8a7898741ab725c368d99d5d7a5a50aab80c6?s=96&d=mm&r=g\",\"contentUrl\":\"https:\\\/\\\/secure.gravatar.com\\\/avatar\\\/7ca3206950207cc3cb48feec56a8a7898741ab725c368d99d5d7a5a50aab80c6?s=96&d=mm&r=g\",\"caption\":\"Thales Brand\u00e3o\"},\"description\":\"Editor Executivo do Portal CidadeMarketing.com.br &gt; Mestre em Comunica\u00e7\u00e3o e Sociedade pela Universidade Federal de Sergipe. Possui MBA Executivo em Administra\u00e7\u00e3o com \u00eanfase em Marketing pela Funda\u00e7\u00e3o Get\u00falio Vargas - Rio de Janeiro. Consultor, Palestrante e Pesquisador sobre Empreendedorismo, Marketing, Redes Sociais e Neg\u00f3cios Digitais. Professor, Palestrante TedxTalks e Campus Party. Twitter: @ThalesBrandao\",\"sameAs\":[\"http:\\\/\\\/www.mandacaru.com.br\",\"https:\\\/\\\/www.facebook.com\\\/thalesbrandao\",\"http:\\\/\\\/www.instagram.com.br\\\/thalesbrandaoferreira\",\"https:\\\/\\\/www.linkedin.com\\\/in\\\/thales-brand\u00e3o-3948609\\\/\",\"https:\\\/\\\/x.com\\\/http:\\\/\\\/www.twitter.com\\\/thalesbrandao\"],\"url\":\"https:\\\/\\\/www.cidademarketing.com.br\\\/marketing\\\/author\\\/thalesbrandao\\\/\"}]}<\/script>\n<!-- \/ Yoast SEO plugin. -->","yoast_head_json":{"title":"Nikon fecha as portas no Brasil e Proteste auxilia consumidores sobre o encerramento das atividades da marca - CidadeMarketing","robots":{"index":"index","follow":"follow","max-snippet":"max-snippet:-1","max-image-preview":"max-image-preview:large","max-video-preview":"max-video-preview:-1"},"canonical":"https:\/\/www.cidademarketing.com.br\/marketing\/2018\/09\/26\/nikon-fecha-as-portas-no-brasil-e-proteste-auxilia-consumidores-sobre-o-encerramento-das-atividades-da-marca\/","og_locale":"pt_BR","og_type":"article","og_title":"Nikon fecha as portas no Brasil e Proteste auxilia consumidores sobre o encerramento das atividades da marca - CidadeMarketing","og_description":"Ap\u00f3s o an\u00fancio do encerramento das atividades no Brasil, a Nikon, uma das maiores fabricantes de c\u00e2meras e lentes do mundo, deixou milhares de consumidores preocupados com a assist\u00eancia t\u00e9cnica e garantia de produtos comprados no pa\u00eds. Por isso, a fim de orientar aqueles que ainda possuem equipamentos como c\u00e2meras, lentes e acess\u00f3rios Nikon, a [&hellip;]","og_url":"https:\/\/www.cidademarketing.com.br\/marketing\/2018\/09\/26\/nikon-fecha-as-portas-no-brasil-e-proteste-auxilia-consumidores-sobre-o-encerramento-das-atividades-da-marca\/","og_site_name":"CidadeMarketing","article_publisher":"https:\/\/www.facebook.com\/portalcidademarketing","article_author":"https:\/\/www.facebook.com\/thalesbrandao","article_published_time":"2018-09-26T20:41:53+00:00","og_image":[{"width":301,"height":300,"url":"https:\/\/www.cidademarketing.com.br\/marketing\/wp-content\/uploads\/2018\/09\/nikon.png","type":"image\/png"}],"author":"Thales Brand\u00e3o","twitter_card":"summary_large_image","twitter_creator":"@http:\/\/www.twitter.com\/thalesbrandao","twitter_site":"@CidadeMarketing","twitter_misc":{"Escrito por":"Thales Brand\u00e3o","Est. tempo de leitura":"1 minuto"},"schema":{"@context":"https:\/\/schema.org","@graph":[{"@type":"Article","@id":"https:\/\/www.cidademarketing.com.br\/marketing\/2018\/09\/26\/nikon-fecha-as-portas-no-brasil-e-proteste-auxilia-consumidores-sobre-o-encerramento-das-atividades-da-marca\/#article","isPartOf":{"@id":"https:\/\/www.cidademarketing.com.br\/marketing\/2018\/09\/26\/nikon-fecha-as-portas-no-brasil-e-proteste-auxilia-consumidores-sobre-o-encerramento-das-atividades-da-marca\/"},"author":{"name":"Thales Brand\u00e3o","@id":"https:\/\/www.cidademarketing.com.br\/marketing\/#\/schema\/person\/02daff9f18bd9378c9e01eb6b2db155f"},"headline":"Nikon fecha as portas no Brasil e Proteste auxilia consumidores sobre o encerramento das atividades da marca","datePublished":"2018-09-26T20:41:53+00:00","mainEntityOfPage":{"@id":"https:\/\/www.cidademarketing.com.br\/marketing\/2018\/09\/26\/nikon-fecha-as-portas-no-brasil-e-proteste-auxilia-consumidores-sobre-o-encerramento-das-atividades-da-marca\/"},"wordCount":289,"commentCount":0,"publisher":{"@id":"https:\/\/www.cidademarketing.com.br\/marketing\/#organization"},"image":{"@id":"https:\/\/www.cidademarketing.com.br\/marketing\/2018\/09\/26\/nikon-fecha-as-portas-no-brasil-e-proteste-auxilia-consumidores-sobre-o-encerramento-das-atividades-da-marca\/#primaryimage"},"thumbnailUrl":"https:\/\/www.cidademarketing.com.br\/marketing\/wp-content\/uploads\/2018\/09\/nikon.png","keywords":["marketing. consumidores","Nikon","Proteste"],"articleSection":["Not\u00edcias"],"inLanguage":"pt-BR","potentialAction":[{"@type":"CommentAction","name":"Comment","target":["https:\/\/www.cidademarketing.com.br\/marketing\/2018\/09\/26\/nikon-fecha-as-portas-no-brasil-e-proteste-auxilia-consumidores-sobre-o-encerramento-das-atividades-da-marca\/#respond"]}]},{"@type":"WebPage","@id":"https:\/\/www.cidademarketing.com.br\/marketing\/2018\/09\/26\/nikon-fecha-as-portas-no-brasil-e-proteste-auxilia-consumidores-sobre-o-encerramento-das-atividades-da-marca\/","url":"https:\/\/www.cidademarketing.com.br\/marketing\/2018\/09\/26\/nikon-fecha-as-portas-no-brasil-e-proteste-auxilia-consumidores-sobre-o-encerramento-das-atividades-da-marca\/","name":"Nikon fecha as portas no Brasil e Proteste auxilia consumidores sobre o encerramento das atividades da marca - CidadeMarketing","isPartOf":{"@id":"https:\/\/www.cidademarketing.com.br\/marketing\/#website"},"primaryImageOfPage":{"@id":"https:\/\/www.cidademarketing.com.br\/marketing\/2018\/09\/26\/nikon-fecha-as-portas-no-brasil-e-proteste-auxilia-consumidores-sobre-o-encerramento-das-atividades-da-marca\/#primaryimage"},"image":{"@id":"https:\/\/www.cidademarketing.com.br\/marketing\/2018\/09\/26\/nikon-fecha-as-portas-no-brasil-e-proteste-auxilia-consumidores-sobre-o-encerramento-das-atividades-da-marca\/#primaryimage"},"thumbnailUrl":"https:\/\/www.cidademarketing.com.br\/marketing\/wp-content\/uploads\/2018\/09\/nikon.png","datePublished":"2018-09-26T20:41:53+00:00","breadcrumb":{"@id":"https:\/\/www.cidademarketing.com.br\/marketing\/2018\/09\/26\/nikon-fecha-as-portas-no-brasil-e-proteste-auxilia-consumidores-sobre-o-encerramento-das-atividades-da-marca\/#breadcrumb"},"inLanguage":"pt-BR","potentialAction":[{"@type":"ReadAction","target":["https:\/\/www.cidademarketing.com.br\/marketing\/2018\/09\/26\/nikon-fecha-as-portas-no-brasil-e-proteste-auxilia-consumidores-sobre-o-encerramento-das-atividades-da-marca\/"]}]},{"@type":"ImageObject","inLanguage":"pt-BR","@id":"https:\/\/www.cidademarketing.com.br\/marketing\/2018\/09\/26\/nikon-fecha-as-portas-no-brasil-e-proteste-auxilia-consumidores-sobre-o-encerramento-das-atividades-da-marca\/#primaryimage","url":"https:\/\/www.cidademarketing.com.br\/marketing\/wp-content\/uploads\/2018\/09\/nikon.png","contentUrl":"https:\/\/www.cidademarketing.com.br\/marketing\/wp-content\/uploads\/2018\/09\/nikon.png","width":301,"height":300},{"@type":"BreadcrumbList","@id":"https:\/\/www.cidademarketing.com.br\/marketing\/2018\/09\/26\/nikon-fecha-as-portas-no-brasil-e-proteste-auxilia-consumidores-sobre-o-encerramento-das-atividades-da-marca\/#breadcrumb","itemListElement":[{"@type":"ListItem","position":1,"name":"In\u00edcio","item":"https:\/\/www.cidademarketing.com.br\/marketing\/"},{"@type":"ListItem","position":2,"name":"Nikon fecha as portas no Brasil e Proteste auxilia consumidores sobre o encerramento das atividades da marca"}]},{"@type":"WebSite","@id":"https:\/\/www.cidademarketing.com.br\/marketing\/#website","url":"https:\/\/www.cidademarketing.com.br\/marketing\/","name":"CidadeMarketing","description":"Somos um ve\u00edculo de comunica\u00e7\u00e3o de destaque no Brasil, reconhecido por conte\u00fados nos segmentos de marketing, empreendedorismo e inova\u00e7\u00e3o.","publisher":{"@id":"https:\/\/www.cidademarketing.com.br\/marketing\/#organization"},"alternateName":"CidadeMarketing","potentialAction":[{"@type":"SearchAction","target":{"@type":"EntryPoint","urlTemplate":"https:\/\/www.cidademarketing.com.br\/marketing\/?s={search_term_string}"},"query-input":{"@type":"PropertyValueSpecification","valueRequired":true,"valueName":"search_term_string"}}],"inLanguage":"pt-BR"},{"@type":"Organization","@id":"https:\/\/www.cidademarketing.com.br\/marketing\/#organization","name":"CidadeMarketing","alternateName":"CidadeMarketing","url":"https:\/\/www.cidademarketing.com.br\/marketing\/","logo":{"@type":"ImageObject","inLanguage":"pt-BR","@id":"https:\/\/www.cidademarketing.com.br\/marketing\/#\/schema\/logo\/image\/","url":"https:\/\/www.cidademarketing.com.br\/marketing\/wp-content\/uploads\/2020\/01\/cidademarketing_marca_mobile.png","contentUrl":"https:\/\/www.cidademarketing.com.br\/marketing\/wp-content\/uploads\/2020\/01\/cidademarketing_marca_mobile.png","width":230,"height":92,"caption":"CidadeMarketing"},"image":{"@id":"https:\/\/www.cidademarketing.com.br\/marketing\/#\/schema\/logo\/image\/"},"sameAs":["https:\/\/www.facebook.com\/portalcidademarketing","https:\/\/x.com\/CidadeMarketing","https:\/\/www.instagram.com\/cidademarketing\/"]},{"@type":"Person","@id":"https:\/\/www.cidademarketing.com.br\/marketing\/#\/schema\/person\/02daff9f18bd9378c9e01eb6b2db155f","name":"Thales Brand\u00e3o","image":{"@type":"ImageObject","inLanguage":"pt-BR","@id":"https:\/\/secure.gravatar.com\/avatar\/7ca3206950207cc3cb48feec56a8a7898741ab725c368d99d5d7a5a50aab80c6?s=96&d=mm&r=g","url":"https:\/\/secure.gravatar.com\/avatar\/7ca3206950207cc3cb48feec56a8a7898741ab725c368d99d5d7a5a50aab80c6?s=96&d=mm&r=g","contentUrl":"https:\/\/secure.gravatar.com\/avatar\/7ca3206950207cc3cb48feec56a8a7898741ab725c368d99d5d7a5a50aab80c6?s=96&d=mm&r=g","caption":"Thales Brand\u00e3o"},"description":"Editor Executivo do Portal CidadeMarketing.com.br &gt; Mestre em Comunica\u00e7\u00e3o e Sociedade pela Universidade Federal de Sergipe. Possui MBA Executivo em Administra\u00e7\u00e3o com \u00eanfase em Marketing pela Funda\u00e7\u00e3o Get\u00falio Vargas - Rio de Janeiro. Consultor, Palestrante e Pesquisador sobre Empreendedorismo, Marketing, Redes Sociais e Neg\u00f3cios Digitais. Professor, Palestrante TedxTalks e Campus Party. Twitter: @ThalesBrandao","sameAs":["http:\/\/www.mandacaru.com.br","https:\/\/www.facebook.com\/thalesbrandao","http:\/\/www.instagram.com.br\/thalesbrandaoferreira","https:\/\/www.linkedin.com\/in\/thales-brand\u00e3o-3948609\/","https:\/\/x.com\/http:\/\/www.twitter.com\/thalesbrandao"],"url":"https:\/\/www.cidademarketing.com.br\/marketing\/author\/thalesbrandao\/"}]}},"amp_enabled":true,"_links":{"self":[{"href":"https:\/\/www.cidademarketing.com.br\/marketing\/wp-json\/wp\/v2\/posts\/2421","targetHints":{"allow":["GET"]}}],"collection":[{"href":"https:\/\/www.cidademarketing.com.br\/marketing\/wp-json\/wp\/v2\/posts"}],"about":[{"href":"https:\/\/www.cidademarketing.com.br\/marketing\/wp-json\/wp\/v2\/types\/post"}],"author":[{"embeddable":true,"href":"https:\/\/www.cidademarketing.com.br\/marketing\/wp-json\/wp\/v2\/users\/1"}],"replies":[{"embeddable":true,"href":"https:\/\/www.cidademarketing.com.br\/marketing\/wp-json\/wp\/v2\/comments?post=2421"}],"version-history":[{"count":1,"href":"https:\/\/www.cidademarketing.com.br\/marketing\/wp-json\/wp\/v2\/posts\/2421\/revisions"}],"predecessor-version":[{"id":2423,"href":"https:\/\/www.cidademarketing.com.br\/marketing\/wp-json\/wp\/v2\/posts\/2421\/revisions\/2423"}],"wp:featuredmedia":[{"embeddable":true,"href":"https:\/\/www.cidademarketing.com.br\/marketing\/wp-json\/wp\/v2\/media\/2422"}],"wp:attachment":[{"href":"https:\/\/www.cidademarketing.com.br\/marketing\/wp-json\/wp\/v2\/media?parent=2421"}],"wp:term":[{"taxonomy":"category","embeddable":true,"href":"https:\/\/www.cidademarketing.com.br\/marketing\/wp-json\/wp\/v2\/categories?post=2421"},{"taxonomy":"post_tag","embeddable":true,"href":"https:\/\/www.cidademarketing.com.br\/marketing\/wp-json\/wp\/v2\/tags?post=2421"}],"curies":[{"name":"wp","href":"https:\/\/api.w.org\/{rel}","templated":true}]}}