{"id":24130,"date":"2021-06-04T14:40:35","date_gmt":"2021-06-04T17:40:35","guid":{"rendered":"https:\/\/www.cidademarketing.com.br\/marketing\/?p=24130"},"modified":"2021-06-04T14:40:36","modified_gmt":"2021-06-04T17:40:36","slug":"mercado-livre-expande-frota-sustentavel-com-carretas-movidas-a-gas","status":"publish","type":"post","link":"https:\/\/www.cidademarketing.com.br\/marketing\/2021\/06\/04\/mercado-livre-expande-frota-sustentavel-com-carretas-movidas-a-gas\/","title":{"rendered":"Mercado Livre expande frota sustent\u00e1vel com carretas movidas a g\u00e1s"},"content":{"rendered":"\n<p>O Mercado Livre<strong>,<\/strong> l\u00edder em tecnologia para e-commerce e servi\u00e7os financeiros na Am\u00e9rica Latina, anuncia a expans\u00e3o da sua frota sustent\u00e1vel, com a chegada de 46 carretas movidas a g\u00e1s &#8211; Biometano e GNV (G\u00e1s Natural Veicular) &#8211; at\u00e9 o final de 2021. Os oito primeiros ve\u00edculos j\u00e1 estar\u00e3o em circula\u00e7\u00e3o at\u00e9 o final de junho, com amplia\u00e7\u00e3o gradual da frota ao longo do ano.<\/p>\n\n\n\n<p>As novas carretas \u00e0 Biometano emitem menos gases poluentes em compara\u00e7\u00e3o com as movidas \u00e0 Diesel, minimizando o impacto ambiental da rede log\u00edstica da empresa, que tem se expandido na mesma propor\u00e7\u00e3o que o crescimento do neg\u00f3cio em toda a regi\u00e3o. A frota ir\u00e1 se somar aos 51 carros el\u00e9tricos que j\u00e1 est\u00e3o em opera\u00e7\u00e3o no pa\u00eds desde dezembro do ano passado, acelerando a caminhada do Mercado Livre rumo a uma log\u00edstica mais verde na Am\u00e9rica Latina.<\/p>\n\n\n\n<p>As novas carretas ir\u00e3o atender inicialmente o Sul e Sudeste do Brasil, por\u00e9m a inten\u00e7\u00e3o do Mercado Livre \u00e9 chegar a todas as regi\u00f5es do pa\u00eds tamb\u00e9m com essa frota. Para isso, a empresa tem acompanhado a oferta deste tipo de combust\u00edvel nos postos das principais rodovias, o que possibilitar\u00e1 a amplia\u00e7\u00e3o das rotas log\u00edsticas da companhia.<\/p>\n\n\n\n<p>Com as oito carretas em circula\u00e7\u00e3o ser\u00e3o transportados, em m\u00e9dia, quarenta mil pacotes por dia. Entretanto, at\u00e9 o final do ano, com as 46 carretas em opera\u00e7\u00e3o, ser\u00e3o mais de 230 mil encomendas transportadas diariamente pelas carretas sustent\u00e1veis, o que ir\u00e1 fortalecer e dar continuidade \u00e0 entrega mais r\u00e1pida do Brasil.<\/p>\n\n\n\n<p>O Mercado Livre conta com uma malha log\u00edstica robusta composta pelos carros el\u00e9tricos e carretas, al\u00e9m de vans e avi\u00f5es. Atualmente, 90% das entregas da companhia ocorrem em at\u00e9 dois dias e 75% no dia seguinte, a partir da modalidade de Fulfillment, que atinge 1.800 cidades brasileiras &#8211; onde vive 80% da popula\u00e7\u00e3o do pa\u00eds.<\/p>\n\n\n\n<p>&#8220;A expans\u00e3o da frota sustent\u00e1vel est\u00e1 em linha com a nossa estrat\u00e9gia de meio ambiente e sustentabilidade para toda a Am\u00e9rica Latina. Temos consci\u00eancia do aumento do nosso impacto ambiental. Por isso, almejamos opera\u00e7\u00f5es cada vez mais limpas do ponto de vista ambiental e o protagonismo de ve\u00edculos el\u00e9tricos e a g\u00e1s em nossa log\u00edstica, o que refor\u00e7a o nosso cuidado e preocupa\u00e7\u00e3o com o meio ambiente&#8221;, comenta Fernando Yunes, vice-presidente s\u00eanior do Mercado Livre no Brasil.<\/p>\n\n\n\n<p>Al\u00e9m de desenvolver projetos de mobilidade el\u00e9trica e a g\u00e1s, o Mercado Livre atua em diferentes frentes de a\u00e7\u00e3o clim\u00e1tica, medindo e reportando as suas emiss\u00f5es, al\u00e9m de desenvolver projetos de energias renov\u00e1veis e gest\u00e3o de materiais. A Melicidade &#8211; sede da empresa no Brasil, localizada em Osasco, SP &#8211; conta com mais de 1.800 pain\u00e9is solares que abastecem 20% do consumo e os 80% restantes s\u00e3o abastecidos por outras energias renov\u00e1veis.<\/p>\n\n\n\n<p>Paralelamente, est\u00e1 em curso a migra\u00e7\u00e3o de centros de distribui\u00e7\u00e3o no Brasil e no M\u00e9xico para o abastecimento 100% com energias renov\u00e1veis, a ser conclu\u00edda em 2021. O projeto inclui tamb\u00e9m opera\u00e7\u00f5es na Argentina, Chile e Col\u00f4mbia.<\/p>\n\n\n\n<p>E neste ano, a empresa emitiu um t\u00edtulo verde de US\ufe69400 milh\u00f5es, a fim de apoiar causas de sustentabilidade em toda a regi\u00e3o. E criou o programa Regenera Am\u00e9rica, com objetivo de apoiar projetos de regenera\u00e7\u00e3o e conserva\u00e7\u00e3o nos principais biomas da Am\u00e9rica Latina, da Amaz\u00f4nia brasileira \u00e0s Selvas \u00damidas do M\u00e9xico, regi\u00e3o que abriga um quarto da biodiversidade do planeta. Ainda em 2021, o Mercado Livre ir\u00e1 apoiar duas iniciativas na Mata Atl\u00e2ntica, em parceria com a organiza\u00e7\u00e3o ambiental global The Nature Conservancy (TNC) e com o Instituto de Pesquisas Ecol\u00f3gicas (IP\u00ca). Os projetos t\u00eam foco no plantio de \u00e1rvores, na regenera\u00e7\u00e3o de corredores biol\u00f3gicos e na prote\u00e7\u00e3o de importantes bacias hidrogr\u00e1ficas do Brasil.<\/p>\n","protected":false},"excerpt":{"rendered":"<p>O Mercado Livre, l\u00edder em tecnologia para e-commerce e servi\u00e7os financeiros na Am\u00e9rica Latina, anuncia a expans\u00e3o da sua frota sustent\u00e1vel, com a chegada de 46 carretas movidas a g\u00e1s &#8211; Biometano e GNV (G\u00e1s Natural Veicular) &#8211; at\u00e9 o final de 2021. Os oito primeiros ve\u00edculos j\u00e1 estar\u00e3o em circula\u00e7\u00e3o at\u00e9 o final de [&hellip;]<\/p>\n","protected":false},"author":1,"featured_media":24131,"comment_status":"open","ping_status":"open","sticky":false,"template":"","format":"standard","meta":{"tdm_status":"","tdm_grid_status":"","footnotes":""},"categories":[6],"tags":[33,1007,1106,176],"class_list":["post-24130","post","type-post","status-publish","format-standard","has-post-thumbnail","hentry","category-noticias","tag-estrategia","tag-gnv","tag-mercado-livre","tag-sustentabilidade"],"yoast_head":"<!-- This site is optimized with the Yoast SEO plugin v27.5 - https:\/\/yoast.com\/product\/yoast-seo-wordpress\/ -->\n<title>Mercado Livre expande frota sustent\u00e1vel com carretas movidas a g\u00e1s - CidadeMarketing<\/title>\n<meta name=\"robots\" content=\"index, follow, max-snippet:-1, max-image-preview:large, max-video-preview:-1\" \/>\n<link rel=\"canonical\" href=\"https:\/\/www.cidademarketing.com.br\/marketing\/2021\/06\/04\/mercado-livre-expande-frota-sustentavel-com-carretas-movidas-a-gas\/\" \/>\n<meta property=\"og:locale\" content=\"pt_BR\" \/>\n<meta property=\"og:type\" content=\"article\" \/>\n<meta property=\"og:title\" content=\"Mercado Livre expande frota sustent\u00e1vel com carretas movidas a g\u00e1s - CidadeMarketing\" \/>\n<meta property=\"og:description\" content=\"O Mercado Livre, l\u00edder em tecnologia para e-commerce e servi\u00e7os financeiros na Am\u00e9rica Latina, anuncia a expans\u00e3o da sua frota sustent\u00e1vel, com a chegada de 46 carretas movidas a g\u00e1s &#8211; Biometano e GNV (G\u00e1s Natural Veicular) &#8211; at\u00e9 o final de 2021. Os oito primeiros ve\u00edculos j\u00e1 estar\u00e3o em circula\u00e7\u00e3o at\u00e9 o final de [&hellip;]\" \/>\n<meta property=\"og:url\" content=\"https:\/\/www.cidademarketing.com.br\/marketing\/2021\/06\/04\/mercado-livre-expande-frota-sustentavel-com-carretas-movidas-a-gas\/\" \/>\n<meta property=\"og:site_name\" content=\"CidadeMarketing\" \/>\n<meta property=\"article:publisher\" content=\"https:\/\/www.facebook.com\/portalcidademarketing\" \/>\n<meta property=\"article:author\" content=\"https:\/\/www.facebook.com\/thalesbrandao\" \/>\n<meta property=\"article:published_time\" content=\"2021-06-04T17:40:35+00:00\" \/>\n<meta property=\"article:modified_time\" content=\"2021-06-04T17:40:36+00:00\" \/>\n<meta property=\"og:image\" content=\"https:\/\/www.cidademarketing.com.br\/marketing\/wp-content\/uploads\/2021\/06\/mercadolivre_gnv_carreta.jpg\" \/>\n\t<meta property=\"og:image:width\" content=\"512\" \/>\n\t<meta property=\"og:image:height\" content=\"341\" \/>\n\t<meta property=\"og:image:type\" content=\"image\/jpeg\" \/>\n<meta name=\"author\" content=\"Thales Brand\u00e3o\" \/>\n<meta name=\"twitter:card\" content=\"summary_large_image\" \/>\n<meta name=\"twitter:creator\" content=\"@http:\/\/www.twitter.com\/thalesbrandao\" \/>\n<meta name=\"twitter:site\" content=\"@CidadeMarketing\" \/>\n<meta name=\"twitter:label1\" content=\"Escrito por\" \/>\n\t<meta name=\"twitter:data1\" content=\"Thales Brand\u00e3o\" \/>\n\t<meta name=\"twitter:label2\" content=\"Est. tempo de leitura\" \/>\n\t<meta name=\"twitter:data2\" content=\"3 minutos\" \/>\n<script type=\"application\/ld+json\" class=\"yoast-schema-graph\">{\"@context\":\"https:\\\/\\\/schema.org\",\"@graph\":[{\"@type\":\"Article\",\"@id\":\"https:\\\/\\\/www.cidademarketing.com.br\\\/marketing\\\/2021\\\/06\\\/04\\\/mercado-livre-expande-frota-sustentavel-com-carretas-movidas-a-gas\\\/#article\",\"isPartOf\":{\"@id\":\"https:\\\/\\\/www.cidademarketing.com.br\\\/marketing\\\/2021\\\/06\\\/04\\\/mercado-livre-expande-frota-sustentavel-com-carretas-movidas-a-gas\\\/\"},\"author\":{\"name\":\"Thales Brand\u00e3o\",\"@id\":\"https:\\\/\\\/www.cidademarketing.com.br\\\/marketing\\\/#\\\/schema\\\/person\\\/02daff9f18bd9378c9e01eb6b2db155f\"},\"headline\":\"Mercado Livre expande frota sustent\u00e1vel com carretas movidas a g\u00e1s\",\"datePublished\":\"2021-06-04T17:40:35+00:00\",\"dateModified\":\"2021-06-04T17:40:36+00:00\",\"mainEntityOfPage\":{\"@id\":\"https:\\\/\\\/www.cidademarketing.com.br\\\/marketing\\\/2021\\\/06\\\/04\\\/mercado-livre-expande-frota-sustentavel-com-carretas-movidas-a-gas\\\/\"},\"wordCount\":694,\"commentCount\":0,\"publisher\":{\"@id\":\"https:\\\/\\\/www.cidademarketing.com.br\\\/marketing\\\/#organization\"},\"image\":{\"@id\":\"https:\\\/\\\/www.cidademarketing.com.br\\\/marketing\\\/2021\\\/06\\\/04\\\/mercado-livre-expande-frota-sustentavel-com-carretas-movidas-a-gas\\\/#primaryimage\"},\"thumbnailUrl\":\"https:\\\/\\\/www.cidademarketing.com.br\\\/marketing\\\/wp-content\\\/uploads\\\/2021\\\/06\\\/mercadolivre_gnv_carreta.jpg\",\"keywords\":[\"estrat\u00e9gia\",\"GNV\",\"Mercado Livre\",\"sustentabilidade\"],\"articleSection\":[\"Not\u00edcias\"],\"inLanguage\":\"pt-BR\",\"potentialAction\":[{\"@type\":\"CommentAction\",\"name\":\"Comment\",\"target\":[\"https:\\\/\\\/www.cidademarketing.com.br\\\/marketing\\\/2021\\\/06\\\/04\\\/mercado-livre-expande-frota-sustentavel-com-carretas-movidas-a-gas\\\/#respond\"]}]},{\"@type\":\"WebPage\",\"@id\":\"https:\\\/\\\/www.cidademarketing.com.br\\\/marketing\\\/2021\\\/06\\\/04\\\/mercado-livre-expande-frota-sustentavel-com-carretas-movidas-a-gas\\\/\",\"url\":\"https:\\\/\\\/www.cidademarketing.com.br\\\/marketing\\\/2021\\\/06\\\/04\\\/mercado-livre-expande-frota-sustentavel-com-carretas-movidas-a-gas\\\/\",\"name\":\"Mercado Livre expande frota sustent\u00e1vel com carretas movidas a g\u00e1s - CidadeMarketing\",\"isPartOf\":{\"@id\":\"https:\\\/\\\/www.cidademarketing.com.br\\\/marketing\\\/#website\"},\"primaryImageOfPage\":{\"@id\":\"https:\\\/\\\/www.cidademarketing.com.br\\\/marketing\\\/2021\\\/06\\\/04\\\/mercado-livre-expande-frota-sustentavel-com-carretas-movidas-a-gas\\\/#primaryimage\"},\"image\":{\"@id\":\"https:\\\/\\\/www.cidademarketing.com.br\\\/marketing\\\/2021\\\/06\\\/04\\\/mercado-livre-expande-frota-sustentavel-com-carretas-movidas-a-gas\\\/#primaryimage\"},\"thumbnailUrl\":\"https:\\\/\\\/www.cidademarketing.com.br\\\/marketing\\\/wp-content\\\/uploads\\\/2021\\\/06\\\/mercadolivre_gnv_carreta.jpg\",\"datePublished\":\"2021-06-04T17:40:35+00:00\",\"dateModified\":\"2021-06-04T17:40:36+00:00\",\"breadcrumb\":{\"@id\":\"https:\\\/\\\/www.cidademarketing.com.br\\\/marketing\\\/2021\\\/06\\\/04\\\/mercado-livre-expande-frota-sustentavel-com-carretas-movidas-a-gas\\\/#breadcrumb\"},\"inLanguage\":\"pt-BR\",\"potentialAction\":[{\"@type\":\"ReadAction\",\"target\":[\"https:\\\/\\\/www.cidademarketing.com.br\\\/marketing\\\/2021\\\/06\\\/04\\\/mercado-livre-expande-frota-sustentavel-com-carretas-movidas-a-gas\\\/\"]}]},{\"@type\":\"ImageObject\",\"inLanguage\":\"pt-BR\",\"@id\":\"https:\\\/\\\/www.cidademarketing.com.br\\\/marketing\\\/2021\\\/06\\\/04\\\/mercado-livre-expande-frota-sustentavel-com-carretas-movidas-a-gas\\\/#primaryimage\",\"url\":\"https:\\\/\\\/www.cidademarketing.com.br\\\/marketing\\\/wp-content\\\/uploads\\\/2021\\\/06\\\/mercadolivre_gnv_carreta.jpg\",\"contentUrl\":\"https:\\\/\\\/www.cidademarketing.com.br\\\/marketing\\\/wp-content\\\/uploads\\\/2021\\\/06\\\/mercadolivre_gnv_carreta.jpg\",\"width\":512,\"height\":341,\"caption\":\"Divulga\u00e7\u00e3o\"},{\"@type\":\"BreadcrumbList\",\"@id\":\"https:\\\/\\\/www.cidademarketing.com.br\\\/marketing\\\/2021\\\/06\\\/04\\\/mercado-livre-expande-frota-sustentavel-com-carretas-movidas-a-gas\\\/#breadcrumb\",\"itemListElement\":[{\"@type\":\"ListItem\",\"position\":1,\"name\":\"In\u00edcio\",\"item\":\"https:\\\/\\\/www.cidademarketing.com.br\\\/marketing\\\/\"},{\"@type\":\"ListItem\",\"position\":2,\"name\":\"Mercado Livre expande frota sustent\u00e1vel com carretas movidas a g\u00e1s\"}]},{\"@type\":\"WebSite\",\"@id\":\"https:\\\/\\\/www.cidademarketing.com.br\\\/marketing\\\/#website\",\"url\":\"https:\\\/\\\/www.cidademarketing.com.br\\\/marketing\\\/\",\"name\":\"CidadeMarketing\",\"description\":\"Somos um ve\u00edculo de comunica\u00e7\u00e3o de destaque no Brasil, reconhecido por conte\u00fados nos segmentos de marketing, empreendedorismo e inova\u00e7\u00e3o.\",\"publisher\":{\"@id\":\"https:\\\/\\\/www.cidademarketing.com.br\\\/marketing\\\/#organization\"},\"alternateName\":\"CidadeMarketing\",\"potentialAction\":[{\"@type\":\"SearchAction\",\"target\":{\"@type\":\"EntryPoint\",\"urlTemplate\":\"https:\\\/\\\/www.cidademarketing.com.br\\\/marketing\\\/?s={search_term_string}\"},\"query-input\":{\"@type\":\"PropertyValueSpecification\",\"valueRequired\":true,\"valueName\":\"search_term_string\"}}],\"inLanguage\":\"pt-BR\"},{\"@type\":\"Organization\",\"@id\":\"https:\\\/\\\/www.cidademarketing.com.br\\\/marketing\\\/#organization\",\"name\":\"CidadeMarketing\",\"alternateName\":\"CidadeMarketing\",\"url\":\"https:\\\/\\\/www.cidademarketing.com.br\\\/marketing\\\/\",\"logo\":{\"@type\":\"ImageObject\",\"inLanguage\":\"pt-BR\",\"@id\":\"https:\\\/\\\/www.cidademarketing.com.br\\\/marketing\\\/#\\\/schema\\\/logo\\\/image\\\/\",\"url\":\"https:\\\/\\\/www.cidademarketing.com.br\\\/marketing\\\/wp-content\\\/uploads\\\/2020\\\/01\\\/cidademarketing_marca_mobile.png\",\"contentUrl\":\"https:\\\/\\\/www.cidademarketing.com.br\\\/marketing\\\/wp-content\\\/uploads\\\/2020\\\/01\\\/cidademarketing_marca_mobile.png\",\"width\":230,\"height\":92,\"caption\":\"CidadeMarketing\"},\"image\":{\"@id\":\"https:\\\/\\\/www.cidademarketing.com.br\\\/marketing\\\/#\\\/schema\\\/logo\\\/image\\\/\"},\"sameAs\":[\"https:\\\/\\\/www.facebook.com\\\/portalcidademarketing\",\"https:\\\/\\\/x.com\\\/CidadeMarketing\",\"https:\\\/\\\/www.instagram.com\\\/cidademarketing\\\/\"]},{\"@type\":\"Person\",\"@id\":\"https:\\\/\\\/www.cidademarketing.com.br\\\/marketing\\\/#\\\/schema\\\/person\\\/02daff9f18bd9378c9e01eb6b2db155f\",\"name\":\"Thales Brand\u00e3o\",\"image\":{\"@type\":\"ImageObject\",\"inLanguage\":\"pt-BR\",\"@id\":\"https:\\\/\\\/secure.gravatar.com\\\/avatar\\\/7ca3206950207cc3cb48feec56a8a7898741ab725c368d99d5d7a5a50aab80c6?s=96&d=mm&r=g\",\"url\":\"https:\\\/\\\/secure.gravatar.com\\\/avatar\\\/7ca3206950207cc3cb48feec56a8a7898741ab725c368d99d5d7a5a50aab80c6?s=96&d=mm&r=g\",\"contentUrl\":\"https:\\\/\\\/secure.gravatar.com\\\/avatar\\\/7ca3206950207cc3cb48feec56a8a7898741ab725c368d99d5d7a5a50aab80c6?s=96&d=mm&r=g\",\"caption\":\"Thales Brand\u00e3o\"},\"description\":\"Editor Executivo do Portal CidadeMarketing.com.br &gt; Mestre em Comunica\u00e7\u00e3o e Sociedade pela Universidade Federal de Sergipe. Possui MBA Executivo em Administra\u00e7\u00e3o com \u00eanfase em Marketing pela Funda\u00e7\u00e3o Get\u00falio Vargas - Rio de Janeiro. Consultor, Palestrante e Pesquisador sobre Empreendedorismo, Marketing, Redes Sociais e Neg\u00f3cios Digitais. Professor, Palestrante TedxTalks e Campus Party. Twitter: @ThalesBrandao\",\"sameAs\":[\"http:\\\/\\\/www.mandacaru.com.br\",\"https:\\\/\\\/www.facebook.com\\\/thalesbrandao\",\"http:\\\/\\\/www.instagram.com.br\\\/thalesbrandaoferreira\",\"https:\\\/\\\/www.linkedin.com\\\/in\\\/thales-brand\u00e3o-3948609\\\/\",\"https:\\\/\\\/x.com\\\/http:\\\/\\\/www.twitter.com\\\/thalesbrandao\"],\"url\":\"https:\\\/\\\/www.cidademarketing.com.br\\\/marketing\\\/author\\\/thalesbrandao\\\/\"}]}<\/script>\n<!-- \/ Yoast SEO plugin. -->","yoast_head_json":{"title":"Mercado Livre expande frota sustent\u00e1vel com carretas movidas a g\u00e1s - CidadeMarketing","robots":{"index":"index","follow":"follow","max-snippet":"max-snippet:-1","max-image-preview":"max-image-preview:large","max-video-preview":"max-video-preview:-1"},"canonical":"https:\/\/www.cidademarketing.com.br\/marketing\/2021\/06\/04\/mercado-livre-expande-frota-sustentavel-com-carretas-movidas-a-gas\/","og_locale":"pt_BR","og_type":"article","og_title":"Mercado Livre expande frota sustent\u00e1vel com carretas movidas a g\u00e1s - CidadeMarketing","og_description":"O Mercado Livre, l\u00edder em tecnologia para e-commerce e servi\u00e7os financeiros na Am\u00e9rica Latina, anuncia a expans\u00e3o da sua frota sustent\u00e1vel, com a chegada de 46 carretas movidas a g\u00e1s &#8211; Biometano e GNV (G\u00e1s Natural Veicular) &#8211; at\u00e9 o final de 2021. Os oito primeiros ve\u00edculos j\u00e1 estar\u00e3o em circula\u00e7\u00e3o at\u00e9 o final de [&hellip;]","og_url":"https:\/\/www.cidademarketing.com.br\/marketing\/2021\/06\/04\/mercado-livre-expande-frota-sustentavel-com-carretas-movidas-a-gas\/","og_site_name":"CidadeMarketing","article_publisher":"https:\/\/www.facebook.com\/portalcidademarketing","article_author":"https:\/\/www.facebook.com\/thalesbrandao","article_published_time":"2021-06-04T17:40:35+00:00","article_modified_time":"2021-06-04T17:40:36+00:00","og_image":[{"width":512,"height":341,"url":"https:\/\/www.cidademarketing.com.br\/marketing\/wp-content\/uploads\/2021\/06\/mercadolivre_gnv_carreta.jpg","type":"image\/jpeg"}],"author":"Thales Brand\u00e3o","twitter_card":"summary_large_image","twitter_creator":"@http:\/\/www.twitter.com\/thalesbrandao","twitter_site":"@CidadeMarketing","twitter_misc":{"Escrito por":"Thales Brand\u00e3o","Est. tempo de leitura":"3 minutos"},"schema":{"@context":"https:\/\/schema.org","@graph":[{"@type":"Article","@id":"https:\/\/www.cidademarketing.com.br\/marketing\/2021\/06\/04\/mercado-livre-expande-frota-sustentavel-com-carretas-movidas-a-gas\/#article","isPartOf":{"@id":"https:\/\/www.cidademarketing.com.br\/marketing\/2021\/06\/04\/mercado-livre-expande-frota-sustentavel-com-carretas-movidas-a-gas\/"},"author":{"name":"Thales Brand\u00e3o","@id":"https:\/\/www.cidademarketing.com.br\/marketing\/#\/schema\/person\/02daff9f18bd9378c9e01eb6b2db155f"},"headline":"Mercado Livre expande frota sustent\u00e1vel com carretas movidas a g\u00e1s","datePublished":"2021-06-04T17:40:35+00:00","dateModified":"2021-06-04T17:40:36+00:00","mainEntityOfPage":{"@id":"https:\/\/www.cidademarketing.com.br\/marketing\/2021\/06\/04\/mercado-livre-expande-frota-sustentavel-com-carretas-movidas-a-gas\/"},"wordCount":694,"commentCount":0,"publisher":{"@id":"https:\/\/www.cidademarketing.com.br\/marketing\/#organization"},"image":{"@id":"https:\/\/www.cidademarketing.com.br\/marketing\/2021\/06\/04\/mercado-livre-expande-frota-sustentavel-com-carretas-movidas-a-gas\/#primaryimage"},"thumbnailUrl":"https:\/\/www.cidademarketing.com.br\/marketing\/wp-content\/uploads\/2021\/06\/mercadolivre_gnv_carreta.jpg","keywords":["estrat\u00e9gia","GNV","Mercado Livre","sustentabilidade"],"articleSection":["Not\u00edcias"],"inLanguage":"pt-BR","potentialAction":[{"@type":"CommentAction","name":"Comment","target":["https:\/\/www.cidademarketing.com.br\/marketing\/2021\/06\/04\/mercado-livre-expande-frota-sustentavel-com-carretas-movidas-a-gas\/#respond"]}]},{"@type":"WebPage","@id":"https:\/\/www.cidademarketing.com.br\/marketing\/2021\/06\/04\/mercado-livre-expande-frota-sustentavel-com-carretas-movidas-a-gas\/","url":"https:\/\/www.cidademarketing.com.br\/marketing\/2021\/06\/04\/mercado-livre-expande-frota-sustentavel-com-carretas-movidas-a-gas\/","name":"Mercado Livre expande frota sustent\u00e1vel com carretas movidas a g\u00e1s - CidadeMarketing","isPartOf":{"@id":"https:\/\/www.cidademarketing.com.br\/marketing\/#website"},"primaryImageOfPage":{"@id":"https:\/\/www.cidademarketing.com.br\/marketing\/2021\/06\/04\/mercado-livre-expande-frota-sustentavel-com-carretas-movidas-a-gas\/#primaryimage"},"image":{"@id":"https:\/\/www.cidademarketing.com.br\/marketing\/2021\/06\/04\/mercado-livre-expande-frota-sustentavel-com-carretas-movidas-a-gas\/#primaryimage"},"thumbnailUrl":"https:\/\/www.cidademarketing.com.br\/marketing\/wp-content\/uploads\/2021\/06\/mercadolivre_gnv_carreta.jpg","datePublished":"2021-06-04T17:40:35+00:00","dateModified":"2021-06-04T17:40:36+00:00","breadcrumb":{"@id":"https:\/\/www.cidademarketing.com.br\/marketing\/2021\/06\/04\/mercado-livre-expande-frota-sustentavel-com-carretas-movidas-a-gas\/#breadcrumb"},"inLanguage":"pt-BR","potentialAction":[{"@type":"ReadAction","target":["https:\/\/www.cidademarketing.com.br\/marketing\/2021\/06\/04\/mercado-livre-expande-frota-sustentavel-com-carretas-movidas-a-gas\/"]}]},{"@type":"ImageObject","inLanguage":"pt-BR","@id":"https:\/\/www.cidademarketing.com.br\/marketing\/2021\/06\/04\/mercado-livre-expande-frota-sustentavel-com-carretas-movidas-a-gas\/#primaryimage","url":"https:\/\/www.cidademarketing.com.br\/marketing\/wp-content\/uploads\/2021\/06\/mercadolivre_gnv_carreta.jpg","contentUrl":"https:\/\/www.cidademarketing.com.br\/marketing\/wp-content\/uploads\/2021\/06\/mercadolivre_gnv_carreta.jpg","width":512,"height":341,"caption":"Divulga\u00e7\u00e3o"},{"@type":"BreadcrumbList","@id":"https:\/\/www.cidademarketing.com.br\/marketing\/2021\/06\/04\/mercado-livre-expande-frota-sustentavel-com-carretas-movidas-a-gas\/#breadcrumb","itemListElement":[{"@type":"ListItem","position":1,"name":"In\u00edcio","item":"https:\/\/www.cidademarketing.com.br\/marketing\/"},{"@type":"ListItem","position":2,"name":"Mercado Livre expande frota sustent\u00e1vel com carretas movidas a g\u00e1s"}]},{"@type":"WebSite","@id":"https:\/\/www.cidademarketing.com.br\/marketing\/#website","url":"https:\/\/www.cidademarketing.com.br\/marketing\/","name":"CidadeMarketing","description":"Somos um ve\u00edculo de comunica\u00e7\u00e3o de destaque no Brasil, reconhecido por conte\u00fados nos segmentos de marketing, empreendedorismo e inova\u00e7\u00e3o.","publisher":{"@id":"https:\/\/www.cidademarketing.com.br\/marketing\/#organization"},"alternateName":"CidadeMarketing","potentialAction":[{"@type":"SearchAction","target":{"@type":"EntryPoint","urlTemplate":"https:\/\/www.cidademarketing.com.br\/marketing\/?s={search_term_string}"},"query-input":{"@type":"PropertyValueSpecification","valueRequired":true,"valueName":"search_term_string"}}],"inLanguage":"pt-BR"},{"@type":"Organization","@id":"https:\/\/www.cidademarketing.com.br\/marketing\/#organization","name":"CidadeMarketing","alternateName":"CidadeMarketing","url":"https:\/\/www.cidademarketing.com.br\/marketing\/","logo":{"@type":"ImageObject","inLanguage":"pt-BR","@id":"https:\/\/www.cidademarketing.com.br\/marketing\/#\/schema\/logo\/image\/","url":"https:\/\/www.cidademarketing.com.br\/marketing\/wp-content\/uploads\/2020\/01\/cidademarketing_marca_mobile.png","contentUrl":"https:\/\/www.cidademarketing.com.br\/marketing\/wp-content\/uploads\/2020\/01\/cidademarketing_marca_mobile.png","width":230,"height":92,"caption":"CidadeMarketing"},"image":{"@id":"https:\/\/www.cidademarketing.com.br\/marketing\/#\/schema\/logo\/image\/"},"sameAs":["https:\/\/www.facebook.com\/portalcidademarketing","https:\/\/x.com\/CidadeMarketing","https:\/\/www.instagram.com\/cidademarketing\/"]},{"@type":"Person","@id":"https:\/\/www.cidademarketing.com.br\/marketing\/#\/schema\/person\/02daff9f18bd9378c9e01eb6b2db155f","name":"Thales Brand\u00e3o","image":{"@type":"ImageObject","inLanguage":"pt-BR","@id":"https:\/\/secure.gravatar.com\/avatar\/7ca3206950207cc3cb48feec56a8a7898741ab725c368d99d5d7a5a50aab80c6?s=96&d=mm&r=g","url":"https:\/\/secure.gravatar.com\/avatar\/7ca3206950207cc3cb48feec56a8a7898741ab725c368d99d5d7a5a50aab80c6?s=96&d=mm&r=g","contentUrl":"https:\/\/secure.gravatar.com\/avatar\/7ca3206950207cc3cb48feec56a8a7898741ab725c368d99d5d7a5a50aab80c6?s=96&d=mm&r=g","caption":"Thales Brand\u00e3o"},"description":"Editor Executivo do Portal CidadeMarketing.com.br &gt; Mestre em Comunica\u00e7\u00e3o e Sociedade pela Universidade Federal de Sergipe. Possui MBA Executivo em Administra\u00e7\u00e3o com \u00eanfase em Marketing pela Funda\u00e7\u00e3o Get\u00falio Vargas - Rio de Janeiro. Consultor, Palestrante e Pesquisador sobre Empreendedorismo, Marketing, Redes Sociais e Neg\u00f3cios Digitais. Professor, Palestrante TedxTalks e Campus Party. Twitter: @ThalesBrandao","sameAs":["http:\/\/www.mandacaru.com.br","https:\/\/www.facebook.com\/thalesbrandao","http:\/\/www.instagram.com.br\/thalesbrandaoferreira","https:\/\/www.linkedin.com\/in\/thales-brand\u00e3o-3948609\/","https:\/\/x.com\/http:\/\/www.twitter.com\/thalesbrandao"],"url":"https:\/\/www.cidademarketing.com.br\/marketing\/author\/thalesbrandao\/"}]}},"amp_enabled":true,"_links":{"self":[{"href":"https:\/\/www.cidademarketing.com.br\/marketing\/wp-json\/wp\/v2\/posts\/24130","targetHints":{"allow":["GET"]}}],"collection":[{"href":"https:\/\/www.cidademarketing.com.br\/marketing\/wp-json\/wp\/v2\/posts"}],"about":[{"href":"https:\/\/www.cidademarketing.com.br\/marketing\/wp-json\/wp\/v2\/types\/post"}],"author":[{"embeddable":true,"href":"https:\/\/www.cidademarketing.com.br\/marketing\/wp-json\/wp\/v2\/users\/1"}],"replies":[{"embeddable":true,"href":"https:\/\/www.cidademarketing.com.br\/marketing\/wp-json\/wp\/v2\/comments?post=24130"}],"version-history":[{"count":1,"href":"https:\/\/www.cidademarketing.com.br\/marketing\/wp-json\/wp\/v2\/posts\/24130\/revisions"}],"predecessor-version":[{"id":24132,"href":"https:\/\/www.cidademarketing.com.br\/marketing\/wp-json\/wp\/v2\/posts\/24130\/revisions\/24132"}],"wp:featuredmedia":[{"embeddable":true,"href":"https:\/\/www.cidademarketing.com.br\/marketing\/wp-json\/wp\/v2\/media\/24131"}],"wp:attachment":[{"href":"https:\/\/www.cidademarketing.com.br\/marketing\/wp-json\/wp\/v2\/media?parent=24130"}],"wp:term":[{"taxonomy":"category","embeddable":true,"href":"https:\/\/www.cidademarketing.com.br\/marketing\/wp-json\/wp\/v2\/categories?post=24130"},{"taxonomy":"post_tag","embeddable":true,"href":"https:\/\/www.cidademarketing.com.br\/marketing\/wp-json\/wp\/v2\/tags?post=24130"}],"curies":[{"name":"wp","href":"https:\/\/api.w.org\/{rel}","templated":true}]}}