{"id":24050,"date":"2021-05-31T10:00:10","date_gmt":"2021-05-31T13:00:10","guid":{"rendered":"https:\/\/www.cidademarketing.com.br\/marketing\/?p=24050"},"modified":"2021-05-31T10:00:12","modified_gmt":"2021-05-31T13:00:12","slug":"camarada-camarao-inaugura-sua-primeira-unidade-no-abc","status":"publish","type":"post","link":"https:\/\/www.cidademarketing.com.br\/marketing\/2021\/05\/31\/camarada-camarao-inaugura-sua-primeira-unidade-no-abc\/","title":{"rendered":"Camarada Camar\u00e3o inaugura sua primeira unidade no ABC"},"content":{"rendered":"\n<p>A rede pernambucana Camarada Camar\u00e3o (@camaradacamarao), com restaurantes em v\u00e1rios estados do pa\u00eds, inaugura sua primeira unidade no ABC, passando a integrar o time de restaurantes do boulevard gastron\u00f4mico do Grand Plaza Shopping. As atividades iniciaram, gradativamente, na quinta-feira, 20, pelo delivery pr\u00f3prio (<a href=\"http:\/\/delivery.ocamarada.com.br\/\" target=\"_blank\" rel=\"noreferrer noopener\">http:\/\/delivery.ocamarada.com.br<\/a>) e aplicativos, e no dia 1 de junho iniciar\u00e1 o atendimento presencial.<\/p>\n\n\n\n<p>Com 400 m\u00b2 e capacidade para atender, confortavelmente, 130 pessoas de forma simult\u00e2nea, a casa inaugura seguindo todos os protocolos de seguran\u00e7a por conta da pandemia.\u00a0\u00a0\u00a0<\/p>\n\n\n\n<div class=\"wp-block-image\"><figure class=\"aligncenter size-large is-resized\"><img fetchpriority=\"high\" decoding=\"async\" src=\"https:\/\/www.cidademarketing.com.br\/marketing\/wp-content\/uploads\/2021\/05\/Camarada-Camarao.jpg\" alt=\"\" class=\"wp-image-24051\" width=\"621\" height=\"414\"\/><figcaption>Divulga\u00e7\u00e3o<\/figcaption><\/figure><\/div>\n\n\n\n<p>A abertura de uma unidade no ABC faz parte de um investimento de R$ 3 milh\u00f5es feita pelo Grupo Drumattos, que tamb\u00e9m controla a rede de fast food Camar\u00e3o &amp; Cia. A expectativa \u00e9 de que at\u00e9 o final do ano sejam inaugurados mais cinco restaurantes, chegando a um total de 14 unidades em 2021.<\/p>\n\n\n\n<p>Para Sylvio Drummond, CEO do Grupo Drumattos, o restaurante de Santo Andr\u00e9 vem gerando altas expectativas, j\u00e1 que os resultados de Campinas e S\u00e3o Paulo (abertas no segundo semestre do ano passado), apesar de todas as medidas de restri\u00e7\u00e3o na circula\u00e7\u00e3o, v\u00eam sendo bastante positivos. \u201cSanto Andr\u00e9 sempre esteve nos nossos planos de expans\u00e3o. \u00c9 enorme o potencial dessa cidade que \u00e9 uma das maiores do Pa\u00eds e com \u00f3timos \u00edndices de qualidade de vida. Al\u00e9m disso, o Grand Plaza Shopping \u00e9 especial. Um dos maiores e mais bem equipados centros de compras do Brasil\u201d, afirma.<\/p>\n\n\n\n<p>Fabio Oliveira, superintendente do Grand Plaza Shopping, refor\u00e7a que a chegada do restaurante \u00e9 mais uma importante conquista para o boulevard gastron\u00f4mico do shopping: \u201cEstamos muito felizes em receber a primeira unidade do Camarada Camar\u00e3o no ABC, um restaurante extremamente referenciado, moderno e totalmente alinhado com a proposta gastron\u00f4mica de nosso shopping\u201d explica.<\/p>\n\n\n\n<p><strong>Decora\u00e7\u00e3o impec\u00e1vel<\/strong><\/p>\n\n\n\n<p>O espa\u00e7o foi cuidadosamente decorado pelo renomado arquiteto Ricardo Campos, do escrit\u00f3rio Santa Irrever\u00eancia (@santairreverenciaarquitetura), e deve fazer da casa um dos locais mais agrad\u00e1veis da cidade. \u201cMas n\u00e3o \u00e9 s\u00f3 isso. Santo Andr\u00e9 \u00e9 um polo gastron\u00f4mico muito importante na regi\u00e3o. E esse \u00e9 mais um desafio. Queremos mostrar que temos mais que sabor. Queremos oferecer toda uma experi\u00eancia. Da qualidade dos nossos produtos ao sabor e atendimento, passando pelos pre\u00e7os competitivos e ambienta\u00e7\u00e3o impec\u00e1vel\u201d, garante Sylvio.<\/p>\n\n\n\n<p><strong>Card\u00e1pio traz receitas especiais e muitas promo\u00e7\u00f5es<\/strong><\/p>\n\n\n\n<p>Com pre\u00e7os atrativos e um card\u00e1pio com diversas op\u00e7\u00f5es, todo assinado pelo chef executivo do grupo, o franc\u00eas Fran\u00e7ois Schmitt (@chefefrancois), o menu do Camarada Camar\u00e3o \u00e9 estrelado pelo crust\u00e1ceo que d\u00e1 nome a rede, em suas mais variadas vers\u00f5es.&nbsp;<\/p>\n\n\n\n<p>Por\u00e7\u00f5es generosas s\u00e3o uma caracter\u00edstica do restaurante. O <em>Grelhados Camarada<\/em> chega a servir cinco pessoas.&nbsp; Vem com caudas de lagosta, camar\u00f5es, peixe, mexilh\u00f5es, lula, abacaxi e tomates grelhados com azeite e alho e servidos com azeite aromatizado. Acompanha risoto de lim\u00e3o-siciliano e alho por\u00f3.<\/p>\n\n\n\n<p><strong>Happy hour, Due e Delivery s\u00e3o atra\u00e7\u00f5es \u00e0 parte<\/strong><\/p>\n\n\n\n<p>Outro ponto forte da rede \u00e9 o Happy Hour Camarada que acontece todos os dias, inclusive s\u00e1bados, domingos e feriados, das 17h \u00e0s 20h, com chope, drinks e whisky (exceto garrafas) pela metade do pre\u00e7o, al\u00e9m de petiscos com pre\u00e7os especiais. Campe\u00e3 de vendas tamb\u00e9m \u00e9 a linha Due, com pratos especiais para duas ou mais pessoas a partir de R$ 79,00. J\u00e1 o delivery, turbinado durante a pandemia, traz um app pr\u00f3prio com pre\u00e7os de sal\u00e3o, promo\u00e7\u00f5es exclusivas e entrega gr\u00e1tis. O aplicativo est\u00e1 dispon\u00edvel na Play e App Store.&nbsp;&nbsp;&nbsp;<\/p>\n\n\n\n<p><strong>Eu sou Grand Plaza.<\/strong> Inaugurado em 1997 e administrado pela CCP (Cyrela Commercial Properties), o Grand Plaza Shopping tem mais de 300 lojas dos mais variados segmentos, incluindo gastronomia, lazer, tecnologia, moda e esportes. Localizado na Avenida Industrial, 600, bairro Jardim, em Santo Andr\u00e9, \u00e9 o primeiro centro de compras e lazer da regi\u00e3o do ABC a oferecer um marketplace personalizado, o On Stores, em que o cliente faz as suas compras pela internet e retira a mercadoria nas lojas. Mais informa\u00e7\u00f5es pelo telefone (11) 4437-5000 ou nos canais digitais:<\/p>\n","protected":false},"excerpt":{"rendered":"<p>A rede pernambucana Camarada Camar\u00e3o (@camaradacamarao), com restaurantes em v\u00e1rios estados do pa\u00eds, inaugura sua primeira unidade no ABC, passando a integrar o time de restaurantes do boulevard gastron\u00f4mico do Grand Plaza Shopping. As atividades iniciaram, gradativamente, na quinta-feira, 20, pelo delivery pr\u00f3prio (http:\/\/delivery.ocamarada.com.br) e aplicativos, e no dia 1 de junho iniciar\u00e1 o atendimento [&hellip;]<\/p>\n","protected":false},"author":1,"featured_media":24052,"comment_status":"open","ping_status":"open","sticky":false,"template":"","format":"standard","meta":{"tdm_status":"","tdm_grid_status":"","footnotes":""},"categories":[6],"tags":[3886,33,28],"class_list":["post-24050","post","type-post","status-publish","format-standard","has-post-thumbnail","hentry","category-noticias","tag-camarada-camarao","tag-estrategia","tag-marketing"],"yoast_head":"<!-- This site is optimized with the Yoast SEO plugin v27.5 - https:\/\/yoast.com\/product\/yoast-seo-wordpress\/ -->\n<title>Camarada Camar\u00e3o inaugura sua primeira unidade no ABC - CidadeMarketing<\/title>\n<meta name=\"robots\" content=\"index, follow, max-snippet:-1, max-image-preview:large, max-video-preview:-1\" \/>\n<link rel=\"canonical\" href=\"https:\/\/www.cidademarketing.com.br\/marketing\/2021\/05\/31\/camarada-camarao-inaugura-sua-primeira-unidade-no-abc\/\" \/>\n<meta property=\"og:locale\" content=\"pt_BR\" \/>\n<meta property=\"og:type\" content=\"article\" \/>\n<meta property=\"og:title\" content=\"Camarada Camar\u00e3o inaugura sua primeira unidade no ABC - CidadeMarketing\" \/>\n<meta property=\"og:description\" content=\"A rede pernambucana Camarada Camar\u00e3o (@camaradacamarao), com restaurantes em v\u00e1rios estados do pa\u00eds, inaugura sua primeira unidade no ABC, passando a integrar o time de restaurantes do boulevard gastron\u00f4mico do Grand Plaza Shopping. As atividades iniciaram, gradativamente, na quinta-feira, 20, pelo delivery pr\u00f3prio (http:\/\/delivery.ocamarada.com.br) e aplicativos, e no dia 1 de junho iniciar\u00e1 o atendimento [&hellip;]\" \/>\n<meta property=\"og:url\" content=\"https:\/\/www.cidademarketing.com.br\/marketing\/2021\/05\/31\/camarada-camarao-inaugura-sua-primeira-unidade-no-abc\/\" \/>\n<meta property=\"og:site_name\" content=\"CidadeMarketing\" \/>\n<meta property=\"article:publisher\" content=\"https:\/\/www.facebook.com\/portalcidademarketing\" \/>\n<meta property=\"article:author\" content=\"https:\/\/www.facebook.com\/thalesbrandao\" \/>\n<meta property=\"article:published_time\" content=\"2021-05-31T13:00:10+00:00\" \/>\n<meta property=\"article:modified_time\" content=\"2021-05-31T13:00:12+00:00\" \/>\n<meta property=\"og:image\" content=\"https:\/\/www.cidademarketing.com.br\/marketing\/wp-content\/uploads\/2021\/05\/Grelhados-Camarada.jpg\" \/>\n\t<meta property=\"og:image:width\" content=\"1571\" \/>\n\t<meta property=\"og:image:height\" content=\"1077\" \/>\n\t<meta property=\"og:image:type\" content=\"image\/jpeg\" \/>\n<meta name=\"author\" content=\"Thales Brand\u00e3o\" \/>\n<meta name=\"twitter:card\" content=\"summary_large_image\" \/>\n<meta name=\"twitter:creator\" content=\"@http:\/\/www.twitter.com\/thalesbrandao\" \/>\n<meta name=\"twitter:site\" content=\"@CidadeMarketing\" \/>\n<meta name=\"twitter:label1\" content=\"Escrito por\" \/>\n\t<meta name=\"twitter:data1\" content=\"Thales Brand\u00e3o\" \/>\n\t<meta name=\"twitter:label2\" content=\"Est. tempo de leitura\" \/>\n\t<meta name=\"twitter:data2\" content=\"3 minutos\" \/>\n<script type=\"application\/ld+json\" class=\"yoast-schema-graph\">{\"@context\":\"https:\\\/\\\/schema.org\",\"@graph\":[{\"@type\":\"Article\",\"@id\":\"https:\\\/\\\/www.cidademarketing.com.br\\\/marketing\\\/2021\\\/05\\\/31\\\/camarada-camarao-inaugura-sua-primeira-unidade-no-abc\\\/#article\",\"isPartOf\":{\"@id\":\"https:\\\/\\\/www.cidademarketing.com.br\\\/marketing\\\/2021\\\/05\\\/31\\\/camarada-camarao-inaugura-sua-primeira-unidade-no-abc\\\/\"},\"author\":{\"name\":\"Thales Brand\u00e3o\",\"@id\":\"https:\\\/\\\/www.cidademarketing.com.br\\\/marketing\\\/#\\\/schema\\\/person\\\/02daff9f18bd9378c9e01eb6b2db155f\"},\"headline\":\"Camarada Camar\u00e3o inaugura sua primeira unidade no ABC\",\"datePublished\":\"2021-05-31T13:00:10+00:00\",\"dateModified\":\"2021-05-31T13:00:12+00:00\",\"mainEntityOfPage\":{\"@id\":\"https:\\\/\\\/www.cidademarketing.com.br\\\/marketing\\\/2021\\\/05\\\/31\\\/camarada-camarao-inaugura-sua-primeira-unidade-no-abc\\\/\"},\"wordCount\":707,\"commentCount\":0,\"publisher\":{\"@id\":\"https:\\\/\\\/www.cidademarketing.com.br\\\/marketing\\\/#organization\"},\"image\":{\"@id\":\"https:\\\/\\\/www.cidademarketing.com.br\\\/marketing\\\/2021\\\/05\\\/31\\\/camarada-camarao-inaugura-sua-primeira-unidade-no-abc\\\/#primaryimage\"},\"thumbnailUrl\":\"https:\\\/\\\/www.cidademarketing.com.br\\\/marketing\\\/wp-content\\\/uploads\\\/2021\\\/05\\\/Grelhados-Camarada.jpg\",\"keywords\":[\"Camarada Camar\u00e3o\",\"estrat\u00e9gia\",\"marketing\"],\"articleSection\":[\"Not\u00edcias\"],\"inLanguage\":\"pt-BR\",\"potentialAction\":[{\"@type\":\"CommentAction\",\"name\":\"Comment\",\"target\":[\"https:\\\/\\\/www.cidademarketing.com.br\\\/marketing\\\/2021\\\/05\\\/31\\\/camarada-camarao-inaugura-sua-primeira-unidade-no-abc\\\/#respond\"]}]},{\"@type\":\"WebPage\",\"@id\":\"https:\\\/\\\/www.cidademarketing.com.br\\\/marketing\\\/2021\\\/05\\\/31\\\/camarada-camarao-inaugura-sua-primeira-unidade-no-abc\\\/\",\"url\":\"https:\\\/\\\/www.cidademarketing.com.br\\\/marketing\\\/2021\\\/05\\\/31\\\/camarada-camarao-inaugura-sua-primeira-unidade-no-abc\\\/\",\"name\":\"Camarada Camar\u00e3o inaugura sua primeira unidade no ABC - CidadeMarketing\",\"isPartOf\":{\"@id\":\"https:\\\/\\\/www.cidademarketing.com.br\\\/marketing\\\/#website\"},\"primaryImageOfPage\":{\"@id\":\"https:\\\/\\\/www.cidademarketing.com.br\\\/marketing\\\/2021\\\/05\\\/31\\\/camarada-camarao-inaugura-sua-primeira-unidade-no-abc\\\/#primaryimage\"},\"image\":{\"@id\":\"https:\\\/\\\/www.cidademarketing.com.br\\\/marketing\\\/2021\\\/05\\\/31\\\/camarada-camarao-inaugura-sua-primeira-unidade-no-abc\\\/#primaryimage\"},\"thumbnailUrl\":\"https:\\\/\\\/www.cidademarketing.com.br\\\/marketing\\\/wp-content\\\/uploads\\\/2021\\\/05\\\/Grelhados-Camarada.jpg\",\"datePublished\":\"2021-05-31T13:00:10+00:00\",\"dateModified\":\"2021-05-31T13:00:12+00:00\",\"breadcrumb\":{\"@id\":\"https:\\\/\\\/www.cidademarketing.com.br\\\/marketing\\\/2021\\\/05\\\/31\\\/camarada-camarao-inaugura-sua-primeira-unidade-no-abc\\\/#breadcrumb\"},\"inLanguage\":\"pt-BR\",\"potentialAction\":[{\"@type\":\"ReadAction\",\"target\":[\"https:\\\/\\\/www.cidademarketing.com.br\\\/marketing\\\/2021\\\/05\\\/31\\\/camarada-camarao-inaugura-sua-primeira-unidade-no-abc\\\/\"]}]},{\"@type\":\"ImageObject\",\"inLanguage\":\"pt-BR\",\"@id\":\"https:\\\/\\\/www.cidademarketing.com.br\\\/marketing\\\/2021\\\/05\\\/31\\\/camarada-camarao-inaugura-sua-primeira-unidade-no-abc\\\/#primaryimage\",\"url\":\"https:\\\/\\\/www.cidademarketing.com.br\\\/marketing\\\/wp-content\\\/uploads\\\/2021\\\/05\\\/Grelhados-Camarada.jpg\",\"contentUrl\":\"https:\\\/\\\/www.cidademarketing.com.br\\\/marketing\\\/wp-content\\\/uploads\\\/2021\\\/05\\\/Grelhados-Camarada.jpg\",\"width\":1571,\"height\":1077,\"caption\":\"Divulga\u00e7\u00e3o\"},{\"@type\":\"BreadcrumbList\",\"@id\":\"https:\\\/\\\/www.cidademarketing.com.br\\\/marketing\\\/2021\\\/05\\\/31\\\/camarada-camarao-inaugura-sua-primeira-unidade-no-abc\\\/#breadcrumb\",\"itemListElement\":[{\"@type\":\"ListItem\",\"position\":1,\"name\":\"In\u00edcio\",\"item\":\"https:\\\/\\\/www.cidademarketing.com.br\\\/marketing\\\/\"},{\"@type\":\"ListItem\",\"position\":2,\"name\":\"Camarada Camar\u00e3o inaugura sua primeira unidade no ABC\"}]},{\"@type\":\"WebSite\",\"@id\":\"https:\\\/\\\/www.cidademarketing.com.br\\\/marketing\\\/#website\",\"url\":\"https:\\\/\\\/www.cidademarketing.com.br\\\/marketing\\\/\",\"name\":\"CidadeMarketing\",\"description\":\"Somos um ve\u00edculo de comunica\u00e7\u00e3o de destaque no Brasil, reconhecido por conte\u00fados nos segmentos de marketing, empreendedorismo e inova\u00e7\u00e3o.\",\"publisher\":{\"@id\":\"https:\\\/\\\/www.cidademarketing.com.br\\\/marketing\\\/#organization\"},\"alternateName\":\"CidadeMarketing\",\"potentialAction\":[{\"@type\":\"SearchAction\",\"target\":{\"@type\":\"EntryPoint\",\"urlTemplate\":\"https:\\\/\\\/www.cidademarketing.com.br\\\/marketing\\\/?s={search_term_string}\"},\"query-input\":{\"@type\":\"PropertyValueSpecification\",\"valueRequired\":true,\"valueName\":\"search_term_string\"}}],\"inLanguage\":\"pt-BR\"},{\"@type\":\"Organization\",\"@id\":\"https:\\\/\\\/www.cidademarketing.com.br\\\/marketing\\\/#organization\",\"name\":\"CidadeMarketing\",\"alternateName\":\"CidadeMarketing\",\"url\":\"https:\\\/\\\/www.cidademarketing.com.br\\\/marketing\\\/\",\"logo\":{\"@type\":\"ImageObject\",\"inLanguage\":\"pt-BR\",\"@id\":\"https:\\\/\\\/www.cidademarketing.com.br\\\/marketing\\\/#\\\/schema\\\/logo\\\/image\\\/\",\"url\":\"https:\\\/\\\/www.cidademarketing.com.br\\\/marketing\\\/wp-content\\\/uploads\\\/2020\\\/01\\\/cidademarketing_marca_mobile.png\",\"contentUrl\":\"https:\\\/\\\/www.cidademarketing.com.br\\\/marketing\\\/wp-content\\\/uploads\\\/2020\\\/01\\\/cidademarketing_marca_mobile.png\",\"width\":230,\"height\":92,\"caption\":\"CidadeMarketing\"},\"image\":{\"@id\":\"https:\\\/\\\/www.cidademarketing.com.br\\\/marketing\\\/#\\\/schema\\\/logo\\\/image\\\/\"},\"sameAs\":[\"https:\\\/\\\/www.facebook.com\\\/portalcidademarketing\",\"https:\\\/\\\/x.com\\\/CidadeMarketing\",\"https:\\\/\\\/www.instagram.com\\\/cidademarketing\\\/\"]},{\"@type\":\"Person\",\"@id\":\"https:\\\/\\\/www.cidademarketing.com.br\\\/marketing\\\/#\\\/schema\\\/person\\\/02daff9f18bd9378c9e01eb6b2db155f\",\"name\":\"Thales Brand\u00e3o\",\"image\":{\"@type\":\"ImageObject\",\"inLanguage\":\"pt-BR\",\"@id\":\"https:\\\/\\\/secure.gravatar.com\\\/avatar\\\/7ca3206950207cc3cb48feec56a8a7898741ab725c368d99d5d7a5a50aab80c6?s=96&d=mm&r=g\",\"url\":\"https:\\\/\\\/secure.gravatar.com\\\/avatar\\\/7ca3206950207cc3cb48feec56a8a7898741ab725c368d99d5d7a5a50aab80c6?s=96&d=mm&r=g\",\"contentUrl\":\"https:\\\/\\\/secure.gravatar.com\\\/avatar\\\/7ca3206950207cc3cb48feec56a8a7898741ab725c368d99d5d7a5a50aab80c6?s=96&d=mm&r=g\",\"caption\":\"Thales Brand\u00e3o\"},\"description\":\"Editor Executivo do Portal CidadeMarketing.com.br &gt; Mestre em Comunica\u00e7\u00e3o e Sociedade pela Universidade Federal de Sergipe. Possui MBA Executivo em Administra\u00e7\u00e3o com \u00eanfase em Marketing pela Funda\u00e7\u00e3o Get\u00falio Vargas - Rio de Janeiro. Consultor, Palestrante e Pesquisador sobre Empreendedorismo, Marketing, Redes Sociais e Neg\u00f3cios Digitais. Professor, Palestrante TedxTalks e Campus Party. Twitter: @ThalesBrandao\",\"sameAs\":[\"http:\\\/\\\/www.mandacaru.com.br\",\"https:\\\/\\\/www.facebook.com\\\/thalesbrandao\",\"http:\\\/\\\/www.instagram.com.br\\\/thalesbrandaoferreira\",\"https:\\\/\\\/www.linkedin.com\\\/in\\\/thales-brand\u00e3o-3948609\\\/\",\"https:\\\/\\\/x.com\\\/http:\\\/\\\/www.twitter.com\\\/thalesbrandao\"],\"url\":\"https:\\\/\\\/www.cidademarketing.com.br\\\/marketing\\\/author\\\/thalesbrandao\\\/\"}]}<\/script>\n<!-- \/ Yoast SEO plugin. -->","yoast_head_json":{"title":"Camarada Camar\u00e3o inaugura sua primeira unidade no ABC - CidadeMarketing","robots":{"index":"index","follow":"follow","max-snippet":"max-snippet:-1","max-image-preview":"max-image-preview:large","max-video-preview":"max-video-preview:-1"},"canonical":"https:\/\/www.cidademarketing.com.br\/marketing\/2021\/05\/31\/camarada-camarao-inaugura-sua-primeira-unidade-no-abc\/","og_locale":"pt_BR","og_type":"article","og_title":"Camarada Camar\u00e3o inaugura sua primeira unidade no ABC - CidadeMarketing","og_description":"A rede pernambucana Camarada Camar\u00e3o (@camaradacamarao), com restaurantes em v\u00e1rios estados do pa\u00eds, inaugura sua primeira unidade no ABC, passando a integrar o time de restaurantes do boulevard gastron\u00f4mico do Grand Plaza Shopping. As atividades iniciaram, gradativamente, na quinta-feira, 20, pelo delivery pr\u00f3prio (http:\/\/delivery.ocamarada.com.br) e aplicativos, e no dia 1 de junho iniciar\u00e1 o atendimento [&hellip;]","og_url":"https:\/\/www.cidademarketing.com.br\/marketing\/2021\/05\/31\/camarada-camarao-inaugura-sua-primeira-unidade-no-abc\/","og_site_name":"CidadeMarketing","article_publisher":"https:\/\/www.facebook.com\/portalcidademarketing","article_author":"https:\/\/www.facebook.com\/thalesbrandao","article_published_time":"2021-05-31T13:00:10+00:00","article_modified_time":"2021-05-31T13:00:12+00:00","og_image":[{"width":1571,"height":1077,"url":"https:\/\/www.cidademarketing.com.br\/marketing\/wp-content\/uploads\/2021\/05\/Grelhados-Camarada.jpg","type":"image\/jpeg"}],"author":"Thales Brand\u00e3o","twitter_card":"summary_large_image","twitter_creator":"@http:\/\/www.twitter.com\/thalesbrandao","twitter_site":"@CidadeMarketing","twitter_misc":{"Escrito por":"Thales Brand\u00e3o","Est. tempo de leitura":"3 minutos"},"schema":{"@context":"https:\/\/schema.org","@graph":[{"@type":"Article","@id":"https:\/\/www.cidademarketing.com.br\/marketing\/2021\/05\/31\/camarada-camarao-inaugura-sua-primeira-unidade-no-abc\/#article","isPartOf":{"@id":"https:\/\/www.cidademarketing.com.br\/marketing\/2021\/05\/31\/camarada-camarao-inaugura-sua-primeira-unidade-no-abc\/"},"author":{"name":"Thales Brand\u00e3o","@id":"https:\/\/www.cidademarketing.com.br\/marketing\/#\/schema\/person\/02daff9f18bd9378c9e01eb6b2db155f"},"headline":"Camarada Camar\u00e3o inaugura sua primeira unidade no ABC","datePublished":"2021-05-31T13:00:10+00:00","dateModified":"2021-05-31T13:00:12+00:00","mainEntityOfPage":{"@id":"https:\/\/www.cidademarketing.com.br\/marketing\/2021\/05\/31\/camarada-camarao-inaugura-sua-primeira-unidade-no-abc\/"},"wordCount":707,"commentCount":0,"publisher":{"@id":"https:\/\/www.cidademarketing.com.br\/marketing\/#organization"},"image":{"@id":"https:\/\/www.cidademarketing.com.br\/marketing\/2021\/05\/31\/camarada-camarao-inaugura-sua-primeira-unidade-no-abc\/#primaryimage"},"thumbnailUrl":"https:\/\/www.cidademarketing.com.br\/marketing\/wp-content\/uploads\/2021\/05\/Grelhados-Camarada.jpg","keywords":["Camarada Camar\u00e3o","estrat\u00e9gia","marketing"],"articleSection":["Not\u00edcias"],"inLanguage":"pt-BR","potentialAction":[{"@type":"CommentAction","name":"Comment","target":["https:\/\/www.cidademarketing.com.br\/marketing\/2021\/05\/31\/camarada-camarao-inaugura-sua-primeira-unidade-no-abc\/#respond"]}]},{"@type":"WebPage","@id":"https:\/\/www.cidademarketing.com.br\/marketing\/2021\/05\/31\/camarada-camarao-inaugura-sua-primeira-unidade-no-abc\/","url":"https:\/\/www.cidademarketing.com.br\/marketing\/2021\/05\/31\/camarada-camarao-inaugura-sua-primeira-unidade-no-abc\/","name":"Camarada Camar\u00e3o inaugura sua primeira unidade no ABC - CidadeMarketing","isPartOf":{"@id":"https:\/\/www.cidademarketing.com.br\/marketing\/#website"},"primaryImageOfPage":{"@id":"https:\/\/www.cidademarketing.com.br\/marketing\/2021\/05\/31\/camarada-camarao-inaugura-sua-primeira-unidade-no-abc\/#primaryimage"},"image":{"@id":"https:\/\/www.cidademarketing.com.br\/marketing\/2021\/05\/31\/camarada-camarao-inaugura-sua-primeira-unidade-no-abc\/#primaryimage"},"thumbnailUrl":"https:\/\/www.cidademarketing.com.br\/marketing\/wp-content\/uploads\/2021\/05\/Grelhados-Camarada.jpg","datePublished":"2021-05-31T13:00:10+00:00","dateModified":"2021-05-31T13:00:12+00:00","breadcrumb":{"@id":"https:\/\/www.cidademarketing.com.br\/marketing\/2021\/05\/31\/camarada-camarao-inaugura-sua-primeira-unidade-no-abc\/#breadcrumb"},"inLanguage":"pt-BR","potentialAction":[{"@type":"ReadAction","target":["https:\/\/www.cidademarketing.com.br\/marketing\/2021\/05\/31\/camarada-camarao-inaugura-sua-primeira-unidade-no-abc\/"]}]},{"@type":"ImageObject","inLanguage":"pt-BR","@id":"https:\/\/www.cidademarketing.com.br\/marketing\/2021\/05\/31\/camarada-camarao-inaugura-sua-primeira-unidade-no-abc\/#primaryimage","url":"https:\/\/www.cidademarketing.com.br\/marketing\/wp-content\/uploads\/2021\/05\/Grelhados-Camarada.jpg","contentUrl":"https:\/\/www.cidademarketing.com.br\/marketing\/wp-content\/uploads\/2021\/05\/Grelhados-Camarada.jpg","width":1571,"height":1077,"caption":"Divulga\u00e7\u00e3o"},{"@type":"BreadcrumbList","@id":"https:\/\/www.cidademarketing.com.br\/marketing\/2021\/05\/31\/camarada-camarao-inaugura-sua-primeira-unidade-no-abc\/#breadcrumb","itemListElement":[{"@type":"ListItem","position":1,"name":"In\u00edcio","item":"https:\/\/www.cidademarketing.com.br\/marketing\/"},{"@type":"ListItem","position":2,"name":"Camarada Camar\u00e3o inaugura sua primeira unidade no ABC"}]},{"@type":"WebSite","@id":"https:\/\/www.cidademarketing.com.br\/marketing\/#website","url":"https:\/\/www.cidademarketing.com.br\/marketing\/","name":"CidadeMarketing","description":"Somos um ve\u00edculo de comunica\u00e7\u00e3o de destaque no Brasil, reconhecido por conte\u00fados nos segmentos de marketing, empreendedorismo e inova\u00e7\u00e3o.","publisher":{"@id":"https:\/\/www.cidademarketing.com.br\/marketing\/#organization"},"alternateName":"CidadeMarketing","potentialAction":[{"@type":"SearchAction","target":{"@type":"EntryPoint","urlTemplate":"https:\/\/www.cidademarketing.com.br\/marketing\/?s={search_term_string}"},"query-input":{"@type":"PropertyValueSpecification","valueRequired":true,"valueName":"search_term_string"}}],"inLanguage":"pt-BR"},{"@type":"Organization","@id":"https:\/\/www.cidademarketing.com.br\/marketing\/#organization","name":"CidadeMarketing","alternateName":"CidadeMarketing","url":"https:\/\/www.cidademarketing.com.br\/marketing\/","logo":{"@type":"ImageObject","inLanguage":"pt-BR","@id":"https:\/\/www.cidademarketing.com.br\/marketing\/#\/schema\/logo\/image\/","url":"https:\/\/www.cidademarketing.com.br\/marketing\/wp-content\/uploads\/2020\/01\/cidademarketing_marca_mobile.png","contentUrl":"https:\/\/www.cidademarketing.com.br\/marketing\/wp-content\/uploads\/2020\/01\/cidademarketing_marca_mobile.png","width":230,"height":92,"caption":"CidadeMarketing"},"image":{"@id":"https:\/\/www.cidademarketing.com.br\/marketing\/#\/schema\/logo\/image\/"},"sameAs":["https:\/\/www.facebook.com\/portalcidademarketing","https:\/\/x.com\/CidadeMarketing","https:\/\/www.instagram.com\/cidademarketing\/"]},{"@type":"Person","@id":"https:\/\/www.cidademarketing.com.br\/marketing\/#\/schema\/person\/02daff9f18bd9378c9e01eb6b2db155f","name":"Thales Brand\u00e3o","image":{"@type":"ImageObject","inLanguage":"pt-BR","@id":"https:\/\/secure.gravatar.com\/avatar\/7ca3206950207cc3cb48feec56a8a7898741ab725c368d99d5d7a5a50aab80c6?s=96&d=mm&r=g","url":"https:\/\/secure.gravatar.com\/avatar\/7ca3206950207cc3cb48feec56a8a7898741ab725c368d99d5d7a5a50aab80c6?s=96&d=mm&r=g","contentUrl":"https:\/\/secure.gravatar.com\/avatar\/7ca3206950207cc3cb48feec56a8a7898741ab725c368d99d5d7a5a50aab80c6?s=96&d=mm&r=g","caption":"Thales Brand\u00e3o"},"description":"Editor Executivo do Portal CidadeMarketing.com.br &gt; Mestre em Comunica\u00e7\u00e3o e Sociedade pela Universidade Federal de Sergipe. Possui MBA Executivo em Administra\u00e7\u00e3o com \u00eanfase em Marketing pela Funda\u00e7\u00e3o Get\u00falio Vargas - Rio de Janeiro. Consultor, Palestrante e Pesquisador sobre Empreendedorismo, Marketing, Redes Sociais e Neg\u00f3cios Digitais. Professor, Palestrante TedxTalks e Campus Party. Twitter: @ThalesBrandao","sameAs":["http:\/\/www.mandacaru.com.br","https:\/\/www.facebook.com\/thalesbrandao","http:\/\/www.instagram.com.br\/thalesbrandaoferreira","https:\/\/www.linkedin.com\/in\/thales-brand\u00e3o-3948609\/","https:\/\/x.com\/http:\/\/www.twitter.com\/thalesbrandao"],"url":"https:\/\/www.cidademarketing.com.br\/marketing\/author\/thalesbrandao\/"}]}},"amp_enabled":true,"_links":{"self":[{"href":"https:\/\/www.cidademarketing.com.br\/marketing\/wp-json\/wp\/v2\/posts\/24050","targetHints":{"allow":["GET"]}}],"collection":[{"href":"https:\/\/www.cidademarketing.com.br\/marketing\/wp-json\/wp\/v2\/posts"}],"about":[{"href":"https:\/\/www.cidademarketing.com.br\/marketing\/wp-json\/wp\/v2\/types\/post"}],"author":[{"embeddable":true,"href":"https:\/\/www.cidademarketing.com.br\/marketing\/wp-json\/wp\/v2\/users\/1"}],"replies":[{"embeddable":true,"href":"https:\/\/www.cidademarketing.com.br\/marketing\/wp-json\/wp\/v2\/comments?post=24050"}],"version-history":[{"count":1,"href":"https:\/\/www.cidademarketing.com.br\/marketing\/wp-json\/wp\/v2\/posts\/24050\/revisions"}],"predecessor-version":[{"id":24053,"href":"https:\/\/www.cidademarketing.com.br\/marketing\/wp-json\/wp\/v2\/posts\/24050\/revisions\/24053"}],"wp:featuredmedia":[{"embeddable":true,"href":"https:\/\/www.cidademarketing.com.br\/marketing\/wp-json\/wp\/v2\/media\/24052"}],"wp:attachment":[{"href":"https:\/\/www.cidademarketing.com.br\/marketing\/wp-json\/wp\/v2\/media?parent=24050"}],"wp:term":[{"taxonomy":"category","embeddable":true,"href":"https:\/\/www.cidademarketing.com.br\/marketing\/wp-json\/wp\/v2\/categories?post=24050"},{"taxonomy":"post_tag","embeddable":true,"href":"https:\/\/www.cidademarketing.com.br\/marketing\/wp-json\/wp\/v2\/tags?post=24050"}],"curies":[{"name":"wp","href":"https:\/\/api.w.org\/{rel}","templated":true}]}}