{"id":24034,"date":"2021-05-30T01:42:10","date_gmt":"2021-05-30T04:42:10","guid":{"rendered":"https:\/\/www.cidademarketing.com.br\/marketing\/?p=24034"},"modified":"2021-05-30T01:42:11","modified_gmt":"2021-05-30T04:42:11","slug":"microsoft-forma-segunda-turma-do-programa-black-women-in-tech","status":"publish","type":"post","link":"https:\/\/www.cidademarketing.com.br\/marketing\/2021\/05\/30\/microsoft-forma-segunda-turma-do-programa-black-women-in-tech\/","title":{"rendered":"Microsoft forma segunda turma do programa Black Women in Tech"},"content":{"rendered":"\n<p>Nesta quarta-feira, 26, a&nbsp;Microsoft&nbsp;formou&nbsp;a&nbsp;segunda turma do Black&nbsp;Women&nbsp;in Tech, programa de capacita\u00e7\u00e3o&nbsp;com foco na forma\u00e7\u00e3o de mulheres negras&nbsp;para&nbsp;o mercado de tecnologia. O projeto,&nbsp;idealizado e liderado pelos grupos de colaboradores da Microsoft e volunt\u00e1rios dos pilares de Diversidade e Inclus\u00e3o da empresa&nbsp;&#8211;&nbsp;WAM (Women&nbsp;at&nbsp;Microsoft) e o BAM (Blacks&nbsp;at&nbsp;Microsoft)&nbsp;&#8211;&nbsp;visa&nbsp;a&nbsp;diminuir a lacuna de profissionais especializados em tecnologia, bem como ampliar a igualdade de g\u00eanero&nbsp;e racial no segmento.&nbsp;.&nbsp;<\/p>\n\n\n\n<p>Ao todo, 35&nbsp;mulheres foram selecionadas e&nbsp;participaram,&nbsp;de janeiro a maio,&nbsp;de mentorias&nbsp;t\u00e9cnicas, focadas&nbsp;nas certifica\u00e7\u00f5es&nbsp;t\u00e9cnicas em&nbsp;<em>Fundamentos do Microsoft&nbsp;Azure&nbsp;(AZ-900) e Fundamentos do Microsoft Power Platform (PL-900)<\/em>, al\u00e9m de&nbsp;m\u00f3dulos focados em&nbsp;soft skills, desenvolvimento de carreira e&nbsp;ingl\u00eas&nbsp;b\u00e1sico. Todo o&nbsp;programa,&nbsp;incluindo&nbsp;apostilas e materiais de apoio,&nbsp;\u00e9 realizado gratuitamente.&nbsp;Al\u00e9m disso, todas as formadas&nbsp;receberam&nbsp;vouchers para&nbsp;realizar os&nbsp;exames de certifica\u00e7\u00f5es da Microsoft em&nbsp;<em>AZ-900 e&nbsp;PL-900.&nbsp;20% delas j\u00e1 finalizaram as provas para&nbsp;AZ-900.<\/em>&nbsp;<\/p>\n\n\n\n<p>Adrielly&nbsp;Souza, de 28 anos,&nbsp;faz parte das formandas da segunda turma do&nbsp;programa&nbsp;e,&nbsp;segundo ela,&nbsp;a pauta \u00e9 extremamente necess\u00e1ria nos dias atuais e sua participa\u00e7\u00e3o na iniciativa foi decisiva neste&nbsp;per\u00edodo&nbsp;desafiador que estamos vivendo. \u201cEu, mulher preta e m\u00e3e&nbsp;solo, estou em busca&nbsp;de recoloca\u00e7\u00e3o no mercado, mas me sentia perdida em rela\u00e7\u00e3o&nbsp;\u00e0s minhas oportunidades. O Black&nbsp;Women&nbsp;in Tech me&nbsp;possibilitou desenvolver um novo potencial em mim, voltado para tecnologia, e me conectou com uma rede n\u00e3o s\u00f3 de networking,&nbsp;mas tamb\u00e9m de apoio\u201d, comenta.&nbsp;&nbsp;<\/p>\n\n\n\n<p>Por meio do Black&nbsp;Women&nbsp;in Tech, a Microsoft tem o objetivo de levar ensino t\u00e9cnico de qualidade para que mulheres pretas e pardas possam&nbsp;alavancar suas carreiras em&nbsp;tecnologia.&nbsp;Todos os mentores s\u00e3o funcion\u00e1rios da Microsoft, membros ou aliados das iniciativas e grupos de Diversidade, que disponibilizam seu tempo voluntariamente.&nbsp;Ap\u00f3s a forma\u00e7\u00e3o, uma das a\u00e7\u00f5es p\u00f3s mentoria \u00e9 a realiza\u00e7\u00e3o de uma feira de trabalho, que durante a pandemia est\u00e1 sendo realizada em formato on-line, na qual a Microsoft conecta&nbsp;as&nbsp;profissionais&nbsp;\u00e0s&nbsp;empresas parceiras da companhia com o objetivo de fortalecer o networking para oportunidades de trabalho.&nbsp;<\/p>\n\n\n\n<p><em>\u201c<\/em>Nossa iniciativa tem como objetivo capacitar, formar e ajudar essas profissionais a se conectarem ao mercado de trabalho. Neste programa, unimos pilares fundamentais para a Microsoft que s\u00e3o diversidade, inclus\u00e3o e acesso \u00e0 qualifica\u00e7\u00e3o profissional em tecnologia\u201d explica Alessandra Karine, vice-presidente para o setor p\u00fablico, educa\u00e7\u00e3o e sa\u00fade e l\u00edder de diversidade e inclus\u00e3o na Microsoft Brasil.&nbsp;<\/p>\n\n\n\n<p>O processo seletivo para a\u00a0segunda\u00a0turma foi\u00a0feito por meio de um\u00a0desafio\u00a0virtual\u00a0no qual\u00a0cada interessada\u00a0deveria\u00a0finalizar um curso\u00a0via\u00a0<a href=\"https:\/\/docs.microsoft.com\/pt-br\/learn\/\" target=\"_blank\" rel=\"noreferrer noopener\">Microsoft Learn<\/a>, plataforma de aprendizado on-line gratuita,\u00a0al\u00e9m do preenchimento de um question\u00e1rio.\u00a0O crit\u00e9rio pr\u00e9vio para a sele\u00e7\u00e3o das candidatas foi ter mais de 18 anos,\u00a0se autodeclarar preta ou parda\u00a0e cumprir os requisitos do preenchimento do question\u00e1rio.\u00a0N\u00e3o s\u00e3o exigidos nenhum conhecimento ou habilidade t\u00e9cnica pr\u00e9vias.\u00a0\u00a0<\/p>\n\n\n\n<p>A\u00a0<a href=\"https:\/\/news.microsoft.com\/pt-br\/microsoft-anuncia-primeira-turma-de-formadas-do-programa-black-women-in-tech\/\" target=\"_blank\" rel=\"noreferrer noopener\">primeira edi\u00e7\u00e3o<\/a>\u00a0do Black\u00a0Women\u00a0in Tech\u00a0aconteceu entre agosto e setembro de 2020 e\u00a0contou com 26 mulheres formadas.\u00a0A Microsoft tem como meta continuar promovendo o programa semestralmente e capacitar at\u00e9 50 mulheres por turma.\u00a0\u00a0<\/p>\n","protected":false},"excerpt":{"rendered":"<p>Nesta quarta-feira, 26, a&nbsp;Microsoft&nbsp;formou&nbsp;a&nbsp;segunda turma do Black&nbsp;Women&nbsp;in Tech, programa de capacita\u00e7\u00e3o&nbsp;com foco na forma\u00e7\u00e3o de mulheres negras&nbsp;para&nbsp;o mercado de tecnologia. O projeto,&nbsp;idealizado e liderado pelos grupos de colaboradores da Microsoft e volunt\u00e1rios dos pilares de Diversidade e Inclus\u00e3o da empresa&nbsp;&#8211;&nbsp;WAM (Women&nbsp;at&nbsp;Microsoft) e o BAM (Blacks&nbsp;at&nbsp;Microsoft)&nbsp;&#8211;&nbsp;visa&nbsp;a&nbsp;diminuir a lacuna de profissionais especializados em tecnologia, bem como ampliar [&hellip;]<\/p>\n","protected":false},"author":1,"featured_media":8554,"comment_status":"open","ping_status":"open","sticky":false,"template":"","format":"standard","meta":{"tdm_status":"","tdm_grid_status":"","footnotes":""},"categories":[6],"tags":[1124,33,28,138],"class_list":["post-24034","post","type-post","status-publish","format-standard","has-post-thumbnail","hentry","category-noticias","tag-diversidade","tag-estrategia","tag-marketing","tag-microsoft"],"yoast_head":"<!-- This site is optimized with the Yoast SEO plugin v27.5 - https:\/\/yoast.com\/product\/yoast-seo-wordpress\/ -->\n<title>Microsoft forma segunda turma do programa Black Women in Tech - CidadeMarketing<\/title>\n<meta name=\"robots\" content=\"index, follow, max-snippet:-1, max-image-preview:large, max-video-preview:-1\" \/>\n<link rel=\"canonical\" href=\"https:\/\/www.cidademarketing.com.br\/marketing\/2021\/05\/30\/microsoft-forma-segunda-turma-do-programa-black-women-in-tech\/\" \/>\n<meta property=\"og:locale\" content=\"pt_BR\" \/>\n<meta property=\"og:type\" content=\"article\" \/>\n<meta property=\"og:title\" content=\"Microsoft forma segunda turma do programa Black Women in Tech - CidadeMarketing\" \/>\n<meta property=\"og:description\" content=\"Nesta quarta-feira, 26, a&nbsp;Microsoft&nbsp;formou&nbsp;a&nbsp;segunda turma do Black&nbsp;Women&nbsp;in Tech, programa de capacita\u00e7\u00e3o&nbsp;com foco na forma\u00e7\u00e3o de mulheres negras&nbsp;para&nbsp;o mercado de tecnologia. O projeto,&nbsp;idealizado e liderado pelos grupos de colaboradores da Microsoft e volunt\u00e1rios dos pilares de Diversidade e Inclus\u00e3o da empresa&nbsp;&#8211;&nbsp;WAM (Women&nbsp;at&nbsp;Microsoft) e o BAM (Blacks&nbsp;at&nbsp;Microsoft)&nbsp;&#8211;&nbsp;visa&nbsp;a&nbsp;diminuir a lacuna de profissionais especializados em tecnologia, bem como ampliar [&hellip;]\" \/>\n<meta property=\"og:url\" content=\"https:\/\/www.cidademarketing.com.br\/marketing\/2021\/05\/30\/microsoft-forma-segunda-turma-do-programa-black-women-in-tech\/\" \/>\n<meta property=\"og:site_name\" content=\"CidadeMarketing\" \/>\n<meta property=\"article:publisher\" content=\"https:\/\/www.facebook.com\/portalcidademarketing\" \/>\n<meta property=\"article:author\" content=\"https:\/\/www.facebook.com\/thalesbrandao\" \/>\n<meta property=\"article:published_time\" content=\"2021-05-30T04:42:10+00:00\" \/>\n<meta property=\"article:modified_time\" content=\"2021-05-30T04:42:11+00:00\" \/>\n<meta property=\"og:image\" content=\"https:\/\/www.cidademarketing.com.br\/marketing\/wp-content\/uploads\/2019\/05\/Microsoft_logo.png\" \/>\n\t<meta property=\"og:image:width\" content=\"678\" \/>\n\t<meta property=\"og:image:height\" content=\"452\" \/>\n\t<meta property=\"og:image:type\" content=\"image\/png\" \/>\n<meta name=\"author\" content=\"Thales Brand\u00e3o\" \/>\n<meta name=\"twitter:card\" content=\"summary_large_image\" \/>\n<meta name=\"twitter:creator\" content=\"@http:\/\/www.twitter.com\/thalesbrandao\" \/>\n<meta name=\"twitter:site\" content=\"@CidadeMarketing\" \/>\n<meta name=\"twitter:label1\" content=\"Escrito por\" \/>\n\t<meta name=\"twitter:data1\" content=\"Thales Brand\u00e3o\" \/>\n\t<meta name=\"twitter:label2\" content=\"Est. tempo de leitura\" \/>\n\t<meta name=\"twitter:data2\" content=\"3 minutos\" \/>\n<script type=\"application\/ld+json\" class=\"yoast-schema-graph\">{\"@context\":\"https:\\\/\\\/schema.org\",\"@graph\":[{\"@type\":\"Article\",\"@id\":\"https:\\\/\\\/www.cidademarketing.com.br\\\/marketing\\\/2021\\\/05\\\/30\\\/microsoft-forma-segunda-turma-do-programa-black-women-in-tech\\\/#article\",\"isPartOf\":{\"@id\":\"https:\\\/\\\/www.cidademarketing.com.br\\\/marketing\\\/2021\\\/05\\\/30\\\/microsoft-forma-segunda-turma-do-programa-black-women-in-tech\\\/\"},\"author\":{\"name\":\"Thales Brand\u00e3o\",\"@id\":\"https:\\\/\\\/www.cidademarketing.com.br\\\/marketing\\\/#\\\/schema\\\/person\\\/02daff9f18bd9378c9e01eb6b2db155f\"},\"headline\":\"Microsoft forma segunda turma do programa Black Women in Tech\",\"datePublished\":\"2021-05-30T04:42:10+00:00\",\"dateModified\":\"2021-05-30T04:42:11+00:00\",\"mainEntityOfPage\":{\"@id\":\"https:\\\/\\\/www.cidademarketing.com.br\\\/marketing\\\/2021\\\/05\\\/30\\\/microsoft-forma-segunda-turma-do-programa-black-women-in-tech\\\/\"},\"wordCount\":653,\"commentCount\":0,\"publisher\":{\"@id\":\"https:\\\/\\\/www.cidademarketing.com.br\\\/marketing\\\/#organization\"},\"image\":{\"@id\":\"https:\\\/\\\/www.cidademarketing.com.br\\\/marketing\\\/2021\\\/05\\\/30\\\/microsoft-forma-segunda-turma-do-programa-black-women-in-tech\\\/#primaryimage\"},\"thumbnailUrl\":\"https:\\\/\\\/www.cidademarketing.com.br\\\/marketing\\\/wp-content\\\/uploads\\\/2019\\\/05\\\/Microsoft_logo.png\",\"keywords\":[\"diversidade\",\"estrat\u00e9gia\",\"marketing\",\"Microsoft\"],\"articleSection\":[\"Not\u00edcias\"],\"inLanguage\":\"pt-BR\",\"potentialAction\":[{\"@type\":\"CommentAction\",\"name\":\"Comment\",\"target\":[\"https:\\\/\\\/www.cidademarketing.com.br\\\/marketing\\\/2021\\\/05\\\/30\\\/microsoft-forma-segunda-turma-do-programa-black-women-in-tech\\\/#respond\"]}]},{\"@type\":\"WebPage\",\"@id\":\"https:\\\/\\\/www.cidademarketing.com.br\\\/marketing\\\/2021\\\/05\\\/30\\\/microsoft-forma-segunda-turma-do-programa-black-women-in-tech\\\/\",\"url\":\"https:\\\/\\\/www.cidademarketing.com.br\\\/marketing\\\/2021\\\/05\\\/30\\\/microsoft-forma-segunda-turma-do-programa-black-women-in-tech\\\/\",\"name\":\"Microsoft forma segunda turma do programa Black Women in Tech - CidadeMarketing\",\"isPartOf\":{\"@id\":\"https:\\\/\\\/www.cidademarketing.com.br\\\/marketing\\\/#website\"},\"primaryImageOfPage\":{\"@id\":\"https:\\\/\\\/www.cidademarketing.com.br\\\/marketing\\\/2021\\\/05\\\/30\\\/microsoft-forma-segunda-turma-do-programa-black-women-in-tech\\\/#primaryimage\"},\"image\":{\"@id\":\"https:\\\/\\\/www.cidademarketing.com.br\\\/marketing\\\/2021\\\/05\\\/30\\\/microsoft-forma-segunda-turma-do-programa-black-women-in-tech\\\/#primaryimage\"},\"thumbnailUrl\":\"https:\\\/\\\/www.cidademarketing.com.br\\\/marketing\\\/wp-content\\\/uploads\\\/2019\\\/05\\\/Microsoft_logo.png\",\"datePublished\":\"2021-05-30T04:42:10+00:00\",\"dateModified\":\"2021-05-30T04:42:11+00:00\",\"breadcrumb\":{\"@id\":\"https:\\\/\\\/www.cidademarketing.com.br\\\/marketing\\\/2021\\\/05\\\/30\\\/microsoft-forma-segunda-turma-do-programa-black-women-in-tech\\\/#breadcrumb\"},\"inLanguage\":\"pt-BR\",\"potentialAction\":[{\"@type\":\"ReadAction\",\"target\":[\"https:\\\/\\\/www.cidademarketing.com.br\\\/marketing\\\/2021\\\/05\\\/30\\\/microsoft-forma-segunda-turma-do-programa-black-women-in-tech\\\/\"]}]},{\"@type\":\"ImageObject\",\"inLanguage\":\"pt-BR\",\"@id\":\"https:\\\/\\\/www.cidademarketing.com.br\\\/marketing\\\/2021\\\/05\\\/30\\\/microsoft-forma-segunda-turma-do-programa-black-women-in-tech\\\/#primaryimage\",\"url\":\"https:\\\/\\\/www.cidademarketing.com.br\\\/marketing\\\/wp-content\\\/uploads\\\/2019\\\/05\\\/Microsoft_logo.png\",\"contentUrl\":\"https:\\\/\\\/www.cidademarketing.com.br\\\/marketing\\\/wp-content\\\/uploads\\\/2019\\\/05\\\/Microsoft_logo.png\",\"width\":678,\"height\":452},{\"@type\":\"BreadcrumbList\",\"@id\":\"https:\\\/\\\/www.cidademarketing.com.br\\\/marketing\\\/2021\\\/05\\\/30\\\/microsoft-forma-segunda-turma-do-programa-black-women-in-tech\\\/#breadcrumb\",\"itemListElement\":[{\"@type\":\"ListItem\",\"position\":1,\"name\":\"In\u00edcio\",\"item\":\"https:\\\/\\\/www.cidademarketing.com.br\\\/marketing\\\/\"},{\"@type\":\"ListItem\",\"position\":2,\"name\":\"Microsoft forma segunda turma do programa Black Women in Tech\"}]},{\"@type\":\"WebSite\",\"@id\":\"https:\\\/\\\/www.cidademarketing.com.br\\\/marketing\\\/#website\",\"url\":\"https:\\\/\\\/www.cidademarketing.com.br\\\/marketing\\\/\",\"name\":\"CidadeMarketing\",\"description\":\"Somos um ve\u00edculo de comunica\u00e7\u00e3o de destaque no Brasil, reconhecido por conte\u00fados nos segmentos de marketing, empreendedorismo e inova\u00e7\u00e3o.\",\"publisher\":{\"@id\":\"https:\\\/\\\/www.cidademarketing.com.br\\\/marketing\\\/#organization\"},\"alternateName\":\"CidadeMarketing\",\"potentialAction\":[{\"@type\":\"SearchAction\",\"target\":{\"@type\":\"EntryPoint\",\"urlTemplate\":\"https:\\\/\\\/www.cidademarketing.com.br\\\/marketing\\\/?s={search_term_string}\"},\"query-input\":{\"@type\":\"PropertyValueSpecification\",\"valueRequired\":true,\"valueName\":\"search_term_string\"}}],\"inLanguage\":\"pt-BR\"},{\"@type\":\"Organization\",\"@id\":\"https:\\\/\\\/www.cidademarketing.com.br\\\/marketing\\\/#organization\",\"name\":\"CidadeMarketing\",\"alternateName\":\"CidadeMarketing\",\"url\":\"https:\\\/\\\/www.cidademarketing.com.br\\\/marketing\\\/\",\"logo\":{\"@type\":\"ImageObject\",\"inLanguage\":\"pt-BR\",\"@id\":\"https:\\\/\\\/www.cidademarketing.com.br\\\/marketing\\\/#\\\/schema\\\/logo\\\/image\\\/\",\"url\":\"https:\\\/\\\/www.cidademarketing.com.br\\\/marketing\\\/wp-content\\\/uploads\\\/2020\\\/01\\\/cidademarketing_marca_mobile.png\",\"contentUrl\":\"https:\\\/\\\/www.cidademarketing.com.br\\\/marketing\\\/wp-content\\\/uploads\\\/2020\\\/01\\\/cidademarketing_marca_mobile.png\",\"width\":230,\"height\":92,\"caption\":\"CidadeMarketing\"},\"image\":{\"@id\":\"https:\\\/\\\/www.cidademarketing.com.br\\\/marketing\\\/#\\\/schema\\\/logo\\\/image\\\/\"},\"sameAs\":[\"https:\\\/\\\/www.facebook.com\\\/portalcidademarketing\",\"https:\\\/\\\/x.com\\\/CidadeMarketing\",\"https:\\\/\\\/www.instagram.com\\\/cidademarketing\\\/\"]},{\"@type\":\"Person\",\"@id\":\"https:\\\/\\\/www.cidademarketing.com.br\\\/marketing\\\/#\\\/schema\\\/person\\\/02daff9f18bd9378c9e01eb6b2db155f\",\"name\":\"Thales Brand\u00e3o\",\"image\":{\"@type\":\"ImageObject\",\"inLanguage\":\"pt-BR\",\"@id\":\"https:\\\/\\\/secure.gravatar.com\\\/avatar\\\/7ca3206950207cc3cb48feec56a8a7898741ab725c368d99d5d7a5a50aab80c6?s=96&d=mm&r=g\",\"url\":\"https:\\\/\\\/secure.gravatar.com\\\/avatar\\\/7ca3206950207cc3cb48feec56a8a7898741ab725c368d99d5d7a5a50aab80c6?s=96&d=mm&r=g\",\"contentUrl\":\"https:\\\/\\\/secure.gravatar.com\\\/avatar\\\/7ca3206950207cc3cb48feec56a8a7898741ab725c368d99d5d7a5a50aab80c6?s=96&d=mm&r=g\",\"caption\":\"Thales Brand\u00e3o\"},\"description\":\"Editor Executivo do Portal CidadeMarketing.com.br &gt; Mestre em Comunica\u00e7\u00e3o e Sociedade pela Universidade Federal de Sergipe. Possui MBA Executivo em Administra\u00e7\u00e3o com \u00eanfase em Marketing pela Funda\u00e7\u00e3o Get\u00falio Vargas - Rio de Janeiro. Consultor, Palestrante e Pesquisador sobre Empreendedorismo, Marketing, Redes Sociais e Neg\u00f3cios Digitais. Professor, Palestrante TedxTalks e Campus Party. Twitter: @ThalesBrandao\",\"sameAs\":[\"http:\\\/\\\/www.mandacaru.com.br\",\"https:\\\/\\\/www.facebook.com\\\/thalesbrandao\",\"http:\\\/\\\/www.instagram.com.br\\\/thalesbrandaoferreira\",\"https:\\\/\\\/www.linkedin.com\\\/in\\\/thales-brand\u00e3o-3948609\\\/\",\"https:\\\/\\\/x.com\\\/http:\\\/\\\/www.twitter.com\\\/thalesbrandao\"],\"url\":\"https:\\\/\\\/www.cidademarketing.com.br\\\/marketing\\\/author\\\/thalesbrandao\\\/\"}]}<\/script>\n<!-- \/ Yoast SEO plugin. -->","yoast_head_json":{"title":"Microsoft forma segunda turma do programa Black Women in Tech - CidadeMarketing","robots":{"index":"index","follow":"follow","max-snippet":"max-snippet:-1","max-image-preview":"max-image-preview:large","max-video-preview":"max-video-preview:-1"},"canonical":"https:\/\/www.cidademarketing.com.br\/marketing\/2021\/05\/30\/microsoft-forma-segunda-turma-do-programa-black-women-in-tech\/","og_locale":"pt_BR","og_type":"article","og_title":"Microsoft forma segunda turma do programa Black Women in Tech - CidadeMarketing","og_description":"Nesta quarta-feira, 26, a&nbsp;Microsoft&nbsp;formou&nbsp;a&nbsp;segunda turma do Black&nbsp;Women&nbsp;in Tech, programa de capacita\u00e7\u00e3o&nbsp;com foco na forma\u00e7\u00e3o de mulheres negras&nbsp;para&nbsp;o mercado de tecnologia. O projeto,&nbsp;idealizado e liderado pelos grupos de colaboradores da Microsoft e volunt\u00e1rios dos pilares de Diversidade e Inclus\u00e3o da empresa&nbsp;&#8211;&nbsp;WAM (Women&nbsp;at&nbsp;Microsoft) e o BAM (Blacks&nbsp;at&nbsp;Microsoft)&nbsp;&#8211;&nbsp;visa&nbsp;a&nbsp;diminuir a lacuna de profissionais especializados em tecnologia, bem como ampliar [&hellip;]","og_url":"https:\/\/www.cidademarketing.com.br\/marketing\/2021\/05\/30\/microsoft-forma-segunda-turma-do-programa-black-women-in-tech\/","og_site_name":"CidadeMarketing","article_publisher":"https:\/\/www.facebook.com\/portalcidademarketing","article_author":"https:\/\/www.facebook.com\/thalesbrandao","article_published_time":"2021-05-30T04:42:10+00:00","article_modified_time":"2021-05-30T04:42:11+00:00","og_image":[{"width":678,"height":452,"url":"https:\/\/www.cidademarketing.com.br\/marketing\/wp-content\/uploads\/2019\/05\/Microsoft_logo.png","type":"image\/png"}],"author":"Thales Brand\u00e3o","twitter_card":"summary_large_image","twitter_creator":"@http:\/\/www.twitter.com\/thalesbrandao","twitter_site":"@CidadeMarketing","twitter_misc":{"Escrito por":"Thales Brand\u00e3o","Est. tempo de leitura":"3 minutos"},"schema":{"@context":"https:\/\/schema.org","@graph":[{"@type":"Article","@id":"https:\/\/www.cidademarketing.com.br\/marketing\/2021\/05\/30\/microsoft-forma-segunda-turma-do-programa-black-women-in-tech\/#article","isPartOf":{"@id":"https:\/\/www.cidademarketing.com.br\/marketing\/2021\/05\/30\/microsoft-forma-segunda-turma-do-programa-black-women-in-tech\/"},"author":{"name":"Thales Brand\u00e3o","@id":"https:\/\/www.cidademarketing.com.br\/marketing\/#\/schema\/person\/02daff9f18bd9378c9e01eb6b2db155f"},"headline":"Microsoft forma segunda turma do programa Black Women in Tech","datePublished":"2021-05-30T04:42:10+00:00","dateModified":"2021-05-30T04:42:11+00:00","mainEntityOfPage":{"@id":"https:\/\/www.cidademarketing.com.br\/marketing\/2021\/05\/30\/microsoft-forma-segunda-turma-do-programa-black-women-in-tech\/"},"wordCount":653,"commentCount":0,"publisher":{"@id":"https:\/\/www.cidademarketing.com.br\/marketing\/#organization"},"image":{"@id":"https:\/\/www.cidademarketing.com.br\/marketing\/2021\/05\/30\/microsoft-forma-segunda-turma-do-programa-black-women-in-tech\/#primaryimage"},"thumbnailUrl":"https:\/\/www.cidademarketing.com.br\/marketing\/wp-content\/uploads\/2019\/05\/Microsoft_logo.png","keywords":["diversidade","estrat\u00e9gia","marketing","Microsoft"],"articleSection":["Not\u00edcias"],"inLanguage":"pt-BR","potentialAction":[{"@type":"CommentAction","name":"Comment","target":["https:\/\/www.cidademarketing.com.br\/marketing\/2021\/05\/30\/microsoft-forma-segunda-turma-do-programa-black-women-in-tech\/#respond"]}]},{"@type":"WebPage","@id":"https:\/\/www.cidademarketing.com.br\/marketing\/2021\/05\/30\/microsoft-forma-segunda-turma-do-programa-black-women-in-tech\/","url":"https:\/\/www.cidademarketing.com.br\/marketing\/2021\/05\/30\/microsoft-forma-segunda-turma-do-programa-black-women-in-tech\/","name":"Microsoft forma segunda turma do programa Black Women in Tech - CidadeMarketing","isPartOf":{"@id":"https:\/\/www.cidademarketing.com.br\/marketing\/#website"},"primaryImageOfPage":{"@id":"https:\/\/www.cidademarketing.com.br\/marketing\/2021\/05\/30\/microsoft-forma-segunda-turma-do-programa-black-women-in-tech\/#primaryimage"},"image":{"@id":"https:\/\/www.cidademarketing.com.br\/marketing\/2021\/05\/30\/microsoft-forma-segunda-turma-do-programa-black-women-in-tech\/#primaryimage"},"thumbnailUrl":"https:\/\/www.cidademarketing.com.br\/marketing\/wp-content\/uploads\/2019\/05\/Microsoft_logo.png","datePublished":"2021-05-30T04:42:10+00:00","dateModified":"2021-05-30T04:42:11+00:00","breadcrumb":{"@id":"https:\/\/www.cidademarketing.com.br\/marketing\/2021\/05\/30\/microsoft-forma-segunda-turma-do-programa-black-women-in-tech\/#breadcrumb"},"inLanguage":"pt-BR","potentialAction":[{"@type":"ReadAction","target":["https:\/\/www.cidademarketing.com.br\/marketing\/2021\/05\/30\/microsoft-forma-segunda-turma-do-programa-black-women-in-tech\/"]}]},{"@type":"ImageObject","inLanguage":"pt-BR","@id":"https:\/\/www.cidademarketing.com.br\/marketing\/2021\/05\/30\/microsoft-forma-segunda-turma-do-programa-black-women-in-tech\/#primaryimage","url":"https:\/\/www.cidademarketing.com.br\/marketing\/wp-content\/uploads\/2019\/05\/Microsoft_logo.png","contentUrl":"https:\/\/www.cidademarketing.com.br\/marketing\/wp-content\/uploads\/2019\/05\/Microsoft_logo.png","width":678,"height":452},{"@type":"BreadcrumbList","@id":"https:\/\/www.cidademarketing.com.br\/marketing\/2021\/05\/30\/microsoft-forma-segunda-turma-do-programa-black-women-in-tech\/#breadcrumb","itemListElement":[{"@type":"ListItem","position":1,"name":"In\u00edcio","item":"https:\/\/www.cidademarketing.com.br\/marketing\/"},{"@type":"ListItem","position":2,"name":"Microsoft forma segunda turma do programa Black Women in Tech"}]},{"@type":"WebSite","@id":"https:\/\/www.cidademarketing.com.br\/marketing\/#website","url":"https:\/\/www.cidademarketing.com.br\/marketing\/","name":"CidadeMarketing","description":"Somos um ve\u00edculo de comunica\u00e7\u00e3o de destaque no Brasil, reconhecido por conte\u00fados nos segmentos de marketing, empreendedorismo e inova\u00e7\u00e3o.","publisher":{"@id":"https:\/\/www.cidademarketing.com.br\/marketing\/#organization"},"alternateName":"CidadeMarketing","potentialAction":[{"@type":"SearchAction","target":{"@type":"EntryPoint","urlTemplate":"https:\/\/www.cidademarketing.com.br\/marketing\/?s={search_term_string}"},"query-input":{"@type":"PropertyValueSpecification","valueRequired":true,"valueName":"search_term_string"}}],"inLanguage":"pt-BR"},{"@type":"Organization","@id":"https:\/\/www.cidademarketing.com.br\/marketing\/#organization","name":"CidadeMarketing","alternateName":"CidadeMarketing","url":"https:\/\/www.cidademarketing.com.br\/marketing\/","logo":{"@type":"ImageObject","inLanguage":"pt-BR","@id":"https:\/\/www.cidademarketing.com.br\/marketing\/#\/schema\/logo\/image\/","url":"https:\/\/www.cidademarketing.com.br\/marketing\/wp-content\/uploads\/2020\/01\/cidademarketing_marca_mobile.png","contentUrl":"https:\/\/www.cidademarketing.com.br\/marketing\/wp-content\/uploads\/2020\/01\/cidademarketing_marca_mobile.png","width":230,"height":92,"caption":"CidadeMarketing"},"image":{"@id":"https:\/\/www.cidademarketing.com.br\/marketing\/#\/schema\/logo\/image\/"},"sameAs":["https:\/\/www.facebook.com\/portalcidademarketing","https:\/\/x.com\/CidadeMarketing","https:\/\/www.instagram.com\/cidademarketing\/"]},{"@type":"Person","@id":"https:\/\/www.cidademarketing.com.br\/marketing\/#\/schema\/person\/02daff9f18bd9378c9e01eb6b2db155f","name":"Thales Brand\u00e3o","image":{"@type":"ImageObject","inLanguage":"pt-BR","@id":"https:\/\/secure.gravatar.com\/avatar\/7ca3206950207cc3cb48feec56a8a7898741ab725c368d99d5d7a5a50aab80c6?s=96&d=mm&r=g","url":"https:\/\/secure.gravatar.com\/avatar\/7ca3206950207cc3cb48feec56a8a7898741ab725c368d99d5d7a5a50aab80c6?s=96&d=mm&r=g","contentUrl":"https:\/\/secure.gravatar.com\/avatar\/7ca3206950207cc3cb48feec56a8a7898741ab725c368d99d5d7a5a50aab80c6?s=96&d=mm&r=g","caption":"Thales Brand\u00e3o"},"description":"Editor Executivo do Portal CidadeMarketing.com.br &gt; Mestre em Comunica\u00e7\u00e3o e Sociedade pela Universidade Federal de Sergipe. Possui MBA Executivo em Administra\u00e7\u00e3o com \u00eanfase em Marketing pela Funda\u00e7\u00e3o Get\u00falio Vargas - Rio de Janeiro. Consultor, Palestrante e Pesquisador sobre Empreendedorismo, Marketing, Redes Sociais e Neg\u00f3cios Digitais. Professor, Palestrante TedxTalks e Campus Party. Twitter: @ThalesBrandao","sameAs":["http:\/\/www.mandacaru.com.br","https:\/\/www.facebook.com\/thalesbrandao","http:\/\/www.instagram.com.br\/thalesbrandaoferreira","https:\/\/www.linkedin.com\/in\/thales-brand\u00e3o-3948609\/","https:\/\/x.com\/http:\/\/www.twitter.com\/thalesbrandao"],"url":"https:\/\/www.cidademarketing.com.br\/marketing\/author\/thalesbrandao\/"}]}},"amp_enabled":true,"_links":{"self":[{"href":"https:\/\/www.cidademarketing.com.br\/marketing\/wp-json\/wp\/v2\/posts\/24034","targetHints":{"allow":["GET"]}}],"collection":[{"href":"https:\/\/www.cidademarketing.com.br\/marketing\/wp-json\/wp\/v2\/posts"}],"about":[{"href":"https:\/\/www.cidademarketing.com.br\/marketing\/wp-json\/wp\/v2\/types\/post"}],"author":[{"embeddable":true,"href":"https:\/\/www.cidademarketing.com.br\/marketing\/wp-json\/wp\/v2\/users\/1"}],"replies":[{"embeddable":true,"href":"https:\/\/www.cidademarketing.com.br\/marketing\/wp-json\/wp\/v2\/comments?post=24034"}],"version-history":[{"count":1,"href":"https:\/\/www.cidademarketing.com.br\/marketing\/wp-json\/wp\/v2\/posts\/24034\/revisions"}],"predecessor-version":[{"id":24035,"href":"https:\/\/www.cidademarketing.com.br\/marketing\/wp-json\/wp\/v2\/posts\/24034\/revisions\/24035"}],"wp:featuredmedia":[{"embeddable":true,"href":"https:\/\/www.cidademarketing.com.br\/marketing\/wp-json\/wp\/v2\/media\/8554"}],"wp:attachment":[{"href":"https:\/\/www.cidademarketing.com.br\/marketing\/wp-json\/wp\/v2\/media?parent=24034"}],"wp:term":[{"taxonomy":"category","embeddable":true,"href":"https:\/\/www.cidademarketing.com.br\/marketing\/wp-json\/wp\/v2\/categories?post=24034"},{"taxonomy":"post_tag","embeddable":true,"href":"https:\/\/www.cidademarketing.com.br\/marketing\/wp-json\/wp\/v2\/tags?post=24034"}],"curies":[{"name":"wp","href":"https:\/\/api.w.org\/{rel}","templated":true}]}}