{"id":23988,"date":"2021-05-27T19:54:25","date_gmt":"2021-05-27T22:54:25","guid":{"rendered":"https:\/\/www.cidademarketing.com.br\/marketing\/?p=23988"},"modified":"2021-05-27T19:54:28","modified_gmt":"2021-05-27T22:54:28","slug":"intimus-celebra-dia-da-menstruacao-com-poderosas-acoes-de-incentivo-a-meninas-e-mulheres","status":"publish","type":"post","link":"https:\/\/www.cidademarketing.com.br\/marketing\/2021\/05\/27\/intimus-celebra-dia-da-menstruacao-com-poderosas-acoes-de-incentivo-a-meninas-e-mulheres\/","title":{"rendered":"Intimus celebra &#8220;Dia da Menstrua\u00e7\u00e3o&#8221; com poderosas a\u00e7\u00f5es de incentivo a meninas e mulheres"},"content":{"rendered":"\n<p><strong>Intimus<\/strong>, marca de cuidados femininos da Kimberly-Clark, vem atuando nos \u00faltimos anos com uma s\u00e9rie de a\u00e7\u00f5es para ajudar a levar informa\u00e7\u00f5es a respeito da menstrua\u00e7\u00e3o, incentivando toda a sociedade a tratar o tema de forma natural para que as mulheres n\u00e3o sejam estigmatizadas por conta do ciclo menstrual. E, seguindo com as iniciativas, pelo segundo ano consecutivo a marca apoia o Dia da Higiene Menstrual, internacionalmente celebrado em 28 de maio, tamb\u00e9m conhecido como o Dia da Menstrua\u00e7\u00e3o.<\/p>\n\n\n\n<p>Em 2021, a data ser\u00e1 celebrada por Intimus com um convite \u00e0 sociedade: apoiar a causa por meio da pulseira da menstrua\u00e7\u00e3o, que tem 28 bolinhas representando, cada uma, um dia do ciclo menstrual. Cinco bolinhas s\u00e3o pintadas de vermelho, marcando os dias da menstrua\u00e7\u00e3o. O objetivo da a\u00e7\u00e3o \u00e9 divulgar um s\u00edmbolo do ciclo menstrual e continuar incentivando um di\u00e1logo aberto sobre o tema.<\/p>\n\n\n\n<p>O dia 28 de maio, como data de conscientiza\u00e7\u00e3o global, e a pulseira da menstrua\u00e7\u00e3o foram idealizados pela Wash United, organiza\u00e7\u00e3o alem\u00e3 sem fins lucrativos, que tem como meta, at\u00e9 2030, promover a\u00e7\u00f5es para que nenhuma menina ou mulher seja impedida de realizar seus sonhos por ficar menstruada.<\/p>\n\n\n\n<p>\u201cO Dia da Menstrua\u00e7\u00e3o foi institu\u00eddo internacionalmente para mostrar uma condi\u00e7\u00e3o real de milhares de mulheres e meninas que vivem sem acesso a saneamento e informa\u00e7\u00e3o sobre como lidar com a higiene menstrual. Alinhado ao prop\u00f3sito de Intimus, que tem como premissa atuar com a\u00e7\u00f5es para melhorar a rela\u00e7\u00e3o das mulheres com a menstrua\u00e7\u00e3o e o pr\u00f3prio corpo, queremos incentivar a\u00e7\u00f5es consistentes que auxiliem as pessoas que menstruam a terem acesso a informa\u00e7\u00e3o e produtos de higiene\u201d, afirma a head de marketing de Intimus, Fernanda Dayan.<\/p>\n\n\n\n<p>Al\u00e9m da parceria com a Wash United, a marca se uniu \u00e0 ONG Plan International, organiza\u00e7\u00e3o global que trabalha para promover os direitos da crian\u00e7a e a igualdade para as meninas. Brasil e Col\u00f4mbia s\u00e3o os mercados impactados na Am\u00e9rica Latina, trazendo continuidade a um trabalho iniciado com a ONG em 2018 na Bol\u00edvia.<\/p>\n\n\n\n<p>No Brasil, a marca apoia o projeto de capacita\u00e7\u00e3o Escola de Lideran\u00e7a para Meninas de Teresina, que inclui, entre outros temas, informa\u00e7\u00f5es sobre autocuidado e sa\u00fade menstrual. Para o Dia da Menstrua\u00e7\u00e3o, foi criada a campanha que visa questionar os estigmas da menstrua\u00e7\u00e3o, na qual mulheres de comunidades da zona rural de Teresina foram convidadas para participar do projeto de capacita\u00e7\u00e3o sobre ciclo menstrual. A iniciativa tem possibilitado que 25 mulheres de tr\u00eas comunidades da zona rural de Teresina recebam apoio educacional e profissional na compra de materiais para confeccionar as pulseiras, com a finalidade de sensibilizar as comunidades sobre o tema e gera\u00e7\u00e3o de renda local, disponibilizados de forma gratuita para mulheres e meninas da localidade.<\/p>\n\n\n\n<p>\u201cQuando apresentamos a menstrua\u00e7\u00e3o como um processo fisiol\u00f3gico, social e tamb\u00e9m como um marcador de sa\u00fade, e n\u00e3o como um marcador do fim da inf\u00e2ncia, percebemos que existe um novo olhar das meninas sobre o pr\u00f3prio corpo. A gente n\u00e3o oferta s\u00f3 uma forma\u00e7\u00e3o em sa\u00fade menstrual, mas falamos de g\u00eanero, de desigualdade, do controle sobre corpos, e partir disso falamos desde o processo fisiol\u00f3gico da menstrua\u00e7\u00e3o at\u00e9 a pobreza menstrual\u201d, afirma Joceline Conrado, facilitadora de projetos na Plan International Brasil.<\/p>\n\n\n\n<p>Intimus e Plan tamb\u00e9m disponibilizaram seus sites (<a href=\"http:\/\/www.intimus.com.br\/\" target=\"_blank\" rel=\"noreferrer noopener\">www.intimus.com.br<\/a>\u00a0e <a href=\"http:\/\/www.plan.org.br\" target=\"_blank\" rel=\"noreferrer noopener\">www.plan.org.br<\/a>) e a cartilha Be-a-b\u00e1 feminino, que traz informa\u00e7\u00f5es sobre todas as fases do ciclo menstrual: menstrua\u00e7\u00e3o, fase folicular, ovula\u00e7\u00e3o e fase l\u00fatea, bem como lidar com as c\u00f3licas e outras dicas sobre o tema.<\/p>\n\n\n\n<p>Al\u00e9m disso, todas as a\u00e7\u00f5es de 2021 est\u00e3o conectadas com o novo movimento da marca, #EuSouUmNovoCiclo, que conta com a gera\u00e7\u00e3o Z para influenciar e ajudar a sociedade a questionar o estigma da menstrua\u00e7\u00e3o e a lidar de forma mais positiva e natural com seu ciclo e seus corpos. O movimento tem acontecido em diversos pa\u00edses da Am\u00e9rica Latina (Argentina, Brasil, Bol\u00edvia, Col\u00f4mbia, Costa Rica, Chile, Guatemala, Honduras, Panam\u00e1, Paraguai, Peru, Trinidad e Tobago e Uruguai).<\/p>\n\n\n\n<p>Entre as a\u00e7\u00f5es que marcaram o movimento #EuSouUmNovoCiclo no Brasil est\u00e3o o manifesto, criado pela ag\u00eancia Ogilvy, e a Casa do Novo Ciclo, evento em formato 100% digital idealizado pela ag\u00eancia PROS e realizado em abril, que contou com um time de oito influenciadoras de diferentes gera\u00e7\u00f5es. A programa\u00e7\u00e3o da casa teve, entre outros temas, um encontro virtual para debater a pobreza menstrual, e contou com a participa\u00e7\u00e3o da atriz e embaixadora da Plan International, Thain\u00e1 Duarte, da influenciadora e ilustradora Nath Ara\u00fajo, de Joceline Silva, Facilitadora de Projetos da ONG Plan International Brasil, e Fernanda Dayan, head de marketing de Intimus no Brasil. Para assistir, acesse<a href=\"https:\/\/www.instagram.com\/tv\/CONqFd7rZum\/?igshid=sin98dktxec6\">\u00a0https:\/\/www.instagram.com\/tv\/CONqFd7rZum\/?igshid=sin98dktxec6<\/a>.<\/p>\n\n\n\n<p><\/p><blockquote class=\"instagram-media\" data-instgrm-captioned data-instgrm-permalink=\"https:\/\/www.instagram.com\/tv\/CONqFd7rZum\/?utm_source=ig_embed&amp;utm_campaign=loading\" data-instgrm-version=\"13\" style=\" background:#FFF; border:0; border-radius:3px; box-shadow:0 0 1px 0 rgba(0,0,0,0.5),0 1px 10px 0 rgba(0,0,0,0.15); margin: 1px; max-width:540px; min-width:326px; padding:0; width:99.375%; width:-webkit-calc(100% - 2px); width:calc(100% - 2px);\"><div style=\"padding:16px;\"> <a href=\"https:\/\/www.instagram.com\/tv\/CONqFd7rZum\/?utm_source=ig_embed&amp;utm_campaign=loading\" style=\" background:#FFFFFF; line-height:0; padding:0 0; text-align:center; text-decoration:none; width:100%;\" target=\"_blank\" rel=\"noopener\"> <div style=\" display: flex; flex-direction: row; align-items: center;\"> <div style=\"background-color: #F4F4F4; border-radius: 50%; flex-grow: 0; height: 40px; margin-right: 14px; width: 40px;\"><\/div> <div style=\"display: flex; flex-direction: column; flex-grow: 1; justify-content: center;\"> <div style=\" background-color: #F4F4F4; border-radius: 4px; flex-grow: 0; height: 14px; margin-bottom: 6px; width: 100px;\"><\/div> <div style=\" background-color: #F4F4F4; border-radius: 4px; flex-grow: 0; height: 14px; width: 60px;\"><\/div><\/div><\/div><div style=\"padding: 19% 0;\"><\/div> <div style=\"display:block; height:50px; margin:0 auto 12px; width:50px;\"><svg width=\"50px\" height=\"50px\" viewBox=\"0 0 60 60\" version=\"1.1\" xmlns=\"https:\/\/www.w3.org\/2000\/svg\" xmlns:xlink=\"https:\/\/www.w3.org\/1999\/xlink\"><g stroke=\"none\" stroke-width=\"1\" fill=\"none\" fill-rule=\"evenodd\"><g transform=\"translate(-511.000000, -20.000000)\" fill=\"#000000\"><g><path d=\"M556.869,30.41 C554.814,30.41 553.148,32.076 553.148,34.131 C553.148,36.186 554.814,37.852 556.869,37.852 C558.924,37.852 560.59,36.186 560.59,34.131 C560.59,32.076 558.924,30.41 556.869,30.41 M541,60.657 C535.114,60.657 530.342,55.887 530.342,50 C530.342,44.114 535.114,39.342 541,39.342 C546.887,39.342 551.658,44.114 551.658,50 C551.658,55.887 546.887,60.657 541,60.657 M541,33.886 C532.1,33.886 524.886,41.1 524.886,50 C524.886,58.899 532.1,66.113 541,66.113 C549.9,66.113 557.115,58.899 557.115,50 C557.115,41.1 549.9,33.886 541,33.886 M565.378,62.101 C565.244,65.022 564.756,66.606 564.346,67.663 C563.803,69.06 563.154,70.057 562.106,71.106 C561.058,72.155 560.06,72.803 558.662,73.347 C557.607,73.757 556.021,74.244 553.102,74.378 C549.944,74.521 548.997,74.552 541,74.552 C533.003,74.552 532.056,74.521 528.898,74.378 C525.979,74.244 524.393,73.757 523.338,73.347 C521.94,72.803 520.942,72.155 519.894,71.106 C518.846,70.057 518.197,69.06 517.654,67.663 C517.244,66.606 516.755,65.022 516.623,62.101 C516.479,58.943 516.448,57.996 516.448,50 C516.448,42.003 516.479,41.056 516.623,37.899 C516.755,34.978 517.244,33.391 517.654,32.338 C518.197,30.938 518.846,29.942 519.894,28.894 C520.942,27.846 521.94,27.196 523.338,26.654 C524.393,26.244 525.979,25.756 528.898,25.623 C532.057,25.479 533.004,25.448 541,25.448 C548.997,25.448 549.943,25.479 553.102,25.623 C556.021,25.756 557.607,26.244 558.662,26.654 C560.06,27.196 561.058,27.846 562.106,28.894 C563.154,29.942 563.803,30.938 564.346,32.338 C564.756,33.391 565.244,34.978 565.378,37.899 C565.522,41.056 565.552,42.003 565.552,50 C565.552,57.996 565.522,58.943 565.378,62.101 M570.82,37.631 C570.674,34.438 570.167,32.258 569.425,30.349 C568.659,28.377 567.633,26.702 565.965,25.035 C564.297,23.368 562.623,22.342 560.652,21.575 C558.743,20.834 556.562,20.326 553.369,20.18 C550.169,20.033 549.148,20 541,20 C532.853,20 531.831,20.033 528.631,20.18 C525.438,20.326 523.257,20.834 521.349,21.575 C519.376,22.342 517.703,23.368 516.035,25.035 C514.368,26.702 513.342,28.377 512.574,30.349 C511.834,32.258 511.326,34.438 511.181,37.631 C511.035,40.831 511,41.851 511,50 C511,58.147 511.035,59.17 511.181,62.369 C511.326,65.562 511.834,67.743 512.574,69.651 C513.342,71.625 514.368,73.296 516.035,74.965 C517.703,76.634 519.376,77.658 521.349,78.425 C523.257,79.167 525.438,79.673 528.631,79.82 C531.831,79.965 532.853,80.001 541,80.001 C549.148,80.001 550.169,79.965 553.369,79.82 C556.562,79.673 558.743,79.167 560.652,78.425 C562.623,77.658 564.297,76.634 565.965,74.965 C567.633,73.296 568.659,71.625 569.425,69.651 C570.167,67.743 570.674,65.562 570.82,62.369 C570.966,59.17 571,58.147 571,50 C571,41.851 570.966,40.831 570.82,37.631\"><\/path><\/g><\/g><\/g><\/svg><\/div><div style=\"padding-top: 8px;\"> <div style=\" color:#3897f0; font-family:Arial,sans-serif; font-size:14px; font-style:normal; font-weight:550; line-height:18px;\"> Ver essa foto no Instagram<\/div><\/div><div style=\"padding: 12.5% 0;\"><\/div> <div style=\"display: flex; flex-direction: row; margin-bottom: 14px; align-items: center;\"><div> <div style=\"background-color: #F4F4F4; border-radius: 50%; height: 12.5px; width: 12.5px; transform: translateX(0px) translateY(7px);\"><\/div> <div style=\"background-color: #F4F4F4; height: 12.5px; transform: rotate(-45deg) translateX(3px) translateY(1px); width: 12.5px; flex-grow: 0; margin-right: 14px; margin-left: 2px;\"><\/div> <div style=\"background-color: #F4F4F4; border-radius: 50%; height: 12.5px; width: 12.5px; transform: translateX(9px) translateY(-18px);\"><\/div><\/div><div style=\"margin-left: 8px;\"> <div style=\" background-color: #F4F4F4; border-radius: 50%; flex-grow: 0; height: 20px; width: 20px;\"><\/div> <div style=\" width: 0; height: 0; border-top: 2px solid transparent; border-left: 6px solid #f4f4f4; border-bottom: 2px solid transparent; transform: translateX(16px) translateY(-4px) rotate(30deg)\"><\/div><\/div><div style=\"margin-left: auto;\"> <div style=\" width: 0px; border-top: 8px solid #F4F4F4; border-right: 8px solid transparent; transform: translateY(16px);\"><\/div> <div style=\" background-color: #F4F4F4; flex-grow: 0; height: 12px; width: 16px; transform: translateY(-4px);\"><\/div> <div style=\" width: 0; height: 0; border-top: 8px solid #F4F4F4; border-left: 8px solid transparent; transform: translateY(-4px) translateX(8px);\"><\/div><\/div><\/div> <div style=\"display: flex; flex-direction: column; flex-grow: 1; justify-content: center; margin-bottom: 24px;\"> <div style=\" background-color: #F4F4F4; border-radius: 4px; flex-grow: 0; height: 14px; margin-bottom: 6px; width: 224px;\"><\/div> <div style=\" background-color: #F4F4F4; border-radius: 4px; flex-grow: 0; height: 14px; width: 144px;\"><\/div><\/div><\/a><p style=\" color:#c9c8cd; font-family:Arial,sans-serif; font-size:14px; line-height:17px; margin-bottom:0; margin-top:8px; overflow:hidden; padding:8px 0 7px; text-align:center; text-overflow:ellipsis; white-space:nowrap;\"><a href=\"https:\/\/www.instagram.com\/tv\/CONqFd7rZum\/?utm_source=ig_embed&amp;utm_campaign=loading\" style=\" color:#c9c8cd; font-family:Arial,sans-serif; font-size:14px; font-style:normal; font-weight:normal; line-height:17px; text-decoration:none;\" target=\"_blank\" rel=\"noopener\">Uma publica\u00e7\u00e3o compartilhada por Intimus Brasil (@intimusoficial)<\/a><\/p><\/div><\/blockquote> <script async src=\"\/\/www.instagram.com\/embed.js\"><\/script>\n\n\n\n<p><\/p>\n\n\n\n<p>Para a Semana da Menstrua\u00e7\u00e3o, influenciadoras da marca far\u00e3o uma s\u00e9rie de conte\u00fados incentivando o debate e o uso e confec\u00e7\u00e3o da pulseira-s\u00edmbolo da data.<\/p>\n\n\n\n<p><strong>COMPROMISSO SOCIAL<\/strong><\/p>\n\n\n\n<p>A fim de combater a situa\u00e7\u00e3o de vulnerabilidade social de meninas e mulheres que n\u00e3o t\u00eam acesso a produtos de higiene \u00edntima, o que acaba afetando a vida delas de diversas maneiras, Intimus tem realizado diversas iniciativas para ajudar a diminuir a pobreza menstrual.<\/p>\n\n\n\n<p>No \u00faltimo ano, a marca, em parceria com a Plan International e a ONG Arca+, realizou a doa\u00e7\u00e3o de 1,8 milh\u00e3o de absorventes e protetores di\u00e1rios e milhares de cartilhas sobre educa\u00e7\u00e3o menstrual para mais de 40 mil mulheres e meninas que vivem em situa\u00e7\u00f5es de vulnerabilidade em comunidades da Bahia, Piau\u00ed, Maranh\u00e3o e S\u00e3o Paulo. Al\u00e9m disso, em parceria com a Cia. da Consulta, a marca distribuiu 2,5 mil vouchers de consultas ginecol\u00f3gicas online e gratuitas para meninas e mulheres dessas regi\u00f5es.<\/p>\n\n\n\n<p>Todas as a\u00e7\u00f5es, incluindo as de 2021, fazem parte da iniciativa global Ela Pode, programa de engajamento que tem como objetivo unificar esfor\u00e7os sociais da marca para contribuir com o questionamento do estigma da menstrua\u00e7\u00e3o e democratizar a educa\u00e7\u00e3o sobre higiene \u00edntima, defendendo as escolhas das mulheres de serem o que quiserem.<\/p>\n","protected":false},"excerpt":{"rendered":"<p>Intimus, marca de cuidados femininos da Kimberly-Clark, vem atuando nos \u00faltimos anos com uma s\u00e9rie de a\u00e7\u00f5es para ajudar a levar informa\u00e7\u00f5es a respeito da menstrua\u00e7\u00e3o, incentivando toda a sociedade a tratar o tema de forma natural para que as mulheres n\u00e3o sejam estigmatizadas por conta do ciclo menstrual. E, seguindo com as iniciativas, pelo [&hellip;]<\/p>\n","protected":false},"author":1,"featured_media":23989,"comment_status":"open","ping_status":"open","sticky":false,"template":"","format":"standard","meta":{"tdm_status":"","tdm_grid_status":"","footnotes":""},"categories":[6],"tags":[65,33,1975,28],"class_list":["post-23988","post","type-post","status-publish","format-standard","has-post-thumbnail","hentry","category-noticias","tag-campanha","tag-estrategia","tag-intimus","tag-marketing"],"yoast_head":"<!-- This site is optimized with the Yoast SEO plugin v27.5 - https:\/\/yoast.com\/product\/yoast-seo-wordpress\/ -->\n<title>Intimus celebra &quot;Dia da Menstrua\u00e7\u00e3o&quot; com poderosas a\u00e7\u00f5es de incentivo a meninas e mulheres - CidadeMarketing<\/title>\n<meta name=\"robots\" content=\"index, follow, max-snippet:-1, max-image-preview:large, max-video-preview:-1\" \/>\n<link rel=\"canonical\" href=\"https:\/\/www.cidademarketing.com.br\/marketing\/2021\/05\/27\/intimus-celebra-dia-da-menstruacao-com-poderosas-acoes-de-incentivo-a-meninas-e-mulheres\/\" \/>\n<meta property=\"og:locale\" content=\"pt_BR\" \/>\n<meta property=\"og:type\" content=\"article\" \/>\n<meta property=\"og:title\" content=\"Intimus celebra &quot;Dia da Menstrua\u00e7\u00e3o&quot; com poderosas a\u00e7\u00f5es de incentivo a meninas e mulheres - CidadeMarketing\" \/>\n<meta property=\"og:description\" content=\"Intimus, marca de cuidados femininos da Kimberly-Clark, vem atuando nos \u00faltimos anos com uma s\u00e9rie de a\u00e7\u00f5es para ajudar a levar informa\u00e7\u00f5es a respeito da menstrua\u00e7\u00e3o, incentivando toda a sociedade a tratar o tema de forma natural para que as mulheres n\u00e3o sejam estigmatizadas por conta do ciclo menstrual. E, seguindo com as iniciativas, pelo [&hellip;]\" \/>\n<meta property=\"og:url\" content=\"https:\/\/www.cidademarketing.com.br\/marketing\/2021\/05\/27\/intimus-celebra-dia-da-menstruacao-com-poderosas-acoes-de-incentivo-a-meninas-e-mulheres\/\" \/>\n<meta property=\"og:site_name\" content=\"CidadeMarketing\" \/>\n<meta property=\"article:publisher\" content=\"https:\/\/www.facebook.com\/portalcidademarketing\" \/>\n<meta property=\"article:author\" content=\"https:\/\/www.facebook.com\/thalesbrandao\" \/>\n<meta property=\"article:published_time\" content=\"2021-05-27T22:54:25+00:00\" \/>\n<meta property=\"article:modified_time\" content=\"2021-05-27T22:54:28+00:00\" \/>\n<meta property=\"og:image\" content=\"https:\/\/www.cidademarketing.com.br\/marketing\/wp-content\/uploads\/2021\/05\/ELM-PLANPpulseiras2.jpeg\" \/>\n\t<meta property=\"og:image:width\" content=\"960\" \/>\n\t<meta property=\"og:image:height\" content=\"1280\" \/>\n\t<meta property=\"og:image:type\" content=\"image\/jpeg\" \/>\n<meta name=\"author\" content=\"Thales Brand\u00e3o\" \/>\n<meta name=\"twitter:card\" content=\"summary_large_image\" \/>\n<meta name=\"twitter:creator\" content=\"@http:\/\/www.twitter.com\/thalesbrandao\" \/>\n<meta name=\"twitter:site\" content=\"@CidadeMarketing\" \/>\n<meta name=\"twitter:label1\" content=\"Escrito por\" \/>\n\t<meta name=\"twitter:data1\" content=\"Thales Brand\u00e3o\" \/>\n\t<meta name=\"twitter:label2\" content=\"Est. tempo de leitura\" \/>\n\t<meta name=\"twitter:data2\" content=\"5 minutos\" \/>\n<script type=\"application\/ld+json\" class=\"yoast-schema-graph\">{\"@context\":\"https:\\\/\\\/schema.org\",\"@graph\":[{\"@type\":\"Article\",\"@id\":\"https:\\\/\\\/www.cidademarketing.com.br\\\/marketing\\\/2021\\\/05\\\/27\\\/intimus-celebra-dia-da-menstruacao-com-poderosas-acoes-de-incentivo-a-meninas-e-mulheres\\\/#article\",\"isPartOf\":{\"@id\":\"https:\\\/\\\/www.cidademarketing.com.br\\\/marketing\\\/2021\\\/05\\\/27\\\/intimus-celebra-dia-da-menstruacao-com-poderosas-acoes-de-incentivo-a-meninas-e-mulheres\\\/\"},\"author\":{\"name\":\"Thales Brand\u00e3o\",\"@id\":\"https:\\\/\\\/www.cidademarketing.com.br\\\/marketing\\\/#\\\/schema\\\/person\\\/02daff9f18bd9378c9e01eb6b2db155f\"},\"headline\":\"Intimus celebra &#8220;Dia da Menstrua\u00e7\u00e3o&#8221; com poderosas a\u00e7\u00f5es de incentivo a meninas e mulheres\",\"datePublished\":\"2021-05-27T22:54:25+00:00\",\"dateModified\":\"2021-05-27T22:54:28+00:00\",\"mainEntityOfPage\":{\"@id\":\"https:\\\/\\\/www.cidademarketing.com.br\\\/marketing\\\/2021\\\/05\\\/27\\\/intimus-celebra-dia-da-menstruacao-com-poderosas-acoes-de-incentivo-a-meninas-e-mulheres\\\/\"},\"wordCount\":1095,\"commentCount\":0,\"publisher\":{\"@id\":\"https:\\\/\\\/www.cidademarketing.com.br\\\/marketing\\\/#organization\"},\"image\":{\"@id\":\"https:\\\/\\\/www.cidademarketing.com.br\\\/marketing\\\/2021\\\/05\\\/27\\\/intimus-celebra-dia-da-menstruacao-com-poderosas-acoes-de-incentivo-a-meninas-e-mulheres\\\/#primaryimage\"},\"thumbnailUrl\":\"https:\\\/\\\/www.cidademarketing.com.br\\\/marketing\\\/wp-content\\\/uploads\\\/2021\\\/05\\\/ELM-PLANPpulseiras2.jpeg\",\"keywords\":[\"campanha\",\"estrat\u00e9gia\",\"Intimus\",\"marketing\"],\"articleSection\":[\"Not\u00edcias\"],\"inLanguage\":\"pt-BR\",\"potentialAction\":[{\"@type\":\"CommentAction\",\"name\":\"Comment\",\"target\":[\"https:\\\/\\\/www.cidademarketing.com.br\\\/marketing\\\/2021\\\/05\\\/27\\\/intimus-celebra-dia-da-menstruacao-com-poderosas-acoes-de-incentivo-a-meninas-e-mulheres\\\/#respond\"]}]},{\"@type\":\"WebPage\",\"@id\":\"https:\\\/\\\/www.cidademarketing.com.br\\\/marketing\\\/2021\\\/05\\\/27\\\/intimus-celebra-dia-da-menstruacao-com-poderosas-acoes-de-incentivo-a-meninas-e-mulheres\\\/\",\"url\":\"https:\\\/\\\/www.cidademarketing.com.br\\\/marketing\\\/2021\\\/05\\\/27\\\/intimus-celebra-dia-da-menstruacao-com-poderosas-acoes-de-incentivo-a-meninas-e-mulheres\\\/\",\"name\":\"Intimus celebra \\\"Dia da Menstrua\u00e7\u00e3o\\\" com poderosas a\u00e7\u00f5es de incentivo a meninas e mulheres - CidadeMarketing\",\"isPartOf\":{\"@id\":\"https:\\\/\\\/www.cidademarketing.com.br\\\/marketing\\\/#website\"},\"primaryImageOfPage\":{\"@id\":\"https:\\\/\\\/www.cidademarketing.com.br\\\/marketing\\\/2021\\\/05\\\/27\\\/intimus-celebra-dia-da-menstruacao-com-poderosas-acoes-de-incentivo-a-meninas-e-mulheres\\\/#primaryimage\"},\"image\":{\"@id\":\"https:\\\/\\\/www.cidademarketing.com.br\\\/marketing\\\/2021\\\/05\\\/27\\\/intimus-celebra-dia-da-menstruacao-com-poderosas-acoes-de-incentivo-a-meninas-e-mulheres\\\/#primaryimage\"},\"thumbnailUrl\":\"https:\\\/\\\/www.cidademarketing.com.br\\\/marketing\\\/wp-content\\\/uploads\\\/2021\\\/05\\\/ELM-PLANPpulseiras2.jpeg\",\"datePublished\":\"2021-05-27T22:54:25+00:00\",\"dateModified\":\"2021-05-27T22:54:28+00:00\",\"breadcrumb\":{\"@id\":\"https:\\\/\\\/www.cidademarketing.com.br\\\/marketing\\\/2021\\\/05\\\/27\\\/intimus-celebra-dia-da-menstruacao-com-poderosas-acoes-de-incentivo-a-meninas-e-mulheres\\\/#breadcrumb\"},\"inLanguage\":\"pt-BR\",\"potentialAction\":[{\"@type\":\"ReadAction\",\"target\":[\"https:\\\/\\\/www.cidademarketing.com.br\\\/marketing\\\/2021\\\/05\\\/27\\\/intimus-celebra-dia-da-menstruacao-com-poderosas-acoes-de-incentivo-a-meninas-e-mulheres\\\/\"]}]},{\"@type\":\"ImageObject\",\"inLanguage\":\"pt-BR\",\"@id\":\"https:\\\/\\\/www.cidademarketing.com.br\\\/marketing\\\/2021\\\/05\\\/27\\\/intimus-celebra-dia-da-menstruacao-com-poderosas-acoes-de-incentivo-a-meninas-e-mulheres\\\/#primaryimage\",\"url\":\"https:\\\/\\\/www.cidademarketing.com.br\\\/marketing\\\/wp-content\\\/uploads\\\/2021\\\/05\\\/ELM-PLANPpulseiras2.jpeg\",\"contentUrl\":\"https:\\\/\\\/www.cidademarketing.com.br\\\/marketing\\\/wp-content\\\/uploads\\\/2021\\\/05\\\/ELM-PLANPpulseiras2.jpeg\",\"width\":960,\"height\":1280,\"caption\":\"Divulga\u00e7\u00e3o\"},{\"@type\":\"BreadcrumbList\",\"@id\":\"https:\\\/\\\/www.cidademarketing.com.br\\\/marketing\\\/2021\\\/05\\\/27\\\/intimus-celebra-dia-da-menstruacao-com-poderosas-acoes-de-incentivo-a-meninas-e-mulheres\\\/#breadcrumb\",\"itemListElement\":[{\"@type\":\"ListItem\",\"position\":1,\"name\":\"In\u00edcio\",\"item\":\"https:\\\/\\\/www.cidademarketing.com.br\\\/marketing\\\/\"},{\"@type\":\"ListItem\",\"position\":2,\"name\":\"Intimus celebra &#8220;Dia da Menstrua\u00e7\u00e3o&#8221; com poderosas a\u00e7\u00f5es de incentivo a meninas e mulheres\"}]},{\"@type\":\"WebSite\",\"@id\":\"https:\\\/\\\/www.cidademarketing.com.br\\\/marketing\\\/#website\",\"url\":\"https:\\\/\\\/www.cidademarketing.com.br\\\/marketing\\\/\",\"name\":\"CidadeMarketing\",\"description\":\"Somos um ve\u00edculo de comunica\u00e7\u00e3o de destaque no Brasil, reconhecido por conte\u00fados nos segmentos de marketing, empreendedorismo e inova\u00e7\u00e3o.\",\"publisher\":{\"@id\":\"https:\\\/\\\/www.cidademarketing.com.br\\\/marketing\\\/#organization\"},\"alternateName\":\"CidadeMarketing\",\"potentialAction\":[{\"@type\":\"SearchAction\",\"target\":{\"@type\":\"EntryPoint\",\"urlTemplate\":\"https:\\\/\\\/www.cidademarketing.com.br\\\/marketing\\\/?s={search_term_string}\"},\"query-input\":{\"@type\":\"PropertyValueSpecification\",\"valueRequired\":true,\"valueName\":\"search_term_string\"}}],\"inLanguage\":\"pt-BR\"},{\"@type\":\"Organization\",\"@id\":\"https:\\\/\\\/www.cidademarketing.com.br\\\/marketing\\\/#organization\",\"name\":\"CidadeMarketing\",\"alternateName\":\"CidadeMarketing\",\"url\":\"https:\\\/\\\/www.cidademarketing.com.br\\\/marketing\\\/\",\"logo\":{\"@type\":\"ImageObject\",\"inLanguage\":\"pt-BR\",\"@id\":\"https:\\\/\\\/www.cidademarketing.com.br\\\/marketing\\\/#\\\/schema\\\/logo\\\/image\\\/\",\"url\":\"https:\\\/\\\/www.cidademarketing.com.br\\\/marketing\\\/wp-content\\\/uploads\\\/2020\\\/01\\\/cidademarketing_marca_mobile.png\",\"contentUrl\":\"https:\\\/\\\/www.cidademarketing.com.br\\\/marketing\\\/wp-content\\\/uploads\\\/2020\\\/01\\\/cidademarketing_marca_mobile.png\",\"width\":230,\"height\":92,\"caption\":\"CidadeMarketing\"},\"image\":{\"@id\":\"https:\\\/\\\/www.cidademarketing.com.br\\\/marketing\\\/#\\\/schema\\\/logo\\\/image\\\/\"},\"sameAs\":[\"https:\\\/\\\/www.facebook.com\\\/portalcidademarketing\",\"https:\\\/\\\/x.com\\\/CidadeMarketing\",\"https:\\\/\\\/www.instagram.com\\\/cidademarketing\\\/\"]},{\"@type\":\"Person\",\"@id\":\"https:\\\/\\\/www.cidademarketing.com.br\\\/marketing\\\/#\\\/schema\\\/person\\\/02daff9f18bd9378c9e01eb6b2db155f\",\"name\":\"Thales Brand\u00e3o\",\"image\":{\"@type\":\"ImageObject\",\"inLanguage\":\"pt-BR\",\"@id\":\"https:\\\/\\\/secure.gravatar.com\\\/avatar\\\/7ca3206950207cc3cb48feec56a8a7898741ab725c368d99d5d7a5a50aab80c6?s=96&d=mm&r=g\",\"url\":\"https:\\\/\\\/secure.gravatar.com\\\/avatar\\\/7ca3206950207cc3cb48feec56a8a7898741ab725c368d99d5d7a5a50aab80c6?s=96&d=mm&r=g\",\"contentUrl\":\"https:\\\/\\\/secure.gravatar.com\\\/avatar\\\/7ca3206950207cc3cb48feec56a8a7898741ab725c368d99d5d7a5a50aab80c6?s=96&d=mm&r=g\",\"caption\":\"Thales Brand\u00e3o\"},\"description\":\"Editor Executivo do Portal CidadeMarketing.com.br &gt; Mestre em Comunica\u00e7\u00e3o e Sociedade pela Universidade Federal de Sergipe. Possui MBA Executivo em Administra\u00e7\u00e3o com \u00eanfase em Marketing pela Funda\u00e7\u00e3o Get\u00falio Vargas - Rio de Janeiro. Consultor, Palestrante e Pesquisador sobre Empreendedorismo, Marketing, Redes Sociais e Neg\u00f3cios Digitais. Professor, Palestrante TedxTalks e Campus Party. Twitter: @ThalesBrandao\",\"sameAs\":[\"http:\\\/\\\/www.mandacaru.com.br\",\"https:\\\/\\\/www.facebook.com\\\/thalesbrandao\",\"http:\\\/\\\/www.instagram.com.br\\\/thalesbrandaoferreira\",\"https:\\\/\\\/www.linkedin.com\\\/in\\\/thales-brand\u00e3o-3948609\\\/\",\"https:\\\/\\\/x.com\\\/http:\\\/\\\/www.twitter.com\\\/thalesbrandao\"],\"url\":\"https:\\\/\\\/www.cidademarketing.com.br\\\/marketing\\\/author\\\/thalesbrandao\\\/\"}]}<\/script>\n<!-- \/ Yoast SEO plugin. -->","yoast_head_json":{"title":"Intimus celebra \"Dia da Menstrua\u00e7\u00e3o\" com poderosas a\u00e7\u00f5es de incentivo a meninas e mulheres - CidadeMarketing","robots":{"index":"index","follow":"follow","max-snippet":"max-snippet:-1","max-image-preview":"max-image-preview:large","max-video-preview":"max-video-preview:-1"},"canonical":"https:\/\/www.cidademarketing.com.br\/marketing\/2021\/05\/27\/intimus-celebra-dia-da-menstruacao-com-poderosas-acoes-de-incentivo-a-meninas-e-mulheres\/","og_locale":"pt_BR","og_type":"article","og_title":"Intimus celebra \"Dia da Menstrua\u00e7\u00e3o\" com poderosas a\u00e7\u00f5es de incentivo a meninas e mulheres - CidadeMarketing","og_description":"Intimus, marca de cuidados femininos da Kimberly-Clark, vem atuando nos \u00faltimos anos com uma s\u00e9rie de a\u00e7\u00f5es para ajudar a levar informa\u00e7\u00f5es a respeito da menstrua\u00e7\u00e3o, incentivando toda a sociedade a tratar o tema de forma natural para que as mulheres n\u00e3o sejam estigmatizadas por conta do ciclo menstrual. E, seguindo com as iniciativas, pelo [&hellip;]","og_url":"https:\/\/www.cidademarketing.com.br\/marketing\/2021\/05\/27\/intimus-celebra-dia-da-menstruacao-com-poderosas-acoes-de-incentivo-a-meninas-e-mulheres\/","og_site_name":"CidadeMarketing","article_publisher":"https:\/\/www.facebook.com\/portalcidademarketing","article_author":"https:\/\/www.facebook.com\/thalesbrandao","article_published_time":"2021-05-27T22:54:25+00:00","article_modified_time":"2021-05-27T22:54:28+00:00","og_image":[{"width":960,"height":1280,"url":"https:\/\/www.cidademarketing.com.br\/marketing\/wp-content\/uploads\/2021\/05\/ELM-PLANPpulseiras2.jpeg","type":"image\/jpeg"}],"author":"Thales Brand\u00e3o","twitter_card":"summary_large_image","twitter_creator":"@http:\/\/www.twitter.com\/thalesbrandao","twitter_site":"@CidadeMarketing","twitter_misc":{"Escrito por":"Thales Brand\u00e3o","Est. tempo de leitura":"5 minutos"},"schema":{"@context":"https:\/\/schema.org","@graph":[{"@type":"Article","@id":"https:\/\/www.cidademarketing.com.br\/marketing\/2021\/05\/27\/intimus-celebra-dia-da-menstruacao-com-poderosas-acoes-de-incentivo-a-meninas-e-mulheres\/#article","isPartOf":{"@id":"https:\/\/www.cidademarketing.com.br\/marketing\/2021\/05\/27\/intimus-celebra-dia-da-menstruacao-com-poderosas-acoes-de-incentivo-a-meninas-e-mulheres\/"},"author":{"name":"Thales Brand\u00e3o","@id":"https:\/\/www.cidademarketing.com.br\/marketing\/#\/schema\/person\/02daff9f18bd9378c9e01eb6b2db155f"},"headline":"Intimus celebra &#8220;Dia da Menstrua\u00e7\u00e3o&#8221; com poderosas a\u00e7\u00f5es de incentivo a meninas e mulheres","datePublished":"2021-05-27T22:54:25+00:00","dateModified":"2021-05-27T22:54:28+00:00","mainEntityOfPage":{"@id":"https:\/\/www.cidademarketing.com.br\/marketing\/2021\/05\/27\/intimus-celebra-dia-da-menstruacao-com-poderosas-acoes-de-incentivo-a-meninas-e-mulheres\/"},"wordCount":1095,"commentCount":0,"publisher":{"@id":"https:\/\/www.cidademarketing.com.br\/marketing\/#organization"},"image":{"@id":"https:\/\/www.cidademarketing.com.br\/marketing\/2021\/05\/27\/intimus-celebra-dia-da-menstruacao-com-poderosas-acoes-de-incentivo-a-meninas-e-mulheres\/#primaryimage"},"thumbnailUrl":"https:\/\/www.cidademarketing.com.br\/marketing\/wp-content\/uploads\/2021\/05\/ELM-PLANPpulseiras2.jpeg","keywords":["campanha","estrat\u00e9gia","Intimus","marketing"],"articleSection":["Not\u00edcias"],"inLanguage":"pt-BR","potentialAction":[{"@type":"CommentAction","name":"Comment","target":["https:\/\/www.cidademarketing.com.br\/marketing\/2021\/05\/27\/intimus-celebra-dia-da-menstruacao-com-poderosas-acoes-de-incentivo-a-meninas-e-mulheres\/#respond"]}]},{"@type":"WebPage","@id":"https:\/\/www.cidademarketing.com.br\/marketing\/2021\/05\/27\/intimus-celebra-dia-da-menstruacao-com-poderosas-acoes-de-incentivo-a-meninas-e-mulheres\/","url":"https:\/\/www.cidademarketing.com.br\/marketing\/2021\/05\/27\/intimus-celebra-dia-da-menstruacao-com-poderosas-acoes-de-incentivo-a-meninas-e-mulheres\/","name":"Intimus celebra \"Dia da Menstrua\u00e7\u00e3o\" com poderosas a\u00e7\u00f5es de incentivo a meninas e mulheres - CidadeMarketing","isPartOf":{"@id":"https:\/\/www.cidademarketing.com.br\/marketing\/#website"},"primaryImageOfPage":{"@id":"https:\/\/www.cidademarketing.com.br\/marketing\/2021\/05\/27\/intimus-celebra-dia-da-menstruacao-com-poderosas-acoes-de-incentivo-a-meninas-e-mulheres\/#primaryimage"},"image":{"@id":"https:\/\/www.cidademarketing.com.br\/marketing\/2021\/05\/27\/intimus-celebra-dia-da-menstruacao-com-poderosas-acoes-de-incentivo-a-meninas-e-mulheres\/#primaryimage"},"thumbnailUrl":"https:\/\/www.cidademarketing.com.br\/marketing\/wp-content\/uploads\/2021\/05\/ELM-PLANPpulseiras2.jpeg","datePublished":"2021-05-27T22:54:25+00:00","dateModified":"2021-05-27T22:54:28+00:00","breadcrumb":{"@id":"https:\/\/www.cidademarketing.com.br\/marketing\/2021\/05\/27\/intimus-celebra-dia-da-menstruacao-com-poderosas-acoes-de-incentivo-a-meninas-e-mulheres\/#breadcrumb"},"inLanguage":"pt-BR","potentialAction":[{"@type":"ReadAction","target":["https:\/\/www.cidademarketing.com.br\/marketing\/2021\/05\/27\/intimus-celebra-dia-da-menstruacao-com-poderosas-acoes-de-incentivo-a-meninas-e-mulheres\/"]}]},{"@type":"ImageObject","inLanguage":"pt-BR","@id":"https:\/\/www.cidademarketing.com.br\/marketing\/2021\/05\/27\/intimus-celebra-dia-da-menstruacao-com-poderosas-acoes-de-incentivo-a-meninas-e-mulheres\/#primaryimage","url":"https:\/\/www.cidademarketing.com.br\/marketing\/wp-content\/uploads\/2021\/05\/ELM-PLANPpulseiras2.jpeg","contentUrl":"https:\/\/www.cidademarketing.com.br\/marketing\/wp-content\/uploads\/2021\/05\/ELM-PLANPpulseiras2.jpeg","width":960,"height":1280,"caption":"Divulga\u00e7\u00e3o"},{"@type":"BreadcrumbList","@id":"https:\/\/www.cidademarketing.com.br\/marketing\/2021\/05\/27\/intimus-celebra-dia-da-menstruacao-com-poderosas-acoes-de-incentivo-a-meninas-e-mulheres\/#breadcrumb","itemListElement":[{"@type":"ListItem","position":1,"name":"In\u00edcio","item":"https:\/\/www.cidademarketing.com.br\/marketing\/"},{"@type":"ListItem","position":2,"name":"Intimus celebra &#8220;Dia da Menstrua\u00e7\u00e3o&#8221; com poderosas a\u00e7\u00f5es de incentivo a meninas e mulheres"}]},{"@type":"WebSite","@id":"https:\/\/www.cidademarketing.com.br\/marketing\/#website","url":"https:\/\/www.cidademarketing.com.br\/marketing\/","name":"CidadeMarketing","description":"Somos um ve\u00edculo de comunica\u00e7\u00e3o de destaque no Brasil, reconhecido por conte\u00fados nos segmentos de marketing, empreendedorismo e inova\u00e7\u00e3o.","publisher":{"@id":"https:\/\/www.cidademarketing.com.br\/marketing\/#organization"},"alternateName":"CidadeMarketing","potentialAction":[{"@type":"SearchAction","target":{"@type":"EntryPoint","urlTemplate":"https:\/\/www.cidademarketing.com.br\/marketing\/?s={search_term_string}"},"query-input":{"@type":"PropertyValueSpecification","valueRequired":true,"valueName":"search_term_string"}}],"inLanguage":"pt-BR"},{"@type":"Organization","@id":"https:\/\/www.cidademarketing.com.br\/marketing\/#organization","name":"CidadeMarketing","alternateName":"CidadeMarketing","url":"https:\/\/www.cidademarketing.com.br\/marketing\/","logo":{"@type":"ImageObject","inLanguage":"pt-BR","@id":"https:\/\/www.cidademarketing.com.br\/marketing\/#\/schema\/logo\/image\/","url":"https:\/\/www.cidademarketing.com.br\/marketing\/wp-content\/uploads\/2020\/01\/cidademarketing_marca_mobile.png","contentUrl":"https:\/\/www.cidademarketing.com.br\/marketing\/wp-content\/uploads\/2020\/01\/cidademarketing_marca_mobile.png","width":230,"height":92,"caption":"CidadeMarketing"},"image":{"@id":"https:\/\/www.cidademarketing.com.br\/marketing\/#\/schema\/logo\/image\/"},"sameAs":["https:\/\/www.facebook.com\/portalcidademarketing","https:\/\/x.com\/CidadeMarketing","https:\/\/www.instagram.com\/cidademarketing\/"]},{"@type":"Person","@id":"https:\/\/www.cidademarketing.com.br\/marketing\/#\/schema\/person\/02daff9f18bd9378c9e01eb6b2db155f","name":"Thales Brand\u00e3o","image":{"@type":"ImageObject","inLanguage":"pt-BR","@id":"https:\/\/secure.gravatar.com\/avatar\/7ca3206950207cc3cb48feec56a8a7898741ab725c368d99d5d7a5a50aab80c6?s=96&d=mm&r=g","url":"https:\/\/secure.gravatar.com\/avatar\/7ca3206950207cc3cb48feec56a8a7898741ab725c368d99d5d7a5a50aab80c6?s=96&d=mm&r=g","contentUrl":"https:\/\/secure.gravatar.com\/avatar\/7ca3206950207cc3cb48feec56a8a7898741ab725c368d99d5d7a5a50aab80c6?s=96&d=mm&r=g","caption":"Thales Brand\u00e3o"},"description":"Editor Executivo do Portal CidadeMarketing.com.br &gt; Mestre em Comunica\u00e7\u00e3o e Sociedade pela Universidade Federal de Sergipe. Possui MBA Executivo em Administra\u00e7\u00e3o com \u00eanfase em Marketing pela Funda\u00e7\u00e3o Get\u00falio Vargas - Rio de Janeiro. Consultor, Palestrante e Pesquisador sobre Empreendedorismo, Marketing, Redes Sociais e Neg\u00f3cios Digitais. Professor, Palestrante TedxTalks e Campus Party. Twitter: @ThalesBrandao","sameAs":["http:\/\/www.mandacaru.com.br","https:\/\/www.facebook.com\/thalesbrandao","http:\/\/www.instagram.com.br\/thalesbrandaoferreira","https:\/\/www.linkedin.com\/in\/thales-brand\u00e3o-3948609\/","https:\/\/x.com\/http:\/\/www.twitter.com\/thalesbrandao"],"url":"https:\/\/www.cidademarketing.com.br\/marketing\/author\/thalesbrandao\/"}]}},"amp_enabled":true,"_links":{"self":[{"href":"https:\/\/www.cidademarketing.com.br\/marketing\/wp-json\/wp\/v2\/posts\/23988","targetHints":{"allow":["GET"]}}],"collection":[{"href":"https:\/\/www.cidademarketing.com.br\/marketing\/wp-json\/wp\/v2\/posts"}],"about":[{"href":"https:\/\/www.cidademarketing.com.br\/marketing\/wp-json\/wp\/v2\/types\/post"}],"author":[{"embeddable":true,"href":"https:\/\/www.cidademarketing.com.br\/marketing\/wp-json\/wp\/v2\/users\/1"}],"replies":[{"embeddable":true,"href":"https:\/\/www.cidademarketing.com.br\/marketing\/wp-json\/wp\/v2\/comments?post=23988"}],"version-history":[{"count":1,"href":"https:\/\/www.cidademarketing.com.br\/marketing\/wp-json\/wp\/v2\/posts\/23988\/revisions"}],"predecessor-version":[{"id":23990,"href":"https:\/\/www.cidademarketing.com.br\/marketing\/wp-json\/wp\/v2\/posts\/23988\/revisions\/23990"}],"wp:featuredmedia":[{"embeddable":true,"href":"https:\/\/www.cidademarketing.com.br\/marketing\/wp-json\/wp\/v2\/media\/23989"}],"wp:attachment":[{"href":"https:\/\/www.cidademarketing.com.br\/marketing\/wp-json\/wp\/v2\/media?parent=23988"}],"wp:term":[{"taxonomy":"category","embeddable":true,"href":"https:\/\/www.cidademarketing.com.br\/marketing\/wp-json\/wp\/v2\/categories?post=23988"},{"taxonomy":"post_tag","embeddable":true,"href":"https:\/\/www.cidademarketing.com.br\/marketing\/wp-json\/wp\/v2\/tags?post=23988"}],"curies":[{"name":"wp","href":"https:\/\/api.w.org\/{rel}","templated":true}]}}