{"id":23956,"date":"2021-05-26T13:09:48","date_gmt":"2021-05-26T16:09:48","guid":{"rendered":"https:\/\/www.cidademarketing.com.br\/marketing\/?p=23956"},"modified":"2021-05-26T13:09:49","modified_gmt":"2021-05-26T16:09:49","slug":"pao-de-acucar-aposta-em-versoes-gourmet-e-em-capsulas-para-especial-de-cafes-de-2021","status":"publish","type":"post","link":"https:\/\/www.cidademarketing.com.br\/marketing\/2021\/05\/26\/pao-de-acucar-aposta-em-versoes-gourmet-e-em-capsulas-para-especial-de-cafes-de-2021\/","title":{"rendered":"P\u00e3o de A\u00e7\u00facar aposta em vers\u00f5es gourmet e em c\u00e1psulas para Especial de Caf\u00e9s de 2021"},"content":{"rendered":"\n<p>O home office e o isolamento social aumentaram o consumo do caf\u00e9 pelos brasileiros. No \u00faltimo ano, o Brasil se tornou o segundo pa\u00eds que que mais consome a bebida, atr\u00e1s somente dos Estados Unidos, conforme dados da Associa\u00e7\u00e3o Brasileira da Ind\u00fastria de Caf\u00e9. E n\u00e3o \u00e9 para menos, j\u00e1 que tradicionalmente o aroma do caf\u00e9 nos remete a bem-estar, seguran\u00e7a e nos mais traz conforto. O P\u00e3o de A\u00e7\u00facar j\u00e1 sabe da paix\u00e3o dos brasileiros por caf\u00e9 e, por isso, at\u00e9 o dia 2 de junho, realiza mais uma edi\u00e7\u00e3o do &#8220;<strong>Especial de Caf\u00e9s<\/strong><strong> <\/strong><strong>&#8211; Do Plantio \u00e0 X\u00edcara&#8221;<\/strong> e convida os consumidores para conhecerem ofertas especiais em produtos selecionados, al\u00e9m de lan\u00e7amentos que passam a compor o sortimento diferenciado da rede de mais de 600 op\u00e7\u00f5es, entre sabores e sensa\u00e7\u00f5es.<\/p>\n\n\n\n<p>&#8220;No \u00faltimo ano, identificamos um aumento de 20% no consumo de caf\u00e9s pelos nossos consumidores. Os caf\u00e9s gourmet e especiais &#8211; aqueles considerados puros com gr\u00e3os 100% ar\u00e1bicas &#8211; cresceram ainda mais 20% em cima deste aumento&#8221;, diz Elizabeth Ponce, gerente de marketing do P\u00e3o de A\u00e7\u00facar. &#8220;Para esta edi\u00e7\u00e3o do Especial de Caf\u00e9s do P\u00e3o de A\u00e7\u00facar, nossa aposta s\u00e3o os caf\u00e9s em capsulas, que al\u00e9m da praticidade, \u00e9 a incr\u00edvel variedade de bebidas e sabores, completa.<\/p>\n\n\n\n<p>Todos os caf\u00e9s em c\u00e1psulas e todos os sol\u00faveis de mesma marca e tipo entram na din\u00e2mica Leve 4 e Pague 3 (exceto Illy). Entre os lan\u00e7amentos, est\u00e1 o caf\u00e9 Pil\u00e3o Cafeteria Italiano 250g (R$ 11,79 para Cliente Mais), que traz um sabor encorpado, amora intenso e moagem m\u00e9dia, para quem gosta de um caf\u00e9 bem equilibrado. A L\u2019OR tamb\u00e9m lan\u00e7a as novas c\u00e1psulas Ultimo, que apresenta um blend intenso com notas de chocolate, torra escurta e aroma marcante, v\u00edvido e fascinante.<\/p>\n\n\n\n<p>Neste ano, a edi\u00e7\u00e3o digital da revista do &#8220;<strong>Especial de Caf\u00e9s &#8211; do Plantio \u00e0 Xicara<\/strong>&#8221; do P\u00e3o de A\u00e7\u00facar traz informa\u00e7\u00f5es sobre todas as etapas que o caf\u00e9 passa antes de chegar a mesa de seus amantes, os diferentes tipos de torras e gr\u00e3os, o caf\u00e9 ao redor do mundo, dicas de harmoniza\u00e7\u00f5es de caf\u00e9s para sobremesas e drinks. <a href=\"https:\/\/ytirexebeisange.i-mpr.com\/link.php?code=bDpodHRwcyUzQSUyRiUyRmZvbGhldG9zLnBhb2RlYWN1Y2FyLmNvbSUyRmVzcGVjaWFpcyUyRmVzcGVjaWFsLWNhZmUlMkZwdWJzJTJGbGlua19zcCUyRmluZGV4Lmh0bWw6Mjk2NDM1NzA4MTp0aGFsZXNicmFuZGFvQGNpZGFkZW1hcmtldGluZy5jb20uYnI6OWU2ZmMx\">Neste link <\/a>, \u00e9 poss\u00edvel acessar a revista que tamb\u00e9m conta com todas as ofertas da edi\u00e7\u00e3o.<\/p>\n\n\n\n<p>Conhe\u00e7a algumas ofertas para <strong>Cliente Mais<\/strong> para o estado de S\u00e3o Paulo:<\/p>\n\n\n\n<p><strong>Caf\u00e9 torrado e mo\u00eddo Do Ponto pouch 250g | Por R$ 7,99<\/strong><\/p>\n\n\n\n<p><strong>Caf\u00e9 Pil\u00e3o Cafeteria Italiano a v\u00e1cuo 500g | Por R$ 11,79<\/strong><\/p>\n\n\n\n<p><strong>Caf\u00e9 torrado e mo\u00eddo Octavio Especial 200g | Por R$ 22,09<\/strong><\/p>\n\n\n\n<p><strong>Caf\u00e9 em gr\u00e3os Wolff WO 250 g | Por R$ 22,09<\/strong><\/p>\n\n\n\n<p><strong><u>C\u00e1psulas para caf\u00e9s | Leve 4 Pague 3<\/u><\/strong><\/p>\n\n\n\n<p><strong>C\u00e1psulas 3 Cora\u00e7\u00f5es Havanna doce de leite | Leve 4 Pague 3 &#8211; a unidade sai por R$ 10,09<\/strong><\/p>\n\n\n\n<p><strong>C\u00e1psulas para caf\u00e9 L&#8217;OR | Leve 4 Pague 3 &#8211; a unidade sai por R$ 16,87<\/strong><\/p>\n\n\n\n<p><strong>C\u00e1psulas Starbucks Nescaf\u00e9 Dolce Gusto | Leve 4 Pague 3 &#8211; a unidade sai por R$ 19,28<\/strong><\/p>\n\n\n\n<p><strong>C\u00e1psulas para caf\u00e9 Qualit\u00e1 50g | Leve 4 Pague 3 &#8211; a unidade sai por R$ 9,74<\/strong><\/p>\n\n\n\n<p><strong>C\u00e1psulas Starbucks Nespresso | Leve 4 Pague 3 &#8211; a unidade sai por R$ 19,28<\/strong><\/p>\n\n\n\n<p><strong>C\u00e1psulas para caf\u00e9 Orfeu | Leve 4 Pague 3 &#8211; a unidade sai por R$ 17,99<\/strong><\/p>\n\n\n\n<p><strong>C\u00e1psulas Nescaf\u00e9 Dolce Gusto| Leve 4 Pague 3 &#8211; a unidade sai por R$ 18,69<\/strong><\/p>\n","protected":false},"excerpt":{"rendered":"<p>O home office e o isolamento social aumentaram o consumo do caf\u00e9 pelos brasileiros. No \u00faltimo ano, o Brasil se tornou o segundo pa\u00eds que que mais consome a bebida, atr\u00e1s somente dos Estados Unidos, conforme dados da Associa\u00e7\u00e3o Brasileira da Ind\u00fastria de Caf\u00e9. E n\u00e3o \u00e9 para menos, j\u00e1 que tradicionalmente o aroma do [&hellip;]<\/p>\n","protected":false},"author":1,"featured_media":15989,"comment_status":"open","ping_status":"open","sticky":false,"template":"","format":"standard","meta":{"tdm_status":"","tdm_grid_status":"","footnotes":""},"categories":[6],"tags":[1746,33,172],"class_list":["post-23956","post","type-post","status-publish","format-standard","has-post-thumbnail","hentry","category-noticias","tag-cafe","tag-estrategia","tag-pao-de-acucar"],"yoast_head":"<!-- This site is optimized with the Yoast SEO plugin v27.5 - https:\/\/yoast.com\/product\/yoast-seo-wordpress\/ -->\n<title>P\u00e3o de A\u00e7\u00facar aposta em vers\u00f5es gourmet e em c\u00e1psulas para Especial de Caf\u00e9s de 2021 - CidadeMarketing<\/title>\n<meta name=\"robots\" content=\"index, follow, max-snippet:-1, max-image-preview:large, max-video-preview:-1\" \/>\n<link rel=\"canonical\" href=\"https:\/\/www.cidademarketing.com.br\/marketing\/2021\/05\/26\/pao-de-acucar-aposta-em-versoes-gourmet-e-em-capsulas-para-especial-de-cafes-de-2021\/\" \/>\n<meta property=\"og:locale\" content=\"pt_BR\" \/>\n<meta property=\"og:type\" content=\"article\" \/>\n<meta property=\"og:title\" content=\"P\u00e3o de A\u00e7\u00facar aposta em vers\u00f5es gourmet e em c\u00e1psulas para Especial de Caf\u00e9s de 2021 - CidadeMarketing\" \/>\n<meta property=\"og:description\" content=\"O home office e o isolamento social aumentaram o consumo do caf\u00e9 pelos brasileiros. No \u00faltimo ano, o Brasil se tornou o segundo pa\u00eds que que mais consome a bebida, atr\u00e1s somente dos Estados Unidos, conforme dados da Associa\u00e7\u00e3o Brasileira da Ind\u00fastria de Caf\u00e9. E n\u00e3o \u00e9 para menos, j\u00e1 que tradicionalmente o aroma do [&hellip;]\" \/>\n<meta property=\"og:url\" content=\"https:\/\/www.cidademarketing.com.br\/marketing\/2021\/05\/26\/pao-de-acucar-aposta-em-versoes-gourmet-e-em-capsulas-para-especial-de-cafes-de-2021\/\" \/>\n<meta property=\"og:site_name\" content=\"CidadeMarketing\" \/>\n<meta property=\"article:publisher\" content=\"https:\/\/www.facebook.com\/portalcidademarketing\" \/>\n<meta property=\"article:author\" content=\"https:\/\/www.facebook.com\/thalesbrandao\" \/>\n<meta property=\"article:published_time\" content=\"2021-05-26T16:09:48+00:00\" \/>\n<meta property=\"article:modified_time\" content=\"2021-05-26T16:09:49+00:00\" \/>\n<meta property=\"og:image\" content=\"https:\/\/www.cidademarketing.com.br\/marketing\/wp-content\/uploads\/2020\/05\/logo_paodeacucar_mascara.jpg\" \/>\n\t<meta property=\"og:image:width\" content=\"863\" \/>\n\t<meta property=\"og:image:height\" content=\"863\" \/>\n\t<meta property=\"og:image:type\" content=\"image\/jpeg\" \/>\n<meta name=\"author\" content=\"Thales Brand\u00e3o\" \/>\n<meta name=\"twitter:card\" content=\"summary_large_image\" \/>\n<meta name=\"twitter:creator\" content=\"@http:\/\/www.twitter.com\/thalesbrandao\" \/>\n<meta name=\"twitter:site\" content=\"@CidadeMarketing\" \/>\n<meta name=\"twitter:label1\" content=\"Escrito por\" \/>\n\t<meta name=\"twitter:data1\" content=\"Thales Brand\u00e3o\" \/>\n\t<meta name=\"twitter:label2\" content=\"Est. tempo de leitura\" \/>\n\t<meta name=\"twitter:data2\" content=\"3 minutos\" \/>\n<script type=\"application\/ld+json\" class=\"yoast-schema-graph\">{\"@context\":\"https:\\\/\\\/schema.org\",\"@graph\":[{\"@type\":\"Article\",\"@id\":\"https:\\\/\\\/www.cidademarketing.com.br\\\/marketing\\\/2021\\\/05\\\/26\\\/pao-de-acucar-aposta-em-versoes-gourmet-e-em-capsulas-para-especial-de-cafes-de-2021\\\/#article\",\"isPartOf\":{\"@id\":\"https:\\\/\\\/www.cidademarketing.com.br\\\/marketing\\\/2021\\\/05\\\/26\\\/pao-de-acucar-aposta-em-versoes-gourmet-e-em-capsulas-para-especial-de-cafes-de-2021\\\/\"},\"author\":{\"name\":\"Thales Brand\u00e3o\",\"@id\":\"https:\\\/\\\/www.cidademarketing.com.br\\\/marketing\\\/#\\\/schema\\\/person\\\/02daff9f18bd9378c9e01eb6b2db155f\"},\"headline\":\"P\u00e3o de A\u00e7\u00facar aposta em vers\u00f5es gourmet e em c\u00e1psulas para Especial de Caf\u00e9s de 2021\",\"datePublished\":\"2021-05-26T16:09:48+00:00\",\"dateModified\":\"2021-05-26T16:09:49+00:00\",\"mainEntityOfPage\":{\"@id\":\"https:\\\/\\\/www.cidademarketing.com.br\\\/marketing\\\/2021\\\/05\\\/26\\\/pao-de-acucar-aposta-em-versoes-gourmet-e-em-capsulas-para-especial-de-cafes-de-2021\\\/\"},\"wordCount\":586,\"commentCount\":0,\"publisher\":{\"@id\":\"https:\\\/\\\/www.cidademarketing.com.br\\\/marketing\\\/#organization\"},\"image\":{\"@id\":\"https:\\\/\\\/www.cidademarketing.com.br\\\/marketing\\\/2021\\\/05\\\/26\\\/pao-de-acucar-aposta-em-versoes-gourmet-e-em-capsulas-para-especial-de-cafes-de-2021\\\/#primaryimage\"},\"thumbnailUrl\":\"https:\\\/\\\/www.cidademarketing.com.br\\\/marketing\\\/wp-content\\\/uploads\\\/2020\\\/05\\\/logo_paodeacucar_mascara.jpg\",\"keywords\":[\"caf\u00e9\",\"estrat\u00e9gia\",\"p\u00e3o de a\u00e7\u00facar\"],\"articleSection\":[\"Not\u00edcias\"],\"inLanguage\":\"pt-BR\",\"potentialAction\":[{\"@type\":\"CommentAction\",\"name\":\"Comment\",\"target\":[\"https:\\\/\\\/www.cidademarketing.com.br\\\/marketing\\\/2021\\\/05\\\/26\\\/pao-de-acucar-aposta-em-versoes-gourmet-e-em-capsulas-para-especial-de-cafes-de-2021\\\/#respond\"]}]},{\"@type\":\"WebPage\",\"@id\":\"https:\\\/\\\/www.cidademarketing.com.br\\\/marketing\\\/2021\\\/05\\\/26\\\/pao-de-acucar-aposta-em-versoes-gourmet-e-em-capsulas-para-especial-de-cafes-de-2021\\\/\",\"url\":\"https:\\\/\\\/www.cidademarketing.com.br\\\/marketing\\\/2021\\\/05\\\/26\\\/pao-de-acucar-aposta-em-versoes-gourmet-e-em-capsulas-para-especial-de-cafes-de-2021\\\/\",\"name\":\"P\u00e3o de A\u00e7\u00facar aposta em vers\u00f5es gourmet e em c\u00e1psulas para Especial de Caf\u00e9s de 2021 - CidadeMarketing\",\"isPartOf\":{\"@id\":\"https:\\\/\\\/www.cidademarketing.com.br\\\/marketing\\\/#website\"},\"primaryImageOfPage\":{\"@id\":\"https:\\\/\\\/www.cidademarketing.com.br\\\/marketing\\\/2021\\\/05\\\/26\\\/pao-de-acucar-aposta-em-versoes-gourmet-e-em-capsulas-para-especial-de-cafes-de-2021\\\/#primaryimage\"},\"image\":{\"@id\":\"https:\\\/\\\/www.cidademarketing.com.br\\\/marketing\\\/2021\\\/05\\\/26\\\/pao-de-acucar-aposta-em-versoes-gourmet-e-em-capsulas-para-especial-de-cafes-de-2021\\\/#primaryimage\"},\"thumbnailUrl\":\"https:\\\/\\\/www.cidademarketing.com.br\\\/marketing\\\/wp-content\\\/uploads\\\/2020\\\/05\\\/logo_paodeacucar_mascara.jpg\",\"datePublished\":\"2021-05-26T16:09:48+00:00\",\"dateModified\":\"2021-05-26T16:09:49+00:00\",\"breadcrumb\":{\"@id\":\"https:\\\/\\\/www.cidademarketing.com.br\\\/marketing\\\/2021\\\/05\\\/26\\\/pao-de-acucar-aposta-em-versoes-gourmet-e-em-capsulas-para-especial-de-cafes-de-2021\\\/#breadcrumb\"},\"inLanguage\":\"pt-BR\",\"potentialAction\":[{\"@type\":\"ReadAction\",\"target\":[\"https:\\\/\\\/www.cidademarketing.com.br\\\/marketing\\\/2021\\\/05\\\/26\\\/pao-de-acucar-aposta-em-versoes-gourmet-e-em-capsulas-para-especial-de-cafes-de-2021\\\/\"]}]},{\"@type\":\"ImageObject\",\"inLanguage\":\"pt-BR\",\"@id\":\"https:\\\/\\\/www.cidademarketing.com.br\\\/marketing\\\/2021\\\/05\\\/26\\\/pao-de-acucar-aposta-em-versoes-gourmet-e-em-capsulas-para-especial-de-cafes-de-2021\\\/#primaryimage\",\"url\":\"https:\\\/\\\/www.cidademarketing.com.br\\\/marketing\\\/wp-content\\\/uploads\\\/2020\\\/05\\\/logo_paodeacucar_mascara.jpg\",\"contentUrl\":\"https:\\\/\\\/www.cidademarketing.com.br\\\/marketing\\\/wp-content\\\/uploads\\\/2020\\\/05\\\/logo_paodeacucar_mascara.jpg\",\"width\":863,\"height\":863},{\"@type\":\"BreadcrumbList\",\"@id\":\"https:\\\/\\\/www.cidademarketing.com.br\\\/marketing\\\/2021\\\/05\\\/26\\\/pao-de-acucar-aposta-em-versoes-gourmet-e-em-capsulas-para-especial-de-cafes-de-2021\\\/#breadcrumb\",\"itemListElement\":[{\"@type\":\"ListItem\",\"position\":1,\"name\":\"In\u00edcio\",\"item\":\"https:\\\/\\\/www.cidademarketing.com.br\\\/marketing\\\/\"},{\"@type\":\"ListItem\",\"position\":2,\"name\":\"P\u00e3o de A\u00e7\u00facar aposta em vers\u00f5es gourmet e em c\u00e1psulas para Especial de Caf\u00e9s de 2021\"}]},{\"@type\":\"WebSite\",\"@id\":\"https:\\\/\\\/www.cidademarketing.com.br\\\/marketing\\\/#website\",\"url\":\"https:\\\/\\\/www.cidademarketing.com.br\\\/marketing\\\/\",\"name\":\"CidadeMarketing\",\"description\":\"Somos um ve\u00edculo de comunica\u00e7\u00e3o de destaque no Brasil, reconhecido por conte\u00fados nos segmentos de marketing, empreendedorismo e inova\u00e7\u00e3o.\",\"publisher\":{\"@id\":\"https:\\\/\\\/www.cidademarketing.com.br\\\/marketing\\\/#organization\"},\"alternateName\":\"CidadeMarketing\",\"potentialAction\":[{\"@type\":\"SearchAction\",\"target\":{\"@type\":\"EntryPoint\",\"urlTemplate\":\"https:\\\/\\\/www.cidademarketing.com.br\\\/marketing\\\/?s={search_term_string}\"},\"query-input\":{\"@type\":\"PropertyValueSpecification\",\"valueRequired\":true,\"valueName\":\"search_term_string\"}}],\"inLanguage\":\"pt-BR\"},{\"@type\":\"Organization\",\"@id\":\"https:\\\/\\\/www.cidademarketing.com.br\\\/marketing\\\/#organization\",\"name\":\"CidadeMarketing\",\"alternateName\":\"CidadeMarketing\",\"url\":\"https:\\\/\\\/www.cidademarketing.com.br\\\/marketing\\\/\",\"logo\":{\"@type\":\"ImageObject\",\"inLanguage\":\"pt-BR\",\"@id\":\"https:\\\/\\\/www.cidademarketing.com.br\\\/marketing\\\/#\\\/schema\\\/logo\\\/image\\\/\",\"url\":\"https:\\\/\\\/www.cidademarketing.com.br\\\/marketing\\\/wp-content\\\/uploads\\\/2020\\\/01\\\/cidademarketing_marca_mobile.png\",\"contentUrl\":\"https:\\\/\\\/www.cidademarketing.com.br\\\/marketing\\\/wp-content\\\/uploads\\\/2020\\\/01\\\/cidademarketing_marca_mobile.png\",\"width\":230,\"height\":92,\"caption\":\"CidadeMarketing\"},\"image\":{\"@id\":\"https:\\\/\\\/www.cidademarketing.com.br\\\/marketing\\\/#\\\/schema\\\/logo\\\/image\\\/\"},\"sameAs\":[\"https:\\\/\\\/www.facebook.com\\\/portalcidademarketing\",\"https:\\\/\\\/x.com\\\/CidadeMarketing\",\"https:\\\/\\\/www.instagram.com\\\/cidademarketing\\\/\"]},{\"@type\":\"Person\",\"@id\":\"https:\\\/\\\/www.cidademarketing.com.br\\\/marketing\\\/#\\\/schema\\\/person\\\/02daff9f18bd9378c9e01eb6b2db155f\",\"name\":\"Thales Brand\u00e3o\",\"image\":{\"@type\":\"ImageObject\",\"inLanguage\":\"pt-BR\",\"@id\":\"https:\\\/\\\/secure.gravatar.com\\\/avatar\\\/7ca3206950207cc3cb48feec56a8a7898741ab725c368d99d5d7a5a50aab80c6?s=96&d=mm&r=g\",\"url\":\"https:\\\/\\\/secure.gravatar.com\\\/avatar\\\/7ca3206950207cc3cb48feec56a8a7898741ab725c368d99d5d7a5a50aab80c6?s=96&d=mm&r=g\",\"contentUrl\":\"https:\\\/\\\/secure.gravatar.com\\\/avatar\\\/7ca3206950207cc3cb48feec56a8a7898741ab725c368d99d5d7a5a50aab80c6?s=96&d=mm&r=g\",\"caption\":\"Thales Brand\u00e3o\"},\"description\":\"Editor Executivo do Portal CidadeMarketing.com.br &gt; Mestre em Comunica\u00e7\u00e3o e Sociedade pela Universidade Federal de Sergipe. Possui MBA Executivo em Administra\u00e7\u00e3o com \u00eanfase em Marketing pela Funda\u00e7\u00e3o Get\u00falio Vargas - Rio de Janeiro. Consultor, Palestrante e Pesquisador sobre Empreendedorismo, Marketing, Redes Sociais e Neg\u00f3cios Digitais. Professor, Palestrante TedxTalks e Campus Party. Twitter: @ThalesBrandao\",\"sameAs\":[\"http:\\\/\\\/www.mandacaru.com.br\",\"https:\\\/\\\/www.facebook.com\\\/thalesbrandao\",\"http:\\\/\\\/www.instagram.com.br\\\/thalesbrandaoferreira\",\"https:\\\/\\\/www.linkedin.com\\\/in\\\/thales-brand\u00e3o-3948609\\\/\",\"https:\\\/\\\/x.com\\\/http:\\\/\\\/www.twitter.com\\\/thalesbrandao\"],\"url\":\"https:\\\/\\\/www.cidademarketing.com.br\\\/marketing\\\/author\\\/thalesbrandao\\\/\"}]}<\/script>\n<!-- \/ Yoast SEO plugin. -->","yoast_head_json":{"title":"P\u00e3o de A\u00e7\u00facar aposta em vers\u00f5es gourmet e em c\u00e1psulas para Especial de Caf\u00e9s de 2021 - CidadeMarketing","robots":{"index":"index","follow":"follow","max-snippet":"max-snippet:-1","max-image-preview":"max-image-preview:large","max-video-preview":"max-video-preview:-1"},"canonical":"https:\/\/www.cidademarketing.com.br\/marketing\/2021\/05\/26\/pao-de-acucar-aposta-em-versoes-gourmet-e-em-capsulas-para-especial-de-cafes-de-2021\/","og_locale":"pt_BR","og_type":"article","og_title":"P\u00e3o de A\u00e7\u00facar aposta em vers\u00f5es gourmet e em c\u00e1psulas para Especial de Caf\u00e9s de 2021 - CidadeMarketing","og_description":"O home office e o isolamento social aumentaram o consumo do caf\u00e9 pelos brasileiros. No \u00faltimo ano, o Brasil se tornou o segundo pa\u00eds que que mais consome a bebida, atr\u00e1s somente dos Estados Unidos, conforme dados da Associa\u00e7\u00e3o Brasileira da Ind\u00fastria de Caf\u00e9. E n\u00e3o \u00e9 para menos, j\u00e1 que tradicionalmente o aroma do [&hellip;]","og_url":"https:\/\/www.cidademarketing.com.br\/marketing\/2021\/05\/26\/pao-de-acucar-aposta-em-versoes-gourmet-e-em-capsulas-para-especial-de-cafes-de-2021\/","og_site_name":"CidadeMarketing","article_publisher":"https:\/\/www.facebook.com\/portalcidademarketing","article_author":"https:\/\/www.facebook.com\/thalesbrandao","article_published_time":"2021-05-26T16:09:48+00:00","article_modified_time":"2021-05-26T16:09:49+00:00","og_image":[{"width":863,"height":863,"url":"https:\/\/www.cidademarketing.com.br\/marketing\/wp-content\/uploads\/2020\/05\/logo_paodeacucar_mascara.jpg","type":"image\/jpeg"}],"author":"Thales Brand\u00e3o","twitter_card":"summary_large_image","twitter_creator":"@http:\/\/www.twitter.com\/thalesbrandao","twitter_site":"@CidadeMarketing","twitter_misc":{"Escrito por":"Thales Brand\u00e3o","Est. tempo de leitura":"3 minutos"},"schema":{"@context":"https:\/\/schema.org","@graph":[{"@type":"Article","@id":"https:\/\/www.cidademarketing.com.br\/marketing\/2021\/05\/26\/pao-de-acucar-aposta-em-versoes-gourmet-e-em-capsulas-para-especial-de-cafes-de-2021\/#article","isPartOf":{"@id":"https:\/\/www.cidademarketing.com.br\/marketing\/2021\/05\/26\/pao-de-acucar-aposta-em-versoes-gourmet-e-em-capsulas-para-especial-de-cafes-de-2021\/"},"author":{"name":"Thales Brand\u00e3o","@id":"https:\/\/www.cidademarketing.com.br\/marketing\/#\/schema\/person\/02daff9f18bd9378c9e01eb6b2db155f"},"headline":"P\u00e3o de A\u00e7\u00facar aposta em vers\u00f5es gourmet e em c\u00e1psulas para Especial de Caf\u00e9s de 2021","datePublished":"2021-05-26T16:09:48+00:00","dateModified":"2021-05-26T16:09:49+00:00","mainEntityOfPage":{"@id":"https:\/\/www.cidademarketing.com.br\/marketing\/2021\/05\/26\/pao-de-acucar-aposta-em-versoes-gourmet-e-em-capsulas-para-especial-de-cafes-de-2021\/"},"wordCount":586,"commentCount":0,"publisher":{"@id":"https:\/\/www.cidademarketing.com.br\/marketing\/#organization"},"image":{"@id":"https:\/\/www.cidademarketing.com.br\/marketing\/2021\/05\/26\/pao-de-acucar-aposta-em-versoes-gourmet-e-em-capsulas-para-especial-de-cafes-de-2021\/#primaryimage"},"thumbnailUrl":"https:\/\/www.cidademarketing.com.br\/marketing\/wp-content\/uploads\/2020\/05\/logo_paodeacucar_mascara.jpg","keywords":["caf\u00e9","estrat\u00e9gia","p\u00e3o de a\u00e7\u00facar"],"articleSection":["Not\u00edcias"],"inLanguage":"pt-BR","potentialAction":[{"@type":"CommentAction","name":"Comment","target":["https:\/\/www.cidademarketing.com.br\/marketing\/2021\/05\/26\/pao-de-acucar-aposta-em-versoes-gourmet-e-em-capsulas-para-especial-de-cafes-de-2021\/#respond"]}]},{"@type":"WebPage","@id":"https:\/\/www.cidademarketing.com.br\/marketing\/2021\/05\/26\/pao-de-acucar-aposta-em-versoes-gourmet-e-em-capsulas-para-especial-de-cafes-de-2021\/","url":"https:\/\/www.cidademarketing.com.br\/marketing\/2021\/05\/26\/pao-de-acucar-aposta-em-versoes-gourmet-e-em-capsulas-para-especial-de-cafes-de-2021\/","name":"P\u00e3o de A\u00e7\u00facar aposta em vers\u00f5es gourmet e em c\u00e1psulas para Especial de Caf\u00e9s de 2021 - CidadeMarketing","isPartOf":{"@id":"https:\/\/www.cidademarketing.com.br\/marketing\/#website"},"primaryImageOfPage":{"@id":"https:\/\/www.cidademarketing.com.br\/marketing\/2021\/05\/26\/pao-de-acucar-aposta-em-versoes-gourmet-e-em-capsulas-para-especial-de-cafes-de-2021\/#primaryimage"},"image":{"@id":"https:\/\/www.cidademarketing.com.br\/marketing\/2021\/05\/26\/pao-de-acucar-aposta-em-versoes-gourmet-e-em-capsulas-para-especial-de-cafes-de-2021\/#primaryimage"},"thumbnailUrl":"https:\/\/www.cidademarketing.com.br\/marketing\/wp-content\/uploads\/2020\/05\/logo_paodeacucar_mascara.jpg","datePublished":"2021-05-26T16:09:48+00:00","dateModified":"2021-05-26T16:09:49+00:00","breadcrumb":{"@id":"https:\/\/www.cidademarketing.com.br\/marketing\/2021\/05\/26\/pao-de-acucar-aposta-em-versoes-gourmet-e-em-capsulas-para-especial-de-cafes-de-2021\/#breadcrumb"},"inLanguage":"pt-BR","potentialAction":[{"@type":"ReadAction","target":["https:\/\/www.cidademarketing.com.br\/marketing\/2021\/05\/26\/pao-de-acucar-aposta-em-versoes-gourmet-e-em-capsulas-para-especial-de-cafes-de-2021\/"]}]},{"@type":"ImageObject","inLanguage":"pt-BR","@id":"https:\/\/www.cidademarketing.com.br\/marketing\/2021\/05\/26\/pao-de-acucar-aposta-em-versoes-gourmet-e-em-capsulas-para-especial-de-cafes-de-2021\/#primaryimage","url":"https:\/\/www.cidademarketing.com.br\/marketing\/wp-content\/uploads\/2020\/05\/logo_paodeacucar_mascara.jpg","contentUrl":"https:\/\/www.cidademarketing.com.br\/marketing\/wp-content\/uploads\/2020\/05\/logo_paodeacucar_mascara.jpg","width":863,"height":863},{"@type":"BreadcrumbList","@id":"https:\/\/www.cidademarketing.com.br\/marketing\/2021\/05\/26\/pao-de-acucar-aposta-em-versoes-gourmet-e-em-capsulas-para-especial-de-cafes-de-2021\/#breadcrumb","itemListElement":[{"@type":"ListItem","position":1,"name":"In\u00edcio","item":"https:\/\/www.cidademarketing.com.br\/marketing\/"},{"@type":"ListItem","position":2,"name":"P\u00e3o de A\u00e7\u00facar aposta em vers\u00f5es gourmet e em c\u00e1psulas para Especial de Caf\u00e9s de 2021"}]},{"@type":"WebSite","@id":"https:\/\/www.cidademarketing.com.br\/marketing\/#website","url":"https:\/\/www.cidademarketing.com.br\/marketing\/","name":"CidadeMarketing","description":"Somos um ve\u00edculo de comunica\u00e7\u00e3o de destaque no Brasil, reconhecido por conte\u00fados nos segmentos de marketing, empreendedorismo e inova\u00e7\u00e3o.","publisher":{"@id":"https:\/\/www.cidademarketing.com.br\/marketing\/#organization"},"alternateName":"CidadeMarketing","potentialAction":[{"@type":"SearchAction","target":{"@type":"EntryPoint","urlTemplate":"https:\/\/www.cidademarketing.com.br\/marketing\/?s={search_term_string}"},"query-input":{"@type":"PropertyValueSpecification","valueRequired":true,"valueName":"search_term_string"}}],"inLanguage":"pt-BR"},{"@type":"Organization","@id":"https:\/\/www.cidademarketing.com.br\/marketing\/#organization","name":"CidadeMarketing","alternateName":"CidadeMarketing","url":"https:\/\/www.cidademarketing.com.br\/marketing\/","logo":{"@type":"ImageObject","inLanguage":"pt-BR","@id":"https:\/\/www.cidademarketing.com.br\/marketing\/#\/schema\/logo\/image\/","url":"https:\/\/www.cidademarketing.com.br\/marketing\/wp-content\/uploads\/2020\/01\/cidademarketing_marca_mobile.png","contentUrl":"https:\/\/www.cidademarketing.com.br\/marketing\/wp-content\/uploads\/2020\/01\/cidademarketing_marca_mobile.png","width":230,"height":92,"caption":"CidadeMarketing"},"image":{"@id":"https:\/\/www.cidademarketing.com.br\/marketing\/#\/schema\/logo\/image\/"},"sameAs":["https:\/\/www.facebook.com\/portalcidademarketing","https:\/\/x.com\/CidadeMarketing","https:\/\/www.instagram.com\/cidademarketing\/"]},{"@type":"Person","@id":"https:\/\/www.cidademarketing.com.br\/marketing\/#\/schema\/person\/02daff9f18bd9378c9e01eb6b2db155f","name":"Thales Brand\u00e3o","image":{"@type":"ImageObject","inLanguage":"pt-BR","@id":"https:\/\/secure.gravatar.com\/avatar\/7ca3206950207cc3cb48feec56a8a7898741ab725c368d99d5d7a5a50aab80c6?s=96&d=mm&r=g","url":"https:\/\/secure.gravatar.com\/avatar\/7ca3206950207cc3cb48feec56a8a7898741ab725c368d99d5d7a5a50aab80c6?s=96&d=mm&r=g","contentUrl":"https:\/\/secure.gravatar.com\/avatar\/7ca3206950207cc3cb48feec56a8a7898741ab725c368d99d5d7a5a50aab80c6?s=96&d=mm&r=g","caption":"Thales Brand\u00e3o"},"description":"Editor Executivo do Portal CidadeMarketing.com.br &gt; Mestre em Comunica\u00e7\u00e3o e Sociedade pela Universidade Federal de Sergipe. Possui MBA Executivo em Administra\u00e7\u00e3o com \u00eanfase em Marketing pela Funda\u00e7\u00e3o Get\u00falio Vargas - Rio de Janeiro. Consultor, Palestrante e Pesquisador sobre Empreendedorismo, Marketing, Redes Sociais e Neg\u00f3cios Digitais. Professor, Palestrante TedxTalks e Campus Party. Twitter: @ThalesBrandao","sameAs":["http:\/\/www.mandacaru.com.br","https:\/\/www.facebook.com\/thalesbrandao","http:\/\/www.instagram.com.br\/thalesbrandaoferreira","https:\/\/www.linkedin.com\/in\/thales-brand\u00e3o-3948609\/","https:\/\/x.com\/http:\/\/www.twitter.com\/thalesbrandao"],"url":"https:\/\/www.cidademarketing.com.br\/marketing\/author\/thalesbrandao\/"}]}},"amp_enabled":true,"_links":{"self":[{"href":"https:\/\/www.cidademarketing.com.br\/marketing\/wp-json\/wp\/v2\/posts\/23956","targetHints":{"allow":["GET"]}}],"collection":[{"href":"https:\/\/www.cidademarketing.com.br\/marketing\/wp-json\/wp\/v2\/posts"}],"about":[{"href":"https:\/\/www.cidademarketing.com.br\/marketing\/wp-json\/wp\/v2\/types\/post"}],"author":[{"embeddable":true,"href":"https:\/\/www.cidademarketing.com.br\/marketing\/wp-json\/wp\/v2\/users\/1"}],"replies":[{"embeddable":true,"href":"https:\/\/www.cidademarketing.com.br\/marketing\/wp-json\/wp\/v2\/comments?post=23956"}],"version-history":[{"count":1,"href":"https:\/\/www.cidademarketing.com.br\/marketing\/wp-json\/wp\/v2\/posts\/23956\/revisions"}],"predecessor-version":[{"id":23957,"href":"https:\/\/www.cidademarketing.com.br\/marketing\/wp-json\/wp\/v2\/posts\/23956\/revisions\/23957"}],"wp:featuredmedia":[{"embeddable":true,"href":"https:\/\/www.cidademarketing.com.br\/marketing\/wp-json\/wp\/v2\/media\/15989"}],"wp:attachment":[{"href":"https:\/\/www.cidademarketing.com.br\/marketing\/wp-json\/wp\/v2\/media?parent=23956"}],"wp:term":[{"taxonomy":"category","embeddable":true,"href":"https:\/\/www.cidademarketing.com.br\/marketing\/wp-json\/wp\/v2\/categories?post=23956"},{"taxonomy":"post_tag","embeddable":true,"href":"https:\/\/www.cidademarketing.com.br\/marketing\/wp-json\/wp\/v2\/tags?post=23956"}],"curies":[{"name":"wp","href":"https:\/\/api.w.org\/{rel}","templated":true}]}}